{"id":39583,"date":"2022-03-22T14:08:04","date_gmt":"2022-03-22T12:08:04","guid":{"rendered":"https:\/\/www.laguiadepamplona.com\/actualidad\/?p=39583"},"modified":"2023-04-11T11:48:23","modified_gmt":"2023-04-11T09:48:23","slug":"el-chalet-de-caparroso-ya-esta-listo-para-acoger-a-17-personas-migrantes-y-refugiadas","status":"publish","type":"post","link":"https:\/\/www.laguiadepamplona.com\/actualidad\/el-chalet-de-caparroso-ya-esta-listo-para-acoger-a-17-personas-migrantes-y-refugiadas\/","title":{"rendered":"El Chalet de Caparroso ya est\u00e1 listo para acoger a 17 personas migrantes y refugiadas"},"content":{"rendered":"<h5>La Comisi\u00f3n de Asuntos Ciudadanos ha visitado hoy las obras de adecuaci\u00f3n, que se han ejecutado en los \u00faltimos cuatro meses<\/h5>\n<p><!--more--><\/p>\n<p>La Comisi\u00f3n de Asuntos Ciudadanos del Ayuntamiento de Pamplona ha visitado hoy las obras realizadas en el Chalet de Caparroso para su adecuaci\u00f3n como vivienda temporal para personas migrantes. La reforma del inmueble, que finaliz\u00f3 la semana pasada, comenz\u00f3 el 24 de noviembre y han tenido un coste de 169.205,04 euros.<\/p>\n<p>A lo largo de este tiempo se han realizado trabajos para adecuar este edificio municipal del a\u00f1o 1900 a los requisitos actuales de salubridad, funcionalidad y seguridad, adem\u00e1s de adaptarlo a los nuevos usos previstos, ya que la \u00faltima restauraci\u00f3n del inmueble fue hace veinte a\u00f1os. Las obras han incluido actuaciones en fachada e interior del inmueble. En las fachadas, se ha procedido a la limpieza exterior y al pintado, as\u00ed como a la sustituci\u00f3n de los cristales de los ventanales y al sellado de todas las carpinter\u00edas.<br \/>\n<script async src=\"\/\/pagead2.googlesyndication.com\/pagead\/js\/adsbygoogle.js\"><\/script><br \/>\n<!-- Noticias La Guia de Pamplona --><br \/>\n<ins class=\"adsbygoogle\"\nstyle=\"display:block\"\ndata-ad-client=\"ca-pub-6943679897239327\"\ndata-ad-slot=\"7048180777\"\ndata-ad-format=\"auto\"><\/ins><br \/>\n<script>\n(adsbygoogle = window.adsbygoogle || []).push({});\n<\/script><\/p>\n<p>Sin embargo, el grueso de los trabajos se ha realizado en el interior del edificio, donde se ha reformado la electricidad, la fontaner\u00eda, el saneamiento y la climatizaci\u00f3n. Si bien se ha mantenido la distribuci\u00f3n existente, se ha hecho especial hincapi\u00e9 en la mejora de la eficiencia energ\u00e9tica. Por un lado, se ha mejorado el aislamiento del edificio mediante la realizaci\u00f3n de un nuevo trasdosado con aislamiento. Por otro, se han instalado aparatos m\u00e1s eficientes. Tambi\u00e9n se ha procedido a la puesta a punto del ascensor con el que contaba el inmueble, de forma que pueda adaptarse completamente a la normativa de accesibilidad. Tras la reforma, el edificio cuenta con dos nuevos cuartos de ba\u00f1o, en la primera y segunda planta, que se suman a los ya existentes, adem\u00e1s de un espacio de lavander\u00eda.<\/p>\n<p>El proyecto y la direcci\u00f3n de obra de esta reforma ha correspondido a la arquitecta Marian D\u00edaz Gallardo y Teide Ingenieros. Las obras las ha realizado la empresa UG Estudio Pamplona S.L.<br \/>\n<script async src=\"\/\/pagead2.googlesyndication.com\/pagead\/js\/adsbygoogle.js\"><\/script><br \/>\n<!-- Noticias La Guia de Pamplona --><br \/>\n<ins class=\"adsbygoogle\"\nstyle=\"display:block\"\ndata-ad-client=\"ca-pub-6943679897239327\"\ndata-ad-slot=\"7048180777\"\ndata-ad-format=\"auto\"><\/ins><br \/>\n<script>\n(adsbygoogle = window.adsbygoogle || []).push({});\n<\/script><\/p>\n<p><strong>Acuerdo con el departamento de Pol\u00edticas Migratorias<\/strong><\/p>\n<p>Una vez finalizadas las obras, el objetivo del Ayuntamiento de Pamplona es suscribir un convenio con el departamento de Pol\u00edticas Migratorias y Justicia del Gobierno de Navarra. A trav\u00e9s de ese convenio, el Consistorio ofrecer\u00e1 el Chalet de Caparroso como vivienda temporal a unidades familiares migrantes que quedan fuera del sistema de protecci\u00f3n estatal y que en la actualidad gestionan Cear y Cruz Roja en Navarra. Se trata de familias a las que se les ha denegado la protecci\u00f3n internacional o que no cumplen los requisitos para entrar al programa de primera acogida del Ministerio o bien que tienen que regularizar su situaci\u00f3n administrativa.<\/p>\n<p>El convenio incluir\u00eda tambi\u00e9n un programa de acompa\u00f1amiento social para que puedan acceder a recursos ordinarios, como paso a alcanzar mayor nivel de autonom\u00eda de las familias.<\/p>\n<p>Desde el Ayuntamiento de Pamplona y las entidades que atienden a estos perfiles, se hab\u00eda detectado la necesidad de viviendas para unidades familiares. Tras las obras de reforma, el Chalet de Caparroso tendr\u00e1 capacidad para 17 personas.<\/p>\n","protected":false},"excerpt":{"rendered":"<p>La Comisi\u00f3n de Asuntos Ciudadanos ha visitado hoy las obras de adecuaci\u00f3n, que se han ejecutado en los \u00faltimos cuatro meses<\/p>\n","protected":false},"author":1,"featured_media":39584,"comment_status":"open","ping_status":"closed","sticky":false,"template":"","format":"standard","meta":{"footnotes":""},"categories":[2],"tags":[],"class_list":["post-39583","post","type-post","status-publish","format-standard","has-post-thumbnail","hentry","category-ayuntamiento-pamplona"],"yoast_head":"<!-- This site is optimized with the Yoast SEO plugin v27.3 - https:\/\/yoast.com\/product\/yoast-seo-wordpress\/ -->\n<title>El Chalet de Caparroso ya est\u00e1 listo para acoger a 17 personas migrantes y refugiadas<\/title>\n<meta name=\"description\" content=\"La Comisi\u00f3n de Asuntos Ciudadanos ha visitado hoy las obras de adecuaci\u00f3n, que se han ejecutado en los \u00faltimos cuatro meses\" \/>\n<meta name=\"robots\" content=\"index, follow, max-snippet:-1, max-image-preview:large, max-video-preview:-1\" \/>\n<link rel=\"canonical\" href=\"https:\/\/www.laguiadepamplona.com\/actualidad\/el-chalet-de-caparroso-ya-esta-listo-para-acoger-a-17-personas-migrantes-y-refugiadas\/\" \/>\n<meta property=\"og:locale\" content=\"es_ES\" \/>\n<meta property=\"og:type\" content=\"article\" \/>\n<meta property=\"og:title\" content=\"El Chalet de Caparroso ya est\u00e1 listo para acoger a 17 personas migrantes y refugiadas\" \/>\n<meta property=\"og:description\" content=\"La Comisi\u00f3n de Asuntos Ciudadanos ha visitado hoy las obras de adecuaci\u00f3n, que se han ejecutado en los \u00faltimos cuatro meses\" \/>\n<meta property=\"og:url\" content=\"https:\/\/www.laguiadepamplona.com\/actualidad\/el-chalet-de-caparroso-ya-esta-listo-para-acoger-a-17-personas-migrantes-y-refugiadas\/\" \/>\n<meta property=\"og:site_name\" content=\"La Gu\u00eda de Pamplona\" \/>\n<meta property=\"article:publisher\" content=\"https:\/\/www.facebook.com\/laguiadepamplonacom-133175176762273\/?ref=hl\" \/>\n<meta property=\"article:published_time\" content=\"2022-03-22T12:08:04+00:00\" \/>\n<meta property=\"article:modified_time\" content=\"2023-04-11T09:48:23+00:00\" \/>\n<meta property=\"og:image\" content=\"https:\/\/www.laguiadepamplona.com\/actualidad\/wp-content\/uploads\/2022\/03\/chalet-caparroso-reforma.jpg\" \/>\n\t<meta property=\"og:image:width\" content=\"1920\" \/>\n\t<meta property=\"og:image:height\" content=\"1281\" \/>\n\t<meta property=\"og:image:type\" content=\"image\/jpeg\" \/>\n<meta name=\"author\" content=\"La Gu\u00eda de Pamplona\" \/>\n<meta name=\"twitter:card\" content=\"summary_large_image\" \/>\n<meta name=\"twitter:creator\" content=\"@LaGuiadPamplona\" \/>\n<meta name=\"twitter:site\" content=\"@LaGuiadPamplona\" \/>\n<meta name=\"twitter:label1\" content=\"Escrito por\" \/>\n\t<meta name=\"twitter:data1\" content=\"La Gu\u00eda de Pamplona\" \/>\n\t<meta name=\"twitter:label2\" content=\"Tiempo de lectura\" \/>\n\t<meta name=\"twitter:data2\" content=\"3 minutos\" \/>\n<script type=\"application\/ld+json\" class=\"yoast-schema-graph\">{\"@context\":\"https:\\\/\\\/schema.org\",\"@graph\":[{\"@type\":\"Article\",\"@id\":\"https:\\\/\\\/www.laguiadepamplona.com\\\/actualidad\\\/el-chalet-de-caparroso-ya-esta-listo-para-acoger-a-17-personas-migrantes-y-refugiadas\\\/#article\",\"isPartOf\":{\"@id\":\"https:\\\/\\\/www.laguiadepamplona.com\\\/actualidad\\\/el-chalet-de-caparroso-ya-esta-listo-para-acoger-a-17-personas-migrantes-y-refugiadas\\\/\"},\"author\":{\"name\":\"La Gu\u00eda de Pamplona\",\"@id\":\"https:\\\/\\\/www.laguiadepamplona.com\\\/actualidad\\\/#\\\/schema\\\/person\\\/efe887376f0213d4657c93adc50b1fdb\"},\"headline\":\"El Chalet de Caparroso ya est\u00e1 listo para acoger a 17 personas migrantes y refugiadas\",\"datePublished\":\"2022-03-22T12:08:04+00:00\",\"dateModified\":\"2023-04-11T09:48:23+00:00\",\"mainEntityOfPage\":{\"@id\":\"https:\\\/\\\/www.laguiadepamplona.com\\\/actualidad\\\/el-chalet-de-caparroso-ya-esta-listo-para-acoger-a-17-personas-migrantes-y-refugiadas\\\/\"},\"wordCount\":545,\"commentCount\":0,\"publisher\":{\"@id\":\"https:\\\/\\\/www.laguiadepamplona.com\\\/actualidad\\\/#organization\"},\"image\":{\"@id\":\"https:\\\/\\\/www.laguiadepamplona.com\\\/actualidad\\\/el-chalet-de-caparroso-ya-esta-listo-para-acoger-a-17-personas-migrantes-y-refugiadas\\\/#primaryimage\"},\"thumbnailUrl\":\"https:\\\/\\\/www.laguiadepamplona.com\\\/actualidad\\\/wp-content\\\/uploads\\\/2022\\\/03\\\/chalet-caparroso-reforma.jpg\",\"articleSection\":[\"Ayto Pamplona\"],\"inLanguage\":\"es\",\"potentialAction\":[{\"@type\":\"CommentAction\",\"name\":\"Comment\",\"target\":[\"https:\\\/\\\/www.laguiadepamplona.com\\\/actualidad\\\/el-chalet-de-caparroso-ya-esta-listo-para-acoger-a-17-personas-migrantes-y-refugiadas\\\/#respond\"]}]},{\"@type\":\"WebPage\",\"@id\":\"https:\\\/\\\/www.laguiadepamplona.com\\\/actualidad\\\/el-chalet-de-caparroso-ya-esta-listo-para-acoger-a-17-personas-migrantes-y-refugiadas\\\/\",\"url\":\"https:\\\/\\\/www.laguiadepamplona.com\\\/actualidad\\\/el-chalet-de-caparroso-ya-esta-listo-para-acoger-a-17-personas-migrantes-y-refugiadas\\\/\",\"name\":\"El Chalet de Caparroso ya est\u00e1 listo para acoger a 17 personas migrantes y refugiadas\",\"isPartOf\":{\"@id\":\"https:\\\/\\\/www.laguiadepamplona.com\\\/actualidad\\\/#website\"},\"primaryImageOfPage\":{\"@id\":\"https:\\\/\\\/www.laguiadepamplona.com\\\/actualidad\\\/el-chalet-de-caparroso-ya-esta-listo-para-acoger-a-17-personas-migrantes-y-refugiadas\\\/#primaryimage\"},\"image\":{\"@id\":\"https:\\\/\\\/www.laguiadepamplona.com\\\/actualidad\\\/el-chalet-de-caparroso-ya-esta-listo-para-acoger-a-17-personas-migrantes-y-refugiadas\\\/#primaryimage\"},\"thumbnailUrl\":\"https:\\\/\\\/www.laguiadepamplona.com\\\/actualidad\\\/wp-content\\\/uploads\\\/2022\\\/03\\\/chalet-caparroso-reforma.jpg\",\"datePublished\":\"2022-03-22T12:08:04+00:00\",\"dateModified\":\"2023-04-11T09:48:23+00:00\",\"description\":\"La Comisi\u00f3n de Asuntos Ciudadanos ha visitado hoy las obras de adecuaci\u00f3n, que se han ejecutado en los \u00faltimos cuatro meses\",\"breadcrumb\":{\"@id\":\"https:\\\/\\\/www.laguiadepamplona.com\\\/actualidad\\\/el-chalet-de-caparroso-ya-esta-listo-para-acoger-a-17-personas-migrantes-y-refugiadas\\\/#breadcrumb\"},\"inLanguage\":\"es\",\"potentialAction\":[{\"@type\":\"ReadAction\",\"target\":[\"https:\\\/\\\/www.laguiadepamplona.com\\\/actualidad\\\/el-chalet-de-caparroso-ya-esta-listo-para-acoger-a-17-personas-migrantes-y-refugiadas\\\/\"]}]},{\"@type\":\"ImageObject\",\"inLanguage\":\"es\",\"@id\":\"https:\\\/\\\/www.laguiadepamplona.com\\\/actualidad\\\/el-chalet-de-caparroso-ya-esta-listo-para-acoger-a-17-personas-migrantes-y-refugiadas\\\/#primaryimage\",\"url\":\"https:\\\/\\\/www.laguiadepamplona.com\\\/actualidad\\\/wp-content\\\/uploads\\\/2022\\\/03\\\/chalet-caparroso-reforma.jpg\",\"contentUrl\":\"https:\\\/\\\/www.laguiadepamplona.com\\\/actualidad\\\/wp-content\\\/uploads\\\/2022\\\/03\\\/chalet-caparroso-reforma.jpg\",\"width\":1920,\"height\":1281},{\"@type\":\"BreadcrumbList\",\"@id\":\"https:\\\/\\\/www.laguiadepamplona.com\\\/actualidad\\\/el-chalet-de-caparroso-ya-esta-listo-para-acoger-a-17-personas-migrantes-y-refugiadas\\\/#breadcrumb\",\"itemListElement\":[{\"@type\":\"ListItem\",\"position\":1,\"name\":\"Portada\",\"item\":\"https:\\\/\\\/www.laguiadepamplona.com\\\/actualidad\\\/\"},{\"@type\":\"ListItem\",\"position\":2,\"name\":\"El Chalet de Caparroso ya est\u00e1 listo para acoger a 17 personas migrantes y refugiadas\"}]},{\"@type\":\"WebSite\",\"@id\":\"https:\\\/\\\/www.laguiadepamplona.com\\\/actualidad\\\/#website\",\"url\":\"https:\\\/\\\/www.laguiadepamplona.com\\\/actualidad\\\/\",\"name\":\"La gu\u00eda de Pamplona\",\"description\":\"Noticias de Pamplona\",\"publisher\":{\"@id\":\"https:\\\/\\\/www.laguiadepamplona.com\\\/actualidad\\\/#organization\"},\"potentialAction\":[{\"@type\":\"SearchAction\",\"target\":{\"@type\":\"EntryPoint\",\"urlTemplate\":\"https:\\\/\\\/www.laguiadepamplona.com\\\/actualidad\\\/?s={search_term_string}\"},\"query-input\":{\"@type\":\"PropertyValueSpecification\",\"valueRequired\":true,\"valueName\":\"search_term_string\"}}],\"inLanguage\":\"es\"},{\"@type\":\"Organization\",\"@id\":\"https:\\\/\\\/www.laguiadepamplona.com\\\/actualidad\\\/#organization\",\"name\":\"La Gu\u00eda de Pamplona \\\/ Noticias\",\"url\":\"https:\\\/\\\/www.laguiadepamplona.com\\\/actualidad\\\/\",\"logo\":{\"@type\":\"ImageObject\",\"inLanguage\":\"es\",\"@id\":\"https:\\\/\\\/www.laguiadepamplona.com\\\/actualidad\\\/#\\\/schema\\\/logo\\\/image\\\/\",\"url\":\"https:\\\/\\\/www.laguiadepamplona.com\\\/actualidad\\\/wp-content\\\/uploads\\\/2018\\\/11\\\/logo-laguiadepamplona18-web1.png\",\"contentUrl\":\"https:\\\/\\\/www.laguiadepamplona.com\\\/actualidad\\\/wp-content\\\/uploads\\\/2018\\\/11\\\/logo-laguiadepamplona18-web1.png\",\"width\":600,\"height\":196,\"caption\":\"La Gu\u00eda de Pamplona \\\/ Noticias\"},\"image\":{\"@id\":\"https:\\\/\\\/www.laguiadepamplona.com\\\/actualidad\\\/#\\\/schema\\\/logo\\\/image\\\/\"},\"sameAs\":[\"https:\\\/\\\/www.facebook.com\\\/laguiadepamplonacom-133175176762273\\\/?ref=hl\",\"https:\\\/\\\/x.com\\\/LaGuiadPamplona\",\"https:\\\/\\\/www.instagram.com\\\/la_guia_de_pamplona\\\/\",\"https:\\\/\\\/www.youtube.com\\\/user\\\/laguiadepamplona\"]},{\"@type\":\"Person\",\"@id\":\"https:\\\/\\\/www.laguiadepamplona.com\\\/actualidad\\\/#\\\/schema\\\/person\\\/efe887376f0213d4657c93adc50b1fdb\",\"name\":\"La Gu\u00eda de Pamplona\",\"image\":{\"@type\":\"ImageObject\",\"inLanguage\":\"es\",\"@id\":\"https:\\\/\\\/secure.gravatar.com\\\/avatar\\\/b6992f131dc8d30ab0dff15446e9d346d9dbd95992de0fef795073f5ea83a81c?s=96&d=mm&r=g\",\"url\":\"https:\\\/\\\/secure.gravatar.com\\\/avatar\\\/b6992f131dc8d30ab0dff15446e9d346d9dbd95992de0fef795073f5ea83a81c?s=96&d=mm&r=g\",\"contentUrl\":\"https:\\\/\\\/secure.gravatar.com\\\/avatar\\\/b6992f131dc8d30ab0dff15446e9d346d9dbd95992de0fef795073f5ea83a81c?s=96&d=mm&r=g\",\"caption\":\"La Gu\u00eda de Pamplona\"}}]}<\/script>\n<!-- \/ Yoast SEO plugin. -->","yoast_head_json":{"title":"El Chalet de Caparroso ya est\u00e1 listo para acoger a 17 personas migrantes y refugiadas","description":"La Comisi\u00f3n de Asuntos Ciudadanos ha visitado hoy las obras de adecuaci\u00f3n, que se han ejecutado en los \u00faltimos cuatro meses","robots":{"index":"index","follow":"follow","max-snippet":"max-snippet:-1","max-image-preview":"max-image-preview:large","max-video-preview":"max-video-preview:-1"},"canonical":"https:\/\/www.laguiadepamplona.com\/actualidad\/el-chalet-de-caparroso-ya-esta-listo-para-acoger-a-17-personas-migrantes-y-refugiadas\/","og_locale":"es_ES","og_type":"article","og_title":"El Chalet de Caparroso ya est\u00e1 listo para acoger a 17 personas migrantes y refugiadas","og_description":"La Comisi\u00f3n de Asuntos Ciudadanos ha visitado hoy las obras de adecuaci\u00f3n, que se han ejecutado en los \u00faltimos cuatro meses","og_url":"https:\/\/www.laguiadepamplona.com\/actualidad\/el-chalet-de-caparroso-ya-esta-listo-para-acoger-a-17-personas-migrantes-y-refugiadas\/","og_site_name":"La Gu\u00eda de Pamplona","article_publisher":"https:\/\/www.facebook.com\/laguiadepamplonacom-133175176762273\/?ref=hl","article_published_time":"2022-03-22T12:08:04+00:00","article_modified_time":"2023-04-11T09:48:23+00:00","og_image":[{"width":1920,"height":1281,"url":"https:\/\/www.laguiadepamplona.com\/actualidad\/wp-content\/uploads\/2022\/03\/chalet-caparroso-reforma.jpg","type":"image\/jpeg"}],"author":"La Gu\u00eda de Pamplona","twitter_card":"summary_large_image","twitter_creator":"@LaGuiadPamplona","twitter_site":"@LaGuiadPamplona","twitter_misc":{"Escrito por":"La Gu\u00eda de Pamplona","Tiempo de lectura":"3 minutos"},"schema":{"@context":"https:\/\/schema.org","@graph":[{"@type":"Article","@id":"https:\/\/www.laguiadepamplona.com\/actualidad\/el-chalet-de-caparroso-ya-esta-listo-para-acoger-a-17-personas-migrantes-y-refugiadas\/#article","isPartOf":{"@id":"https:\/\/www.laguiadepamplona.com\/actualidad\/el-chalet-de-caparroso-ya-esta-listo-para-acoger-a-17-personas-migrantes-y-refugiadas\/"},"author":{"name":"La Gu\u00eda de Pamplona","@id":"https:\/\/www.laguiadepamplona.com\/actualidad\/#\/schema\/person\/efe887376f0213d4657c93adc50b1fdb"},"headline":"El Chalet de Caparroso ya est\u00e1 listo para acoger a 17 personas migrantes y refugiadas","datePublished":"2022-03-22T12:08:04+00:00","dateModified":"2023-04-11T09:48:23+00:00","mainEntityOfPage":{"@id":"https:\/\/www.laguiadepamplona.com\/actualidad\/el-chalet-de-caparroso-ya-esta-listo-para-acoger-a-17-personas-migrantes-y-refugiadas\/"},"wordCount":545,"commentCount":0,"publisher":{"@id":"https:\/\/www.laguiadepamplona.com\/actualidad\/#organization"},"image":{"@id":"https:\/\/www.laguiadepamplona.com\/actualidad\/el-chalet-de-caparroso-ya-esta-listo-para-acoger-a-17-personas-migrantes-y-refugiadas\/#primaryimage"},"thumbnailUrl":"https:\/\/www.laguiadepamplona.com\/actualidad\/wp-content\/uploads\/2022\/03\/chalet-caparroso-reforma.jpg","articleSection":["Ayto Pamplona"],"inLanguage":"es","potentialAction":[{"@type":"CommentAction","name":"Comment","target":["https:\/\/www.laguiadepamplona.com\/actualidad\/el-chalet-de-caparroso-ya-esta-listo-para-acoger-a-17-personas-migrantes-y-refugiadas\/#respond"]}]},{"@type":"WebPage","@id":"https:\/\/www.laguiadepamplona.com\/actualidad\/el-chalet-de-caparroso-ya-esta-listo-para-acoger-a-17-personas-migrantes-y-refugiadas\/","url":"https:\/\/www.laguiadepamplona.com\/actualidad\/el-chalet-de-caparroso-ya-esta-listo-para-acoger-a-17-personas-migrantes-y-refugiadas\/","name":"El Chalet de Caparroso ya est\u00e1 listo para acoger a 17 personas migrantes y refugiadas","isPartOf":{"@id":"https:\/\/www.laguiadepamplona.com\/actualidad\/#website"},"primaryImageOfPage":{"@id":"https:\/\/www.laguiadepamplona.com\/actualidad\/el-chalet-de-caparroso-ya-esta-listo-para-acoger-a-17-personas-migrantes-y-refugiadas\/#primaryimage"},"image":{"@id":"https:\/\/www.laguiadepamplona.com\/actualidad\/el-chalet-de-caparroso-ya-esta-listo-para-acoger-a-17-personas-migrantes-y-refugiadas\/#primaryimage"},"thumbnailUrl":"https:\/\/www.laguiadepamplona.com\/actualidad\/wp-content\/uploads\/2022\/03\/chalet-caparroso-reforma.jpg","datePublished":"2022-03-22T12:08:04+00:00","dateModified":"2023-04-11T09:48:23+00:00","description":"La Comisi\u00f3n de Asuntos Ciudadanos ha visitado hoy las obras de adecuaci\u00f3n, que se han ejecutado en los \u00faltimos cuatro meses","breadcrumb":{"@id":"https:\/\/www.laguiadepamplona.com\/actualidad\/el-chalet-de-caparroso-ya-esta-listo-para-acoger-a-17-personas-migrantes-y-refugiadas\/#breadcrumb"},"inLanguage":"es","potentialAction":[{"@type":"ReadAction","target":["https:\/\/www.laguiadepamplona.com\/actualidad\/el-chalet-de-caparroso-ya-esta-listo-para-acoger-a-17-personas-migrantes-y-refugiadas\/"]}]},{"@type":"ImageObject","inLanguage":"es","@id":"https:\/\/www.laguiadepamplona.com\/actualidad\/el-chalet-de-caparroso-ya-esta-listo-para-acoger-a-17-personas-migrantes-y-refugiadas\/#primaryimage","url":"https:\/\/www.laguiadepamplona.com\/actualidad\/wp-content\/uploads\/2022\/03\/chalet-caparroso-reforma.jpg","contentUrl":"https:\/\/www.laguiadepamplona.com\/actualidad\/wp-content\/uploads\/2022\/03\/chalet-caparroso-reforma.jpg","width":1920,"height":1281},{"@type":"BreadcrumbList","@id":"https:\/\/www.laguiadepamplona.com\/actualidad\/el-chalet-de-caparroso-ya-esta-listo-para-acoger-a-17-personas-migrantes-y-refugiadas\/#breadcrumb","itemListElement":[{"@type":"ListItem","position":1,"name":"Portada","item":"https:\/\/www.laguiadepamplona.com\/actualidad\/"},{"@type":"ListItem","position":2,"name":"El Chalet de Caparroso ya est\u00e1 listo para acoger a 17 personas migrantes y refugiadas"}]},{"@type":"WebSite","@id":"https:\/\/www.laguiadepamplona.com\/actualidad\/#website","url":"https:\/\/www.laguiadepamplona.com\/actualidad\/","name":"La gu\u00eda de Pamplona","description":"Noticias de Pamplona","publisher":{"@id":"https:\/\/www.laguiadepamplona.com\/actualidad\/#organization"},"potentialAction":[{"@type":"SearchAction","target":{"@type":"EntryPoint","urlTemplate":"https:\/\/www.laguiadepamplona.com\/actualidad\/?s={search_term_string}"},"query-input":{"@type":"PropertyValueSpecification","valueRequired":true,"valueName":"search_term_string"}}],"inLanguage":"es"},{"@type":"Organization","@id":"https:\/\/www.laguiadepamplona.com\/actualidad\/#organization","name":"La Gu\u00eda de Pamplona \/ Noticias","url":"https:\/\/www.laguiadepamplona.com\/actualidad\/","logo":{"@type":"ImageObject","inLanguage":"es","@id":"https:\/\/www.laguiadepamplona.com\/actualidad\/#\/schema\/logo\/image\/","url":"https:\/\/www.laguiadepamplona.com\/actualidad\/wp-content\/uploads\/2018\/11\/logo-laguiadepamplona18-web1.png","contentUrl":"https:\/\/www.laguiadepamplona.com\/actualidad\/wp-content\/uploads\/2018\/11\/logo-laguiadepamplona18-web1.png","width":600,"height":196,"caption":"La Gu\u00eda de Pamplona \/ Noticias"},"image":{"@id":"https:\/\/www.laguiadepamplona.com\/actualidad\/#\/schema\/logo\/image\/"},"sameAs":["https:\/\/www.facebook.com\/laguiadepamplonacom-133175176762273\/?ref=hl","https:\/\/x.com\/LaGuiadPamplona","https:\/\/www.instagram.com\/la_guia_de_pamplona\/","https:\/\/www.youtube.com\/user\/laguiadepamplona"]},{"@type":"Person","@id":"https:\/\/www.laguiadepamplona.com\/actualidad\/#\/schema\/person\/efe887376f0213d4657c93adc50b1fdb","name":"La Gu\u00eda de Pamplona","image":{"@type":"ImageObject","inLanguage":"es","@id":"https:\/\/secure.gravatar.com\/avatar\/b6992f131dc8d30ab0dff15446e9d346d9dbd95992de0fef795073f5ea83a81c?s=96&d=mm&r=g","url":"https:\/\/secure.gravatar.com\/avatar\/b6992f131dc8d30ab0dff15446e9d346d9dbd95992de0fef795073f5ea83a81c?s=96&d=mm&r=g","contentUrl":"https:\/\/secure.gravatar.com\/avatar\/b6992f131dc8d30ab0dff15446e9d346d9dbd95992de0fef795073f5ea83a81c?s=96&d=mm&r=g","caption":"La Gu\u00eda de Pamplona"}}]}},"post_mailing_queue_ids":[],"_links":{"self":[{"href":"https:\/\/www.laguiadepamplona.com\/actualidad\/wp-json\/wp\/v2\/posts\/39583","targetHints":{"allow":["GET"]}}],"collection":[{"href":"https:\/\/www.laguiadepamplona.com\/actualidad\/wp-json\/wp\/v2\/posts"}],"about":[{"href":"https:\/\/www.laguiadepamplona.com\/actualidad\/wp-json\/wp\/v2\/types\/post"}],"author":[{"embeddable":true,"href":"https:\/\/www.laguiadepamplona.com\/actualidad\/wp-json\/wp\/v2\/users\/1"}],"replies":[{"embeddable":true,"href":"https:\/\/www.laguiadepamplona.com\/actualidad\/wp-json\/wp\/v2\/comments?post=39583"}],"version-history":[{"count":0,"href":"https:\/\/www.laguiadepamplona.com\/actualidad\/wp-json\/wp\/v2\/posts\/39583\/revisions"}],"wp:featuredmedia":[{"embeddable":true,"href":"https:\/\/www.laguiadepamplona.com\/actualidad\/wp-json\/wp\/v2\/media\/39584"}],"wp:attachment":[{"href":"https:\/\/www.laguiadepamplona.com\/actualidad\/wp-json\/wp\/v2\/media?parent=39583"}],"wp:term":[{"taxonomy":"category","embeddable":true,"href":"https:\/\/www.laguiadepamplona.com\/actualidad\/wp-json\/wp\/v2\/categories?post=39583"},{"taxonomy":"post_tag","embeddable":true,"href":"https:\/\/www.laguiadepamplona.com\/actualidad\/wp-json\/wp\/v2\/tags?post=39583"}],"curies":[{"name":"wp","href":"https:\/\/api.w.org\/{rel}","templated":true}]}}