{"id":39541,"date":"2022-03-22T13:25:21","date_gmt":"2022-03-22T11:25:21","guid":{"rendered":"https:\/\/www.laguiadepamplona.com\/actualidad\/?p=39541"},"modified":"2023-04-11T11:48:23","modified_gmt":"2023-04-11T09:48:23","slug":"los-proyectos-que-quieran-optar-a-los-premios-nacionales-de-energia-se-podran-presentar-hasta-el-28-de-marzo-en-la-agencia-energetica-municipal","status":"publish","type":"post","link":"https:\/\/www.laguiadepamplona.com\/actualidad\/los-proyectos-que-quieran-optar-a-los-premios-nacionales-de-energia-se-podran-presentar-hasta-el-28-de-marzo-en-la-agencia-energetica-municipal\/","title":{"rendered":"Los proyectos que quieran optar a los Premios Nacionales de Energ\u00eda se podr\u00e1n presentar hasta el 28 de marzo en la Agencia Energ\u00e9tica Municipal"},"content":{"rendered":"<h5>La Agencia Energ\u00e9tica forma parte de EnerAgen, asociaci\u00f3n que organiza estos premios que reconocen actuaciones en pro de las energ\u00edas renovables<\/h5>\n<p><!--more--><\/p>\n<p>La asociaci\u00f3n de agencias espa\u00f1ola de gesti\u00f3n de la energ\u00eda, EnerAgen, ha convocado una nueva edici\u00f3n de los Premios Nacionales de Energ\u00eda. La Agencia Energ\u00e9tica del Ayuntamiento de Pamplona forma parte de la asociaci\u00f3n y canalizar\u00e1, hasta el 28 de marzo, la presentaci\u00f3n de los proyectos que concurran a esta convocatoria. Pueden participar personas f\u00edsicas, entidades, colectivos, empresas p\u00fablicas y privadas y comunidades energ\u00e9ticas, que hayan destacado a nivel nacional, auton\u00f3mico o local por su trabajo de fomento de la utilizaci\u00f3n de las energ\u00edas renovables, as\u00ed como el uso racional de la energ\u00eda y la eficiencia energ\u00e9tica<br \/>\n<script async src=\"\/\/pagead2.googlesyndication.com\/pagead\/js\/adsbygoogle.js\"><\/script><br \/>\n<!-- Noticias La Guia de Pamplona --><br \/>\n<ins class=\"adsbygoogle\"\nstyle=\"display:block\"\ndata-ad-client=\"ca-pub-6943679897239327\"\ndata-ad-slot=\"7048180777\"\ndata-ad-format=\"auto\"><\/ins><br \/>\n<script>\n(adsbygoogle = window.adsbygoogle || []).push({});\n<\/script><\/p>\n<p>La principal novedad de este a\u00f1o es la creaci\u00f3n de una nueva categor\u00eda, con un nuevo galard\u00f3n para la mejor actuaci\u00f3n en pro de la transici\u00f3n energ\u00e9tica en materia de Comunidades Energ\u00e9ticas. Este reconocimiento se alinea con una de las estrategias prioritarias para EnerAgen, que ha creado un grupo de trabajo espec\u00edfico en esta materia en el que, adem\u00e1s, la Agencia Energ\u00e9tica Municipal participa activamente. Se mantienen las otras tres categor\u00edas habituales que reconocen la mejor actuaci\u00f3n de mejora energ\u00e9tica en materia de Energ\u00edas Renovables, la mejor actuaci\u00f3n de mejora energ\u00e9tica en materia de Eficiencia Energ\u00e9tica y\/o Movilidad Sostenible y, por \u00faltimo, la mejor actuaci\u00f3n en materia de Sensibilizaci\u00f3n y Difusi\u00f3n de las Energ\u00edas Renovables y\/o la Eficiencia Energ\u00e9tica.<\/p>\n<p>EnerAgen retoma la convocatoria de estos premios tras el par\u00e9ntesis del pasado a\u00f1o, debido a la pandemia. De esta forma, reafirma su apuesta por un modelo energ\u00e9tico eficiente y sostenible, justo y equilibrado, en el que las agencias de energ\u00eda y organismo p\u00fablicos juegan un papel fundamental en los distintos \u00e1mbitos territoriales. Estos premios suponen un reconocimiento p\u00fablico a entidades y organismos con competencias en la gesti\u00f3n, planificaci\u00f3n y ejecuci\u00f3n de las pol\u00edticas energ\u00e9ticas a nivel local, supramunicipal y auton\u00f3mico. Toda la informaci\u00f3n sobre estos premios se pueden consultar en la web <a href=\"https:\/\/www.eneragen.org\/es\/premios-eneragen\/\" target=\"_blank\" rel=\"noopener\">https:\/\/www.eneragen.org\/es\/premios-eneragen\/<\/a>.<br \/>\n<script async src=\"\/\/pagead2.googlesyndication.com\/pagead\/js\/adsbygoogle.js\"><\/script><br \/>\n<!-- Noticias La Guia de Pamplona --><br \/>\n<ins class=\"adsbygoogle\"\nstyle=\"display:block\"\ndata-ad-client=\"ca-pub-6943679897239327\"\ndata-ad-slot=\"7048180777\"\ndata-ad-format=\"auto\"><\/ins><br \/>\n<script>\n(adsbygoogle = window.adsbygoogle || []).push({});\n<\/script><\/p>\n<p><strong>Premio de 1.500 euros en cada categor\u00eda<\/strong><\/p>\n<p>La Agencia Provincial de la Energ\u00eda de C\u00e1diz (APEH) coordina la decimotercera edici\u00f3n de estos premios y ser\u00e1 la anfitriona de la gala de entrega que se celebrar\u00e1 a finales de mayo a principios de junio. Los premios est\u00e1n dotados con 1.500 euros para las propuestas ganadoras de cada una de las categor\u00edas, adem\u00e1s de un diploma acreditativo del reconocimiento. Las propuestas ser\u00e1n evaluadas por un jurado especializado compuesto por representantes de reconocido prestigio de sectores como la pol\u00edtica, la tecnolog\u00eda, la universidad, el periodismo o la empresa, \u00edntimamente relacionados con el \u00e1mbito de la energ\u00eda, as\u00ed como un representante del IDAE (Instituto para la Diversificaci\u00f3n y Ahorro de la Energ\u00eda) y un representante de Red El\u00e9ctrica Espa\u00f1a, empresa patrocinadora de los premios.<\/p>\n<p>EnerAgen est\u00e1 integrada por agencias y organismos p\u00fablicos con competencias en la ejecuci\u00f3n de las pol\u00edticas energ\u00e9ticas, en la gesti\u00f3n energ\u00e9tica y en el fomento de la eficiencia energ\u00e9tica y las energ\u00edas renovables en los distintos \u00e1mbitos territoriales y competenciales. Su principal fin es el de promover y fortalecer el papel de las agencias y organismos p\u00fablicos de energ\u00eda a cualquier nivel, de manera especial en Espa\u00f1a y la Uni\u00f3n Europea, respetando el \u00e1mbito competencial de cada uno de ellos, consiguiendo as\u00ed, la promoci\u00f3n del uso racional de la energ\u00eda, la eficiencia energ\u00e9tica y la diversificaci\u00f3n de fuentes de energ\u00eda, fundamentalmente las renovables. La Agencia Energ\u00e9tica Municipal de Pamplona (AEMPA) es socia de EnerAgen desde 2003.<\/p>\n","protected":false},"excerpt":{"rendered":"<p>La Agencia Energ\u00e9tica forma parte de EnerAgen, asociaci\u00f3n que organiza estos premios que reconocen actuaciones en pro de las energ\u00edas renovables<\/p>\n","protected":false},"author":1,"featured_media":38138,"comment_status":"open","ping_status":"closed","sticky":false,"template":"","format":"standard","meta":{"footnotes":""},"categories":[2],"tags":[],"class_list":["post-39541","post","type-post","status-publish","format-standard","has-post-thumbnail","hentry","category-ayuntamiento-pamplona"],"yoast_head":"<!-- This site is optimized with the Yoast SEO plugin v27.5 - https:\/\/yoast.com\/product\/yoast-seo-wordpress\/ -->\n<title>Los proyectos que quieran optar a los Premios Nacionales de Energ\u00eda se podr\u00e1n presentar hasta el 28 de marzo en la Agencia Energ\u00e9tica Municipal<\/title>\n<meta name=\"description\" content=\"La Agencia Energ\u00e9tica forma parte de EnerAgen, asociaci\u00f3n que organiza estos premios que reconocen actuaciones en pro de las energ\u00edas renovables\" \/>\n<meta name=\"robots\" content=\"index, follow, max-snippet:-1, max-image-preview:large, max-video-preview:-1\" \/>\n<link rel=\"canonical\" href=\"https:\/\/www.laguiadepamplona.com\/actualidad\/los-proyectos-que-quieran-optar-a-los-premios-nacionales-de-energia-se-podran-presentar-hasta-el-28-de-marzo-en-la-agencia-energetica-municipal\/\" \/>\n<meta property=\"og:locale\" content=\"es_ES\" \/>\n<meta property=\"og:type\" content=\"article\" \/>\n<meta property=\"og:title\" content=\"Los proyectos que quieran optar a los Premios Nacionales de Energ\u00eda se podr\u00e1n presentar hasta el 28 de marzo en la Agencia Energ\u00e9tica Municipal\" \/>\n<meta property=\"og:description\" content=\"La Agencia Energ\u00e9tica forma parte de EnerAgen, asociaci\u00f3n que organiza estos premios que reconocen actuaciones en pro de las energ\u00edas renovables\" \/>\n<meta property=\"og:url\" content=\"https:\/\/www.laguiadepamplona.com\/actualidad\/los-proyectos-que-quieran-optar-a-los-premios-nacionales-de-energia-se-podran-presentar-hasta-el-28-de-marzo-en-la-agencia-energetica-municipal\/\" \/>\n<meta property=\"og:site_name\" content=\"La Gu\u00eda de Pamplona\" \/>\n<meta property=\"article:publisher\" content=\"https:\/\/www.facebook.com\/laguiadepamplonacom-133175176762273\/?ref=hl\" \/>\n<meta property=\"article:published_time\" content=\"2022-03-22T11:25:21+00:00\" \/>\n<meta property=\"article:modified_time\" content=\"2023-04-11T09:48:23+00:00\" \/>\n<meta property=\"og:image\" content=\"https:\/\/www.laguiadepamplona.com\/actualidad\/wp-content\/uploads\/2021\/12\/energia-fotovoltaica.jpg\" \/>\n\t<meta property=\"og:image:width\" content=\"870\" \/>\n\t<meta property=\"og:image:height\" content=\"593\" \/>\n\t<meta property=\"og:image:type\" content=\"image\/jpeg\" \/>\n<meta name=\"author\" content=\"La Gu\u00eda de Pamplona\" \/>\n<meta name=\"twitter:card\" content=\"summary_large_image\" \/>\n<meta name=\"twitter:creator\" content=\"@LaGuiadPamplona\" \/>\n<meta name=\"twitter:site\" content=\"@LaGuiadPamplona\" \/>\n<meta name=\"twitter:label1\" content=\"Escrito por\" \/>\n\t<meta name=\"twitter:data1\" content=\"La Gu\u00eda de Pamplona\" \/>\n\t<meta name=\"twitter:label2\" content=\"Tiempo de lectura\" \/>\n\t<meta name=\"twitter:data2\" content=\"3 minutos\" \/>\n<script type=\"application\/ld+json\" class=\"yoast-schema-graph\">{\"@context\":\"https:\\\/\\\/schema.org\",\"@graph\":[{\"@type\":\"Article\",\"@id\":\"https:\\\/\\\/www.laguiadepamplona.com\\\/actualidad\\\/los-proyectos-que-quieran-optar-a-los-premios-nacionales-de-energia-se-podran-presentar-hasta-el-28-de-marzo-en-la-agencia-energetica-municipal\\\/#article\",\"isPartOf\":{\"@id\":\"https:\\\/\\\/www.laguiadepamplona.com\\\/actualidad\\\/los-proyectos-que-quieran-optar-a-los-premios-nacionales-de-energia-se-podran-presentar-hasta-el-28-de-marzo-en-la-agencia-energetica-municipal\\\/\"},\"author\":{\"name\":\"La Gu\u00eda de Pamplona\",\"@id\":\"https:\\\/\\\/www.laguiadepamplona.com\\\/actualidad\\\/#\\\/schema\\\/person\\\/efe887376f0213d4657c93adc50b1fdb\"},\"headline\":\"Los proyectos que quieran optar a los Premios Nacionales de Energ\u00eda se podr\u00e1n presentar hasta el 28 de marzo en la Agencia Energ\u00e9tica Municipal\",\"datePublished\":\"2022-03-22T11:25:21+00:00\",\"dateModified\":\"2023-04-11T09:48:23+00:00\",\"mainEntityOfPage\":{\"@id\":\"https:\\\/\\\/www.laguiadepamplona.com\\\/actualidad\\\/los-proyectos-que-quieran-optar-a-los-premios-nacionales-de-energia-se-podran-presentar-hasta-el-28-de-marzo-en-la-agencia-energetica-municipal\\\/\"},\"wordCount\":694,\"commentCount\":0,\"publisher\":{\"@id\":\"https:\\\/\\\/www.laguiadepamplona.com\\\/actualidad\\\/#organization\"},\"image\":{\"@id\":\"https:\\\/\\\/www.laguiadepamplona.com\\\/actualidad\\\/los-proyectos-que-quieran-optar-a-los-premios-nacionales-de-energia-se-podran-presentar-hasta-el-28-de-marzo-en-la-agencia-energetica-municipal\\\/#primaryimage\"},\"thumbnailUrl\":\"https:\\\/\\\/www.laguiadepamplona.com\\\/actualidad\\\/wp-content\\\/uploads\\\/2021\\\/12\\\/energia-fotovoltaica.jpg\",\"articleSection\":[\"Ayto Pamplona\"],\"inLanguage\":\"es\",\"potentialAction\":[{\"@type\":\"CommentAction\",\"name\":\"Comment\",\"target\":[\"https:\\\/\\\/www.laguiadepamplona.com\\\/actualidad\\\/los-proyectos-que-quieran-optar-a-los-premios-nacionales-de-energia-se-podran-presentar-hasta-el-28-de-marzo-en-la-agencia-energetica-municipal\\\/#respond\"]}]},{\"@type\":\"WebPage\",\"@id\":\"https:\\\/\\\/www.laguiadepamplona.com\\\/actualidad\\\/los-proyectos-que-quieran-optar-a-los-premios-nacionales-de-energia-se-podran-presentar-hasta-el-28-de-marzo-en-la-agencia-energetica-municipal\\\/\",\"url\":\"https:\\\/\\\/www.laguiadepamplona.com\\\/actualidad\\\/los-proyectos-que-quieran-optar-a-los-premios-nacionales-de-energia-se-podran-presentar-hasta-el-28-de-marzo-en-la-agencia-energetica-municipal\\\/\",\"name\":\"Los proyectos que quieran optar a los Premios Nacionales de Energ\u00eda se podr\u00e1n presentar hasta el 28 de marzo en la Agencia Energ\u00e9tica Municipal\",\"isPartOf\":{\"@id\":\"https:\\\/\\\/www.laguiadepamplona.com\\\/actualidad\\\/#website\"},\"primaryImageOfPage\":{\"@id\":\"https:\\\/\\\/www.laguiadepamplona.com\\\/actualidad\\\/los-proyectos-que-quieran-optar-a-los-premios-nacionales-de-energia-se-podran-presentar-hasta-el-28-de-marzo-en-la-agencia-energetica-municipal\\\/#primaryimage\"},\"image\":{\"@id\":\"https:\\\/\\\/www.laguiadepamplona.com\\\/actualidad\\\/los-proyectos-que-quieran-optar-a-los-premios-nacionales-de-energia-se-podran-presentar-hasta-el-28-de-marzo-en-la-agencia-energetica-municipal\\\/#primaryimage\"},\"thumbnailUrl\":\"https:\\\/\\\/www.laguiadepamplona.com\\\/actualidad\\\/wp-content\\\/uploads\\\/2021\\\/12\\\/energia-fotovoltaica.jpg\",\"datePublished\":\"2022-03-22T11:25:21+00:00\",\"dateModified\":\"2023-04-11T09:48:23+00:00\",\"description\":\"La Agencia Energ\u00e9tica forma parte de EnerAgen, asociaci\u00f3n que organiza estos premios que reconocen actuaciones en pro de las energ\u00edas renovables\",\"breadcrumb\":{\"@id\":\"https:\\\/\\\/www.laguiadepamplona.com\\\/actualidad\\\/los-proyectos-que-quieran-optar-a-los-premios-nacionales-de-energia-se-podran-presentar-hasta-el-28-de-marzo-en-la-agencia-energetica-municipal\\\/#breadcrumb\"},\"inLanguage\":\"es\",\"potentialAction\":[{\"@type\":\"ReadAction\",\"target\":[\"https:\\\/\\\/www.laguiadepamplona.com\\\/actualidad\\\/los-proyectos-que-quieran-optar-a-los-premios-nacionales-de-energia-se-podran-presentar-hasta-el-28-de-marzo-en-la-agencia-energetica-municipal\\\/\"]}]},{\"@type\":\"ImageObject\",\"inLanguage\":\"es\",\"@id\":\"https:\\\/\\\/www.laguiadepamplona.com\\\/actualidad\\\/los-proyectos-que-quieran-optar-a-los-premios-nacionales-de-energia-se-podran-presentar-hasta-el-28-de-marzo-en-la-agencia-energetica-municipal\\\/#primaryimage\",\"url\":\"https:\\\/\\\/www.laguiadepamplona.com\\\/actualidad\\\/wp-content\\\/uploads\\\/2021\\\/12\\\/energia-fotovoltaica.jpg\",\"contentUrl\":\"https:\\\/\\\/www.laguiadepamplona.com\\\/actualidad\\\/wp-content\\\/uploads\\\/2021\\\/12\\\/energia-fotovoltaica.jpg\",\"width\":870,\"height\":593},{\"@type\":\"BreadcrumbList\",\"@id\":\"https:\\\/\\\/www.laguiadepamplona.com\\\/actualidad\\\/los-proyectos-que-quieran-optar-a-los-premios-nacionales-de-energia-se-podran-presentar-hasta-el-28-de-marzo-en-la-agencia-energetica-municipal\\\/#breadcrumb\",\"itemListElement\":[{\"@type\":\"ListItem\",\"position\":1,\"name\":\"Portada\",\"item\":\"https:\\\/\\\/www.laguiadepamplona.com\\\/actualidad\\\/\"},{\"@type\":\"ListItem\",\"position\":2,\"name\":\"Los proyectos que quieran optar a los Premios Nacionales de Energ\u00eda se podr\u00e1n presentar hasta el 28 de marzo en la Agencia Energ\u00e9tica Municipal\"}]},{\"@type\":\"WebSite\",\"@id\":\"https:\\\/\\\/www.laguiadepamplona.com\\\/actualidad\\\/#website\",\"url\":\"https:\\\/\\\/www.laguiadepamplona.com\\\/actualidad\\\/\",\"name\":\"La gu\u00eda de Pamplona\",\"description\":\"Noticias de Pamplona\",\"publisher\":{\"@id\":\"https:\\\/\\\/www.laguiadepamplona.com\\\/actualidad\\\/#organization\"},\"potentialAction\":[{\"@type\":\"SearchAction\",\"target\":{\"@type\":\"EntryPoint\",\"urlTemplate\":\"https:\\\/\\\/www.laguiadepamplona.com\\\/actualidad\\\/?s={search_term_string}\"},\"query-input\":{\"@type\":\"PropertyValueSpecification\",\"valueRequired\":true,\"valueName\":\"search_term_string\"}}],\"inLanguage\":\"es\"},{\"@type\":\"Organization\",\"@id\":\"https:\\\/\\\/www.laguiadepamplona.com\\\/actualidad\\\/#organization\",\"name\":\"La Gu\u00eda de Pamplona \\\/ Noticias\",\"url\":\"https:\\\/\\\/www.laguiadepamplona.com\\\/actualidad\\\/\",\"logo\":{\"@type\":\"ImageObject\",\"inLanguage\":\"es\",\"@id\":\"https:\\\/\\\/www.laguiadepamplona.com\\\/actualidad\\\/#\\\/schema\\\/logo\\\/image\\\/\",\"url\":\"https:\\\/\\\/www.laguiadepamplona.com\\\/actualidad\\\/wp-content\\\/uploads\\\/2018\\\/11\\\/logo-laguiadepamplona18-web1.png\",\"contentUrl\":\"https:\\\/\\\/www.laguiadepamplona.com\\\/actualidad\\\/wp-content\\\/uploads\\\/2018\\\/11\\\/logo-laguiadepamplona18-web1.png\",\"width\":600,\"height\":196,\"caption\":\"La Gu\u00eda de Pamplona \\\/ Noticias\"},\"image\":{\"@id\":\"https:\\\/\\\/www.laguiadepamplona.com\\\/actualidad\\\/#\\\/schema\\\/logo\\\/image\\\/\"},\"sameAs\":[\"https:\\\/\\\/www.facebook.com\\\/laguiadepamplonacom-133175176762273\\\/?ref=hl\",\"https:\\\/\\\/x.com\\\/LaGuiadPamplona\",\"https:\\\/\\\/www.instagram.com\\\/la_guia_de_pamplona\\\/\",\"https:\\\/\\\/www.youtube.com\\\/user\\\/laguiadepamplona\"]},{\"@type\":\"Person\",\"@id\":\"https:\\\/\\\/www.laguiadepamplona.com\\\/actualidad\\\/#\\\/schema\\\/person\\\/efe887376f0213d4657c93adc50b1fdb\",\"name\":\"La Gu\u00eda de Pamplona\",\"image\":{\"@type\":\"ImageObject\",\"inLanguage\":\"es\",\"@id\":\"https:\\\/\\\/secure.gravatar.com\\\/avatar\\\/b6992f131dc8d30ab0dff15446e9d346d9dbd95992de0fef795073f5ea83a81c?s=96&d=mm&r=g\",\"url\":\"https:\\\/\\\/secure.gravatar.com\\\/avatar\\\/b6992f131dc8d30ab0dff15446e9d346d9dbd95992de0fef795073f5ea83a81c?s=96&d=mm&r=g\",\"contentUrl\":\"https:\\\/\\\/secure.gravatar.com\\\/avatar\\\/b6992f131dc8d30ab0dff15446e9d346d9dbd95992de0fef795073f5ea83a81c?s=96&d=mm&r=g\",\"caption\":\"La Gu\u00eda de Pamplona\"}}]}<\/script>\n<!-- \/ Yoast SEO plugin. -->","yoast_head_json":{"title":"Los proyectos que quieran optar a los Premios Nacionales de Energ\u00eda se podr\u00e1n presentar hasta el 28 de marzo en la Agencia Energ\u00e9tica Municipal","description":"La Agencia Energ\u00e9tica forma parte de EnerAgen, asociaci\u00f3n que organiza estos premios que reconocen actuaciones en pro de las energ\u00edas renovables","robots":{"index":"index","follow":"follow","max-snippet":"max-snippet:-1","max-image-preview":"max-image-preview:large","max-video-preview":"max-video-preview:-1"},"canonical":"https:\/\/www.laguiadepamplona.com\/actualidad\/los-proyectos-que-quieran-optar-a-los-premios-nacionales-de-energia-se-podran-presentar-hasta-el-28-de-marzo-en-la-agencia-energetica-municipal\/","og_locale":"es_ES","og_type":"article","og_title":"Los proyectos que quieran optar a los Premios Nacionales de Energ\u00eda se podr\u00e1n presentar hasta el 28 de marzo en la Agencia Energ\u00e9tica Municipal","og_description":"La Agencia Energ\u00e9tica forma parte de EnerAgen, asociaci\u00f3n que organiza estos premios que reconocen actuaciones en pro de las energ\u00edas renovables","og_url":"https:\/\/www.laguiadepamplona.com\/actualidad\/los-proyectos-que-quieran-optar-a-los-premios-nacionales-de-energia-se-podran-presentar-hasta-el-28-de-marzo-en-la-agencia-energetica-municipal\/","og_site_name":"La Gu\u00eda de Pamplona","article_publisher":"https:\/\/www.facebook.com\/laguiadepamplonacom-133175176762273\/?ref=hl","article_published_time":"2022-03-22T11:25:21+00:00","article_modified_time":"2023-04-11T09:48:23+00:00","og_image":[{"width":870,"height":593,"url":"https:\/\/www.laguiadepamplona.com\/actualidad\/wp-content\/uploads\/2021\/12\/energia-fotovoltaica.jpg","type":"image\/jpeg"}],"author":"La Gu\u00eda de Pamplona","twitter_card":"summary_large_image","twitter_creator":"@LaGuiadPamplona","twitter_site":"@LaGuiadPamplona","twitter_misc":{"Escrito por":"La Gu\u00eda de Pamplona","Tiempo de lectura":"3 minutos"},"schema":{"@context":"https:\/\/schema.org","@graph":[{"@type":"Article","@id":"https:\/\/www.laguiadepamplona.com\/actualidad\/los-proyectos-que-quieran-optar-a-los-premios-nacionales-de-energia-se-podran-presentar-hasta-el-28-de-marzo-en-la-agencia-energetica-municipal\/#article","isPartOf":{"@id":"https:\/\/www.laguiadepamplona.com\/actualidad\/los-proyectos-que-quieran-optar-a-los-premios-nacionales-de-energia-se-podran-presentar-hasta-el-28-de-marzo-en-la-agencia-energetica-municipal\/"},"author":{"name":"La Gu\u00eda de Pamplona","@id":"https:\/\/www.laguiadepamplona.com\/actualidad\/#\/schema\/person\/efe887376f0213d4657c93adc50b1fdb"},"headline":"Los proyectos que quieran optar a los Premios Nacionales de Energ\u00eda se podr\u00e1n presentar hasta el 28 de marzo en la Agencia Energ\u00e9tica Municipal","datePublished":"2022-03-22T11:25:21+00:00","dateModified":"2023-04-11T09:48:23+00:00","mainEntityOfPage":{"@id":"https:\/\/www.laguiadepamplona.com\/actualidad\/los-proyectos-que-quieran-optar-a-los-premios-nacionales-de-energia-se-podran-presentar-hasta-el-28-de-marzo-en-la-agencia-energetica-municipal\/"},"wordCount":694,"commentCount":0,"publisher":{"@id":"https:\/\/www.laguiadepamplona.com\/actualidad\/#organization"},"image":{"@id":"https:\/\/www.laguiadepamplona.com\/actualidad\/los-proyectos-que-quieran-optar-a-los-premios-nacionales-de-energia-se-podran-presentar-hasta-el-28-de-marzo-en-la-agencia-energetica-municipal\/#primaryimage"},"thumbnailUrl":"https:\/\/www.laguiadepamplona.com\/actualidad\/wp-content\/uploads\/2021\/12\/energia-fotovoltaica.jpg","articleSection":["Ayto Pamplona"],"inLanguage":"es","potentialAction":[{"@type":"CommentAction","name":"Comment","target":["https:\/\/www.laguiadepamplona.com\/actualidad\/los-proyectos-que-quieran-optar-a-los-premios-nacionales-de-energia-se-podran-presentar-hasta-el-28-de-marzo-en-la-agencia-energetica-municipal\/#respond"]}]},{"@type":"WebPage","@id":"https:\/\/www.laguiadepamplona.com\/actualidad\/los-proyectos-que-quieran-optar-a-los-premios-nacionales-de-energia-se-podran-presentar-hasta-el-28-de-marzo-en-la-agencia-energetica-municipal\/","url":"https:\/\/www.laguiadepamplona.com\/actualidad\/los-proyectos-que-quieran-optar-a-los-premios-nacionales-de-energia-se-podran-presentar-hasta-el-28-de-marzo-en-la-agencia-energetica-municipal\/","name":"Los proyectos que quieran optar a los Premios Nacionales de Energ\u00eda se podr\u00e1n presentar hasta el 28 de marzo en la Agencia Energ\u00e9tica Municipal","isPartOf":{"@id":"https:\/\/www.laguiadepamplona.com\/actualidad\/#website"},"primaryImageOfPage":{"@id":"https:\/\/www.laguiadepamplona.com\/actualidad\/los-proyectos-que-quieran-optar-a-los-premios-nacionales-de-energia-se-podran-presentar-hasta-el-28-de-marzo-en-la-agencia-energetica-municipal\/#primaryimage"},"image":{"@id":"https:\/\/www.laguiadepamplona.com\/actualidad\/los-proyectos-que-quieran-optar-a-los-premios-nacionales-de-energia-se-podran-presentar-hasta-el-28-de-marzo-en-la-agencia-energetica-municipal\/#primaryimage"},"thumbnailUrl":"https:\/\/www.laguiadepamplona.com\/actualidad\/wp-content\/uploads\/2021\/12\/energia-fotovoltaica.jpg","datePublished":"2022-03-22T11:25:21+00:00","dateModified":"2023-04-11T09:48:23+00:00","description":"La Agencia Energ\u00e9tica forma parte de EnerAgen, asociaci\u00f3n que organiza estos premios que reconocen actuaciones en pro de las energ\u00edas renovables","breadcrumb":{"@id":"https:\/\/www.laguiadepamplona.com\/actualidad\/los-proyectos-que-quieran-optar-a-los-premios-nacionales-de-energia-se-podran-presentar-hasta-el-28-de-marzo-en-la-agencia-energetica-municipal\/#breadcrumb"},"inLanguage":"es","potentialAction":[{"@type":"ReadAction","target":["https:\/\/www.laguiadepamplona.com\/actualidad\/los-proyectos-que-quieran-optar-a-los-premios-nacionales-de-energia-se-podran-presentar-hasta-el-28-de-marzo-en-la-agencia-energetica-municipal\/"]}]},{"@type":"ImageObject","inLanguage":"es","@id":"https:\/\/www.laguiadepamplona.com\/actualidad\/los-proyectos-que-quieran-optar-a-los-premios-nacionales-de-energia-se-podran-presentar-hasta-el-28-de-marzo-en-la-agencia-energetica-municipal\/#primaryimage","url":"https:\/\/www.laguiadepamplona.com\/actualidad\/wp-content\/uploads\/2021\/12\/energia-fotovoltaica.jpg","contentUrl":"https:\/\/www.laguiadepamplona.com\/actualidad\/wp-content\/uploads\/2021\/12\/energia-fotovoltaica.jpg","width":870,"height":593},{"@type":"BreadcrumbList","@id":"https:\/\/www.laguiadepamplona.com\/actualidad\/los-proyectos-que-quieran-optar-a-los-premios-nacionales-de-energia-se-podran-presentar-hasta-el-28-de-marzo-en-la-agencia-energetica-municipal\/#breadcrumb","itemListElement":[{"@type":"ListItem","position":1,"name":"Portada","item":"https:\/\/www.laguiadepamplona.com\/actualidad\/"},{"@type":"ListItem","position":2,"name":"Los proyectos que quieran optar a los Premios Nacionales de Energ\u00eda se podr\u00e1n presentar hasta el 28 de marzo en la Agencia Energ\u00e9tica Municipal"}]},{"@type":"WebSite","@id":"https:\/\/www.laguiadepamplona.com\/actualidad\/#website","url":"https:\/\/www.laguiadepamplona.com\/actualidad\/","name":"La gu\u00eda de Pamplona","description":"Noticias de Pamplona","publisher":{"@id":"https:\/\/www.laguiadepamplona.com\/actualidad\/#organization"},"potentialAction":[{"@type":"SearchAction","target":{"@type":"EntryPoint","urlTemplate":"https:\/\/www.laguiadepamplona.com\/actualidad\/?s={search_term_string}"},"query-input":{"@type":"PropertyValueSpecification","valueRequired":true,"valueName":"search_term_string"}}],"inLanguage":"es"},{"@type":"Organization","@id":"https:\/\/www.laguiadepamplona.com\/actualidad\/#organization","name":"La Gu\u00eda de Pamplona \/ Noticias","url":"https:\/\/www.laguiadepamplona.com\/actualidad\/","logo":{"@type":"ImageObject","inLanguage":"es","@id":"https:\/\/www.laguiadepamplona.com\/actualidad\/#\/schema\/logo\/image\/","url":"https:\/\/www.laguiadepamplona.com\/actualidad\/wp-content\/uploads\/2018\/11\/logo-laguiadepamplona18-web1.png","contentUrl":"https:\/\/www.laguiadepamplona.com\/actualidad\/wp-content\/uploads\/2018\/11\/logo-laguiadepamplona18-web1.png","width":600,"height":196,"caption":"La Gu\u00eda de Pamplona \/ Noticias"},"image":{"@id":"https:\/\/www.laguiadepamplona.com\/actualidad\/#\/schema\/logo\/image\/"},"sameAs":["https:\/\/www.facebook.com\/laguiadepamplonacom-133175176762273\/?ref=hl","https:\/\/x.com\/LaGuiadPamplona","https:\/\/www.instagram.com\/la_guia_de_pamplona\/","https:\/\/www.youtube.com\/user\/laguiadepamplona"]},{"@type":"Person","@id":"https:\/\/www.laguiadepamplona.com\/actualidad\/#\/schema\/person\/efe887376f0213d4657c93adc50b1fdb","name":"La Gu\u00eda de Pamplona","image":{"@type":"ImageObject","inLanguage":"es","@id":"https:\/\/secure.gravatar.com\/avatar\/b6992f131dc8d30ab0dff15446e9d346d9dbd95992de0fef795073f5ea83a81c?s=96&d=mm&r=g","url":"https:\/\/secure.gravatar.com\/avatar\/b6992f131dc8d30ab0dff15446e9d346d9dbd95992de0fef795073f5ea83a81c?s=96&d=mm&r=g","contentUrl":"https:\/\/secure.gravatar.com\/avatar\/b6992f131dc8d30ab0dff15446e9d346d9dbd95992de0fef795073f5ea83a81c?s=96&d=mm&r=g","caption":"La Gu\u00eda de Pamplona"}}]}},"post_mailing_queue_ids":[],"_links":{"self":[{"href":"https:\/\/www.laguiadepamplona.com\/actualidad\/wp-json\/wp\/v2\/posts\/39541","targetHints":{"allow":["GET"]}}],"collection":[{"href":"https:\/\/www.laguiadepamplona.com\/actualidad\/wp-json\/wp\/v2\/posts"}],"about":[{"href":"https:\/\/www.laguiadepamplona.com\/actualidad\/wp-json\/wp\/v2\/types\/post"}],"author":[{"embeddable":true,"href":"https:\/\/www.laguiadepamplona.com\/actualidad\/wp-json\/wp\/v2\/users\/1"}],"replies":[{"embeddable":true,"href":"https:\/\/www.laguiadepamplona.com\/actualidad\/wp-json\/wp\/v2\/comments?post=39541"}],"version-history":[{"count":0,"href":"https:\/\/www.laguiadepamplona.com\/actualidad\/wp-json\/wp\/v2\/posts\/39541\/revisions"}],"wp:featuredmedia":[{"embeddable":true,"href":"https:\/\/www.laguiadepamplona.com\/actualidad\/wp-json\/wp\/v2\/media\/38138"}],"wp:attachment":[{"href":"https:\/\/www.laguiadepamplona.com\/actualidad\/wp-json\/wp\/v2\/media?parent=39541"}],"wp:term":[{"taxonomy":"category","embeddable":true,"href":"https:\/\/www.laguiadepamplona.com\/actualidad\/wp-json\/wp\/v2\/categories?post=39541"},{"taxonomy":"post_tag","embeddable":true,"href":"https:\/\/www.laguiadepamplona.com\/actualidad\/wp-json\/wp\/v2\/tags?post=39541"}],"curies":[{"name":"wp","href":"https:\/\/api.w.org\/{rel}","templated":true}]}}