{"id":39538,"date":"2022-03-22T13:24:12","date_gmt":"2022-03-22T11:24:12","guid":{"rendered":"https:\/\/www.laguiadepamplona.com\/actualidad\/?p=39538"},"modified":"2023-04-11T11:48:23","modified_gmt":"2023-04-11T09:48:23","slug":"el-programa-huertas-ecologicas-escolares-dirigido-a-centros-educativos-de-infantil-y-primaria-abre-su-plazo-de-inscripcion-hasta-el-13-de-abril","status":"publish","type":"post","link":"https:\/\/www.laguiadepamplona.com\/actualidad\/el-programa-huertas-ecologicas-escolares-dirigido-a-centros-educativos-de-infantil-y-primaria-abre-su-plazo-de-inscripcion-hasta-el-13-de-abril\/","title":{"rendered":"El programa \u2018Huertas Ecol\u00f3gicas Escolares\u2019, dirigido a centros educativos de Infantil y Primaria, abre su plazo de inscripci\u00f3n hasta el 13 de abril"},"content":{"rendered":"<h5>Desde el curso 2017 \u2013 2018 en que se puso en marcha el programa, han participado ocho centros educativos y la Escuela Infantil Mendillorri<\/h5>\n<p><!--more--><\/p>\n<p>Ocho centros educativos y una escuela infantil han participado desde el curso 2017 \u2013 2018 en el programa \u2018Huertas Ecol\u00f3gicas Escolares\u2019 puesto en marcha por el Ayuntamiento de Pamplona. Este lunes 21 de marzo se ha abierto el plazo para ampliar esta red. Los centros escolares de Educaci\u00f3n Infantil y Primaria de Pamplona pueden presentar solicitudes hasta el 13 de abril en el correo electr\u00f3nico <a href=\"mailto:educacionambiental@pamplona.es\">educacionambiental@pamplona.es<\/a>.<\/p>\n<p>El objetivo de este programa es sembrar semillas de educaci\u00f3n ambiental, que generen cambios individuales y colectivos para avanzar hacia una sociedad m\u00e1s sostenible. La huerta escolar persigue otros objetivos como ofrecer un aula de aprendizaje de conocimientos m\u00faltiples; facilitar el aprendizaje significativo a trav\u00e9s de experiencias y vivencias en la huerta escolar; compartir experiencias y valores \u00e9ticos, ambientales o saludables; amabilizar y naturalizar los patios escolares; o fomentar una alimentaci\u00f3n saludable y de cercan\u00eda.<br \/>\n<script async src=\"\/\/pagead2.googlesyndication.com\/pagead\/js\/adsbygoogle.js\"><\/script><br \/>\n<!-- Noticias La Guia de Pamplona --><br \/>\n<ins class=\"adsbygoogle\"\nstyle=\"display:block\"\ndata-ad-client=\"ca-pub-6943679897239327\"\ndata-ad-slot=\"7048180777\"\ndata-ad-format=\"auto\"><\/ins><br \/>\n<script>\n(adsbygoogle = window.adsbygoogle || []).push({});\n<\/script><\/p>\n<p>La documentaci\u00f3n se debe presentar bajo el asunto \u2018Huertas ecol\u00f3gicas escolares de Pamplona\u2019 y debe incluir la ficha de inscripci\u00f3n, las copias de aprobaci\u00f3n del Consejo Escolar y del Claustro del centro y el proyecto, con una propuesta de trabajo y las experiencias previas en proyectos que integren a toda la comunidad educativa y en proyectos ligados a la educaci\u00f3n ambiental. El documento tendr\u00e1 un m\u00e1ximo de 5 p\u00e1ginas y se remitir\u00e1 como archivo adjunto en el correo electr\u00f3nico. Para m\u00e1s informaci\u00f3n, se puede visitar la <a href=\"https:\/\/educacionambiental.pamplona.es\/comunidad-educativa\/programa-de-huerta-escolar-ecologico\/\" target=\"_blank\" rel=\"noopener\">web de Educaci\u00f3n Ambiental<\/a> o llamar para resolver dudas al 948 420 984.<\/p>\n<p>La selecci\u00f3n de los centros participantes la realizar\u00e1 el Servicio de Educaci\u00f3n Ambiental del Ayuntamiento de Pamplona. Se valorar\u00e1n aspectos relacionados con tipolog\u00eda de centro (p\u00fablico, concertado o privado), la experiencia del centro en educaci\u00f3n ambiental y en integraci\u00f3n de la comunidad educativa en proyecto, o la propuesta de trabajo que realicen para el programa de huerta escolar. Este programa se enmarca dentro de la Estrategia Go Green Pamplona, que incluye medidas y acciones del Ayuntamiento en la lucha contra el cambio clim\u00e1tico.<br \/>\n<script async src=\"\/\/pagead2.googlesyndication.com\/pagead\/js\/adsbygoogle.js\"><\/script><br \/>\n<!-- Noticias La Guia de Pamplona --><br \/>\n<ins class=\"adsbygoogle\"\nstyle=\"display:block\"\ndata-ad-client=\"ca-pub-6943679897239327\"\ndata-ad-slot=\"7048180777\"\ndata-ad-format=\"auto\"><\/ins><br \/>\n<script>\n(adsbygoogle = window.adsbygoogle || []).push({});\n<\/script><\/p>\n<p><strong>Unidad did\u00e1ctica y otros recursos<\/strong><\/p>\n<p>El proyecto educativo se desarrolla en base a dos pilares fundamentales: la puesta en marcha de una huerta ecol\u00f3gica y la inserci\u00f3n curricular. El planteamiento, dise\u00f1o, creaci\u00f3n y mantenimiento de la huerta lo realizar\u00e1 toda la comunidad educativa (alumnado, familias, profesorado, personal del centro\u2026) de forma colectiva y participada. Considerando la huerta un espacio de aprendizaje, se trata de hacer una inserci\u00f3n curricular de las diferentes actividades did\u00e1cticas y multidisciplinares que se desarrollen en torno a ella. Para ello, se ofrece la <a href=\"http:\/\/educacionambiental.pamplona.es\/wp-content\/uploads\/2021\/02\/Unidad_diadtica_huertos_castellanoV7_compressed.pdf\" target=\"_blank\" rel=\"noopener\">unidad did\u00e1ctica<\/a>, \u2018Del aula a la huerta\u2019, en castellano y euskera, que integra 25 actividades y \u2018La cesta de la huerta\u2019, con juegos y diferentes propuestas. Todo el profesorado recibir\u00e1 formaci\u00f3n para poder participar activamente en el proyecto. Precisamente, profesorado de diferentes centros particip\u00f3 en un <a href=\"https:\/\/youtu.be\/Ce8uoCubDX0\" target=\"_blank\" rel=\"noopener\">v\u00eddeo<\/a> para motivar a la participaci\u00f3n en este programa.<\/p>\n<p>El Equipo de Educaci\u00f3n Ambiental del Ayuntamiento de Pamplona asumir\u00e1 funciones de asistencia t\u00e9cnica y acompa\u00f1amiento, impulsando el proyecto y apoyando las acciones que se desarrollen. Los centros educativos asumen la participaci\u00f3n en el programa durante dos cursos consecutivos. contar\u00e1n con una partida presupuestaria para la creaci\u00f3n y\/o mejora de la huerta durante el primer a\u00f1o y para adquisici\u00f3n de materiales, servicios\u2026 que apoyen y\/o mejores en proyecto escolar en el segundo a\u00f1o. Los centros recibir\u00e1n tierra y plantas del Servicio de Jardines del Ayuntamiento de Pamplona.<br \/>\n<script async src=\"\/\/pagead2.googlesyndication.com\/pagead\/js\/adsbygoogle.js\"><\/script><br \/>\n<!-- Noticias La Guia de Pamplona --><br \/>\n<ins class=\"adsbygoogle\"\nstyle=\"display:block\"\ndata-ad-client=\"ca-pub-6943679897239327\"\ndata-ad-slot=\"7048180777\"\ndata-ad-format=\"auto\"><\/ins><br \/>\n<script>\n(adsbygoogle = window.adsbygoogle || []).push({});\n<\/script><\/p>\n<p>En definitiva, las huertas escolares pretenden ser un lugar en el que compartir y disfrutar experiencias y valores \u00e9ticos, humanos, ambientales o saludables, que a su vez fomenten el v\u00ednculo positivo del alumnado con el medio natural, punto de partida fundamental de la educaci\u00f3n ambiental. Este programa de huertos escolares plasma el compromiso adquirido por el Ayuntamiento en 2016 con el Pacto de Mil\u00e1n y, recientemente, con la Agenda Urbana de Pamplona \u2013 Estrategia 2030.<\/p>\n","protected":false},"excerpt":{"rendered":"<p>Desde el curso 2017 \u2013 2018 en que se puso en marcha el programa, han participado ocho centros educativos y la Escuela Infantil Mendillorri<\/p>\n","protected":false},"author":1,"featured_media":39539,"comment_status":"open","ping_status":"closed","sticky":false,"template":"","format":"standard","meta":{"footnotes":""},"categories":[2],"tags":[],"class_list":["post-39538","post","type-post","status-publish","format-standard","has-post-thumbnail","hentry","category-ayuntamiento-pamplona"],"yoast_head":"<!-- This site is optimized with the Yoast SEO plugin v27.3 - https:\/\/yoast.com\/product\/yoast-seo-wordpress\/ -->\n<title>El programa \u2018Huertas Ecol\u00f3gicas Escolares\u2019, dirigido a centros educativos de Infantil y Primaria, abre su plazo de inscripci\u00f3n hasta el 13 de abril<\/title>\n<meta name=\"description\" content=\"Desde el curso 2017 \u2013 2018 en que se puso en marcha el programa, han participado ocho centros educativos y la Escuela Infantil Mendillorri\" \/>\n<meta name=\"robots\" content=\"index, follow, max-snippet:-1, max-image-preview:large, max-video-preview:-1\" \/>\n<link rel=\"canonical\" href=\"https:\/\/www.laguiadepamplona.com\/actualidad\/el-programa-huertas-ecologicas-escolares-dirigido-a-centros-educativos-de-infantil-y-primaria-abre-su-plazo-de-inscripcion-hasta-el-13-de-abril\/\" \/>\n<meta property=\"og:locale\" content=\"es_ES\" \/>\n<meta property=\"og:type\" content=\"article\" \/>\n<meta property=\"og:title\" content=\"El programa \u2018Huertas Ecol\u00f3gicas Escolares\u2019, dirigido a centros educativos de Infantil y Primaria, abre su plazo de inscripci\u00f3n hasta el 13 de abril\" \/>\n<meta property=\"og:description\" content=\"Desde el curso 2017 \u2013 2018 en que se puso en marcha el programa, han participado ocho centros educativos y la Escuela Infantil Mendillorri\" \/>\n<meta property=\"og:url\" content=\"https:\/\/www.laguiadepamplona.com\/actualidad\/el-programa-huertas-ecologicas-escolares-dirigido-a-centros-educativos-de-infantil-y-primaria-abre-su-plazo-de-inscripcion-hasta-el-13-de-abril\/\" \/>\n<meta property=\"og:site_name\" content=\"La Gu\u00eda de Pamplona\" \/>\n<meta property=\"article:publisher\" content=\"https:\/\/www.facebook.com\/laguiadepamplonacom-133175176762273\/?ref=hl\" \/>\n<meta property=\"article:published_time\" content=\"2022-03-22T11:24:12+00:00\" \/>\n<meta property=\"article:modified_time\" content=\"2023-04-11T09:48:23+00:00\" \/>\n<meta property=\"og:image\" content=\"https:\/\/www.laguiadepamplona.com\/actualidad\/wp-content\/uploads\/2022\/03\/18.05.11_huertos_escolares_sanduzelai.jpg\" \/>\n\t<meta property=\"og:image:width\" content=\"1417\" \/>\n\t<meta property=\"og:image:height\" content=\"1063\" \/>\n\t<meta property=\"og:image:type\" content=\"image\/jpeg\" \/>\n<meta name=\"author\" content=\"La Gu\u00eda de Pamplona\" \/>\n<meta name=\"twitter:card\" content=\"summary_large_image\" \/>\n<meta name=\"twitter:creator\" content=\"@LaGuiadPamplona\" \/>\n<meta name=\"twitter:site\" content=\"@LaGuiadPamplona\" \/>\n<meta name=\"twitter:label1\" content=\"Escrito por\" \/>\n\t<meta name=\"twitter:data1\" content=\"La Gu\u00eda de Pamplona\" \/>\n\t<meta name=\"twitter:label2\" content=\"Tiempo de lectura\" \/>\n\t<meta name=\"twitter:data2\" content=\"3 minutos\" \/>\n<script type=\"application\/ld+json\" class=\"yoast-schema-graph\">{\"@context\":\"https:\\\/\\\/schema.org\",\"@graph\":[{\"@type\":\"Article\",\"@id\":\"https:\\\/\\\/www.laguiadepamplona.com\\\/actualidad\\\/el-programa-huertas-ecologicas-escolares-dirigido-a-centros-educativos-de-infantil-y-primaria-abre-su-plazo-de-inscripcion-hasta-el-13-de-abril\\\/#article\",\"isPartOf\":{\"@id\":\"https:\\\/\\\/www.laguiadepamplona.com\\\/actualidad\\\/el-programa-huertas-ecologicas-escolares-dirigido-a-centros-educativos-de-infantil-y-primaria-abre-su-plazo-de-inscripcion-hasta-el-13-de-abril\\\/\"},\"author\":{\"name\":\"La Gu\u00eda de Pamplona\",\"@id\":\"https:\\\/\\\/www.laguiadepamplona.com\\\/actualidad\\\/#\\\/schema\\\/person\\\/efe887376f0213d4657c93adc50b1fdb\"},\"headline\":\"El programa \u2018Huertas Ecol\u00f3gicas Escolares\u2019, dirigido a centros educativos de Infantil y Primaria, abre su plazo de inscripci\u00f3n hasta el 13 de abril\",\"datePublished\":\"2022-03-22T11:24:12+00:00\",\"dateModified\":\"2023-04-11T09:48:23+00:00\",\"mainEntityOfPage\":{\"@id\":\"https:\\\/\\\/www.laguiadepamplona.com\\\/actualidad\\\/el-programa-huertas-ecologicas-escolares-dirigido-a-centros-educativos-de-infantil-y-primaria-abre-su-plazo-de-inscripcion-hasta-el-13-de-abril\\\/\"},\"wordCount\":715,\"commentCount\":0,\"publisher\":{\"@id\":\"https:\\\/\\\/www.laguiadepamplona.com\\\/actualidad\\\/#organization\"},\"image\":{\"@id\":\"https:\\\/\\\/www.laguiadepamplona.com\\\/actualidad\\\/el-programa-huertas-ecologicas-escolares-dirigido-a-centros-educativos-de-infantil-y-primaria-abre-su-plazo-de-inscripcion-hasta-el-13-de-abril\\\/#primaryimage\"},\"thumbnailUrl\":\"https:\\\/\\\/www.laguiadepamplona.com\\\/actualidad\\\/wp-content\\\/uploads\\\/2022\\\/03\\\/18.05.11_huertos_escolares_sanduzelai.jpg\",\"articleSection\":[\"Ayto Pamplona\"],\"inLanguage\":\"es\",\"potentialAction\":[{\"@type\":\"CommentAction\",\"name\":\"Comment\",\"target\":[\"https:\\\/\\\/www.laguiadepamplona.com\\\/actualidad\\\/el-programa-huertas-ecologicas-escolares-dirigido-a-centros-educativos-de-infantil-y-primaria-abre-su-plazo-de-inscripcion-hasta-el-13-de-abril\\\/#respond\"]}]},{\"@type\":\"WebPage\",\"@id\":\"https:\\\/\\\/www.laguiadepamplona.com\\\/actualidad\\\/el-programa-huertas-ecologicas-escolares-dirigido-a-centros-educativos-de-infantil-y-primaria-abre-su-plazo-de-inscripcion-hasta-el-13-de-abril\\\/\",\"url\":\"https:\\\/\\\/www.laguiadepamplona.com\\\/actualidad\\\/el-programa-huertas-ecologicas-escolares-dirigido-a-centros-educativos-de-infantil-y-primaria-abre-su-plazo-de-inscripcion-hasta-el-13-de-abril\\\/\",\"name\":\"El programa \u2018Huertas Ecol\u00f3gicas Escolares\u2019, dirigido a centros educativos de Infantil y Primaria, abre su plazo de inscripci\u00f3n hasta el 13 de abril\",\"isPartOf\":{\"@id\":\"https:\\\/\\\/www.laguiadepamplona.com\\\/actualidad\\\/#website\"},\"primaryImageOfPage\":{\"@id\":\"https:\\\/\\\/www.laguiadepamplona.com\\\/actualidad\\\/el-programa-huertas-ecologicas-escolares-dirigido-a-centros-educativos-de-infantil-y-primaria-abre-su-plazo-de-inscripcion-hasta-el-13-de-abril\\\/#primaryimage\"},\"image\":{\"@id\":\"https:\\\/\\\/www.laguiadepamplona.com\\\/actualidad\\\/el-programa-huertas-ecologicas-escolares-dirigido-a-centros-educativos-de-infantil-y-primaria-abre-su-plazo-de-inscripcion-hasta-el-13-de-abril\\\/#primaryimage\"},\"thumbnailUrl\":\"https:\\\/\\\/www.laguiadepamplona.com\\\/actualidad\\\/wp-content\\\/uploads\\\/2022\\\/03\\\/18.05.11_huertos_escolares_sanduzelai.jpg\",\"datePublished\":\"2022-03-22T11:24:12+00:00\",\"dateModified\":\"2023-04-11T09:48:23+00:00\",\"description\":\"Desde el curso 2017 \u2013 2018 en que se puso en marcha el programa, han participado ocho centros educativos y la Escuela Infantil Mendillorri\",\"breadcrumb\":{\"@id\":\"https:\\\/\\\/www.laguiadepamplona.com\\\/actualidad\\\/el-programa-huertas-ecologicas-escolares-dirigido-a-centros-educativos-de-infantil-y-primaria-abre-su-plazo-de-inscripcion-hasta-el-13-de-abril\\\/#breadcrumb\"},\"inLanguage\":\"es\",\"potentialAction\":[{\"@type\":\"ReadAction\",\"target\":[\"https:\\\/\\\/www.laguiadepamplona.com\\\/actualidad\\\/el-programa-huertas-ecologicas-escolares-dirigido-a-centros-educativos-de-infantil-y-primaria-abre-su-plazo-de-inscripcion-hasta-el-13-de-abril\\\/\"]}]},{\"@type\":\"ImageObject\",\"inLanguage\":\"es\",\"@id\":\"https:\\\/\\\/www.laguiadepamplona.com\\\/actualidad\\\/el-programa-huertas-ecologicas-escolares-dirigido-a-centros-educativos-de-infantil-y-primaria-abre-su-plazo-de-inscripcion-hasta-el-13-de-abril\\\/#primaryimage\",\"url\":\"https:\\\/\\\/www.laguiadepamplona.com\\\/actualidad\\\/wp-content\\\/uploads\\\/2022\\\/03\\\/18.05.11_huertos_escolares_sanduzelai.jpg\",\"contentUrl\":\"https:\\\/\\\/www.laguiadepamplona.com\\\/actualidad\\\/wp-content\\\/uploads\\\/2022\\\/03\\\/18.05.11_huertos_escolares_sanduzelai.jpg\",\"width\":1417,\"height\":1063},{\"@type\":\"BreadcrumbList\",\"@id\":\"https:\\\/\\\/www.laguiadepamplona.com\\\/actualidad\\\/el-programa-huertas-ecologicas-escolares-dirigido-a-centros-educativos-de-infantil-y-primaria-abre-su-plazo-de-inscripcion-hasta-el-13-de-abril\\\/#breadcrumb\",\"itemListElement\":[{\"@type\":\"ListItem\",\"position\":1,\"name\":\"Portada\",\"item\":\"https:\\\/\\\/www.laguiadepamplona.com\\\/actualidad\\\/\"},{\"@type\":\"ListItem\",\"position\":2,\"name\":\"El programa \u2018Huertas Ecol\u00f3gicas Escolares\u2019, dirigido a centros educativos de Infantil y Primaria, abre su plazo de inscripci\u00f3n hasta el 13 de abril\"}]},{\"@type\":\"WebSite\",\"@id\":\"https:\\\/\\\/www.laguiadepamplona.com\\\/actualidad\\\/#website\",\"url\":\"https:\\\/\\\/www.laguiadepamplona.com\\\/actualidad\\\/\",\"name\":\"La gu\u00eda de Pamplona\",\"description\":\"Noticias de Pamplona\",\"publisher\":{\"@id\":\"https:\\\/\\\/www.laguiadepamplona.com\\\/actualidad\\\/#organization\"},\"potentialAction\":[{\"@type\":\"SearchAction\",\"target\":{\"@type\":\"EntryPoint\",\"urlTemplate\":\"https:\\\/\\\/www.laguiadepamplona.com\\\/actualidad\\\/?s={search_term_string}\"},\"query-input\":{\"@type\":\"PropertyValueSpecification\",\"valueRequired\":true,\"valueName\":\"search_term_string\"}}],\"inLanguage\":\"es\"},{\"@type\":\"Organization\",\"@id\":\"https:\\\/\\\/www.laguiadepamplona.com\\\/actualidad\\\/#organization\",\"name\":\"La Gu\u00eda de Pamplona \\\/ Noticias\",\"url\":\"https:\\\/\\\/www.laguiadepamplona.com\\\/actualidad\\\/\",\"logo\":{\"@type\":\"ImageObject\",\"inLanguage\":\"es\",\"@id\":\"https:\\\/\\\/www.laguiadepamplona.com\\\/actualidad\\\/#\\\/schema\\\/logo\\\/image\\\/\",\"url\":\"https:\\\/\\\/www.laguiadepamplona.com\\\/actualidad\\\/wp-content\\\/uploads\\\/2018\\\/11\\\/logo-laguiadepamplona18-web1.png\",\"contentUrl\":\"https:\\\/\\\/www.laguiadepamplona.com\\\/actualidad\\\/wp-content\\\/uploads\\\/2018\\\/11\\\/logo-laguiadepamplona18-web1.png\",\"width\":600,\"height\":196,\"caption\":\"La Gu\u00eda de Pamplona \\\/ Noticias\"},\"image\":{\"@id\":\"https:\\\/\\\/www.laguiadepamplona.com\\\/actualidad\\\/#\\\/schema\\\/logo\\\/image\\\/\"},\"sameAs\":[\"https:\\\/\\\/www.facebook.com\\\/laguiadepamplonacom-133175176762273\\\/?ref=hl\",\"https:\\\/\\\/x.com\\\/LaGuiadPamplona\",\"https:\\\/\\\/www.instagram.com\\\/la_guia_de_pamplona\\\/\",\"https:\\\/\\\/www.youtube.com\\\/user\\\/laguiadepamplona\"]},{\"@type\":\"Person\",\"@id\":\"https:\\\/\\\/www.laguiadepamplona.com\\\/actualidad\\\/#\\\/schema\\\/person\\\/efe887376f0213d4657c93adc50b1fdb\",\"name\":\"La Gu\u00eda de Pamplona\",\"image\":{\"@type\":\"ImageObject\",\"inLanguage\":\"es\",\"@id\":\"https:\\\/\\\/secure.gravatar.com\\\/avatar\\\/b6992f131dc8d30ab0dff15446e9d346d9dbd95992de0fef795073f5ea83a81c?s=96&d=mm&r=g\",\"url\":\"https:\\\/\\\/secure.gravatar.com\\\/avatar\\\/b6992f131dc8d30ab0dff15446e9d346d9dbd95992de0fef795073f5ea83a81c?s=96&d=mm&r=g\",\"contentUrl\":\"https:\\\/\\\/secure.gravatar.com\\\/avatar\\\/b6992f131dc8d30ab0dff15446e9d346d9dbd95992de0fef795073f5ea83a81c?s=96&d=mm&r=g\",\"caption\":\"La Gu\u00eda de Pamplona\"}}]}<\/script>\n<!-- \/ Yoast SEO plugin. -->","yoast_head_json":{"title":"El programa \u2018Huertas Ecol\u00f3gicas Escolares\u2019, dirigido a centros educativos de Infantil y Primaria, abre su plazo de inscripci\u00f3n hasta el 13 de abril","description":"Desde el curso 2017 \u2013 2018 en que se puso en marcha el programa, han participado ocho centros educativos y la Escuela Infantil Mendillorri","robots":{"index":"index","follow":"follow","max-snippet":"max-snippet:-1","max-image-preview":"max-image-preview:large","max-video-preview":"max-video-preview:-1"},"canonical":"https:\/\/www.laguiadepamplona.com\/actualidad\/el-programa-huertas-ecologicas-escolares-dirigido-a-centros-educativos-de-infantil-y-primaria-abre-su-plazo-de-inscripcion-hasta-el-13-de-abril\/","og_locale":"es_ES","og_type":"article","og_title":"El programa \u2018Huertas Ecol\u00f3gicas Escolares\u2019, dirigido a centros educativos de Infantil y Primaria, abre su plazo de inscripci\u00f3n hasta el 13 de abril","og_description":"Desde el curso 2017 \u2013 2018 en que se puso en marcha el programa, han participado ocho centros educativos y la Escuela Infantil Mendillorri","og_url":"https:\/\/www.laguiadepamplona.com\/actualidad\/el-programa-huertas-ecologicas-escolares-dirigido-a-centros-educativos-de-infantil-y-primaria-abre-su-plazo-de-inscripcion-hasta-el-13-de-abril\/","og_site_name":"La Gu\u00eda de Pamplona","article_publisher":"https:\/\/www.facebook.com\/laguiadepamplonacom-133175176762273\/?ref=hl","article_published_time":"2022-03-22T11:24:12+00:00","article_modified_time":"2023-04-11T09:48:23+00:00","og_image":[{"width":1417,"height":1063,"url":"https:\/\/www.laguiadepamplona.com\/actualidad\/wp-content\/uploads\/2022\/03\/18.05.11_huertos_escolares_sanduzelai.jpg","type":"image\/jpeg"}],"author":"La Gu\u00eda de Pamplona","twitter_card":"summary_large_image","twitter_creator":"@LaGuiadPamplona","twitter_site":"@LaGuiadPamplona","twitter_misc":{"Escrito por":"La Gu\u00eda de Pamplona","Tiempo de lectura":"3 minutos"},"schema":{"@context":"https:\/\/schema.org","@graph":[{"@type":"Article","@id":"https:\/\/www.laguiadepamplona.com\/actualidad\/el-programa-huertas-ecologicas-escolares-dirigido-a-centros-educativos-de-infantil-y-primaria-abre-su-plazo-de-inscripcion-hasta-el-13-de-abril\/#article","isPartOf":{"@id":"https:\/\/www.laguiadepamplona.com\/actualidad\/el-programa-huertas-ecologicas-escolares-dirigido-a-centros-educativos-de-infantil-y-primaria-abre-su-plazo-de-inscripcion-hasta-el-13-de-abril\/"},"author":{"name":"La Gu\u00eda de Pamplona","@id":"https:\/\/www.laguiadepamplona.com\/actualidad\/#\/schema\/person\/efe887376f0213d4657c93adc50b1fdb"},"headline":"El programa \u2018Huertas Ecol\u00f3gicas Escolares\u2019, dirigido a centros educativos de Infantil y Primaria, abre su plazo de inscripci\u00f3n hasta el 13 de abril","datePublished":"2022-03-22T11:24:12+00:00","dateModified":"2023-04-11T09:48:23+00:00","mainEntityOfPage":{"@id":"https:\/\/www.laguiadepamplona.com\/actualidad\/el-programa-huertas-ecologicas-escolares-dirigido-a-centros-educativos-de-infantil-y-primaria-abre-su-plazo-de-inscripcion-hasta-el-13-de-abril\/"},"wordCount":715,"commentCount":0,"publisher":{"@id":"https:\/\/www.laguiadepamplona.com\/actualidad\/#organization"},"image":{"@id":"https:\/\/www.laguiadepamplona.com\/actualidad\/el-programa-huertas-ecologicas-escolares-dirigido-a-centros-educativos-de-infantil-y-primaria-abre-su-plazo-de-inscripcion-hasta-el-13-de-abril\/#primaryimage"},"thumbnailUrl":"https:\/\/www.laguiadepamplona.com\/actualidad\/wp-content\/uploads\/2022\/03\/18.05.11_huertos_escolares_sanduzelai.jpg","articleSection":["Ayto Pamplona"],"inLanguage":"es","potentialAction":[{"@type":"CommentAction","name":"Comment","target":["https:\/\/www.laguiadepamplona.com\/actualidad\/el-programa-huertas-ecologicas-escolares-dirigido-a-centros-educativos-de-infantil-y-primaria-abre-su-plazo-de-inscripcion-hasta-el-13-de-abril\/#respond"]}]},{"@type":"WebPage","@id":"https:\/\/www.laguiadepamplona.com\/actualidad\/el-programa-huertas-ecologicas-escolares-dirigido-a-centros-educativos-de-infantil-y-primaria-abre-su-plazo-de-inscripcion-hasta-el-13-de-abril\/","url":"https:\/\/www.laguiadepamplona.com\/actualidad\/el-programa-huertas-ecologicas-escolares-dirigido-a-centros-educativos-de-infantil-y-primaria-abre-su-plazo-de-inscripcion-hasta-el-13-de-abril\/","name":"El programa \u2018Huertas Ecol\u00f3gicas Escolares\u2019, dirigido a centros educativos de Infantil y Primaria, abre su plazo de inscripci\u00f3n hasta el 13 de abril","isPartOf":{"@id":"https:\/\/www.laguiadepamplona.com\/actualidad\/#website"},"primaryImageOfPage":{"@id":"https:\/\/www.laguiadepamplona.com\/actualidad\/el-programa-huertas-ecologicas-escolares-dirigido-a-centros-educativos-de-infantil-y-primaria-abre-su-plazo-de-inscripcion-hasta-el-13-de-abril\/#primaryimage"},"image":{"@id":"https:\/\/www.laguiadepamplona.com\/actualidad\/el-programa-huertas-ecologicas-escolares-dirigido-a-centros-educativos-de-infantil-y-primaria-abre-su-plazo-de-inscripcion-hasta-el-13-de-abril\/#primaryimage"},"thumbnailUrl":"https:\/\/www.laguiadepamplona.com\/actualidad\/wp-content\/uploads\/2022\/03\/18.05.11_huertos_escolares_sanduzelai.jpg","datePublished":"2022-03-22T11:24:12+00:00","dateModified":"2023-04-11T09:48:23+00:00","description":"Desde el curso 2017 \u2013 2018 en que se puso en marcha el programa, han participado ocho centros educativos y la Escuela Infantil Mendillorri","breadcrumb":{"@id":"https:\/\/www.laguiadepamplona.com\/actualidad\/el-programa-huertas-ecologicas-escolares-dirigido-a-centros-educativos-de-infantil-y-primaria-abre-su-plazo-de-inscripcion-hasta-el-13-de-abril\/#breadcrumb"},"inLanguage":"es","potentialAction":[{"@type":"ReadAction","target":["https:\/\/www.laguiadepamplona.com\/actualidad\/el-programa-huertas-ecologicas-escolares-dirigido-a-centros-educativos-de-infantil-y-primaria-abre-su-plazo-de-inscripcion-hasta-el-13-de-abril\/"]}]},{"@type":"ImageObject","inLanguage":"es","@id":"https:\/\/www.laguiadepamplona.com\/actualidad\/el-programa-huertas-ecologicas-escolares-dirigido-a-centros-educativos-de-infantil-y-primaria-abre-su-plazo-de-inscripcion-hasta-el-13-de-abril\/#primaryimage","url":"https:\/\/www.laguiadepamplona.com\/actualidad\/wp-content\/uploads\/2022\/03\/18.05.11_huertos_escolares_sanduzelai.jpg","contentUrl":"https:\/\/www.laguiadepamplona.com\/actualidad\/wp-content\/uploads\/2022\/03\/18.05.11_huertos_escolares_sanduzelai.jpg","width":1417,"height":1063},{"@type":"BreadcrumbList","@id":"https:\/\/www.laguiadepamplona.com\/actualidad\/el-programa-huertas-ecologicas-escolares-dirigido-a-centros-educativos-de-infantil-y-primaria-abre-su-plazo-de-inscripcion-hasta-el-13-de-abril\/#breadcrumb","itemListElement":[{"@type":"ListItem","position":1,"name":"Portada","item":"https:\/\/www.laguiadepamplona.com\/actualidad\/"},{"@type":"ListItem","position":2,"name":"El programa \u2018Huertas Ecol\u00f3gicas Escolares\u2019, dirigido a centros educativos de Infantil y Primaria, abre su plazo de inscripci\u00f3n hasta el 13 de abril"}]},{"@type":"WebSite","@id":"https:\/\/www.laguiadepamplona.com\/actualidad\/#website","url":"https:\/\/www.laguiadepamplona.com\/actualidad\/","name":"La gu\u00eda de Pamplona","description":"Noticias de Pamplona","publisher":{"@id":"https:\/\/www.laguiadepamplona.com\/actualidad\/#organization"},"potentialAction":[{"@type":"SearchAction","target":{"@type":"EntryPoint","urlTemplate":"https:\/\/www.laguiadepamplona.com\/actualidad\/?s={search_term_string}"},"query-input":{"@type":"PropertyValueSpecification","valueRequired":true,"valueName":"search_term_string"}}],"inLanguage":"es"},{"@type":"Organization","@id":"https:\/\/www.laguiadepamplona.com\/actualidad\/#organization","name":"La Gu\u00eda de Pamplona \/ Noticias","url":"https:\/\/www.laguiadepamplona.com\/actualidad\/","logo":{"@type":"ImageObject","inLanguage":"es","@id":"https:\/\/www.laguiadepamplona.com\/actualidad\/#\/schema\/logo\/image\/","url":"https:\/\/www.laguiadepamplona.com\/actualidad\/wp-content\/uploads\/2018\/11\/logo-laguiadepamplona18-web1.png","contentUrl":"https:\/\/www.laguiadepamplona.com\/actualidad\/wp-content\/uploads\/2018\/11\/logo-laguiadepamplona18-web1.png","width":600,"height":196,"caption":"La Gu\u00eda de Pamplona \/ Noticias"},"image":{"@id":"https:\/\/www.laguiadepamplona.com\/actualidad\/#\/schema\/logo\/image\/"},"sameAs":["https:\/\/www.facebook.com\/laguiadepamplonacom-133175176762273\/?ref=hl","https:\/\/x.com\/LaGuiadPamplona","https:\/\/www.instagram.com\/la_guia_de_pamplona\/","https:\/\/www.youtube.com\/user\/laguiadepamplona"]},{"@type":"Person","@id":"https:\/\/www.laguiadepamplona.com\/actualidad\/#\/schema\/person\/efe887376f0213d4657c93adc50b1fdb","name":"La Gu\u00eda de Pamplona","image":{"@type":"ImageObject","inLanguage":"es","@id":"https:\/\/secure.gravatar.com\/avatar\/b6992f131dc8d30ab0dff15446e9d346d9dbd95992de0fef795073f5ea83a81c?s=96&d=mm&r=g","url":"https:\/\/secure.gravatar.com\/avatar\/b6992f131dc8d30ab0dff15446e9d346d9dbd95992de0fef795073f5ea83a81c?s=96&d=mm&r=g","contentUrl":"https:\/\/secure.gravatar.com\/avatar\/b6992f131dc8d30ab0dff15446e9d346d9dbd95992de0fef795073f5ea83a81c?s=96&d=mm&r=g","caption":"La Gu\u00eda de Pamplona"}}]}},"post_mailing_queue_ids":[],"_links":{"self":[{"href":"https:\/\/www.laguiadepamplona.com\/actualidad\/wp-json\/wp\/v2\/posts\/39538","targetHints":{"allow":["GET"]}}],"collection":[{"href":"https:\/\/www.laguiadepamplona.com\/actualidad\/wp-json\/wp\/v2\/posts"}],"about":[{"href":"https:\/\/www.laguiadepamplona.com\/actualidad\/wp-json\/wp\/v2\/types\/post"}],"author":[{"embeddable":true,"href":"https:\/\/www.laguiadepamplona.com\/actualidad\/wp-json\/wp\/v2\/users\/1"}],"replies":[{"embeddable":true,"href":"https:\/\/www.laguiadepamplona.com\/actualidad\/wp-json\/wp\/v2\/comments?post=39538"}],"version-history":[{"count":0,"href":"https:\/\/www.laguiadepamplona.com\/actualidad\/wp-json\/wp\/v2\/posts\/39538\/revisions"}],"wp:featuredmedia":[{"embeddable":true,"href":"https:\/\/www.laguiadepamplona.com\/actualidad\/wp-json\/wp\/v2\/media\/39539"}],"wp:attachment":[{"href":"https:\/\/www.laguiadepamplona.com\/actualidad\/wp-json\/wp\/v2\/media?parent=39538"}],"wp:term":[{"taxonomy":"category","embeddable":true,"href":"https:\/\/www.laguiadepamplona.com\/actualidad\/wp-json\/wp\/v2\/categories?post=39538"},{"taxonomy":"post_tag","embeddable":true,"href":"https:\/\/www.laguiadepamplona.com\/actualidad\/wp-json\/wp\/v2\/tags?post=39538"}],"curies":[{"name":"wp","href":"https:\/\/api.w.org\/{rel}","templated":true}]}}