{"id":39516,"date":"2022-03-21T14:24:41","date_gmt":"2022-03-21T12:24:41","guid":{"rendered":"https:\/\/www.laguiadepamplona.com\/actualidad\/?p=39516"},"modified":"2023-04-11T11:48:23","modified_gmt":"2023-04-11T09:48:23","slug":"este-lunes-se-celebra-el-dia-mundial-del-sindrome-de-down-y-la-fachada-de-la-casa-consistorial-se-iluminara-con-los-colores-amarillo-y-azul","status":"publish","type":"post","link":"https:\/\/www.laguiadepamplona.com\/actualidad\/este-lunes-se-celebra-el-dia-mundial-del-sindrome-de-down-y-la-fachada-de-la-casa-consistorial-se-iluminara-con-los-colores-amarillo-y-azul\/","title":{"rendered":"Este lunes se celebra el D\u00eda Mundial del S\u00edndrome de Down y la fachada de la Casa Consistorial se iluminar\u00e1 con los colores amarillo y azul"},"content":{"rendered":"<p><!--more--><\/p>\n<p>El Ayuntamiento de Pamplona ilumina esta tarde la fachada de la Casa Consistorial de color amarillo y azul para sumarse de esta forma a la celebraci\u00f3n del D\u00eda Mundial del S\u00edndrome de Down. En diciembre de 2011, la ONU design\u00f3 el 21 de marzo como D\u00eda Mundial del S\u00edndrome de Down para generar conciencia sobre esta enfermedad y recordar la dignidad de todas las personas con discapacidad intelectual.<br \/>\n<script async src=\"\/\/pagead2.googlesyndication.com\/pagead\/js\/adsbygoogle.js\"><\/script><br \/>\n<!-- Noticias La Guia de Pamplona --><br \/>\n<ins class=\"adsbygoogle\"\nstyle=\"display:block\"\ndata-ad-client=\"ca-pub-6943679897239327\"\ndata-ad-slot=\"7048180777\"\ndata-ad-format=\"auto\"><\/ins><br \/>\n<script>\n(adsbygoogle = window.adsbygoogle || []).push({});\n<\/script><\/p>\n<p>El\u00a0<strong>s\u00edndrome de Down<\/strong>\u00a0es una alteraci\u00f3n gen\u00e9tica causada por la existencia de material gen\u00e9tico extra en el cromosoma 21 que se traduce en discapacidad intelectual.\u00a0La incidencia estimada del s\u00edndrome de Down a nivel mundial se sit\u00faa entre 1 de cada 1.000 y 1 de cada 1.100 reci\u00e9n nacidos. La solicitud de esta iluminaci\u00f3n de la fachada la remiti\u00f3 al Ayuntamiento de Pamplona la Asociaci\u00f3n de S\u00edndrome de Down de Navarra.<\/p>\n<p>La Asociaci\u00f3n S\u00edndrome de Down de Navarra es una entidad sin \u00e1nimo de lucro que trabaja por las personas con S\u00edndrome de Down mediante acciones que contribuyen a mejorar su calidad de vida y a la defensa de sus derechos. Cuenta con m\u00e1s de 150 personas socias y m\u00e1s de 200 personas colaboradoras. Fue constituida en el a\u00f1o 1990 por iniciativa de un grupo de padres y madres de personas con S\u00edndrome de Down que buscaban soluciones a los problemas particulares que conlleva esta discapacidad. Desde entonces se han organizado un sinf\u00edn de actividades: charlas informativas, jornadas sobre educaci\u00f3n, talleres, actividades extra-escolares, fiestas o excursiones.<\/p>\n","protected":false},"excerpt":{"rendered":"","protected":false},"author":1,"featured_media":34649,"comment_status":"open","ping_status":"closed","sticky":false,"template":"","format":"standard","meta":{"footnotes":""},"categories":[2],"tags":[],"class_list":["post-39516","post","type-post","status-publish","format-standard","has-post-thumbnail","hentry","category-ayuntamiento-pamplona"],"yoast_head":"<!-- This site is optimized with the Yoast SEO plugin v27.3 - https:\/\/yoast.com\/product\/yoast-seo-wordpress\/ -->\n<title>Este lunes se celebra el D\u00eda Mundial del S\u00edndrome de Down y la fachada de la Casa Consistorial se iluminar\u00e1 con los colores amarillo y azul<\/title>\n<meta name=\"description\" content=\"En diciembre de 2011, la ONU design\u00f3 el 21 de marzo como D\u00eda Mundial del S\u00edndrome de Down\" \/>\n<meta name=\"robots\" content=\"index, follow, max-snippet:-1, max-image-preview:large, max-video-preview:-1\" \/>\n<link rel=\"canonical\" href=\"https:\/\/www.laguiadepamplona.com\/actualidad\/este-lunes-se-celebra-el-dia-mundial-del-sindrome-de-down-y-la-fachada-de-la-casa-consistorial-se-iluminara-con-los-colores-amarillo-y-azul\/\" \/>\n<meta property=\"og:locale\" content=\"es_ES\" \/>\n<meta property=\"og:type\" content=\"article\" \/>\n<meta property=\"og:title\" content=\"Este lunes se celebra el D\u00eda Mundial del S\u00edndrome de Down y la fachada de la Casa Consistorial se iluminar\u00e1 con los colores amarillo y azul\" \/>\n<meta property=\"og:description\" content=\"En diciembre de 2011, la ONU design\u00f3 el 21 de marzo como D\u00eda Mundial del S\u00edndrome de Down\" \/>\n<meta property=\"og:url\" content=\"https:\/\/www.laguiadepamplona.com\/actualidad\/este-lunes-se-celebra-el-dia-mundial-del-sindrome-de-down-y-la-fachada-de-la-casa-consistorial-se-iluminara-con-los-colores-amarillo-y-azul\/\" \/>\n<meta property=\"og:site_name\" content=\"La Gu\u00eda de Pamplona\" \/>\n<meta property=\"article:publisher\" content=\"https:\/\/www.facebook.com\/laguiadepamplonacom-133175176762273\/?ref=hl\" \/>\n<meta property=\"article:published_time\" content=\"2022-03-21T12:24:41+00:00\" \/>\n<meta property=\"article:modified_time\" content=\"2023-04-11T09:48:23+00:00\" \/>\n<meta property=\"og:image\" content=\"https:\/\/www.laguiadepamplona.com\/actualidad\/wp-content\/uploads\/2021\/05\/Ayuntamiento_iluminacion_amarillo_nocturna.jpg\" \/>\n\t<meta property=\"og:image:width\" content=\"1529\" \/>\n\t<meta property=\"og:image:height\" content=\"1019\" \/>\n\t<meta property=\"og:image:type\" content=\"image\/jpeg\" \/>\n<meta name=\"author\" content=\"La Gu\u00eda de Pamplona\" \/>\n<meta name=\"twitter:card\" content=\"summary_large_image\" \/>\n<meta name=\"twitter:creator\" content=\"@LaGuiadPamplona\" \/>\n<meta name=\"twitter:site\" content=\"@LaGuiadPamplona\" \/>\n<meta name=\"twitter:label1\" content=\"Escrito por\" \/>\n\t<meta name=\"twitter:data1\" content=\"La Gu\u00eda de Pamplona\" \/>\n\t<meta name=\"twitter:label2\" content=\"Tiempo de lectura\" \/>\n\t<meta name=\"twitter:data2\" content=\"2 minutos\" \/>\n<script type=\"application\/ld+json\" class=\"yoast-schema-graph\">{\"@context\":\"https:\\\/\\\/schema.org\",\"@graph\":[{\"@type\":\"Article\",\"@id\":\"https:\\\/\\\/www.laguiadepamplona.com\\\/actualidad\\\/este-lunes-se-celebra-el-dia-mundial-del-sindrome-de-down-y-la-fachada-de-la-casa-consistorial-se-iluminara-con-los-colores-amarillo-y-azul\\\/#article\",\"isPartOf\":{\"@id\":\"https:\\\/\\\/www.laguiadepamplona.com\\\/actualidad\\\/este-lunes-se-celebra-el-dia-mundial-del-sindrome-de-down-y-la-fachada-de-la-casa-consistorial-se-iluminara-con-los-colores-amarillo-y-azul\\\/\"},\"author\":{\"name\":\"La Gu\u00eda de Pamplona\",\"@id\":\"https:\\\/\\\/www.laguiadepamplona.com\\\/actualidad\\\/#\\\/schema\\\/person\\\/efe887376f0213d4657c93adc50b1fdb\"},\"headline\":\"Este lunes se celebra el D\u00eda Mundial del S\u00edndrome de Down y la fachada de la Casa Consistorial se iluminar\u00e1 con los colores amarillo y azul\",\"datePublished\":\"2022-03-21T12:24:41+00:00\",\"dateModified\":\"2023-04-11T09:48:23+00:00\",\"mainEntityOfPage\":{\"@id\":\"https:\\\/\\\/www.laguiadepamplona.com\\\/actualidad\\\/este-lunes-se-celebra-el-dia-mundial-del-sindrome-de-down-y-la-fachada-de-la-casa-consistorial-se-iluminara-con-los-colores-amarillo-y-azul\\\/\"},\"wordCount\":287,\"commentCount\":0,\"publisher\":{\"@id\":\"https:\\\/\\\/www.laguiadepamplona.com\\\/actualidad\\\/#organization\"},\"image\":{\"@id\":\"https:\\\/\\\/www.laguiadepamplona.com\\\/actualidad\\\/este-lunes-se-celebra-el-dia-mundial-del-sindrome-de-down-y-la-fachada-de-la-casa-consistorial-se-iluminara-con-los-colores-amarillo-y-azul\\\/#primaryimage\"},\"thumbnailUrl\":\"https:\\\/\\\/www.laguiadepamplona.com\\\/actualidad\\\/wp-content\\\/uploads\\\/2021\\\/05\\\/Ayuntamiento_iluminacion_amarillo_nocturna.jpg\",\"articleSection\":[\"Ayto Pamplona\"],\"inLanguage\":\"es\",\"potentialAction\":[{\"@type\":\"CommentAction\",\"name\":\"Comment\",\"target\":[\"https:\\\/\\\/www.laguiadepamplona.com\\\/actualidad\\\/este-lunes-se-celebra-el-dia-mundial-del-sindrome-de-down-y-la-fachada-de-la-casa-consistorial-se-iluminara-con-los-colores-amarillo-y-azul\\\/#respond\"]}]},{\"@type\":\"WebPage\",\"@id\":\"https:\\\/\\\/www.laguiadepamplona.com\\\/actualidad\\\/este-lunes-se-celebra-el-dia-mundial-del-sindrome-de-down-y-la-fachada-de-la-casa-consistorial-se-iluminara-con-los-colores-amarillo-y-azul\\\/\",\"url\":\"https:\\\/\\\/www.laguiadepamplona.com\\\/actualidad\\\/este-lunes-se-celebra-el-dia-mundial-del-sindrome-de-down-y-la-fachada-de-la-casa-consistorial-se-iluminara-con-los-colores-amarillo-y-azul\\\/\",\"name\":\"Este lunes se celebra el D\u00eda Mundial del S\u00edndrome de Down y la fachada de la Casa Consistorial se iluminar\u00e1 con los colores amarillo y azul\",\"isPartOf\":{\"@id\":\"https:\\\/\\\/www.laguiadepamplona.com\\\/actualidad\\\/#website\"},\"primaryImageOfPage\":{\"@id\":\"https:\\\/\\\/www.laguiadepamplona.com\\\/actualidad\\\/este-lunes-se-celebra-el-dia-mundial-del-sindrome-de-down-y-la-fachada-de-la-casa-consistorial-se-iluminara-con-los-colores-amarillo-y-azul\\\/#primaryimage\"},\"image\":{\"@id\":\"https:\\\/\\\/www.laguiadepamplona.com\\\/actualidad\\\/este-lunes-se-celebra-el-dia-mundial-del-sindrome-de-down-y-la-fachada-de-la-casa-consistorial-se-iluminara-con-los-colores-amarillo-y-azul\\\/#primaryimage\"},\"thumbnailUrl\":\"https:\\\/\\\/www.laguiadepamplona.com\\\/actualidad\\\/wp-content\\\/uploads\\\/2021\\\/05\\\/Ayuntamiento_iluminacion_amarillo_nocturna.jpg\",\"datePublished\":\"2022-03-21T12:24:41+00:00\",\"dateModified\":\"2023-04-11T09:48:23+00:00\",\"description\":\"En diciembre de 2011, la ONU design\u00f3 el 21 de marzo como D\u00eda Mundial del S\u00edndrome de Down\",\"breadcrumb\":{\"@id\":\"https:\\\/\\\/www.laguiadepamplona.com\\\/actualidad\\\/este-lunes-se-celebra-el-dia-mundial-del-sindrome-de-down-y-la-fachada-de-la-casa-consistorial-se-iluminara-con-los-colores-amarillo-y-azul\\\/#breadcrumb\"},\"inLanguage\":\"es\",\"potentialAction\":[{\"@type\":\"ReadAction\",\"target\":[\"https:\\\/\\\/www.laguiadepamplona.com\\\/actualidad\\\/este-lunes-se-celebra-el-dia-mundial-del-sindrome-de-down-y-la-fachada-de-la-casa-consistorial-se-iluminara-con-los-colores-amarillo-y-azul\\\/\"]}]},{\"@type\":\"ImageObject\",\"inLanguage\":\"es\",\"@id\":\"https:\\\/\\\/www.laguiadepamplona.com\\\/actualidad\\\/este-lunes-se-celebra-el-dia-mundial-del-sindrome-de-down-y-la-fachada-de-la-casa-consistorial-se-iluminara-con-los-colores-amarillo-y-azul\\\/#primaryimage\",\"url\":\"https:\\\/\\\/www.laguiadepamplona.com\\\/actualidad\\\/wp-content\\\/uploads\\\/2021\\\/05\\\/Ayuntamiento_iluminacion_amarillo_nocturna.jpg\",\"contentUrl\":\"https:\\\/\\\/www.laguiadepamplona.com\\\/actualidad\\\/wp-content\\\/uploads\\\/2021\\\/05\\\/Ayuntamiento_iluminacion_amarillo_nocturna.jpg\",\"width\":1529,\"height\":1019},{\"@type\":\"BreadcrumbList\",\"@id\":\"https:\\\/\\\/www.laguiadepamplona.com\\\/actualidad\\\/este-lunes-se-celebra-el-dia-mundial-del-sindrome-de-down-y-la-fachada-de-la-casa-consistorial-se-iluminara-con-los-colores-amarillo-y-azul\\\/#breadcrumb\",\"itemListElement\":[{\"@type\":\"ListItem\",\"position\":1,\"name\":\"Portada\",\"item\":\"https:\\\/\\\/www.laguiadepamplona.com\\\/actualidad\\\/\"},{\"@type\":\"ListItem\",\"position\":2,\"name\":\"Este lunes se celebra el D\u00eda Mundial del S\u00edndrome de Down y la fachada de la Casa Consistorial se iluminar\u00e1 con los colores amarillo y azul\"}]},{\"@type\":\"WebSite\",\"@id\":\"https:\\\/\\\/www.laguiadepamplona.com\\\/actualidad\\\/#website\",\"url\":\"https:\\\/\\\/www.laguiadepamplona.com\\\/actualidad\\\/\",\"name\":\"La gu\u00eda de Pamplona\",\"description\":\"Noticias de Pamplona\",\"publisher\":{\"@id\":\"https:\\\/\\\/www.laguiadepamplona.com\\\/actualidad\\\/#organization\"},\"potentialAction\":[{\"@type\":\"SearchAction\",\"target\":{\"@type\":\"EntryPoint\",\"urlTemplate\":\"https:\\\/\\\/www.laguiadepamplona.com\\\/actualidad\\\/?s={search_term_string}\"},\"query-input\":{\"@type\":\"PropertyValueSpecification\",\"valueRequired\":true,\"valueName\":\"search_term_string\"}}],\"inLanguage\":\"es\"},{\"@type\":\"Organization\",\"@id\":\"https:\\\/\\\/www.laguiadepamplona.com\\\/actualidad\\\/#organization\",\"name\":\"La Gu\u00eda de Pamplona \\\/ Noticias\",\"url\":\"https:\\\/\\\/www.laguiadepamplona.com\\\/actualidad\\\/\",\"logo\":{\"@type\":\"ImageObject\",\"inLanguage\":\"es\",\"@id\":\"https:\\\/\\\/www.laguiadepamplona.com\\\/actualidad\\\/#\\\/schema\\\/logo\\\/image\\\/\",\"url\":\"https:\\\/\\\/www.laguiadepamplona.com\\\/actualidad\\\/wp-content\\\/uploads\\\/2018\\\/11\\\/logo-laguiadepamplona18-web1.png\",\"contentUrl\":\"https:\\\/\\\/www.laguiadepamplona.com\\\/actualidad\\\/wp-content\\\/uploads\\\/2018\\\/11\\\/logo-laguiadepamplona18-web1.png\",\"width\":600,\"height\":196,\"caption\":\"La Gu\u00eda de Pamplona \\\/ Noticias\"},\"image\":{\"@id\":\"https:\\\/\\\/www.laguiadepamplona.com\\\/actualidad\\\/#\\\/schema\\\/logo\\\/image\\\/\"},\"sameAs\":[\"https:\\\/\\\/www.facebook.com\\\/laguiadepamplonacom-133175176762273\\\/?ref=hl\",\"https:\\\/\\\/x.com\\\/LaGuiadPamplona\",\"https:\\\/\\\/www.instagram.com\\\/la_guia_de_pamplona\\\/\",\"https:\\\/\\\/www.youtube.com\\\/user\\\/laguiadepamplona\"]},{\"@type\":\"Person\",\"@id\":\"https:\\\/\\\/www.laguiadepamplona.com\\\/actualidad\\\/#\\\/schema\\\/person\\\/efe887376f0213d4657c93adc50b1fdb\",\"name\":\"La Gu\u00eda de Pamplona\",\"image\":{\"@type\":\"ImageObject\",\"inLanguage\":\"es\",\"@id\":\"https:\\\/\\\/secure.gravatar.com\\\/avatar\\\/b6992f131dc8d30ab0dff15446e9d346d9dbd95992de0fef795073f5ea83a81c?s=96&d=mm&r=g\",\"url\":\"https:\\\/\\\/secure.gravatar.com\\\/avatar\\\/b6992f131dc8d30ab0dff15446e9d346d9dbd95992de0fef795073f5ea83a81c?s=96&d=mm&r=g\",\"contentUrl\":\"https:\\\/\\\/secure.gravatar.com\\\/avatar\\\/b6992f131dc8d30ab0dff15446e9d346d9dbd95992de0fef795073f5ea83a81c?s=96&d=mm&r=g\",\"caption\":\"La Gu\u00eda de Pamplona\"}}]}<\/script>\n<!-- \/ Yoast SEO plugin. -->","yoast_head_json":{"title":"Este lunes se celebra el D\u00eda Mundial del S\u00edndrome de Down y la fachada de la Casa Consistorial se iluminar\u00e1 con los colores amarillo y azul","description":"En diciembre de 2011, la ONU design\u00f3 el 21 de marzo como D\u00eda Mundial del S\u00edndrome de Down","robots":{"index":"index","follow":"follow","max-snippet":"max-snippet:-1","max-image-preview":"max-image-preview:large","max-video-preview":"max-video-preview:-1"},"canonical":"https:\/\/www.laguiadepamplona.com\/actualidad\/este-lunes-se-celebra-el-dia-mundial-del-sindrome-de-down-y-la-fachada-de-la-casa-consistorial-se-iluminara-con-los-colores-amarillo-y-azul\/","og_locale":"es_ES","og_type":"article","og_title":"Este lunes se celebra el D\u00eda Mundial del S\u00edndrome de Down y la fachada de la Casa Consistorial se iluminar\u00e1 con los colores amarillo y azul","og_description":"En diciembre de 2011, la ONU design\u00f3 el 21 de marzo como D\u00eda Mundial del S\u00edndrome de Down","og_url":"https:\/\/www.laguiadepamplona.com\/actualidad\/este-lunes-se-celebra-el-dia-mundial-del-sindrome-de-down-y-la-fachada-de-la-casa-consistorial-se-iluminara-con-los-colores-amarillo-y-azul\/","og_site_name":"La Gu\u00eda de Pamplona","article_publisher":"https:\/\/www.facebook.com\/laguiadepamplonacom-133175176762273\/?ref=hl","article_published_time":"2022-03-21T12:24:41+00:00","article_modified_time":"2023-04-11T09:48:23+00:00","og_image":[{"width":1529,"height":1019,"url":"https:\/\/www.laguiadepamplona.com\/actualidad\/wp-content\/uploads\/2021\/05\/Ayuntamiento_iluminacion_amarillo_nocturna.jpg","type":"image\/jpeg"}],"author":"La Gu\u00eda de Pamplona","twitter_card":"summary_large_image","twitter_creator":"@LaGuiadPamplona","twitter_site":"@LaGuiadPamplona","twitter_misc":{"Escrito por":"La Gu\u00eda de Pamplona","Tiempo de lectura":"2 minutos"},"schema":{"@context":"https:\/\/schema.org","@graph":[{"@type":"Article","@id":"https:\/\/www.laguiadepamplona.com\/actualidad\/este-lunes-se-celebra-el-dia-mundial-del-sindrome-de-down-y-la-fachada-de-la-casa-consistorial-se-iluminara-con-los-colores-amarillo-y-azul\/#article","isPartOf":{"@id":"https:\/\/www.laguiadepamplona.com\/actualidad\/este-lunes-se-celebra-el-dia-mundial-del-sindrome-de-down-y-la-fachada-de-la-casa-consistorial-se-iluminara-con-los-colores-amarillo-y-azul\/"},"author":{"name":"La Gu\u00eda de Pamplona","@id":"https:\/\/www.laguiadepamplona.com\/actualidad\/#\/schema\/person\/efe887376f0213d4657c93adc50b1fdb"},"headline":"Este lunes se celebra el D\u00eda Mundial del S\u00edndrome de Down y la fachada de la Casa Consistorial se iluminar\u00e1 con los colores amarillo y azul","datePublished":"2022-03-21T12:24:41+00:00","dateModified":"2023-04-11T09:48:23+00:00","mainEntityOfPage":{"@id":"https:\/\/www.laguiadepamplona.com\/actualidad\/este-lunes-se-celebra-el-dia-mundial-del-sindrome-de-down-y-la-fachada-de-la-casa-consistorial-se-iluminara-con-los-colores-amarillo-y-azul\/"},"wordCount":287,"commentCount":0,"publisher":{"@id":"https:\/\/www.laguiadepamplona.com\/actualidad\/#organization"},"image":{"@id":"https:\/\/www.laguiadepamplona.com\/actualidad\/este-lunes-se-celebra-el-dia-mundial-del-sindrome-de-down-y-la-fachada-de-la-casa-consistorial-se-iluminara-con-los-colores-amarillo-y-azul\/#primaryimage"},"thumbnailUrl":"https:\/\/www.laguiadepamplona.com\/actualidad\/wp-content\/uploads\/2021\/05\/Ayuntamiento_iluminacion_amarillo_nocturna.jpg","articleSection":["Ayto Pamplona"],"inLanguage":"es","potentialAction":[{"@type":"CommentAction","name":"Comment","target":["https:\/\/www.laguiadepamplona.com\/actualidad\/este-lunes-se-celebra-el-dia-mundial-del-sindrome-de-down-y-la-fachada-de-la-casa-consistorial-se-iluminara-con-los-colores-amarillo-y-azul\/#respond"]}]},{"@type":"WebPage","@id":"https:\/\/www.laguiadepamplona.com\/actualidad\/este-lunes-se-celebra-el-dia-mundial-del-sindrome-de-down-y-la-fachada-de-la-casa-consistorial-se-iluminara-con-los-colores-amarillo-y-azul\/","url":"https:\/\/www.laguiadepamplona.com\/actualidad\/este-lunes-se-celebra-el-dia-mundial-del-sindrome-de-down-y-la-fachada-de-la-casa-consistorial-se-iluminara-con-los-colores-amarillo-y-azul\/","name":"Este lunes se celebra el D\u00eda Mundial del S\u00edndrome de Down y la fachada de la Casa Consistorial se iluminar\u00e1 con los colores amarillo y azul","isPartOf":{"@id":"https:\/\/www.laguiadepamplona.com\/actualidad\/#website"},"primaryImageOfPage":{"@id":"https:\/\/www.laguiadepamplona.com\/actualidad\/este-lunes-se-celebra-el-dia-mundial-del-sindrome-de-down-y-la-fachada-de-la-casa-consistorial-se-iluminara-con-los-colores-amarillo-y-azul\/#primaryimage"},"image":{"@id":"https:\/\/www.laguiadepamplona.com\/actualidad\/este-lunes-se-celebra-el-dia-mundial-del-sindrome-de-down-y-la-fachada-de-la-casa-consistorial-se-iluminara-con-los-colores-amarillo-y-azul\/#primaryimage"},"thumbnailUrl":"https:\/\/www.laguiadepamplona.com\/actualidad\/wp-content\/uploads\/2021\/05\/Ayuntamiento_iluminacion_amarillo_nocturna.jpg","datePublished":"2022-03-21T12:24:41+00:00","dateModified":"2023-04-11T09:48:23+00:00","description":"En diciembre de 2011, la ONU design\u00f3 el 21 de marzo como D\u00eda Mundial del S\u00edndrome de Down","breadcrumb":{"@id":"https:\/\/www.laguiadepamplona.com\/actualidad\/este-lunes-se-celebra-el-dia-mundial-del-sindrome-de-down-y-la-fachada-de-la-casa-consistorial-se-iluminara-con-los-colores-amarillo-y-azul\/#breadcrumb"},"inLanguage":"es","potentialAction":[{"@type":"ReadAction","target":["https:\/\/www.laguiadepamplona.com\/actualidad\/este-lunes-se-celebra-el-dia-mundial-del-sindrome-de-down-y-la-fachada-de-la-casa-consistorial-se-iluminara-con-los-colores-amarillo-y-azul\/"]}]},{"@type":"ImageObject","inLanguage":"es","@id":"https:\/\/www.laguiadepamplona.com\/actualidad\/este-lunes-se-celebra-el-dia-mundial-del-sindrome-de-down-y-la-fachada-de-la-casa-consistorial-se-iluminara-con-los-colores-amarillo-y-azul\/#primaryimage","url":"https:\/\/www.laguiadepamplona.com\/actualidad\/wp-content\/uploads\/2021\/05\/Ayuntamiento_iluminacion_amarillo_nocturna.jpg","contentUrl":"https:\/\/www.laguiadepamplona.com\/actualidad\/wp-content\/uploads\/2021\/05\/Ayuntamiento_iluminacion_amarillo_nocturna.jpg","width":1529,"height":1019},{"@type":"BreadcrumbList","@id":"https:\/\/www.laguiadepamplona.com\/actualidad\/este-lunes-se-celebra-el-dia-mundial-del-sindrome-de-down-y-la-fachada-de-la-casa-consistorial-se-iluminara-con-los-colores-amarillo-y-azul\/#breadcrumb","itemListElement":[{"@type":"ListItem","position":1,"name":"Portada","item":"https:\/\/www.laguiadepamplona.com\/actualidad\/"},{"@type":"ListItem","position":2,"name":"Este lunes se celebra el D\u00eda Mundial del S\u00edndrome de Down y la fachada de la Casa Consistorial se iluminar\u00e1 con los colores amarillo y azul"}]},{"@type":"WebSite","@id":"https:\/\/www.laguiadepamplona.com\/actualidad\/#website","url":"https:\/\/www.laguiadepamplona.com\/actualidad\/","name":"La gu\u00eda de Pamplona","description":"Noticias de Pamplona","publisher":{"@id":"https:\/\/www.laguiadepamplona.com\/actualidad\/#organization"},"potentialAction":[{"@type":"SearchAction","target":{"@type":"EntryPoint","urlTemplate":"https:\/\/www.laguiadepamplona.com\/actualidad\/?s={search_term_string}"},"query-input":{"@type":"PropertyValueSpecification","valueRequired":true,"valueName":"search_term_string"}}],"inLanguage":"es"},{"@type":"Organization","@id":"https:\/\/www.laguiadepamplona.com\/actualidad\/#organization","name":"La Gu\u00eda de Pamplona \/ Noticias","url":"https:\/\/www.laguiadepamplona.com\/actualidad\/","logo":{"@type":"ImageObject","inLanguage":"es","@id":"https:\/\/www.laguiadepamplona.com\/actualidad\/#\/schema\/logo\/image\/","url":"https:\/\/www.laguiadepamplona.com\/actualidad\/wp-content\/uploads\/2018\/11\/logo-laguiadepamplona18-web1.png","contentUrl":"https:\/\/www.laguiadepamplona.com\/actualidad\/wp-content\/uploads\/2018\/11\/logo-laguiadepamplona18-web1.png","width":600,"height":196,"caption":"La Gu\u00eda de Pamplona \/ Noticias"},"image":{"@id":"https:\/\/www.laguiadepamplona.com\/actualidad\/#\/schema\/logo\/image\/"},"sameAs":["https:\/\/www.facebook.com\/laguiadepamplonacom-133175176762273\/?ref=hl","https:\/\/x.com\/LaGuiadPamplona","https:\/\/www.instagram.com\/la_guia_de_pamplona\/","https:\/\/www.youtube.com\/user\/laguiadepamplona"]},{"@type":"Person","@id":"https:\/\/www.laguiadepamplona.com\/actualidad\/#\/schema\/person\/efe887376f0213d4657c93adc50b1fdb","name":"La Gu\u00eda de Pamplona","image":{"@type":"ImageObject","inLanguage":"es","@id":"https:\/\/secure.gravatar.com\/avatar\/b6992f131dc8d30ab0dff15446e9d346d9dbd95992de0fef795073f5ea83a81c?s=96&d=mm&r=g","url":"https:\/\/secure.gravatar.com\/avatar\/b6992f131dc8d30ab0dff15446e9d346d9dbd95992de0fef795073f5ea83a81c?s=96&d=mm&r=g","contentUrl":"https:\/\/secure.gravatar.com\/avatar\/b6992f131dc8d30ab0dff15446e9d346d9dbd95992de0fef795073f5ea83a81c?s=96&d=mm&r=g","caption":"La Gu\u00eda de Pamplona"}}]}},"post_mailing_queue_ids":[],"_links":{"self":[{"href":"https:\/\/www.laguiadepamplona.com\/actualidad\/wp-json\/wp\/v2\/posts\/39516","targetHints":{"allow":["GET"]}}],"collection":[{"href":"https:\/\/www.laguiadepamplona.com\/actualidad\/wp-json\/wp\/v2\/posts"}],"about":[{"href":"https:\/\/www.laguiadepamplona.com\/actualidad\/wp-json\/wp\/v2\/types\/post"}],"author":[{"embeddable":true,"href":"https:\/\/www.laguiadepamplona.com\/actualidad\/wp-json\/wp\/v2\/users\/1"}],"replies":[{"embeddable":true,"href":"https:\/\/www.laguiadepamplona.com\/actualidad\/wp-json\/wp\/v2\/comments?post=39516"}],"version-history":[{"count":0,"href":"https:\/\/www.laguiadepamplona.com\/actualidad\/wp-json\/wp\/v2\/posts\/39516\/revisions"}],"wp:featuredmedia":[{"embeddable":true,"href":"https:\/\/www.laguiadepamplona.com\/actualidad\/wp-json\/wp\/v2\/media\/34649"}],"wp:attachment":[{"href":"https:\/\/www.laguiadepamplona.com\/actualidad\/wp-json\/wp\/v2\/media?parent=39516"}],"wp:term":[{"taxonomy":"category","embeddable":true,"href":"https:\/\/www.laguiadepamplona.com\/actualidad\/wp-json\/wp\/v2\/categories?post=39516"},{"taxonomy":"post_tag","embeddable":true,"href":"https:\/\/www.laguiadepamplona.com\/actualidad\/wp-json\/wp\/v2\/tags?post=39516"}],"curies":[{"name":"wp","href":"https:\/\/api.w.org\/{rel}","templated":true}]}}