{"id":39511,"date":"2022-03-21T14:18:37","date_gmt":"2022-03-21T12:18:37","guid":{"rendered":"https:\/\/www.laguiadepamplona.com\/actualidad\/?p=39511"},"modified":"2023-04-11T11:48:24","modified_gmt":"2023-04-11T09:48:24","slug":"el-parking-disuasorio-junto-al-cpeip-cardenal-ilundain-cubrira-sus-plazas-de-estacionamiento-con-unas-pergolas-que-acogeran-la-mayor-instalacion-fotovoltaica-de-la-ciudad","status":"publish","type":"post","link":"https:\/\/www.laguiadepamplona.com\/actualidad\/el-parking-disuasorio-junto-al-cpeip-cardenal-ilundain-cubrira-sus-plazas-de-estacionamiento-con-unas-pergolas-que-acogeran-la-mayor-instalacion-fotovoltaica-de-la-ciudad\/","title":{"rendered":"El parking disuasorio junto al CPEIP Cardenal Ilund\u00e1in cubrir\u00e1 sus plazas de estacionamiento con unas p\u00e9rgolas que acoger\u00e1n la mayor instalaci\u00f3n fotovoltaica de la ciudad"},"content":{"rendered":"<h5>Los al menos 700 kW de la instalaci\u00f3n supondr\u00e1n m\u00e1s potencia que todas las instalaciones juntas colocadas hasta ahora en edificios municipales<\/h5>\n<p><!--more--><\/p>\n<p>El aparcamiento disuasorio ubicado en una parcela municipal junto al CPEIP Cardenal Ilund\u00e1in en Rochapea se va a convertir en la mayor instalaci\u00f3n solar fotovoltaica de la ciudad. Albergar\u00e1 una instalaci\u00f3n de al menos 700 kW, a trav\u00e9s de paneles solares colocados en estructuras a modo de p\u00e9rgolas, que servir\u00e1n tambi\u00e9n como cubierta de las plazas de aparcamiento. La Junta de Gobierno Local ha aprobado esta ma\u00f1ana la licitaci\u00f3n de la concesi\u00f3n administrativa para un plazo de 20 a\u00f1os, que incluye la reurbanizaci\u00f3n del aparcamiento y la ejecuci\u00f3n y gesti\u00f3n de la instalaci\u00f3n solar fotovoltaica.<\/p>\n<p>El concejal delegado de Proyectos Estrat\u00e9gicos, Movilidad y Sostenibilidad, Ferm\u00edn Alonso, ha presentado esta ma\u00f1ana esta actuaci\u00f3n, enmarcada en la Estrategia Go Green Pamplona contra el cambio clim\u00e1tico. Los al menos 700 kW previstos (que podr\u00eda rondar los 1.000 kW seg\u00fan la soluci\u00f3n propuesta por los concursantes en la licitaci\u00f3n) suponen superar en una sola instalaci\u00f3n los 541,40 kW de potencia que acumulan a d\u00eda de hoy todas las instalaciones ubicadas en inmuebles municipales. Hasta ahora, la de mayor potencia era la de la cubierta de la estaci\u00f3n de autobuses, con algo m\u00e1s de 100 kW. Nada que ver con los 2 kW de la primera instalaci\u00f3n solar fotovoltaica colocada en 2001 en la CPEIP San Juan de la Cadena.<\/p>\n<p>Esta del aparcamiento anexo al CPEIP Cardenal Ilund\u00e1in es una de las actuaciones anunciadas por el Ayuntamiento de Pamplona que multiplicar\u00e1 por ocho la potencia acumulada por las instalaciones fotovoltaicas municipales de autoconsumo en los pr\u00f3ximos a\u00f1os. Junto a actuaciones proyectadas en seis edificios municipales, en el futuro polideportivo de Buztintxuri y en el proyecto Open Lab en Rochapea se lograr\u00e1 pasar de una potencia de 541,40 kW a los 4.300 kW una vez que se desarrollen todas ellas. Estos proyectos, cuando est\u00e9n ejecutados, generar\u00e1n un ahorro en la compra de energ\u00eda superior a un mill\u00f3n de euros.<br \/>\n<script async src=\"\/\/pagead2.googlesyndication.com\/pagead\/js\/adsbygoogle.js\"><\/script><br \/>\n<!-- Noticias La Guia de Pamplona --><br \/>\n<ins class=\"adsbygoogle\"\nstyle=\"display:block\"\ndata-ad-client=\"ca-pub-6943679897239327\"\ndata-ad-slot=\"7048180777\"\ndata-ad-format=\"auto\"><\/ins><br \/>\n<script>\n(adsbygoogle = window.adsbygoogle || []).push({});\n<\/script><\/p>\n<p><strong>Sobre el pliego de condiciones de la concesi\u00f3n<\/strong><\/p>\n<p>El pliego regula el suministro e instalaci\u00f3n de la planta o plantas de producci\u00f3n de energ\u00eda solar fotovoltaica; la estructura que soportar\u00e1 los paneles fotovoltaicos que, con un sistema de marquesinas o p\u00e9rgolas, permitir\u00e1 adem\u00e1s estacionar los veh\u00edculos a cubierto; la urbanizaci\u00f3n de la parcela; los requisitos m\u00ednimos de gesti\u00f3n y explotaci\u00f3n de la instalaci\u00f3n fotovoltaicas, los requisitos m\u00ednimos del proyecto t\u00e9cnico y de las obras, suministros e instalaciones recogidos en \u00e9l; y los requisitos de la puesta en servicio de las instalaciones. La empresa adjudicataria ser\u00e1 la responsable de la redacci\u00f3n de los proyectos t\u00e9cnicos, desarrollo de tr\u00e1mites con las administraciones competentes y dem\u00e1s requerimientos para una correcta implantaci\u00f3n y legalizaci\u00f3n de todos los elementos, instalaciones y sistemas afectos a esta concesi\u00f3n.<\/p>\n<p>La instalaci\u00f3n fotovoltaica deber\u00e1 estar integrada en la cubierta de las marquesinas o p\u00e9rgolas y contemplar todos los elementos necesarios para su funcionamiento y para el cumplimiento de la normativa, como los elementos fotovoltaicos, la conexi\u00f3n a la red de distribuci\u00f3n el\u00e9ctrica, cuadros el\u00e9ctricos, contadores de energ\u00eda, protecciones, licencias\u2026 La concesionaria gestionar\u00e1 la venta de la energ\u00eda generada en la instalaci\u00f3n fotovoltaica, en cualquier tipolog\u00eda regulada en el mercado (autoconsumo, venta a mercado, servicios al sistema el\u00e9ctrico\u2026). Esa venta deber\u00e1 cumplir todos los requisitos legales vigentes y futuros.<br \/>\n<script async src=\"\/\/pagead2.googlesyndication.com\/pagead\/js\/adsbygoogle.js\"><\/script><br \/>\n<!-- Noticias La Guia de Pamplona --><br \/>\n<ins class=\"adsbygoogle\"\nstyle=\"display:block\"\ndata-ad-client=\"ca-pub-6943679897239327\"\ndata-ad-slot=\"7048180777\"\ndata-ad-format=\"auto\"><\/ins><br \/>\n<script>\n(adsbygoogle = window.adsbygoogle || []).push({});\n<\/script><\/p>\n<p><strong>Apuesta por una concesi\u00f3n administrativa a 20 a\u00f1os<\/strong><\/p>\n<p>El Ayuntamiento de Pamplona ha apostado por la f\u00f3rmula de la concesi\u00f3n administrativa de esa parcela ante el reto de aumentar la generaci\u00f3n distribuida de energ\u00eda renovable en la ciudad, que provoque un menor n\u00famero de emisiones y redunde en la mejora de la calidad de vida de la ciudadan\u00eda.<\/p>\n<p>Para detallar la soluci\u00f3n deseada para esta instalaci\u00f3n fotovoltaica y definir los requerimientos t\u00e9cnicos se han realizado una consulta preliminar de mercado con siete empresas del sector, que manifestaron su inter\u00e9s en participar en la licitaci\u00f3n propuesta inicialmente. Tambi\u00e9n se han mantenido reuniones con la empresa propietaria de la red de distribuci\u00f3n el\u00e9ctrica en Pamplona, Iberdrola Distribuci\u00f3n El\u00e9ctrica, para definir las condiciones t\u00e9cnicas de la acometida a la red.<\/p>\n<p>El pliego establece un canon m\u00ednimo anual de 2.000 euros y una parte variable que ser\u00e1 valorada en el proceso de licitaci\u00f3n, con las correspondientes f\u00f3rmulas establecidas para su c\u00e1lculo y actualizaci\u00f3n y dentro de los plazos establecidos. Una vez transcurridos los 20 a\u00f1os de plazo de concesi\u00f3n administrativa, la instalaci\u00f3n revertir\u00eda al Ayuntamiento de Pamplona.<br \/>\n<script async src=\"\/\/pagead2.googlesyndication.com\/pagead\/js\/adsbygoogle.js\"><\/script><br \/>\n<!-- Noticias La Guia de Pamplona --><br \/>\n<ins class=\"adsbygoogle\"\nstyle=\"display:block\"\ndata-ad-client=\"ca-pub-6943679897239327\"\ndata-ad-slot=\"7048180777\"\ndata-ad-format=\"auto\"><\/ins><br \/>\n<script>\n(adsbygoogle = window.adsbygoogle || []).push({});\n<\/script><\/p>\n<p><strong>Un m\u00ednimo de 200 plazas cubiertas bajo las p\u00e9rgolas y puntos de recarga el\u00e9ctrica<\/strong><\/p>\n<p>La parcela limita con el t\u00e9rmino municipal de Anso\u00e1in, la avenida de Marcelo Celayeta, la traves\u00eda de Tom\u00e1s de Burgui y la calle Ostoki, junto al CPEIP Cardenal Ilund\u00e1in. Actualmente, se emplea como aparcamiento disuasorio en la modalidad, que se implant\u00f3 de forma pionera el pasado mes de diciembre, de estacionamiento gratuito las primeras 24 horas. El pliego incluye el suministro y la instalaci\u00f3n de un sistema de marquesinas que sirvan como estructura portante de la instalaci\u00f3n solar fotovoltaica.<\/p>\n<p>Adem\u00e1s, esa estructura actuar\u00e1 como cubierta de un m\u00ednimo de 200 plazas del aparcamiento y un m\u00e1ximo de la superficie completa de la parcela. Dentro de la reurbanizaci\u00f3n y ordenaci\u00f3n de la parcela, se establece que las plazas de aparcamiento se dispongan, preferentemente, en forma de bater\u00eda, pudiendo no obstante adoptar cualquier otra configuraci\u00f3n si as\u00ed lo hubiera propuesto y justificado en su oferta la entidad concesionaria. Si la cubrici\u00f3n afectara tambi\u00e9n a los carriles de circulaci\u00f3n interiores del parking, las dimensiones finales deber\u00e1n ser acordes con los est\u00e1ndares t\u00e9cnicos y la normativa vigente. Asimismo, se deber\u00e1n instalar un m\u00ednimo de 5 puntos de recarga de veh\u00edculo el\u00e9ctrico.<\/p>\n<p>El aparcamiento cuenta con una superficie de 5.500 metros cuadrados (la superficie de la parcela es de 6.850 metros cuadrados, ya que existe tambi\u00e9n una zona ajardinada que no es objeto de la concesi\u00f3n). El m\u00ednimo de plazas que se deben contabilizar tras la reurbanizaci\u00f3n ser\u00e1 de 220, con al menos 200 bajo las marquesinas de los m\u00f3dulos fotovoltaicos. Esos trabajos de adecuaci\u00f3n del aparcamiento incluyen aspectos relacionados con el afirmado y pavimentaci\u00f3n de las zonas, abastecimientos, alumbrado, se\u00f1alizaci\u00f3n u otros.<\/p>\n","protected":false},"excerpt":{"rendered":"<p>Los al menos 700 kW de la instalaci\u00f3n supondr\u00e1n m\u00e1s potencia que todas las instalaciones juntas colocadas hasta ahora en edificios municipales<\/p>\n","protected":false},"author":1,"featured_media":37285,"comment_status":"open","ping_status":"closed","sticky":false,"template":"","format":"standard","meta":{"footnotes":""},"categories":[2],"tags":[],"class_list":["post-39511","post","type-post","status-publish","format-standard","has-post-thumbnail","hentry","category-ayuntamiento-pamplona"],"yoast_head":"<!-- This site is optimized with the Yoast SEO plugin v27.5 - https:\/\/yoast.com\/product\/yoast-seo-wordpress\/ -->\n<title>El parking disuasorio junto al CPEIP Cardenal Ilund\u00e1in cubrir\u00e1 sus plazas de estacionamiento con unas p\u00e9rgolas que acoger\u00e1n la mayor instalaci\u00f3n fotovoltaica de la ciudad<\/title>\n<meta name=\"description\" content=\"de la instalaci\u00f3n supondr\u00e1n m\u00e1s potencia que todas las instalaciones juntas colocadas hasta ahora en edificios municipales\" \/>\n<meta name=\"robots\" content=\"index, follow, max-snippet:-1, max-image-preview:large, max-video-preview:-1\" \/>\n<link rel=\"canonical\" href=\"https:\/\/www.laguiadepamplona.com\/actualidad\/el-parking-disuasorio-junto-al-cpeip-cardenal-ilundain-cubrira-sus-plazas-de-estacionamiento-con-unas-pergolas-que-acogeran-la-mayor-instalacion-fotovoltaica-de-la-ciudad\/\" \/>\n<meta property=\"og:locale\" content=\"es_ES\" \/>\n<meta property=\"og:type\" content=\"article\" \/>\n<meta property=\"og:title\" content=\"El parking disuasorio junto al CPEIP Cardenal Ilund\u00e1in cubrir\u00e1 sus plazas de estacionamiento con unas p\u00e9rgolas que acoger\u00e1n la mayor instalaci\u00f3n fotovoltaica de la ciudad\" \/>\n<meta property=\"og:description\" content=\"de la instalaci\u00f3n supondr\u00e1n m\u00e1s potencia que todas las instalaciones juntas colocadas hasta ahora en edificios municipales\" \/>\n<meta property=\"og:url\" content=\"https:\/\/www.laguiadepamplona.com\/actualidad\/el-parking-disuasorio-junto-al-cpeip-cardenal-ilundain-cubrira-sus-plazas-de-estacionamiento-con-unas-pergolas-que-acogeran-la-mayor-instalacion-fotovoltaica-de-la-ciudad\/\" \/>\n<meta property=\"og:site_name\" content=\"La Gu\u00eda de Pamplona\" \/>\n<meta property=\"article:publisher\" content=\"https:\/\/www.facebook.com\/laguiadepamplonacom-133175176762273\/?ref=hl\" \/>\n<meta property=\"article:published_time\" content=\"2022-03-21T12:18:37+00:00\" \/>\n<meta property=\"article:modified_time\" content=\"2023-04-11T09:48:24+00:00\" \/>\n<meta property=\"og:image\" content=\"https:\/\/www.laguiadepamplona.com\/actualidad\/wp-content\/uploads\/2021\/11\/parlingdisuasoriorochapeaee5a6820.jpg\" \/>\n\t<meta property=\"og:image:width\" content=\"1920\" \/>\n\t<meta property=\"og:image:height\" content=\"1280\" \/>\n\t<meta property=\"og:image:type\" content=\"image\/jpeg\" \/>\n<meta name=\"author\" content=\"La Gu\u00eda de Pamplona\" \/>\n<meta name=\"twitter:card\" content=\"summary_large_image\" \/>\n<meta name=\"twitter:creator\" content=\"@LaGuiadPamplona\" \/>\n<meta name=\"twitter:site\" content=\"@LaGuiadPamplona\" \/>\n<meta name=\"twitter:label1\" content=\"Escrito por\" \/>\n\t<meta name=\"twitter:data1\" content=\"La Gu\u00eda de Pamplona\" \/>\n\t<meta name=\"twitter:label2\" content=\"Tiempo de lectura\" \/>\n\t<meta name=\"twitter:data2\" content=\"5 minutos\" \/>\n<script type=\"application\/ld+json\" class=\"yoast-schema-graph\">{\"@context\":\"https:\\\/\\\/schema.org\",\"@graph\":[{\"@type\":\"Article\",\"@id\":\"https:\\\/\\\/www.laguiadepamplona.com\\\/actualidad\\\/el-parking-disuasorio-junto-al-cpeip-cardenal-ilundain-cubrira-sus-plazas-de-estacionamiento-con-unas-pergolas-que-acogeran-la-mayor-instalacion-fotovoltaica-de-la-ciudad\\\/#article\",\"isPartOf\":{\"@id\":\"https:\\\/\\\/www.laguiadepamplona.com\\\/actualidad\\\/el-parking-disuasorio-junto-al-cpeip-cardenal-ilundain-cubrira-sus-plazas-de-estacionamiento-con-unas-pergolas-que-acogeran-la-mayor-instalacion-fotovoltaica-de-la-ciudad\\\/\"},\"author\":{\"name\":\"La Gu\u00eda de Pamplona\",\"@id\":\"https:\\\/\\\/www.laguiadepamplona.com\\\/actualidad\\\/#\\\/schema\\\/person\\\/efe887376f0213d4657c93adc50b1fdb\"},\"headline\":\"El parking disuasorio junto al CPEIP Cardenal Ilund\u00e1in cubrir\u00e1 sus plazas de estacionamiento con unas p\u00e9rgolas que acoger\u00e1n la mayor instalaci\u00f3n fotovoltaica de la ciudad\",\"datePublished\":\"2022-03-21T12:18:37+00:00\",\"dateModified\":\"2023-04-11T09:48:24+00:00\",\"mainEntityOfPage\":{\"@id\":\"https:\\\/\\\/www.laguiadepamplona.com\\\/actualidad\\\/el-parking-disuasorio-junto-al-cpeip-cardenal-ilundain-cubrira-sus-plazas-de-estacionamiento-con-unas-pergolas-que-acogeran-la-mayor-instalacion-fotovoltaica-de-la-ciudad\\\/\"},\"wordCount\":1161,\"commentCount\":0,\"publisher\":{\"@id\":\"https:\\\/\\\/www.laguiadepamplona.com\\\/actualidad\\\/#organization\"},\"image\":{\"@id\":\"https:\\\/\\\/www.laguiadepamplona.com\\\/actualidad\\\/el-parking-disuasorio-junto-al-cpeip-cardenal-ilundain-cubrira-sus-plazas-de-estacionamiento-con-unas-pergolas-que-acogeran-la-mayor-instalacion-fotovoltaica-de-la-ciudad\\\/#primaryimage\"},\"thumbnailUrl\":\"https:\\\/\\\/www.laguiadepamplona.com\\\/actualidad\\\/wp-content\\\/uploads\\\/2021\\\/11\\\/parlingdisuasoriorochapeaee5a6820.jpg\",\"articleSection\":[\"Ayto Pamplona\"],\"inLanguage\":\"es\",\"potentialAction\":[{\"@type\":\"CommentAction\",\"name\":\"Comment\",\"target\":[\"https:\\\/\\\/www.laguiadepamplona.com\\\/actualidad\\\/el-parking-disuasorio-junto-al-cpeip-cardenal-ilundain-cubrira-sus-plazas-de-estacionamiento-con-unas-pergolas-que-acogeran-la-mayor-instalacion-fotovoltaica-de-la-ciudad\\\/#respond\"]}]},{\"@type\":\"WebPage\",\"@id\":\"https:\\\/\\\/www.laguiadepamplona.com\\\/actualidad\\\/el-parking-disuasorio-junto-al-cpeip-cardenal-ilundain-cubrira-sus-plazas-de-estacionamiento-con-unas-pergolas-que-acogeran-la-mayor-instalacion-fotovoltaica-de-la-ciudad\\\/\",\"url\":\"https:\\\/\\\/www.laguiadepamplona.com\\\/actualidad\\\/el-parking-disuasorio-junto-al-cpeip-cardenal-ilundain-cubrira-sus-plazas-de-estacionamiento-con-unas-pergolas-que-acogeran-la-mayor-instalacion-fotovoltaica-de-la-ciudad\\\/\",\"name\":\"El parking disuasorio junto al CPEIP Cardenal Ilund\u00e1in cubrir\u00e1 sus plazas de estacionamiento con unas p\u00e9rgolas que acoger\u00e1n la mayor instalaci\u00f3n fotovoltaica de la ciudad\",\"isPartOf\":{\"@id\":\"https:\\\/\\\/www.laguiadepamplona.com\\\/actualidad\\\/#website\"},\"primaryImageOfPage\":{\"@id\":\"https:\\\/\\\/www.laguiadepamplona.com\\\/actualidad\\\/el-parking-disuasorio-junto-al-cpeip-cardenal-ilundain-cubrira-sus-plazas-de-estacionamiento-con-unas-pergolas-que-acogeran-la-mayor-instalacion-fotovoltaica-de-la-ciudad\\\/#primaryimage\"},\"image\":{\"@id\":\"https:\\\/\\\/www.laguiadepamplona.com\\\/actualidad\\\/el-parking-disuasorio-junto-al-cpeip-cardenal-ilundain-cubrira-sus-plazas-de-estacionamiento-con-unas-pergolas-que-acogeran-la-mayor-instalacion-fotovoltaica-de-la-ciudad\\\/#primaryimage\"},\"thumbnailUrl\":\"https:\\\/\\\/www.laguiadepamplona.com\\\/actualidad\\\/wp-content\\\/uploads\\\/2021\\\/11\\\/parlingdisuasoriorochapeaee5a6820.jpg\",\"datePublished\":\"2022-03-21T12:18:37+00:00\",\"dateModified\":\"2023-04-11T09:48:24+00:00\",\"description\":\"de la instalaci\u00f3n supondr\u00e1n m\u00e1s potencia que todas las instalaciones juntas colocadas hasta ahora en edificios municipales\",\"breadcrumb\":{\"@id\":\"https:\\\/\\\/www.laguiadepamplona.com\\\/actualidad\\\/el-parking-disuasorio-junto-al-cpeip-cardenal-ilundain-cubrira-sus-plazas-de-estacionamiento-con-unas-pergolas-que-acogeran-la-mayor-instalacion-fotovoltaica-de-la-ciudad\\\/#breadcrumb\"},\"inLanguage\":\"es\",\"potentialAction\":[{\"@type\":\"ReadAction\",\"target\":[\"https:\\\/\\\/www.laguiadepamplona.com\\\/actualidad\\\/el-parking-disuasorio-junto-al-cpeip-cardenal-ilundain-cubrira-sus-plazas-de-estacionamiento-con-unas-pergolas-que-acogeran-la-mayor-instalacion-fotovoltaica-de-la-ciudad\\\/\"]}]},{\"@type\":\"ImageObject\",\"inLanguage\":\"es\",\"@id\":\"https:\\\/\\\/www.laguiadepamplona.com\\\/actualidad\\\/el-parking-disuasorio-junto-al-cpeip-cardenal-ilundain-cubrira-sus-plazas-de-estacionamiento-con-unas-pergolas-que-acogeran-la-mayor-instalacion-fotovoltaica-de-la-ciudad\\\/#primaryimage\",\"url\":\"https:\\\/\\\/www.laguiadepamplona.com\\\/actualidad\\\/wp-content\\\/uploads\\\/2021\\\/11\\\/parlingdisuasoriorochapeaee5a6820.jpg\",\"contentUrl\":\"https:\\\/\\\/www.laguiadepamplona.com\\\/actualidad\\\/wp-content\\\/uploads\\\/2021\\\/11\\\/parlingdisuasoriorochapeaee5a6820.jpg\",\"width\":1920,\"height\":1280},{\"@type\":\"BreadcrumbList\",\"@id\":\"https:\\\/\\\/www.laguiadepamplona.com\\\/actualidad\\\/el-parking-disuasorio-junto-al-cpeip-cardenal-ilundain-cubrira-sus-plazas-de-estacionamiento-con-unas-pergolas-que-acogeran-la-mayor-instalacion-fotovoltaica-de-la-ciudad\\\/#breadcrumb\",\"itemListElement\":[{\"@type\":\"ListItem\",\"position\":1,\"name\":\"Portada\",\"item\":\"https:\\\/\\\/www.laguiadepamplona.com\\\/actualidad\\\/\"},{\"@type\":\"ListItem\",\"position\":2,\"name\":\"El parking disuasorio junto al CPEIP Cardenal Ilund\u00e1in cubrir\u00e1 sus plazas de estacionamiento con unas p\u00e9rgolas que acoger\u00e1n la mayor instalaci\u00f3n fotovoltaica de la ciudad\"}]},{\"@type\":\"WebSite\",\"@id\":\"https:\\\/\\\/www.laguiadepamplona.com\\\/actualidad\\\/#website\",\"url\":\"https:\\\/\\\/www.laguiadepamplona.com\\\/actualidad\\\/\",\"name\":\"La gu\u00eda de Pamplona\",\"description\":\"Noticias de Pamplona\",\"publisher\":{\"@id\":\"https:\\\/\\\/www.laguiadepamplona.com\\\/actualidad\\\/#organization\"},\"potentialAction\":[{\"@type\":\"SearchAction\",\"target\":{\"@type\":\"EntryPoint\",\"urlTemplate\":\"https:\\\/\\\/www.laguiadepamplona.com\\\/actualidad\\\/?s={search_term_string}\"},\"query-input\":{\"@type\":\"PropertyValueSpecification\",\"valueRequired\":true,\"valueName\":\"search_term_string\"}}],\"inLanguage\":\"es\"},{\"@type\":\"Organization\",\"@id\":\"https:\\\/\\\/www.laguiadepamplona.com\\\/actualidad\\\/#organization\",\"name\":\"La Gu\u00eda de Pamplona \\\/ Noticias\",\"url\":\"https:\\\/\\\/www.laguiadepamplona.com\\\/actualidad\\\/\",\"logo\":{\"@type\":\"ImageObject\",\"inLanguage\":\"es\",\"@id\":\"https:\\\/\\\/www.laguiadepamplona.com\\\/actualidad\\\/#\\\/schema\\\/logo\\\/image\\\/\",\"url\":\"https:\\\/\\\/www.laguiadepamplona.com\\\/actualidad\\\/wp-content\\\/uploads\\\/2018\\\/11\\\/logo-laguiadepamplona18-web1.png\",\"contentUrl\":\"https:\\\/\\\/www.laguiadepamplona.com\\\/actualidad\\\/wp-content\\\/uploads\\\/2018\\\/11\\\/logo-laguiadepamplona18-web1.png\",\"width\":600,\"height\":196,\"caption\":\"La Gu\u00eda de Pamplona \\\/ Noticias\"},\"image\":{\"@id\":\"https:\\\/\\\/www.laguiadepamplona.com\\\/actualidad\\\/#\\\/schema\\\/logo\\\/image\\\/\"},\"sameAs\":[\"https:\\\/\\\/www.facebook.com\\\/laguiadepamplonacom-133175176762273\\\/?ref=hl\",\"https:\\\/\\\/x.com\\\/LaGuiadPamplona\",\"https:\\\/\\\/www.instagram.com\\\/la_guia_de_pamplona\\\/\",\"https:\\\/\\\/www.youtube.com\\\/user\\\/laguiadepamplona\"]},{\"@type\":\"Person\",\"@id\":\"https:\\\/\\\/www.laguiadepamplona.com\\\/actualidad\\\/#\\\/schema\\\/person\\\/efe887376f0213d4657c93adc50b1fdb\",\"name\":\"La Gu\u00eda de Pamplona\",\"image\":{\"@type\":\"ImageObject\",\"inLanguage\":\"es\",\"@id\":\"https:\\\/\\\/secure.gravatar.com\\\/avatar\\\/b6992f131dc8d30ab0dff15446e9d346d9dbd95992de0fef795073f5ea83a81c?s=96&d=mm&r=g\",\"url\":\"https:\\\/\\\/secure.gravatar.com\\\/avatar\\\/b6992f131dc8d30ab0dff15446e9d346d9dbd95992de0fef795073f5ea83a81c?s=96&d=mm&r=g\",\"contentUrl\":\"https:\\\/\\\/secure.gravatar.com\\\/avatar\\\/b6992f131dc8d30ab0dff15446e9d346d9dbd95992de0fef795073f5ea83a81c?s=96&d=mm&r=g\",\"caption\":\"La Gu\u00eda de Pamplona\"}}]}<\/script>\n<!-- \/ Yoast SEO plugin. -->","yoast_head_json":{"title":"El parking disuasorio junto al CPEIP Cardenal Ilund\u00e1in cubrir\u00e1 sus plazas de estacionamiento con unas p\u00e9rgolas que acoger\u00e1n la mayor instalaci\u00f3n fotovoltaica de la ciudad","description":"de la instalaci\u00f3n supondr\u00e1n m\u00e1s potencia que todas las instalaciones juntas colocadas hasta ahora en edificios municipales","robots":{"index":"index","follow":"follow","max-snippet":"max-snippet:-1","max-image-preview":"max-image-preview:large","max-video-preview":"max-video-preview:-1"},"canonical":"https:\/\/www.laguiadepamplona.com\/actualidad\/el-parking-disuasorio-junto-al-cpeip-cardenal-ilundain-cubrira-sus-plazas-de-estacionamiento-con-unas-pergolas-que-acogeran-la-mayor-instalacion-fotovoltaica-de-la-ciudad\/","og_locale":"es_ES","og_type":"article","og_title":"El parking disuasorio junto al CPEIP Cardenal Ilund\u00e1in cubrir\u00e1 sus plazas de estacionamiento con unas p\u00e9rgolas que acoger\u00e1n la mayor instalaci\u00f3n fotovoltaica de la ciudad","og_description":"de la instalaci\u00f3n supondr\u00e1n m\u00e1s potencia que todas las instalaciones juntas colocadas hasta ahora en edificios municipales","og_url":"https:\/\/www.laguiadepamplona.com\/actualidad\/el-parking-disuasorio-junto-al-cpeip-cardenal-ilundain-cubrira-sus-plazas-de-estacionamiento-con-unas-pergolas-que-acogeran-la-mayor-instalacion-fotovoltaica-de-la-ciudad\/","og_site_name":"La Gu\u00eda de Pamplona","article_publisher":"https:\/\/www.facebook.com\/laguiadepamplonacom-133175176762273\/?ref=hl","article_published_time":"2022-03-21T12:18:37+00:00","article_modified_time":"2023-04-11T09:48:24+00:00","og_image":[{"width":1920,"height":1280,"url":"https:\/\/www.laguiadepamplona.com\/actualidad\/wp-content\/uploads\/2021\/11\/parlingdisuasoriorochapeaee5a6820.jpg","type":"image\/jpeg"}],"author":"La Gu\u00eda de Pamplona","twitter_card":"summary_large_image","twitter_creator":"@LaGuiadPamplona","twitter_site":"@LaGuiadPamplona","twitter_misc":{"Escrito por":"La Gu\u00eda de Pamplona","Tiempo de lectura":"5 minutos"},"schema":{"@context":"https:\/\/schema.org","@graph":[{"@type":"Article","@id":"https:\/\/www.laguiadepamplona.com\/actualidad\/el-parking-disuasorio-junto-al-cpeip-cardenal-ilundain-cubrira-sus-plazas-de-estacionamiento-con-unas-pergolas-que-acogeran-la-mayor-instalacion-fotovoltaica-de-la-ciudad\/#article","isPartOf":{"@id":"https:\/\/www.laguiadepamplona.com\/actualidad\/el-parking-disuasorio-junto-al-cpeip-cardenal-ilundain-cubrira-sus-plazas-de-estacionamiento-con-unas-pergolas-que-acogeran-la-mayor-instalacion-fotovoltaica-de-la-ciudad\/"},"author":{"name":"La Gu\u00eda de Pamplona","@id":"https:\/\/www.laguiadepamplona.com\/actualidad\/#\/schema\/person\/efe887376f0213d4657c93adc50b1fdb"},"headline":"El parking disuasorio junto al CPEIP Cardenal Ilund\u00e1in cubrir\u00e1 sus plazas de estacionamiento con unas p\u00e9rgolas que acoger\u00e1n la mayor instalaci\u00f3n fotovoltaica de la ciudad","datePublished":"2022-03-21T12:18:37+00:00","dateModified":"2023-04-11T09:48:24+00:00","mainEntityOfPage":{"@id":"https:\/\/www.laguiadepamplona.com\/actualidad\/el-parking-disuasorio-junto-al-cpeip-cardenal-ilundain-cubrira-sus-plazas-de-estacionamiento-con-unas-pergolas-que-acogeran-la-mayor-instalacion-fotovoltaica-de-la-ciudad\/"},"wordCount":1161,"commentCount":0,"publisher":{"@id":"https:\/\/www.laguiadepamplona.com\/actualidad\/#organization"},"image":{"@id":"https:\/\/www.laguiadepamplona.com\/actualidad\/el-parking-disuasorio-junto-al-cpeip-cardenal-ilundain-cubrira-sus-plazas-de-estacionamiento-con-unas-pergolas-que-acogeran-la-mayor-instalacion-fotovoltaica-de-la-ciudad\/#primaryimage"},"thumbnailUrl":"https:\/\/www.laguiadepamplona.com\/actualidad\/wp-content\/uploads\/2021\/11\/parlingdisuasoriorochapeaee5a6820.jpg","articleSection":["Ayto Pamplona"],"inLanguage":"es","potentialAction":[{"@type":"CommentAction","name":"Comment","target":["https:\/\/www.laguiadepamplona.com\/actualidad\/el-parking-disuasorio-junto-al-cpeip-cardenal-ilundain-cubrira-sus-plazas-de-estacionamiento-con-unas-pergolas-que-acogeran-la-mayor-instalacion-fotovoltaica-de-la-ciudad\/#respond"]}]},{"@type":"WebPage","@id":"https:\/\/www.laguiadepamplona.com\/actualidad\/el-parking-disuasorio-junto-al-cpeip-cardenal-ilundain-cubrira-sus-plazas-de-estacionamiento-con-unas-pergolas-que-acogeran-la-mayor-instalacion-fotovoltaica-de-la-ciudad\/","url":"https:\/\/www.laguiadepamplona.com\/actualidad\/el-parking-disuasorio-junto-al-cpeip-cardenal-ilundain-cubrira-sus-plazas-de-estacionamiento-con-unas-pergolas-que-acogeran-la-mayor-instalacion-fotovoltaica-de-la-ciudad\/","name":"El parking disuasorio junto al CPEIP Cardenal Ilund\u00e1in cubrir\u00e1 sus plazas de estacionamiento con unas p\u00e9rgolas que acoger\u00e1n la mayor instalaci\u00f3n fotovoltaica de la ciudad","isPartOf":{"@id":"https:\/\/www.laguiadepamplona.com\/actualidad\/#website"},"primaryImageOfPage":{"@id":"https:\/\/www.laguiadepamplona.com\/actualidad\/el-parking-disuasorio-junto-al-cpeip-cardenal-ilundain-cubrira-sus-plazas-de-estacionamiento-con-unas-pergolas-que-acogeran-la-mayor-instalacion-fotovoltaica-de-la-ciudad\/#primaryimage"},"image":{"@id":"https:\/\/www.laguiadepamplona.com\/actualidad\/el-parking-disuasorio-junto-al-cpeip-cardenal-ilundain-cubrira-sus-plazas-de-estacionamiento-con-unas-pergolas-que-acogeran-la-mayor-instalacion-fotovoltaica-de-la-ciudad\/#primaryimage"},"thumbnailUrl":"https:\/\/www.laguiadepamplona.com\/actualidad\/wp-content\/uploads\/2021\/11\/parlingdisuasoriorochapeaee5a6820.jpg","datePublished":"2022-03-21T12:18:37+00:00","dateModified":"2023-04-11T09:48:24+00:00","description":"de la instalaci\u00f3n supondr\u00e1n m\u00e1s potencia que todas las instalaciones juntas colocadas hasta ahora en edificios municipales","breadcrumb":{"@id":"https:\/\/www.laguiadepamplona.com\/actualidad\/el-parking-disuasorio-junto-al-cpeip-cardenal-ilundain-cubrira-sus-plazas-de-estacionamiento-con-unas-pergolas-que-acogeran-la-mayor-instalacion-fotovoltaica-de-la-ciudad\/#breadcrumb"},"inLanguage":"es","potentialAction":[{"@type":"ReadAction","target":["https:\/\/www.laguiadepamplona.com\/actualidad\/el-parking-disuasorio-junto-al-cpeip-cardenal-ilundain-cubrira-sus-plazas-de-estacionamiento-con-unas-pergolas-que-acogeran-la-mayor-instalacion-fotovoltaica-de-la-ciudad\/"]}]},{"@type":"ImageObject","inLanguage":"es","@id":"https:\/\/www.laguiadepamplona.com\/actualidad\/el-parking-disuasorio-junto-al-cpeip-cardenal-ilundain-cubrira-sus-plazas-de-estacionamiento-con-unas-pergolas-que-acogeran-la-mayor-instalacion-fotovoltaica-de-la-ciudad\/#primaryimage","url":"https:\/\/www.laguiadepamplona.com\/actualidad\/wp-content\/uploads\/2021\/11\/parlingdisuasoriorochapeaee5a6820.jpg","contentUrl":"https:\/\/www.laguiadepamplona.com\/actualidad\/wp-content\/uploads\/2021\/11\/parlingdisuasoriorochapeaee5a6820.jpg","width":1920,"height":1280},{"@type":"BreadcrumbList","@id":"https:\/\/www.laguiadepamplona.com\/actualidad\/el-parking-disuasorio-junto-al-cpeip-cardenal-ilundain-cubrira-sus-plazas-de-estacionamiento-con-unas-pergolas-que-acogeran-la-mayor-instalacion-fotovoltaica-de-la-ciudad\/#breadcrumb","itemListElement":[{"@type":"ListItem","position":1,"name":"Portada","item":"https:\/\/www.laguiadepamplona.com\/actualidad\/"},{"@type":"ListItem","position":2,"name":"El parking disuasorio junto al CPEIP Cardenal Ilund\u00e1in cubrir\u00e1 sus plazas de estacionamiento con unas p\u00e9rgolas que acoger\u00e1n la mayor instalaci\u00f3n fotovoltaica de la ciudad"}]},{"@type":"WebSite","@id":"https:\/\/www.laguiadepamplona.com\/actualidad\/#website","url":"https:\/\/www.laguiadepamplona.com\/actualidad\/","name":"La gu\u00eda de Pamplona","description":"Noticias de Pamplona","publisher":{"@id":"https:\/\/www.laguiadepamplona.com\/actualidad\/#organization"},"potentialAction":[{"@type":"SearchAction","target":{"@type":"EntryPoint","urlTemplate":"https:\/\/www.laguiadepamplona.com\/actualidad\/?s={search_term_string}"},"query-input":{"@type":"PropertyValueSpecification","valueRequired":true,"valueName":"search_term_string"}}],"inLanguage":"es"},{"@type":"Organization","@id":"https:\/\/www.laguiadepamplona.com\/actualidad\/#organization","name":"La Gu\u00eda de Pamplona \/ Noticias","url":"https:\/\/www.laguiadepamplona.com\/actualidad\/","logo":{"@type":"ImageObject","inLanguage":"es","@id":"https:\/\/www.laguiadepamplona.com\/actualidad\/#\/schema\/logo\/image\/","url":"https:\/\/www.laguiadepamplona.com\/actualidad\/wp-content\/uploads\/2018\/11\/logo-laguiadepamplona18-web1.png","contentUrl":"https:\/\/www.laguiadepamplona.com\/actualidad\/wp-content\/uploads\/2018\/11\/logo-laguiadepamplona18-web1.png","width":600,"height":196,"caption":"La Gu\u00eda de Pamplona \/ Noticias"},"image":{"@id":"https:\/\/www.laguiadepamplona.com\/actualidad\/#\/schema\/logo\/image\/"},"sameAs":["https:\/\/www.facebook.com\/laguiadepamplonacom-133175176762273\/?ref=hl","https:\/\/x.com\/LaGuiadPamplona","https:\/\/www.instagram.com\/la_guia_de_pamplona\/","https:\/\/www.youtube.com\/user\/laguiadepamplona"]},{"@type":"Person","@id":"https:\/\/www.laguiadepamplona.com\/actualidad\/#\/schema\/person\/efe887376f0213d4657c93adc50b1fdb","name":"La Gu\u00eda de Pamplona","image":{"@type":"ImageObject","inLanguage":"es","@id":"https:\/\/secure.gravatar.com\/avatar\/b6992f131dc8d30ab0dff15446e9d346d9dbd95992de0fef795073f5ea83a81c?s=96&d=mm&r=g","url":"https:\/\/secure.gravatar.com\/avatar\/b6992f131dc8d30ab0dff15446e9d346d9dbd95992de0fef795073f5ea83a81c?s=96&d=mm&r=g","contentUrl":"https:\/\/secure.gravatar.com\/avatar\/b6992f131dc8d30ab0dff15446e9d346d9dbd95992de0fef795073f5ea83a81c?s=96&d=mm&r=g","caption":"La Gu\u00eda de Pamplona"}}]}},"post_mailing_queue_ids":[],"_links":{"self":[{"href":"https:\/\/www.laguiadepamplona.com\/actualidad\/wp-json\/wp\/v2\/posts\/39511","targetHints":{"allow":["GET"]}}],"collection":[{"href":"https:\/\/www.laguiadepamplona.com\/actualidad\/wp-json\/wp\/v2\/posts"}],"about":[{"href":"https:\/\/www.laguiadepamplona.com\/actualidad\/wp-json\/wp\/v2\/types\/post"}],"author":[{"embeddable":true,"href":"https:\/\/www.laguiadepamplona.com\/actualidad\/wp-json\/wp\/v2\/users\/1"}],"replies":[{"embeddable":true,"href":"https:\/\/www.laguiadepamplona.com\/actualidad\/wp-json\/wp\/v2\/comments?post=39511"}],"version-history":[{"count":0,"href":"https:\/\/www.laguiadepamplona.com\/actualidad\/wp-json\/wp\/v2\/posts\/39511\/revisions"}],"wp:featuredmedia":[{"embeddable":true,"href":"https:\/\/www.laguiadepamplona.com\/actualidad\/wp-json\/wp\/v2\/media\/37285"}],"wp:attachment":[{"href":"https:\/\/www.laguiadepamplona.com\/actualidad\/wp-json\/wp\/v2\/media?parent=39511"}],"wp:term":[{"taxonomy":"category","embeddable":true,"href":"https:\/\/www.laguiadepamplona.com\/actualidad\/wp-json\/wp\/v2\/categories?post=39511"},{"taxonomy":"post_tag","embeddable":true,"href":"https:\/\/www.laguiadepamplona.com\/actualidad\/wp-json\/wp\/v2\/tags?post=39511"}],"curies":[{"name":"wp","href":"https:\/\/api.w.org\/{rel}","templated":true}]}}