{"id":39502,"date":"2022-03-18T13:39:46","date_gmt":"2022-03-18T11:39:46","guid":{"rendered":"https:\/\/www.laguiadepamplona.com\/actualidad\/?p=39502"},"modified":"2023-04-11T11:48:24","modified_gmt":"2023-04-11T09:48:24","slug":"el-ayuntamiento-quiere-viralizar-las-sonrisas-en-la-nueva-campana-turistica-de-pamplona-para-las-vacaciones-de-semana-santa","status":"publish","type":"post","link":"https:\/\/www.laguiadepamplona.com\/actualidad\/el-ayuntamiento-quiere-viralizar-las-sonrisas-en-la-nueva-campana-turistica-de-pamplona-para-las-vacaciones-de-semana-santa\/","title":{"rendered":"El Ayuntamiento quiere viralizar las sonrisas en la nueva campa\u00f1a tur\u00edstica de Pamplona para las vacaciones de Semana Santa"},"content":{"rendered":"<h5>Esta ma\u00f1ana se ha presentado el conjunto de actividades y materiales promocionales fruto de la colaboraci\u00f3n p\u00fablico-privada en el sector<\/h5>\n<p><!--more--><\/p>\n<p>\u2018Di Pamplona y sonr\u00ede\u2019 es el lema de la nueva campa\u00f1a de Turismo del Ayuntamiento de Pamplona y, para inmortalizar las visitas, desde el 9 de abril hasta el d\u00eda 24 la Plaza Consistorial acoger\u00e1 un <em>photocall <\/em>de gran tama\u00f1o para enmarcar las sonrisas de quienes paseen por la ciudad y quieran llevarse un recuerdo o compartir en redes sociales su paso por Pamplona y hacerlo desde un lugar emblem\u00e1tico de la ciudad, la plaza que protagoniza el inicio de las fiestas de San Ferm\u00edn.<\/p>\n<p>Esta ma\u00f1ana se ha presentado el conjunto de materiales preparados para la promoci\u00f3n tur\u00edstica de la ciudad durante esta Semana Santa. Entre ellos el nuevo folleto \u201c<a href=\"https:\/\/we.tl\/t-fh0kCP8x16\" target=\"_blank\" rel=\"noopener\">Qu\u00e9 hacer, A d\u00f3nde ir\u201d<\/a>. con im\u00e1genes e informaci\u00f3n sobre horarios de recursos visitables y actividades tur\u00edsticas programadas en Pamplona, y otros elementos como los 50.000 manteles de papel con destino a la hosteler\u00eda. En estas semanas lo previsto es reforzar el conjunto de la oferta monumental, etnogr\u00e1fica, muse\u00edstica y \u201cverde\u201d con una oferta de visitas guiadas a la ciudad, excursiones de d\u00eda por Navarra o a otros destinos, con Pamplona con punto de origen, una yincana familiar del Camino de Santiago, catas de vino y pinchos o alquiler de kayaks.<\/p>\n<p>Esta ma\u00f1ana la concejala especial de Turismo, Carmen Alba, acompa\u00f1ada por Javier Aldunate de la empresa de actividades culturales Trip Navarra en representaci\u00f3n de las empresas de actividades culturales de la ciudad de Pamplona, ha presentado las l\u00edneas de la oferta tur\u00edstica de la ciudad para esta Semana Santa. Un conjunto de propuestas que involucra a agentes del sector fruto de la colaboraci\u00f3n entre el Consistorio y entidades publico privadas. Entre otros, respaldan la campa\u00f1a el Gobierno de Navarra, la Asociaci\u00f3n de Hoteles de Pamplona, la Asociaci\u00f3n Navarra de Peque\u00f1as Empresas de Hosteler\u00eda, la Asociaci\u00f3n de Empresarios Hosteler\u00eda de Navarra, Catedral de Pamplona, Planetario de Pamplona, Museo Universidad de Navarra (MUN) y las empresas de actividades culturales y de la naturaleza de la ciudad, como Northern Spain Travel, Feel Navarra, Gu\u00eda de Pamplona, Rutas Vivamus y Trip Navarra.<\/p>\n<p>La propuesta municipal \u2018Di Pamplona y sonr\u00ede\u2019 pretende viralizar Pamplona como destino tur\u00edstico amable usando @visitpamplona como etiqueta con el hashtag #DiPamplonaysonrie. El objetivo es trasmitir la ciudad como espacio de acogida, cercan\u00eda, tranquilidad y familia, en un marco de naturaleza y con experiencias destinadas a diferentes p\u00fablicos.<br \/>\n<script async src=\"\/\/pagead2.googlesyndication.com\/pagead\/js\/adsbygoogle.js\"><\/script><br \/>\n<!-- Noticias La Guia de Pamplona --><br \/>\n<ins class=\"adsbygoogle\"\nstyle=\"display:block\"\ndata-ad-client=\"ca-pub-6943679897239327\"\ndata-ad-slot=\"7048180777\"\ndata-ad-format=\"auto\"><\/ins><br \/>\n<script>\n(adsbygoogle = window.adsbygoogle || []).push({});\n<\/script><\/p>\n<p><strong>Monumentos, visitas y excursiones en un \u00fanico folleto<\/strong><\/p>\n<p>Y es que Pamplona tiene una oferta estable de turismo monumental como la Ciudadela, la Catedral, o diversos templos, que se complementa con las propuestas muse\u00edsticas a trav\u00e9s del MUN, el centro Ultreia, el Museo Oteiza, el Fort\u00edn de San Bartolom\u00e9 o la exposici\u00f3n Occidens. Pero, adem\u00e1s, la ciudad ofrece tambi\u00e9n recorridos se\u00f1alizados como el del Encierro, el Camino de Santiago o el de las fortificaciones y un importante vector verde o de naturaleza, con recursos como los parques hist\u00f3ricos de Taconera y Medialuna o el Parque Fluvial.<\/p>\n<p>Como refuerzo a toda la actividad de visitas guiadas, la ciudad ha preparado actividades de temporada en estas fechas para visitantes y vecindario. Los d\u00edas 15, 17 y 23 de abril est\u00e1 prevista la realizaci\u00f3n de la yincana \u2018Pamplona, la primera del Camino\u2019, una prueba de ingenio por grupos en la que habr\u00e1 que descifrar las pistas para llegar a la frase oculta. Es una propuesta destinada a familias con ni\u00f1os y de car\u00e1cter gratuito que, saliendo de Plaza Consistorial, se desarrollar\u00e1 en el Portal de Francia, los exteriores de la Catedral, la calle San Saturnino, la plaza de Santiago y el Centro Ultreia. Los grupos tendr\u00e1n 15 plazas de aforo m\u00e1ximo y la actividad comenzar\u00e1 a las 18 horas, con 90 minutos de duraci\u00f3n.<\/p>\n<p>La yincana se suma a escape streets, juegos al aire libre, propuestas deportivas, diversas visitas guiadas y excursiones en diferentes idiomas, que est\u00e1n pormenorizadamente recogidas en el folleto informativo \u201cQu\u00e9 hacer, A d\u00f3nde ir\u201d. En el <a href=\"https:\/\/www.pamplona.es\/turismo\" target=\"_blank\" rel=\"noopener\">portal municipal<\/a> y en la Oficina de Turismo, quienes visitan la ciudad encontrar\u00e1n tambi\u00e9n toda la informaci\u00f3n para la compra de tickets para realizar visitas guiadas a Pamplona y excursiones de d\u00eda con salida desde la capital, entre otros a la sierra de Urbasa, las Bardenas o la selva del Irati. Adem\u00e1s, entre la oferta, se encuentra la posibilidad de disfrutar de kayak en el molino de San Andr\u00e9s. Una amplia propuesta fruto de la colaboraci\u00f3n p\u00fablico \u2013 privada entre el Consistorio y las empresas del sector.<br \/>\n<script async src=\"\/\/pagead2.googlesyndication.com\/pagead\/js\/adsbygoogle.js\"><\/script><br \/>\n<!-- Noticias La Guia de Pamplona --><br \/>\n<ins class=\"adsbygoogle\"\nstyle=\"display:block\"\ndata-ad-client=\"ca-pub-6943679897239327\"\ndata-ad-slot=\"7048180777\"\ndata-ad-format=\"auto\"><\/ins><br \/>\n<script>\n(adsbygoogle = window.adsbygoogle || []).push({});\n<\/script><\/p>\n<p><strong>La gastronom\u00eda y la enolog\u00eda como atractivo<\/strong><\/p>\n<p>Uno de los atractivos de Pamplona y Navarra reconocidos en las encuestas tur\u00edsticas y en los datos del Observatorio, tienen que ver con el buen comer y la enolog\u00eda. Por ello, los d\u00edas 9, 14, 15 y 16 de abril se ha previsto la realizaci\u00f3n de catas de cuatro caldos navarros acompa\u00f1ados por tres pinchos, a trav\u00e9s de la empresa Pamplona Food.<\/p>\n<p>Con inicio en Chez Belagua (calle Estafeta, 49), a las 19 horas se realizar\u00e1 una cata de introducci\u00f3n al vino (un blanco, un rosado y dos tintos) atendiendo a las fases de cata: color, aroma y sabor. La sumiller ir\u00e1 haciendo relato sobre las zonas vitivin\u00edcolas y bodegas de Navarra de forma el grupo ir\u00e1 conociendo m\u00e1s sobre las variedades usadas, formas elaboraci\u00f3n y gesti\u00f3n en bodega. Una vez catados los vinos se podr\u00e1 disfrutar tambi\u00e9n de la degustaci\u00f3n de tres pinchos. La actividad tiene un precio de 25 euros por persona, una duraci\u00f3n de entre 60 y 90 minutos, y el n\u00famero m\u00e1ximo de plazas por grupo es de 20.<br \/>\n<script async src=\"\/\/pagead2.googlesyndication.com\/pagead\/js\/adsbygoogle.js\"><\/script><br \/>\n<!-- Noticias La Guia de Pamplona --><br \/>\n<ins class=\"adsbygoogle\"\nstyle=\"display:block\"\ndata-ad-client=\"ca-pub-6943679897239327\"\ndata-ad-slot=\"7048180777\"\ndata-ad-format=\"auto\"><\/ins><br \/>\n<script>\n(adsbygoogle = window.adsbygoogle || []).push({});\n<\/script><\/p>\n<p><strong>Informaci\u00f3n y reservas<\/strong><\/p>\n<p>La informaci\u00f3n sobre estas actividades y el resto de las programadas est\u00e1 ya disponible en <a href=\"https:\/\/www.pamplona.es\/promocionesturismo\" target=\"_blank\" rel=\"noopener\">https:\/\/www.pamplona.es\/promocionesturismo<\/a>. Es el espacio digital al que, por medio de un QR, redirigen todos los materiales de promoci\u00f3n de la campa\u00f1a. A su vez, el folleto estar\u00e1 disponible en la Oficina de Turismo y hoteles de la ciudad en su formato f\u00edsico, y tambi\u00e9n de forma digital en el apartado de Turismo de la web municipal.<\/p>\n<p>Los tickets y entradas para todas las actividades podr\u00e1n obtenerse a trav\u00e9s del enlace <a href=\"https:\/\/ayuntamientopamplona.sacatuentrada.es\/\" target=\"_blank\" rel=\"noopener\">https:\/\/ayuntamientopamplona.sacatuentrada.es\/<\/a> y presencialmente en el t\u00f3tem que alberga la Oficina de Turismo municipal. M\u00e1s all\u00e1 del inter\u00e9s por actividades o monumentos concretos, est\u00e1 a disposici\u00f3n de quienes hacen turismo la Pamplona Iru\u00f1a Card (PIC), la tarjeta oficial que ofrece descuentos globales a la hora de visitar los museos y lugares tur\u00edsticos, adquirir entradas para espect\u00e1culos o, incluso, descuentos en comercios. Se puede descargar de forma gratuita y ofrece un descuento m\u00ednimo del 10% sobre el precio, o bonos regalo en establecimientos hosteleros y comercios de la ciudad.<br \/>\n<script async src=\"\/\/pagead2.googlesyndication.com\/pagead\/js\/adsbygoogle.js\"><\/script><br \/>\n<!-- Noticias La Guia de Pamplona --><br \/>\n<ins class=\"adsbygoogle\"\nstyle=\"display:block\"\ndata-ad-client=\"ca-pub-6943679897239327\"\ndata-ad-slot=\"7048180777\"\ndata-ad-format=\"auto\"><\/ins><br \/>\n<script>\n(adsbygoogle = window.adsbygoogle || []).push({});\n<\/script><\/p>\n<p><strong>\u2018Di Pamplona y sonr\u00ede\u2019 digitalmente<\/strong><\/p>\n<p>La campa\u00f1a municipal tiene como medio de difusi\u00f3n prioritario las diversas redes sociales, una manera de llegar directamente a las personas usuarias, viralizar contenidos e ignorar las fronteras f\u00edsicas en la difusi\u00f3n del mensaje. Su objetivo esencia, son parejas j\u00f3venes de alrededor de 30 a\u00f1os, la franja de edad de 40 a 60 a\u00f1os, as\u00ed como familias j\u00f3venes de los mercados de proximidad: Arag\u00f3n, Euskadi, La Rioja y el suroeste franc\u00e9s.<\/p>\n<p>Se desarrollar\u00e1 con publicaciones propias y post y buscar\u00e1 la participaci\u00f3n audiovisual de los internautas mediante el <em>photocall<\/em> gigante (de dimensiones 120 x 170 cm) que servir\u00e1 como encuadre fotogr\u00e1fico o para la realizaci\u00f3n de clips de v\u00eddeo y as\u00ed obtener menciones bajo el hashtag #DiPamplonaysonr\u00ede desde el comienzo de la campa\u00f1a el 17 de marzo hasta el 24 de abril. Inicialmente el destino de estos contenidos son las redes de Turismo del Ayuntamiento @visitpamplona (en Twitter y Facebook) y @visit_pamplona en Instagram. A esta iniciativa se une la presencia de mantelitos con la imagen de la campa\u00f1a dotados de QR en los establecimientos de hosteler\u00eda.<\/p>\n<p>La campa\u00f1a tambi\u00e9n se difundir\u00e1 a trav\u00e9s de la en la App Pamplona-Iru\u00f1a y se podr\u00e1 ver en las pantallas interiores y exteriores de la Oficina de Turismo y en los mupis (anal\u00f3gicos y digitales) del Consistorio. Est\u00e1 prevista la emisi\u00f3n de un bolet\u00edn de promociones con las actividades de Semana Santa y el apoyo de <a href=\"https:\/\/youtu.be\/z1D7Ama9-10\" target=\"_blank\" rel=\"noopener\">un v\u00eddeo realizado espec\u00edficamente para esta campa\u00f1a<\/a>.<\/p>\n","protected":false},"excerpt":{"rendered":"<p>Esta ma\u00f1ana se ha presentado el conjunto de actividades y materiales promocionales fruto de la colaboraci\u00f3n p\u00fablico-privada en el sector<\/p>\n","protected":false},"author":1,"featured_media":39503,"comment_status":"open","ping_status":"closed","sticky":false,"template":"","format":"standard","meta":{"footnotes":""},"categories":[2],"tags":[],"class_list":["post-39502","post","type-post","status-publish","format-standard","has-post-thumbnail","hentry","category-ayuntamiento-pamplona"],"yoast_head":"<!-- This site is optimized with the Yoast SEO plugin v27.5 - https:\/\/yoast.com\/product\/yoast-seo-wordpress\/ -->\n<title>El Ayuntamiento quiere viralizar las sonrisas en la nueva campa\u00f1a tur\u00edstica de Pamplona para las vacaciones de Semana Santa<\/title>\n<meta name=\"description\" content=\"Esta ma\u00f1ana se ha presentado el conjunto de actividades y materiales promocionales fruto de la colaboraci\u00f3n p\u00fablico-privada en el sector\" \/>\n<meta name=\"robots\" content=\"index, follow, max-snippet:-1, max-image-preview:large, max-video-preview:-1\" \/>\n<link rel=\"canonical\" href=\"https:\/\/www.laguiadepamplona.com\/actualidad\/el-ayuntamiento-quiere-viralizar-las-sonrisas-en-la-nueva-campana-turistica-de-pamplona-para-las-vacaciones-de-semana-santa\/\" \/>\n<meta property=\"og:locale\" content=\"es_ES\" \/>\n<meta property=\"og:type\" content=\"article\" \/>\n<meta property=\"og:title\" content=\"El Ayuntamiento quiere viralizar las sonrisas en la nueva campa\u00f1a tur\u00edstica de Pamplona para las vacaciones de Semana Santa\" \/>\n<meta property=\"og:description\" content=\"Esta ma\u00f1ana se ha presentado el conjunto de actividades y materiales promocionales fruto de la colaboraci\u00f3n p\u00fablico-privada en el sector\" \/>\n<meta property=\"og:url\" content=\"https:\/\/www.laguiadepamplona.com\/actualidad\/el-ayuntamiento-quiere-viralizar-las-sonrisas-en-la-nueva-campana-turistica-de-pamplona-para-las-vacaciones-de-semana-santa\/\" \/>\n<meta property=\"og:site_name\" content=\"La Gu\u00eda de Pamplona\" \/>\n<meta property=\"article:publisher\" content=\"https:\/\/www.facebook.com\/laguiadepamplonacom-133175176762273\/?ref=hl\" \/>\n<meta property=\"article:published_time\" content=\"2022-03-18T11:39:46+00:00\" \/>\n<meta property=\"article:modified_time\" content=\"2023-04-11T09:48:24+00:00\" \/>\n<meta property=\"og:image\" content=\"https:\/\/www.laguiadepamplona.com\/actualidad\/wp-content\/uploads\/2022\/03\/viralizar-sonrisas-pamplona.jpg\" \/>\n\t<meta property=\"og:image:width\" content=\"1772\" \/>\n\t<meta property=\"og:image:height\" content=\"1182\" \/>\n\t<meta property=\"og:image:type\" content=\"image\/jpeg\" \/>\n<meta name=\"author\" content=\"La Gu\u00eda de Pamplona\" \/>\n<meta name=\"twitter:card\" content=\"summary_large_image\" \/>\n<meta name=\"twitter:creator\" content=\"@LaGuiadPamplona\" \/>\n<meta name=\"twitter:site\" content=\"@LaGuiadPamplona\" \/>\n<meta name=\"twitter:label1\" content=\"Escrito por\" \/>\n\t<meta name=\"twitter:data1\" content=\"La Gu\u00eda de Pamplona\" \/>\n\t<meta name=\"twitter:label2\" content=\"Tiempo de lectura\" \/>\n\t<meta name=\"twitter:data2\" content=\"7 minutos\" \/>\n<script type=\"application\/ld+json\" class=\"yoast-schema-graph\">{\"@context\":\"https:\\\/\\\/schema.org\",\"@graph\":[{\"@type\":\"Article\",\"@id\":\"https:\\\/\\\/www.laguiadepamplona.com\\\/actualidad\\\/el-ayuntamiento-quiere-viralizar-las-sonrisas-en-la-nueva-campana-turistica-de-pamplona-para-las-vacaciones-de-semana-santa\\\/#article\",\"isPartOf\":{\"@id\":\"https:\\\/\\\/www.laguiadepamplona.com\\\/actualidad\\\/el-ayuntamiento-quiere-viralizar-las-sonrisas-en-la-nueva-campana-turistica-de-pamplona-para-las-vacaciones-de-semana-santa\\\/\"},\"author\":{\"name\":\"La Gu\u00eda de Pamplona\",\"@id\":\"https:\\\/\\\/www.laguiadepamplona.com\\\/actualidad\\\/#\\\/schema\\\/person\\\/efe887376f0213d4657c93adc50b1fdb\"},\"headline\":\"El Ayuntamiento quiere viralizar las sonrisas en la nueva campa\u00f1a tur\u00edstica de Pamplona para las vacaciones de Semana Santa\",\"datePublished\":\"2022-03-18T11:39:46+00:00\",\"dateModified\":\"2023-04-11T09:48:24+00:00\",\"mainEntityOfPage\":{\"@id\":\"https:\\\/\\\/www.laguiadepamplona.com\\\/actualidad\\\/el-ayuntamiento-quiere-viralizar-las-sonrisas-en-la-nueva-campana-turistica-de-pamplona-para-las-vacaciones-de-semana-santa\\\/\"},\"wordCount\":1479,\"commentCount\":0,\"publisher\":{\"@id\":\"https:\\\/\\\/www.laguiadepamplona.com\\\/actualidad\\\/#organization\"},\"image\":{\"@id\":\"https:\\\/\\\/www.laguiadepamplona.com\\\/actualidad\\\/el-ayuntamiento-quiere-viralizar-las-sonrisas-en-la-nueva-campana-turistica-de-pamplona-para-las-vacaciones-de-semana-santa\\\/#primaryimage\"},\"thumbnailUrl\":\"https:\\\/\\\/www.laguiadepamplona.com\\\/actualidad\\\/wp-content\\\/uploads\\\/2022\\\/03\\\/viralizar-sonrisas-pamplona.jpg\",\"articleSection\":[\"Ayto Pamplona\"],\"inLanguage\":\"es\",\"potentialAction\":[{\"@type\":\"CommentAction\",\"name\":\"Comment\",\"target\":[\"https:\\\/\\\/www.laguiadepamplona.com\\\/actualidad\\\/el-ayuntamiento-quiere-viralizar-las-sonrisas-en-la-nueva-campana-turistica-de-pamplona-para-las-vacaciones-de-semana-santa\\\/#respond\"]}]},{\"@type\":\"WebPage\",\"@id\":\"https:\\\/\\\/www.laguiadepamplona.com\\\/actualidad\\\/el-ayuntamiento-quiere-viralizar-las-sonrisas-en-la-nueva-campana-turistica-de-pamplona-para-las-vacaciones-de-semana-santa\\\/\",\"url\":\"https:\\\/\\\/www.laguiadepamplona.com\\\/actualidad\\\/el-ayuntamiento-quiere-viralizar-las-sonrisas-en-la-nueva-campana-turistica-de-pamplona-para-las-vacaciones-de-semana-santa\\\/\",\"name\":\"El Ayuntamiento quiere viralizar las sonrisas en la nueva campa\u00f1a tur\u00edstica de Pamplona para las vacaciones de Semana Santa\",\"isPartOf\":{\"@id\":\"https:\\\/\\\/www.laguiadepamplona.com\\\/actualidad\\\/#website\"},\"primaryImageOfPage\":{\"@id\":\"https:\\\/\\\/www.laguiadepamplona.com\\\/actualidad\\\/el-ayuntamiento-quiere-viralizar-las-sonrisas-en-la-nueva-campana-turistica-de-pamplona-para-las-vacaciones-de-semana-santa\\\/#primaryimage\"},\"image\":{\"@id\":\"https:\\\/\\\/www.laguiadepamplona.com\\\/actualidad\\\/el-ayuntamiento-quiere-viralizar-las-sonrisas-en-la-nueva-campana-turistica-de-pamplona-para-las-vacaciones-de-semana-santa\\\/#primaryimage\"},\"thumbnailUrl\":\"https:\\\/\\\/www.laguiadepamplona.com\\\/actualidad\\\/wp-content\\\/uploads\\\/2022\\\/03\\\/viralizar-sonrisas-pamplona.jpg\",\"datePublished\":\"2022-03-18T11:39:46+00:00\",\"dateModified\":\"2023-04-11T09:48:24+00:00\",\"description\":\"Esta ma\u00f1ana se ha presentado el conjunto de actividades y materiales promocionales fruto de la colaboraci\u00f3n p\u00fablico-privada en el sector\",\"breadcrumb\":{\"@id\":\"https:\\\/\\\/www.laguiadepamplona.com\\\/actualidad\\\/el-ayuntamiento-quiere-viralizar-las-sonrisas-en-la-nueva-campana-turistica-de-pamplona-para-las-vacaciones-de-semana-santa\\\/#breadcrumb\"},\"inLanguage\":\"es\",\"potentialAction\":[{\"@type\":\"ReadAction\",\"target\":[\"https:\\\/\\\/www.laguiadepamplona.com\\\/actualidad\\\/el-ayuntamiento-quiere-viralizar-las-sonrisas-en-la-nueva-campana-turistica-de-pamplona-para-las-vacaciones-de-semana-santa\\\/\"]}]},{\"@type\":\"ImageObject\",\"inLanguage\":\"es\",\"@id\":\"https:\\\/\\\/www.laguiadepamplona.com\\\/actualidad\\\/el-ayuntamiento-quiere-viralizar-las-sonrisas-en-la-nueva-campana-turistica-de-pamplona-para-las-vacaciones-de-semana-santa\\\/#primaryimage\",\"url\":\"https:\\\/\\\/www.laguiadepamplona.com\\\/actualidad\\\/wp-content\\\/uploads\\\/2022\\\/03\\\/viralizar-sonrisas-pamplona.jpg\",\"contentUrl\":\"https:\\\/\\\/www.laguiadepamplona.com\\\/actualidad\\\/wp-content\\\/uploads\\\/2022\\\/03\\\/viralizar-sonrisas-pamplona.jpg\",\"width\":1772,\"height\":1182},{\"@type\":\"BreadcrumbList\",\"@id\":\"https:\\\/\\\/www.laguiadepamplona.com\\\/actualidad\\\/el-ayuntamiento-quiere-viralizar-las-sonrisas-en-la-nueva-campana-turistica-de-pamplona-para-las-vacaciones-de-semana-santa\\\/#breadcrumb\",\"itemListElement\":[{\"@type\":\"ListItem\",\"position\":1,\"name\":\"Portada\",\"item\":\"https:\\\/\\\/www.laguiadepamplona.com\\\/actualidad\\\/\"},{\"@type\":\"ListItem\",\"position\":2,\"name\":\"El Ayuntamiento quiere viralizar las sonrisas en la nueva campa\u00f1a tur\u00edstica de Pamplona para las vacaciones de Semana Santa\"}]},{\"@type\":\"WebSite\",\"@id\":\"https:\\\/\\\/www.laguiadepamplona.com\\\/actualidad\\\/#website\",\"url\":\"https:\\\/\\\/www.laguiadepamplona.com\\\/actualidad\\\/\",\"name\":\"La gu\u00eda de Pamplona\",\"description\":\"Noticias de Pamplona\",\"publisher\":{\"@id\":\"https:\\\/\\\/www.laguiadepamplona.com\\\/actualidad\\\/#organization\"},\"potentialAction\":[{\"@type\":\"SearchAction\",\"target\":{\"@type\":\"EntryPoint\",\"urlTemplate\":\"https:\\\/\\\/www.laguiadepamplona.com\\\/actualidad\\\/?s={search_term_string}\"},\"query-input\":{\"@type\":\"PropertyValueSpecification\",\"valueRequired\":true,\"valueName\":\"search_term_string\"}}],\"inLanguage\":\"es\"},{\"@type\":\"Organization\",\"@id\":\"https:\\\/\\\/www.laguiadepamplona.com\\\/actualidad\\\/#organization\",\"name\":\"La Gu\u00eda de Pamplona \\\/ Noticias\",\"url\":\"https:\\\/\\\/www.laguiadepamplona.com\\\/actualidad\\\/\",\"logo\":{\"@type\":\"ImageObject\",\"inLanguage\":\"es\",\"@id\":\"https:\\\/\\\/www.laguiadepamplona.com\\\/actualidad\\\/#\\\/schema\\\/logo\\\/image\\\/\",\"url\":\"https:\\\/\\\/www.laguiadepamplona.com\\\/actualidad\\\/wp-content\\\/uploads\\\/2018\\\/11\\\/logo-laguiadepamplona18-web1.png\",\"contentUrl\":\"https:\\\/\\\/www.laguiadepamplona.com\\\/actualidad\\\/wp-content\\\/uploads\\\/2018\\\/11\\\/logo-laguiadepamplona18-web1.png\",\"width\":600,\"height\":196,\"caption\":\"La Gu\u00eda de Pamplona \\\/ Noticias\"},\"image\":{\"@id\":\"https:\\\/\\\/www.laguiadepamplona.com\\\/actualidad\\\/#\\\/schema\\\/logo\\\/image\\\/\"},\"sameAs\":[\"https:\\\/\\\/www.facebook.com\\\/laguiadepamplonacom-133175176762273\\\/?ref=hl\",\"https:\\\/\\\/x.com\\\/LaGuiadPamplona\",\"https:\\\/\\\/www.instagram.com\\\/la_guia_de_pamplona\\\/\",\"https:\\\/\\\/www.youtube.com\\\/user\\\/laguiadepamplona\"]},{\"@type\":\"Person\",\"@id\":\"https:\\\/\\\/www.laguiadepamplona.com\\\/actualidad\\\/#\\\/schema\\\/person\\\/efe887376f0213d4657c93adc50b1fdb\",\"name\":\"La Gu\u00eda de Pamplona\",\"image\":{\"@type\":\"ImageObject\",\"inLanguage\":\"es\",\"@id\":\"https:\\\/\\\/secure.gravatar.com\\\/avatar\\\/b6992f131dc8d30ab0dff15446e9d346d9dbd95992de0fef795073f5ea83a81c?s=96&d=mm&r=g\",\"url\":\"https:\\\/\\\/secure.gravatar.com\\\/avatar\\\/b6992f131dc8d30ab0dff15446e9d346d9dbd95992de0fef795073f5ea83a81c?s=96&d=mm&r=g\",\"contentUrl\":\"https:\\\/\\\/secure.gravatar.com\\\/avatar\\\/b6992f131dc8d30ab0dff15446e9d346d9dbd95992de0fef795073f5ea83a81c?s=96&d=mm&r=g\",\"caption\":\"La Gu\u00eda de Pamplona\"}}]}<\/script>\n<!-- \/ Yoast SEO plugin. -->","yoast_head_json":{"title":"El Ayuntamiento quiere viralizar las sonrisas en la nueva campa\u00f1a tur\u00edstica de Pamplona para las vacaciones de Semana Santa","description":"Esta ma\u00f1ana se ha presentado el conjunto de actividades y materiales promocionales fruto de la colaboraci\u00f3n p\u00fablico-privada en el sector","robots":{"index":"index","follow":"follow","max-snippet":"max-snippet:-1","max-image-preview":"max-image-preview:large","max-video-preview":"max-video-preview:-1"},"canonical":"https:\/\/www.laguiadepamplona.com\/actualidad\/el-ayuntamiento-quiere-viralizar-las-sonrisas-en-la-nueva-campana-turistica-de-pamplona-para-las-vacaciones-de-semana-santa\/","og_locale":"es_ES","og_type":"article","og_title":"El Ayuntamiento quiere viralizar las sonrisas en la nueva campa\u00f1a tur\u00edstica de Pamplona para las vacaciones de Semana Santa","og_description":"Esta ma\u00f1ana se ha presentado el conjunto de actividades y materiales promocionales fruto de la colaboraci\u00f3n p\u00fablico-privada en el sector","og_url":"https:\/\/www.laguiadepamplona.com\/actualidad\/el-ayuntamiento-quiere-viralizar-las-sonrisas-en-la-nueva-campana-turistica-de-pamplona-para-las-vacaciones-de-semana-santa\/","og_site_name":"La Gu\u00eda de Pamplona","article_publisher":"https:\/\/www.facebook.com\/laguiadepamplonacom-133175176762273\/?ref=hl","article_published_time":"2022-03-18T11:39:46+00:00","article_modified_time":"2023-04-11T09:48:24+00:00","og_image":[{"width":1772,"height":1182,"url":"https:\/\/www.laguiadepamplona.com\/actualidad\/wp-content\/uploads\/2022\/03\/viralizar-sonrisas-pamplona.jpg","type":"image\/jpeg"}],"author":"La Gu\u00eda de Pamplona","twitter_card":"summary_large_image","twitter_creator":"@LaGuiadPamplona","twitter_site":"@LaGuiadPamplona","twitter_misc":{"Escrito por":"La Gu\u00eda de Pamplona","Tiempo de lectura":"7 minutos"},"schema":{"@context":"https:\/\/schema.org","@graph":[{"@type":"Article","@id":"https:\/\/www.laguiadepamplona.com\/actualidad\/el-ayuntamiento-quiere-viralizar-las-sonrisas-en-la-nueva-campana-turistica-de-pamplona-para-las-vacaciones-de-semana-santa\/#article","isPartOf":{"@id":"https:\/\/www.laguiadepamplona.com\/actualidad\/el-ayuntamiento-quiere-viralizar-las-sonrisas-en-la-nueva-campana-turistica-de-pamplona-para-las-vacaciones-de-semana-santa\/"},"author":{"name":"La Gu\u00eda de Pamplona","@id":"https:\/\/www.laguiadepamplona.com\/actualidad\/#\/schema\/person\/efe887376f0213d4657c93adc50b1fdb"},"headline":"El Ayuntamiento quiere viralizar las sonrisas en la nueva campa\u00f1a tur\u00edstica de Pamplona para las vacaciones de Semana Santa","datePublished":"2022-03-18T11:39:46+00:00","dateModified":"2023-04-11T09:48:24+00:00","mainEntityOfPage":{"@id":"https:\/\/www.laguiadepamplona.com\/actualidad\/el-ayuntamiento-quiere-viralizar-las-sonrisas-en-la-nueva-campana-turistica-de-pamplona-para-las-vacaciones-de-semana-santa\/"},"wordCount":1479,"commentCount":0,"publisher":{"@id":"https:\/\/www.laguiadepamplona.com\/actualidad\/#organization"},"image":{"@id":"https:\/\/www.laguiadepamplona.com\/actualidad\/el-ayuntamiento-quiere-viralizar-las-sonrisas-en-la-nueva-campana-turistica-de-pamplona-para-las-vacaciones-de-semana-santa\/#primaryimage"},"thumbnailUrl":"https:\/\/www.laguiadepamplona.com\/actualidad\/wp-content\/uploads\/2022\/03\/viralizar-sonrisas-pamplona.jpg","articleSection":["Ayto Pamplona"],"inLanguage":"es","potentialAction":[{"@type":"CommentAction","name":"Comment","target":["https:\/\/www.laguiadepamplona.com\/actualidad\/el-ayuntamiento-quiere-viralizar-las-sonrisas-en-la-nueva-campana-turistica-de-pamplona-para-las-vacaciones-de-semana-santa\/#respond"]}]},{"@type":"WebPage","@id":"https:\/\/www.laguiadepamplona.com\/actualidad\/el-ayuntamiento-quiere-viralizar-las-sonrisas-en-la-nueva-campana-turistica-de-pamplona-para-las-vacaciones-de-semana-santa\/","url":"https:\/\/www.laguiadepamplona.com\/actualidad\/el-ayuntamiento-quiere-viralizar-las-sonrisas-en-la-nueva-campana-turistica-de-pamplona-para-las-vacaciones-de-semana-santa\/","name":"El Ayuntamiento quiere viralizar las sonrisas en la nueva campa\u00f1a tur\u00edstica de Pamplona para las vacaciones de Semana Santa","isPartOf":{"@id":"https:\/\/www.laguiadepamplona.com\/actualidad\/#website"},"primaryImageOfPage":{"@id":"https:\/\/www.laguiadepamplona.com\/actualidad\/el-ayuntamiento-quiere-viralizar-las-sonrisas-en-la-nueva-campana-turistica-de-pamplona-para-las-vacaciones-de-semana-santa\/#primaryimage"},"image":{"@id":"https:\/\/www.laguiadepamplona.com\/actualidad\/el-ayuntamiento-quiere-viralizar-las-sonrisas-en-la-nueva-campana-turistica-de-pamplona-para-las-vacaciones-de-semana-santa\/#primaryimage"},"thumbnailUrl":"https:\/\/www.laguiadepamplona.com\/actualidad\/wp-content\/uploads\/2022\/03\/viralizar-sonrisas-pamplona.jpg","datePublished":"2022-03-18T11:39:46+00:00","dateModified":"2023-04-11T09:48:24+00:00","description":"Esta ma\u00f1ana se ha presentado el conjunto de actividades y materiales promocionales fruto de la colaboraci\u00f3n p\u00fablico-privada en el sector","breadcrumb":{"@id":"https:\/\/www.laguiadepamplona.com\/actualidad\/el-ayuntamiento-quiere-viralizar-las-sonrisas-en-la-nueva-campana-turistica-de-pamplona-para-las-vacaciones-de-semana-santa\/#breadcrumb"},"inLanguage":"es","potentialAction":[{"@type":"ReadAction","target":["https:\/\/www.laguiadepamplona.com\/actualidad\/el-ayuntamiento-quiere-viralizar-las-sonrisas-en-la-nueva-campana-turistica-de-pamplona-para-las-vacaciones-de-semana-santa\/"]}]},{"@type":"ImageObject","inLanguage":"es","@id":"https:\/\/www.laguiadepamplona.com\/actualidad\/el-ayuntamiento-quiere-viralizar-las-sonrisas-en-la-nueva-campana-turistica-de-pamplona-para-las-vacaciones-de-semana-santa\/#primaryimage","url":"https:\/\/www.laguiadepamplona.com\/actualidad\/wp-content\/uploads\/2022\/03\/viralizar-sonrisas-pamplona.jpg","contentUrl":"https:\/\/www.laguiadepamplona.com\/actualidad\/wp-content\/uploads\/2022\/03\/viralizar-sonrisas-pamplona.jpg","width":1772,"height":1182},{"@type":"BreadcrumbList","@id":"https:\/\/www.laguiadepamplona.com\/actualidad\/el-ayuntamiento-quiere-viralizar-las-sonrisas-en-la-nueva-campana-turistica-de-pamplona-para-las-vacaciones-de-semana-santa\/#breadcrumb","itemListElement":[{"@type":"ListItem","position":1,"name":"Portada","item":"https:\/\/www.laguiadepamplona.com\/actualidad\/"},{"@type":"ListItem","position":2,"name":"El Ayuntamiento quiere viralizar las sonrisas en la nueva campa\u00f1a tur\u00edstica de Pamplona para las vacaciones de Semana Santa"}]},{"@type":"WebSite","@id":"https:\/\/www.laguiadepamplona.com\/actualidad\/#website","url":"https:\/\/www.laguiadepamplona.com\/actualidad\/","name":"La gu\u00eda de Pamplona","description":"Noticias de Pamplona","publisher":{"@id":"https:\/\/www.laguiadepamplona.com\/actualidad\/#organization"},"potentialAction":[{"@type":"SearchAction","target":{"@type":"EntryPoint","urlTemplate":"https:\/\/www.laguiadepamplona.com\/actualidad\/?s={search_term_string}"},"query-input":{"@type":"PropertyValueSpecification","valueRequired":true,"valueName":"search_term_string"}}],"inLanguage":"es"},{"@type":"Organization","@id":"https:\/\/www.laguiadepamplona.com\/actualidad\/#organization","name":"La Gu\u00eda de Pamplona \/ Noticias","url":"https:\/\/www.laguiadepamplona.com\/actualidad\/","logo":{"@type":"ImageObject","inLanguage":"es","@id":"https:\/\/www.laguiadepamplona.com\/actualidad\/#\/schema\/logo\/image\/","url":"https:\/\/www.laguiadepamplona.com\/actualidad\/wp-content\/uploads\/2018\/11\/logo-laguiadepamplona18-web1.png","contentUrl":"https:\/\/www.laguiadepamplona.com\/actualidad\/wp-content\/uploads\/2018\/11\/logo-laguiadepamplona18-web1.png","width":600,"height":196,"caption":"La Gu\u00eda de Pamplona \/ Noticias"},"image":{"@id":"https:\/\/www.laguiadepamplona.com\/actualidad\/#\/schema\/logo\/image\/"},"sameAs":["https:\/\/www.facebook.com\/laguiadepamplonacom-133175176762273\/?ref=hl","https:\/\/x.com\/LaGuiadPamplona","https:\/\/www.instagram.com\/la_guia_de_pamplona\/","https:\/\/www.youtube.com\/user\/laguiadepamplona"]},{"@type":"Person","@id":"https:\/\/www.laguiadepamplona.com\/actualidad\/#\/schema\/person\/efe887376f0213d4657c93adc50b1fdb","name":"La Gu\u00eda de Pamplona","image":{"@type":"ImageObject","inLanguage":"es","@id":"https:\/\/secure.gravatar.com\/avatar\/b6992f131dc8d30ab0dff15446e9d346d9dbd95992de0fef795073f5ea83a81c?s=96&d=mm&r=g","url":"https:\/\/secure.gravatar.com\/avatar\/b6992f131dc8d30ab0dff15446e9d346d9dbd95992de0fef795073f5ea83a81c?s=96&d=mm&r=g","contentUrl":"https:\/\/secure.gravatar.com\/avatar\/b6992f131dc8d30ab0dff15446e9d346d9dbd95992de0fef795073f5ea83a81c?s=96&d=mm&r=g","caption":"La Gu\u00eda de Pamplona"}}]}},"post_mailing_queue_ids":[],"_links":{"self":[{"href":"https:\/\/www.laguiadepamplona.com\/actualidad\/wp-json\/wp\/v2\/posts\/39502","targetHints":{"allow":["GET"]}}],"collection":[{"href":"https:\/\/www.laguiadepamplona.com\/actualidad\/wp-json\/wp\/v2\/posts"}],"about":[{"href":"https:\/\/www.laguiadepamplona.com\/actualidad\/wp-json\/wp\/v2\/types\/post"}],"author":[{"embeddable":true,"href":"https:\/\/www.laguiadepamplona.com\/actualidad\/wp-json\/wp\/v2\/users\/1"}],"replies":[{"embeddable":true,"href":"https:\/\/www.laguiadepamplona.com\/actualidad\/wp-json\/wp\/v2\/comments?post=39502"}],"version-history":[{"count":0,"href":"https:\/\/www.laguiadepamplona.com\/actualidad\/wp-json\/wp\/v2\/posts\/39502\/revisions"}],"wp:featuredmedia":[{"embeddable":true,"href":"https:\/\/www.laguiadepamplona.com\/actualidad\/wp-json\/wp\/v2\/media\/39503"}],"wp:attachment":[{"href":"https:\/\/www.laguiadepamplona.com\/actualidad\/wp-json\/wp\/v2\/media?parent=39502"}],"wp:term":[{"taxonomy":"category","embeddable":true,"href":"https:\/\/www.laguiadepamplona.com\/actualidad\/wp-json\/wp\/v2\/categories?post=39502"},{"taxonomy":"post_tag","embeddable":true,"href":"https:\/\/www.laguiadepamplona.com\/actualidad\/wp-json\/wp\/v2\/tags?post=39502"}],"curies":[{"name":"wp","href":"https:\/\/api.w.org\/{rel}","templated":true}]}}