{"id":39499,"date":"2022-03-18T13:31:45","date_gmt":"2022-03-18T11:31:45","guid":{"rendered":"https:\/\/www.laguiadepamplona.com\/actualidad\/?p=39499"},"modified":"2023-04-11T11:48:24","modified_gmt":"2023-04-11T09:48:24","slug":"la-red-civivox-se-hace-eco-del-dia-mundial-del-teatro-programando-actuaciones-para-publico-familiar-y-adulto","status":"publish","type":"post","link":"https:\/\/www.laguiadepamplona.com\/actualidad\/la-red-civivox-se-hace-eco-del-dia-mundial-del-teatro-programando-actuaciones-para-publico-familiar-y-adulto\/","title":{"rendered":"La red Civivox se hace eco del D\u00eda Mundial del Teatro programando actuaciones para p\u00fablico familiar y adulto"},"content":{"rendered":"<h5>Desde este s\u00e1bado, y durante una semana, habr\u00e1 teatro de t\u00edteres, un espect\u00e1culo teatral, una lectura dramatizada y una narraci\u00f3n oral<\/h5>\n<p><!--more--><\/p>\n<p>Coincidiendo con el D\u00eda Mundial del Teatro, que se celebra el d\u00eda 27, la red Civivox del Ayuntamiento de Pamplona ha programado una serie de actividades dirigidas tanto al p\u00fablico familiar como al p\u00fablico adulto. Las actuaciones, que tendr\u00e1n lugar en los Civivox Mendillorri, Condestable e Iturrama, arrancar\u00e1n este s\u00e1bado y en todas ellas ser\u00e1 necesario realizar inscripci\u00f3n previa.<\/p>\n<p>Este ciclo echar\u00e1 a andar con el teatro de t\u00edteres \u2018Y los sue\u00f1os, sue\u00f1os son\u2019, una adaptaci\u00f3n de \u2018La vida es sue\u00f1o\u2019, de Calder\u00f3n de la Barca, con el que la compa\u00f1\u00eda Tropos acerca al p\u00fablico infantil y adulto una de las obras clave de la literatura universal. La actividad, que se ha programado en Civivox Mendillorri este s\u00e1bado a las 18.30 horas, est\u00e1 dirigida a menores de m\u00e1s de 6 a\u00f1os en compa\u00f1\u00eda de una persona adulta. Las entradas, para las que ser\u00e1 necesario inscripci\u00f3n previa, costar\u00e1n 3 euros.<br \/>\n<script async src=\"\/\/pagead2.googlesyndication.com\/pagead\/js\/adsbygoogle.js\"><\/script><br \/>\n<!-- Noticias La Guia de Pamplona --><br \/>\n<ins class=\"adsbygoogle\"\nstyle=\"display:block\"\ndata-ad-client=\"ca-pub-6943679897239327\"\ndata-ad-slot=\"7048180777\"\ndata-ad-format=\"auto\"><\/ins><br \/>\n<script>\n(adsbygoogle = window.adsbygoogle || []).push({});\n<\/script><\/p>\n<p>Tras este espect\u00e1culo familiar, se ha previsto la organizaci\u00f3n de un evento para p\u00fablico adulto. Ser\u00e1 el jueves d\u00eda 24 en Civivox Condestable, a las 19.30 horas. Ese d\u00eda, Joxemari Carrere se har\u00e1 cargo de la narraci\u00f3n oral en euskera \u2018Hiru urak eu\u2019. La cita ser\u00e1 gratuita, pero ser\u00e1 necesario formalizar una inscripci\u00f3n previa. Con esta obra, Carrere narra la historia de JOxe Zabala, que siendo adolescente abandona el caser\u00edo y se dirige al mar para convertirse en marinero y as\u00ed conocer el mundo.<\/p>\n<p>El viernes, d\u00eda 25, ser\u00e1 el turno de \u2018Sopa de pollo con cebada\u2019, una lectura dramatizada dirigida y narrada por Pedro Miguel Mart\u00ednez, en colaboraci\u00f3n con Ateneo Navarro \/ Nafar Ateneoa. A trav\u00e9s de un elenco de seis actores y actrices, Mart\u00ednez quiere acercar al p\u00fablico del siglo XXI una muestra del teatro social que se hac\u00eda en Inglaterra en los a\u00f1os 60 del siglo XX. Se le llam\u00f3 angry theatre, teatro airado, indignado. Precisamente, \u2018Sopa de pollo con cebada\u2019 es la historia del desencanto de una familia de clase obrera que cree firmemente que se puede cambiar el mundo. La actuaci\u00f3n ser\u00e1 a las 19.30 en Civivox Iturrama. Las entradas, dirigidas a mayores de 18 a\u00f1os, tendr\u00e1n un coste de 3 euros. Ser\u00e1 necesario inscripci\u00f3n previa.<\/p>\n<p>El cierre a este ciclo coincidir\u00e1 con el D\u00eda Mundial del Teatro, el domingo 27. Ese d\u00eda, a las 19.30 horas en el Civivox Iturrama, se representar\u00e1 la obra \u2018La ba\u00f1era\u2019, una comedia negra de Miguel \u00c1ngel Calvo Buttini, protagonizada por Montse Zabalza y Jos\u00e9 Mar\u00eda As\u00edn. A trav\u00e9s de esta obra se representa la historia de una pareja en torno al cambio de una ba\u00f1era por una ducha, y las discusiones que eso genera. Es una obra de lo absurdo sobre las relaciones de pareja. La entrada, para mayores de 18 a\u00f1os, tendr\u00e1 un precio de 3 euros.<br \/>\n<script async src=\"\/\/pagead2.googlesyndication.com\/pagead\/js\/adsbygoogle.js\"><\/script><br \/>\n<!-- Noticias La Guia de Pamplona --><br \/>\n<ins class=\"adsbygoogle\"\nstyle=\"display:block\"\ndata-ad-client=\"ca-pub-6943679897239327\"\ndata-ad-slot=\"7048180777\"\ndata-ad-format=\"auto\"><\/ins><br \/>\n<script>\n(adsbygoogle = window.adsbygoogle || []).push({});\n<\/script><\/p>\n<p>&nbsp;<\/p>\n<h3>Actividades<\/h3>\n<ul>\n<li>S\u00e1bado, 19. A las 18.30 horas. Civivox Mendillorri. Teatro de t\u00edteres \u2018Y los sue\u00f1os, sue\u00f1os son\u2019. Para mayores de 6 a\u00f1os en compa\u00f1\u00eda de una persona adulta. Entrada: 3 euros. Se requiere inscripci\u00f3n previa.<\/li>\n<li>Jueves, 24. A las 19.30 horas. Civivox Condestable. Narraci\u00f3n oral en euskera \u2018Hiru urak eu\u2019. Para mayores de 18 a\u00f1os. La cita ser\u00e1 gratuita, pero ser\u00e1 necesario formalizar una inscripci\u00f3n previa. Se requiere inscripci\u00f3n previa.<\/li>\n<li>El viernes, 25. A las 19.30 horas. Civivox Iturrama. Lectura dramatizada \u2018Sopa de pollo con cebada\u2019. Para mayores de 18 a\u00f1os. Entrada: 3 euros. Ser\u00e1 necesario inscripci\u00f3n previa. Se requiere inscripci\u00f3n previa.<\/li>\n<li>Domingo, 27. A las 19.30 horas. Civivox Iturrama. Representaci\u00f3n teatral de la obra \u2018La ba\u00f1era\u2019. La entrada, para mayores de 18 a\u00f1os, tendr\u00e1 un precio de 3 euros. Se requiere inscripci\u00f3n previa.<\/li>\n<\/ul>\n","protected":false},"excerpt":{"rendered":"<p>Desde este s\u00e1bado, y durante una semana, habr\u00e1 teatro de t\u00edteres, un espect\u00e1culo teatral, una lectura dramatizada y una narraci\u00f3n oral<\/p>\n","protected":false},"author":1,"featured_media":39500,"comment_status":"open","ping_status":"closed","sticky":false,"template":"","format":"standard","meta":{"footnotes":""},"categories":[2],"tags":[],"class_list":["post-39499","post","type-post","status-publish","format-standard","has-post-thumbnail","hentry","category-ayuntamiento-pamplona"],"yoast_head":"<!-- This site is optimized with the Yoast SEO plugin v27.5 - https:\/\/yoast.com\/product\/yoast-seo-wordpress\/ -->\n<title>La red Civivox se hace eco del D\u00eda Mundial del Teatro programando actuaciones para p\u00fablico familiar y adulto<\/title>\n<meta name=\"description\" content=\"Desde este s\u00e1bado, y durante una semana, habr\u00e1 teatro de t\u00edteres, un espect\u00e1culo teatral, una lectura dramatizada y una narraci\u00f3n oral\" \/>\n<meta name=\"robots\" content=\"index, follow, max-snippet:-1, max-image-preview:large, max-video-preview:-1\" \/>\n<link rel=\"canonical\" href=\"https:\/\/www.laguiadepamplona.com\/actualidad\/la-red-civivox-se-hace-eco-del-dia-mundial-del-teatro-programando-actuaciones-para-publico-familiar-y-adulto\/\" \/>\n<meta property=\"og:locale\" content=\"es_ES\" \/>\n<meta property=\"og:type\" content=\"article\" \/>\n<meta property=\"og:title\" content=\"La red Civivox se hace eco del D\u00eda Mundial del Teatro programando actuaciones para p\u00fablico familiar y adulto\" \/>\n<meta property=\"og:description\" content=\"Desde este s\u00e1bado, y durante una semana, habr\u00e1 teatro de t\u00edteres, un espect\u00e1culo teatral, una lectura dramatizada y una narraci\u00f3n oral\" \/>\n<meta property=\"og:url\" content=\"https:\/\/www.laguiadepamplona.com\/actualidad\/la-red-civivox-se-hace-eco-del-dia-mundial-del-teatro-programando-actuaciones-para-publico-familiar-y-adulto\/\" \/>\n<meta property=\"og:site_name\" content=\"La Gu\u00eda de Pamplona\" \/>\n<meta property=\"article:publisher\" content=\"https:\/\/www.facebook.com\/laguiadepamplonacom-133175176762273\/?ref=hl\" \/>\n<meta property=\"article:published_time\" content=\"2022-03-18T11:31:45+00:00\" \/>\n<meta property=\"article:modified_time\" content=\"2023-04-11T09:48:24+00:00\" \/>\n<meta property=\"og:image\" content=\"https:\/\/www.laguiadepamplona.com\/actualidad\/wp-content\/uploads\/2022\/03\/dia-mundial-teatro.jpg\" \/>\n\t<meta property=\"og:image:width\" content=\"870\" \/>\n\t<meta property=\"og:image:height\" content=\"480\" \/>\n\t<meta property=\"og:image:type\" content=\"image\/jpeg\" \/>\n<meta name=\"author\" content=\"La Gu\u00eda de Pamplona\" \/>\n<meta name=\"twitter:card\" content=\"summary_large_image\" \/>\n<meta name=\"twitter:creator\" content=\"@LaGuiadPamplona\" \/>\n<meta name=\"twitter:site\" content=\"@LaGuiadPamplona\" \/>\n<meta name=\"twitter:label1\" content=\"Escrito por\" \/>\n\t<meta name=\"twitter:data1\" content=\"La Gu\u00eda de Pamplona\" \/>\n\t<meta name=\"twitter:label2\" content=\"Tiempo de lectura\" \/>\n\t<meta name=\"twitter:data2\" content=\"3 minutos\" \/>\n<script type=\"application\/ld+json\" class=\"yoast-schema-graph\">{\"@context\":\"https:\\\/\\\/schema.org\",\"@graph\":[{\"@type\":\"Article\",\"@id\":\"https:\\\/\\\/www.laguiadepamplona.com\\\/actualidad\\\/la-red-civivox-se-hace-eco-del-dia-mundial-del-teatro-programando-actuaciones-para-publico-familiar-y-adulto\\\/#article\",\"isPartOf\":{\"@id\":\"https:\\\/\\\/www.laguiadepamplona.com\\\/actualidad\\\/la-red-civivox-se-hace-eco-del-dia-mundial-del-teatro-programando-actuaciones-para-publico-familiar-y-adulto\\\/\"},\"author\":{\"name\":\"La Gu\u00eda de Pamplona\",\"@id\":\"https:\\\/\\\/www.laguiadepamplona.com\\\/actualidad\\\/#\\\/schema\\\/person\\\/efe887376f0213d4657c93adc50b1fdb\"},\"headline\":\"La red Civivox se hace eco del D\u00eda Mundial del Teatro programando actuaciones para p\u00fablico familiar y adulto\",\"datePublished\":\"2022-03-18T11:31:45+00:00\",\"dateModified\":\"2023-04-11T09:48:24+00:00\",\"mainEntityOfPage\":{\"@id\":\"https:\\\/\\\/www.laguiadepamplona.com\\\/actualidad\\\/la-red-civivox-se-hace-eco-del-dia-mundial-del-teatro-programando-actuaciones-para-publico-familiar-y-adulto\\\/\"},\"wordCount\":676,\"commentCount\":0,\"publisher\":{\"@id\":\"https:\\\/\\\/www.laguiadepamplona.com\\\/actualidad\\\/#organization\"},\"image\":{\"@id\":\"https:\\\/\\\/www.laguiadepamplona.com\\\/actualidad\\\/la-red-civivox-se-hace-eco-del-dia-mundial-del-teatro-programando-actuaciones-para-publico-familiar-y-adulto\\\/#primaryimage\"},\"thumbnailUrl\":\"https:\\\/\\\/www.laguiadepamplona.com\\\/actualidad\\\/wp-content\\\/uploads\\\/2022\\\/03\\\/dia-mundial-teatro.jpg\",\"articleSection\":[\"Ayto Pamplona\"],\"inLanguage\":\"es\",\"potentialAction\":[{\"@type\":\"CommentAction\",\"name\":\"Comment\",\"target\":[\"https:\\\/\\\/www.laguiadepamplona.com\\\/actualidad\\\/la-red-civivox-se-hace-eco-del-dia-mundial-del-teatro-programando-actuaciones-para-publico-familiar-y-adulto\\\/#respond\"]}]},{\"@type\":\"WebPage\",\"@id\":\"https:\\\/\\\/www.laguiadepamplona.com\\\/actualidad\\\/la-red-civivox-se-hace-eco-del-dia-mundial-del-teatro-programando-actuaciones-para-publico-familiar-y-adulto\\\/\",\"url\":\"https:\\\/\\\/www.laguiadepamplona.com\\\/actualidad\\\/la-red-civivox-se-hace-eco-del-dia-mundial-del-teatro-programando-actuaciones-para-publico-familiar-y-adulto\\\/\",\"name\":\"La red Civivox se hace eco del D\u00eda Mundial del Teatro programando actuaciones para p\u00fablico familiar y adulto\",\"isPartOf\":{\"@id\":\"https:\\\/\\\/www.laguiadepamplona.com\\\/actualidad\\\/#website\"},\"primaryImageOfPage\":{\"@id\":\"https:\\\/\\\/www.laguiadepamplona.com\\\/actualidad\\\/la-red-civivox-se-hace-eco-del-dia-mundial-del-teatro-programando-actuaciones-para-publico-familiar-y-adulto\\\/#primaryimage\"},\"image\":{\"@id\":\"https:\\\/\\\/www.laguiadepamplona.com\\\/actualidad\\\/la-red-civivox-se-hace-eco-del-dia-mundial-del-teatro-programando-actuaciones-para-publico-familiar-y-adulto\\\/#primaryimage\"},\"thumbnailUrl\":\"https:\\\/\\\/www.laguiadepamplona.com\\\/actualidad\\\/wp-content\\\/uploads\\\/2022\\\/03\\\/dia-mundial-teatro.jpg\",\"datePublished\":\"2022-03-18T11:31:45+00:00\",\"dateModified\":\"2023-04-11T09:48:24+00:00\",\"description\":\"Desde este s\u00e1bado, y durante una semana, habr\u00e1 teatro de t\u00edteres, un espect\u00e1culo teatral, una lectura dramatizada y una narraci\u00f3n oral\",\"breadcrumb\":{\"@id\":\"https:\\\/\\\/www.laguiadepamplona.com\\\/actualidad\\\/la-red-civivox-se-hace-eco-del-dia-mundial-del-teatro-programando-actuaciones-para-publico-familiar-y-adulto\\\/#breadcrumb\"},\"inLanguage\":\"es\",\"potentialAction\":[{\"@type\":\"ReadAction\",\"target\":[\"https:\\\/\\\/www.laguiadepamplona.com\\\/actualidad\\\/la-red-civivox-se-hace-eco-del-dia-mundial-del-teatro-programando-actuaciones-para-publico-familiar-y-adulto\\\/\"]}]},{\"@type\":\"ImageObject\",\"inLanguage\":\"es\",\"@id\":\"https:\\\/\\\/www.laguiadepamplona.com\\\/actualidad\\\/la-red-civivox-se-hace-eco-del-dia-mundial-del-teatro-programando-actuaciones-para-publico-familiar-y-adulto\\\/#primaryimage\",\"url\":\"https:\\\/\\\/www.laguiadepamplona.com\\\/actualidad\\\/wp-content\\\/uploads\\\/2022\\\/03\\\/dia-mundial-teatro.jpg\",\"contentUrl\":\"https:\\\/\\\/www.laguiadepamplona.com\\\/actualidad\\\/wp-content\\\/uploads\\\/2022\\\/03\\\/dia-mundial-teatro.jpg\",\"width\":870,\"height\":480},{\"@type\":\"BreadcrumbList\",\"@id\":\"https:\\\/\\\/www.laguiadepamplona.com\\\/actualidad\\\/la-red-civivox-se-hace-eco-del-dia-mundial-del-teatro-programando-actuaciones-para-publico-familiar-y-adulto\\\/#breadcrumb\",\"itemListElement\":[{\"@type\":\"ListItem\",\"position\":1,\"name\":\"Portada\",\"item\":\"https:\\\/\\\/www.laguiadepamplona.com\\\/actualidad\\\/\"},{\"@type\":\"ListItem\",\"position\":2,\"name\":\"La red Civivox se hace eco del D\u00eda Mundial del Teatro programando actuaciones para p\u00fablico familiar y adulto\"}]},{\"@type\":\"WebSite\",\"@id\":\"https:\\\/\\\/www.laguiadepamplona.com\\\/actualidad\\\/#website\",\"url\":\"https:\\\/\\\/www.laguiadepamplona.com\\\/actualidad\\\/\",\"name\":\"La gu\u00eda de Pamplona\",\"description\":\"Noticias de Pamplona\",\"publisher\":{\"@id\":\"https:\\\/\\\/www.laguiadepamplona.com\\\/actualidad\\\/#organization\"},\"potentialAction\":[{\"@type\":\"SearchAction\",\"target\":{\"@type\":\"EntryPoint\",\"urlTemplate\":\"https:\\\/\\\/www.laguiadepamplona.com\\\/actualidad\\\/?s={search_term_string}\"},\"query-input\":{\"@type\":\"PropertyValueSpecification\",\"valueRequired\":true,\"valueName\":\"search_term_string\"}}],\"inLanguage\":\"es\"},{\"@type\":\"Organization\",\"@id\":\"https:\\\/\\\/www.laguiadepamplona.com\\\/actualidad\\\/#organization\",\"name\":\"La Gu\u00eda de Pamplona \\\/ Noticias\",\"url\":\"https:\\\/\\\/www.laguiadepamplona.com\\\/actualidad\\\/\",\"logo\":{\"@type\":\"ImageObject\",\"inLanguage\":\"es\",\"@id\":\"https:\\\/\\\/www.laguiadepamplona.com\\\/actualidad\\\/#\\\/schema\\\/logo\\\/image\\\/\",\"url\":\"https:\\\/\\\/www.laguiadepamplona.com\\\/actualidad\\\/wp-content\\\/uploads\\\/2018\\\/11\\\/logo-laguiadepamplona18-web1.png\",\"contentUrl\":\"https:\\\/\\\/www.laguiadepamplona.com\\\/actualidad\\\/wp-content\\\/uploads\\\/2018\\\/11\\\/logo-laguiadepamplona18-web1.png\",\"width\":600,\"height\":196,\"caption\":\"La Gu\u00eda de Pamplona \\\/ Noticias\"},\"image\":{\"@id\":\"https:\\\/\\\/www.laguiadepamplona.com\\\/actualidad\\\/#\\\/schema\\\/logo\\\/image\\\/\"},\"sameAs\":[\"https:\\\/\\\/www.facebook.com\\\/laguiadepamplonacom-133175176762273\\\/?ref=hl\",\"https:\\\/\\\/x.com\\\/LaGuiadPamplona\",\"https:\\\/\\\/www.instagram.com\\\/la_guia_de_pamplona\\\/\",\"https:\\\/\\\/www.youtube.com\\\/user\\\/laguiadepamplona\"]},{\"@type\":\"Person\",\"@id\":\"https:\\\/\\\/www.laguiadepamplona.com\\\/actualidad\\\/#\\\/schema\\\/person\\\/efe887376f0213d4657c93adc50b1fdb\",\"name\":\"La Gu\u00eda de Pamplona\",\"image\":{\"@type\":\"ImageObject\",\"inLanguage\":\"es\",\"@id\":\"https:\\\/\\\/secure.gravatar.com\\\/avatar\\\/b6992f131dc8d30ab0dff15446e9d346d9dbd95992de0fef795073f5ea83a81c?s=96&d=mm&r=g\",\"url\":\"https:\\\/\\\/secure.gravatar.com\\\/avatar\\\/b6992f131dc8d30ab0dff15446e9d346d9dbd95992de0fef795073f5ea83a81c?s=96&d=mm&r=g\",\"contentUrl\":\"https:\\\/\\\/secure.gravatar.com\\\/avatar\\\/b6992f131dc8d30ab0dff15446e9d346d9dbd95992de0fef795073f5ea83a81c?s=96&d=mm&r=g\",\"caption\":\"La Gu\u00eda de Pamplona\"}}]}<\/script>\n<!-- \/ Yoast SEO plugin. -->","yoast_head_json":{"title":"La red Civivox se hace eco del D\u00eda Mundial del Teatro programando actuaciones para p\u00fablico familiar y adulto","description":"Desde este s\u00e1bado, y durante una semana, habr\u00e1 teatro de t\u00edteres, un espect\u00e1culo teatral, una lectura dramatizada y una narraci\u00f3n oral","robots":{"index":"index","follow":"follow","max-snippet":"max-snippet:-1","max-image-preview":"max-image-preview:large","max-video-preview":"max-video-preview:-1"},"canonical":"https:\/\/www.laguiadepamplona.com\/actualidad\/la-red-civivox-se-hace-eco-del-dia-mundial-del-teatro-programando-actuaciones-para-publico-familiar-y-adulto\/","og_locale":"es_ES","og_type":"article","og_title":"La red Civivox se hace eco del D\u00eda Mundial del Teatro programando actuaciones para p\u00fablico familiar y adulto","og_description":"Desde este s\u00e1bado, y durante una semana, habr\u00e1 teatro de t\u00edteres, un espect\u00e1culo teatral, una lectura dramatizada y una narraci\u00f3n oral","og_url":"https:\/\/www.laguiadepamplona.com\/actualidad\/la-red-civivox-se-hace-eco-del-dia-mundial-del-teatro-programando-actuaciones-para-publico-familiar-y-adulto\/","og_site_name":"La Gu\u00eda de Pamplona","article_publisher":"https:\/\/www.facebook.com\/laguiadepamplonacom-133175176762273\/?ref=hl","article_published_time":"2022-03-18T11:31:45+00:00","article_modified_time":"2023-04-11T09:48:24+00:00","og_image":[{"width":870,"height":480,"url":"https:\/\/www.laguiadepamplona.com\/actualidad\/wp-content\/uploads\/2022\/03\/dia-mundial-teatro.jpg","type":"image\/jpeg"}],"author":"La Gu\u00eda de Pamplona","twitter_card":"summary_large_image","twitter_creator":"@LaGuiadPamplona","twitter_site":"@LaGuiadPamplona","twitter_misc":{"Escrito por":"La Gu\u00eda de Pamplona","Tiempo de lectura":"3 minutos"},"schema":{"@context":"https:\/\/schema.org","@graph":[{"@type":"Article","@id":"https:\/\/www.laguiadepamplona.com\/actualidad\/la-red-civivox-se-hace-eco-del-dia-mundial-del-teatro-programando-actuaciones-para-publico-familiar-y-adulto\/#article","isPartOf":{"@id":"https:\/\/www.laguiadepamplona.com\/actualidad\/la-red-civivox-se-hace-eco-del-dia-mundial-del-teatro-programando-actuaciones-para-publico-familiar-y-adulto\/"},"author":{"name":"La Gu\u00eda de Pamplona","@id":"https:\/\/www.laguiadepamplona.com\/actualidad\/#\/schema\/person\/efe887376f0213d4657c93adc50b1fdb"},"headline":"La red Civivox se hace eco del D\u00eda Mundial del Teatro programando actuaciones para p\u00fablico familiar y adulto","datePublished":"2022-03-18T11:31:45+00:00","dateModified":"2023-04-11T09:48:24+00:00","mainEntityOfPage":{"@id":"https:\/\/www.laguiadepamplona.com\/actualidad\/la-red-civivox-se-hace-eco-del-dia-mundial-del-teatro-programando-actuaciones-para-publico-familiar-y-adulto\/"},"wordCount":676,"commentCount":0,"publisher":{"@id":"https:\/\/www.laguiadepamplona.com\/actualidad\/#organization"},"image":{"@id":"https:\/\/www.laguiadepamplona.com\/actualidad\/la-red-civivox-se-hace-eco-del-dia-mundial-del-teatro-programando-actuaciones-para-publico-familiar-y-adulto\/#primaryimage"},"thumbnailUrl":"https:\/\/www.laguiadepamplona.com\/actualidad\/wp-content\/uploads\/2022\/03\/dia-mundial-teatro.jpg","articleSection":["Ayto Pamplona"],"inLanguage":"es","potentialAction":[{"@type":"CommentAction","name":"Comment","target":["https:\/\/www.laguiadepamplona.com\/actualidad\/la-red-civivox-se-hace-eco-del-dia-mundial-del-teatro-programando-actuaciones-para-publico-familiar-y-adulto\/#respond"]}]},{"@type":"WebPage","@id":"https:\/\/www.laguiadepamplona.com\/actualidad\/la-red-civivox-se-hace-eco-del-dia-mundial-del-teatro-programando-actuaciones-para-publico-familiar-y-adulto\/","url":"https:\/\/www.laguiadepamplona.com\/actualidad\/la-red-civivox-se-hace-eco-del-dia-mundial-del-teatro-programando-actuaciones-para-publico-familiar-y-adulto\/","name":"La red Civivox se hace eco del D\u00eda Mundial del Teatro programando actuaciones para p\u00fablico familiar y adulto","isPartOf":{"@id":"https:\/\/www.laguiadepamplona.com\/actualidad\/#website"},"primaryImageOfPage":{"@id":"https:\/\/www.laguiadepamplona.com\/actualidad\/la-red-civivox-se-hace-eco-del-dia-mundial-del-teatro-programando-actuaciones-para-publico-familiar-y-adulto\/#primaryimage"},"image":{"@id":"https:\/\/www.laguiadepamplona.com\/actualidad\/la-red-civivox-se-hace-eco-del-dia-mundial-del-teatro-programando-actuaciones-para-publico-familiar-y-adulto\/#primaryimage"},"thumbnailUrl":"https:\/\/www.laguiadepamplona.com\/actualidad\/wp-content\/uploads\/2022\/03\/dia-mundial-teatro.jpg","datePublished":"2022-03-18T11:31:45+00:00","dateModified":"2023-04-11T09:48:24+00:00","description":"Desde este s\u00e1bado, y durante una semana, habr\u00e1 teatro de t\u00edteres, un espect\u00e1culo teatral, una lectura dramatizada y una narraci\u00f3n oral","breadcrumb":{"@id":"https:\/\/www.laguiadepamplona.com\/actualidad\/la-red-civivox-se-hace-eco-del-dia-mundial-del-teatro-programando-actuaciones-para-publico-familiar-y-adulto\/#breadcrumb"},"inLanguage":"es","potentialAction":[{"@type":"ReadAction","target":["https:\/\/www.laguiadepamplona.com\/actualidad\/la-red-civivox-se-hace-eco-del-dia-mundial-del-teatro-programando-actuaciones-para-publico-familiar-y-adulto\/"]}]},{"@type":"ImageObject","inLanguage":"es","@id":"https:\/\/www.laguiadepamplona.com\/actualidad\/la-red-civivox-se-hace-eco-del-dia-mundial-del-teatro-programando-actuaciones-para-publico-familiar-y-adulto\/#primaryimage","url":"https:\/\/www.laguiadepamplona.com\/actualidad\/wp-content\/uploads\/2022\/03\/dia-mundial-teatro.jpg","contentUrl":"https:\/\/www.laguiadepamplona.com\/actualidad\/wp-content\/uploads\/2022\/03\/dia-mundial-teatro.jpg","width":870,"height":480},{"@type":"BreadcrumbList","@id":"https:\/\/www.laguiadepamplona.com\/actualidad\/la-red-civivox-se-hace-eco-del-dia-mundial-del-teatro-programando-actuaciones-para-publico-familiar-y-adulto\/#breadcrumb","itemListElement":[{"@type":"ListItem","position":1,"name":"Portada","item":"https:\/\/www.laguiadepamplona.com\/actualidad\/"},{"@type":"ListItem","position":2,"name":"La red Civivox se hace eco del D\u00eda Mundial del Teatro programando actuaciones para p\u00fablico familiar y adulto"}]},{"@type":"WebSite","@id":"https:\/\/www.laguiadepamplona.com\/actualidad\/#website","url":"https:\/\/www.laguiadepamplona.com\/actualidad\/","name":"La gu\u00eda de Pamplona","description":"Noticias de Pamplona","publisher":{"@id":"https:\/\/www.laguiadepamplona.com\/actualidad\/#organization"},"potentialAction":[{"@type":"SearchAction","target":{"@type":"EntryPoint","urlTemplate":"https:\/\/www.laguiadepamplona.com\/actualidad\/?s={search_term_string}"},"query-input":{"@type":"PropertyValueSpecification","valueRequired":true,"valueName":"search_term_string"}}],"inLanguage":"es"},{"@type":"Organization","@id":"https:\/\/www.laguiadepamplona.com\/actualidad\/#organization","name":"La Gu\u00eda de Pamplona \/ Noticias","url":"https:\/\/www.laguiadepamplona.com\/actualidad\/","logo":{"@type":"ImageObject","inLanguage":"es","@id":"https:\/\/www.laguiadepamplona.com\/actualidad\/#\/schema\/logo\/image\/","url":"https:\/\/www.laguiadepamplona.com\/actualidad\/wp-content\/uploads\/2018\/11\/logo-laguiadepamplona18-web1.png","contentUrl":"https:\/\/www.laguiadepamplona.com\/actualidad\/wp-content\/uploads\/2018\/11\/logo-laguiadepamplona18-web1.png","width":600,"height":196,"caption":"La Gu\u00eda de Pamplona \/ Noticias"},"image":{"@id":"https:\/\/www.laguiadepamplona.com\/actualidad\/#\/schema\/logo\/image\/"},"sameAs":["https:\/\/www.facebook.com\/laguiadepamplonacom-133175176762273\/?ref=hl","https:\/\/x.com\/LaGuiadPamplona","https:\/\/www.instagram.com\/la_guia_de_pamplona\/","https:\/\/www.youtube.com\/user\/laguiadepamplona"]},{"@type":"Person","@id":"https:\/\/www.laguiadepamplona.com\/actualidad\/#\/schema\/person\/efe887376f0213d4657c93adc50b1fdb","name":"La Gu\u00eda de Pamplona","image":{"@type":"ImageObject","inLanguage":"es","@id":"https:\/\/secure.gravatar.com\/avatar\/b6992f131dc8d30ab0dff15446e9d346d9dbd95992de0fef795073f5ea83a81c?s=96&d=mm&r=g","url":"https:\/\/secure.gravatar.com\/avatar\/b6992f131dc8d30ab0dff15446e9d346d9dbd95992de0fef795073f5ea83a81c?s=96&d=mm&r=g","contentUrl":"https:\/\/secure.gravatar.com\/avatar\/b6992f131dc8d30ab0dff15446e9d346d9dbd95992de0fef795073f5ea83a81c?s=96&d=mm&r=g","caption":"La Gu\u00eda de Pamplona"}}]}},"post_mailing_queue_ids":[],"_links":{"self":[{"href":"https:\/\/www.laguiadepamplona.com\/actualidad\/wp-json\/wp\/v2\/posts\/39499","targetHints":{"allow":["GET"]}}],"collection":[{"href":"https:\/\/www.laguiadepamplona.com\/actualidad\/wp-json\/wp\/v2\/posts"}],"about":[{"href":"https:\/\/www.laguiadepamplona.com\/actualidad\/wp-json\/wp\/v2\/types\/post"}],"author":[{"embeddable":true,"href":"https:\/\/www.laguiadepamplona.com\/actualidad\/wp-json\/wp\/v2\/users\/1"}],"replies":[{"embeddable":true,"href":"https:\/\/www.laguiadepamplona.com\/actualidad\/wp-json\/wp\/v2\/comments?post=39499"}],"version-history":[{"count":0,"href":"https:\/\/www.laguiadepamplona.com\/actualidad\/wp-json\/wp\/v2\/posts\/39499\/revisions"}],"wp:featuredmedia":[{"embeddable":true,"href":"https:\/\/www.laguiadepamplona.com\/actualidad\/wp-json\/wp\/v2\/media\/39500"}],"wp:attachment":[{"href":"https:\/\/www.laguiadepamplona.com\/actualidad\/wp-json\/wp\/v2\/media?parent=39499"}],"wp:term":[{"taxonomy":"category","embeddable":true,"href":"https:\/\/www.laguiadepamplona.com\/actualidad\/wp-json\/wp\/v2\/categories?post=39499"},{"taxonomy":"post_tag","embeddable":true,"href":"https:\/\/www.laguiadepamplona.com\/actualidad\/wp-json\/wp\/v2\/tags?post=39499"}],"curies":[{"name":"wp","href":"https:\/\/api.w.org\/{rel}","templated":true}]}}