{"id":39496,"date":"2022-03-18T13:30:24","date_gmt":"2022-03-18T11:30:24","guid":{"rendered":"https:\/\/www.laguiadepamplona.com\/actualidad\/?p=39496"},"modified":"2023-04-11T11:48:24","modified_gmt":"2023-04-11T09:48:24","slug":"cuatro-creadores-aunan-literatura-pintura-fotografia-y-musica-en-sastraka-maleza-una-experiencia-multidisciplinar-que-comparten-en-el-pabellon-de-mixtos","status":"publish","type":"post","link":"https:\/\/www.laguiadepamplona.com\/actualidad\/cuatro-creadores-aunan-literatura-pintura-fotografia-y-musica-en-sastraka-maleza-una-experiencia-multidisciplinar-que-comparten-en-el-pabellon-de-mixtos\/","title":{"rendered":"Cuatro creadores a\u00fanan literatura, pintura, fotograf\u00eda y m\u00fasica en \u201cSastraka \/ Maleza\u201d, una experiencia multidisciplinar que comparten en el Pabell\u00f3n de Mixtos"},"content":{"rendered":"<h5>Pello Lizarralde, Jos\u00e9 Ignacio Agorreta, Imanol \u00dabeda e Imanol Rayo han colaborado en este proyecto que se puede visitar hasta el 1 de mayo<\/h5>\n<p><!--more--><\/p>\n<p>\u201cSastraka \/ Maleza\u201d es el resultado del trabajo de cuatro creadores en cuatro disciplinas art\u00edsticas diferentes. Literatura, pintura, m\u00fasica y fotograf\u00eda se unen en un proyecto que naci\u00f3 de un texto del escritor vasco Pello Lizarralde, que ha servido de inspiraci\u00f3n al pintor pamplon\u00e9s Jos\u00e9 Ignacio Agorreta, al m\u00fasico tolosarra Imanol \u00dabeda (Don Inorrez) y al cineasta navarro Imanol Rayo. El Pabell\u00f3n de Mixtos de la Ciudadela recopila todas esas creaciones literarias, pict\u00f3ricas, musicales y fotogr\u00e1ficas.<\/p>\n<p>\u201cSastraka \/ Maleza\u201d es un breve viaje, un viaje imposible. En cuanto tenemos conciencia, por peque\u00f1a que sea, de la muerte, se apodera de nosotros con mayor frecuencia el deseo de tomar el camino que nos lleva de regreso al pasado. Y debemos volver para comprobar que al final del camino solo nos esperan las sombras y la decepci\u00f3n, y que estamos obligados a buscar una salida. Todo lo que surgi\u00f3 a partir de este texto es lo que se puede ver en esta exposici\u00f3n multidisciplinar.<br \/>\n<script async src=\"\/\/pagead2.googlesyndication.com\/pagead\/js\/adsbygoogle.js\"><\/script><br \/>\n<!-- Noticias La Guia de Pamplona --><br \/>\n<ins class=\"adsbygoogle\"\nstyle=\"display:block\"\ndata-ad-client=\"ca-pub-6943679897239327\"\ndata-ad-slot=\"7048180777\"\ndata-ad-format=\"auto\"><\/ins><br \/>\n<script>\n(adsbygoogle = window.adsbygoogle || []).push({});\n<\/script><\/p>\n<p>El t\u00e9cnico de Artes Pl\u00e1sticas del Ayuntamiento de Pamplona, Javier Manzanos, los autores de la muestra Pello Lizarralde, Jos\u00e9 Ignacio Agorreta e Imanol Rayo, y la editora de Erein, Uxue Razquin, han presentado esta ma\u00f1ana esta muestra, que se abre al p\u00fablico hoy y se podr\u00e1 visitar hasta el 1 de mayo. Y es que \u201cSastraka \/ Maleza\u201d no es \u00fanicamente una exposici\u00f3n. El proyecto expositivo ha contado con la colaboraci\u00f3n de la Editorial Erein, que ha desarrollado en paralelo un libro de 220 p\u00e1ginas con dos CD, que recogen los sonidos que acompa\u00f1an a las fotograf\u00edas de la publicaci\u00f3n.<\/p>\n<p>La muestra itinerar\u00e1 despu\u00e9s por el Pa\u00eds Vasco. Del 6 al 29 de mayo se podr\u00e1 visitar en el Centro Cultural Montehermoso de Vitoria \u2013 Gasteiz; en el \u00faltimo trimestre del a\u00f1o se trasladar\u00e1 a San Sebasti\u00e1n, al Centro Cultural Ernest Lluch; y ya en 2023, de 9 de enero al 9 de febrero, se expondr\u00e1n en la Sala Chillida de la UPV en Bilbao. Este viernes en Pamplona, al igual que suceder\u00e1 en el resto de ciudades, se inaugurar\u00e1 la muestra con un concierto de Don Inorrez, con las canciones compuestas para el disco de esta exposici\u00f3n, a partir de las 19 horas en la propia primera planta del Pabell\u00f3n de Mixtos.<br \/>\n<script async src=\"\/\/pagead2.googlesyndication.com\/pagead\/js\/adsbygoogle.js\"><\/script><br \/>\n<!-- Noticias La Guia de Pamplona --><br \/>\n<ins class=\"adsbygoogle\"\nstyle=\"display:block\"\ndata-ad-client=\"ca-pub-6943679897239327\"\ndata-ad-slot=\"7048180777\"\ndata-ad-format=\"auto\"><\/ins><br \/>\n<script>\n(adsbygoogle = window.adsbygoogle || []).push({});\n<\/script><\/p>\n<p><strong>Desarrollo del proyecto<\/strong><\/p>\n<p>En el verano de 2019, Pello Lizarralde escribi\u00f3 un texto que titul\u00f3 \u201cSastraka \/ Maleza\u201d. Lizarralde (Zum\u00e1rraga, 1956) comenz\u00f3 su carrera literaria con el poemario, \u00fanico en su trayectoria, \u201cHilargiaren hotzikark\u201d para despu\u00e9s centrarse en la obra narrativa. \u201cLarrepetit\u201d obtuvo el Premio Euskadi de Literatura y el Premio de la Cr\u00edtica de narrativa en euskera. Adem\u00e1s, ha escrito otras obras como \u201cIragaitzaz\u201d, \u201cOrbanak\u201d, \u201cElur bustia\u201d o \u201cArgiantza\u201d. En su labor de traductor, ha traducido al euskera obras de autores como Natalia Ginzburg o Gianni Celati.<\/p>\n<p>Ese texto \u201cSastraka \/ Maleza\u201d se lo envi\u00f3, con dudas, a Jos\u00e9 Ignacio Agorreta, pues cre\u00eda que no podr\u00eda sacar mucho de esas l\u00edneas. Pero fue todo lo contrario, el pintor pamplon\u00e9s comenz\u00f3 entonces un proceso creativo de dos a\u00f1os. Agorreta (Pamplona, 1963) ha protagonizado m\u00e1s de treinta exposiciones individuales y su obra est\u00e1 presente en colecciones p\u00fablicas como las del Museo de Navarra, Colecci\u00f3n de Arte Contempor\u00e1neo del Ayuntamiento de Pamplona, UPNA, Museo Gustavo de Maeztu, Fundaci\u00f3n Caja Navarra, Parlamento de Navarra o Association Culturel Quai des Chartrons de Burdeos.<br \/>\n<script async src=\"\/\/pagead2.googlesyndication.com\/pagead\/js\/adsbygoogle.js\"><\/script><br \/>\n<!-- Noticias La Guia de Pamplona --><br \/>\n<ins class=\"adsbygoogle\"\nstyle=\"display:block\"\ndata-ad-client=\"ca-pub-6943679897239327\"\ndata-ad-slot=\"7048180777\"\ndata-ad-format=\"auto\"><\/ins><br \/>\n<script>\n(adsbygoogle = window.adsbygoogle || []).push({});\n<\/script><\/p>\n<p>Poco antes de empezar de este proyecto \u201cSastraka\/Maleza\u201d, Lizarralde, Agorreta e Imanol \u00dabeda, alma de Don Inorrez, tuvieron un encuentro en el que el m\u00fasico les coment\u00f3 que quer\u00eda publicar un single. Las letras de las dos canciones las hab\u00eda escrito Lizarralde y \u00dabeda quer\u00eda que Agorreta le hiciera la portada. As\u00ed surgi\u00f3 la parte musical de este proyecto, el disco \u201cSastraka \/ Maleza\u201d, con doce canciones, una por cada cap\u00edtulo del texto. Imanol \u00dabeda (Tolosa, 1973) form\u00f3 en 1998, junto a su hermano Joni y Carlos Aranzegi, el grupo Bide Ertzean, formaci\u00f3n que reivindica el pop rock, poniendo especial atenci\u00f3n a los textos de las canciones y colaborando para ello con diferentes escritores. Tras diez discos, Bide Ertzean se da un descanso y \u00dabeda emprende el proyecto personal de Don Inorrez.<\/p>\n<p>Al proyecto se uni\u00f3 el cineasta Imanol Rayo, para darle una vuelta m\u00e1s. Los cuadros de Agorreta y las canciones de \u00dabeda eran ilustraciones m\u00e1s o manos literales de los textos de Lizarralde. Entendiendo que \u201cSastraka \/ Maleza\u201d trata sobre la imposibilidad de regresar al pasado, Rayo aport\u00f3 su afici\u00f3n a la fotograf\u00eda para completar este proceso creativo. A trav\u00e9s de sus instant\u00e1neas, realiza un recorrido por los entornos de Almad\u00e9n (Ciudad Real), desde la casa de su abuela en la que veraneaba hasta un palacio neocl\u00e1sico de finales del XIX. Un recorrido a modo de dignificaci\u00f3n de la memoria, que cobra vida mediante el sonido real capturado en pleno verano en esos espacios reales, que se reproduce como un bucle infinito. Imanol Rayo (Arbizu, 1984) estudi\u00f3 direcci\u00f3n cinematogr\u00e1fica en la Escuela de Cine y V\u00eddeo de Ando\u00e1in. Ha dirigido, entre otros, \u201cBi Anai\u201d, que gan\u00f3 el Premio Zinemira el Festival de Cine de San Sebasti\u00e1n, \u201cHil Kanpaiak\u201d e \u201c\u00cd\u00f1igo\u201d.<\/p>\n","protected":false},"excerpt":{"rendered":"<p>Pello Lizarralde, Jos\u00e9 Ignacio Agorreta, Imanol \u00dabeda e Imanol Rayo han colaborado en este proyecto que se puede visitar hasta el 1 de mayo<\/p>\n","protected":false},"author":1,"featured_media":39497,"comment_status":"open","ping_status":"closed","sticky":false,"template":"","format":"standard","meta":{"footnotes":""},"categories":[2],"tags":[],"class_list":["post-39496","post","type-post","status-publish","format-standard","has-post-thumbnail","hentry","category-ayuntamiento-pamplona"],"yoast_head":"<!-- This site is optimized with the Yoast SEO plugin v27.5 - https:\/\/yoast.com\/product\/yoast-seo-wordpress\/ -->\n<title>Cuatro creadores a\u00fanan literatura, pintura, fotograf\u00eda y m\u00fasica en \u201cSastraka \/ Maleza\u201d, una experiencia multidisciplinar que comparten en el Pabell\u00f3n de Mixtos<\/title>\n<meta name=\"description\" content=\"Pello Lizarralde, Jos\u00e9 Ignacio Agorreta, Imanol \u00dabeda e Imanol Rayo han colaborado en este proyecto que se puede visitar hasta el 1 de mayo\" \/>\n<meta name=\"robots\" content=\"index, follow, max-snippet:-1, max-image-preview:large, max-video-preview:-1\" \/>\n<link rel=\"canonical\" href=\"https:\/\/www.laguiadepamplona.com\/actualidad\/cuatro-creadores-aunan-literatura-pintura-fotografia-y-musica-en-sastraka-maleza-una-experiencia-multidisciplinar-que-comparten-en-el-pabellon-de-mixtos\/\" \/>\n<meta property=\"og:locale\" content=\"es_ES\" \/>\n<meta property=\"og:type\" content=\"article\" \/>\n<meta property=\"og:title\" content=\"Cuatro creadores a\u00fanan literatura, pintura, fotograf\u00eda y m\u00fasica en \u201cSastraka \/ Maleza\u201d, una experiencia multidisciplinar que comparten en el Pabell\u00f3n de Mixtos\" \/>\n<meta property=\"og:description\" content=\"Pello Lizarralde, Jos\u00e9 Ignacio Agorreta, Imanol \u00dabeda e Imanol Rayo han colaborado en este proyecto que se puede visitar hasta el 1 de mayo\" \/>\n<meta property=\"og:url\" content=\"https:\/\/www.laguiadepamplona.com\/actualidad\/cuatro-creadores-aunan-literatura-pintura-fotografia-y-musica-en-sastraka-maleza-una-experiencia-multidisciplinar-que-comparten-en-el-pabellon-de-mixtos\/\" \/>\n<meta property=\"og:site_name\" content=\"La Gu\u00eda de Pamplona\" \/>\n<meta property=\"article:publisher\" content=\"https:\/\/www.facebook.com\/laguiadepamplonacom-133175176762273\/?ref=hl\" \/>\n<meta property=\"article:published_time\" content=\"2022-03-18T11:30:24+00:00\" \/>\n<meta property=\"article:modified_time\" content=\"2023-04-11T09:48:24+00:00\" \/>\n<meta property=\"og:image\" content=\"https:\/\/www.laguiadepamplona.com\/actualidad\/wp-content\/uploads\/2022\/03\/sastraka.jpeg\" \/>\n\t<meta property=\"og:image:width\" content=\"2016\" \/>\n\t<meta property=\"og:image:height\" content=\"1134\" \/>\n\t<meta property=\"og:image:type\" content=\"image\/jpeg\" \/>\n<meta name=\"author\" content=\"La Gu\u00eda de Pamplona\" \/>\n<meta name=\"twitter:card\" content=\"summary_large_image\" \/>\n<meta name=\"twitter:creator\" content=\"@LaGuiadPamplona\" \/>\n<meta name=\"twitter:site\" content=\"@LaGuiadPamplona\" \/>\n<meta name=\"twitter:label1\" content=\"Escrito por\" \/>\n\t<meta name=\"twitter:data1\" content=\"La Gu\u00eda de Pamplona\" \/>\n\t<meta name=\"twitter:label2\" content=\"Tiempo de lectura\" \/>\n\t<meta name=\"twitter:data2\" content=\"4 minutos\" \/>\n<script type=\"application\/ld+json\" class=\"yoast-schema-graph\">{\"@context\":\"https:\\\/\\\/schema.org\",\"@graph\":[{\"@type\":\"Article\",\"@id\":\"https:\\\/\\\/www.laguiadepamplona.com\\\/actualidad\\\/cuatro-creadores-aunan-literatura-pintura-fotografia-y-musica-en-sastraka-maleza-una-experiencia-multidisciplinar-que-comparten-en-el-pabellon-de-mixtos\\\/#article\",\"isPartOf\":{\"@id\":\"https:\\\/\\\/www.laguiadepamplona.com\\\/actualidad\\\/cuatro-creadores-aunan-literatura-pintura-fotografia-y-musica-en-sastraka-maleza-una-experiencia-multidisciplinar-que-comparten-en-el-pabellon-de-mixtos\\\/\"},\"author\":{\"name\":\"La Gu\u00eda de Pamplona\",\"@id\":\"https:\\\/\\\/www.laguiadepamplona.com\\\/actualidad\\\/#\\\/schema\\\/person\\\/efe887376f0213d4657c93adc50b1fdb\"},\"headline\":\"Cuatro creadores a\u00fanan literatura, pintura, fotograf\u00eda y m\u00fasica en \u201cSastraka \\\/ Maleza\u201d, una experiencia multidisciplinar que comparten en el Pabell\u00f3n de Mixtos\",\"datePublished\":\"2022-03-18T11:30:24+00:00\",\"dateModified\":\"2023-04-11T09:48:24+00:00\",\"mainEntityOfPage\":{\"@id\":\"https:\\\/\\\/www.laguiadepamplona.com\\\/actualidad\\\/cuatro-creadores-aunan-literatura-pintura-fotografia-y-musica-en-sastraka-maleza-una-experiencia-multidisciplinar-que-comparten-en-el-pabellon-de-mixtos\\\/\"},\"wordCount\":937,\"commentCount\":0,\"publisher\":{\"@id\":\"https:\\\/\\\/www.laguiadepamplona.com\\\/actualidad\\\/#organization\"},\"image\":{\"@id\":\"https:\\\/\\\/www.laguiadepamplona.com\\\/actualidad\\\/cuatro-creadores-aunan-literatura-pintura-fotografia-y-musica-en-sastraka-maleza-una-experiencia-multidisciplinar-que-comparten-en-el-pabellon-de-mixtos\\\/#primaryimage\"},\"thumbnailUrl\":\"https:\\\/\\\/www.laguiadepamplona.com\\\/actualidad\\\/wp-content\\\/uploads\\\/2022\\\/03\\\/sastraka.jpeg\",\"articleSection\":[\"Ayto Pamplona\"],\"inLanguage\":\"es\",\"potentialAction\":[{\"@type\":\"CommentAction\",\"name\":\"Comment\",\"target\":[\"https:\\\/\\\/www.laguiadepamplona.com\\\/actualidad\\\/cuatro-creadores-aunan-literatura-pintura-fotografia-y-musica-en-sastraka-maleza-una-experiencia-multidisciplinar-que-comparten-en-el-pabellon-de-mixtos\\\/#respond\"]}]},{\"@type\":\"WebPage\",\"@id\":\"https:\\\/\\\/www.laguiadepamplona.com\\\/actualidad\\\/cuatro-creadores-aunan-literatura-pintura-fotografia-y-musica-en-sastraka-maleza-una-experiencia-multidisciplinar-que-comparten-en-el-pabellon-de-mixtos\\\/\",\"url\":\"https:\\\/\\\/www.laguiadepamplona.com\\\/actualidad\\\/cuatro-creadores-aunan-literatura-pintura-fotografia-y-musica-en-sastraka-maleza-una-experiencia-multidisciplinar-que-comparten-en-el-pabellon-de-mixtos\\\/\",\"name\":\"Cuatro creadores a\u00fanan literatura, pintura, fotograf\u00eda y m\u00fasica en \u201cSastraka \\\/ Maleza\u201d, una experiencia multidisciplinar que comparten en el Pabell\u00f3n de Mixtos\",\"isPartOf\":{\"@id\":\"https:\\\/\\\/www.laguiadepamplona.com\\\/actualidad\\\/#website\"},\"primaryImageOfPage\":{\"@id\":\"https:\\\/\\\/www.laguiadepamplona.com\\\/actualidad\\\/cuatro-creadores-aunan-literatura-pintura-fotografia-y-musica-en-sastraka-maleza-una-experiencia-multidisciplinar-que-comparten-en-el-pabellon-de-mixtos\\\/#primaryimage\"},\"image\":{\"@id\":\"https:\\\/\\\/www.laguiadepamplona.com\\\/actualidad\\\/cuatro-creadores-aunan-literatura-pintura-fotografia-y-musica-en-sastraka-maleza-una-experiencia-multidisciplinar-que-comparten-en-el-pabellon-de-mixtos\\\/#primaryimage\"},\"thumbnailUrl\":\"https:\\\/\\\/www.laguiadepamplona.com\\\/actualidad\\\/wp-content\\\/uploads\\\/2022\\\/03\\\/sastraka.jpeg\",\"datePublished\":\"2022-03-18T11:30:24+00:00\",\"dateModified\":\"2023-04-11T09:48:24+00:00\",\"description\":\"Pello Lizarralde, Jos\u00e9 Ignacio Agorreta, Imanol \u00dabeda e Imanol Rayo han colaborado en este proyecto que se puede visitar hasta el 1 de mayo\",\"breadcrumb\":{\"@id\":\"https:\\\/\\\/www.laguiadepamplona.com\\\/actualidad\\\/cuatro-creadores-aunan-literatura-pintura-fotografia-y-musica-en-sastraka-maleza-una-experiencia-multidisciplinar-que-comparten-en-el-pabellon-de-mixtos\\\/#breadcrumb\"},\"inLanguage\":\"es\",\"potentialAction\":[{\"@type\":\"ReadAction\",\"target\":[\"https:\\\/\\\/www.laguiadepamplona.com\\\/actualidad\\\/cuatro-creadores-aunan-literatura-pintura-fotografia-y-musica-en-sastraka-maleza-una-experiencia-multidisciplinar-que-comparten-en-el-pabellon-de-mixtos\\\/\"]}]},{\"@type\":\"ImageObject\",\"inLanguage\":\"es\",\"@id\":\"https:\\\/\\\/www.laguiadepamplona.com\\\/actualidad\\\/cuatro-creadores-aunan-literatura-pintura-fotografia-y-musica-en-sastraka-maleza-una-experiencia-multidisciplinar-que-comparten-en-el-pabellon-de-mixtos\\\/#primaryimage\",\"url\":\"https:\\\/\\\/www.laguiadepamplona.com\\\/actualidad\\\/wp-content\\\/uploads\\\/2022\\\/03\\\/sastraka.jpeg\",\"contentUrl\":\"https:\\\/\\\/www.laguiadepamplona.com\\\/actualidad\\\/wp-content\\\/uploads\\\/2022\\\/03\\\/sastraka.jpeg\",\"width\":2016,\"height\":1134},{\"@type\":\"BreadcrumbList\",\"@id\":\"https:\\\/\\\/www.laguiadepamplona.com\\\/actualidad\\\/cuatro-creadores-aunan-literatura-pintura-fotografia-y-musica-en-sastraka-maleza-una-experiencia-multidisciplinar-que-comparten-en-el-pabellon-de-mixtos\\\/#breadcrumb\",\"itemListElement\":[{\"@type\":\"ListItem\",\"position\":1,\"name\":\"Portada\",\"item\":\"https:\\\/\\\/www.laguiadepamplona.com\\\/actualidad\\\/\"},{\"@type\":\"ListItem\",\"position\":2,\"name\":\"Cuatro creadores a\u00fanan literatura, pintura, fotograf\u00eda y m\u00fasica en \u201cSastraka \\\/ Maleza\u201d, una experiencia multidisciplinar que comparten en el Pabell\u00f3n de Mixtos\"}]},{\"@type\":\"WebSite\",\"@id\":\"https:\\\/\\\/www.laguiadepamplona.com\\\/actualidad\\\/#website\",\"url\":\"https:\\\/\\\/www.laguiadepamplona.com\\\/actualidad\\\/\",\"name\":\"La gu\u00eda de Pamplona\",\"description\":\"Noticias de Pamplona\",\"publisher\":{\"@id\":\"https:\\\/\\\/www.laguiadepamplona.com\\\/actualidad\\\/#organization\"},\"potentialAction\":[{\"@type\":\"SearchAction\",\"target\":{\"@type\":\"EntryPoint\",\"urlTemplate\":\"https:\\\/\\\/www.laguiadepamplona.com\\\/actualidad\\\/?s={search_term_string}\"},\"query-input\":{\"@type\":\"PropertyValueSpecification\",\"valueRequired\":true,\"valueName\":\"search_term_string\"}}],\"inLanguage\":\"es\"},{\"@type\":\"Organization\",\"@id\":\"https:\\\/\\\/www.laguiadepamplona.com\\\/actualidad\\\/#organization\",\"name\":\"La Gu\u00eda de Pamplona \\\/ Noticias\",\"url\":\"https:\\\/\\\/www.laguiadepamplona.com\\\/actualidad\\\/\",\"logo\":{\"@type\":\"ImageObject\",\"inLanguage\":\"es\",\"@id\":\"https:\\\/\\\/www.laguiadepamplona.com\\\/actualidad\\\/#\\\/schema\\\/logo\\\/image\\\/\",\"url\":\"https:\\\/\\\/www.laguiadepamplona.com\\\/actualidad\\\/wp-content\\\/uploads\\\/2018\\\/11\\\/logo-laguiadepamplona18-web1.png\",\"contentUrl\":\"https:\\\/\\\/www.laguiadepamplona.com\\\/actualidad\\\/wp-content\\\/uploads\\\/2018\\\/11\\\/logo-laguiadepamplona18-web1.png\",\"width\":600,\"height\":196,\"caption\":\"La Gu\u00eda de Pamplona \\\/ Noticias\"},\"image\":{\"@id\":\"https:\\\/\\\/www.laguiadepamplona.com\\\/actualidad\\\/#\\\/schema\\\/logo\\\/image\\\/\"},\"sameAs\":[\"https:\\\/\\\/www.facebook.com\\\/laguiadepamplonacom-133175176762273\\\/?ref=hl\",\"https:\\\/\\\/x.com\\\/LaGuiadPamplona\",\"https:\\\/\\\/www.instagram.com\\\/la_guia_de_pamplona\\\/\",\"https:\\\/\\\/www.youtube.com\\\/user\\\/laguiadepamplona\"]},{\"@type\":\"Person\",\"@id\":\"https:\\\/\\\/www.laguiadepamplona.com\\\/actualidad\\\/#\\\/schema\\\/person\\\/efe887376f0213d4657c93adc50b1fdb\",\"name\":\"La Gu\u00eda de Pamplona\",\"image\":{\"@type\":\"ImageObject\",\"inLanguage\":\"es\",\"@id\":\"https:\\\/\\\/secure.gravatar.com\\\/avatar\\\/b6992f131dc8d30ab0dff15446e9d346d9dbd95992de0fef795073f5ea83a81c?s=96&d=mm&r=g\",\"url\":\"https:\\\/\\\/secure.gravatar.com\\\/avatar\\\/b6992f131dc8d30ab0dff15446e9d346d9dbd95992de0fef795073f5ea83a81c?s=96&d=mm&r=g\",\"contentUrl\":\"https:\\\/\\\/secure.gravatar.com\\\/avatar\\\/b6992f131dc8d30ab0dff15446e9d346d9dbd95992de0fef795073f5ea83a81c?s=96&d=mm&r=g\",\"caption\":\"La Gu\u00eda de Pamplona\"}}]}<\/script>\n<!-- \/ Yoast SEO plugin. -->","yoast_head_json":{"title":"Cuatro creadores a\u00fanan literatura, pintura, fotograf\u00eda y m\u00fasica en \u201cSastraka \/ Maleza\u201d, una experiencia multidisciplinar que comparten en el Pabell\u00f3n de Mixtos","description":"Pello Lizarralde, Jos\u00e9 Ignacio Agorreta, Imanol \u00dabeda e Imanol Rayo han colaborado en este proyecto que se puede visitar hasta el 1 de mayo","robots":{"index":"index","follow":"follow","max-snippet":"max-snippet:-1","max-image-preview":"max-image-preview:large","max-video-preview":"max-video-preview:-1"},"canonical":"https:\/\/www.laguiadepamplona.com\/actualidad\/cuatro-creadores-aunan-literatura-pintura-fotografia-y-musica-en-sastraka-maleza-una-experiencia-multidisciplinar-que-comparten-en-el-pabellon-de-mixtos\/","og_locale":"es_ES","og_type":"article","og_title":"Cuatro creadores a\u00fanan literatura, pintura, fotograf\u00eda y m\u00fasica en \u201cSastraka \/ Maleza\u201d, una experiencia multidisciplinar que comparten en el Pabell\u00f3n de Mixtos","og_description":"Pello Lizarralde, Jos\u00e9 Ignacio Agorreta, Imanol \u00dabeda e Imanol Rayo han colaborado en este proyecto que se puede visitar hasta el 1 de mayo","og_url":"https:\/\/www.laguiadepamplona.com\/actualidad\/cuatro-creadores-aunan-literatura-pintura-fotografia-y-musica-en-sastraka-maleza-una-experiencia-multidisciplinar-que-comparten-en-el-pabellon-de-mixtos\/","og_site_name":"La Gu\u00eda de Pamplona","article_publisher":"https:\/\/www.facebook.com\/laguiadepamplonacom-133175176762273\/?ref=hl","article_published_time":"2022-03-18T11:30:24+00:00","article_modified_time":"2023-04-11T09:48:24+00:00","og_image":[{"width":2016,"height":1134,"url":"https:\/\/www.laguiadepamplona.com\/actualidad\/wp-content\/uploads\/2022\/03\/sastraka.jpeg","type":"image\/jpeg"}],"author":"La Gu\u00eda de Pamplona","twitter_card":"summary_large_image","twitter_creator":"@LaGuiadPamplona","twitter_site":"@LaGuiadPamplona","twitter_misc":{"Escrito por":"La Gu\u00eda de Pamplona","Tiempo de lectura":"4 minutos"},"schema":{"@context":"https:\/\/schema.org","@graph":[{"@type":"Article","@id":"https:\/\/www.laguiadepamplona.com\/actualidad\/cuatro-creadores-aunan-literatura-pintura-fotografia-y-musica-en-sastraka-maleza-una-experiencia-multidisciplinar-que-comparten-en-el-pabellon-de-mixtos\/#article","isPartOf":{"@id":"https:\/\/www.laguiadepamplona.com\/actualidad\/cuatro-creadores-aunan-literatura-pintura-fotografia-y-musica-en-sastraka-maleza-una-experiencia-multidisciplinar-que-comparten-en-el-pabellon-de-mixtos\/"},"author":{"name":"La Gu\u00eda de Pamplona","@id":"https:\/\/www.laguiadepamplona.com\/actualidad\/#\/schema\/person\/efe887376f0213d4657c93adc50b1fdb"},"headline":"Cuatro creadores a\u00fanan literatura, pintura, fotograf\u00eda y m\u00fasica en \u201cSastraka \/ Maleza\u201d, una experiencia multidisciplinar que comparten en el Pabell\u00f3n de Mixtos","datePublished":"2022-03-18T11:30:24+00:00","dateModified":"2023-04-11T09:48:24+00:00","mainEntityOfPage":{"@id":"https:\/\/www.laguiadepamplona.com\/actualidad\/cuatro-creadores-aunan-literatura-pintura-fotografia-y-musica-en-sastraka-maleza-una-experiencia-multidisciplinar-que-comparten-en-el-pabellon-de-mixtos\/"},"wordCount":937,"commentCount":0,"publisher":{"@id":"https:\/\/www.laguiadepamplona.com\/actualidad\/#organization"},"image":{"@id":"https:\/\/www.laguiadepamplona.com\/actualidad\/cuatro-creadores-aunan-literatura-pintura-fotografia-y-musica-en-sastraka-maleza-una-experiencia-multidisciplinar-que-comparten-en-el-pabellon-de-mixtos\/#primaryimage"},"thumbnailUrl":"https:\/\/www.laguiadepamplona.com\/actualidad\/wp-content\/uploads\/2022\/03\/sastraka.jpeg","articleSection":["Ayto Pamplona"],"inLanguage":"es","potentialAction":[{"@type":"CommentAction","name":"Comment","target":["https:\/\/www.laguiadepamplona.com\/actualidad\/cuatro-creadores-aunan-literatura-pintura-fotografia-y-musica-en-sastraka-maleza-una-experiencia-multidisciplinar-que-comparten-en-el-pabellon-de-mixtos\/#respond"]}]},{"@type":"WebPage","@id":"https:\/\/www.laguiadepamplona.com\/actualidad\/cuatro-creadores-aunan-literatura-pintura-fotografia-y-musica-en-sastraka-maleza-una-experiencia-multidisciplinar-que-comparten-en-el-pabellon-de-mixtos\/","url":"https:\/\/www.laguiadepamplona.com\/actualidad\/cuatro-creadores-aunan-literatura-pintura-fotografia-y-musica-en-sastraka-maleza-una-experiencia-multidisciplinar-que-comparten-en-el-pabellon-de-mixtos\/","name":"Cuatro creadores a\u00fanan literatura, pintura, fotograf\u00eda y m\u00fasica en \u201cSastraka \/ Maleza\u201d, una experiencia multidisciplinar que comparten en el Pabell\u00f3n de Mixtos","isPartOf":{"@id":"https:\/\/www.laguiadepamplona.com\/actualidad\/#website"},"primaryImageOfPage":{"@id":"https:\/\/www.laguiadepamplona.com\/actualidad\/cuatro-creadores-aunan-literatura-pintura-fotografia-y-musica-en-sastraka-maleza-una-experiencia-multidisciplinar-que-comparten-en-el-pabellon-de-mixtos\/#primaryimage"},"image":{"@id":"https:\/\/www.laguiadepamplona.com\/actualidad\/cuatro-creadores-aunan-literatura-pintura-fotografia-y-musica-en-sastraka-maleza-una-experiencia-multidisciplinar-que-comparten-en-el-pabellon-de-mixtos\/#primaryimage"},"thumbnailUrl":"https:\/\/www.laguiadepamplona.com\/actualidad\/wp-content\/uploads\/2022\/03\/sastraka.jpeg","datePublished":"2022-03-18T11:30:24+00:00","dateModified":"2023-04-11T09:48:24+00:00","description":"Pello Lizarralde, Jos\u00e9 Ignacio Agorreta, Imanol \u00dabeda e Imanol Rayo han colaborado en este proyecto que se puede visitar hasta el 1 de mayo","breadcrumb":{"@id":"https:\/\/www.laguiadepamplona.com\/actualidad\/cuatro-creadores-aunan-literatura-pintura-fotografia-y-musica-en-sastraka-maleza-una-experiencia-multidisciplinar-que-comparten-en-el-pabellon-de-mixtos\/#breadcrumb"},"inLanguage":"es","potentialAction":[{"@type":"ReadAction","target":["https:\/\/www.laguiadepamplona.com\/actualidad\/cuatro-creadores-aunan-literatura-pintura-fotografia-y-musica-en-sastraka-maleza-una-experiencia-multidisciplinar-que-comparten-en-el-pabellon-de-mixtos\/"]}]},{"@type":"ImageObject","inLanguage":"es","@id":"https:\/\/www.laguiadepamplona.com\/actualidad\/cuatro-creadores-aunan-literatura-pintura-fotografia-y-musica-en-sastraka-maleza-una-experiencia-multidisciplinar-que-comparten-en-el-pabellon-de-mixtos\/#primaryimage","url":"https:\/\/www.laguiadepamplona.com\/actualidad\/wp-content\/uploads\/2022\/03\/sastraka.jpeg","contentUrl":"https:\/\/www.laguiadepamplona.com\/actualidad\/wp-content\/uploads\/2022\/03\/sastraka.jpeg","width":2016,"height":1134},{"@type":"BreadcrumbList","@id":"https:\/\/www.laguiadepamplona.com\/actualidad\/cuatro-creadores-aunan-literatura-pintura-fotografia-y-musica-en-sastraka-maleza-una-experiencia-multidisciplinar-que-comparten-en-el-pabellon-de-mixtos\/#breadcrumb","itemListElement":[{"@type":"ListItem","position":1,"name":"Portada","item":"https:\/\/www.laguiadepamplona.com\/actualidad\/"},{"@type":"ListItem","position":2,"name":"Cuatro creadores a\u00fanan literatura, pintura, fotograf\u00eda y m\u00fasica en \u201cSastraka \/ Maleza\u201d, una experiencia multidisciplinar que comparten en el Pabell\u00f3n de Mixtos"}]},{"@type":"WebSite","@id":"https:\/\/www.laguiadepamplona.com\/actualidad\/#website","url":"https:\/\/www.laguiadepamplona.com\/actualidad\/","name":"La gu\u00eda de Pamplona","description":"Noticias de Pamplona","publisher":{"@id":"https:\/\/www.laguiadepamplona.com\/actualidad\/#organization"},"potentialAction":[{"@type":"SearchAction","target":{"@type":"EntryPoint","urlTemplate":"https:\/\/www.laguiadepamplona.com\/actualidad\/?s={search_term_string}"},"query-input":{"@type":"PropertyValueSpecification","valueRequired":true,"valueName":"search_term_string"}}],"inLanguage":"es"},{"@type":"Organization","@id":"https:\/\/www.laguiadepamplona.com\/actualidad\/#organization","name":"La Gu\u00eda de Pamplona \/ Noticias","url":"https:\/\/www.laguiadepamplona.com\/actualidad\/","logo":{"@type":"ImageObject","inLanguage":"es","@id":"https:\/\/www.laguiadepamplona.com\/actualidad\/#\/schema\/logo\/image\/","url":"https:\/\/www.laguiadepamplona.com\/actualidad\/wp-content\/uploads\/2018\/11\/logo-laguiadepamplona18-web1.png","contentUrl":"https:\/\/www.laguiadepamplona.com\/actualidad\/wp-content\/uploads\/2018\/11\/logo-laguiadepamplona18-web1.png","width":600,"height":196,"caption":"La Gu\u00eda de Pamplona \/ Noticias"},"image":{"@id":"https:\/\/www.laguiadepamplona.com\/actualidad\/#\/schema\/logo\/image\/"},"sameAs":["https:\/\/www.facebook.com\/laguiadepamplonacom-133175176762273\/?ref=hl","https:\/\/x.com\/LaGuiadPamplona","https:\/\/www.instagram.com\/la_guia_de_pamplona\/","https:\/\/www.youtube.com\/user\/laguiadepamplona"]},{"@type":"Person","@id":"https:\/\/www.laguiadepamplona.com\/actualidad\/#\/schema\/person\/efe887376f0213d4657c93adc50b1fdb","name":"La Gu\u00eda de Pamplona","image":{"@type":"ImageObject","inLanguage":"es","@id":"https:\/\/secure.gravatar.com\/avatar\/b6992f131dc8d30ab0dff15446e9d346d9dbd95992de0fef795073f5ea83a81c?s=96&d=mm&r=g","url":"https:\/\/secure.gravatar.com\/avatar\/b6992f131dc8d30ab0dff15446e9d346d9dbd95992de0fef795073f5ea83a81c?s=96&d=mm&r=g","contentUrl":"https:\/\/secure.gravatar.com\/avatar\/b6992f131dc8d30ab0dff15446e9d346d9dbd95992de0fef795073f5ea83a81c?s=96&d=mm&r=g","caption":"La Gu\u00eda de Pamplona"}}]}},"post_mailing_queue_ids":[],"_links":{"self":[{"href":"https:\/\/www.laguiadepamplona.com\/actualidad\/wp-json\/wp\/v2\/posts\/39496","targetHints":{"allow":["GET"]}}],"collection":[{"href":"https:\/\/www.laguiadepamplona.com\/actualidad\/wp-json\/wp\/v2\/posts"}],"about":[{"href":"https:\/\/www.laguiadepamplona.com\/actualidad\/wp-json\/wp\/v2\/types\/post"}],"author":[{"embeddable":true,"href":"https:\/\/www.laguiadepamplona.com\/actualidad\/wp-json\/wp\/v2\/users\/1"}],"replies":[{"embeddable":true,"href":"https:\/\/www.laguiadepamplona.com\/actualidad\/wp-json\/wp\/v2\/comments?post=39496"}],"version-history":[{"count":0,"href":"https:\/\/www.laguiadepamplona.com\/actualidad\/wp-json\/wp\/v2\/posts\/39496\/revisions"}],"wp:featuredmedia":[{"embeddable":true,"href":"https:\/\/www.laguiadepamplona.com\/actualidad\/wp-json\/wp\/v2\/media\/39497"}],"wp:attachment":[{"href":"https:\/\/www.laguiadepamplona.com\/actualidad\/wp-json\/wp\/v2\/media?parent=39496"}],"wp:term":[{"taxonomy":"category","embeddable":true,"href":"https:\/\/www.laguiadepamplona.com\/actualidad\/wp-json\/wp\/v2\/categories?post=39496"},{"taxonomy":"post_tag","embeddable":true,"href":"https:\/\/www.laguiadepamplona.com\/actualidad\/wp-json\/wp\/v2\/tags?post=39496"}],"curies":[{"name":"wp","href":"https:\/\/api.w.org\/{rel}","templated":true}]}}