{"id":39489,"date":"2022-03-17T18:36:37","date_gmt":"2022-03-17T16:36:37","guid":{"rendered":"https:\/\/www.laguiadepamplona.com\/actualidad\/?p=39489"},"modified":"2023-04-11T11:48:24","modified_gmt":"2023-04-11T09:48:24","slug":"abierto-al-transito-ciclista-el-primer-tramo-del-eje-sostenible-de-labrit-que-une-por-la-calle-magdalena-el-carril-bici-entre-el-paseo-de-alemanes-y-la-urbanizacion-de-txantrea-sur","status":"publish","type":"post","link":"https:\/\/www.laguiadepamplona.com\/actualidad\/abierto-al-transito-ciclista-el-primer-tramo-del-eje-sostenible-de-labrit-que-une-por-la-calle-magdalena-el-carril-bici-entre-el-paseo-de-alemanes-y-la-urbanizacion-de-txantrea-sur\/","title":{"rendered":"Abierto al tr\u00e1nsito ciclista el primer tramo del Eje Sostenible de Labrit que une, por la calle Magdalena, el carril bici entre el paseo de Alemanes y la urbanizaci\u00f3n de Txantrea Sur"},"content":{"rendered":"<h5>Adem\u00e1s, se ha mejorado la acera anexa al carril bici y se ha calmado el tr\u00e1fico mediante la reducci\u00f3n del ancho de los carriles de circulaci\u00f3n<\/h5>\n<p><!--more--><\/p>\n<p>El nuevo Eje Sostenible de Labrit estrena su primer tramo. El Ayuntamiento de Pamplona ha abierto este jueves un nuevo tramo de 300 metros que conecta, a trav\u00e9s de la calle Magdalena, la infraestructura ciclista que transita por el paseo de Alemanes hasta la rotonda de acceso al vial de la nueva urbanizaci\u00f3n de Txantrea Sur. Se trata de un carril bidireccional, de 3,5 metros de ancho, que discurre por el margen derecho del carril de circulaci\u00f3n en sentido centro de la ciudad.<br \/>\n<script async src=\"\/\/pagead2.googlesyndication.com\/pagead\/js\/adsbygoogle.js\"><\/script><br \/>\n<!-- Noticias La Guia de Pamplona --><br \/>\n<ins class=\"adsbygoogle\"\nstyle=\"display:block\"\ndata-ad-client=\"ca-pub-6943679897239327\"\ndata-ad-slot=\"7048180777\"\ndata-ad-format=\"auto\"><\/ins><br \/>\n<script>\n(adsbygoogle = window.adsbygoogle || []).push({});\n<\/script><\/p>\n<p>Se han aprovechado las obras, adem\u00e1s, para mejorar la acera contigua al carril bici. Se ha aumentado su anchura y se ha cambiado la pavimentaci\u00f3n, colocando pavimento podot\u00e1ctil en el l\u00edmite de la acera con el carril bici. Estas actuaciones llevan consigo tambi\u00e9n un calmado del tr\u00e1fico, ya que se ha reducido el ancho de los carriles de circulaci\u00f3n de veh\u00edculos en la calle Magdalena.<\/p>\n<p>El Eje Sostenible de Labrit implantar\u00e1 un carril bici direccional que unir\u00e1 los barrios del norte de la ciudad con el centro de Pamplona, a trav\u00e9s de la cuesta de Labrit. Este primer tramo conecta, a trav\u00e9s de la calle Padre Ado\u00e1in (Alemanes), con el t\u00e9rmino municipal de Anso\u00e1in. El Eje Sostenible de Labrit suma al carril bici la mejora de la movilidad peatonal, con actuaciones en las aceras y el camino que atraviesa el parque de la Tejer\u00eda, as\u00ed como las facilidades para el tr\u00e1nsito del transporte p\u00fablico urbano comarcal, con un carril bus exclusivo desde el cruce con la calle El Vergel hasta el cruce con la calle Amaya.<\/p>\n<p>Las obras del Eje Sostenible de Labrit contin\u00faan su ejecuci\u00f3n y se prev\u00e9 que finalicen a lo largo de los meses de verano. El presupuesto de los trabajos que se est\u00e1n acometiendo asciende a 1.192.000 euros. La UTE Urbanismo T\u00e1ctico Pamplona, formada por las empresas Construcciones Lacunza y Goyo Se\u00f1alizaciones, fue la adjudicataria para llevar a cabo este proyecto.<br \/>\n<script async src=\"\/\/pagead2.googlesyndication.com\/pagead\/js\/adsbygoogle.js\"><\/script><br \/>\n<!-- Noticias La Guia de Pamplona --><br \/>\n<ins class=\"adsbygoogle\"\nstyle=\"display:block\"\ndata-ad-client=\"ca-pub-6943679897239327\"\ndata-ad-slot=\"7048180777\"\ndata-ad-format=\"auto\"><\/ins><br \/>\n<script>\n(adsbygoogle = window.adsbygoogle || []).push({});\n<\/script><\/p>\n<p>La ampliaci\u00f3n y mejora de las redes de movilidad activa, para el tr\u00e1nsito peatonal y de las bicicletas, as\u00ed como las facilidades para la circulaci\u00f3n del transporte p\u00fablico, son parte de las actuaciones necesarias para avanzar en el desarrollo de la Estrategia \u2018Go Green\u2019 Pamplona de Transici\u00f3n Energ\u00e9tica y Cambio Clim\u00e1tico 2030, enfocada a la descarbonizaci\u00f3n y adaptaci\u00f3n de la ciudad, de manera alineada con los objetivos europeos en esta materia. El Eje Sostenible de Labrit es, adem\u00e1s, uno de los proyectos financiados por los fondos europeos Next Generation EU, a trav\u00e9s del Plan de Recuperaci\u00f3n, Transformaci\u00f3n y Resiliencia (PRTR), gracias a una convocatoria lanzada por el Ministerio de Transporte, Movilidad y Agenda Urbana del Gobierno de Espa\u00f1a.<\/p>\n","protected":false},"excerpt":{"rendered":"<p>Adem\u00e1s, se ha mejorado la acera anexa al carril bici y se ha calmado el tr\u00e1fico mediante la reducci\u00f3n del ancho de los carriles de circulaci\u00f3n<\/p>\n","protected":false},"author":1,"featured_media":39490,"comment_status":"open","ping_status":"closed","sticky":false,"template":"","format":"standard","meta":{"footnotes":""},"categories":[2],"tags":[],"class_list":["post-39489","post","type-post","status-publish","format-standard","has-post-thumbnail","hentry","category-ayuntamiento-pamplona"],"yoast_head":"<!-- This site is optimized with the Yoast SEO plugin v27.5 - https:\/\/yoast.com\/product\/yoast-seo-wordpress\/ -->\n<title>Abierto al tr\u00e1nsito ciclista el primer tramo del Eje Sostenible de Labrit que une, por la calle Magdalena, el carril bici entre el paseo de Alemanes y la urbanizaci\u00f3n de Txantrea Sur<\/title>\n<meta name=\"description\" content=\"Adem\u00e1s, se ha mejorado la acera anexa al carril bici y se ha calmado el tr\u00e1fico mediante la reducci\u00f3n del ancho de los carriles de circulaci\u00f3n\" \/>\n<meta name=\"robots\" content=\"index, follow, max-snippet:-1, max-image-preview:large, max-video-preview:-1\" \/>\n<link rel=\"canonical\" href=\"https:\/\/www.laguiadepamplona.com\/actualidad\/abierto-al-transito-ciclista-el-primer-tramo-del-eje-sostenible-de-labrit-que-une-por-la-calle-magdalena-el-carril-bici-entre-el-paseo-de-alemanes-y-la-urbanizacion-de-txantrea-sur\/\" \/>\n<meta property=\"og:locale\" content=\"es_ES\" \/>\n<meta property=\"og:type\" content=\"article\" \/>\n<meta property=\"og:title\" content=\"Abierto al tr\u00e1nsito ciclista el primer tramo del Eje Sostenible de Labrit que une, por la calle Magdalena, el carril bici entre el paseo de Alemanes y la urbanizaci\u00f3n de Txantrea Sur\" \/>\n<meta property=\"og:description\" content=\"Adem\u00e1s, se ha mejorado la acera anexa al carril bici y se ha calmado el tr\u00e1fico mediante la reducci\u00f3n del ancho de los carriles de circulaci\u00f3n\" \/>\n<meta property=\"og:url\" content=\"https:\/\/www.laguiadepamplona.com\/actualidad\/abierto-al-transito-ciclista-el-primer-tramo-del-eje-sostenible-de-labrit-que-une-por-la-calle-magdalena-el-carril-bici-entre-el-paseo-de-alemanes-y-la-urbanizacion-de-txantrea-sur\/\" \/>\n<meta property=\"og:site_name\" content=\"La Gu\u00eda de Pamplona\" \/>\n<meta property=\"article:publisher\" content=\"https:\/\/www.facebook.com\/laguiadepamplonacom-133175176762273\/?ref=hl\" \/>\n<meta property=\"article:published_time\" content=\"2022-03-17T16:36:37+00:00\" \/>\n<meta property=\"article:modified_time\" content=\"2023-04-11T09:48:24+00:00\" \/>\n<meta property=\"og:image\" content=\"https:\/\/www.laguiadepamplona.com\/actualidad\/wp-content\/uploads\/2022\/03\/CARRIL-BICI_LABRIT_MAGDALENA_TXANTREA_17032022_EE5A2494.jpg\" \/>\n\t<meta property=\"og:image:width\" content=\"1920\" \/>\n\t<meta property=\"og:image:height\" content=\"1280\" \/>\n\t<meta property=\"og:image:type\" content=\"image\/jpeg\" \/>\n<meta name=\"author\" content=\"La Gu\u00eda de Pamplona\" \/>\n<meta name=\"twitter:card\" content=\"summary_large_image\" \/>\n<meta name=\"twitter:creator\" content=\"@LaGuiadPamplona\" \/>\n<meta name=\"twitter:site\" content=\"@LaGuiadPamplona\" \/>\n<meta name=\"twitter:label1\" content=\"Escrito por\" \/>\n\t<meta name=\"twitter:data1\" content=\"La Gu\u00eda de Pamplona\" \/>\n\t<meta name=\"twitter:label2\" content=\"Tiempo de lectura\" \/>\n\t<meta name=\"twitter:data2\" content=\"3 minutos\" \/>\n<script type=\"application\/ld+json\" class=\"yoast-schema-graph\">{\"@context\":\"https:\\\/\\\/schema.org\",\"@graph\":[{\"@type\":\"Article\",\"@id\":\"https:\\\/\\\/www.laguiadepamplona.com\\\/actualidad\\\/abierto-al-transito-ciclista-el-primer-tramo-del-eje-sostenible-de-labrit-que-une-por-la-calle-magdalena-el-carril-bici-entre-el-paseo-de-alemanes-y-la-urbanizacion-de-txantrea-sur\\\/#article\",\"isPartOf\":{\"@id\":\"https:\\\/\\\/www.laguiadepamplona.com\\\/actualidad\\\/abierto-al-transito-ciclista-el-primer-tramo-del-eje-sostenible-de-labrit-que-une-por-la-calle-magdalena-el-carril-bici-entre-el-paseo-de-alemanes-y-la-urbanizacion-de-txantrea-sur\\\/\"},\"author\":{\"name\":\"La Gu\u00eda de Pamplona\",\"@id\":\"https:\\\/\\\/www.laguiadepamplona.com\\\/actualidad\\\/#\\\/schema\\\/person\\\/efe887376f0213d4657c93adc50b1fdb\"},\"headline\":\"Abierto al tr\u00e1nsito ciclista el primer tramo del Eje Sostenible de Labrit que une, por la calle Magdalena, el carril bici entre el paseo de Alemanes y la urbanizaci\u00f3n de Txantrea Sur\",\"datePublished\":\"2022-03-17T16:36:37+00:00\",\"dateModified\":\"2023-04-11T09:48:24+00:00\",\"mainEntityOfPage\":{\"@id\":\"https:\\\/\\\/www.laguiadepamplona.com\\\/actualidad\\\/abierto-al-transito-ciclista-el-primer-tramo-del-eje-sostenible-de-labrit-que-une-por-la-calle-magdalena-el-carril-bici-entre-el-paseo-de-alemanes-y-la-urbanizacion-de-txantrea-sur\\\/\"},\"wordCount\":534,\"commentCount\":0,\"publisher\":{\"@id\":\"https:\\\/\\\/www.laguiadepamplona.com\\\/actualidad\\\/#organization\"},\"image\":{\"@id\":\"https:\\\/\\\/www.laguiadepamplona.com\\\/actualidad\\\/abierto-al-transito-ciclista-el-primer-tramo-del-eje-sostenible-de-labrit-que-une-por-la-calle-magdalena-el-carril-bici-entre-el-paseo-de-alemanes-y-la-urbanizacion-de-txantrea-sur\\\/#primaryimage\"},\"thumbnailUrl\":\"https:\\\/\\\/www.laguiadepamplona.com\\\/actualidad\\\/wp-content\\\/uploads\\\/2022\\\/03\\\/CARRIL-BICI_LABRIT_MAGDALENA_TXANTREA_17032022_EE5A2494.jpg\",\"articleSection\":[\"Ayto Pamplona\"],\"inLanguage\":\"es\",\"potentialAction\":[{\"@type\":\"CommentAction\",\"name\":\"Comment\",\"target\":[\"https:\\\/\\\/www.laguiadepamplona.com\\\/actualidad\\\/abierto-al-transito-ciclista-el-primer-tramo-del-eje-sostenible-de-labrit-que-une-por-la-calle-magdalena-el-carril-bici-entre-el-paseo-de-alemanes-y-la-urbanizacion-de-txantrea-sur\\\/#respond\"]}]},{\"@type\":\"WebPage\",\"@id\":\"https:\\\/\\\/www.laguiadepamplona.com\\\/actualidad\\\/abierto-al-transito-ciclista-el-primer-tramo-del-eje-sostenible-de-labrit-que-une-por-la-calle-magdalena-el-carril-bici-entre-el-paseo-de-alemanes-y-la-urbanizacion-de-txantrea-sur\\\/\",\"url\":\"https:\\\/\\\/www.laguiadepamplona.com\\\/actualidad\\\/abierto-al-transito-ciclista-el-primer-tramo-del-eje-sostenible-de-labrit-que-une-por-la-calle-magdalena-el-carril-bici-entre-el-paseo-de-alemanes-y-la-urbanizacion-de-txantrea-sur\\\/\",\"name\":\"Abierto al tr\u00e1nsito ciclista el primer tramo del Eje Sostenible de Labrit que une, por la calle Magdalena, el carril bici entre el paseo de Alemanes y la urbanizaci\u00f3n de Txantrea Sur\",\"isPartOf\":{\"@id\":\"https:\\\/\\\/www.laguiadepamplona.com\\\/actualidad\\\/#website\"},\"primaryImageOfPage\":{\"@id\":\"https:\\\/\\\/www.laguiadepamplona.com\\\/actualidad\\\/abierto-al-transito-ciclista-el-primer-tramo-del-eje-sostenible-de-labrit-que-une-por-la-calle-magdalena-el-carril-bici-entre-el-paseo-de-alemanes-y-la-urbanizacion-de-txantrea-sur\\\/#primaryimage\"},\"image\":{\"@id\":\"https:\\\/\\\/www.laguiadepamplona.com\\\/actualidad\\\/abierto-al-transito-ciclista-el-primer-tramo-del-eje-sostenible-de-labrit-que-une-por-la-calle-magdalena-el-carril-bici-entre-el-paseo-de-alemanes-y-la-urbanizacion-de-txantrea-sur\\\/#primaryimage\"},\"thumbnailUrl\":\"https:\\\/\\\/www.laguiadepamplona.com\\\/actualidad\\\/wp-content\\\/uploads\\\/2022\\\/03\\\/CARRIL-BICI_LABRIT_MAGDALENA_TXANTREA_17032022_EE5A2494.jpg\",\"datePublished\":\"2022-03-17T16:36:37+00:00\",\"dateModified\":\"2023-04-11T09:48:24+00:00\",\"description\":\"Adem\u00e1s, se ha mejorado la acera anexa al carril bici y se ha calmado el tr\u00e1fico mediante la reducci\u00f3n del ancho de los carriles de circulaci\u00f3n\",\"breadcrumb\":{\"@id\":\"https:\\\/\\\/www.laguiadepamplona.com\\\/actualidad\\\/abierto-al-transito-ciclista-el-primer-tramo-del-eje-sostenible-de-labrit-que-une-por-la-calle-magdalena-el-carril-bici-entre-el-paseo-de-alemanes-y-la-urbanizacion-de-txantrea-sur\\\/#breadcrumb\"},\"inLanguage\":\"es\",\"potentialAction\":[{\"@type\":\"ReadAction\",\"target\":[\"https:\\\/\\\/www.laguiadepamplona.com\\\/actualidad\\\/abierto-al-transito-ciclista-el-primer-tramo-del-eje-sostenible-de-labrit-que-une-por-la-calle-magdalena-el-carril-bici-entre-el-paseo-de-alemanes-y-la-urbanizacion-de-txantrea-sur\\\/\"]}]},{\"@type\":\"ImageObject\",\"inLanguage\":\"es\",\"@id\":\"https:\\\/\\\/www.laguiadepamplona.com\\\/actualidad\\\/abierto-al-transito-ciclista-el-primer-tramo-del-eje-sostenible-de-labrit-que-une-por-la-calle-magdalena-el-carril-bici-entre-el-paseo-de-alemanes-y-la-urbanizacion-de-txantrea-sur\\\/#primaryimage\",\"url\":\"https:\\\/\\\/www.laguiadepamplona.com\\\/actualidad\\\/wp-content\\\/uploads\\\/2022\\\/03\\\/CARRIL-BICI_LABRIT_MAGDALENA_TXANTREA_17032022_EE5A2494.jpg\",\"contentUrl\":\"https:\\\/\\\/www.laguiadepamplona.com\\\/actualidad\\\/wp-content\\\/uploads\\\/2022\\\/03\\\/CARRIL-BICI_LABRIT_MAGDALENA_TXANTREA_17032022_EE5A2494.jpg\",\"width\":1920,\"height\":1280},{\"@type\":\"BreadcrumbList\",\"@id\":\"https:\\\/\\\/www.laguiadepamplona.com\\\/actualidad\\\/abierto-al-transito-ciclista-el-primer-tramo-del-eje-sostenible-de-labrit-que-une-por-la-calle-magdalena-el-carril-bici-entre-el-paseo-de-alemanes-y-la-urbanizacion-de-txantrea-sur\\\/#breadcrumb\",\"itemListElement\":[{\"@type\":\"ListItem\",\"position\":1,\"name\":\"Portada\",\"item\":\"https:\\\/\\\/www.laguiadepamplona.com\\\/actualidad\\\/\"},{\"@type\":\"ListItem\",\"position\":2,\"name\":\"Abierto al tr\u00e1nsito ciclista el primer tramo del Eje Sostenible de Labrit que une, por la calle Magdalena, el carril bici entre el paseo de Alemanes y la urbanizaci\u00f3n de Txantrea Sur\"}]},{\"@type\":\"WebSite\",\"@id\":\"https:\\\/\\\/www.laguiadepamplona.com\\\/actualidad\\\/#website\",\"url\":\"https:\\\/\\\/www.laguiadepamplona.com\\\/actualidad\\\/\",\"name\":\"La gu\u00eda de Pamplona\",\"description\":\"Noticias de Pamplona\",\"publisher\":{\"@id\":\"https:\\\/\\\/www.laguiadepamplona.com\\\/actualidad\\\/#organization\"},\"potentialAction\":[{\"@type\":\"SearchAction\",\"target\":{\"@type\":\"EntryPoint\",\"urlTemplate\":\"https:\\\/\\\/www.laguiadepamplona.com\\\/actualidad\\\/?s={search_term_string}\"},\"query-input\":{\"@type\":\"PropertyValueSpecification\",\"valueRequired\":true,\"valueName\":\"search_term_string\"}}],\"inLanguage\":\"es\"},{\"@type\":\"Organization\",\"@id\":\"https:\\\/\\\/www.laguiadepamplona.com\\\/actualidad\\\/#organization\",\"name\":\"La Gu\u00eda de Pamplona \\\/ Noticias\",\"url\":\"https:\\\/\\\/www.laguiadepamplona.com\\\/actualidad\\\/\",\"logo\":{\"@type\":\"ImageObject\",\"inLanguage\":\"es\",\"@id\":\"https:\\\/\\\/www.laguiadepamplona.com\\\/actualidad\\\/#\\\/schema\\\/logo\\\/image\\\/\",\"url\":\"https:\\\/\\\/www.laguiadepamplona.com\\\/actualidad\\\/wp-content\\\/uploads\\\/2018\\\/11\\\/logo-laguiadepamplona18-web1.png\",\"contentUrl\":\"https:\\\/\\\/www.laguiadepamplona.com\\\/actualidad\\\/wp-content\\\/uploads\\\/2018\\\/11\\\/logo-laguiadepamplona18-web1.png\",\"width\":600,\"height\":196,\"caption\":\"La Gu\u00eda de Pamplona \\\/ Noticias\"},\"image\":{\"@id\":\"https:\\\/\\\/www.laguiadepamplona.com\\\/actualidad\\\/#\\\/schema\\\/logo\\\/image\\\/\"},\"sameAs\":[\"https:\\\/\\\/www.facebook.com\\\/laguiadepamplonacom-133175176762273\\\/?ref=hl\",\"https:\\\/\\\/x.com\\\/LaGuiadPamplona\",\"https:\\\/\\\/www.instagram.com\\\/la_guia_de_pamplona\\\/\",\"https:\\\/\\\/www.youtube.com\\\/user\\\/laguiadepamplona\"]},{\"@type\":\"Person\",\"@id\":\"https:\\\/\\\/www.laguiadepamplona.com\\\/actualidad\\\/#\\\/schema\\\/person\\\/efe887376f0213d4657c93adc50b1fdb\",\"name\":\"La Gu\u00eda de Pamplona\",\"image\":{\"@type\":\"ImageObject\",\"inLanguage\":\"es\",\"@id\":\"https:\\\/\\\/secure.gravatar.com\\\/avatar\\\/b6992f131dc8d30ab0dff15446e9d346d9dbd95992de0fef795073f5ea83a81c?s=96&d=mm&r=g\",\"url\":\"https:\\\/\\\/secure.gravatar.com\\\/avatar\\\/b6992f131dc8d30ab0dff15446e9d346d9dbd95992de0fef795073f5ea83a81c?s=96&d=mm&r=g\",\"contentUrl\":\"https:\\\/\\\/secure.gravatar.com\\\/avatar\\\/b6992f131dc8d30ab0dff15446e9d346d9dbd95992de0fef795073f5ea83a81c?s=96&d=mm&r=g\",\"caption\":\"La Gu\u00eda de Pamplona\"}}]}<\/script>\n<!-- \/ Yoast SEO plugin. -->","yoast_head_json":{"title":"Abierto al tr\u00e1nsito ciclista el primer tramo del Eje Sostenible de Labrit que une, por la calle Magdalena, el carril bici entre el paseo de Alemanes y la urbanizaci\u00f3n de Txantrea Sur","description":"Adem\u00e1s, se ha mejorado la acera anexa al carril bici y se ha calmado el tr\u00e1fico mediante la reducci\u00f3n del ancho de los carriles de circulaci\u00f3n","robots":{"index":"index","follow":"follow","max-snippet":"max-snippet:-1","max-image-preview":"max-image-preview:large","max-video-preview":"max-video-preview:-1"},"canonical":"https:\/\/www.laguiadepamplona.com\/actualidad\/abierto-al-transito-ciclista-el-primer-tramo-del-eje-sostenible-de-labrit-que-une-por-la-calle-magdalena-el-carril-bici-entre-el-paseo-de-alemanes-y-la-urbanizacion-de-txantrea-sur\/","og_locale":"es_ES","og_type":"article","og_title":"Abierto al tr\u00e1nsito ciclista el primer tramo del Eje Sostenible de Labrit que une, por la calle Magdalena, el carril bici entre el paseo de Alemanes y la urbanizaci\u00f3n de Txantrea Sur","og_description":"Adem\u00e1s, se ha mejorado la acera anexa al carril bici y se ha calmado el tr\u00e1fico mediante la reducci\u00f3n del ancho de los carriles de circulaci\u00f3n","og_url":"https:\/\/www.laguiadepamplona.com\/actualidad\/abierto-al-transito-ciclista-el-primer-tramo-del-eje-sostenible-de-labrit-que-une-por-la-calle-magdalena-el-carril-bici-entre-el-paseo-de-alemanes-y-la-urbanizacion-de-txantrea-sur\/","og_site_name":"La Gu\u00eda de Pamplona","article_publisher":"https:\/\/www.facebook.com\/laguiadepamplonacom-133175176762273\/?ref=hl","article_published_time":"2022-03-17T16:36:37+00:00","article_modified_time":"2023-04-11T09:48:24+00:00","og_image":[{"width":1920,"height":1280,"url":"https:\/\/www.laguiadepamplona.com\/actualidad\/wp-content\/uploads\/2022\/03\/CARRIL-BICI_LABRIT_MAGDALENA_TXANTREA_17032022_EE5A2494.jpg","type":"image\/jpeg"}],"author":"La Gu\u00eda de Pamplona","twitter_card":"summary_large_image","twitter_creator":"@LaGuiadPamplona","twitter_site":"@LaGuiadPamplona","twitter_misc":{"Escrito por":"La Gu\u00eda de Pamplona","Tiempo de lectura":"3 minutos"},"schema":{"@context":"https:\/\/schema.org","@graph":[{"@type":"Article","@id":"https:\/\/www.laguiadepamplona.com\/actualidad\/abierto-al-transito-ciclista-el-primer-tramo-del-eje-sostenible-de-labrit-que-une-por-la-calle-magdalena-el-carril-bici-entre-el-paseo-de-alemanes-y-la-urbanizacion-de-txantrea-sur\/#article","isPartOf":{"@id":"https:\/\/www.laguiadepamplona.com\/actualidad\/abierto-al-transito-ciclista-el-primer-tramo-del-eje-sostenible-de-labrit-que-une-por-la-calle-magdalena-el-carril-bici-entre-el-paseo-de-alemanes-y-la-urbanizacion-de-txantrea-sur\/"},"author":{"name":"La Gu\u00eda de Pamplona","@id":"https:\/\/www.laguiadepamplona.com\/actualidad\/#\/schema\/person\/efe887376f0213d4657c93adc50b1fdb"},"headline":"Abierto al tr\u00e1nsito ciclista el primer tramo del Eje Sostenible de Labrit que une, por la calle Magdalena, el carril bici entre el paseo de Alemanes y la urbanizaci\u00f3n de Txantrea Sur","datePublished":"2022-03-17T16:36:37+00:00","dateModified":"2023-04-11T09:48:24+00:00","mainEntityOfPage":{"@id":"https:\/\/www.laguiadepamplona.com\/actualidad\/abierto-al-transito-ciclista-el-primer-tramo-del-eje-sostenible-de-labrit-que-une-por-la-calle-magdalena-el-carril-bici-entre-el-paseo-de-alemanes-y-la-urbanizacion-de-txantrea-sur\/"},"wordCount":534,"commentCount":0,"publisher":{"@id":"https:\/\/www.laguiadepamplona.com\/actualidad\/#organization"},"image":{"@id":"https:\/\/www.laguiadepamplona.com\/actualidad\/abierto-al-transito-ciclista-el-primer-tramo-del-eje-sostenible-de-labrit-que-une-por-la-calle-magdalena-el-carril-bici-entre-el-paseo-de-alemanes-y-la-urbanizacion-de-txantrea-sur\/#primaryimage"},"thumbnailUrl":"https:\/\/www.laguiadepamplona.com\/actualidad\/wp-content\/uploads\/2022\/03\/CARRIL-BICI_LABRIT_MAGDALENA_TXANTREA_17032022_EE5A2494.jpg","articleSection":["Ayto Pamplona"],"inLanguage":"es","potentialAction":[{"@type":"CommentAction","name":"Comment","target":["https:\/\/www.laguiadepamplona.com\/actualidad\/abierto-al-transito-ciclista-el-primer-tramo-del-eje-sostenible-de-labrit-que-une-por-la-calle-magdalena-el-carril-bici-entre-el-paseo-de-alemanes-y-la-urbanizacion-de-txantrea-sur\/#respond"]}]},{"@type":"WebPage","@id":"https:\/\/www.laguiadepamplona.com\/actualidad\/abierto-al-transito-ciclista-el-primer-tramo-del-eje-sostenible-de-labrit-que-une-por-la-calle-magdalena-el-carril-bici-entre-el-paseo-de-alemanes-y-la-urbanizacion-de-txantrea-sur\/","url":"https:\/\/www.laguiadepamplona.com\/actualidad\/abierto-al-transito-ciclista-el-primer-tramo-del-eje-sostenible-de-labrit-que-une-por-la-calle-magdalena-el-carril-bici-entre-el-paseo-de-alemanes-y-la-urbanizacion-de-txantrea-sur\/","name":"Abierto al tr\u00e1nsito ciclista el primer tramo del Eje Sostenible de Labrit que une, por la calle Magdalena, el carril bici entre el paseo de Alemanes y la urbanizaci\u00f3n de Txantrea Sur","isPartOf":{"@id":"https:\/\/www.laguiadepamplona.com\/actualidad\/#website"},"primaryImageOfPage":{"@id":"https:\/\/www.laguiadepamplona.com\/actualidad\/abierto-al-transito-ciclista-el-primer-tramo-del-eje-sostenible-de-labrit-que-une-por-la-calle-magdalena-el-carril-bici-entre-el-paseo-de-alemanes-y-la-urbanizacion-de-txantrea-sur\/#primaryimage"},"image":{"@id":"https:\/\/www.laguiadepamplona.com\/actualidad\/abierto-al-transito-ciclista-el-primer-tramo-del-eje-sostenible-de-labrit-que-une-por-la-calle-magdalena-el-carril-bici-entre-el-paseo-de-alemanes-y-la-urbanizacion-de-txantrea-sur\/#primaryimage"},"thumbnailUrl":"https:\/\/www.laguiadepamplona.com\/actualidad\/wp-content\/uploads\/2022\/03\/CARRIL-BICI_LABRIT_MAGDALENA_TXANTREA_17032022_EE5A2494.jpg","datePublished":"2022-03-17T16:36:37+00:00","dateModified":"2023-04-11T09:48:24+00:00","description":"Adem\u00e1s, se ha mejorado la acera anexa al carril bici y se ha calmado el tr\u00e1fico mediante la reducci\u00f3n del ancho de los carriles de circulaci\u00f3n","breadcrumb":{"@id":"https:\/\/www.laguiadepamplona.com\/actualidad\/abierto-al-transito-ciclista-el-primer-tramo-del-eje-sostenible-de-labrit-que-une-por-la-calle-magdalena-el-carril-bici-entre-el-paseo-de-alemanes-y-la-urbanizacion-de-txantrea-sur\/#breadcrumb"},"inLanguage":"es","potentialAction":[{"@type":"ReadAction","target":["https:\/\/www.laguiadepamplona.com\/actualidad\/abierto-al-transito-ciclista-el-primer-tramo-del-eje-sostenible-de-labrit-que-une-por-la-calle-magdalena-el-carril-bici-entre-el-paseo-de-alemanes-y-la-urbanizacion-de-txantrea-sur\/"]}]},{"@type":"ImageObject","inLanguage":"es","@id":"https:\/\/www.laguiadepamplona.com\/actualidad\/abierto-al-transito-ciclista-el-primer-tramo-del-eje-sostenible-de-labrit-que-une-por-la-calle-magdalena-el-carril-bici-entre-el-paseo-de-alemanes-y-la-urbanizacion-de-txantrea-sur\/#primaryimage","url":"https:\/\/www.laguiadepamplona.com\/actualidad\/wp-content\/uploads\/2022\/03\/CARRIL-BICI_LABRIT_MAGDALENA_TXANTREA_17032022_EE5A2494.jpg","contentUrl":"https:\/\/www.laguiadepamplona.com\/actualidad\/wp-content\/uploads\/2022\/03\/CARRIL-BICI_LABRIT_MAGDALENA_TXANTREA_17032022_EE5A2494.jpg","width":1920,"height":1280},{"@type":"BreadcrumbList","@id":"https:\/\/www.laguiadepamplona.com\/actualidad\/abierto-al-transito-ciclista-el-primer-tramo-del-eje-sostenible-de-labrit-que-une-por-la-calle-magdalena-el-carril-bici-entre-el-paseo-de-alemanes-y-la-urbanizacion-de-txantrea-sur\/#breadcrumb","itemListElement":[{"@type":"ListItem","position":1,"name":"Portada","item":"https:\/\/www.laguiadepamplona.com\/actualidad\/"},{"@type":"ListItem","position":2,"name":"Abierto al tr\u00e1nsito ciclista el primer tramo del Eje Sostenible de Labrit que une, por la calle Magdalena, el carril bici entre el paseo de Alemanes y la urbanizaci\u00f3n de Txantrea Sur"}]},{"@type":"WebSite","@id":"https:\/\/www.laguiadepamplona.com\/actualidad\/#website","url":"https:\/\/www.laguiadepamplona.com\/actualidad\/","name":"La gu\u00eda de Pamplona","description":"Noticias de Pamplona","publisher":{"@id":"https:\/\/www.laguiadepamplona.com\/actualidad\/#organization"},"potentialAction":[{"@type":"SearchAction","target":{"@type":"EntryPoint","urlTemplate":"https:\/\/www.laguiadepamplona.com\/actualidad\/?s={search_term_string}"},"query-input":{"@type":"PropertyValueSpecification","valueRequired":true,"valueName":"search_term_string"}}],"inLanguage":"es"},{"@type":"Organization","@id":"https:\/\/www.laguiadepamplona.com\/actualidad\/#organization","name":"La Gu\u00eda de Pamplona \/ Noticias","url":"https:\/\/www.laguiadepamplona.com\/actualidad\/","logo":{"@type":"ImageObject","inLanguage":"es","@id":"https:\/\/www.laguiadepamplona.com\/actualidad\/#\/schema\/logo\/image\/","url":"https:\/\/www.laguiadepamplona.com\/actualidad\/wp-content\/uploads\/2018\/11\/logo-laguiadepamplona18-web1.png","contentUrl":"https:\/\/www.laguiadepamplona.com\/actualidad\/wp-content\/uploads\/2018\/11\/logo-laguiadepamplona18-web1.png","width":600,"height":196,"caption":"La Gu\u00eda de Pamplona \/ Noticias"},"image":{"@id":"https:\/\/www.laguiadepamplona.com\/actualidad\/#\/schema\/logo\/image\/"},"sameAs":["https:\/\/www.facebook.com\/laguiadepamplonacom-133175176762273\/?ref=hl","https:\/\/x.com\/LaGuiadPamplona","https:\/\/www.instagram.com\/la_guia_de_pamplona\/","https:\/\/www.youtube.com\/user\/laguiadepamplona"]},{"@type":"Person","@id":"https:\/\/www.laguiadepamplona.com\/actualidad\/#\/schema\/person\/efe887376f0213d4657c93adc50b1fdb","name":"La Gu\u00eda de Pamplona","image":{"@type":"ImageObject","inLanguage":"es","@id":"https:\/\/secure.gravatar.com\/avatar\/b6992f131dc8d30ab0dff15446e9d346d9dbd95992de0fef795073f5ea83a81c?s=96&d=mm&r=g","url":"https:\/\/secure.gravatar.com\/avatar\/b6992f131dc8d30ab0dff15446e9d346d9dbd95992de0fef795073f5ea83a81c?s=96&d=mm&r=g","contentUrl":"https:\/\/secure.gravatar.com\/avatar\/b6992f131dc8d30ab0dff15446e9d346d9dbd95992de0fef795073f5ea83a81c?s=96&d=mm&r=g","caption":"La Gu\u00eda de Pamplona"}}]}},"post_mailing_queue_ids":[],"_links":{"self":[{"href":"https:\/\/www.laguiadepamplona.com\/actualidad\/wp-json\/wp\/v2\/posts\/39489","targetHints":{"allow":["GET"]}}],"collection":[{"href":"https:\/\/www.laguiadepamplona.com\/actualidad\/wp-json\/wp\/v2\/posts"}],"about":[{"href":"https:\/\/www.laguiadepamplona.com\/actualidad\/wp-json\/wp\/v2\/types\/post"}],"author":[{"embeddable":true,"href":"https:\/\/www.laguiadepamplona.com\/actualidad\/wp-json\/wp\/v2\/users\/1"}],"replies":[{"embeddable":true,"href":"https:\/\/www.laguiadepamplona.com\/actualidad\/wp-json\/wp\/v2\/comments?post=39489"}],"version-history":[{"count":0,"href":"https:\/\/www.laguiadepamplona.com\/actualidad\/wp-json\/wp\/v2\/posts\/39489\/revisions"}],"wp:featuredmedia":[{"embeddable":true,"href":"https:\/\/www.laguiadepamplona.com\/actualidad\/wp-json\/wp\/v2\/media\/39490"}],"wp:attachment":[{"href":"https:\/\/www.laguiadepamplona.com\/actualidad\/wp-json\/wp\/v2\/media?parent=39489"}],"wp:term":[{"taxonomy":"category","embeddable":true,"href":"https:\/\/www.laguiadepamplona.com\/actualidad\/wp-json\/wp\/v2\/categories?post=39489"},{"taxonomy":"post_tag","embeddable":true,"href":"https:\/\/www.laguiadepamplona.com\/actualidad\/wp-json\/wp\/v2\/tags?post=39489"}],"curies":[{"name":"wp","href":"https:\/\/api.w.org\/{rel}","templated":true}]}}