{"id":39464,"date":"2022-03-17T14:02:15","date_gmt":"2022-03-17T12:02:15","guid":{"rendered":"https:\/\/www.laguiadepamplona.com\/actualidad\/?p=39464"},"modified":"2023-04-11T11:48:24","modified_gmt":"2023-04-11T09:48:24","slug":"escuelas-infantiles-recibe-1-722-preinscripciones-de-menores-de-0-a-3-anos-para-el-proximo-curso","status":"publish","type":"post","link":"https:\/\/www.laguiadepamplona.com\/actualidad\/escuelas-infantiles-recibe-1-722-preinscripciones-de-menores-de-0-a-3-anos-para-el-proximo-curso\/","title":{"rendered":"Escuelas Infantiles recibe 1.722 preinscripciones de menores de 0 a 3 a\u00f1os para el pr\u00f3ximo curso"},"content":{"rendered":"<h5>Aprobada la licitaci\u00f3n del contrato de suministro e instalaci\u00f3n de mobiliario, equipamiento y otros materiales de la EI Lezkairu y la EI Mendebaldea<\/h5>\n<p><!--more--><\/p>\n<p>La Junta de Gobierno del organismo aut\u00f3nomo Escuelas Infantiles Municipales de Pamplona ha conocido esta ma\u00f1ana los primeros datos provisionales de la preinscripci\u00f3n para el pr\u00f3ximo curso. Se han recibido 1.722 solicitudes de preinscripci\u00f3n, 962 presenciales y 760 de forma telem\u00e1tica, para las 12 escuelas infantiles del Ayuntamiento de Pamplona y las 5 del Gobierno de Navarra en Pamplona, que abrir\u00e1n sus puertas a partir de agosto para el curso 2022 \u2013 2023. <\/p>\n<p>El pr\u00f3ximo 9 de mayo se publicar\u00e1n las listas provisionales y las listas de espera para los diferentes centros. La red de Escuelas Infantiles Municipales dispone para el pr\u00f3ximo curso de 1.069 plazas, 952 plazas en jornada completa y 117 en media jornada. Parte de esas plazas est\u00e1n ya reservadas para aquellos menores que contin\u00faa un a\u00f1o m\u00e1s en ese ciclo de infantil de 0 a 3 a\u00f1os. Tras esas reservas quedan a disposici\u00f3n de esas 1.722 solicitudes, 717 plazas vacantes en las escuelas municipales y 153 en las de titularidad del Gobierno de Navarra. Las escuelas infantiles municipales ofertan l\u00edneas de castellano, euskera, castellano con actividades en ingl\u00e9s y euskera. De nuevo, este curso la escolarizaci\u00f3n ser\u00e1 gratuita, teniendo que pagarse el servicio de comedor en el caso de las jornadas completas.<\/p>\n<p>Las principales novedades para el curso 2022 \u2013 2023 son la apertura de la Escuela Infantil Lezkairu y la reapertura, tras las obras de reforma, de la EI Mendebaldea. La Junta de Gobierno de Escuelas Infantiles ha aprobado esta ma\u00f1ana la licitaci\u00f3n del contrato de suministro e instalaci\u00f3n de mobiliario, equipamientos y otros materiales para ambos centros. Se invertir\u00e1n 238.466,51 euros. Todos los suministros deber\u00e1n estar entregados a instalados para el 30 de junio.<br \/>\n<script async src=\"\/\/pagead2.googlesyndication.com\/pagead\/js\/adsbygoogle.js\"><\/script><br \/>\n<!-- Noticias La Guia de Pamplona --><br \/>\n<ins class=\"adsbygoogle\"\nstyle=\"display:block\"\ndata-ad-client=\"ca-pub-6943679897239327\"\ndata-ad-slot=\"7048180777\"\ndata-ad-format=\"auto\"><\/ins><br \/>\n<script>\n(adsbygoogle = window.adsbygoogle || []).push({});\n<\/script><\/p>\n<p><strong>Tres lotes para mobiliario y equipamiento<\/strong><\/p>\n<p>El contrato establece tres lotes. El primero de ellos, dotado con 56.215 euros se corresponde con electrodom\u00e9sticos, menaje y mobiliario de cocina, lavander\u00eda y almacenes; el segundo lote tiene que ver con el mobiliario y material pedag\u00f3gico al que se destinan 166.941,51 euros; y el tercero, con un presupuesto m\u00e1ximo de 15.310 euros, est\u00e1 dirigido a la adquisici\u00f3n de equipamiento inform\u00e1tico y audiovisual. Las personas licitadoras podr\u00e1n ofertar a la totalidad de los lotes o, de manera particular, a aquellos lotes que m\u00e1s les interesen.<\/p>\n<p>En concreto, el contrato incluye el suministro e instalaci\u00f3n del equipamiento completo de la nueva Escuela Infantil de Lezkairu, as\u00ed como el equipamiento parcial de algunos elementos de la Escuela Infantil Mendebaldea, que est\u00e1 siendo objeto de una remodelaci\u00f3n integral en la que se aprovechar\u00e1n la mayor parte de elementos del mobiliario del centro, pero con el a\u00f1adido de algunos elementos nuevos.<\/p>\n<p>El plazo de presentaci\u00f3n de propuestas comenzar\u00e1 una vez que el anuncio de licitaci\u00f3n se publique en el Portal de Contrataci\u00f3n de Navarra. Se valorar\u00e1n criterios cualitativos como la oferta t\u00e9cnica (hasta 35 puntos) y criterios cuantificables mediante f\u00f3rmulas como la oferta econ\u00f3mica (hasta 65 puntos).<br \/>\n<script async src=\"\/\/pagead2.googlesyndication.com\/pagead\/js\/adsbygoogle.js\"><\/script><br \/>\n<!-- Noticias La Guia de Pamplona --><br \/>\n<ins class=\"adsbygoogle\"\nstyle=\"display:block\"\ndata-ad-client=\"ca-pub-6943679897239327\"\ndata-ad-slot=\"7048180777\"\ndata-ad-format=\"auto\"><\/ins><br \/>\n<script>\n(adsbygoogle = window.adsbygoogle || []).push({});\n<\/script><\/p>\n<p><strong>Sobre el equipamiento de las escuelas infantiles<\/strong><\/p>\n<p>El equipamiento adecuado para una escuela infantil es aquel que tiene en cuenta las caracter\u00edsticas del espacio derivadas de la construcci\u00f3n, del proyecto educativo del centro, de la l\u00ednea pedag\u00f3gica de la escuela, de la metodolog\u00eda de trabajo del equipo educativo y de las necesidades de los ni\u00f1os y ni\u00f1as, de las familias, as\u00ed como del personal que trabaja o va a trabajar en el centro. El equipamiento no puede ser algo est\u00e1tico, r\u00edgido e inamovible, sino que ha de permitir modificaciones en funci\u00f3n de los intereses y necesidades que se vayan creando en los diferentes espacios.<\/p>\n<p>El equipamiento debe promover la manipulaci\u00f3n, el descubrimiento y la actividad mental aut\u00f3noma de los ni\u00f1os y ni\u00f1as. La seguridad debe ser tambi\u00e9n, teniendo que cumplirse los est\u00e1ndares en el marco de la UE y, en especial, en la inocuidad de los materiales, su resistencia, la imposibilidad de fragmentaci\u00f3n en elementos peque\u00f1os que entra\u00f1en riesgo y su integridad, asegurando su no astillamiento. Asimismo, se ha de posibilitar una organizaci\u00f3n de los espacios de juego por rincones, entendiendo que la organizaci\u00f3n de las salas de juego por rincones es una estrategia pedag\u00f3gica que tiene en cuenta las caracter\u00edsticas evolutivas de los ni\u00f1os y ni\u00f1as, promoviendo la participaci\u00f3n activa en la construcci\u00f3n del conocimiento.<\/p>\n","protected":false},"excerpt":{"rendered":"<p>Aprobada la licitaci\u00f3n del contrato de suministro e instalaci\u00f3n de mobiliario, equipamiento y otros materiales de la EI Lezkairu y la EI Mendebaldea<\/p>\n","protected":false},"author":1,"featured_media":38900,"comment_status":"open","ping_status":"closed","sticky":false,"template":"","format":"standard","meta":{"footnotes":""},"categories":[2],"tags":[],"class_list":["post-39464","post","type-post","status-publish","format-standard","has-post-thumbnail","hentry","category-ayuntamiento-pamplona"],"yoast_head":"<!-- This site is optimized with the Yoast SEO plugin v27.5 - https:\/\/yoast.com\/product\/yoast-seo-wordpress\/ -->\n<title>Escuelas Infantiles recibe 1.722 preinscripciones de menores de 0 a 3 a\u00f1os para el pr\u00f3ximo curso<\/title>\n<meta name=\"description\" content=\"Aprobada la licitaci\u00f3n del contrato de suministro e instalaci\u00f3n de mobiliario, equipamiento y otros materiales de la EI Lezkairu y la EI Mendebaldea\" \/>\n<meta name=\"robots\" content=\"index, follow, max-snippet:-1, max-image-preview:large, max-video-preview:-1\" \/>\n<link rel=\"canonical\" href=\"https:\/\/www.laguiadepamplona.com\/actualidad\/escuelas-infantiles-recibe-1-722-preinscripciones-de-menores-de-0-a-3-anos-para-el-proximo-curso\/\" \/>\n<meta property=\"og:locale\" content=\"es_ES\" \/>\n<meta property=\"og:type\" content=\"article\" \/>\n<meta property=\"og:title\" content=\"Escuelas Infantiles recibe 1.722 preinscripciones de menores de 0 a 3 a\u00f1os para el pr\u00f3ximo curso\" \/>\n<meta property=\"og:description\" content=\"Aprobada la licitaci\u00f3n del contrato de suministro e instalaci\u00f3n de mobiliario, equipamiento y otros materiales de la EI Lezkairu y la EI Mendebaldea\" \/>\n<meta property=\"og:url\" content=\"https:\/\/www.laguiadepamplona.com\/actualidad\/escuelas-infantiles-recibe-1-722-preinscripciones-de-menores-de-0-a-3-anos-para-el-proximo-curso\/\" \/>\n<meta property=\"og:site_name\" content=\"La Gu\u00eda de Pamplona\" \/>\n<meta property=\"article:publisher\" content=\"https:\/\/www.facebook.com\/laguiadepamplonacom-133175176762273\/?ref=hl\" \/>\n<meta property=\"article:published_time\" content=\"2022-03-17T12:02:15+00:00\" \/>\n<meta property=\"article:modified_time\" content=\"2023-04-11T09:48:24+00:00\" \/>\n<meta property=\"og:image\" content=\"https:\/\/www.laguiadepamplona.com\/actualidad\/wp-content\/uploads\/2022\/02\/escuela-infantil-municipal-medillorri-ee5a2220.jpg\" \/>\n\t<meta property=\"og:image:width\" content=\"1920\" \/>\n\t<meta property=\"og:image:height\" content=\"1280\" \/>\n\t<meta property=\"og:image:type\" content=\"image\/jpeg\" \/>\n<meta name=\"author\" content=\"La Gu\u00eda de Pamplona\" \/>\n<meta name=\"twitter:card\" content=\"summary_large_image\" \/>\n<meta name=\"twitter:creator\" content=\"@LaGuiadPamplona\" \/>\n<meta name=\"twitter:site\" content=\"@LaGuiadPamplona\" \/>\n<meta name=\"twitter:label1\" content=\"Escrito por\" \/>\n\t<meta name=\"twitter:data1\" content=\"La Gu\u00eda de Pamplona\" \/>\n\t<meta name=\"twitter:label2\" content=\"Tiempo de lectura\" \/>\n\t<meta name=\"twitter:data2\" content=\"4 minutos\" \/>\n<script type=\"application\/ld+json\" class=\"yoast-schema-graph\">{\"@context\":\"https:\\\/\\\/schema.org\",\"@graph\":[{\"@type\":\"Article\",\"@id\":\"https:\\\/\\\/www.laguiadepamplona.com\\\/actualidad\\\/escuelas-infantiles-recibe-1-722-preinscripciones-de-menores-de-0-a-3-anos-para-el-proximo-curso\\\/#article\",\"isPartOf\":{\"@id\":\"https:\\\/\\\/www.laguiadepamplona.com\\\/actualidad\\\/escuelas-infantiles-recibe-1-722-preinscripciones-de-menores-de-0-a-3-anos-para-el-proximo-curso\\\/\"},\"author\":{\"name\":\"La Gu\u00eda de Pamplona\",\"@id\":\"https:\\\/\\\/www.laguiadepamplona.com\\\/actualidad\\\/#\\\/schema\\\/person\\\/efe887376f0213d4657c93adc50b1fdb\"},\"headline\":\"Escuelas Infantiles recibe 1.722 preinscripciones de menores de 0 a 3 a\u00f1os para el pr\u00f3ximo curso\",\"datePublished\":\"2022-03-17T12:02:15+00:00\",\"dateModified\":\"2023-04-11T09:48:24+00:00\",\"mainEntityOfPage\":{\"@id\":\"https:\\\/\\\/www.laguiadepamplona.com\\\/actualidad\\\/escuelas-infantiles-recibe-1-722-preinscripciones-de-menores-de-0-a-3-anos-para-el-proximo-curso\\\/\"},\"wordCount\":778,\"commentCount\":0,\"publisher\":{\"@id\":\"https:\\\/\\\/www.laguiadepamplona.com\\\/actualidad\\\/#organization\"},\"image\":{\"@id\":\"https:\\\/\\\/www.laguiadepamplona.com\\\/actualidad\\\/escuelas-infantiles-recibe-1-722-preinscripciones-de-menores-de-0-a-3-anos-para-el-proximo-curso\\\/#primaryimage\"},\"thumbnailUrl\":\"https:\\\/\\\/www.laguiadepamplona.com\\\/actualidad\\\/wp-content\\\/uploads\\\/2022\\\/02\\\/escuela-infantil-municipal-medillorri-ee5a2220.jpg\",\"articleSection\":[\"Ayto Pamplona\"],\"inLanguage\":\"es\",\"potentialAction\":[{\"@type\":\"CommentAction\",\"name\":\"Comment\",\"target\":[\"https:\\\/\\\/www.laguiadepamplona.com\\\/actualidad\\\/escuelas-infantiles-recibe-1-722-preinscripciones-de-menores-de-0-a-3-anos-para-el-proximo-curso\\\/#respond\"]}]},{\"@type\":\"WebPage\",\"@id\":\"https:\\\/\\\/www.laguiadepamplona.com\\\/actualidad\\\/escuelas-infantiles-recibe-1-722-preinscripciones-de-menores-de-0-a-3-anos-para-el-proximo-curso\\\/\",\"url\":\"https:\\\/\\\/www.laguiadepamplona.com\\\/actualidad\\\/escuelas-infantiles-recibe-1-722-preinscripciones-de-menores-de-0-a-3-anos-para-el-proximo-curso\\\/\",\"name\":\"Escuelas Infantiles recibe 1.722 preinscripciones de menores de 0 a 3 a\u00f1os para el pr\u00f3ximo curso\",\"isPartOf\":{\"@id\":\"https:\\\/\\\/www.laguiadepamplona.com\\\/actualidad\\\/#website\"},\"primaryImageOfPage\":{\"@id\":\"https:\\\/\\\/www.laguiadepamplona.com\\\/actualidad\\\/escuelas-infantiles-recibe-1-722-preinscripciones-de-menores-de-0-a-3-anos-para-el-proximo-curso\\\/#primaryimage\"},\"image\":{\"@id\":\"https:\\\/\\\/www.laguiadepamplona.com\\\/actualidad\\\/escuelas-infantiles-recibe-1-722-preinscripciones-de-menores-de-0-a-3-anos-para-el-proximo-curso\\\/#primaryimage\"},\"thumbnailUrl\":\"https:\\\/\\\/www.laguiadepamplona.com\\\/actualidad\\\/wp-content\\\/uploads\\\/2022\\\/02\\\/escuela-infantil-municipal-medillorri-ee5a2220.jpg\",\"datePublished\":\"2022-03-17T12:02:15+00:00\",\"dateModified\":\"2023-04-11T09:48:24+00:00\",\"description\":\"Aprobada la licitaci\u00f3n del contrato de suministro e instalaci\u00f3n de mobiliario, equipamiento y otros materiales de la EI Lezkairu y la EI Mendebaldea\",\"breadcrumb\":{\"@id\":\"https:\\\/\\\/www.laguiadepamplona.com\\\/actualidad\\\/escuelas-infantiles-recibe-1-722-preinscripciones-de-menores-de-0-a-3-anos-para-el-proximo-curso\\\/#breadcrumb\"},\"inLanguage\":\"es\",\"potentialAction\":[{\"@type\":\"ReadAction\",\"target\":[\"https:\\\/\\\/www.laguiadepamplona.com\\\/actualidad\\\/escuelas-infantiles-recibe-1-722-preinscripciones-de-menores-de-0-a-3-anos-para-el-proximo-curso\\\/\"]}]},{\"@type\":\"ImageObject\",\"inLanguage\":\"es\",\"@id\":\"https:\\\/\\\/www.laguiadepamplona.com\\\/actualidad\\\/escuelas-infantiles-recibe-1-722-preinscripciones-de-menores-de-0-a-3-anos-para-el-proximo-curso\\\/#primaryimage\",\"url\":\"https:\\\/\\\/www.laguiadepamplona.com\\\/actualidad\\\/wp-content\\\/uploads\\\/2022\\\/02\\\/escuela-infantil-municipal-medillorri-ee5a2220.jpg\",\"contentUrl\":\"https:\\\/\\\/www.laguiadepamplona.com\\\/actualidad\\\/wp-content\\\/uploads\\\/2022\\\/02\\\/escuela-infantil-municipal-medillorri-ee5a2220.jpg\",\"width\":1920,\"height\":1280},{\"@type\":\"BreadcrumbList\",\"@id\":\"https:\\\/\\\/www.laguiadepamplona.com\\\/actualidad\\\/escuelas-infantiles-recibe-1-722-preinscripciones-de-menores-de-0-a-3-anos-para-el-proximo-curso\\\/#breadcrumb\",\"itemListElement\":[{\"@type\":\"ListItem\",\"position\":1,\"name\":\"Portada\",\"item\":\"https:\\\/\\\/www.laguiadepamplona.com\\\/actualidad\\\/\"},{\"@type\":\"ListItem\",\"position\":2,\"name\":\"Escuelas Infantiles recibe 1.722 preinscripciones de menores de 0 a 3 a\u00f1os para el pr\u00f3ximo curso\"}]},{\"@type\":\"WebSite\",\"@id\":\"https:\\\/\\\/www.laguiadepamplona.com\\\/actualidad\\\/#website\",\"url\":\"https:\\\/\\\/www.laguiadepamplona.com\\\/actualidad\\\/\",\"name\":\"La gu\u00eda de Pamplona\",\"description\":\"Noticias de Pamplona\",\"publisher\":{\"@id\":\"https:\\\/\\\/www.laguiadepamplona.com\\\/actualidad\\\/#organization\"},\"potentialAction\":[{\"@type\":\"SearchAction\",\"target\":{\"@type\":\"EntryPoint\",\"urlTemplate\":\"https:\\\/\\\/www.laguiadepamplona.com\\\/actualidad\\\/?s={search_term_string}\"},\"query-input\":{\"@type\":\"PropertyValueSpecification\",\"valueRequired\":true,\"valueName\":\"search_term_string\"}}],\"inLanguage\":\"es\"},{\"@type\":\"Organization\",\"@id\":\"https:\\\/\\\/www.laguiadepamplona.com\\\/actualidad\\\/#organization\",\"name\":\"La Gu\u00eda de Pamplona \\\/ Noticias\",\"url\":\"https:\\\/\\\/www.laguiadepamplona.com\\\/actualidad\\\/\",\"logo\":{\"@type\":\"ImageObject\",\"inLanguage\":\"es\",\"@id\":\"https:\\\/\\\/www.laguiadepamplona.com\\\/actualidad\\\/#\\\/schema\\\/logo\\\/image\\\/\",\"url\":\"https:\\\/\\\/www.laguiadepamplona.com\\\/actualidad\\\/wp-content\\\/uploads\\\/2018\\\/11\\\/logo-laguiadepamplona18-web1.png\",\"contentUrl\":\"https:\\\/\\\/www.laguiadepamplona.com\\\/actualidad\\\/wp-content\\\/uploads\\\/2018\\\/11\\\/logo-laguiadepamplona18-web1.png\",\"width\":600,\"height\":196,\"caption\":\"La Gu\u00eda de Pamplona \\\/ Noticias\"},\"image\":{\"@id\":\"https:\\\/\\\/www.laguiadepamplona.com\\\/actualidad\\\/#\\\/schema\\\/logo\\\/image\\\/\"},\"sameAs\":[\"https:\\\/\\\/www.facebook.com\\\/laguiadepamplonacom-133175176762273\\\/?ref=hl\",\"https:\\\/\\\/x.com\\\/LaGuiadPamplona\",\"https:\\\/\\\/www.instagram.com\\\/la_guia_de_pamplona\\\/\",\"https:\\\/\\\/www.youtube.com\\\/user\\\/laguiadepamplona\"]},{\"@type\":\"Person\",\"@id\":\"https:\\\/\\\/www.laguiadepamplona.com\\\/actualidad\\\/#\\\/schema\\\/person\\\/efe887376f0213d4657c93adc50b1fdb\",\"name\":\"La Gu\u00eda de Pamplona\",\"image\":{\"@type\":\"ImageObject\",\"inLanguage\":\"es\",\"@id\":\"https:\\\/\\\/secure.gravatar.com\\\/avatar\\\/b6992f131dc8d30ab0dff15446e9d346d9dbd95992de0fef795073f5ea83a81c?s=96&d=mm&r=g\",\"url\":\"https:\\\/\\\/secure.gravatar.com\\\/avatar\\\/b6992f131dc8d30ab0dff15446e9d346d9dbd95992de0fef795073f5ea83a81c?s=96&d=mm&r=g\",\"contentUrl\":\"https:\\\/\\\/secure.gravatar.com\\\/avatar\\\/b6992f131dc8d30ab0dff15446e9d346d9dbd95992de0fef795073f5ea83a81c?s=96&d=mm&r=g\",\"caption\":\"La Gu\u00eda de Pamplona\"}}]}<\/script>\n<!-- \/ Yoast SEO plugin. -->","yoast_head_json":{"title":"Escuelas Infantiles recibe 1.722 preinscripciones de menores de 0 a 3 a\u00f1os para el pr\u00f3ximo curso","description":"Aprobada la licitaci\u00f3n del contrato de suministro e instalaci\u00f3n de mobiliario, equipamiento y otros materiales de la EI Lezkairu y la EI Mendebaldea","robots":{"index":"index","follow":"follow","max-snippet":"max-snippet:-1","max-image-preview":"max-image-preview:large","max-video-preview":"max-video-preview:-1"},"canonical":"https:\/\/www.laguiadepamplona.com\/actualidad\/escuelas-infantiles-recibe-1-722-preinscripciones-de-menores-de-0-a-3-anos-para-el-proximo-curso\/","og_locale":"es_ES","og_type":"article","og_title":"Escuelas Infantiles recibe 1.722 preinscripciones de menores de 0 a 3 a\u00f1os para el pr\u00f3ximo curso","og_description":"Aprobada la licitaci\u00f3n del contrato de suministro e instalaci\u00f3n de mobiliario, equipamiento y otros materiales de la EI Lezkairu y la EI Mendebaldea","og_url":"https:\/\/www.laguiadepamplona.com\/actualidad\/escuelas-infantiles-recibe-1-722-preinscripciones-de-menores-de-0-a-3-anos-para-el-proximo-curso\/","og_site_name":"La Gu\u00eda de Pamplona","article_publisher":"https:\/\/www.facebook.com\/laguiadepamplonacom-133175176762273\/?ref=hl","article_published_time":"2022-03-17T12:02:15+00:00","article_modified_time":"2023-04-11T09:48:24+00:00","og_image":[{"width":1920,"height":1280,"url":"https:\/\/www.laguiadepamplona.com\/actualidad\/wp-content\/uploads\/2022\/02\/escuela-infantil-municipal-medillorri-ee5a2220.jpg","type":"image\/jpeg"}],"author":"La Gu\u00eda de Pamplona","twitter_card":"summary_large_image","twitter_creator":"@LaGuiadPamplona","twitter_site":"@LaGuiadPamplona","twitter_misc":{"Escrito por":"La Gu\u00eda de Pamplona","Tiempo de lectura":"4 minutos"},"schema":{"@context":"https:\/\/schema.org","@graph":[{"@type":"Article","@id":"https:\/\/www.laguiadepamplona.com\/actualidad\/escuelas-infantiles-recibe-1-722-preinscripciones-de-menores-de-0-a-3-anos-para-el-proximo-curso\/#article","isPartOf":{"@id":"https:\/\/www.laguiadepamplona.com\/actualidad\/escuelas-infantiles-recibe-1-722-preinscripciones-de-menores-de-0-a-3-anos-para-el-proximo-curso\/"},"author":{"name":"La Gu\u00eda de Pamplona","@id":"https:\/\/www.laguiadepamplona.com\/actualidad\/#\/schema\/person\/efe887376f0213d4657c93adc50b1fdb"},"headline":"Escuelas Infantiles recibe 1.722 preinscripciones de menores de 0 a 3 a\u00f1os para el pr\u00f3ximo curso","datePublished":"2022-03-17T12:02:15+00:00","dateModified":"2023-04-11T09:48:24+00:00","mainEntityOfPage":{"@id":"https:\/\/www.laguiadepamplona.com\/actualidad\/escuelas-infantiles-recibe-1-722-preinscripciones-de-menores-de-0-a-3-anos-para-el-proximo-curso\/"},"wordCount":778,"commentCount":0,"publisher":{"@id":"https:\/\/www.laguiadepamplona.com\/actualidad\/#organization"},"image":{"@id":"https:\/\/www.laguiadepamplona.com\/actualidad\/escuelas-infantiles-recibe-1-722-preinscripciones-de-menores-de-0-a-3-anos-para-el-proximo-curso\/#primaryimage"},"thumbnailUrl":"https:\/\/www.laguiadepamplona.com\/actualidad\/wp-content\/uploads\/2022\/02\/escuela-infantil-municipal-medillorri-ee5a2220.jpg","articleSection":["Ayto Pamplona"],"inLanguage":"es","potentialAction":[{"@type":"CommentAction","name":"Comment","target":["https:\/\/www.laguiadepamplona.com\/actualidad\/escuelas-infantiles-recibe-1-722-preinscripciones-de-menores-de-0-a-3-anos-para-el-proximo-curso\/#respond"]}]},{"@type":"WebPage","@id":"https:\/\/www.laguiadepamplona.com\/actualidad\/escuelas-infantiles-recibe-1-722-preinscripciones-de-menores-de-0-a-3-anos-para-el-proximo-curso\/","url":"https:\/\/www.laguiadepamplona.com\/actualidad\/escuelas-infantiles-recibe-1-722-preinscripciones-de-menores-de-0-a-3-anos-para-el-proximo-curso\/","name":"Escuelas Infantiles recibe 1.722 preinscripciones de menores de 0 a 3 a\u00f1os para el pr\u00f3ximo curso","isPartOf":{"@id":"https:\/\/www.laguiadepamplona.com\/actualidad\/#website"},"primaryImageOfPage":{"@id":"https:\/\/www.laguiadepamplona.com\/actualidad\/escuelas-infantiles-recibe-1-722-preinscripciones-de-menores-de-0-a-3-anos-para-el-proximo-curso\/#primaryimage"},"image":{"@id":"https:\/\/www.laguiadepamplona.com\/actualidad\/escuelas-infantiles-recibe-1-722-preinscripciones-de-menores-de-0-a-3-anos-para-el-proximo-curso\/#primaryimage"},"thumbnailUrl":"https:\/\/www.laguiadepamplona.com\/actualidad\/wp-content\/uploads\/2022\/02\/escuela-infantil-municipal-medillorri-ee5a2220.jpg","datePublished":"2022-03-17T12:02:15+00:00","dateModified":"2023-04-11T09:48:24+00:00","description":"Aprobada la licitaci\u00f3n del contrato de suministro e instalaci\u00f3n de mobiliario, equipamiento y otros materiales de la EI Lezkairu y la EI Mendebaldea","breadcrumb":{"@id":"https:\/\/www.laguiadepamplona.com\/actualidad\/escuelas-infantiles-recibe-1-722-preinscripciones-de-menores-de-0-a-3-anos-para-el-proximo-curso\/#breadcrumb"},"inLanguage":"es","potentialAction":[{"@type":"ReadAction","target":["https:\/\/www.laguiadepamplona.com\/actualidad\/escuelas-infantiles-recibe-1-722-preinscripciones-de-menores-de-0-a-3-anos-para-el-proximo-curso\/"]}]},{"@type":"ImageObject","inLanguage":"es","@id":"https:\/\/www.laguiadepamplona.com\/actualidad\/escuelas-infantiles-recibe-1-722-preinscripciones-de-menores-de-0-a-3-anos-para-el-proximo-curso\/#primaryimage","url":"https:\/\/www.laguiadepamplona.com\/actualidad\/wp-content\/uploads\/2022\/02\/escuela-infantil-municipal-medillorri-ee5a2220.jpg","contentUrl":"https:\/\/www.laguiadepamplona.com\/actualidad\/wp-content\/uploads\/2022\/02\/escuela-infantil-municipal-medillorri-ee5a2220.jpg","width":1920,"height":1280},{"@type":"BreadcrumbList","@id":"https:\/\/www.laguiadepamplona.com\/actualidad\/escuelas-infantiles-recibe-1-722-preinscripciones-de-menores-de-0-a-3-anos-para-el-proximo-curso\/#breadcrumb","itemListElement":[{"@type":"ListItem","position":1,"name":"Portada","item":"https:\/\/www.laguiadepamplona.com\/actualidad\/"},{"@type":"ListItem","position":2,"name":"Escuelas Infantiles recibe 1.722 preinscripciones de menores de 0 a 3 a\u00f1os para el pr\u00f3ximo curso"}]},{"@type":"WebSite","@id":"https:\/\/www.laguiadepamplona.com\/actualidad\/#website","url":"https:\/\/www.laguiadepamplona.com\/actualidad\/","name":"La gu\u00eda de Pamplona","description":"Noticias de Pamplona","publisher":{"@id":"https:\/\/www.laguiadepamplona.com\/actualidad\/#organization"},"potentialAction":[{"@type":"SearchAction","target":{"@type":"EntryPoint","urlTemplate":"https:\/\/www.laguiadepamplona.com\/actualidad\/?s={search_term_string}"},"query-input":{"@type":"PropertyValueSpecification","valueRequired":true,"valueName":"search_term_string"}}],"inLanguage":"es"},{"@type":"Organization","@id":"https:\/\/www.laguiadepamplona.com\/actualidad\/#organization","name":"La Gu\u00eda de Pamplona \/ Noticias","url":"https:\/\/www.laguiadepamplona.com\/actualidad\/","logo":{"@type":"ImageObject","inLanguage":"es","@id":"https:\/\/www.laguiadepamplona.com\/actualidad\/#\/schema\/logo\/image\/","url":"https:\/\/www.laguiadepamplona.com\/actualidad\/wp-content\/uploads\/2018\/11\/logo-laguiadepamplona18-web1.png","contentUrl":"https:\/\/www.laguiadepamplona.com\/actualidad\/wp-content\/uploads\/2018\/11\/logo-laguiadepamplona18-web1.png","width":600,"height":196,"caption":"La Gu\u00eda de Pamplona \/ Noticias"},"image":{"@id":"https:\/\/www.laguiadepamplona.com\/actualidad\/#\/schema\/logo\/image\/"},"sameAs":["https:\/\/www.facebook.com\/laguiadepamplonacom-133175176762273\/?ref=hl","https:\/\/x.com\/LaGuiadPamplona","https:\/\/www.instagram.com\/la_guia_de_pamplona\/","https:\/\/www.youtube.com\/user\/laguiadepamplona"]},{"@type":"Person","@id":"https:\/\/www.laguiadepamplona.com\/actualidad\/#\/schema\/person\/efe887376f0213d4657c93adc50b1fdb","name":"La Gu\u00eda de Pamplona","image":{"@type":"ImageObject","inLanguage":"es","@id":"https:\/\/secure.gravatar.com\/avatar\/b6992f131dc8d30ab0dff15446e9d346d9dbd95992de0fef795073f5ea83a81c?s=96&d=mm&r=g","url":"https:\/\/secure.gravatar.com\/avatar\/b6992f131dc8d30ab0dff15446e9d346d9dbd95992de0fef795073f5ea83a81c?s=96&d=mm&r=g","contentUrl":"https:\/\/secure.gravatar.com\/avatar\/b6992f131dc8d30ab0dff15446e9d346d9dbd95992de0fef795073f5ea83a81c?s=96&d=mm&r=g","caption":"La Gu\u00eda de Pamplona"}}]}},"post_mailing_queue_ids":[],"_links":{"self":[{"href":"https:\/\/www.laguiadepamplona.com\/actualidad\/wp-json\/wp\/v2\/posts\/39464","targetHints":{"allow":["GET"]}}],"collection":[{"href":"https:\/\/www.laguiadepamplona.com\/actualidad\/wp-json\/wp\/v2\/posts"}],"about":[{"href":"https:\/\/www.laguiadepamplona.com\/actualidad\/wp-json\/wp\/v2\/types\/post"}],"author":[{"embeddable":true,"href":"https:\/\/www.laguiadepamplona.com\/actualidad\/wp-json\/wp\/v2\/users\/1"}],"replies":[{"embeddable":true,"href":"https:\/\/www.laguiadepamplona.com\/actualidad\/wp-json\/wp\/v2\/comments?post=39464"}],"version-history":[{"count":0,"href":"https:\/\/www.laguiadepamplona.com\/actualidad\/wp-json\/wp\/v2\/posts\/39464\/revisions"}],"wp:featuredmedia":[{"embeddable":true,"href":"https:\/\/www.laguiadepamplona.com\/actualidad\/wp-json\/wp\/v2\/media\/38900"}],"wp:attachment":[{"href":"https:\/\/www.laguiadepamplona.com\/actualidad\/wp-json\/wp\/v2\/media?parent=39464"}],"wp:term":[{"taxonomy":"category","embeddable":true,"href":"https:\/\/www.laguiadepamplona.com\/actualidad\/wp-json\/wp\/v2\/categories?post=39464"},{"taxonomy":"post_tag","embeddable":true,"href":"https:\/\/www.laguiadepamplona.com\/actualidad\/wp-json\/wp\/v2\/tags?post=39464"}],"curies":[{"name":"wp","href":"https:\/\/api.w.org\/{rel}","templated":true}]}}