{"id":39439,"date":"2022-03-17T13:39:28","date_gmt":"2022-03-17T11:39:28","guid":{"rendered":"https:\/\/www.laguiadepamplona.com\/actualidad\/?p=39439"},"modified":"2023-04-11T11:48:24","modified_gmt":"2023-04-11T09:48:24","slug":"el-pabellon-de-mixtos-acoge-desde-hoy-stendhal-una-reinterpretacion-de-la-belleza-de-las-obras-de-la-escultura-clasica-desde-las-artes-graficas","status":"publish","type":"post","link":"https:\/\/www.laguiadepamplona.com\/actualidad\/el-pabellon-de-mixtos-acoge-desde-hoy-stendhal-una-reinterpretacion-de-la-belleza-de-las-obras-de-la-escultura-clasica-desde-las-artes-graficas\/","title":{"rendered":"El Pabell\u00f3n de Mixtos acoge desde hoy \u2018#Stendhal\u2019, una reinterpretaci\u00f3n de la belleza de las obras de la escultura cl\u00e1sica desde las artes gr\u00e1ficas"},"content":{"rendered":"<h5>Su autor es Gonzalo Nicuesa profesor de Dibujo en las Escuelas de Arte y Superior de Dise\u00f1o de Pamplona y Corella<\/h5>\n<p><!--more--><\/p>\n<p>La belleza extrema puede tener consecuencias f\u00edsicas en el espectador, al menos, eso es lo que describe el llamado \u2018S\u00edndrome de Stendhal\u2019. Esa reacci\u00f3n de mareos y palpitaciones ante el arte se denomina as\u00ed por el famoso autor franc\u00e9s del siglo XIX que describi\u00f3 el impacto f\u00edsico que le caus\u00f3 su visita a la bas\u00edlica de la Santa Cruz en Florencia (Italia). El artista Gonzalo Nicuesa ha actualizado el concepto en \u2018#Stendhal\u2019, una muestra expositiva que ha abierto hoy en la planta baja del Pabell\u00f3n de Mixtos de la Ciudadela y que se podr\u00e1 visitar hasta el pr\u00f3ximo 1 de mayo.<\/p>\n<p>Esta ma\u00f1ana el autor, acompa\u00f1ado por Javier Manzanos, t\u00e9cnico de Artes Pl\u00e1sticas del Ayuntamiento de Pamplona, ha presentado una exposici\u00f3n que consiste en alrededor de 70 \u201cversiones gr\u00e1ficas\u201d en diferentes tama\u00f1os de esculturas cl\u00e1sicas que abarcan desde el clasicismo griego, hasta el David renacentista de Miguel Angel. Nicuesa, hoy profesor de Dibujo en las Escuelas de Arte y Superior de Dise\u00f1o de Pamplona y Corella, recuerda que estando de Erasmus en Italia el\u2019 David\u2019 le produjo un shock emocional\u2026 de ah\u00ed el nombre de esta muestra.<br \/>\n<script async src=\"\/\/pagead2.googlesyndication.com\/pagead\/js\/adsbygoogle.js\"><\/script><br \/>\n<!-- Noticias La Guia de Pamplona --><br \/>\n<ins class=\"adsbygoogle\"\nstyle=\"display:block\"\ndata-ad-client=\"ca-pub-6943679897239327\"\ndata-ad-slot=\"7048180777\"\ndata-ad-format=\"auto\"><\/ins><br \/>\n<script>\n(adsbygoogle = window.adsbygoogle || []).push({});\n<\/script><\/p>\n<p>\u2018#Stendhal\u2019 es una recreaci\u00f3n de lo retratado por el propio autor en diferentes viajes y visitas a museos desde hace m\u00e1s de 20 a\u00f1os. Pl\u00e1sticamente hace un recorrido del austero blanco y negro de una serie de fotograf\u00edas, a un coqueteo de colores pop (bastante warholiano); un consciente filtro subjetivo y personal en el que se juega a veces con una actualizaci\u00f3n trasnochada y casi kitsch, con colores fl\u00faor y textos incluidos, que permiten las t\u00e9cnicas gr\u00e1ficas con la repetici\u00f3n de elementos en diferentes variantes. Es su particular manera de vuelta a los cl\u00e1sicos, como reivindicaci\u00f3n tanto de la belleza formal \u201cper se\u201d, como de la idealizaci\u00f3n plat\u00f3nica de la est\u00e9tica que ahora est\u00e1 instalada en instagram, y que ya contemplaban en la Grecia cl\u00e1sica.<\/p>\n<p>La propuesta es \u00edntegramente obra gr\u00e1fica en papel realizada con diferentes t\u00e9cnicas que parten de la fotograf\u00eda y el grabado, pero con m\u00faltiples versiones; desde fotograf\u00edas B\/N, fotograbados, cianotipias, litograf\u00edas, serigraf\u00edas, risograf\u00edas o piezas realizadas en vinilo sobre pl\u00e1stico. Es una colecci\u00f3n producida entre 2018 y 2022 en diversos talleres de Pamplona, Mallorca, Zaragoza, Estella o Huarte.<\/p>\n<p>Asociadas a la muestra el Ayuntamiento de Pamplona ha previsto la realizaci\u00f3n de dos visitas guiadas con el autor los domingos 20 de marzo y 24 de abril en la que \u00e9l realizar\u00e1 la interpretaci\u00f3n de sus trabajos. La entrada ser\u00e1 libre, aunque el aforo de los grupos es reducido. La cita ser\u00e1 en la propia sala a las 12 horas. La muestra \u2018#Stendhal\u2019se puede visitar de martes a viernes de 11.30 a 13.30 y de 18 a 20.30 horas, y domingos y festivos de 11.30 a 13.30 horas.<br \/>\n<script async src=\"\/\/pagead2.googlesyndication.com\/pagead\/js\/adsbygoogle.js\"><\/script><br \/>\n<!-- Noticias La Guia de Pamplona --><br \/>\n<ins class=\"adsbygoogle\"\nstyle=\"display:block\"\ndata-ad-client=\"ca-pub-6943679897239327\"\ndata-ad-slot=\"7048180777\"\ndata-ad-format=\"auto\"><\/ins><br \/>\n<script>\n(adsbygoogle = window.adsbygoogle || []).push({});\n<\/script><\/p>\n<p><strong>El autor<\/strong><\/p>\n<p>Gonzalo Nicuesa Nuin (Pamplona,1976) licenciado en Bellas Artes por la UPV (Bilbao, 2001) combina su trayectoria art\u00edstica con su faceta docente en las Escuelas de Arte y Superior de Dise\u00f1o de Pamplona y Corella- Como creador, tiene obra en colecciones de diversas entidades p\u00fablicas, desde el Ayuntamiento de Pamplona, a la Universidad P\u00fablica de Navarra (UPNA), pasando por la Fundaci\u00f3n BilbaoArte, la Fundaci\u00f3n Goya- Fuendetodos o la Comparsa Huestes de Cad\u00ed, Elda, Alicante.<\/p>\n<p>A lo largo de su carrera ha recibido diferentes becas y ayudas art\u00edsticas como la de la Colecci\u00f3n Peggy Guggenheim (Venecia, Italia) en 2003, la Fundaci\u00f3n Bilbao Arte e Intercambio con Kuntshaus Bregenz (Austria) en 2006 o la ayuda para Proyectos Artes Visuales del Gobierno de Navarra en 2016. Ha realizado, asimismo, una residencia en el Centro Arte Contempor\u00e1neo Huarte, Navarra 2017-2018.<\/p>\n<p>Nicuesa tiene en su haber diferentes premios, desde el \u201cPamplona J\u00f3venes Artistas 2001&#8243;, que otorga el Consistorio, hasta el 1er Premio Minicuadros 2013, Museo del Calzado de Elda (Alicante) o el Premio Gr\u00e1fica \/ Grabado Certamen IberArt en 2013<\/p>\n","protected":false},"excerpt":{"rendered":"<p>Su autor es Gonzalo Nicuesa profesor de Dibujo en las Escuelas de Arte y Superior de Dise\u00f1o de Pamplona y Corella<\/p>\n","protected":false},"author":1,"featured_media":39440,"comment_status":"open","ping_status":"closed","sticky":false,"template":"","format":"standard","meta":{"footnotes":""},"categories":[2],"tags":[],"class_list":["post-39439","post","type-post","status-publish","format-standard","has-post-thumbnail","hentry","category-ayuntamiento-pamplona"],"yoast_head":"<!-- This site is optimized with the Yoast SEO plugin v27.3 - https:\/\/yoast.com\/product\/yoast-seo-wordpress\/ -->\n<title>El Pabell\u00f3n de Mixtos acoge desde hoy \u2018#Stendhal\u2019, una reinterpretaci\u00f3n de la belleza de las obras de la escultura cl\u00e1sica desde las artes gr\u00e1ficas<\/title>\n<meta name=\"description\" content=\"Su autor es Gonzalo Nicuesa profesor de Dibujo en las Escuelas de Arte y Superior de Dise\u00f1o de Pamplona y Corella\" \/>\n<meta name=\"robots\" content=\"index, follow, max-snippet:-1, max-image-preview:large, max-video-preview:-1\" \/>\n<link rel=\"canonical\" href=\"https:\/\/www.laguiadepamplona.com\/actualidad\/el-pabellon-de-mixtos-acoge-desde-hoy-stendhal-una-reinterpretacion-de-la-belleza-de-las-obras-de-la-escultura-clasica-desde-las-artes-graficas\/\" \/>\n<meta property=\"og:locale\" content=\"es_ES\" \/>\n<meta property=\"og:type\" content=\"article\" \/>\n<meta property=\"og:title\" content=\"El Pabell\u00f3n de Mixtos acoge desde hoy \u2018#Stendhal\u2019, una reinterpretaci\u00f3n de la belleza de las obras de la escultura cl\u00e1sica desde las artes gr\u00e1ficas\" \/>\n<meta property=\"og:description\" content=\"Su autor es Gonzalo Nicuesa profesor de Dibujo en las Escuelas de Arte y Superior de Dise\u00f1o de Pamplona y Corella\" \/>\n<meta property=\"og:url\" content=\"https:\/\/www.laguiadepamplona.com\/actualidad\/el-pabellon-de-mixtos-acoge-desde-hoy-stendhal-una-reinterpretacion-de-la-belleza-de-las-obras-de-la-escultura-clasica-desde-las-artes-graficas\/\" \/>\n<meta property=\"og:site_name\" content=\"La Gu\u00eda de Pamplona\" \/>\n<meta property=\"article:publisher\" content=\"https:\/\/www.facebook.com\/laguiadepamplonacom-133175176762273\/?ref=hl\" \/>\n<meta property=\"article:published_time\" content=\"2022-03-17T11:39:28+00:00\" \/>\n<meta property=\"article:modified_time\" content=\"2023-04-11T09:48:24+00:00\" \/>\n<meta property=\"og:image\" content=\"https:\/\/www.laguiadepamplona.com\/actualidad\/wp-content\/uploads\/2022\/03\/expo-nicuesa-web.jpg\" \/>\n\t<meta property=\"og:image:width\" content=\"680\" \/>\n\t<meta property=\"og:image:height\" content=\"397\" \/>\n\t<meta property=\"og:image:type\" content=\"image\/jpeg\" \/>\n<meta name=\"author\" content=\"La Gu\u00eda de Pamplona\" \/>\n<meta name=\"twitter:card\" content=\"summary_large_image\" \/>\n<meta name=\"twitter:creator\" content=\"@LaGuiadPamplona\" \/>\n<meta name=\"twitter:site\" content=\"@LaGuiadPamplona\" \/>\n<meta name=\"twitter:label1\" content=\"Escrito por\" \/>\n\t<meta name=\"twitter:data1\" content=\"La Gu\u00eda de Pamplona\" \/>\n\t<meta name=\"twitter:label2\" content=\"Tiempo de lectura\" \/>\n\t<meta name=\"twitter:data2\" content=\"4 minutos\" \/>\n<script type=\"application\/ld+json\" class=\"yoast-schema-graph\">{\"@context\":\"https:\\\/\\\/schema.org\",\"@graph\":[{\"@type\":\"Article\",\"@id\":\"https:\\\/\\\/www.laguiadepamplona.com\\\/actualidad\\\/el-pabellon-de-mixtos-acoge-desde-hoy-stendhal-una-reinterpretacion-de-la-belleza-de-las-obras-de-la-escultura-clasica-desde-las-artes-graficas\\\/#article\",\"isPartOf\":{\"@id\":\"https:\\\/\\\/www.laguiadepamplona.com\\\/actualidad\\\/el-pabellon-de-mixtos-acoge-desde-hoy-stendhal-una-reinterpretacion-de-la-belleza-de-las-obras-de-la-escultura-clasica-desde-las-artes-graficas\\\/\"},\"author\":{\"name\":\"La Gu\u00eda de Pamplona\",\"@id\":\"https:\\\/\\\/www.laguiadepamplona.com\\\/actualidad\\\/#\\\/schema\\\/person\\\/efe887376f0213d4657c93adc50b1fdb\"},\"headline\":\"El Pabell\u00f3n de Mixtos acoge desde hoy \u2018#Stendhal\u2019, una reinterpretaci\u00f3n de la belleza de las obras de la escultura cl\u00e1sica desde las artes gr\u00e1ficas\",\"datePublished\":\"2022-03-17T11:39:28+00:00\",\"dateModified\":\"2023-04-11T09:48:24+00:00\",\"mainEntityOfPage\":{\"@id\":\"https:\\\/\\\/www.laguiadepamplona.com\\\/actualidad\\\/el-pabellon-de-mixtos-acoge-desde-hoy-stendhal-una-reinterpretacion-de-la-belleza-de-las-obras-de-la-escultura-clasica-desde-las-artes-graficas\\\/\"},\"wordCount\":721,\"commentCount\":0,\"publisher\":{\"@id\":\"https:\\\/\\\/www.laguiadepamplona.com\\\/actualidad\\\/#organization\"},\"image\":{\"@id\":\"https:\\\/\\\/www.laguiadepamplona.com\\\/actualidad\\\/el-pabellon-de-mixtos-acoge-desde-hoy-stendhal-una-reinterpretacion-de-la-belleza-de-las-obras-de-la-escultura-clasica-desde-las-artes-graficas\\\/#primaryimage\"},\"thumbnailUrl\":\"https:\\\/\\\/www.laguiadepamplona.com\\\/actualidad\\\/wp-content\\\/uploads\\\/2022\\\/03\\\/expo-nicuesa-web.jpg\",\"articleSection\":[\"Ayto Pamplona\"],\"inLanguage\":\"es\",\"potentialAction\":[{\"@type\":\"CommentAction\",\"name\":\"Comment\",\"target\":[\"https:\\\/\\\/www.laguiadepamplona.com\\\/actualidad\\\/el-pabellon-de-mixtos-acoge-desde-hoy-stendhal-una-reinterpretacion-de-la-belleza-de-las-obras-de-la-escultura-clasica-desde-las-artes-graficas\\\/#respond\"]}]},{\"@type\":\"WebPage\",\"@id\":\"https:\\\/\\\/www.laguiadepamplona.com\\\/actualidad\\\/el-pabellon-de-mixtos-acoge-desde-hoy-stendhal-una-reinterpretacion-de-la-belleza-de-las-obras-de-la-escultura-clasica-desde-las-artes-graficas\\\/\",\"url\":\"https:\\\/\\\/www.laguiadepamplona.com\\\/actualidad\\\/el-pabellon-de-mixtos-acoge-desde-hoy-stendhal-una-reinterpretacion-de-la-belleza-de-las-obras-de-la-escultura-clasica-desde-las-artes-graficas\\\/\",\"name\":\"El Pabell\u00f3n de Mixtos acoge desde hoy \u2018#Stendhal\u2019, una reinterpretaci\u00f3n de la belleza de las obras de la escultura cl\u00e1sica desde las artes gr\u00e1ficas\",\"isPartOf\":{\"@id\":\"https:\\\/\\\/www.laguiadepamplona.com\\\/actualidad\\\/#website\"},\"primaryImageOfPage\":{\"@id\":\"https:\\\/\\\/www.laguiadepamplona.com\\\/actualidad\\\/el-pabellon-de-mixtos-acoge-desde-hoy-stendhal-una-reinterpretacion-de-la-belleza-de-las-obras-de-la-escultura-clasica-desde-las-artes-graficas\\\/#primaryimage\"},\"image\":{\"@id\":\"https:\\\/\\\/www.laguiadepamplona.com\\\/actualidad\\\/el-pabellon-de-mixtos-acoge-desde-hoy-stendhal-una-reinterpretacion-de-la-belleza-de-las-obras-de-la-escultura-clasica-desde-las-artes-graficas\\\/#primaryimage\"},\"thumbnailUrl\":\"https:\\\/\\\/www.laguiadepamplona.com\\\/actualidad\\\/wp-content\\\/uploads\\\/2022\\\/03\\\/expo-nicuesa-web.jpg\",\"datePublished\":\"2022-03-17T11:39:28+00:00\",\"dateModified\":\"2023-04-11T09:48:24+00:00\",\"description\":\"Su autor es Gonzalo Nicuesa profesor de Dibujo en las Escuelas de Arte y Superior de Dise\u00f1o de Pamplona y Corella\",\"breadcrumb\":{\"@id\":\"https:\\\/\\\/www.laguiadepamplona.com\\\/actualidad\\\/el-pabellon-de-mixtos-acoge-desde-hoy-stendhal-una-reinterpretacion-de-la-belleza-de-las-obras-de-la-escultura-clasica-desde-las-artes-graficas\\\/#breadcrumb\"},\"inLanguage\":\"es\",\"potentialAction\":[{\"@type\":\"ReadAction\",\"target\":[\"https:\\\/\\\/www.laguiadepamplona.com\\\/actualidad\\\/el-pabellon-de-mixtos-acoge-desde-hoy-stendhal-una-reinterpretacion-de-la-belleza-de-las-obras-de-la-escultura-clasica-desde-las-artes-graficas\\\/\"]}]},{\"@type\":\"ImageObject\",\"inLanguage\":\"es\",\"@id\":\"https:\\\/\\\/www.laguiadepamplona.com\\\/actualidad\\\/el-pabellon-de-mixtos-acoge-desde-hoy-stendhal-una-reinterpretacion-de-la-belleza-de-las-obras-de-la-escultura-clasica-desde-las-artes-graficas\\\/#primaryimage\",\"url\":\"https:\\\/\\\/www.laguiadepamplona.com\\\/actualidad\\\/wp-content\\\/uploads\\\/2022\\\/03\\\/expo-nicuesa-web.jpg\",\"contentUrl\":\"https:\\\/\\\/www.laguiadepamplona.com\\\/actualidad\\\/wp-content\\\/uploads\\\/2022\\\/03\\\/expo-nicuesa-web.jpg\",\"width\":680,\"height\":397},{\"@type\":\"BreadcrumbList\",\"@id\":\"https:\\\/\\\/www.laguiadepamplona.com\\\/actualidad\\\/el-pabellon-de-mixtos-acoge-desde-hoy-stendhal-una-reinterpretacion-de-la-belleza-de-las-obras-de-la-escultura-clasica-desde-las-artes-graficas\\\/#breadcrumb\",\"itemListElement\":[{\"@type\":\"ListItem\",\"position\":1,\"name\":\"Portada\",\"item\":\"https:\\\/\\\/www.laguiadepamplona.com\\\/actualidad\\\/\"},{\"@type\":\"ListItem\",\"position\":2,\"name\":\"El Pabell\u00f3n de Mixtos acoge desde hoy \u2018#Stendhal\u2019, una reinterpretaci\u00f3n de la belleza de las obras de la escultura cl\u00e1sica desde las artes gr\u00e1ficas\"}]},{\"@type\":\"WebSite\",\"@id\":\"https:\\\/\\\/www.laguiadepamplona.com\\\/actualidad\\\/#website\",\"url\":\"https:\\\/\\\/www.laguiadepamplona.com\\\/actualidad\\\/\",\"name\":\"La gu\u00eda de Pamplona\",\"description\":\"Noticias de Pamplona\",\"publisher\":{\"@id\":\"https:\\\/\\\/www.laguiadepamplona.com\\\/actualidad\\\/#organization\"},\"potentialAction\":[{\"@type\":\"SearchAction\",\"target\":{\"@type\":\"EntryPoint\",\"urlTemplate\":\"https:\\\/\\\/www.laguiadepamplona.com\\\/actualidad\\\/?s={search_term_string}\"},\"query-input\":{\"@type\":\"PropertyValueSpecification\",\"valueRequired\":true,\"valueName\":\"search_term_string\"}}],\"inLanguage\":\"es\"},{\"@type\":\"Organization\",\"@id\":\"https:\\\/\\\/www.laguiadepamplona.com\\\/actualidad\\\/#organization\",\"name\":\"La Gu\u00eda de Pamplona \\\/ Noticias\",\"url\":\"https:\\\/\\\/www.laguiadepamplona.com\\\/actualidad\\\/\",\"logo\":{\"@type\":\"ImageObject\",\"inLanguage\":\"es\",\"@id\":\"https:\\\/\\\/www.laguiadepamplona.com\\\/actualidad\\\/#\\\/schema\\\/logo\\\/image\\\/\",\"url\":\"https:\\\/\\\/www.laguiadepamplona.com\\\/actualidad\\\/wp-content\\\/uploads\\\/2018\\\/11\\\/logo-laguiadepamplona18-web1.png\",\"contentUrl\":\"https:\\\/\\\/www.laguiadepamplona.com\\\/actualidad\\\/wp-content\\\/uploads\\\/2018\\\/11\\\/logo-laguiadepamplona18-web1.png\",\"width\":600,\"height\":196,\"caption\":\"La Gu\u00eda de Pamplona \\\/ Noticias\"},\"image\":{\"@id\":\"https:\\\/\\\/www.laguiadepamplona.com\\\/actualidad\\\/#\\\/schema\\\/logo\\\/image\\\/\"},\"sameAs\":[\"https:\\\/\\\/www.facebook.com\\\/laguiadepamplonacom-133175176762273\\\/?ref=hl\",\"https:\\\/\\\/x.com\\\/LaGuiadPamplona\",\"https:\\\/\\\/www.instagram.com\\\/la_guia_de_pamplona\\\/\",\"https:\\\/\\\/www.youtube.com\\\/user\\\/laguiadepamplona\"]},{\"@type\":\"Person\",\"@id\":\"https:\\\/\\\/www.laguiadepamplona.com\\\/actualidad\\\/#\\\/schema\\\/person\\\/efe887376f0213d4657c93adc50b1fdb\",\"name\":\"La Gu\u00eda de Pamplona\",\"image\":{\"@type\":\"ImageObject\",\"inLanguage\":\"es\",\"@id\":\"https:\\\/\\\/secure.gravatar.com\\\/avatar\\\/b6992f131dc8d30ab0dff15446e9d346d9dbd95992de0fef795073f5ea83a81c?s=96&d=mm&r=g\",\"url\":\"https:\\\/\\\/secure.gravatar.com\\\/avatar\\\/b6992f131dc8d30ab0dff15446e9d346d9dbd95992de0fef795073f5ea83a81c?s=96&d=mm&r=g\",\"contentUrl\":\"https:\\\/\\\/secure.gravatar.com\\\/avatar\\\/b6992f131dc8d30ab0dff15446e9d346d9dbd95992de0fef795073f5ea83a81c?s=96&d=mm&r=g\",\"caption\":\"La Gu\u00eda de Pamplona\"}}]}<\/script>\n<!-- \/ Yoast SEO plugin. -->","yoast_head_json":{"title":"El Pabell\u00f3n de Mixtos acoge desde hoy \u2018#Stendhal\u2019, una reinterpretaci\u00f3n de la belleza de las obras de la escultura cl\u00e1sica desde las artes gr\u00e1ficas","description":"Su autor es Gonzalo Nicuesa profesor de Dibujo en las Escuelas de Arte y Superior de Dise\u00f1o de Pamplona y Corella","robots":{"index":"index","follow":"follow","max-snippet":"max-snippet:-1","max-image-preview":"max-image-preview:large","max-video-preview":"max-video-preview:-1"},"canonical":"https:\/\/www.laguiadepamplona.com\/actualidad\/el-pabellon-de-mixtos-acoge-desde-hoy-stendhal-una-reinterpretacion-de-la-belleza-de-las-obras-de-la-escultura-clasica-desde-las-artes-graficas\/","og_locale":"es_ES","og_type":"article","og_title":"El Pabell\u00f3n de Mixtos acoge desde hoy \u2018#Stendhal\u2019, una reinterpretaci\u00f3n de la belleza de las obras de la escultura cl\u00e1sica desde las artes gr\u00e1ficas","og_description":"Su autor es Gonzalo Nicuesa profesor de Dibujo en las Escuelas de Arte y Superior de Dise\u00f1o de Pamplona y Corella","og_url":"https:\/\/www.laguiadepamplona.com\/actualidad\/el-pabellon-de-mixtos-acoge-desde-hoy-stendhal-una-reinterpretacion-de-la-belleza-de-las-obras-de-la-escultura-clasica-desde-las-artes-graficas\/","og_site_name":"La Gu\u00eda de Pamplona","article_publisher":"https:\/\/www.facebook.com\/laguiadepamplonacom-133175176762273\/?ref=hl","article_published_time":"2022-03-17T11:39:28+00:00","article_modified_time":"2023-04-11T09:48:24+00:00","og_image":[{"width":680,"height":397,"url":"https:\/\/www.laguiadepamplona.com\/actualidad\/wp-content\/uploads\/2022\/03\/expo-nicuesa-web.jpg","type":"image\/jpeg"}],"author":"La Gu\u00eda de Pamplona","twitter_card":"summary_large_image","twitter_creator":"@LaGuiadPamplona","twitter_site":"@LaGuiadPamplona","twitter_misc":{"Escrito por":"La Gu\u00eda de Pamplona","Tiempo de lectura":"4 minutos"},"schema":{"@context":"https:\/\/schema.org","@graph":[{"@type":"Article","@id":"https:\/\/www.laguiadepamplona.com\/actualidad\/el-pabellon-de-mixtos-acoge-desde-hoy-stendhal-una-reinterpretacion-de-la-belleza-de-las-obras-de-la-escultura-clasica-desde-las-artes-graficas\/#article","isPartOf":{"@id":"https:\/\/www.laguiadepamplona.com\/actualidad\/el-pabellon-de-mixtos-acoge-desde-hoy-stendhal-una-reinterpretacion-de-la-belleza-de-las-obras-de-la-escultura-clasica-desde-las-artes-graficas\/"},"author":{"name":"La Gu\u00eda de Pamplona","@id":"https:\/\/www.laguiadepamplona.com\/actualidad\/#\/schema\/person\/efe887376f0213d4657c93adc50b1fdb"},"headline":"El Pabell\u00f3n de Mixtos acoge desde hoy \u2018#Stendhal\u2019, una reinterpretaci\u00f3n de la belleza de las obras de la escultura cl\u00e1sica desde las artes gr\u00e1ficas","datePublished":"2022-03-17T11:39:28+00:00","dateModified":"2023-04-11T09:48:24+00:00","mainEntityOfPage":{"@id":"https:\/\/www.laguiadepamplona.com\/actualidad\/el-pabellon-de-mixtos-acoge-desde-hoy-stendhal-una-reinterpretacion-de-la-belleza-de-las-obras-de-la-escultura-clasica-desde-las-artes-graficas\/"},"wordCount":721,"commentCount":0,"publisher":{"@id":"https:\/\/www.laguiadepamplona.com\/actualidad\/#organization"},"image":{"@id":"https:\/\/www.laguiadepamplona.com\/actualidad\/el-pabellon-de-mixtos-acoge-desde-hoy-stendhal-una-reinterpretacion-de-la-belleza-de-las-obras-de-la-escultura-clasica-desde-las-artes-graficas\/#primaryimage"},"thumbnailUrl":"https:\/\/www.laguiadepamplona.com\/actualidad\/wp-content\/uploads\/2022\/03\/expo-nicuesa-web.jpg","articleSection":["Ayto Pamplona"],"inLanguage":"es","potentialAction":[{"@type":"CommentAction","name":"Comment","target":["https:\/\/www.laguiadepamplona.com\/actualidad\/el-pabellon-de-mixtos-acoge-desde-hoy-stendhal-una-reinterpretacion-de-la-belleza-de-las-obras-de-la-escultura-clasica-desde-las-artes-graficas\/#respond"]}]},{"@type":"WebPage","@id":"https:\/\/www.laguiadepamplona.com\/actualidad\/el-pabellon-de-mixtos-acoge-desde-hoy-stendhal-una-reinterpretacion-de-la-belleza-de-las-obras-de-la-escultura-clasica-desde-las-artes-graficas\/","url":"https:\/\/www.laguiadepamplona.com\/actualidad\/el-pabellon-de-mixtos-acoge-desde-hoy-stendhal-una-reinterpretacion-de-la-belleza-de-las-obras-de-la-escultura-clasica-desde-las-artes-graficas\/","name":"El Pabell\u00f3n de Mixtos acoge desde hoy \u2018#Stendhal\u2019, una reinterpretaci\u00f3n de la belleza de las obras de la escultura cl\u00e1sica desde las artes gr\u00e1ficas","isPartOf":{"@id":"https:\/\/www.laguiadepamplona.com\/actualidad\/#website"},"primaryImageOfPage":{"@id":"https:\/\/www.laguiadepamplona.com\/actualidad\/el-pabellon-de-mixtos-acoge-desde-hoy-stendhal-una-reinterpretacion-de-la-belleza-de-las-obras-de-la-escultura-clasica-desde-las-artes-graficas\/#primaryimage"},"image":{"@id":"https:\/\/www.laguiadepamplona.com\/actualidad\/el-pabellon-de-mixtos-acoge-desde-hoy-stendhal-una-reinterpretacion-de-la-belleza-de-las-obras-de-la-escultura-clasica-desde-las-artes-graficas\/#primaryimage"},"thumbnailUrl":"https:\/\/www.laguiadepamplona.com\/actualidad\/wp-content\/uploads\/2022\/03\/expo-nicuesa-web.jpg","datePublished":"2022-03-17T11:39:28+00:00","dateModified":"2023-04-11T09:48:24+00:00","description":"Su autor es Gonzalo Nicuesa profesor de Dibujo en las Escuelas de Arte y Superior de Dise\u00f1o de Pamplona y Corella","breadcrumb":{"@id":"https:\/\/www.laguiadepamplona.com\/actualidad\/el-pabellon-de-mixtos-acoge-desde-hoy-stendhal-una-reinterpretacion-de-la-belleza-de-las-obras-de-la-escultura-clasica-desde-las-artes-graficas\/#breadcrumb"},"inLanguage":"es","potentialAction":[{"@type":"ReadAction","target":["https:\/\/www.laguiadepamplona.com\/actualidad\/el-pabellon-de-mixtos-acoge-desde-hoy-stendhal-una-reinterpretacion-de-la-belleza-de-las-obras-de-la-escultura-clasica-desde-las-artes-graficas\/"]}]},{"@type":"ImageObject","inLanguage":"es","@id":"https:\/\/www.laguiadepamplona.com\/actualidad\/el-pabellon-de-mixtos-acoge-desde-hoy-stendhal-una-reinterpretacion-de-la-belleza-de-las-obras-de-la-escultura-clasica-desde-las-artes-graficas\/#primaryimage","url":"https:\/\/www.laguiadepamplona.com\/actualidad\/wp-content\/uploads\/2022\/03\/expo-nicuesa-web.jpg","contentUrl":"https:\/\/www.laguiadepamplona.com\/actualidad\/wp-content\/uploads\/2022\/03\/expo-nicuesa-web.jpg","width":680,"height":397},{"@type":"BreadcrumbList","@id":"https:\/\/www.laguiadepamplona.com\/actualidad\/el-pabellon-de-mixtos-acoge-desde-hoy-stendhal-una-reinterpretacion-de-la-belleza-de-las-obras-de-la-escultura-clasica-desde-las-artes-graficas\/#breadcrumb","itemListElement":[{"@type":"ListItem","position":1,"name":"Portada","item":"https:\/\/www.laguiadepamplona.com\/actualidad\/"},{"@type":"ListItem","position":2,"name":"El Pabell\u00f3n de Mixtos acoge desde hoy \u2018#Stendhal\u2019, una reinterpretaci\u00f3n de la belleza de las obras de la escultura cl\u00e1sica desde las artes gr\u00e1ficas"}]},{"@type":"WebSite","@id":"https:\/\/www.laguiadepamplona.com\/actualidad\/#website","url":"https:\/\/www.laguiadepamplona.com\/actualidad\/","name":"La gu\u00eda de Pamplona","description":"Noticias de Pamplona","publisher":{"@id":"https:\/\/www.laguiadepamplona.com\/actualidad\/#organization"},"potentialAction":[{"@type":"SearchAction","target":{"@type":"EntryPoint","urlTemplate":"https:\/\/www.laguiadepamplona.com\/actualidad\/?s={search_term_string}"},"query-input":{"@type":"PropertyValueSpecification","valueRequired":true,"valueName":"search_term_string"}}],"inLanguage":"es"},{"@type":"Organization","@id":"https:\/\/www.laguiadepamplona.com\/actualidad\/#organization","name":"La Gu\u00eda de Pamplona \/ Noticias","url":"https:\/\/www.laguiadepamplona.com\/actualidad\/","logo":{"@type":"ImageObject","inLanguage":"es","@id":"https:\/\/www.laguiadepamplona.com\/actualidad\/#\/schema\/logo\/image\/","url":"https:\/\/www.laguiadepamplona.com\/actualidad\/wp-content\/uploads\/2018\/11\/logo-laguiadepamplona18-web1.png","contentUrl":"https:\/\/www.laguiadepamplona.com\/actualidad\/wp-content\/uploads\/2018\/11\/logo-laguiadepamplona18-web1.png","width":600,"height":196,"caption":"La Gu\u00eda de Pamplona \/ Noticias"},"image":{"@id":"https:\/\/www.laguiadepamplona.com\/actualidad\/#\/schema\/logo\/image\/"},"sameAs":["https:\/\/www.facebook.com\/laguiadepamplonacom-133175176762273\/?ref=hl","https:\/\/x.com\/LaGuiadPamplona","https:\/\/www.instagram.com\/la_guia_de_pamplona\/","https:\/\/www.youtube.com\/user\/laguiadepamplona"]},{"@type":"Person","@id":"https:\/\/www.laguiadepamplona.com\/actualidad\/#\/schema\/person\/efe887376f0213d4657c93adc50b1fdb","name":"La Gu\u00eda de Pamplona","image":{"@type":"ImageObject","inLanguage":"es","@id":"https:\/\/secure.gravatar.com\/avatar\/b6992f131dc8d30ab0dff15446e9d346d9dbd95992de0fef795073f5ea83a81c?s=96&d=mm&r=g","url":"https:\/\/secure.gravatar.com\/avatar\/b6992f131dc8d30ab0dff15446e9d346d9dbd95992de0fef795073f5ea83a81c?s=96&d=mm&r=g","contentUrl":"https:\/\/secure.gravatar.com\/avatar\/b6992f131dc8d30ab0dff15446e9d346d9dbd95992de0fef795073f5ea83a81c?s=96&d=mm&r=g","caption":"La Gu\u00eda de Pamplona"}}]}},"post_mailing_queue_ids":[],"_links":{"self":[{"href":"https:\/\/www.laguiadepamplona.com\/actualidad\/wp-json\/wp\/v2\/posts\/39439","targetHints":{"allow":["GET"]}}],"collection":[{"href":"https:\/\/www.laguiadepamplona.com\/actualidad\/wp-json\/wp\/v2\/posts"}],"about":[{"href":"https:\/\/www.laguiadepamplona.com\/actualidad\/wp-json\/wp\/v2\/types\/post"}],"author":[{"embeddable":true,"href":"https:\/\/www.laguiadepamplona.com\/actualidad\/wp-json\/wp\/v2\/users\/1"}],"replies":[{"embeddable":true,"href":"https:\/\/www.laguiadepamplona.com\/actualidad\/wp-json\/wp\/v2\/comments?post=39439"}],"version-history":[{"count":0,"href":"https:\/\/www.laguiadepamplona.com\/actualidad\/wp-json\/wp\/v2\/posts\/39439\/revisions"}],"wp:featuredmedia":[{"embeddable":true,"href":"https:\/\/www.laguiadepamplona.com\/actualidad\/wp-json\/wp\/v2\/media\/39440"}],"wp:attachment":[{"href":"https:\/\/www.laguiadepamplona.com\/actualidad\/wp-json\/wp\/v2\/media?parent=39439"}],"wp:term":[{"taxonomy":"category","embeddable":true,"href":"https:\/\/www.laguiadepamplona.com\/actualidad\/wp-json\/wp\/v2\/categories?post=39439"},{"taxonomy":"post_tag","embeddable":true,"href":"https:\/\/www.laguiadepamplona.com\/actualidad\/wp-json\/wp\/v2\/tags?post=39439"}],"curies":[{"name":"wp","href":"https:\/\/api.w.org\/{rel}","templated":true}]}}