{"id":39437,"date":"2022-03-17T13:38:08","date_gmt":"2022-03-17T11:38:08","guid":{"rendered":"https:\/\/www.laguiadepamplona.com\/actualidad\/?p=39437"},"modified":"2023-04-11T11:48:24","modified_gmt":"2023-04-11T09:48:24","slug":"pamplona-celebra-el-dia-mundial-de-la-poesia-con-recitales-teatro-y-encuentros-con-poetas","status":"publish","type":"post","link":"https:\/\/www.laguiadepamplona.com\/actualidad\/pamplona-celebra-el-dia-mundial-de-la-poesia-con-recitales-teatro-y-encuentros-con-poetas\/","title":{"rendered":"Pamplona celebra el D\u00eda Mundial de la Poes\u00eda con recitales, teatro y encuentros con poetas"},"content":{"rendered":"<h5>Las actividades, programadas en Civivox Condestable y Civivox Iturrama, comenzar\u00e1n ma\u00f1ana y se prolongar\u00e1n hasta el mi\u00e9rcoles<\/h5>\n<p><!--more--><\/p>\n<p>El Ayuntamiento de Pamplona ha organizado un ciclo de actividades en torno al D\u00eda Mundial de la Poes\u00eda, que se celebra el pr\u00f3ximo lunes, d\u00eda 21. Los Civivox Condestable e Iturrama acoger\u00e1n en los pr\u00f3ximos d\u00edas recitales, encuentros y una obra de teatro, en torno a la poes\u00eda.<\/p>\n<p>El ciclo dar\u00e1 comienzo ma\u00f1ana viernes, con el recital \u2018Porque la poes\u00eda nos inspira\u2019, a cargo del grupo de poes\u00eda de ANFAS, la asociaci\u00f3n navarra en favor de las personas con discapacidad intelectual o de desarrollo y sus familias. A trav\u00e9s de este recital, los miembros de la asociaci\u00f3n presentan al p\u00fablico su propia obra, as\u00ed como los poemas y poetas que les han marcado a lo largo de los a\u00f1os. La actividad, que ser\u00e1 gratuita previa inscripci\u00f3n, se celebrar\u00e1 a las 18 horas en Civivox Iturrama y contar\u00e1 con int\u00e9rprete de signos y estenotipia, para lograr ser accesible para todos los p\u00fablicos.<br \/>\n<script async src=\"\/\/pagead2.googlesyndication.com\/pagead\/js\/adsbygoogle.js\"><\/script><br \/>\n<!-- Noticias La Guia de Pamplona --><br \/>\n<ins class=\"adsbygoogle\"\nstyle=\"display:block\"\ndata-ad-client=\"ca-pub-6943679897239327\"\ndata-ad-slot=\"7048180777\"\ndata-ad-format=\"auto\"><\/ins><br \/>\n<script>\n(adsbygoogle = window.adsbygoogle || []).push({});\n<\/script><\/p>\n<p>Por su parte, el domingo, d\u00eda 20, ser\u00e1 el turno del teatro. La compa\u00f1\u00eda Iluna Producciones, bajo la direcci\u00f3n de Miguel Goikoetxand\u00eda, llevar\u00e1 al Civivox Iturrama la obra \u2018Con los ojos abiertos\u2019. Interpretada por David Larrea y Miguel Goikoetxandia, la obra explora la vida y pasiones del poeta Miguel Hern\u00e1ndez, a trav\u00e9s de sus cartas, testimonios, biograf\u00edas y documentos penitenciales. En ese recorrido en torno a Hern\u00e1ndez, se dan cita amigos del pueblo y figuras literarias, pero tambi\u00e9n carceleros y jueces. La representaci\u00f3n teatral, dirigida a un p\u00fablico mayor de 18 a\u00f1os, comenzar\u00e1 a las 19 horas y las entradas tendr\u00e1n un coste de 3 euros. Ser\u00e1 necesario formalizar una inscripci\u00f3n previa.<\/p>\n<p>A lo largo de la pr\u00f3xima semana, las actividades girar\u00e1n en torno a recitales y encuentros con poetas. As\u00ed, el lunes tendr\u00e1 lugar el recital en euskera Itzalak elurretan, un acto que combina las \u00faltimas obras de poes\u00eda de la escritora Iosune de Go\u00f1i y la m\u00fasica de Leire Alonso con la lyra viol del siglo XVII, un instrumento de cuerda de la familia de la viola da gamba. Este recital pretende ser el di\u00e1logo entre dos tiempos, dos creadoras y dos lenguajes. En esta ocasi\u00f3n, la cita tendr\u00e1 lugar en el Civivox Condestable, a las 19 horas. La entrada ser\u00e1 gratuita, pero habr\u00e1 que inscribirse previamente.<br \/>\n<script async src=\"\/\/pagead2.googlesyndication.com\/pagead\/js\/adsbygoogle.js\"><\/script><br \/>\n<!-- Noticias La Guia de Pamplona --><br \/>\n<ins class=\"adsbygoogle\"\nstyle=\"display:block\"\ndata-ad-client=\"ca-pub-6943679897239327\"\ndata-ad-slot=\"7048180777\"\ndata-ad-format=\"auto\"><\/ins><br \/>\n<script>\n(adsbygoogle = window.adsbygoogle || []).push({});\n<\/script><\/p>\n<p>El martes y mi\u00e9rcoles cobrar\u00e1n importancia los encuentros con poetas. Ambas citas tendr\u00e1n lugar en Civivox Condestable a las 19 horas. El martes, ser\u00e1 el turno de To\u00f1o Benavides que, bajo el t\u00edtulo \u2018Escribir im\u00e1genes. Dibujar poemas\u2019, lanzar\u00e1 algunas conjeturas sobre la expresi\u00f3n po\u00e9tica en el terreno de la ilustraci\u00f3n literaria en comparaci\u00f3n con la expresi\u00f3n pl\u00e1stica en el terreno de la escritura. Autor de \u2018El s\u00f3tano en llamas\u2019, un conjunto de relatos a medio camino entre el c\u00f3mic y el libro ilustrado y los poemarios \u2018Para\u00edso\u2019, \u2018Los chicos del vertedero\u2019 y \u2018Gran Sur\u2019, Benavides obtuvo el Premio Ciudad de Pamplona 2021 en la modalidad en castellano.<\/p>\n<p>El mi\u00e9rcoles, el encuentro ser\u00e1 en euskera y llevar\u00e1 por t\u00edtulo \u2018Pandemi(ar)en eragina poesian\u2019. En \u00e9l, Lierni Azkargorta Ruiz de Egino analizar\u00e1 hasta qu\u00e9 punto la pandemia de los \u00faltimos a\u00f1os y las situaciones de conflicto influyen en la poes\u00eda. Azkargorta ha recibido varios premios de poes\u00eda y literatura, entre ellos el premio Ciudad de Pamplona 2021, modalidad euskera. Ambos encuentros ser\u00e1n gratuitos, pero ser\u00e1 necesario realizar una inscripci\u00f3n previa.<\/p>\n<p>&nbsp;<\/p>\n<h3>Actividades<\/h3>\n<ul>\n<li>Viernes 18, a las 18.00 horas. Recital \u2018Porque la poes\u00eda nos inspira\u2019. <strong>Grupo de poes\u00eda de ANFAS. <\/strong>Civivox Iturrama. Recital para todos los p\u00fablicos, gratuito previa inscripci\u00f3n.<\/li>\n<li>Domingo 20, a las 19.00 horas. Teatro \u2018Con los ojos abiertos\u2019, de la compa\u00f1\u00eda Iluna Producciones. Civivox Iturrama. Entradas a 3 euros, previa inscripci\u00f3n.<\/li>\n<li>Lunes 21, a las 19.00 horas. Recital en euskera \u2018<strong>Itzalak elurretan\u2019, de Iosune de Go\u00f1i, con m\u00fasica de Leire Alonso. Civivox Condestable. Gratuito, previa inscripci\u00f3n. <\/strong><\/li>\n<li>Martes 22, a las 19.00 horas. Encuentro con poetas \u2018Escribir im\u00e1genes, dibujar poemas\u2019. Gratuito, previa inscripci\u00f3n.<\/li>\n<li>Mi\u00e9rcoles 23, a las 19.00 horas. Encuentro con poemas, en euskera, \u2018Pandemi(ar)en eragina poesian\u2019. Gratuito, previa inscripci\u00f3n.<\/li>\n<\/ul>\n","protected":false},"excerpt":{"rendered":"<p>Las actividades, programadas en Civivox Condestable y Civivox Iturrama, comenzar\u00e1n ma\u00f1ana y se prolongar\u00e1n hasta el mi\u00e9rcoles<\/p>\n","protected":false},"author":1,"featured_media":39268,"comment_status":"open","ping_status":"closed","sticky":false,"template":"","format":"standard","meta":{"footnotes":""},"categories":[2],"tags":[],"class_list":["post-39437","post","type-post","status-publish","format-standard","has-post-thumbnail","hentry","category-ayuntamiento-pamplona"],"yoast_head":"<!-- This site is optimized with the Yoast SEO plugin v27.3 - https:\/\/yoast.com\/product\/yoast-seo-wordpress\/ -->\n<title>Pamplona celebra el D\u00eda Mundial de la Poes\u00eda con recitales, teatro y encuentros con poetas<\/title>\n<meta name=\"description\" content=\"Las actividades, programadas en Civivox Condestable y Civivox Iturrama, comenzar\u00e1n ma\u00f1ana y se prolongar\u00e1n hasta el mi\u00e9rcoles\" \/>\n<meta name=\"robots\" content=\"index, follow, max-snippet:-1, max-image-preview:large, max-video-preview:-1\" \/>\n<link rel=\"canonical\" href=\"https:\/\/www.laguiadepamplona.com\/actualidad\/pamplona-celebra-el-dia-mundial-de-la-poesia-con-recitales-teatro-y-encuentros-con-poetas\/\" \/>\n<meta property=\"og:locale\" content=\"es_ES\" \/>\n<meta property=\"og:type\" content=\"article\" \/>\n<meta property=\"og:title\" content=\"Pamplona celebra el D\u00eda Mundial de la Poes\u00eda con recitales, teatro y encuentros con poetas\" \/>\n<meta property=\"og:description\" content=\"Las actividades, programadas en Civivox Condestable y Civivox Iturrama, comenzar\u00e1n ma\u00f1ana y se prolongar\u00e1n hasta el mi\u00e9rcoles\" \/>\n<meta property=\"og:url\" content=\"https:\/\/www.laguiadepamplona.com\/actualidad\/pamplona-celebra-el-dia-mundial-de-la-poesia-con-recitales-teatro-y-encuentros-con-poetas\/\" \/>\n<meta property=\"og:site_name\" content=\"La Gu\u00eda de Pamplona\" \/>\n<meta property=\"article:publisher\" content=\"https:\/\/www.facebook.com\/laguiadepamplonacom-133175176762273\/?ref=hl\" \/>\n<meta property=\"article:published_time\" content=\"2022-03-17T11:38:08+00:00\" \/>\n<meta property=\"article:modified_time\" content=\"2023-04-11T09:48:24+00:00\" \/>\n<meta property=\"og:image\" content=\"https:\/\/www.laguiadepamplona.com\/actualidad\/wp-content\/uploads\/2022\/03\/poesia-libro-flores-web.jpg\" \/>\n\t<meta property=\"og:image:width\" content=\"1726\" \/>\n\t<meta property=\"og:image:height\" content=\"1150\" \/>\n\t<meta property=\"og:image:type\" content=\"image\/jpeg\" \/>\n<meta name=\"author\" content=\"La Gu\u00eda de Pamplona\" \/>\n<meta name=\"twitter:card\" content=\"summary_large_image\" \/>\n<meta name=\"twitter:creator\" content=\"@LaGuiadPamplona\" \/>\n<meta name=\"twitter:site\" content=\"@LaGuiadPamplona\" \/>\n<meta name=\"twitter:label1\" content=\"Escrito por\" \/>\n\t<meta name=\"twitter:data1\" content=\"La Gu\u00eda de Pamplona\" \/>\n\t<meta name=\"twitter:label2\" content=\"Tiempo de lectura\" \/>\n\t<meta name=\"twitter:data2\" content=\"4 minutos\" \/>\n<script type=\"application\/ld+json\" class=\"yoast-schema-graph\">{\"@context\":\"https:\\\/\\\/schema.org\",\"@graph\":[{\"@type\":\"Article\",\"@id\":\"https:\\\/\\\/www.laguiadepamplona.com\\\/actualidad\\\/pamplona-celebra-el-dia-mundial-de-la-poesia-con-recitales-teatro-y-encuentros-con-poetas\\\/#article\",\"isPartOf\":{\"@id\":\"https:\\\/\\\/www.laguiadepamplona.com\\\/actualidad\\\/pamplona-celebra-el-dia-mundial-de-la-poesia-con-recitales-teatro-y-encuentros-con-poetas\\\/\"},\"author\":{\"name\":\"La Gu\u00eda de Pamplona\",\"@id\":\"https:\\\/\\\/www.laguiadepamplona.com\\\/actualidad\\\/#\\\/schema\\\/person\\\/efe887376f0213d4657c93adc50b1fdb\"},\"headline\":\"Pamplona celebra el D\u00eda Mundial de la Poes\u00eda con recitales, teatro y encuentros con poetas\",\"datePublished\":\"2022-03-17T11:38:08+00:00\",\"dateModified\":\"2023-04-11T09:48:24+00:00\",\"mainEntityOfPage\":{\"@id\":\"https:\\\/\\\/www.laguiadepamplona.com\\\/actualidad\\\/pamplona-celebra-el-dia-mundial-de-la-poesia-con-recitales-teatro-y-encuentros-con-poetas\\\/\"},\"wordCount\":754,\"commentCount\":0,\"publisher\":{\"@id\":\"https:\\\/\\\/www.laguiadepamplona.com\\\/actualidad\\\/#organization\"},\"image\":{\"@id\":\"https:\\\/\\\/www.laguiadepamplona.com\\\/actualidad\\\/pamplona-celebra-el-dia-mundial-de-la-poesia-con-recitales-teatro-y-encuentros-con-poetas\\\/#primaryimage\"},\"thumbnailUrl\":\"https:\\\/\\\/www.laguiadepamplona.com\\\/actualidad\\\/wp-content\\\/uploads\\\/2022\\\/03\\\/poesia-libro-flores-web.jpg\",\"articleSection\":[\"Ayto Pamplona\"],\"inLanguage\":\"es\",\"potentialAction\":[{\"@type\":\"CommentAction\",\"name\":\"Comment\",\"target\":[\"https:\\\/\\\/www.laguiadepamplona.com\\\/actualidad\\\/pamplona-celebra-el-dia-mundial-de-la-poesia-con-recitales-teatro-y-encuentros-con-poetas\\\/#respond\"]}]},{\"@type\":\"WebPage\",\"@id\":\"https:\\\/\\\/www.laguiadepamplona.com\\\/actualidad\\\/pamplona-celebra-el-dia-mundial-de-la-poesia-con-recitales-teatro-y-encuentros-con-poetas\\\/\",\"url\":\"https:\\\/\\\/www.laguiadepamplona.com\\\/actualidad\\\/pamplona-celebra-el-dia-mundial-de-la-poesia-con-recitales-teatro-y-encuentros-con-poetas\\\/\",\"name\":\"Pamplona celebra el D\u00eda Mundial de la Poes\u00eda con recitales, teatro y encuentros con poetas\",\"isPartOf\":{\"@id\":\"https:\\\/\\\/www.laguiadepamplona.com\\\/actualidad\\\/#website\"},\"primaryImageOfPage\":{\"@id\":\"https:\\\/\\\/www.laguiadepamplona.com\\\/actualidad\\\/pamplona-celebra-el-dia-mundial-de-la-poesia-con-recitales-teatro-y-encuentros-con-poetas\\\/#primaryimage\"},\"image\":{\"@id\":\"https:\\\/\\\/www.laguiadepamplona.com\\\/actualidad\\\/pamplona-celebra-el-dia-mundial-de-la-poesia-con-recitales-teatro-y-encuentros-con-poetas\\\/#primaryimage\"},\"thumbnailUrl\":\"https:\\\/\\\/www.laguiadepamplona.com\\\/actualidad\\\/wp-content\\\/uploads\\\/2022\\\/03\\\/poesia-libro-flores-web.jpg\",\"datePublished\":\"2022-03-17T11:38:08+00:00\",\"dateModified\":\"2023-04-11T09:48:24+00:00\",\"description\":\"Las actividades, programadas en Civivox Condestable y Civivox Iturrama, comenzar\u00e1n ma\u00f1ana y se prolongar\u00e1n hasta el mi\u00e9rcoles\",\"breadcrumb\":{\"@id\":\"https:\\\/\\\/www.laguiadepamplona.com\\\/actualidad\\\/pamplona-celebra-el-dia-mundial-de-la-poesia-con-recitales-teatro-y-encuentros-con-poetas\\\/#breadcrumb\"},\"inLanguage\":\"es\",\"potentialAction\":[{\"@type\":\"ReadAction\",\"target\":[\"https:\\\/\\\/www.laguiadepamplona.com\\\/actualidad\\\/pamplona-celebra-el-dia-mundial-de-la-poesia-con-recitales-teatro-y-encuentros-con-poetas\\\/\"]}]},{\"@type\":\"ImageObject\",\"inLanguage\":\"es\",\"@id\":\"https:\\\/\\\/www.laguiadepamplona.com\\\/actualidad\\\/pamplona-celebra-el-dia-mundial-de-la-poesia-con-recitales-teatro-y-encuentros-con-poetas\\\/#primaryimage\",\"url\":\"https:\\\/\\\/www.laguiadepamplona.com\\\/actualidad\\\/wp-content\\\/uploads\\\/2022\\\/03\\\/poesia-libro-flores-web.jpg\",\"contentUrl\":\"https:\\\/\\\/www.laguiadepamplona.com\\\/actualidad\\\/wp-content\\\/uploads\\\/2022\\\/03\\\/poesia-libro-flores-web.jpg\",\"width\":1726,\"height\":1150,\"caption\":\"poes\u00eda libro flores\"},{\"@type\":\"BreadcrumbList\",\"@id\":\"https:\\\/\\\/www.laguiadepamplona.com\\\/actualidad\\\/pamplona-celebra-el-dia-mundial-de-la-poesia-con-recitales-teatro-y-encuentros-con-poetas\\\/#breadcrumb\",\"itemListElement\":[{\"@type\":\"ListItem\",\"position\":1,\"name\":\"Portada\",\"item\":\"https:\\\/\\\/www.laguiadepamplona.com\\\/actualidad\\\/\"},{\"@type\":\"ListItem\",\"position\":2,\"name\":\"Pamplona celebra el D\u00eda Mundial de la Poes\u00eda con recitales, teatro y encuentros con poetas\"}]},{\"@type\":\"WebSite\",\"@id\":\"https:\\\/\\\/www.laguiadepamplona.com\\\/actualidad\\\/#website\",\"url\":\"https:\\\/\\\/www.laguiadepamplona.com\\\/actualidad\\\/\",\"name\":\"La gu\u00eda de Pamplona\",\"description\":\"Noticias de Pamplona\",\"publisher\":{\"@id\":\"https:\\\/\\\/www.laguiadepamplona.com\\\/actualidad\\\/#organization\"},\"potentialAction\":[{\"@type\":\"SearchAction\",\"target\":{\"@type\":\"EntryPoint\",\"urlTemplate\":\"https:\\\/\\\/www.laguiadepamplona.com\\\/actualidad\\\/?s={search_term_string}\"},\"query-input\":{\"@type\":\"PropertyValueSpecification\",\"valueRequired\":true,\"valueName\":\"search_term_string\"}}],\"inLanguage\":\"es\"},{\"@type\":\"Organization\",\"@id\":\"https:\\\/\\\/www.laguiadepamplona.com\\\/actualidad\\\/#organization\",\"name\":\"La Gu\u00eda de Pamplona \\\/ Noticias\",\"url\":\"https:\\\/\\\/www.laguiadepamplona.com\\\/actualidad\\\/\",\"logo\":{\"@type\":\"ImageObject\",\"inLanguage\":\"es\",\"@id\":\"https:\\\/\\\/www.laguiadepamplona.com\\\/actualidad\\\/#\\\/schema\\\/logo\\\/image\\\/\",\"url\":\"https:\\\/\\\/www.laguiadepamplona.com\\\/actualidad\\\/wp-content\\\/uploads\\\/2018\\\/11\\\/logo-laguiadepamplona18-web1.png\",\"contentUrl\":\"https:\\\/\\\/www.laguiadepamplona.com\\\/actualidad\\\/wp-content\\\/uploads\\\/2018\\\/11\\\/logo-laguiadepamplona18-web1.png\",\"width\":600,\"height\":196,\"caption\":\"La Gu\u00eda de Pamplona \\\/ Noticias\"},\"image\":{\"@id\":\"https:\\\/\\\/www.laguiadepamplona.com\\\/actualidad\\\/#\\\/schema\\\/logo\\\/image\\\/\"},\"sameAs\":[\"https:\\\/\\\/www.facebook.com\\\/laguiadepamplonacom-133175176762273\\\/?ref=hl\",\"https:\\\/\\\/x.com\\\/LaGuiadPamplona\",\"https:\\\/\\\/www.instagram.com\\\/la_guia_de_pamplona\\\/\",\"https:\\\/\\\/www.youtube.com\\\/user\\\/laguiadepamplona\"]},{\"@type\":\"Person\",\"@id\":\"https:\\\/\\\/www.laguiadepamplona.com\\\/actualidad\\\/#\\\/schema\\\/person\\\/efe887376f0213d4657c93adc50b1fdb\",\"name\":\"La Gu\u00eda de Pamplona\",\"image\":{\"@type\":\"ImageObject\",\"inLanguage\":\"es\",\"@id\":\"https:\\\/\\\/secure.gravatar.com\\\/avatar\\\/b6992f131dc8d30ab0dff15446e9d346d9dbd95992de0fef795073f5ea83a81c?s=96&d=mm&r=g\",\"url\":\"https:\\\/\\\/secure.gravatar.com\\\/avatar\\\/b6992f131dc8d30ab0dff15446e9d346d9dbd95992de0fef795073f5ea83a81c?s=96&d=mm&r=g\",\"contentUrl\":\"https:\\\/\\\/secure.gravatar.com\\\/avatar\\\/b6992f131dc8d30ab0dff15446e9d346d9dbd95992de0fef795073f5ea83a81c?s=96&d=mm&r=g\",\"caption\":\"La Gu\u00eda de Pamplona\"}}]}<\/script>\n<!-- \/ Yoast SEO plugin. -->","yoast_head_json":{"title":"Pamplona celebra el D\u00eda Mundial de la Poes\u00eda con recitales, teatro y encuentros con poetas","description":"Las actividades, programadas en Civivox Condestable y Civivox Iturrama, comenzar\u00e1n ma\u00f1ana y se prolongar\u00e1n hasta el mi\u00e9rcoles","robots":{"index":"index","follow":"follow","max-snippet":"max-snippet:-1","max-image-preview":"max-image-preview:large","max-video-preview":"max-video-preview:-1"},"canonical":"https:\/\/www.laguiadepamplona.com\/actualidad\/pamplona-celebra-el-dia-mundial-de-la-poesia-con-recitales-teatro-y-encuentros-con-poetas\/","og_locale":"es_ES","og_type":"article","og_title":"Pamplona celebra el D\u00eda Mundial de la Poes\u00eda con recitales, teatro y encuentros con poetas","og_description":"Las actividades, programadas en Civivox Condestable y Civivox Iturrama, comenzar\u00e1n ma\u00f1ana y se prolongar\u00e1n hasta el mi\u00e9rcoles","og_url":"https:\/\/www.laguiadepamplona.com\/actualidad\/pamplona-celebra-el-dia-mundial-de-la-poesia-con-recitales-teatro-y-encuentros-con-poetas\/","og_site_name":"La Gu\u00eda de Pamplona","article_publisher":"https:\/\/www.facebook.com\/laguiadepamplonacom-133175176762273\/?ref=hl","article_published_time":"2022-03-17T11:38:08+00:00","article_modified_time":"2023-04-11T09:48:24+00:00","og_image":[{"width":1726,"height":1150,"url":"https:\/\/www.laguiadepamplona.com\/actualidad\/wp-content\/uploads\/2022\/03\/poesia-libro-flores-web.jpg","type":"image\/jpeg"}],"author":"La Gu\u00eda de Pamplona","twitter_card":"summary_large_image","twitter_creator":"@LaGuiadPamplona","twitter_site":"@LaGuiadPamplona","twitter_misc":{"Escrito por":"La Gu\u00eda de Pamplona","Tiempo de lectura":"4 minutos"},"schema":{"@context":"https:\/\/schema.org","@graph":[{"@type":"Article","@id":"https:\/\/www.laguiadepamplona.com\/actualidad\/pamplona-celebra-el-dia-mundial-de-la-poesia-con-recitales-teatro-y-encuentros-con-poetas\/#article","isPartOf":{"@id":"https:\/\/www.laguiadepamplona.com\/actualidad\/pamplona-celebra-el-dia-mundial-de-la-poesia-con-recitales-teatro-y-encuentros-con-poetas\/"},"author":{"name":"La Gu\u00eda de Pamplona","@id":"https:\/\/www.laguiadepamplona.com\/actualidad\/#\/schema\/person\/efe887376f0213d4657c93adc50b1fdb"},"headline":"Pamplona celebra el D\u00eda Mundial de la Poes\u00eda con recitales, teatro y encuentros con poetas","datePublished":"2022-03-17T11:38:08+00:00","dateModified":"2023-04-11T09:48:24+00:00","mainEntityOfPage":{"@id":"https:\/\/www.laguiadepamplona.com\/actualidad\/pamplona-celebra-el-dia-mundial-de-la-poesia-con-recitales-teatro-y-encuentros-con-poetas\/"},"wordCount":754,"commentCount":0,"publisher":{"@id":"https:\/\/www.laguiadepamplona.com\/actualidad\/#organization"},"image":{"@id":"https:\/\/www.laguiadepamplona.com\/actualidad\/pamplona-celebra-el-dia-mundial-de-la-poesia-con-recitales-teatro-y-encuentros-con-poetas\/#primaryimage"},"thumbnailUrl":"https:\/\/www.laguiadepamplona.com\/actualidad\/wp-content\/uploads\/2022\/03\/poesia-libro-flores-web.jpg","articleSection":["Ayto Pamplona"],"inLanguage":"es","potentialAction":[{"@type":"CommentAction","name":"Comment","target":["https:\/\/www.laguiadepamplona.com\/actualidad\/pamplona-celebra-el-dia-mundial-de-la-poesia-con-recitales-teatro-y-encuentros-con-poetas\/#respond"]}]},{"@type":"WebPage","@id":"https:\/\/www.laguiadepamplona.com\/actualidad\/pamplona-celebra-el-dia-mundial-de-la-poesia-con-recitales-teatro-y-encuentros-con-poetas\/","url":"https:\/\/www.laguiadepamplona.com\/actualidad\/pamplona-celebra-el-dia-mundial-de-la-poesia-con-recitales-teatro-y-encuentros-con-poetas\/","name":"Pamplona celebra el D\u00eda Mundial de la Poes\u00eda con recitales, teatro y encuentros con poetas","isPartOf":{"@id":"https:\/\/www.laguiadepamplona.com\/actualidad\/#website"},"primaryImageOfPage":{"@id":"https:\/\/www.laguiadepamplona.com\/actualidad\/pamplona-celebra-el-dia-mundial-de-la-poesia-con-recitales-teatro-y-encuentros-con-poetas\/#primaryimage"},"image":{"@id":"https:\/\/www.laguiadepamplona.com\/actualidad\/pamplona-celebra-el-dia-mundial-de-la-poesia-con-recitales-teatro-y-encuentros-con-poetas\/#primaryimage"},"thumbnailUrl":"https:\/\/www.laguiadepamplona.com\/actualidad\/wp-content\/uploads\/2022\/03\/poesia-libro-flores-web.jpg","datePublished":"2022-03-17T11:38:08+00:00","dateModified":"2023-04-11T09:48:24+00:00","description":"Las actividades, programadas en Civivox Condestable y Civivox Iturrama, comenzar\u00e1n ma\u00f1ana y se prolongar\u00e1n hasta el mi\u00e9rcoles","breadcrumb":{"@id":"https:\/\/www.laguiadepamplona.com\/actualidad\/pamplona-celebra-el-dia-mundial-de-la-poesia-con-recitales-teatro-y-encuentros-con-poetas\/#breadcrumb"},"inLanguage":"es","potentialAction":[{"@type":"ReadAction","target":["https:\/\/www.laguiadepamplona.com\/actualidad\/pamplona-celebra-el-dia-mundial-de-la-poesia-con-recitales-teatro-y-encuentros-con-poetas\/"]}]},{"@type":"ImageObject","inLanguage":"es","@id":"https:\/\/www.laguiadepamplona.com\/actualidad\/pamplona-celebra-el-dia-mundial-de-la-poesia-con-recitales-teatro-y-encuentros-con-poetas\/#primaryimage","url":"https:\/\/www.laguiadepamplona.com\/actualidad\/wp-content\/uploads\/2022\/03\/poesia-libro-flores-web.jpg","contentUrl":"https:\/\/www.laguiadepamplona.com\/actualidad\/wp-content\/uploads\/2022\/03\/poesia-libro-flores-web.jpg","width":1726,"height":1150,"caption":"poes\u00eda libro flores"},{"@type":"BreadcrumbList","@id":"https:\/\/www.laguiadepamplona.com\/actualidad\/pamplona-celebra-el-dia-mundial-de-la-poesia-con-recitales-teatro-y-encuentros-con-poetas\/#breadcrumb","itemListElement":[{"@type":"ListItem","position":1,"name":"Portada","item":"https:\/\/www.laguiadepamplona.com\/actualidad\/"},{"@type":"ListItem","position":2,"name":"Pamplona celebra el D\u00eda Mundial de la Poes\u00eda con recitales, teatro y encuentros con poetas"}]},{"@type":"WebSite","@id":"https:\/\/www.laguiadepamplona.com\/actualidad\/#website","url":"https:\/\/www.laguiadepamplona.com\/actualidad\/","name":"La gu\u00eda de Pamplona","description":"Noticias de Pamplona","publisher":{"@id":"https:\/\/www.laguiadepamplona.com\/actualidad\/#organization"},"potentialAction":[{"@type":"SearchAction","target":{"@type":"EntryPoint","urlTemplate":"https:\/\/www.laguiadepamplona.com\/actualidad\/?s={search_term_string}"},"query-input":{"@type":"PropertyValueSpecification","valueRequired":true,"valueName":"search_term_string"}}],"inLanguage":"es"},{"@type":"Organization","@id":"https:\/\/www.laguiadepamplona.com\/actualidad\/#organization","name":"La Gu\u00eda de Pamplona \/ Noticias","url":"https:\/\/www.laguiadepamplona.com\/actualidad\/","logo":{"@type":"ImageObject","inLanguage":"es","@id":"https:\/\/www.laguiadepamplona.com\/actualidad\/#\/schema\/logo\/image\/","url":"https:\/\/www.laguiadepamplona.com\/actualidad\/wp-content\/uploads\/2018\/11\/logo-laguiadepamplona18-web1.png","contentUrl":"https:\/\/www.laguiadepamplona.com\/actualidad\/wp-content\/uploads\/2018\/11\/logo-laguiadepamplona18-web1.png","width":600,"height":196,"caption":"La Gu\u00eda de Pamplona \/ Noticias"},"image":{"@id":"https:\/\/www.laguiadepamplona.com\/actualidad\/#\/schema\/logo\/image\/"},"sameAs":["https:\/\/www.facebook.com\/laguiadepamplonacom-133175176762273\/?ref=hl","https:\/\/x.com\/LaGuiadPamplona","https:\/\/www.instagram.com\/la_guia_de_pamplona\/","https:\/\/www.youtube.com\/user\/laguiadepamplona"]},{"@type":"Person","@id":"https:\/\/www.laguiadepamplona.com\/actualidad\/#\/schema\/person\/efe887376f0213d4657c93adc50b1fdb","name":"La Gu\u00eda de Pamplona","image":{"@type":"ImageObject","inLanguage":"es","@id":"https:\/\/secure.gravatar.com\/avatar\/b6992f131dc8d30ab0dff15446e9d346d9dbd95992de0fef795073f5ea83a81c?s=96&d=mm&r=g","url":"https:\/\/secure.gravatar.com\/avatar\/b6992f131dc8d30ab0dff15446e9d346d9dbd95992de0fef795073f5ea83a81c?s=96&d=mm&r=g","contentUrl":"https:\/\/secure.gravatar.com\/avatar\/b6992f131dc8d30ab0dff15446e9d346d9dbd95992de0fef795073f5ea83a81c?s=96&d=mm&r=g","caption":"La Gu\u00eda de Pamplona"}}]}},"post_mailing_queue_ids":[],"_links":{"self":[{"href":"https:\/\/www.laguiadepamplona.com\/actualidad\/wp-json\/wp\/v2\/posts\/39437","targetHints":{"allow":["GET"]}}],"collection":[{"href":"https:\/\/www.laguiadepamplona.com\/actualidad\/wp-json\/wp\/v2\/posts"}],"about":[{"href":"https:\/\/www.laguiadepamplona.com\/actualidad\/wp-json\/wp\/v2\/types\/post"}],"author":[{"embeddable":true,"href":"https:\/\/www.laguiadepamplona.com\/actualidad\/wp-json\/wp\/v2\/users\/1"}],"replies":[{"embeddable":true,"href":"https:\/\/www.laguiadepamplona.com\/actualidad\/wp-json\/wp\/v2\/comments?post=39437"}],"version-history":[{"count":0,"href":"https:\/\/www.laguiadepamplona.com\/actualidad\/wp-json\/wp\/v2\/posts\/39437\/revisions"}],"wp:featuredmedia":[{"embeddable":true,"href":"https:\/\/www.laguiadepamplona.com\/actualidad\/wp-json\/wp\/v2\/media\/39268"}],"wp:attachment":[{"href":"https:\/\/www.laguiadepamplona.com\/actualidad\/wp-json\/wp\/v2\/media?parent=39437"}],"wp:term":[{"taxonomy":"category","embeddable":true,"href":"https:\/\/www.laguiadepamplona.com\/actualidad\/wp-json\/wp\/v2\/categories?post=39437"},{"taxonomy":"post_tag","embeddable":true,"href":"https:\/\/www.laguiadepamplona.com\/actualidad\/wp-json\/wp\/v2\/tags?post=39437"}],"curies":[{"name":"wp","href":"https:\/\/api.w.org\/{rel}","templated":true}]}}