{"id":39433,"date":"2022-03-16T17:08:05","date_gmt":"2022-03-16T15:08:05","guid":{"rendered":"https:\/\/www.laguiadepamplona.com\/actualidad\/?p=39433"},"modified":"2023-04-11T11:48:24","modified_gmt":"2023-04-11T09:48:24","slug":"la-ciudad-rinde-homenaje-al-guitarrista-gitano-sabicas-con-la-inauguracion-de-un-grupo-escultorico-en-el-dia-que-agustin-castellon-campos-hubiera-cumplido-110-anos","status":"publish","type":"post","link":"https:\/\/www.laguiadepamplona.com\/actualidad\/la-ciudad-rinde-homenaje-al-guitarrista-gitano-sabicas-con-la-inauguracion-de-un-grupo-escultorico-en-el-dia-que-agustin-castellon-campos-hubiera-cumplido-110-anos\/","title":{"rendered":"La ciudad rinde homenaje al guitarrista gitano Sabicas con la inauguraci\u00f3n de un grupo escult\u00f3rico en el d\u00eda que Agust\u00edn Castell\u00f3n Campos hubiera cumplido 110 a\u00f1os"},"content":{"rendered":"<h5>La obra, en un lugar emblem\u00e1tico de Pamplona, quiere ser tambi\u00e9n un recordatorio del valor la cultura del pueblo gitano<\/h5>\n<p><!--more--><\/p>\n<p><a href=\"https:\/\/www.laguiadepamplona.com\/actualidad\/wp-content\/uploads\/2022\/03\/escultura-monumental-sabicas.jpg\"><img loading=\"lazy\" decoding=\"async\" class=\"alignleft size-medium wp-image-39435\" src=\"https:\/\/www.laguiadepamplona.com\/actualidad\/wp-content\/uploads\/2022\/03\/escultura-monumental-sabicas-450x300.jpg\" alt=\"\" width=\"450\" height=\"300\" srcset=\"https:\/\/www.laguiadepamplona.com\/actualidad\/wp-content\/uploads\/2022\/03\/escultura-monumental-sabicas-450x300.jpg 450w, https:\/\/www.laguiadepamplona.com\/actualidad\/wp-content\/uploads\/2022\/03\/escultura-monumental-sabicas-1022x682.jpg 1022w, https:\/\/www.laguiadepamplona.com\/actualidad\/wp-content\/uploads\/2022\/03\/escultura-monumental-sabicas-768x512.jpg 768w, https:\/\/www.laguiadepamplona.com\/actualidad\/wp-content\/uploads\/2022\/03\/escultura-monumental-sabicas-1536x1025.jpg 1536w, https:\/\/www.laguiadepamplona.com\/actualidad\/wp-content\/uploads\/2022\/03\/escultura-monumental-sabicas-640x427.jpg 640w, https:\/\/www.laguiadepamplona.com\/actualidad\/wp-content\/uploads\/2022\/03\/escultura-monumental-sabicas.jpg 1920w\" sizes=\"auto, (max-width: 450px) 100vw, 450px\" \/><\/a>Esta ma\u00f1ana, en el que hubiera sido su 110 cumplea\u00f1os, se ha inaugurado la escultura monumental dedicada a al guitarrista pamplon\u00e9s de etnia gitana \u2018Sabicas\u2019, que desde hace unos d\u00edas se puede ver en una rotonda de entrada a la avenida de Zaragoza. El alcalde de Pamplona, Enrique Maya, junto con otros miembros de la Corporaci\u00f3n Municipal, el autor de la escultura, Carlos Ciriza y Ricardo Hern\u00e1ndez, coordinador de la Federaci\u00f3n de Asociaciones Gitanas de Navarra &#8211; Gaz Kal\u00f3, se han acercado hasta all\u00ed. En el acto han participado, adem\u00e1s representantes de diferentes asociaciones gitanas y de colectivos con los que estas suelen trabajar.<\/p>\n<p>La escultura es un homenaje del municipio a Agust\u00edn Castell\u00f3n Campos \u201cSabicas\u201d, maestro de la guitarra e impulsor e internacionalizador del flamenco. Sabicas produjo una amplia discograf\u00eda que respalda la importancia de su trayectoria art\u00edstica y de su trabajo de fusi\u00f3n del flamenco con otras corrientes musicales. Pero la obra escult\u00f3rica es tambi\u00e9n un recordatorio del valor la cultura del pueblo gitano y su entronque en la ciudad de Pamplona, y quiere ser una llamada de atenci\u00f3n sobre una cultura que ha resultado marginada, vulnerada y rechazada a lo largo de buena parte de la historia Esta intervenci\u00f3n art\u00edstica se enmarca tambi\u00e9n en el objetivo de poner en valor la diversidad cultural y mejorar la convivencia entre las culturas presentes en la ciudad.<br \/>\n<script async src=\"\/\/pagead2.googlesyndication.com\/pagead\/js\/adsbygoogle.js\"><\/script><br \/>\n<!-- Noticias La Guia de Pamplona --><br \/>\n<ins class=\"adsbygoogle\"\nstyle=\"display:block\"\ndata-ad-client=\"ca-pub-6943679897239327\"\ndata-ad-slot=\"7048180777\"\ndata-ad-format=\"auto\"><\/ins><br \/>\n<script>\n(adsbygoogle = window.adsbygoogle || []).push({});\n<\/script><\/p>\n<p>El conjunto monumental representa una guitarra deconstruida en tres grandes piezas de acero cort\u00e9n, con una altura m\u00e1xima de 8 metros y una anchura m\u00e1xima de 9 metros. Las piezas est\u00e1n ancladas desde una base de hormig\u00f3n y una de las virtualidades del proyecto es que los vol\u00famenes de perciben de forma diferente desde los cuatro sentidos de tr\u00e1fico que gestiona la rotonda. Carlos Ciriza, su autor, es un artista consagrado que ha realizado alrededor de 130 obras escult\u00f3ricas de gran formato para el espacio p\u00fablico a lo largo de todo el mundo. Esta obra pasar\u00e1 a formar parte del Patrimonio Cultural y Art\u00edstico de la ciudad.<\/p>\n<p>En el acto ha tenido lugar la actuaci\u00f3n musical de Bruno Jim\u00e9nez Jim\u00e9nez que ha interpretado la farruca \u201cTac\u00f3n y punta\u201d de Sabicas un joven guitarrista sang\u00fcesino autodidacta de 21 a\u00f1os.<\/p>\n<p>Este nuevo homenaje al guitarrista, nacido en la Ma\u00f1ueta en 1912, que falleci\u00f3 en Nueva York en 1990, se suma a la placa conmemorativa de su calle, la plaza dedicada a su recuerdo en Txantrea (detr\u00e1s de Alemanes) y en la creaci\u00f3n en el a\u00f1o 2014 del Centro Cultural Flamenco La Casa de Sabicas (calle Carmen, 20) que se encarga de conservar y difundir su legado, adem\u00e1s de promover actividades art\u00edsticas y did\u00e1cticas relacionadas con el flamenco y con otras expresiones culturales.<br \/>\n<script async src=\"\/\/pagead2.googlesyndication.com\/pagead\/js\/adsbygoogle.js\"><\/script><br \/>\n<!-- Noticias La Guia de Pamplona --><br \/>\n<ins class=\"adsbygoogle\"\nstyle=\"display:block\"\ndata-ad-client=\"ca-pub-6943679897239327\"\ndata-ad-slot=\"7048180777\"\ndata-ad-format=\"auto\"><\/ins><br \/>\n<script>\n(adsbygoogle = window.adsbygoogle || []).push({});\n<\/script><\/p>\n<p><strong>Una web tem\u00e1tica y redise\u00f1ada<\/strong><\/p>\n<p>Esta obra se integrar\u00e1 en el repositorio digital el Ayuntamiento de Pamplona que alberga las obras escult\u00f3ricas en el espacio p\u00fablico: la web de escultura urbana de Pamplona, un desarrollo que muestra las esculturas situadas en la ciudad, y que recientemente ha sido redise\u00f1ada.<\/p>\n<p>El nuevo sitio web de esculturas se puede consultar directamente a trav\u00e9s de <a href=\"https:\/\/esculturas.pamplona.es\/\" target=\"_blank\" rel=\"noopener\">https:\/\/esculturas.pamplona.es\/<\/a> o a trav\u00e9s de un enlace situado en la <a href=\"http:\/\/www.pamplonaescultura.es\/\">web de Cultura<\/a> y aporta un dise\u00f1o innovador, en el mismo entorno gr\u00e1fico y paleta de colores que el resto de espacios web del \u00e1rea. Este dise\u00f1o se ha centrado sobre todo en el concepto visual de las obras urbanas y se ha desarrollado en modo \u201cresponsive\u201d, de forma que permite la navegaci\u00f3n con cualquier dispositivo con pantalla, tanto m\u00f3vil, como est\u00e1tico.<\/p>\n<p>La web permite realizar un recorrido que se plantea como una mirada al patrimonio escult\u00f3rico-art\u00edstico municipal distribuido en 18 zonas de Pamplona. En conjunto se puede apreciar la variedad de tendencias art\u00edsticas, materiales y t\u00e9cnicas de las esculturas ubicadas en parques plazas y jardines. Adem\u00e1s, cada una de las zonas plantea peque\u00f1os recorridos para el visitante que se reflejan en los mapas anexos a cada espacio. Esta web permite, adem\u00e1s, descubrir e identificar las obras de cada uno de los escultores y conocer su trayectoria art\u00edstica a trav\u00e9s de estas piezas monumentales. La navegaci\u00f3n por este sitio puede realizarse tanto en castellano como en euskera, y en estos momentos se est\u00e1 adaptando ya al ingl\u00e9s.<\/p>\n","protected":false},"excerpt":{"rendered":"<p>La obra, en un lugar emblem\u00e1tico de Pamplona, quiere ser tambi\u00e9n un recordatorio del valor la cultura del pueblo gitano<\/p>\n","protected":false},"author":1,"featured_media":39434,"comment_status":"open","ping_status":"closed","sticky":false,"template":"","format":"standard","meta":{"footnotes":""},"categories":[2],"tags":[],"class_list":["post-39433","post","type-post","status-publish","format-standard","has-post-thumbnail","hentry","category-ayuntamiento-pamplona"],"yoast_head":"<!-- This site is optimized with the Yoast SEO plugin v27.3 - https:\/\/yoast.com\/product\/yoast-seo-wordpress\/ -->\n<title>La ciudad rinde homenaje al guitarrista gitano Sabicas con la inauguraci\u00f3n de un grupo escult\u00f3rico en el d\u00eda que Agust\u00edn Castell\u00f3n Campos hubiera cumplido 110 a\u00f1os<\/title>\n<meta name=\"description\" content=\"La obra, en un lugar emblem\u00e1tico de Pamplona, quiere ser tambi\u00e9n un recordatorio del valor la cultura del pueblo gitano\" \/>\n<meta name=\"robots\" content=\"index, follow, max-snippet:-1, max-image-preview:large, max-video-preview:-1\" \/>\n<link rel=\"canonical\" href=\"https:\/\/www.laguiadepamplona.com\/actualidad\/la-ciudad-rinde-homenaje-al-guitarrista-gitano-sabicas-con-la-inauguracion-de-un-grupo-escultorico-en-el-dia-que-agustin-castellon-campos-hubiera-cumplido-110-anos\/\" \/>\n<meta property=\"og:locale\" content=\"es_ES\" \/>\n<meta property=\"og:type\" content=\"article\" \/>\n<meta property=\"og:title\" content=\"La ciudad rinde homenaje al guitarrista gitano Sabicas con la inauguraci\u00f3n de un grupo escult\u00f3rico en el d\u00eda que Agust\u00edn Castell\u00f3n Campos hubiera cumplido 110 a\u00f1os\" \/>\n<meta property=\"og:description\" content=\"La obra, en un lugar emblem\u00e1tico de Pamplona, quiere ser tambi\u00e9n un recordatorio del valor la cultura del pueblo gitano\" \/>\n<meta property=\"og:url\" content=\"https:\/\/www.laguiadepamplona.com\/actualidad\/la-ciudad-rinde-homenaje-al-guitarrista-gitano-sabicas-con-la-inauguracion-de-un-grupo-escultorico-en-el-dia-que-agustin-castellon-campos-hubiera-cumplido-110-anos\/\" \/>\n<meta property=\"og:site_name\" content=\"La Gu\u00eda de Pamplona\" \/>\n<meta property=\"article:publisher\" content=\"https:\/\/www.facebook.com\/laguiadepamplonacom-133175176762273\/?ref=hl\" \/>\n<meta property=\"article:published_time\" content=\"2022-03-16T15:08:05+00:00\" \/>\n<meta property=\"article:modified_time\" content=\"2023-04-11T09:48:24+00:00\" \/>\n<meta property=\"og:image\" content=\"https:\/\/www.laguiadepamplona.com\/actualidad\/wp-content\/uploads\/2022\/03\/inauguracion-escultura-sabicas.jpg\" \/>\n\t<meta property=\"og:image:width\" content=\"1920\" \/>\n\t<meta property=\"og:image:height\" content=\"1281\" \/>\n\t<meta property=\"og:image:type\" content=\"image\/jpeg\" \/>\n<meta name=\"author\" content=\"La Gu\u00eda de Pamplona\" \/>\n<meta name=\"twitter:card\" content=\"summary_large_image\" \/>\n<meta name=\"twitter:creator\" content=\"@LaGuiadPamplona\" \/>\n<meta name=\"twitter:site\" content=\"@LaGuiadPamplona\" \/>\n<meta name=\"twitter:label1\" content=\"Escrito por\" \/>\n\t<meta name=\"twitter:data1\" content=\"La Gu\u00eda de Pamplona\" \/>\n\t<meta name=\"twitter:label2\" content=\"Tiempo de lectura\" \/>\n\t<meta name=\"twitter:data2\" content=\"4 minutos\" \/>\n<script type=\"application\/ld+json\" class=\"yoast-schema-graph\">{\"@context\":\"https:\\\/\\\/schema.org\",\"@graph\":[{\"@type\":\"Article\",\"@id\":\"https:\\\/\\\/www.laguiadepamplona.com\\\/actualidad\\\/la-ciudad-rinde-homenaje-al-guitarrista-gitano-sabicas-con-la-inauguracion-de-un-grupo-escultorico-en-el-dia-que-agustin-castellon-campos-hubiera-cumplido-110-anos\\\/#article\",\"isPartOf\":{\"@id\":\"https:\\\/\\\/www.laguiadepamplona.com\\\/actualidad\\\/la-ciudad-rinde-homenaje-al-guitarrista-gitano-sabicas-con-la-inauguracion-de-un-grupo-escultorico-en-el-dia-que-agustin-castellon-campos-hubiera-cumplido-110-anos\\\/\"},\"author\":{\"name\":\"La Gu\u00eda de Pamplona\",\"@id\":\"https:\\\/\\\/www.laguiadepamplona.com\\\/actualidad\\\/#\\\/schema\\\/person\\\/efe887376f0213d4657c93adc50b1fdb\"},\"headline\":\"La ciudad rinde homenaje al guitarrista gitano Sabicas con la inauguraci\u00f3n de un grupo escult\u00f3rico en el d\u00eda que Agust\u00edn Castell\u00f3n Campos hubiera cumplido 110 a\u00f1os\",\"datePublished\":\"2022-03-16T15:08:05+00:00\",\"dateModified\":\"2023-04-11T09:48:24+00:00\",\"mainEntityOfPage\":{\"@id\":\"https:\\\/\\\/www.laguiadepamplona.com\\\/actualidad\\\/la-ciudad-rinde-homenaje-al-guitarrista-gitano-sabicas-con-la-inauguracion-de-un-grupo-escultorico-en-el-dia-que-agustin-castellon-campos-hubiera-cumplido-110-anos\\\/\"},\"wordCount\":808,\"commentCount\":0,\"publisher\":{\"@id\":\"https:\\\/\\\/www.laguiadepamplona.com\\\/actualidad\\\/#organization\"},\"image\":{\"@id\":\"https:\\\/\\\/www.laguiadepamplona.com\\\/actualidad\\\/la-ciudad-rinde-homenaje-al-guitarrista-gitano-sabicas-con-la-inauguracion-de-un-grupo-escultorico-en-el-dia-que-agustin-castellon-campos-hubiera-cumplido-110-anos\\\/#primaryimage\"},\"thumbnailUrl\":\"https:\\\/\\\/www.laguiadepamplona.com\\\/actualidad\\\/wp-content\\\/uploads\\\/2022\\\/03\\\/inauguracion-escultura-sabicas.jpg\",\"articleSection\":[\"Ayto Pamplona\"],\"inLanguage\":\"es\",\"potentialAction\":[{\"@type\":\"CommentAction\",\"name\":\"Comment\",\"target\":[\"https:\\\/\\\/www.laguiadepamplona.com\\\/actualidad\\\/la-ciudad-rinde-homenaje-al-guitarrista-gitano-sabicas-con-la-inauguracion-de-un-grupo-escultorico-en-el-dia-que-agustin-castellon-campos-hubiera-cumplido-110-anos\\\/#respond\"]}]},{\"@type\":\"WebPage\",\"@id\":\"https:\\\/\\\/www.laguiadepamplona.com\\\/actualidad\\\/la-ciudad-rinde-homenaje-al-guitarrista-gitano-sabicas-con-la-inauguracion-de-un-grupo-escultorico-en-el-dia-que-agustin-castellon-campos-hubiera-cumplido-110-anos\\\/\",\"url\":\"https:\\\/\\\/www.laguiadepamplona.com\\\/actualidad\\\/la-ciudad-rinde-homenaje-al-guitarrista-gitano-sabicas-con-la-inauguracion-de-un-grupo-escultorico-en-el-dia-que-agustin-castellon-campos-hubiera-cumplido-110-anos\\\/\",\"name\":\"La ciudad rinde homenaje al guitarrista gitano Sabicas con la inauguraci\u00f3n de un grupo escult\u00f3rico en el d\u00eda que Agust\u00edn Castell\u00f3n Campos hubiera cumplido 110 a\u00f1os\",\"isPartOf\":{\"@id\":\"https:\\\/\\\/www.laguiadepamplona.com\\\/actualidad\\\/#website\"},\"primaryImageOfPage\":{\"@id\":\"https:\\\/\\\/www.laguiadepamplona.com\\\/actualidad\\\/la-ciudad-rinde-homenaje-al-guitarrista-gitano-sabicas-con-la-inauguracion-de-un-grupo-escultorico-en-el-dia-que-agustin-castellon-campos-hubiera-cumplido-110-anos\\\/#primaryimage\"},\"image\":{\"@id\":\"https:\\\/\\\/www.laguiadepamplona.com\\\/actualidad\\\/la-ciudad-rinde-homenaje-al-guitarrista-gitano-sabicas-con-la-inauguracion-de-un-grupo-escultorico-en-el-dia-que-agustin-castellon-campos-hubiera-cumplido-110-anos\\\/#primaryimage\"},\"thumbnailUrl\":\"https:\\\/\\\/www.laguiadepamplona.com\\\/actualidad\\\/wp-content\\\/uploads\\\/2022\\\/03\\\/inauguracion-escultura-sabicas.jpg\",\"datePublished\":\"2022-03-16T15:08:05+00:00\",\"dateModified\":\"2023-04-11T09:48:24+00:00\",\"description\":\"La obra, en un lugar emblem\u00e1tico de Pamplona, quiere ser tambi\u00e9n un recordatorio del valor la cultura del pueblo gitano\",\"breadcrumb\":{\"@id\":\"https:\\\/\\\/www.laguiadepamplona.com\\\/actualidad\\\/la-ciudad-rinde-homenaje-al-guitarrista-gitano-sabicas-con-la-inauguracion-de-un-grupo-escultorico-en-el-dia-que-agustin-castellon-campos-hubiera-cumplido-110-anos\\\/#breadcrumb\"},\"inLanguage\":\"es\",\"potentialAction\":[{\"@type\":\"ReadAction\",\"target\":[\"https:\\\/\\\/www.laguiadepamplona.com\\\/actualidad\\\/la-ciudad-rinde-homenaje-al-guitarrista-gitano-sabicas-con-la-inauguracion-de-un-grupo-escultorico-en-el-dia-que-agustin-castellon-campos-hubiera-cumplido-110-anos\\\/\"]}]},{\"@type\":\"ImageObject\",\"inLanguage\":\"es\",\"@id\":\"https:\\\/\\\/www.laguiadepamplona.com\\\/actualidad\\\/la-ciudad-rinde-homenaje-al-guitarrista-gitano-sabicas-con-la-inauguracion-de-un-grupo-escultorico-en-el-dia-que-agustin-castellon-campos-hubiera-cumplido-110-anos\\\/#primaryimage\",\"url\":\"https:\\\/\\\/www.laguiadepamplona.com\\\/actualidad\\\/wp-content\\\/uploads\\\/2022\\\/03\\\/inauguracion-escultura-sabicas.jpg\",\"contentUrl\":\"https:\\\/\\\/www.laguiadepamplona.com\\\/actualidad\\\/wp-content\\\/uploads\\\/2022\\\/03\\\/inauguracion-escultura-sabicas.jpg\",\"width\":1920,\"height\":1281},{\"@type\":\"BreadcrumbList\",\"@id\":\"https:\\\/\\\/www.laguiadepamplona.com\\\/actualidad\\\/la-ciudad-rinde-homenaje-al-guitarrista-gitano-sabicas-con-la-inauguracion-de-un-grupo-escultorico-en-el-dia-que-agustin-castellon-campos-hubiera-cumplido-110-anos\\\/#breadcrumb\",\"itemListElement\":[{\"@type\":\"ListItem\",\"position\":1,\"name\":\"Portada\",\"item\":\"https:\\\/\\\/www.laguiadepamplona.com\\\/actualidad\\\/\"},{\"@type\":\"ListItem\",\"position\":2,\"name\":\"La ciudad rinde homenaje al guitarrista gitano Sabicas con la inauguraci\u00f3n de un grupo escult\u00f3rico en el d\u00eda que Agust\u00edn Castell\u00f3n Campos hubiera cumplido 110 a\u00f1os\"}]},{\"@type\":\"WebSite\",\"@id\":\"https:\\\/\\\/www.laguiadepamplona.com\\\/actualidad\\\/#website\",\"url\":\"https:\\\/\\\/www.laguiadepamplona.com\\\/actualidad\\\/\",\"name\":\"La gu\u00eda de Pamplona\",\"description\":\"Noticias de Pamplona\",\"publisher\":{\"@id\":\"https:\\\/\\\/www.laguiadepamplona.com\\\/actualidad\\\/#organization\"},\"potentialAction\":[{\"@type\":\"SearchAction\",\"target\":{\"@type\":\"EntryPoint\",\"urlTemplate\":\"https:\\\/\\\/www.laguiadepamplona.com\\\/actualidad\\\/?s={search_term_string}\"},\"query-input\":{\"@type\":\"PropertyValueSpecification\",\"valueRequired\":true,\"valueName\":\"search_term_string\"}}],\"inLanguage\":\"es\"},{\"@type\":\"Organization\",\"@id\":\"https:\\\/\\\/www.laguiadepamplona.com\\\/actualidad\\\/#organization\",\"name\":\"La Gu\u00eda de Pamplona \\\/ Noticias\",\"url\":\"https:\\\/\\\/www.laguiadepamplona.com\\\/actualidad\\\/\",\"logo\":{\"@type\":\"ImageObject\",\"inLanguage\":\"es\",\"@id\":\"https:\\\/\\\/www.laguiadepamplona.com\\\/actualidad\\\/#\\\/schema\\\/logo\\\/image\\\/\",\"url\":\"https:\\\/\\\/www.laguiadepamplona.com\\\/actualidad\\\/wp-content\\\/uploads\\\/2018\\\/11\\\/logo-laguiadepamplona18-web1.png\",\"contentUrl\":\"https:\\\/\\\/www.laguiadepamplona.com\\\/actualidad\\\/wp-content\\\/uploads\\\/2018\\\/11\\\/logo-laguiadepamplona18-web1.png\",\"width\":600,\"height\":196,\"caption\":\"La Gu\u00eda de Pamplona \\\/ Noticias\"},\"image\":{\"@id\":\"https:\\\/\\\/www.laguiadepamplona.com\\\/actualidad\\\/#\\\/schema\\\/logo\\\/image\\\/\"},\"sameAs\":[\"https:\\\/\\\/www.facebook.com\\\/laguiadepamplonacom-133175176762273\\\/?ref=hl\",\"https:\\\/\\\/x.com\\\/LaGuiadPamplona\",\"https:\\\/\\\/www.instagram.com\\\/la_guia_de_pamplona\\\/\",\"https:\\\/\\\/www.youtube.com\\\/user\\\/laguiadepamplona\"]},{\"@type\":\"Person\",\"@id\":\"https:\\\/\\\/www.laguiadepamplona.com\\\/actualidad\\\/#\\\/schema\\\/person\\\/efe887376f0213d4657c93adc50b1fdb\",\"name\":\"La Gu\u00eda de Pamplona\",\"image\":{\"@type\":\"ImageObject\",\"inLanguage\":\"es\",\"@id\":\"https:\\\/\\\/secure.gravatar.com\\\/avatar\\\/b6992f131dc8d30ab0dff15446e9d346d9dbd95992de0fef795073f5ea83a81c?s=96&d=mm&r=g\",\"url\":\"https:\\\/\\\/secure.gravatar.com\\\/avatar\\\/b6992f131dc8d30ab0dff15446e9d346d9dbd95992de0fef795073f5ea83a81c?s=96&d=mm&r=g\",\"contentUrl\":\"https:\\\/\\\/secure.gravatar.com\\\/avatar\\\/b6992f131dc8d30ab0dff15446e9d346d9dbd95992de0fef795073f5ea83a81c?s=96&d=mm&r=g\",\"caption\":\"La Gu\u00eda de Pamplona\"}}]}<\/script>\n<!-- \/ Yoast SEO plugin. -->","yoast_head_json":{"title":"La ciudad rinde homenaje al guitarrista gitano Sabicas con la inauguraci\u00f3n de un grupo escult\u00f3rico en el d\u00eda que Agust\u00edn Castell\u00f3n Campos hubiera cumplido 110 a\u00f1os","description":"La obra, en un lugar emblem\u00e1tico de Pamplona, quiere ser tambi\u00e9n un recordatorio del valor la cultura del pueblo gitano","robots":{"index":"index","follow":"follow","max-snippet":"max-snippet:-1","max-image-preview":"max-image-preview:large","max-video-preview":"max-video-preview:-1"},"canonical":"https:\/\/www.laguiadepamplona.com\/actualidad\/la-ciudad-rinde-homenaje-al-guitarrista-gitano-sabicas-con-la-inauguracion-de-un-grupo-escultorico-en-el-dia-que-agustin-castellon-campos-hubiera-cumplido-110-anos\/","og_locale":"es_ES","og_type":"article","og_title":"La ciudad rinde homenaje al guitarrista gitano Sabicas con la inauguraci\u00f3n de un grupo escult\u00f3rico en el d\u00eda que Agust\u00edn Castell\u00f3n Campos hubiera cumplido 110 a\u00f1os","og_description":"La obra, en un lugar emblem\u00e1tico de Pamplona, quiere ser tambi\u00e9n un recordatorio del valor la cultura del pueblo gitano","og_url":"https:\/\/www.laguiadepamplona.com\/actualidad\/la-ciudad-rinde-homenaje-al-guitarrista-gitano-sabicas-con-la-inauguracion-de-un-grupo-escultorico-en-el-dia-que-agustin-castellon-campos-hubiera-cumplido-110-anos\/","og_site_name":"La Gu\u00eda de Pamplona","article_publisher":"https:\/\/www.facebook.com\/laguiadepamplonacom-133175176762273\/?ref=hl","article_published_time":"2022-03-16T15:08:05+00:00","article_modified_time":"2023-04-11T09:48:24+00:00","og_image":[{"width":1920,"height":1281,"url":"https:\/\/www.laguiadepamplona.com\/actualidad\/wp-content\/uploads\/2022\/03\/inauguracion-escultura-sabicas.jpg","type":"image\/jpeg"}],"author":"La Gu\u00eda de Pamplona","twitter_card":"summary_large_image","twitter_creator":"@LaGuiadPamplona","twitter_site":"@LaGuiadPamplona","twitter_misc":{"Escrito por":"La Gu\u00eda de Pamplona","Tiempo de lectura":"4 minutos"},"schema":{"@context":"https:\/\/schema.org","@graph":[{"@type":"Article","@id":"https:\/\/www.laguiadepamplona.com\/actualidad\/la-ciudad-rinde-homenaje-al-guitarrista-gitano-sabicas-con-la-inauguracion-de-un-grupo-escultorico-en-el-dia-que-agustin-castellon-campos-hubiera-cumplido-110-anos\/#article","isPartOf":{"@id":"https:\/\/www.laguiadepamplona.com\/actualidad\/la-ciudad-rinde-homenaje-al-guitarrista-gitano-sabicas-con-la-inauguracion-de-un-grupo-escultorico-en-el-dia-que-agustin-castellon-campos-hubiera-cumplido-110-anos\/"},"author":{"name":"La Gu\u00eda de Pamplona","@id":"https:\/\/www.laguiadepamplona.com\/actualidad\/#\/schema\/person\/efe887376f0213d4657c93adc50b1fdb"},"headline":"La ciudad rinde homenaje al guitarrista gitano Sabicas con la inauguraci\u00f3n de un grupo escult\u00f3rico en el d\u00eda que Agust\u00edn Castell\u00f3n Campos hubiera cumplido 110 a\u00f1os","datePublished":"2022-03-16T15:08:05+00:00","dateModified":"2023-04-11T09:48:24+00:00","mainEntityOfPage":{"@id":"https:\/\/www.laguiadepamplona.com\/actualidad\/la-ciudad-rinde-homenaje-al-guitarrista-gitano-sabicas-con-la-inauguracion-de-un-grupo-escultorico-en-el-dia-que-agustin-castellon-campos-hubiera-cumplido-110-anos\/"},"wordCount":808,"commentCount":0,"publisher":{"@id":"https:\/\/www.laguiadepamplona.com\/actualidad\/#organization"},"image":{"@id":"https:\/\/www.laguiadepamplona.com\/actualidad\/la-ciudad-rinde-homenaje-al-guitarrista-gitano-sabicas-con-la-inauguracion-de-un-grupo-escultorico-en-el-dia-que-agustin-castellon-campos-hubiera-cumplido-110-anos\/#primaryimage"},"thumbnailUrl":"https:\/\/www.laguiadepamplona.com\/actualidad\/wp-content\/uploads\/2022\/03\/inauguracion-escultura-sabicas.jpg","articleSection":["Ayto Pamplona"],"inLanguage":"es","potentialAction":[{"@type":"CommentAction","name":"Comment","target":["https:\/\/www.laguiadepamplona.com\/actualidad\/la-ciudad-rinde-homenaje-al-guitarrista-gitano-sabicas-con-la-inauguracion-de-un-grupo-escultorico-en-el-dia-que-agustin-castellon-campos-hubiera-cumplido-110-anos\/#respond"]}]},{"@type":"WebPage","@id":"https:\/\/www.laguiadepamplona.com\/actualidad\/la-ciudad-rinde-homenaje-al-guitarrista-gitano-sabicas-con-la-inauguracion-de-un-grupo-escultorico-en-el-dia-que-agustin-castellon-campos-hubiera-cumplido-110-anos\/","url":"https:\/\/www.laguiadepamplona.com\/actualidad\/la-ciudad-rinde-homenaje-al-guitarrista-gitano-sabicas-con-la-inauguracion-de-un-grupo-escultorico-en-el-dia-que-agustin-castellon-campos-hubiera-cumplido-110-anos\/","name":"La ciudad rinde homenaje al guitarrista gitano Sabicas con la inauguraci\u00f3n de un grupo escult\u00f3rico en el d\u00eda que Agust\u00edn Castell\u00f3n Campos hubiera cumplido 110 a\u00f1os","isPartOf":{"@id":"https:\/\/www.laguiadepamplona.com\/actualidad\/#website"},"primaryImageOfPage":{"@id":"https:\/\/www.laguiadepamplona.com\/actualidad\/la-ciudad-rinde-homenaje-al-guitarrista-gitano-sabicas-con-la-inauguracion-de-un-grupo-escultorico-en-el-dia-que-agustin-castellon-campos-hubiera-cumplido-110-anos\/#primaryimage"},"image":{"@id":"https:\/\/www.laguiadepamplona.com\/actualidad\/la-ciudad-rinde-homenaje-al-guitarrista-gitano-sabicas-con-la-inauguracion-de-un-grupo-escultorico-en-el-dia-que-agustin-castellon-campos-hubiera-cumplido-110-anos\/#primaryimage"},"thumbnailUrl":"https:\/\/www.laguiadepamplona.com\/actualidad\/wp-content\/uploads\/2022\/03\/inauguracion-escultura-sabicas.jpg","datePublished":"2022-03-16T15:08:05+00:00","dateModified":"2023-04-11T09:48:24+00:00","description":"La obra, en un lugar emblem\u00e1tico de Pamplona, quiere ser tambi\u00e9n un recordatorio del valor la cultura del pueblo gitano","breadcrumb":{"@id":"https:\/\/www.laguiadepamplona.com\/actualidad\/la-ciudad-rinde-homenaje-al-guitarrista-gitano-sabicas-con-la-inauguracion-de-un-grupo-escultorico-en-el-dia-que-agustin-castellon-campos-hubiera-cumplido-110-anos\/#breadcrumb"},"inLanguage":"es","potentialAction":[{"@type":"ReadAction","target":["https:\/\/www.laguiadepamplona.com\/actualidad\/la-ciudad-rinde-homenaje-al-guitarrista-gitano-sabicas-con-la-inauguracion-de-un-grupo-escultorico-en-el-dia-que-agustin-castellon-campos-hubiera-cumplido-110-anos\/"]}]},{"@type":"ImageObject","inLanguage":"es","@id":"https:\/\/www.laguiadepamplona.com\/actualidad\/la-ciudad-rinde-homenaje-al-guitarrista-gitano-sabicas-con-la-inauguracion-de-un-grupo-escultorico-en-el-dia-que-agustin-castellon-campos-hubiera-cumplido-110-anos\/#primaryimage","url":"https:\/\/www.laguiadepamplona.com\/actualidad\/wp-content\/uploads\/2022\/03\/inauguracion-escultura-sabicas.jpg","contentUrl":"https:\/\/www.laguiadepamplona.com\/actualidad\/wp-content\/uploads\/2022\/03\/inauguracion-escultura-sabicas.jpg","width":1920,"height":1281},{"@type":"BreadcrumbList","@id":"https:\/\/www.laguiadepamplona.com\/actualidad\/la-ciudad-rinde-homenaje-al-guitarrista-gitano-sabicas-con-la-inauguracion-de-un-grupo-escultorico-en-el-dia-que-agustin-castellon-campos-hubiera-cumplido-110-anos\/#breadcrumb","itemListElement":[{"@type":"ListItem","position":1,"name":"Portada","item":"https:\/\/www.laguiadepamplona.com\/actualidad\/"},{"@type":"ListItem","position":2,"name":"La ciudad rinde homenaje al guitarrista gitano Sabicas con la inauguraci\u00f3n de un grupo escult\u00f3rico en el d\u00eda que Agust\u00edn Castell\u00f3n Campos hubiera cumplido 110 a\u00f1os"}]},{"@type":"WebSite","@id":"https:\/\/www.laguiadepamplona.com\/actualidad\/#website","url":"https:\/\/www.laguiadepamplona.com\/actualidad\/","name":"La gu\u00eda de Pamplona","description":"Noticias de Pamplona","publisher":{"@id":"https:\/\/www.laguiadepamplona.com\/actualidad\/#organization"},"potentialAction":[{"@type":"SearchAction","target":{"@type":"EntryPoint","urlTemplate":"https:\/\/www.laguiadepamplona.com\/actualidad\/?s={search_term_string}"},"query-input":{"@type":"PropertyValueSpecification","valueRequired":true,"valueName":"search_term_string"}}],"inLanguage":"es"},{"@type":"Organization","@id":"https:\/\/www.laguiadepamplona.com\/actualidad\/#organization","name":"La Gu\u00eda de Pamplona \/ Noticias","url":"https:\/\/www.laguiadepamplona.com\/actualidad\/","logo":{"@type":"ImageObject","inLanguage":"es","@id":"https:\/\/www.laguiadepamplona.com\/actualidad\/#\/schema\/logo\/image\/","url":"https:\/\/www.laguiadepamplona.com\/actualidad\/wp-content\/uploads\/2018\/11\/logo-laguiadepamplona18-web1.png","contentUrl":"https:\/\/www.laguiadepamplona.com\/actualidad\/wp-content\/uploads\/2018\/11\/logo-laguiadepamplona18-web1.png","width":600,"height":196,"caption":"La Gu\u00eda de Pamplona \/ Noticias"},"image":{"@id":"https:\/\/www.laguiadepamplona.com\/actualidad\/#\/schema\/logo\/image\/"},"sameAs":["https:\/\/www.facebook.com\/laguiadepamplonacom-133175176762273\/?ref=hl","https:\/\/x.com\/LaGuiadPamplona","https:\/\/www.instagram.com\/la_guia_de_pamplona\/","https:\/\/www.youtube.com\/user\/laguiadepamplona"]},{"@type":"Person","@id":"https:\/\/www.laguiadepamplona.com\/actualidad\/#\/schema\/person\/efe887376f0213d4657c93adc50b1fdb","name":"La Gu\u00eda de Pamplona","image":{"@type":"ImageObject","inLanguage":"es","@id":"https:\/\/secure.gravatar.com\/avatar\/b6992f131dc8d30ab0dff15446e9d346d9dbd95992de0fef795073f5ea83a81c?s=96&d=mm&r=g","url":"https:\/\/secure.gravatar.com\/avatar\/b6992f131dc8d30ab0dff15446e9d346d9dbd95992de0fef795073f5ea83a81c?s=96&d=mm&r=g","contentUrl":"https:\/\/secure.gravatar.com\/avatar\/b6992f131dc8d30ab0dff15446e9d346d9dbd95992de0fef795073f5ea83a81c?s=96&d=mm&r=g","caption":"La Gu\u00eda de Pamplona"}}]}},"post_mailing_queue_ids":[],"_links":{"self":[{"href":"https:\/\/www.laguiadepamplona.com\/actualidad\/wp-json\/wp\/v2\/posts\/39433","targetHints":{"allow":["GET"]}}],"collection":[{"href":"https:\/\/www.laguiadepamplona.com\/actualidad\/wp-json\/wp\/v2\/posts"}],"about":[{"href":"https:\/\/www.laguiadepamplona.com\/actualidad\/wp-json\/wp\/v2\/types\/post"}],"author":[{"embeddable":true,"href":"https:\/\/www.laguiadepamplona.com\/actualidad\/wp-json\/wp\/v2\/users\/1"}],"replies":[{"embeddable":true,"href":"https:\/\/www.laguiadepamplona.com\/actualidad\/wp-json\/wp\/v2\/comments?post=39433"}],"version-history":[{"count":0,"href":"https:\/\/www.laguiadepamplona.com\/actualidad\/wp-json\/wp\/v2\/posts\/39433\/revisions"}],"wp:featuredmedia":[{"embeddable":true,"href":"https:\/\/www.laguiadepamplona.com\/actualidad\/wp-json\/wp\/v2\/media\/39434"}],"wp:attachment":[{"href":"https:\/\/www.laguiadepamplona.com\/actualidad\/wp-json\/wp\/v2\/media?parent=39433"}],"wp:term":[{"taxonomy":"category","embeddable":true,"href":"https:\/\/www.laguiadepamplona.com\/actualidad\/wp-json\/wp\/v2\/categories?post=39433"},{"taxonomy":"post_tag","embeddable":true,"href":"https:\/\/www.laguiadepamplona.com\/actualidad\/wp-json\/wp\/v2\/tags?post=39433"}],"curies":[{"name":"wp","href":"https:\/\/api.w.org\/{rel}","templated":true}]}}