{"id":39421,"date":"2022-03-16T13:37:22","date_gmt":"2022-03-16T11:37:22","guid":{"rendered":"https:\/\/www.laguiadepamplona.com\/actualidad\/?p=39421"},"modified":"2023-04-11T11:48:24","modified_gmt":"2023-04-11T09:48:24","slug":"abierta-la-convocatoria-de-subvenciones-destinadas-a-apymas-de-centros-de-educacion-infantil-y-primaria-de-pamplona-y-a-federaciones-de-apymas","status":"publish","type":"post","link":"https:\/\/www.laguiadepamplona.com\/actualidad\/abierta-la-convocatoria-de-subvenciones-destinadas-a-apymas-de-centros-de-educacion-infantil-y-primaria-de-pamplona-y-a-federaciones-de-apymas\/","title":{"rendered":"Abierta la convocatoria de subvenciones destinadas a APYMAS de centros de Educaci\u00f3n Infantil y Primaria de Pamplona y a federaciones de APYMAS"},"content":{"rendered":"<h5>Se repartir\u00e1n 80.000 euros para fomentar la participaci\u00f3n de padres y madres en la vida y funcionamiento de los centros, a trav\u00e9s de actividades y servicios<\/h5>\n<p><!--more--><\/p>\n<p>El Ayuntamiento de Pamplona ha convocado las ayudas destinadas a APYMAS de centros escolares p\u00fablicos y concertados de Educaci\u00f3n Infantil y Primaria y a federaciones de APYMAS. El presupuesto se mantiene en 80.000 euros. La convocatoria tiene como finalidad el fomento de la participaci\u00f3n de los padres y las madres en la vida y funcionamiento de los centros escolares, mediante la organizaci\u00f3n de actividades para el alumnado y las familias. El 24 de marzo finaliza el plazo de presentaci\u00f3n de las solicitudes para esta convocatoria.<br \/>\n<script async src=\"\/\/pagead2.googlesyndication.com\/pagead\/js\/adsbygoogle.js\"><\/script><br \/>\n<!-- Noticias La Guia de Pamplona --><br \/>\n<ins class=\"adsbygoogle\"\nstyle=\"display:block\"\ndata-ad-client=\"ca-pub-6943679897239327\"\ndata-ad-slot=\"7048180777\"\ndata-ad-format=\"auto\"><\/ins><br \/>\n<script>\n(adsbygoogle = window.adsbygoogle || []).push({});\n<\/script><\/p>\n<p>Los 80.000 euros se desglosan en cuatro ep\u00edgrafes con sus respectivos importes m\u00e1ximos: 30.000 euros para actividades extraescolares dirigidas al alumnado del centro, fuera del horario escolar; 25.000 euros para actividades formativas para padres y madres; 6.500 euros para actividades l\u00fadicas; y 18.500 euros para gastos de gesti\u00f3n y funcionamiento de las APYMAS. La cuant\u00eda m\u00e1xima a conceder en cada uno de esos apartadas es del 85% para el caso de las extraescolares, pudiendo llegar al 90% si se organizan actividades que promuevan la igualdad; del 90% para guarder\u00edas en actividades formativas para padres y madre; del 15% para actividades l\u00fadicas; y del 85% para gastos de funcionamiento de la APYMA, que podr\u00e1 alcanzar el 90% cuando la Junta Directiva de la entidad cuente con al menos un 30% de hombres.<\/p>\n<p>Las solicitudes deber\u00e1n presentase de forma telem\u00e1tica a trav\u00e9s del tr\u00e1mite \u2018<a href=\"https:\/\/sedeelectronica.pamplona.es\/FichaTramite.aspx?id=229967TA&amp;idioma=1\" target=\"_blank\" rel=\"noopener\">Solicitud electr\u00f3nica de subvenciones para personas jur\u00eddicas<\/a>\u2019, publicado en la sede electr\u00f3nica del Ayuntamiento de Pamplona. Las bases de la convocatoria se han publicado en el <a href=\"https:\/\/bon.navarra.es\/es\/inicio\" target=\"_blank\" rel=\"noopener\">Bolet\u00edn Oficial de Navarra n\u00famero 40 del 24 de febrero<\/a> y se pueden consultar tambi\u00e9n en la web municipal.<br \/>\n<script async src=\"\/\/pagead2.googlesyndication.com\/pagead\/js\/adsbygoogle.js\"><\/script><br \/>\n<!-- Noticias La Guia de Pamplona --><br \/>\n<ins class=\"adsbygoogle\"\nstyle=\"display:block\"\ndata-ad-client=\"ca-pub-6943679897239327\"\ndata-ad-slot=\"7048180777\"\ndata-ad-format=\"auto\"><\/ins><br \/>\n<script>\n(adsbygoogle = window.adsbygoogle || []).push({});\n<\/script><\/p>\n<p><strong>Actividades subvencionables<\/strong><\/p>\n<p>Las actividades subvencionables deben estar abiertas a la participaci\u00f3n de todo el alunado y, en su caso, de todos los padres y madres del centro escolar, sin que la condici\u00f3n de no asociado a la APYMA sea causa de denegaci\u00f3n de participaci\u00f3n. Se subvencionar\u00e1n actividades de formaci\u00f3n para padres y madres, actividades l\u00fadicas para toda la comunidad educativa, la organizaci\u00f3n de extraescolares, servicios de madrugadores o campamentos urbanos.<\/p>\n<p>La actividad debe desarrollarse durante el curso 2021 \u2013 2022 y fomentar la formaci\u00f3n integral del alumnado y las familias del centro escolar, incidiendo en valores como el rechazo a la violencia f\u00edsica o de g\u00e9nero, las relaciones intergeneracionales, el conocimiento del medio, de la cultura o de la historia de nuestra ciudad. Asimismo, la realizaci\u00f3n de estas actividades posibilitar\u00e1 puntos de encuentro para la relaci\u00f3n entre el alumnado, el fomento del compa\u00f1erismo y la convivencia, tanto entre el alumnado como en sus familias.<br \/>\n<script async src=\"\/\/pagead2.googlesyndication.com\/pagead\/js\/adsbygoogle.js\"><\/script><br \/>\n<!-- Noticias La Guia de Pamplona --><br \/>\n<ins class=\"adsbygoogle\"\nstyle=\"display:block\"\ndata-ad-client=\"ca-pub-6943679897239327\"\ndata-ad-slot=\"7048180777\"\ndata-ad-format=\"auto\"><\/ins><br \/>\n<script>\n(adsbygoogle = window.adsbygoogle || []).push({});\n<\/script><\/p>\n<p>Entre otros, se subvencionar\u00e1n gastos de monitores, monitoras y material fungible para campamentos urbanos, servicios de madrugadores, otras actividades para la conciliaci\u00f3n de la vida laboral y familiar y actividades extraescolares formativas para alumnado del centro. Se incluyen tambi\u00e9n gastos de ponentes y profesionales para charlas, cursos, seminarios, talleres u otras modalidades formativas para padres y madres. Tambi\u00e9n se otorgar\u00e1n ayudas para gastos de alquiler de elementos l\u00fadicos para fiestas, contrataci\u00f3n de grupos de teatro, payasos, m\u00fasica\u2026 as\u00ed como gastos para la preparaci\u00f3n de aperitivos, meriendas o celebraciones para toda la comunidad educativa.<\/p>\n","protected":false},"excerpt":{"rendered":"<p>Se repartir\u00e1n 80.000 euros para fomentar la participaci\u00f3n de padres y madres en la vida y funcionamiento de los centros, a trav\u00e9s de actividades y servicios<\/p>\n","protected":false},"author":1,"featured_media":39422,"comment_status":"open","ping_status":"closed","sticky":false,"template":"","format":"standard","meta":{"footnotes":""},"categories":[2],"tags":[],"class_list":["post-39421","post","type-post","status-publish","format-standard","has-post-thumbnail","hentry","category-ayuntamiento-pamplona"],"yoast_head":"<!-- This site is optimized with the Yoast SEO plugin v27.3 - https:\/\/yoast.com\/product\/yoast-seo-wordpress\/ -->\n<title>Abierta la convocatoria de subvenciones destinadas a APYMAS de centros de Educaci\u00f3n Infantil y Primaria de Pamplona y a federaciones de APYMAS<\/title>\n<meta name=\"description\" content=\"Se repartir\u00e1n 80.000 euros para fomentar la participaci\u00f3n de padres y madres en la vida y funcionamiento de los centros, a trav\u00e9s de actividades y servicios\" \/>\n<meta name=\"robots\" content=\"index, follow, max-snippet:-1, max-image-preview:large, max-video-preview:-1\" \/>\n<link rel=\"canonical\" href=\"https:\/\/www.laguiadepamplona.com\/actualidad\/abierta-la-convocatoria-de-subvenciones-destinadas-a-apymas-de-centros-de-educacion-infantil-y-primaria-de-pamplona-y-a-federaciones-de-apymas\/\" \/>\n<meta property=\"og:locale\" content=\"es_ES\" \/>\n<meta property=\"og:type\" content=\"article\" \/>\n<meta property=\"og:title\" content=\"Abierta la convocatoria de subvenciones destinadas a APYMAS de centros de Educaci\u00f3n Infantil y Primaria de Pamplona y a federaciones de APYMAS\" \/>\n<meta property=\"og:description\" content=\"Se repartir\u00e1n 80.000 euros para fomentar la participaci\u00f3n de padres y madres en la vida y funcionamiento de los centros, a trav\u00e9s de actividades y servicios\" \/>\n<meta property=\"og:url\" content=\"https:\/\/www.laguiadepamplona.com\/actualidad\/abierta-la-convocatoria-de-subvenciones-destinadas-a-apymas-de-centros-de-educacion-infantil-y-primaria-de-pamplona-y-a-federaciones-de-apymas\/\" \/>\n<meta property=\"og:site_name\" content=\"La Gu\u00eda de Pamplona\" \/>\n<meta property=\"article:publisher\" content=\"https:\/\/www.facebook.com\/laguiadepamplonacom-133175176762273\/?ref=hl\" \/>\n<meta property=\"article:published_time\" content=\"2022-03-16T11:37:22+00:00\" \/>\n<meta property=\"article:modified_time\" content=\"2023-04-11T09:48:24+00:00\" \/>\n<meta property=\"og:image\" content=\"https:\/\/www.laguiadepamplona.com\/actualidad\/wp-content\/uploads\/2022\/03\/ninos_educacion_adolescentes_TXIKI_1.jpg\" \/>\n\t<meta property=\"og:image:width\" content=\"1245\" \/>\n\t<meta property=\"og:image:height\" content=\"829\" \/>\n\t<meta property=\"og:image:type\" content=\"image\/jpeg\" \/>\n<meta name=\"author\" content=\"La Gu\u00eda de Pamplona\" \/>\n<meta name=\"twitter:card\" content=\"summary_large_image\" \/>\n<meta name=\"twitter:creator\" content=\"@LaGuiadPamplona\" \/>\n<meta name=\"twitter:site\" content=\"@LaGuiadPamplona\" \/>\n<meta name=\"twitter:label1\" content=\"Escrito por\" \/>\n\t<meta name=\"twitter:data1\" content=\"La Gu\u00eda de Pamplona\" \/>\n\t<meta name=\"twitter:label2\" content=\"Tiempo de lectura\" \/>\n\t<meta name=\"twitter:data2\" content=\"3 minutos\" \/>\n<script type=\"application\/ld+json\" class=\"yoast-schema-graph\">{\"@context\":\"https:\\\/\\\/schema.org\",\"@graph\":[{\"@type\":\"Article\",\"@id\":\"https:\\\/\\\/www.laguiadepamplona.com\\\/actualidad\\\/abierta-la-convocatoria-de-subvenciones-destinadas-a-apymas-de-centros-de-educacion-infantil-y-primaria-de-pamplona-y-a-federaciones-de-apymas\\\/#article\",\"isPartOf\":{\"@id\":\"https:\\\/\\\/www.laguiadepamplona.com\\\/actualidad\\\/abierta-la-convocatoria-de-subvenciones-destinadas-a-apymas-de-centros-de-educacion-infantil-y-primaria-de-pamplona-y-a-federaciones-de-apymas\\\/\"},\"author\":{\"name\":\"La Gu\u00eda de Pamplona\",\"@id\":\"https:\\\/\\\/www.laguiadepamplona.com\\\/actualidad\\\/#\\\/schema\\\/person\\\/efe887376f0213d4657c93adc50b1fdb\"},\"headline\":\"Abierta la convocatoria de subvenciones destinadas a APYMAS de centros de Educaci\u00f3n Infantil y Primaria de Pamplona y a federaciones de APYMAS\",\"datePublished\":\"2022-03-16T11:37:22+00:00\",\"dateModified\":\"2023-04-11T09:48:24+00:00\",\"mainEntityOfPage\":{\"@id\":\"https:\\\/\\\/www.laguiadepamplona.com\\\/actualidad\\\/abierta-la-convocatoria-de-subvenciones-destinadas-a-apymas-de-centros-de-educacion-infantil-y-primaria-de-pamplona-y-a-federaciones-de-apymas\\\/\"},\"wordCount\":597,\"commentCount\":0,\"publisher\":{\"@id\":\"https:\\\/\\\/www.laguiadepamplona.com\\\/actualidad\\\/#organization\"},\"image\":{\"@id\":\"https:\\\/\\\/www.laguiadepamplona.com\\\/actualidad\\\/abierta-la-convocatoria-de-subvenciones-destinadas-a-apymas-de-centros-de-educacion-infantil-y-primaria-de-pamplona-y-a-federaciones-de-apymas\\\/#primaryimage\"},\"thumbnailUrl\":\"https:\\\/\\\/www.laguiadepamplona.com\\\/actualidad\\\/wp-content\\\/uploads\\\/2022\\\/03\\\/ninos_educacion_adolescentes_TXIKI_1.jpg\",\"articleSection\":[\"Ayto Pamplona\"],\"inLanguage\":\"es\",\"potentialAction\":[{\"@type\":\"CommentAction\",\"name\":\"Comment\",\"target\":[\"https:\\\/\\\/www.laguiadepamplona.com\\\/actualidad\\\/abierta-la-convocatoria-de-subvenciones-destinadas-a-apymas-de-centros-de-educacion-infantil-y-primaria-de-pamplona-y-a-federaciones-de-apymas\\\/#respond\"]}]},{\"@type\":\"WebPage\",\"@id\":\"https:\\\/\\\/www.laguiadepamplona.com\\\/actualidad\\\/abierta-la-convocatoria-de-subvenciones-destinadas-a-apymas-de-centros-de-educacion-infantil-y-primaria-de-pamplona-y-a-federaciones-de-apymas\\\/\",\"url\":\"https:\\\/\\\/www.laguiadepamplona.com\\\/actualidad\\\/abierta-la-convocatoria-de-subvenciones-destinadas-a-apymas-de-centros-de-educacion-infantil-y-primaria-de-pamplona-y-a-federaciones-de-apymas\\\/\",\"name\":\"Abierta la convocatoria de subvenciones destinadas a APYMAS de centros de Educaci\u00f3n Infantil y Primaria de Pamplona y a federaciones de APYMAS\",\"isPartOf\":{\"@id\":\"https:\\\/\\\/www.laguiadepamplona.com\\\/actualidad\\\/#website\"},\"primaryImageOfPage\":{\"@id\":\"https:\\\/\\\/www.laguiadepamplona.com\\\/actualidad\\\/abierta-la-convocatoria-de-subvenciones-destinadas-a-apymas-de-centros-de-educacion-infantil-y-primaria-de-pamplona-y-a-federaciones-de-apymas\\\/#primaryimage\"},\"image\":{\"@id\":\"https:\\\/\\\/www.laguiadepamplona.com\\\/actualidad\\\/abierta-la-convocatoria-de-subvenciones-destinadas-a-apymas-de-centros-de-educacion-infantil-y-primaria-de-pamplona-y-a-federaciones-de-apymas\\\/#primaryimage\"},\"thumbnailUrl\":\"https:\\\/\\\/www.laguiadepamplona.com\\\/actualidad\\\/wp-content\\\/uploads\\\/2022\\\/03\\\/ninos_educacion_adolescentes_TXIKI_1.jpg\",\"datePublished\":\"2022-03-16T11:37:22+00:00\",\"dateModified\":\"2023-04-11T09:48:24+00:00\",\"description\":\"Se repartir\u00e1n 80.000 euros para fomentar la participaci\u00f3n de padres y madres en la vida y funcionamiento de los centros, a trav\u00e9s de actividades y servicios\",\"breadcrumb\":{\"@id\":\"https:\\\/\\\/www.laguiadepamplona.com\\\/actualidad\\\/abierta-la-convocatoria-de-subvenciones-destinadas-a-apymas-de-centros-de-educacion-infantil-y-primaria-de-pamplona-y-a-federaciones-de-apymas\\\/#breadcrumb\"},\"inLanguage\":\"es\",\"potentialAction\":[{\"@type\":\"ReadAction\",\"target\":[\"https:\\\/\\\/www.laguiadepamplona.com\\\/actualidad\\\/abierta-la-convocatoria-de-subvenciones-destinadas-a-apymas-de-centros-de-educacion-infantil-y-primaria-de-pamplona-y-a-federaciones-de-apymas\\\/\"]}]},{\"@type\":\"ImageObject\",\"inLanguage\":\"es\",\"@id\":\"https:\\\/\\\/www.laguiadepamplona.com\\\/actualidad\\\/abierta-la-convocatoria-de-subvenciones-destinadas-a-apymas-de-centros-de-educacion-infantil-y-primaria-de-pamplona-y-a-federaciones-de-apymas\\\/#primaryimage\",\"url\":\"https:\\\/\\\/www.laguiadepamplona.com\\\/actualidad\\\/wp-content\\\/uploads\\\/2022\\\/03\\\/ninos_educacion_adolescentes_TXIKI_1.jpg\",\"contentUrl\":\"https:\\\/\\\/www.laguiadepamplona.com\\\/actualidad\\\/wp-content\\\/uploads\\\/2022\\\/03\\\/ninos_educacion_adolescentes_TXIKI_1.jpg\",\"width\":1245,\"height\":829},{\"@type\":\"BreadcrumbList\",\"@id\":\"https:\\\/\\\/www.laguiadepamplona.com\\\/actualidad\\\/abierta-la-convocatoria-de-subvenciones-destinadas-a-apymas-de-centros-de-educacion-infantil-y-primaria-de-pamplona-y-a-federaciones-de-apymas\\\/#breadcrumb\",\"itemListElement\":[{\"@type\":\"ListItem\",\"position\":1,\"name\":\"Portada\",\"item\":\"https:\\\/\\\/www.laguiadepamplona.com\\\/actualidad\\\/\"},{\"@type\":\"ListItem\",\"position\":2,\"name\":\"Abierta la convocatoria de subvenciones destinadas a APYMAS de centros de Educaci\u00f3n Infantil y Primaria de Pamplona y a federaciones de APYMAS\"}]},{\"@type\":\"WebSite\",\"@id\":\"https:\\\/\\\/www.laguiadepamplona.com\\\/actualidad\\\/#website\",\"url\":\"https:\\\/\\\/www.laguiadepamplona.com\\\/actualidad\\\/\",\"name\":\"La gu\u00eda de Pamplona\",\"description\":\"Noticias de Pamplona\",\"publisher\":{\"@id\":\"https:\\\/\\\/www.laguiadepamplona.com\\\/actualidad\\\/#organization\"},\"potentialAction\":[{\"@type\":\"SearchAction\",\"target\":{\"@type\":\"EntryPoint\",\"urlTemplate\":\"https:\\\/\\\/www.laguiadepamplona.com\\\/actualidad\\\/?s={search_term_string}\"},\"query-input\":{\"@type\":\"PropertyValueSpecification\",\"valueRequired\":true,\"valueName\":\"search_term_string\"}}],\"inLanguage\":\"es\"},{\"@type\":\"Organization\",\"@id\":\"https:\\\/\\\/www.laguiadepamplona.com\\\/actualidad\\\/#organization\",\"name\":\"La Gu\u00eda de Pamplona \\\/ Noticias\",\"url\":\"https:\\\/\\\/www.laguiadepamplona.com\\\/actualidad\\\/\",\"logo\":{\"@type\":\"ImageObject\",\"inLanguage\":\"es\",\"@id\":\"https:\\\/\\\/www.laguiadepamplona.com\\\/actualidad\\\/#\\\/schema\\\/logo\\\/image\\\/\",\"url\":\"https:\\\/\\\/www.laguiadepamplona.com\\\/actualidad\\\/wp-content\\\/uploads\\\/2018\\\/11\\\/logo-laguiadepamplona18-web1.png\",\"contentUrl\":\"https:\\\/\\\/www.laguiadepamplona.com\\\/actualidad\\\/wp-content\\\/uploads\\\/2018\\\/11\\\/logo-laguiadepamplona18-web1.png\",\"width\":600,\"height\":196,\"caption\":\"La Gu\u00eda de Pamplona \\\/ Noticias\"},\"image\":{\"@id\":\"https:\\\/\\\/www.laguiadepamplona.com\\\/actualidad\\\/#\\\/schema\\\/logo\\\/image\\\/\"},\"sameAs\":[\"https:\\\/\\\/www.facebook.com\\\/laguiadepamplonacom-133175176762273\\\/?ref=hl\",\"https:\\\/\\\/x.com\\\/LaGuiadPamplona\",\"https:\\\/\\\/www.instagram.com\\\/la_guia_de_pamplona\\\/\",\"https:\\\/\\\/www.youtube.com\\\/user\\\/laguiadepamplona\"]},{\"@type\":\"Person\",\"@id\":\"https:\\\/\\\/www.laguiadepamplona.com\\\/actualidad\\\/#\\\/schema\\\/person\\\/efe887376f0213d4657c93adc50b1fdb\",\"name\":\"La Gu\u00eda de Pamplona\",\"image\":{\"@type\":\"ImageObject\",\"inLanguage\":\"es\",\"@id\":\"https:\\\/\\\/secure.gravatar.com\\\/avatar\\\/b6992f131dc8d30ab0dff15446e9d346d9dbd95992de0fef795073f5ea83a81c?s=96&d=mm&r=g\",\"url\":\"https:\\\/\\\/secure.gravatar.com\\\/avatar\\\/b6992f131dc8d30ab0dff15446e9d346d9dbd95992de0fef795073f5ea83a81c?s=96&d=mm&r=g\",\"contentUrl\":\"https:\\\/\\\/secure.gravatar.com\\\/avatar\\\/b6992f131dc8d30ab0dff15446e9d346d9dbd95992de0fef795073f5ea83a81c?s=96&d=mm&r=g\",\"caption\":\"La Gu\u00eda de Pamplona\"}}]}<\/script>\n<!-- \/ Yoast SEO plugin. -->","yoast_head_json":{"title":"Abierta la convocatoria de subvenciones destinadas a APYMAS de centros de Educaci\u00f3n Infantil y Primaria de Pamplona y a federaciones de APYMAS","description":"Se repartir\u00e1n 80.000 euros para fomentar la participaci\u00f3n de padres y madres en la vida y funcionamiento de los centros, a trav\u00e9s de actividades y servicios","robots":{"index":"index","follow":"follow","max-snippet":"max-snippet:-1","max-image-preview":"max-image-preview:large","max-video-preview":"max-video-preview:-1"},"canonical":"https:\/\/www.laguiadepamplona.com\/actualidad\/abierta-la-convocatoria-de-subvenciones-destinadas-a-apymas-de-centros-de-educacion-infantil-y-primaria-de-pamplona-y-a-federaciones-de-apymas\/","og_locale":"es_ES","og_type":"article","og_title":"Abierta la convocatoria de subvenciones destinadas a APYMAS de centros de Educaci\u00f3n Infantil y Primaria de Pamplona y a federaciones de APYMAS","og_description":"Se repartir\u00e1n 80.000 euros para fomentar la participaci\u00f3n de padres y madres en la vida y funcionamiento de los centros, a trav\u00e9s de actividades y servicios","og_url":"https:\/\/www.laguiadepamplona.com\/actualidad\/abierta-la-convocatoria-de-subvenciones-destinadas-a-apymas-de-centros-de-educacion-infantil-y-primaria-de-pamplona-y-a-federaciones-de-apymas\/","og_site_name":"La Gu\u00eda de Pamplona","article_publisher":"https:\/\/www.facebook.com\/laguiadepamplonacom-133175176762273\/?ref=hl","article_published_time":"2022-03-16T11:37:22+00:00","article_modified_time":"2023-04-11T09:48:24+00:00","og_image":[{"width":1245,"height":829,"url":"https:\/\/www.laguiadepamplona.com\/actualidad\/wp-content\/uploads\/2022\/03\/ninos_educacion_adolescentes_TXIKI_1.jpg","type":"image\/jpeg"}],"author":"La Gu\u00eda de Pamplona","twitter_card":"summary_large_image","twitter_creator":"@LaGuiadPamplona","twitter_site":"@LaGuiadPamplona","twitter_misc":{"Escrito por":"La Gu\u00eda de Pamplona","Tiempo de lectura":"3 minutos"},"schema":{"@context":"https:\/\/schema.org","@graph":[{"@type":"Article","@id":"https:\/\/www.laguiadepamplona.com\/actualidad\/abierta-la-convocatoria-de-subvenciones-destinadas-a-apymas-de-centros-de-educacion-infantil-y-primaria-de-pamplona-y-a-federaciones-de-apymas\/#article","isPartOf":{"@id":"https:\/\/www.laguiadepamplona.com\/actualidad\/abierta-la-convocatoria-de-subvenciones-destinadas-a-apymas-de-centros-de-educacion-infantil-y-primaria-de-pamplona-y-a-federaciones-de-apymas\/"},"author":{"name":"La Gu\u00eda de Pamplona","@id":"https:\/\/www.laguiadepamplona.com\/actualidad\/#\/schema\/person\/efe887376f0213d4657c93adc50b1fdb"},"headline":"Abierta la convocatoria de subvenciones destinadas a APYMAS de centros de Educaci\u00f3n Infantil y Primaria de Pamplona y a federaciones de APYMAS","datePublished":"2022-03-16T11:37:22+00:00","dateModified":"2023-04-11T09:48:24+00:00","mainEntityOfPage":{"@id":"https:\/\/www.laguiadepamplona.com\/actualidad\/abierta-la-convocatoria-de-subvenciones-destinadas-a-apymas-de-centros-de-educacion-infantil-y-primaria-de-pamplona-y-a-federaciones-de-apymas\/"},"wordCount":597,"commentCount":0,"publisher":{"@id":"https:\/\/www.laguiadepamplona.com\/actualidad\/#organization"},"image":{"@id":"https:\/\/www.laguiadepamplona.com\/actualidad\/abierta-la-convocatoria-de-subvenciones-destinadas-a-apymas-de-centros-de-educacion-infantil-y-primaria-de-pamplona-y-a-federaciones-de-apymas\/#primaryimage"},"thumbnailUrl":"https:\/\/www.laguiadepamplona.com\/actualidad\/wp-content\/uploads\/2022\/03\/ninos_educacion_adolescentes_TXIKI_1.jpg","articleSection":["Ayto Pamplona"],"inLanguage":"es","potentialAction":[{"@type":"CommentAction","name":"Comment","target":["https:\/\/www.laguiadepamplona.com\/actualidad\/abierta-la-convocatoria-de-subvenciones-destinadas-a-apymas-de-centros-de-educacion-infantil-y-primaria-de-pamplona-y-a-federaciones-de-apymas\/#respond"]}]},{"@type":"WebPage","@id":"https:\/\/www.laguiadepamplona.com\/actualidad\/abierta-la-convocatoria-de-subvenciones-destinadas-a-apymas-de-centros-de-educacion-infantil-y-primaria-de-pamplona-y-a-federaciones-de-apymas\/","url":"https:\/\/www.laguiadepamplona.com\/actualidad\/abierta-la-convocatoria-de-subvenciones-destinadas-a-apymas-de-centros-de-educacion-infantil-y-primaria-de-pamplona-y-a-federaciones-de-apymas\/","name":"Abierta la convocatoria de subvenciones destinadas a APYMAS de centros de Educaci\u00f3n Infantil y Primaria de Pamplona y a federaciones de APYMAS","isPartOf":{"@id":"https:\/\/www.laguiadepamplona.com\/actualidad\/#website"},"primaryImageOfPage":{"@id":"https:\/\/www.laguiadepamplona.com\/actualidad\/abierta-la-convocatoria-de-subvenciones-destinadas-a-apymas-de-centros-de-educacion-infantil-y-primaria-de-pamplona-y-a-federaciones-de-apymas\/#primaryimage"},"image":{"@id":"https:\/\/www.laguiadepamplona.com\/actualidad\/abierta-la-convocatoria-de-subvenciones-destinadas-a-apymas-de-centros-de-educacion-infantil-y-primaria-de-pamplona-y-a-federaciones-de-apymas\/#primaryimage"},"thumbnailUrl":"https:\/\/www.laguiadepamplona.com\/actualidad\/wp-content\/uploads\/2022\/03\/ninos_educacion_adolescentes_TXIKI_1.jpg","datePublished":"2022-03-16T11:37:22+00:00","dateModified":"2023-04-11T09:48:24+00:00","description":"Se repartir\u00e1n 80.000 euros para fomentar la participaci\u00f3n de padres y madres en la vida y funcionamiento de los centros, a trav\u00e9s de actividades y servicios","breadcrumb":{"@id":"https:\/\/www.laguiadepamplona.com\/actualidad\/abierta-la-convocatoria-de-subvenciones-destinadas-a-apymas-de-centros-de-educacion-infantil-y-primaria-de-pamplona-y-a-federaciones-de-apymas\/#breadcrumb"},"inLanguage":"es","potentialAction":[{"@type":"ReadAction","target":["https:\/\/www.laguiadepamplona.com\/actualidad\/abierta-la-convocatoria-de-subvenciones-destinadas-a-apymas-de-centros-de-educacion-infantil-y-primaria-de-pamplona-y-a-federaciones-de-apymas\/"]}]},{"@type":"ImageObject","inLanguage":"es","@id":"https:\/\/www.laguiadepamplona.com\/actualidad\/abierta-la-convocatoria-de-subvenciones-destinadas-a-apymas-de-centros-de-educacion-infantil-y-primaria-de-pamplona-y-a-federaciones-de-apymas\/#primaryimage","url":"https:\/\/www.laguiadepamplona.com\/actualidad\/wp-content\/uploads\/2022\/03\/ninos_educacion_adolescentes_TXIKI_1.jpg","contentUrl":"https:\/\/www.laguiadepamplona.com\/actualidad\/wp-content\/uploads\/2022\/03\/ninos_educacion_adolescentes_TXIKI_1.jpg","width":1245,"height":829},{"@type":"BreadcrumbList","@id":"https:\/\/www.laguiadepamplona.com\/actualidad\/abierta-la-convocatoria-de-subvenciones-destinadas-a-apymas-de-centros-de-educacion-infantil-y-primaria-de-pamplona-y-a-federaciones-de-apymas\/#breadcrumb","itemListElement":[{"@type":"ListItem","position":1,"name":"Portada","item":"https:\/\/www.laguiadepamplona.com\/actualidad\/"},{"@type":"ListItem","position":2,"name":"Abierta la convocatoria de subvenciones destinadas a APYMAS de centros de Educaci\u00f3n Infantil y Primaria de Pamplona y a federaciones de APYMAS"}]},{"@type":"WebSite","@id":"https:\/\/www.laguiadepamplona.com\/actualidad\/#website","url":"https:\/\/www.laguiadepamplona.com\/actualidad\/","name":"La gu\u00eda de Pamplona","description":"Noticias de Pamplona","publisher":{"@id":"https:\/\/www.laguiadepamplona.com\/actualidad\/#organization"},"potentialAction":[{"@type":"SearchAction","target":{"@type":"EntryPoint","urlTemplate":"https:\/\/www.laguiadepamplona.com\/actualidad\/?s={search_term_string}"},"query-input":{"@type":"PropertyValueSpecification","valueRequired":true,"valueName":"search_term_string"}}],"inLanguage":"es"},{"@type":"Organization","@id":"https:\/\/www.laguiadepamplona.com\/actualidad\/#organization","name":"La Gu\u00eda de Pamplona \/ Noticias","url":"https:\/\/www.laguiadepamplona.com\/actualidad\/","logo":{"@type":"ImageObject","inLanguage":"es","@id":"https:\/\/www.laguiadepamplona.com\/actualidad\/#\/schema\/logo\/image\/","url":"https:\/\/www.laguiadepamplona.com\/actualidad\/wp-content\/uploads\/2018\/11\/logo-laguiadepamplona18-web1.png","contentUrl":"https:\/\/www.laguiadepamplona.com\/actualidad\/wp-content\/uploads\/2018\/11\/logo-laguiadepamplona18-web1.png","width":600,"height":196,"caption":"La Gu\u00eda de Pamplona \/ Noticias"},"image":{"@id":"https:\/\/www.laguiadepamplona.com\/actualidad\/#\/schema\/logo\/image\/"},"sameAs":["https:\/\/www.facebook.com\/laguiadepamplonacom-133175176762273\/?ref=hl","https:\/\/x.com\/LaGuiadPamplona","https:\/\/www.instagram.com\/la_guia_de_pamplona\/","https:\/\/www.youtube.com\/user\/laguiadepamplona"]},{"@type":"Person","@id":"https:\/\/www.laguiadepamplona.com\/actualidad\/#\/schema\/person\/efe887376f0213d4657c93adc50b1fdb","name":"La Gu\u00eda de Pamplona","image":{"@type":"ImageObject","inLanguage":"es","@id":"https:\/\/secure.gravatar.com\/avatar\/b6992f131dc8d30ab0dff15446e9d346d9dbd95992de0fef795073f5ea83a81c?s=96&d=mm&r=g","url":"https:\/\/secure.gravatar.com\/avatar\/b6992f131dc8d30ab0dff15446e9d346d9dbd95992de0fef795073f5ea83a81c?s=96&d=mm&r=g","contentUrl":"https:\/\/secure.gravatar.com\/avatar\/b6992f131dc8d30ab0dff15446e9d346d9dbd95992de0fef795073f5ea83a81c?s=96&d=mm&r=g","caption":"La Gu\u00eda de Pamplona"}}]}},"post_mailing_queue_ids":[],"_links":{"self":[{"href":"https:\/\/www.laguiadepamplona.com\/actualidad\/wp-json\/wp\/v2\/posts\/39421","targetHints":{"allow":["GET"]}}],"collection":[{"href":"https:\/\/www.laguiadepamplona.com\/actualidad\/wp-json\/wp\/v2\/posts"}],"about":[{"href":"https:\/\/www.laguiadepamplona.com\/actualidad\/wp-json\/wp\/v2\/types\/post"}],"author":[{"embeddable":true,"href":"https:\/\/www.laguiadepamplona.com\/actualidad\/wp-json\/wp\/v2\/users\/1"}],"replies":[{"embeddable":true,"href":"https:\/\/www.laguiadepamplona.com\/actualidad\/wp-json\/wp\/v2\/comments?post=39421"}],"version-history":[{"count":0,"href":"https:\/\/www.laguiadepamplona.com\/actualidad\/wp-json\/wp\/v2\/posts\/39421\/revisions"}],"wp:featuredmedia":[{"embeddable":true,"href":"https:\/\/www.laguiadepamplona.com\/actualidad\/wp-json\/wp\/v2\/media\/39422"}],"wp:attachment":[{"href":"https:\/\/www.laguiadepamplona.com\/actualidad\/wp-json\/wp\/v2\/media?parent=39421"}],"wp:term":[{"taxonomy":"category","embeddable":true,"href":"https:\/\/www.laguiadepamplona.com\/actualidad\/wp-json\/wp\/v2\/categories?post=39421"},{"taxonomy":"post_tag","embeddable":true,"href":"https:\/\/www.laguiadepamplona.com\/actualidad\/wp-json\/wp\/v2\/tags?post=39421"}],"curies":[{"name":"wp","href":"https:\/\/api.w.org\/{rel}","templated":true}]}}