{"id":39403,"date":"2022-03-15T16:50:13","date_gmt":"2022-03-15T14:50:13","guid":{"rendered":"https:\/\/www.laguiadepamplona.com\/actualidad\/?p=39403"},"modified":"2023-04-11T11:48:24","modified_gmt":"2023-04-11T09:48:24","slug":"esta-manana-se-ha-reunido-en-pamplona-la-junta-directiva-de-la-asociacion-de-municipios-del-camino-de-santiago-bajo-la-presidencia-de-enrique-maya","status":"publish","type":"post","link":"https:\/\/www.laguiadepamplona.com\/actualidad\/esta-manana-se-ha-reunido-en-pamplona-la-junta-directiva-de-la-asociacion-de-municipios-del-camino-de-santiago-bajo-la-presidencia-de-enrique-maya\/","title":{"rendered":"Esta ma\u00f1ana se ha reunido en Pamplona la Junta Directiva de la Asociaci\u00f3n de Municipios del Camino de Santiago, bajo la presidencia de Enrique Maya"},"content":{"rendered":"<h5>Es la primera reuni\u00f3n de la nueva junta, en la que se ha abordado los siguientes ejes de trabajo para la impulsar la Ruta Jacobea<\/h5>\n<p><!--more--><\/p>\n<p>Esta ma\u00f1ana, bajo la presidencia del alcalde de la ciudad, Enrique Maya, se ha reunido la nueva Junta Directiva de la Asociaci\u00f3n de Municipios del Camino de Santiago (AMCS) en el Palacio del Condestable (Pamplona). Elegida en la VI Asamblea General celebrada en Burgos el pasado d\u00eda 11 de febrero, en esta primera sesi\u00f3n ha trabajado sobre un orden del d\u00eda que recog\u00eda informar a los nuevos miembros de la situaci\u00f3n y estado de cuentas de la AMCS, as\u00ed como de las propuestas para el periodo que se inicia ahora con la nueva direcci\u00f3n.<br \/>\n<script async src=\"\/\/pagead2.googlesyndication.com\/pagead\/js\/adsbygoogle.js\"><\/script><br \/>\n<!-- Noticias La Guia de Pamplona --><br \/>\n<ins class=\"adsbygoogle\"\nstyle=\"display:block\"\ndata-ad-client=\"ca-pub-6943679897239327\"\ndata-ad-slot=\"7048180777\"\ndata-ad-format=\"auto\"><\/ins><br \/>\n<script>\n(adsbygoogle = window.adsbygoogle || []).push({});\n<\/script><\/p>\n<p>La Asociaci\u00f3n de Municipios del Camino de Santiago (AMCS) es una entidad sin \u00e1nimo de lucro integrada por 110 municipios del Camino Franc\u00e9s, asociados para establecer relaciones de cooperaci\u00f3n entre los municipios de este itinerario, promoviendo los medios y recursos para ejecutar proyectos e iniciativas de inter\u00e9s com\u00fan. Desde este foro se colabora tambi\u00e9n con el resto de instituciones p\u00fablicas y privadas, promocionando la labor que realizan las Asociaciones de Amigos del Camino de Santiago y promoviendo iniciativas de intercambio de experiencias.<\/p>\n<p>Los principios rectores de la entidad son, como los que encarna la Ruta Jacobea, la cooperaci\u00f3n y el respeto a la diversidad. Y es que AMCS sit\u00faa el Camino entre los tesoros patrimoniales que ha recibido como legado y que debe protegerse para las futuras generaciones. Adem\u00e1s de su vertiente espiritual para los peregrinos, se ha demostrado que conlleva tambi\u00e9n un enriquecimiento sociocultural y material para las poblaciones por las que trascurre. Como ejemplos del trabajo que se realiza, el pasado a\u00f1o la AMCS llevaron a cabo tres nuevos servicios informativos exclusivos para peregrinos: un Mapa de las restricciones Covid-19 del Camino Franc\u00e9s, otro sobre los albergues abiertos en el Camino y un tercero para gestionar la ocupaci\u00f3n de estas dotaciones, los \u2018Albergues LoT\u2019.<\/p>\n<p>La asociaci\u00f3n se constituy\u00f3 el 10 de noviembre de 2015 en el Teatro Principal de Burgos en con los 42 primeros asociados y un \u00e1mbito territorial que cubre cinco comunidades aut\u00f3nomas: Arag\u00f3n, Navarra, La Rioja, Castilla y Le\u00f3n y Galicia, aunque en estos a\u00f1os se han establecido relaciones de colaboraci\u00f3n con entidades extranjeras como con ACIR COMPOSTELLE (Francia). El Camino Franc\u00e9s est\u00e1 declarado por la UNESCO \u2018Patrimonio mundial\u2019.<br \/>\n<script async src=\"\/\/pagead2.googlesyndication.com\/pagead\/js\/adsbygoogle.js\"><\/script><br \/>\n<!-- Noticias La Guia de Pamplona --><br \/>\n<ins class=\"adsbygoogle\"\nstyle=\"display:block\"\ndata-ad-client=\"ca-pub-6943679897239327\"\ndata-ad-slot=\"7048180777\"\ndata-ad-format=\"auto\"><\/ins><br \/>\n<script>\n(adsbygoogle = window.adsbygoogle || []).push({});\n<\/script><\/p>\n<p><strong>Los \u00f3rganos de participaci\u00f3n<\/strong><\/p>\n<p>Adem\u00e1s de la Junta Directiva que preside Pamplona, la entidad tiene una Asamblea General de miembros y desde entonces, se convocaron asambleas en Le\u00f3n, Santiago de Compostela, Estella, Logro\u00f1o y de nuevo en Burgos.<\/p>\n<p>En el trabajo de colaboraci\u00f3n de AMCS con entidades privadas, en 2018 se constituy\u00f3 en Astorga un Foro de Empresas vinculado en el que est\u00e1n, entre otras: Sacyr, Correos, Fundaci\u00f3n Once, Podoactiva, Sacyr, Renfe, Vocento, Planilandia, Caixa Bank, Trebo Tour, AENOR. El trabajo sectorial de este foro se encamina a consolidar el Camino de Santiago como un referente internacional, mejorar los servicios de la Ruta aplicando soluciones innovadoras, fomentar la actividad econ\u00f3mica en los municipios asociados y trabajar por la gesti\u00f3n del patrimonio cultural y medioambiental de una forma eficaz.<\/p>\n<p>Adem\u00e1s, la asociaci\u00f3n mantiene convenios de colaboraci\u00f3n con el Consejo Jacobeo (Ministerio de Educaci\u00f3n, Cultura y Deporte), el Grupo de Universidades Compostela, la Guardia Civil, etc.<br \/>\n<script async src=\"\/\/pagead2.googlesyndication.com\/pagead\/js\/adsbygoogle.js\"><\/script><br \/>\n<!-- Noticias La Guia de Pamplona --><br \/>\n<ins class=\"adsbygoogle\"\nstyle=\"display:block\"\ndata-ad-client=\"ca-pub-6943679897239327\"\ndata-ad-slot=\"7048180777\"\ndata-ad-format=\"auto\"><\/ins><br \/>\n<script>\n(adsbygoogle = window.adsbygoogle || []).push({});\n<\/script><\/p>\n<p><strong>El comit\u00e9 cient\u00edfico<\/strong><\/p>\n<p>El objetivo final de todo este trabajo es fijar poblaci\u00f3n en los municipios del Camino Franc\u00e9s, mejorar la calidad de vida de la ciudadan\u00eda y las personas que peregrinan, y cuidar de un importante patrimonio hist\u00f3rico-art\u00edstico material e inmaterial que se dispone a lo largo de m\u00e1s de 1.000 kil\u00f3metros con car\u00e1cter transfronterizos.<\/p>\n<p>De hecho, la AMCS se asiste desde 2017 de un comit\u00e9 cient\u00edfico multidisciplinar coordinado por Javier Garc\u00eda Turza, profesor de la Universidad de La Rioja, al que acompa\u00f1an diversos acad\u00e9micos y que se configura como un \u00f3rgano consultor especializado. La sede permanente del comit\u00e9 cient\u00edfico est\u00e1 radicada en Logro\u00f1o (La Rioja).<\/p>\n<p>Adem\u00e1s de la profesora Ainhoa Urtasun Alonso, de la Universidad P\u00fablica de Navarra (UPNA), y de representantes de la Escuela Superior de Comercio de Pau y la Universidad de Toulouse (ambas en Francia), entre los miembros del comit\u00e9 hay representaci\u00f3n de las universidades de Salamanca, Le\u00f3n, Burgos, Santiago o la Rioja, as\u00ed como del Archivo Hist\u00f3rico Nacional, la Fundaci\u00f3n L\u00e1zaro Galdiano o el centro Superior de Investigaciones Cient\u00edficas, CSIC.<br \/>\n<script async src=\"\/\/pagead2.googlesyndication.com\/pagead\/js\/adsbygoogle.js\"><\/script><br \/>\n<!-- Noticias La Guia de Pamplona --><br \/>\n<ins class=\"adsbygoogle\"\nstyle=\"display:block\"\ndata-ad-client=\"ca-pub-6943679897239327\"\ndata-ad-slot=\"7048180777\"\ndata-ad-format=\"auto\"><\/ins><br \/>\n<script>\n(adsbygoogle = window.adsbygoogle || []).push({});\n<\/script><\/p>\n<p>&nbsp;<\/p>\n<h3>Junta directiva de la Asociaci\u00f3n de Municipios del Camino de Santiago<\/h3>\n<ul>\n<li>Presidencia: Enrique Maya, alcalde de Pamplona (Navarra)<\/li>\n<li>Vicepresidencia 1\u00ba: Daniel de la Rosa, alcalde de Burgos (Castilla y Le\u00f3n)<\/li>\n<li>Vicepresidencia 2\u00ba: Maria Olga Iglesias, alcaldesa de Triacastela (Galicia)<\/li>\n<li>Secretar\u00eda: Luis Javier Solana, alcalde de Artieda (Arag\u00f3n)<\/li>\n<li>Tesorero: Jon\u00e1s Olarte, alcalde de N\u00e1jera (La Rioja)<\/li>\n<li>Vocales: representantes de los municipios de Villan\u00faa (Arag\u00f3n), Luzaide-Valcarlos (Navarra), Azofra (La Rioja), Belorado, Villalc\u00e1zar de Sirga y Sahag\u00fan (Castilla y Le\u00f3n), O Pino (Galicia) y Santiago de Compostela (Galicia)<\/li>\n<\/ul>\n","protected":false},"excerpt":{"rendered":"<p>Es la primera reuni\u00f3n de la nueva junta, en la que se ha abordado los siguientes ejes de trabajo para la impulsar la Ruta Jacobea<\/p>\n","protected":false},"author":1,"featured_media":39404,"comment_status":"open","ping_status":"closed","sticky":false,"template":"","format":"standard","meta":{"footnotes":""},"categories":[2],"tags":[],"class_list":["post-39403","post","type-post","status-publish","format-standard","has-post-thumbnail","hentry","category-ayuntamiento-pamplona"],"yoast_head":"<!-- This site is optimized with the Yoast SEO plugin v27.5 - https:\/\/yoast.com\/product\/yoast-seo-wordpress\/ -->\n<title>Esta ma\u00f1ana se ha reunido en Pamplona la Junta Directiva de la Asociaci\u00f3n de Municipios del Camino de Santiago, bajo la presidencia de Enrique Maya<\/title>\n<meta name=\"description\" content=\"Es la primera reuni\u00f3n de la nueva junta, en la que se ha abordado los siguientes ejes de trabajo para la impulsar la Ruta Jacobea\" \/>\n<meta name=\"robots\" content=\"index, follow, max-snippet:-1, max-image-preview:large, max-video-preview:-1\" \/>\n<link rel=\"canonical\" href=\"https:\/\/www.laguiadepamplona.com\/actualidad\/esta-manana-se-ha-reunido-en-pamplona-la-junta-directiva-de-la-asociacion-de-municipios-del-camino-de-santiago-bajo-la-presidencia-de-enrique-maya\/\" \/>\n<meta property=\"og:locale\" content=\"es_ES\" \/>\n<meta property=\"og:type\" content=\"article\" \/>\n<meta property=\"og:title\" content=\"Esta ma\u00f1ana se ha reunido en Pamplona la Junta Directiva de la Asociaci\u00f3n de Municipios del Camino de Santiago, bajo la presidencia de Enrique Maya\" \/>\n<meta property=\"og:description\" content=\"Es la primera reuni\u00f3n de la nueva junta, en la que se ha abordado los siguientes ejes de trabajo para la impulsar la Ruta Jacobea\" \/>\n<meta property=\"og:url\" content=\"https:\/\/www.laguiadepamplona.com\/actualidad\/esta-manana-se-ha-reunido-en-pamplona-la-junta-directiva-de-la-asociacion-de-municipios-del-camino-de-santiago-bajo-la-presidencia-de-enrique-maya\/\" \/>\n<meta property=\"og:site_name\" content=\"La Gu\u00eda de Pamplona\" \/>\n<meta property=\"article:publisher\" content=\"https:\/\/www.facebook.com\/laguiadepamplonacom-133175176762273\/?ref=hl\" \/>\n<meta property=\"article:published_time\" content=\"2022-03-15T14:50:13+00:00\" \/>\n<meta property=\"article:modified_time\" content=\"2023-04-11T09:48:24+00:00\" \/>\n<meta property=\"og:image\" content=\"https:\/\/www.laguiadepamplona.com\/actualidad\/wp-content\/uploads\/2022\/03\/reunion-municipios-camino-santiago.jpg\" \/>\n\t<meta property=\"og:image:width\" content=\"1920\" \/>\n\t<meta property=\"og:image:height\" content=\"1281\" \/>\n\t<meta property=\"og:image:type\" content=\"image\/jpeg\" \/>\n<meta name=\"author\" content=\"La Gu\u00eda de Pamplona\" \/>\n<meta name=\"twitter:card\" content=\"summary_large_image\" \/>\n<meta name=\"twitter:creator\" content=\"@LaGuiadPamplona\" \/>\n<meta name=\"twitter:site\" content=\"@LaGuiadPamplona\" \/>\n<meta name=\"twitter:label1\" content=\"Escrito por\" \/>\n\t<meta name=\"twitter:data1\" content=\"La Gu\u00eda de Pamplona\" \/>\n\t<meta name=\"twitter:label2\" content=\"Tiempo de lectura\" \/>\n\t<meta name=\"twitter:data2\" content=\"4 minutos\" \/>\n<script type=\"application\/ld+json\" class=\"yoast-schema-graph\">{\"@context\":\"https:\\\/\\\/schema.org\",\"@graph\":[{\"@type\":\"Article\",\"@id\":\"https:\\\/\\\/www.laguiadepamplona.com\\\/actualidad\\\/esta-manana-se-ha-reunido-en-pamplona-la-junta-directiva-de-la-asociacion-de-municipios-del-camino-de-santiago-bajo-la-presidencia-de-enrique-maya\\\/#article\",\"isPartOf\":{\"@id\":\"https:\\\/\\\/www.laguiadepamplona.com\\\/actualidad\\\/esta-manana-se-ha-reunido-en-pamplona-la-junta-directiva-de-la-asociacion-de-municipios-del-camino-de-santiago-bajo-la-presidencia-de-enrique-maya\\\/\"},\"author\":{\"name\":\"La Gu\u00eda de Pamplona\",\"@id\":\"https:\\\/\\\/www.laguiadepamplona.com\\\/actualidad\\\/#\\\/schema\\\/person\\\/efe887376f0213d4657c93adc50b1fdb\"},\"headline\":\"Esta ma\u00f1ana se ha reunido en Pamplona la Junta Directiva de la Asociaci\u00f3n de Municipios del Camino de Santiago, bajo la presidencia de Enrique Maya\",\"datePublished\":\"2022-03-15T14:50:13+00:00\",\"dateModified\":\"2023-04-11T09:48:24+00:00\",\"mainEntityOfPage\":{\"@id\":\"https:\\\/\\\/www.laguiadepamplona.com\\\/actualidad\\\/esta-manana-se-ha-reunido-en-pamplona-la-junta-directiva-de-la-asociacion-de-municipios-del-camino-de-santiago-bajo-la-presidencia-de-enrique-maya\\\/\"},\"wordCount\":903,\"commentCount\":0,\"publisher\":{\"@id\":\"https:\\\/\\\/www.laguiadepamplona.com\\\/actualidad\\\/#organization\"},\"image\":{\"@id\":\"https:\\\/\\\/www.laguiadepamplona.com\\\/actualidad\\\/esta-manana-se-ha-reunido-en-pamplona-la-junta-directiva-de-la-asociacion-de-municipios-del-camino-de-santiago-bajo-la-presidencia-de-enrique-maya\\\/#primaryimage\"},\"thumbnailUrl\":\"https:\\\/\\\/www.laguiadepamplona.com\\\/actualidad\\\/wp-content\\\/uploads\\\/2022\\\/03\\\/reunion-municipios-camino-santiago.jpg\",\"articleSection\":[\"Ayto Pamplona\"],\"inLanguage\":\"es\",\"potentialAction\":[{\"@type\":\"CommentAction\",\"name\":\"Comment\",\"target\":[\"https:\\\/\\\/www.laguiadepamplona.com\\\/actualidad\\\/esta-manana-se-ha-reunido-en-pamplona-la-junta-directiva-de-la-asociacion-de-municipios-del-camino-de-santiago-bajo-la-presidencia-de-enrique-maya\\\/#respond\"]}]},{\"@type\":\"WebPage\",\"@id\":\"https:\\\/\\\/www.laguiadepamplona.com\\\/actualidad\\\/esta-manana-se-ha-reunido-en-pamplona-la-junta-directiva-de-la-asociacion-de-municipios-del-camino-de-santiago-bajo-la-presidencia-de-enrique-maya\\\/\",\"url\":\"https:\\\/\\\/www.laguiadepamplona.com\\\/actualidad\\\/esta-manana-se-ha-reunido-en-pamplona-la-junta-directiva-de-la-asociacion-de-municipios-del-camino-de-santiago-bajo-la-presidencia-de-enrique-maya\\\/\",\"name\":\"Esta ma\u00f1ana se ha reunido en Pamplona la Junta Directiva de la Asociaci\u00f3n de Municipios del Camino de Santiago, bajo la presidencia de Enrique Maya\",\"isPartOf\":{\"@id\":\"https:\\\/\\\/www.laguiadepamplona.com\\\/actualidad\\\/#website\"},\"primaryImageOfPage\":{\"@id\":\"https:\\\/\\\/www.laguiadepamplona.com\\\/actualidad\\\/esta-manana-se-ha-reunido-en-pamplona-la-junta-directiva-de-la-asociacion-de-municipios-del-camino-de-santiago-bajo-la-presidencia-de-enrique-maya\\\/#primaryimage\"},\"image\":{\"@id\":\"https:\\\/\\\/www.laguiadepamplona.com\\\/actualidad\\\/esta-manana-se-ha-reunido-en-pamplona-la-junta-directiva-de-la-asociacion-de-municipios-del-camino-de-santiago-bajo-la-presidencia-de-enrique-maya\\\/#primaryimage\"},\"thumbnailUrl\":\"https:\\\/\\\/www.laguiadepamplona.com\\\/actualidad\\\/wp-content\\\/uploads\\\/2022\\\/03\\\/reunion-municipios-camino-santiago.jpg\",\"datePublished\":\"2022-03-15T14:50:13+00:00\",\"dateModified\":\"2023-04-11T09:48:24+00:00\",\"description\":\"Es la primera reuni\u00f3n de la nueva junta, en la que se ha abordado los siguientes ejes de trabajo para la impulsar la Ruta Jacobea\",\"breadcrumb\":{\"@id\":\"https:\\\/\\\/www.laguiadepamplona.com\\\/actualidad\\\/esta-manana-se-ha-reunido-en-pamplona-la-junta-directiva-de-la-asociacion-de-municipios-del-camino-de-santiago-bajo-la-presidencia-de-enrique-maya\\\/#breadcrumb\"},\"inLanguage\":\"es\",\"potentialAction\":[{\"@type\":\"ReadAction\",\"target\":[\"https:\\\/\\\/www.laguiadepamplona.com\\\/actualidad\\\/esta-manana-se-ha-reunido-en-pamplona-la-junta-directiva-de-la-asociacion-de-municipios-del-camino-de-santiago-bajo-la-presidencia-de-enrique-maya\\\/\"]}]},{\"@type\":\"ImageObject\",\"inLanguage\":\"es\",\"@id\":\"https:\\\/\\\/www.laguiadepamplona.com\\\/actualidad\\\/esta-manana-se-ha-reunido-en-pamplona-la-junta-directiva-de-la-asociacion-de-municipios-del-camino-de-santiago-bajo-la-presidencia-de-enrique-maya\\\/#primaryimage\",\"url\":\"https:\\\/\\\/www.laguiadepamplona.com\\\/actualidad\\\/wp-content\\\/uploads\\\/2022\\\/03\\\/reunion-municipios-camino-santiago.jpg\",\"contentUrl\":\"https:\\\/\\\/www.laguiadepamplona.com\\\/actualidad\\\/wp-content\\\/uploads\\\/2022\\\/03\\\/reunion-municipios-camino-santiago.jpg\",\"width\":1920,\"height\":1281},{\"@type\":\"BreadcrumbList\",\"@id\":\"https:\\\/\\\/www.laguiadepamplona.com\\\/actualidad\\\/esta-manana-se-ha-reunido-en-pamplona-la-junta-directiva-de-la-asociacion-de-municipios-del-camino-de-santiago-bajo-la-presidencia-de-enrique-maya\\\/#breadcrumb\",\"itemListElement\":[{\"@type\":\"ListItem\",\"position\":1,\"name\":\"Portada\",\"item\":\"https:\\\/\\\/www.laguiadepamplona.com\\\/actualidad\\\/\"},{\"@type\":\"ListItem\",\"position\":2,\"name\":\"Esta ma\u00f1ana se ha reunido en Pamplona la Junta Directiva de la Asociaci\u00f3n de Municipios del Camino de Santiago, bajo la presidencia de Enrique Maya\"}]},{\"@type\":\"WebSite\",\"@id\":\"https:\\\/\\\/www.laguiadepamplona.com\\\/actualidad\\\/#website\",\"url\":\"https:\\\/\\\/www.laguiadepamplona.com\\\/actualidad\\\/\",\"name\":\"La gu\u00eda de Pamplona\",\"description\":\"Noticias de Pamplona\",\"publisher\":{\"@id\":\"https:\\\/\\\/www.laguiadepamplona.com\\\/actualidad\\\/#organization\"},\"potentialAction\":[{\"@type\":\"SearchAction\",\"target\":{\"@type\":\"EntryPoint\",\"urlTemplate\":\"https:\\\/\\\/www.laguiadepamplona.com\\\/actualidad\\\/?s={search_term_string}\"},\"query-input\":{\"@type\":\"PropertyValueSpecification\",\"valueRequired\":true,\"valueName\":\"search_term_string\"}}],\"inLanguage\":\"es\"},{\"@type\":\"Organization\",\"@id\":\"https:\\\/\\\/www.laguiadepamplona.com\\\/actualidad\\\/#organization\",\"name\":\"La Gu\u00eda de Pamplona \\\/ Noticias\",\"url\":\"https:\\\/\\\/www.laguiadepamplona.com\\\/actualidad\\\/\",\"logo\":{\"@type\":\"ImageObject\",\"inLanguage\":\"es\",\"@id\":\"https:\\\/\\\/www.laguiadepamplona.com\\\/actualidad\\\/#\\\/schema\\\/logo\\\/image\\\/\",\"url\":\"https:\\\/\\\/www.laguiadepamplona.com\\\/actualidad\\\/wp-content\\\/uploads\\\/2018\\\/11\\\/logo-laguiadepamplona18-web1.png\",\"contentUrl\":\"https:\\\/\\\/www.laguiadepamplona.com\\\/actualidad\\\/wp-content\\\/uploads\\\/2018\\\/11\\\/logo-laguiadepamplona18-web1.png\",\"width\":600,\"height\":196,\"caption\":\"La Gu\u00eda de Pamplona \\\/ Noticias\"},\"image\":{\"@id\":\"https:\\\/\\\/www.laguiadepamplona.com\\\/actualidad\\\/#\\\/schema\\\/logo\\\/image\\\/\"},\"sameAs\":[\"https:\\\/\\\/www.facebook.com\\\/laguiadepamplonacom-133175176762273\\\/?ref=hl\",\"https:\\\/\\\/x.com\\\/LaGuiadPamplona\",\"https:\\\/\\\/www.instagram.com\\\/la_guia_de_pamplona\\\/\",\"https:\\\/\\\/www.youtube.com\\\/user\\\/laguiadepamplona\"]},{\"@type\":\"Person\",\"@id\":\"https:\\\/\\\/www.laguiadepamplona.com\\\/actualidad\\\/#\\\/schema\\\/person\\\/efe887376f0213d4657c93adc50b1fdb\",\"name\":\"La Gu\u00eda de Pamplona\",\"image\":{\"@type\":\"ImageObject\",\"inLanguage\":\"es\",\"@id\":\"https:\\\/\\\/secure.gravatar.com\\\/avatar\\\/b6992f131dc8d30ab0dff15446e9d346d9dbd95992de0fef795073f5ea83a81c?s=96&d=mm&r=g\",\"url\":\"https:\\\/\\\/secure.gravatar.com\\\/avatar\\\/b6992f131dc8d30ab0dff15446e9d346d9dbd95992de0fef795073f5ea83a81c?s=96&d=mm&r=g\",\"contentUrl\":\"https:\\\/\\\/secure.gravatar.com\\\/avatar\\\/b6992f131dc8d30ab0dff15446e9d346d9dbd95992de0fef795073f5ea83a81c?s=96&d=mm&r=g\",\"caption\":\"La Gu\u00eda de Pamplona\"}}]}<\/script>\n<!-- \/ Yoast SEO plugin. -->","yoast_head_json":{"title":"Esta ma\u00f1ana se ha reunido en Pamplona la Junta Directiva de la Asociaci\u00f3n de Municipios del Camino de Santiago, bajo la presidencia de Enrique Maya","description":"Es la primera reuni\u00f3n de la nueva junta, en la que se ha abordado los siguientes ejes de trabajo para la impulsar la Ruta Jacobea","robots":{"index":"index","follow":"follow","max-snippet":"max-snippet:-1","max-image-preview":"max-image-preview:large","max-video-preview":"max-video-preview:-1"},"canonical":"https:\/\/www.laguiadepamplona.com\/actualidad\/esta-manana-se-ha-reunido-en-pamplona-la-junta-directiva-de-la-asociacion-de-municipios-del-camino-de-santiago-bajo-la-presidencia-de-enrique-maya\/","og_locale":"es_ES","og_type":"article","og_title":"Esta ma\u00f1ana se ha reunido en Pamplona la Junta Directiva de la Asociaci\u00f3n de Municipios del Camino de Santiago, bajo la presidencia de Enrique Maya","og_description":"Es la primera reuni\u00f3n de la nueva junta, en la que se ha abordado los siguientes ejes de trabajo para la impulsar la Ruta Jacobea","og_url":"https:\/\/www.laguiadepamplona.com\/actualidad\/esta-manana-se-ha-reunido-en-pamplona-la-junta-directiva-de-la-asociacion-de-municipios-del-camino-de-santiago-bajo-la-presidencia-de-enrique-maya\/","og_site_name":"La Gu\u00eda de Pamplona","article_publisher":"https:\/\/www.facebook.com\/laguiadepamplonacom-133175176762273\/?ref=hl","article_published_time":"2022-03-15T14:50:13+00:00","article_modified_time":"2023-04-11T09:48:24+00:00","og_image":[{"width":1920,"height":1281,"url":"https:\/\/www.laguiadepamplona.com\/actualidad\/wp-content\/uploads\/2022\/03\/reunion-municipios-camino-santiago.jpg","type":"image\/jpeg"}],"author":"La Gu\u00eda de Pamplona","twitter_card":"summary_large_image","twitter_creator":"@LaGuiadPamplona","twitter_site":"@LaGuiadPamplona","twitter_misc":{"Escrito por":"La Gu\u00eda de Pamplona","Tiempo de lectura":"4 minutos"},"schema":{"@context":"https:\/\/schema.org","@graph":[{"@type":"Article","@id":"https:\/\/www.laguiadepamplona.com\/actualidad\/esta-manana-se-ha-reunido-en-pamplona-la-junta-directiva-de-la-asociacion-de-municipios-del-camino-de-santiago-bajo-la-presidencia-de-enrique-maya\/#article","isPartOf":{"@id":"https:\/\/www.laguiadepamplona.com\/actualidad\/esta-manana-se-ha-reunido-en-pamplona-la-junta-directiva-de-la-asociacion-de-municipios-del-camino-de-santiago-bajo-la-presidencia-de-enrique-maya\/"},"author":{"name":"La Gu\u00eda de Pamplona","@id":"https:\/\/www.laguiadepamplona.com\/actualidad\/#\/schema\/person\/efe887376f0213d4657c93adc50b1fdb"},"headline":"Esta ma\u00f1ana se ha reunido en Pamplona la Junta Directiva de la Asociaci\u00f3n de Municipios del Camino de Santiago, bajo la presidencia de Enrique Maya","datePublished":"2022-03-15T14:50:13+00:00","dateModified":"2023-04-11T09:48:24+00:00","mainEntityOfPage":{"@id":"https:\/\/www.laguiadepamplona.com\/actualidad\/esta-manana-se-ha-reunido-en-pamplona-la-junta-directiva-de-la-asociacion-de-municipios-del-camino-de-santiago-bajo-la-presidencia-de-enrique-maya\/"},"wordCount":903,"commentCount":0,"publisher":{"@id":"https:\/\/www.laguiadepamplona.com\/actualidad\/#organization"},"image":{"@id":"https:\/\/www.laguiadepamplona.com\/actualidad\/esta-manana-se-ha-reunido-en-pamplona-la-junta-directiva-de-la-asociacion-de-municipios-del-camino-de-santiago-bajo-la-presidencia-de-enrique-maya\/#primaryimage"},"thumbnailUrl":"https:\/\/www.laguiadepamplona.com\/actualidad\/wp-content\/uploads\/2022\/03\/reunion-municipios-camino-santiago.jpg","articleSection":["Ayto Pamplona"],"inLanguage":"es","potentialAction":[{"@type":"CommentAction","name":"Comment","target":["https:\/\/www.laguiadepamplona.com\/actualidad\/esta-manana-se-ha-reunido-en-pamplona-la-junta-directiva-de-la-asociacion-de-municipios-del-camino-de-santiago-bajo-la-presidencia-de-enrique-maya\/#respond"]}]},{"@type":"WebPage","@id":"https:\/\/www.laguiadepamplona.com\/actualidad\/esta-manana-se-ha-reunido-en-pamplona-la-junta-directiva-de-la-asociacion-de-municipios-del-camino-de-santiago-bajo-la-presidencia-de-enrique-maya\/","url":"https:\/\/www.laguiadepamplona.com\/actualidad\/esta-manana-se-ha-reunido-en-pamplona-la-junta-directiva-de-la-asociacion-de-municipios-del-camino-de-santiago-bajo-la-presidencia-de-enrique-maya\/","name":"Esta ma\u00f1ana se ha reunido en Pamplona la Junta Directiva de la Asociaci\u00f3n de Municipios del Camino de Santiago, bajo la presidencia de Enrique Maya","isPartOf":{"@id":"https:\/\/www.laguiadepamplona.com\/actualidad\/#website"},"primaryImageOfPage":{"@id":"https:\/\/www.laguiadepamplona.com\/actualidad\/esta-manana-se-ha-reunido-en-pamplona-la-junta-directiva-de-la-asociacion-de-municipios-del-camino-de-santiago-bajo-la-presidencia-de-enrique-maya\/#primaryimage"},"image":{"@id":"https:\/\/www.laguiadepamplona.com\/actualidad\/esta-manana-se-ha-reunido-en-pamplona-la-junta-directiva-de-la-asociacion-de-municipios-del-camino-de-santiago-bajo-la-presidencia-de-enrique-maya\/#primaryimage"},"thumbnailUrl":"https:\/\/www.laguiadepamplona.com\/actualidad\/wp-content\/uploads\/2022\/03\/reunion-municipios-camino-santiago.jpg","datePublished":"2022-03-15T14:50:13+00:00","dateModified":"2023-04-11T09:48:24+00:00","description":"Es la primera reuni\u00f3n de la nueva junta, en la que se ha abordado los siguientes ejes de trabajo para la impulsar la Ruta Jacobea","breadcrumb":{"@id":"https:\/\/www.laguiadepamplona.com\/actualidad\/esta-manana-se-ha-reunido-en-pamplona-la-junta-directiva-de-la-asociacion-de-municipios-del-camino-de-santiago-bajo-la-presidencia-de-enrique-maya\/#breadcrumb"},"inLanguage":"es","potentialAction":[{"@type":"ReadAction","target":["https:\/\/www.laguiadepamplona.com\/actualidad\/esta-manana-se-ha-reunido-en-pamplona-la-junta-directiva-de-la-asociacion-de-municipios-del-camino-de-santiago-bajo-la-presidencia-de-enrique-maya\/"]}]},{"@type":"ImageObject","inLanguage":"es","@id":"https:\/\/www.laguiadepamplona.com\/actualidad\/esta-manana-se-ha-reunido-en-pamplona-la-junta-directiva-de-la-asociacion-de-municipios-del-camino-de-santiago-bajo-la-presidencia-de-enrique-maya\/#primaryimage","url":"https:\/\/www.laguiadepamplona.com\/actualidad\/wp-content\/uploads\/2022\/03\/reunion-municipios-camino-santiago.jpg","contentUrl":"https:\/\/www.laguiadepamplona.com\/actualidad\/wp-content\/uploads\/2022\/03\/reunion-municipios-camino-santiago.jpg","width":1920,"height":1281},{"@type":"BreadcrumbList","@id":"https:\/\/www.laguiadepamplona.com\/actualidad\/esta-manana-se-ha-reunido-en-pamplona-la-junta-directiva-de-la-asociacion-de-municipios-del-camino-de-santiago-bajo-la-presidencia-de-enrique-maya\/#breadcrumb","itemListElement":[{"@type":"ListItem","position":1,"name":"Portada","item":"https:\/\/www.laguiadepamplona.com\/actualidad\/"},{"@type":"ListItem","position":2,"name":"Esta ma\u00f1ana se ha reunido en Pamplona la Junta Directiva de la Asociaci\u00f3n de Municipios del Camino de Santiago, bajo la presidencia de Enrique Maya"}]},{"@type":"WebSite","@id":"https:\/\/www.laguiadepamplona.com\/actualidad\/#website","url":"https:\/\/www.laguiadepamplona.com\/actualidad\/","name":"La gu\u00eda de Pamplona","description":"Noticias de Pamplona","publisher":{"@id":"https:\/\/www.laguiadepamplona.com\/actualidad\/#organization"},"potentialAction":[{"@type":"SearchAction","target":{"@type":"EntryPoint","urlTemplate":"https:\/\/www.laguiadepamplona.com\/actualidad\/?s={search_term_string}"},"query-input":{"@type":"PropertyValueSpecification","valueRequired":true,"valueName":"search_term_string"}}],"inLanguage":"es"},{"@type":"Organization","@id":"https:\/\/www.laguiadepamplona.com\/actualidad\/#organization","name":"La Gu\u00eda de Pamplona \/ Noticias","url":"https:\/\/www.laguiadepamplona.com\/actualidad\/","logo":{"@type":"ImageObject","inLanguage":"es","@id":"https:\/\/www.laguiadepamplona.com\/actualidad\/#\/schema\/logo\/image\/","url":"https:\/\/www.laguiadepamplona.com\/actualidad\/wp-content\/uploads\/2018\/11\/logo-laguiadepamplona18-web1.png","contentUrl":"https:\/\/www.laguiadepamplona.com\/actualidad\/wp-content\/uploads\/2018\/11\/logo-laguiadepamplona18-web1.png","width":600,"height":196,"caption":"La Gu\u00eda de Pamplona \/ Noticias"},"image":{"@id":"https:\/\/www.laguiadepamplona.com\/actualidad\/#\/schema\/logo\/image\/"},"sameAs":["https:\/\/www.facebook.com\/laguiadepamplonacom-133175176762273\/?ref=hl","https:\/\/x.com\/LaGuiadPamplona","https:\/\/www.instagram.com\/la_guia_de_pamplona\/","https:\/\/www.youtube.com\/user\/laguiadepamplona"]},{"@type":"Person","@id":"https:\/\/www.laguiadepamplona.com\/actualidad\/#\/schema\/person\/efe887376f0213d4657c93adc50b1fdb","name":"La Gu\u00eda de Pamplona","image":{"@type":"ImageObject","inLanguage":"es","@id":"https:\/\/secure.gravatar.com\/avatar\/b6992f131dc8d30ab0dff15446e9d346d9dbd95992de0fef795073f5ea83a81c?s=96&d=mm&r=g","url":"https:\/\/secure.gravatar.com\/avatar\/b6992f131dc8d30ab0dff15446e9d346d9dbd95992de0fef795073f5ea83a81c?s=96&d=mm&r=g","contentUrl":"https:\/\/secure.gravatar.com\/avatar\/b6992f131dc8d30ab0dff15446e9d346d9dbd95992de0fef795073f5ea83a81c?s=96&d=mm&r=g","caption":"La Gu\u00eda de Pamplona"}}]}},"post_mailing_queue_ids":[],"_links":{"self":[{"href":"https:\/\/www.laguiadepamplona.com\/actualidad\/wp-json\/wp\/v2\/posts\/39403","targetHints":{"allow":["GET"]}}],"collection":[{"href":"https:\/\/www.laguiadepamplona.com\/actualidad\/wp-json\/wp\/v2\/posts"}],"about":[{"href":"https:\/\/www.laguiadepamplona.com\/actualidad\/wp-json\/wp\/v2\/types\/post"}],"author":[{"embeddable":true,"href":"https:\/\/www.laguiadepamplona.com\/actualidad\/wp-json\/wp\/v2\/users\/1"}],"replies":[{"embeddable":true,"href":"https:\/\/www.laguiadepamplona.com\/actualidad\/wp-json\/wp\/v2\/comments?post=39403"}],"version-history":[{"count":0,"href":"https:\/\/www.laguiadepamplona.com\/actualidad\/wp-json\/wp\/v2\/posts\/39403\/revisions"}],"wp:featuredmedia":[{"embeddable":true,"href":"https:\/\/www.laguiadepamplona.com\/actualidad\/wp-json\/wp\/v2\/media\/39404"}],"wp:attachment":[{"href":"https:\/\/www.laguiadepamplona.com\/actualidad\/wp-json\/wp\/v2\/media?parent=39403"}],"wp:term":[{"taxonomy":"category","embeddable":true,"href":"https:\/\/www.laguiadepamplona.com\/actualidad\/wp-json\/wp\/v2\/categories?post=39403"},{"taxonomy":"post_tag","embeddable":true,"href":"https:\/\/www.laguiadepamplona.com\/actualidad\/wp-json\/wp\/v2\/tags?post=39403"}],"curies":[{"name":"wp","href":"https:\/\/api.w.org\/{rel}","templated":true}]}}