{"id":39398,"date":"2022-03-15T16:46:48","date_gmt":"2022-03-15T14:46:48","guid":{"rendered":"https:\/\/www.laguiadepamplona.com\/actualidad\/?p=39398"},"modified":"2023-04-11T11:48:25","modified_gmt":"2023-04-11T09:48:25","slug":"el-museo-de-educacion-ambiental-acoge-el-jueves-una-mesa-redonda-con-el-ejemplo-de-tres-proyectos-reales-de-movilidad-ya-en-marcha-basados-en-ideas-colaborativas","status":"publish","type":"post","link":"https:\/\/www.laguiadepamplona.com\/actualidad\/el-museo-de-educacion-ambiental-acoge-el-jueves-una-mesa-redonda-con-el-ejemplo-de-tres-proyectos-reales-de-movilidad-ya-en-marcha-basados-en-ideas-colaborativas\/","title":{"rendered":"El Museo de Educaci\u00f3n Ambiental acoge el jueves una mesa redonda con el ejemplo de tres proyectos reales de movilidad, ya en marcha, basados en ideas colaborativas"},"content":{"rendered":"<h5>Som Mobilitat, KarKarCar y KudeaGo expondr\u00e1n sus iniciativas, a partir de las 19 horas, con entrada libre previa inscripci\u00f3n en el tel\u00e9fono 010<\/h5>\n<p><!--more--><\/p>\n<p>\u2018Movilidad: ideas colaborativas en marcha\u2019 es el t\u00edtulo de la mesa redonda prevista para el jueves en el Museo de Educaci\u00f3n Ambiental, dentro de las actividades de la Escuela de Sostenibilidad organizadas por el Ayuntamiento de Pamplona. En la sesi\u00f3n se dar\u00e1n a conocer en primera persona tres iniciativas reales y en funcionamiento basadas en modelos de movilidad colaborativos y sostenibles. La mesa redonda tendr\u00e1 lugar a las 19 horas, con entrada libre previa inscripci\u00f3n en el tel\u00e9fono 010 \u2013 948 420 100.<br \/>\n<script async src=\"\/\/pagead2.googlesyndication.com\/pagead\/js\/adsbygoogle.js\"><\/script><br \/>\n<!-- Noticias La Guia de Pamplona --><br \/>\n<ins class=\"adsbygoogle\"\nstyle=\"display:block\"\ndata-ad-client=\"ca-pub-6943679897239327\"\ndata-ad-slot=\"7048180777\"\ndata-ad-format=\"auto\"><\/ins><br \/>\n<script>\n(adsbygoogle = window.adsbygoogle || []).push({});\n<\/script><\/p>\n<p>Som Mobilitat es una\u00a0<strong>cooperativa de consumo sin \u00e1nimo de lucro<\/strong>\u00a0que ofrece\u00a0<strong>servicios y productos de movilidad<\/strong>\u00a0para acelerar la transici\u00f3n hacia una\u00a0<strong>movilidad m\u00e1s sostenible<\/strong>, Su proyecto consiste en un\u00a0<strong>alquiler de coches el\u00e9ctricos (carsharing)<\/strong>. Veh\u00edculos propiedad de la cooperativa o de particulares, empresas e instituciones p\u00fablicas que se pueden utilizar a trav\u00e9s de una\u00a0<strong>plataforma digital<\/strong>\u00a0que te permite hacer reservas, abrir y cerrar el veh\u00edculo.<\/p>\n<p>KarKarCar tambi\u00e9n es una cooperativa de iniciativa social y movilidad compartida. Se trata de transformar la movilidad basada en un uso privado del veh\u00edculo a una movilidad donde el veh\u00edculo y el trayecto puedan ser compartidos, conectando personas, entidades y colectivos, con el fin de construir modelos de transporte eficientes y sostenibles. Las nuevas tecnolog\u00edas permiten dise\u00f1ar un modelo de movilidad decreciente en el n\u00famero de veh\u00edculos y en emisiones de gases de efecto invernadero.<br \/>\n<script async src=\"\/\/pagead2.googlesyndication.com\/pagead\/js\/adsbygoogle.js\"><\/script><br \/>\n<!-- Noticias La Guia de Pamplona --><br \/>\n<ins class=\"adsbygoogle\"\nstyle=\"display:block\"\ndata-ad-client=\"ca-pub-6943679897239327\"\ndata-ad-slot=\"7048180777\"\ndata-ad-format=\"auto\"><\/ins><br \/>\n<script>\n(adsbygoogle = window.adsbygoogle || []).push({});\n<\/script><\/p>\n<p>KudeaGo es un proyecto piloto que consiste en el desarrollo de una\u00a0<strong>aplicaci\u00f3n que permite compartir trayectos en coche entre personas de una misma zona geogr\u00e1fic<\/strong>a. La iniciativa la est\u00e1 llevando a cabo la Agencia de Desarrollo de Sakana, con el apoyo del Gobierno de Navarra. KudeaGo incluye tambi\u00e9n otras funcionalidades, como la posibilidad de avisar al resto de personas usuarias de incidencias que haya en la calzada (cortes de carretera, animales obstaculizando el paso, malas condiciones de visibilidad&#8230;) o la posibilidad de que cada persona cree su propia zona de acci\u00f3n acorde a sus necesidades de movilidad diaria.<\/p>\n","protected":false},"excerpt":{"rendered":"<p>Som Mobilitat, KarKarCar y KudeaGo expondr\u00e1n sus iniciativas, a partir de las 19 horas, con entrada libre previa inscripci\u00f3n en el tel\u00e9fono 010<\/p>\n","protected":false},"author":1,"featured_media":39399,"comment_status":"open","ping_status":"closed","sticky":false,"template":"","format":"standard","meta":{"footnotes":""},"categories":[2],"tags":[],"class_list":["post-39398","post","type-post","status-publish","format-standard","has-post-thumbnail","hentry","category-ayuntamiento-pamplona"],"yoast_head":"<!-- This site is optimized with the Yoast SEO plugin v27.3 - https:\/\/yoast.com\/product\/yoast-seo-wordpress\/ -->\n<title>El Museo de Educaci\u00f3n Ambiental acoge el jueves una mesa redonda con el ejemplo de tres proyectos reales de movilidad, ya en marcha, basados en ideas colaborativas<\/title>\n<meta name=\"description\" content=\"Som Mobilitat, KarKarCar y KudeaGo expondr\u00e1n sus iniciativas, a partir de las 19 horas, con entrada libre previa inscripci\u00f3n en el tel\u00e9fono 010\" \/>\n<meta name=\"robots\" content=\"index, follow, max-snippet:-1, max-image-preview:large, max-video-preview:-1\" \/>\n<link rel=\"canonical\" href=\"https:\/\/www.laguiadepamplona.com\/actualidad\/el-museo-de-educacion-ambiental-acoge-el-jueves-una-mesa-redonda-con-el-ejemplo-de-tres-proyectos-reales-de-movilidad-ya-en-marcha-basados-en-ideas-colaborativas\/\" \/>\n<meta property=\"og:locale\" content=\"es_ES\" \/>\n<meta property=\"og:type\" content=\"article\" \/>\n<meta property=\"og:title\" content=\"El Museo de Educaci\u00f3n Ambiental acoge el jueves una mesa redonda con el ejemplo de tres proyectos reales de movilidad, ya en marcha, basados en ideas colaborativas\" \/>\n<meta property=\"og:description\" content=\"Som Mobilitat, KarKarCar y KudeaGo expondr\u00e1n sus iniciativas, a partir de las 19 horas, con entrada libre previa inscripci\u00f3n en el tel\u00e9fono 010\" \/>\n<meta property=\"og:url\" content=\"https:\/\/www.laguiadepamplona.com\/actualidad\/el-museo-de-educacion-ambiental-acoge-el-jueves-una-mesa-redonda-con-el-ejemplo-de-tres-proyectos-reales-de-movilidad-ya-en-marcha-basados-en-ideas-colaborativas\/\" \/>\n<meta property=\"og:site_name\" content=\"La Gu\u00eda de Pamplona\" \/>\n<meta property=\"article:publisher\" content=\"https:\/\/www.facebook.com\/laguiadepamplonacom-133175176762273\/?ref=hl\" \/>\n<meta property=\"article:published_time\" content=\"2022-03-15T14:46:48+00:00\" \/>\n<meta property=\"article:modified_time\" content=\"2023-04-11T09:48:25+00:00\" \/>\n<meta property=\"og:image\" content=\"https:\/\/www.laguiadepamplona.com\/actualidad\/wp-content\/uploads\/2022\/03\/coche-electrico-web.jpg\" \/>\n\t<meta property=\"og:image:width\" content=\"1920\" \/>\n\t<meta property=\"og:image:height\" content=\"1280\" \/>\n\t<meta property=\"og:image:type\" content=\"image\/jpeg\" \/>\n<meta name=\"author\" content=\"La Gu\u00eda de Pamplona\" \/>\n<meta name=\"twitter:card\" content=\"summary_large_image\" \/>\n<meta name=\"twitter:creator\" content=\"@LaGuiadPamplona\" \/>\n<meta name=\"twitter:site\" content=\"@LaGuiadPamplona\" \/>\n<meta name=\"twitter:label1\" content=\"Escrito por\" \/>\n\t<meta name=\"twitter:data1\" content=\"La Gu\u00eda de Pamplona\" \/>\n\t<meta name=\"twitter:label2\" content=\"Tiempo de lectura\" \/>\n\t<meta name=\"twitter:data2\" content=\"2 minutos\" \/>\n<script type=\"application\/ld+json\" class=\"yoast-schema-graph\">{\"@context\":\"https:\\\/\\\/schema.org\",\"@graph\":[{\"@type\":\"Article\",\"@id\":\"https:\\\/\\\/www.laguiadepamplona.com\\\/actualidad\\\/el-museo-de-educacion-ambiental-acoge-el-jueves-una-mesa-redonda-con-el-ejemplo-de-tres-proyectos-reales-de-movilidad-ya-en-marcha-basados-en-ideas-colaborativas\\\/#article\",\"isPartOf\":{\"@id\":\"https:\\\/\\\/www.laguiadepamplona.com\\\/actualidad\\\/el-museo-de-educacion-ambiental-acoge-el-jueves-una-mesa-redonda-con-el-ejemplo-de-tres-proyectos-reales-de-movilidad-ya-en-marcha-basados-en-ideas-colaborativas\\\/\"},\"author\":{\"name\":\"La Gu\u00eda de Pamplona\",\"@id\":\"https:\\\/\\\/www.laguiadepamplona.com\\\/actualidad\\\/#\\\/schema\\\/person\\\/efe887376f0213d4657c93adc50b1fdb\"},\"headline\":\"El Museo de Educaci\u00f3n Ambiental acoge el jueves una mesa redonda con el ejemplo de tres proyectos reales de movilidad, ya en marcha, basados en ideas colaborativas\",\"datePublished\":\"2022-03-15T14:46:48+00:00\",\"dateModified\":\"2023-04-11T09:48:25+00:00\",\"mainEntityOfPage\":{\"@id\":\"https:\\\/\\\/www.laguiadepamplona.com\\\/actualidad\\\/el-museo-de-educacion-ambiental-acoge-el-jueves-una-mesa-redonda-con-el-ejemplo-de-tres-proyectos-reales-de-movilidad-ya-en-marcha-basados-en-ideas-colaborativas\\\/\"},\"wordCount\":396,\"commentCount\":0,\"publisher\":{\"@id\":\"https:\\\/\\\/www.laguiadepamplona.com\\\/actualidad\\\/#organization\"},\"image\":{\"@id\":\"https:\\\/\\\/www.laguiadepamplona.com\\\/actualidad\\\/el-museo-de-educacion-ambiental-acoge-el-jueves-una-mesa-redonda-con-el-ejemplo-de-tres-proyectos-reales-de-movilidad-ya-en-marcha-basados-en-ideas-colaborativas\\\/#primaryimage\"},\"thumbnailUrl\":\"https:\\\/\\\/www.laguiadepamplona.com\\\/actualidad\\\/wp-content\\\/uploads\\\/2022\\\/03\\\/coche-electrico-web.jpg\",\"articleSection\":[\"Ayto Pamplona\"],\"inLanguage\":\"es\",\"potentialAction\":[{\"@type\":\"CommentAction\",\"name\":\"Comment\",\"target\":[\"https:\\\/\\\/www.laguiadepamplona.com\\\/actualidad\\\/el-museo-de-educacion-ambiental-acoge-el-jueves-una-mesa-redonda-con-el-ejemplo-de-tres-proyectos-reales-de-movilidad-ya-en-marcha-basados-en-ideas-colaborativas\\\/#respond\"]}]},{\"@type\":\"WebPage\",\"@id\":\"https:\\\/\\\/www.laguiadepamplona.com\\\/actualidad\\\/el-museo-de-educacion-ambiental-acoge-el-jueves-una-mesa-redonda-con-el-ejemplo-de-tres-proyectos-reales-de-movilidad-ya-en-marcha-basados-en-ideas-colaborativas\\\/\",\"url\":\"https:\\\/\\\/www.laguiadepamplona.com\\\/actualidad\\\/el-museo-de-educacion-ambiental-acoge-el-jueves-una-mesa-redonda-con-el-ejemplo-de-tres-proyectos-reales-de-movilidad-ya-en-marcha-basados-en-ideas-colaborativas\\\/\",\"name\":\"El Museo de Educaci\u00f3n Ambiental acoge el jueves una mesa redonda con el ejemplo de tres proyectos reales de movilidad, ya en marcha, basados en ideas colaborativas\",\"isPartOf\":{\"@id\":\"https:\\\/\\\/www.laguiadepamplona.com\\\/actualidad\\\/#website\"},\"primaryImageOfPage\":{\"@id\":\"https:\\\/\\\/www.laguiadepamplona.com\\\/actualidad\\\/el-museo-de-educacion-ambiental-acoge-el-jueves-una-mesa-redonda-con-el-ejemplo-de-tres-proyectos-reales-de-movilidad-ya-en-marcha-basados-en-ideas-colaborativas\\\/#primaryimage\"},\"image\":{\"@id\":\"https:\\\/\\\/www.laguiadepamplona.com\\\/actualidad\\\/el-museo-de-educacion-ambiental-acoge-el-jueves-una-mesa-redonda-con-el-ejemplo-de-tres-proyectos-reales-de-movilidad-ya-en-marcha-basados-en-ideas-colaborativas\\\/#primaryimage\"},\"thumbnailUrl\":\"https:\\\/\\\/www.laguiadepamplona.com\\\/actualidad\\\/wp-content\\\/uploads\\\/2022\\\/03\\\/coche-electrico-web.jpg\",\"datePublished\":\"2022-03-15T14:46:48+00:00\",\"dateModified\":\"2023-04-11T09:48:25+00:00\",\"description\":\"Som Mobilitat, KarKarCar y KudeaGo expondr\u00e1n sus iniciativas, a partir de las 19 horas, con entrada libre previa inscripci\u00f3n en el tel\u00e9fono 010\",\"breadcrumb\":{\"@id\":\"https:\\\/\\\/www.laguiadepamplona.com\\\/actualidad\\\/el-museo-de-educacion-ambiental-acoge-el-jueves-una-mesa-redonda-con-el-ejemplo-de-tres-proyectos-reales-de-movilidad-ya-en-marcha-basados-en-ideas-colaborativas\\\/#breadcrumb\"},\"inLanguage\":\"es\",\"potentialAction\":[{\"@type\":\"ReadAction\",\"target\":[\"https:\\\/\\\/www.laguiadepamplona.com\\\/actualidad\\\/el-museo-de-educacion-ambiental-acoge-el-jueves-una-mesa-redonda-con-el-ejemplo-de-tres-proyectos-reales-de-movilidad-ya-en-marcha-basados-en-ideas-colaborativas\\\/\"]}]},{\"@type\":\"ImageObject\",\"inLanguage\":\"es\",\"@id\":\"https:\\\/\\\/www.laguiadepamplona.com\\\/actualidad\\\/el-museo-de-educacion-ambiental-acoge-el-jueves-una-mesa-redonda-con-el-ejemplo-de-tres-proyectos-reales-de-movilidad-ya-en-marcha-basados-en-ideas-colaborativas\\\/#primaryimage\",\"url\":\"https:\\\/\\\/www.laguiadepamplona.com\\\/actualidad\\\/wp-content\\\/uploads\\\/2022\\\/03\\\/coche-electrico-web.jpg\",\"contentUrl\":\"https:\\\/\\\/www.laguiadepamplona.com\\\/actualidad\\\/wp-content\\\/uploads\\\/2022\\\/03\\\/coche-electrico-web.jpg\",\"width\":1920,\"height\":1280,\"caption\":\"A* Jes\u00c3\u00bas Garzaron F* 2020_11_20 T* Barrios de Pamplona L* Iturrama\"},{\"@type\":\"BreadcrumbList\",\"@id\":\"https:\\\/\\\/www.laguiadepamplona.com\\\/actualidad\\\/el-museo-de-educacion-ambiental-acoge-el-jueves-una-mesa-redonda-con-el-ejemplo-de-tres-proyectos-reales-de-movilidad-ya-en-marcha-basados-en-ideas-colaborativas\\\/#breadcrumb\",\"itemListElement\":[{\"@type\":\"ListItem\",\"position\":1,\"name\":\"Portada\",\"item\":\"https:\\\/\\\/www.laguiadepamplona.com\\\/actualidad\\\/\"},{\"@type\":\"ListItem\",\"position\":2,\"name\":\"El Museo de Educaci\u00f3n Ambiental acoge el jueves una mesa redonda con el ejemplo de tres proyectos reales de movilidad, ya en marcha, basados en ideas colaborativas\"}]},{\"@type\":\"WebSite\",\"@id\":\"https:\\\/\\\/www.laguiadepamplona.com\\\/actualidad\\\/#website\",\"url\":\"https:\\\/\\\/www.laguiadepamplona.com\\\/actualidad\\\/\",\"name\":\"La gu\u00eda de Pamplona\",\"description\":\"Noticias de Pamplona\",\"publisher\":{\"@id\":\"https:\\\/\\\/www.laguiadepamplona.com\\\/actualidad\\\/#organization\"},\"potentialAction\":[{\"@type\":\"SearchAction\",\"target\":{\"@type\":\"EntryPoint\",\"urlTemplate\":\"https:\\\/\\\/www.laguiadepamplona.com\\\/actualidad\\\/?s={search_term_string}\"},\"query-input\":{\"@type\":\"PropertyValueSpecification\",\"valueRequired\":true,\"valueName\":\"search_term_string\"}}],\"inLanguage\":\"es\"},{\"@type\":\"Organization\",\"@id\":\"https:\\\/\\\/www.laguiadepamplona.com\\\/actualidad\\\/#organization\",\"name\":\"La Gu\u00eda de Pamplona \\\/ Noticias\",\"url\":\"https:\\\/\\\/www.laguiadepamplona.com\\\/actualidad\\\/\",\"logo\":{\"@type\":\"ImageObject\",\"inLanguage\":\"es\",\"@id\":\"https:\\\/\\\/www.laguiadepamplona.com\\\/actualidad\\\/#\\\/schema\\\/logo\\\/image\\\/\",\"url\":\"https:\\\/\\\/www.laguiadepamplona.com\\\/actualidad\\\/wp-content\\\/uploads\\\/2018\\\/11\\\/logo-laguiadepamplona18-web1.png\",\"contentUrl\":\"https:\\\/\\\/www.laguiadepamplona.com\\\/actualidad\\\/wp-content\\\/uploads\\\/2018\\\/11\\\/logo-laguiadepamplona18-web1.png\",\"width\":600,\"height\":196,\"caption\":\"La Gu\u00eda de Pamplona \\\/ Noticias\"},\"image\":{\"@id\":\"https:\\\/\\\/www.laguiadepamplona.com\\\/actualidad\\\/#\\\/schema\\\/logo\\\/image\\\/\"},\"sameAs\":[\"https:\\\/\\\/www.facebook.com\\\/laguiadepamplonacom-133175176762273\\\/?ref=hl\",\"https:\\\/\\\/x.com\\\/LaGuiadPamplona\",\"https:\\\/\\\/www.instagram.com\\\/la_guia_de_pamplona\\\/\",\"https:\\\/\\\/www.youtube.com\\\/user\\\/laguiadepamplona\"]},{\"@type\":\"Person\",\"@id\":\"https:\\\/\\\/www.laguiadepamplona.com\\\/actualidad\\\/#\\\/schema\\\/person\\\/efe887376f0213d4657c93adc50b1fdb\",\"name\":\"La Gu\u00eda de Pamplona\",\"image\":{\"@type\":\"ImageObject\",\"inLanguage\":\"es\",\"@id\":\"https:\\\/\\\/secure.gravatar.com\\\/avatar\\\/b6992f131dc8d30ab0dff15446e9d346d9dbd95992de0fef795073f5ea83a81c?s=96&d=mm&r=g\",\"url\":\"https:\\\/\\\/secure.gravatar.com\\\/avatar\\\/b6992f131dc8d30ab0dff15446e9d346d9dbd95992de0fef795073f5ea83a81c?s=96&d=mm&r=g\",\"contentUrl\":\"https:\\\/\\\/secure.gravatar.com\\\/avatar\\\/b6992f131dc8d30ab0dff15446e9d346d9dbd95992de0fef795073f5ea83a81c?s=96&d=mm&r=g\",\"caption\":\"La Gu\u00eda de Pamplona\"}}]}<\/script>\n<!-- \/ Yoast SEO plugin. -->","yoast_head_json":{"title":"El Museo de Educaci\u00f3n Ambiental acoge el jueves una mesa redonda con el ejemplo de tres proyectos reales de movilidad, ya en marcha, basados en ideas colaborativas","description":"Som Mobilitat, KarKarCar y KudeaGo expondr\u00e1n sus iniciativas, a partir de las 19 horas, con entrada libre previa inscripci\u00f3n en el tel\u00e9fono 010","robots":{"index":"index","follow":"follow","max-snippet":"max-snippet:-1","max-image-preview":"max-image-preview:large","max-video-preview":"max-video-preview:-1"},"canonical":"https:\/\/www.laguiadepamplona.com\/actualidad\/el-museo-de-educacion-ambiental-acoge-el-jueves-una-mesa-redonda-con-el-ejemplo-de-tres-proyectos-reales-de-movilidad-ya-en-marcha-basados-en-ideas-colaborativas\/","og_locale":"es_ES","og_type":"article","og_title":"El Museo de Educaci\u00f3n Ambiental acoge el jueves una mesa redonda con el ejemplo de tres proyectos reales de movilidad, ya en marcha, basados en ideas colaborativas","og_description":"Som Mobilitat, KarKarCar y KudeaGo expondr\u00e1n sus iniciativas, a partir de las 19 horas, con entrada libre previa inscripci\u00f3n en el tel\u00e9fono 010","og_url":"https:\/\/www.laguiadepamplona.com\/actualidad\/el-museo-de-educacion-ambiental-acoge-el-jueves-una-mesa-redonda-con-el-ejemplo-de-tres-proyectos-reales-de-movilidad-ya-en-marcha-basados-en-ideas-colaborativas\/","og_site_name":"La Gu\u00eda de Pamplona","article_publisher":"https:\/\/www.facebook.com\/laguiadepamplonacom-133175176762273\/?ref=hl","article_published_time":"2022-03-15T14:46:48+00:00","article_modified_time":"2023-04-11T09:48:25+00:00","og_image":[{"width":1920,"height":1280,"url":"https:\/\/www.laguiadepamplona.com\/actualidad\/wp-content\/uploads\/2022\/03\/coche-electrico-web.jpg","type":"image\/jpeg"}],"author":"La Gu\u00eda de Pamplona","twitter_card":"summary_large_image","twitter_creator":"@LaGuiadPamplona","twitter_site":"@LaGuiadPamplona","twitter_misc":{"Escrito por":"La Gu\u00eda de Pamplona","Tiempo de lectura":"2 minutos"},"schema":{"@context":"https:\/\/schema.org","@graph":[{"@type":"Article","@id":"https:\/\/www.laguiadepamplona.com\/actualidad\/el-museo-de-educacion-ambiental-acoge-el-jueves-una-mesa-redonda-con-el-ejemplo-de-tres-proyectos-reales-de-movilidad-ya-en-marcha-basados-en-ideas-colaborativas\/#article","isPartOf":{"@id":"https:\/\/www.laguiadepamplona.com\/actualidad\/el-museo-de-educacion-ambiental-acoge-el-jueves-una-mesa-redonda-con-el-ejemplo-de-tres-proyectos-reales-de-movilidad-ya-en-marcha-basados-en-ideas-colaborativas\/"},"author":{"name":"La Gu\u00eda de Pamplona","@id":"https:\/\/www.laguiadepamplona.com\/actualidad\/#\/schema\/person\/efe887376f0213d4657c93adc50b1fdb"},"headline":"El Museo de Educaci\u00f3n Ambiental acoge el jueves una mesa redonda con el ejemplo de tres proyectos reales de movilidad, ya en marcha, basados en ideas colaborativas","datePublished":"2022-03-15T14:46:48+00:00","dateModified":"2023-04-11T09:48:25+00:00","mainEntityOfPage":{"@id":"https:\/\/www.laguiadepamplona.com\/actualidad\/el-museo-de-educacion-ambiental-acoge-el-jueves-una-mesa-redonda-con-el-ejemplo-de-tres-proyectos-reales-de-movilidad-ya-en-marcha-basados-en-ideas-colaborativas\/"},"wordCount":396,"commentCount":0,"publisher":{"@id":"https:\/\/www.laguiadepamplona.com\/actualidad\/#organization"},"image":{"@id":"https:\/\/www.laguiadepamplona.com\/actualidad\/el-museo-de-educacion-ambiental-acoge-el-jueves-una-mesa-redonda-con-el-ejemplo-de-tres-proyectos-reales-de-movilidad-ya-en-marcha-basados-en-ideas-colaborativas\/#primaryimage"},"thumbnailUrl":"https:\/\/www.laguiadepamplona.com\/actualidad\/wp-content\/uploads\/2022\/03\/coche-electrico-web.jpg","articleSection":["Ayto Pamplona"],"inLanguage":"es","potentialAction":[{"@type":"CommentAction","name":"Comment","target":["https:\/\/www.laguiadepamplona.com\/actualidad\/el-museo-de-educacion-ambiental-acoge-el-jueves-una-mesa-redonda-con-el-ejemplo-de-tres-proyectos-reales-de-movilidad-ya-en-marcha-basados-en-ideas-colaborativas\/#respond"]}]},{"@type":"WebPage","@id":"https:\/\/www.laguiadepamplona.com\/actualidad\/el-museo-de-educacion-ambiental-acoge-el-jueves-una-mesa-redonda-con-el-ejemplo-de-tres-proyectos-reales-de-movilidad-ya-en-marcha-basados-en-ideas-colaborativas\/","url":"https:\/\/www.laguiadepamplona.com\/actualidad\/el-museo-de-educacion-ambiental-acoge-el-jueves-una-mesa-redonda-con-el-ejemplo-de-tres-proyectos-reales-de-movilidad-ya-en-marcha-basados-en-ideas-colaborativas\/","name":"El Museo de Educaci\u00f3n Ambiental acoge el jueves una mesa redonda con el ejemplo de tres proyectos reales de movilidad, ya en marcha, basados en ideas colaborativas","isPartOf":{"@id":"https:\/\/www.laguiadepamplona.com\/actualidad\/#website"},"primaryImageOfPage":{"@id":"https:\/\/www.laguiadepamplona.com\/actualidad\/el-museo-de-educacion-ambiental-acoge-el-jueves-una-mesa-redonda-con-el-ejemplo-de-tres-proyectos-reales-de-movilidad-ya-en-marcha-basados-en-ideas-colaborativas\/#primaryimage"},"image":{"@id":"https:\/\/www.laguiadepamplona.com\/actualidad\/el-museo-de-educacion-ambiental-acoge-el-jueves-una-mesa-redonda-con-el-ejemplo-de-tres-proyectos-reales-de-movilidad-ya-en-marcha-basados-en-ideas-colaborativas\/#primaryimage"},"thumbnailUrl":"https:\/\/www.laguiadepamplona.com\/actualidad\/wp-content\/uploads\/2022\/03\/coche-electrico-web.jpg","datePublished":"2022-03-15T14:46:48+00:00","dateModified":"2023-04-11T09:48:25+00:00","description":"Som Mobilitat, KarKarCar y KudeaGo expondr\u00e1n sus iniciativas, a partir de las 19 horas, con entrada libre previa inscripci\u00f3n en el tel\u00e9fono 010","breadcrumb":{"@id":"https:\/\/www.laguiadepamplona.com\/actualidad\/el-museo-de-educacion-ambiental-acoge-el-jueves-una-mesa-redonda-con-el-ejemplo-de-tres-proyectos-reales-de-movilidad-ya-en-marcha-basados-en-ideas-colaborativas\/#breadcrumb"},"inLanguage":"es","potentialAction":[{"@type":"ReadAction","target":["https:\/\/www.laguiadepamplona.com\/actualidad\/el-museo-de-educacion-ambiental-acoge-el-jueves-una-mesa-redonda-con-el-ejemplo-de-tres-proyectos-reales-de-movilidad-ya-en-marcha-basados-en-ideas-colaborativas\/"]}]},{"@type":"ImageObject","inLanguage":"es","@id":"https:\/\/www.laguiadepamplona.com\/actualidad\/el-museo-de-educacion-ambiental-acoge-el-jueves-una-mesa-redonda-con-el-ejemplo-de-tres-proyectos-reales-de-movilidad-ya-en-marcha-basados-en-ideas-colaborativas\/#primaryimage","url":"https:\/\/www.laguiadepamplona.com\/actualidad\/wp-content\/uploads\/2022\/03\/coche-electrico-web.jpg","contentUrl":"https:\/\/www.laguiadepamplona.com\/actualidad\/wp-content\/uploads\/2022\/03\/coche-electrico-web.jpg","width":1920,"height":1280,"caption":"A* Jes\u00c3\u00bas Garzaron F* 2020_11_20 T* Barrios de Pamplona L* Iturrama"},{"@type":"BreadcrumbList","@id":"https:\/\/www.laguiadepamplona.com\/actualidad\/el-museo-de-educacion-ambiental-acoge-el-jueves-una-mesa-redonda-con-el-ejemplo-de-tres-proyectos-reales-de-movilidad-ya-en-marcha-basados-en-ideas-colaborativas\/#breadcrumb","itemListElement":[{"@type":"ListItem","position":1,"name":"Portada","item":"https:\/\/www.laguiadepamplona.com\/actualidad\/"},{"@type":"ListItem","position":2,"name":"El Museo de Educaci\u00f3n Ambiental acoge el jueves una mesa redonda con el ejemplo de tres proyectos reales de movilidad, ya en marcha, basados en ideas colaborativas"}]},{"@type":"WebSite","@id":"https:\/\/www.laguiadepamplona.com\/actualidad\/#website","url":"https:\/\/www.laguiadepamplona.com\/actualidad\/","name":"La gu\u00eda de Pamplona","description":"Noticias de Pamplona","publisher":{"@id":"https:\/\/www.laguiadepamplona.com\/actualidad\/#organization"},"potentialAction":[{"@type":"SearchAction","target":{"@type":"EntryPoint","urlTemplate":"https:\/\/www.laguiadepamplona.com\/actualidad\/?s={search_term_string}"},"query-input":{"@type":"PropertyValueSpecification","valueRequired":true,"valueName":"search_term_string"}}],"inLanguage":"es"},{"@type":"Organization","@id":"https:\/\/www.laguiadepamplona.com\/actualidad\/#organization","name":"La Gu\u00eda de Pamplona \/ Noticias","url":"https:\/\/www.laguiadepamplona.com\/actualidad\/","logo":{"@type":"ImageObject","inLanguage":"es","@id":"https:\/\/www.laguiadepamplona.com\/actualidad\/#\/schema\/logo\/image\/","url":"https:\/\/www.laguiadepamplona.com\/actualidad\/wp-content\/uploads\/2018\/11\/logo-laguiadepamplona18-web1.png","contentUrl":"https:\/\/www.laguiadepamplona.com\/actualidad\/wp-content\/uploads\/2018\/11\/logo-laguiadepamplona18-web1.png","width":600,"height":196,"caption":"La Gu\u00eda de Pamplona \/ Noticias"},"image":{"@id":"https:\/\/www.laguiadepamplona.com\/actualidad\/#\/schema\/logo\/image\/"},"sameAs":["https:\/\/www.facebook.com\/laguiadepamplonacom-133175176762273\/?ref=hl","https:\/\/x.com\/LaGuiadPamplona","https:\/\/www.instagram.com\/la_guia_de_pamplona\/","https:\/\/www.youtube.com\/user\/laguiadepamplona"]},{"@type":"Person","@id":"https:\/\/www.laguiadepamplona.com\/actualidad\/#\/schema\/person\/efe887376f0213d4657c93adc50b1fdb","name":"La Gu\u00eda de Pamplona","image":{"@type":"ImageObject","inLanguage":"es","@id":"https:\/\/secure.gravatar.com\/avatar\/b6992f131dc8d30ab0dff15446e9d346d9dbd95992de0fef795073f5ea83a81c?s=96&d=mm&r=g","url":"https:\/\/secure.gravatar.com\/avatar\/b6992f131dc8d30ab0dff15446e9d346d9dbd95992de0fef795073f5ea83a81c?s=96&d=mm&r=g","contentUrl":"https:\/\/secure.gravatar.com\/avatar\/b6992f131dc8d30ab0dff15446e9d346d9dbd95992de0fef795073f5ea83a81c?s=96&d=mm&r=g","caption":"La Gu\u00eda de Pamplona"}}]}},"post_mailing_queue_ids":[],"_links":{"self":[{"href":"https:\/\/www.laguiadepamplona.com\/actualidad\/wp-json\/wp\/v2\/posts\/39398","targetHints":{"allow":["GET"]}}],"collection":[{"href":"https:\/\/www.laguiadepamplona.com\/actualidad\/wp-json\/wp\/v2\/posts"}],"about":[{"href":"https:\/\/www.laguiadepamplona.com\/actualidad\/wp-json\/wp\/v2\/types\/post"}],"author":[{"embeddable":true,"href":"https:\/\/www.laguiadepamplona.com\/actualidad\/wp-json\/wp\/v2\/users\/1"}],"replies":[{"embeddable":true,"href":"https:\/\/www.laguiadepamplona.com\/actualidad\/wp-json\/wp\/v2\/comments?post=39398"}],"version-history":[{"count":0,"href":"https:\/\/www.laguiadepamplona.com\/actualidad\/wp-json\/wp\/v2\/posts\/39398\/revisions"}],"wp:featuredmedia":[{"embeddable":true,"href":"https:\/\/www.laguiadepamplona.com\/actualidad\/wp-json\/wp\/v2\/media\/39399"}],"wp:attachment":[{"href":"https:\/\/www.laguiadepamplona.com\/actualidad\/wp-json\/wp\/v2\/media?parent=39398"}],"wp:term":[{"taxonomy":"category","embeddable":true,"href":"https:\/\/www.laguiadepamplona.com\/actualidad\/wp-json\/wp\/v2\/categories?post=39398"},{"taxonomy":"post_tag","embeddable":true,"href":"https:\/\/www.laguiadepamplona.com\/actualidad\/wp-json\/wp\/v2\/tags?post=39398"}],"curies":[{"name":"wp","href":"https:\/\/api.w.org\/{rel}","templated":true}]}}