{"id":39395,"date":"2022-03-15T16:44:53","date_gmt":"2022-03-15T14:44:53","guid":{"rendered":"https:\/\/www.laguiadepamplona.com\/actualidad\/?p=39395"},"modified":"2023-04-11T11:48:25","modified_gmt":"2023-04-11T09:48:25","slug":"la-ciudadania-ya-puede-recorrer-la-senda-que-marcan-las-historias-de-47-mujeres-pioneras-plasmadas-en-el-mural-del-parque-del-mismo-nombre-en-lezkairu","status":"publish","type":"post","link":"https:\/\/www.laguiadepamplona.com\/actualidad\/la-ciudadania-ya-puede-recorrer-la-senda-que-marcan-las-historias-de-47-mujeres-pioneras-plasmadas-en-el-mural-del-parque-del-mismo-nombre-en-lezkairu\/","title":{"rendered":"La ciudadan\u00eda ya puede recorrer la senda que marcan las historias de 47 mujeres pioneras plasmadas en el mural del parque del mismo nombre en Lezkairu"},"content":{"rendered":"<h5>La propuesta art\u00edstica y de sensibilizaci\u00f3n en el paisaje urbano se desarrolla en 173 m<sup>2<\/sup> de muro y en ella han participado 5 artistas y casi 100 pamploneses<\/h5>\n<p><!--more--><\/p>\n<p>El conocimiento es luz, escrib\u00eda una joven en el muro, y eso es lo que pretende este mural: visibilizar a mujeres de \u00e9pocas, procedencias, razas y \u00e1mbitos diferentes con una cosa en com\u00fan: todas ellas han realizado aportaciones que han contribuido a mejorar sus sociedades. Hoy ha quedado oficialmente terminado la Senda de las Pioneras, que se ubica en el parque del mismo nombre del barrio de Lezkairu, un espacio que fue concebido, desde su inicio, para nombrar mujeres.<\/p>\n<p>Esta ma\u00f1ana se ha acercado hasta el parque la Comisi\u00f3n de Asuntos Ciudadanos. All\u00ed, la concejala delegada de Cultura e Igualdad, Mar\u00eda Garc\u00eda-Barberena, acompa\u00f1ada las artistas, han revisado el mural y explicado sobre el terreno el resultado final de esta intervenci\u00f3n art\u00edstica en el espacio p\u00fablico. El muro ha as\u00ed quedado oficialmente terminado en el entorno de una fecha muy simb\u00f3lica en la visibilizaci\u00f3n de las desigualdades por raz\u00f3n de g\u00e9nero: el 8 de marzo.<br \/>\n<script async src=\"\/\/pagead2.googlesyndication.com\/pagead\/js\/adsbygoogle.js\"><\/script><br \/>\n<!-- Noticias La Guia de Pamplona --><br \/>\n<ins class=\"adsbygoogle\"\nstyle=\"display:block\"\ndata-ad-client=\"ca-pub-6943679897239327\"\ndata-ad-slot=\"7048180777\"\ndata-ad-format=\"auto\"><\/ins><br \/>\n<script>\n(adsbygoogle = window.adsbygoogle || []).push({});\n<\/script><\/p>\n<p>Pero el trabajo viene de atr\u00e1s. El Consistorio en agosto de 2021 encarg\u00f3 a un conjunto poli\u00e9drico de artistas, el colectivo \u00abVariopintas\u00bb, el dise\u00f1o y realizaci\u00f3n de este friso que domina el parque aterrazado. Primero bocetaron y luego, con la ayuda de la empresa Deltadec, proyectaron a escala real sus propuestas para dibujarlas en el muro. A lo largo de los meses la ciudadan\u00eda ha podido ir viendo los avances en esta obra coral realizada por las artistas Gabriela Barrio (Tea en la azotea), Mila Garc\u00eda, (Similarte), Rebecca Gil, Itziar Go\u00f1i, Idoia Iribertegui, Leire Olkotz, Concha Pasamar y Berta Suescun. A ellas, en los \u00faltimos meses de 2021, mediante talleres abiertos, se han unido el esfuerzo de otras 80 personas, ciudadan\u00eda de a pie, que se ha involucrado en la producci\u00f3n de esta obra reivindicativa.<\/p>\n<p>La obra est\u00e1 trabajada con una extensa paleta de vivos colores y dise\u00f1ada por tramos, aunque con elementos f\u00edsicos o gr\u00e1ficos que realizan las transiciones entre los distintos estilos que mantienen las integrantes de este colectivo multidisciplinar. Las ocho art\u00edfices provienen de campos art\u00edsticos que van, desde el arte textil o el recorte de papel, a la ilustraci\u00f3n, la poes\u00eda, la pintura, la escultura o el dise\u00f1o. El canal que el Consistorio tiene en YouTube alberga desde hoy <a href=\"https:\/\/youtu.be\/8ULsqgYp1q8\" target=\"_blank\" rel=\"noopener\">un mediometraje que recoge el \u2018<em>making off<\/em>\u2019 del mural.<\/a><br \/>\n<script async src=\"\/\/pagead2.googlesyndication.com\/pagead\/js\/adsbygoogle.js\"><\/script><br \/>\n<!-- Noticias La Guia de Pamplona --><br \/>\n<ins class=\"adsbygoogle\"\nstyle=\"display:block\"\ndata-ad-client=\"ca-pub-6943679897239327\"\ndata-ad-slot=\"7048180777\"\ndata-ad-format=\"auto\"><\/ins><br \/>\n<script>\n(adsbygoogle = window.adsbygoogle || []).push({});\n<\/script><\/p>\n<p><strong>47 luchadoras<\/strong><\/p>\n<p>Este mural participativo es un homenaje a 47 mujeres pioneras en diferentes campos culturales, art\u00edsticos, educativos o cient\u00edficos a lo largo de la historia, seleccionadas con un criterio amplio en cuanto a su actividad, origen y cronolog\u00eda, que de alg\u00fan modo han transitado nuevas sendas. Todas ellas han abierto, de diversas maneras, camino a sus contempor\u00e1neas y a las siguientes generaciones. La selecci\u00f3n la realiz\u00f3 el propio colectivo art\u00edstico en un proceso laborioso que, finalmente, se ha centrado en mujeres relevantes, pero, en su mayor\u00eda poco conocidas. Entre ellas hay ocho mujeres navarras.<\/p>\n<p>Las mujeres homenajeadas proceden de los cinco continentes, de pa\u00edses como Francia, Italia, Espa\u00f1a, Estados Unidos, India, Per\u00fa, Inglaterra, Alemania, Honduras, Nigeria, Kenia, Kenia, Jap\u00f3n, Australia, Rusia, Costa Rica, M\u00e9xico, Egipto, Somalia o Argentina. Sus vidas abarcan desde el siglo IV hasta \u00e9poca contempor\u00e1nea. Fueron o son pioneras como dise\u00f1adoras, tatuadoras, activistas por los derechos civiles o medioambientales, artistas, pintoras, m\u00fasicas, reformadoras, cient\u00edficas, fil\u00f3sofas, maestras, periodistas, naturalistas, fot\u00f3grafas, directoras de cine, astronautas, m\u00e9dicas\u2026<br \/>\n<script async src=\"\/\/pagead2.googlesyndication.com\/pagead\/js\/adsbygoogle.js\"><\/script><br \/>\n<!-- Noticias La Guia de Pamplona --><br \/>\n<ins class=\"adsbygoogle\"\nstyle=\"display:block\"\ndata-ad-client=\"ca-pub-6943679897239327\"\ndata-ad-slot=\"7048180777\"\ndata-ad-format=\"auto\"><\/ins><br \/>\n<script>\n(adsbygoogle = window.adsbygoogle || []).push({});\n<\/script><\/p>\n<p>&nbsp;<\/p>\n<h3>Las mujeres de \u2018La senda de las pioneras\u2019<\/h3>\n<ol>\n<li>Josephine Baker<\/li>\n<li>Maud Wagner<\/li>\n<li>Sofonisba Anguissola<\/li>\n<li>Rosetta Tharpe<\/li>\n<li>Camino Oscoz<\/li>\n<li>Savitri Phule<\/li>\n<li>Ruth Buend\u00eda<\/li>\n<li>Wallada bint al-Mustakfi<\/li>\n<li>Christine de Pizan<\/li>\n<li>Rosalind Franklin<\/li>\n<li>Josefina Castellv\u00ed Piulachs<\/li>\n<li>Marianne Brant<\/li>\n<li>Berta C\u00e1ceres<\/li>\n<li>Malala Yousafzai<\/li>\n<li>Ane Goodall<\/li>\n<li>Funmilayo Ransome-Kuti<\/li>\n<li>Gerda Taro<\/li>\n<li>Maruja Mallo<\/li>\n<li>Teresa Catal\u00e1n<\/li>\n<li>Wangari Maathai<\/li>\n<li>Harriet Tubman<\/li>\n<li>Carmen Baroja<\/li>\n<li>Eularia Abaitua<\/li>\n<li>Benita Asas<\/li>\n<li>Maddalen Jauregiberry<\/li>\n<li>Margaret Elizabeth Fountaine<\/li>\n<li>Remigia Echarren Aranguren<\/li>\n<li>Vanessa Bell<\/li>\n<li>Alice Guy<\/li>\n<li>Tazuko Sanake<\/li>\n<li>Vida Jane Mary Goldstein<\/li>\n<li>Mar\u00eda Blasco<\/li>\n<li>Valentina Tereskhova<\/li>\n<li>Chavela Vargas<\/li>\n<li>Martija de Ja\u00faregui<\/li>\n<li>Hipatia de Alejandr\u00eda<\/li>\n<li>Lotte Reiniger<\/li>\n<li>Francisca Bartolozzi (Pitti Bartolozzi)<\/li>\n<li>Mar\u00eda del Villar Berruezo<\/li>\n<li>Murasaki Shikibu<\/li>\n<li>Leyla Hussein<\/li>\n<li>Maddalena Casulana<\/li>\n<li>Azucena Villaflor<\/li>\n<li>Anne Sullivan<\/li>\n<li>Helen Keller<\/li>\n<li>Carmen Amaya<\/li>\n<li>Sylvia Alice Earle<\/li>\n<\/ol>\n","protected":false},"excerpt":{"rendered":"<p>La propuesta art\u00edstica y de sensibilizaci\u00f3n en el paisaje urbano se desarrolla en 173 m2 de muro y en ella han participado 5 artistas y casi 100 pamploneses<\/p>\n","protected":false},"author":1,"featured_media":39396,"comment_status":"open","ping_status":"closed","sticky":false,"template":"","format":"standard","meta":{"footnotes":""},"categories":[2],"tags":[],"class_list":["post-39395","post","type-post","status-publish","format-standard","has-post-thumbnail","hentry","category-ayuntamiento-pamplona"],"yoast_head":"<!-- This site is optimized with the Yoast SEO plugin v27.3 - https:\/\/yoast.com\/product\/yoast-seo-wordpress\/ -->\n<title>La ciudadan\u00eda ya puede recorrer la senda que marcan las historias de 47 mujeres pioneras plasmadas en el mural del parque del mismo nombre en Lezkairu<\/title>\n<meta name=\"description\" content=\"La propuesta art\u00edstica y de sensibilizaci\u00f3n en el paisaje urbano se desarrolla en 173 m2 de muro y en ella han participado 5 artistas y casi 100 pamploneses\" \/>\n<meta name=\"robots\" content=\"index, follow, max-snippet:-1, max-image-preview:large, max-video-preview:-1\" \/>\n<link rel=\"canonical\" href=\"https:\/\/www.laguiadepamplona.com\/actualidad\/la-ciudadania-ya-puede-recorrer-la-senda-que-marcan-las-historias-de-47-mujeres-pioneras-plasmadas-en-el-mural-del-parque-del-mismo-nombre-en-lezkairu\/\" \/>\n<meta property=\"og:locale\" content=\"es_ES\" \/>\n<meta property=\"og:type\" content=\"article\" \/>\n<meta property=\"og:title\" content=\"La ciudadan\u00eda ya puede recorrer la senda que marcan las historias de 47 mujeres pioneras plasmadas en el mural del parque del mismo nombre en Lezkairu\" \/>\n<meta property=\"og:description\" content=\"La propuesta art\u00edstica y de sensibilizaci\u00f3n en el paisaje urbano se desarrolla en 173 m2 de muro y en ella han participado 5 artistas y casi 100 pamploneses\" \/>\n<meta property=\"og:url\" content=\"https:\/\/www.laguiadepamplona.com\/actualidad\/la-ciudadania-ya-puede-recorrer-la-senda-que-marcan-las-historias-de-47-mujeres-pioneras-plasmadas-en-el-mural-del-parque-del-mismo-nombre-en-lezkairu\/\" \/>\n<meta property=\"og:site_name\" content=\"La Gu\u00eda de Pamplona\" \/>\n<meta property=\"article:publisher\" content=\"https:\/\/www.facebook.com\/laguiadepamplonacom-133175176762273\/?ref=hl\" \/>\n<meta property=\"article:published_time\" content=\"2022-03-15T14:44:53+00:00\" \/>\n<meta property=\"article:modified_time\" content=\"2023-04-11T09:48:25+00:00\" \/>\n<meta property=\"og:image\" content=\"https:\/\/www.laguiadepamplona.com\/actualidad\/wp-content\/uploads\/2022\/03\/senda-de-las-pioneras-lezkairu.jpeg\" \/>\n\t<meta property=\"og:image:width\" content=\"1600\" \/>\n\t<meta property=\"og:image:height\" content=\"1200\" \/>\n\t<meta property=\"og:image:type\" content=\"image\/jpeg\" \/>\n<meta name=\"author\" content=\"La Gu\u00eda de Pamplona\" \/>\n<meta name=\"twitter:card\" content=\"summary_large_image\" \/>\n<meta name=\"twitter:creator\" content=\"@LaGuiadPamplona\" \/>\n<meta name=\"twitter:site\" content=\"@LaGuiadPamplona\" \/>\n<meta name=\"twitter:label1\" content=\"Escrito por\" \/>\n\t<meta name=\"twitter:data1\" content=\"La Gu\u00eda de Pamplona\" \/>\n\t<meta name=\"twitter:label2\" content=\"Tiempo de lectura\" \/>\n\t<meta name=\"twitter:data2\" content=\"4 minutos\" \/>\n<script type=\"application\/ld+json\" class=\"yoast-schema-graph\">{\"@context\":\"https:\\\/\\\/schema.org\",\"@graph\":[{\"@type\":\"Article\",\"@id\":\"https:\\\/\\\/www.laguiadepamplona.com\\\/actualidad\\\/la-ciudadania-ya-puede-recorrer-la-senda-que-marcan-las-historias-de-47-mujeres-pioneras-plasmadas-en-el-mural-del-parque-del-mismo-nombre-en-lezkairu\\\/#article\",\"isPartOf\":{\"@id\":\"https:\\\/\\\/www.laguiadepamplona.com\\\/actualidad\\\/la-ciudadania-ya-puede-recorrer-la-senda-que-marcan-las-historias-de-47-mujeres-pioneras-plasmadas-en-el-mural-del-parque-del-mismo-nombre-en-lezkairu\\\/\"},\"author\":{\"name\":\"La Gu\u00eda de Pamplona\",\"@id\":\"https:\\\/\\\/www.laguiadepamplona.com\\\/actualidad\\\/#\\\/schema\\\/person\\\/efe887376f0213d4657c93adc50b1fdb\"},\"headline\":\"La ciudadan\u00eda ya puede recorrer la senda que marcan las historias de 47 mujeres pioneras plasmadas en el mural del parque del mismo nombre en Lezkairu\",\"datePublished\":\"2022-03-15T14:44:53+00:00\",\"dateModified\":\"2023-04-11T09:48:25+00:00\",\"mainEntityOfPage\":{\"@id\":\"https:\\\/\\\/www.laguiadepamplona.com\\\/actualidad\\\/la-ciudadania-ya-puede-recorrer-la-senda-que-marcan-las-historias-de-47-mujeres-pioneras-plasmadas-en-el-mural-del-parque-del-mismo-nombre-en-lezkairu\\\/\"},\"wordCount\":765,\"commentCount\":0,\"publisher\":{\"@id\":\"https:\\\/\\\/www.laguiadepamplona.com\\\/actualidad\\\/#organization\"},\"image\":{\"@id\":\"https:\\\/\\\/www.laguiadepamplona.com\\\/actualidad\\\/la-ciudadania-ya-puede-recorrer-la-senda-que-marcan-las-historias-de-47-mujeres-pioneras-plasmadas-en-el-mural-del-parque-del-mismo-nombre-en-lezkairu\\\/#primaryimage\"},\"thumbnailUrl\":\"https:\\\/\\\/www.laguiadepamplona.com\\\/actualidad\\\/wp-content\\\/uploads\\\/2022\\\/03\\\/senda-de-las-pioneras-lezkairu.jpeg\",\"articleSection\":[\"Ayto Pamplona\"],\"inLanguage\":\"es\",\"potentialAction\":[{\"@type\":\"CommentAction\",\"name\":\"Comment\",\"target\":[\"https:\\\/\\\/www.laguiadepamplona.com\\\/actualidad\\\/la-ciudadania-ya-puede-recorrer-la-senda-que-marcan-las-historias-de-47-mujeres-pioneras-plasmadas-en-el-mural-del-parque-del-mismo-nombre-en-lezkairu\\\/#respond\"]}]},{\"@type\":\"WebPage\",\"@id\":\"https:\\\/\\\/www.laguiadepamplona.com\\\/actualidad\\\/la-ciudadania-ya-puede-recorrer-la-senda-que-marcan-las-historias-de-47-mujeres-pioneras-plasmadas-en-el-mural-del-parque-del-mismo-nombre-en-lezkairu\\\/\",\"url\":\"https:\\\/\\\/www.laguiadepamplona.com\\\/actualidad\\\/la-ciudadania-ya-puede-recorrer-la-senda-que-marcan-las-historias-de-47-mujeres-pioneras-plasmadas-en-el-mural-del-parque-del-mismo-nombre-en-lezkairu\\\/\",\"name\":\"La ciudadan\u00eda ya puede recorrer la senda que marcan las historias de 47 mujeres pioneras plasmadas en el mural del parque del mismo nombre en Lezkairu\",\"isPartOf\":{\"@id\":\"https:\\\/\\\/www.laguiadepamplona.com\\\/actualidad\\\/#website\"},\"primaryImageOfPage\":{\"@id\":\"https:\\\/\\\/www.laguiadepamplona.com\\\/actualidad\\\/la-ciudadania-ya-puede-recorrer-la-senda-que-marcan-las-historias-de-47-mujeres-pioneras-plasmadas-en-el-mural-del-parque-del-mismo-nombre-en-lezkairu\\\/#primaryimage\"},\"image\":{\"@id\":\"https:\\\/\\\/www.laguiadepamplona.com\\\/actualidad\\\/la-ciudadania-ya-puede-recorrer-la-senda-que-marcan-las-historias-de-47-mujeres-pioneras-plasmadas-en-el-mural-del-parque-del-mismo-nombre-en-lezkairu\\\/#primaryimage\"},\"thumbnailUrl\":\"https:\\\/\\\/www.laguiadepamplona.com\\\/actualidad\\\/wp-content\\\/uploads\\\/2022\\\/03\\\/senda-de-las-pioneras-lezkairu.jpeg\",\"datePublished\":\"2022-03-15T14:44:53+00:00\",\"dateModified\":\"2023-04-11T09:48:25+00:00\",\"description\":\"La propuesta art\u00edstica y de sensibilizaci\u00f3n en el paisaje urbano se desarrolla en 173 m2 de muro y en ella han participado 5 artistas y casi 100 pamploneses\",\"breadcrumb\":{\"@id\":\"https:\\\/\\\/www.laguiadepamplona.com\\\/actualidad\\\/la-ciudadania-ya-puede-recorrer-la-senda-que-marcan-las-historias-de-47-mujeres-pioneras-plasmadas-en-el-mural-del-parque-del-mismo-nombre-en-lezkairu\\\/#breadcrumb\"},\"inLanguage\":\"es\",\"potentialAction\":[{\"@type\":\"ReadAction\",\"target\":[\"https:\\\/\\\/www.laguiadepamplona.com\\\/actualidad\\\/la-ciudadania-ya-puede-recorrer-la-senda-que-marcan-las-historias-de-47-mujeres-pioneras-plasmadas-en-el-mural-del-parque-del-mismo-nombre-en-lezkairu\\\/\"]}]},{\"@type\":\"ImageObject\",\"inLanguage\":\"es\",\"@id\":\"https:\\\/\\\/www.laguiadepamplona.com\\\/actualidad\\\/la-ciudadania-ya-puede-recorrer-la-senda-que-marcan-las-historias-de-47-mujeres-pioneras-plasmadas-en-el-mural-del-parque-del-mismo-nombre-en-lezkairu\\\/#primaryimage\",\"url\":\"https:\\\/\\\/www.laguiadepamplona.com\\\/actualidad\\\/wp-content\\\/uploads\\\/2022\\\/03\\\/senda-de-las-pioneras-lezkairu.jpeg\",\"contentUrl\":\"https:\\\/\\\/www.laguiadepamplona.com\\\/actualidad\\\/wp-content\\\/uploads\\\/2022\\\/03\\\/senda-de-las-pioneras-lezkairu.jpeg\",\"width\":1600,\"height\":1200},{\"@type\":\"BreadcrumbList\",\"@id\":\"https:\\\/\\\/www.laguiadepamplona.com\\\/actualidad\\\/la-ciudadania-ya-puede-recorrer-la-senda-que-marcan-las-historias-de-47-mujeres-pioneras-plasmadas-en-el-mural-del-parque-del-mismo-nombre-en-lezkairu\\\/#breadcrumb\",\"itemListElement\":[{\"@type\":\"ListItem\",\"position\":1,\"name\":\"Portada\",\"item\":\"https:\\\/\\\/www.laguiadepamplona.com\\\/actualidad\\\/\"},{\"@type\":\"ListItem\",\"position\":2,\"name\":\"La ciudadan\u00eda ya puede recorrer la senda que marcan las historias de 47 mujeres pioneras plasmadas en el mural del parque del mismo nombre en Lezkairu\"}]},{\"@type\":\"WebSite\",\"@id\":\"https:\\\/\\\/www.laguiadepamplona.com\\\/actualidad\\\/#website\",\"url\":\"https:\\\/\\\/www.laguiadepamplona.com\\\/actualidad\\\/\",\"name\":\"La gu\u00eda de Pamplona\",\"description\":\"Noticias de Pamplona\",\"publisher\":{\"@id\":\"https:\\\/\\\/www.laguiadepamplona.com\\\/actualidad\\\/#organization\"},\"potentialAction\":[{\"@type\":\"SearchAction\",\"target\":{\"@type\":\"EntryPoint\",\"urlTemplate\":\"https:\\\/\\\/www.laguiadepamplona.com\\\/actualidad\\\/?s={search_term_string}\"},\"query-input\":{\"@type\":\"PropertyValueSpecification\",\"valueRequired\":true,\"valueName\":\"search_term_string\"}}],\"inLanguage\":\"es\"},{\"@type\":\"Organization\",\"@id\":\"https:\\\/\\\/www.laguiadepamplona.com\\\/actualidad\\\/#organization\",\"name\":\"La Gu\u00eda de Pamplona \\\/ Noticias\",\"url\":\"https:\\\/\\\/www.laguiadepamplona.com\\\/actualidad\\\/\",\"logo\":{\"@type\":\"ImageObject\",\"inLanguage\":\"es\",\"@id\":\"https:\\\/\\\/www.laguiadepamplona.com\\\/actualidad\\\/#\\\/schema\\\/logo\\\/image\\\/\",\"url\":\"https:\\\/\\\/www.laguiadepamplona.com\\\/actualidad\\\/wp-content\\\/uploads\\\/2018\\\/11\\\/logo-laguiadepamplona18-web1.png\",\"contentUrl\":\"https:\\\/\\\/www.laguiadepamplona.com\\\/actualidad\\\/wp-content\\\/uploads\\\/2018\\\/11\\\/logo-laguiadepamplona18-web1.png\",\"width\":600,\"height\":196,\"caption\":\"La Gu\u00eda de Pamplona \\\/ Noticias\"},\"image\":{\"@id\":\"https:\\\/\\\/www.laguiadepamplona.com\\\/actualidad\\\/#\\\/schema\\\/logo\\\/image\\\/\"},\"sameAs\":[\"https:\\\/\\\/www.facebook.com\\\/laguiadepamplonacom-133175176762273\\\/?ref=hl\",\"https:\\\/\\\/x.com\\\/LaGuiadPamplona\",\"https:\\\/\\\/www.instagram.com\\\/la_guia_de_pamplona\\\/\",\"https:\\\/\\\/www.youtube.com\\\/user\\\/laguiadepamplona\"]},{\"@type\":\"Person\",\"@id\":\"https:\\\/\\\/www.laguiadepamplona.com\\\/actualidad\\\/#\\\/schema\\\/person\\\/efe887376f0213d4657c93adc50b1fdb\",\"name\":\"La Gu\u00eda de Pamplona\",\"image\":{\"@type\":\"ImageObject\",\"inLanguage\":\"es\",\"@id\":\"https:\\\/\\\/secure.gravatar.com\\\/avatar\\\/b6992f131dc8d30ab0dff15446e9d346d9dbd95992de0fef795073f5ea83a81c?s=96&d=mm&r=g\",\"url\":\"https:\\\/\\\/secure.gravatar.com\\\/avatar\\\/b6992f131dc8d30ab0dff15446e9d346d9dbd95992de0fef795073f5ea83a81c?s=96&d=mm&r=g\",\"contentUrl\":\"https:\\\/\\\/secure.gravatar.com\\\/avatar\\\/b6992f131dc8d30ab0dff15446e9d346d9dbd95992de0fef795073f5ea83a81c?s=96&d=mm&r=g\",\"caption\":\"La Gu\u00eda de Pamplona\"}}]}<\/script>\n<!-- \/ Yoast SEO plugin. -->","yoast_head_json":{"title":"La ciudadan\u00eda ya puede recorrer la senda que marcan las historias de 47 mujeres pioneras plasmadas en el mural del parque del mismo nombre en Lezkairu","description":"La propuesta art\u00edstica y de sensibilizaci\u00f3n en el paisaje urbano se desarrolla en 173 m2 de muro y en ella han participado 5 artistas y casi 100 pamploneses","robots":{"index":"index","follow":"follow","max-snippet":"max-snippet:-1","max-image-preview":"max-image-preview:large","max-video-preview":"max-video-preview:-1"},"canonical":"https:\/\/www.laguiadepamplona.com\/actualidad\/la-ciudadania-ya-puede-recorrer-la-senda-que-marcan-las-historias-de-47-mujeres-pioneras-plasmadas-en-el-mural-del-parque-del-mismo-nombre-en-lezkairu\/","og_locale":"es_ES","og_type":"article","og_title":"La ciudadan\u00eda ya puede recorrer la senda que marcan las historias de 47 mujeres pioneras plasmadas en el mural del parque del mismo nombre en Lezkairu","og_description":"La propuesta art\u00edstica y de sensibilizaci\u00f3n en el paisaje urbano se desarrolla en 173 m2 de muro y en ella han participado 5 artistas y casi 100 pamploneses","og_url":"https:\/\/www.laguiadepamplona.com\/actualidad\/la-ciudadania-ya-puede-recorrer-la-senda-que-marcan-las-historias-de-47-mujeres-pioneras-plasmadas-en-el-mural-del-parque-del-mismo-nombre-en-lezkairu\/","og_site_name":"La Gu\u00eda de Pamplona","article_publisher":"https:\/\/www.facebook.com\/laguiadepamplonacom-133175176762273\/?ref=hl","article_published_time":"2022-03-15T14:44:53+00:00","article_modified_time":"2023-04-11T09:48:25+00:00","og_image":[{"width":1600,"height":1200,"url":"https:\/\/www.laguiadepamplona.com\/actualidad\/wp-content\/uploads\/2022\/03\/senda-de-las-pioneras-lezkairu.jpeg","type":"image\/jpeg"}],"author":"La Gu\u00eda de Pamplona","twitter_card":"summary_large_image","twitter_creator":"@LaGuiadPamplona","twitter_site":"@LaGuiadPamplona","twitter_misc":{"Escrito por":"La Gu\u00eda de Pamplona","Tiempo de lectura":"4 minutos"},"schema":{"@context":"https:\/\/schema.org","@graph":[{"@type":"Article","@id":"https:\/\/www.laguiadepamplona.com\/actualidad\/la-ciudadania-ya-puede-recorrer-la-senda-que-marcan-las-historias-de-47-mujeres-pioneras-plasmadas-en-el-mural-del-parque-del-mismo-nombre-en-lezkairu\/#article","isPartOf":{"@id":"https:\/\/www.laguiadepamplona.com\/actualidad\/la-ciudadania-ya-puede-recorrer-la-senda-que-marcan-las-historias-de-47-mujeres-pioneras-plasmadas-en-el-mural-del-parque-del-mismo-nombre-en-lezkairu\/"},"author":{"name":"La Gu\u00eda de Pamplona","@id":"https:\/\/www.laguiadepamplona.com\/actualidad\/#\/schema\/person\/efe887376f0213d4657c93adc50b1fdb"},"headline":"La ciudadan\u00eda ya puede recorrer la senda que marcan las historias de 47 mujeres pioneras plasmadas en el mural del parque del mismo nombre en Lezkairu","datePublished":"2022-03-15T14:44:53+00:00","dateModified":"2023-04-11T09:48:25+00:00","mainEntityOfPage":{"@id":"https:\/\/www.laguiadepamplona.com\/actualidad\/la-ciudadania-ya-puede-recorrer-la-senda-que-marcan-las-historias-de-47-mujeres-pioneras-plasmadas-en-el-mural-del-parque-del-mismo-nombre-en-lezkairu\/"},"wordCount":765,"commentCount":0,"publisher":{"@id":"https:\/\/www.laguiadepamplona.com\/actualidad\/#organization"},"image":{"@id":"https:\/\/www.laguiadepamplona.com\/actualidad\/la-ciudadania-ya-puede-recorrer-la-senda-que-marcan-las-historias-de-47-mujeres-pioneras-plasmadas-en-el-mural-del-parque-del-mismo-nombre-en-lezkairu\/#primaryimage"},"thumbnailUrl":"https:\/\/www.laguiadepamplona.com\/actualidad\/wp-content\/uploads\/2022\/03\/senda-de-las-pioneras-lezkairu.jpeg","articleSection":["Ayto Pamplona"],"inLanguage":"es","potentialAction":[{"@type":"CommentAction","name":"Comment","target":["https:\/\/www.laguiadepamplona.com\/actualidad\/la-ciudadania-ya-puede-recorrer-la-senda-que-marcan-las-historias-de-47-mujeres-pioneras-plasmadas-en-el-mural-del-parque-del-mismo-nombre-en-lezkairu\/#respond"]}]},{"@type":"WebPage","@id":"https:\/\/www.laguiadepamplona.com\/actualidad\/la-ciudadania-ya-puede-recorrer-la-senda-que-marcan-las-historias-de-47-mujeres-pioneras-plasmadas-en-el-mural-del-parque-del-mismo-nombre-en-lezkairu\/","url":"https:\/\/www.laguiadepamplona.com\/actualidad\/la-ciudadania-ya-puede-recorrer-la-senda-que-marcan-las-historias-de-47-mujeres-pioneras-plasmadas-en-el-mural-del-parque-del-mismo-nombre-en-lezkairu\/","name":"La ciudadan\u00eda ya puede recorrer la senda que marcan las historias de 47 mujeres pioneras plasmadas en el mural del parque del mismo nombre en Lezkairu","isPartOf":{"@id":"https:\/\/www.laguiadepamplona.com\/actualidad\/#website"},"primaryImageOfPage":{"@id":"https:\/\/www.laguiadepamplona.com\/actualidad\/la-ciudadania-ya-puede-recorrer-la-senda-que-marcan-las-historias-de-47-mujeres-pioneras-plasmadas-en-el-mural-del-parque-del-mismo-nombre-en-lezkairu\/#primaryimage"},"image":{"@id":"https:\/\/www.laguiadepamplona.com\/actualidad\/la-ciudadania-ya-puede-recorrer-la-senda-que-marcan-las-historias-de-47-mujeres-pioneras-plasmadas-en-el-mural-del-parque-del-mismo-nombre-en-lezkairu\/#primaryimage"},"thumbnailUrl":"https:\/\/www.laguiadepamplona.com\/actualidad\/wp-content\/uploads\/2022\/03\/senda-de-las-pioneras-lezkairu.jpeg","datePublished":"2022-03-15T14:44:53+00:00","dateModified":"2023-04-11T09:48:25+00:00","description":"La propuesta art\u00edstica y de sensibilizaci\u00f3n en el paisaje urbano se desarrolla en 173 m2 de muro y en ella han participado 5 artistas y casi 100 pamploneses","breadcrumb":{"@id":"https:\/\/www.laguiadepamplona.com\/actualidad\/la-ciudadania-ya-puede-recorrer-la-senda-que-marcan-las-historias-de-47-mujeres-pioneras-plasmadas-en-el-mural-del-parque-del-mismo-nombre-en-lezkairu\/#breadcrumb"},"inLanguage":"es","potentialAction":[{"@type":"ReadAction","target":["https:\/\/www.laguiadepamplona.com\/actualidad\/la-ciudadania-ya-puede-recorrer-la-senda-que-marcan-las-historias-de-47-mujeres-pioneras-plasmadas-en-el-mural-del-parque-del-mismo-nombre-en-lezkairu\/"]}]},{"@type":"ImageObject","inLanguage":"es","@id":"https:\/\/www.laguiadepamplona.com\/actualidad\/la-ciudadania-ya-puede-recorrer-la-senda-que-marcan-las-historias-de-47-mujeres-pioneras-plasmadas-en-el-mural-del-parque-del-mismo-nombre-en-lezkairu\/#primaryimage","url":"https:\/\/www.laguiadepamplona.com\/actualidad\/wp-content\/uploads\/2022\/03\/senda-de-las-pioneras-lezkairu.jpeg","contentUrl":"https:\/\/www.laguiadepamplona.com\/actualidad\/wp-content\/uploads\/2022\/03\/senda-de-las-pioneras-lezkairu.jpeg","width":1600,"height":1200},{"@type":"BreadcrumbList","@id":"https:\/\/www.laguiadepamplona.com\/actualidad\/la-ciudadania-ya-puede-recorrer-la-senda-que-marcan-las-historias-de-47-mujeres-pioneras-plasmadas-en-el-mural-del-parque-del-mismo-nombre-en-lezkairu\/#breadcrumb","itemListElement":[{"@type":"ListItem","position":1,"name":"Portada","item":"https:\/\/www.laguiadepamplona.com\/actualidad\/"},{"@type":"ListItem","position":2,"name":"La ciudadan\u00eda ya puede recorrer la senda que marcan las historias de 47 mujeres pioneras plasmadas en el mural del parque del mismo nombre en Lezkairu"}]},{"@type":"WebSite","@id":"https:\/\/www.laguiadepamplona.com\/actualidad\/#website","url":"https:\/\/www.laguiadepamplona.com\/actualidad\/","name":"La gu\u00eda de Pamplona","description":"Noticias de Pamplona","publisher":{"@id":"https:\/\/www.laguiadepamplona.com\/actualidad\/#organization"},"potentialAction":[{"@type":"SearchAction","target":{"@type":"EntryPoint","urlTemplate":"https:\/\/www.laguiadepamplona.com\/actualidad\/?s={search_term_string}"},"query-input":{"@type":"PropertyValueSpecification","valueRequired":true,"valueName":"search_term_string"}}],"inLanguage":"es"},{"@type":"Organization","@id":"https:\/\/www.laguiadepamplona.com\/actualidad\/#organization","name":"La Gu\u00eda de Pamplona \/ Noticias","url":"https:\/\/www.laguiadepamplona.com\/actualidad\/","logo":{"@type":"ImageObject","inLanguage":"es","@id":"https:\/\/www.laguiadepamplona.com\/actualidad\/#\/schema\/logo\/image\/","url":"https:\/\/www.laguiadepamplona.com\/actualidad\/wp-content\/uploads\/2018\/11\/logo-laguiadepamplona18-web1.png","contentUrl":"https:\/\/www.laguiadepamplona.com\/actualidad\/wp-content\/uploads\/2018\/11\/logo-laguiadepamplona18-web1.png","width":600,"height":196,"caption":"La Gu\u00eda de Pamplona \/ Noticias"},"image":{"@id":"https:\/\/www.laguiadepamplona.com\/actualidad\/#\/schema\/logo\/image\/"},"sameAs":["https:\/\/www.facebook.com\/laguiadepamplonacom-133175176762273\/?ref=hl","https:\/\/x.com\/LaGuiadPamplona","https:\/\/www.instagram.com\/la_guia_de_pamplona\/","https:\/\/www.youtube.com\/user\/laguiadepamplona"]},{"@type":"Person","@id":"https:\/\/www.laguiadepamplona.com\/actualidad\/#\/schema\/person\/efe887376f0213d4657c93adc50b1fdb","name":"La Gu\u00eda de Pamplona","image":{"@type":"ImageObject","inLanguage":"es","@id":"https:\/\/secure.gravatar.com\/avatar\/b6992f131dc8d30ab0dff15446e9d346d9dbd95992de0fef795073f5ea83a81c?s=96&d=mm&r=g","url":"https:\/\/secure.gravatar.com\/avatar\/b6992f131dc8d30ab0dff15446e9d346d9dbd95992de0fef795073f5ea83a81c?s=96&d=mm&r=g","contentUrl":"https:\/\/secure.gravatar.com\/avatar\/b6992f131dc8d30ab0dff15446e9d346d9dbd95992de0fef795073f5ea83a81c?s=96&d=mm&r=g","caption":"La Gu\u00eda de Pamplona"}}]}},"post_mailing_queue_ids":[],"_links":{"self":[{"href":"https:\/\/www.laguiadepamplona.com\/actualidad\/wp-json\/wp\/v2\/posts\/39395","targetHints":{"allow":["GET"]}}],"collection":[{"href":"https:\/\/www.laguiadepamplona.com\/actualidad\/wp-json\/wp\/v2\/posts"}],"about":[{"href":"https:\/\/www.laguiadepamplona.com\/actualidad\/wp-json\/wp\/v2\/types\/post"}],"author":[{"embeddable":true,"href":"https:\/\/www.laguiadepamplona.com\/actualidad\/wp-json\/wp\/v2\/users\/1"}],"replies":[{"embeddable":true,"href":"https:\/\/www.laguiadepamplona.com\/actualidad\/wp-json\/wp\/v2\/comments?post=39395"}],"version-history":[{"count":0,"href":"https:\/\/www.laguiadepamplona.com\/actualidad\/wp-json\/wp\/v2\/posts\/39395\/revisions"}],"wp:featuredmedia":[{"embeddable":true,"href":"https:\/\/www.laguiadepamplona.com\/actualidad\/wp-json\/wp\/v2\/media\/39396"}],"wp:attachment":[{"href":"https:\/\/www.laguiadepamplona.com\/actualidad\/wp-json\/wp\/v2\/media?parent=39395"}],"wp:term":[{"taxonomy":"category","embeddable":true,"href":"https:\/\/www.laguiadepamplona.com\/actualidad\/wp-json\/wp\/v2\/categories?post=39395"},{"taxonomy":"post_tag","embeddable":true,"href":"https:\/\/www.laguiadepamplona.com\/actualidad\/wp-json\/wp\/v2\/tags?post=39395"}],"curies":[{"name":"wp","href":"https:\/\/api.w.org\/{rel}","templated":true}]}}