{"id":39393,"date":"2022-03-15T16:41:36","date_gmt":"2022-03-15T14:41:36","guid":{"rendered":"https:\/\/www.laguiadepamplona.com\/actualidad\/?p=39393"},"modified":"2023-04-11T11:48:25","modified_gmt":"2023-04-11T09:48:25","slug":"el-ayuntamiento-de-pamplona-amplia-a-ermitagana-y-el-rincon-del-caballo-blanco-la-campana-de-primavera-contra-la-avispa-asiatica-trampas-en-15-zonas-de-la-ciudad","status":"publish","type":"post","link":"https:\/\/www.laguiadepamplona.com\/actualidad\/el-ayuntamiento-de-pamplona-amplia-a-ermitagana-y-el-rincon-del-caballo-blanco-la-campana-de-primavera-contra-la-avispa-asiatica-trampas-en-15-zonas-de-la-ciudad\/","title":{"rendered":"El Ayuntamiento de Pamplona ampl\u00eda a Ermitaga\u00f1a y el Rinc\u00f3n del Caballo Blanco la campa\u00f1a de primavera contra la avispa asi\u00e1tica: trampas en 15 zonas de la ciudad"},"content":{"rendered":"<h5>Las actuaciones de 2021 se saldaron con 515 avispas reinas capturadas en 42 trampas, 61 nidos retirados\/inactivados y 19 localizados<\/h5>\n<p><!--more--><\/p>\n<p>El Ayuntamiento de Pamplona inicia esta primavera en 15 zonas de la ciudad una nueva campa\u00f1a contra la <em>Vespa velutina, <\/em>m\u00e1s conocida como avispa asi\u00e1tica. Son dos zonas m\u00e1s que en la anterior campa\u00f1a al sumarse a los espacios controlados el barrio de Ermitaga\u00f1a y el Rinc\u00f3n del Caballo Blanco. La extensi\u00f3n de esta especie en Navarra est\u00e1 provocando la desaparici\u00f3n de otros polinizadores aut\u00f3ctonos perjudicando la apicultura y a la fruticultura, adem\u00e1s de presentar un riesgo sanitario para la seguridad ciudadana en entornos urbanos.<br \/>\n<script async src=\"\/\/pagead2.googlesyndication.com\/pagead\/js\/adsbygoogle.js\"><\/script><br \/>\n<!-- Noticias La Guia de Pamplona --><br \/>\n<ins class=\"adsbygoogle\"\nstyle=\"display:block\"\ndata-ad-client=\"ca-pub-6943679897239327\"\ndata-ad-slot=\"7048180777\"\ndata-ad-format=\"auto\"><\/ins><br \/>\n<script>\n(adsbygoogle = window.adsbygoogle || []).push({});\n<\/script><\/p>\n<p>El Parque de Desinfecci\u00f3n municipal, en aplicaci\u00f3n del protocolo contra la extensi\u00f3n de este insecto, coloc\u00f3 42 trampas la pasada primavera en las que se capturaron 515 avispas reinas. De los 80 nidos detectados hasta final de a\u00f1o, 25 fueron retirados, 29 inactivados, 7 se derivaron al 112 para su retirada o inactivaci\u00f3n y 19 fueron registrados y\/o marcados (al detectarse fuera de la fecha de retirada o del periodo de inactivaci\u00f3n previsto), unos resultados que el personal t\u00e9cnico considera satisfactorios. La campa\u00f1a 2021 mejora en sus resultados la realizada en el a\u00f1o 2020, tanto en trampeo, como en eliminaci\u00f3n de nidos.<\/p>\n<p>De nuevo este 2022 el Consistorio solicita la colaboraci\u00f3n de la ciudadan\u00eda en la detecci\u00f3n precoz de la <em>Vespa velutina<\/em>, para que, en caso de que en las pr\u00f3ximas semanas se avisten nidos primarios, se pongan en contacto directamente con el Parque de Desinfecci\u00f3n en el tel\u00e9fono 948 420 994 o llamando al Servicios de Atenci\u00f3n Ciudadana al tel\u00e9fono 010 o al 948 420 100. El Ayuntamiento de Pamplona retirar\u00e1 los nidos tanto en lugares p\u00fablicos, como privados, en un servicio que no tiene ning\u00fan coste para el ciudadano.<br \/>\n<script async src=\"\/\/pagead2.googlesyndication.com\/pagead\/js\/adsbygoogle.js\"><\/script><br \/>\n<!-- Noticias La Guia de Pamplona --><br \/>\n<ins class=\"adsbygoogle\"\nstyle=\"display:block\"\ndata-ad-client=\"ca-pub-6943679897239327\"\ndata-ad-slot=\"7048180777\"\ndata-ad-format=\"auto\"><\/ins><br \/>\n<script>\n(adsbygoogle = window.adsbygoogle || []).push({});\n<\/script><\/p>\n<p><strong>Contener la reproducci\u00f3n<\/strong><\/p>\n<p>Primavera es la estaci\u00f3n adecuada para retirar los nidos primarios en construcci\u00f3n, que se empiezan ver a finales de en febrero. Son estructuras del tama\u00f1o de una pelota de tenis que se suelen enclavar en dinteles de ventanas, aleros, vigas de porches o, arboles de bajo porte y siempre en espacios protegidos por la lluvia, ya que son nidos muy vulnerables y, por tanto, muy f\u00e1ciles de eliminar.<\/p>\n<p>La avispa asi\u00e1tica tiene un ciclo vital anual. Las reinas fecundadas salen de su letargo en febrero-marzo. Una vez que despiertan, hacen el nido primario temporal donde ponen sus huevos formando una peque\u00f1a colonia de avispas obreras que, sobre el mes de mayo, construir\u00e1n un nido secundario, este crece hasta albergar a m\u00e1s de 2.000 avispas. Con esta campa\u00f1a se busca retirarlos antes de que se constituyan los nidos secundarios que durante el verano se enclavan ocultos en \u00e1rboles de porte alto, por lo que es m\u00e1s dif\u00edcil su localizaci\u00f3n entre las hojas y posterior eliminaci\u00f3n.<\/p>\n<p>A finales de verano se empieza a diferenciar las hembras de los machos. Las hembras, una vez fecundadas, abandonan el nido para hibernar y en febrero del siguiente a\u00f1o, comenzar el nuevo ciclo. El nido vac\u00edo queda inactivo y se va deteriorando de manera natural, por lo que no ser\u00e1 utilizado nuevamente.<\/p>\n","protected":false},"excerpt":{"rendered":"<p>Las actuaciones de 2021 se saldaron con 515 avispas reinas capturadas en 42 trampas, 61 nidos retirados\/inactivados y 19 localizados<\/p>\n","protected":false},"author":1,"featured_media":36673,"comment_status":"open","ping_status":"closed","sticky":false,"template":"","format":"standard","meta":{"footnotes":""},"categories":[2],"tags":[],"class_list":["post-39393","post","type-post","status-publish","format-standard","has-post-thumbnail","hentry","category-ayuntamiento-pamplona"],"yoast_head":"<!-- This site is optimized with the Yoast SEO plugin v27.5 - https:\/\/yoast.com\/product\/yoast-seo-wordpress\/ -->\n<title>El Ayuntamiento de Pamplona ampl\u00eda a Ermitaga\u00f1a y el Rinc\u00f3n del Caballo Blanco la campa\u00f1a de primavera contra la avispa asi\u00e1tica: trampas en 15 zonas de la ciudad<\/title>\n<meta name=\"description\" content=\"Las actuaciones de 2021 se saldaron con 515 avispas reinas capturadas en 42 trampas, 61 nidos retirados\/inactivados y 19 localizados\" \/>\n<meta name=\"robots\" content=\"index, follow, max-snippet:-1, max-image-preview:large, max-video-preview:-1\" \/>\n<link rel=\"canonical\" href=\"https:\/\/www.laguiadepamplona.com\/actualidad\/el-ayuntamiento-de-pamplona-amplia-a-ermitagana-y-el-rincon-del-caballo-blanco-la-campana-de-primavera-contra-la-avispa-asiatica-trampas-en-15-zonas-de-la-ciudad\/\" \/>\n<meta property=\"og:locale\" content=\"es_ES\" \/>\n<meta property=\"og:type\" content=\"article\" \/>\n<meta property=\"og:title\" content=\"El Ayuntamiento de Pamplona ampl\u00eda a Ermitaga\u00f1a y el Rinc\u00f3n del Caballo Blanco la campa\u00f1a de primavera contra la avispa asi\u00e1tica: trampas en 15 zonas de la ciudad\" \/>\n<meta property=\"og:description\" content=\"Las actuaciones de 2021 se saldaron con 515 avispas reinas capturadas en 42 trampas, 61 nidos retirados\/inactivados y 19 localizados\" \/>\n<meta property=\"og:url\" content=\"https:\/\/www.laguiadepamplona.com\/actualidad\/el-ayuntamiento-de-pamplona-amplia-a-ermitagana-y-el-rincon-del-caballo-blanco-la-campana-de-primavera-contra-la-avispa-asiatica-trampas-en-15-zonas-de-la-ciudad\/\" \/>\n<meta property=\"og:site_name\" content=\"La Gu\u00eda de Pamplona\" \/>\n<meta property=\"article:publisher\" content=\"https:\/\/www.facebook.com\/laguiadepamplonacom-133175176762273\/?ref=hl\" \/>\n<meta property=\"article:published_time\" content=\"2022-03-15T14:41:36+00:00\" \/>\n<meta property=\"article:modified_time\" content=\"2023-04-11T09:48:25+00:00\" \/>\n<meta property=\"og:image\" content=\"https:\/\/www.laguiadepamplona.com\/actualidad\/wp-content\/uploads\/2021\/09\/avisponjmg0321.jpg\" \/>\n\t<meta property=\"og:image:width\" content=\"1920\" \/>\n\t<meta property=\"og:image:height\" content=\"1280\" \/>\n\t<meta property=\"og:image:type\" content=\"image\/jpeg\" \/>\n<meta name=\"author\" content=\"La Gu\u00eda de Pamplona\" \/>\n<meta name=\"twitter:card\" content=\"summary_large_image\" \/>\n<meta name=\"twitter:creator\" content=\"@LaGuiadPamplona\" \/>\n<meta name=\"twitter:site\" content=\"@LaGuiadPamplona\" \/>\n<meta name=\"twitter:label1\" content=\"Escrito por\" \/>\n\t<meta name=\"twitter:data1\" content=\"La Gu\u00eda de Pamplona\" \/>\n\t<meta name=\"twitter:label2\" content=\"Tiempo de lectura\" \/>\n\t<meta name=\"twitter:data2\" content=\"3 minutos\" \/>\n<script type=\"application\/ld+json\" class=\"yoast-schema-graph\">{\"@context\":\"https:\\\/\\\/schema.org\",\"@graph\":[{\"@type\":\"Article\",\"@id\":\"https:\\\/\\\/www.laguiadepamplona.com\\\/actualidad\\\/el-ayuntamiento-de-pamplona-amplia-a-ermitagana-y-el-rincon-del-caballo-blanco-la-campana-de-primavera-contra-la-avispa-asiatica-trampas-en-15-zonas-de-la-ciudad\\\/#article\",\"isPartOf\":{\"@id\":\"https:\\\/\\\/www.laguiadepamplona.com\\\/actualidad\\\/el-ayuntamiento-de-pamplona-amplia-a-ermitagana-y-el-rincon-del-caballo-blanco-la-campana-de-primavera-contra-la-avispa-asiatica-trampas-en-15-zonas-de-la-ciudad\\\/\"},\"author\":{\"name\":\"La Gu\u00eda de Pamplona\",\"@id\":\"https:\\\/\\\/www.laguiadepamplona.com\\\/actualidad\\\/#\\\/schema\\\/person\\\/efe887376f0213d4657c93adc50b1fdb\"},\"headline\":\"El Ayuntamiento de Pamplona ampl\u00eda a Ermitaga\u00f1a y el Rinc\u00f3n del Caballo Blanco la campa\u00f1a de primavera contra la avispa asi\u00e1tica: trampas en 15 zonas de la ciudad\",\"datePublished\":\"2022-03-15T14:41:36+00:00\",\"dateModified\":\"2023-04-11T09:48:25+00:00\",\"mainEntityOfPage\":{\"@id\":\"https:\\\/\\\/www.laguiadepamplona.com\\\/actualidad\\\/el-ayuntamiento-de-pamplona-amplia-a-ermitagana-y-el-rincon-del-caballo-blanco-la-campana-de-primavera-contra-la-avispa-asiatica-trampas-en-15-zonas-de-la-ciudad\\\/\"},\"wordCount\":571,\"commentCount\":0,\"publisher\":{\"@id\":\"https:\\\/\\\/www.laguiadepamplona.com\\\/actualidad\\\/#organization\"},\"image\":{\"@id\":\"https:\\\/\\\/www.laguiadepamplona.com\\\/actualidad\\\/el-ayuntamiento-de-pamplona-amplia-a-ermitagana-y-el-rincon-del-caballo-blanco-la-campana-de-primavera-contra-la-avispa-asiatica-trampas-en-15-zonas-de-la-ciudad\\\/#primaryimage\"},\"thumbnailUrl\":\"https:\\\/\\\/www.laguiadepamplona.com\\\/actualidad\\\/wp-content\\\/uploads\\\/2021\\\/09\\\/avisponjmg0321.jpg\",\"articleSection\":[\"Ayto Pamplona\"],\"inLanguage\":\"es\",\"potentialAction\":[{\"@type\":\"CommentAction\",\"name\":\"Comment\",\"target\":[\"https:\\\/\\\/www.laguiadepamplona.com\\\/actualidad\\\/el-ayuntamiento-de-pamplona-amplia-a-ermitagana-y-el-rincon-del-caballo-blanco-la-campana-de-primavera-contra-la-avispa-asiatica-trampas-en-15-zonas-de-la-ciudad\\\/#respond\"]}]},{\"@type\":\"WebPage\",\"@id\":\"https:\\\/\\\/www.laguiadepamplona.com\\\/actualidad\\\/el-ayuntamiento-de-pamplona-amplia-a-ermitagana-y-el-rincon-del-caballo-blanco-la-campana-de-primavera-contra-la-avispa-asiatica-trampas-en-15-zonas-de-la-ciudad\\\/\",\"url\":\"https:\\\/\\\/www.laguiadepamplona.com\\\/actualidad\\\/el-ayuntamiento-de-pamplona-amplia-a-ermitagana-y-el-rincon-del-caballo-blanco-la-campana-de-primavera-contra-la-avispa-asiatica-trampas-en-15-zonas-de-la-ciudad\\\/\",\"name\":\"El Ayuntamiento de Pamplona ampl\u00eda a Ermitaga\u00f1a y el Rinc\u00f3n del Caballo Blanco la campa\u00f1a de primavera contra la avispa asi\u00e1tica: trampas en 15 zonas de la ciudad\",\"isPartOf\":{\"@id\":\"https:\\\/\\\/www.laguiadepamplona.com\\\/actualidad\\\/#website\"},\"primaryImageOfPage\":{\"@id\":\"https:\\\/\\\/www.laguiadepamplona.com\\\/actualidad\\\/el-ayuntamiento-de-pamplona-amplia-a-ermitagana-y-el-rincon-del-caballo-blanco-la-campana-de-primavera-contra-la-avispa-asiatica-trampas-en-15-zonas-de-la-ciudad\\\/#primaryimage\"},\"image\":{\"@id\":\"https:\\\/\\\/www.laguiadepamplona.com\\\/actualidad\\\/el-ayuntamiento-de-pamplona-amplia-a-ermitagana-y-el-rincon-del-caballo-blanco-la-campana-de-primavera-contra-la-avispa-asiatica-trampas-en-15-zonas-de-la-ciudad\\\/#primaryimage\"},\"thumbnailUrl\":\"https:\\\/\\\/www.laguiadepamplona.com\\\/actualidad\\\/wp-content\\\/uploads\\\/2021\\\/09\\\/avisponjmg0321.jpg\",\"datePublished\":\"2022-03-15T14:41:36+00:00\",\"dateModified\":\"2023-04-11T09:48:25+00:00\",\"description\":\"Las actuaciones de 2021 se saldaron con 515 avispas reinas capturadas en 42 trampas, 61 nidos retirados\\\/inactivados y 19 localizados\",\"breadcrumb\":{\"@id\":\"https:\\\/\\\/www.laguiadepamplona.com\\\/actualidad\\\/el-ayuntamiento-de-pamplona-amplia-a-ermitagana-y-el-rincon-del-caballo-blanco-la-campana-de-primavera-contra-la-avispa-asiatica-trampas-en-15-zonas-de-la-ciudad\\\/#breadcrumb\"},\"inLanguage\":\"es\",\"potentialAction\":[{\"@type\":\"ReadAction\",\"target\":[\"https:\\\/\\\/www.laguiadepamplona.com\\\/actualidad\\\/el-ayuntamiento-de-pamplona-amplia-a-ermitagana-y-el-rincon-del-caballo-blanco-la-campana-de-primavera-contra-la-avispa-asiatica-trampas-en-15-zonas-de-la-ciudad\\\/\"]}]},{\"@type\":\"ImageObject\",\"inLanguage\":\"es\",\"@id\":\"https:\\\/\\\/www.laguiadepamplona.com\\\/actualidad\\\/el-ayuntamiento-de-pamplona-amplia-a-ermitagana-y-el-rincon-del-caballo-blanco-la-campana-de-primavera-contra-la-avispa-asiatica-trampas-en-15-zonas-de-la-ciudad\\\/#primaryimage\",\"url\":\"https:\\\/\\\/www.laguiadepamplona.com\\\/actualidad\\\/wp-content\\\/uploads\\\/2021\\\/09\\\/avisponjmg0321.jpg\",\"contentUrl\":\"https:\\\/\\\/www.laguiadepamplona.com\\\/actualidad\\\/wp-content\\\/uploads\\\/2021\\\/09\\\/avisponjmg0321.jpg\",\"width\":1920,\"height\":1280,\"caption\":\"A* Jes\u00fas Garzaron F* 2020_11_26 T* Retirada de nido de avispas asi\u00e1ticas L* Calle Valle de Eg\u00fc\u00e9s, Pamplona\"},{\"@type\":\"BreadcrumbList\",\"@id\":\"https:\\\/\\\/www.laguiadepamplona.com\\\/actualidad\\\/el-ayuntamiento-de-pamplona-amplia-a-ermitagana-y-el-rincon-del-caballo-blanco-la-campana-de-primavera-contra-la-avispa-asiatica-trampas-en-15-zonas-de-la-ciudad\\\/#breadcrumb\",\"itemListElement\":[{\"@type\":\"ListItem\",\"position\":1,\"name\":\"Portada\",\"item\":\"https:\\\/\\\/www.laguiadepamplona.com\\\/actualidad\\\/\"},{\"@type\":\"ListItem\",\"position\":2,\"name\":\"El Ayuntamiento de Pamplona ampl\u00eda a Ermitaga\u00f1a y el Rinc\u00f3n del Caballo Blanco la campa\u00f1a de primavera contra la avispa asi\u00e1tica: trampas en 15 zonas de la ciudad\"}]},{\"@type\":\"WebSite\",\"@id\":\"https:\\\/\\\/www.laguiadepamplona.com\\\/actualidad\\\/#website\",\"url\":\"https:\\\/\\\/www.laguiadepamplona.com\\\/actualidad\\\/\",\"name\":\"La gu\u00eda de Pamplona\",\"description\":\"Noticias de Pamplona\",\"publisher\":{\"@id\":\"https:\\\/\\\/www.laguiadepamplona.com\\\/actualidad\\\/#organization\"},\"potentialAction\":[{\"@type\":\"SearchAction\",\"target\":{\"@type\":\"EntryPoint\",\"urlTemplate\":\"https:\\\/\\\/www.laguiadepamplona.com\\\/actualidad\\\/?s={search_term_string}\"},\"query-input\":{\"@type\":\"PropertyValueSpecification\",\"valueRequired\":true,\"valueName\":\"search_term_string\"}}],\"inLanguage\":\"es\"},{\"@type\":\"Organization\",\"@id\":\"https:\\\/\\\/www.laguiadepamplona.com\\\/actualidad\\\/#organization\",\"name\":\"La Gu\u00eda de Pamplona \\\/ Noticias\",\"url\":\"https:\\\/\\\/www.laguiadepamplona.com\\\/actualidad\\\/\",\"logo\":{\"@type\":\"ImageObject\",\"inLanguage\":\"es\",\"@id\":\"https:\\\/\\\/www.laguiadepamplona.com\\\/actualidad\\\/#\\\/schema\\\/logo\\\/image\\\/\",\"url\":\"https:\\\/\\\/www.laguiadepamplona.com\\\/actualidad\\\/wp-content\\\/uploads\\\/2018\\\/11\\\/logo-laguiadepamplona18-web1.png\",\"contentUrl\":\"https:\\\/\\\/www.laguiadepamplona.com\\\/actualidad\\\/wp-content\\\/uploads\\\/2018\\\/11\\\/logo-laguiadepamplona18-web1.png\",\"width\":600,\"height\":196,\"caption\":\"La Gu\u00eda de Pamplona \\\/ Noticias\"},\"image\":{\"@id\":\"https:\\\/\\\/www.laguiadepamplona.com\\\/actualidad\\\/#\\\/schema\\\/logo\\\/image\\\/\"},\"sameAs\":[\"https:\\\/\\\/www.facebook.com\\\/laguiadepamplonacom-133175176762273\\\/?ref=hl\",\"https:\\\/\\\/x.com\\\/LaGuiadPamplona\",\"https:\\\/\\\/www.instagram.com\\\/la_guia_de_pamplona\\\/\",\"https:\\\/\\\/www.youtube.com\\\/user\\\/laguiadepamplona\"]},{\"@type\":\"Person\",\"@id\":\"https:\\\/\\\/www.laguiadepamplona.com\\\/actualidad\\\/#\\\/schema\\\/person\\\/efe887376f0213d4657c93adc50b1fdb\",\"name\":\"La Gu\u00eda de Pamplona\",\"image\":{\"@type\":\"ImageObject\",\"inLanguage\":\"es\",\"@id\":\"https:\\\/\\\/secure.gravatar.com\\\/avatar\\\/b6992f131dc8d30ab0dff15446e9d346d9dbd95992de0fef795073f5ea83a81c?s=96&d=mm&r=g\",\"url\":\"https:\\\/\\\/secure.gravatar.com\\\/avatar\\\/b6992f131dc8d30ab0dff15446e9d346d9dbd95992de0fef795073f5ea83a81c?s=96&d=mm&r=g\",\"contentUrl\":\"https:\\\/\\\/secure.gravatar.com\\\/avatar\\\/b6992f131dc8d30ab0dff15446e9d346d9dbd95992de0fef795073f5ea83a81c?s=96&d=mm&r=g\",\"caption\":\"La Gu\u00eda de Pamplona\"}}]}<\/script>\n<!-- \/ Yoast SEO plugin. -->","yoast_head_json":{"title":"El Ayuntamiento de Pamplona ampl\u00eda a Ermitaga\u00f1a y el Rinc\u00f3n del Caballo Blanco la campa\u00f1a de primavera contra la avispa asi\u00e1tica: trampas en 15 zonas de la ciudad","description":"Las actuaciones de 2021 se saldaron con 515 avispas reinas capturadas en 42 trampas, 61 nidos retirados\/inactivados y 19 localizados","robots":{"index":"index","follow":"follow","max-snippet":"max-snippet:-1","max-image-preview":"max-image-preview:large","max-video-preview":"max-video-preview:-1"},"canonical":"https:\/\/www.laguiadepamplona.com\/actualidad\/el-ayuntamiento-de-pamplona-amplia-a-ermitagana-y-el-rincon-del-caballo-blanco-la-campana-de-primavera-contra-la-avispa-asiatica-trampas-en-15-zonas-de-la-ciudad\/","og_locale":"es_ES","og_type":"article","og_title":"El Ayuntamiento de Pamplona ampl\u00eda a Ermitaga\u00f1a y el Rinc\u00f3n del Caballo Blanco la campa\u00f1a de primavera contra la avispa asi\u00e1tica: trampas en 15 zonas de la ciudad","og_description":"Las actuaciones de 2021 se saldaron con 515 avispas reinas capturadas en 42 trampas, 61 nidos retirados\/inactivados y 19 localizados","og_url":"https:\/\/www.laguiadepamplona.com\/actualidad\/el-ayuntamiento-de-pamplona-amplia-a-ermitagana-y-el-rincon-del-caballo-blanco-la-campana-de-primavera-contra-la-avispa-asiatica-trampas-en-15-zonas-de-la-ciudad\/","og_site_name":"La Gu\u00eda de Pamplona","article_publisher":"https:\/\/www.facebook.com\/laguiadepamplonacom-133175176762273\/?ref=hl","article_published_time":"2022-03-15T14:41:36+00:00","article_modified_time":"2023-04-11T09:48:25+00:00","og_image":[{"width":1920,"height":1280,"url":"https:\/\/www.laguiadepamplona.com\/actualidad\/wp-content\/uploads\/2021\/09\/avisponjmg0321.jpg","type":"image\/jpeg"}],"author":"La Gu\u00eda de Pamplona","twitter_card":"summary_large_image","twitter_creator":"@LaGuiadPamplona","twitter_site":"@LaGuiadPamplona","twitter_misc":{"Escrito por":"La Gu\u00eda de Pamplona","Tiempo de lectura":"3 minutos"},"schema":{"@context":"https:\/\/schema.org","@graph":[{"@type":"Article","@id":"https:\/\/www.laguiadepamplona.com\/actualidad\/el-ayuntamiento-de-pamplona-amplia-a-ermitagana-y-el-rincon-del-caballo-blanco-la-campana-de-primavera-contra-la-avispa-asiatica-trampas-en-15-zonas-de-la-ciudad\/#article","isPartOf":{"@id":"https:\/\/www.laguiadepamplona.com\/actualidad\/el-ayuntamiento-de-pamplona-amplia-a-ermitagana-y-el-rincon-del-caballo-blanco-la-campana-de-primavera-contra-la-avispa-asiatica-trampas-en-15-zonas-de-la-ciudad\/"},"author":{"name":"La Gu\u00eda de Pamplona","@id":"https:\/\/www.laguiadepamplona.com\/actualidad\/#\/schema\/person\/efe887376f0213d4657c93adc50b1fdb"},"headline":"El Ayuntamiento de Pamplona ampl\u00eda a Ermitaga\u00f1a y el Rinc\u00f3n del Caballo Blanco la campa\u00f1a de primavera contra la avispa asi\u00e1tica: trampas en 15 zonas de la ciudad","datePublished":"2022-03-15T14:41:36+00:00","dateModified":"2023-04-11T09:48:25+00:00","mainEntityOfPage":{"@id":"https:\/\/www.laguiadepamplona.com\/actualidad\/el-ayuntamiento-de-pamplona-amplia-a-ermitagana-y-el-rincon-del-caballo-blanco-la-campana-de-primavera-contra-la-avispa-asiatica-trampas-en-15-zonas-de-la-ciudad\/"},"wordCount":571,"commentCount":0,"publisher":{"@id":"https:\/\/www.laguiadepamplona.com\/actualidad\/#organization"},"image":{"@id":"https:\/\/www.laguiadepamplona.com\/actualidad\/el-ayuntamiento-de-pamplona-amplia-a-ermitagana-y-el-rincon-del-caballo-blanco-la-campana-de-primavera-contra-la-avispa-asiatica-trampas-en-15-zonas-de-la-ciudad\/#primaryimage"},"thumbnailUrl":"https:\/\/www.laguiadepamplona.com\/actualidad\/wp-content\/uploads\/2021\/09\/avisponjmg0321.jpg","articleSection":["Ayto Pamplona"],"inLanguage":"es","potentialAction":[{"@type":"CommentAction","name":"Comment","target":["https:\/\/www.laguiadepamplona.com\/actualidad\/el-ayuntamiento-de-pamplona-amplia-a-ermitagana-y-el-rincon-del-caballo-blanco-la-campana-de-primavera-contra-la-avispa-asiatica-trampas-en-15-zonas-de-la-ciudad\/#respond"]}]},{"@type":"WebPage","@id":"https:\/\/www.laguiadepamplona.com\/actualidad\/el-ayuntamiento-de-pamplona-amplia-a-ermitagana-y-el-rincon-del-caballo-blanco-la-campana-de-primavera-contra-la-avispa-asiatica-trampas-en-15-zonas-de-la-ciudad\/","url":"https:\/\/www.laguiadepamplona.com\/actualidad\/el-ayuntamiento-de-pamplona-amplia-a-ermitagana-y-el-rincon-del-caballo-blanco-la-campana-de-primavera-contra-la-avispa-asiatica-trampas-en-15-zonas-de-la-ciudad\/","name":"El Ayuntamiento de Pamplona ampl\u00eda a Ermitaga\u00f1a y el Rinc\u00f3n del Caballo Blanco la campa\u00f1a de primavera contra la avispa asi\u00e1tica: trampas en 15 zonas de la ciudad","isPartOf":{"@id":"https:\/\/www.laguiadepamplona.com\/actualidad\/#website"},"primaryImageOfPage":{"@id":"https:\/\/www.laguiadepamplona.com\/actualidad\/el-ayuntamiento-de-pamplona-amplia-a-ermitagana-y-el-rincon-del-caballo-blanco-la-campana-de-primavera-contra-la-avispa-asiatica-trampas-en-15-zonas-de-la-ciudad\/#primaryimage"},"image":{"@id":"https:\/\/www.laguiadepamplona.com\/actualidad\/el-ayuntamiento-de-pamplona-amplia-a-ermitagana-y-el-rincon-del-caballo-blanco-la-campana-de-primavera-contra-la-avispa-asiatica-trampas-en-15-zonas-de-la-ciudad\/#primaryimage"},"thumbnailUrl":"https:\/\/www.laguiadepamplona.com\/actualidad\/wp-content\/uploads\/2021\/09\/avisponjmg0321.jpg","datePublished":"2022-03-15T14:41:36+00:00","dateModified":"2023-04-11T09:48:25+00:00","description":"Las actuaciones de 2021 se saldaron con 515 avispas reinas capturadas en 42 trampas, 61 nidos retirados\/inactivados y 19 localizados","breadcrumb":{"@id":"https:\/\/www.laguiadepamplona.com\/actualidad\/el-ayuntamiento-de-pamplona-amplia-a-ermitagana-y-el-rincon-del-caballo-blanco-la-campana-de-primavera-contra-la-avispa-asiatica-trampas-en-15-zonas-de-la-ciudad\/#breadcrumb"},"inLanguage":"es","potentialAction":[{"@type":"ReadAction","target":["https:\/\/www.laguiadepamplona.com\/actualidad\/el-ayuntamiento-de-pamplona-amplia-a-ermitagana-y-el-rincon-del-caballo-blanco-la-campana-de-primavera-contra-la-avispa-asiatica-trampas-en-15-zonas-de-la-ciudad\/"]}]},{"@type":"ImageObject","inLanguage":"es","@id":"https:\/\/www.laguiadepamplona.com\/actualidad\/el-ayuntamiento-de-pamplona-amplia-a-ermitagana-y-el-rincon-del-caballo-blanco-la-campana-de-primavera-contra-la-avispa-asiatica-trampas-en-15-zonas-de-la-ciudad\/#primaryimage","url":"https:\/\/www.laguiadepamplona.com\/actualidad\/wp-content\/uploads\/2021\/09\/avisponjmg0321.jpg","contentUrl":"https:\/\/www.laguiadepamplona.com\/actualidad\/wp-content\/uploads\/2021\/09\/avisponjmg0321.jpg","width":1920,"height":1280,"caption":"A* Jes\u00fas Garzaron F* 2020_11_26 T* Retirada de nido de avispas asi\u00e1ticas L* Calle Valle de Eg\u00fc\u00e9s, Pamplona"},{"@type":"BreadcrumbList","@id":"https:\/\/www.laguiadepamplona.com\/actualidad\/el-ayuntamiento-de-pamplona-amplia-a-ermitagana-y-el-rincon-del-caballo-blanco-la-campana-de-primavera-contra-la-avispa-asiatica-trampas-en-15-zonas-de-la-ciudad\/#breadcrumb","itemListElement":[{"@type":"ListItem","position":1,"name":"Portada","item":"https:\/\/www.laguiadepamplona.com\/actualidad\/"},{"@type":"ListItem","position":2,"name":"El Ayuntamiento de Pamplona ampl\u00eda a Ermitaga\u00f1a y el Rinc\u00f3n del Caballo Blanco la campa\u00f1a de primavera contra la avispa asi\u00e1tica: trampas en 15 zonas de la ciudad"}]},{"@type":"WebSite","@id":"https:\/\/www.laguiadepamplona.com\/actualidad\/#website","url":"https:\/\/www.laguiadepamplona.com\/actualidad\/","name":"La gu\u00eda de Pamplona","description":"Noticias de Pamplona","publisher":{"@id":"https:\/\/www.laguiadepamplona.com\/actualidad\/#organization"},"potentialAction":[{"@type":"SearchAction","target":{"@type":"EntryPoint","urlTemplate":"https:\/\/www.laguiadepamplona.com\/actualidad\/?s={search_term_string}"},"query-input":{"@type":"PropertyValueSpecification","valueRequired":true,"valueName":"search_term_string"}}],"inLanguage":"es"},{"@type":"Organization","@id":"https:\/\/www.laguiadepamplona.com\/actualidad\/#organization","name":"La Gu\u00eda de Pamplona \/ Noticias","url":"https:\/\/www.laguiadepamplona.com\/actualidad\/","logo":{"@type":"ImageObject","inLanguage":"es","@id":"https:\/\/www.laguiadepamplona.com\/actualidad\/#\/schema\/logo\/image\/","url":"https:\/\/www.laguiadepamplona.com\/actualidad\/wp-content\/uploads\/2018\/11\/logo-laguiadepamplona18-web1.png","contentUrl":"https:\/\/www.laguiadepamplona.com\/actualidad\/wp-content\/uploads\/2018\/11\/logo-laguiadepamplona18-web1.png","width":600,"height":196,"caption":"La Gu\u00eda de Pamplona \/ Noticias"},"image":{"@id":"https:\/\/www.laguiadepamplona.com\/actualidad\/#\/schema\/logo\/image\/"},"sameAs":["https:\/\/www.facebook.com\/laguiadepamplonacom-133175176762273\/?ref=hl","https:\/\/x.com\/LaGuiadPamplona","https:\/\/www.instagram.com\/la_guia_de_pamplona\/","https:\/\/www.youtube.com\/user\/laguiadepamplona"]},{"@type":"Person","@id":"https:\/\/www.laguiadepamplona.com\/actualidad\/#\/schema\/person\/efe887376f0213d4657c93adc50b1fdb","name":"La Gu\u00eda de Pamplona","image":{"@type":"ImageObject","inLanguage":"es","@id":"https:\/\/secure.gravatar.com\/avatar\/b6992f131dc8d30ab0dff15446e9d346d9dbd95992de0fef795073f5ea83a81c?s=96&d=mm&r=g","url":"https:\/\/secure.gravatar.com\/avatar\/b6992f131dc8d30ab0dff15446e9d346d9dbd95992de0fef795073f5ea83a81c?s=96&d=mm&r=g","contentUrl":"https:\/\/secure.gravatar.com\/avatar\/b6992f131dc8d30ab0dff15446e9d346d9dbd95992de0fef795073f5ea83a81c?s=96&d=mm&r=g","caption":"La Gu\u00eda de Pamplona"}}]}},"post_mailing_queue_ids":[],"_links":{"self":[{"href":"https:\/\/www.laguiadepamplona.com\/actualidad\/wp-json\/wp\/v2\/posts\/39393","targetHints":{"allow":["GET"]}}],"collection":[{"href":"https:\/\/www.laguiadepamplona.com\/actualidad\/wp-json\/wp\/v2\/posts"}],"about":[{"href":"https:\/\/www.laguiadepamplona.com\/actualidad\/wp-json\/wp\/v2\/types\/post"}],"author":[{"embeddable":true,"href":"https:\/\/www.laguiadepamplona.com\/actualidad\/wp-json\/wp\/v2\/users\/1"}],"replies":[{"embeddable":true,"href":"https:\/\/www.laguiadepamplona.com\/actualidad\/wp-json\/wp\/v2\/comments?post=39393"}],"version-history":[{"count":0,"href":"https:\/\/www.laguiadepamplona.com\/actualidad\/wp-json\/wp\/v2\/posts\/39393\/revisions"}],"wp:featuredmedia":[{"embeddable":true,"href":"https:\/\/www.laguiadepamplona.com\/actualidad\/wp-json\/wp\/v2\/media\/36673"}],"wp:attachment":[{"href":"https:\/\/www.laguiadepamplona.com\/actualidad\/wp-json\/wp\/v2\/media?parent=39393"}],"wp:term":[{"taxonomy":"category","embeddable":true,"href":"https:\/\/www.laguiadepamplona.com\/actualidad\/wp-json\/wp\/v2\/categories?post=39393"},{"taxonomy":"post_tag","embeddable":true,"href":"https:\/\/www.laguiadepamplona.com\/actualidad\/wp-json\/wp\/v2\/tags?post=39393"}],"curies":[{"name":"wp","href":"https:\/\/api.w.org\/{rel}","templated":true}]}}