{"id":39391,"date":"2022-03-15T16:40:09","date_gmt":"2022-03-15T14:40:09","guid":{"rendered":"https:\/\/www.laguiadepamplona.com\/actualidad\/?p=39391"},"modified":"2023-04-11T11:48:25","modified_gmt":"2023-04-11T09:48:25","slug":"pamplona-insiste-en-la-creacion-de-un-grupo-de-trabajo-con-el-gobierno-de-navarra-para-determinar-las-consecuencias-de-la-inminente-supresion-de-la-carta-de-capitalidad","status":"publish","type":"post","link":"https:\/\/www.laguiadepamplona.com\/actualidad\/pamplona-insiste-en-la-creacion-de-un-grupo-de-trabajo-con-el-gobierno-de-navarra-para-determinar-las-consecuencias-de-la-inminente-supresion-de-la-carta-de-capitalidad\/","title":{"rendered":"Pamplona insiste en la creaci\u00f3n de un grupo de trabajo con el Gobierno de Navarra para determinar las consecuencias de la inminente supresi\u00f3n de la Carta de Capitalidad"},"content":{"rendered":"<h5>El alcalde considera que la derogaci\u00f3n de la Carta de Capitalidad \u201cusurpa el estatus singular de Pamplona, en un ataque sin precedentes\u201d<\/h5>\n<p><!--more--><\/p>\n<p>Este pr\u00f3ximo jueves el Parlamento de Navarra tiene previsto aprobar tres proyectos de ley foral que modifican la financiaci\u00f3n municipal y que acarrean, como consecuencia, la supresi\u00f3n de la Carta de Capitalidad de Pamplona. El alcalde de Pamplona, Enrique Maya, ha insistido en la necesidad de crear un grupo de trabajo entre el Ayuntamiento y el Gobierno de Navarra para determinar las competencias que se dejar\u00edan de ejercer sin la financiaci\u00f3n derivada de la Carta de Capitalidad derogada y, adem\u00e1s, c\u00f3mo se pagar\u00edan los costes de esas competencias a partir de la aprobaci\u00f3n de la nueva financiaci\u00f3n local.<\/p>\n<p>La Carta de Capitalidad otorga singularidad a Pamplona por su consideraci\u00f3n de capital de Navarra. Su derogaci\u00f3n conlleva una merma de ingresos y la consiguiente imposibilidad para el Ayuntamiento de asumir competencias impropias y\/o delegadas, titularidad del Gobierno de Navarra. El alcalde ha se\u00f1alado que \u201cla Carta de Capitalidad no tiene solo trascendencia econ\u00f3mica. Lo econ\u00f3mico es consecuencia de lo institucional. Pero lo grave de la derogaci\u00f3n en el ninguneo a Pamplona; el usurparnos un papel, un estatus singular; es un ataque sin precedentes desde hace 25 a\u00f1os a Pamplona\u201d.<\/p>\n<p>La derogaci\u00f3n de la Carta de Capitalidad \u201ccrea una brecha de dif\u00edcil sutura en el futuro de las relaciones Ayuntamiento \u2013 Gobierno\u201d, aunque el alcalde ha aclarado que \u201cPamplona ha sido, es y seguir\u00e1 siendo solidaria\u201d. La pandemia, con la asunci\u00f3n de trabajos propios del Gobierno de Navarra en materia social, o la pol\u00edtica de vivienda, con la aportaci\u00f3n de parcelas para construir VPO en lugar de vivienda libre, con la consiguiente p\u00e9rdida de ingresos para el Ayuntamiento, son algunos ejemplos de colaboraci\u00f3n y solidaridad en los \u00faltimos meses.<br \/>\n<script async src=\"\/\/pagead2.googlesyndication.com\/pagead\/js\/adsbygoogle.js\"><\/script><br \/>\n<!-- Noticias La Guia de Pamplona --><br \/>\n<ins class=\"adsbygoogle\"\nstyle=\"display:block\"\ndata-ad-client=\"ca-pub-6943679897239327\"\ndata-ad-slot=\"7048180777\"\ndata-ad-format=\"auto\"><\/ins><br \/>\n<script>\n(adsbygoogle = window.adsbygoogle || []).push({});\n<\/script><\/p>\n<p><strong>La Carta de Capitalidad cumplir\u00eda 25 a\u00f1os en este 2022<\/strong><\/p>\n<p>El Pleno del Parlamento de Navarra vota este jueves el proyecto de Ley Foral por la que se modifica la Ley Foral 6\/1990, de 2 de julio, de la Administraci\u00f3n Local de Navarra; el proyecto de Ley Foral de modificaci\u00f3n de la Ley Foral 2\/1995, de 10 de marzo, de Haciendas Locales de Navarra; y el proyecto de Ley Foral por la que se establece la distribuci\u00f3n y reparto del Fondo de participaci\u00f3n de las Entidades Locales en los tributos de Navarra por transferencias corrientes. Con esa nueva financiaci\u00f3n local se pondr\u00e1 fin a la Carta de Capitalidad de Pamplona, promulgada en diciembre de 1997 y que hubiera cumplido su 25\u00ba aniversario en este 2022.<\/p>\n<p>Seg\u00fan la exposici\u00f3n de motivos de la propia Ley Foral 16\/1997, de 2 de diciembre, la singularidad en la financiaci\u00f3n derivada de la Carta de Capitalidad de Pamplona la confiere el hecho de que \u201cnumerosos servicios de la ciudad son demandados y utilizados, adem\u00e1s de por los vecinos, por un alto porcentaje de poblaci\u00f3n de hecho (\u2026) que acuden a la capital como usuarios con car\u00e1cter ocasional o permanente de los grandes servicios p\u00fablicos que la Administraci\u00f3n de la Comunidad Foral y la Administraci\u00f3n del Estado tienen implantados en Pamplona, precisamente por ser la capital de la Comunidad Foral de Navarra\u2019.<\/p>\n<p>Casi todas las capitales de comunidades aut\u00f3nomas (e incluso diputaciones provinciales) cuentan con mecanismos similares a la Carta de Capitalidad de Pamplona. Con ciudades como, por ejemplo, Vitoria-Gazteiz, Zaragoza, Toledo, Santiago de Compostela, Madrid, Barcelona, Palma de Mallorca, Las Palmas de Gran Canaria o Santa Cruz de Tenerife. Otras capitales como Valencia, Santander, Oviedo y Cuenca est\u00e1n en negociaciones para tenerla.<br \/>\n<script async src=\"\/\/pagead2.googlesyndication.com\/pagead\/js\/adsbygoogle.js\"><\/script><br \/>\n<!-- Noticias La Guia de Pamplona --><br \/>\n<ins class=\"adsbygoogle\"\nstyle=\"display:block\"\ndata-ad-client=\"ca-pub-6943679897239327\"\ndata-ad-slot=\"7048180777\"\ndata-ad-format=\"auto\"><\/ins><br \/>\n<script>\n(adsbygoogle = window.adsbygoogle || []).push({});\n<\/script><\/p>\n<p><strong>Segunda carta a la presidenta sin respuesta<\/strong><\/p>\n<p>A mediados del mes de febrero, el alcalde de Pamplona remiti\u00f3 una segunda carta a la presidenta del Gobierno de Navarra, Mar\u00eda Chivite, insistiendo en la necesidad de di\u00e1logo para abordar las consecuencias de la derogaci\u00f3n de la Carta de Capitalidad. Esa misiva no ha tenido respuesta por el momento. En esa carta, se emplazaba al Gobierno de Navarra a que asumiera el coste de servicios delegados, actividades impropias o servicios sobredimensionados que ofrece hasta ahora el Ayuntamiento y que quedar\u00e1n sin financiaci\u00f3n al no contar con esa Carta de Capitalidad.<\/p>\n<p>Entre otros, se emplazaba a la financiaci\u00f3n de \u201cla prestaci\u00f3n de servicios sociales que son titularidad del Gobierno de Navarra y ahora desarrolla y financia el 100% el Ayuntamiento, como es el caso de programas como el EISOL (Equipo de Incorporaci\u00f3n Sociolaboral), EAIA (Equipo de Atenci\u00f3n a la Infancia en Dificultad Social), SMAM (Servicio Municipal de Atenci\u00f3n a la Mujer) o el Servicio de Intervenci\u00f3n Familiar. Adem\u00e1s, se prestan otros servicios con financiaci\u00f3n parcial como la Atenci\u00f3n Primaria y la gesti\u00f3n del albergue de alta exclusi\u00f3n.<\/p>\n<p>En materia urban\u00edstica, el Ayuntamiento desarrolla competencias del Gobierno de Navarra sin financiaci\u00f3n y, en Escuelas Infantiles, lo aportado por el Gobierno foral no alcanza el 30% del coste. Asimismo, hay que sumar la parte sobredimensionada de servicios que la Carta de Capitalidad reconoce como la Polic\u00eda Municipal, las viviendas de emergencia social o el crematorio municipal en la atenci\u00f3n a personas no empadronadas. De este sobredimensionamiento, sin Carta de Capitalidad, deber\u00eda hacerse cargo el Gobierno de Navarra, al igual que de aquellas competencias impropias, que no pueden prestar las administraciones locales sin financiaci\u00f3n, que afectan a aspectos de materias como igualdad, euskera, comercio, turismo, educaci\u00f3n y servicios sociales.<\/p>\n","protected":false},"excerpt":{"rendered":"<p>El alcalde considera que la derogaci\u00f3n de la Carta de Capitalidad \u201cusurpa el estatus singular de Pamplona, en un ataque sin precedentes\u201d<\/p>\n","protected":false},"author":1,"featured_media":36074,"comment_status":"open","ping_status":"closed","sticky":false,"template":"","format":"standard","meta":{"footnotes":""},"categories":[2],"tags":[],"class_list":["post-39391","post","type-post","status-publish","format-standard","has-post-thumbnail","hentry","category-ayuntamiento-pamplona"],"yoast_head":"<!-- This site is optimized with the Yoast SEO plugin v27.3 - https:\/\/yoast.com\/product\/yoast-seo-wordpress\/ -->\n<title>Pamplona insiste en la creaci\u00f3n de un grupo de trabajo con el Gobierno de Navarra para determinar las consecuencias de la inminente supresi\u00f3n de la Carta de Capitalidad<\/title>\n<meta name=\"description\" content=\"El alcalde considera que la derogaci\u00f3n de la Carta de Capitalidad \u201cusurpa el estatus singular de Pamplona, en un ataque sin precedentes\u201d\" \/>\n<meta name=\"robots\" content=\"index, follow, max-snippet:-1, max-image-preview:large, max-video-preview:-1\" \/>\n<link rel=\"canonical\" href=\"https:\/\/www.laguiadepamplona.com\/actualidad\/pamplona-insiste-en-la-creacion-de-un-grupo-de-trabajo-con-el-gobierno-de-navarra-para-determinar-las-consecuencias-de-la-inminente-supresion-de-la-carta-de-capitalidad\/\" \/>\n<meta property=\"og:locale\" content=\"es_ES\" \/>\n<meta property=\"og:type\" content=\"article\" \/>\n<meta property=\"og:title\" content=\"Pamplona insiste en la creaci\u00f3n de un grupo de trabajo con el Gobierno de Navarra para determinar las consecuencias de la inminente supresi\u00f3n de la Carta de Capitalidad\" \/>\n<meta property=\"og:description\" content=\"El alcalde considera que la derogaci\u00f3n de la Carta de Capitalidad \u201cusurpa el estatus singular de Pamplona, en un ataque sin precedentes\u201d\" \/>\n<meta property=\"og:url\" content=\"https:\/\/www.laguiadepamplona.com\/actualidad\/pamplona-insiste-en-la-creacion-de-un-grupo-de-trabajo-con-el-gobierno-de-navarra-para-determinar-las-consecuencias-de-la-inminente-supresion-de-la-carta-de-capitalidad\/\" \/>\n<meta property=\"og:site_name\" content=\"La Gu\u00eda de Pamplona\" \/>\n<meta property=\"article:publisher\" content=\"https:\/\/www.facebook.com\/laguiadepamplonacom-133175176762273\/?ref=hl\" \/>\n<meta property=\"article:published_time\" content=\"2022-03-15T14:40:09+00:00\" \/>\n<meta property=\"article:modified_time\" content=\"2023-04-11T09:48:25+00:00\" \/>\n<meta property=\"og:image\" content=\"https:\/\/www.laguiadepamplona.com\/actualidad\/wp-content\/uploads\/2021\/08\/ayuntamiento-pamplona2.jpg\" \/>\n\t<meta property=\"og:image:width\" content=\"1920\" \/>\n\t<meta property=\"og:image:height\" content=\"1080\" \/>\n\t<meta property=\"og:image:type\" content=\"image\/jpeg\" \/>\n<meta name=\"author\" content=\"La Gu\u00eda de Pamplona\" \/>\n<meta name=\"twitter:card\" content=\"summary_large_image\" \/>\n<meta name=\"twitter:creator\" content=\"@LaGuiadPamplona\" \/>\n<meta name=\"twitter:site\" content=\"@LaGuiadPamplona\" \/>\n<meta name=\"twitter:label1\" content=\"Escrito por\" \/>\n\t<meta name=\"twitter:data1\" content=\"La Gu\u00eda de Pamplona\" \/>\n\t<meta name=\"twitter:label2\" content=\"Tiempo de lectura\" \/>\n\t<meta name=\"twitter:data2\" content=\"5 minutos\" \/>\n<script type=\"application\/ld+json\" class=\"yoast-schema-graph\">{\"@context\":\"https:\\\/\\\/schema.org\",\"@graph\":[{\"@type\":\"Article\",\"@id\":\"https:\\\/\\\/www.laguiadepamplona.com\\\/actualidad\\\/pamplona-insiste-en-la-creacion-de-un-grupo-de-trabajo-con-el-gobierno-de-navarra-para-determinar-las-consecuencias-de-la-inminente-supresion-de-la-carta-de-capitalidad\\\/#article\",\"isPartOf\":{\"@id\":\"https:\\\/\\\/www.laguiadepamplona.com\\\/actualidad\\\/pamplona-insiste-en-la-creacion-de-un-grupo-de-trabajo-con-el-gobierno-de-navarra-para-determinar-las-consecuencias-de-la-inminente-supresion-de-la-carta-de-capitalidad\\\/\"},\"author\":{\"name\":\"La Gu\u00eda de Pamplona\",\"@id\":\"https:\\\/\\\/www.laguiadepamplona.com\\\/actualidad\\\/#\\\/schema\\\/person\\\/efe887376f0213d4657c93adc50b1fdb\"},\"headline\":\"Pamplona insiste en la creaci\u00f3n de un grupo de trabajo con el Gobierno de Navarra para determinar las consecuencias de la inminente supresi\u00f3n de la Carta de Capitalidad\",\"datePublished\":\"2022-03-15T14:40:09+00:00\",\"dateModified\":\"2023-04-11T09:48:25+00:00\",\"mainEntityOfPage\":{\"@id\":\"https:\\\/\\\/www.laguiadepamplona.com\\\/actualidad\\\/pamplona-insiste-en-la-creacion-de-un-grupo-de-trabajo-con-el-gobierno-de-navarra-para-determinar-las-consecuencias-de-la-inminente-supresion-de-la-carta-de-capitalidad\\\/\"},\"wordCount\":960,\"commentCount\":0,\"publisher\":{\"@id\":\"https:\\\/\\\/www.laguiadepamplona.com\\\/actualidad\\\/#organization\"},\"image\":{\"@id\":\"https:\\\/\\\/www.laguiadepamplona.com\\\/actualidad\\\/pamplona-insiste-en-la-creacion-de-un-grupo-de-trabajo-con-el-gobierno-de-navarra-para-determinar-las-consecuencias-de-la-inminente-supresion-de-la-carta-de-capitalidad\\\/#primaryimage\"},\"thumbnailUrl\":\"https:\\\/\\\/www.laguiadepamplona.com\\\/actualidad\\\/wp-content\\\/uploads\\\/2021\\\/08\\\/ayuntamiento-pamplona2.jpg\",\"articleSection\":[\"Ayto Pamplona\"],\"inLanguage\":\"es\",\"potentialAction\":[{\"@type\":\"CommentAction\",\"name\":\"Comment\",\"target\":[\"https:\\\/\\\/www.laguiadepamplona.com\\\/actualidad\\\/pamplona-insiste-en-la-creacion-de-un-grupo-de-trabajo-con-el-gobierno-de-navarra-para-determinar-las-consecuencias-de-la-inminente-supresion-de-la-carta-de-capitalidad\\\/#respond\"]}]},{\"@type\":\"WebPage\",\"@id\":\"https:\\\/\\\/www.laguiadepamplona.com\\\/actualidad\\\/pamplona-insiste-en-la-creacion-de-un-grupo-de-trabajo-con-el-gobierno-de-navarra-para-determinar-las-consecuencias-de-la-inminente-supresion-de-la-carta-de-capitalidad\\\/\",\"url\":\"https:\\\/\\\/www.laguiadepamplona.com\\\/actualidad\\\/pamplona-insiste-en-la-creacion-de-un-grupo-de-trabajo-con-el-gobierno-de-navarra-para-determinar-las-consecuencias-de-la-inminente-supresion-de-la-carta-de-capitalidad\\\/\",\"name\":\"Pamplona insiste en la creaci\u00f3n de un grupo de trabajo con el Gobierno de Navarra para determinar las consecuencias de la inminente supresi\u00f3n de la Carta de Capitalidad\",\"isPartOf\":{\"@id\":\"https:\\\/\\\/www.laguiadepamplona.com\\\/actualidad\\\/#website\"},\"primaryImageOfPage\":{\"@id\":\"https:\\\/\\\/www.laguiadepamplona.com\\\/actualidad\\\/pamplona-insiste-en-la-creacion-de-un-grupo-de-trabajo-con-el-gobierno-de-navarra-para-determinar-las-consecuencias-de-la-inminente-supresion-de-la-carta-de-capitalidad\\\/#primaryimage\"},\"image\":{\"@id\":\"https:\\\/\\\/www.laguiadepamplona.com\\\/actualidad\\\/pamplona-insiste-en-la-creacion-de-un-grupo-de-trabajo-con-el-gobierno-de-navarra-para-determinar-las-consecuencias-de-la-inminente-supresion-de-la-carta-de-capitalidad\\\/#primaryimage\"},\"thumbnailUrl\":\"https:\\\/\\\/www.laguiadepamplona.com\\\/actualidad\\\/wp-content\\\/uploads\\\/2021\\\/08\\\/ayuntamiento-pamplona2.jpg\",\"datePublished\":\"2022-03-15T14:40:09+00:00\",\"dateModified\":\"2023-04-11T09:48:25+00:00\",\"description\":\"El alcalde considera que la derogaci\u00f3n de la Carta de Capitalidad \u201cusurpa el estatus singular de Pamplona, en un ataque sin precedentes\u201d\",\"breadcrumb\":{\"@id\":\"https:\\\/\\\/www.laguiadepamplona.com\\\/actualidad\\\/pamplona-insiste-en-la-creacion-de-un-grupo-de-trabajo-con-el-gobierno-de-navarra-para-determinar-las-consecuencias-de-la-inminente-supresion-de-la-carta-de-capitalidad\\\/#breadcrumb\"},\"inLanguage\":\"es\",\"potentialAction\":[{\"@type\":\"ReadAction\",\"target\":[\"https:\\\/\\\/www.laguiadepamplona.com\\\/actualidad\\\/pamplona-insiste-en-la-creacion-de-un-grupo-de-trabajo-con-el-gobierno-de-navarra-para-determinar-las-consecuencias-de-la-inminente-supresion-de-la-carta-de-capitalidad\\\/\"]}]},{\"@type\":\"ImageObject\",\"inLanguage\":\"es\",\"@id\":\"https:\\\/\\\/www.laguiadepamplona.com\\\/actualidad\\\/pamplona-insiste-en-la-creacion-de-un-grupo-de-trabajo-con-el-gobierno-de-navarra-para-determinar-las-consecuencias-de-la-inminente-supresion-de-la-carta-de-capitalidad\\\/#primaryimage\",\"url\":\"https:\\\/\\\/www.laguiadepamplona.com\\\/actualidad\\\/wp-content\\\/uploads\\\/2021\\\/08\\\/ayuntamiento-pamplona2.jpg\",\"contentUrl\":\"https:\\\/\\\/www.laguiadepamplona.com\\\/actualidad\\\/wp-content\\\/uploads\\\/2021\\\/08\\\/ayuntamiento-pamplona2.jpg\",\"width\":1920,\"height\":1080,\"caption\":\"ayuntamiento pamplona\"},{\"@type\":\"BreadcrumbList\",\"@id\":\"https:\\\/\\\/www.laguiadepamplona.com\\\/actualidad\\\/pamplona-insiste-en-la-creacion-de-un-grupo-de-trabajo-con-el-gobierno-de-navarra-para-determinar-las-consecuencias-de-la-inminente-supresion-de-la-carta-de-capitalidad\\\/#breadcrumb\",\"itemListElement\":[{\"@type\":\"ListItem\",\"position\":1,\"name\":\"Portada\",\"item\":\"https:\\\/\\\/www.laguiadepamplona.com\\\/actualidad\\\/\"},{\"@type\":\"ListItem\",\"position\":2,\"name\":\"Pamplona insiste en la creaci\u00f3n de un grupo de trabajo con el Gobierno de Navarra para determinar las consecuencias de la inminente supresi\u00f3n de la Carta de Capitalidad\"}]},{\"@type\":\"WebSite\",\"@id\":\"https:\\\/\\\/www.laguiadepamplona.com\\\/actualidad\\\/#website\",\"url\":\"https:\\\/\\\/www.laguiadepamplona.com\\\/actualidad\\\/\",\"name\":\"La gu\u00eda de Pamplona\",\"description\":\"Noticias de Pamplona\",\"publisher\":{\"@id\":\"https:\\\/\\\/www.laguiadepamplona.com\\\/actualidad\\\/#organization\"},\"potentialAction\":[{\"@type\":\"SearchAction\",\"target\":{\"@type\":\"EntryPoint\",\"urlTemplate\":\"https:\\\/\\\/www.laguiadepamplona.com\\\/actualidad\\\/?s={search_term_string}\"},\"query-input\":{\"@type\":\"PropertyValueSpecification\",\"valueRequired\":true,\"valueName\":\"search_term_string\"}}],\"inLanguage\":\"es\"},{\"@type\":\"Organization\",\"@id\":\"https:\\\/\\\/www.laguiadepamplona.com\\\/actualidad\\\/#organization\",\"name\":\"La Gu\u00eda de Pamplona \\\/ Noticias\",\"url\":\"https:\\\/\\\/www.laguiadepamplona.com\\\/actualidad\\\/\",\"logo\":{\"@type\":\"ImageObject\",\"inLanguage\":\"es\",\"@id\":\"https:\\\/\\\/www.laguiadepamplona.com\\\/actualidad\\\/#\\\/schema\\\/logo\\\/image\\\/\",\"url\":\"https:\\\/\\\/www.laguiadepamplona.com\\\/actualidad\\\/wp-content\\\/uploads\\\/2018\\\/11\\\/logo-laguiadepamplona18-web1.png\",\"contentUrl\":\"https:\\\/\\\/www.laguiadepamplona.com\\\/actualidad\\\/wp-content\\\/uploads\\\/2018\\\/11\\\/logo-laguiadepamplona18-web1.png\",\"width\":600,\"height\":196,\"caption\":\"La Gu\u00eda de Pamplona \\\/ Noticias\"},\"image\":{\"@id\":\"https:\\\/\\\/www.laguiadepamplona.com\\\/actualidad\\\/#\\\/schema\\\/logo\\\/image\\\/\"},\"sameAs\":[\"https:\\\/\\\/www.facebook.com\\\/laguiadepamplonacom-133175176762273\\\/?ref=hl\",\"https:\\\/\\\/x.com\\\/LaGuiadPamplona\",\"https:\\\/\\\/www.instagram.com\\\/la_guia_de_pamplona\\\/\",\"https:\\\/\\\/www.youtube.com\\\/user\\\/laguiadepamplona\"]},{\"@type\":\"Person\",\"@id\":\"https:\\\/\\\/www.laguiadepamplona.com\\\/actualidad\\\/#\\\/schema\\\/person\\\/efe887376f0213d4657c93adc50b1fdb\",\"name\":\"La Gu\u00eda de Pamplona\",\"image\":{\"@type\":\"ImageObject\",\"inLanguage\":\"es\",\"@id\":\"https:\\\/\\\/secure.gravatar.com\\\/avatar\\\/b6992f131dc8d30ab0dff15446e9d346d9dbd95992de0fef795073f5ea83a81c?s=96&d=mm&r=g\",\"url\":\"https:\\\/\\\/secure.gravatar.com\\\/avatar\\\/b6992f131dc8d30ab0dff15446e9d346d9dbd95992de0fef795073f5ea83a81c?s=96&d=mm&r=g\",\"contentUrl\":\"https:\\\/\\\/secure.gravatar.com\\\/avatar\\\/b6992f131dc8d30ab0dff15446e9d346d9dbd95992de0fef795073f5ea83a81c?s=96&d=mm&r=g\",\"caption\":\"La Gu\u00eda de Pamplona\"}}]}<\/script>\n<!-- \/ Yoast SEO plugin. -->","yoast_head_json":{"title":"Pamplona insiste en la creaci\u00f3n de un grupo de trabajo con el Gobierno de Navarra para determinar las consecuencias de la inminente supresi\u00f3n de la Carta de Capitalidad","description":"El alcalde considera que la derogaci\u00f3n de la Carta de Capitalidad \u201cusurpa el estatus singular de Pamplona, en un ataque sin precedentes\u201d","robots":{"index":"index","follow":"follow","max-snippet":"max-snippet:-1","max-image-preview":"max-image-preview:large","max-video-preview":"max-video-preview:-1"},"canonical":"https:\/\/www.laguiadepamplona.com\/actualidad\/pamplona-insiste-en-la-creacion-de-un-grupo-de-trabajo-con-el-gobierno-de-navarra-para-determinar-las-consecuencias-de-la-inminente-supresion-de-la-carta-de-capitalidad\/","og_locale":"es_ES","og_type":"article","og_title":"Pamplona insiste en la creaci\u00f3n de un grupo de trabajo con el Gobierno de Navarra para determinar las consecuencias de la inminente supresi\u00f3n de la Carta de Capitalidad","og_description":"El alcalde considera que la derogaci\u00f3n de la Carta de Capitalidad \u201cusurpa el estatus singular de Pamplona, en un ataque sin precedentes\u201d","og_url":"https:\/\/www.laguiadepamplona.com\/actualidad\/pamplona-insiste-en-la-creacion-de-un-grupo-de-trabajo-con-el-gobierno-de-navarra-para-determinar-las-consecuencias-de-la-inminente-supresion-de-la-carta-de-capitalidad\/","og_site_name":"La Gu\u00eda de Pamplona","article_publisher":"https:\/\/www.facebook.com\/laguiadepamplonacom-133175176762273\/?ref=hl","article_published_time":"2022-03-15T14:40:09+00:00","article_modified_time":"2023-04-11T09:48:25+00:00","og_image":[{"width":1920,"height":1080,"url":"https:\/\/www.laguiadepamplona.com\/actualidad\/wp-content\/uploads\/2021\/08\/ayuntamiento-pamplona2.jpg","type":"image\/jpeg"}],"author":"La Gu\u00eda de Pamplona","twitter_card":"summary_large_image","twitter_creator":"@LaGuiadPamplona","twitter_site":"@LaGuiadPamplona","twitter_misc":{"Escrito por":"La Gu\u00eda de Pamplona","Tiempo de lectura":"5 minutos"},"schema":{"@context":"https:\/\/schema.org","@graph":[{"@type":"Article","@id":"https:\/\/www.laguiadepamplona.com\/actualidad\/pamplona-insiste-en-la-creacion-de-un-grupo-de-trabajo-con-el-gobierno-de-navarra-para-determinar-las-consecuencias-de-la-inminente-supresion-de-la-carta-de-capitalidad\/#article","isPartOf":{"@id":"https:\/\/www.laguiadepamplona.com\/actualidad\/pamplona-insiste-en-la-creacion-de-un-grupo-de-trabajo-con-el-gobierno-de-navarra-para-determinar-las-consecuencias-de-la-inminente-supresion-de-la-carta-de-capitalidad\/"},"author":{"name":"La Gu\u00eda de Pamplona","@id":"https:\/\/www.laguiadepamplona.com\/actualidad\/#\/schema\/person\/efe887376f0213d4657c93adc50b1fdb"},"headline":"Pamplona insiste en la creaci\u00f3n de un grupo de trabajo con el Gobierno de Navarra para determinar las consecuencias de la inminente supresi\u00f3n de la Carta de Capitalidad","datePublished":"2022-03-15T14:40:09+00:00","dateModified":"2023-04-11T09:48:25+00:00","mainEntityOfPage":{"@id":"https:\/\/www.laguiadepamplona.com\/actualidad\/pamplona-insiste-en-la-creacion-de-un-grupo-de-trabajo-con-el-gobierno-de-navarra-para-determinar-las-consecuencias-de-la-inminente-supresion-de-la-carta-de-capitalidad\/"},"wordCount":960,"commentCount":0,"publisher":{"@id":"https:\/\/www.laguiadepamplona.com\/actualidad\/#organization"},"image":{"@id":"https:\/\/www.laguiadepamplona.com\/actualidad\/pamplona-insiste-en-la-creacion-de-un-grupo-de-trabajo-con-el-gobierno-de-navarra-para-determinar-las-consecuencias-de-la-inminente-supresion-de-la-carta-de-capitalidad\/#primaryimage"},"thumbnailUrl":"https:\/\/www.laguiadepamplona.com\/actualidad\/wp-content\/uploads\/2021\/08\/ayuntamiento-pamplona2.jpg","articleSection":["Ayto Pamplona"],"inLanguage":"es","potentialAction":[{"@type":"CommentAction","name":"Comment","target":["https:\/\/www.laguiadepamplona.com\/actualidad\/pamplona-insiste-en-la-creacion-de-un-grupo-de-trabajo-con-el-gobierno-de-navarra-para-determinar-las-consecuencias-de-la-inminente-supresion-de-la-carta-de-capitalidad\/#respond"]}]},{"@type":"WebPage","@id":"https:\/\/www.laguiadepamplona.com\/actualidad\/pamplona-insiste-en-la-creacion-de-un-grupo-de-trabajo-con-el-gobierno-de-navarra-para-determinar-las-consecuencias-de-la-inminente-supresion-de-la-carta-de-capitalidad\/","url":"https:\/\/www.laguiadepamplona.com\/actualidad\/pamplona-insiste-en-la-creacion-de-un-grupo-de-trabajo-con-el-gobierno-de-navarra-para-determinar-las-consecuencias-de-la-inminente-supresion-de-la-carta-de-capitalidad\/","name":"Pamplona insiste en la creaci\u00f3n de un grupo de trabajo con el Gobierno de Navarra para determinar las consecuencias de la inminente supresi\u00f3n de la Carta de Capitalidad","isPartOf":{"@id":"https:\/\/www.laguiadepamplona.com\/actualidad\/#website"},"primaryImageOfPage":{"@id":"https:\/\/www.laguiadepamplona.com\/actualidad\/pamplona-insiste-en-la-creacion-de-un-grupo-de-trabajo-con-el-gobierno-de-navarra-para-determinar-las-consecuencias-de-la-inminente-supresion-de-la-carta-de-capitalidad\/#primaryimage"},"image":{"@id":"https:\/\/www.laguiadepamplona.com\/actualidad\/pamplona-insiste-en-la-creacion-de-un-grupo-de-trabajo-con-el-gobierno-de-navarra-para-determinar-las-consecuencias-de-la-inminente-supresion-de-la-carta-de-capitalidad\/#primaryimage"},"thumbnailUrl":"https:\/\/www.laguiadepamplona.com\/actualidad\/wp-content\/uploads\/2021\/08\/ayuntamiento-pamplona2.jpg","datePublished":"2022-03-15T14:40:09+00:00","dateModified":"2023-04-11T09:48:25+00:00","description":"El alcalde considera que la derogaci\u00f3n de la Carta de Capitalidad \u201cusurpa el estatus singular de Pamplona, en un ataque sin precedentes\u201d","breadcrumb":{"@id":"https:\/\/www.laguiadepamplona.com\/actualidad\/pamplona-insiste-en-la-creacion-de-un-grupo-de-trabajo-con-el-gobierno-de-navarra-para-determinar-las-consecuencias-de-la-inminente-supresion-de-la-carta-de-capitalidad\/#breadcrumb"},"inLanguage":"es","potentialAction":[{"@type":"ReadAction","target":["https:\/\/www.laguiadepamplona.com\/actualidad\/pamplona-insiste-en-la-creacion-de-un-grupo-de-trabajo-con-el-gobierno-de-navarra-para-determinar-las-consecuencias-de-la-inminente-supresion-de-la-carta-de-capitalidad\/"]}]},{"@type":"ImageObject","inLanguage":"es","@id":"https:\/\/www.laguiadepamplona.com\/actualidad\/pamplona-insiste-en-la-creacion-de-un-grupo-de-trabajo-con-el-gobierno-de-navarra-para-determinar-las-consecuencias-de-la-inminente-supresion-de-la-carta-de-capitalidad\/#primaryimage","url":"https:\/\/www.laguiadepamplona.com\/actualidad\/wp-content\/uploads\/2021\/08\/ayuntamiento-pamplona2.jpg","contentUrl":"https:\/\/www.laguiadepamplona.com\/actualidad\/wp-content\/uploads\/2021\/08\/ayuntamiento-pamplona2.jpg","width":1920,"height":1080,"caption":"ayuntamiento pamplona"},{"@type":"BreadcrumbList","@id":"https:\/\/www.laguiadepamplona.com\/actualidad\/pamplona-insiste-en-la-creacion-de-un-grupo-de-trabajo-con-el-gobierno-de-navarra-para-determinar-las-consecuencias-de-la-inminente-supresion-de-la-carta-de-capitalidad\/#breadcrumb","itemListElement":[{"@type":"ListItem","position":1,"name":"Portada","item":"https:\/\/www.laguiadepamplona.com\/actualidad\/"},{"@type":"ListItem","position":2,"name":"Pamplona insiste en la creaci\u00f3n de un grupo de trabajo con el Gobierno de Navarra para determinar las consecuencias de la inminente supresi\u00f3n de la Carta de Capitalidad"}]},{"@type":"WebSite","@id":"https:\/\/www.laguiadepamplona.com\/actualidad\/#website","url":"https:\/\/www.laguiadepamplona.com\/actualidad\/","name":"La gu\u00eda de Pamplona","description":"Noticias de Pamplona","publisher":{"@id":"https:\/\/www.laguiadepamplona.com\/actualidad\/#organization"},"potentialAction":[{"@type":"SearchAction","target":{"@type":"EntryPoint","urlTemplate":"https:\/\/www.laguiadepamplona.com\/actualidad\/?s={search_term_string}"},"query-input":{"@type":"PropertyValueSpecification","valueRequired":true,"valueName":"search_term_string"}}],"inLanguage":"es"},{"@type":"Organization","@id":"https:\/\/www.laguiadepamplona.com\/actualidad\/#organization","name":"La Gu\u00eda de Pamplona \/ Noticias","url":"https:\/\/www.laguiadepamplona.com\/actualidad\/","logo":{"@type":"ImageObject","inLanguage":"es","@id":"https:\/\/www.laguiadepamplona.com\/actualidad\/#\/schema\/logo\/image\/","url":"https:\/\/www.laguiadepamplona.com\/actualidad\/wp-content\/uploads\/2018\/11\/logo-laguiadepamplona18-web1.png","contentUrl":"https:\/\/www.laguiadepamplona.com\/actualidad\/wp-content\/uploads\/2018\/11\/logo-laguiadepamplona18-web1.png","width":600,"height":196,"caption":"La Gu\u00eda de Pamplona \/ Noticias"},"image":{"@id":"https:\/\/www.laguiadepamplona.com\/actualidad\/#\/schema\/logo\/image\/"},"sameAs":["https:\/\/www.facebook.com\/laguiadepamplonacom-133175176762273\/?ref=hl","https:\/\/x.com\/LaGuiadPamplona","https:\/\/www.instagram.com\/la_guia_de_pamplona\/","https:\/\/www.youtube.com\/user\/laguiadepamplona"]},{"@type":"Person","@id":"https:\/\/www.laguiadepamplona.com\/actualidad\/#\/schema\/person\/efe887376f0213d4657c93adc50b1fdb","name":"La Gu\u00eda de Pamplona","image":{"@type":"ImageObject","inLanguage":"es","@id":"https:\/\/secure.gravatar.com\/avatar\/b6992f131dc8d30ab0dff15446e9d346d9dbd95992de0fef795073f5ea83a81c?s=96&d=mm&r=g","url":"https:\/\/secure.gravatar.com\/avatar\/b6992f131dc8d30ab0dff15446e9d346d9dbd95992de0fef795073f5ea83a81c?s=96&d=mm&r=g","contentUrl":"https:\/\/secure.gravatar.com\/avatar\/b6992f131dc8d30ab0dff15446e9d346d9dbd95992de0fef795073f5ea83a81c?s=96&d=mm&r=g","caption":"La Gu\u00eda de Pamplona"}}]}},"post_mailing_queue_ids":[],"_links":{"self":[{"href":"https:\/\/www.laguiadepamplona.com\/actualidad\/wp-json\/wp\/v2\/posts\/39391","targetHints":{"allow":["GET"]}}],"collection":[{"href":"https:\/\/www.laguiadepamplona.com\/actualidad\/wp-json\/wp\/v2\/posts"}],"about":[{"href":"https:\/\/www.laguiadepamplona.com\/actualidad\/wp-json\/wp\/v2\/types\/post"}],"author":[{"embeddable":true,"href":"https:\/\/www.laguiadepamplona.com\/actualidad\/wp-json\/wp\/v2\/users\/1"}],"replies":[{"embeddable":true,"href":"https:\/\/www.laguiadepamplona.com\/actualidad\/wp-json\/wp\/v2\/comments?post=39391"}],"version-history":[{"count":0,"href":"https:\/\/www.laguiadepamplona.com\/actualidad\/wp-json\/wp\/v2\/posts\/39391\/revisions"}],"wp:featuredmedia":[{"embeddable":true,"href":"https:\/\/www.laguiadepamplona.com\/actualidad\/wp-json\/wp\/v2\/media\/36074"}],"wp:attachment":[{"href":"https:\/\/www.laguiadepamplona.com\/actualidad\/wp-json\/wp\/v2\/media?parent=39391"}],"wp:term":[{"taxonomy":"category","embeddable":true,"href":"https:\/\/www.laguiadepamplona.com\/actualidad\/wp-json\/wp\/v2\/categories?post=39391"},{"taxonomy":"post_tag","embeddable":true,"href":"https:\/\/www.laguiadepamplona.com\/actualidad\/wp-json\/wp\/v2\/tags?post=39391"}],"curies":[{"name":"wp","href":"https:\/\/api.w.org\/{rel}","templated":true}]}}