{"id":39387,"date":"2022-03-14T16:13:16","date_gmt":"2022-03-14T14:13:16","guid":{"rendered":"https:\/\/www.laguiadepamplona.com\/actualidad\/?p=39387"},"modified":"2023-04-11T11:48:25","modified_gmt":"2023-04-11T09:48:25","slug":"pamplona-solicitara-35-millones-de-los-fondos-europeos-para-actuar-en-el-entorno-del-parque-fluvial-del-arga","status":"publish","type":"post","link":"https:\/\/www.laguiadepamplona.com\/actualidad\/pamplona-solicitara-35-millones-de-los-fondos-europeos-para-actuar-en-el-entorno-del-parque-fluvial-del-arga\/","title":{"rendered":"Pamplona solicitar\u00e1 3,5 millones de los fondos europeos para actuar en el entorno del parque fluvial del Arga"},"content":{"rendered":"<h5>El proyecto RUNA Inundaciones 2025 contempla mejorar la gesti\u00f3n del riesgo de avenidas y recuperar \u00e1reas degradadas<\/h5>\n<p><!--more--><\/p>\n<p>El Ayuntamiento de Pamplona presenta esta semana el proyecto Runa Inundaciones 2025 a la convocatoria de subvenciones abierta en el marco de los fondos europeos Next Generation, con el objetivo de lograr 3,5 millones de euros para mejorar el entorno fluvial del Arga, minimizando los efectos de las avenidas. Las ayudas, gestionadas por la Fundaci\u00f3n Biodiversidad, dentro del Plan de Recuperaci\u00f3n, Transformaci\u00f3n y Resiliencia del Gobierno central, podr\u00edan financiar el 95% del coste del proyecto, cifrado en 3,72 millones (sin IVA).<br \/>\n<script async src=\"\/\/pagead2.googlesyndication.com\/pagead\/js\/adsbygoogle.js\"><\/script><br \/>\n<!-- Noticias La Guia de Pamplona --><br \/>\n<ins class=\"adsbygoogle\"\nstyle=\"display:block\"\ndata-ad-client=\"ca-pub-6943679897239327\"\ndata-ad-slot=\"7048180777\"\ndata-ad-format=\"auto\"><\/ins><br \/>\n<script>\n(adsbygoogle = window.adsbygoogle || []).push({});\n<\/script><\/p>\n<p>El proyecto RUNA Inundaciones 2025 prev\u00e9 una decena de actuaciones, entre las que destaca la renaturalizaci\u00f3n de la regata Iturriapurria, en el l\u00edmite con Burlada, y la mejora del entorno del Molino de Ilund\u00e1in, en el l\u00edmite municipal con Bara\u00f1\u00e1in. En concreto, en este punto se prev\u00e9 actuar sobre la reserva fluvial, la recuperaci\u00f3n del canal de Ilund\u00e1in y el azud del molino. Adem\u00e1s, se contempla la ampliaci\u00f3n del parque fluvial en la Rochapea, para la correcci\u00f3n de las inundaciones a trav\u00e9s de colectores en las calles Parque de la Runa y r\u00edo Arga, y acciones de autoprotecci\u00f3n en los edificios inundables de esta zona.<\/p>\n<p>Con todo ello, el Ayuntamiento busca mejorar la gesti\u00f3n del riesgo de inundaciones, recuperar zonas degradadas junto al r\u00edo y proteger y favorecer la evoluci\u00f3n de los entornos fluviales para que se desarrollen los ecosistemas caracter\u00edsticos. Todas estas actuaciones se ejecutar\u00edan entre este 2022 y 2025, dependiendo de la concesi\u00f3n de las ayudas.<br \/>\n<script async src=\"\/\/pagead2.googlesyndication.com\/pagead\/js\/adsbygoogle.js\"><\/script><br \/>\n<!-- Noticias La Guia de Pamplona --><br \/>\n<ins class=\"adsbygoogle\"\nstyle=\"display:block\"\ndata-ad-client=\"ca-pub-6943679897239327\"\ndata-ad-slot=\"7048180777\"\ndata-ad-format=\"auto\"><\/ins><br \/>\n<script>\n(adsbygoogle = window.adsbygoogle || []).push({});\n<\/script><\/p>\n<p><strong>RUNA 2025<\/strong><\/p>\n<p>Este proyecto RUNA Inundaciones 2025 se inscribe dentro de una iniciativa m\u00e1s amplia denominado Renaturalizaci\u00f3n Urbana de Pamplona 2025 (RUNA 2025) cuya inversi\u00f3n ser\u00eda de 4.209.963 euros, tambi\u00e9n a la espera de la obtenci\u00f3n de financiaci\u00f3n europea, de la mano de las ayudas a la renaturalizaci\u00f3n y resiliencia de ciudades 2021. En el caso de RUNA 2025, las actuaciones afectar\u00edan tambi\u00e9n a los r\u00edos Sadar y Elorz, de forma los r\u00edos de Pamplona se conviertan en ejes vertebradores generales.<\/p>\n<p>Este proyecto global, que se present\u00f3 a primeros de enero, competir\u00e1 con otras 98 propuestas lanzadas por distintas ciudades espa\u00f1olas. El presupuesto habilitado para estas actuaciones es de 75 millones de euros, si bien, las 99 iniciativas presentadas ascienden a 346 millones, por lo que el Ministerio calcula que s\u00f3lo podr\u00e1 atender el 20% de los proyectos. Est\u00e1 previsto que durante el mes de junio se produzca la resoluci\u00f3n de las ayudas y se sepa qu\u00e9 proyectos ser\u00e1n los elegidos.<\/p>\n","protected":false},"excerpt":{"rendered":"<p>El proyecto RUNA Inundaciones 2025 contempla mejorar la gesti\u00f3n del riesgo de avenidas y recuperar \u00e1reas degradadas<\/p>\n","protected":false},"author":1,"featured_media":37924,"comment_status":"open","ping_status":"closed","sticky":false,"template":"","format":"standard","meta":{"footnotes":""},"categories":[2],"tags":[],"class_list":["post-39387","post","type-post","status-publish","format-standard","has-post-thumbnail","hentry","category-ayuntamiento-pamplona"],"yoast_head":"<!-- This site is optimized with the Yoast SEO plugin v27.3 - https:\/\/yoast.com\/product\/yoast-seo-wordpress\/ -->\n<title>Pamplona solicitar\u00e1 3,5 millones de los fondos europeos para actuar en el entorno del parque fluvial del Arga<\/title>\n<meta name=\"description\" content=\"El proyecto RUNA Inundaciones 2025 contempla mejorar la gesti\u00f3n del riesgo de avenidas y recuperar \u00e1reas degradadas\" \/>\n<meta name=\"robots\" content=\"index, follow, max-snippet:-1, max-image-preview:large, max-video-preview:-1\" \/>\n<link rel=\"canonical\" href=\"https:\/\/www.laguiadepamplona.com\/actualidad\/pamplona-solicitara-35-millones-de-los-fondos-europeos-para-actuar-en-el-entorno-del-parque-fluvial-del-arga\/\" \/>\n<meta property=\"og:locale\" content=\"es_ES\" \/>\n<meta property=\"og:type\" content=\"article\" \/>\n<meta property=\"og:title\" content=\"Pamplona solicitar\u00e1 3,5 millones de los fondos europeos para actuar en el entorno del parque fluvial del Arga\" \/>\n<meta property=\"og:description\" content=\"El proyecto RUNA Inundaciones 2025 contempla mejorar la gesti\u00f3n del riesgo de avenidas y recuperar \u00e1reas degradadas\" \/>\n<meta property=\"og:url\" content=\"https:\/\/www.laguiadepamplona.com\/actualidad\/pamplona-solicitara-35-millones-de-los-fondos-europeos-para-actuar-en-el-entorno-del-parque-fluvial-del-arga\/\" \/>\n<meta property=\"og:site_name\" content=\"La Gu\u00eda de Pamplona\" \/>\n<meta property=\"article:publisher\" content=\"https:\/\/www.facebook.com\/laguiadepamplonacom-133175176762273\/?ref=hl\" \/>\n<meta property=\"article:published_time\" content=\"2022-03-14T14:13:16+00:00\" \/>\n<meta property=\"article:modified_time\" content=\"2023-04-11T09:48:25+00:00\" \/>\n<meta property=\"og:image\" content=\"https:\/\/www.laguiadepamplona.com\/actualidad\/wp-content\/uploads\/2021\/12\/barrio_lezkairu_0.jpg\" \/>\n\t<meta property=\"og:image:width\" content=\"1920\" \/>\n\t<meta property=\"og:image:height\" content=\"1280\" \/>\n\t<meta property=\"og:image:type\" content=\"image\/jpeg\" \/>\n<meta name=\"author\" content=\"La Gu\u00eda de Pamplona\" \/>\n<meta name=\"twitter:card\" content=\"summary_large_image\" \/>\n<meta name=\"twitter:creator\" content=\"@LaGuiadPamplona\" \/>\n<meta name=\"twitter:site\" content=\"@LaGuiadPamplona\" \/>\n<meta name=\"twitter:label1\" content=\"Escrito por\" \/>\n\t<meta name=\"twitter:data1\" content=\"La Gu\u00eda de Pamplona\" \/>\n\t<meta name=\"twitter:label2\" content=\"Tiempo de lectura\" \/>\n\t<meta name=\"twitter:data2\" content=\"2 minutos\" \/>\n<script type=\"application\/ld+json\" class=\"yoast-schema-graph\">{\"@context\":\"https:\\\/\\\/schema.org\",\"@graph\":[{\"@type\":\"Article\",\"@id\":\"https:\\\/\\\/www.laguiadepamplona.com\\\/actualidad\\\/pamplona-solicitara-35-millones-de-los-fondos-europeos-para-actuar-en-el-entorno-del-parque-fluvial-del-arga\\\/#article\",\"isPartOf\":{\"@id\":\"https:\\\/\\\/www.laguiadepamplona.com\\\/actualidad\\\/pamplona-solicitara-35-millones-de-los-fondos-europeos-para-actuar-en-el-entorno-del-parque-fluvial-del-arga\\\/\"},\"author\":{\"name\":\"La Gu\u00eda de Pamplona\",\"@id\":\"https:\\\/\\\/www.laguiadepamplona.com\\\/actualidad\\\/#\\\/schema\\\/person\\\/efe887376f0213d4657c93adc50b1fdb\"},\"headline\":\"Pamplona solicitar\u00e1 3,5 millones de los fondos europeos para actuar en el entorno del parque fluvial del Arga\",\"datePublished\":\"2022-03-14T14:13:16+00:00\",\"dateModified\":\"2023-04-11T09:48:25+00:00\",\"mainEntityOfPage\":{\"@id\":\"https:\\\/\\\/www.laguiadepamplona.com\\\/actualidad\\\/pamplona-solicitara-35-millones-de-los-fondos-europeos-para-actuar-en-el-entorno-del-parque-fluvial-del-arga\\\/\"},\"wordCount\":454,\"commentCount\":0,\"publisher\":{\"@id\":\"https:\\\/\\\/www.laguiadepamplona.com\\\/actualidad\\\/#organization\"},\"image\":{\"@id\":\"https:\\\/\\\/www.laguiadepamplona.com\\\/actualidad\\\/pamplona-solicitara-35-millones-de-los-fondos-europeos-para-actuar-en-el-entorno-del-parque-fluvial-del-arga\\\/#primaryimage\"},\"thumbnailUrl\":\"https:\\\/\\\/www.laguiadepamplona.com\\\/actualidad\\\/wp-content\\\/uploads\\\/2021\\\/12\\\/barrio_lezkairu_0.jpg\",\"articleSection\":[\"Ayto Pamplona\"],\"inLanguage\":\"es\",\"potentialAction\":[{\"@type\":\"CommentAction\",\"name\":\"Comment\",\"target\":[\"https:\\\/\\\/www.laguiadepamplona.com\\\/actualidad\\\/pamplona-solicitara-35-millones-de-los-fondos-europeos-para-actuar-en-el-entorno-del-parque-fluvial-del-arga\\\/#respond\"]}]},{\"@type\":\"WebPage\",\"@id\":\"https:\\\/\\\/www.laguiadepamplona.com\\\/actualidad\\\/pamplona-solicitara-35-millones-de-los-fondos-europeos-para-actuar-en-el-entorno-del-parque-fluvial-del-arga\\\/\",\"url\":\"https:\\\/\\\/www.laguiadepamplona.com\\\/actualidad\\\/pamplona-solicitara-35-millones-de-los-fondos-europeos-para-actuar-en-el-entorno-del-parque-fluvial-del-arga\\\/\",\"name\":\"Pamplona solicitar\u00e1 3,5 millones de los fondos europeos para actuar en el entorno del parque fluvial del Arga\",\"isPartOf\":{\"@id\":\"https:\\\/\\\/www.laguiadepamplona.com\\\/actualidad\\\/#website\"},\"primaryImageOfPage\":{\"@id\":\"https:\\\/\\\/www.laguiadepamplona.com\\\/actualidad\\\/pamplona-solicitara-35-millones-de-los-fondos-europeos-para-actuar-en-el-entorno-del-parque-fluvial-del-arga\\\/#primaryimage\"},\"image\":{\"@id\":\"https:\\\/\\\/www.laguiadepamplona.com\\\/actualidad\\\/pamplona-solicitara-35-millones-de-los-fondos-europeos-para-actuar-en-el-entorno-del-parque-fluvial-del-arga\\\/#primaryimage\"},\"thumbnailUrl\":\"https:\\\/\\\/www.laguiadepamplona.com\\\/actualidad\\\/wp-content\\\/uploads\\\/2021\\\/12\\\/barrio_lezkairu_0.jpg\",\"datePublished\":\"2022-03-14T14:13:16+00:00\",\"dateModified\":\"2023-04-11T09:48:25+00:00\",\"description\":\"El proyecto RUNA Inundaciones 2025 contempla mejorar la gesti\u00f3n del riesgo de avenidas y recuperar \u00e1reas degradadas\",\"breadcrumb\":{\"@id\":\"https:\\\/\\\/www.laguiadepamplona.com\\\/actualidad\\\/pamplona-solicitara-35-millones-de-los-fondos-europeos-para-actuar-en-el-entorno-del-parque-fluvial-del-arga\\\/#breadcrumb\"},\"inLanguage\":\"es\",\"potentialAction\":[{\"@type\":\"ReadAction\",\"target\":[\"https:\\\/\\\/www.laguiadepamplona.com\\\/actualidad\\\/pamplona-solicitara-35-millones-de-los-fondos-europeos-para-actuar-en-el-entorno-del-parque-fluvial-del-arga\\\/\"]}]},{\"@type\":\"ImageObject\",\"inLanguage\":\"es\",\"@id\":\"https:\\\/\\\/www.laguiadepamplona.com\\\/actualidad\\\/pamplona-solicitara-35-millones-de-los-fondos-europeos-para-actuar-en-el-entorno-del-parque-fluvial-del-arga\\\/#primaryimage\",\"url\":\"https:\\\/\\\/www.laguiadepamplona.com\\\/actualidad\\\/wp-content\\\/uploads\\\/2021\\\/12\\\/barrio_lezkairu_0.jpg\",\"contentUrl\":\"https:\\\/\\\/www.laguiadepamplona.com\\\/actualidad\\\/wp-content\\\/uploads\\\/2021\\\/12\\\/barrio_lezkairu_0.jpg\",\"width\":1920,\"height\":1280,\"caption\":\"A* Jes\u00fas Garzaron F* 2020_11_20 T* Barrios de Pamplona L* Lezkairu\"},{\"@type\":\"BreadcrumbList\",\"@id\":\"https:\\\/\\\/www.laguiadepamplona.com\\\/actualidad\\\/pamplona-solicitara-35-millones-de-los-fondos-europeos-para-actuar-en-el-entorno-del-parque-fluvial-del-arga\\\/#breadcrumb\",\"itemListElement\":[{\"@type\":\"ListItem\",\"position\":1,\"name\":\"Portada\",\"item\":\"https:\\\/\\\/www.laguiadepamplona.com\\\/actualidad\\\/\"},{\"@type\":\"ListItem\",\"position\":2,\"name\":\"Pamplona solicitar\u00e1 3,5 millones de los fondos europeos para actuar en el entorno del parque fluvial del Arga\"}]},{\"@type\":\"WebSite\",\"@id\":\"https:\\\/\\\/www.laguiadepamplona.com\\\/actualidad\\\/#website\",\"url\":\"https:\\\/\\\/www.laguiadepamplona.com\\\/actualidad\\\/\",\"name\":\"La gu\u00eda de Pamplona\",\"description\":\"Noticias de Pamplona\",\"publisher\":{\"@id\":\"https:\\\/\\\/www.laguiadepamplona.com\\\/actualidad\\\/#organization\"},\"potentialAction\":[{\"@type\":\"SearchAction\",\"target\":{\"@type\":\"EntryPoint\",\"urlTemplate\":\"https:\\\/\\\/www.laguiadepamplona.com\\\/actualidad\\\/?s={search_term_string}\"},\"query-input\":{\"@type\":\"PropertyValueSpecification\",\"valueRequired\":true,\"valueName\":\"search_term_string\"}}],\"inLanguage\":\"es\"},{\"@type\":\"Organization\",\"@id\":\"https:\\\/\\\/www.laguiadepamplona.com\\\/actualidad\\\/#organization\",\"name\":\"La Gu\u00eda de Pamplona \\\/ Noticias\",\"url\":\"https:\\\/\\\/www.laguiadepamplona.com\\\/actualidad\\\/\",\"logo\":{\"@type\":\"ImageObject\",\"inLanguage\":\"es\",\"@id\":\"https:\\\/\\\/www.laguiadepamplona.com\\\/actualidad\\\/#\\\/schema\\\/logo\\\/image\\\/\",\"url\":\"https:\\\/\\\/www.laguiadepamplona.com\\\/actualidad\\\/wp-content\\\/uploads\\\/2018\\\/11\\\/logo-laguiadepamplona18-web1.png\",\"contentUrl\":\"https:\\\/\\\/www.laguiadepamplona.com\\\/actualidad\\\/wp-content\\\/uploads\\\/2018\\\/11\\\/logo-laguiadepamplona18-web1.png\",\"width\":600,\"height\":196,\"caption\":\"La Gu\u00eda de Pamplona \\\/ Noticias\"},\"image\":{\"@id\":\"https:\\\/\\\/www.laguiadepamplona.com\\\/actualidad\\\/#\\\/schema\\\/logo\\\/image\\\/\"},\"sameAs\":[\"https:\\\/\\\/www.facebook.com\\\/laguiadepamplonacom-133175176762273\\\/?ref=hl\",\"https:\\\/\\\/x.com\\\/LaGuiadPamplona\",\"https:\\\/\\\/www.instagram.com\\\/la_guia_de_pamplona\\\/\",\"https:\\\/\\\/www.youtube.com\\\/user\\\/laguiadepamplona\"]},{\"@type\":\"Person\",\"@id\":\"https:\\\/\\\/www.laguiadepamplona.com\\\/actualidad\\\/#\\\/schema\\\/person\\\/efe887376f0213d4657c93adc50b1fdb\",\"name\":\"La Gu\u00eda de Pamplona\",\"image\":{\"@type\":\"ImageObject\",\"inLanguage\":\"es\",\"@id\":\"https:\\\/\\\/secure.gravatar.com\\\/avatar\\\/b6992f131dc8d30ab0dff15446e9d346d9dbd95992de0fef795073f5ea83a81c?s=96&d=mm&r=g\",\"url\":\"https:\\\/\\\/secure.gravatar.com\\\/avatar\\\/b6992f131dc8d30ab0dff15446e9d346d9dbd95992de0fef795073f5ea83a81c?s=96&d=mm&r=g\",\"contentUrl\":\"https:\\\/\\\/secure.gravatar.com\\\/avatar\\\/b6992f131dc8d30ab0dff15446e9d346d9dbd95992de0fef795073f5ea83a81c?s=96&d=mm&r=g\",\"caption\":\"La Gu\u00eda de Pamplona\"}}]}<\/script>\n<!-- \/ Yoast SEO plugin. -->","yoast_head_json":{"title":"Pamplona solicitar\u00e1 3,5 millones de los fondos europeos para actuar en el entorno del parque fluvial del Arga","description":"El proyecto RUNA Inundaciones 2025 contempla mejorar la gesti\u00f3n del riesgo de avenidas y recuperar \u00e1reas degradadas","robots":{"index":"index","follow":"follow","max-snippet":"max-snippet:-1","max-image-preview":"max-image-preview:large","max-video-preview":"max-video-preview:-1"},"canonical":"https:\/\/www.laguiadepamplona.com\/actualidad\/pamplona-solicitara-35-millones-de-los-fondos-europeos-para-actuar-en-el-entorno-del-parque-fluvial-del-arga\/","og_locale":"es_ES","og_type":"article","og_title":"Pamplona solicitar\u00e1 3,5 millones de los fondos europeos para actuar en el entorno del parque fluvial del Arga","og_description":"El proyecto RUNA Inundaciones 2025 contempla mejorar la gesti\u00f3n del riesgo de avenidas y recuperar \u00e1reas degradadas","og_url":"https:\/\/www.laguiadepamplona.com\/actualidad\/pamplona-solicitara-35-millones-de-los-fondos-europeos-para-actuar-en-el-entorno-del-parque-fluvial-del-arga\/","og_site_name":"La Gu\u00eda de Pamplona","article_publisher":"https:\/\/www.facebook.com\/laguiadepamplonacom-133175176762273\/?ref=hl","article_published_time":"2022-03-14T14:13:16+00:00","article_modified_time":"2023-04-11T09:48:25+00:00","og_image":[{"width":1920,"height":1280,"url":"https:\/\/www.laguiadepamplona.com\/actualidad\/wp-content\/uploads\/2021\/12\/barrio_lezkairu_0.jpg","type":"image\/jpeg"}],"author":"La Gu\u00eda de Pamplona","twitter_card":"summary_large_image","twitter_creator":"@LaGuiadPamplona","twitter_site":"@LaGuiadPamplona","twitter_misc":{"Escrito por":"La Gu\u00eda de Pamplona","Tiempo de lectura":"2 minutos"},"schema":{"@context":"https:\/\/schema.org","@graph":[{"@type":"Article","@id":"https:\/\/www.laguiadepamplona.com\/actualidad\/pamplona-solicitara-35-millones-de-los-fondos-europeos-para-actuar-en-el-entorno-del-parque-fluvial-del-arga\/#article","isPartOf":{"@id":"https:\/\/www.laguiadepamplona.com\/actualidad\/pamplona-solicitara-35-millones-de-los-fondos-europeos-para-actuar-en-el-entorno-del-parque-fluvial-del-arga\/"},"author":{"name":"La Gu\u00eda de Pamplona","@id":"https:\/\/www.laguiadepamplona.com\/actualidad\/#\/schema\/person\/efe887376f0213d4657c93adc50b1fdb"},"headline":"Pamplona solicitar\u00e1 3,5 millones de los fondos europeos para actuar en el entorno del parque fluvial del Arga","datePublished":"2022-03-14T14:13:16+00:00","dateModified":"2023-04-11T09:48:25+00:00","mainEntityOfPage":{"@id":"https:\/\/www.laguiadepamplona.com\/actualidad\/pamplona-solicitara-35-millones-de-los-fondos-europeos-para-actuar-en-el-entorno-del-parque-fluvial-del-arga\/"},"wordCount":454,"commentCount":0,"publisher":{"@id":"https:\/\/www.laguiadepamplona.com\/actualidad\/#organization"},"image":{"@id":"https:\/\/www.laguiadepamplona.com\/actualidad\/pamplona-solicitara-35-millones-de-los-fondos-europeos-para-actuar-en-el-entorno-del-parque-fluvial-del-arga\/#primaryimage"},"thumbnailUrl":"https:\/\/www.laguiadepamplona.com\/actualidad\/wp-content\/uploads\/2021\/12\/barrio_lezkairu_0.jpg","articleSection":["Ayto Pamplona"],"inLanguage":"es","potentialAction":[{"@type":"CommentAction","name":"Comment","target":["https:\/\/www.laguiadepamplona.com\/actualidad\/pamplona-solicitara-35-millones-de-los-fondos-europeos-para-actuar-en-el-entorno-del-parque-fluvial-del-arga\/#respond"]}]},{"@type":"WebPage","@id":"https:\/\/www.laguiadepamplona.com\/actualidad\/pamplona-solicitara-35-millones-de-los-fondos-europeos-para-actuar-en-el-entorno-del-parque-fluvial-del-arga\/","url":"https:\/\/www.laguiadepamplona.com\/actualidad\/pamplona-solicitara-35-millones-de-los-fondos-europeos-para-actuar-en-el-entorno-del-parque-fluvial-del-arga\/","name":"Pamplona solicitar\u00e1 3,5 millones de los fondos europeos para actuar en el entorno del parque fluvial del Arga","isPartOf":{"@id":"https:\/\/www.laguiadepamplona.com\/actualidad\/#website"},"primaryImageOfPage":{"@id":"https:\/\/www.laguiadepamplona.com\/actualidad\/pamplona-solicitara-35-millones-de-los-fondos-europeos-para-actuar-en-el-entorno-del-parque-fluvial-del-arga\/#primaryimage"},"image":{"@id":"https:\/\/www.laguiadepamplona.com\/actualidad\/pamplona-solicitara-35-millones-de-los-fondos-europeos-para-actuar-en-el-entorno-del-parque-fluvial-del-arga\/#primaryimage"},"thumbnailUrl":"https:\/\/www.laguiadepamplona.com\/actualidad\/wp-content\/uploads\/2021\/12\/barrio_lezkairu_0.jpg","datePublished":"2022-03-14T14:13:16+00:00","dateModified":"2023-04-11T09:48:25+00:00","description":"El proyecto RUNA Inundaciones 2025 contempla mejorar la gesti\u00f3n del riesgo de avenidas y recuperar \u00e1reas degradadas","breadcrumb":{"@id":"https:\/\/www.laguiadepamplona.com\/actualidad\/pamplona-solicitara-35-millones-de-los-fondos-europeos-para-actuar-en-el-entorno-del-parque-fluvial-del-arga\/#breadcrumb"},"inLanguage":"es","potentialAction":[{"@type":"ReadAction","target":["https:\/\/www.laguiadepamplona.com\/actualidad\/pamplona-solicitara-35-millones-de-los-fondos-europeos-para-actuar-en-el-entorno-del-parque-fluvial-del-arga\/"]}]},{"@type":"ImageObject","inLanguage":"es","@id":"https:\/\/www.laguiadepamplona.com\/actualidad\/pamplona-solicitara-35-millones-de-los-fondos-europeos-para-actuar-en-el-entorno-del-parque-fluvial-del-arga\/#primaryimage","url":"https:\/\/www.laguiadepamplona.com\/actualidad\/wp-content\/uploads\/2021\/12\/barrio_lezkairu_0.jpg","contentUrl":"https:\/\/www.laguiadepamplona.com\/actualidad\/wp-content\/uploads\/2021\/12\/barrio_lezkairu_0.jpg","width":1920,"height":1280,"caption":"A* Jes\u00fas Garzaron F* 2020_11_20 T* Barrios de Pamplona L* Lezkairu"},{"@type":"BreadcrumbList","@id":"https:\/\/www.laguiadepamplona.com\/actualidad\/pamplona-solicitara-35-millones-de-los-fondos-europeos-para-actuar-en-el-entorno-del-parque-fluvial-del-arga\/#breadcrumb","itemListElement":[{"@type":"ListItem","position":1,"name":"Portada","item":"https:\/\/www.laguiadepamplona.com\/actualidad\/"},{"@type":"ListItem","position":2,"name":"Pamplona solicitar\u00e1 3,5 millones de los fondos europeos para actuar en el entorno del parque fluvial del Arga"}]},{"@type":"WebSite","@id":"https:\/\/www.laguiadepamplona.com\/actualidad\/#website","url":"https:\/\/www.laguiadepamplona.com\/actualidad\/","name":"La gu\u00eda de Pamplona","description":"Noticias de Pamplona","publisher":{"@id":"https:\/\/www.laguiadepamplona.com\/actualidad\/#organization"},"potentialAction":[{"@type":"SearchAction","target":{"@type":"EntryPoint","urlTemplate":"https:\/\/www.laguiadepamplona.com\/actualidad\/?s={search_term_string}"},"query-input":{"@type":"PropertyValueSpecification","valueRequired":true,"valueName":"search_term_string"}}],"inLanguage":"es"},{"@type":"Organization","@id":"https:\/\/www.laguiadepamplona.com\/actualidad\/#organization","name":"La Gu\u00eda de Pamplona \/ Noticias","url":"https:\/\/www.laguiadepamplona.com\/actualidad\/","logo":{"@type":"ImageObject","inLanguage":"es","@id":"https:\/\/www.laguiadepamplona.com\/actualidad\/#\/schema\/logo\/image\/","url":"https:\/\/www.laguiadepamplona.com\/actualidad\/wp-content\/uploads\/2018\/11\/logo-laguiadepamplona18-web1.png","contentUrl":"https:\/\/www.laguiadepamplona.com\/actualidad\/wp-content\/uploads\/2018\/11\/logo-laguiadepamplona18-web1.png","width":600,"height":196,"caption":"La Gu\u00eda de Pamplona \/ Noticias"},"image":{"@id":"https:\/\/www.laguiadepamplona.com\/actualidad\/#\/schema\/logo\/image\/"},"sameAs":["https:\/\/www.facebook.com\/laguiadepamplonacom-133175176762273\/?ref=hl","https:\/\/x.com\/LaGuiadPamplona","https:\/\/www.instagram.com\/la_guia_de_pamplona\/","https:\/\/www.youtube.com\/user\/laguiadepamplona"]},{"@type":"Person","@id":"https:\/\/www.laguiadepamplona.com\/actualidad\/#\/schema\/person\/efe887376f0213d4657c93adc50b1fdb","name":"La Gu\u00eda de Pamplona","image":{"@type":"ImageObject","inLanguage":"es","@id":"https:\/\/secure.gravatar.com\/avatar\/b6992f131dc8d30ab0dff15446e9d346d9dbd95992de0fef795073f5ea83a81c?s=96&d=mm&r=g","url":"https:\/\/secure.gravatar.com\/avatar\/b6992f131dc8d30ab0dff15446e9d346d9dbd95992de0fef795073f5ea83a81c?s=96&d=mm&r=g","contentUrl":"https:\/\/secure.gravatar.com\/avatar\/b6992f131dc8d30ab0dff15446e9d346d9dbd95992de0fef795073f5ea83a81c?s=96&d=mm&r=g","caption":"La Gu\u00eda de Pamplona"}}]}},"post_mailing_queue_ids":[],"_links":{"self":[{"href":"https:\/\/www.laguiadepamplona.com\/actualidad\/wp-json\/wp\/v2\/posts\/39387","targetHints":{"allow":["GET"]}}],"collection":[{"href":"https:\/\/www.laguiadepamplona.com\/actualidad\/wp-json\/wp\/v2\/posts"}],"about":[{"href":"https:\/\/www.laguiadepamplona.com\/actualidad\/wp-json\/wp\/v2\/types\/post"}],"author":[{"embeddable":true,"href":"https:\/\/www.laguiadepamplona.com\/actualidad\/wp-json\/wp\/v2\/users\/1"}],"replies":[{"embeddable":true,"href":"https:\/\/www.laguiadepamplona.com\/actualidad\/wp-json\/wp\/v2\/comments?post=39387"}],"version-history":[{"count":0,"href":"https:\/\/www.laguiadepamplona.com\/actualidad\/wp-json\/wp\/v2\/posts\/39387\/revisions"}],"wp:featuredmedia":[{"embeddable":true,"href":"https:\/\/www.laguiadepamplona.com\/actualidad\/wp-json\/wp\/v2\/media\/37924"}],"wp:attachment":[{"href":"https:\/\/www.laguiadepamplona.com\/actualidad\/wp-json\/wp\/v2\/media?parent=39387"}],"wp:term":[{"taxonomy":"category","embeddable":true,"href":"https:\/\/www.laguiadepamplona.com\/actualidad\/wp-json\/wp\/v2\/categories?post=39387"},{"taxonomy":"post_tag","embeddable":true,"href":"https:\/\/www.laguiadepamplona.com\/actualidad\/wp-json\/wp\/v2\/tags?post=39387"}],"curies":[{"name":"wp","href":"https:\/\/api.w.org\/{rel}","templated":true}]}}