{"id":39383,"date":"2022-03-14T14:56:58","date_gmt":"2022-03-14T12:56:58","guid":{"rendered":"https:\/\/www.laguiadepamplona.com\/actualidad\/?p=39383"},"modified":"2023-04-11T11:48:25","modified_gmt":"2023-04-11T09:48:25","slug":"pamplona-participa-en-la-jornada-de-lanzamiento-y-difusion-del-programa-europeo-jacobccess-que-tuvo-lugar-el-viernes-en-jaca","status":"publish","type":"post","link":"https:\/\/www.laguiadepamplona.com\/actualidad\/pamplona-participa-en-la-jornada-de-lanzamiento-y-difusion-del-programa-europeo-jacobccess-que-tuvo-lugar-el-viernes-en-jaca\/","title":{"rendered":"Pamplona participa en la Jornada de Lanzamiento y Difusi\u00f3n del programa europeo Jacob@ccess que tuvo lugar el viernes en Jaca"},"content":{"rendered":"<h5>A trav\u00e9s de una declaraci\u00f3n de intenciones, se manifest\u00f3 la voluntad de continuar promoviendo la accesibilidad universal al patrimonio jacobeo<\/h5>\n<p><!--more--><\/p>\n<p>El pasado viernes se celebr\u00f3 en Jaca la Jornada de Lanzamiento y Difusi\u00f3n del proyecto europeo Jacob@ccess. Durante la jornada, se analiz\u00f3 el desarrollo del proyecto y se establecieron acciones para mantener la cooperaci\u00f3n transfronteriza y la difusi\u00f3n de la cultura jacobea a todos los p\u00fablicos. Jacob@ccess concluye este mes de marzo y, a trav\u00e9s de la firma de un protocolo, las entidades socias del proyecto establecieron el punto de partida para el desarrollo de la red transfronteriza para la accesibilidad de personas con discapacidad a la cultura y al patrimonio de los territorios atravesados por el Camino de Santiago.<\/p>\n<p>Son socios del proyecto Jacob@ccess el Ayuntamiento de Jaca, E.V.A.H Espace de Vie pour Adultes Handicap\u00e9s, el Ayuntamiento de Pamplona, Valentia, la Fundaci\u00f3n KOINE AEQUALITAS y Communaut\u00e9 d&#8217;Agglom\u00e9ration Pays Basque. Entidades e instituciones que trabajan desde hace varios a\u00f1os en la puesta en marcha de una red transfronteriza para la accesibilidad de las personas con discapacidad a la cultura y al patrimonio de los territorios atravesados por el Camino de Santiago.<\/p>\n<p>Este proyecto Jacob@ccess ha sido financiado al 65% por el Fondo Europeo de Desarrollo Regional (FEDER) a trav\u00e9s del Programa Interreg V-A Espa\u00f1a \u2013 Francia \u2013 Andorra (POCTEFA 2014 \u2013 2020). El objetivo del POCTEFA es reforzar la integraci\u00f3n econ\u00f3mica y social de la zona fronteriza Espa\u00f1a \u2013 Francia \u2013 Andorra. Su ayuda se concentra en el desarrollo de actividades econ\u00f3micas, sociales y medioambientales transfronterizas a trav\u00e9s de estrategias conjuntas a favor del desarrollo territorial sostenible.<br \/>\n<script async src=\"\/\/pagead2.googlesyndication.com\/pagead\/js\/adsbygoogle.js\"><\/script><br \/>\n<!-- Noticias La Guia de Pamplona --><br \/>\n<ins class=\"adsbygoogle\"\nstyle=\"display:block\"\ndata-ad-client=\"ca-pub-6943679897239327\"\ndata-ad-slot=\"7048180777\"\ndata-ad-format=\"auto\"><\/ins><br \/>\n<script>\n(adsbygoogle = window.adsbygoogle || []).push({});\n<\/script><\/p>\n<p><strong>Declaraci\u00f3n de intenciones de la Red Transfronteriza Jacob@ccess<\/strong><\/p>\n<p>El evento celebrado el viernes ten\u00eda como finalidad revisar y poner en com\u00fan los resultados del proyecto Jacob@ccess, y ha contado con la participaci\u00f3n de los socios del proyecto y representantes de las entidades vinculadas, sirviendo para poner en com\u00fan el trabajo realizado durante los \u00faltimos a\u00f1os. Entre otras acciones, el proyecto Jacob@ccess ha supuesto la construcci\u00f3n de diversas instalaciones accesibles a lo largo de la ruta jacobea, como son el Albergue para Peregrinos de Martillu\u00e9, el Centro de Interpretaci\u00f3n \u2018Ultreia\u2019 de Pamplona, el Centro de Interpretaci\u00f3n \u2018Jacobea Experience\u2019 de Jaca y la finalizaci\u00f3n del proyecto definitivo del Centro de Interpretaci\u00f3n de Ostabat. Adem\u00e1s, se ha potenciado el trabajo colaborativo a trav\u00e9s de un inventario de buenas pr\u00e1cticas y recursos elaborados por los socios, que permitir\u00e1n mejorar la inclusi\u00f3n social de las personas con discapacidad, y se han desarrollado diversos intercambios y encuentros transfronterizos para trabajar por la accesibilidad universal.<\/p>\n<p>Jacob@ccess continuar\u00e1 su trabajo a partir de los acuerdos recogidos en la \u2018Declaraci\u00f3n de intenciones de la Red Transfronteriza Jacob@ccess\u2019, firmada en Jaca. Se trata de un documento vinculante que incluye los compromisos adquiridos por los socios para continuar con la cooperaci\u00f3n transfronteriza, tanto en el \u00e1mbito jacobeo como en el turismo y la cultura. Por parte del Ayuntamiento de Pamplona particip\u00f3 en la jornada y firm\u00f3 el documento la directora de Comercio y Turismo, Silvia Azpilicueta.<br \/>\n<script async src=\"\/\/pagead2.googlesyndication.com\/pagead\/js\/adsbygoogle.js\"><\/script><br \/>\n<!-- Noticias La Guia de Pamplona --><br \/>\n<ins class=\"adsbygoogle\"\nstyle=\"display:block\"\ndata-ad-client=\"ca-pub-6943679897239327\"\ndata-ad-slot=\"7048180777\"\ndata-ad-format=\"auto\"><\/ins><br \/>\n<script>\n(adsbygoogle = window.adsbygoogle || []).push({});\n<\/script><\/p>\n<p><strong>Discapacidad transfonteriza<\/strong><\/p>\n<p>La &#8216;Jornada de Lanzamiento y Difusi\u00f3n Jacob@ccess&#8217; incluy\u00f3 varios encuentros y mesas redondas, as\u00ed como un encuentro previo entre profesionales. Durante el Comit\u00e9 de Pilotaje se desarroll\u00f3 el evento \u2018Discapacidad transfronteriza&#8217; en el que se dieron a conocer otros proyectos europeos que trabajan por la discapacidad y en los que participan algunas de las entidades socias de Jacob@ccess. Los participantes tambi\u00e9n pudieron profundizar en los temas abordados en las mesas redondas, que giraban en torno a los recursos compartidos elaborados a lo largo del proyecto y el futuro trabajo conjunto en los Centros de Interpretaci\u00f3n de la Red.<\/p>\n<p>Para finalizar la visita, las personas asistentes visitaron el futuro Centro de Interpretaci\u00f3n \u2018Jacobea Experience\u2019 de Jaca, un centro accesible y adaptado que ofrecer\u00e1 una experiencia sensorial sobre el Camino de Santiago, recreando los principales hitos de la ruta jacobea y potenciando la visita a trav\u00e9s de los sentidos, con el fin de permitir a personas con distintas discapacidades percibir las muy diversas experiencias que ofrece el Camino.<\/p>\n","protected":false},"excerpt":{"rendered":"<p>A trav\u00e9s de una declaraci\u00f3n de intenciones, se manifest\u00f3 la voluntad de continuar promoviendo la accesibilidad universal al patrimonio jacobeo<\/p>\n","protected":false},"author":1,"featured_media":39384,"comment_status":"open","ping_status":"closed","sticky":false,"template":"","format":"standard","meta":{"footnotes":""},"categories":[2],"tags":[],"class_list":["post-39383","post","type-post","status-publish","format-standard","has-post-thumbnail","hentry","category-ayuntamiento-pamplona"],"yoast_head":"<!-- This site is optimized with the Yoast SEO plugin v27.3 - https:\/\/yoast.com\/product\/yoast-seo-wordpress\/ -->\n<title>Pamplona participa en la Jornada de Lanzamiento y Difusi\u00f3n del programa europeo Jacob@ccess que tuvo lugar el viernes en Jaca<\/title>\n<meta name=\"description\" content=\"A trav\u00e9s de una declaraci\u00f3n de intenciones, se manifest\u00f3 la voluntad de continuar promoviendo la accesibilidad universal al patrimonio jacobeo\" \/>\n<meta name=\"robots\" content=\"index, follow, max-snippet:-1, max-image-preview:large, max-video-preview:-1\" \/>\n<link rel=\"canonical\" href=\"https:\/\/www.laguiadepamplona.com\/actualidad\/pamplona-participa-en-la-jornada-de-lanzamiento-y-difusion-del-programa-europeo-jacobccess-que-tuvo-lugar-el-viernes-en-jaca\/\" \/>\n<meta property=\"og:locale\" content=\"es_ES\" \/>\n<meta property=\"og:type\" content=\"article\" \/>\n<meta property=\"og:title\" content=\"Pamplona participa en la Jornada de Lanzamiento y Difusi\u00f3n del programa europeo Jacob@ccess que tuvo lugar el viernes en Jaca\" \/>\n<meta property=\"og:description\" content=\"A trav\u00e9s de una declaraci\u00f3n de intenciones, se manifest\u00f3 la voluntad de continuar promoviendo la accesibilidad universal al patrimonio jacobeo\" \/>\n<meta property=\"og:url\" content=\"https:\/\/www.laguiadepamplona.com\/actualidad\/pamplona-participa-en-la-jornada-de-lanzamiento-y-difusion-del-programa-europeo-jacobccess-que-tuvo-lugar-el-viernes-en-jaca\/\" \/>\n<meta property=\"og:site_name\" content=\"La Gu\u00eda de Pamplona\" \/>\n<meta property=\"article:publisher\" content=\"https:\/\/www.facebook.com\/laguiadepamplonacom-133175176762273\/?ref=hl\" \/>\n<meta property=\"article:published_time\" content=\"2022-03-14T12:56:58+00:00\" \/>\n<meta property=\"article:modified_time\" content=\"2023-04-11T09:48:25+00:00\" \/>\n<meta property=\"og:image\" content=\"https:\/\/www.laguiadepamplona.com\/actualidad\/wp-content\/uploads\/2022\/03\/22.03_14_reunion_jacobaccess.jpg\" \/>\n\t<meta property=\"og:image:width\" content=\"2016\" \/>\n\t<meta property=\"og:image:height\" content=\"1512\" \/>\n\t<meta property=\"og:image:type\" content=\"image\/jpeg\" \/>\n<meta name=\"author\" content=\"La Gu\u00eda de Pamplona\" \/>\n<meta name=\"twitter:card\" content=\"summary_large_image\" \/>\n<meta name=\"twitter:creator\" content=\"@LaGuiadPamplona\" \/>\n<meta name=\"twitter:site\" content=\"@LaGuiadPamplona\" \/>\n<meta name=\"twitter:label1\" content=\"Escrito por\" \/>\n\t<meta name=\"twitter:data1\" content=\"La Gu\u00eda de Pamplona\" \/>\n\t<meta name=\"twitter:label2\" content=\"Tiempo de lectura\" \/>\n\t<meta name=\"twitter:data2\" content=\"4 minutos\" \/>\n<script type=\"application\/ld+json\" class=\"yoast-schema-graph\">{\"@context\":\"https:\\\/\\\/schema.org\",\"@graph\":[{\"@type\":\"Article\",\"@id\":\"https:\\\/\\\/www.laguiadepamplona.com\\\/actualidad\\\/pamplona-participa-en-la-jornada-de-lanzamiento-y-difusion-del-programa-europeo-jacobccess-que-tuvo-lugar-el-viernes-en-jaca\\\/#article\",\"isPartOf\":{\"@id\":\"https:\\\/\\\/www.laguiadepamplona.com\\\/actualidad\\\/pamplona-participa-en-la-jornada-de-lanzamiento-y-difusion-del-programa-europeo-jacobccess-que-tuvo-lugar-el-viernes-en-jaca\\\/\"},\"author\":{\"name\":\"La Gu\u00eda de Pamplona\",\"@id\":\"https:\\\/\\\/www.laguiadepamplona.com\\\/actualidad\\\/#\\\/schema\\\/person\\\/efe887376f0213d4657c93adc50b1fdb\"},\"headline\":\"Pamplona participa en la Jornada de Lanzamiento y Difusi\u00f3n del programa europeo Jacob@ccess que tuvo lugar el viernes en Jaca\",\"datePublished\":\"2022-03-14T12:56:58+00:00\",\"dateModified\":\"2023-04-11T09:48:25+00:00\",\"mainEntityOfPage\":{\"@id\":\"https:\\\/\\\/www.laguiadepamplona.com\\\/actualidad\\\/pamplona-participa-en-la-jornada-de-lanzamiento-y-difusion-del-programa-europeo-jacobccess-que-tuvo-lugar-el-viernes-en-jaca\\\/\"},\"wordCount\":740,\"commentCount\":0,\"publisher\":{\"@id\":\"https:\\\/\\\/www.laguiadepamplona.com\\\/actualidad\\\/#organization\"},\"image\":{\"@id\":\"https:\\\/\\\/www.laguiadepamplona.com\\\/actualidad\\\/pamplona-participa-en-la-jornada-de-lanzamiento-y-difusion-del-programa-europeo-jacobccess-que-tuvo-lugar-el-viernes-en-jaca\\\/#primaryimage\"},\"thumbnailUrl\":\"https:\\\/\\\/www.laguiadepamplona.com\\\/actualidad\\\/wp-content\\\/uploads\\\/2022\\\/03\\\/22.03_14_reunion_jacobaccess.jpg\",\"articleSection\":[\"Ayto Pamplona\"],\"inLanguage\":\"es\",\"potentialAction\":[{\"@type\":\"CommentAction\",\"name\":\"Comment\",\"target\":[\"https:\\\/\\\/www.laguiadepamplona.com\\\/actualidad\\\/pamplona-participa-en-la-jornada-de-lanzamiento-y-difusion-del-programa-europeo-jacobccess-que-tuvo-lugar-el-viernes-en-jaca\\\/#respond\"]}]},{\"@type\":\"WebPage\",\"@id\":\"https:\\\/\\\/www.laguiadepamplona.com\\\/actualidad\\\/pamplona-participa-en-la-jornada-de-lanzamiento-y-difusion-del-programa-europeo-jacobccess-que-tuvo-lugar-el-viernes-en-jaca\\\/\",\"url\":\"https:\\\/\\\/www.laguiadepamplona.com\\\/actualidad\\\/pamplona-participa-en-la-jornada-de-lanzamiento-y-difusion-del-programa-europeo-jacobccess-que-tuvo-lugar-el-viernes-en-jaca\\\/\",\"name\":\"Pamplona participa en la Jornada de Lanzamiento y Difusi\u00f3n del programa europeo Jacob@ccess que tuvo lugar el viernes en Jaca\",\"isPartOf\":{\"@id\":\"https:\\\/\\\/www.laguiadepamplona.com\\\/actualidad\\\/#website\"},\"primaryImageOfPage\":{\"@id\":\"https:\\\/\\\/www.laguiadepamplona.com\\\/actualidad\\\/pamplona-participa-en-la-jornada-de-lanzamiento-y-difusion-del-programa-europeo-jacobccess-que-tuvo-lugar-el-viernes-en-jaca\\\/#primaryimage\"},\"image\":{\"@id\":\"https:\\\/\\\/www.laguiadepamplona.com\\\/actualidad\\\/pamplona-participa-en-la-jornada-de-lanzamiento-y-difusion-del-programa-europeo-jacobccess-que-tuvo-lugar-el-viernes-en-jaca\\\/#primaryimage\"},\"thumbnailUrl\":\"https:\\\/\\\/www.laguiadepamplona.com\\\/actualidad\\\/wp-content\\\/uploads\\\/2022\\\/03\\\/22.03_14_reunion_jacobaccess.jpg\",\"datePublished\":\"2022-03-14T12:56:58+00:00\",\"dateModified\":\"2023-04-11T09:48:25+00:00\",\"description\":\"A trav\u00e9s de una declaraci\u00f3n de intenciones, se manifest\u00f3 la voluntad de continuar promoviendo la accesibilidad universal al patrimonio jacobeo\",\"breadcrumb\":{\"@id\":\"https:\\\/\\\/www.laguiadepamplona.com\\\/actualidad\\\/pamplona-participa-en-la-jornada-de-lanzamiento-y-difusion-del-programa-europeo-jacobccess-que-tuvo-lugar-el-viernes-en-jaca\\\/#breadcrumb\"},\"inLanguage\":\"es\",\"potentialAction\":[{\"@type\":\"ReadAction\",\"target\":[\"https:\\\/\\\/www.laguiadepamplona.com\\\/actualidad\\\/pamplona-participa-en-la-jornada-de-lanzamiento-y-difusion-del-programa-europeo-jacobccess-que-tuvo-lugar-el-viernes-en-jaca\\\/\"]}]},{\"@type\":\"ImageObject\",\"inLanguage\":\"es\",\"@id\":\"https:\\\/\\\/www.laguiadepamplona.com\\\/actualidad\\\/pamplona-participa-en-la-jornada-de-lanzamiento-y-difusion-del-programa-europeo-jacobccess-que-tuvo-lugar-el-viernes-en-jaca\\\/#primaryimage\",\"url\":\"https:\\\/\\\/www.laguiadepamplona.com\\\/actualidad\\\/wp-content\\\/uploads\\\/2022\\\/03\\\/22.03_14_reunion_jacobaccess.jpg\",\"contentUrl\":\"https:\\\/\\\/www.laguiadepamplona.com\\\/actualidad\\\/wp-content\\\/uploads\\\/2022\\\/03\\\/22.03_14_reunion_jacobaccess.jpg\",\"width\":2016,\"height\":1512},{\"@type\":\"BreadcrumbList\",\"@id\":\"https:\\\/\\\/www.laguiadepamplona.com\\\/actualidad\\\/pamplona-participa-en-la-jornada-de-lanzamiento-y-difusion-del-programa-europeo-jacobccess-que-tuvo-lugar-el-viernes-en-jaca\\\/#breadcrumb\",\"itemListElement\":[{\"@type\":\"ListItem\",\"position\":1,\"name\":\"Portada\",\"item\":\"https:\\\/\\\/www.laguiadepamplona.com\\\/actualidad\\\/\"},{\"@type\":\"ListItem\",\"position\":2,\"name\":\"Pamplona participa en la Jornada de Lanzamiento y Difusi\u00f3n del programa europeo Jacob@ccess que tuvo lugar el viernes en Jaca\"}]},{\"@type\":\"WebSite\",\"@id\":\"https:\\\/\\\/www.laguiadepamplona.com\\\/actualidad\\\/#website\",\"url\":\"https:\\\/\\\/www.laguiadepamplona.com\\\/actualidad\\\/\",\"name\":\"La gu\u00eda de Pamplona\",\"description\":\"Noticias de Pamplona\",\"publisher\":{\"@id\":\"https:\\\/\\\/www.laguiadepamplona.com\\\/actualidad\\\/#organization\"},\"potentialAction\":[{\"@type\":\"SearchAction\",\"target\":{\"@type\":\"EntryPoint\",\"urlTemplate\":\"https:\\\/\\\/www.laguiadepamplona.com\\\/actualidad\\\/?s={search_term_string}\"},\"query-input\":{\"@type\":\"PropertyValueSpecification\",\"valueRequired\":true,\"valueName\":\"search_term_string\"}}],\"inLanguage\":\"es\"},{\"@type\":\"Organization\",\"@id\":\"https:\\\/\\\/www.laguiadepamplona.com\\\/actualidad\\\/#organization\",\"name\":\"La Gu\u00eda de Pamplona \\\/ Noticias\",\"url\":\"https:\\\/\\\/www.laguiadepamplona.com\\\/actualidad\\\/\",\"logo\":{\"@type\":\"ImageObject\",\"inLanguage\":\"es\",\"@id\":\"https:\\\/\\\/www.laguiadepamplona.com\\\/actualidad\\\/#\\\/schema\\\/logo\\\/image\\\/\",\"url\":\"https:\\\/\\\/www.laguiadepamplona.com\\\/actualidad\\\/wp-content\\\/uploads\\\/2018\\\/11\\\/logo-laguiadepamplona18-web1.png\",\"contentUrl\":\"https:\\\/\\\/www.laguiadepamplona.com\\\/actualidad\\\/wp-content\\\/uploads\\\/2018\\\/11\\\/logo-laguiadepamplona18-web1.png\",\"width\":600,\"height\":196,\"caption\":\"La Gu\u00eda de Pamplona \\\/ Noticias\"},\"image\":{\"@id\":\"https:\\\/\\\/www.laguiadepamplona.com\\\/actualidad\\\/#\\\/schema\\\/logo\\\/image\\\/\"},\"sameAs\":[\"https:\\\/\\\/www.facebook.com\\\/laguiadepamplonacom-133175176762273\\\/?ref=hl\",\"https:\\\/\\\/x.com\\\/LaGuiadPamplona\",\"https:\\\/\\\/www.instagram.com\\\/la_guia_de_pamplona\\\/\",\"https:\\\/\\\/www.youtube.com\\\/user\\\/laguiadepamplona\"]},{\"@type\":\"Person\",\"@id\":\"https:\\\/\\\/www.laguiadepamplona.com\\\/actualidad\\\/#\\\/schema\\\/person\\\/efe887376f0213d4657c93adc50b1fdb\",\"name\":\"La Gu\u00eda de Pamplona\",\"image\":{\"@type\":\"ImageObject\",\"inLanguage\":\"es\",\"@id\":\"https:\\\/\\\/secure.gravatar.com\\\/avatar\\\/b6992f131dc8d30ab0dff15446e9d346d9dbd95992de0fef795073f5ea83a81c?s=96&d=mm&r=g\",\"url\":\"https:\\\/\\\/secure.gravatar.com\\\/avatar\\\/b6992f131dc8d30ab0dff15446e9d346d9dbd95992de0fef795073f5ea83a81c?s=96&d=mm&r=g\",\"contentUrl\":\"https:\\\/\\\/secure.gravatar.com\\\/avatar\\\/b6992f131dc8d30ab0dff15446e9d346d9dbd95992de0fef795073f5ea83a81c?s=96&d=mm&r=g\",\"caption\":\"La Gu\u00eda de Pamplona\"}}]}<\/script>\n<!-- \/ Yoast SEO plugin. -->","yoast_head_json":{"title":"Pamplona participa en la Jornada de Lanzamiento y Difusi\u00f3n del programa europeo Jacob@ccess que tuvo lugar el viernes en Jaca","description":"A trav\u00e9s de una declaraci\u00f3n de intenciones, se manifest\u00f3 la voluntad de continuar promoviendo la accesibilidad universal al patrimonio jacobeo","robots":{"index":"index","follow":"follow","max-snippet":"max-snippet:-1","max-image-preview":"max-image-preview:large","max-video-preview":"max-video-preview:-1"},"canonical":"https:\/\/www.laguiadepamplona.com\/actualidad\/pamplona-participa-en-la-jornada-de-lanzamiento-y-difusion-del-programa-europeo-jacobccess-que-tuvo-lugar-el-viernes-en-jaca\/","og_locale":"es_ES","og_type":"article","og_title":"Pamplona participa en la Jornada de Lanzamiento y Difusi\u00f3n del programa europeo Jacob@ccess que tuvo lugar el viernes en Jaca","og_description":"A trav\u00e9s de una declaraci\u00f3n de intenciones, se manifest\u00f3 la voluntad de continuar promoviendo la accesibilidad universal al patrimonio jacobeo","og_url":"https:\/\/www.laguiadepamplona.com\/actualidad\/pamplona-participa-en-la-jornada-de-lanzamiento-y-difusion-del-programa-europeo-jacobccess-que-tuvo-lugar-el-viernes-en-jaca\/","og_site_name":"La Gu\u00eda de Pamplona","article_publisher":"https:\/\/www.facebook.com\/laguiadepamplonacom-133175176762273\/?ref=hl","article_published_time":"2022-03-14T12:56:58+00:00","article_modified_time":"2023-04-11T09:48:25+00:00","og_image":[{"width":2016,"height":1512,"url":"https:\/\/www.laguiadepamplona.com\/actualidad\/wp-content\/uploads\/2022\/03\/22.03_14_reunion_jacobaccess.jpg","type":"image\/jpeg"}],"author":"La Gu\u00eda de Pamplona","twitter_card":"summary_large_image","twitter_creator":"@LaGuiadPamplona","twitter_site":"@LaGuiadPamplona","twitter_misc":{"Escrito por":"La Gu\u00eda de Pamplona","Tiempo de lectura":"4 minutos"},"schema":{"@context":"https:\/\/schema.org","@graph":[{"@type":"Article","@id":"https:\/\/www.laguiadepamplona.com\/actualidad\/pamplona-participa-en-la-jornada-de-lanzamiento-y-difusion-del-programa-europeo-jacobccess-que-tuvo-lugar-el-viernes-en-jaca\/#article","isPartOf":{"@id":"https:\/\/www.laguiadepamplona.com\/actualidad\/pamplona-participa-en-la-jornada-de-lanzamiento-y-difusion-del-programa-europeo-jacobccess-que-tuvo-lugar-el-viernes-en-jaca\/"},"author":{"name":"La Gu\u00eda de Pamplona","@id":"https:\/\/www.laguiadepamplona.com\/actualidad\/#\/schema\/person\/efe887376f0213d4657c93adc50b1fdb"},"headline":"Pamplona participa en la Jornada de Lanzamiento y Difusi\u00f3n del programa europeo Jacob@ccess que tuvo lugar el viernes en Jaca","datePublished":"2022-03-14T12:56:58+00:00","dateModified":"2023-04-11T09:48:25+00:00","mainEntityOfPage":{"@id":"https:\/\/www.laguiadepamplona.com\/actualidad\/pamplona-participa-en-la-jornada-de-lanzamiento-y-difusion-del-programa-europeo-jacobccess-que-tuvo-lugar-el-viernes-en-jaca\/"},"wordCount":740,"commentCount":0,"publisher":{"@id":"https:\/\/www.laguiadepamplona.com\/actualidad\/#organization"},"image":{"@id":"https:\/\/www.laguiadepamplona.com\/actualidad\/pamplona-participa-en-la-jornada-de-lanzamiento-y-difusion-del-programa-europeo-jacobccess-que-tuvo-lugar-el-viernes-en-jaca\/#primaryimage"},"thumbnailUrl":"https:\/\/www.laguiadepamplona.com\/actualidad\/wp-content\/uploads\/2022\/03\/22.03_14_reunion_jacobaccess.jpg","articleSection":["Ayto Pamplona"],"inLanguage":"es","potentialAction":[{"@type":"CommentAction","name":"Comment","target":["https:\/\/www.laguiadepamplona.com\/actualidad\/pamplona-participa-en-la-jornada-de-lanzamiento-y-difusion-del-programa-europeo-jacobccess-que-tuvo-lugar-el-viernes-en-jaca\/#respond"]}]},{"@type":"WebPage","@id":"https:\/\/www.laguiadepamplona.com\/actualidad\/pamplona-participa-en-la-jornada-de-lanzamiento-y-difusion-del-programa-europeo-jacobccess-que-tuvo-lugar-el-viernes-en-jaca\/","url":"https:\/\/www.laguiadepamplona.com\/actualidad\/pamplona-participa-en-la-jornada-de-lanzamiento-y-difusion-del-programa-europeo-jacobccess-que-tuvo-lugar-el-viernes-en-jaca\/","name":"Pamplona participa en la Jornada de Lanzamiento y Difusi\u00f3n del programa europeo Jacob@ccess que tuvo lugar el viernes en Jaca","isPartOf":{"@id":"https:\/\/www.laguiadepamplona.com\/actualidad\/#website"},"primaryImageOfPage":{"@id":"https:\/\/www.laguiadepamplona.com\/actualidad\/pamplona-participa-en-la-jornada-de-lanzamiento-y-difusion-del-programa-europeo-jacobccess-que-tuvo-lugar-el-viernes-en-jaca\/#primaryimage"},"image":{"@id":"https:\/\/www.laguiadepamplona.com\/actualidad\/pamplona-participa-en-la-jornada-de-lanzamiento-y-difusion-del-programa-europeo-jacobccess-que-tuvo-lugar-el-viernes-en-jaca\/#primaryimage"},"thumbnailUrl":"https:\/\/www.laguiadepamplona.com\/actualidad\/wp-content\/uploads\/2022\/03\/22.03_14_reunion_jacobaccess.jpg","datePublished":"2022-03-14T12:56:58+00:00","dateModified":"2023-04-11T09:48:25+00:00","description":"A trav\u00e9s de una declaraci\u00f3n de intenciones, se manifest\u00f3 la voluntad de continuar promoviendo la accesibilidad universal al patrimonio jacobeo","breadcrumb":{"@id":"https:\/\/www.laguiadepamplona.com\/actualidad\/pamplona-participa-en-la-jornada-de-lanzamiento-y-difusion-del-programa-europeo-jacobccess-que-tuvo-lugar-el-viernes-en-jaca\/#breadcrumb"},"inLanguage":"es","potentialAction":[{"@type":"ReadAction","target":["https:\/\/www.laguiadepamplona.com\/actualidad\/pamplona-participa-en-la-jornada-de-lanzamiento-y-difusion-del-programa-europeo-jacobccess-que-tuvo-lugar-el-viernes-en-jaca\/"]}]},{"@type":"ImageObject","inLanguage":"es","@id":"https:\/\/www.laguiadepamplona.com\/actualidad\/pamplona-participa-en-la-jornada-de-lanzamiento-y-difusion-del-programa-europeo-jacobccess-que-tuvo-lugar-el-viernes-en-jaca\/#primaryimage","url":"https:\/\/www.laguiadepamplona.com\/actualidad\/wp-content\/uploads\/2022\/03\/22.03_14_reunion_jacobaccess.jpg","contentUrl":"https:\/\/www.laguiadepamplona.com\/actualidad\/wp-content\/uploads\/2022\/03\/22.03_14_reunion_jacobaccess.jpg","width":2016,"height":1512},{"@type":"BreadcrumbList","@id":"https:\/\/www.laguiadepamplona.com\/actualidad\/pamplona-participa-en-la-jornada-de-lanzamiento-y-difusion-del-programa-europeo-jacobccess-que-tuvo-lugar-el-viernes-en-jaca\/#breadcrumb","itemListElement":[{"@type":"ListItem","position":1,"name":"Portada","item":"https:\/\/www.laguiadepamplona.com\/actualidad\/"},{"@type":"ListItem","position":2,"name":"Pamplona participa en la Jornada de Lanzamiento y Difusi\u00f3n del programa europeo Jacob@ccess que tuvo lugar el viernes en Jaca"}]},{"@type":"WebSite","@id":"https:\/\/www.laguiadepamplona.com\/actualidad\/#website","url":"https:\/\/www.laguiadepamplona.com\/actualidad\/","name":"La gu\u00eda de Pamplona","description":"Noticias de Pamplona","publisher":{"@id":"https:\/\/www.laguiadepamplona.com\/actualidad\/#organization"},"potentialAction":[{"@type":"SearchAction","target":{"@type":"EntryPoint","urlTemplate":"https:\/\/www.laguiadepamplona.com\/actualidad\/?s={search_term_string}"},"query-input":{"@type":"PropertyValueSpecification","valueRequired":true,"valueName":"search_term_string"}}],"inLanguage":"es"},{"@type":"Organization","@id":"https:\/\/www.laguiadepamplona.com\/actualidad\/#organization","name":"La Gu\u00eda de Pamplona \/ Noticias","url":"https:\/\/www.laguiadepamplona.com\/actualidad\/","logo":{"@type":"ImageObject","inLanguage":"es","@id":"https:\/\/www.laguiadepamplona.com\/actualidad\/#\/schema\/logo\/image\/","url":"https:\/\/www.laguiadepamplona.com\/actualidad\/wp-content\/uploads\/2018\/11\/logo-laguiadepamplona18-web1.png","contentUrl":"https:\/\/www.laguiadepamplona.com\/actualidad\/wp-content\/uploads\/2018\/11\/logo-laguiadepamplona18-web1.png","width":600,"height":196,"caption":"La Gu\u00eda de Pamplona \/ Noticias"},"image":{"@id":"https:\/\/www.laguiadepamplona.com\/actualidad\/#\/schema\/logo\/image\/"},"sameAs":["https:\/\/www.facebook.com\/laguiadepamplonacom-133175176762273\/?ref=hl","https:\/\/x.com\/LaGuiadPamplona","https:\/\/www.instagram.com\/la_guia_de_pamplona\/","https:\/\/www.youtube.com\/user\/laguiadepamplona"]},{"@type":"Person","@id":"https:\/\/www.laguiadepamplona.com\/actualidad\/#\/schema\/person\/efe887376f0213d4657c93adc50b1fdb","name":"La Gu\u00eda de Pamplona","image":{"@type":"ImageObject","inLanguage":"es","@id":"https:\/\/secure.gravatar.com\/avatar\/b6992f131dc8d30ab0dff15446e9d346d9dbd95992de0fef795073f5ea83a81c?s=96&d=mm&r=g","url":"https:\/\/secure.gravatar.com\/avatar\/b6992f131dc8d30ab0dff15446e9d346d9dbd95992de0fef795073f5ea83a81c?s=96&d=mm&r=g","contentUrl":"https:\/\/secure.gravatar.com\/avatar\/b6992f131dc8d30ab0dff15446e9d346d9dbd95992de0fef795073f5ea83a81c?s=96&d=mm&r=g","caption":"La Gu\u00eda de Pamplona"}}]}},"post_mailing_queue_ids":[],"_links":{"self":[{"href":"https:\/\/www.laguiadepamplona.com\/actualidad\/wp-json\/wp\/v2\/posts\/39383","targetHints":{"allow":["GET"]}}],"collection":[{"href":"https:\/\/www.laguiadepamplona.com\/actualidad\/wp-json\/wp\/v2\/posts"}],"about":[{"href":"https:\/\/www.laguiadepamplona.com\/actualidad\/wp-json\/wp\/v2\/types\/post"}],"author":[{"embeddable":true,"href":"https:\/\/www.laguiadepamplona.com\/actualidad\/wp-json\/wp\/v2\/users\/1"}],"replies":[{"embeddable":true,"href":"https:\/\/www.laguiadepamplona.com\/actualidad\/wp-json\/wp\/v2\/comments?post=39383"}],"version-history":[{"count":0,"href":"https:\/\/www.laguiadepamplona.com\/actualidad\/wp-json\/wp\/v2\/posts\/39383\/revisions"}],"wp:featuredmedia":[{"embeddable":true,"href":"https:\/\/www.laguiadepamplona.com\/actualidad\/wp-json\/wp\/v2\/media\/39384"}],"wp:attachment":[{"href":"https:\/\/www.laguiadepamplona.com\/actualidad\/wp-json\/wp\/v2\/media?parent=39383"}],"wp:term":[{"taxonomy":"category","embeddable":true,"href":"https:\/\/www.laguiadepamplona.com\/actualidad\/wp-json\/wp\/v2\/categories?post=39383"},{"taxonomy":"post_tag","embeddable":true,"href":"https:\/\/www.laguiadepamplona.com\/actualidad\/wp-json\/wp\/v2\/tags?post=39383"}],"curies":[{"name":"wp","href":"https:\/\/api.w.org\/{rel}","templated":true}]}}