{"id":39365,"date":"2022-03-14T13:28:38","date_gmt":"2022-03-14T11:28:38","guid":{"rendered":"https:\/\/www.laguiadepamplona.com\/actualidad\/?p=39365"},"modified":"2023-04-11T11:48:25","modified_gmt":"2023-04-11T09:48:25","slug":"un-truck-sanitario-en-la-plaza-del-castillo-17-aseos-conectados-a-la-red-y-20-aseos-quimicos-reforzaran-las-instalaciones-higienico-sanitarias-durante-los-sanfermines","status":"publish","type":"post","link":"https:\/\/www.laguiadepamplona.com\/actualidad\/un-truck-sanitario-en-la-plaza-del-castillo-17-aseos-conectados-a-la-red-y-20-aseos-quimicos-reforzaran-las-instalaciones-higienico-sanitarias-durante-los-sanfermines\/","title":{"rendered":"Un truck sanitario en la Plaza del Castillo, 17 aseos conectados a la red y 20 aseos qu\u00edmicos reforzar\u00e1n las instalaciones higi\u00e9nico-sanitarias durante los Sanfermines"},"content":{"rendered":"<h5>El Ayuntamiento de Pamplona aprueba la licitaci\u00f3n del contrato de instalaci\u00f3n, vigilancia y mantenimiento de los aseos para las pr\u00f3ximas fiestas<\/h5>\n<p><!--more--><\/p>\n<p>La Junta de Gobierno Local ha aprobado esta ma\u00f1ana la licitaci\u00f3n del contrato de colocaci\u00f3n, vigilancia, mantenimiento y retirada de diversas instalaciones de aseos para las pr\u00f3ximas fiestas de San Ferm\u00edn. Se prev\u00e9 la instalaci\u00f3n de un truck sanitario en la Plaza del Castillo y de 17 aseos conectado a la red y de 20 aseos qu\u00edmicos m\u00e1s repartidos todos ellos por diferentes puntos de la ciudad. El precio de licitaci\u00f3n del contrato es de 130.000 euros. La totalidad de los aseos deber\u00e1 estar instalada para el 4 de julio.<\/p>\n<p>El truck sanitario deber\u00e1 estar equipado con al menos 4 cabinas de aseos de se\u00f1oras, al menos 2 cabinas de caballeros, varios urinarios, cambiador de beb\u00e9s y cabina accesible para personas con discapacidad. Las 17 instalaciones ubicadas en diversos puntos de la ciudad constar\u00e1n de 2 m\u00f3dulos, uno para se\u00f1ores y uno para caballeros, salvo donde se se\u00f1ale espec\u00edficamente otra cosa. El truck sanitario y 15 de las instalaciones (excepto la de Trinitarios, destinada a los feriantes, y la del recinto de la feria de ganado, habilitada \u00fanicamente para el 7 de julio) dispondr\u00e1n de personal para vigilancia, limpieza, mantenimiento y provisi\u00f3n de los complementos indispensables para su uso (papel higi\u00e9nico, jab\u00f3n de manos), que deber\u00e1 haber permanentemente.<br \/>\n<script async src=\"\/\/pagead2.googlesyndication.com\/pagead\/js\/adsbygoogle.js\"><\/script><br \/>\n<!-- Noticias La Guia de Pamplona --><br \/>\n<ins class=\"adsbygoogle\"\nstyle=\"display:block\"\ndata-ad-client=\"ca-pub-6943679897239327\"\ndata-ad-slot=\"7048180777\"\ndata-ad-format=\"auto\"><\/ins><br \/>\n<script>\n(adsbygoogle = window.adsbygoogle || []).push({});\n<\/script><\/p>\n<p>Respecto al horario de vigilancia y atenci\u00f3n, el truck sanitario y 14 de los 15 aseos instalados funcionar\u00e1n de forma continua desde las 8 horas del d\u00eda 6 de julio hasta las 8 horas del 15 de julio. La instalaci\u00f3n de la Plaza de la Libertad tendr\u00e1 un horario diferente, pues estar\u00e1 abierta de 10 a 22 horas todos los d\u00edas de fiestas. Adem\u00e1s, la instalaci\u00f3n del recinto ferial, junto al puente de Curtidores, ampliar\u00e1 el horario, ya que estar\u00e1 abierta tambi\u00e9n el 5 de julio de 18 a 24 horas y el 15 de julio de 12 a 24 horas.<\/p>\n<p>Los 20 aseos qu\u00edmicos tendr\u00e1n una tipolog\u00eda que definir\u00e1n, de forma previa, el Ayuntamiento de Pamplona y la empresa adjudicataria. El mantenimiento t\u00e9cnico consistir\u00e1, al menos, en el cambio del dep\u00f3sito qu\u00edmico como m\u00ednimo una vez cada 24 horas y en la limpieza y provisi\u00f3n de los complementos indispensables para su uso. Algunas de estas cabinas se colocar\u00e1n en los escenarios de actuaciones para uso exclusivo de las compa\u00f1\u00edas art\u00edsticas.<\/p>\n<p>El plazo de presentaci\u00f3n de propuestas para este contrato comenzar\u00e1 una vez que el anuncio de licitaci\u00f3n se publique en el Portal de Contrataci\u00f3n de Navarra.<br \/>\n<script async src=\"\/\/pagead2.googlesyndication.com\/pagead\/js\/adsbygoogle.js\"><\/script><br \/>\n<!-- Noticias La Guia de Pamplona --><br \/>\n<ins class=\"adsbygoogle\"\nstyle=\"display:block\"\ndata-ad-client=\"ca-pub-6943679897239327\"\ndata-ad-slot=\"7048180777\"\ndata-ad-format=\"auto\"><\/ins><br \/>\n<script>\n(adsbygoogle = window.adsbygoogle || []).push({});\n<\/script><\/p>\n<p>&nbsp;<\/p>\n<h3>Ubicaci\u00f3n de las instalaciones de aseos conectadas a red. San Ferm\u00edn 2022<\/h3>\n<ul>\n<li>Recinto ferial (puente de Curtidores)<\/li>\n<li>Plaza de Toros (c\/ Amaya)<\/li>\n<li>Bajada de Labrit<\/li>\n<li>Plaza de San Francisco<\/li>\n<li>Antoniutti (Plaza de Juan XXIII)<\/li>\n<li>Rinc\u00f3n de la Pellejer\u00eda<\/li>\n<li>Calderer\u00eda<\/li>\n<li>Calle Ciudadela<\/li>\n<li>Cuesta del Museo<\/li>\n<li>Parque de la Taconera<\/li>\n<li>Plaza Virgen de la O<\/li>\n<li>Plaza de Santa Ana<\/li>\n<li>Paseo del Red\u00edn<\/li>\n<li>Vuelta del Castillo (Misericordia) Plaza de la Libertad<\/li>\n<li>Trinitarios<\/li>\n<li>Ferial de ganado (junto a centro comercial en pol\u00edgono Agustinos)<\/li>\n<li>Truck sanitario de la Plaza del Castillo.<\/li>\n<\/ul>\n","protected":false},"excerpt":{"rendered":"<p>El Ayuntamiento de Pamplona aprueba la licitaci\u00f3n del contrato de instalaci\u00f3n, vigilancia y mantenimiento de los aseos para las pr\u00f3ximas fiestas<\/p>\n","protected":false},"author":1,"featured_media":20291,"comment_status":"open","ping_status":"closed","sticky":false,"template":"","format":"standard","meta":{"footnotes":""},"categories":[2],"tags":[],"class_list":["post-39365","post","type-post","status-publish","format-standard","has-post-thumbnail","hentry","category-ayuntamiento-pamplona"],"yoast_head":"<!-- This site is optimized with the Yoast SEO plugin v27.5 - https:\/\/yoast.com\/product\/yoast-seo-wordpress\/ -->\n<title>Un truck sanitario en la Plaza del Castillo, 17 aseos conectados a la red y 20 aseos qu\u00edmicos reforzar\u00e1n las instalaciones higi\u00e9nico-sanitarias durante los Sanfermines<\/title>\n<meta name=\"description\" content=\"El Ayuntamiento de Pamplona aprueba la licitaci\u00f3n del contrato de instalaci\u00f3n, vigilancia y mantenimiento de los aseos para las pr\u00f3ximas fiestas\" \/>\n<meta name=\"robots\" content=\"index, follow, max-snippet:-1, max-image-preview:large, max-video-preview:-1\" \/>\n<link rel=\"canonical\" href=\"https:\/\/www.laguiadepamplona.com\/actualidad\/un-truck-sanitario-en-la-plaza-del-castillo-17-aseos-conectados-a-la-red-y-20-aseos-quimicos-reforzaran-las-instalaciones-higienico-sanitarias-durante-los-sanfermines\/\" \/>\n<meta property=\"og:locale\" content=\"es_ES\" \/>\n<meta property=\"og:type\" content=\"article\" \/>\n<meta property=\"og:title\" content=\"Un truck sanitario en la Plaza del Castillo, 17 aseos conectados a la red y 20 aseos qu\u00edmicos reforzar\u00e1n las instalaciones higi\u00e9nico-sanitarias durante los Sanfermines\" \/>\n<meta property=\"og:description\" content=\"El Ayuntamiento de Pamplona aprueba la licitaci\u00f3n del contrato de instalaci\u00f3n, vigilancia y mantenimiento de los aseos para las pr\u00f3ximas fiestas\" \/>\n<meta property=\"og:url\" content=\"https:\/\/www.laguiadepamplona.com\/actualidad\/un-truck-sanitario-en-la-plaza-del-castillo-17-aseos-conectados-a-la-red-y-20-aseos-quimicos-reforzaran-las-instalaciones-higienico-sanitarias-durante-los-sanfermines\/\" \/>\n<meta property=\"og:site_name\" content=\"La Gu\u00eda de Pamplona\" \/>\n<meta property=\"article:publisher\" content=\"https:\/\/www.facebook.com\/laguiadepamplonacom-133175176762273\/?ref=hl\" \/>\n<meta property=\"article:published_time\" content=\"2022-03-14T11:28:38+00:00\" \/>\n<meta property=\"article:modified_time\" content=\"2023-04-11T09:48:25+00:00\" \/>\n<meta property=\"og:image\" content=\"https:\/\/www.laguiadepamplona.com\/actualidad\/wp-content\/uploads\/2019\/02\/aseos-san-fermin.jpg\" \/>\n\t<meta property=\"og:image:width\" content=\"1920\" \/>\n\t<meta property=\"og:image:height\" content=\"1080\" \/>\n\t<meta property=\"og:image:type\" content=\"image\/jpeg\" \/>\n<meta name=\"author\" content=\"La Gu\u00eda de Pamplona\" \/>\n<meta name=\"twitter:card\" content=\"summary_large_image\" \/>\n<meta name=\"twitter:creator\" content=\"@LaGuiadPamplona\" \/>\n<meta name=\"twitter:site\" content=\"@LaGuiadPamplona\" \/>\n<meta name=\"twitter:label1\" content=\"Escrito por\" \/>\n\t<meta name=\"twitter:data1\" content=\"La Gu\u00eda de Pamplona\" \/>\n\t<meta name=\"twitter:label2\" content=\"Tiempo de lectura\" \/>\n\t<meta name=\"twitter:data2\" content=\"3 minutos\" \/>\n<script type=\"application\/ld+json\" class=\"yoast-schema-graph\">{\"@context\":\"https:\\\/\\\/schema.org\",\"@graph\":[{\"@type\":\"Article\",\"@id\":\"https:\\\/\\\/www.laguiadepamplona.com\\\/actualidad\\\/un-truck-sanitario-en-la-plaza-del-castillo-17-aseos-conectados-a-la-red-y-20-aseos-quimicos-reforzaran-las-instalaciones-higienico-sanitarias-durante-los-sanfermines\\\/#article\",\"isPartOf\":{\"@id\":\"https:\\\/\\\/www.laguiadepamplona.com\\\/actualidad\\\/un-truck-sanitario-en-la-plaza-del-castillo-17-aseos-conectados-a-la-red-y-20-aseos-quimicos-reforzaran-las-instalaciones-higienico-sanitarias-durante-los-sanfermines\\\/\"},\"author\":{\"name\":\"La Gu\u00eda de Pamplona\",\"@id\":\"https:\\\/\\\/www.laguiadepamplona.com\\\/actualidad\\\/#\\\/schema\\\/person\\\/efe887376f0213d4657c93adc50b1fdb\"},\"headline\":\"Un truck sanitario en la Plaza del Castillo, 17 aseos conectados a la red y 20 aseos qu\u00edmicos reforzar\u00e1n las instalaciones higi\u00e9nico-sanitarias durante los Sanfermines\",\"datePublished\":\"2022-03-14T11:28:38+00:00\",\"dateModified\":\"2023-04-11T09:48:25+00:00\",\"mainEntityOfPage\":{\"@id\":\"https:\\\/\\\/www.laguiadepamplona.com\\\/actualidad\\\/un-truck-sanitario-en-la-plaza-del-castillo-17-aseos-conectados-a-la-red-y-20-aseos-quimicos-reforzaran-las-instalaciones-higienico-sanitarias-durante-los-sanfermines\\\/\"},\"wordCount\":565,\"commentCount\":0,\"publisher\":{\"@id\":\"https:\\\/\\\/www.laguiadepamplona.com\\\/actualidad\\\/#organization\"},\"image\":{\"@id\":\"https:\\\/\\\/www.laguiadepamplona.com\\\/actualidad\\\/un-truck-sanitario-en-la-plaza-del-castillo-17-aseos-conectados-a-la-red-y-20-aseos-quimicos-reforzaran-las-instalaciones-higienico-sanitarias-durante-los-sanfermines\\\/#primaryimage\"},\"thumbnailUrl\":\"https:\\\/\\\/www.laguiadepamplona.com\\\/actualidad\\\/wp-content\\\/uploads\\\/2019\\\/02\\\/aseos-san-fermin.jpg\",\"articleSection\":[\"Ayto Pamplona\"],\"inLanguage\":\"es\",\"potentialAction\":[{\"@type\":\"CommentAction\",\"name\":\"Comment\",\"target\":[\"https:\\\/\\\/www.laguiadepamplona.com\\\/actualidad\\\/un-truck-sanitario-en-la-plaza-del-castillo-17-aseos-conectados-a-la-red-y-20-aseos-quimicos-reforzaran-las-instalaciones-higienico-sanitarias-durante-los-sanfermines\\\/#respond\"]}]},{\"@type\":\"WebPage\",\"@id\":\"https:\\\/\\\/www.laguiadepamplona.com\\\/actualidad\\\/un-truck-sanitario-en-la-plaza-del-castillo-17-aseos-conectados-a-la-red-y-20-aseos-quimicos-reforzaran-las-instalaciones-higienico-sanitarias-durante-los-sanfermines\\\/\",\"url\":\"https:\\\/\\\/www.laguiadepamplona.com\\\/actualidad\\\/un-truck-sanitario-en-la-plaza-del-castillo-17-aseos-conectados-a-la-red-y-20-aseos-quimicos-reforzaran-las-instalaciones-higienico-sanitarias-durante-los-sanfermines\\\/\",\"name\":\"Un truck sanitario en la Plaza del Castillo, 17 aseos conectados a la red y 20 aseos qu\u00edmicos reforzar\u00e1n las instalaciones higi\u00e9nico-sanitarias durante los Sanfermines\",\"isPartOf\":{\"@id\":\"https:\\\/\\\/www.laguiadepamplona.com\\\/actualidad\\\/#website\"},\"primaryImageOfPage\":{\"@id\":\"https:\\\/\\\/www.laguiadepamplona.com\\\/actualidad\\\/un-truck-sanitario-en-la-plaza-del-castillo-17-aseos-conectados-a-la-red-y-20-aseos-quimicos-reforzaran-las-instalaciones-higienico-sanitarias-durante-los-sanfermines\\\/#primaryimage\"},\"image\":{\"@id\":\"https:\\\/\\\/www.laguiadepamplona.com\\\/actualidad\\\/un-truck-sanitario-en-la-plaza-del-castillo-17-aseos-conectados-a-la-red-y-20-aseos-quimicos-reforzaran-las-instalaciones-higienico-sanitarias-durante-los-sanfermines\\\/#primaryimage\"},\"thumbnailUrl\":\"https:\\\/\\\/www.laguiadepamplona.com\\\/actualidad\\\/wp-content\\\/uploads\\\/2019\\\/02\\\/aseos-san-fermin.jpg\",\"datePublished\":\"2022-03-14T11:28:38+00:00\",\"dateModified\":\"2023-04-11T09:48:25+00:00\",\"description\":\"El Ayuntamiento de Pamplona aprueba la licitaci\u00f3n del contrato de instalaci\u00f3n, vigilancia y mantenimiento de los aseos para las pr\u00f3ximas fiestas\",\"breadcrumb\":{\"@id\":\"https:\\\/\\\/www.laguiadepamplona.com\\\/actualidad\\\/un-truck-sanitario-en-la-plaza-del-castillo-17-aseos-conectados-a-la-red-y-20-aseos-quimicos-reforzaran-las-instalaciones-higienico-sanitarias-durante-los-sanfermines\\\/#breadcrumb\"},\"inLanguage\":\"es\",\"potentialAction\":[{\"@type\":\"ReadAction\",\"target\":[\"https:\\\/\\\/www.laguiadepamplona.com\\\/actualidad\\\/un-truck-sanitario-en-la-plaza-del-castillo-17-aseos-conectados-a-la-red-y-20-aseos-quimicos-reforzaran-las-instalaciones-higienico-sanitarias-durante-los-sanfermines\\\/\"]}]},{\"@type\":\"ImageObject\",\"inLanguage\":\"es\",\"@id\":\"https:\\\/\\\/www.laguiadepamplona.com\\\/actualidad\\\/un-truck-sanitario-en-la-plaza-del-castillo-17-aseos-conectados-a-la-red-y-20-aseos-quimicos-reforzaran-las-instalaciones-higienico-sanitarias-durante-los-sanfermines\\\/#primaryimage\",\"url\":\"https:\\\/\\\/www.laguiadepamplona.com\\\/actualidad\\\/wp-content\\\/uploads\\\/2019\\\/02\\\/aseos-san-fermin.jpg\",\"contentUrl\":\"https:\\\/\\\/www.laguiadepamplona.com\\\/actualidad\\\/wp-content\\\/uploads\\\/2019\\\/02\\\/aseos-san-fermin.jpg\",\"width\":1920,\"height\":1080,\"caption\":\"aseos San Ferm\u00edn\"},{\"@type\":\"BreadcrumbList\",\"@id\":\"https:\\\/\\\/www.laguiadepamplona.com\\\/actualidad\\\/un-truck-sanitario-en-la-plaza-del-castillo-17-aseos-conectados-a-la-red-y-20-aseos-quimicos-reforzaran-las-instalaciones-higienico-sanitarias-durante-los-sanfermines\\\/#breadcrumb\",\"itemListElement\":[{\"@type\":\"ListItem\",\"position\":1,\"name\":\"Portada\",\"item\":\"https:\\\/\\\/www.laguiadepamplona.com\\\/actualidad\\\/\"},{\"@type\":\"ListItem\",\"position\":2,\"name\":\"Un truck sanitario en la Plaza del Castillo, 17 aseos conectados a la red y 20 aseos qu\u00edmicos reforzar\u00e1n las instalaciones higi\u00e9nico-sanitarias durante los Sanfermines\"}]},{\"@type\":\"WebSite\",\"@id\":\"https:\\\/\\\/www.laguiadepamplona.com\\\/actualidad\\\/#website\",\"url\":\"https:\\\/\\\/www.laguiadepamplona.com\\\/actualidad\\\/\",\"name\":\"La gu\u00eda de Pamplona\",\"description\":\"Noticias de Pamplona\",\"publisher\":{\"@id\":\"https:\\\/\\\/www.laguiadepamplona.com\\\/actualidad\\\/#organization\"},\"potentialAction\":[{\"@type\":\"SearchAction\",\"target\":{\"@type\":\"EntryPoint\",\"urlTemplate\":\"https:\\\/\\\/www.laguiadepamplona.com\\\/actualidad\\\/?s={search_term_string}\"},\"query-input\":{\"@type\":\"PropertyValueSpecification\",\"valueRequired\":true,\"valueName\":\"search_term_string\"}}],\"inLanguage\":\"es\"},{\"@type\":\"Organization\",\"@id\":\"https:\\\/\\\/www.laguiadepamplona.com\\\/actualidad\\\/#organization\",\"name\":\"La Gu\u00eda de Pamplona \\\/ Noticias\",\"url\":\"https:\\\/\\\/www.laguiadepamplona.com\\\/actualidad\\\/\",\"logo\":{\"@type\":\"ImageObject\",\"inLanguage\":\"es\",\"@id\":\"https:\\\/\\\/www.laguiadepamplona.com\\\/actualidad\\\/#\\\/schema\\\/logo\\\/image\\\/\",\"url\":\"https:\\\/\\\/www.laguiadepamplona.com\\\/actualidad\\\/wp-content\\\/uploads\\\/2018\\\/11\\\/logo-laguiadepamplona18-web1.png\",\"contentUrl\":\"https:\\\/\\\/www.laguiadepamplona.com\\\/actualidad\\\/wp-content\\\/uploads\\\/2018\\\/11\\\/logo-laguiadepamplona18-web1.png\",\"width\":600,\"height\":196,\"caption\":\"La Gu\u00eda de Pamplona \\\/ Noticias\"},\"image\":{\"@id\":\"https:\\\/\\\/www.laguiadepamplona.com\\\/actualidad\\\/#\\\/schema\\\/logo\\\/image\\\/\"},\"sameAs\":[\"https:\\\/\\\/www.facebook.com\\\/laguiadepamplonacom-133175176762273\\\/?ref=hl\",\"https:\\\/\\\/x.com\\\/LaGuiadPamplona\",\"https:\\\/\\\/www.instagram.com\\\/la_guia_de_pamplona\\\/\",\"https:\\\/\\\/www.youtube.com\\\/user\\\/laguiadepamplona\"]},{\"@type\":\"Person\",\"@id\":\"https:\\\/\\\/www.laguiadepamplona.com\\\/actualidad\\\/#\\\/schema\\\/person\\\/efe887376f0213d4657c93adc50b1fdb\",\"name\":\"La Gu\u00eda de Pamplona\",\"image\":{\"@type\":\"ImageObject\",\"inLanguage\":\"es\",\"@id\":\"https:\\\/\\\/secure.gravatar.com\\\/avatar\\\/b6992f131dc8d30ab0dff15446e9d346d9dbd95992de0fef795073f5ea83a81c?s=96&d=mm&r=g\",\"url\":\"https:\\\/\\\/secure.gravatar.com\\\/avatar\\\/b6992f131dc8d30ab0dff15446e9d346d9dbd95992de0fef795073f5ea83a81c?s=96&d=mm&r=g\",\"contentUrl\":\"https:\\\/\\\/secure.gravatar.com\\\/avatar\\\/b6992f131dc8d30ab0dff15446e9d346d9dbd95992de0fef795073f5ea83a81c?s=96&d=mm&r=g\",\"caption\":\"La Gu\u00eda de Pamplona\"}}]}<\/script>\n<!-- \/ Yoast SEO plugin. -->","yoast_head_json":{"title":"Un truck sanitario en la Plaza del Castillo, 17 aseos conectados a la red y 20 aseos qu\u00edmicos reforzar\u00e1n las instalaciones higi\u00e9nico-sanitarias durante los Sanfermines","description":"El Ayuntamiento de Pamplona aprueba la licitaci\u00f3n del contrato de instalaci\u00f3n, vigilancia y mantenimiento de los aseos para las pr\u00f3ximas fiestas","robots":{"index":"index","follow":"follow","max-snippet":"max-snippet:-1","max-image-preview":"max-image-preview:large","max-video-preview":"max-video-preview:-1"},"canonical":"https:\/\/www.laguiadepamplona.com\/actualidad\/un-truck-sanitario-en-la-plaza-del-castillo-17-aseos-conectados-a-la-red-y-20-aseos-quimicos-reforzaran-las-instalaciones-higienico-sanitarias-durante-los-sanfermines\/","og_locale":"es_ES","og_type":"article","og_title":"Un truck sanitario en la Plaza del Castillo, 17 aseos conectados a la red y 20 aseos qu\u00edmicos reforzar\u00e1n las instalaciones higi\u00e9nico-sanitarias durante los Sanfermines","og_description":"El Ayuntamiento de Pamplona aprueba la licitaci\u00f3n del contrato de instalaci\u00f3n, vigilancia y mantenimiento de los aseos para las pr\u00f3ximas fiestas","og_url":"https:\/\/www.laguiadepamplona.com\/actualidad\/un-truck-sanitario-en-la-plaza-del-castillo-17-aseos-conectados-a-la-red-y-20-aseos-quimicos-reforzaran-las-instalaciones-higienico-sanitarias-durante-los-sanfermines\/","og_site_name":"La Gu\u00eda de Pamplona","article_publisher":"https:\/\/www.facebook.com\/laguiadepamplonacom-133175176762273\/?ref=hl","article_published_time":"2022-03-14T11:28:38+00:00","article_modified_time":"2023-04-11T09:48:25+00:00","og_image":[{"width":1920,"height":1080,"url":"https:\/\/www.laguiadepamplona.com\/actualidad\/wp-content\/uploads\/2019\/02\/aseos-san-fermin.jpg","type":"image\/jpeg"}],"author":"La Gu\u00eda de Pamplona","twitter_card":"summary_large_image","twitter_creator":"@LaGuiadPamplona","twitter_site":"@LaGuiadPamplona","twitter_misc":{"Escrito por":"La Gu\u00eda de Pamplona","Tiempo de lectura":"3 minutos"},"schema":{"@context":"https:\/\/schema.org","@graph":[{"@type":"Article","@id":"https:\/\/www.laguiadepamplona.com\/actualidad\/un-truck-sanitario-en-la-plaza-del-castillo-17-aseos-conectados-a-la-red-y-20-aseos-quimicos-reforzaran-las-instalaciones-higienico-sanitarias-durante-los-sanfermines\/#article","isPartOf":{"@id":"https:\/\/www.laguiadepamplona.com\/actualidad\/un-truck-sanitario-en-la-plaza-del-castillo-17-aseos-conectados-a-la-red-y-20-aseos-quimicos-reforzaran-las-instalaciones-higienico-sanitarias-durante-los-sanfermines\/"},"author":{"name":"La Gu\u00eda de Pamplona","@id":"https:\/\/www.laguiadepamplona.com\/actualidad\/#\/schema\/person\/efe887376f0213d4657c93adc50b1fdb"},"headline":"Un truck sanitario en la Plaza del Castillo, 17 aseos conectados a la red y 20 aseos qu\u00edmicos reforzar\u00e1n las instalaciones higi\u00e9nico-sanitarias durante los Sanfermines","datePublished":"2022-03-14T11:28:38+00:00","dateModified":"2023-04-11T09:48:25+00:00","mainEntityOfPage":{"@id":"https:\/\/www.laguiadepamplona.com\/actualidad\/un-truck-sanitario-en-la-plaza-del-castillo-17-aseos-conectados-a-la-red-y-20-aseos-quimicos-reforzaran-las-instalaciones-higienico-sanitarias-durante-los-sanfermines\/"},"wordCount":565,"commentCount":0,"publisher":{"@id":"https:\/\/www.laguiadepamplona.com\/actualidad\/#organization"},"image":{"@id":"https:\/\/www.laguiadepamplona.com\/actualidad\/un-truck-sanitario-en-la-plaza-del-castillo-17-aseos-conectados-a-la-red-y-20-aseos-quimicos-reforzaran-las-instalaciones-higienico-sanitarias-durante-los-sanfermines\/#primaryimage"},"thumbnailUrl":"https:\/\/www.laguiadepamplona.com\/actualidad\/wp-content\/uploads\/2019\/02\/aseos-san-fermin.jpg","articleSection":["Ayto Pamplona"],"inLanguage":"es","potentialAction":[{"@type":"CommentAction","name":"Comment","target":["https:\/\/www.laguiadepamplona.com\/actualidad\/un-truck-sanitario-en-la-plaza-del-castillo-17-aseos-conectados-a-la-red-y-20-aseos-quimicos-reforzaran-las-instalaciones-higienico-sanitarias-durante-los-sanfermines\/#respond"]}]},{"@type":"WebPage","@id":"https:\/\/www.laguiadepamplona.com\/actualidad\/un-truck-sanitario-en-la-plaza-del-castillo-17-aseos-conectados-a-la-red-y-20-aseos-quimicos-reforzaran-las-instalaciones-higienico-sanitarias-durante-los-sanfermines\/","url":"https:\/\/www.laguiadepamplona.com\/actualidad\/un-truck-sanitario-en-la-plaza-del-castillo-17-aseos-conectados-a-la-red-y-20-aseos-quimicos-reforzaran-las-instalaciones-higienico-sanitarias-durante-los-sanfermines\/","name":"Un truck sanitario en la Plaza del Castillo, 17 aseos conectados a la red y 20 aseos qu\u00edmicos reforzar\u00e1n las instalaciones higi\u00e9nico-sanitarias durante los Sanfermines","isPartOf":{"@id":"https:\/\/www.laguiadepamplona.com\/actualidad\/#website"},"primaryImageOfPage":{"@id":"https:\/\/www.laguiadepamplona.com\/actualidad\/un-truck-sanitario-en-la-plaza-del-castillo-17-aseos-conectados-a-la-red-y-20-aseos-quimicos-reforzaran-las-instalaciones-higienico-sanitarias-durante-los-sanfermines\/#primaryimage"},"image":{"@id":"https:\/\/www.laguiadepamplona.com\/actualidad\/un-truck-sanitario-en-la-plaza-del-castillo-17-aseos-conectados-a-la-red-y-20-aseos-quimicos-reforzaran-las-instalaciones-higienico-sanitarias-durante-los-sanfermines\/#primaryimage"},"thumbnailUrl":"https:\/\/www.laguiadepamplona.com\/actualidad\/wp-content\/uploads\/2019\/02\/aseos-san-fermin.jpg","datePublished":"2022-03-14T11:28:38+00:00","dateModified":"2023-04-11T09:48:25+00:00","description":"El Ayuntamiento de Pamplona aprueba la licitaci\u00f3n del contrato de instalaci\u00f3n, vigilancia y mantenimiento de los aseos para las pr\u00f3ximas fiestas","breadcrumb":{"@id":"https:\/\/www.laguiadepamplona.com\/actualidad\/un-truck-sanitario-en-la-plaza-del-castillo-17-aseos-conectados-a-la-red-y-20-aseos-quimicos-reforzaran-las-instalaciones-higienico-sanitarias-durante-los-sanfermines\/#breadcrumb"},"inLanguage":"es","potentialAction":[{"@type":"ReadAction","target":["https:\/\/www.laguiadepamplona.com\/actualidad\/un-truck-sanitario-en-la-plaza-del-castillo-17-aseos-conectados-a-la-red-y-20-aseos-quimicos-reforzaran-las-instalaciones-higienico-sanitarias-durante-los-sanfermines\/"]}]},{"@type":"ImageObject","inLanguage":"es","@id":"https:\/\/www.laguiadepamplona.com\/actualidad\/un-truck-sanitario-en-la-plaza-del-castillo-17-aseos-conectados-a-la-red-y-20-aseos-quimicos-reforzaran-las-instalaciones-higienico-sanitarias-durante-los-sanfermines\/#primaryimage","url":"https:\/\/www.laguiadepamplona.com\/actualidad\/wp-content\/uploads\/2019\/02\/aseos-san-fermin.jpg","contentUrl":"https:\/\/www.laguiadepamplona.com\/actualidad\/wp-content\/uploads\/2019\/02\/aseos-san-fermin.jpg","width":1920,"height":1080,"caption":"aseos San Ferm\u00edn"},{"@type":"BreadcrumbList","@id":"https:\/\/www.laguiadepamplona.com\/actualidad\/un-truck-sanitario-en-la-plaza-del-castillo-17-aseos-conectados-a-la-red-y-20-aseos-quimicos-reforzaran-las-instalaciones-higienico-sanitarias-durante-los-sanfermines\/#breadcrumb","itemListElement":[{"@type":"ListItem","position":1,"name":"Portada","item":"https:\/\/www.laguiadepamplona.com\/actualidad\/"},{"@type":"ListItem","position":2,"name":"Un truck sanitario en la Plaza del Castillo, 17 aseos conectados a la red y 20 aseos qu\u00edmicos reforzar\u00e1n las instalaciones higi\u00e9nico-sanitarias durante los Sanfermines"}]},{"@type":"WebSite","@id":"https:\/\/www.laguiadepamplona.com\/actualidad\/#website","url":"https:\/\/www.laguiadepamplona.com\/actualidad\/","name":"La gu\u00eda de Pamplona","description":"Noticias de Pamplona","publisher":{"@id":"https:\/\/www.laguiadepamplona.com\/actualidad\/#organization"},"potentialAction":[{"@type":"SearchAction","target":{"@type":"EntryPoint","urlTemplate":"https:\/\/www.laguiadepamplona.com\/actualidad\/?s={search_term_string}"},"query-input":{"@type":"PropertyValueSpecification","valueRequired":true,"valueName":"search_term_string"}}],"inLanguage":"es"},{"@type":"Organization","@id":"https:\/\/www.laguiadepamplona.com\/actualidad\/#organization","name":"La Gu\u00eda de Pamplona \/ Noticias","url":"https:\/\/www.laguiadepamplona.com\/actualidad\/","logo":{"@type":"ImageObject","inLanguage":"es","@id":"https:\/\/www.laguiadepamplona.com\/actualidad\/#\/schema\/logo\/image\/","url":"https:\/\/www.laguiadepamplona.com\/actualidad\/wp-content\/uploads\/2018\/11\/logo-laguiadepamplona18-web1.png","contentUrl":"https:\/\/www.laguiadepamplona.com\/actualidad\/wp-content\/uploads\/2018\/11\/logo-laguiadepamplona18-web1.png","width":600,"height":196,"caption":"La Gu\u00eda de Pamplona \/ Noticias"},"image":{"@id":"https:\/\/www.laguiadepamplona.com\/actualidad\/#\/schema\/logo\/image\/"},"sameAs":["https:\/\/www.facebook.com\/laguiadepamplonacom-133175176762273\/?ref=hl","https:\/\/x.com\/LaGuiadPamplona","https:\/\/www.instagram.com\/la_guia_de_pamplona\/","https:\/\/www.youtube.com\/user\/laguiadepamplona"]},{"@type":"Person","@id":"https:\/\/www.laguiadepamplona.com\/actualidad\/#\/schema\/person\/efe887376f0213d4657c93adc50b1fdb","name":"La Gu\u00eda de Pamplona","image":{"@type":"ImageObject","inLanguage":"es","@id":"https:\/\/secure.gravatar.com\/avatar\/b6992f131dc8d30ab0dff15446e9d346d9dbd95992de0fef795073f5ea83a81c?s=96&d=mm&r=g","url":"https:\/\/secure.gravatar.com\/avatar\/b6992f131dc8d30ab0dff15446e9d346d9dbd95992de0fef795073f5ea83a81c?s=96&d=mm&r=g","contentUrl":"https:\/\/secure.gravatar.com\/avatar\/b6992f131dc8d30ab0dff15446e9d346d9dbd95992de0fef795073f5ea83a81c?s=96&d=mm&r=g","caption":"La Gu\u00eda de Pamplona"}}]}},"post_mailing_queue_ids":[],"_links":{"self":[{"href":"https:\/\/www.laguiadepamplona.com\/actualidad\/wp-json\/wp\/v2\/posts\/39365","targetHints":{"allow":["GET"]}}],"collection":[{"href":"https:\/\/www.laguiadepamplona.com\/actualidad\/wp-json\/wp\/v2\/posts"}],"about":[{"href":"https:\/\/www.laguiadepamplona.com\/actualidad\/wp-json\/wp\/v2\/types\/post"}],"author":[{"embeddable":true,"href":"https:\/\/www.laguiadepamplona.com\/actualidad\/wp-json\/wp\/v2\/users\/1"}],"replies":[{"embeddable":true,"href":"https:\/\/www.laguiadepamplona.com\/actualidad\/wp-json\/wp\/v2\/comments?post=39365"}],"version-history":[{"count":0,"href":"https:\/\/www.laguiadepamplona.com\/actualidad\/wp-json\/wp\/v2\/posts\/39365\/revisions"}],"wp:featuredmedia":[{"embeddable":true,"href":"https:\/\/www.laguiadepamplona.com\/actualidad\/wp-json\/wp\/v2\/media\/20291"}],"wp:attachment":[{"href":"https:\/\/www.laguiadepamplona.com\/actualidad\/wp-json\/wp\/v2\/media?parent=39365"}],"wp:term":[{"taxonomy":"category","embeddable":true,"href":"https:\/\/www.laguiadepamplona.com\/actualidad\/wp-json\/wp\/v2\/categories?post=39365"},{"taxonomy":"post_tag","embeddable":true,"href":"https:\/\/www.laguiadepamplona.com\/actualidad\/wp-json\/wp\/v2\/tags?post=39365"}],"curies":[{"name":"wp","href":"https:\/\/api.w.org\/{rel}","templated":true}]}}