{"id":39358,"date":"2022-03-11T18:04:13","date_gmt":"2022-03-11T16:04:13","guid":{"rendered":"https:\/\/www.laguiadepamplona.com\/actualidad\/?p=39358"},"modified":"2023-04-11T11:48:25","modified_gmt":"2023-04-11T09:48:25","slug":"el-ayuntamiento-ha-flexibilizado-e-incrementando-sus-recursos-sociales-para-personas-sin-hogar-durante-la-pandemia-en-linea-con-las-administraciones-del-mundo-desarrollado","status":"publish","type":"post","link":"https:\/\/www.laguiadepamplona.com\/actualidad\/el-ayuntamiento-ha-flexibilizado-e-incrementando-sus-recursos-sociales-para-personas-sin-hogar-durante-la-pandemia-en-linea-con-las-administraciones-del-mundo-desarrollado\/","title":{"rendered":"El Ayuntamiento ha flexibilizado e incrementando sus recursos sociales para personas sin hogar durante la pandemia, en l\u00ednea con las administraciones del mundo desarrollado"},"content":{"rendered":"<h5>El Centro de Personas Sin Hogar de Trinitarios y el Albergue de Jes\u00fas y Mar\u00eda presentaron 3 casos positivos en COVID en 15 meses<\/h5>\n<p><!--more--><\/p>\n<p>La pandemia y el confinamiento ha sido un momento muy dif\u00edcil para las personas sin hogar. La sociedad les pidi\u00f3 algo que no pod\u00edan hacer: quedarse en casa. Adem\u00e1s, todo requer\u00eda dispositivos y competencias digitales de las que raramente dispon\u00edan. As\u00ed, la necesidad de vivienda y de minimizar la brecha digital de las personas sin hogar son dos de los aprendizajes que las administraciones de todo el mundo desarrollado han sacado en claro de esta crisis. Y lo entendieron desde un primer momento por lo que las entidades p\u00fablicas se movieron en ese sentido de forma creativa y flexible, descubriendo nuevas posibles pr\u00e1cticas para minimizar esas carencias.<\/p>\n<p>El Ayuntamiento de Pamplona trabaj\u00f3 con esa idea desde el primer momento distinguiendo dos tipos de medidas vinculadas a los distintos momentos de la emergencia. Durante el primer estado de alarma\/confinamiento, primero ampli\u00f3 los recursos e inmoviliz\u00f3 en ellos a las personas que los estaban usando. En el segundo estado de alarma, de nuevo ampli\u00f3 las prestaciones, aunque en este caso se permitieron entradas y salidas de personas. As\u00ed, entre el Centro de Atenci\u00f3n a Personas sin Hogar de Trinitarios y el Albergue de peregrinos de Jes\u00fas y Mar\u00eda, redefinido temporalmente como recurso de alta exclusi\u00f3n, se pudo atender a 168 y 1.164 personas respectivamente.<br \/>\n<script async src=\"\/\/pagead2.googlesyndication.com\/pagead\/js\/adsbygoogle.js\"><\/script><br \/>\n<!-- Noticias La Guia de Pamplona --><br \/>\n<ins class=\"adsbygoogle\"\nstyle=\"display:block\"\ndata-ad-client=\"ca-pub-6943679897239327\"\ndata-ad-slot=\"7048180777\"\ndata-ad-format=\"auto\"><\/ins><br \/>\n<script>\n(adsbygoogle = window.adsbygoogle || []).push({});\n<\/script><\/p>\n<p>Son algunos de los datos que se recogen en el \u00faltimo bolet\u00edn \u2018Bajo un cielo abierto\u2019 que es un observatorio del sinhogarismo en Pamplona que concluye que, lo que naci\u00f3 como medidas excepcionales y, por lo tanto, con caducidad temporal, podr\u00eda haber abierto un camino de soluciones que explorar de forma estable.<\/p>\n<p>Los especialistas avisan de que las cifras internacionales, nacionales y locales son claras: lejos de progresar en la erradicaci\u00f3n de este fen\u00f3meno, desde 2016 aumentan las personas sin hogar, tanto en las calles, como en los centros, igualando los peores momentos de la crisis de 2008. En Pamplona entre 2016 y 2019, las cifras de personas sin hogar se han incrementado en un 46%. Y la tendencia general no parece que vaya a remitir a corto plazo. El observatorio europeo identifica las causas globales: falta de acceso o p\u00e9rdida de vivienda, desempleo \u2013con especial incidencia del juvenil-, recortes en ayudas sociales y obst\u00e1culos para acceder a los servicios sociales p\u00fablicos.<br \/>\n<script async src=\"\/\/pagead2.googlesyndication.com\/pagead\/js\/adsbygoogle.js\"><\/script><br \/>\n<!-- Noticias La Guia de Pamplona --><br \/>\n<ins class=\"adsbygoogle\"\nstyle=\"display:block\"\ndata-ad-client=\"ca-pub-6943679897239327\"\ndata-ad-slot=\"7048180777\"\ndata-ad-format=\"auto\"><\/ins><br \/>\n<script>\n(adsbygoogle = window.adsbygoogle || []).push({});\n<\/script><\/p>\n<p><strong>Cuando llega una pandemia<\/strong><\/p>\n<p>En la COVID 19 las personas sin hogar han sumado, adem\u00e1s, factores de riesgo extra, ya que es un grupo de personas que a priori tiene m\u00e1s posibilidades de contagiarse y presentar una evoluci\u00f3n de la enfermedad agravada respecto al resto de la poblaci\u00f3n, en gran medida por un estado de salud previo, m\u00e1s deteriorado. Estas personas suelen presentar dificultades para acceder a la atenci\u00f3n m\u00e9dica, centros de salud y hospitales, por lo que se han enfrentado a la pandemia en una situaci\u00f3n de vulnerabilidad y desigualdad m\u00e1s acusada que en circunstancias normales. De hecho, la derivaci\u00f3n de personas con s\u00edntomas compatibles con coronavirus fue, estad\u00edsticamente, mucho mayor que otros grupos de poblaci\u00f3n, especialmente entre usuarios del albergue de Jesus y Mar\u00eda.<\/p>\n<p>El Consistorio, adem\u00e1s de reordenar espacios y circulaciones, ampliar camas en Trinitarios y generar 40 plazas para alta exclusi\u00f3n en el Albergue de Jes\u00fas y Mar\u00eda, ampli\u00f3 recursos a trav\u00e9s de pensiones y hoteles. Desde el punto de vista sanitario el Ayuntamiento de Pamplona desarroll\u00f3 un protocolo espec\u00edfico de ayuda a la detecci\u00f3n, derivaci\u00f3n y coordinaci\u00f3n con otros recursos de la red de salud, as\u00ed como para la realizaci\u00f3n de pruebas y rastreo de casos.<\/p>\n<p>Los centros pasaron, como el resto de la sociedad, por un momento inicial en el que no se dispon\u00edan de pruebas de detecci\u00f3n; luego, siguiendo la t\u00f3nica general, se coordin\u00f3 con el departamento de salud para el cribado, seguimiento de positivos, aislamiento de casos, rastreo de contactos y control general, hasta llegar a la posibilidad de hacer las pruebas individuales en los propios recursos asistenciales. La realizaci\u00f3n de pruebas era voluntaria, pero las personas usuarias, mayoritariamente, se las hicieron.<br \/>\n<script async src=\"\/\/pagead2.googlesyndication.com\/pagead\/js\/adsbygoogle.js\"><\/script><br \/>\n<!-- Noticias La Guia de Pamplona --><br \/>\n<ins class=\"adsbygoogle\"\nstyle=\"display:block\"\ndata-ad-client=\"ca-pub-6943679897239327\"\ndata-ad-slot=\"7048180777\"\ndata-ad-format=\"auto\"><\/ins><br \/>\n<script>\n(adsbygoogle = window.adsbygoogle || []).push({});\n<\/script><\/p>\n<p><strong>Tres positivos en 15 meses<\/strong><\/p>\n<p>Entre marzo de 2020 y mayo de 2021 Trinitarios registro tres positivos (dos de ellos asintom\u00e1ticos y uno con s\u00edntomas leves). Jes\u00fas y Mar\u00eda, ninguno. Las personas con positivos COVID realizaron aislamiento en habitaciones individuales en espacios habilitados por Gobierno de Navarra (hoteles o residencias); tambi\u00e9n se han utilizado alojamiento de apoyo para el aislamiento de contactos estrechos. En estos meses en los centros se ha realizado trabajo educativo y de acompa\u00f1amiento para tratar de minimizar conflictos en los centros y prestar apoyo emocional y psicol\u00f3gico a las personas usuarias, as\u00ed como mantenerlas informadas sobre la situaci\u00f3n an\u00f3mala.<\/p>\n<p>Seg\u00fan las entrevistas realizadas, en general la pandemia no les ha dejado indiferentes, sino que sus problemas los han integrado como un a\u00f1adido a su situaci\u00f3n, aunque reconocen que su modo de vida se ha visto afectado. La falta de acceso a la vivienda era ya, en la mayor\u00eda de los casos, un factor previo a la pandemia, pero el desempleo ha afectado en este tiempo al 50% de quienes se han visto en la situaci\u00f3n de sinhogarismo. La brecha digital ha sido m\u00e1s patente dado que muchos de los recursos y servicios, tanto los espec\u00edficos, como los que se ofrece a toda la ciudadan\u00eda, pasaron a digital para poderse efectuar sin riesgo.<\/p>\n","protected":false},"excerpt":{"rendered":"<p>El Centro de Personas Sin Hogar de Trinitarios y el Albergue de Jes\u00fas y Mar\u00eda presentaron 3 casos positivos en COVID en 15 meses<\/p>\n","protected":false},"author":1,"featured_media":33218,"comment_status":"open","ping_status":"closed","sticky":false,"template":"","format":"standard","meta":{"footnotes":""},"categories":[2],"tags":[],"class_list":["post-39358","post","type-post","status-publish","format-standard","has-post-thumbnail","hentry","category-ayuntamiento-pamplona"],"yoast_head":"<!-- This site is optimized with the Yoast SEO plugin v27.3 - https:\/\/yoast.com\/product\/yoast-seo-wordpress\/ -->\n<title>El Ayuntamiento ha flexibilizado e incrementando sus recursos sociales para personas sin hogar durante la pandemia, en l\u00ednea con las administraciones del mundo desarrollado<\/title>\n<meta name=\"description\" content=\"El Centro de Personas Sin Hogar de Trinitarios y el Albergue de Jes\u00fas y Mar\u00eda presentaron 3 casos positivos en COVID en 15 meses\" \/>\n<meta name=\"robots\" content=\"index, follow, max-snippet:-1, max-image-preview:large, max-video-preview:-1\" \/>\n<link rel=\"canonical\" href=\"https:\/\/www.laguiadepamplona.com\/actualidad\/el-ayuntamiento-ha-flexibilizado-e-incrementando-sus-recursos-sociales-para-personas-sin-hogar-durante-la-pandemia-en-linea-con-las-administraciones-del-mundo-desarrollado\/\" \/>\n<meta property=\"og:locale\" content=\"es_ES\" \/>\n<meta property=\"og:type\" content=\"article\" \/>\n<meta property=\"og:title\" content=\"El Ayuntamiento ha flexibilizado e incrementando sus recursos sociales para personas sin hogar durante la pandemia, en l\u00ednea con las administraciones del mundo desarrollado\" \/>\n<meta property=\"og:description\" content=\"El Centro de Personas Sin Hogar de Trinitarios y el Albergue de Jes\u00fas y Mar\u00eda presentaron 3 casos positivos en COVID en 15 meses\" \/>\n<meta property=\"og:url\" content=\"https:\/\/www.laguiadepamplona.com\/actualidad\/el-ayuntamiento-ha-flexibilizado-e-incrementando-sus-recursos-sociales-para-personas-sin-hogar-durante-la-pandemia-en-linea-con-las-administraciones-del-mundo-desarrollado\/\" \/>\n<meta property=\"og:site_name\" content=\"La Gu\u00eda de Pamplona\" \/>\n<meta property=\"article:publisher\" content=\"https:\/\/www.facebook.com\/laguiadepamplonacom-133175176762273\/?ref=hl\" \/>\n<meta property=\"article:published_time\" content=\"2022-03-11T16:04:13+00:00\" \/>\n<meta property=\"article:modified_time\" content=\"2023-04-11T09:48:25+00:00\" \/>\n<meta property=\"og:image\" content=\"https:\/\/www.laguiadepamplona.com\/actualidad\/wp-content\/uploads\/2021\/02\/centro_atencion_personas_sin_hogar.jpg\" \/>\n\t<meta property=\"og:image:width\" content=\"1920\" \/>\n\t<meta property=\"og:image:height\" content=\"1280\" \/>\n\t<meta property=\"og:image:type\" content=\"image\/jpeg\" \/>\n<meta name=\"author\" content=\"La Gu\u00eda de Pamplona\" \/>\n<meta name=\"twitter:card\" content=\"summary_large_image\" \/>\n<meta name=\"twitter:creator\" content=\"@LaGuiadPamplona\" \/>\n<meta name=\"twitter:site\" content=\"@LaGuiadPamplona\" \/>\n<meta name=\"twitter:label1\" content=\"Escrito por\" \/>\n\t<meta name=\"twitter:data1\" content=\"La Gu\u00eda de Pamplona\" \/>\n\t<meta name=\"twitter:label2\" content=\"Tiempo de lectura\" \/>\n\t<meta name=\"twitter:data2\" content=\"5 minutos\" \/>\n<script type=\"application\/ld+json\" class=\"yoast-schema-graph\">{\"@context\":\"https:\\\/\\\/schema.org\",\"@graph\":[{\"@type\":\"Article\",\"@id\":\"https:\\\/\\\/www.laguiadepamplona.com\\\/actualidad\\\/el-ayuntamiento-ha-flexibilizado-e-incrementando-sus-recursos-sociales-para-personas-sin-hogar-durante-la-pandemia-en-linea-con-las-administraciones-del-mundo-desarrollado\\\/#article\",\"isPartOf\":{\"@id\":\"https:\\\/\\\/www.laguiadepamplona.com\\\/actualidad\\\/el-ayuntamiento-ha-flexibilizado-e-incrementando-sus-recursos-sociales-para-personas-sin-hogar-durante-la-pandemia-en-linea-con-las-administraciones-del-mundo-desarrollado\\\/\"},\"author\":{\"name\":\"La Gu\u00eda de Pamplona\",\"@id\":\"https:\\\/\\\/www.laguiadepamplona.com\\\/actualidad\\\/#\\\/schema\\\/person\\\/efe887376f0213d4657c93adc50b1fdb\"},\"headline\":\"El Ayuntamiento ha flexibilizado e incrementando sus recursos sociales para personas sin hogar durante la pandemia, en l\u00ednea con las administraciones del mundo desarrollado\",\"datePublished\":\"2022-03-11T16:04:13+00:00\",\"dateModified\":\"2023-04-11T09:48:25+00:00\",\"mainEntityOfPage\":{\"@id\":\"https:\\\/\\\/www.laguiadepamplona.com\\\/actualidad\\\/el-ayuntamiento-ha-flexibilizado-e-incrementando-sus-recursos-sociales-para-personas-sin-hogar-durante-la-pandemia-en-linea-con-las-administraciones-del-mundo-desarrollado\\\/\"},\"wordCount\":970,\"commentCount\":0,\"publisher\":{\"@id\":\"https:\\\/\\\/www.laguiadepamplona.com\\\/actualidad\\\/#organization\"},\"image\":{\"@id\":\"https:\\\/\\\/www.laguiadepamplona.com\\\/actualidad\\\/el-ayuntamiento-ha-flexibilizado-e-incrementando-sus-recursos-sociales-para-personas-sin-hogar-durante-la-pandemia-en-linea-con-las-administraciones-del-mundo-desarrollado\\\/#primaryimage\"},\"thumbnailUrl\":\"https:\\\/\\\/www.laguiadepamplona.com\\\/actualidad\\\/wp-content\\\/uploads\\\/2021\\\/02\\\/centro_atencion_personas_sin_hogar.jpg\",\"articleSection\":[\"Ayto Pamplona\"],\"inLanguage\":\"es\",\"potentialAction\":[{\"@type\":\"CommentAction\",\"name\":\"Comment\",\"target\":[\"https:\\\/\\\/www.laguiadepamplona.com\\\/actualidad\\\/el-ayuntamiento-ha-flexibilizado-e-incrementando-sus-recursos-sociales-para-personas-sin-hogar-durante-la-pandemia-en-linea-con-las-administraciones-del-mundo-desarrollado\\\/#respond\"]}]},{\"@type\":\"WebPage\",\"@id\":\"https:\\\/\\\/www.laguiadepamplona.com\\\/actualidad\\\/el-ayuntamiento-ha-flexibilizado-e-incrementando-sus-recursos-sociales-para-personas-sin-hogar-durante-la-pandemia-en-linea-con-las-administraciones-del-mundo-desarrollado\\\/\",\"url\":\"https:\\\/\\\/www.laguiadepamplona.com\\\/actualidad\\\/el-ayuntamiento-ha-flexibilizado-e-incrementando-sus-recursos-sociales-para-personas-sin-hogar-durante-la-pandemia-en-linea-con-las-administraciones-del-mundo-desarrollado\\\/\",\"name\":\"El Ayuntamiento ha flexibilizado e incrementando sus recursos sociales para personas sin hogar durante la pandemia, en l\u00ednea con las administraciones del mundo desarrollado\",\"isPartOf\":{\"@id\":\"https:\\\/\\\/www.laguiadepamplona.com\\\/actualidad\\\/#website\"},\"primaryImageOfPage\":{\"@id\":\"https:\\\/\\\/www.laguiadepamplona.com\\\/actualidad\\\/el-ayuntamiento-ha-flexibilizado-e-incrementando-sus-recursos-sociales-para-personas-sin-hogar-durante-la-pandemia-en-linea-con-las-administraciones-del-mundo-desarrollado\\\/#primaryimage\"},\"image\":{\"@id\":\"https:\\\/\\\/www.laguiadepamplona.com\\\/actualidad\\\/el-ayuntamiento-ha-flexibilizado-e-incrementando-sus-recursos-sociales-para-personas-sin-hogar-durante-la-pandemia-en-linea-con-las-administraciones-del-mundo-desarrollado\\\/#primaryimage\"},\"thumbnailUrl\":\"https:\\\/\\\/www.laguiadepamplona.com\\\/actualidad\\\/wp-content\\\/uploads\\\/2021\\\/02\\\/centro_atencion_personas_sin_hogar.jpg\",\"datePublished\":\"2022-03-11T16:04:13+00:00\",\"dateModified\":\"2023-04-11T09:48:25+00:00\",\"description\":\"El Centro de Personas Sin Hogar de Trinitarios y el Albergue de Jes\u00fas y Mar\u00eda presentaron 3 casos positivos en COVID en 15 meses\",\"breadcrumb\":{\"@id\":\"https:\\\/\\\/www.laguiadepamplona.com\\\/actualidad\\\/el-ayuntamiento-ha-flexibilizado-e-incrementando-sus-recursos-sociales-para-personas-sin-hogar-durante-la-pandemia-en-linea-con-las-administraciones-del-mundo-desarrollado\\\/#breadcrumb\"},\"inLanguage\":\"es\",\"potentialAction\":[{\"@type\":\"ReadAction\",\"target\":[\"https:\\\/\\\/www.laguiadepamplona.com\\\/actualidad\\\/el-ayuntamiento-ha-flexibilizado-e-incrementando-sus-recursos-sociales-para-personas-sin-hogar-durante-la-pandemia-en-linea-con-las-administraciones-del-mundo-desarrollado\\\/\"]}]},{\"@type\":\"ImageObject\",\"inLanguage\":\"es\",\"@id\":\"https:\\\/\\\/www.laguiadepamplona.com\\\/actualidad\\\/el-ayuntamiento-ha-flexibilizado-e-incrementando-sus-recursos-sociales-para-personas-sin-hogar-durante-la-pandemia-en-linea-con-las-administraciones-del-mundo-desarrollado\\\/#primaryimage\",\"url\":\"https:\\\/\\\/www.laguiadepamplona.com\\\/actualidad\\\/wp-content\\\/uploads\\\/2021\\\/02\\\/centro_atencion_personas_sin_hogar.jpg\",\"contentUrl\":\"https:\\\/\\\/www.laguiadepamplona.com\\\/actualidad\\\/wp-content\\\/uploads\\\/2021\\\/02\\\/centro_atencion_personas_sin_hogar.jpg\",\"width\":1920,\"height\":1280,\"caption\":\"A* Jes\u00fas Garzaron F* 2020_11_24 T* Barrios de Pamplona L* Centro de Atenci\u00f3n a Personas sin Hogar, Trinitarios, Rochapea\"},{\"@type\":\"BreadcrumbList\",\"@id\":\"https:\\\/\\\/www.laguiadepamplona.com\\\/actualidad\\\/el-ayuntamiento-ha-flexibilizado-e-incrementando-sus-recursos-sociales-para-personas-sin-hogar-durante-la-pandemia-en-linea-con-las-administraciones-del-mundo-desarrollado\\\/#breadcrumb\",\"itemListElement\":[{\"@type\":\"ListItem\",\"position\":1,\"name\":\"Portada\",\"item\":\"https:\\\/\\\/www.laguiadepamplona.com\\\/actualidad\\\/\"},{\"@type\":\"ListItem\",\"position\":2,\"name\":\"El Ayuntamiento ha flexibilizado e incrementando sus recursos sociales para personas sin hogar durante la pandemia, en l\u00ednea con las administraciones del mundo desarrollado\"}]},{\"@type\":\"WebSite\",\"@id\":\"https:\\\/\\\/www.laguiadepamplona.com\\\/actualidad\\\/#website\",\"url\":\"https:\\\/\\\/www.laguiadepamplona.com\\\/actualidad\\\/\",\"name\":\"La gu\u00eda de Pamplona\",\"description\":\"Noticias de Pamplona\",\"publisher\":{\"@id\":\"https:\\\/\\\/www.laguiadepamplona.com\\\/actualidad\\\/#organization\"},\"potentialAction\":[{\"@type\":\"SearchAction\",\"target\":{\"@type\":\"EntryPoint\",\"urlTemplate\":\"https:\\\/\\\/www.laguiadepamplona.com\\\/actualidad\\\/?s={search_term_string}\"},\"query-input\":{\"@type\":\"PropertyValueSpecification\",\"valueRequired\":true,\"valueName\":\"search_term_string\"}}],\"inLanguage\":\"es\"},{\"@type\":\"Organization\",\"@id\":\"https:\\\/\\\/www.laguiadepamplona.com\\\/actualidad\\\/#organization\",\"name\":\"La Gu\u00eda de Pamplona \\\/ Noticias\",\"url\":\"https:\\\/\\\/www.laguiadepamplona.com\\\/actualidad\\\/\",\"logo\":{\"@type\":\"ImageObject\",\"inLanguage\":\"es\",\"@id\":\"https:\\\/\\\/www.laguiadepamplona.com\\\/actualidad\\\/#\\\/schema\\\/logo\\\/image\\\/\",\"url\":\"https:\\\/\\\/www.laguiadepamplona.com\\\/actualidad\\\/wp-content\\\/uploads\\\/2018\\\/11\\\/logo-laguiadepamplona18-web1.png\",\"contentUrl\":\"https:\\\/\\\/www.laguiadepamplona.com\\\/actualidad\\\/wp-content\\\/uploads\\\/2018\\\/11\\\/logo-laguiadepamplona18-web1.png\",\"width\":600,\"height\":196,\"caption\":\"La Gu\u00eda de Pamplona \\\/ Noticias\"},\"image\":{\"@id\":\"https:\\\/\\\/www.laguiadepamplona.com\\\/actualidad\\\/#\\\/schema\\\/logo\\\/image\\\/\"},\"sameAs\":[\"https:\\\/\\\/www.facebook.com\\\/laguiadepamplonacom-133175176762273\\\/?ref=hl\",\"https:\\\/\\\/x.com\\\/LaGuiadPamplona\",\"https:\\\/\\\/www.instagram.com\\\/la_guia_de_pamplona\\\/\",\"https:\\\/\\\/www.youtube.com\\\/user\\\/laguiadepamplona\"]},{\"@type\":\"Person\",\"@id\":\"https:\\\/\\\/www.laguiadepamplona.com\\\/actualidad\\\/#\\\/schema\\\/person\\\/efe887376f0213d4657c93adc50b1fdb\",\"name\":\"La Gu\u00eda de Pamplona\",\"image\":{\"@type\":\"ImageObject\",\"inLanguage\":\"es\",\"@id\":\"https:\\\/\\\/secure.gravatar.com\\\/avatar\\\/b6992f131dc8d30ab0dff15446e9d346d9dbd95992de0fef795073f5ea83a81c?s=96&d=mm&r=g\",\"url\":\"https:\\\/\\\/secure.gravatar.com\\\/avatar\\\/b6992f131dc8d30ab0dff15446e9d346d9dbd95992de0fef795073f5ea83a81c?s=96&d=mm&r=g\",\"contentUrl\":\"https:\\\/\\\/secure.gravatar.com\\\/avatar\\\/b6992f131dc8d30ab0dff15446e9d346d9dbd95992de0fef795073f5ea83a81c?s=96&d=mm&r=g\",\"caption\":\"La Gu\u00eda de Pamplona\"}}]}<\/script>\n<!-- \/ Yoast SEO plugin. -->","yoast_head_json":{"title":"El Ayuntamiento ha flexibilizado e incrementando sus recursos sociales para personas sin hogar durante la pandemia, en l\u00ednea con las administraciones del mundo desarrollado","description":"El Centro de Personas Sin Hogar de Trinitarios y el Albergue de Jes\u00fas y Mar\u00eda presentaron 3 casos positivos en COVID en 15 meses","robots":{"index":"index","follow":"follow","max-snippet":"max-snippet:-1","max-image-preview":"max-image-preview:large","max-video-preview":"max-video-preview:-1"},"canonical":"https:\/\/www.laguiadepamplona.com\/actualidad\/el-ayuntamiento-ha-flexibilizado-e-incrementando-sus-recursos-sociales-para-personas-sin-hogar-durante-la-pandemia-en-linea-con-las-administraciones-del-mundo-desarrollado\/","og_locale":"es_ES","og_type":"article","og_title":"El Ayuntamiento ha flexibilizado e incrementando sus recursos sociales para personas sin hogar durante la pandemia, en l\u00ednea con las administraciones del mundo desarrollado","og_description":"El Centro de Personas Sin Hogar de Trinitarios y el Albergue de Jes\u00fas y Mar\u00eda presentaron 3 casos positivos en COVID en 15 meses","og_url":"https:\/\/www.laguiadepamplona.com\/actualidad\/el-ayuntamiento-ha-flexibilizado-e-incrementando-sus-recursos-sociales-para-personas-sin-hogar-durante-la-pandemia-en-linea-con-las-administraciones-del-mundo-desarrollado\/","og_site_name":"La Gu\u00eda de Pamplona","article_publisher":"https:\/\/www.facebook.com\/laguiadepamplonacom-133175176762273\/?ref=hl","article_published_time":"2022-03-11T16:04:13+00:00","article_modified_time":"2023-04-11T09:48:25+00:00","og_image":[{"width":1920,"height":1280,"url":"https:\/\/www.laguiadepamplona.com\/actualidad\/wp-content\/uploads\/2021\/02\/centro_atencion_personas_sin_hogar.jpg","type":"image\/jpeg"}],"author":"La Gu\u00eda de Pamplona","twitter_card":"summary_large_image","twitter_creator":"@LaGuiadPamplona","twitter_site":"@LaGuiadPamplona","twitter_misc":{"Escrito por":"La Gu\u00eda de Pamplona","Tiempo de lectura":"5 minutos"},"schema":{"@context":"https:\/\/schema.org","@graph":[{"@type":"Article","@id":"https:\/\/www.laguiadepamplona.com\/actualidad\/el-ayuntamiento-ha-flexibilizado-e-incrementando-sus-recursos-sociales-para-personas-sin-hogar-durante-la-pandemia-en-linea-con-las-administraciones-del-mundo-desarrollado\/#article","isPartOf":{"@id":"https:\/\/www.laguiadepamplona.com\/actualidad\/el-ayuntamiento-ha-flexibilizado-e-incrementando-sus-recursos-sociales-para-personas-sin-hogar-durante-la-pandemia-en-linea-con-las-administraciones-del-mundo-desarrollado\/"},"author":{"name":"La Gu\u00eda de Pamplona","@id":"https:\/\/www.laguiadepamplona.com\/actualidad\/#\/schema\/person\/efe887376f0213d4657c93adc50b1fdb"},"headline":"El Ayuntamiento ha flexibilizado e incrementando sus recursos sociales para personas sin hogar durante la pandemia, en l\u00ednea con las administraciones del mundo desarrollado","datePublished":"2022-03-11T16:04:13+00:00","dateModified":"2023-04-11T09:48:25+00:00","mainEntityOfPage":{"@id":"https:\/\/www.laguiadepamplona.com\/actualidad\/el-ayuntamiento-ha-flexibilizado-e-incrementando-sus-recursos-sociales-para-personas-sin-hogar-durante-la-pandemia-en-linea-con-las-administraciones-del-mundo-desarrollado\/"},"wordCount":970,"commentCount":0,"publisher":{"@id":"https:\/\/www.laguiadepamplona.com\/actualidad\/#organization"},"image":{"@id":"https:\/\/www.laguiadepamplona.com\/actualidad\/el-ayuntamiento-ha-flexibilizado-e-incrementando-sus-recursos-sociales-para-personas-sin-hogar-durante-la-pandemia-en-linea-con-las-administraciones-del-mundo-desarrollado\/#primaryimage"},"thumbnailUrl":"https:\/\/www.laguiadepamplona.com\/actualidad\/wp-content\/uploads\/2021\/02\/centro_atencion_personas_sin_hogar.jpg","articleSection":["Ayto Pamplona"],"inLanguage":"es","potentialAction":[{"@type":"CommentAction","name":"Comment","target":["https:\/\/www.laguiadepamplona.com\/actualidad\/el-ayuntamiento-ha-flexibilizado-e-incrementando-sus-recursos-sociales-para-personas-sin-hogar-durante-la-pandemia-en-linea-con-las-administraciones-del-mundo-desarrollado\/#respond"]}]},{"@type":"WebPage","@id":"https:\/\/www.laguiadepamplona.com\/actualidad\/el-ayuntamiento-ha-flexibilizado-e-incrementando-sus-recursos-sociales-para-personas-sin-hogar-durante-la-pandemia-en-linea-con-las-administraciones-del-mundo-desarrollado\/","url":"https:\/\/www.laguiadepamplona.com\/actualidad\/el-ayuntamiento-ha-flexibilizado-e-incrementando-sus-recursos-sociales-para-personas-sin-hogar-durante-la-pandemia-en-linea-con-las-administraciones-del-mundo-desarrollado\/","name":"El Ayuntamiento ha flexibilizado e incrementando sus recursos sociales para personas sin hogar durante la pandemia, en l\u00ednea con las administraciones del mundo desarrollado","isPartOf":{"@id":"https:\/\/www.laguiadepamplona.com\/actualidad\/#website"},"primaryImageOfPage":{"@id":"https:\/\/www.laguiadepamplona.com\/actualidad\/el-ayuntamiento-ha-flexibilizado-e-incrementando-sus-recursos-sociales-para-personas-sin-hogar-durante-la-pandemia-en-linea-con-las-administraciones-del-mundo-desarrollado\/#primaryimage"},"image":{"@id":"https:\/\/www.laguiadepamplona.com\/actualidad\/el-ayuntamiento-ha-flexibilizado-e-incrementando-sus-recursos-sociales-para-personas-sin-hogar-durante-la-pandemia-en-linea-con-las-administraciones-del-mundo-desarrollado\/#primaryimage"},"thumbnailUrl":"https:\/\/www.laguiadepamplona.com\/actualidad\/wp-content\/uploads\/2021\/02\/centro_atencion_personas_sin_hogar.jpg","datePublished":"2022-03-11T16:04:13+00:00","dateModified":"2023-04-11T09:48:25+00:00","description":"El Centro de Personas Sin Hogar de Trinitarios y el Albergue de Jes\u00fas y Mar\u00eda presentaron 3 casos positivos en COVID en 15 meses","breadcrumb":{"@id":"https:\/\/www.laguiadepamplona.com\/actualidad\/el-ayuntamiento-ha-flexibilizado-e-incrementando-sus-recursos-sociales-para-personas-sin-hogar-durante-la-pandemia-en-linea-con-las-administraciones-del-mundo-desarrollado\/#breadcrumb"},"inLanguage":"es","potentialAction":[{"@type":"ReadAction","target":["https:\/\/www.laguiadepamplona.com\/actualidad\/el-ayuntamiento-ha-flexibilizado-e-incrementando-sus-recursos-sociales-para-personas-sin-hogar-durante-la-pandemia-en-linea-con-las-administraciones-del-mundo-desarrollado\/"]}]},{"@type":"ImageObject","inLanguage":"es","@id":"https:\/\/www.laguiadepamplona.com\/actualidad\/el-ayuntamiento-ha-flexibilizado-e-incrementando-sus-recursos-sociales-para-personas-sin-hogar-durante-la-pandemia-en-linea-con-las-administraciones-del-mundo-desarrollado\/#primaryimage","url":"https:\/\/www.laguiadepamplona.com\/actualidad\/wp-content\/uploads\/2021\/02\/centro_atencion_personas_sin_hogar.jpg","contentUrl":"https:\/\/www.laguiadepamplona.com\/actualidad\/wp-content\/uploads\/2021\/02\/centro_atencion_personas_sin_hogar.jpg","width":1920,"height":1280,"caption":"A* Jes\u00fas Garzaron F* 2020_11_24 T* Barrios de Pamplona L* Centro de Atenci\u00f3n a Personas sin Hogar, Trinitarios, Rochapea"},{"@type":"BreadcrumbList","@id":"https:\/\/www.laguiadepamplona.com\/actualidad\/el-ayuntamiento-ha-flexibilizado-e-incrementando-sus-recursos-sociales-para-personas-sin-hogar-durante-la-pandemia-en-linea-con-las-administraciones-del-mundo-desarrollado\/#breadcrumb","itemListElement":[{"@type":"ListItem","position":1,"name":"Portada","item":"https:\/\/www.laguiadepamplona.com\/actualidad\/"},{"@type":"ListItem","position":2,"name":"El Ayuntamiento ha flexibilizado e incrementando sus recursos sociales para personas sin hogar durante la pandemia, en l\u00ednea con las administraciones del mundo desarrollado"}]},{"@type":"WebSite","@id":"https:\/\/www.laguiadepamplona.com\/actualidad\/#website","url":"https:\/\/www.laguiadepamplona.com\/actualidad\/","name":"La gu\u00eda de Pamplona","description":"Noticias de Pamplona","publisher":{"@id":"https:\/\/www.laguiadepamplona.com\/actualidad\/#organization"},"potentialAction":[{"@type":"SearchAction","target":{"@type":"EntryPoint","urlTemplate":"https:\/\/www.laguiadepamplona.com\/actualidad\/?s={search_term_string}"},"query-input":{"@type":"PropertyValueSpecification","valueRequired":true,"valueName":"search_term_string"}}],"inLanguage":"es"},{"@type":"Organization","@id":"https:\/\/www.laguiadepamplona.com\/actualidad\/#organization","name":"La Gu\u00eda de Pamplona \/ Noticias","url":"https:\/\/www.laguiadepamplona.com\/actualidad\/","logo":{"@type":"ImageObject","inLanguage":"es","@id":"https:\/\/www.laguiadepamplona.com\/actualidad\/#\/schema\/logo\/image\/","url":"https:\/\/www.laguiadepamplona.com\/actualidad\/wp-content\/uploads\/2018\/11\/logo-laguiadepamplona18-web1.png","contentUrl":"https:\/\/www.laguiadepamplona.com\/actualidad\/wp-content\/uploads\/2018\/11\/logo-laguiadepamplona18-web1.png","width":600,"height":196,"caption":"La Gu\u00eda de Pamplona \/ Noticias"},"image":{"@id":"https:\/\/www.laguiadepamplona.com\/actualidad\/#\/schema\/logo\/image\/"},"sameAs":["https:\/\/www.facebook.com\/laguiadepamplonacom-133175176762273\/?ref=hl","https:\/\/x.com\/LaGuiadPamplona","https:\/\/www.instagram.com\/la_guia_de_pamplona\/","https:\/\/www.youtube.com\/user\/laguiadepamplona"]},{"@type":"Person","@id":"https:\/\/www.laguiadepamplona.com\/actualidad\/#\/schema\/person\/efe887376f0213d4657c93adc50b1fdb","name":"La Gu\u00eda de Pamplona","image":{"@type":"ImageObject","inLanguage":"es","@id":"https:\/\/secure.gravatar.com\/avatar\/b6992f131dc8d30ab0dff15446e9d346d9dbd95992de0fef795073f5ea83a81c?s=96&d=mm&r=g","url":"https:\/\/secure.gravatar.com\/avatar\/b6992f131dc8d30ab0dff15446e9d346d9dbd95992de0fef795073f5ea83a81c?s=96&d=mm&r=g","contentUrl":"https:\/\/secure.gravatar.com\/avatar\/b6992f131dc8d30ab0dff15446e9d346d9dbd95992de0fef795073f5ea83a81c?s=96&d=mm&r=g","caption":"La Gu\u00eda de Pamplona"}}]}},"post_mailing_queue_ids":[],"_links":{"self":[{"href":"https:\/\/www.laguiadepamplona.com\/actualidad\/wp-json\/wp\/v2\/posts\/39358","targetHints":{"allow":["GET"]}}],"collection":[{"href":"https:\/\/www.laguiadepamplona.com\/actualidad\/wp-json\/wp\/v2\/posts"}],"about":[{"href":"https:\/\/www.laguiadepamplona.com\/actualidad\/wp-json\/wp\/v2\/types\/post"}],"author":[{"embeddable":true,"href":"https:\/\/www.laguiadepamplona.com\/actualidad\/wp-json\/wp\/v2\/users\/1"}],"replies":[{"embeddable":true,"href":"https:\/\/www.laguiadepamplona.com\/actualidad\/wp-json\/wp\/v2\/comments?post=39358"}],"version-history":[{"count":0,"href":"https:\/\/www.laguiadepamplona.com\/actualidad\/wp-json\/wp\/v2\/posts\/39358\/revisions"}],"wp:featuredmedia":[{"embeddable":true,"href":"https:\/\/www.laguiadepamplona.com\/actualidad\/wp-json\/wp\/v2\/media\/33218"}],"wp:attachment":[{"href":"https:\/\/www.laguiadepamplona.com\/actualidad\/wp-json\/wp\/v2\/media?parent=39358"}],"wp:term":[{"taxonomy":"category","embeddable":true,"href":"https:\/\/www.laguiadepamplona.com\/actualidad\/wp-json\/wp\/v2\/categories?post=39358"},{"taxonomy":"post_tag","embeddable":true,"href":"https:\/\/www.laguiadepamplona.com\/actualidad\/wp-json\/wp\/v2\/tags?post=39358"}],"curies":[{"name":"wp","href":"https:\/\/api.w.org\/{rel}","templated":true}]}}