{"id":39356,"date":"2022-03-11T13:51:30","date_gmt":"2022-03-11T11:51:30","guid":{"rendered":"https:\/\/www.laguiadepamplona.com\/actualidad\/?p=39356"},"modified":"2023-04-11T11:48:25","modified_gmt":"2023-04-11T09:48:25","slug":"pamplona-invita-a-policias-locales-de-varias-ciudades-a-las-primeras-jornadas-de-seguridad-publica-en-eventos-multitudinarios-que-se-celebraran-durante-san-fermin","status":"publish","type":"post","link":"https:\/\/www.laguiadepamplona.com\/actualidad\/pamplona-invita-a-policias-locales-de-varias-ciudades-a-las-primeras-jornadas-de-seguridad-publica-en-eventos-multitudinarios-que-se-celebraran-durante-san-fermin\/","title":{"rendered":"Pamplona invita a polic\u00edas locales de varias ciudades a las primeras jornadas de seguridad p\u00fablica en eventos multitudinarios que se celebrar\u00e1n durante San Ferm\u00edn"},"content":{"rendered":"<h5>Se han remitido cartas a los ayuntamientos de Badajoz, Bilbao, Vitoria o Zaragoza, cuyas polic\u00edas han mostrado inter\u00e9s en los dispositivos de San Ferm\u00edn<\/h5>\n<p><!--more--><\/p>\n<p>El Ayuntamiento y la Polic\u00eda Municipal de Pamplona han organizado para el pr\u00f3ximo mes de julio las primeras Jornadas de Seguridad P\u00fablica en Eventos de Gran Concentraci\u00f3n de P\u00fablico. Est\u00e1n dirigida a profesionales de los cuerpos de polic\u00eda y se llevar\u00e1 a cabo del 5 al 7 de julio, con una parte te\u00f3rica y otra parte pr\u00e1ctica que se desarrollar\u00e1 durante los dos primeros d\u00edas de San Ferm\u00edn.<\/p>\n<p>Las fiestas de San Ferm\u00edn requieren un dispositivo espec\u00edfico para garantizar la seguridad de todas las personas que participan en los actos que componen el programa festivo y de aquellas que est\u00e1n en la ciudad. Los Sanfermines suponen un reto para la Polic\u00eda Municipal de Pamplona y para el resto de cuerpos policiales dada la masificaci\u00f3n que se produce en la ciudad. El alcalde de Pamplona, Enrique Maya, ha remitido a los ayuntamientos de Badajoz, Bilbao, Vitoria y Zaragoza, que han mostrado su inter\u00e9s en los dispositivos de fiestas en diferentes ocasiones, sendas cartas invitando a sus polic\u00edas locales a participar en esta formaci\u00f3n.<br \/>\n<script async src=\"\/\/pagead2.googlesyndication.com\/pagead\/js\/adsbygoogle.js\"><\/script><br \/>\n<!-- Noticias La Guia de Pamplona --><br \/>\n<ins class=\"adsbygoogle\"\nstyle=\"display:block\"\ndata-ad-client=\"ca-pub-6943679897239327\"\ndata-ad-slot=\"7048180777\"\ndata-ad-format=\"auto\"><\/ins><br \/>\n<script>\n(adsbygoogle = window.adsbygoogle || []).push({});\n<\/script><\/p>\n<p>El curso se basa en la experiencia adquirida por las polic\u00edas de Navarra y, en concreto, de la Polic\u00eda Municipal de Pamplona, la Polic\u00eda Foral de Navarra, Cuerpo Nacional de Polic\u00eda y Guardia Civil, as\u00ed como de los servicios de Salud y Emergencias, servicios de Protecci\u00f3n Civil del Ayuntamiento de Pamplona y Gobierno de Navarra y empresas p\u00fablicas y privadas encargadas de los distintos servicios (limpiezas, infraestructuras) necesarios para el buen desarrollo de las fiestas de San Ferm\u00edn. El reconocimiento de manera expl\u00edcita a nivel nacional e internacional de las buenas pr\u00e1cticas en la materia de seguridad p\u00fablica en eventos masivos ha impulsado a la Polic\u00eda Municipal de Pamplona y al \u00e1rea de Seguridad Ciudadana a organizar esta actividad formativa.<\/p>\n<p>La finalidad de esta formaci\u00f3n es dotar de conocimientos, habilidades y recursos a las personas participantes para la gesti\u00f3n elaboraci\u00f3n, implantaci\u00f3n y pr\u00e1ctica de los planes generales para eventos festivos multitudinarios en sus ciudades, todo ello, a trav\u00e9s del dise\u00f1o program\u00e1tico y operativo del sistema de prevenci\u00f3n y respuesta para las fiestas de San Ferm\u00edn. Entre otros aspectos, se abordar\u00e1 la elaboraci\u00f3n de las actuaciones previas relacionadas con la Seguridad Ciudadana, Emergencias y otras necesarias para la celebraci\u00f3n de las fiestas; el estudio de las modificaciones necesarias para celebrar las fiestas; la tutela, vigilancia y protecci\u00f3n de los actos programados y de la vida cotidiana en fiestas; o el restablecimiento de las condiciones de vida propias de la ciudad.<br \/>\n<script async src=\"\/\/pagead2.googlesyndication.com\/pagead\/js\/adsbygoogle.js\"><\/script><br \/>\n<!-- Noticias La Guia de Pamplona --><br \/>\n<ins class=\"adsbygoogle\"\nstyle=\"display:block\"\ndata-ad-client=\"ca-pub-6943679897239327\"\ndata-ad-slot=\"7048180777\"\ndata-ad-format=\"auto\"><\/ins><br \/>\n<script>\n(adsbygoogle = window.adsbygoogle || []).push({});\n<\/script><\/p>\n<p>El curso tendr\u00e1 una duraci\u00f3n de 24 horas lectivas, con 4 horas de car\u00e1cter te\u00f3rico en la tarde del 5 julio y 20 horas de car\u00e1cter pr\u00e1ctico los d\u00edas 6 y 7 de julio, en horario de ma\u00f1ana y de tarde, para la cobertura de actos como el Chupinazo, Encierrillo, fuegos artificiales, Encierro o procesi\u00f3n de San Ferm\u00edn. A la finalizaci\u00f3n de las jornadas, el alumnado recibir\u00e1 el correspondiente certificado por parte de la Academia de Formaci\u00f3n Permanente de la Polic\u00eda Municipal de Pamplona.<\/p>\n","protected":false},"excerpt":{"rendered":"<p>Se han remitido cartas a los ayuntamientos de Badajoz, Bilbao, Vitoria o Zaragoza, cuyas polic\u00edas han mostrado inter\u00e9s en los dispositivos de San Ferm\u00edn<\/p>\n","protected":false},"author":1,"featured_media":38929,"comment_status":"open","ping_status":"closed","sticky":false,"template":"","format":"standard","meta":{"footnotes":""},"categories":[2],"tags":[],"class_list":["post-39356","post","type-post","status-publish","format-standard","has-post-thumbnail","hentry","category-ayuntamiento-pamplona"],"yoast_head":"<!-- This site is optimized with the Yoast SEO plugin v27.3 - https:\/\/yoast.com\/product\/yoast-seo-wordpress\/ -->\n<title>Pamplona invita a polic\u00edas locales de varias ciudades a las primeras jornadas de seguridad p\u00fablica en eventos multitudinarios que se celebrar\u00e1n durante San Ferm\u00edn<\/title>\n<meta name=\"description\" content=\"Se han remitido cartas a los ayuntamientos de Badajoz, Bilbao, Vitoria o Zaragoza, cuyas polic\u00edas han mostrado inter\u00e9s en los dispositivos de San Ferm\u00edn\" \/>\n<meta name=\"robots\" content=\"index, follow, max-snippet:-1, max-image-preview:large, max-video-preview:-1\" \/>\n<link rel=\"canonical\" href=\"https:\/\/www.laguiadepamplona.com\/actualidad\/pamplona-invita-a-policias-locales-de-varias-ciudades-a-las-primeras-jornadas-de-seguridad-publica-en-eventos-multitudinarios-que-se-celebraran-durante-san-fermin\/\" \/>\n<meta property=\"og:locale\" content=\"es_ES\" \/>\n<meta property=\"og:type\" content=\"article\" \/>\n<meta property=\"og:title\" content=\"Pamplona invita a polic\u00edas locales de varias ciudades a las primeras jornadas de seguridad p\u00fablica en eventos multitudinarios que se celebrar\u00e1n durante San Ferm\u00edn\" \/>\n<meta property=\"og:description\" content=\"Se han remitido cartas a los ayuntamientos de Badajoz, Bilbao, Vitoria o Zaragoza, cuyas polic\u00edas han mostrado inter\u00e9s en los dispositivos de San Ferm\u00edn\" \/>\n<meta property=\"og:url\" content=\"https:\/\/www.laguiadepamplona.com\/actualidad\/pamplona-invita-a-policias-locales-de-varias-ciudades-a-las-primeras-jornadas-de-seguridad-publica-en-eventos-multitudinarios-que-se-celebraran-durante-san-fermin\/\" \/>\n<meta property=\"og:site_name\" content=\"La Gu\u00eda de Pamplona\" \/>\n<meta property=\"article:publisher\" content=\"https:\/\/www.facebook.com\/laguiadepamplonacom-133175176762273\/?ref=hl\" \/>\n<meta property=\"article:published_time\" content=\"2022-03-11T11:51:30+00:00\" \/>\n<meta property=\"article:modified_time\" content=\"2023-04-11T09:48:25+00:00\" \/>\n<meta property=\"og:image\" content=\"https:\/\/www.laguiadepamplona.com\/actualidad\/wp-content\/uploads\/2022\/02\/policia-municipal.jpg\" \/>\n\t<meta property=\"og:image:width\" content=\"1772\" \/>\n\t<meta property=\"og:image:height\" content=\"1181\" \/>\n\t<meta property=\"og:image:type\" content=\"image\/jpeg\" \/>\n<meta name=\"author\" content=\"La Gu\u00eda de Pamplona\" \/>\n<meta name=\"twitter:card\" content=\"summary_large_image\" \/>\n<meta name=\"twitter:creator\" content=\"@LaGuiadPamplona\" \/>\n<meta name=\"twitter:site\" content=\"@LaGuiadPamplona\" \/>\n<meta name=\"twitter:label1\" content=\"Escrito por\" \/>\n\t<meta name=\"twitter:data1\" content=\"La Gu\u00eda de Pamplona\" \/>\n\t<meta name=\"twitter:label2\" content=\"Tiempo de lectura\" \/>\n\t<meta name=\"twitter:data2\" content=\"3 minutos\" \/>\n<script type=\"application\/ld+json\" class=\"yoast-schema-graph\">{\"@context\":\"https:\\\/\\\/schema.org\",\"@graph\":[{\"@type\":\"Article\",\"@id\":\"https:\\\/\\\/www.laguiadepamplona.com\\\/actualidad\\\/pamplona-invita-a-policias-locales-de-varias-ciudades-a-las-primeras-jornadas-de-seguridad-publica-en-eventos-multitudinarios-que-se-celebraran-durante-san-fermin\\\/#article\",\"isPartOf\":{\"@id\":\"https:\\\/\\\/www.laguiadepamplona.com\\\/actualidad\\\/pamplona-invita-a-policias-locales-de-varias-ciudades-a-las-primeras-jornadas-de-seguridad-publica-en-eventos-multitudinarios-que-se-celebraran-durante-san-fermin\\\/\"},\"author\":{\"name\":\"La Gu\u00eda de Pamplona\",\"@id\":\"https:\\\/\\\/www.laguiadepamplona.com\\\/actualidad\\\/#\\\/schema\\\/person\\\/efe887376f0213d4657c93adc50b1fdb\"},\"headline\":\"Pamplona invita a polic\u00edas locales de varias ciudades a las primeras jornadas de seguridad p\u00fablica en eventos multitudinarios que se celebrar\u00e1n durante San Ferm\u00edn\",\"datePublished\":\"2022-03-11T11:51:30+00:00\",\"dateModified\":\"2023-04-11T09:48:25+00:00\",\"mainEntityOfPage\":{\"@id\":\"https:\\\/\\\/www.laguiadepamplona.com\\\/actualidad\\\/pamplona-invita-a-policias-locales-de-varias-ciudades-a-las-primeras-jornadas-de-seguridad-publica-en-eventos-multitudinarios-que-se-celebraran-durante-san-fermin\\\/\"},\"wordCount\":597,\"commentCount\":0,\"publisher\":{\"@id\":\"https:\\\/\\\/www.laguiadepamplona.com\\\/actualidad\\\/#organization\"},\"image\":{\"@id\":\"https:\\\/\\\/www.laguiadepamplona.com\\\/actualidad\\\/pamplona-invita-a-policias-locales-de-varias-ciudades-a-las-primeras-jornadas-de-seguridad-publica-en-eventos-multitudinarios-que-se-celebraran-durante-san-fermin\\\/#primaryimage\"},\"thumbnailUrl\":\"https:\\\/\\\/www.laguiadepamplona.com\\\/actualidad\\\/wp-content\\\/uploads\\\/2022\\\/02\\\/policia-municipal.jpg\",\"articleSection\":[\"Ayto Pamplona\"],\"inLanguage\":\"es\",\"potentialAction\":[{\"@type\":\"CommentAction\",\"name\":\"Comment\",\"target\":[\"https:\\\/\\\/www.laguiadepamplona.com\\\/actualidad\\\/pamplona-invita-a-policias-locales-de-varias-ciudades-a-las-primeras-jornadas-de-seguridad-publica-en-eventos-multitudinarios-que-se-celebraran-durante-san-fermin\\\/#respond\"]}]},{\"@type\":\"WebPage\",\"@id\":\"https:\\\/\\\/www.laguiadepamplona.com\\\/actualidad\\\/pamplona-invita-a-policias-locales-de-varias-ciudades-a-las-primeras-jornadas-de-seguridad-publica-en-eventos-multitudinarios-que-se-celebraran-durante-san-fermin\\\/\",\"url\":\"https:\\\/\\\/www.laguiadepamplona.com\\\/actualidad\\\/pamplona-invita-a-policias-locales-de-varias-ciudades-a-las-primeras-jornadas-de-seguridad-publica-en-eventos-multitudinarios-que-se-celebraran-durante-san-fermin\\\/\",\"name\":\"Pamplona invita a polic\u00edas locales de varias ciudades a las primeras jornadas de seguridad p\u00fablica en eventos multitudinarios que se celebrar\u00e1n durante San Ferm\u00edn\",\"isPartOf\":{\"@id\":\"https:\\\/\\\/www.laguiadepamplona.com\\\/actualidad\\\/#website\"},\"primaryImageOfPage\":{\"@id\":\"https:\\\/\\\/www.laguiadepamplona.com\\\/actualidad\\\/pamplona-invita-a-policias-locales-de-varias-ciudades-a-las-primeras-jornadas-de-seguridad-publica-en-eventos-multitudinarios-que-se-celebraran-durante-san-fermin\\\/#primaryimage\"},\"image\":{\"@id\":\"https:\\\/\\\/www.laguiadepamplona.com\\\/actualidad\\\/pamplona-invita-a-policias-locales-de-varias-ciudades-a-las-primeras-jornadas-de-seguridad-publica-en-eventos-multitudinarios-que-se-celebraran-durante-san-fermin\\\/#primaryimage\"},\"thumbnailUrl\":\"https:\\\/\\\/www.laguiadepamplona.com\\\/actualidad\\\/wp-content\\\/uploads\\\/2022\\\/02\\\/policia-municipal.jpg\",\"datePublished\":\"2022-03-11T11:51:30+00:00\",\"dateModified\":\"2023-04-11T09:48:25+00:00\",\"description\":\"Se han remitido cartas a los ayuntamientos de Badajoz, Bilbao, Vitoria o Zaragoza, cuyas polic\u00edas han mostrado inter\u00e9s en los dispositivos de San Ferm\u00edn\",\"breadcrumb\":{\"@id\":\"https:\\\/\\\/www.laguiadepamplona.com\\\/actualidad\\\/pamplona-invita-a-policias-locales-de-varias-ciudades-a-las-primeras-jornadas-de-seguridad-publica-en-eventos-multitudinarios-que-se-celebraran-durante-san-fermin\\\/#breadcrumb\"},\"inLanguage\":\"es\",\"potentialAction\":[{\"@type\":\"ReadAction\",\"target\":[\"https:\\\/\\\/www.laguiadepamplona.com\\\/actualidad\\\/pamplona-invita-a-policias-locales-de-varias-ciudades-a-las-primeras-jornadas-de-seguridad-publica-en-eventos-multitudinarios-que-se-celebraran-durante-san-fermin\\\/\"]}]},{\"@type\":\"ImageObject\",\"inLanguage\":\"es\",\"@id\":\"https:\\\/\\\/www.laguiadepamplona.com\\\/actualidad\\\/pamplona-invita-a-policias-locales-de-varias-ciudades-a-las-primeras-jornadas-de-seguridad-publica-en-eventos-multitudinarios-que-se-celebraran-durante-san-fermin\\\/#primaryimage\",\"url\":\"https:\\\/\\\/www.laguiadepamplona.com\\\/actualidad\\\/wp-content\\\/uploads\\\/2022\\\/02\\\/policia-municipal.jpg\",\"contentUrl\":\"https:\\\/\\\/www.laguiadepamplona.com\\\/actualidad\\\/wp-content\\\/uploads\\\/2022\\\/02\\\/policia-municipal.jpg\",\"width\":1772,\"height\":1181,\"caption\":\"polic\u00eda municipal\"},{\"@type\":\"BreadcrumbList\",\"@id\":\"https:\\\/\\\/www.laguiadepamplona.com\\\/actualidad\\\/pamplona-invita-a-policias-locales-de-varias-ciudades-a-las-primeras-jornadas-de-seguridad-publica-en-eventos-multitudinarios-que-se-celebraran-durante-san-fermin\\\/#breadcrumb\",\"itemListElement\":[{\"@type\":\"ListItem\",\"position\":1,\"name\":\"Portada\",\"item\":\"https:\\\/\\\/www.laguiadepamplona.com\\\/actualidad\\\/\"},{\"@type\":\"ListItem\",\"position\":2,\"name\":\"Pamplona invita a polic\u00edas locales de varias ciudades a las primeras jornadas de seguridad p\u00fablica en eventos multitudinarios que se celebrar\u00e1n durante San Ferm\u00edn\"}]},{\"@type\":\"WebSite\",\"@id\":\"https:\\\/\\\/www.laguiadepamplona.com\\\/actualidad\\\/#website\",\"url\":\"https:\\\/\\\/www.laguiadepamplona.com\\\/actualidad\\\/\",\"name\":\"La gu\u00eda de Pamplona\",\"description\":\"Noticias de Pamplona\",\"publisher\":{\"@id\":\"https:\\\/\\\/www.laguiadepamplona.com\\\/actualidad\\\/#organization\"},\"potentialAction\":[{\"@type\":\"SearchAction\",\"target\":{\"@type\":\"EntryPoint\",\"urlTemplate\":\"https:\\\/\\\/www.laguiadepamplona.com\\\/actualidad\\\/?s={search_term_string}\"},\"query-input\":{\"@type\":\"PropertyValueSpecification\",\"valueRequired\":true,\"valueName\":\"search_term_string\"}}],\"inLanguage\":\"es\"},{\"@type\":\"Organization\",\"@id\":\"https:\\\/\\\/www.laguiadepamplona.com\\\/actualidad\\\/#organization\",\"name\":\"La Gu\u00eda de Pamplona \\\/ Noticias\",\"url\":\"https:\\\/\\\/www.laguiadepamplona.com\\\/actualidad\\\/\",\"logo\":{\"@type\":\"ImageObject\",\"inLanguage\":\"es\",\"@id\":\"https:\\\/\\\/www.laguiadepamplona.com\\\/actualidad\\\/#\\\/schema\\\/logo\\\/image\\\/\",\"url\":\"https:\\\/\\\/www.laguiadepamplona.com\\\/actualidad\\\/wp-content\\\/uploads\\\/2018\\\/11\\\/logo-laguiadepamplona18-web1.png\",\"contentUrl\":\"https:\\\/\\\/www.laguiadepamplona.com\\\/actualidad\\\/wp-content\\\/uploads\\\/2018\\\/11\\\/logo-laguiadepamplona18-web1.png\",\"width\":600,\"height\":196,\"caption\":\"La Gu\u00eda de Pamplona \\\/ Noticias\"},\"image\":{\"@id\":\"https:\\\/\\\/www.laguiadepamplona.com\\\/actualidad\\\/#\\\/schema\\\/logo\\\/image\\\/\"},\"sameAs\":[\"https:\\\/\\\/www.facebook.com\\\/laguiadepamplonacom-133175176762273\\\/?ref=hl\",\"https:\\\/\\\/x.com\\\/LaGuiadPamplona\",\"https:\\\/\\\/www.instagram.com\\\/la_guia_de_pamplona\\\/\",\"https:\\\/\\\/www.youtube.com\\\/user\\\/laguiadepamplona\"]},{\"@type\":\"Person\",\"@id\":\"https:\\\/\\\/www.laguiadepamplona.com\\\/actualidad\\\/#\\\/schema\\\/person\\\/efe887376f0213d4657c93adc50b1fdb\",\"name\":\"La Gu\u00eda de Pamplona\",\"image\":{\"@type\":\"ImageObject\",\"inLanguage\":\"es\",\"@id\":\"https:\\\/\\\/secure.gravatar.com\\\/avatar\\\/b6992f131dc8d30ab0dff15446e9d346d9dbd95992de0fef795073f5ea83a81c?s=96&d=mm&r=g\",\"url\":\"https:\\\/\\\/secure.gravatar.com\\\/avatar\\\/b6992f131dc8d30ab0dff15446e9d346d9dbd95992de0fef795073f5ea83a81c?s=96&d=mm&r=g\",\"contentUrl\":\"https:\\\/\\\/secure.gravatar.com\\\/avatar\\\/b6992f131dc8d30ab0dff15446e9d346d9dbd95992de0fef795073f5ea83a81c?s=96&d=mm&r=g\",\"caption\":\"La Gu\u00eda de Pamplona\"}}]}<\/script>\n<!-- \/ Yoast SEO plugin. -->","yoast_head_json":{"title":"Pamplona invita a polic\u00edas locales de varias ciudades a las primeras jornadas de seguridad p\u00fablica en eventos multitudinarios que se celebrar\u00e1n durante San Ferm\u00edn","description":"Se han remitido cartas a los ayuntamientos de Badajoz, Bilbao, Vitoria o Zaragoza, cuyas polic\u00edas han mostrado inter\u00e9s en los dispositivos de San Ferm\u00edn","robots":{"index":"index","follow":"follow","max-snippet":"max-snippet:-1","max-image-preview":"max-image-preview:large","max-video-preview":"max-video-preview:-1"},"canonical":"https:\/\/www.laguiadepamplona.com\/actualidad\/pamplona-invita-a-policias-locales-de-varias-ciudades-a-las-primeras-jornadas-de-seguridad-publica-en-eventos-multitudinarios-que-se-celebraran-durante-san-fermin\/","og_locale":"es_ES","og_type":"article","og_title":"Pamplona invita a polic\u00edas locales de varias ciudades a las primeras jornadas de seguridad p\u00fablica en eventos multitudinarios que se celebrar\u00e1n durante San Ferm\u00edn","og_description":"Se han remitido cartas a los ayuntamientos de Badajoz, Bilbao, Vitoria o Zaragoza, cuyas polic\u00edas han mostrado inter\u00e9s en los dispositivos de San Ferm\u00edn","og_url":"https:\/\/www.laguiadepamplona.com\/actualidad\/pamplona-invita-a-policias-locales-de-varias-ciudades-a-las-primeras-jornadas-de-seguridad-publica-en-eventos-multitudinarios-que-se-celebraran-durante-san-fermin\/","og_site_name":"La Gu\u00eda de Pamplona","article_publisher":"https:\/\/www.facebook.com\/laguiadepamplonacom-133175176762273\/?ref=hl","article_published_time":"2022-03-11T11:51:30+00:00","article_modified_time":"2023-04-11T09:48:25+00:00","og_image":[{"width":1772,"height":1181,"url":"https:\/\/www.laguiadepamplona.com\/actualidad\/wp-content\/uploads\/2022\/02\/policia-municipal.jpg","type":"image\/jpeg"}],"author":"La Gu\u00eda de Pamplona","twitter_card":"summary_large_image","twitter_creator":"@LaGuiadPamplona","twitter_site":"@LaGuiadPamplona","twitter_misc":{"Escrito por":"La Gu\u00eda de Pamplona","Tiempo de lectura":"3 minutos"},"schema":{"@context":"https:\/\/schema.org","@graph":[{"@type":"Article","@id":"https:\/\/www.laguiadepamplona.com\/actualidad\/pamplona-invita-a-policias-locales-de-varias-ciudades-a-las-primeras-jornadas-de-seguridad-publica-en-eventos-multitudinarios-que-se-celebraran-durante-san-fermin\/#article","isPartOf":{"@id":"https:\/\/www.laguiadepamplona.com\/actualidad\/pamplona-invita-a-policias-locales-de-varias-ciudades-a-las-primeras-jornadas-de-seguridad-publica-en-eventos-multitudinarios-que-se-celebraran-durante-san-fermin\/"},"author":{"name":"La Gu\u00eda de Pamplona","@id":"https:\/\/www.laguiadepamplona.com\/actualidad\/#\/schema\/person\/efe887376f0213d4657c93adc50b1fdb"},"headline":"Pamplona invita a polic\u00edas locales de varias ciudades a las primeras jornadas de seguridad p\u00fablica en eventos multitudinarios que se celebrar\u00e1n durante San Ferm\u00edn","datePublished":"2022-03-11T11:51:30+00:00","dateModified":"2023-04-11T09:48:25+00:00","mainEntityOfPage":{"@id":"https:\/\/www.laguiadepamplona.com\/actualidad\/pamplona-invita-a-policias-locales-de-varias-ciudades-a-las-primeras-jornadas-de-seguridad-publica-en-eventos-multitudinarios-que-se-celebraran-durante-san-fermin\/"},"wordCount":597,"commentCount":0,"publisher":{"@id":"https:\/\/www.laguiadepamplona.com\/actualidad\/#organization"},"image":{"@id":"https:\/\/www.laguiadepamplona.com\/actualidad\/pamplona-invita-a-policias-locales-de-varias-ciudades-a-las-primeras-jornadas-de-seguridad-publica-en-eventos-multitudinarios-que-se-celebraran-durante-san-fermin\/#primaryimage"},"thumbnailUrl":"https:\/\/www.laguiadepamplona.com\/actualidad\/wp-content\/uploads\/2022\/02\/policia-municipal.jpg","articleSection":["Ayto Pamplona"],"inLanguage":"es","potentialAction":[{"@type":"CommentAction","name":"Comment","target":["https:\/\/www.laguiadepamplona.com\/actualidad\/pamplona-invita-a-policias-locales-de-varias-ciudades-a-las-primeras-jornadas-de-seguridad-publica-en-eventos-multitudinarios-que-se-celebraran-durante-san-fermin\/#respond"]}]},{"@type":"WebPage","@id":"https:\/\/www.laguiadepamplona.com\/actualidad\/pamplona-invita-a-policias-locales-de-varias-ciudades-a-las-primeras-jornadas-de-seguridad-publica-en-eventos-multitudinarios-que-se-celebraran-durante-san-fermin\/","url":"https:\/\/www.laguiadepamplona.com\/actualidad\/pamplona-invita-a-policias-locales-de-varias-ciudades-a-las-primeras-jornadas-de-seguridad-publica-en-eventos-multitudinarios-que-se-celebraran-durante-san-fermin\/","name":"Pamplona invita a polic\u00edas locales de varias ciudades a las primeras jornadas de seguridad p\u00fablica en eventos multitudinarios que se celebrar\u00e1n durante San Ferm\u00edn","isPartOf":{"@id":"https:\/\/www.laguiadepamplona.com\/actualidad\/#website"},"primaryImageOfPage":{"@id":"https:\/\/www.laguiadepamplona.com\/actualidad\/pamplona-invita-a-policias-locales-de-varias-ciudades-a-las-primeras-jornadas-de-seguridad-publica-en-eventos-multitudinarios-que-se-celebraran-durante-san-fermin\/#primaryimage"},"image":{"@id":"https:\/\/www.laguiadepamplona.com\/actualidad\/pamplona-invita-a-policias-locales-de-varias-ciudades-a-las-primeras-jornadas-de-seguridad-publica-en-eventos-multitudinarios-que-se-celebraran-durante-san-fermin\/#primaryimage"},"thumbnailUrl":"https:\/\/www.laguiadepamplona.com\/actualidad\/wp-content\/uploads\/2022\/02\/policia-municipal.jpg","datePublished":"2022-03-11T11:51:30+00:00","dateModified":"2023-04-11T09:48:25+00:00","description":"Se han remitido cartas a los ayuntamientos de Badajoz, Bilbao, Vitoria o Zaragoza, cuyas polic\u00edas han mostrado inter\u00e9s en los dispositivos de San Ferm\u00edn","breadcrumb":{"@id":"https:\/\/www.laguiadepamplona.com\/actualidad\/pamplona-invita-a-policias-locales-de-varias-ciudades-a-las-primeras-jornadas-de-seguridad-publica-en-eventos-multitudinarios-que-se-celebraran-durante-san-fermin\/#breadcrumb"},"inLanguage":"es","potentialAction":[{"@type":"ReadAction","target":["https:\/\/www.laguiadepamplona.com\/actualidad\/pamplona-invita-a-policias-locales-de-varias-ciudades-a-las-primeras-jornadas-de-seguridad-publica-en-eventos-multitudinarios-que-se-celebraran-durante-san-fermin\/"]}]},{"@type":"ImageObject","inLanguage":"es","@id":"https:\/\/www.laguiadepamplona.com\/actualidad\/pamplona-invita-a-policias-locales-de-varias-ciudades-a-las-primeras-jornadas-de-seguridad-publica-en-eventos-multitudinarios-que-se-celebraran-durante-san-fermin\/#primaryimage","url":"https:\/\/www.laguiadepamplona.com\/actualidad\/wp-content\/uploads\/2022\/02\/policia-municipal.jpg","contentUrl":"https:\/\/www.laguiadepamplona.com\/actualidad\/wp-content\/uploads\/2022\/02\/policia-municipal.jpg","width":1772,"height":1181,"caption":"polic\u00eda municipal"},{"@type":"BreadcrumbList","@id":"https:\/\/www.laguiadepamplona.com\/actualidad\/pamplona-invita-a-policias-locales-de-varias-ciudades-a-las-primeras-jornadas-de-seguridad-publica-en-eventos-multitudinarios-que-se-celebraran-durante-san-fermin\/#breadcrumb","itemListElement":[{"@type":"ListItem","position":1,"name":"Portada","item":"https:\/\/www.laguiadepamplona.com\/actualidad\/"},{"@type":"ListItem","position":2,"name":"Pamplona invita a polic\u00edas locales de varias ciudades a las primeras jornadas de seguridad p\u00fablica en eventos multitudinarios que se celebrar\u00e1n durante San Ferm\u00edn"}]},{"@type":"WebSite","@id":"https:\/\/www.laguiadepamplona.com\/actualidad\/#website","url":"https:\/\/www.laguiadepamplona.com\/actualidad\/","name":"La gu\u00eda de Pamplona","description":"Noticias de Pamplona","publisher":{"@id":"https:\/\/www.laguiadepamplona.com\/actualidad\/#organization"},"potentialAction":[{"@type":"SearchAction","target":{"@type":"EntryPoint","urlTemplate":"https:\/\/www.laguiadepamplona.com\/actualidad\/?s={search_term_string}"},"query-input":{"@type":"PropertyValueSpecification","valueRequired":true,"valueName":"search_term_string"}}],"inLanguage":"es"},{"@type":"Organization","@id":"https:\/\/www.laguiadepamplona.com\/actualidad\/#organization","name":"La Gu\u00eda de Pamplona \/ Noticias","url":"https:\/\/www.laguiadepamplona.com\/actualidad\/","logo":{"@type":"ImageObject","inLanguage":"es","@id":"https:\/\/www.laguiadepamplona.com\/actualidad\/#\/schema\/logo\/image\/","url":"https:\/\/www.laguiadepamplona.com\/actualidad\/wp-content\/uploads\/2018\/11\/logo-laguiadepamplona18-web1.png","contentUrl":"https:\/\/www.laguiadepamplona.com\/actualidad\/wp-content\/uploads\/2018\/11\/logo-laguiadepamplona18-web1.png","width":600,"height":196,"caption":"La Gu\u00eda de Pamplona \/ Noticias"},"image":{"@id":"https:\/\/www.laguiadepamplona.com\/actualidad\/#\/schema\/logo\/image\/"},"sameAs":["https:\/\/www.facebook.com\/laguiadepamplonacom-133175176762273\/?ref=hl","https:\/\/x.com\/LaGuiadPamplona","https:\/\/www.instagram.com\/la_guia_de_pamplona\/","https:\/\/www.youtube.com\/user\/laguiadepamplona"]},{"@type":"Person","@id":"https:\/\/www.laguiadepamplona.com\/actualidad\/#\/schema\/person\/efe887376f0213d4657c93adc50b1fdb","name":"La Gu\u00eda de Pamplona","image":{"@type":"ImageObject","inLanguage":"es","@id":"https:\/\/secure.gravatar.com\/avatar\/b6992f131dc8d30ab0dff15446e9d346d9dbd95992de0fef795073f5ea83a81c?s=96&d=mm&r=g","url":"https:\/\/secure.gravatar.com\/avatar\/b6992f131dc8d30ab0dff15446e9d346d9dbd95992de0fef795073f5ea83a81c?s=96&d=mm&r=g","contentUrl":"https:\/\/secure.gravatar.com\/avatar\/b6992f131dc8d30ab0dff15446e9d346d9dbd95992de0fef795073f5ea83a81c?s=96&d=mm&r=g","caption":"La Gu\u00eda de Pamplona"}}]}},"post_mailing_queue_ids":[],"_links":{"self":[{"href":"https:\/\/www.laguiadepamplona.com\/actualidad\/wp-json\/wp\/v2\/posts\/39356","targetHints":{"allow":["GET"]}}],"collection":[{"href":"https:\/\/www.laguiadepamplona.com\/actualidad\/wp-json\/wp\/v2\/posts"}],"about":[{"href":"https:\/\/www.laguiadepamplona.com\/actualidad\/wp-json\/wp\/v2\/types\/post"}],"author":[{"embeddable":true,"href":"https:\/\/www.laguiadepamplona.com\/actualidad\/wp-json\/wp\/v2\/users\/1"}],"replies":[{"embeddable":true,"href":"https:\/\/www.laguiadepamplona.com\/actualidad\/wp-json\/wp\/v2\/comments?post=39356"}],"version-history":[{"count":0,"href":"https:\/\/www.laguiadepamplona.com\/actualidad\/wp-json\/wp\/v2\/posts\/39356\/revisions"}],"wp:featuredmedia":[{"embeddable":true,"href":"https:\/\/www.laguiadepamplona.com\/actualidad\/wp-json\/wp\/v2\/media\/38929"}],"wp:attachment":[{"href":"https:\/\/www.laguiadepamplona.com\/actualidad\/wp-json\/wp\/v2\/media?parent=39356"}],"wp:term":[{"taxonomy":"category","embeddable":true,"href":"https:\/\/www.laguiadepamplona.com\/actualidad\/wp-json\/wp\/v2\/categories?post=39356"},{"taxonomy":"post_tag","embeddable":true,"href":"https:\/\/www.laguiadepamplona.com\/actualidad\/wp-json\/wp\/v2\/tags?post=39356"}],"curies":[{"name":"wp","href":"https:\/\/api.w.org\/{rel}","templated":true}]}}