{"id":39350,"date":"2022-03-11T13:48:56","date_gmt":"2022-03-11T11:48:56","guid":{"rendered":"https:\/\/www.laguiadepamplona.com\/actualidad\/?p=39350"},"modified":"2023-04-11T11:48:25","modified_gmt":"2023-04-11T09:48:25","slug":"el-ayuntamiento-de-pamplona-reformara-durante-el-verano-los-banos-y-vestuarios-del-gimnasio-en-cpeip-amaiur-ikastola","status":"publish","type":"post","link":"https:\/\/www.laguiadepamplona.com\/actualidad\/el-ayuntamiento-de-pamplona-reformara-durante-el-verano-los-banos-y-vestuarios-del-gimnasio-en-cpeip-amaiur-ikastola\/","title":{"rendered":"El Ayuntamiento de Pamplona reformar\u00e1 durante el verano los ba\u00f1os y vestuarios del gimnasio en CPEIP Amaiur ikastola"},"content":{"rendered":"<h5>El presupuesto de licitaci\u00f3n de las obras alcanza los 161.998,59 euros y el plazo de ejecuci\u00f3n es de dos meses<\/h5>\n<p><!--more--><\/p>\n<p>La Junta de Gobierno Local aprob\u00f3 el pasado lunes la licitaci\u00f3n de las obras para la reforma de los ba\u00f1os y los vestuarios del gimnasio en CPEIP Amaiur ikastola. Los trabajos tendr\u00e1n lugar durante el verano, con un plazo de ejecuci\u00f3n de dos meses. El presupuesto de licitaci\u00f3n asciende a 161.998,59 euros. Con esta actuaci\u00f3n se pretenden mejorar las condiciones del centro escolar, as\u00ed como adaptar uno de los aseos para cumplir con la normativa sobre accesibilidad universal.<br \/>\n<script async src=\"\/\/pagead2.googlesyndication.com\/pagead\/js\/adsbygoogle.js\"><\/script><br \/>\n<!-- Noticias La Guia de Pamplona --><br \/>\n<ins class=\"adsbygoogle\"\nstyle=\"display:block\"\ndata-ad-client=\"ca-pub-6943679897239327\"\ndata-ad-slot=\"7048180777\"\ndata-ad-format=\"auto\"><\/ins><br \/>\n<script>\n(adsbygoogle = window.adsbygoogle || []).push({});\n<\/script><\/p>\n<p>El proyecto contempla la reforma total de los ba\u00f1os, de sus correspondientes vest\u00edbulos previos, los vestuarios de ambos sexos y de la zona de ba\u00f1o del monitor de educaci\u00f3n f\u00edsica. Las estancias son todas de planta rectangular y tienen una altura libre de 3 metros. Uno de los aseos de la planta baja se adaptar\u00e1 a la actual normativa de accesibilidad, que no estaba vigente cuando se construy\u00f3 el centro en 1986, y el resto mantendr\u00e1n su morfolog\u00eda, equip\u00e1ndolos con aparatos sanitarios adecuados a la edad y talla de los menores y profesorado usuarios.<\/p>\n<p>Las obras incluyen la renovaci\u00f3n de revestimientos de suelos, paredes y techos para mejorar el aspecto est\u00e9tico de las estancias. Esas estancias se alicatar\u00e1n y solar\u00e1n con gres porcel\u00e1nico y se colocar\u00e1 falso techo. Se cambiar\u00e1n tambi\u00e9n todas las carpinter\u00edas exteriores, que se sustituir\u00e1n por carpinter\u00edas de aluminio con rotura de puente t\u00e9rmico y cantos rectos, con doble acristalamiento. Se sustituir\u00e1n las puertas interiores por puertas de madera forradas en formica, siendo dos de ellas, puertas correderas. A su vez se renuevan las instalaciones de saneamiento, fontaner\u00eda, calefacci\u00f3n y electricidad.<br \/>\n<script async src=\"\/\/pagead2.googlesyndication.com\/pagead\/js\/adsbygoogle.js\"><\/script><br \/>\n<!-- Noticias La Guia de Pamplona --><br \/>\n<ins class=\"adsbygoogle\"\nstyle=\"display:block\"\ndata-ad-client=\"ca-pub-6943679897239327\"\ndata-ad-slot=\"7048180777\"\ndata-ad-format=\"auto\"><\/ins><br \/>\n<script>\n(adsbygoogle = window.adsbygoogle || []).push({});\n<\/script><\/p>\n<p>El plazo de presentaci\u00f3n de ofertas comenzar\u00e1 una vez que el anuncio de licitaci\u00f3n se publique en el Portal de Contrataci\u00f3n de Navarra. La oferta econ\u00f3mica se valorar\u00e1 con un m\u00e1ximo de 45 puntos, la propuesta t\u00e9cnica con hasta 40 puntos, los criterios sociales hasta 10 puntos y los criterios medioambientales hasta 5 puntos.<\/p>\n","protected":false},"excerpt":{"rendered":"<p>El presupuesto de licitaci\u00f3n de las obras alcanza los 161.998,59 euros y el plazo de ejecuci\u00f3n es de dos meses<\/p>\n","protected":false},"author":1,"featured_media":39351,"comment_status":"open","ping_status":"closed","sticky":false,"template":"","format":"standard","meta":{"footnotes":""},"categories":[2],"tags":[],"class_list":["post-39350","post","type-post","status-publish","format-standard","has-post-thumbnail","hentry","category-ayuntamiento-pamplona"],"yoast_head":"<!-- This site is optimized with the Yoast SEO plugin v27.3 - https:\/\/yoast.com\/product\/yoast-seo-wordpress\/ -->\n<title>El Ayuntamiento de Pamplona reformar\u00e1 durante el verano los ba\u00f1os y vestuarios del gimnasio en CPEIP Amaiur ikastola<\/title>\n<meta name=\"description\" content=\"El presupuesto de licitaci\u00f3n de las obras alcanza los 161.998,59 euros y el plazo de ejecuci\u00f3n es de dos meses\" \/>\n<meta name=\"robots\" content=\"index, follow, max-snippet:-1, max-image-preview:large, max-video-preview:-1\" \/>\n<link rel=\"canonical\" href=\"https:\/\/www.laguiadepamplona.com\/actualidad\/el-ayuntamiento-de-pamplona-reformara-durante-el-verano-los-banos-y-vestuarios-del-gimnasio-en-cpeip-amaiur-ikastola\/\" \/>\n<meta property=\"og:locale\" content=\"es_ES\" \/>\n<meta property=\"og:type\" content=\"article\" \/>\n<meta property=\"og:title\" content=\"El Ayuntamiento de Pamplona reformar\u00e1 durante el verano los ba\u00f1os y vestuarios del gimnasio en CPEIP Amaiur ikastola\" \/>\n<meta property=\"og:description\" content=\"El presupuesto de licitaci\u00f3n de las obras alcanza los 161.998,59 euros y el plazo de ejecuci\u00f3n es de dos meses\" \/>\n<meta property=\"og:url\" content=\"https:\/\/www.laguiadepamplona.com\/actualidad\/el-ayuntamiento-de-pamplona-reformara-durante-el-verano-los-banos-y-vestuarios-del-gimnasio-en-cpeip-amaiur-ikastola\/\" \/>\n<meta property=\"og:site_name\" content=\"La Gu\u00eda de Pamplona\" \/>\n<meta property=\"article:publisher\" content=\"https:\/\/www.facebook.com\/laguiadepamplonacom-133175176762273\/?ref=hl\" \/>\n<meta property=\"article:published_time\" content=\"2022-03-11T11:48:56+00:00\" \/>\n<meta property=\"article:modified_time\" content=\"2023-04-11T09:48:25+00:00\" \/>\n<meta property=\"og:image\" content=\"https:\/\/www.laguiadepamplona.com\/actualidad\/wp-content\/uploads\/2022\/03\/aseos_banos_txiki-web.jpg\" \/>\n\t<meta property=\"og:image:width\" content=\"850\" \/>\n\t<meta property=\"og:image:height\" content=\"609\" \/>\n\t<meta property=\"og:image:type\" content=\"image\/jpeg\" \/>\n<meta name=\"author\" content=\"La Gu\u00eda de Pamplona\" \/>\n<meta name=\"twitter:card\" content=\"summary_large_image\" \/>\n<meta name=\"twitter:creator\" content=\"@LaGuiadPamplona\" \/>\n<meta name=\"twitter:site\" content=\"@LaGuiadPamplona\" \/>\n<meta name=\"twitter:label1\" content=\"Escrito por\" \/>\n\t<meta name=\"twitter:data1\" content=\"La Gu\u00eda de Pamplona\" \/>\n\t<meta name=\"twitter:label2\" content=\"Tiempo de lectura\" \/>\n\t<meta name=\"twitter:data2\" content=\"2 minutos\" \/>\n<script type=\"application\/ld+json\" class=\"yoast-schema-graph\">{\"@context\":\"https:\\\/\\\/schema.org\",\"@graph\":[{\"@type\":\"Article\",\"@id\":\"https:\\\/\\\/www.laguiadepamplona.com\\\/actualidad\\\/el-ayuntamiento-de-pamplona-reformara-durante-el-verano-los-banos-y-vestuarios-del-gimnasio-en-cpeip-amaiur-ikastola\\\/#article\",\"isPartOf\":{\"@id\":\"https:\\\/\\\/www.laguiadepamplona.com\\\/actualidad\\\/el-ayuntamiento-de-pamplona-reformara-durante-el-verano-los-banos-y-vestuarios-del-gimnasio-en-cpeip-amaiur-ikastola\\\/\"},\"author\":{\"name\":\"La Gu\u00eda de Pamplona\",\"@id\":\"https:\\\/\\\/www.laguiadepamplona.com\\\/actualidad\\\/#\\\/schema\\\/person\\\/efe887376f0213d4657c93adc50b1fdb\"},\"headline\":\"El Ayuntamiento de Pamplona reformar\u00e1 durante el verano los ba\u00f1os y vestuarios del gimnasio en CPEIP Amaiur ikastola\",\"datePublished\":\"2022-03-11T11:48:56+00:00\",\"dateModified\":\"2023-04-11T09:48:25+00:00\",\"mainEntityOfPage\":{\"@id\":\"https:\\\/\\\/www.laguiadepamplona.com\\\/actualidad\\\/el-ayuntamiento-de-pamplona-reformara-durante-el-verano-los-banos-y-vestuarios-del-gimnasio-en-cpeip-amaiur-ikastola\\\/\"},\"wordCount\":383,\"commentCount\":0,\"publisher\":{\"@id\":\"https:\\\/\\\/www.laguiadepamplona.com\\\/actualidad\\\/#organization\"},\"image\":{\"@id\":\"https:\\\/\\\/www.laguiadepamplona.com\\\/actualidad\\\/el-ayuntamiento-de-pamplona-reformara-durante-el-verano-los-banos-y-vestuarios-del-gimnasio-en-cpeip-amaiur-ikastola\\\/#primaryimage\"},\"thumbnailUrl\":\"https:\\\/\\\/www.laguiadepamplona.com\\\/actualidad\\\/wp-content\\\/uploads\\\/2022\\\/03\\\/aseos_banos_txiki-web.jpg\",\"articleSection\":[\"Ayto Pamplona\"],\"inLanguage\":\"es\",\"potentialAction\":[{\"@type\":\"CommentAction\",\"name\":\"Comment\",\"target\":[\"https:\\\/\\\/www.laguiadepamplona.com\\\/actualidad\\\/el-ayuntamiento-de-pamplona-reformara-durante-el-verano-los-banos-y-vestuarios-del-gimnasio-en-cpeip-amaiur-ikastola\\\/#respond\"]}]},{\"@type\":\"WebPage\",\"@id\":\"https:\\\/\\\/www.laguiadepamplona.com\\\/actualidad\\\/el-ayuntamiento-de-pamplona-reformara-durante-el-verano-los-banos-y-vestuarios-del-gimnasio-en-cpeip-amaiur-ikastola\\\/\",\"url\":\"https:\\\/\\\/www.laguiadepamplona.com\\\/actualidad\\\/el-ayuntamiento-de-pamplona-reformara-durante-el-verano-los-banos-y-vestuarios-del-gimnasio-en-cpeip-amaiur-ikastola\\\/\",\"name\":\"El Ayuntamiento de Pamplona reformar\u00e1 durante el verano los ba\u00f1os y vestuarios del gimnasio en CPEIP Amaiur ikastola\",\"isPartOf\":{\"@id\":\"https:\\\/\\\/www.laguiadepamplona.com\\\/actualidad\\\/#website\"},\"primaryImageOfPage\":{\"@id\":\"https:\\\/\\\/www.laguiadepamplona.com\\\/actualidad\\\/el-ayuntamiento-de-pamplona-reformara-durante-el-verano-los-banos-y-vestuarios-del-gimnasio-en-cpeip-amaiur-ikastola\\\/#primaryimage\"},\"image\":{\"@id\":\"https:\\\/\\\/www.laguiadepamplona.com\\\/actualidad\\\/el-ayuntamiento-de-pamplona-reformara-durante-el-verano-los-banos-y-vestuarios-del-gimnasio-en-cpeip-amaiur-ikastola\\\/#primaryimage\"},\"thumbnailUrl\":\"https:\\\/\\\/www.laguiadepamplona.com\\\/actualidad\\\/wp-content\\\/uploads\\\/2022\\\/03\\\/aseos_banos_txiki-web.jpg\",\"datePublished\":\"2022-03-11T11:48:56+00:00\",\"dateModified\":\"2023-04-11T09:48:25+00:00\",\"description\":\"El presupuesto de licitaci\u00f3n de las obras alcanza los 161.998,59 euros y el plazo de ejecuci\u00f3n es de dos meses\",\"breadcrumb\":{\"@id\":\"https:\\\/\\\/www.laguiadepamplona.com\\\/actualidad\\\/el-ayuntamiento-de-pamplona-reformara-durante-el-verano-los-banos-y-vestuarios-del-gimnasio-en-cpeip-amaiur-ikastola\\\/#breadcrumb\"},\"inLanguage\":\"es\",\"potentialAction\":[{\"@type\":\"ReadAction\",\"target\":[\"https:\\\/\\\/www.laguiadepamplona.com\\\/actualidad\\\/el-ayuntamiento-de-pamplona-reformara-durante-el-verano-los-banos-y-vestuarios-del-gimnasio-en-cpeip-amaiur-ikastola\\\/\"]}]},{\"@type\":\"ImageObject\",\"inLanguage\":\"es\",\"@id\":\"https:\\\/\\\/www.laguiadepamplona.com\\\/actualidad\\\/el-ayuntamiento-de-pamplona-reformara-durante-el-verano-los-banos-y-vestuarios-del-gimnasio-en-cpeip-amaiur-ikastola\\\/#primaryimage\",\"url\":\"https:\\\/\\\/www.laguiadepamplona.com\\\/actualidad\\\/wp-content\\\/uploads\\\/2022\\\/03\\\/aseos_banos_txiki-web.jpg\",\"contentUrl\":\"https:\\\/\\\/www.laguiadepamplona.com\\\/actualidad\\\/wp-content\\\/uploads\\\/2022\\\/03\\\/aseos_banos_txiki-web.jpg\",\"width\":850,\"height\":609},{\"@type\":\"BreadcrumbList\",\"@id\":\"https:\\\/\\\/www.laguiadepamplona.com\\\/actualidad\\\/el-ayuntamiento-de-pamplona-reformara-durante-el-verano-los-banos-y-vestuarios-del-gimnasio-en-cpeip-amaiur-ikastola\\\/#breadcrumb\",\"itemListElement\":[{\"@type\":\"ListItem\",\"position\":1,\"name\":\"Portada\",\"item\":\"https:\\\/\\\/www.laguiadepamplona.com\\\/actualidad\\\/\"},{\"@type\":\"ListItem\",\"position\":2,\"name\":\"El Ayuntamiento de Pamplona reformar\u00e1 durante el verano los ba\u00f1os y vestuarios del gimnasio en CPEIP Amaiur ikastola\"}]},{\"@type\":\"WebSite\",\"@id\":\"https:\\\/\\\/www.laguiadepamplona.com\\\/actualidad\\\/#website\",\"url\":\"https:\\\/\\\/www.laguiadepamplona.com\\\/actualidad\\\/\",\"name\":\"La gu\u00eda de Pamplona\",\"description\":\"Noticias de Pamplona\",\"publisher\":{\"@id\":\"https:\\\/\\\/www.laguiadepamplona.com\\\/actualidad\\\/#organization\"},\"potentialAction\":[{\"@type\":\"SearchAction\",\"target\":{\"@type\":\"EntryPoint\",\"urlTemplate\":\"https:\\\/\\\/www.laguiadepamplona.com\\\/actualidad\\\/?s={search_term_string}\"},\"query-input\":{\"@type\":\"PropertyValueSpecification\",\"valueRequired\":true,\"valueName\":\"search_term_string\"}}],\"inLanguage\":\"es\"},{\"@type\":\"Organization\",\"@id\":\"https:\\\/\\\/www.laguiadepamplona.com\\\/actualidad\\\/#organization\",\"name\":\"La Gu\u00eda de Pamplona \\\/ Noticias\",\"url\":\"https:\\\/\\\/www.laguiadepamplona.com\\\/actualidad\\\/\",\"logo\":{\"@type\":\"ImageObject\",\"inLanguage\":\"es\",\"@id\":\"https:\\\/\\\/www.laguiadepamplona.com\\\/actualidad\\\/#\\\/schema\\\/logo\\\/image\\\/\",\"url\":\"https:\\\/\\\/www.laguiadepamplona.com\\\/actualidad\\\/wp-content\\\/uploads\\\/2018\\\/11\\\/logo-laguiadepamplona18-web1.png\",\"contentUrl\":\"https:\\\/\\\/www.laguiadepamplona.com\\\/actualidad\\\/wp-content\\\/uploads\\\/2018\\\/11\\\/logo-laguiadepamplona18-web1.png\",\"width\":600,\"height\":196,\"caption\":\"La Gu\u00eda de Pamplona \\\/ Noticias\"},\"image\":{\"@id\":\"https:\\\/\\\/www.laguiadepamplona.com\\\/actualidad\\\/#\\\/schema\\\/logo\\\/image\\\/\"},\"sameAs\":[\"https:\\\/\\\/www.facebook.com\\\/laguiadepamplonacom-133175176762273\\\/?ref=hl\",\"https:\\\/\\\/x.com\\\/LaGuiadPamplona\",\"https:\\\/\\\/www.instagram.com\\\/la_guia_de_pamplona\\\/\",\"https:\\\/\\\/www.youtube.com\\\/user\\\/laguiadepamplona\"]},{\"@type\":\"Person\",\"@id\":\"https:\\\/\\\/www.laguiadepamplona.com\\\/actualidad\\\/#\\\/schema\\\/person\\\/efe887376f0213d4657c93adc50b1fdb\",\"name\":\"La Gu\u00eda de Pamplona\",\"image\":{\"@type\":\"ImageObject\",\"inLanguage\":\"es\",\"@id\":\"https:\\\/\\\/secure.gravatar.com\\\/avatar\\\/b6992f131dc8d30ab0dff15446e9d346d9dbd95992de0fef795073f5ea83a81c?s=96&d=mm&r=g\",\"url\":\"https:\\\/\\\/secure.gravatar.com\\\/avatar\\\/b6992f131dc8d30ab0dff15446e9d346d9dbd95992de0fef795073f5ea83a81c?s=96&d=mm&r=g\",\"contentUrl\":\"https:\\\/\\\/secure.gravatar.com\\\/avatar\\\/b6992f131dc8d30ab0dff15446e9d346d9dbd95992de0fef795073f5ea83a81c?s=96&d=mm&r=g\",\"caption\":\"La Gu\u00eda de Pamplona\"}}]}<\/script>\n<!-- \/ Yoast SEO plugin. -->","yoast_head_json":{"title":"El Ayuntamiento de Pamplona reformar\u00e1 durante el verano los ba\u00f1os y vestuarios del gimnasio en CPEIP Amaiur ikastola","description":"El presupuesto de licitaci\u00f3n de las obras alcanza los 161.998,59 euros y el plazo de ejecuci\u00f3n es de dos meses","robots":{"index":"index","follow":"follow","max-snippet":"max-snippet:-1","max-image-preview":"max-image-preview:large","max-video-preview":"max-video-preview:-1"},"canonical":"https:\/\/www.laguiadepamplona.com\/actualidad\/el-ayuntamiento-de-pamplona-reformara-durante-el-verano-los-banos-y-vestuarios-del-gimnasio-en-cpeip-amaiur-ikastola\/","og_locale":"es_ES","og_type":"article","og_title":"El Ayuntamiento de Pamplona reformar\u00e1 durante el verano los ba\u00f1os y vestuarios del gimnasio en CPEIP Amaiur ikastola","og_description":"El presupuesto de licitaci\u00f3n de las obras alcanza los 161.998,59 euros y el plazo de ejecuci\u00f3n es de dos meses","og_url":"https:\/\/www.laguiadepamplona.com\/actualidad\/el-ayuntamiento-de-pamplona-reformara-durante-el-verano-los-banos-y-vestuarios-del-gimnasio-en-cpeip-amaiur-ikastola\/","og_site_name":"La Gu\u00eda de Pamplona","article_publisher":"https:\/\/www.facebook.com\/laguiadepamplonacom-133175176762273\/?ref=hl","article_published_time":"2022-03-11T11:48:56+00:00","article_modified_time":"2023-04-11T09:48:25+00:00","og_image":[{"width":850,"height":609,"url":"https:\/\/www.laguiadepamplona.com\/actualidad\/wp-content\/uploads\/2022\/03\/aseos_banos_txiki-web.jpg","type":"image\/jpeg"}],"author":"La Gu\u00eda de Pamplona","twitter_card":"summary_large_image","twitter_creator":"@LaGuiadPamplona","twitter_site":"@LaGuiadPamplona","twitter_misc":{"Escrito por":"La Gu\u00eda de Pamplona","Tiempo de lectura":"2 minutos"},"schema":{"@context":"https:\/\/schema.org","@graph":[{"@type":"Article","@id":"https:\/\/www.laguiadepamplona.com\/actualidad\/el-ayuntamiento-de-pamplona-reformara-durante-el-verano-los-banos-y-vestuarios-del-gimnasio-en-cpeip-amaiur-ikastola\/#article","isPartOf":{"@id":"https:\/\/www.laguiadepamplona.com\/actualidad\/el-ayuntamiento-de-pamplona-reformara-durante-el-verano-los-banos-y-vestuarios-del-gimnasio-en-cpeip-amaiur-ikastola\/"},"author":{"name":"La Gu\u00eda de Pamplona","@id":"https:\/\/www.laguiadepamplona.com\/actualidad\/#\/schema\/person\/efe887376f0213d4657c93adc50b1fdb"},"headline":"El Ayuntamiento de Pamplona reformar\u00e1 durante el verano los ba\u00f1os y vestuarios del gimnasio en CPEIP Amaiur ikastola","datePublished":"2022-03-11T11:48:56+00:00","dateModified":"2023-04-11T09:48:25+00:00","mainEntityOfPage":{"@id":"https:\/\/www.laguiadepamplona.com\/actualidad\/el-ayuntamiento-de-pamplona-reformara-durante-el-verano-los-banos-y-vestuarios-del-gimnasio-en-cpeip-amaiur-ikastola\/"},"wordCount":383,"commentCount":0,"publisher":{"@id":"https:\/\/www.laguiadepamplona.com\/actualidad\/#organization"},"image":{"@id":"https:\/\/www.laguiadepamplona.com\/actualidad\/el-ayuntamiento-de-pamplona-reformara-durante-el-verano-los-banos-y-vestuarios-del-gimnasio-en-cpeip-amaiur-ikastola\/#primaryimage"},"thumbnailUrl":"https:\/\/www.laguiadepamplona.com\/actualidad\/wp-content\/uploads\/2022\/03\/aseos_banos_txiki-web.jpg","articleSection":["Ayto Pamplona"],"inLanguage":"es","potentialAction":[{"@type":"CommentAction","name":"Comment","target":["https:\/\/www.laguiadepamplona.com\/actualidad\/el-ayuntamiento-de-pamplona-reformara-durante-el-verano-los-banos-y-vestuarios-del-gimnasio-en-cpeip-amaiur-ikastola\/#respond"]}]},{"@type":"WebPage","@id":"https:\/\/www.laguiadepamplona.com\/actualidad\/el-ayuntamiento-de-pamplona-reformara-durante-el-verano-los-banos-y-vestuarios-del-gimnasio-en-cpeip-amaiur-ikastola\/","url":"https:\/\/www.laguiadepamplona.com\/actualidad\/el-ayuntamiento-de-pamplona-reformara-durante-el-verano-los-banos-y-vestuarios-del-gimnasio-en-cpeip-amaiur-ikastola\/","name":"El Ayuntamiento de Pamplona reformar\u00e1 durante el verano los ba\u00f1os y vestuarios del gimnasio en CPEIP Amaiur ikastola","isPartOf":{"@id":"https:\/\/www.laguiadepamplona.com\/actualidad\/#website"},"primaryImageOfPage":{"@id":"https:\/\/www.laguiadepamplona.com\/actualidad\/el-ayuntamiento-de-pamplona-reformara-durante-el-verano-los-banos-y-vestuarios-del-gimnasio-en-cpeip-amaiur-ikastola\/#primaryimage"},"image":{"@id":"https:\/\/www.laguiadepamplona.com\/actualidad\/el-ayuntamiento-de-pamplona-reformara-durante-el-verano-los-banos-y-vestuarios-del-gimnasio-en-cpeip-amaiur-ikastola\/#primaryimage"},"thumbnailUrl":"https:\/\/www.laguiadepamplona.com\/actualidad\/wp-content\/uploads\/2022\/03\/aseos_banos_txiki-web.jpg","datePublished":"2022-03-11T11:48:56+00:00","dateModified":"2023-04-11T09:48:25+00:00","description":"El presupuesto de licitaci\u00f3n de las obras alcanza los 161.998,59 euros y el plazo de ejecuci\u00f3n es de dos meses","breadcrumb":{"@id":"https:\/\/www.laguiadepamplona.com\/actualidad\/el-ayuntamiento-de-pamplona-reformara-durante-el-verano-los-banos-y-vestuarios-del-gimnasio-en-cpeip-amaiur-ikastola\/#breadcrumb"},"inLanguage":"es","potentialAction":[{"@type":"ReadAction","target":["https:\/\/www.laguiadepamplona.com\/actualidad\/el-ayuntamiento-de-pamplona-reformara-durante-el-verano-los-banos-y-vestuarios-del-gimnasio-en-cpeip-amaiur-ikastola\/"]}]},{"@type":"ImageObject","inLanguage":"es","@id":"https:\/\/www.laguiadepamplona.com\/actualidad\/el-ayuntamiento-de-pamplona-reformara-durante-el-verano-los-banos-y-vestuarios-del-gimnasio-en-cpeip-amaiur-ikastola\/#primaryimage","url":"https:\/\/www.laguiadepamplona.com\/actualidad\/wp-content\/uploads\/2022\/03\/aseos_banos_txiki-web.jpg","contentUrl":"https:\/\/www.laguiadepamplona.com\/actualidad\/wp-content\/uploads\/2022\/03\/aseos_banos_txiki-web.jpg","width":850,"height":609},{"@type":"BreadcrumbList","@id":"https:\/\/www.laguiadepamplona.com\/actualidad\/el-ayuntamiento-de-pamplona-reformara-durante-el-verano-los-banos-y-vestuarios-del-gimnasio-en-cpeip-amaiur-ikastola\/#breadcrumb","itemListElement":[{"@type":"ListItem","position":1,"name":"Portada","item":"https:\/\/www.laguiadepamplona.com\/actualidad\/"},{"@type":"ListItem","position":2,"name":"El Ayuntamiento de Pamplona reformar\u00e1 durante el verano los ba\u00f1os y vestuarios del gimnasio en CPEIP Amaiur ikastola"}]},{"@type":"WebSite","@id":"https:\/\/www.laguiadepamplona.com\/actualidad\/#website","url":"https:\/\/www.laguiadepamplona.com\/actualidad\/","name":"La gu\u00eda de Pamplona","description":"Noticias de Pamplona","publisher":{"@id":"https:\/\/www.laguiadepamplona.com\/actualidad\/#organization"},"potentialAction":[{"@type":"SearchAction","target":{"@type":"EntryPoint","urlTemplate":"https:\/\/www.laguiadepamplona.com\/actualidad\/?s={search_term_string}"},"query-input":{"@type":"PropertyValueSpecification","valueRequired":true,"valueName":"search_term_string"}}],"inLanguage":"es"},{"@type":"Organization","@id":"https:\/\/www.laguiadepamplona.com\/actualidad\/#organization","name":"La Gu\u00eda de Pamplona \/ Noticias","url":"https:\/\/www.laguiadepamplona.com\/actualidad\/","logo":{"@type":"ImageObject","inLanguage":"es","@id":"https:\/\/www.laguiadepamplona.com\/actualidad\/#\/schema\/logo\/image\/","url":"https:\/\/www.laguiadepamplona.com\/actualidad\/wp-content\/uploads\/2018\/11\/logo-laguiadepamplona18-web1.png","contentUrl":"https:\/\/www.laguiadepamplona.com\/actualidad\/wp-content\/uploads\/2018\/11\/logo-laguiadepamplona18-web1.png","width":600,"height":196,"caption":"La Gu\u00eda de Pamplona \/ Noticias"},"image":{"@id":"https:\/\/www.laguiadepamplona.com\/actualidad\/#\/schema\/logo\/image\/"},"sameAs":["https:\/\/www.facebook.com\/laguiadepamplonacom-133175176762273\/?ref=hl","https:\/\/x.com\/LaGuiadPamplona","https:\/\/www.instagram.com\/la_guia_de_pamplona\/","https:\/\/www.youtube.com\/user\/laguiadepamplona"]},{"@type":"Person","@id":"https:\/\/www.laguiadepamplona.com\/actualidad\/#\/schema\/person\/efe887376f0213d4657c93adc50b1fdb","name":"La Gu\u00eda de Pamplona","image":{"@type":"ImageObject","inLanguage":"es","@id":"https:\/\/secure.gravatar.com\/avatar\/b6992f131dc8d30ab0dff15446e9d346d9dbd95992de0fef795073f5ea83a81c?s=96&d=mm&r=g","url":"https:\/\/secure.gravatar.com\/avatar\/b6992f131dc8d30ab0dff15446e9d346d9dbd95992de0fef795073f5ea83a81c?s=96&d=mm&r=g","contentUrl":"https:\/\/secure.gravatar.com\/avatar\/b6992f131dc8d30ab0dff15446e9d346d9dbd95992de0fef795073f5ea83a81c?s=96&d=mm&r=g","caption":"La Gu\u00eda de Pamplona"}}]}},"post_mailing_queue_ids":[],"_links":{"self":[{"href":"https:\/\/www.laguiadepamplona.com\/actualidad\/wp-json\/wp\/v2\/posts\/39350","targetHints":{"allow":["GET"]}}],"collection":[{"href":"https:\/\/www.laguiadepamplona.com\/actualidad\/wp-json\/wp\/v2\/posts"}],"about":[{"href":"https:\/\/www.laguiadepamplona.com\/actualidad\/wp-json\/wp\/v2\/types\/post"}],"author":[{"embeddable":true,"href":"https:\/\/www.laguiadepamplona.com\/actualidad\/wp-json\/wp\/v2\/users\/1"}],"replies":[{"embeddable":true,"href":"https:\/\/www.laguiadepamplona.com\/actualidad\/wp-json\/wp\/v2\/comments?post=39350"}],"version-history":[{"count":0,"href":"https:\/\/www.laguiadepamplona.com\/actualidad\/wp-json\/wp\/v2\/posts\/39350\/revisions"}],"wp:featuredmedia":[{"embeddable":true,"href":"https:\/\/www.laguiadepamplona.com\/actualidad\/wp-json\/wp\/v2\/media\/39351"}],"wp:attachment":[{"href":"https:\/\/www.laguiadepamplona.com\/actualidad\/wp-json\/wp\/v2\/media?parent=39350"}],"wp:term":[{"taxonomy":"category","embeddable":true,"href":"https:\/\/www.laguiadepamplona.com\/actualidad\/wp-json\/wp\/v2\/categories?post=39350"},{"taxonomy":"post_tag","embeddable":true,"href":"https:\/\/www.laguiadepamplona.com\/actualidad\/wp-json\/wp\/v2\/tags?post=39350"}],"curies":[{"name":"wp","href":"https:\/\/api.w.org\/{rel}","templated":true}]}}