{"id":39347,"date":"2022-03-11T13:47:20","date_gmt":"2022-03-11T11:47:20","guid":{"rendered":"https:\/\/www.laguiadepamplona.com\/actualidad\/?p=39347"},"modified":"2023-04-11T11:48:25","modified_gmt":"2023-04-11T09:48:25","slug":"artea-oinez-presenta-en-condestable-las-creaciones-multidisciplinares-de-86-artistas-que-este-ano-homenajean-al-pintor-tafalles-javier-esquiroz","status":"publish","type":"post","link":"https:\/\/www.laguiadepamplona.com\/actualidad\/artea-oinez-presenta-en-condestable-las-creaciones-multidisciplinares-de-86-artistas-que-este-ano-homenajean-al-pintor-tafalles-javier-esquiroz\/","title":{"rendered":"Artea Oinez presenta en Condestable las creaciones multidisciplinares de 86 artistas, que este a\u00f1o homenajean al pintor tafall\u00e9s Javier Esqu\u00edroz"},"content":{"rendered":"<h5>La muestra, que se puede visitar hasta el 24 de abril, habla en esta edici\u00f3n del movimiento, orientado a la reflexi\u00f3n y la mejora social a trav\u00e9s de la cultura<\/h5>\n<p><!--more--><\/p>\n<p>Artea Oinez cumple su vig\u00e9simo quinto aniversario con una nueva exposici\u00f3n que re\u00fane obras multidisciplinares de 86 artistas que han querido colaborar de forma desinteresada en esta muestra vinculada al Nafarroa Oinez 2022, que se celebrar\u00e1 en Tafalla. La exposici\u00f3n est\u00e1 dedicada este a\u00f1o al movimiento, con creaciones de diferentes estilos y t\u00e9cnicas, y rinde homenaje a la figura del artista tafall\u00e9s Javier Esqu\u00edroz. Se podr\u00e1 visitar hasta el pr\u00f3ximo 254 de abril en las salas 1 y 2 en la primera planta del Palacio del Condestable.<\/p>\n<p>El director de Cultura e Igualdad, Jorge Urd\u00e1noz, el director de la Federaci\u00f3n Navarra de Ikastolas, Josu Rep\u00e1raz, y la directora de Garc\u00e9s de los Fayos Ikastola de Tafalla, Paula Arregui, han presentado esta ma\u00f1ana la muestra. Las dos salas de Condestable, y tambi\u00e9n el Centro Cultural de Tafalla, acogen esta exposici\u00f3n din\u00e1mica, en movimiento, con esculturas, esculto-pinturas, pinturas, dibujos, instalaciones, grabados, v\u00eddeo, fotograf\u00edas, impresiones digitales y t\u00e9cnicas mixtas. La mayor parte de los trabajos se encuadran en la corriente abstracta, aunque tambi\u00e9n est\u00e1n representadas la figurativa, la expresionista, la geom\u00e9trica, la hiperrealista, la simbolista o la informalista, entre otras, con un especial \u00e9nfasis en las \u00faltimas tendencias.<br \/>\n<script async src=\"\/\/pagead2.googlesyndication.com\/pagead\/js\/adsbygoogle.js\"><\/script><br \/>\n<!-- Noticias La Guia de Pamplona --><br \/>\n<ins class=\"adsbygoogle\"\nstyle=\"display:block\"\ndata-ad-client=\"ca-pub-6943679897239327\"\ndata-ad-slot=\"7048180777\"\ndata-ad-format=\"auto\"><\/ins><br \/>\n<script>\n(adsbygoogle = window.adsbygoogle || []).push({});\n<\/script><\/p>\n<p>En esta edici\u00f3n hablamos del movimiento, orientado hacia la reflexi\u00f3n y la mejora social a trav\u00e9s de la cultura. La cultura nos mejora como personas y es imprescindible para la sociedad. Proyecta un movimiento hacia adelante, que abre las mentes, para pasar a la acci\u00f3n. La exposici\u00f3n se concibe como un hito de reflexi\u00f3n cultural, orientado a la contemplaci\u00f3n sosegada y con distancia del arte contempor\u00e1nea creado en los tiempos actuales.<\/p>\n<p>La muestra re\u00fane muchas voluntades y una gran generosidad, con obras que se contextualizan dentro del panorama m\u00e1s contempor\u00e1neo. El reto asumido es la b\u00fasqueda de la simultaneidad comunicativa, donde surja la magia entre las creaciones y permita explicar el momento que vivimos. El arte es emoci\u00f3n e intercambio de energ\u00edas, que nos hace crecer como personas y evolucionar en muchos sentidos. Cada artista construye enunciados con fines muy diversos, en busca de la definici\u00f3n y referencialidad en su trabajo. El p\u00fablico y la cr\u00edtica animan y mueven sus valoraciones poli\u00e9dricas, avivando el di\u00e1logo al comp\u00e1s de sus resonancias sem\u00e1nticas.<br \/>\n<script async src=\"\/\/pagead2.googlesyndication.com\/pagead\/js\/adsbygoogle.js\"><\/script><br \/>\n<!-- Noticias La Guia de Pamplona --><br \/>\n<ins class=\"adsbygoogle\"\nstyle=\"display:block\"\ndata-ad-client=\"ca-pub-6943679897239327\"\ndata-ad-slot=\"7048180777\"\ndata-ad-format=\"auto\"><\/ins><br \/>\n<script>\n(adsbygoogle = window.adsbygoogle || []).push({});\n<\/script><\/p>\n<p><strong>Javier Esqu\u00edroz Armend\u00e1riz<\/strong><\/p>\n<p>Nacido en Tafalla en 1953, Javier Esqu\u00edroz Armend\u00e1riz busca fuera, para crear desde dentro, con una voluntad expresiva innata, extraordinariamente sensible. Por eso, su trabajo es tan exquisito, porque lo mima, desde la pincelada m\u00e1s expresionista y mat\u00e9rica, hasta el m\u00e1s m\u00ednimo e insignificante detalle. En su producci\u00f3n art\u00edstica, las formas aparecen como protagonistas de un universo natural a ras de suelo. Im\u00e1genes potentes, en las que el detalle alcanza un protagonismo clave. Encuadres cortos, muy fotogr\u00e1ficos, elevados a una categor\u00eda que solo el artista pl\u00e1stico puede conceder.<\/p>\n<p>Sus obras parten de la contemplaci\u00f3n de la naturaleza, desde el arte de saber mirar. De modo austero consigue que sus obras sean lecciones de trabajo pl\u00e1stico, de composici\u00f3n y color. La naturaleza m\u00e1s cercana a su vida, interiorizada desde la ni\u00f1ez, inspira gran parte de su producci\u00f3n, para crear un nuevo universo en que se sacraliza aquel paraje determinado, o ese detalle del fluir del agua, o de los cantos rodados de su base. Un universo po\u00e9tico que trasciende lo etiquetable, para plantear cuestiones muchas veces misteriosas y enigm\u00e1ticas, como el inevitable paso del tiempo. Su \u00faltimo proyecto \u2018Foz de Lumbier\u2019, que se expuso en el Polvor\u00edn de la Ciudadela, descubre desde una mirada inquieta y curiosa, el motor de su creatividad, en un acto de respeto por el mundo vegetal y mineral.<\/p>\n<p>En diferentes soportes, t\u00e9cnicas y formatos, desde lienzos de grandes dimensiones a trabajos m\u00e1s peque\u00f1os, Javier Esquiroz combina acuarelas, tinta china, acr\u00edlico, grafito y \u00f3leo sobre madera. Su paleta es sensorial, precisa en el matiz, amiga del color genuino. Sus obras, tendentes a la figuraci\u00f3n, est\u00e1n hechas de pedacitos de realidad. A veces se desdibujan, para dar lugar a universos pict\u00f3ricos menos realistas y m\u00e1s abstractos; combinando las pinceladas m\u00e1s expresionistas y mat\u00e9ricas, con las m\u00e1s delicadas y sutiles.<br \/>\n<script async src=\"\/\/pagead2.googlesyndication.com\/pagead\/js\/adsbygoogle.js\"><\/script><br \/>\n<!-- Noticias La Guia de Pamplona --><br \/>\n<ins class=\"adsbygoogle\"\nstyle=\"display:block\"\ndata-ad-client=\"ca-pub-6943679897239327\"\ndata-ad-slot=\"7048180777\"\ndata-ad-format=\"auto\"><\/ins><br \/>\n<script>\n(adsbygoogle = window.adsbygoogle || []).push({});\n<\/script><\/p>\n<p>&nbsp;<\/p>\n<h3>Artistas participantes en Artea Oinez 2022<\/h3>\n<p>&nbsp;<\/p>\n<ul>\n<li>Xabier Agirre<\/li>\n<li>Elena Aitzkoa<\/li>\n<li>Faustino Aizkorbe<\/li>\n<li>Juan Aizpitarte<\/li>\n<li>Greta Alfaro<\/li>\n<li>Lorea Alfaro &amp; Jon Otamendi<\/li>\n<li>Carlos Alonso<\/li>\n<li>Jos\u00e9 Ram\u00f3n Anda<\/li>\n<li>Marta Aramendia<\/li>\n<li>Ibon Aranberri<\/li>\n<li>Txaro Arrazola<\/li>\n<li>Alfonso Ascunce<\/li>\n<li>Pello Azketa<\/li>\n<li>Txomin Badiola<\/li>\n<li>Nadia Barkate<\/li>\n<li>Baroja Collet<\/li>\n<li>Nestor Basterretxea<\/li>\n<li>Clemente Bernad<\/li>\n<li>Carlos C\u00e1novas<\/li>\n<li>Jorge Cardarelli<\/li>\n<li>Concha Cilveti<\/li>\n<li>June Crespo<\/li>\n<li>Josette Dacosta<\/li>\n<li>Bingen De Pedro<\/li>\n<li>Andr\u00e9s De Prado<\/li>\n<li>Xabier De Zerio<\/li>\n<li>Miren Doiz<\/li>\n<li>Mikel Eskauriaza<\/li>\n<li>Celia Eslava<\/li>\n<li>Javier Esqu\u00edroz<\/li>\n<li>Andoni Euba<\/li>\n<li>Jon Mikel Euba<\/li>\n<li>Leopoldo Ferr\u00e1n<\/li>\n<li>Txaro Fontalba<\/li>\n<li>I\u00f1aki Garmendia<\/li>\n<li>\u00c1ngel Garraza<\/li>\n<li>Kepa Garraza<\/li>\n<li>Asunci\u00f3n Goikoetxea<\/li>\n<li>Juan Gorriti<\/li>\n<li>Patrik Grijalvo<\/li>\n<li>Mari Puri Herrero<\/li>\n<li>Juan Jes\u00fas Ilundain<\/li>\n<li>Zaloa Ipi\u00f1a<\/li>\n<li>Pello Irazu<\/li>\n<li>Alicia Irigoyen<\/li>\n<li>Carlos Irijalba<\/li>\n<li>Sahatsa Jauregi<\/li>\n<li>Vicente Larrea<\/li>\n<li>Jos\u00e9 \u00c1ngel Lasa<\/li>\n<li>Jes\u00fas Mari Lazkano<\/li>\n<li>Mikel Lertxundi<\/li>\n<li>Sagri Mauleon<\/li>\n<li>Asier Mendizabal<\/li>\n<li>Juan Mieg<\/li>\n<li>Idoia Mont\u00f3n<\/li>\n<li>\u00c1ngela Moreno<\/li>\n<li>Xabier Morr\u00e1s<\/li>\n<li>Manu Muniategiandikoetxea<\/li>\n<li>Itziar Okariz<\/li>\n<li>Mikel Oki\u00f1ena<\/li>\n<li>Leire Olkotz<\/li>\n<li>Eugenio Ortiz<\/li>\n<li>Fernando Pagola<\/li>\n<li>Txuspo Poyo<\/li>\n<li>Sergio Prego<\/li>\n<li>Mari Jose Recalde<\/li>\n<li>Asun Requena<\/li>\n<li>Mabi Revuelta<\/li>\n<li>Ana Ria\u00f1o<\/li>\n<li>Javier Ria\u00f1o<\/li>\n<li>David Rodr\u00edguez Caballero<\/li>\n<li>Teresa Sabat\u00e9<\/li>\n<li>Ixone S\u00e1daba<\/li>\n<li>Dora Salazar<\/li>\n<li>Jos\u00e9 Antonio Sistiaga<\/li>\n<li>Juan Sukilbide<\/li>\n<li>Susana Talayero<\/li>\n<li>Iratxe Ursua<\/li>\n<li>Dar\u00edo Urzay<\/li>\n<li>Mayte Velaz<\/li>\n<li>Azucena Vieites<\/li>\n<li>Maia Villot De Diego<\/li>\n<li>Bego\u00f1a Zubero<\/li>\n<li>Javier Zudaire<\/li>\n<li>Jos\u00e9 Luis Zumeta<\/li>\n<\/ul>\n","protected":false},"excerpt":{"rendered":"<p>La muestra, que se puede visitar hasta el 24 de abril, habla en esta edici\u00f3n del movimiento, orientado a la reflexi\u00f3n y la mejora social a trav\u00e9s de la cultura<\/p>\n","protected":false},"author":1,"featured_media":39348,"comment_status":"open","ping_status":"closed","sticky":false,"template":"","format":"standard","meta":{"footnotes":""},"categories":[2],"tags":[],"class_list":["post-39347","post","type-post","status-publish","format-standard","has-post-thumbnail","hentry","category-ayuntamiento-pamplona"],"yoast_head":"<!-- This site is optimized with the Yoast SEO plugin v27.5 - https:\/\/yoast.com\/product\/yoast-seo-wordpress\/ -->\n<title>Artea Oinez presenta en Condestable las creaciones multidisciplinares de 86 artistas, que este a\u00f1o homenajean al pintor tafall\u00e9s Javier Esqu\u00edroz<\/title>\n<meta name=\"description\" content=\"La muestra, que se puede visitar hasta el 24 de abril, habla en esta edici\u00f3n del movimiento, orientado a la reflexi\u00f3n y la mejora social a trav\u00e9s de la cultura\" \/>\n<meta name=\"robots\" content=\"index, follow, max-snippet:-1, max-image-preview:large, max-video-preview:-1\" \/>\n<link rel=\"canonical\" href=\"https:\/\/www.laguiadepamplona.com\/actualidad\/artea-oinez-presenta-en-condestable-las-creaciones-multidisciplinares-de-86-artistas-que-este-ano-homenajean-al-pintor-tafalles-javier-esquiroz\/\" \/>\n<meta property=\"og:locale\" content=\"es_ES\" \/>\n<meta property=\"og:type\" content=\"article\" \/>\n<meta property=\"og:title\" content=\"Artea Oinez presenta en Condestable las creaciones multidisciplinares de 86 artistas, que este a\u00f1o homenajean al pintor tafall\u00e9s Javier Esqu\u00edroz\" \/>\n<meta property=\"og:description\" content=\"La muestra, que se puede visitar hasta el 24 de abril, habla en esta edici\u00f3n del movimiento, orientado a la reflexi\u00f3n y la mejora social a trav\u00e9s de la cultura\" \/>\n<meta property=\"og:url\" content=\"https:\/\/www.laguiadepamplona.com\/actualidad\/artea-oinez-presenta-en-condestable-las-creaciones-multidisciplinares-de-86-artistas-que-este-ano-homenajean-al-pintor-tafalles-javier-esquiroz\/\" \/>\n<meta property=\"og:site_name\" content=\"La Gu\u00eda de Pamplona\" \/>\n<meta property=\"article:publisher\" content=\"https:\/\/www.facebook.com\/laguiadepamplonacom-133175176762273\/?ref=hl\" \/>\n<meta property=\"article:published_time\" content=\"2022-03-11T11:47:20+00:00\" \/>\n<meta property=\"article:modified_time\" content=\"2023-04-11T09:48:25+00:00\" \/>\n<meta property=\"og:image\" content=\"https:\/\/www.laguiadepamplona.com\/actualidad\/wp-content\/uploads\/2022\/03\/Artea-Oinez-expo.jpeg\" \/>\n\t<meta property=\"og:image:width\" content=\"1824\" \/>\n\t<meta property=\"og:image:height\" content=\"1368\" \/>\n\t<meta property=\"og:image:type\" content=\"image\/jpeg\" \/>\n<meta name=\"author\" content=\"La Gu\u00eda de Pamplona\" \/>\n<meta name=\"twitter:card\" content=\"summary_large_image\" \/>\n<meta name=\"twitter:creator\" content=\"@LaGuiadPamplona\" \/>\n<meta name=\"twitter:site\" content=\"@LaGuiadPamplona\" \/>\n<meta name=\"twitter:label1\" content=\"Escrito por\" \/>\n\t<meta name=\"twitter:data1\" content=\"La Gu\u00eda de Pamplona\" \/>\n\t<meta name=\"twitter:label2\" content=\"Tiempo de lectura\" \/>\n\t<meta name=\"twitter:data2\" content=\"5 minutos\" \/>\n<script type=\"application\/ld+json\" class=\"yoast-schema-graph\">{\"@context\":\"https:\\\/\\\/schema.org\",\"@graph\":[{\"@type\":\"Article\",\"@id\":\"https:\\\/\\\/www.laguiadepamplona.com\\\/actualidad\\\/artea-oinez-presenta-en-condestable-las-creaciones-multidisciplinares-de-86-artistas-que-este-ano-homenajean-al-pintor-tafalles-javier-esquiroz\\\/#article\",\"isPartOf\":{\"@id\":\"https:\\\/\\\/www.laguiadepamplona.com\\\/actualidad\\\/artea-oinez-presenta-en-condestable-las-creaciones-multidisciplinares-de-86-artistas-que-este-ano-homenajean-al-pintor-tafalles-javier-esquiroz\\\/\"},\"author\":{\"name\":\"La Gu\u00eda de Pamplona\",\"@id\":\"https:\\\/\\\/www.laguiadepamplona.com\\\/actualidad\\\/#\\\/schema\\\/person\\\/efe887376f0213d4657c93adc50b1fdb\"},\"headline\":\"Artea Oinez presenta en Condestable las creaciones multidisciplinares de 86 artistas, que este a\u00f1o homenajean al pintor tafall\u00e9s Javier Esqu\u00edroz\",\"datePublished\":\"2022-03-11T11:47:20+00:00\",\"dateModified\":\"2023-04-11T09:48:25+00:00\",\"mainEntityOfPage\":{\"@id\":\"https:\\\/\\\/www.laguiadepamplona.com\\\/actualidad\\\/artea-oinez-presenta-en-condestable-las-creaciones-multidisciplinares-de-86-artistas-que-este-ano-homenajean-al-pintor-tafalles-javier-esquiroz\\\/\"},\"wordCount\":1010,\"commentCount\":0,\"publisher\":{\"@id\":\"https:\\\/\\\/www.laguiadepamplona.com\\\/actualidad\\\/#organization\"},\"image\":{\"@id\":\"https:\\\/\\\/www.laguiadepamplona.com\\\/actualidad\\\/artea-oinez-presenta-en-condestable-las-creaciones-multidisciplinares-de-86-artistas-que-este-ano-homenajean-al-pintor-tafalles-javier-esquiroz\\\/#primaryimage\"},\"thumbnailUrl\":\"https:\\\/\\\/www.laguiadepamplona.com\\\/actualidad\\\/wp-content\\\/uploads\\\/2022\\\/03\\\/Artea-Oinez-expo.jpeg\",\"articleSection\":[\"Ayto Pamplona\"],\"inLanguage\":\"es\",\"potentialAction\":[{\"@type\":\"CommentAction\",\"name\":\"Comment\",\"target\":[\"https:\\\/\\\/www.laguiadepamplona.com\\\/actualidad\\\/artea-oinez-presenta-en-condestable-las-creaciones-multidisciplinares-de-86-artistas-que-este-ano-homenajean-al-pintor-tafalles-javier-esquiroz\\\/#respond\"]}]},{\"@type\":\"WebPage\",\"@id\":\"https:\\\/\\\/www.laguiadepamplona.com\\\/actualidad\\\/artea-oinez-presenta-en-condestable-las-creaciones-multidisciplinares-de-86-artistas-que-este-ano-homenajean-al-pintor-tafalles-javier-esquiroz\\\/\",\"url\":\"https:\\\/\\\/www.laguiadepamplona.com\\\/actualidad\\\/artea-oinez-presenta-en-condestable-las-creaciones-multidisciplinares-de-86-artistas-que-este-ano-homenajean-al-pintor-tafalles-javier-esquiroz\\\/\",\"name\":\"Artea Oinez presenta en Condestable las creaciones multidisciplinares de 86 artistas, que este a\u00f1o homenajean al pintor tafall\u00e9s Javier Esqu\u00edroz\",\"isPartOf\":{\"@id\":\"https:\\\/\\\/www.laguiadepamplona.com\\\/actualidad\\\/#website\"},\"primaryImageOfPage\":{\"@id\":\"https:\\\/\\\/www.laguiadepamplona.com\\\/actualidad\\\/artea-oinez-presenta-en-condestable-las-creaciones-multidisciplinares-de-86-artistas-que-este-ano-homenajean-al-pintor-tafalles-javier-esquiroz\\\/#primaryimage\"},\"image\":{\"@id\":\"https:\\\/\\\/www.laguiadepamplona.com\\\/actualidad\\\/artea-oinez-presenta-en-condestable-las-creaciones-multidisciplinares-de-86-artistas-que-este-ano-homenajean-al-pintor-tafalles-javier-esquiroz\\\/#primaryimage\"},\"thumbnailUrl\":\"https:\\\/\\\/www.laguiadepamplona.com\\\/actualidad\\\/wp-content\\\/uploads\\\/2022\\\/03\\\/Artea-Oinez-expo.jpeg\",\"datePublished\":\"2022-03-11T11:47:20+00:00\",\"dateModified\":\"2023-04-11T09:48:25+00:00\",\"description\":\"La muestra, que se puede visitar hasta el 24 de abril, habla en esta edici\u00f3n del movimiento, orientado a la reflexi\u00f3n y la mejora social a trav\u00e9s de la cultura\",\"breadcrumb\":{\"@id\":\"https:\\\/\\\/www.laguiadepamplona.com\\\/actualidad\\\/artea-oinez-presenta-en-condestable-las-creaciones-multidisciplinares-de-86-artistas-que-este-ano-homenajean-al-pintor-tafalles-javier-esquiroz\\\/#breadcrumb\"},\"inLanguage\":\"es\",\"potentialAction\":[{\"@type\":\"ReadAction\",\"target\":[\"https:\\\/\\\/www.laguiadepamplona.com\\\/actualidad\\\/artea-oinez-presenta-en-condestable-las-creaciones-multidisciplinares-de-86-artistas-que-este-ano-homenajean-al-pintor-tafalles-javier-esquiroz\\\/\"]}]},{\"@type\":\"ImageObject\",\"inLanguage\":\"es\",\"@id\":\"https:\\\/\\\/www.laguiadepamplona.com\\\/actualidad\\\/artea-oinez-presenta-en-condestable-las-creaciones-multidisciplinares-de-86-artistas-que-este-ano-homenajean-al-pintor-tafalles-javier-esquiroz\\\/#primaryimage\",\"url\":\"https:\\\/\\\/www.laguiadepamplona.com\\\/actualidad\\\/wp-content\\\/uploads\\\/2022\\\/03\\\/Artea-Oinez-expo.jpeg\",\"contentUrl\":\"https:\\\/\\\/www.laguiadepamplona.com\\\/actualidad\\\/wp-content\\\/uploads\\\/2022\\\/03\\\/Artea-Oinez-expo.jpeg\",\"width\":1824,\"height\":1368},{\"@type\":\"BreadcrumbList\",\"@id\":\"https:\\\/\\\/www.laguiadepamplona.com\\\/actualidad\\\/artea-oinez-presenta-en-condestable-las-creaciones-multidisciplinares-de-86-artistas-que-este-ano-homenajean-al-pintor-tafalles-javier-esquiroz\\\/#breadcrumb\",\"itemListElement\":[{\"@type\":\"ListItem\",\"position\":1,\"name\":\"Portada\",\"item\":\"https:\\\/\\\/www.laguiadepamplona.com\\\/actualidad\\\/\"},{\"@type\":\"ListItem\",\"position\":2,\"name\":\"Artea Oinez presenta en Condestable las creaciones multidisciplinares de 86 artistas, que este a\u00f1o homenajean al pintor tafall\u00e9s Javier Esqu\u00edroz\"}]},{\"@type\":\"WebSite\",\"@id\":\"https:\\\/\\\/www.laguiadepamplona.com\\\/actualidad\\\/#website\",\"url\":\"https:\\\/\\\/www.laguiadepamplona.com\\\/actualidad\\\/\",\"name\":\"La gu\u00eda de Pamplona\",\"description\":\"Noticias de Pamplona\",\"publisher\":{\"@id\":\"https:\\\/\\\/www.laguiadepamplona.com\\\/actualidad\\\/#organization\"},\"potentialAction\":[{\"@type\":\"SearchAction\",\"target\":{\"@type\":\"EntryPoint\",\"urlTemplate\":\"https:\\\/\\\/www.laguiadepamplona.com\\\/actualidad\\\/?s={search_term_string}\"},\"query-input\":{\"@type\":\"PropertyValueSpecification\",\"valueRequired\":true,\"valueName\":\"search_term_string\"}}],\"inLanguage\":\"es\"},{\"@type\":\"Organization\",\"@id\":\"https:\\\/\\\/www.laguiadepamplona.com\\\/actualidad\\\/#organization\",\"name\":\"La Gu\u00eda de Pamplona \\\/ Noticias\",\"url\":\"https:\\\/\\\/www.laguiadepamplona.com\\\/actualidad\\\/\",\"logo\":{\"@type\":\"ImageObject\",\"inLanguage\":\"es\",\"@id\":\"https:\\\/\\\/www.laguiadepamplona.com\\\/actualidad\\\/#\\\/schema\\\/logo\\\/image\\\/\",\"url\":\"https:\\\/\\\/www.laguiadepamplona.com\\\/actualidad\\\/wp-content\\\/uploads\\\/2018\\\/11\\\/logo-laguiadepamplona18-web1.png\",\"contentUrl\":\"https:\\\/\\\/www.laguiadepamplona.com\\\/actualidad\\\/wp-content\\\/uploads\\\/2018\\\/11\\\/logo-laguiadepamplona18-web1.png\",\"width\":600,\"height\":196,\"caption\":\"La Gu\u00eda de Pamplona \\\/ Noticias\"},\"image\":{\"@id\":\"https:\\\/\\\/www.laguiadepamplona.com\\\/actualidad\\\/#\\\/schema\\\/logo\\\/image\\\/\"},\"sameAs\":[\"https:\\\/\\\/www.facebook.com\\\/laguiadepamplonacom-133175176762273\\\/?ref=hl\",\"https:\\\/\\\/x.com\\\/LaGuiadPamplona\",\"https:\\\/\\\/www.instagram.com\\\/la_guia_de_pamplona\\\/\",\"https:\\\/\\\/www.youtube.com\\\/user\\\/laguiadepamplona\"]},{\"@type\":\"Person\",\"@id\":\"https:\\\/\\\/www.laguiadepamplona.com\\\/actualidad\\\/#\\\/schema\\\/person\\\/efe887376f0213d4657c93adc50b1fdb\",\"name\":\"La Gu\u00eda de Pamplona\",\"image\":{\"@type\":\"ImageObject\",\"inLanguage\":\"es\",\"@id\":\"https:\\\/\\\/secure.gravatar.com\\\/avatar\\\/b6992f131dc8d30ab0dff15446e9d346d9dbd95992de0fef795073f5ea83a81c?s=96&d=mm&r=g\",\"url\":\"https:\\\/\\\/secure.gravatar.com\\\/avatar\\\/b6992f131dc8d30ab0dff15446e9d346d9dbd95992de0fef795073f5ea83a81c?s=96&d=mm&r=g\",\"contentUrl\":\"https:\\\/\\\/secure.gravatar.com\\\/avatar\\\/b6992f131dc8d30ab0dff15446e9d346d9dbd95992de0fef795073f5ea83a81c?s=96&d=mm&r=g\",\"caption\":\"La Gu\u00eda de Pamplona\"}}]}<\/script>\n<!-- \/ Yoast SEO plugin. -->","yoast_head_json":{"title":"Artea Oinez presenta en Condestable las creaciones multidisciplinares de 86 artistas, que este a\u00f1o homenajean al pintor tafall\u00e9s Javier Esqu\u00edroz","description":"La muestra, que se puede visitar hasta el 24 de abril, habla en esta edici\u00f3n del movimiento, orientado a la reflexi\u00f3n y la mejora social a trav\u00e9s de la cultura","robots":{"index":"index","follow":"follow","max-snippet":"max-snippet:-1","max-image-preview":"max-image-preview:large","max-video-preview":"max-video-preview:-1"},"canonical":"https:\/\/www.laguiadepamplona.com\/actualidad\/artea-oinez-presenta-en-condestable-las-creaciones-multidisciplinares-de-86-artistas-que-este-ano-homenajean-al-pintor-tafalles-javier-esquiroz\/","og_locale":"es_ES","og_type":"article","og_title":"Artea Oinez presenta en Condestable las creaciones multidisciplinares de 86 artistas, que este a\u00f1o homenajean al pintor tafall\u00e9s Javier Esqu\u00edroz","og_description":"La muestra, que se puede visitar hasta el 24 de abril, habla en esta edici\u00f3n del movimiento, orientado a la reflexi\u00f3n y la mejora social a trav\u00e9s de la cultura","og_url":"https:\/\/www.laguiadepamplona.com\/actualidad\/artea-oinez-presenta-en-condestable-las-creaciones-multidisciplinares-de-86-artistas-que-este-ano-homenajean-al-pintor-tafalles-javier-esquiroz\/","og_site_name":"La Gu\u00eda de Pamplona","article_publisher":"https:\/\/www.facebook.com\/laguiadepamplonacom-133175176762273\/?ref=hl","article_published_time":"2022-03-11T11:47:20+00:00","article_modified_time":"2023-04-11T09:48:25+00:00","og_image":[{"width":1824,"height":1368,"url":"https:\/\/www.laguiadepamplona.com\/actualidad\/wp-content\/uploads\/2022\/03\/Artea-Oinez-expo.jpeg","type":"image\/jpeg"}],"author":"La Gu\u00eda de Pamplona","twitter_card":"summary_large_image","twitter_creator":"@LaGuiadPamplona","twitter_site":"@LaGuiadPamplona","twitter_misc":{"Escrito por":"La Gu\u00eda de Pamplona","Tiempo de lectura":"5 minutos"},"schema":{"@context":"https:\/\/schema.org","@graph":[{"@type":"Article","@id":"https:\/\/www.laguiadepamplona.com\/actualidad\/artea-oinez-presenta-en-condestable-las-creaciones-multidisciplinares-de-86-artistas-que-este-ano-homenajean-al-pintor-tafalles-javier-esquiroz\/#article","isPartOf":{"@id":"https:\/\/www.laguiadepamplona.com\/actualidad\/artea-oinez-presenta-en-condestable-las-creaciones-multidisciplinares-de-86-artistas-que-este-ano-homenajean-al-pintor-tafalles-javier-esquiroz\/"},"author":{"name":"La Gu\u00eda de Pamplona","@id":"https:\/\/www.laguiadepamplona.com\/actualidad\/#\/schema\/person\/efe887376f0213d4657c93adc50b1fdb"},"headline":"Artea Oinez presenta en Condestable las creaciones multidisciplinares de 86 artistas, que este a\u00f1o homenajean al pintor tafall\u00e9s Javier Esqu\u00edroz","datePublished":"2022-03-11T11:47:20+00:00","dateModified":"2023-04-11T09:48:25+00:00","mainEntityOfPage":{"@id":"https:\/\/www.laguiadepamplona.com\/actualidad\/artea-oinez-presenta-en-condestable-las-creaciones-multidisciplinares-de-86-artistas-que-este-ano-homenajean-al-pintor-tafalles-javier-esquiroz\/"},"wordCount":1010,"commentCount":0,"publisher":{"@id":"https:\/\/www.laguiadepamplona.com\/actualidad\/#organization"},"image":{"@id":"https:\/\/www.laguiadepamplona.com\/actualidad\/artea-oinez-presenta-en-condestable-las-creaciones-multidisciplinares-de-86-artistas-que-este-ano-homenajean-al-pintor-tafalles-javier-esquiroz\/#primaryimage"},"thumbnailUrl":"https:\/\/www.laguiadepamplona.com\/actualidad\/wp-content\/uploads\/2022\/03\/Artea-Oinez-expo.jpeg","articleSection":["Ayto Pamplona"],"inLanguage":"es","potentialAction":[{"@type":"CommentAction","name":"Comment","target":["https:\/\/www.laguiadepamplona.com\/actualidad\/artea-oinez-presenta-en-condestable-las-creaciones-multidisciplinares-de-86-artistas-que-este-ano-homenajean-al-pintor-tafalles-javier-esquiroz\/#respond"]}]},{"@type":"WebPage","@id":"https:\/\/www.laguiadepamplona.com\/actualidad\/artea-oinez-presenta-en-condestable-las-creaciones-multidisciplinares-de-86-artistas-que-este-ano-homenajean-al-pintor-tafalles-javier-esquiroz\/","url":"https:\/\/www.laguiadepamplona.com\/actualidad\/artea-oinez-presenta-en-condestable-las-creaciones-multidisciplinares-de-86-artistas-que-este-ano-homenajean-al-pintor-tafalles-javier-esquiroz\/","name":"Artea Oinez presenta en Condestable las creaciones multidisciplinares de 86 artistas, que este a\u00f1o homenajean al pintor tafall\u00e9s Javier Esqu\u00edroz","isPartOf":{"@id":"https:\/\/www.laguiadepamplona.com\/actualidad\/#website"},"primaryImageOfPage":{"@id":"https:\/\/www.laguiadepamplona.com\/actualidad\/artea-oinez-presenta-en-condestable-las-creaciones-multidisciplinares-de-86-artistas-que-este-ano-homenajean-al-pintor-tafalles-javier-esquiroz\/#primaryimage"},"image":{"@id":"https:\/\/www.laguiadepamplona.com\/actualidad\/artea-oinez-presenta-en-condestable-las-creaciones-multidisciplinares-de-86-artistas-que-este-ano-homenajean-al-pintor-tafalles-javier-esquiroz\/#primaryimage"},"thumbnailUrl":"https:\/\/www.laguiadepamplona.com\/actualidad\/wp-content\/uploads\/2022\/03\/Artea-Oinez-expo.jpeg","datePublished":"2022-03-11T11:47:20+00:00","dateModified":"2023-04-11T09:48:25+00:00","description":"La muestra, que se puede visitar hasta el 24 de abril, habla en esta edici\u00f3n del movimiento, orientado a la reflexi\u00f3n y la mejora social a trav\u00e9s de la cultura","breadcrumb":{"@id":"https:\/\/www.laguiadepamplona.com\/actualidad\/artea-oinez-presenta-en-condestable-las-creaciones-multidisciplinares-de-86-artistas-que-este-ano-homenajean-al-pintor-tafalles-javier-esquiroz\/#breadcrumb"},"inLanguage":"es","potentialAction":[{"@type":"ReadAction","target":["https:\/\/www.laguiadepamplona.com\/actualidad\/artea-oinez-presenta-en-condestable-las-creaciones-multidisciplinares-de-86-artistas-que-este-ano-homenajean-al-pintor-tafalles-javier-esquiroz\/"]}]},{"@type":"ImageObject","inLanguage":"es","@id":"https:\/\/www.laguiadepamplona.com\/actualidad\/artea-oinez-presenta-en-condestable-las-creaciones-multidisciplinares-de-86-artistas-que-este-ano-homenajean-al-pintor-tafalles-javier-esquiroz\/#primaryimage","url":"https:\/\/www.laguiadepamplona.com\/actualidad\/wp-content\/uploads\/2022\/03\/Artea-Oinez-expo.jpeg","contentUrl":"https:\/\/www.laguiadepamplona.com\/actualidad\/wp-content\/uploads\/2022\/03\/Artea-Oinez-expo.jpeg","width":1824,"height":1368},{"@type":"BreadcrumbList","@id":"https:\/\/www.laguiadepamplona.com\/actualidad\/artea-oinez-presenta-en-condestable-las-creaciones-multidisciplinares-de-86-artistas-que-este-ano-homenajean-al-pintor-tafalles-javier-esquiroz\/#breadcrumb","itemListElement":[{"@type":"ListItem","position":1,"name":"Portada","item":"https:\/\/www.laguiadepamplona.com\/actualidad\/"},{"@type":"ListItem","position":2,"name":"Artea Oinez presenta en Condestable las creaciones multidisciplinares de 86 artistas, que este a\u00f1o homenajean al pintor tafall\u00e9s Javier Esqu\u00edroz"}]},{"@type":"WebSite","@id":"https:\/\/www.laguiadepamplona.com\/actualidad\/#website","url":"https:\/\/www.laguiadepamplona.com\/actualidad\/","name":"La gu\u00eda de Pamplona","description":"Noticias de Pamplona","publisher":{"@id":"https:\/\/www.laguiadepamplona.com\/actualidad\/#organization"},"potentialAction":[{"@type":"SearchAction","target":{"@type":"EntryPoint","urlTemplate":"https:\/\/www.laguiadepamplona.com\/actualidad\/?s={search_term_string}"},"query-input":{"@type":"PropertyValueSpecification","valueRequired":true,"valueName":"search_term_string"}}],"inLanguage":"es"},{"@type":"Organization","@id":"https:\/\/www.laguiadepamplona.com\/actualidad\/#organization","name":"La Gu\u00eda de Pamplona \/ Noticias","url":"https:\/\/www.laguiadepamplona.com\/actualidad\/","logo":{"@type":"ImageObject","inLanguage":"es","@id":"https:\/\/www.laguiadepamplona.com\/actualidad\/#\/schema\/logo\/image\/","url":"https:\/\/www.laguiadepamplona.com\/actualidad\/wp-content\/uploads\/2018\/11\/logo-laguiadepamplona18-web1.png","contentUrl":"https:\/\/www.laguiadepamplona.com\/actualidad\/wp-content\/uploads\/2018\/11\/logo-laguiadepamplona18-web1.png","width":600,"height":196,"caption":"La Gu\u00eda de Pamplona \/ Noticias"},"image":{"@id":"https:\/\/www.laguiadepamplona.com\/actualidad\/#\/schema\/logo\/image\/"},"sameAs":["https:\/\/www.facebook.com\/laguiadepamplonacom-133175176762273\/?ref=hl","https:\/\/x.com\/LaGuiadPamplona","https:\/\/www.instagram.com\/la_guia_de_pamplona\/","https:\/\/www.youtube.com\/user\/laguiadepamplona"]},{"@type":"Person","@id":"https:\/\/www.laguiadepamplona.com\/actualidad\/#\/schema\/person\/efe887376f0213d4657c93adc50b1fdb","name":"La Gu\u00eda de Pamplona","image":{"@type":"ImageObject","inLanguage":"es","@id":"https:\/\/secure.gravatar.com\/avatar\/b6992f131dc8d30ab0dff15446e9d346d9dbd95992de0fef795073f5ea83a81c?s=96&d=mm&r=g","url":"https:\/\/secure.gravatar.com\/avatar\/b6992f131dc8d30ab0dff15446e9d346d9dbd95992de0fef795073f5ea83a81c?s=96&d=mm&r=g","contentUrl":"https:\/\/secure.gravatar.com\/avatar\/b6992f131dc8d30ab0dff15446e9d346d9dbd95992de0fef795073f5ea83a81c?s=96&d=mm&r=g","caption":"La Gu\u00eda de Pamplona"}}]}},"post_mailing_queue_ids":[],"_links":{"self":[{"href":"https:\/\/www.laguiadepamplona.com\/actualidad\/wp-json\/wp\/v2\/posts\/39347","targetHints":{"allow":["GET"]}}],"collection":[{"href":"https:\/\/www.laguiadepamplona.com\/actualidad\/wp-json\/wp\/v2\/posts"}],"about":[{"href":"https:\/\/www.laguiadepamplona.com\/actualidad\/wp-json\/wp\/v2\/types\/post"}],"author":[{"embeddable":true,"href":"https:\/\/www.laguiadepamplona.com\/actualidad\/wp-json\/wp\/v2\/users\/1"}],"replies":[{"embeddable":true,"href":"https:\/\/www.laguiadepamplona.com\/actualidad\/wp-json\/wp\/v2\/comments?post=39347"}],"version-history":[{"count":0,"href":"https:\/\/www.laguiadepamplona.com\/actualidad\/wp-json\/wp\/v2\/posts\/39347\/revisions"}],"wp:featuredmedia":[{"embeddable":true,"href":"https:\/\/www.laguiadepamplona.com\/actualidad\/wp-json\/wp\/v2\/media\/39348"}],"wp:attachment":[{"href":"https:\/\/www.laguiadepamplona.com\/actualidad\/wp-json\/wp\/v2\/media?parent=39347"}],"wp:term":[{"taxonomy":"category","embeddable":true,"href":"https:\/\/www.laguiadepamplona.com\/actualidad\/wp-json\/wp\/v2\/categories?post=39347"},{"taxonomy":"post_tag","embeddable":true,"href":"https:\/\/www.laguiadepamplona.com\/actualidad\/wp-json\/wp\/v2\/tags?post=39347"}],"curies":[{"name":"wp","href":"https:\/\/api.w.org\/{rel}","templated":true}]}}