{"id":39308,"date":"2022-03-10T13:18:08","date_gmt":"2022-03-10T11:18:08","guid":{"rendered":"https:\/\/www.laguiadepamplona.com\/actualidad\/?p=39308"},"modified":"2023-04-11T11:48:26","modified_gmt":"2023-04-11T09:48:26","slug":"aprobada-la-licitacion-de-las-obras-para-la-renaturalizacion-del-patio-que-comparten-los-centros-escolares-mendigoiti-y-el-lago-en-mendillorri","status":"publish","type":"post","link":"https:\/\/www.laguiadepamplona.com\/actualidad\/aprobada-la-licitacion-de-las-obras-para-la-renaturalizacion-del-patio-que-comparten-los-centros-escolares-mendigoiti-y-el-lago-en-mendillorri\/","title":{"rendered":"Aprobada la licitaci\u00f3n de las obras para la renaturalizaci\u00f3n del patio que comparten los centros escolares Mendigoiti y El Lago en Mendillorri"},"content":{"rendered":"<h5>Los trabajos, con un presupuesto de licitaci\u00f3n de 149.993,72 euros, se desarrollar\u00e1n durante dos meses en verano<\/h5>\n<p><!--more--><\/p>\n<p>Para el pr\u00f3ximo curso escolar los centros p\u00fablicos Mendigoiti y El Lago estrenar\u00e1n su nuevo patio renaturalizado. La Junta de Gobierno Local aprob\u00f3 este lunes la licitaci\u00f3n de las obras de mejora de los espacios exteriores que comparten ambos centros. Entre otras actuaciones, se generar\u00e1 una pradera con arbolado, parterres circulares y setos creados con fines de ocio y divulgativos, as\u00ed como unas gradas a modo de bancales como transici\u00f3n entre los espacios verdes y la zona de las pistas polideportivas. El presupuesto asciende a 149.993,72 euros, con previsi\u00f3n de inicio de las obras en junio y un plazo de ejecuci\u00f3n de dos meses.<br \/>\n<script async src=\"\/\/pagead2.googlesyndication.com\/pagead\/js\/adsbygoogle.js\"><\/script><br \/>\n<!-- Noticias La Guia de Pamplona --><br \/>\n<ins class=\"adsbygoogle\"\nstyle=\"display:block\"\ndata-ad-client=\"ca-pub-6943679897239327\"\ndata-ad-slot=\"7048180777\"\ndata-ad-format=\"auto\"><\/ins><br \/>\n<script>\n(adsbygoogle = window.adsbygoogle || []).push({});\n<\/script><\/p>\n<p>La actuaci\u00f3n propone dar continuidad espacial a las dos plataformas en las que se sit\u00faan las pistas deportivas y que tienen una diferencia de cota de 1,45 metros. Para ello, se retirar\u00e1n las vallas met\u00e1licas perimetrales hacia la zona verde y se proyectar\u00e1n tres gradas que favorecer\u00e1n la transici\u00f3n entre la pradera y las pistas. Las gradas se formalizar\u00e1n con bancos corridos de hormig\u00f3n y praderas verdes. Y es que el pavimento en continuidad de la pista es pavimento drenante mixto de hormig\u00f3n, que permite el crecimiento de hierba. El desnivel entre las plataformas de las pistas se resolver\u00e1 con unas escaleras abiertas en toda la anchura de las zonas tratadas.<\/p>\n<p>Las zonas verdes se plantean como una pradera natural, sin riego y con un mantenimiento mediante siegas manuales, similares a las que se realizan en la zona verde existente. Se prev\u00e9 la plantaci\u00f3n de 31 nuevos ejemplares en la pradera y 2 m\u00e1s en la zona del pavimento drenante de espacios con inter\u00e9s por su color oto\u00f1al, por su floraci\u00f3n primaveral y por el aroma de sus frutos. Se incluye la plantaci\u00f3n de un seto en la valla superior del talud para dar privacidad al nuevo espacio de juego. Asimismo, se formar\u00e1n unos parterres circulares de distintos di\u00e1metros que contendr\u00e1n la plantaci\u00f3n de arbustivas. La actuaci\u00f3n se completar\u00e1 con la instalaci\u00f3n de juegos infantiles de madera en la zona verde.<br \/>\n<script async src=\"\/\/pagead2.googlesyndication.com\/pagead\/js\/adsbygoogle.js\"><\/script><br \/>\n<!-- Noticias La Guia de Pamplona --><br \/>\n<ins class=\"adsbygoogle\"\nstyle=\"display:block\"\ndata-ad-client=\"ca-pub-6943679897239327\"\ndata-ad-slot=\"7048180777\"\ndata-ad-format=\"auto\"><\/ins><br \/>\n<script>\n(adsbygoogle = window.adsbygoogle || []).push({});\n<\/script><\/p>\n<p>Este proyecto es una demanda de las comunidades escolares de ambos centros p\u00fablicos para generar un espacio tanto para el disfrute del alumnado en los recreos como para la divulgaci\u00f3n educativa y medioambiental. La actuaci\u00f3n se enmarca tambi\u00e9n en las acciones que el Ayuntamiento de Pamplona lleva a cabo con la Estrategia Go Green para combatir el cambio clim\u00e1tico.<\/p>\n","protected":false},"excerpt":{"rendered":"<p>Los trabajos, con un presupuesto de licitaci\u00f3n de 149.993,72 euros, se desarrollar\u00e1n durante dos meses en verano<\/p>\n","protected":false},"author":1,"featured_media":39309,"comment_status":"open","ping_status":"closed","sticky":false,"template":"","format":"standard","meta":{"footnotes":""},"categories":[2],"tags":[],"class_list":["post-39308","post","type-post","status-publish","format-standard","has-post-thumbnail","hentry","category-ayuntamiento-pamplona"],"yoast_head":"<!-- This site is optimized with the Yoast SEO plugin v27.5 - https:\/\/yoast.com\/product\/yoast-seo-wordpress\/ -->\n<title>Aprobada la licitaci\u00f3n de las obras para la renaturalizaci\u00f3n del patio que comparten los centros escolares Mendigoiti y El Lago en Mendillorri<\/title>\n<meta name=\"description\" content=\"Los trabajos, con un presupuesto de licitaci\u00f3n de 149.993,72 euros, se desarrollar\u00e1n durante dos meses en verano\u00a0\" \/>\n<meta name=\"robots\" content=\"index, follow, max-snippet:-1, max-image-preview:large, max-video-preview:-1\" \/>\n<link rel=\"canonical\" href=\"https:\/\/www.laguiadepamplona.com\/actualidad\/aprobada-la-licitacion-de-las-obras-para-la-renaturalizacion-del-patio-que-comparten-los-centros-escolares-mendigoiti-y-el-lago-en-mendillorri\/\" \/>\n<meta property=\"og:locale\" content=\"es_ES\" \/>\n<meta property=\"og:type\" content=\"article\" \/>\n<meta property=\"og:title\" content=\"Aprobada la licitaci\u00f3n de las obras para la renaturalizaci\u00f3n del patio que comparten los centros escolares Mendigoiti y El Lago en Mendillorri\" \/>\n<meta property=\"og:description\" content=\"Los trabajos, con un presupuesto de licitaci\u00f3n de 149.993,72 euros, se desarrollar\u00e1n durante dos meses en verano\u00a0\" \/>\n<meta property=\"og:url\" content=\"https:\/\/www.laguiadepamplona.com\/actualidad\/aprobada-la-licitacion-de-las-obras-para-la-renaturalizacion-del-patio-que-comparten-los-centros-escolares-mendigoiti-y-el-lago-en-mendillorri\/\" \/>\n<meta property=\"og:site_name\" content=\"La Gu\u00eda de Pamplona\" \/>\n<meta property=\"article:publisher\" content=\"https:\/\/www.facebook.com\/laguiadepamplonacom-133175176762273\/?ref=hl\" \/>\n<meta property=\"article:published_time\" content=\"2022-03-10T11:18:08+00:00\" \/>\n<meta property=\"article:modified_time\" content=\"2023-04-11T09:48:26+00:00\" \/>\n<meta property=\"og:image\" content=\"https:\/\/www.laguiadepamplona.com\/actualidad\/wp-content\/uploads\/2022\/03\/mendigoiti-web.jpg\" \/>\n\t<meta property=\"og:image:width\" content=\"850\" \/>\n\t<meta property=\"og:image:height\" content=\"709\" \/>\n\t<meta property=\"og:image:type\" content=\"image\/jpeg\" \/>\n<meta name=\"author\" content=\"La Gu\u00eda de Pamplona\" \/>\n<meta name=\"twitter:card\" content=\"summary_large_image\" \/>\n<meta name=\"twitter:creator\" content=\"@LaGuiadPamplona\" \/>\n<meta name=\"twitter:site\" content=\"@LaGuiadPamplona\" \/>\n<meta name=\"twitter:label1\" content=\"Escrito por\" \/>\n\t<meta name=\"twitter:data1\" content=\"La Gu\u00eda de Pamplona\" \/>\n\t<meta name=\"twitter:label2\" content=\"Tiempo de lectura\" \/>\n\t<meta name=\"twitter:data2\" content=\"2 minutos\" \/>\n<script type=\"application\/ld+json\" class=\"yoast-schema-graph\">{\"@context\":\"https:\\\/\\\/schema.org\",\"@graph\":[{\"@type\":\"Article\",\"@id\":\"https:\\\/\\\/www.laguiadepamplona.com\\\/actualidad\\\/aprobada-la-licitacion-de-las-obras-para-la-renaturalizacion-del-patio-que-comparten-los-centros-escolares-mendigoiti-y-el-lago-en-mendillorri\\\/#article\",\"isPartOf\":{\"@id\":\"https:\\\/\\\/www.laguiadepamplona.com\\\/actualidad\\\/aprobada-la-licitacion-de-las-obras-para-la-renaturalizacion-del-patio-que-comparten-los-centros-escolares-mendigoiti-y-el-lago-en-mendillorri\\\/\"},\"author\":{\"name\":\"La Gu\u00eda de Pamplona\",\"@id\":\"https:\\\/\\\/www.laguiadepamplona.com\\\/actualidad\\\/#\\\/schema\\\/person\\\/efe887376f0213d4657c93adc50b1fdb\"},\"headline\":\"Aprobada la licitaci\u00f3n de las obras para la renaturalizaci\u00f3n del patio que comparten los centros escolares Mendigoiti y El Lago en Mendillorri\",\"datePublished\":\"2022-03-10T11:18:08+00:00\",\"dateModified\":\"2023-04-11T09:48:26+00:00\",\"mainEntityOfPage\":{\"@id\":\"https:\\\/\\\/www.laguiadepamplona.com\\\/actualidad\\\/aprobada-la-licitacion-de-las-obras-para-la-renaturalizacion-del-patio-que-comparten-los-centros-escolares-mendigoiti-y-el-lago-en-mendillorri\\\/\"},\"wordCount\":466,\"commentCount\":0,\"publisher\":{\"@id\":\"https:\\\/\\\/www.laguiadepamplona.com\\\/actualidad\\\/#organization\"},\"image\":{\"@id\":\"https:\\\/\\\/www.laguiadepamplona.com\\\/actualidad\\\/aprobada-la-licitacion-de-las-obras-para-la-renaturalizacion-del-patio-que-comparten-los-centros-escolares-mendigoiti-y-el-lago-en-mendillorri\\\/#primaryimage\"},\"thumbnailUrl\":\"https:\\\/\\\/www.laguiadepamplona.com\\\/actualidad\\\/wp-content\\\/uploads\\\/2022\\\/03\\\/mendigoiti-web.jpg\",\"articleSection\":[\"Ayto Pamplona\"],\"inLanguage\":\"es\",\"potentialAction\":[{\"@type\":\"CommentAction\",\"name\":\"Comment\",\"target\":[\"https:\\\/\\\/www.laguiadepamplona.com\\\/actualidad\\\/aprobada-la-licitacion-de-las-obras-para-la-renaturalizacion-del-patio-que-comparten-los-centros-escolares-mendigoiti-y-el-lago-en-mendillorri\\\/#respond\"]}]},{\"@type\":\"WebPage\",\"@id\":\"https:\\\/\\\/www.laguiadepamplona.com\\\/actualidad\\\/aprobada-la-licitacion-de-las-obras-para-la-renaturalizacion-del-patio-que-comparten-los-centros-escolares-mendigoiti-y-el-lago-en-mendillorri\\\/\",\"url\":\"https:\\\/\\\/www.laguiadepamplona.com\\\/actualidad\\\/aprobada-la-licitacion-de-las-obras-para-la-renaturalizacion-del-patio-que-comparten-los-centros-escolares-mendigoiti-y-el-lago-en-mendillorri\\\/\",\"name\":\"Aprobada la licitaci\u00f3n de las obras para la renaturalizaci\u00f3n del patio que comparten los centros escolares Mendigoiti y El Lago en Mendillorri\",\"isPartOf\":{\"@id\":\"https:\\\/\\\/www.laguiadepamplona.com\\\/actualidad\\\/#website\"},\"primaryImageOfPage\":{\"@id\":\"https:\\\/\\\/www.laguiadepamplona.com\\\/actualidad\\\/aprobada-la-licitacion-de-las-obras-para-la-renaturalizacion-del-patio-que-comparten-los-centros-escolares-mendigoiti-y-el-lago-en-mendillorri\\\/#primaryimage\"},\"image\":{\"@id\":\"https:\\\/\\\/www.laguiadepamplona.com\\\/actualidad\\\/aprobada-la-licitacion-de-las-obras-para-la-renaturalizacion-del-patio-que-comparten-los-centros-escolares-mendigoiti-y-el-lago-en-mendillorri\\\/#primaryimage\"},\"thumbnailUrl\":\"https:\\\/\\\/www.laguiadepamplona.com\\\/actualidad\\\/wp-content\\\/uploads\\\/2022\\\/03\\\/mendigoiti-web.jpg\",\"datePublished\":\"2022-03-10T11:18:08+00:00\",\"dateModified\":\"2023-04-11T09:48:26+00:00\",\"description\":\"Los trabajos, con un presupuesto de licitaci\u00f3n de 149.993,72 euros, se desarrollar\u00e1n durante dos meses en verano\u00a0\",\"breadcrumb\":{\"@id\":\"https:\\\/\\\/www.laguiadepamplona.com\\\/actualidad\\\/aprobada-la-licitacion-de-las-obras-para-la-renaturalizacion-del-patio-que-comparten-los-centros-escolares-mendigoiti-y-el-lago-en-mendillorri\\\/#breadcrumb\"},\"inLanguage\":\"es\",\"potentialAction\":[{\"@type\":\"ReadAction\",\"target\":[\"https:\\\/\\\/www.laguiadepamplona.com\\\/actualidad\\\/aprobada-la-licitacion-de-las-obras-para-la-renaturalizacion-del-patio-que-comparten-los-centros-escolares-mendigoiti-y-el-lago-en-mendillorri\\\/\"]}]},{\"@type\":\"ImageObject\",\"inLanguage\":\"es\",\"@id\":\"https:\\\/\\\/www.laguiadepamplona.com\\\/actualidad\\\/aprobada-la-licitacion-de-las-obras-para-la-renaturalizacion-del-patio-que-comparten-los-centros-escolares-mendigoiti-y-el-lago-en-mendillorri\\\/#primaryimage\",\"url\":\"https:\\\/\\\/www.laguiadepamplona.com\\\/actualidad\\\/wp-content\\\/uploads\\\/2022\\\/03\\\/mendigoiti-web.jpg\",\"contentUrl\":\"https:\\\/\\\/www.laguiadepamplona.com\\\/actualidad\\\/wp-content\\\/uploads\\\/2022\\\/03\\\/mendigoiti-web.jpg\",\"width\":850,\"height\":709},{\"@type\":\"BreadcrumbList\",\"@id\":\"https:\\\/\\\/www.laguiadepamplona.com\\\/actualidad\\\/aprobada-la-licitacion-de-las-obras-para-la-renaturalizacion-del-patio-que-comparten-los-centros-escolares-mendigoiti-y-el-lago-en-mendillorri\\\/#breadcrumb\",\"itemListElement\":[{\"@type\":\"ListItem\",\"position\":1,\"name\":\"Portada\",\"item\":\"https:\\\/\\\/www.laguiadepamplona.com\\\/actualidad\\\/\"},{\"@type\":\"ListItem\",\"position\":2,\"name\":\"Aprobada la licitaci\u00f3n de las obras para la renaturalizaci\u00f3n del patio que comparten los centros escolares Mendigoiti y El Lago en Mendillorri\"}]},{\"@type\":\"WebSite\",\"@id\":\"https:\\\/\\\/www.laguiadepamplona.com\\\/actualidad\\\/#website\",\"url\":\"https:\\\/\\\/www.laguiadepamplona.com\\\/actualidad\\\/\",\"name\":\"La gu\u00eda de Pamplona\",\"description\":\"Noticias de Pamplona\",\"publisher\":{\"@id\":\"https:\\\/\\\/www.laguiadepamplona.com\\\/actualidad\\\/#organization\"},\"potentialAction\":[{\"@type\":\"SearchAction\",\"target\":{\"@type\":\"EntryPoint\",\"urlTemplate\":\"https:\\\/\\\/www.laguiadepamplona.com\\\/actualidad\\\/?s={search_term_string}\"},\"query-input\":{\"@type\":\"PropertyValueSpecification\",\"valueRequired\":true,\"valueName\":\"search_term_string\"}}],\"inLanguage\":\"es\"},{\"@type\":\"Organization\",\"@id\":\"https:\\\/\\\/www.laguiadepamplona.com\\\/actualidad\\\/#organization\",\"name\":\"La Gu\u00eda de Pamplona \\\/ Noticias\",\"url\":\"https:\\\/\\\/www.laguiadepamplona.com\\\/actualidad\\\/\",\"logo\":{\"@type\":\"ImageObject\",\"inLanguage\":\"es\",\"@id\":\"https:\\\/\\\/www.laguiadepamplona.com\\\/actualidad\\\/#\\\/schema\\\/logo\\\/image\\\/\",\"url\":\"https:\\\/\\\/www.laguiadepamplona.com\\\/actualidad\\\/wp-content\\\/uploads\\\/2018\\\/11\\\/logo-laguiadepamplona18-web1.png\",\"contentUrl\":\"https:\\\/\\\/www.laguiadepamplona.com\\\/actualidad\\\/wp-content\\\/uploads\\\/2018\\\/11\\\/logo-laguiadepamplona18-web1.png\",\"width\":600,\"height\":196,\"caption\":\"La Gu\u00eda de Pamplona \\\/ Noticias\"},\"image\":{\"@id\":\"https:\\\/\\\/www.laguiadepamplona.com\\\/actualidad\\\/#\\\/schema\\\/logo\\\/image\\\/\"},\"sameAs\":[\"https:\\\/\\\/www.facebook.com\\\/laguiadepamplonacom-133175176762273\\\/?ref=hl\",\"https:\\\/\\\/x.com\\\/LaGuiadPamplona\",\"https:\\\/\\\/www.instagram.com\\\/la_guia_de_pamplona\\\/\",\"https:\\\/\\\/www.youtube.com\\\/user\\\/laguiadepamplona\"]},{\"@type\":\"Person\",\"@id\":\"https:\\\/\\\/www.laguiadepamplona.com\\\/actualidad\\\/#\\\/schema\\\/person\\\/efe887376f0213d4657c93adc50b1fdb\",\"name\":\"La Gu\u00eda de Pamplona\",\"image\":{\"@type\":\"ImageObject\",\"inLanguage\":\"es\",\"@id\":\"https:\\\/\\\/secure.gravatar.com\\\/avatar\\\/b6992f131dc8d30ab0dff15446e9d346d9dbd95992de0fef795073f5ea83a81c?s=96&d=mm&r=g\",\"url\":\"https:\\\/\\\/secure.gravatar.com\\\/avatar\\\/b6992f131dc8d30ab0dff15446e9d346d9dbd95992de0fef795073f5ea83a81c?s=96&d=mm&r=g\",\"contentUrl\":\"https:\\\/\\\/secure.gravatar.com\\\/avatar\\\/b6992f131dc8d30ab0dff15446e9d346d9dbd95992de0fef795073f5ea83a81c?s=96&d=mm&r=g\",\"caption\":\"La Gu\u00eda de Pamplona\"}}]}<\/script>\n<!-- \/ Yoast SEO plugin. -->","yoast_head_json":{"title":"Aprobada la licitaci\u00f3n de las obras para la renaturalizaci\u00f3n del patio que comparten los centros escolares Mendigoiti y El Lago en Mendillorri","description":"Los trabajos, con un presupuesto de licitaci\u00f3n de 149.993,72 euros, se desarrollar\u00e1n durante dos meses en verano\u00a0","robots":{"index":"index","follow":"follow","max-snippet":"max-snippet:-1","max-image-preview":"max-image-preview:large","max-video-preview":"max-video-preview:-1"},"canonical":"https:\/\/www.laguiadepamplona.com\/actualidad\/aprobada-la-licitacion-de-las-obras-para-la-renaturalizacion-del-patio-que-comparten-los-centros-escolares-mendigoiti-y-el-lago-en-mendillorri\/","og_locale":"es_ES","og_type":"article","og_title":"Aprobada la licitaci\u00f3n de las obras para la renaturalizaci\u00f3n del patio que comparten los centros escolares Mendigoiti y El Lago en Mendillorri","og_description":"Los trabajos, con un presupuesto de licitaci\u00f3n de 149.993,72 euros, se desarrollar\u00e1n durante dos meses en verano\u00a0","og_url":"https:\/\/www.laguiadepamplona.com\/actualidad\/aprobada-la-licitacion-de-las-obras-para-la-renaturalizacion-del-patio-que-comparten-los-centros-escolares-mendigoiti-y-el-lago-en-mendillorri\/","og_site_name":"La Gu\u00eda de Pamplona","article_publisher":"https:\/\/www.facebook.com\/laguiadepamplonacom-133175176762273\/?ref=hl","article_published_time":"2022-03-10T11:18:08+00:00","article_modified_time":"2023-04-11T09:48:26+00:00","og_image":[{"width":850,"height":709,"url":"https:\/\/www.laguiadepamplona.com\/actualidad\/wp-content\/uploads\/2022\/03\/mendigoiti-web.jpg","type":"image\/jpeg"}],"author":"La Gu\u00eda de Pamplona","twitter_card":"summary_large_image","twitter_creator":"@LaGuiadPamplona","twitter_site":"@LaGuiadPamplona","twitter_misc":{"Escrito por":"La Gu\u00eda de Pamplona","Tiempo de lectura":"2 minutos"},"schema":{"@context":"https:\/\/schema.org","@graph":[{"@type":"Article","@id":"https:\/\/www.laguiadepamplona.com\/actualidad\/aprobada-la-licitacion-de-las-obras-para-la-renaturalizacion-del-patio-que-comparten-los-centros-escolares-mendigoiti-y-el-lago-en-mendillorri\/#article","isPartOf":{"@id":"https:\/\/www.laguiadepamplona.com\/actualidad\/aprobada-la-licitacion-de-las-obras-para-la-renaturalizacion-del-patio-que-comparten-los-centros-escolares-mendigoiti-y-el-lago-en-mendillorri\/"},"author":{"name":"La Gu\u00eda de Pamplona","@id":"https:\/\/www.laguiadepamplona.com\/actualidad\/#\/schema\/person\/efe887376f0213d4657c93adc50b1fdb"},"headline":"Aprobada la licitaci\u00f3n de las obras para la renaturalizaci\u00f3n del patio que comparten los centros escolares Mendigoiti y El Lago en Mendillorri","datePublished":"2022-03-10T11:18:08+00:00","dateModified":"2023-04-11T09:48:26+00:00","mainEntityOfPage":{"@id":"https:\/\/www.laguiadepamplona.com\/actualidad\/aprobada-la-licitacion-de-las-obras-para-la-renaturalizacion-del-patio-que-comparten-los-centros-escolares-mendigoiti-y-el-lago-en-mendillorri\/"},"wordCount":466,"commentCount":0,"publisher":{"@id":"https:\/\/www.laguiadepamplona.com\/actualidad\/#organization"},"image":{"@id":"https:\/\/www.laguiadepamplona.com\/actualidad\/aprobada-la-licitacion-de-las-obras-para-la-renaturalizacion-del-patio-que-comparten-los-centros-escolares-mendigoiti-y-el-lago-en-mendillorri\/#primaryimage"},"thumbnailUrl":"https:\/\/www.laguiadepamplona.com\/actualidad\/wp-content\/uploads\/2022\/03\/mendigoiti-web.jpg","articleSection":["Ayto Pamplona"],"inLanguage":"es","potentialAction":[{"@type":"CommentAction","name":"Comment","target":["https:\/\/www.laguiadepamplona.com\/actualidad\/aprobada-la-licitacion-de-las-obras-para-la-renaturalizacion-del-patio-que-comparten-los-centros-escolares-mendigoiti-y-el-lago-en-mendillorri\/#respond"]}]},{"@type":"WebPage","@id":"https:\/\/www.laguiadepamplona.com\/actualidad\/aprobada-la-licitacion-de-las-obras-para-la-renaturalizacion-del-patio-que-comparten-los-centros-escolares-mendigoiti-y-el-lago-en-mendillorri\/","url":"https:\/\/www.laguiadepamplona.com\/actualidad\/aprobada-la-licitacion-de-las-obras-para-la-renaturalizacion-del-patio-que-comparten-los-centros-escolares-mendigoiti-y-el-lago-en-mendillorri\/","name":"Aprobada la licitaci\u00f3n de las obras para la renaturalizaci\u00f3n del patio que comparten los centros escolares Mendigoiti y El Lago en Mendillorri","isPartOf":{"@id":"https:\/\/www.laguiadepamplona.com\/actualidad\/#website"},"primaryImageOfPage":{"@id":"https:\/\/www.laguiadepamplona.com\/actualidad\/aprobada-la-licitacion-de-las-obras-para-la-renaturalizacion-del-patio-que-comparten-los-centros-escolares-mendigoiti-y-el-lago-en-mendillorri\/#primaryimage"},"image":{"@id":"https:\/\/www.laguiadepamplona.com\/actualidad\/aprobada-la-licitacion-de-las-obras-para-la-renaturalizacion-del-patio-que-comparten-los-centros-escolares-mendigoiti-y-el-lago-en-mendillorri\/#primaryimage"},"thumbnailUrl":"https:\/\/www.laguiadepamplona.com\/actualidad\/wp-content\/uploads\/2022\/03\/mendigoiti-web.jpg","datePublished":"2022-03-10T11:18:08+00:00","dateModified":"2023-04-11T09:48:26+00:00","description":"Los trabajos, con un presupuesto de licitaci\u00f3n de 149.993,72 euros, se desarrollar\u00e1n durante dos meses en verano\u00a0","breadcrumb":{"@id":"https:\/\/www.laguiadepamplona.com\/actualidad\/aprobada-la-licitacion-de-las-obras-para-la-renaturalizacion-del-patio-que-comparten-los-centros-escolares-mendigoiti-y-el-lago-en-mendillorri\/#breadcrumb"},"inLanguage":"es","potentialAction":[{"@type":"ReadAction","target":["https:\/\/www.laguiadepamplona.com\/actualidad\/aprobada-la-licitacion-de-las-obras-para-la-renaturalizacion-del-patio-que-comparten-los-centros-escolares-mendigoiti-y-el-lago-en-mendillorri\/"]}]},{"@type":"ImageObject","inLanguage":"es","@id":"https:\/\/www.laguiadepamplona.com\/actualidad\/aprobada-la-licitacion-de-las-obras-para-la-renaturalizacion-del-patio-que-comparten-los-centros-escolares-mendigoiti-y-el-lago-en-mendillorri\/#primaryimage","url":"https:\/\/www.laguiadepamplona.com\/actualidad\/wp-content\/uploads\/2022\/03\/mendigoiti-web.jpg","contentUrl":"https:\/\/www.laguiadepamplona.com\/actualidad\/wp-content\/uploads\/2022\/03\/mendigoiti-web.jpg","width":850,"height":709},{"@type":"BreadcrumbList","@id":"https:\/\/www.laguiadepamplona.com\/actualidad\/aprobada-la-licitacion-de-las-obras-para-la-renaturalizacion-del-patio-que-comparten-los-centros-escolares-mendigoiti-y-el-lago-en-mendillorri\/#breadcrumb","itemListElement":[{"@type":"ListItem","position":1,"name":"Portada","item":"https:\/\/www.laguiadepamplona.com\/actualidad\/"},{"@type":"ListItem","position":2,"name":"Aprobada la licitaci\u00f3n de las obras para la renaturalizaci\u00f3n del patio que comparten los centros escolares Mendigoiti y El Lago en Mendillorri"}]},{"@type":"WebSite","@id":"https:\/\/www.laguiadepamplona.com\/actualidad\/#website","url":"https:\/\/www.laguiadepamplona.com\/actualidad\/","name":"La gu\u00eda de Pamplona","description":"Noticias de Pamplona","publisher":{"@id":"https:\/\/www.laguiadepamplona.com\/actualidad\/#organization"},"potentialAction":[{"@type":"SearchAction","target":{"@type":"EntryPoint","urlTemplate":"https:\/\/www.laguiadepamplona.com\/actualidad\/?s={search_term_string}"},"query-input":{"@type":"PropertyValueSpecification","valueRequired":true,"valueName":"search_term_string"}}],"inLanguage":"es"},{"@type":"Organization","@id":"https:\/\/www.laguiadepamplona.com\/actualidad\/#organization","name":"La Gu\u00eda de Pamplona \/ Noticias","url":"https:\/\/www.laguiadepamplona.com\/actualidad\/","logo":{"@type":"ImageObject","inLanguage":"es","@id":"https:\/\/www.laguiadepamplona.com\/actualidad\/#\/schema\/logo\/image\/","url":"https:\/\/www.laguiadepamplona.com\/actualidad\/wp-content\/uploads\/2018\/11\/logo-laguiadepamplona18-web1.png","contentUrl":"https:\/\/www.laguiadepamplona.com\/actualidad\/wp-content\/uploads\/2018\/11\/logo-laguiadepamplona18-web1.png","width":600,"height":196,"caption":"La Gu\u00eda de Pamplona \/ Noticias"},"image":{"@id":"https:\/\/www.laguiadepamplona.com\/actualidad\/#\/schema\/logo\/image\/"},"sameAs":["https:\/\/www.facebook.com\/laguiadepamplonacom-133175176762273\/?ref=hl","https:\/\/x.com\/LaGuiadPamplona","https:\/\/www.instagram.com\/la_guia_de_pamplona\/","https:\/\/www.youtube.com\/user\/laguiadepamplona"]},{"@type":"Person","@id":"https:\/\/www.laguiadepamplona.com\/actualidad\/#\/schema\/person\/efe887376f0213d4657c93adc50b1fdb","name":"La Gu\u00eda de Pamplona","image":{"@type":"ImageObject","inLanguage":"es","@id":"https:\/\/secure.gravatar.com\/avatar\/b6992f131dc8d30ab0dff15446e9d346d9dbd95992de0fef795073f5ea83a81c?s=96&d=mm&r=g","url":"https:\/\/secure.gravatar.com\/avatar\/b6992f131dc8d30ab0dff15446e9d346d9dbd95992de0fef795073f5ea83a81c?s=96&d=mm&r=g","contentUrl":"https:\/\/secure.gravatar.com\/avatar\/b6992f131dc8d30ab0dff15446e9d346d9dbd95992de0fef795073f5ea83a81c?s=96&d=mm&r=g","caption":"La Gu\u00eda de Pamplona"}}]}},"post_mailing_queue_ids":[],"_links":{"self":[{"href":"https:\/\/www.laguiadepamplona.com\/actualidad\/wp-json\/wp\/v2\/posts\/39308","targetHints":{"allow":["GET"]}}],"collection":[{"href":"https:\/\/www.laguiadepamplona.com\/actualidad\/wp-json\/wp\/v2\/posts"}],"about":[{"href":"https:\/\/www.laguiadepamplona.com\/actualidad\/wp-json\/wp\/v2\/types\/post"}],"author":[{"embeddable":true,"href":"https:\/\/www.laguiadepamplona.com\/actualidad\/wp-json\/wp\/v2\/users\/1"}],"replies":[{"embeddable":true,"href":"https:\/\/www.laguiadepamplona.com\/actualidad\/wp-json\/wp\/v2\/comments?post=39308"}],"version-history":[{"count":0,"href":"https:\/\/www.laguiadepamplona.com\/actualidad\/wp-json\/wp\/v2\/posts\/39308\/revisions"}],"wp:featuredmedia":[{"embeddable":true,"href":"https:\/\/www.laguiadepamplona.com\/actualidad\/wp-json\/wp\/v2\/media\/39309"}],"wp:attachment":[{"href":"https:\/\/www.laguiadepamplona.com\/actualidad\/wp-json\/wp\/v2\/media?parent=39308"}],"wp:term":[{"taxonomy":"category","embeddable":true,"href":"https:\/\/www.laguiadepamplona.com\/actualidad\/wp-json\/wp\/v2\/categories?post=39308"},{"taxonomy":"post_tag","embeddable":true,"href":"https:\/\/www.laguiadepamplona.com\/actualidad\/wp-json\/wp\/v2\/tags?post=39308"}],"curies":[{"name":"wp","href":"https:\/\/api.w.org\/{rel}","templated":true}]}}