{"id":39300,"date":"2022-03-09T17:21:09","date_gmt":"2022-03-09T15:21:09","guid":{"rendered":"https:\/\/www.laguiadepamplona.com\/actualidad\/?p=39300"},"modified":"2023-04-11T11:48:26","modified_gmt":"2023-04-11T09:48:26","slug":"el-ayuntamiento-quiere-impulsar-este-ano-una-convocatoria-de-ayudas-para-los-vecinos-y-diversas-actuaciones-por-mas-de-medio-millon-de-euros-en-el-entorno-del-rio-y-en-los-colectores","status":"publish","type":"post","link":"https:\/\/www.laguiadepamplona.com\/actualidad\/el-ayuntamiento-quiere-impulsar-este-ano-una-convocatoria-de-ayudas-para-los-vecinos-y-diversas-actuaciones-por-mas-de-medio-millon-de-euros-en-el-entorno-del-rio-y-en-los-colectores\/","title":{"rendered":"El Ayuntamiento quiere impulsar este a\u00f1o una convocatoria de ayudas para los vecinos y diversas actuaciones por m\u00e1s de medio mill\u00f3n de euros en el entorno del r\u00edo y en los colectores"},"content":{"rendered":"<p><!--more--><\/p>\n<p>El Ayuntamiento de Pamplona ha realizado una primera valoraci\u00f3n econ\u00f3mica de las medidas de autoprotecci\u00f3n demandadas por alrededor de un centenar de comunidades de vecinos y vecinas de los edificios de las zonas inundables de los barrios de Rochapea y Txantrea. Las actuaciones a adoptar se cuantifican en una horquilla entre los 400.000 y los 675.000 euros, que el Ayuntamiento quiere subvencionar a trav\u00e9s de una convocatoria de ayudas en la que se est\u00e1 trabajando y que requerir\u00e1 de modificaci\u00f3n presupuestaria.<\/p>\n<p>Durante el mes de febrero, a trav\u00e9s de personal t\u00e9cnico de las \u00e1reas municipales de Seguridad Ciudadana y Proyectos Estrat\u00e9gicos, se han realizado reuniones con administradores de fincas y comunidades de propietarios para conocer sus testimonios en primera persona y para recoger el alcance de las inundaciones en cada uno de los edificios. De esta forma, se han podido establecer los puntos de entrada de agua, las alturas alcanzadas en cada s\u00f3tano, as\u00ed como los sistemas de autoprotecci\u00f3n de cada comunidad y las mejoras necesarias en cada caso concreto. Este trabajo se ha presentado esta ma\u00f1ana en la Comisi\u00f3n de Urbanismo.<\/p>\n<p>Tal y como se anunci\u00f3 el pasado mes de febrero, el Ayuntamiento de Pamplona est\u00e1 trabajando en el impulso de una convocatoria de ayudas, con car\u00e1cter plurianual, para adecuar los edificios de esas zonas inundables de cara a evitar o minimizar los da\u00f1os ocasionados por futuras avenidas. Se est\u00e1 valorando que esa convocatoria plurianual est\u00e9 dotada con alrededor de 500.000 euros repartidos en dos anualidades para financiar, con diferentes porcentajes, las medidas necesarias en cada comunidad. A la vista del trabajo realizado, se consideran prioritarias actuaciones como subir los cuadros el\u00e9ctricos a zonas no inundables o colocar sensores de cabinas de ascensor que la eleven al detectar agua en el foso, pues son medidas que palian potenciales da\u00f1os personales.<br \/>\n<script async src=\"\/\/pagead2.googlesyndication.com\/pagead\/js\/adsbygoogle.js\"><\/script><br \/>\n<!-- Noticias La Guia de Pamplona --><br \/>\n<ins class=\"adsbygoogle\"\nstyle=\"display:block\"\ndata-ad-client=\"ca-pub-6943679897239327\"\ndata-ad-slot=\"7048180777\"\ndata-ad-format=\"auto\"><\/ins><br \/>\n<script>\n(adsbygoogle = window.adsbygoogle || []).push({});\n<\/script><\/p>\n<p><strong>Otras actuaciones previstas por importe de 500.000 euros<\/strong><\/p>\n<p>Al margen de las medidas de autoprotecci\u00f3n de cada edificio, se deben resolver otras cuestiones estructurales relacionadas con la acometida a la red del bombeo del agua y con el suministro el\u00e9ctrico. Existen 6 centros de transformaci\u00f3n de energ\u00eda el\u00e9ctrica en la zona afectada por las riadas en Rochapea. Ese hecho provoca el corte del suministro el\u00e9ctrico y que las bombas instaladas no funcionen. El Ayuntamiento estudia actuar en estas instalaciones, lo cual tendr\u00eda un coste aproximado de 325.000 euros.<\/p>\n<p>A estas actuaciones se a\u00f1aden otras que sumar\u00edan alrededor de 200.000 euros. La primera es la elaboraci\u00f3n de un modelo hidr\u00e1ulico de detalle para el tramo del r\u00edo comprendido entre el azud de San Pedro y el puente de Cuatro Vientos con los caudales que contempla en sus nuevos estudios la CHE, incluyendo propuestas de medidas de atenuaci\u00f3n de riesgo viales constructivamente, complementarias o sustitutivas de las ya existentes (por ejemplo, un canal de crecida que alivie la secci\u00f3n hidr\u00e1ulica del puente de Curtidores). La segunda actuaci\u00f3n ser\u00eda un estudio de las conducciones de desag\u00fce de la red de colectores de Rochapea y propuestas de actuaci\u00f3n, as\u00ed como de la viabilidad de la utilizaci\u00f3n del canal de Ilund\u00e1in para mejorar la capacidad hidr\u00e1ulica en la zona de Landaben. En relaci\u00f3n con la intervenci\u00f3n de colectores, se plantean otras dos actuaciones concretas: la incorporaci\u00f3n de un nuevo colector de hormig\u00f3n armado de 1.500 mm, de unos 301 metros de longitud, que se sume a la red actual para recoger las aguas antes del desbordamiento del r\u00edo; y la colocaci\u00f3n de clapetas antirretorno en las desembocaduras de algunos de los tubos existentes que impidan la entrada del agua en las redes de colectores durante los momentos de avenida, evitando as\u00ed que progrese la inundaci\u00f3n a trav\u00e9s de ellos (en concreto en el colector del faro de Errotazar, en el del parque donde se instala el recinto ferial de San Ferm\u00edn y en el parte de la Runa).<\/p>\n<p>Contemplando en este ejercicio presupuestario la ejecuci\u00f3n de cerca de la mitad de las actuaciones en los edificios (alrededor de 200.000 euros), la adecuaci\u00f3n de centros de transformaci\u00f3n y las otras cuatro actuaciones indicadas, las necesidades presupuestarias en 2022 rondar\u00edan los 700.000 euros.<br \/>\n<script async src=\"\/\/pagead2.googlesyndication.com\/pagead\/js\/adsbygoogle.js\"><\/script><br \/>\n<!-- Noticias La Guia de Pamplona --><br \/>\n<ins class=\"adsbygoogle\"\nstyle=\"display:block\"\ndata-ad-client=\"ca-pub-6943679897239327\"\ndata-ad-slot=\"7048180777\"\ndata-ad-format=\"auto\"><\/ins><br \/>\n<script>\n(adsbygoogle = window.adsbygoogle || []).push({});\n<\/script><\/p>\n<p><strong>M\u00e1s de 1.300 viviendas afectadas<\/strong><\/p>\n<p>El trabajo que se ha llevado a cabo ha dividido las zonas inundables en 11 cuadrantes, 10 de los cuales se sit\u00faan en Rochapea y 1 en Txantrea. En Rochapea, la inundaci\u00f3n del pasado diciembre lleg\u00f3 a inmuebles de las calles R\u00edo Arga, Pedro de Alejandr\u00eda, Joaqu\u00edn Beunza, parque de los Enamorados, Bernardino Tirapu, traves\u00eda de Bernardino Tirapu, traves\u00eda de las Huertas, Ezc\u00e1roz, calle Arbizu, traves\u00eda de Arbizu, Juslarrocha, plaza de Sancho Abarca, Ochagav\u00eda y Pedro de Alcatarena. En total, la riada afect\u00f3 a 1.199 viviendas, 1.520 plazas de garaje y 630 trasteros de esa zona.<\/p>\n<p>Junto a las actuaciones prioritarias de subir cuadros el\u00e9ctricos o colocar sensores en ascensores, principalmente, las medidas que se deben adoptar pasan por barreras antiinundaci\u00f3n en puertas peatonales y de garaje, as\u00ed como en cualquier otro tipo de apertura en fachadas, con distintos sistemas de montaje y estanqueidad para evitar el paso del agua. Se deber\u00e1n ejecutar tambi\u00e9n recrecidos de obra y la colocaci\u00f3n de rejillas de ventilaci\u00f3n de s\u00f3tanos a cota superior. Algunos inmuebles demandan, asimismo, sistemas de impermeabilizaci\u00f3n continuos y de estanqueidad de puntos concretos de s\u00f3tanos, elevar troneras o mejoras en el sistema de bombeo. Varias comunidades de propietarios de la zona ya se beneficiaron en su d\u00eda de las convocatorias de ayudas municipales de 2009 y 2014 e implementaron algunas de esas medidas.<\/p>\n<p>Este trabajo de campo se ha realizado tambi\u00e9n en la zona de Alemanes, en el barrio de Txantrea, en edificios de viviendas y unifamiliares de las calles Padre Ado\u00e1in, Juan de Tarazona, Magdalena y plaza de Sabicas. La crecida del r\u00edo Arga del mes de diciembre afect\u00f3 a 163 viviendas de la zona, 326 plazas de garaje y 139 trasteros. La medida principal a adoptar tiene que ver con la modificaci\u00f3n de la conexi\u00f3n a la red de saneamiento, pues la red en la calle Padre Ado\u00e1in estaba saturada ese d\u00eda, pero no la red en Juan de Tarazona.<\/p>\n","protected":false},"excerpt":{"rendered":"","protected":false},"author":1,"featured_media":39301,"comment_status":"open","ping_status":"closed","sticky":false,"template":"","format":"standard","meta":{"footnotes":""},"categories":[2],"tags":[],"class_list":["post-39300","post","type-post","status-publish","format-standard","has-post-thumbnail","hentry","category-ayuntamiento-pamplona"],"yoast_head":"<!-- This site is optimized with the Yoast SEO plugin v27.3 - https:\/\/yoast.com\/product\/yoast-seo-wordpress\/ -->\n<title>El Ayuntamiento quiere impulsar este a\u00f1o una convocatoria de ayudas para los vecinos y diversas actuaciones por m\u00e1s de medio mill\u00f3n de euros en el entorno del r\u00edo y en los colectores<\/title>\n<meta name=\"description\" content=\"Durante el mes de febrero se han realizado reuniones con administradores de fincas y comunidades de propietarios para conocer sus testimonios\" \/>\n<meta name=\"robots\" content=\"index, follow, max-snippet:-1, max-image-preview:large, max-video-preview:-1\" \/>\n<link rel=\"canonical\" href=\"https:\/\/www.laguiadepamplona.com\/actualidad\/el-ayuntamiento-quiere-impulsar-este-ano-una-convocatoria-de-ayudas-para-los-vecinos-y-diversas-actuaciones-por-mas-de-medio-millon-de-euros-en-el-entorno-del-rio-y-en-los-colectores\/\" \/>\n<meta property=\"og:locale\" content=\"es_ES\" \/>\n<meta property=\"og:type\" content=\"article\" \/>\n<meta property=\"og:title\" content=\"El Ayuntamiento quiere impulsar este a\u00f1o una convocatoria de ayudas para los vecinos y diversas actuaciones por m\u00e1s de medio mill\u00f3n de euros en el entorno del r\u00edo y en los colectores\" \/>\n<meta property=\"og:description\" content=\"Durante el mes de febrero se han realizado reuniones con administradores de fincas y comunidades de propietarios para conocer sus testimonios\" \/>\n<meta property=\"og:url\" content=\"https:\/\/www.laguiadepamplona.com\/actualidad\/el-ayuntamiento-quiere-impulsar-este-ano-una-convocatoria-de-ayudas-para-los-vecinos-y-diversas-actuaciones-por-mas-de-medio-millon-de-euros-en-el-entorno-del-rio-y-en-los-colectores\/\" \/>\n<meta property=\"og:site_name\" content=\"La Gu\u00eda de Pamplona\" \/>\n<meta property=\"article:publisher\" content=\"https:\/\/www.facebook.com\/laguiadepamplonacom-133175176762273\/?ref=hl\" \/>\n<meta property=\"article:published_time\" content=\"2022-03-09T15:21:09+00:00\" \/>\n<meta property=\"article:modified_time\" content=\"2023-04-11T09:48:26+00:00\" \/>\n<meta property=\"og:image\" content=\"https:\/\/www.laguiadepamplona.com\/actualidad\/wp-content\/uploads\/2022\/03\/inundaciones.jpg\" \/>\n\t<meta property=\"og:image:width\" content=\"645\" \/>\n\t<meta property=\"og:image:height\" content=\"458\" \/>\n\t<meta property=\"og:image:type\" content=\"image\/jpeg\" \/>\n<meta name=\"author\" content=\"La Gu\u00eda de Pamplona\" \/>\n<meta name=\"twitter:card\" content=\"summary_large_image\" \/>\n<meta name=\"twitter:creator\" content=\"@LaGuiadPamplona\" \/>\n<meta name=\"twitter:site\" content=\"@LaGuiadPamplona\" \/>\n<meta name=\"twitter:label1\" content=\"Escrito por\" \/>\n\t<meta name=\"twitter:data1\" content=\"La Gu\u00eda de Pamplona\" \/>\n\t<meta name=\"twitter:label2\" content=\"Tiempo de lectura\" \/>\n\t<meta name=\"twitter:data2\" content=\"5 minutos\" \/>\n<script type=\"application\/ld+json\" class=\"yoast-schema-graph\">{\"@context\":\"https:\\\/\\\/schema.org\",\"@graph\":[{\"@type\":\"Article\",\"@id\":\"https:\\\/\\\/www.laguiadepamplona.com\\\/actualidad\\\/el-ayuntamiento-quiere-impulsar-este-ano-una-convocatoria-de-ayudas-para-los-vecinos-y-diversas-actuaciones-por-mas-de-medio-millon-de-euros-en-el-entorno-del-rio-y-en-los-colectores\\\/#article\",\"isPartOf\":{\"@id\":\"https:\\\/\\\/www.laguiadepamplona.com\\\/actualidad\\\/el-ayuntamiento-quiere-impulsar-este-ano-una-convocatoria-de-ayudas-para-los-vecinos-y-diversas-actuaciones-por-mas-de-medio-millon-de-euros-en-el-entorno-del-rio-y-en-los-colectores\\\/\"},\"author\":{\"name\":\"La Gu\u00eda de Pamplona\",\"@id\":\"https:\\\/\\\/www.laguiadepamplona.com\\\/actualidad\\\/#\\\/schema\\\/person\\\/efe887376f0213d4657c93adc50b1fdb\"},\"headline\":\"El Ayuntamiento quiere impulsar este a\u00f1o una convocatoria de ayudas para los vecinos y diversas actuaciones por m\u00e1s de medio mill\u00f3n de euros en el entorno del r\u00edo y en los colectores\",\"datePublished\":\"2022-03-09T15:21:09+00:00\",\"dateModified\":\"2023-04-11T09:48:26+00:00\",\"mainEntityOfPage\":{\"@id\":\"https:\\\/\\\/www.laguiadepamplona.com\\\/actualidad\\\/el-ayuntamiento-quiere-impulsar-este-ano-una-convocatoria-de-ayudas-para-los-vecinos-y-diversas-actuaciones-por-mas-de-medio-millon-de-euros-en-el-entorno-del-rio-y-en-los-colectores\\\/\"},\"wordCount\":1095,\"commentCount\":0,\"publisher\":{\"@id\":\"https:\\\/\\\/www.laguiadepamplona.com\\\/actualidad\\\/#organization\"},\"image\":{\"@id\":\"https:\\\/\\\/www.laguiadepamplona.com\\\/actualidad\\\/el-ayuntamiento-quiere-impulsar-este-ano-una-convocatoria-de-ayudas-para-los-vecinos-y-diversas-actuaciones-por-mas-de-medio-millon-de-euros-en-el-entorno-del-rio-y-en-los-colectores\\\/#primaryimage\"},\"thumbnailUrl\":\"https:\\\/\\\/www.laguiadepamplona.com\\\/actualidad\\\/wp-content\\\/uploads\\\/2022\\\/03\\\/inundaciones.jpg\",\"articleSection\":[\"Ayto Pamplona\"],\"inLanguage\":\"es\",\"potentialAction\":[{\"@type\":\"CommentAction\",\"name\":\"Comment\",\"target\":[\"https:\\\/\\\/www.laguiadepamplona.com\\\/actualidad\\\/el-ayuntamiento-quiere-impulsar-este-ano-una-convocatoria-de-ayudas-para-los-vecinos-y-diversas-actuaciones-por-mas-de-medio-millon-de-euros-en-el-entorno-del-rio-y-en-los-colectores\\\/#respond\"]}]},{\"@type\":\"WebPage\",\"@id\":\"https:\\\/\\\/www.laguiadepamplona.com\\\/actualidad\\\/el-ayuntamiento-quiere-impulsar-este-ano-una-convocatoria-de-ayudas-para-los-vecinos-y-diversas-actuaciones-por-mas-de-medio-millon-de-euros-en-el-entorno-del-rio-y-en-los-colectores\\\/\",\"url\":\"https:\\\/\\\/www.laguiadepamplona.com\\\/actualidad\\\/el-ayuntamiento-quiere-impulsar-este-ano-una-convocatoria-de-ayudas-para-los-vecinos-y-diversas-actuaciones-por-mas-de-medio-millon-de-euros-en-el-entorno-del-rio-y-en-los-colectores\\\/\",\"name\":\"El Ayuntamiento quiere impulsar este a\u00f1o una convocatoria de ayudas para los vecinos y diversas actuaciones por m\u00e1s de medio mill\u00f3n de euros en el entorno del r\u00edo y en los colectores\",\"isPartOf\":{\"@id\":\"https:\\\/\\\/www.laguiadepamplona.com\\\/actualidad\\\/#website\"},\"primaryImageOfPage\":{\"@id\":\"https:\\\/\\\/www.laguiadepamplona.com\\\/actualidad\\\/el-ayuntamiento-quiere-impulsar-este-ano-una-convocatoria-de-ayudas-para-los-vecinos-y-diversas-actuaciones-por-mas-de-medio-millon-de-euros-en-el-entorno-del-rio-y-en-los-colectores\\\/#primaryimage\"},\"image\":{\"@id\":\"https:\\\/\\\/www.laguiadepamplona.com\\\/actualidad\\\/el-ayuntamiento-quiere-impulsar-este-ano-una-convocatoria-de-ayudas-para-los-vecinos-y-diversas-actuaciones-por-mas-de-medio-millon-de-euros-en-el-entorno-del-rio-y-en-los-colectores\\\/#primaryimage\"},\"thumbnailUrl\":\"https:\\\/\\\/www.laguiadepamplona.com\\\/actualidad\\\/wp-content\\\/uploads\\\/2022\\\/03\\\/inundaciones.jpg\",\"datePublished\":\"2022-03-09T15:21:09+00:00\",\"dateModified\":\"2023-04-11T09:48:26+00:00\",\"description\":\"Durante el mes de febrero se han realizado reuniones con administradores de fincas y comunidades de propietarios para conocer sus testimonios\",\"breadcrumb\":{\"@id\":\"https:\\\/\\\/www.laguiadepamplona.com\\\/actualidad\\\/el-ayuntamiento-quiere-impulsar-este-ano-una-convocatoria-de-ayudas-para-los-vecinos-y-diversas-actuaciones-por-mas-de-medio-millon-de-euros-en-el-entorno-del-rio-y-en-los-colectores\\\/#breadcrumb\"},\"inLanguage\":\"es\",\"potentialAction\":[{\"@type\":\"ReadAction\",\"target\":[\"https:\\\/\\\/www.laguiadepamplona.com\\\/actualidad\\\/el-ayuntamiento-quiere-impulsar-este-ano-una-convocatoria-de-ayudas-para-los-vecinos-y-diversas-actuaciones-por-mas-de-medio-millon-de-euros-en-el-entorno-del-rio-y-en-los-colectores\\\/\"]}]},{\"@type\":\"ImageObject\",\"inLanguage\":\"es\",\"@id\":\"https:\\\/\\\/www.laguiadepamplona.com\\\/actualidad\\\/el-ayuntamiento-quiere-impulsar-este-ano-una-convocatoria-de-ayudas-para-los-vecinos-y-diversas-actuaciones-por-mas-de-medio-millon-de-euros-en-el-entorno-del-rio-y-en-los-colectores\\\/#primaryimage\",\"url\":\"https:\\\/\\\/www.laguiadepamplona.com\\\/actualidad\\\/wp-content\\\/uploads\\\/2022\\\/03\\\/inundaciones.jpg\",\"contentUrl\":\"https:\\\/\\\/www.laguiadepamplona.com\\\/actualidad\\\/wp-content\\\/uploads\\\/2022\\\/03\\\/inundaciones.jpg\",\"width\":645,\"height\":458},{\"@type\":\"BreadcrumbList\",\"@id\":\"https:\\\/\\\/www.laguiadepamplona.com\\\/actualidad\\\/el-ayuntamiento-quiere-impulsar-este-ano-una-convocatoria-de-ayudas-para-los-vecinos-y-diversas-actuaciones-por-mas-de-medio-millon-de-euros-en-el-entorno-del-rio-y-en-los-colectores\\\/#breadcrumb\",\"itemListElement\":[{\"@type\":\"ListItem\",\"position\":1,\"name\":\"Portada\",\"item\":\"https:\\\/\\\/www.laguiadepamplona.com\\\/actualidad\\\/\"},{\"@type\":\"ListItem\",\"position\":2,\"name\":\"El Ayuntamiento quiere impulsar este a\u00f1o una convocatoria de ayudas para los vecinos y diversas actuaciones por m\u00e1s de medio mill\u00f3n de euros en el entorno del r\u00edo y en los colectores\"}]},{\"@type\":\"WebSite\",\"@id\":\"https:\\\/\\\/www.laguiadepamplona.com\\\/actualidad\\\/#website\",\"url\":\"https:\\\/\\\/www.laguiadepamplona.com\\\/actualidad\\\/\",\"name\":\"La gu\u00eda de Pamplona\",\"description\":\"Noticias de Pamplona\",\"publisher\":{\"@id\":\"https:\\\/\\\/www.laguiadepamplona.com\\\/actualidad\\\/#organization\"},\"potentialAction\":[{\"@type\":\"SearchAction\",\"target\":{\"@type\":\"EntryPoint\",\"urlTemplate\":\"https:\\\/\\\/www.laguiadepamplona.com\\\/actualidad\\\/?s={search_term_string}\"},\"query-input\":{\"@type\":\"PropertyValueSpecification\",\"valueRequired\":true,\"valueName\":\"search_term_string\"}}],\"inLanguage\":\"es\"},{\"@type\":\"Organization\",\"@id\":\"https:\\\/\\\/www.laguiadepamplona.com\\\/actualidad\\\/#organization\",\"name\":\"La Gu\u00eda de Pamplona \\\/ Noticias\",\"url\":\"https:\\\/\\\/www.laguiadepamplona.com\\\/actualidad\\\/\",\"logo\":{\"@type\":\"ImageObject\",\"inLanguage\":\"es\",\"@id\":\"https:\\\/\\\/www.laguiadepamplona.com\\\/actualidad\\\/#\\\/schema\\\/logo\\\/image\\\/\",\"url\":\"https:\\\/\\\/www.laguiadepamplona.com\\\/actualidad\\\/wp-content\\\/uploads\\\/2018\\\/11\\\/logo-laguiadepamplona18-web1.png\",\"contentUrl\":\"https:\\\/\\\/www.laguiadepamplona.com\\\/actualidad\\\/wp-content\\\/uploads\\\/2018\\\/11\\\/logo-laguiadepamplona18-web1.png\",\"width\":600,\"height\":196,\"caption\":\"La Gu\u00eda de Pamplona \\\/ Noticias\"},\"image\":{\"@id\":\"https:\\\/\\\/www.laguiadepamplona.com\\\/actualidad\\\/#\\\/schema\\\/logo\\\/image\\\/\"},\"sameAs\":[\"https:\\\/\\\/www.facebook.com\\\/laguiadepamplonacom-133175176762273\\\/?ref=hl\",\"https:\\\/\\\/x.com\\\/LaGuiadPamplona\",\"https:\\\/\\\/www.instagram.com\\\/la_guia_de_pamplona\\\/\",\"https:\\\/\\\/www.youtube.com\\\/user\\\/laguiadepamplona\"]},{\"@type\":\"Person\",\"@id\":\"https:\\\/\\\/www.laguiadepamplona.com\\\/actualidad\\\/#\\\/schema\\\/person\\\/efe887376f0213d4657c93adc50b1fdb\",\"name\":\"La Gu\u00eda de Pamplona\",\"image\":{\"@type\":\"ImageObject\",\"inLanguage\":\"es\",\"@id\":\"https:\\\/\\\/secure.gravatar.com\\\/avatar\\\/b6992f131dc8d30ab0dff15446e9d346d9dbd95992de0fef795073f5ea83a81c?s=96&d=mm&r=g\",\"url\":\"https:\\\/\\\/secure.gravatar.com\\\/avatar\\\/b6992f131dc8d30ab0dff15446e9d346d9dbd95992de0fef795073f5ea83a81c?s=96&d=mm&r=g\",\"contentUrl\":\"https:\\\/\\\/secure.gravatar.com\\\/avatar\\\/b6992f131dc8d30ab0dff15446e9d346d9dbd95992de0fef795073f5ea83a81c?s=96&d=mm&r=g\",\"caption\":\"La Gu\u00eda de Pamplona\"}}]}<\/script>\n<!-- \/ Yoast SEO plugin. -->","yoast_head_json":{"title":"El Ayuntamiento quiere impulsar este a\u00f1o una convocatoria de ayudas para los vecinos y diversas actuaciones por m\u00e1s de medio mill\u00f3n de euros en el entorno del r\u00edo y en los colectores","description":"Durante el mes de febrero se han realizado reuniones con administradores de fincas y comunidades de propietarios para conocer sus testimonios","robots":{"index":"index","follow":"follow","max-snippet":"max-snippet:-1","max-image-preview":"max-image-preview:large","max-video-preview":"max-video-preview:-1"},"canonical":"https:\/\/www.laguiadepamplona.com\/actualidad\/el-ayuntamiento-quiere-impulsar-este-ano-una-convocatoria-de-ayudas-para-los-vecinos-y-diversas-actuaciones-por-mas-de-medio-millon-de-euros-en-el-entorno-del-rio-y-en-los-colectores\/","og_locale":"es_ES","og_type":"article","og_title":"El Ayuntamiento quiere impulsar este a\u00f1o una convocatoria de ayudas para los vecinos y diversas actuaciones por m\u00e1s de medio mill\u00f3n de euros en el entorno del r\u00edo y en los colectores","og_description":"Durante el mes de febrero se han realizado reuniones con administradores de fincas y comunidades de propietarios para conocer sus testimonios","og_url":"https:\/\/www.laguiadepamplona.com\/actualidad\/el-ayuntamiento-quiere-impulsar-este-ano-una-convocatoria-de-ayudas-para-los-vecinos-y-diversas-actuaciones-por-mas-de-medio-millon-de-euros-en-el-entorno-del-rio-y-en-los-colectores\/","og_site_name":"La Gu\u00eda de Pamplona","article_publisher":"https:\/\/www.facebook.com\/laguiadepamplonacom-133175176762273\/?ref=hl","article_published_time":"2022-03-09T15:21:09+00:00","article_modified_time":"2023-04-11T09:48:26+00:00","og_image":[{"width":645,"height":458,"url":"https:\/\/www.laguiadepamplona.com\/actualidad\/wp-content\/uploads\/2022\/03\/inundaciones.jpg","type":"image\/jpeg"}],"author":"La Gu\u00eda de Pamplona","twitter_card":"summary_large_image","twitter_creator":"@LaGuiadPamplona","twitter_site":"@LaGuiadPamplona","twitter_misc":{"Escrito por":"La Gu\u00eda de Pamplona","Tiempo de lectura":"5 minutos"},"schema":{"@context":"https:\/\/schema.org","@graph":[{"@type":"Article","@id":"https:\/\/www.laguiadepamplona.com\/actualidad\/el-ayuntamiento-quiere-impulsar-este-ano-una-convocatoria-de-ayudas-para-los-vecinos-y-diversas-actuaciones-por-mas-de-medio-millon-de-euros-en-el-entorno-del-rio-y-en-los-colectores\/#article","isPartOf":{"@id":"https:\/\/www.laguiadepamplona.com\/actualidad\/el-ayuntamiento-quiere-impulsar-este-ano-una-convocatoria-de-ayudas-para-los-vecinos-y-diversas-actuaciones-por-mas-de-medio-millon-de-euros-en-el-entorno-del-rio-y-en-los-colectores\/"},"author":{"name":"La Gu\u00eda de Pamplona","@id":"https:\/\/www.laguiadepamplona.com\/actualidad\/#\/schema\/person\/efe887376f0213d4657c93adc50b1fdb"},"headline":"El Ayuntamiento quiere impulsar este a\u00f1o una convocatoria de ayudas para los vecinos y diversas actuaciones por m\u00e1s de medio mill\u00f3n de euros en el entorno del r\u00edo y en los colectores","datePublished":"2022-03-09T15:21:09+00:00","dateModified":"2023-04-11T09:48:26+00:00","mainEntityOfPage":{"@id":"https:\/\/www.laguiadepamplona.com\/actualidad\/el-ayuntamiento-quiere-impulsar-este-ano-una-convocatoria-de-ayudas-para-los-vecinos-y-diversas-actuaciones-por-mas-de-medio-millon-de-euros-en-el-entorno-del-rio-y-en-los-colectores\/"},"wordCount":1095,"commentCount":0,"publisher":{"@id":"https:\/\/www.laguiadepamplona.com\/actualidad\/#organization"},"image":{"@id":"https:\/\/www.laguiadepamplona.com\/actualidad\/el-ayuntamiento-quiere-impulsar-este-ano-una-convocatoria-de-ayudas-para-los-vecinos-y-diversas-actuaciones-por-mas-de-medio-millon-de-euros-en-el-entorno-del-rio-y-en-los-colectores\/#primaryimage"},"thumbnailUrl":"https:\/\/www.laguiadepamplona.com\/actualidad\/wp-content\/uploads\/2022\/03\/inundaciones.jpg","articleSection":["Ayto Pamplona"],"inLanguage":"es","potentialAction":[{"@type":"CommentAction","name":"Comment","target":["https:\/\/www.laguiadepamplona.com\/actualidad\/el-ayuntamiento-quiere-impulsar-este-ano-una-convocatoria-de-ayudas-para-los-vecinos-y-diversas-actuaciones-por-mas-de-medio-millon-de-euros-en-el-entorno-del-rio-y-en-los-colectores\/#respond"]}]},{"@type":"WebPage","@id":"https:\/\/www.laguiadepamplona.com\/actualidad\/el-ayuntamiento-quiere-impulsar-este-ano-una-convocatoria-de-ayudas-para-los-vecinos-y-diversas-actuaciones-por-mas-de-medio-millon-de-euros-en-el-entorno-del-rio-y-en-los-colectores\/","url":"https:\/\/www.laguiadepamplona.com\/actualidad\/el-ayuntamiento-quiere-impulsar-este-ano-una-convocatoria-de-ayudas-para-los-vecinos-y-diversas-actuaciones-por-mas-de-medio-millon-de-euros-en-el-entorno-del-rio-y-en-los-colectores\/","name":"El Ayuntamiento quiere impulsar este a\u00f1o una convocatoria de ayudas para los vecinos y diversas actuaciones por m\u00e1s de medio mill\u00f3n de euros en el entorno del r\u00edo y en los colectores","isPartOf":{"@id":"https:\/\/www.laguiadepamplona.com\/actualidad\/#website"},"primaryImageOfPage":{"@id":"https:\/\/www.laguiadepamplona.com\/actualidad\/el-ayuntamiento-quiere-impulsar-este-ano-una-convocatoria-de-ayudas-para-los-vecinos-y-diversas-actuaciones-por-mas-de-medio-millon-de-euros-en-el-entorno-del-rio-y-en-los-colectores\/#primaryimage"},"image":{"@id":"https:\/\/www.laguiadepamplona.com\/actualidad\/el-ayuntamiento-quiere-impulsar-este-ano-una-convocatoria-de-ayudas-para-los-vecinos-y-diversas-actuaciones-por-mas-de-medio-millon-de-euros-en-el-entorno-del-rio-y-en-los-colectores\/#primaryimage"},"thumbnailUrl":"https:\/\/www.laguiadepamplona.com\/actualidad\/wp-content\/uploads\/2022\/03\/inundaciones.jpg","datePublished":"2022-03-09T15:21:09+00:00","dateModified":"2023-04-11T09:48:26+00:00","description":"Durante el mes de febrero se han realizado reuniones con administradores de fincas y comunidades de propietarios para conocer sus testimonios","breadcrumb":{"@id":"https:\/\/www.laguiadepamplona.com\/actualidad\/el-ayuntamiento-quiere-impulsar-este-ano-una-convocatoria-de-ayudas-para-los-vecinos-y-diversas-actuaciones-por-mas-de-medio-millon-de-euros-en-el-entorno-del-rio-y-en-los-colectores\/#breadcrumb"},"inLanguage":"es","potentialAction":[{"@type":"ReadAction","target":["https:\/\/www.laguiadepamplona.com\/actualidad\/el-ayuntamiento-quiere-impulsar-este-ano-una-convocatoria-de-ayudas-para-los-vecinos-y-diversas-actuaciones-por-mas-de-medio-millon-de-euros-en-el-entorno-del-rio-y-en-los-colectores\/"]}]},{"@type":"ImageObject","inLanguage":"es","@id":"https:\/\/www.laguiadepamplona.com\/actualidad\/el-ayuntamiento-quiere-impulsar-este-ano-una-convocatoria-de-ayudas-para-los-vecinos-y-diversas-actuaciones-por-mas-de-medio-millon-de-euros-en-el-entorno-del-rio-y-en-los-colectores\/#primaryimage","url":"https:\/\/www.laguiadepamplona.com\/actualidad\/wp-content\/uploads\/2022\/03\/inundaciones.jpg","contentUrl":"https:\/\/www.laguiadepamplona.com\/actualidad\/wp-content\/uploads\/2022\/03\/inundaciones.jpg","width":645,"height":458},{"@type":"BreadcrumbList","@id":"https:\/\/www.laguiadepamplona.com\/actualidad\/el-ayuntamiento-quiere-impulsar-este-ano-una-convocatoria-de-ayudas-para-los-vecinos-y-diversas-actuaciones-por-mas-de-medio-millon-de-euros-en-el-entorno-del-rio-y-en-los-colectores\/#breadcrumb","itemListElement":[{"@type":"ListItem","position":1,"name":"Portada","item":"https:\/\/www.laguiadepamplona.com\/actualidad\/"},{"@type":"ListItem","position":2,"name":"El Ayuntamiento quiere impulsar este a\u00f1o una convocatoria de ayudas para los vecinos y diversas actuaciones por m\u00e1s de medio mill\u00f3n de euros en el entorno del r\u00edo y en los colectores"}]},{"@type":"WebSite","@id":"https:\/\/www.laguiadepamplona.com\/actualidad\/#website","url":"https:\/\/www.laguiadepamplona.com\/actualidad\/","name":"La gu\u00eda de Pamplona","description":"Noticias de Pamplona","publisher":{"@id":"https:\/\/www.laguiadepamplona.com\/actualidad\/#organization"},"potentialAction":[{"@type":"SearchAction","target":{"@type":"EntryPoint","urlTemplate":"https:\/\/www.laguiadepamplona.com\/actualidad\/?s={search_term_string}"},"query-input":{"@type":"PropertyValueSpecification","valueRequired":true,"valueName":"search_term_string"}}],"inLanguage":"es"},{"@type":"Organization","@id":"https:\/\/www.laguiadepamplona.com\/actualidad\/#organization","name":"La Gu\u00eda de Pamplona \/ Noticias","url":"https:\/\/www.laguiadepamplona.com\/actualidad\/","logo":{"@type":"ImageObject","inLanguage":"es","@id":"https:\/\/www.laguiadepamplona.com\/actualidad\/#\/schema\/logo\/image\/","url":"https:\/\/www.laguiadepamplona.com\/actualidad\/wp-content\/uploads\/2018\/11\/logo-laguiadepamplona18-web1.png","contentUrl":"https:\/\/www.laguiadepamplona.com\/actualidad\/wp-content\/uploads\/2018\/11\/logo-laguiadepamplona18-web1.png","width":600,"height":196,"caption":"La Gu\u00eda de Pamplona \/ Noticias"},"image":{"@id":"https:\/\/www.laguiadepamplona.com\/actualidad\/#\/schema\/logo\/image\/"},"sameAs":["https:\/\/www.facebook.com\/laguiadepamplonacom-133175176762273\/?ref=hl","https:\/\/x.com\/LaGuiadPamplona","https:\/\/www.instagram.com\/la_guia_de_pamplona\/","https:\/\/www.youtube.com\/user\/laguiadepamplona"]},{"@type":"Person","@id":"https:\/\/www.laguiadepamplona.com\/actualidad\/#\/schema\/person\/efe887376f0213d4657c93adc50b1fdb","name":"La Gu\u00eda de Pamplona","image":{"@type":"ImageObject","inLanguage":"es","@id":"https:\/\/secure.gravatar.com\/avatar\/b6992f131dc8d30ab0dff15446e9d346d9dbd95992de0fef795073f5ea83a81c?s=96&d=mm&r=g","url":"https:\/\/secure.gravatar.com\/avatar\/b6992f131dc8d30ab0dff15446e9d346d9dbd95992de0fef795073f5ea83a81c?s=96&d=mm&r=g","contentUrl":"https:\/\/secure.gravatar.com\/avatar\/b6992f131dc8d30ab0dff15446e9d346d9dbd95992de0fef795073f5ea83a81c?s=96&d=mm&r=g","caption":"La Gu\u00eda de Pamplona"}}]}},"post_mailing_queue_ids":[],"_links":{"self":[{"href":"https:\/\/www.laguiadepamplona.com\/actualidad\/wp-json\/wp\/v2\/posts\/39300","targetHints":{"allow":["GET"]}}],"collection":[{"href":"https:\/\/www.laguiadepamplona.com\/actualidad\/wp-json\/wp\/v2\/posts"}],"about":[{"href":"https:\/\/www.laguiadepamplona.com\/actualidad\/wp-json\/wp\/v2\/types\/post"}],"author":[{"embeddable":true,"href":"https:\/\/www.laguiadepamplona.com\/actualidad\/wp-json\/wp\/v2\/users\/1"}],"replies":[{"embeddable":true,"href":"https:\/\/www.laguiadepamplona.com\/actualidad\/wp-json\/wp\/v2\/comments?post=39300"}],"version-history":[{"count":0,"href":"https:\/\/www.laguiadepamplona.com\/actualidad\/wp-json\/wp\/v2\/posts\/39300\/revisions"}],"wp:featuredmedia":[{"embeddable":true,"href":"https:\/\/www.laguiadepamplona.com\/actualidad\/wp-json\/wp\/v2\/media\/39301"}],"wp:attachment":[{"href":"https:\/\/www.laguiadepamplona.com\/actualidad\/wp-json\/wp\/v2\/media?parent=39300"}],"wp:term":[{"taxonomy":"category","embeddable":true,"href":"https:\/\/www.laguiadepamplona.com\/actualidad\/wp-json\/wp\/v2\/categories?post=39300"},{"taxonomy":"post_tag","embeddable":true,"href":"https:\/\/www.laguiadepamplona.com\/actualidad\/wp-json\/wp\/v2\/tags?post=39300"}],"curies":[{"name":"wp","href":"https:\/\/api.w.org\/{rel}","templated":true}]}}