{"id":39297,"date":"2022-03-09T14:36:39","date_gmt":"2022-03-09T12:36:39","guid":{"rendered":"https:\/\/www.laguiadepamplona.com\/actualidad\/?p=39297"},"modified":"2023-04-11T11:48:26","modified_gmt":"2023-04-11T09:48:26","slug":"abiertas-las-inscripciones-a-traves-del-telefono-010-para-las-nuevas-actividades-del-programa-jueves-y-viernes-ociosos-que-se-desarrollaran-en-los-meses-de-marzo-y-abril","status":"publish","type":"post","link":"https:\/\/www.laguiadepamplona.com\/actualidad\/abiertas-las-inscripciones-a-traves-del-telefono-010-para-las-nuevas-actividades-del-programa-jueves-y-viernes-ociosos-que-se-desarrollaran-en-los-meses-de-marzo-y-abril\/","title":{"rendered":"Abiertas las inscripciones a trav\u00e9s del tel\u00e9fono 010 para las nuevas actividades del programa \u2018Jueves y viernes ociosos\u2019 que se desarrollar\u00e1n en los meses de marzo y abril"},"content":{"rendered":"<h5>Dirigidas a mayores de 65 a\u00f1os, se desarrollar\u00e1n, como novedad, actividades en centros comunitarios de barrios como Azpilaga\u00f1a y Txantrea<\/h5>\n<p><!--more--><\/p>\n<p>El Ayuntamiento de Pamplona ha abierto las inscripciones para las nuevas actividades del programa de envejecimiento activo \u2018Jueves y viernes ociosos\u2019 que tendr\u00e1n lugar en este mes de marzo y en abril. Se trata de talleres variados, ejercicio f\u00edsico, juegos estimulaci\u00f3n de la memoria o sesiones de cine que tienen como objetivo la promoci\u00f3n de la autonom\u00eda de las personas mayores de 65 a\u00f1os y la prevenci\u00f3n de su dependencia. Las inscripciones son gratuitas, se deben realizar a trav\u00e9s del tel\u00e9fono 010 \u2013 948 420 100 y ser\u00e1n por orden de llamada, con prioridad para personas empadronadas en Pamplona.<\/p>\n<p>La principal novedad de las actividades propuestas para estos dos meses tiene que ver con el lugar en el que se desarrollan. El programa \u2018Jueves y viernes ociosos\u2019 se descentraliza del Casco Antiguo y se abre a nuevos centros comunitarios de barrios como Azpilaga\u00f1a y Txantrea, que tambi\u00e9n acoger\u00e1n algunas actividades para facilitar as\u00ed la participaci\u00f3n de un mayor n\u00famero de personas. Adem\u00e1s de en Plazara!, se han organizado actividades en el centro de Salesianas en Txantrea y en el centro comunitario de Azpilaga\u00f1a.<br \/>\n<script async src=\"\/\/pagead2.googlesyndication.com\/pagead\/js\/adsbygoogle.js\"><\/script><br \/>\n<!-- Noticias La Guia de Pamplona --><br \/>\n<ins class=\"adsbygoogle\"\nstyle=\"display:block\"\ndata-ad-client=\"ca-pub-6943679897239327\"\ndata-ad-slot=\"7048180777\"\ndata-ad-format=\"auto\"><\/ins><br \/>\n<script>\n(adsbygoogle = window.adsbygoogle || []).push({});\n<\/script><\/p>\n<p>Se trata de actividades de envejecimiento activo que estimulen la realizaci\u00f3n de actividad f\u00edsica y que, a su vez, sirvan de encuentro y forma de relacionarse. Del mismo modo, se buscan actividades que fomenten la estimulaci\u00f3n cognitiva y sirvan de encuentro (charlas-coloquios, cinef\u00f3rum\u2026) sobre temas de inter\u00e9s para las personas mayores. Se trata, por tanto, de realizar actividad f\u00edsica y cognitiva de forma indirecta para aquellas personas que puedan mostrar inter\u00e9s por otros temas. Se persigue la prevenci\u00f3n del aislamiento y la soledad de las personas mayores, fomentando el ocio y las relaciones entre iguales, v\u00ednculos que pueden continuar m\u00e1s all\u00e1 de las actividades.<\/p>\n<p>Para el mes de marzo se han organizado tres citas, con una sesi\u00f3n de juegos de estimulaci\u00f3n de la memoria, un taller con nociones b\u00e1sicas para el uso de una Tablet y un taller de manualidades, broches y pulseras. En abril, siete nuevas propuestas, con descanso en Semana Santa y en el periodo de vacaciones escolares. Habr\u00e1 sesiones de ejercicio f\u00edsico, jueves de cine rom\u00e1ntico, un taller de arte, un taller de juegos de palabras, otro del Camino de Santiago, sesiones de relajaci\u00f3n y respiraci\u00f3n y juegos de estimulaci\u00f3n de la memoria. Los jueves las actividades se desarrollen de 11.30 a 13 horas y los viernes, de 10 a 11.30 horas.<br \/>\n<script async src=\"\/\/pagead2.googlesyndication.com\/pagead\/js\/adsbygoogle.js\"><\/script><br \/>\n<!-- Noticias La Guia de Pamplona --><br \/>\n<ins class=\"adsbygoogle\"\nstyle=\"display:block\"\ndata-ad-client=\"ca-pub-6943679897239327\"\ndata-ad-slot=\"7048180777\"\ndata-ad-format=\"auto\"><\/ins><br \/>\n<script>\n(adsbygoogle = window.adsbygoogle || []).push({});\n<\/script><\/p>\n<p>&nbsp;<\/p>\n<h3>\u2018Jueves y viernes ociosos\u2019. Marzo y abril<\/h3>\n<ul>\n<li><strong><u>Marzo\u00a0<\/u><\/strong>\n<ul>\n<li>Jueves 24 de marzo. Juegos de estimulaci\u00f3n de la memoria.\u00a0Centro comunitario Azpilaga\u00f1a. C\/ Buenaventura I\u00f1iguez 18-20.<\/li>\n<li>Viernes 25 de marzo. Viernes de tablet: peque\u00f1as nociones. Plazara! C\/ Mayor 31.<\/li>\n<li>Jueves 31 de marzo. Jueves de manualidades, broches y pulseras. Plazara! C\/ Mayor 31.<\/li>\n<\/ul>\n<\/li>\n<li><strong><u>Abril\u00a0<\/u><\/strong>\n<ul>\n<li>Viernes 1 de abril. Viernes de ejercicio f\u00edsico: gimnasia para personas mayores. Plazara! C\/ Mayor 31<\/li>\n<li>Jueves 7 de abril. Jueves de cine, Cine rom\u00e1ntico. Plazara! C\/ Mayor 31.<\/li>\n<li>Viernes 8 de abril. Peque\u00f1o taller de arte. Plazara! C\/ Mayor 31.<\/li>\n<li>Jueves 21 de abril. Taller Jugando con las palabras. Plazara! C\/ Mayor 31.<\/li>\n<li>Viernes 22 de abril. Peque\u00f1o taller del Camino de Santiago. Plazara! C\/ Mayor 31.<\/li>\n<li>Jueves 28 de abril. Jueves de relajaci\u00f3n y respiraci\u00f3n. Plazara! C\/ Mayor 31.<\/li>\n<li>Viernes 29 de abril.\u00a0Juegos de estimulaci\u00f3n de la memoria. Centro comunitario Salesianas. C\/ Cuenca de Pamplona, 24.<\/li>\n<\/ul>\n<\/li>\n<li><strong><u>Inscripciones<\/u><\/strong>\n<ul>\n<li>A trav\u00e9s del 010 (948 420 100), por orden de llamada y prioridad para personas empadronadas en Pamplona<\/li>\n<li>Horario:\u00a0 jueves, de 11.30 a 13 horas, y viernes, de 10 a 11.30 horas<\/li>\n<\/ul>\n<\/li>\n<\/ul>\n","protected":false},"excerpt":{"rendered":"<p>Dirigidas a mayores de 65 a\u00f1os, se desarrollar\u00e1n, como novedad, actividades en centros comunitarios de barrios como Azpilaga\u00f1a y Txantrea<\/p>\n","protected":false},"author":1,"featured_media":39298,"comment_status":"open","ping_status":"closed","sticky":false,"template":"","format":"standard","meta":{"footnotes":""},"categories":[2],"tags":[],"class_list":["post-39297","post","type-post","status-publish","format-standard","has-post-thumbnail","hentry","category-ayuntamiento-pamplona"],"yoast_head":"<!-- This site is optimized with the Yoast SEO plugin v27.3 - https:\/\/yoast.com\/product\/yoast-seo-wordpress\/ -->\n<title>Abiertas las inscripciones a trav\u00e9s del tel\u00e9fono 010 para las nuevas actividades del programa \u2018Jueves y viernes ociosos\u2019 que se desarrollar\u00e1n en los meses de marzo y abril<\/title>\n<meta name=\"description\" content=\"Dirigidas a mayores de 65 a\u00f1os, se desarrollar\u00e1n, como novedad, actividades en centros comunitarios de barrios como Azpilaga\u00f1a y Txantrea\" \/>\n<meta name=\"robots\" content=\"index, follow, max-snippet:-1, max-image-preview:large, max-video-preview:-1\" \/>\n<link rel=\"canonical\" href=\"https:\/\/www.laguiadepamplona.com\/actualidad\/abiertas-las-inscripciones-a-traves-del-telefono-010-para-las-nuevas-actividades-del-programa-jueves-y-viernes-ociosos-que-se-desarrollaran-en-los-meses-de-marzo-y-abril\/\" \/>\n<meta property=\"og:locale\" content=\"es_ES\" \/>\n<meta property=\"og:type\" content=\"article\" \/>\n<meta property=\"og:title\" content=\"Abiertas las inscripciones a trav\u00e9s del tel\u00e9fono 010 para las nuevas actividades del programa \u2018Jueves y viernes ociosos\u2019 que se desarrollar\u00e1n en los meses de marzo y abril\" \/>\n<meta property=\"og:description\" content=\"Dirigidas a mayores de 65 a\u00f1os, se desarrollar\u00e1n, como novedad, actividades en centros comunitarios de barrios como Azpilaga\u00f1a y Txantrea\" \/>\n<meta property=\"og:url\" content=\"https:\/\/www.laguiadepamplona.com\/actualidad\/abiertas-las-inscripciones-a-traves-del-telefono-010-para-las-nuevas-actividades-del-programa-jueves-y-viernes-ociosos-que-se-desarrollaran-en-los-meses-de-marzo-y-abril\/\" \/>\n<meta property=\"og:site_name\" content=\"La Gu\u00eda de Pamplona\" \/>\n<meta property=\"article:publisher\" content=\"https:\/\/www.facebook.com\/laguiadepamplonacom-133175176762273\/?ref=hl\" \/>\n<meta property=\"article:published_time\" content=\"2022-03-09T12:36:39+00:00\" \/>\n<meta property=\"article:modified_time\" content=\"2023-04-11T09:48:26+00:00\" \/>\n<meta property=\"og:image\" content=\"https:\/\/www.laguiadepamplona.com\/actualidad\/wp-content\/uploads\/2022\/03\/ociosos.jpg\" \/>\n\t<meta property=\"og:image:width\" content=\"1039\" \/>\n\t<meta property=\"og:image:height\" content=\"825\" \/>\n\t<meta property=\"og:image:type\" content=\"image\/jpeg\" \/>\n<meta name=\"author\" content=\"La Gu\u00eda de Pamplona\" \/>\n<meta name=\"twitter:card\" content=\"summary_large_image\" \/>\n<meta name=\"twitter:creator\" content=\"@LaGuiadPamplona\" \/>\n<meta name=\"twitter:site\" content=\"@LaGuiadPamplona\" \/>\n<meta name=\"twitter:label1\" content=\"Escrito por\" \/>\n\t<meta name=\"twitter:data1\" content=\"La Gu\u00eda de Pamplona\" \/>\n\t<meta name=\"twitter:label2\" content=\"Tiempo de lectura\" \/>\n\t<meta name=\"twitter:data2\" content=\"3 minutos\" \/>\n<script type=\"application\/ld+json\" class=\"yoast-schema-graph\">{\"@context\":\"https:\\\/\\\/schema.org\",\"@graph\":[{\"@type\":\"Article\",\"@id\":\"https:\\\/\\\/www.laguiadepamplona.com\\\/actualidad\\\/abiertas-las-inscripciones-a-traves-del-telefono-010-para-las-nuevas-actividades-del-programa-jueves-y-viernes-ociosos-que-se-desarrollaran-en-los-meses-de-marzo-y-abril\\\/#article\",\"isPartOf\":{\"@id\":\"https:\\\/\\\/www.laguiadepamplona.com\\\/actualidad\\\/abiertas-las-inscripciones-a-traves-del-telefono-010-para-las-nuevas-actividades-del-programa-jueves-y-viernes-ociosos-que-se-desarrollaran-en-los-meses-de-marzo-y-abril\\\/\"},\"author\":{\"name\":\"La Gu\u00eda de Pamplona\",\"@id\":\"https:\\\/\\\/www.laguiadepamplona.com\\\/actualidad\\\/#\\\/schema\\\/person\\\/efe887376f0213d4657c93adc50b1fdb\"},\"headline\":\"Abiertas las inscripciones a trav\u00e9s del tel\u00e9fono 010 para las nuevas actividades del programa \u2018Jueves y viernes ociosos\u2019 que se desarrollar\u00e1n en los meses de marzo y abril\",\"datePublished\":\"2022-03-09T12:36:39+00:00\",\"dateModified\":\"2023-04-11T09:48:26+00:00\",\"mainEntityOfPage\":{\"@id\":\"https:\\\/\\\/www.laguiadepamplona.com\\\/actualidad\\\/abiertas-las-inscripciones-a-traves-del-telefono-010-para-las-nuevas-actividades-del-programa-jueves-y-viernes-ociosos-que-se-desarrollaran-en-los-meses-de-marzo-y-abril\\\/\"},\"wordCount\":646,\"commentCount\":0,\"publisher\":{\"@id\":\"https:\\\/\\\/www.laguiadepamplona.com\\\/actualidad\\\/#organization\"},\"image\":{\"@id\":\"https:\\\/\\\/www.laguiadepamplona.com\\\/actualidad\\\/abiertas-las-inscripciones-a-traves-del-telefono-010-para-las-nuevas-actividades-del-programa-jueves-y-viernes-ociosos-que-se-desarrollaran-en-los-meses-de-marzo-y-abril\\\/#primaryimage\"},\"thumbnailUrl\":\"https:\\\/\\\/www.laguiadepamplona.com\\\/actualidad\\\/wp-content\\\/uploads\\\/2022\\\/03\\\/ociosos.jpg\",\"articleSection\":[\"Ayto Pamplona\"],\"inLanguage\":\"es\",\"potentialAction\":[{\"@type\":\"CommentAction\",\"name\":\"Comment\",\"target\":[\"https:\\\/\\\/www.laguiadepamplona.com\\\/actualidad\\\/abiertas-las-inscripciones-a-traves-del-telefono-010-para-las-nuevas-actividades-del-programa-jueves-y-viernes-ociosos-que-se-desarrollaran-en-los-meses-de-marzo-y-abril\\\/#respond\"]}]},{\"@type\":\"WebPage\",\"@id\":\"https:\\\/\\\/www.laguiadepamplona.com\\\/actualidad\\\/abiertas-las-inscripciones-a-traves-del-telefono-010-para-las-nuevas-actividades-del-programa-jueves-y-viernes-ociosos-que-se-desarrollaran-en-los-meses-de-marzo-y-abril\\\/\",\"url\":\"https:\\\/\\\/www.laguiadepamplona.com\\\/actualidad\\\/abiertas-las-inscripciones-a-traves-del-telefono-010-para-las-nuevas-actividades-del-programa-jueves-y-viernes-ociosos-que-se-desarrollaran-en-los-meses-de-marzo-y-abril\\\/\",\"name\":\"Abiertas las inscripciones a trav\u00e9s del tel\u00e9fono 010 para las nuevas actividades del programa \u2018Jueves y viernes ociosos\u2019 que se desarrollar\u00e1n en los meses de marzo y abril\",\"isPartOf\":{\"@id\":\"https:\\\/\\\/www.laguiadepamplona.com\\\/actualidad\\\/#website\"},\"primaryImageOfPage\":{\"@id\":\"https:\\\/\\\/www.laguiadepamplona.com\\\/actualidad\\\/abiertas-las-inscripciones-a-traves-del-telefono-010-para-las-nuevas-actividades-del-programa-jueves-y-viernes-ociosos-que-se-desarrollaran-en-los-meses-de-marzo-y-abril\\\/#primaryimage\"},\"image\":{\"@id\":\"https:\\\/\\\/www.laguiadepamplona.com\\\/actualidad\\\/abiertas-las-inscripciones-a-traves-del-telefono-010-para-las-nuevas-actividades-del-programa-jueves-y-viernes-ociosos-que-se-desarrollaran-en-los-meses-de-marzo-y-abril\\\/#primaryimage\"},\"thumbnailUrl\":\"https:\\\/\\\/www.laguiadepamplona.com\\\/actualidad\\\/wp-content\\\/uploads\\\/2022\\\/03\\\/ociosos.jpg\",\"datePublished\":\"2022-03-09T12:36:39+00:00\",\"dateModified\":\"2023-04-11T09:48:26+00:00\",\"description\":\"Dirigidas a mayores de 65 a\u00f1os, se desarrollar\u00e1n, como novedad, actividades en centros comunitarios de barrios como Azpilaga\u00f1a y Txantrea\",\"breadcrumb\":{\"@id\":\"https:\\\/\\\/www.laguiadepamplona.com\\\/actualidad\\\/abiertas-las-inscripciones-a-traves-del-telefono-010-para-las-nuevas-actividades-del-programa-jueves-y-viernes-ociosos-que-se-desarrollaran-en-los-meses-de-marzo-y-abril\\\/#breadcrumb\"},\"inLanguage\":\"es\",\"potentialAction\":[{\"@type\":\"ReadAction\",\"target\":[\"https:\\\/\\\/www.laguiadepamplona.com\\\/actualidad\\\/abiertas-las-inscripciones-a-traves-del-telefono-010-para-las-nuevas-actividades-del-programa-jueves-y-viernes-ociosos-que-se-desarrollaran-en-los-meses-de-marzo-y-abril\\\/\"]}]},{\"@type\":\"ImageObject\",\"inLanguage\":\"es\",\"@id\":\"https:\\\/\\\/www.laguiadepamplona.com\\\/actualidad\\\/abiertas-las-inscripciones-a-traves-del-telefono-010-para-las-nuevas-actividades-del-programa-jueves-y-viernes-ociosos-que-se-desarrollaran-en-los-meses-de-marzo-y-abril\\\/#primaryimage\",\"url\":\"https:\\\/\\\/www.laguiadepamplona.com\\\/actualidad\\\/wp-content\\\/uploads\\\/2022\\\/03\\\/ociosos.jpg\",\"contentUrl\":\"https:\\\/\\\/www.laguiadepamplona.com\\\/actualidad\\\/wp-content\\\/uploads\\\/2022\\\/03\\\/ociosos.jpg\",\"width\":1039,\"height\":825},{\"@type\":\"BreadcrumbList\",\"@id\":\"https:\\\/\\\/www.laguiadepamplona.com\\\/actualidad\\\/abiertas-las-inscripciones-a-traves-del-telefono-010-para-las-nuevas-actividades-del-programa-jueves-y-viernes-ociosos-que-se-desarrollaran-en-los-meses-de-marzo-y-abril\\\/#breadcrumb\",\"itemListElement\":[{\"@type\":\"ListItem\",\"position\":1,\"name\":\"Portada\",\"item\":\"https:\\\/\\\/www.laguiadepamplona.com\\\/actualidad\\\/\"},{\"@type\":\"ListItem\",\"position\":2,\"name\":\"Abiertas las inscripciones a trav\u00e9s del tel\u00e9fono 010 para las nuevas actividades del programa \u2018Jueves y viernes ociosos\u2019 que se desarrollar\u00e1n en los meses de marzo y abril\"}]},{\"@type\":\"WebSite\",\"@id\":\"https:\\\/\\\/www.laguiadepamplona.com\\\/actualidad\\\/#website\",\"url\":\"https:\\\/\\\/www.laguiadepamplona.com\\\/actualidad\\\/\",\"name\":\"La gu\u00eda de Pamplona\",\"description\":\"Noticias de Pamplona\",\"publisher\":{\"@id\":\"https:\\\/\\\/www.laguiadepamplona.com\\\/actualidad\\\/#organization\"},\"potentialAction\":[{\"@type\":\"SearchAction\",\"target\":{\"@type\":\"EntryPoint\",\"urlTemplate\":\"https:\\\/\\\/www.laguiadepamplona.com\\\/actualidad\\\/?s={search_term_string}\"},\"query-input\":{\"@type\":\"PropertyValueSpecification\",\"valueRequired\":true,\"valueName\":\"search_term_string\"}}],\"inLanguage\":\"es\"},{\"@type\":\"Organization\",\"@id\":\"https:\\\/\\\/www.laguiadepamplona.com\\\/actualidad\\\/#organization\",\"name\":\"La Gu\u00eda de Pamplona \\\/ Noticias\",\"url\":\"https:\\\/\\\/www.laguiadepamplona.com\\\/actualidad\\\/\",\"logo\":{\"@type\":\"ImageObject\",\"inLanguage\":\"es\",\"@id\":\"https:\\\/\\\/www.laguiadepamplona.com\\\/actualidad\\\/#\\\/schema\\\/logo\\\/image\\\/\",\"url\":\"https:\\\/\\\/www.laguiadepamplona.com\\\/actualidad\\\/wp-content\\\/uploads\\\/2018\\\/11\\\/logo-laguiadepamplona18-web1.png\",\"contentUrl\":\"https:\\\/\\\/www.laguiadepamplona.com\\\/actualidad\\\/wp-content\\\/uploads\\\/2018\\\/11\\\/logo-laguiadepamplona18-web1.png\",\"width\":600,\"height\":196,\"caption\":\"La Gu\u00eda de Pamplona \\\/ Noticias\"},\"image\":{\"@id\":\"https:\\\/\\\/www.laguiadepamplona.com\\\/actualidad\\\/#\\\/schema\\\/logo\\\/image\\\/\"},\"sameAs\":[\"https:\\\/\\\/www.facebook.com\\\/laguiadepamplonacom-133175176762273\\\/?ref=hl\",\"https:\\\/\\\/x.com\\\/LaGuiadPamplona\",\"https:\\\/\\\/www.instagram.com\\\/la_guia_de_pamplona\\\/\",\"https:\\\/\\\/www.youtube.com\\\/user\\\/laguiadepamplona\"]},{\"@type\":\"Person\",\"@id\":\"https:\\\/\\\/www.laguiadepamplona.com\\\/actualidad\\\/#\\\/schema\\\/person\\\/efe887376f0213d4657c93adc50b1fdb\",\"name\":\"La Gu\u00eda de Pamplona\",\"image\":{\"@type\":\"ImageObject\",\"inLanguage\":\"es\",\"@id\":\"https:\\\/\\\/secure.gravatar.com\\\/avatar\\\/b6992f131dc8d30ab0dff15446e9d346d9dbd95992de0fef795073f5ea83a81c?s=96&d=mm&r=g\",\"url\":\"https:\\\/\\\/secure.gravatar.com\\\/avatar\\\/b6992f131dc8d30ab0dff15446e9d346d9dbd95992de0fef795073f5ea83a81c?s=96&d=mm&r=g\",\"contentUrl\":\"https:\\\/\\\/secure.gravatar.com\\\/avatar\\\/b6992f131dc8d30ab0dff15446e9d346d9dbd95992de0fef795073f5ea83a81c?s=96&d=mm&r=g\",\"caption\":\"La Gu\u00eda de Pamplona\"}}]}<\/script>\n<!-- \/ Yoast SEO plugin. -->","yoast_head_json":{"title":"Abiertas las inscripciones a trav\u00e9s del tel\u00e9fono 010 para las nuevas actividades del programa \u2018Jueves y viernes ociosos\u2019 que se desarrollar\u00e1n en los meses de marzo y abril","description":"Dirigidas a mayores de 65 a\u00f1os, se desarrollar\u00e1n, como novedad, actividades en centros comunitarios de barrios como Azpilaga\u00f1a y Txantrea","robots":{"index":"index","follow":"follow","max-snippet":"max-snippet:-1","max-image-preview":"max-image-preview:large","max-video-preview":"max-video-preview:-1"},"canonical":"https:\/\/www.laguiadepamplona.com\/actualidad\/abiertas-las-inscripciones-a-traves-del-telefono-010-para-las-nuevas-actividades-del-programa-jueves-y-viernes-ociosos-que-se-desarrollaran-en-los-meses-de-marzo-y-abril\/","og_locale":"es_ES","og_type":"article","og_title":"Abiertas las inscripciones a trav\u00e9s del tel\u00e9fono 010 para las nuevas actividades del programa \u2018Jueves y viernes ociosos\u2019 que se desarrollar\u00e1n en los meses de marzo y abril","og_description":"Dirigidas a mayores de 65 a\u00f1os, se desarrollar\u00e1n, como novedad, actividades en centros comunitarios de barrios como Azpilaga\u00f1a y Txantrea","og_url":"https:\/\/www.laguiadepamplona.com\/actualidad\/abiertas-las-inscripciones-a-traves-del-telefono-010-para-las-nuevas-actividades-del-programa-jueves-y-viernes-ociosos-que-se-desarrollaran-en-los-meses-de-marzo-y-abril\/","og_site_name":"La Gu\u00eda de Pamplona","article_publisher":"https:\/\/www.facebook.com\/laguiadepamplonacom-133175176762273\/?ref=hl","article_published_time":"2022-03-09T12:36:39+00:00","article_modified_time":"2023-04-11T09:48:26+00:00","og_image":[{"width":1039,"height":825,"url":"https:\/\/www.laguiadepamplona.com\/actualidad\/wp-content\/uploads\/2022\/03\/ociosos.jpg","type":"image\/jpeg"}],"author":"La Gu\u00eda de Pamplona","twitter_card":"summary_large_image","twitter_creator":"@LaGuiadPamplona","twitter_site":"@LaGuiadPamplona","twitter_misc":{"Escrito por":"La Gu\u00eda de Pamplona","Tiempo de lectura":"3 minutos"},"schema":{"@context":"https:\/\/schema.org","@graph":[{"@type":"Article","@id":"https:\/\/www.laguiadepamplona.com\/actualidad\/abiertas-las-inscripciones-a-traves-del-telefono-010-para-las-nuevas-actividades-del-programa-jueves-y-viernes-ociosos-que-se-desarrollaran-en-los-meses-de-marzo-y-abril\/#article","isPartOf":{"@id":"https:\/\/www.laguiadepamplona.com\/actualidad\/abiertas-las-inscripciones-a-traves-del-telefono-010-para-las-nuevas-actividades-del-programa-jueves-y-viernes-ociosos-que-se-desarrollaran-en-los-meses-de-marzo-y-abril\/"},"author":{"name":"La Gu\u00eda de Pamplona","@id":"https:\/\/www.laguiadepamplona.com\/actualidad\/#\/schema\/person\/efe887376f0213d4657c93adc50b1fdb"},"headline":"Abiertas las inscripciones a trav\u00e9s del tel\u00e9fono 010 para las nuevas actividades del programa \u2018Jueves y viernes ociosos\u2019 que se desarrollar\u00e1n en los meses de marzo y abril","datePublished":"2022-03-09T12:36:39+00:00","dateModified":"2023-04-11T09:48:26+00:00","mainEntityOfPage":{"@id":"https:\/\/www.laguiadepamplona.com\/actualidad\/abiertas-las-inscripciones-a-traves-del-telefono-010-para-las-nuevas-actividades-del-programa-jueves-y-viernes-ociosos-que-se-desarrollaran-en-los-meses-de-marzo-y-abril\/"},"wordCount":646,"commentCount":0,"publisher":{"@id":"https:\/\/www.laguiadepamplona.com\/actualidad\/#organization"},"image":{"@id":"https:\/\/www.laguiadepamplona.com\/actualidad\/abiertas-las-inscripciones-a-traves-del-telefono-010-para-las-nuevas-actividades-del-programa-jueves-y-viernes-ociosos-que-se-desarrollaran-en-los-meses-de-marzo-y-abril\/#primaryimage"},"thumbnailUrl":"https:\/\/www.laguiadepamplona.com\/actualidad\/wp-content\/uploads\/2022\/03\/ociosos.jpg","articleSection":["Ayto Pamplona"],"inLanguage":"es","potentialAction":[{"@type":"CommentAction","name":"Comment","target":["https:\/\/www.laguiadepamplona.com\/actualidad\/abiertas-las-inscripciones-a-traves-del-telefono-010-para-las-nuevas-actividades-del-programa-jueves-y-viernes-ociosos-que-se-desarrollaran-en-los-meses-de-marzo-y-abril\/#respond"]}]},{"@type":"WebPage","@id":"https:\/\/www.laguiadepamplona.com\/actualidad\/abiertas-las-inscripciones-a-traves-del-telefono-010-para-las-nuevas-actividades-del-programa-jueves-y-viernes-ociosos-que-se-desarrollaran-en-los-meses-de-marzo-y-abril\/","url":"https:\/\/www.laguiadepamplona.com\/actualidad\/abiertas-las-inscripciones-a-traves-del-telefono-010-para-las-nuevas-actividades-del-programa-jueves-y-viernes-ociosos-que-se-desarrollaran-en-los-meses-de-marzo-y-abril\/","name":"Abiertas las inscripciones a trav\u00e9s del tel\u00e9fono 010 para las nuevas actividades del programa \u2018Jueves y viernes ociosos\u2019 que se desarrollar\u00e1n en los meses de marzo y abril","isPartOf":{"@id":"https:\/\/www.laguiadepamplona.com\/actualidad\/#website"},"primaryImageOfPage":{"@id":"https:\/\/www.laguiadepamplona.com\/actualidad\/abiertas-las-inscripciones-a-traves-del-telefono-010-para-las-nuevas-actividades-del-programa-jueves-y-viernes-ociosos-que-se-desarrollaran-en-los-meses-de-marzo-y-abril\/#primaryimage"},"image":{"@id":"https:\/\/www.laguiadepamplona.com\/actualidad\/abiertas-las-inscripciones-a-traves-del-telefono-010-para-las-nuevas-actividades-del-programa-jueves-y-viernes-ociosos-que-se-desarrollaran-en-los-meses-de-marzo-y-abril\/#primaryimage"},"thumbnailUrl":"https:\/\/www.laguiadepamplona.com\/actualidad\/wp-content\/uploads\/2022\/03\/ociosos.jpg","datePublished":"2022-03-09T12:36:39+00:00","dateModified":"2023-04-11T09:48:26+00:00","description":"Dirigidas a mayores de 65 a\u00f1os, se desarrollar\u00e1n, como novedad, actividades en centros comunitarios de barrios como Azpilaga\u00f1a y Txantrea","breadcrumb":{"@id":"https:\/\/www.laguiadepamplona.com\/actualidad\/abiertas-las-inscripciones-a-traves-del-telefono-010-para-las-nuevas-actividades-del-programa-jueves-y-viernes-ociosos-que-se-desarrollaran-en-los-meses-de-marzo-y-abril\/#breadcrumb"},"inLanguage":"es","potentialAction":[{"@type":"ReadAction","target":["https:\/\/www.laguiadepamplona.com\/actualidad\/abiertas-las-inscripciones-a-traves-del-telefono-010-para-las-nuevas-actividades-del-programa-jueves-y-viernes-ociosos-que-se-desarrollaran-en-los-meses-de-marzo-y-abril\/"]}]},{"@type":"ImageObject","inLanguage":"es","@id":"https:\/\/www.laguiadepamplona.com\/actualidad\/abiertas-las-inscripciones-a-traves-del-telefono-010-para-las-nuevas-actividades-del-programa-jueves-y-viernes-ociosos-que-se-desarrollaran-en-los-meses-de-marzo-y-abril\/#primaryimage","url":"https:\/\/www.laguiadepamplona.com\/actualidad\/wp-content\/uploads\/2022\/03\/ociosos.jpg","contentUrl":"https:\/\/www.laguiadepamplona.com\/actualidad\/wp-content\/uploads\/2022\/03\/ociosos.jpg","width":1039,"height":825},{"@type":"BreadcrumbList","@id":"https:\/\/www.laguiadepamplona.com\/actualidad\/abiertas-las-inscripciones-a-traves-del-telefono-010-para-las-nuevas-actividades-del-programa-jueves-y-viernes-ociosos-que-se-desarrollaran-en-los-meses-de-marzo-y-abril\/#breadcrumb","itemListElement":[{"@type":"ListItem","position":1,"name":"Portada","item":"https:\/\/www.laguiadepamplona.com\/actualidad\/"},{"@type":"ListItem","position":2,"name":"Abiertas las inscripciones a trav\u00e9s del tel\u00e9fono 010 para las nuevas actividades del programa \u2018Jueves y viernes ociosos\u2019 que se desarrollar\u00e1n en los meses de marzo y abril"}]},{"@type":"WebSite","@id":"https:\/\/www.laguiadepamplona.com\/actualidad\/#website","url":"https:\/\/www.laguiadepamplona.com\/actualidad\/","name":"La gu\u00eda de Pamplona","description":"Noticias de Pamplona","publisher":{"@id":"https:\/\/www.laguiadepamplona.com\/actualidad\/#organization"},"potentialAction":[{"@type":"SearchAction","target":{"@type":"EntryPoint","urlTemplate":"https:\/\/www.laguiadepamplona.com\/actualidad\/?s={search_term_string}"},"query-input":{"@type":"PropertyValueSpecification","valueRequired":true,"valueName":"search_term_string"}}],"inLanguage":"es"},{"@type":"Organization","@id":"https:\/\/www.laguiadepamplona.com\/actualidad\/#organization","name":"La Gu\u00eda de Pamplona \/ Noticias","url":"https:\/\/www.laguiadepamplona.com\/actualidad\/","logo":{"@type":"ImageObject","inLanguage":"es","@id":"https:\/\/www.laguiadepamplona.com\/actualidad\/#\/schema\/logo\/image\/","url":"https:\/\/www.laguiadepamplona.com\/actualidad\/wp-content\/uploads\/2018\/11\/logo-laguiadepamplona18-web1.png","contentUrl":"https:\/\/www.laguiadepamplona.com\/actualidad\/wp-content\/uploads\/2018\/11\/logo-laguiadepamplona18-web1.png","width":600,"height":196,"caption":"La Gu\u00eda de Pamplona \/ Noticias"},"image":{"@id":"https:\/\/www.laguiadepamplona.com\/actualidad\/#\/schema\/logo\/image\/"},"sameAs":["https:\/\/www.facebook.com\/laguiadepamplonacom-133175176762273\/?ref=hl","https:\/\/x.com\/LaGuiadPamplona","https:\/\/www.instagram.com\/la_guia_de_pamplona\/","https:\/\/www.youtube.com\/user\/laguiadepamplona"]},{"@type":"Person","@id":"https:\/\/www.laguiadepamplona.com\/actualidad\/#\/schema\/person\/efe887376f0213d4657c93adc50b1fdb","name":"La Gu\u00eda de Pamplona","image":{"@type":"ImageObject","inLanguage":"es","@id":"https:\/\/secure.gravatar.com\/avatar\/b6992f131dc8d30ab0dff15446e9d346d9dbd95992de0fef795073f5ea83a81c?s=96&d=mm&r=g","url":"https:\/\/secure.gravatar.com\/avatar\/b6992f131dc8d30ab0dff15446e9d346d9dbd95992de0fef795073f5ea83a81c?s=96&d=mm&r=g","contentUrl":"https:\/\/secure.gravatar.com\/avatar\/b6992f131dc8d30ab0dff15446e9d346d9dbd95992de0fef795073f5ea83a81c?s=96&d=mm&r=g","caption":"La Gu\u00eda de Pamplona"}}]}},"post_mailing_queue_ids":[],"_links":{"self":[{"href":"https:\/\/www.laguiadepamplona.com\/actualidad\/wp-json\/wp\/v2\/posts\/39297","targetHints":{"allow":["GET"]}}],"collection":[{"href":"https:\/\/www.laguiadepamplona.com\/actualidad\/wp-json\/wp\/v2\/posts"}],"about":[{"href":"https:\/\/www.laguiadepamplona.com\/actualidad\/wp-json\/wp\/v2\/types\/post"}],"author":[{"embeddable":true,"href":"https:\/\/www.laguiadepamplona.com\/actualidad\/wp-json\/wp\/v2\/users\/1"}],"replies":[{"embeddable":true,"href":"https:\/\/www.laguiadepamplona.com\/actualidad\/wp-json\/wp\/v2\/comments?post=39297"}],"version-history":[{"count":0,"href":"https:\/\/www.laguiadepamplona.com\/actualidad\/wp-json\/wp\/v2\/posts\/39297\/revisions"}],"wp:featuredmedia":[{"embeddable":true,"href":"https:\/\/www.laguiadepamplona.com\/actualidad\/wp-json\/wp\/v2\/media\/39298"}],"wp:attachment":[{"href":"https:\/\/www.laguiadepamplona.com\/actualidad\/wp-json\/wp\/v2\/media?parent=39297"}],"wp:term":[{"taxonomy":"category","embeddable":true,"href":"https:\/\/www.laguiadepamplona.com\/actualidad\/wp-json\/wp\/v2\/categories?post=39297"},{"taxonomy":"post_tag","embeddable":true,"href":"https:\/\/www.laguiadepamplona.com\/actualidad\/wp-json\/wp\/v2\/tags?post=39297"}],"curies":[{"name":"wp","href":"https:\/\/api.w.org\/{rel}","templated":true}]}}