{"id":39291,"date":"2022-03-09T14:32:49","date_gmt":"2022-03-09T12:32:49","guid":{"rendered":"https:\/\/www.laguiadepamplona.com\/actualidad\/?p=39291"},"modified":"2023-04-11T11:48:26","modified_gmt":"2023-04-11T09:48:26","slug":"el-festival-de-musica-sacra-presenta-esta-edicion-siete-conciertos-que-tendran-lugar-del-31-de-marzo-al-12-de-abril-en-la-catedral-en-baluarte-y-en-dos-iglesias-de-la-ciudad","status":"publish","type":"post","link":"https:\/\/www.laguiadepamplona.com\/actualidad\/el-festival-de-musica-sacra-presenta-esta-edicion-siete-conciertos-que-tendran-lugar-del-31-de-marzo-al-12-de-abril-en-la-catedral-en-baluarte-y-en-dos-iglesias-de-la-ciudad\/","title":{"rendered":"El Festival de M\u00fasica Sacra presenta esta edici\u00f3n siete conciertos que tendr\u00e1n lugar del 31 de marzo al 12 de abril, en la catedral, en Baluarte y en dos iglesias de la ciudad"},"content":{"rendered":"<h5>Las entradas para los dos conciertos en Baluarte, de la Federaci\u00f3n de Coros de Navarra y de la Sinfonietta de Pamplona, salen a la venta este jueves<\/h5>\n<p><!--more--><\/p>\n<p>El Ayuntamiento de Pamplona organiza un a\u00f1o m\u00e1s en este tiempo de Cuaresma, antes de la Semana Santa, el Festival de M\u00fasica Sacra. Se desarrollar\u00e1 del 31 de marzo al 12 de abril, con siete conciertos programados en la catedral de Pamplona, en iglesias de la ciudad y en Baluarte. Actuar\u00e1n formaciones como la Capilla de M\u00fasica de la Catedral, la Capilla Michael Navarrus de la Coral de C\u00e1mara de Navarra, la Coral Bara\u00f1\u00e1in Abesbatza, la Coral de C\u00e1mara de Pamplona, Nordic Voices, la Federaci\u00f3n de Coros de Navarra y Sinfonietta de Pamplona.<br \/>\n<script async src=\"\/\/pagead2.googlesyndication.com\/pagead\/js\/adsbygoogle.js\"><\/script><br \/>\n<!-- Noticias La Guia de Pamplona --><br \/>\n<ins class=\"adsbygoogle\"\nstyle=\"display:block\"\ndata-ad-client=\"ca-pub-6943679897239327\"\ndata-ad-slot=\"7048180777\"\ndata-ad-format=\"auto\"><\/ins><br \/>\n<script>\n(adsbygoogle = window.adsbygoogle || []).push({});\n<\/script><\/p>\n<p>Todas las actuaciones tendr\u00e1n lugar a las 20 horas. Los conciertos en la catedral de Pamplona y en las iglesias de los PP Carmelitas y San Antonio (PP Capuchinos) tendr\u00e1n la entrada libre, hasta completar el aforo. Los dos conciertos de Baluarte, el domingo 10 de abril con la Federaci\u00f3n de Coros de Navarra y el martes 12 de abril con Sinfonietta de Pamplona, contar\u00e1n con entrada de pago, al precio de 10 y 13 euros, respectivamente. Esas entradas se ponen a la venta ma\u00f1ana jueves en la taquilla o en la web <a href=\"http:\/\/www.baluarte.com\" target=\"_blank\" rel=\"noopener\">www.baluarte.com<\/a>. Todos los espacios contar\u00e1n con las medidas de prevenci\u00f3n y seguridad sanitaria contra la COVID-19 requeridas en ese momento.<\/p>\n<p>La catedral de Santa Mar\u00eda acoger\u00e1 el 31 de marzo el primer concierto del festival. \u2018En una catedral g\u00f3tica. Rincones de polifon\u00eda itinerante con comentarios al \u00f3rgano\u2019 es el t\u00edtulo de un programa que interpretar\u00e1n la Capilla de M\u00fasica de la Catedral, junto a Jos\u00e9 Luis Echechip\u00eda (organista concierto), Juli\u00e1n Ayesa (organista acompa\u00f1ante), Javier Navascu\u00e9s (chelo) y Francisco Fern\u00e1ndez (contrabajo). El s\u00e1bado 2 de abril ser\u00e1 el turno de la Capilla renacentista Michael Navarrus de la Coral de C\u00e1mara de Navarra. Actuar\u00e1 en la iglesia de los PP Carmelitas, con el concierto \u2018ALEPH! La tradici\u00f3n polif\u00f3nica hispana del canto polif\u00f3nico de las Lamentaciones de Jerem\u00edas en el Renacimiento\u2019.<br \/>\n<script async src=\"\/\/pagead2.googlesyndication.com\/pagead\/js\/adsbygoogle.js\"><\/script><br \/>\n<!-- Noticias La Guia de Pamplona --><br \/>\n<ins class=\"adsbygoogle\"\nstyle=\"display:block\"\ndata-ad-client=\"ca-pub-6943679897239327\"\ndata-ad-slot=\"7048180777\"\ndata-ad-format=\"auto\"><\/ins><br \/>\n<script>\n(adsbygoogle = window.adsbygoogle || []).push({});\n<\/script><\/p>\n<p>El domingo 3 de abril, en la iglesia de San Antonio (PP Capuchinos), la Coral Bara\u00f1\u00e1in Abesbatza cantar\u00e1 diferentes composiciones que han aunado en una actuaci\u00f3n bajo el t\u00edtulo \u20181922-2022. Un siglo de m\u00fasica sacra\u2019. Contar\u00e1n con la colaboraci\u00f3n del pianista Juan Marcos Cano y las solistas Cecilia y Beatriz Ciriza Bretos. El viernes 8 y el s\u00e1bado 9 de abril la iglesia de los PP Carmelitas acoger\u00e1 las actuaciones de la Coral de C\u00e1mara de Pamplona con \u2018Hispanica Versio\u2019 y Nordic Voices con \u2018Lamentation \u2013 Consolation\u2019, respectivamente. La actuaci\u00f3n de Nordic Voices contar\u00e1 con la participaci\u00f3n de las sopranos Tone Elisabeth Braaten e Ingrid Hanken, la mezzosoprano Ebba Rydh, el tenor Per Kristian Amundrod, el bar\u00edtono Frank Havroy y el bajo Rolf Magne Asser.<\/p>\n<p>Los dos \u00faltimos conciertos del Festival de M\u00fasica Sacra se celebrar\u00e1n en Baluarte, con entradas a la venta desde este mi\u00e9rcoles. La Federaci\u00f3n de Coros de Navarra interpretar\u00e1 el domingo 10 de abril el \u2018Gran Miserere\u2019 del compositor navarro Hilari\u00f3n Eslava. Actuar\u00e1 tambi\u00e9n la Joven Orquesta de Pamplona, la soprano Cristina Sevillano, la alto Luc\u00eda G\u00f3mez, el tenor Jos\u00e9 Luis Sola y el bajo I\u00f1aki Fres\u00e1n. Cerrar\u00e1 el ciclo, el martes 12 de abril, la Sinfonietta de Pamplona y \u2018Lacrimae Rerum\u2019, que interpretar\u00e1 junto al violonchelo solista Misael Lacasta.<\/p>\n","protected":false},"excerpt":{"rendered":"<p>Las entradas para los dos conciertos en Baluarte, de la Federaci\u00f3n de Coros de Navarra y de la Sinfonietta de Pamplona, salen a la venta este jueves<\/p>\n","protected":false},"author":1,"featured_media":39292,"comment_status":"open","ping_status":"closed","sticky":false,"template":"","format":"standard","meta":{"footnotes":""},"categories":[2],"tags":[],"class_list":["post-39291","post","type-post","status-publish","format-standard","has-post-thumbnail","hentry","category-ayuntamiento-pamplona"],"yoast_head":"<!-- This site is optimized with the Yoast SEO plugin v27.3 - https:\/\/yoast.com\/product\/yoast-seo-wordpress\/ -->\n<title>El Festival de M\u00fasica Sacra presenta esta edici\u00f3n siete conciertos que tendr\u00e1n lugar del 31 de marzo al 12 de abril, en la catedral, en Baluarte y en dos iglesias de la ciudad<\/title>\n<meta name=\"description\" content=\"Las entradas para los dos conciertos en Baluarte, de la Federaci\u00f3n de Coros de Navarra y de la Sinfonietta de Pamplona, salen a la venta este jueves\" \/>\n<meta name=\"robots\" content=\"index, follow, max-snippet:-1, max-image-preview:large, max-video-preview:-1\" \/>\n<link rel=\"canonical\" href=\"https:\/\/www.laguiadepamplona.com\/actualidad\/el-festival-de-musica-sacra-presenta-esta-edicion-siete-conciertos-que-tendran-lugar-del-31-de-marzo-al-12-de-abril-en-la-catedral-en-baluarte-y-en-dos-iglesias-de-la-ciudad\/\" \/>\n<meta property=\"og:locale\" content=\"es_ES\" \/>\n<meta property=\"og:type\" content=\"article\" \/>\n<meta property=\"og:title\" content=\"El Festival de M\u00fasica Sacra presenta esta edici\u00f3n siete conciertos que tendr\u00e1n lugar del 31 de marzo al 12 de abril, en la catedral, en Baluarte y en dos iglesias de la ciudad\" \/>\n<meta property=\"og:description\" content=\"Las entradas para los dos conciertos en Baluarte, de la Federaci\u00f3n de Coros de Navarra y de la Sinfonietta de Pamplona, salen a la venta este jueves\" \/>\n<meta property=\"og:url\" content=\"https:\/\/www.laguiadepamplona.com\/actualidad\/el-festival-de-musica-sacra-presenta-esta-edicion-siete-conciertos-que-tendran-lugar-del-31-de-marzo-al-12-de-abril-en-la-catedral-en-baluarte-y-en-dos-iglesias-de-la-ciudad\/\" \/>\n<meta property=\"og:site_name\" content=\"La Gu\u00eda de Pamplona\" \/>\n<meta property=\"article:publisher\" content=\"https:\/\/www.facebook.com\/laguiadepamplonacom-133175176762273\/?ref=hl\" \/>\n<meta property=\"article:published_time\" content=\"2022-03-09T12:32:49+00:00\" \/>\n<meta property=\"article:modified_time\" content=\"2023-04-11T09:48:26+00:00\" \/>\n<meta property=\"og:image\" content=\"https:\/\/www.laguiadepamplona.com\/actualidad\/wp-content\/uploads\/2022\/03\/casco_antiguo_catedral-web.jpg\" \/>\n\t<meta property=\"og:image:width\" content=\"1063\" \/>\n\t<meta property=\"og:image:height\" content=\"797\" \/>\n\t<meta property=\"og:image:type\" content=\"image\/jpeg\" \/>\n<meta name=\"author\" content=\"La Gu\u00eda de Pamplona\" \/>\n<meta name=\"twitter:card\" content=\"summary_large_image\" \/>\n<meta name=\"twitter:creator\" content=\"@LaGuiadPamplona\" \/>\n<meta name=\"twitter:site\" content=\"@LaGuiadPamplona\" \/>\n<meta name=\"twitter:label1\" content=\"Escrito por\" \/>\n\t<meta name=\"twitter:data1\" content=\"La Gu\u00eda de Pamplona\" \/>\n\t<meta name=\"twitter:label2\" content=\"Tiempo de lectura\" \/>\n\t<meta name=\"twitter:data2\" content=\"3 minutos\" \/>\n<script type=\"application\/ld+json\" class=\"yoast-schema-graph\">{\"@context\":\"https:\\\/\\\/schema.org\",\"@graph\":[{\"@type\":\"Article\",\"@id\":\"https:\\\/\\\/www.laguiadepamplona.com\\\/actualidad\\\/el-festival-de-musica-sacra-presenta-esta-edicion-siete-conciertos-que-tendran-lugar-del-31-de-marzo-al-12-de-abril-en-la-catedral-en-baluarte-y-en-dos-iglesias-de-la-ciudad\\\/#article\",\"isPartOf\":{\"@id\":\"https:\\\/\\\/www.laguiadepamplona.com\\\/actualidad\\\/el-festival-de-musica-sacra-presenta-esta-edicion-siete-conciertos-que-tendran-lugar-del-31-de-marzo-al-12-de-abril-en-la-catedral-en-baluarte-y-en-dos-iglesias-de-la-ciudad\\\/\"},\"author\":{\"name\":\"La Gu\u00eda de Pamplona\",\"@id\":\"https:\\\/\\\/www.laguiadepamplona.com\\\/actualidad\\\/#\\\/schema\\\/person\\\/efe887376f0213d4657c93adc50b1fdb\"},\"headline\":\"El Festival de M\u00fasica Sacra presenta esta edici\u00f3n siete conciertos que tendr\u00e1n lugar del 31 de marzo al 12 de abril, en la catedral, en Baluarte y en dos iglesias de la ciudad\",\"datePublished\":\"2022-03-09T12:32:49+00:00\",\"dateModified\":\"2023-04-11T09:48:26+00:00\",\"mainEntityOfPage\":{\"@id\":\"https:\\\/\\\/www.laguiadepamplona.com\\\/actualidad\\\/el-festival-de-musica-sacra-presenta-esta-edicion-siete-conciertos-que-tendran-lugar-del-31-de-marzo-al-12-de-abril-en-la-catedral-en-baluarte-y-en-dos-iglesias-de-la-ciudad\\\/\"},\"wordCount\":631,\"commentCount\":0,\"publisher\":{\"@id\":\"https:\\\/\\\/www.laguiadepamplona.com\\\/actualidad\\\/#organization\"},\"image\":{\"@id\":\"https:\\\/\\\/www.laguiadepamplona.com\\\/actualidad\\\/el-festival-de-musica-sacra-presenta-esta-edicion-siete-conciertos-que-tendran-lugar-del-31-de-marzo-al-12-de-abril-en-la-catedral-en-baluarte-y-en-dos-iglesias-de-la-ciudad\\\/#primaryimage\"},\"thumbnailUrl\":\"https:\\\/\\\/www.laguiadepamplona.com\\\/actualidad\\\/wp-content\\\/uploads\\\/2022\\\/03\\\/casco_antiguo_catedral-web.jpg\",\"articleSection\":[\"Ayto Pamplona\"],\"inLanguage\":\"es\",\"potentialAction\":[{\"@type\":\"CommentAction\",\"name\":\"Comment\",\"target\":[\"https:\\\/\\\/www.laguiadepamplona.com\\\/actualidad\\\/el-festival-de-musica-sacra-presenta-esta-edicion-siete-conciertos-que-tendran-lugar-del-31-de-marzo-al-12-de-abril-en-la-catedral-en-baluarte-y-en-dos-iglesias-de-la-ciudad\\\/#respond\"]}]},{\"@type\":\"WebPage\",\"@id\":\"https:\\\/\\\/www.laguiadepamplona.com\\\/actualidad\\\/el-festival-de-musica-sacra-presenta-esta-edicion-siete-conciertos-que-tendran-lugar-del-31-de-marzo-al-12-de-abril-en-la-catedral-en-baluarte-y-en-dos-iglesias-de-la-ciudad\\\/\",\"url\":\"https:\\\/\\\/www.laguiadepamplona.com\\\/actualidad\\\/el-festival-de-musica-sacra-presenta-esta-edicion-siete-conciertos-que-tendran-lugar-del-31-de-marzo-al-12-de-abril-en-la-catedral-en-baluarte-y-en-dos-iglesias-de-la-ciudad\\\/\",\"name\":\"El Festival de M\u00fasica Sacra presenta esta edici\u00f3n siete conciertos que tendr\u00e1n lugar del 31 de marzo al 12 de abril, en la catedral, en Baluarte y en dos iglesias de la ciudad\",\"isPartOf\":{\"@id\":\"https:\\\/\\\/www.laguiadepamplona.com\\\/actualidad\\\/#website\"},\"primaryImageOfPage\":{\"@id\":\"https:\\\/\\\/www.laguiadepamplona.com\\\/actualidad\\\/el-festival-de-musica-sacra-presenta-esta-edicion-siete-conciertos-que-tendran-lugar-del-31-de-marzo-al-12-de-abril-en-la-catedral-en-baluarte-y-en-dos-iglesias-de-la-ciudad\\\/#primaryimage\"},\"image\":{\"@id\":\"https:\\\/\\\/www.laguiadepamplona.com\\\/actualidad\\\/el-festival-de-musica-sacra-presenta-esta-edicion-siete-conciertos-que-tendran-lugar-del-31-de-marzo-al-12-de-abril-en-la-catedral-en-baluarte-y-en-dos-iglesias-de-la-ciudad\\\/#primaryimage\"},\"thumbnailUrl\":\"https:\\\/\\\/www.laguiadepamplona.com\\\/actualidad\\\/wp-content\\\/uploads\\\/2022\\\/03\\\/casco_antiguo_catedral-web.jpg\",\"datePublished\":\"2022-03-09T12:32:49+00:00\",\"dateModified\":\"2023-04-11T09:48:26+00:00\",\"description\":\"Las entradas para los dos conciertos en Baluarte, de la Federaci\u00f3n de Coros de Navarra y de la Sinfonietta de Pamplona, salen a la venta este jueves\",\"breadcrumb\":{\"@id\":\"https:\\\/\\\/www.laguiadepamplona.com\\\/actualidad\\\/el-festival-de-musica-sacra-presenta-esta-edicion-siete-conciertos-que-tendran-lugar-del-31-de-marzo-al-12-de-abril-en-la-catedral-en-baluarte-y-en-dos-iglesias-de-la-ciudad\\\/#breadcrumb\"},\"inLanguage\":\"es\",\"potentialAction\":[{\"@type\":\"ReadAction\",\"target\":[\"https:\\\/\\\/www.laguiadepamplona.com\\\/actualidad\\\/el-festival-de-musica-sacra-presenta-esta-edicion-siete-conciertos-que-tendran-lugar-del-31-de-marzo-al-12-de-abril-en-la-catedral-en-baluarte-y-en-dos-iglesias-de-la-ciudad\\\/\"]}]},{\"@type\":\"ImageObject\",\"inLanguage\":\"es\",\"@id\":\"https:\\\/\\\/www.laguiadepamplona.com\\\/actualidad\\\/el-festival-de-musica-sacra-presenta-esta-edicion-siete-conciertos-que-tendran-lugar-del-31-de-marzo-al-12-de-abril-en-la-catedral-en-baluarte-y-en-dos-iglesias-de-la-ciudad\\\/#primaryimage\",\"url\":\"https:\\\/\\\/www.laguiadepamplona.com\\\/actualidad\\\/wp-content\\\/uploads\\\/2022\\\/03\\\/casco_antiguo_catedral-web.jpg\",\"contentUrl\":\"https:\\\/\\\/www.laguiadepamplona.com\\\/actualidad\\\/wp-content\\\/uploads\\\/2022\\\/03\\\/casco_antiguo_catedral-web.jpg\",\"width\":1063,\"height\":797},{\"@type\":\"BreadcrumbList\",\"@id\":\"https:\\\/\\\/www.laguiadepamplona.com\\\/actualidad\\\/el-festival-de-musica-sacra-presenta-esta-edicion-siete-conciertos-que-tendran-lugar-del-31-de-marzo-al-12-de-abril-en-la-catedral-en-baluarte-y-en-dos-iglesias-de-la-ciudad\\\/#breadcrumb\",\"itemListElement\":[{\"@type\":\"ListItem\",\"position\":1,\"name\":\"Portada\",\"item\":\"https:\\\/\\\/www.laguiadepamplona.com\\\/actualidad\\\/\"},{\"@type\":\"ListItem\",\"position\":2,\"name\":\"El Festival de M\u00fasica Sacra presenta esta edici\u00f3n siete conciertos que tendr\u00e1n lugar del 31 de marzo al 12 de abril, en la catedral, en Baluarte y en dos iglesias de la ciudad\"}]},{\"@type\":\"WebSite\",\"@id\":\"https:\\\/\\\/www.laguiadepamplona.com\\\/actualidad\\\/#website\",\"url\":\"https:\\\/\\\/www.laguiadepamplona.com\\\/actualidad\\\/\",\"name\":\"La gu\u00eda de Pamplona\",\"description\":\"Noticias de Pamplona\",\"publisher\":{\"@id\":\"https:\\\/\\\/www.laguiadepamplona.com\\\/actualidad\\\/#organization\"},\"potentialAction\":[{\"@type\":\"SearchAction\",\"target\":{\"@type\":\"EntryPoint\",\"urlTemplate\":\"https:\\\/\\\/www.laguiadepamplona.com\\\/actualidad\\\/?s={search_term_string}\"},\"query-input\":{\"@type\":\"PropertyValueSpecification\",\"valueRequired\":true,\"valueName\":\"search_term_string\"}}],\"inLanguage\":\"es\"},{\"@type\":\"Organization\",\"@id\":\"https:\\\/\\\/www.laguiadepamplona.com\\\/actualidad\\\/#organization\",\"name\":\"La Gu\u00eda de Pamplona \\\/ Noticias\",\"url\":\"https:\\\/\\\/www.laguiadepamplona.com\\\/actualidad\\\/\",\"logo\":{\"@type\":\"ImageObject\",\"inLanguage\":\"es\",\"@id\":\"https:\\\/\\\/www.laguiadepamplona.com\\\/actualidad\\\/#\\\/schema\\\/logo\\\/image\\\/\",\"url\":\"https:\\\/\\\/www.laguiadepamplona.com\\\/actualidad\\\/wp-content\\\/uploads\\\/2018\\\/11\\\/logo-laguiadepamplona18-web1.png\",\"contentUrl\":\"https:\\\/\\\/www.laguiadepamplona.com\\\/actualidad\\\/wp-content\\\/uploads\\\/2018\\\/11\\\/logo-laguiadepamplona18-web1.png\",\"width\":600,\"height\":196,\"caption\":\"La Gu\u00eda de Pamplona \\\/ Noticias\"},\"image\":{\"@id\":\"https:\\\/\\\/www.laguiadepamplona.com\\\/actualidad\\\/#\\\/schema\\\/logo\\\/image\\\/\"},\"sameAs\":[\"https:\\\/\\\/www.facebook.com\\\/laguiadepamplonacom-133175176762273\\\/?ref=hl\",\"https:\\\/\\\/x.com\\\/LaGuiadPamplona\",\"https:\\\/\\\/www.instagram.com\\\/la_guia_de_pamplona\\\/\",\"https:\\\/\\\/www.youtube.com\\\/user\\\/laguiadepamplona\"]},{\"@type\":\"Person\",\"@id\":\"https:\\\/\\\/www.laguiadepamplona.com\\\/actualidad\\\/#\\\/schema\\\/person\\\/efe887376f0213d4657c93adc50b1fdb\",\"name\":\"La Gu\u00eda de Pamplona\",\"image\":{\"@type\":\"ImageObject\",\"inLanguage\":\"es\",\"@id\":\"https:\\\/\\\/secure.gravatar.com\\\/avatar\\\/b6992f131dc8d30ab0dff15446e9d346d9dbd95992de0fef795073f5ea83a81c?s=96&d=mm&r=g\",\"url\":\"https:\\\/\\\/secure.gravatar.com\\\/avatar\\\/b6992f131dc8d30ab0dff15446e9d346d9dbd95992de0fef795073f5ea83a81c?s=96&d=mm&r=g\",\"contentUrl\":\"https:\\\/\\\/secure.gravatar.com\\\/avatar\\\/b6992f131dc8d30ab0dff15446e9d346d9dbd95992de0fef795073f5ea83a81c?s=96&d=mm&r=g\",\"caption\":\"La Gu\u00eda de Pamplona\"}}]}<\/script>\n<!-- \/ Yoast SEO plugin. -->","yoast_head_json":{"title":"El Festival de M\u00fasica Sacra presenta esta edici\u00f3n siete conciertos que tendr\u00e1n lugar del 31 de marzo al 12 de abril, en la catedral, en Baluarte y en dos iglesias de la ciudad","description":"Las entradas para los dos conciertos en Baluarte, de la Federaci\u00f3n de Coros de Navarra y de la Sinfonietta de Pamplona, salen a la venta este jueves","robots":{"index":"index","follow":"follow","max-snippet":"max-snippet:-1","max-image-preview":"max-image-preview:large","max-video-preview":"max-video-preview:-1"},"canonical":"https:\/\/www.laguiadepamplona.com\/actualidad\/el-festival-de-musica-sacra-presenta-esta-edicion-siete-conciertos-que-tendran-lugar-del-31-de-marzo-al-12-de-abril-en-la-catedral-en-baluarte-y-en-dos-iglesias-de-la-ciudad\/","og_locale":"es_ES","og_type":"article","og_title":"El Festival de M\u00fasica Sacra presenta esta edici\u00f3n siete conciertos que tendr\u00e1n lugar del 31 de marzo al 12 de abril, en la catedral, en Baluarte y en dos iglesias de la ciudad","og_description":"Las entradas para los dos conciertos en Baluarte, de la Federaci\u00f3n de Coros de Navarra y de la Sinfonietta de Pamplona, salen a la venta este jueves","og_url":"https:\/\/www.laguiadepamplona.com\/actualidad\/el-festival-de-musica-sacra-presenta-esta-edicion-siete-conciertos-que-tendran-lugar-del-31-de-marzo-al-12-de-abril-en-la-catedral-en-baluarte-y-en-dos-iglesias-de-la-ciudad\/","og_site_name":"La Gu\u00eda de Pamplona","article_publisher":"https:\/\/www.facebook.com\/laguiadepamplonacom-133175176762273\/?ref=hl","article_published_time":"2022-03-09T12:32:49+00:00","article_modified_time":"2023-04-11T09:48:26+00:00","og_image":[{"width":1063,"height":797,"url":"https:\/\/www.laguiadepamplona.com\/actualidad\/wp-content\/uploads\/2022\/03\/casco_antiguo_catedral-web.jpg","type":"image\/jpeg"}],"author":"La Gu\u00eda de Pamplona","twitter_card":"summary_large_image","twitter_creator":"@LaGuiadPamplona","twitter_site":"@LaGuiadPamplona","twitter_misc":{"Escrito por":"La Gu\u00eda de Pamplona","Tiempo de lectura":"3 minutos"},"schema":{"@context":"https:\/\/schema.org","@graph":[{"@type":"Article","@id":"https:\/\/www.laguiadepamplona.com\/actualidad\/el-festival-de-musica-sacra-presenta-esta-edicion-siete-conciertos-que-tendran-lugar-del-31-de-marzo-al-12-de-abril-en-la-catedral-en-baluarte-y-en-dos-iglesias-de-la-ciudad\/#article","isPartOf":{"@id":"https:\/\/www.laguiadepamplona.com\/actualidad\/el-festival-de-musica-sacra-presenta-esta-edicion-siete-conciertos-que-tendran-lugar-del-31-de-marzo-al-12-de-abril-en-la-catedral-en-baluarte-y-en-dos-iglesias-de-la-ciudad\/"},"author":{"name":"La Gu\u00eda de Pamplona","@id":"https:\/\/www.laguiadepamplona.com\/actualidad\/#\/schema\/person\/efe887376f0213d4657c93adc50b1fdb"},"headline":"El Festival de M\u00fasica Sacra presenta esta edici\u00f3n siete conciertos que tendr\u00e1n lugar del 31 de marzo al 12 de abril, en la catedral, en Baluarte y en dos iglesias de la ciudad","datePublished":"2022-03-09T12:32:49+00:00","dateModified":"2023-04-11T09:48:26+00:00","mainEntityOfPage":{"@id":"https:\/\/www.laguiadepamplona.com\/actualidad\/el-festival-de-musica-sacra-presenta-esta-edicion-siete-conciertos-que-tendran-lugar-del-31-de-marzo-al-12-de-abril-en-la-catedral-en-baluarte-y-en-dos-iglesias-de-la-ciudad\/"},"wordCount":631,"commentCount":0,"publisher":{"@id":"https:\/\/www.laguiadepamplona.com\/actualidad\/#organization"},"image":{"@id":"https:\/\/www.laguiadepamplona.com\/actualidad\/el-festival-de-musica-sacra-presenta-esta-edicion-siete-conciertos-que-tendran-lugar-del-31-de-marzo-al-12-de-abril-en-la-catedral-en-baluarte-y-en-dos-iglesias-de-la-ciudad\/#primaryimage"},"thumbnailUrl":"https:\/\/www.laguiadepamplona.com\/actualidad\/wp-content\/uploads\/2022\/03\/casco_antiguo_catedral-web.jpg","articleSection":["Ayto Pamplona"],"inLanguage":"es","potentialAction":[{"@type":"CommentAction","name":"Comment","target":["https:\/\/www.laguiadepamplona.com\/actualidad\/el-festival-de-musica-sacra-presenta-esta-edicion-siete-conciertos-que-tendran-lugar-del-31-de-marzo-al-12-de-abril-en-la-catedral-en-baluarte-y-en-dos-iglesias-de-la-ciudad\/#respond"]}]},{"@type":"WebPage","@id":"https:\/\/www.laguiadepamplona.com\/actualidad\/el-festival-de-musica-sacra-presenta-esta-edicion-siete-conciertos-que-tendran-lugar-del-31-de-marzo-al-12-de-abril-en-la-catedral-en-baluarte-y-en-dos-iglesias-de-la-ciudad\/","url":"https:\/\/www.laguiadepamplona.com\/actualidad\/el-festival-de-musica-sacra-presenta-esta-edicion-siete-conciertos-que-tendran-lugar-del-31-de-marzo-al-12-de-abril-en-la-catedral-en-baluarte-y-en-dos-iglesias-de-la-ciudad\/","name":"El Festival de M\u00fasica Sacra presenta esta edici\u00f3n siete conciertos que tendr\u00e1n lugar del 31 de marzo al 12 de abril, en la catedral, en Baluarte y en dos iglesias de la ciudad","isPartOf":{"@id":"https:\/\/www.laguiadepamplona.com\/actualidad\/#website"},"primaryImageOfPage":{"@id":"https:\/\/www.laguiadepamplona.com\/actualidad\/el-festival-de-musica-sacra-presenta-esta-edicion-siete-conciertos-que-tendran-lugar-del-31-de-marzo-al-12-de-abril-en-la-catedral-en-baluarte-y-en-dos-iglesias-de-la-ciudad\/#primaryimage"},"image":{"@id":"https:\/\/www.laguiadepamplona.com\/actualidad\/el-festival-de-musica-sacra-presenta-esta-edicion-siete-conciertos-que-tendran-lugar-del-31-de-marzo-al-12-de-abril-en-la-catedral-en-baluarte-y-en-dos-iglesias-de-la-ciudad\/#primaryimage"},"thumbnailUrl":"https:\/\/www.laguiadepamplona.com\/actualidad\/wp-content\/uploads\/2022\/03\/casco_antiguo_catedral-web.jpg","datePublished":"2022-03-09T12:32:49+00:00","dateModified":"2023-04-11T09:48:26+00:00","description":"Las entradas para los dos conciertos en Baluarte, de la Federaci\u00f3n de Coros de Navarra y de la Sinfonietta de Pamplona, salen a la venta este jueves","breadcrumb":{"@id":"https:\/\/www.laguiadepamplona.com\/actualidad\/el-festival-de-musica-sacra-presenta-esta-edicion-siete-conciertos-que-tendran-lugar-del-31-de-marzo-al-12-de-abril-en-la-catedral-en-baluarte-y-en-dos-iglesias-de-la-ciudad\/#breadcrumb"},"inLanguage":"es","potentialAction":[{"@type":"ReadAction","target":["https:\/\/www.laguiadepamplona.com\/actualidad\/el-festival-de-musica-sacra-presenta-esta-edicion-siete-conciertos-que-tendran-lugar-del-31-de-marzo-al-12-de-abril-en-la-catedral-en-baluarte-y-en-dos-iglesias-de-la-ciudad\/"]}]},{"@type":"ImageObject","inLanguage":"es","@id":"https:\/\/www.laguiadepamplona.com\/actualidad\/el-festival-de-musica-sacra-presenta-esta-edicion-siete-conciertos-que-tendran-lugar-del-31-de-marzo-al-12-de-abril-en-la-catedral-en-baluarte-y-en-dos-iglesias-de-la-ciudad\/#primaryimage","url":"https:\/\/www.laguiadepamplona.com\/actualidad\/wp-content\/uploads\/2022\/03\/casco_antiguo_catedral-web.jpg","contentUrl":"https:\/\/www.laguiadepamplona.com\/actualidad\/wp-content\/uploads\/2022\/03\/casco_antiguo_catedral-web.jpg","width":1063,"height":797},{"@type":"BreadcrumbList","@id":"https:\/\/www.laguiadepamplona.com\/actualidad\/el-festival-de-musica-sacra-presenta-esta-edicion-siete-conciertos-que-tendran-lugar-del-31-de-marzo-al-12-de-abril-en-la-catedral-en-baluarte-y-en-dos-iglesias-de-la-ciudad\/#breadcrumb","itemListElement":[{"@type":"ListItem","position":1,"name":"Portada","item":"https:\/\/www.laguiadepamplona.com\/actualidad\/"},{"@type":"ListItem","position":2,"name":"El Festival de M\u00fasica Sacra presenta esta edici\u00f3n siete conciertos que tendr\u00e1n lugar del 31 de marzo al 12 de abril, en la catedral, en Baluarte y en dos iglesias de la ciudad"}]},{"@type":"WebSite","@id":"https:\/\/www.laguiadepamplona.com\/actualidad\/#website","url":"https:\/\/www.laguiadepamplona.com\/actualidad\/","name":"La gu\u00eda de Pamplona","description":"Noticias de Pamplona","publisher":{"@id":"https:\/\/www.laguiadepamplona.com\/actualidad\/#organization"},"potentialAction":[{"@type":"SearchAction","target":{"@type":"EntryPoint","urlTemplate":"https:\/\/www.laguiadepamplona.com\/actualidad\/?s={search_term_string}"},"query-input":{"@type":"PropertyValueSpecification","valueRequired":true,"valueName":"search_term_string"}}],"inLanguage":"es"},{"@type":"Organization","@id":"https:\/\/www.laguiadepamplona.com\/actualidad\/#organization","name":"La Gu\u00eda de Pamplona \/ Noticias","url":"https:\/\/www.laguiadepamplona.com\/actualidad\/","logo":{"@type":"ImageObject","inLanguage":"es","@id":"https:\/\/www.laguiadepamplona.com\/actualidad\/#\/schema\/logo\/image\/","url":"https:\/\/www.laguiadepamplona.com\/actualidad\/wp-content\/uploads\/2018\/11\/logo-laguiadepamplona18-web1.png","contentUrl":"https:\/\/www.laguiadepamplona.com\/actualidad\/wp-content\/uploads\/2018\/11\/logo-laguiadepamplona18-web1.png","width":600,"height":196,"caption":"La Gu\u00eda de Pamplona \/ Noticias"},"image":{"@id":"https:\/\/www.laguiadepamplona.com\/actualidad\/#\/schema\/logo\/image\/"},"sameAs":["https:\/\/www.facebook.com\/laguiadepamplonacom-133175176762273\/?ref=hl","https:\/\/x.com\/LaGuiadPamplona","https:\/\/www.instagram.com\/la_guia_de_pamplona\/","https:\/\/www.youtube.com\/user\/laguiadepamplona"]},{"@type":"Person","@id":"https:\/\/www.laguiadepamplona.com\/actualidad\/#\/schema\/person\/efe887376f0213d4657c93adc50b1fdb","name":"La Gu\u00eda de Pamplona","image":{"@type":"ImageObject","inLanguage":"es","@id":"https:\/\/secure.gravatar.com\/avatar\/b6992f131dc8d30ab0dff15446e9d346d9dbd95992de0fef795073f5ea83a81c?s=96&d=mm&r=g","url":"https:\/\/secure.gravatar.com\/avatar\/b6992f131dc8d30ab0dff15446e9d346d9dbd95992de0fef795073f5ea83a81c?s=96&d=mm&r=g","contentUrl":"https:\/\/secure.gravatar.com\/avatar\/b6992f131dc8d30ab0dff15446e9d346d9dbd95992de0fef795073f5ea83a81c?s=96&d=mm&r=g","caption":"La Gu\u00eda de Pamplona"}}]}},"post_mailing_queue_ids":[],"_links":{"self":[{"href":"https:\/\/www.laguiadepamplona.com\/actualidad\/wp-json\/wp\/v2\/posts\/39291","targetHints":{"allow":["GET"]}}],"collection":[{"href":"https:\/\/www.laguiadepamplona.com\/actualidad\/wp-json\/wp\/v2\/posts"}],"about":[{"href":"https:\/\/www.laguiadepamplona.com\/actualidad\/wp-json\/wp\/v2\/types\/post"}],"author":[{"embeddable":true,"href":"https:\/\/www.laguiadepamplona.com\/actualidad\/wp-json\/wp\/v2\/users\/1"}],"replies":[{"embeddable":true,"href":"https:\/\/www.laguiadepamplona.com\/actualidad\/wp-json\/wp\/v2\/comments?post=39291"}],"version-history":[{"count":0,"href":"https:\/\/www.laguiadepamplona.com\/actualidad\/wp-json\/wp\/v2\/posts\/39291\/revisions"}],"wp:featuredmedia":[{"embeddable":true,"href":"https:\/\/www.laguiadepamplona.com\/actualidad\/wp-json\/wp\/v2\/media\/39292"}],"wp:attachment":[{"href":"https:\/\/www.laguiadepamplona.com\/actualidad\/wp-json\/wp\/v2\/media?parent=39291"}],"wp:term":[{"taxonomy":"category","embeddable":true,"href":"https:\/\/www.laguiadepamplona.com\/actualidad\/wp-json\/wp\/v2\/categories?post=39291"},{"taxonomy":"post_tag","embeddable":true,"href":"https:\/\/www.laguiadepamplona.com\/actualidad\/wp-json\/wp\/v2\/tags?post=39291"}],"curies":[{"name":"wp","href":"https:\/\/api.w.org\/{rel}","templated":true}]}}