{"id":39288,"date":"2022-03-09T14:31:17","date_gmt":"2022-03-09T12:31:17","guid":{"rendered":"https:\/\/www.laguiadepamplona.com\/actualidad\/?p=39288"},"modified":"2023-04-11T11:48:26","modified_gmt":"2023-04-11T09:48:26","slug":"el-16-de-marzo-coincidiendo-con-el-aniversario-de-su-nacimiento-se-inaugurara-el-ultimo-conjunto-monumental-creado-para-el-espacio-publico-en-homenaje-a-sabicas","status":"publish","type":"post","link":"https:\/\/www.laguiadepamplona.com\/actualidad\/el-16-de-marzo-coincidiendo-con-el-aniversario-de-su-nacimiento-se-inaugurara-el-ultimo-conjunto-monumental-creado-para-el-espacio-publico-en-homenaje-a-sabicas\/","title":{"rendered":"El 16 de marzo, coincidiendo con el aniversario de su nacimiento, se inaugurar\u00e1 el \u00faltimo conjunto monumental creado para el espacio p\u00fablico en homenaje a Sabicas"},"content":{"rendered":"<h5>La obra se convertir\u00e1 un referente art\u00edstico en el acceso a la ciudad desde el Sur<\/h5>\n<p><!--more--><\/p>\n<p>Estos d\u00edas est\u00e1 terminando la instalaci\u00f3n de \u201cHomenaje a Sabicas\u00bb un conjunto escult\u00f3rico monumental que plasma deconstrucci\u00f3n de una guitarra como recordatorio de la carrera de guitarrista pamplon\u00e9s. La escultura, obra de Carlos Ciriza, est\u00e1 compuesta por tres cuerpos independientes realizados en acero cort\u00e9n que se sustenta sobre una base de hormig\u00f3n. El conjunto alcanza los 8 metros de altura y tiene una anchura m\u00e1xima de en torno a 9 metros.<br \/>\n<script async src=\"\/\/pagead2.googlesyndication.com\/pagead\/js\/adsbygoogle.js\"><\/script><br \/>\n<!-- Noticias La Guia de Pamplona --><br \/>\n<ins class=\"adsbygoogle\"\nstyle=\"display:block\"\ndata-ad-client=\"ca-pub-6943679897239327\"\ndata-ad-slot=\"7048180777\"\ndata-ad-format=\"auto\"><\/ins><br \/>\n<script>\n(adsbygoogle = window.adsbygoogle || []).push({});\n<\/script><\/p>\n<p>La escultura dar\u00e1 la bienvenida oficial a la ciudad desde el Sur a partir del 16 de marzo, ya que ese d\u00eda quedar\u00e1 completamente instalada en su ubicaci\u00f3n en la intersecci\u00f3n entre la calle Sadar y la avenida de Zaragoza, en un espacio amplio y de gran visibilidad. Es una obra especialmente concebida para ese espacio, teniendo en cuenta la distancia del espectador y sus diferentes puntos de vista, permitiendo que \u00e9ste sea testigo desde diferentes perspectivas. Esta creaci\u00f3n est\u00e1 dedicada al m\u00fasico Agust\u00edn Castell\u00f3n Campos, nacido en Pamplona el 16 de marzo de 1912 guitarrista mundialmente reconocido. De etnia gitana, la escultura quiere tambi\u00e9n reconocer a las personas gitanas que viven en la ciudad y su aportaci\u00f3n a la multiculturalidad de Pamplona.<\/p>\n<p>Para su dise\u00f1o el autor se ha inspirado en una guitarra, utilizando formas de f\u00e1cil lectura con la intenci\u00f3n de crear nuevos universos pl\u00e1sticos a partir de los ya existentes, donde cada bloque tienen expresi\u00f3n y volumen diferenciado. Tras el dise\u00f1o de los bocetos y la construcci\u00f3n de las piezas en taller, cada volumen se ha sometido a un proceso qu\u00edmico de oxidaci\u00f3n que les dota del caracter\u00edstico color rojizo del acero cort\u00e9n. Ciriza, artista navarro con una dilatada trayectoria profesional, tienen una amplia experiencia art\u00edstica de intervenci\u00f3n en el espacio p\u00fablico.<br \/>\n<script async src=\"\/\/pagead2.googlesyndication.com\/pagead\/js\/adsbygoogle.js\"><\/script><br \/>\n<!-- Noticias La Guia de Pamplona --><br \/>\n<ins class=\"adsbygoogle\"\nstyle=\"display:block\"\ndata-ad-client=\"ca-pub-6943679897239327\"\ndata-ad-slot=\"7048180777\"\ndata-ad-format=\"auto\"><\/ins><br \/>\n<script>\n(adsbygoogle = window.adsbygoogle || []).push({});\n<\/script><\/p>\n<p>Esta obra pasar\u00e1 a formar parte del Patrimonio Cultural y Art\u00edstico de la ciudad. Pamplona acoge en sus zonas verdes y en su calles, avenidas y rotondas m\u00e1s de 200 esculturas de diferentes autor\u00edas, formatos y estilos, una extensa colecci\u00f3n de escultura urbana que convierte la ciudad en un gran museo al aire libre<\/p>\n","protected":false},"excerpt":{"rendered":"<p>La obra se convertir\u00e1 un referente art\u00edstico en el acceso a la ciudad desde el Sur<\/p>\n","protected":false},"author":1,"featured_media":39289,"comment_status":"open","ping_status":"closed","sticky":false,"template":"","format":"standard","meta":{"footnotes":""},"categories":[2],"tags":[],"class_list":["post-39288","post","type-post","status-publish","format-standard","has-post-thumbnail","hentry","category-ayuntamiento-pamplona"],"yoast_head":"<!-- This site is optimized with the Yoast SEO plugin v27.3 - https:\/\/yoast.com\/product\/yoast-seo-wordpress\/ -->\n<title>El 16 de marzo, coincidiendo con el aniversario de su nacimiento, se inaugurar\u00e1 el \u00faltimo conjunto monumental creado para el espacio p\u00fablico en homenaje a Sabicas<\/title>\n<meta name=\"description\" content=\"La obra se convertir\u00e1 un referente art\u00edstico en el acceso a la ciudad desde el Sur\" \/>\n<meta name=\"robots\" content=\"index, follow, max-snippet:-1, max-image-preview:large, max-video-preview:-1\" \/>\n<link rel=\"canonical\" href=\"https:\/\/www.laguiadepamplona.com\/actualidad\/el-16-de-marzo-coincidiendo-con-el-aniversario-de-su-nacimiento-se-inaugurara-el-ultimo-conjunto-monumental-creado-para-el-espacio-publico-en-homenaje-a-sabicas\/\" \/>\n<meta property=\"og:locale\" content=\"es_ES\" \/>\n<meta property=\"og:type\" content=\"article\" \/>\n<meta property=\"og:title\" content=\"El 16 de marzo, coincidiendo con el aniversario de su nacimiento, se inaugurar\u00e1 el \u00faltimo conjunto monumental creado para el espacio p\u00fablico en homenaje a Sabicas\" \/>\n<meta property=\"og:description\" content=\"La obra se convertir\u00e1 un referente art\u00edstico en el acceso a la ciudad desde el Sur\" \/>\n<meta property=\"og:url\" content=\"https:\/\/www.laguiadepamplona.com\/actualidad\/el-16-de-marzo-coincidiendo-con-el-aniversario-de-su-nacimiento-se-inaugurara-el-ultimo-conjunto-monumental-creado-para-el-espacio-publico-en-homenaje-a-sabicas\/\" \/>\n<meta property=\"og:site_name\" content=\"La Gu\u00eda de Pamplona\" \/>\n<meta property=\"article:publisher\" content=\"https:\/\/www.facebook.com\/laguiadepamplonacom-133175176762273\/?ref=hl\" \/>\n<meta property=\"article:published_time\" content=\"2022-03-09T12:31:17+00:00\" \/>\n<meta property=\"article:modified_time\" content=\"2023-04-11T09:48:26+00:00\" \/>\n<meta property=\"og:image\" content=\"https:\/\/www.laguiadepamplona.com\/actualidad\/wp-content\/uploads\/2022\/03\/carloscirizasabicasprocesoee5a0934.jpg\" \/>\n\t<meta property=\"og:image:width\" content=\"1920\" \/>\n\t<meta property=\"og:image:height\" content=\"1280\" \/>\n\t<meta property=\"og:image:type\" content=\"image\/jpeg\" \/>\n<meta name=\"author\" content=\"La Gu\u00eda de Pamplona\" \/>\n<meta name=\"twitter:card\" content=\"summary_large_image\" \/>\n<meta name=\"twitter:creator\" content=\"@LaGuiadPamplona\" \/>\n<meta name=\"twitter:site\" content=\"@LaGuiadPamplona\" \/>\n<meta name=\"twitter:label1\" content=\"Escrito por\" \/>\n\t<meta name=\"twitter:data1\" content=\"La Gu\u00eda de Pamplona\" \/>\n\t<meta name=\"twitter:label2\" content=\"Tiempo de lectura\" \/>\n\t<meta name=\"twitter:data2\" content=\"2 minutos\" \/>\n<script type=\"application\/ld+json\" class=\"yoast-schema-graph\">{\"@context\":\"https:\\\/\\\/schema.org\",\"@graph\":[{\"@type\":\"Article\",\"@id\":\"https:\\\/\\\/www.laguiadepamplona.com\\\/actualidad\\\/el-16-de-marzo-coincidiendo-con-el-aniversario-de-su-nacimiento-se-inaugurara-el-ultimo-conjunto-monumental-creado-para-el-espacio-publico-en-homenaje-a-sabicas\\\/#article\",\"isPartOf\":{\"@id\":\"https:\\\/\\\/www.laguiadepamplona.com\\\/actualidad\\\/el-16-de-marzo-coincidiendo-con-el-aniversario-de-su-nacimiento-se-inaugurara-el-ultimo-conjunto-monumental-creado-para-el-espacio-publico-en-homenaje-a-sabicas\\\/\"},\"author\":{\"name\":\"La Gu\u00eda de Pamplona\",\"@id\":\"https:\\\/\\\/www.laguiadepamplona.com\\\/actualidad\\\/#\\\/schema\\\/person\\\/efe887376f0213d4657c93adc50b1fdb\"},\"headline\":\"El 16 de marzo, coincidiendo con el aniversario de su nacimiento, se inaugurar\u00e1 el \u00faltimo conjunto monumental creado para el espacio p\u00fablico en homenaje a Sabicas\",\"datePublished\":\"2022-03-09T12:31:17+00:00\",\"dateModified\":\"2023-04-11T09:48:26+00:00\",\"mainEntityOfPage\":{\"@id\":\"https:\\\/\\\/www.laguiadepamplona.com\\\/actualidad\\\/el-16-de-marzo-coincidiendo-con-el-aniversario-de-su-nacimiento-se-inaugurara-el-ultimo-conjunto-monumental-creado-para-el-espacio-publico-en-homenaje-a-sabicas\\\/\"},\"wordCount\":412,\"commentCount\":0,\"publisher\":{\"@id\":\"https:\\\/\\\/www.laguiadepamplona.com\\\/actualidad\\\/#organization\"},\"image\":{\"@id\":\"https:\\\/\\\/www.laguiadepamplona.com\\\/actualidad\\\/el-16-de-marzo-coincidiendo-con-el-aniversario-de-su-nacimiento-se-inaugurara-el-ultimo-conjunto-monumental-creado-para-el-espacio-publico-en-homenaje-a-sabicas\\\/#primaryimage\"},\"thumbnailUrl\":\"https:\\\/\\\/www.laguiadepamplona.com\\\/actualidad\\\/wp-content\\\/uploads\\\/2022\\\/03\\\/carloscirizasabicasprocesoee5a0934.jpg\",\"articleSection\":[\"Ayto Pamplona\"],\"inLanguage\":\"es\",\"potentialAction\":[{\"@type\":\"CommentAction\",\"name\":\"Comment\",\"target\":[\"https:\\\/\\\/www.laguiadepamplona.com\\\/actualidad\\\/el-16-de-marzo-coincidiendo-con-el-aniversario-de-su-nacimiento-se-inaugurara-el-ultimo-conjunto-monumental-creado-para-el-espacio-publico-en-homenaje-a-sabicas\\\/#respond\"]}]},{\"@type\":\"WebPage\",\"@id\":\"https:\\\/\\\/www.laguiadepamplona.com\\\/actualidad\\\/el-16-de-marzo-coincidiendo-con-el-aniversario-de-su-nacimiento-se-inaugurara-el-ultimo-conjunto-monumental-creado-para-el-espacio-publico-en-homenaje-a-sabicas\\\/\",\"url\":\"https:\\\/\\\/www.laguiadepamplona.com\\\/actualidad\\\/el-16-de-marzo-coincidiendo-con-el-aniversario-de-su-nacimiento-se-inaugurara-el-ultimo-conjunto-monumental-creado-para-el-espacio-publico-en-homenaje-a-sabicas\\\/\",\"name\":\"El 16 de marzo, coincidiendo con el aniversario de su nacimiento, se inaugurar\u00e1 el \u00faltimo conjunto monumental creado para el espacio p\u00fablico en homenaje a Sabicas\",\"isPartOf\":{\"@id\":\"https:\\\/\\\/www.laguiadepamplona.com\\\/actualidad\\\/#website\"},\"primaryImageOfPage\":{\"@id\":\"https:\\\/\\\/www.laguiadepamplona.com\\\/actualidad\\\/el-16-de-marzo-coincidiendo-con-el-aniversario-de-su-nacimiento-se-inaugurara-el-ultimo-conjunto-monumental-creado-para-el-espacio-publico-en-homenaje-a-sabicas\\\/#primaryimage\"},\"image\":{\"@id\":\"https:\\\/\\\/www.laguiadepamplona.com\\\/actualidad\\\/el-16-de-marzo-coincidiendo-con-el-aniversario-de-su-nacimiento-se-inaugurara-el-ultimo-conjunto-monumental-creado-para-el-espacio-publico-en-homenaje-a-sabicas\\\/#primaryimage\"},\"thumbnailUrl\":\"https:\\\/\\\/www.laguiadepamplona.com\\\/actualidad\\\/wp-content\\\/uploads\\\/2022\\\/03\\\/carloscirizasabicasprocesoee5a0934.jpg\",\"datePublished\":\"2022-03-09T12:31:17+00:00\",\"dateModified\":\"2023-04-11T09:48:26+00:00\",\"description\":\"La obra se convertir\u00e1 un referente art\u00edstico en el acceso a la ciudad desde el Sur\",\"breadcrumb\":{\"@id\":\"https:\\\/\\\/www.laguiadepamplona.com\\\/actualidad\\\/el-16-de-marzo-coincidiendo-con-el-aniversario-de-su-nacimiento-se-inaugurara-el-ultimo-conjunto-monumental-creado-para-el-espacio-publico-en-homenaje-a-sabicas\\\/#breadcrumb\"},\"inLanguage\":\"es\",\"potentialAction\":[{\"@type\":\"ReadAction\",\"target\":[\"https:\\\/\\\/www.laguiadepamplona.com\\\/actualidad\\\/el-16-de-marzo-coincidiendo-con-el-aniversario-de-su-nacimiento-se-inaugurara-el-ultimo-conjunto-monumental-creado-para-el-espacio-publico-en-homenaje-a-sabicas\\\/\"]}]},{\"@type\":\"ImageObject\",\"inLanguage\":\"es\",\"@id\":\"https:\\\/\\\/www.laguiadepamplona.com\\\/actualidad\\\/el-16-de-marzo-coincidiendo-con-el-aniversario-de-su-nacimiento-se-inaugurara-el-ultimo-conjunto-monumental-creado-para-el-espacio-publico-en-homenaje-a-sabicas\\\/#primaryimage\",\"url\":\"https:\\\/\\\/www.laguiadepamplona.com\\\/actualidad\\\/wp-content\\\/uploads\\\/2022\\\/03\\\/carloscirizasabicasprocesoee5a0934.jpg\",\"contentUrl\":\"https:\\\/\\\/www.laguiadepamplona.com\\\/actualidad\\\/wp-content\\\/uploads\\\/2022\\\/03\\\/carloscirizasabicasprocesoee5a0934.jpg\",\"width\":1920,\"height\":1280},{\"@type\":\"BreadcrumbList\",\"@id\":\"https:\\\/\\\/www.laguiadepamplona.com\\\/actualidad\\\/el-16-de-marzo-coincidiendo-con-el-aniversario-de-su-nacimiento-se-inaugurara-el-ultimo-conjunto-monumental-creado-para-el-espacio-publico-en-homenaje-a-sabicas\\\/#breadcrumb\",\"itemListElement\":[{\"@type\":\"ListItem\",\"position\":1,\"name\":\"Portada\",\"item\":\"https:\\\/\\\/www.laguiadepamplona.com\\\/actualidad\\\/\"},{\"@type\":\"ListItem\",\"position\":2,\"name\":\"El 16 de marzo, coincidiendo con el aniversario de su nacimiento, se inaugurar\u00e1 el \u00faltimo conjunto monumental creado para el espacio p\u00fablico en homenaje a Sabicas\"}]},{\"@type\":\"WebSite\",\"@id\":\"https:\\\/\\\/www.laguiadepamplona.com\\\/actualidad\\\/#website\",\"url\":\"https:\\\/\\\/www.laguiadepamplona.com\\\/actualidad\\\/\",\"name\":\"La gu\u00eda de Pamplona\",\"description\":\"Noticias de Pamplona\",\"publisher\":{\"@id\":\"https:\\\/\\\/www.laguiadepamplona.com\\\/actualidad\\\/#organization\"},\"potentialAction\":[{\"@type\":\"SearchAction\",\"target\":{\"@type\":\"EntryPoint\",\"urlTemplate\":\"https:\\\/\\\/www.laguiadepamplona.com\\\/actualidad\\\/?s={search_term_string}\"},\"query-input\":{\"@type\":\"PropertyValueSpecification\",\"valueRequired\":true,\"valueName\":\"search_term_string\"}}],\"inLanguage\":\"es\"},{\"@type\":\"Organization\",\"@id\":\"https:\\\/\\\/www.laguiadepamplona.com\\\/actualidad\\\/#organization\",\"name\":\"La Gu\u00eda de Pamplona \\\/ Noticias\",\"url\":\"https:\\\/\\\/www.laguiadepamplona.com\\\/actualidad\\\/\",\"logo\":{\"@type\":\"ImageObject\",\"inLanguage\":\"es\",\"@id\":\"https:\\\/\\\/www.laguiadepamplona.com\\\/actualidad\\\/#\\\/schema\\\/logo\\\/image\\\/\",\"url\":\"https:\\\/\\\/www.laguiadepamplona.com\\\/actualidad\\\/wp-content\\\/uploads\\\/2018\\\/11\\\/logo-laguiadepamplona18-web1.png\",\"contentUrl\":\"https:\\\/\\\/www.laguiadepamplona.com\\\/actualidad\\\/wp-content\\\/uploads\\\/2018\\\/11\\\/logo-laguiadepamplona18-web1.png\",\"width\":600,\"height\":196,\"caption\":\"La Gu\u00eda de Pamplona \\\/ Noticias\"},\"image\":{\"@id\":\"https:\\\/\\\/www.laguiadepamplona.com\\\/actualidad\\\/#\\\/schema\\\/logo\\\/image\\\/\"},\"sameAs\":[\"https:\\\/\\\/www.facebook.com\\\/laguiadepamplonacom-133175176762273\\\/?ref=hl\",\"https:\\\/\\\/x.com\\\/LaGuiadPamplona\",\"https:\\\/\\\/www.instagram.com\\\/la_guia_de_pamplona\\\/\",\"https:\\\/\\\/www.youtube.com\\\/user\\\/laguiadepamplona\"]},{\"@type\":\"Person\",\"@id\":\"https:\\\/\\\/www.laguiadepamplona.com\\\/actualidad\\\/#\\\/schema\\\/person\\\/efe887376f0213d4657c93adc50b1fdb\",\"name\":\"La Gu\u00eda de Pamplona\",\"image\":{\"@type\":\"ImageObject\",\"inLanguage\":\"es\",\"@id\":\"https:\\\/\\\/secure.gravatar.com\\\/avatar\\\/b6992f131dc8d30ab0dff15446e9d346d9dbd95992de0fef795073f5ea83a81c?s=96&d=mm&r=g\",\"url\":\"https:\\\/\\\/secure.gravatar.com\\\/avatar\\\/b6992f131dc8d30ab0dff15446e9d346d9dbd95992de0fef795073f5ea83a81c?s=96&d=mm&r=g\",\"contentUrl\":\"https:\\\/\\\/secure.gravatar.com\\\/avatar\\\/b6992f131dc8d30ab0dff15446e9d346d9dbd95992de0fef795073f5ea83a81c?s=96&d=mm&r=g\",\"caption\":\"La Gu\u00eda de Pamplona\"}}]}<\/script>\n<!-- \/ Yoast SEO plugin. -->","yoast_head_json":{"title":"El 16 de marzo, coincidiendo con el aniversario de su nacimiento, se inaugurar\u00e1 el \u00faltimo conjunto monumental creado para el espacio p\u00fablico en homenaje a Sabicas","description":"La obra se convertir\u00e1 un referente art\u00edstico en el acceso a la ciudad desde el Sur","robots":{"index":"index","follow":"follow","max-snippet":"max-snippet:-1","max-image-preview":"max-image-preview:large","max-video-preview":"max-video-preview:-1"},"canonical":"https:\/\/www.laguiadepamplona.com\/actualidad\/el-16-de-marzo-coincidiendo-con-el-aniversario-de-su-nacimiento-se-inaugurara-el-ultimo-conjunto-monumental-creado-para-el-espacio-publico-en-homenaje-a-sabicas\/","og_locale":"es_ES","og_type":"article","og_title":"El 16 de marzo, coincidiendo con el aniversario de su nacimiento, se inaugurar\u00e1 el \u00faltimo conjunto monumental creado para el espacio p\u00fablico en homenaje a Sabicas","og_description":"La obra se convertir\u00e1 un referente art\u00edstico en el acceso a la ciudad desde el Sur","og_url":"https:\/\/www.laguiadepamplona.com\/actualidad\/el-16-de-marzo-coincidiendo-con-el-aniversario-de-su-nacimiento-se-inaugurara-el-ultimo-conjunto-monumental-creado-para-el-espacio-publico-en-homenaje-a-sabicas\/","og_site_name":"La Gu\u00eda de Pamplona","article_publisher":"https:\/\/www.facebook.com\/laguiadepamplonacom-133175176762273\/?ref=hl","article_published_time":"2022-03-09T12:31:17+00:00","article_modified_time":"2023-04-11T09:48:26+00:00","og_image":[{"width":1920,"height":1280,"url":"https:\/\/www.laguiadepamplona.com\/actualidad\/wp-content\/uploads\/2022\/03\/carloscirizasabicasprocesoee5a0934.jpg","type":"image\/jpeg"}],"author":"La Gu\u00eda de Pamplona","twitter_card":"summary_large_image","twitter_creator":"@LaGuiadPamplona","twitter_site":"@LaGuiadPamplona","twitter_misc":{"Escrito por":"La Gu\u00eda de Pamplona","Tiempo de lectura":"2 minutos"},"schema":{"@context":"https:\/\/schema.org","@graph":[{"@type":"Article","@id":"https:\/\/www.laguiadepamplona.com\/actualidad\/el-16-de-marzo-coincidiendo-con-el-aniversario-de-su-nacimiento-se-inaugurara-el-ultimo-conjunto-monumental-creado-para-el-espacio-publico-en-homenaje-a-sabicas\/#article","isPartOf":{"@id":"https:\/\/www.laguiadepamplona.com\/actualidad\/el-16-de-marzo-coincidiendo-con-el-aniversario-de-su-nacimiento-se-inaugurara-el-ultimo-conjunto-monumental-creado-para-el-espacio-publico-en-homenaje-a-sabicas\/"},"author":{"name":"La Gu\u00eda de Pamplona","@id":"https:\/\/www.laguiadepamplona.com\/actualidad\/#\/schema\/person\/efe887376f0213d4657c93adc50b1fdb"},"headline":"El 16 de marzo, coincidiendo con el aniversario de su nacimiento, se inaugurar\u00e1 el \u00faltimo conjunto monumental creado para el espacio p\u00fablico en homenaje a Sabicas","datePublished":"2022-03-09T12:31:17+00:00","dateModified":"2023-04-11T09:48:26+00:00","mainEntityOfPage":{"@id":"https:\/\/www.laguiadepamplona.com\/actualidad\/el-16-de-marzo-coincidiendo-con-el-aniversario-de-su-nacimiento-se-inaugurara-el-ultimo-conjunto-monumental-creado-para-el-espacio-publico-en-homenaje-a-sabicas\/"},"wordCount":412,"commentCount":0,"publisher":{"@id":"https:\/\/www.laguiadepamplona.com\/actualidad\/#organization"},"image":{"@id":"https:\/\/www.laguiadepamplona.com\/actualidad\/el-16-de-marzo-coincidiendo-con-el-aniversario-de-su-nacimiento-se-inaugurara-el-ultimo-conjunto-monumental-creado-para-el-espacio-publico-en-homenaje-a-sabicas\/#primaryimage"},"thumbnailUrl":"https:\/\/www.laguiadepamplona.com\/actualidad\/wp-content\/uploads\/2022\/03\/carloscirizasabicasprocesoee5a0934.jpg","articleSection":["Ayto Pamplona"],"inLanguage":"es","potentialAction":[{"@type":"CommentAction","name":"Comment","target":["https:\/\/www.laguiadepamplona.com\/actualidad\/el-16-de-marzo-coincidiendo-con-el-aniversario-de-su-nacimiento-se-inaugurara-el-ultimo-conjunto-monumental-creado-para-el-espacio-publico-en-homenaje-a-sabicas\/#respond"]}]},{"@type":"WebPage","@id":"https:\/\/www.laguiadepamplona.com\/actualidad\/el-16-de-marzo-coincidiendo-con-el-aniversario-de-su-nacimiento-se-inaugurara-el-ultimo-conjunto-monumental-creado-para-el-espacio-publico-en-homenaje-a-sabicas\/","url":"https:\/\/www.laguiadepamplona.com\/actualidad\/el-16-de-marzo-coincidiendo-con-el-aniversario-de-su-nacimiento-se-inaugurara-el-ultimo-conjunto-monumental-creado-para-el-espacio-publico-en-homenaje-a-sabicas\/","name":"El 16 de marzo, coincidiendo con el aniversario de su nacimiento, se inaugurar\u00e1 el \u00faltimo conjunto monumental creado para el espacio p\u00fablico en homenaje a Sabicas","isPartOf":{"@id":"https:\/\/www.laguiadepamplona.com\/actualidad\/#website"},"primaryImageOfPage":{"@id":"https:\/\/www.laguiadepamplona.com\/actualidad\/el-16-de-marzo-coincidiendo-con-el-aniversario-de-su-nacimiento-se-inaugurara-el-ultimo-conjunto-monumental-creado-para-el-espacio-publico-en-homenaje-a-sabicas\/#primaryimage"},"image":{"@id":"https:\/\/www.laguiadepamplona.com\/actualidad\/el-16-de-marzo-coincidiendo-con-el-aniversario-de-su-nacimiento-se-inaugurara-el-ultimo-conjunto-monumental-creado-para-el-espacio-publico-en-homenaje-a-sabicas\/#primaryimage"},"thumbnailUrl":"https:\/\/www.laguiadepamplona.com\/actualidad\/wp-content\/uploads\/2022\/03\/carloscirizasabicasprocesoee5a0934.jpg","datePublished":"2022-03-09T12:31:17+00:00","dateModified":"2023-04-11T09:48:26+00:00","description":"La obra se convertir\u00e1 un referente art\u00edstico en el acceso a la ciudad desde el Sur","breadcrumb":{"@id":"https:\/\/www.laguiadepamplona.com\/actualidad\/el-16-de-marzo-coincidiendo-con-el-aniversario-de-su-nacimiento-se-inaugurara-el-ultimo-conjunto-monumental-creado-para-el-espacio-publico-en-homenaje-a-sabicas\/#breadcrumb"},"inLanguage":"es","potentialAction":[{"@type":"ReadAction","target":["https:\/\/www.laguiadepamplona.com\/actualidad\/el-16-de-marzo-coincidiendo-con-el-aniversario-de-su-nacimiento-se-inaugurara-el-ultimo-conjunto-monumental-creado-para-el-espacio-publico-en-homenaje-a-sabicas\/"]}]},{"@type":"ImageObject","inLanguage":"es","@id":"https:\/\/www.laguiadepamplona.com\/actualidad\/el-16-de-marzo-coincidiendo-con-el-aniversario-de-su-nacimiento-se-inaugurara-el-ultimo-conjunto-monumental-creado-para-el-espacio-publico-en-homenaje-a-sabicas\/#primaryimage","url":"https:\/\/www.laguiadepamplona.com\/actualidad\/wp-content\/uploads\/2022\/03\/carloscirizasabicasprocesoee5a0934.jpg","contentUrl":"https:\/\/www.laguiadepamplona.com\/actualidad\/wp-content\/uploads\/2022\/03\/carloscirizasabicasprocesoee5a0934.jpg","width":1920,"height":1280},{"@type":"BreadcrumbList","@id":"https:\/\/www.laguiadepamplona.com\/actualidad\/el-16-de-marzo-coincidiendo-con-el-aniversario-de-su-nacimiento-se-inaugurara-el-ultimo-conjunto-monumental-creado-para-el-espacio-publico-en-homenaje-a-sabicas\/#breadcrumb","itemListElement":[{"@type":"ListItem","position":1,"name":"Portada","item":"https:\/\/www.laguiadepamplona.com\/actualidad\/"},{"@type":"ListItem","position":2,"name":"El 16 de marzo, coincidiendo con el aniversario de su nacimiento, se inaugurar\u00e1 el \u00faltimo conjunto monumental creado para el espacio p\u00fablico en homenaje a Sabicas"}]},{"@type":"WebSite","@id":"https:\/\/www.laguiadepamplona.com\/actualidad\/#website","url":"https:\/\/www.laguiadepamplona.com\/actualidad\/","name":"La gu\u00eda de Pamplona","description":"Noticias de Pamplona","publisher":{"@id":"https:\/\/www.laguiadepamplona.com\/actualidad\/#organization"},"potentialAction":[{"@type":"SearchAction","target":{"@type":"EntryPoint","urlTemplate":"https:\/\/www.laguiadepamplona.com\/actualidad\/?s={search_term_string}"},"query-input":{"@type":"PropertyValueSpecification","valueRequired":true,"valueName":"search_term_string"}}],"inLanguage":"es"},{"@type":"Organization","@id":"https:\/\/www.laguiadepamplona.com\/actualidad\/#organization","name":"La Gu\u00eda de Pamplona \/ Noticias","url":"https:\/\/www.laguiadepamplona.com\/actualidad\/","logo":{"@type":"ImageObject","inLanguage":"es","@id":"https:\/\/www.laguiadepamplona.com\/actualidad\/#\/schema\/logo\/image\/","url":"https:\/\/www.laguiadepamplona.com\/actualidad\/wp-content\/uploads\/2018\/11\/logo-laguiadepamplona18-web1.png","contentUrl":"https:\/\/www.laguiadepamplona.com\/actualidad\/wp-content\/uploads\/2018\/11\/logo-laguiadepamplona18-web1.png","width":600,"height":196,"caption":"La Gu\u00eda de Pamplona \/ Noticias"},"image":{"@id":"https:\/\/www.laguiadepamplona.com\/actualidad\/#\/schema\/logo\/image\/"},"sameAs":["https:\/\/www.facebook.com\/laguiadepamplonacom-133175176762273\/?ref=hl","https:\/\/x.com\/LaGuiadPamplona","https:\/\/www.instagram.com\/la_guia_de_pamplona\/","https:\/\/www.youtube.com\/user\/laguiadepamplona"]},{"@type":"Person","@id":"https:\/\/www.laguiadepamplona.com\/actualidad\/#\/schema\/person\/efe887376f0213d4657c93adc50b1fdb","name":"La Gu\u00eda de Pamplona","image":{"@type":"ImageObject","inLanguage":"es","@id":"https:\/\/secure.gravatar.com\/avatar\/b6992f131dc8d30ab0dff15446e9d346d9dbd95992de0fef795073f5ea83a81c?s=96&d=mm&r=g","url":"https:\/\/secure.gravatar.com\/avatar\/b6992f131dc8d30ab0dff15446e9d346d9dbd95992de0fef795073f5ea83a81c?s=96&d=mm&r=g","contentUrl":"https:\/\/secure.gravatar.com\/avatar\/b6992f131dc8d30ab0dff15446e9d346d9dbd95992de0fef795073f5ea83a81c?s=96&d=mm&r=g","caption":"La Gu\u00eda de Pamplona"}}]}},"post_mailing_queue_ids":[],"_links":{"self":[{"href":"https:\/\/www.laguiadepamplona.com\/actualidad\/wp-json\/wp\/v2\/posts\/39288","targetHints":{"allow":["GET"]}}],"collection":[{"href":"https:\/\/www.laguiadepamplona.com\/actualidad\/wp-json\/wp\/v2\/posts"}],"about":[{"href":"https:\/\/www.laguiadepamplona.com\/actualidad\/wp-json\/wp\/v2\/types\/post"}],"author":[{"embeddable":true,"href":"https:\/\/www.laguiadepamplona.com\/actualidad\/wp-json\/wp\/v2\/users\/1"}],"replies":[{"embeddable":true,"href":"https:\/\/www.laguiadepamplona.com\/actualidad\/wp-json\/wp\/v2\/comments?post=39288"}],"version-history":[{"count":0,"href":"https:\/\/www.laguiadepamplona.com\/actualidad\/wp-json\/wp\/v2\/posts\/39288\/revisions"}],"wp:featuredmedia":[{"embeddable":true,"href":"https:\/\/www.laguiadepamplona.com\/actualidad\/wp-json\/wp\/v2\/media\/39289"}],"wp:attachment":[{"href":"https:\/\/www.laguiadepamplona.com\/actualidad\/wp-json\/wp\/v2\/media?parent=39288"}],"wp:term":[{"taxonomy":"category","embeddable":true,"href":"https:\/\/www.laguiadepamplona.com\/actualidad\/wp-json\/wp\/v2\/categories?post=39288"},{"taxonomy":"post_tag","embeddable":true,"href":"https:\/\/www.laguiadepamplona.com\/actualidad\/wp-json\/wp\/v2\/tags?post=39288"}],"curies":[{"name":"wp","href":"https:\/\/api.w.org\/{rel}","templated":true}]}}