{"id":39285,"date":"2022-03-08T17:43:44","date_gmt":"2022-03-08T15:43:44","guid":{"rendered":"https:\/\/www.laguiadepamplona.com\/actualidad\/?p=39285"},"modified":"2023-04-11T11:48:26","modified_gmt":"2023-04-11T09:48:26","slug":"el-ayuntamiento-de-pamplona-convoca-para-este-miercoles-una-concentracion-silenciosa-en-solidaridad-con-el-pueblo-de-ucrania","status":"publish","type":"post","link":"https:\/\/www.laguiadepamplona.com\/actualidad\/el-ayuntamiento-de-pamplona-convoca-para-este-miercoles-una-concentracion-silenciosa-en-solidaridad-con-el-pueblo-de-ucrania\/","title":{"rendered":"El Ayuntamiento de Pamplona convoca para este mi\u00e9rcoles una concentraci\u00f3n silenciosa en solidaridad con el pueblo de Ucrania"},"content":{"rendered":"<h5>Ser\u00e1 a las 12 horas del mediod\u00eda en la Plaza Consistorial y se realizar\u00e1 de manera simult\u00e1nea frente a los principales ayuntamientos de todo el pa\u00eds<\/h5>\n<p><!--more--><\/p>\n<p>El Ayuntamiento de Pamplona se une a la iniciativa de la Federaci\u00f3n Espa\u00f1ola de Municipios y Provincias (FEMP), y llama a la ciudadan\u00eda a participar <strong>concentraci\u00f3n silenciosa<\/strong> de cinco minutos de duraci\u00f3n <strong>ma\u00f1ana mi\u00e9rcoles<\/strong> <strong><u>a partir de las 12 horas<\/u> del mediod\u00eda frente a la Casa Consistorial<\/strong>. El objetivo de este gesto simb\u00f3lico es mostrar la solidaridad de los vecinos y vecinas de cada localidad y de los representantes de los municipios espa\u00f1oles con el pueblo de Ucrania, ante la escalada b\u00e9lica que est\u00e1 sufriendo en los \u00faltimos d\u00edas.<br \/>\n<script async src=\"\/\/pagead2.googlesyndication.com\/pagead\/js\/adsbygoogle.js\"><\/script><br \/>\n<!-- Noticias La Guia de Pamplona --><br \/>\n<ins class=\"adsbygoogle\"\nstyle=\"display:block\"\ndata-ad-client=\"ca-pub-6943679897239327\"\ndata-ad-slot=\"7048180777\"\ndata-ad-format=\"auto\"><\/ins><br \/>\n<script>\n(adsbygoogle = window.adsbygoogle || []).push({});\n<\/script><\/p>\n<p>La iniciativa ser\u00e1 secundada por los principales ayuntamientos, Diputaciones, Cabildos o Consells del pa\u00eds, por lo que se realizar\u00e1 de forma simult\u00e1nea frente a los edificios municipales m\u00e1s representativos de todas las Comunidades Aut\u00f3nomas. En la concentraci\u00f3n silenciosa en la Plaza Consistorial participar\u00e1n el <strong><u>alcalde Enrique Maya y miembros de la Corporaci\u00f3n Municipal<\/u><\/strong>.<\/p>\n<p>La propuesta de la Federaci\u00f3n Espa\u00f1ola de Municipios y Provincias, a la que se adhiere el Ayuntamiento de Pamplona, tiene como objetivo mostrar el rechazo de las Entidades Locales espa\u00f1olas a la invasi\u00f3n de este pa\u00eds y al sufrimiento, dolor y destrucci\u00f3n que est\u00e1 ocasionando, as\u00ed como al \u00e9xodo forzado de millones de personas.<\/p>\n","protected":false},"excerpt":{"rendered":"<p>Ser\u00e1 a las 12 horas del mediod\u00eda en la Plaza Consistorial y se realizar\u00e1 de manera simult\u00e1nea frente a los principales ayuntamientos de todo el pa\u00eds<\/p>\n","protected":false},"author":1,"featured_media":39286,"comment_status":"open","ping_status":"closed","sticky":false,"template":"","format":"standard","meta":{"footnotes":""},"categories":[2],"tags":[],"class_list":["post-39285","post","type-post","status-publish","format-standard","has-post-thumbnail","hentry","category-ayuntamiento-pamplona"],"yoast_head":"<!-- This site is optimized with the Yoast SEO plugin v27.3 - https:\/\/yoast.com\/product\/yoast-seo-wordpress\/ -->\n<title>El Ayuntamiento de Pamplona convoca para este mi\u00e9rcoles una concentraci\u00f3n silenciosa en solidaridad con el pueblo de Ucrania<\/title>\n<meta name=\"description\" content=\"Ser\u00e1 a las 12 horas del mediod\u00eda en la Plaza Consistorial y se realizar\u00e1 de manera simult\u00e1nea frente a los principales ayuntamientos de todo el pa\u00eds\" \/>\n<meta name=\"robots\" content=\"index, follow, max-snippet:-1, max-image-preview:large, max-video-preview:-1\" \/>\n<link rel=\"canonical\" href=\"https:\/\/www.laguiadepamplona.com\/actualidad\/el-ayuntamiento-de-pamplona-convoca-para-este-miercoles-una-concentracion-silenciosa-en-solidaridad-con-el-pueblo-de-ucrania\/\" \/>\n<meta property=\"og:locale\" content=\"es_ES\" \/>\n<meta property=\"og:type\" content=\"article\" \/>\n<meta property=\"og:title\" content=\"El Ayuntamiento de Pamplona convoca para este mi\u00e9rcoles una concentraci\u00f3n silenciosa en solidaridad con el pueblo de Ucrania\" \/>\n<meta property=\"og:description\" content=\"Ser\u00e1 a las 12 horas del mediod\u00eda en la Plaza Consistorial y se realizar\u00e1 de manera simult\u00e1nea frente a los principales ayuntamientos de todo el pa\u00eds\" \/>\n<meta property=\"og:url\" content=\"https:\/\/www.laguiadepamplona.com\/actualidad\/el-ayuntamiento-de-pamplona-convoca-para-este-miercoles-una-concentracion-silenciosa-en-solidaridad-con-el-pueblo-de-ucrania\/\" \/>\n<meta property=\"og:site_name\" content=\"La Gu\u00eda de Pamplona\" \/>\n<meta property=\"article:publisher\" content=\"https:\/\/www.facebook.com\/laguiadepamplonacom-133175176762273\/?ref=hl\" \/>\n<meta property=\"article:published_time\" content=\"2022-03-08T15:43:44+00:00\" \/>\n<meta property=\"article:modified_time\" content=\"2023-04-11T09:48:26+00:00\" \/>\n<meta property=\"og:image\" content=\"https:\/\/www.laguiadepamplona.com\/actualidad\/wp-content\/uploads\/2022\/03\/concentracion-plaza.jpg\" \/>\n\t<meta property=\"og:image:width\" content=\"1920\" \/>\n\t<meta property=\"og:image:height\" content=\"1281\" \/>\n\t<meta property=\"og:image:type\" content=\"image\/jpeg\" \/>\n<meta name=\"author\" content=\"La Gu\u00eda de Pamplona\" \/>\n<meta name=\"twitter:card\" content=\"summary_large_image\" \/>\n<meta name=\"twitter:creator\" content=\"@LaGuiadPamplona\" \/>\n<meta name=\"twitter:site\" content=\"@LaGuiadPamplona\" \/>\n<meta name=\"twitter:label1\" content=\"Escrito por\" \/>\n\t<meta name=\"twitter:data1\" content=\"La Gu\u00eda de Pamplona\" \/>\n\t<meta name=\"twitter:label2\" content=\"Tiempo de lectura\" \/>\n\t<meta name=\"twitter:data2\" content=\"2 minutos\" \/>\n<script type=\"application\/ld+json\" class=\"yoast-schema-graph\">{\"@context\":\"https:\\\/\\\/schema.org\",\"@graph\":[{\"@type\":\"Article\",\"@id\":\"https:\\\/\\\/www.laguiadepamplona.com\\\/actualidad\\\/el-ayuntamiento-de-pamplona-convoca-para-este-miercoles-una-concentracion-silenciosa-en-solidaridad-con-el-pueblo-de-ucrania\\\/#article\",\"isPartOf\":{\"@id\":\"https:\\\/\\\/www.laguiadepamplona.com\\\/actualidad\\\/el-ayuntamiento-de-pamplona-convoca-para-este-miercoles-una-concentracion-silenciosa-en-solidaridad-con-el-pueblo-de-ucrania\\\/\"},\"author\":{\"name\":\"La Gu\u00eda de Pamplona\",\"@id\":\"https:\\\/\\\/www.laguiadepamplona.com\\\/actualidad\\\/#\\\/schema\\\/person\\\/efe887376f0213d4657c93adc50b1fdb\"},\"headline\":\"El Ayuntamiento de Pamplona convoca para este mi\u00e9rcoles una concentraci\u00f3n silenciosa en solidaridad con el pueblo de Ucrania\",\"datePublished\":\"2022-03-08T15:43:44+00:00\",\"dateModified\":\"2023-04-11T09:48:26+00:00\",\"mainEntityOfPage\":{\"@id\":\"https:\\\/\\\/www.laguiadepamplona.com\\\/actualidad\\\/el-ayuntamiento-de-pamplona-convoca-para-este-miercoles-una-concentracion-silenciosa-en-solidaridad-con-el-pueblo-de-ucrania\\\/\"},\"wordCount\":268,\"commentCount\":0,\"publisher\":{\"@id\":\"https:\\\/\\\/www.laguiadepamplona.com\\\/actualidad\\\/#organization\"},\"image\":{\"@id\":\"https:\\\/\\\/www.laguiadepamplona.com\\\/actualidad\\\/el-ayuntamiento-de-pamplona-convoca-para-este-miercoles-una-concentracion-silenciosa-en-solidaridad-con-el-pueblo-de-ucrania\\\/#primaryimage\"},\"thumbnailUrl\":\"https:\\\/\\\/www.laguiadepamplona.com\\\/actualidad\\\/wp-content\\\/uploads\\\/2022\\\/03\\\/concentracion-plaza.jpg\",\"articleSection\":[\"Ayto Pamplona\"],\"inLanguage\":\"es\",\"potentialAction\":[{\"@type\":\"CommentAction\",\"name\":\"Comment\",\"target\":[\"https:\\\/\\\/www.laguiadepamplona.com\\\/actualidad\\\/el-ayuntamiento-de-pamplona-convoca-para-este-miercoles-una-concentracion-silenciosa-en-solidaridad-con-el-pueblo-de-ucrania\\\/#respond\"]}]},{\"@type\":\"WebPage\",\"@id\":\"https:\\\/\\\/www.laguiadepamplona.com\\\/actualidad\\\/el-ayuntamiento-de-pamplona-convoca-para-este-miercoles-una-concentracion-silenciosa-en-solidaridad-con-el-pueblo-de-ucrania\\\/\",\"url\":\"https:\\\/\\\/www.laguiadepamplona.com\\\/actualidad\\\/el-ayuntamiento-de-pamplona-convoca-para-este-miercoles-una-concentracion-silenciosa-en-solidaridad-con-el-pueblo-de-ucrania\\\/\",\"name\":\"El Ayuntamiento de Pamplona convoca para este mi\u00e9rcoles una concentraci\u00f3n silenciosa en solidaridad con el pueblo de Ucrania\",\"isPartOf\":{\"@id\":\"https:\\\/\\\/www.laguiadepamplona.com\\\/actualidad\\\/#website\"},\"primaryImageOfPage\":{\"@id\":\"https:\\\/\\\/www.laguiadepamplona.com\\\/actualidad\\\/el-ayuntamiento-de-pamplona-convoca-para-este-miercoles-una-concentracion-silenciosa-en-solidaridad-con-el-pueblo-de-ucrania\\\/#primaryimage\"},\"image\":{\"@id\":\"https:\\\/\\\/www.laguiadepamplona.com\\\/actualidad\\\/el-ayuntamiento-de-pamplona-convoca-para-este-miercoles-una-concentracion-silenciosa-en-solidaridad-con-el-pueblo-de-ucrania\\\/#primaryimage\"},\"thumbnailUrl\":\"https:\\\/\\\/www.laguiadepamplona.com\\\/actualidad\\\/wp-content\\\/uploads\\\/2022\\\/03\\\/concentracion-plaza.jpg\",\"datePublished\":\"2022-03-08T15:43:44+00:00\",\"dateModified\":\"2023-04-11T09:48:26+00:00\",\"description\":\"Ser\u00e1 a las 12 horas del mediod\u00eda en la Plaza Consistorial y se realizar\u00e1 de manera simult\u00e1nea frente a los principales ayuntamientos de todo el pa\u00eds\",\"breadcrumb\":{\"@id\":\"https:\\\/\\\/www.laguiadepamplona.com\\\/actualidad\\\/el-ayuntamiento-de-pamplona-convoca-para-este-miercoles-una-concentracion-silenciosa-en-solidaridad-con-el-pueblo-de-ucrania\\\/#breadcrumb\"},\"inLanguage\":\"es\",\"potentialAction\":[{\"@type\":\"ReadAction\",\"target\":[\"https:\\\/\\\/www.laguiadepamplona.com\\\/actualidad\\\/el-ayuntamiento-de-pamplona-convoca-para-este-miercoles-una-concentracion-silenciosa-en-solidaridad-con-el-pueblo-de-ucrania\\\/\"]}]},{\"@type\":\"ImageObject\",\"inLanguage\":\"es\",\"@id\":\"https:\\\/\\\/www.laguiadepamplona.com\\\/actualidad\\\/el-ayuntamiento-de-pamplona-convoca-para-este-miercoles-una-concentracion-silenciosa-en-solidaridad-con-el-pueblo-de-ucrania\\\/#primaryimage\",\"url\":\"https:\\\/\\\/www.laguiadepamplona.com\\\/actualidad\\\/wp-content\\\/uploads\\\/2022\\\/03\\\/concentracion-plaza.jpg\",\"contentUrl\":\"https:\\\/\\\/www.laguiadepamplona.com\\\/actualidad\\\/wp-content\\\/uploads\\\/2022\\\/03\\\/concentracion-plaza.jpg\",\"width\":1920,\"height\":1281},{\"@type\":\"BreadcrumbList\",\"@id\":\"https:\\\/\\\/www.laguiadepamplona.com\\\/actualidad\\\/el-ayuntamiento-de-pamplona-convoca-para-este-miercoles-una-concentracion-silenciosa-en-solidaridad-con-el-pueblo-de-ucrania\\\/#breadcrumb\",\"itemListElement\":[{\"@type\":\"ListItem\",\"position\":1,\"name\":\"Portada\",\"item\":\"https:\\\/\\\/www.laguiadepamplona.com\\\/actualidad\\\/\"},{\"@type\":\"ListItem\",\"position\":2,\"name\":\"El Ayuntamiento de Pamplona convoca para este mi\u00e9rcoles una concentraci\u00f3n silenciosa en solidaridad con el pueblo de Ucrania\"}]},{\"@type\":\"WebSite\",\"@id\":\"https:\\\/\\\/www.laguiadepamplona.com\\\/actualidad\\\/#website\",\"url\":\"https:\\\/\\\/www.laguiadepamplona.com\\\/actualidad\\\/\",\"name\":\"La gu\u00eda de Pamplona\",\"description\":\"Noticias de Pamplona\",\"publisher\":{\"@id\":\"https:\\\/\\\/www.laguiadepamplona.com\\\/actualidad\\\/#organization\"},\"potentialAction\":[{\"@type\":\"SearchAction\",\"target\":{\"@type\":\"EntryPoint\",\"urlTemplate\":\"https:\\\/\\\/www.laguiadepamplona.com\\\/actualidad\\\/?s={search_term_string}\"},\"query-input\":{\"@type\":\"PropertyValueSpecification\",\"valueRequired\":true,\"valueName\":\"search_term_string\"}}],\"inLanguage\":\"es\"},{\"@type\":\"Organization\",\"@id\":\"https:\\\/\\\/www.laguiadepamplona.com\\\/actualidad\\\/#organization\",\"name\":\"La Gu\u00eda de Pamplona \\\/ Noticias\",\"url\":\"https:\\\/\\\/www.laguiadepamplona.com\\\/actualidad\\\/\",\"logo\":{\"@type\":\"ImageObject\",\"inLanguage\":\"es\",\"@id\":\"https:\\\/\\\/www.laguiadepamplona.com\\\/actualidad\\\/#\\\/schema\\\/logo\\\/image\\\/\",\"url\":\"https:\\\/\\\/www.laguiadepamplona.com\\\/actualidad\\\/wp-content\\\/uploads\\\/2018\\\/11\\\/logo-laguiadepamplona18-web1.png\",\"contentUrl\":\"https:\\\/\\\/www.laguiadepamplona.com\\\/actualidad\\\/wp-content\\\/uploads\\\/2018\\\/11\\\/logo-laguiadepamplona18-web1.png\",\"width\":600,\"height\":196,\"caption\":\"La Gu\u00eda de Pamplona \\\/ Noticias\"},\"image\":{\"@id\":\"https:\\\/\\\/www.laguiadepamplona.com\\\/actualidad\\\/#\\\/schema\\\/logo\\\/image\\\/\"},\"sameAs\":[\"https:\\\/\\\/www.facebook.com\\\/laguiadepamplonacom-133175176762273\\\/?ref=hl\",\"https:\\\/\\\/x.com\\\/LaGuiadPamplona\",\"https:\\\/\\\/www.instagram.com\\\/la_guia_de_pamplona\\\/\",\"https:\\\/\\\/www.youtube.com\\\/user\\\/laguiadepamplona\"]},{\"@type\":\"Person\",\"@id\":\"https:\\\/\\\/www.laguiadepamplona.com\\\/actualidad\\\/#\\\/schema\\\/person\\\/efe887376f0213d4657c93adc50b1fdb\",\"name\":\"La Gu\u00eda de Pamplona\",\"image\":{\"@type\":\"ImageObject\",\"inLanguage\":\"es\",\"@id\":\"https:\\\/\\\/secure.gravatar.com\\\/avatar\\\/b6992f131dc8d30ab0dff15446e9d346d9dbd95992de0fef795073f5ea83a81c?s=96&d=mm&r=g\",\"url\":\"https:\\\/\\\/secure.gravatar.com\\\/avatar\\\/b6992f131dc8d30ab0dff15446e9d346d9dbd95992de0fef795073f5ea83a81c?s=96&d=mm&r=g\",\"contentUrl\":\"https:\\\/\\\/secure.gravatar.com\\\/avatar\\\/b6992f131dc8d30ab0dff15446e9d346d9dbd95992de0fef795073f5ea83a81c?s=96&d=mm&r=g\",\"caption\":\"La Gu\u00eda de Pamplona\"}}]}<\/script>\n<!-- \/ Yoast SEO plugin. -->","yoast_head_json":{"title":"El Ayuntamiento de Pamplona convoca para este mi\u00e9rcoles una concentraci\u00f3n silenciosa en solidaridad con el pueblo de Ucrania","description":"Ser\u00e1 a las 12 horas del mediod\u00eda en la Plaza Consistorial y se realizar\u00e1 de manera simult\u00e1nea frente a los principales ayuntamientos de todo el pa\u00eds","robots":{"index":"index","follow":"follow","max-snippet":"max-snippet:-1","max-image-preview":"max-image-preview:large","max-video-preview":"max-video-preview:-1"},"canonical":"https:\/\/www.laguiadepamplona.com\/actualidad\/el-ayuntamiento-de-pamplona-convoca-para-este-miercoles-una-concentracion-silenciosa-en-solidaridad-con-el-pueblo-de-ucrania\/","og_locale":"es_ES","og_type":"article","og_title":"El Ayuntamiento de Pamplona convoca para este mi\u00e9rcoles una concentraci\u00f3n silenciosa en solidaridad con el pueblo de Ucrania","og_description":"Ser\u00e1 a las 12 horas del mediod\u00eda en la Plaza Consistorial y se realizar\u00e1 de manera simult\u00e1nea frente a los principales ayuntamientos de todo el pa\u00eds","og_url":"https:\/\/www.laguiadepamplona.com\/actualidad\/el-ayuntamiento-de-pamplona-convoca-para-este-miercoles-una-concentracion-silenciosa-en-solidaridad-con-el-pueblo-de-ucrania\/","og_site_name":"La Gu\u00eda de Pamplona","article_publisher":"https:\/\/www.facebook.com\/laguiadepamplonacom-133175176762273\/?ref=hl","article_published_time":"2022-03-08T15:43:44+00:00","article_modified_time":"2023-04-11T09:48:26+00:00","og_image":[{"width":1920,"height":1281,"url":"https:\/\/www.laguiadepamplona.com\/actualidad\/wp-content\/uploads\/2022\/03\/concentracion-plaza.jpg","type":"image\/jpeg"}],"author":"La Gu\u00eda de Pamplona","twitter_card":"summary_large_image","twitter_creator":"@LaGuiadPamplona","twitter_site":"@LaGuiadPamplona","twitter_misc":{"Escrito por":"La Gu\u00eda de Pamplona","Tiempo de lectura":"2 minutos"},"schema":{"@context":"https:\/\/schema.org","@graph":[{"@type":"Article","@id":"https:\/\/www.laguiadepamplona.com\/actualidad\/el-ayuntamiento-de-pamplona-convoca-para-este-miercoles-una-concentracion-silenciosa-en-solidaridad-con-el-pueblo-de-ucrania\/#article","isPartOf":{"@id":"https:\/\/www.laguiadepamplona.com\/actualidad\/el-ayuntamiento-de-pamplona-convoca-para-este-miercoles-una-concentracion-silenciosa-en-solidaridad-con-el-pueblo-de-ucrania\/"},"author":{"name":"La Gu\u00eda de Pamplona","@id":"https:\/\/www.laguiadepamplona.com\/actualidad\/#\/schema\/person\/efe887376f0213d4657c93adc50b1fdb"},"headline":"El Ayuntamiento de Pamplona convoca para este mi\u00e9rcoles una concentraci\u00f3n silenciosa en solidaridad con el pueblo de Ucrania","datePublished":"2022-03-08T15:43:44+00:00","dateModified":"2023-04-11T09:48:26+00:00","mainEntityOfPage":{"@id":"https:\/\/www.laguiadepamplona.com\/actualidad\/el-ayuntamiento-de-pamplona-convoca-para-este-miercoles-una-concentracion-silenciosa-en-solidaridad-con-el-pueblo-de-ucrania\/"},"wordCount":268,"commentCount":0,"publisher":{"@id":"https:\/\/www.laguiadepamplona.com\/actualidad\/#organization"},"image":{"@id":"https:\/\/www.laguiadepamplona.com\/actualidad\/el-ayuntamiento-de-pamplona-convoca-para-este-miercoles-una-concentracion-silenciosa-en-solidaridad-con-el-pueblo-de-ucrania\/#primaryimage"},"thumbnailUrl":"https:\/\/www.laguiadepamplona.com\/actualidad\/wp-content\/uploads\/2022\/03\/concentracion-plaza.jpg","articleSection":["Ayto Pamplona"],"inLanguage":"es","potentialAction":[{"@type":"CommentAction","name":"Comment","target":["https:\/\/www.laguiadepamplona.com\/actualidad\/el-ayuntamiento-de-pamplona-convoca-para-este-miercoles-una-concentracion-silenciosa-en-solidaridad-con-el-pueblo-de-ucrania\/#respond"]}]},{"@type":"WebPage","@id":"https:\/\/www.laguiadepamplona.com\/actualidad\/el-ayuntamiento-de-pamplona-convoca-para-este-miercoles-una-concentracion-silenciosa-en-solidaridad-con-el-pueblo-de-ucrania\/","url":"https:\/\/www.laguiadepamplona.com\/actualidad\/el-ayuntamiento-de-pamplona-convoca-para-este-miercoles-una-concentracion-silenciosa-en-solidaridad-con-el-pueblo-de-ucrania\/","name":"El Ayuntamiento de Pamplona convoca para este mi\u00e9rcoles una concentraci\u00f3n silenciosa en solidaridad con el pueblo de Ucrania","isPartOf":{"@id":"https:\/\/www.laguiadepamplona.com\/actualidad\/#website"},"primaryImageOfPage":{"@id":"https:\/\/www.laguiadepamplona.com\/actualidad\/el-ayuntamiento-de-pamplona-convoca-para-este-miercoles-una-concentracion-silenciosa-en-solidaridad-con-el-pueblo-de-ucrania\/#primaryimage"},"image":{"@id":"https:\/\/www.laguiadepamplona.com\/actualidad\/el-ayuntamiento-de-pamplona-convoca-para-este-miercoles-una-concentracion-silenciosa-en-solidaridad-con-el-pueblo-de-ucrania\/#primaryimage"},"thumbnailUrl":"https:\/\/www.laguiadepamplona.com\/actualidad\/wp-content\/uploads\/2022\/03\/concentracion-plaza.jpg","datePublished":"2022-03-08T15:43:44+00:00","dateModified":"2023-04-11T09:48:26+00:00","description":"Ser\u00e1 a las 12 horas del mediod\u00eda en la Plaza Consistorial y se realizar\u00e1 de manera simult\u00e1nea frente a los principales ayuntamientos de todo el pa\u00eds","breadcrumb":{"@id":"https:\/\/www.laguiadepamplona.com\/actualidad\/el-ayuntamiento-de-pamplona-convoca-para-este-miercoles-una-concentracion-silenciosa-en-solidaridad-con-el-pueblo-de-ucrania\/#breadcrumb"},"inLanguage":"es","potentialAction":[{"@type":"ReadAction","target":["https:\/\/www.laguiadepamplona.com\/actualidad\/el-ayuntamiento-de-pamplona-convoca-para-este-miercoles-una-concentracion-silenciosa-en-solidaridad-con-el-pueblo-de-ucrania\/"]}]},{"@type":"ImageObject","inLanguage":"es","@id":"https:\/\/www.laguiadepamplona.com\/actualidad\/el-ayuntamiento-de-pamplona-convoca-para-este-miercoles-una-concentracion-silenciosa-en-solidaridad-con-el-pueblo-de-ucrania\/#primaryimage","url":"https:\/\/www.laguiadepamplona.com\/actualidad\/wp-content\/uploads\/2022\/03\/concentracion-plaza.jpg","contentUrl":"https:\/\/www.laguiadepamplona.com\/actualidad\/wp-content\/uploads\/2022\/03\/concentracion-plaza.jpg","width":1920,"height":1281},{"@type":"BreadcrumbList","@id":"https:\/\/www.laguiadepamplona.com\/actualidad\/el-ayuntamiento-de-pamplona-convoca-para-este-miercoles-una-concentracion-silenciosa-en-solidaridad-con-el-pueblo-de-ucrania\/#breadcrumb","itemListElement":[{"@type":"ListItem","position":1,"name":"Portada","item":"https:\/\/www.laguiadepamplona.com\/actualidad\/"},{"@type":"ListItem","position":2,"name":"El Ayuntamiento de Pamplona convoca para este mi\u00e9rcoles una concentraci\u00f3n silenciosa en solidaridad con el pueblo de Ucrania"}]},{"@type":"WebSite","@id":"https:\/\/www.laguiadepamplona.com\/actualidad\/#website","url":"https:\/\/www.laguiadepamplona.com\/actualidad\/","name":"La gu\u00eda de Pamplona","description":"Noticias de Pamplona","publisher":{"@id":"https:\/\/www.laguiadepamplona.com\/actualidad\/#organization"},"potentialAction":[{"@type":"SearchAction","target":{"@type":"EntryPoint","urlTemplate":"https:\/\/www.laguiadepamplona.com\/actualidad\/?s={search_term_string}"},"query-input":{"@type":"PropertyValueSpecification","valueRequired":true,"valueName":"search_term_string"}}],"inLanguage":"es"},{"@type":"Organization","@id":"https:\/\/www.laguiadepamplona.com\/actualidad\/#organization","name":"La Gu\u00eda de Pamplona \/ Noticias","url":"https:\/\/www.laguiadepamplona.com\/actualidad\/","logo":{"@type":"ImageObject","inLanguage":"es","@id":"https:\/\/www.laguiadepamplona.com\/actualidad\/#\/schema\/logo\/image\/","url":"https:\/\/www.laguiadepamplona.com\/actualidad\/wp-content\/uploads\/2018\/11\/logo-laguiadepamplona18-web1.png","contentUrl":"https:\/\/www.laguiadepamplona.com\/actualidad\/wp-content\/uploads\/2018\/11\/logo-laguiadepamplona18-web1.png","width":600,"height":196,"caption":"La Gu\u00eda de Pamplona \/ Noticias"},"image":{"@id":"https:\/\/www.laguiadepamplona.com\/actualidad\/#\/schema\/logo\/image\/"},"sameAs":["https:\/\/www.facebook.com\/laguiadepamplonacom-133175176762273\/?ref=hl","https:\/\/x.com\/LaGuiadPamplona","https:\/\/www.instagram.com\/la_guia_de_pamplona\/","https:\/\/www.youtube.com\/user\/laguiadepamplona"]},{"@type":"Person","@id":"https:\/\/www.laguiadepamplona.com\/actualidad\/#\/schema\/person\/efe887376f0213d4657c93adc50b1fdb","name":"La Gu\u00eda de Pamplona","image":{"@type":"ImageObject","inLanguage":"es","@id":"https:\/\/secure.gravatar.com\/avatar\/b6992f131dc8d30ab0dff15446e9d346d9dbd95992de0fef795073f5ea83a81c?s=96&d=mm&r=g","url":"https:\/\/secure.gravatar.com\/avatar\/b6992f131dc8d30ab0dff15446e9d346d9dbd95992de0fef795073f5ea83a81c?s=96&d=mm&r=g","contentUrl":"https:\/\/secure.gravatar.com\/avatar\/b6992f131dc8d30ab0dff15446e9d346d9dbd95992de0fef795073f5ea83a81c?s=96&d=mm&r=g","caption":"La Gu\u00eda de Pamplona"}}]}},"post_mailing_queue_ids":[],"_links":{"self":[{"href":"https:\/\/www.laguiadepamplona.com\/actualidad\/wp-json\/wp\/v2\/posts\/39285","targetHints":{"allow":["GET"]}}],"collection":[{"href":"https:\/\/www.laguiadepamplona.com\/actualidad\/wp-json\/wp\/v2\/posts"}],"about":[{"href":"https:\/\/www.laguiadepamplona.com\/actualidad\/wp-json\/wp\/v2\/types\/post"}],"author":[{"embeddable":true,"href":"https:\/\/www.laguiadepamplona.com\/actualidad\/wp-json\/wp\/v2\/users\/1"}],"replies":[{"embeddable":true,"href":"https:\/\/www.laguiadepamplona.com\/actualidad\/wp-json\/wp\/v2\/comments?post=39285"}],"version-history":[{"count":0,"href":"https:\/\/www.laguiadepamplona.com\/actualidad\/wp-json\/wp\/v2\/posts\/39285\/revisions"}],"wp:featuredmedia":[{"embeddable":true,"href":"https:\/\/www.laguiadepamplona.com\/actualidad\/wp-json\/wp\/v2\/media\/39286"}],"wp:attachment":[{"href":"https:\/\/www.laguiadepamplona.com\/actualidad\/wp-json\/wp\/v2\/media?parent=39285"}],"wp:term":[{"taxonomy":"category","embeddable":true,"href":"https:\/\/www.laguiadepamplona.com\/actualidad\/wp-json\/wp\/v2\/categories?post=39285"},{"taxonomy":"post_tag","embeddable":true,"href":"https:\/\/www.laguiadepamplona.com\/actualidad\/wp-json\/wp\/v2\/tags?post=39285"}],"curies":[{"name":"wp","href":"https:\/\/api.w.org\/{rel}","templated":true}]}}