{"id":39280,"date":"2022-03-08T14:50:27","date_gmt":"2022-03-08T12:50:27","guid":{"rendered":"https:\/\/www.laguiadepamplona.com\/actualidad\/?p=39280"},"modified":"2023-04-11T11:48:26","modified_gmt":"2023-04-11T09:48:26","slug":"pamplona-y-paderborn-preparan-la-celebracion-el-30-aniversario-del-hermanamiento-de-ambas-ciudades","status":"publish","type":"post","link":"https:\/\/www.laguiadepamplona.com\/actualidad\/pamplona-y-paderborn-preparan-la-celebracion-el-30-aniversario-del-hermanamiento-de-ambas-ciudades\/","title":{"rendered":"Pamplona y Paderborn preparan la celebraci\u00f3n el 30 aniversario del hermanamiento de ambas ciudades"},"content":{"rendered":"<h5>El alcalde Enrique Maya se ha reunido con la Sociedad Hispano-Alemana del Norte de Espa\u00f1a para abordar los actos de celebraci\u00f3n<\/h5>\n<p><!--more--><\/p>\n<p>El alcalde de Pamplona, Enrique Maya, y la concejala delegada de Cultura e Igualdad, Mar\u00eda Garc\u00eda Barberena, se han reunido con los representantes de la Sociedad Hispano-Alemana del Norte de Espa\u00f1a, Cristina Doria y Jes\u00fas Hern\u00e1ndez, con motivo de la celebraci\u00f3n este a\u00f1o del trig\u00e9simo aniversario del hermanamiento entre Pamplona y Paderborn. En el encuentro, han analizado los actos de celebraci\u00f3n de esta efem\u00e9ride, as\u00ed como la semana cultural hispano-alemana, que se realiza cada a\u00f1o. A la espera de concretar una programaci\u00f3n m\u00e1s detallada, s\u00ed se ha barajado la posibilidad de que viaje a Pamplona el coro de la catedral de Paderborn para ofrecer un concierto a la ciudadan\u00eda pamplonesa. Asimismo, se espera la visita del alcalde de la ciudad alemana, Michael Dreir.<br \/>\n<script async src=\"\/\/pagead2.googlesyndication.com\/pagead\/js\/adsbygoogle.js\"><\/script><br \/>\n<!-- Noticias La Guia de Pamplona --><br \/>\n<ins class=\"adsbygoogle\"\nstyle=\"display:block\"\ndata-ad-client=\"ca-pub-6943679897239327\"\ndata-ad-slot=\"7048180777\"\ndata-ad-format=\"auto\"><\/ins><br \/>\n<script>\n(adsbygoogle = window.adsbygoogle || []).push({});\n<\/script><\/p>\n<p>Ambas localidades, en colaboraci\u00f3n con la Sociedad Hispano-Alemana, trabajar\u00e1n en las pr\u00f3ximas semanas para coordinar los actos de celebraci\u00f3n. Pamplona y Paderborn se hermanaron el 6 de diciembre de 1992 a trav\u00e9s de la firma de un acuerdo de amistad y colaboraci\u00f3n, con el que ambas poblaciones estrecharon lazos culturales, econ\u00f3micos, sociales o deportivos. Desde entonces han sido varias y diversas las actuaciones conjuntas para promover el conocimiento de Paderborn en Pamplona y viceversa.<\/p>\n<p>Una de las \u00faltimas acciones tuvo lugar el pasado a\u00f1o, cuando el Ayuntamiento de Pamplona public\u00f3 una colecci\u00f3n de 16 ilustraciones animadas que representan diferentes escenas y estados de \u00e1nimo a trav\u00e9s de personajes y simbolog\u00eda relacionados con Navarra y la ciudad alemana de Paderborn. Los \u2018stickers\u2019, como se conocer coloquialmente, creados por el artista Mikel Santos, \u2018Belatz\u2019, est\u00e1n disponibles para su uso en publicaciones de redes sociales, as\u00ed como optimizados para su utilizaci\u00f3n en aplicaciones de mensajer\u00eda instant\u00e1nea como WhatsApp. Para hacerlo, es necesario descargarse un archivo que se encuentra en la web <a href=\"http:\/\/www.pamplona.es\/stickers-ciudades-hermanas\" target=\"_blank\" rel=\"noopener\">http:\/\/www.pamplona.es\/stickers-ciudades-hermanas<\/a> y que luego se puede compartir a trav\u00e9s de la propia aplicaci\u00f3n con todos los contactos.<\/p>\n","protected":false},"excerpt":{"rendered":"<p>El alcalde Enrique Maya se ha reunido con la Sociedad Hispano-Alemana del Norte de Espa\u00f1a para abordar los actos de celebraci\u00f3n<\/p>\n","protected":false},"author":1,"featured_media":39281,"comment_status":"open","ping_status":"closed","sticky":false,"template":"","format":"standard","meta":{"footnotes":""},"categories":[2],"tags":[],"class_list":["post-39280","post","type-post","status-publish","format-standard","has-post-thumbnail","hentry","category-ayuntamiento-pamplona"],"yoast_head":"<!-- This site is optimized with the Yoast SEO plugin v27.3 - https:\/\/yoast.com\/product\/yoast-seo-wordpress\/ -->\n<title>Pamplona y Paderborn preparan la celebraci\u00f3n el 30 aniversario del hermanamiento de ambas ciudades<\/title>\n<meta name=\"description\" content=\"El alcalde Enrique Maya se ha reunido con la Sociedad Hispano-Alemana del Norte de Espa\u00f1a para abordar los actos de celebraci\u00f3n\" \/>\n<meta name=\"robots\" content=\"index, follow, max-snippet:-1, max-image-preview:large, max-video-preview:-1\" \/>\n<link rel=\"canonical\" href=\"https:\/\/www.laguiadepamplona.com\/actualidad\/pamplona-y-paderborn-preparan-la-celebracion-el-30-aniversario-del-hermanamiento-de-ambas-ciudades\/\" \/>\n<meta property=\"og:locale\" content=\"es_ES\" \/>\n<meta property=\"og:type\" content=\"article\" \/>\n<meta property=\"og:title\" content=\"Pamplona y Paderborn preparan la celebraci\u00f3n el 30 aniversario del hermanamiento de ambas ciudades\" \/>\n<meta property=\"og:description\" content=\"El alcalde Enrique Maya se ha reunido con la Sociedad Hispano-Alemana del Norte de Espa\u00f1a para abordar los actos de celebraci\u00f3n\" \/>\n<meta property=\"og:url\" content=\"https:\/\/www.laguiadepamplona.com\/actualidad\/pamplona-y-paderborn-preparan-la-celebracion-el-30-aniversario-del-hermanamiento-de-ambas-ciudades\/\" \/>\n<meta property=\"og:site_name\" content=\"La Gu\u00eda de Pamplona\" \/>\n<meta property=\"article:publisher\" content=\"https:\/\/www.facebook.com\/laguiadepamplonacom-133175176762273\/?ref=hl\" \/>\n<meta property=\"article:published_time\" content=\"2022-03-08T12:50:27+00:00\" \/>\n<meta property=\"article:modified_time\" content=\"2023-04-11T09:48:26+00:00\" \/>\n<meta property=\"og:image\" content=\"https:\/\/www.laguiadepamplona.com\/actualidad\/wp-content\/uploads\/2022\/03\/pamplona-paderborn-reunion.jpg\" \/>\n\t<meta property=\"og:image:width\" content=\"1920\" \/>\n\t<meta property=\"og:image:height\" content=\"1280\" \/>\n\t<meta property=\"og:image:type\" content=\"image\/jpeg\" \/>\n<meta name=\"author\" content=\"La Gu\u00eda de Pamplona\" \/>\n<meta name=\"twitter:card\" content=\"summary_large_image\" \/>\n<meta name=\"twitter:creator\" content=\"@LaGuiadPamplona\" \/>\n<meta name=\"twitter:site\" content=\"@LaGuiadPamplona\" \/>\n<meta name=\"twitter:label1\" content=\"Escrito por\" \/>\n\t<meta name=\"twitter:data1\" content=\"La Gu\u00eda de Pamplona\" \/>\n\t<meta name=\"twitter:label2\" content=\"Tiempo de lectura\" \/>\n\t<meta name=\"twitter:data2\" content=\"2 minutos\" \/>\n<script type=\"application\/ld+json\" class=\"yoast-schema-graph\">{\"@context\":\"https:\\\/\\\/schema.org\",\"@graph\":[{\"@type\":\"Article\",\"@id\":\"https:\\\/\\\/www.laguiadepamplona.com\\\/actualidad\\\/pamplona-y-paderborn-preparan-la-celebracion-el-30-aniversario-del-hermanamiento-de-ambas-ciudades\\\/#article\",\"isPartOf\":{\"@id\":\"https:\\\/\\\/www.laguiadepamplona.com\\\/actualidad\\\/pamplona-y-paderborn-preparan-la-celebracion-el-30-aniversario-del-hermanamiento-de-ambas-ciudades\\\/\"},\"author\":{\"name\":\"La Gu\u00eda de Pamplona\",\"@id\":\"https:\\\/\\\/www.laguiadepamplona.com\\\/actualidad\\\/#\\\/schema\\\/person\\\/efe887376f0213d4657c93adc50b1fdb\"},\"headline\":\"Pamplona y Paderborn preparan la celebraci\u00f3n el 30 aniversario del hermanamiento de ambas ciudades\",\"datePublished\":\"2022-03-08T12:50:27+00:00\",\"dateModified\":\"2023-04-11T09:48:26+00:00\",\"mainEntityOfPage\":{\"@id\":\"https:\\\/\\\/www.laguiadepamplona.com\\\/actualidad\\\/pamplona-y-paderborn-preparan-la-celebracion-el-30-aniversario-del-hermanamiento-de-ambas-ciudades\\\/\"},\"wordCount\":377,\"commentCount\":0,\"publisher\":{\"@id\":\"https:\\\/\\\/www.laguiadepamplona.com\\\/actualidad\\\/#organization\"},\"image\":{\"@id\":\"https:\\\/\\\/www.laguiadepamplona.com\\\/actualidad\\\/pamplona-y-paderborn-preparan-la-celebracion-el-30-aniversario-del-hermanamiento-de-ambas-ciudades\\\/#primaryimage\"},\"thumbnailUrl\":\"https:\\\/\\\/www.laguiadepamplona.com\\\/actualidad\\\/wp-content\\\/uploads\\\/2022\\\/03\\\/pamplona-paderborn-reunion.jpg\",\"articleSection\":[\"Ayto Pamplona\"],\"inLanguage\":\"es\",\"potentialAction\":[{\"@type\":\"CommentAction\",\"name\":\"Comment\",\"target\":[\"https:\\\/\\\/www.laguiadepamplona.com\\\/actualidad\\\/pamplona-y-paderborn-preparan-la-celebracion-el-30-aniversario-del-hermanamiento-de-ambas-ciudades\\\/#respond\"]}]},{\"@type\":\"WebPage\",\"@id\":\"https:\\\/\\\/www.laguiadepamplona.com\\\/actualidad\\\/pamplona-y-paderborn-preparan-la-celebracion-el-30-aniversario-del-hermanamiento-de-ambas-ciudades\\\/\",\"url\":\"https:\\\/\\\/www.laguiadepamplona.com\\\/actualidad\\\/pamplona-y-paderborn-preparan-la-celebracion-el-30-aniversario-del-hermanamiento-de-ambas-ciudades\\\/\",\"name\":\"Pamplona y Paderborn preparan la celebraci\u00f3n el 30 aniversario del hermanamiento de ambas ciudades\",\"isPartOf\":{\"@id\":\"https:\\\/\\\/www.laguiadepamplona.com\\\/actualidad\\\/#website\"},\"primaryImageOfPage\":{\"@id\":\"https:\\\/\\\/www.laguiadepamplona.com\\\/actualidad\\\/pamplona-y-paderborn-preparan-la-celebracion-el-30-aniversario-del-hermanamiento-de-ambas-ciudades\\\/#primaryimage\"},\"image\":{\"@id\":\"https:\\\/\\\/www.laguiadepamplona.com\\\/actualidad\\\/pamplona-y-paderborn-preparan-la-celebracion-el-30-aniversario-del-hermanamiento-de-ambas-ciudades\\\/#primaryimage\"},\"thumbnailUrl\":\"https:\\\/\\\/www.laguiadepamplona.com\\\/actualidad\\\/wp-content\\\/uploads\\\/2022\\\/03\\\/pamplona-paderborn-reunion.jpg\",\"datePublished\":\"2022-03-08T12:50:27+00:00\",\"dateModified\":\"2023-04-11T09:48:26+00:00\",\"description\":\"El alcalde Enrique Maya se ha reunido con la Sociedad Hispano-Alemana del Norte de Espa\u00f1a para abordar los actos de celebraci\u00f3n\",\"breadcrumb\":{\"@id\":\"https:\\\/\\\/www.laguiadepamplona.com\\\/actualidad\\\/pamplona-y-paderborn-preparan-la-celebracion-el-30-aniversario-del-hermanamiento-de-ambas-ciudades\\\/#breadcrumb\"},\"inLanguage\":\"es\",\"potentialAction\":[{\"@type\":\"ReadAction\",\"target\":[\"https:\\\/\\\/www.laguiadepamplona.com\\\/actualidad\\\/pamplona-y-paderborn-preparan-la-celebracion-el-30-aniversario-del-hermanamiento-de-ambas-ciudades\\\/\"]}]},{\"@type\":\"ImageObject\",\"inLanguage\":\"es\",\"@id\":\"https:\\\/\\\/www.laguiadepamplona.com\\\/actualidad\\\/pamplona-y-paderborn-preparan-la-celebracion-el-30-aniversario-del-hermanamiento-de-ambas-ciudades\\\/#primaryimage\",\"url\":\"https:\\\/\\\/www.laguiadepamplona.com\\\/actualidad\\\/wp-content\\\/uploads\\\/2022\\\/03\\\/pamplona-paderborn-reunion.jpg\",\"contentUrl\":\"https:\\\/\\\/www.laguiadepamplona.com\\\/actualidad\\\/wp-content\\\/uploads\\\/2022\\\/03\\\/pamplona-paderborn-reunion.jpg\",\"width\":1920,\"height\":1280},{\"@type\":\"BreadcrumbList\",\"@id\":\"https:\\\/\\\/www.laguiadepamplona.com\\\/actualidad\\\/pamplona-y-paderborn-preparan-la-celebracion-el-30-aniversario-del-hermanamiento-de-ambas-ciudades\\\/#breadcrumb\",\"itemListElement\":[{\"@type\":\"ListItem\",\"position\":1,\"name\":\"Portada\",\"item\":\"https:\\\/\\\/www.laguiadepamplona.com\\\/actualidad\\\/\"},{\"@type\":\"ListItem\",\"position\":2,\"name\":\"Pamplona y Paderborn preparan la celebraci\u00f3n el 30 aniversario del hermanamiento de ambas ciudades\"}]},{\"@type\":\"WebSite\",\"@id\":\"https:\\\/\\\/www.laguiadepamplona.com\\\/actualidad\\\/#website\",\"url\":\"https:\\\/\\\/www.laguiadepamplona.com\\\/actualidad\\\/\",\"name\":\"La gu\u00eda de Pamplona\",\"description\":\"Noticias de Pamplona\",\"publisher\":{\"@id\":\"https:\\\/\\\/www.laguiadepamplona.com\\\/actualidad\\\/#organization\"},\"potentialAction\":[{\"@type\":\"SearchAction\",\"target\":{\"@type\":\"EntryPoint\",\"urlTemplate\":\"https:\\\/\\\/www.laguiadepamplona.com\\\/actualidad\\\/?s={search_term_string}\"},\"query-input\":{\"@type\":\"PropertyValueSpecification\",\"valueRequired\":true,\"valueName\":\"search_term_string\"}}],\"inLanguage\":\"es\"},{\"@type\":\"Organization\",\"@id\":\"https:\\\/\\\/www.laguiadepamplona.com\\\/actualidad\\\/#organization\",\"name\":\"La Gu\u00eda de Pamplona \\\/ Noticias\",\"url\":\"https:\\\/\\\/www.laguiadepamplona.com\\\/actualidad\\\/\",\"logo\":{\"@type\":\"ImageObject\",\"inLanguage\":\"es\",\"@id\":\"https:\\\/\\\/www.laguiadepamplona.com\\\/actualidad\\\/#\\\/schema\\\/logo\\\/image\\\/\",\"url\":\"https:\\\/\\\/www.laguiadepamplona.com\\\/actualidad\\\/wp-content\\\/uploads\\\/2018\\\/11\\\/logo-laguiadepamplona18-web1.png\",\"contentUrl\":\"https:\\\/\\\/www.laguiadepamplona.com\\\/actualidad\\\/wp-content\\\/uploads\\\/2018\\\/11\\\/logo-laguiadepamplona18-web1.png\",\"width\":600,\"height\":196,\"caption\":\"La Gu\u00eda de Pamplona \\\/ Noticias\"},\"image\":{\"@id\":\"https:\\\/\\\/www.laguiadepamplona.com\\\/actualidad\\\/#\\\/schema\\\/logo\\\/image\\\/\"},\"sameAs\":[\"https:\\\/\\\/www.facebook.com\\\/laguiadepamplonacom-133175176762273\\\/?ref=hl\",\"https:\\\/\\\/x.com\\\/LaGuiadPamplona\",\"https:\\\/\\\/www.instagram.com\\\/la_guia_de_pamplona\\\/\",\"https:\\\/\\\/www.youtube.com\\\/user\\\/laguiadepamplona\"]},{\"@type\":\"Person\",\"@id\":\"https:\\\/\\\/www.laguiadepamplona.com\\\/actualidad\\\/#\\\/schema\\\/person\\\/efe887376f0213d4657c93adc50b1fdb\",\"name\":\"La Gu\u00eda de Pamplona\",\"image\":{\"@type\":\"ImageObject\",\"inLanguage\":\"es\",\"@id\":\"https:\\\/\\\/secure.gravatar.com\\\/avatar\\\/b6992f131dc8d30ab0dff15446e9d346d9dbd95992de0fef795073f5ea83a81c?s=96&d=mm&r=g\",\"url\":\"https:\\\/\\\/secure.gravatar.com\\\/avatar\\\/b6992f131dc8d30ab0dff15446e9d346d9dbd95992de0fef795073f5ea83a81c?s=96&d=mm&r=g\",\"contentUrl\":\"https:\\\/\\\/secure.gravatar.com\\\/avatar\\\/b6992f131dc8d30ab0dff15446e9d346d9dbd95992de0fef795073f5ea83a81c?s=96&d=mm&r=g\",\"caption\":\"La Gu\u00eda de Pamplona\"}}]}<\/script>\n<!-- \/ Yoast SEO plugin. -->","yoast_head_json":{"title":"Pamplona y Paderborn preparan la celebraci\u00f3n el 30 aniversario del hermanamiento de ambas ciudades","description":"El alcalde Enrique Maya se ha reunido con la Sociedad Hispano-Alemana del Norte de Espa\u00f1a para abordar los actos de celebraci\u00f3n","robots":{"index":"index","follow":"follow","max-snippet":"max-snippet:-1","max-image-preview":"max-image-preview:large","max-video-preview":"max-video-preview:-1"},"canonical":"https:\/\/www.laguiadepamplona.com\/actualidad\/pamplona-y-paderborn-preparan-la-celebracion-el-30-aniversario-del-hermanamiento-de-ambas-ciudades\/","og_locale":"es_ES","og_type":"article","og_title":"Pamplona y Paderborn preparan la celebraci\u00f3n el 30 aniversario del hermanamiento de ambas ciudades","og_description":"El alcalde Enrique Maya se ha reunido con la Sociedad Hispano-Alemana del Norte de Espa\u00f1a para abordar los actos de celebraci\u00f3n","og_url":"https:\/\/www.laguiadepamplona.com\/actualidad\/pamplona-y-paderborn-preparan-la-celebracion-el-30-aniversario-del-hermanamiento-de-ambas-ciudades\/","og_site_name":"La Gu\u00eda de Pamplona","article_publisher":"https:\/\/www.facebook.com\/laguiadepamplonacom-133175176762273\/?ref=hl","article_published_time":"2022-03-08T12:50:27+00:00","article_modified_time":"2023-04-11T09:48:26+00:00","og_image":[{"width":1920,"height":1280,"url":"https:\/\/www.laguiadepamplona.com\/actualidad\/wp-content\/uploads\/2022\/03\/pamplona-paderborn-reunion.jpg","type":"image\/jpeg"}],"author":"La Gu\u00eda de Pamplona","twitter_card":"summary_large_image","twitter_creator":"@LaGuiadPamplona","twitter_site":"@LaGuiadPamplona","twitter_misc":{"Escrito por":"La Gu\u00eda de Pamplona","Tiempo de lectura":"2 minutos"},"schema":{"@context":"https:\/\/schema.org","@graph":[{"@type":"Article","@id":"https:\/\/www.laguiadepamplona.com\/actualidad\/pamplona-y-paderborn-preparan-la-celebracion-el-30-aniversario-del-hermanamiento-de-ambas-ciudades\/#article","isPartOf":{"@id":"https:\/\/www.laguiadepamplona.com\/actualidad\/pamplona-y-paderborn-preparan-la-celebracion-el-30-aniversario-del-hermanamiento-de-ambas-ciudades\/"},"author":{"name":"La Gu\u00eda de Pamplona","@id":"https:\/\/www.laguiadepamplona.com\/actualidad\/#\/schema\/person\/efe887376f0213d4657c93adc50b1fdb"},"headline":"Pamplona y Paderborn preparan la celebraci\u00f3n el 30 aniversario del hermanamiento de ambas ciudades","datePublished":"2022-03-08T12:50:27+00:00","dateModified":"2023-04-11T09:48:26+00:00","mainEntityOfPage":{"@id":"https:\/\/www.laguiadepamplona.com\/actualidad\/pamplona-y-paderborn-preparan-la-celebracion-el-30-aniversario-del-hermanamiento-de-ambas-ciudades\/"},"wordCount":377,"commentCount":0,"publisher":{"@id":"https:\/\/www.laguiadepamplona.com\/actualidad\/#organization"},"image":{"@id":"https:\/\/www.laguiadepamplona.com\/actualidad\/pamplona-y-paderborn-preparan-la-celebracion-el-30-aniversario-del-hermanamiento-de-ambas-ciudades\/#primaryimage"},"thumbnailUrl":"https:\/\/www.laguiadepamplona.com\/actualidad\/wp-content\/uploads\/2022\/03\/pamplona-paderborn-reunion.jpg","articleSection":["Ayto Pamplona"],"inLanguage":"es","potentialAction":[{"@type":"CommentAction","name":"Comment","target":["https:\/\/www.laguiadepamplona.com\/actualidad\/pamplona-y-paderborn-preparan-la-celebracion-el-30-aniversario-del-hermanamiento-de-ambas-ciudades\/#respond"]}]},{"@type":"WebPage","@id":"https:\/\/www.laguiadepamplona.com\/actualidad\/pamplona-y-paderborn-preparan-la-celebracion-el-30-aniversario-del-hermanamiento-de-ambas-ciudades\/","url":"https:\/\/www.laguiadepamplona.com\/actualidad\/pamplona-y-paderborn-preparan-la-celebracion-el-30-aniversario-del-hermanamiento-de-ambas-ciudades\/","name":"Pamplona y Paderborn preparan la celebraci\u00f3n el 30 aniversario del hermanamiento de ambas ciudades","isPartOf":{"@id":"https:\/\/www.laguiadepamplona.com\/actualidad\/#website"},"primaryImageOfPage":{"@id":"https:\/\/www.laguiadepamplona.com\/actualidad\/pamplona-y-paderborn-preparan-la-celebracion-el-30-aniversario-del-hermanamiento-de-ambas-ciudades\/#primaryimage"},"image":{"@id":"https:\/\/www.laguiadepamplona.com\/actualidad\/pamplona-y-paderborn-preparan-la-celebracion-el-30-aniversario-del-hermanamiento-de-ambas-ciudades\/#primaryimage"},"thumbnailUrl":"https:\/\/www.laguiadepamplona.com\/actualidad\/wp-content\/uploads\/2022\/03\/pamplona-paderborn-reunion.jpg","datePublished":"2022-03-08T12:50:27+00:00","dateModified":"2023-04-11T09:48:26+00:00","description":"El alcalde Enrique Maya se ha reunido con la Sociedad Hispano-Alemana del Norte de Espa\u00f1a para abordar los actos de celebraci\u00f3n","breadcrumb":{"@id":"https:\/\/www.laguiadepamplona.com\/actualidad\/pamplona-y-paderborn-preparan-la-celebracion-el-30-aniversario-del-hermanamiento-de-ambas-ciudades\/#breadcrumb"},"inLanguage":"es","potentialAction":[{"@type":"ReadAction","target":["https:\/\/www.laguiadepamplona.com\/actualidad\/pamplona-y-paderborn-preparan-la-celebracion-el-30-aniversario-del-hermanamiento-de-ambas-ciudades\/"]}]},{"@type":"ImageObject","inLanguage":"es","@id":"https:\/\/www.laguiadepamplona.com\/actualidad\/pamplona-y-paderborn-preparan-la-celebracion-el-30-aniversario-del-hermanamiento-de-ambas-ciudades\/#primaryimage","url":"https:\/\/www.laguiadepamplona.com\/actualidad\/wp-content\/uploads\/2022\/03\/pamplona-paderborn-reunion.jpg","contentUrl":"https:\/\/www.laguiadepamplona.com\/actualidad\/wp-content\/uploads\/2022\/03\/pamplona-paderborn-reunion.jpg","width":1920,"height":1280},{"@type":"BreadcrumbList","@id":"https:\/\/www.laguiadepamplona.com\/actualidad\/pamplona-y-paderborn-preparan-la-celebracion-el-30-aniversario-del-hermanamiento-de-ambas-ciudades\/#breadcrumb","itemListElement":[{"@type":"ListItem","position":1,"name":"Portada","item":"https:\/\/www.laguiadepamplona.com\/actualidad\/"},{"@type":"ListItem","position":2,"name":"Pamplona y Paderborn preparan la celebraci\u00f3n el 30 aniversario del hermanamiento de ambas ciudades"}]},{"@type":"WebSite","@id":"https:\/\/www.laguiadepamplona.com\/actualidad\/#website","url":"https:\/\/www.laguiadepamplona.com\/actualidad\/","name":"La gu\u00eda de Pamplona","description":"Noticias de Pamplona","publisher":{"@id":"https:\/\/www.laguiadepamplona.com\/actualidad\/#organization"},"potentialAction":[{"@type":"SearchAction","target":{"@type":"EntryPoint","urlTemplate":"https:\/\/www.laguiadepamplona.com\/actualidad\/?s={search_term_string}"},"query-input":{"@type":"PropertyValueSpecification","valueRequired":true,"valueName":"search_term_string"}}],"inLanguage":"es"},{"@type":"Organization","@id":"https:\/\/www.laguiadepamplona.com\/actualidad\/#organization","name":"La Gu\u00eda de Pamplona \/ Noticias","url":"https:\/\/www.laguiadepamplona.com\/actualidad\/","logo":{"@type":"ImageObject","inLanguage":"es","@id":"https:\/\/www.laguiadepamplona.com\/actualidad\/#\/schema\/logo\/image\/","url":"https:\/\/www.laguiadepamplona.com\/actualidad\/wp-content\/uploads\/2018\/11\/logo-laguiadepamplona18-web1.png","contentUrl":"https:\/\/www.laguiadepamplona.com\/actualidad\/wp-content\/uploads\/2018\/11\/logo-laguiadepamplona18-web1.png","width":600,"height":196,"caption":"La Gu\u00eda de Pamplona \/ Noticias"},"image":{"@id":"https:\/\/www.laguiadepamplona.com\/actualidad\/#\/schema\/logo\/image\/"},"sameAs":["https:\/\/www.facebook.com\/laguiadepamplonacom-133175176762273\/?ref=hl","https:\/\/x.com\/LaGuiadPamplona","https:\/\/www.instagram.com\/la_guia_de_pamplona\/","https:\/\/www.youtube.com\/user\/laguiadepamplona"]},{"@type":"Person","@id":"https:\/\/www.laguiadepamplona.com\/actualidad\/#\/schema\/person\/efe887376f0213d4657c93adc50b1fdb","name":"La Gu\u00eda de Pamplona","image":{"@type":"ImageObject","inLanguage":"es","@id":"https:\/\/secure.gravatar.com\/avatar\/b6992f131dc8d30ab0dff15446e9d346d9dbd95992de0fef795073f5ea83a81c?s=96&d=mm&r=g","url":"https:\/\/secure.gravatar.com\/avatar\/b6992f131dc8d30ab0dff15446e9d346d9dbd95992de0fef795073f5ea83a81c?s=96&d=mm&r=g","contentUrl":"https:\/\/secure.gravatar.com\/avatar\/b6992f131dc8d30ab0dff15446e9d346d9dbd95992de0fef795073f5ea83a81c?s=96&d=mm&r=g","caption":"La Gu\u00eda de Pamplona"}}]}},"post_mailing_queue_ids":[],"_links":{"self":[{"href":"https:\/\/www.laguiadepamplona.com\/actualidad\/wp-json\/wp\/v2\/posts\/39280","targetHints":{"allow":["GET"]}}],"collection":[{"href":"https:\/\/www.laguiadepamplona.com\/actualidad\/wp-json\/wp\/v2\/posts"}],"about":[{"href":"https:\/\/www.laguiadepamplona.com\/actualidad\/wp-json\/wp\/v2\/types\/post"}],"author":[{"embeddable":true,"href":"https:\/\/www.laguiadepamplona.com\/actualidad\/wp-json\/wp\/v2\/users\/1"}],"replies":[{"embeddable":true,"href":"https:\/\/www.laguiadepamplona.com\/actualidad\/wp-json\/wp\/v2\/comments?post=39280"}],"version-history":[{"count":0,"href":"https:\/\/www.laguiadepamplona.com\/actualidad\/wp-json\/wp\/v2\/posts\/39280\/revisions"}],"wp:featuredmedia":[{"embeddable":true,"href":"https:\/\/www.laguiadepamplona.com\/actualidad\/wp-json\/wp\/v2\/media\/39281"}],"wp:attachment":[{"href":"https:\/\/www.laguiadepamplona.com\/actualidad\/wp-json\/wp\/v2\/media?parent=39280"}],"wp:term":[{"taxonomy":"category","embeddable":true,"href":"https:\/\/www.laguiadepamplona.com\/actualidad\/wp-json\/wp\/v2\/categories?post=39280"},{"taxonomy":"post_tag","embeddable":true,"href":"https:\/\/www.laguiadepamplona.com\/actualidad\/wp-json\/wp\/v2\/tags?post=39280"}],"curies":[{"name":"wp","href":"https:\/\/api.w.org\/{rel}","templated":true}]}}