{"id":39278,"date":"2022-03-08T14:48:29","date_gmt":"2022-03-08T12:48:29","guid":{"rendered":"https:\/\/www.laguiadepamplona.com\/actualidad\/?p=39278"},"modified":"2023-04-11T11:48:26","modified_gmt":"2023-04-11T09:48:26","slug":"las-desigualdades-de-genero-no-son-un-bulo-rocio-vidal-mas-conocida-como-la-gata-de-schrodinger-acerca-este-jueves-la-divulgacion-cientifica-al-8-de-marzo","status":"publish","type":"post","link":"https:\/\/www.laguiadepamplona.com\/actualidad\/las-desigualdades-de-genero-no-son-un-bulo-rocio-vidal-mas-conocida-como-la-gata-de-schrodinger-acerca-este-jueves-la-divulgacion-cientifica-al-8-de-marzo\/","title":{"rendered":"Las desigualdades de g\u00e9nero no son un bulo: Roc\u00edo Vidal, m\u00e1s conocida como \u2018La gata de Schr\u00f6dinger\u2019 acerca este jueves la divulgaci\u00f3n cient\u00edfica al 8 de Marzo"},"content":{"rendered":"<h5>La programaci\u00f3n acoge tambi\u00e9n en los pr\u00f3ximos d\u00edas contenidos sobre mujeres ganaderas y vitivin\u00edcolas, un taller de manualidades y un cinef\u00f3rum<\/h5>\n<p><!--more--><\/p>\n<p>Continua estos pr\u00f3ximos d\u00edas la programaci\u00f3n municipal en torno al D\u00eda Internacional de las Mujeres con actividades variadas destinadas a visibilizar a las mujeres en muy diversos campos. Ma\u00f1ana mi\u00e9rcoles se abordar\u00e1n los indicadores generales de la desigualdad recogidos en la Agenda 2030, adem\u00e1s de hablar igualdad en el sector ganadero, sus implicaciones ambientales y la contribuci\u00f3n de las mujeres al cuidado y la mejora del medio ambiente. Ser\u00e1 en Civivox Iturrama. Poco antes la Casa de la Juventud acoger\u00e1 un taller de manualidades destinado a personas de 14 a 30 a\u00f1os que girar\u00e1 sobre figuras femeninas.<\/p>\n<p>Y el jueves la propuesta municipal es la sesi\u00f3n \u201cMujeres y divulgaci\u00f3n cient\u00edfica en tiempos de fake news y bulos\u201d, un encuentro que tendr\u00e1 lugar en Civivox Condestable, a las 18 horas. La ponente de esta charla es Roc\u00edo Vidal, periodista, publicista y divulgadora cient\u00edfica cuyo canal de YouTube supera las 500.000 suscripciones. Luchar contra los bulos es un esfuerzo \u00edmprobo. Desde su punto de vista tambi\u00e9n lo es luchar contra quienes difunden que las desigualdades no existen.<\/p>\n<p>El mismo jueves las Casa de las Mujeres acoger\u00e1 la presentaci\u00f3n de \u2018Garnatxa\u2019 la asociaci\u00f3n de mujeres de San Mart\u00edn de Unx y ya, al inicio de la pr\u00f3xima semana Civivox San Jorge (el martes 15, a las 18 horas) acoger\u00e1 el segundo cinef\u00f3rum de \u2018Hero\u00ednas de cine\u2019 sobre la pel\u00edcula \u2018Sufragistas\u2019 (Reino Unido, 2015, 106\u2019), de Sarah Gavron. La persona encargada de moderar el debate tras la proyecci\u00f3n ser\u00e1 Mar\u00eda Castej\u00f3n Leorza, investigadora, ensayista, te\u00f3rica, programadora y docente.<br \/>\n<script async src=\"\/\/pagead2.googlesyndication.com\/pagead\/js\/adsbygoogle.js\"><\/script><br \/>\n<!-- Noticias La Guia de Pamplona --><br \/>\n<ins class=\"adsbygoogle\"\nstyle=\"display:block\"\ndata-ad-client=\"ca-pub-6943679897239327\"\ndata-ad-slot=\"7048180777\"\ndata-ad-format=\"auto\"><\/ins><br \/>\n<script>\n(adsbygoogle = window.adsbygoogle || []).push({});\n<\/script><\/p>\n<p><strong>Ganader\u00eda, sostenibilidad y empoderamiento<\/strong><\/p>\n<p>Este mi\u00e9rcoles, a las 19 horas en el auditorio Civivox Iturrama, tendr\u00e1 lugar el encuentro \u2018Agenda 2030: Sostenibilidad y Empoderamiento de la Mujer\u2019, con entrada libre previa inscripci\u00f3n. En ese foro la periodista Bel\u00e9n Galindo, moderar\u00e1 una sesi\u00f3n de mujeres profesionales en torno a los temas ganader\u00eda, medioambiente e igualdad.<\/p>\n<p>Silvia Ros, licenciada en Biolog\u00eda y Bioqu\u00edmica y M\u00e1ster en Calidad y Seguridad Alimentaria y Beatriz Ochotorena, enfermera, ganadera y responsable de Fundaci\u00f3n Ultzama, gestora de la Granja escuela del mismo nombre, analizar\u00e1n el Objetivo 5 de la Agenda 2030 de Naciones Unidas (Igualdad de g\u00e9nero) desde sus experiencias. La primera trabaja desde la UPNA en proyectos con impacto positivo vinculados a la innovaci\u00f3n social y el desarrollo sostenible estrat\u00e9gico, con la Agenda 2030 y sus ODS como hoja de ruta. El Objetivo 5, explicar\u00e1, es en realidad transversal en toda la Agenda 2030 ya que, tiene indicadores y metas en otros 13 ODS. Silvia Ros ha trabajado en diferentes empresas del sector agroalimentario durante m\u00e1s de 20 a\u00f1os. Bel\u00e9n Ochotorena, enfermera, ganadera y gestora, sabe mucho de todo lo relacionado con la crianza de animales y el cultivo de la huerta y, en su planteamiento personal, se aborda siempre desde la sostenibilidad ambiental, mediante el aprovechamiento de todo lo que se considera residuo. En su charla har\u00e1 hincapi\u00e9 en c\u00f3mo plantearse los ODS como retos personales.<\/p>\n<p>Para los y las m\u00e1s j\u00f3venes un poco antes, a las 17 horas en la Casa de la Juventud, Garazi Valluerca, licenciada en Bellas Artes por la Universidad de Bilbao, coordinar\u00e1 el taller de manualidades \u2018Crea a tu mentora\u2019. Se trata de que las personas participantes realicen su propio <em>merchandising<\/em> reivindicativo para el 8M mediante diversas texturas en collage. La idea es, en 120 minutos, crear un broche m\u00e1gico y original donde se homenajear\u00e1 a mujeres que han tenido un gran papel en la historia. Aunque tambi\u00e9n ser\u00e1 un espacio para la reflexi\u00f3n, ya que antes de iniciar las tareas manuales ser\u00e1 necesario adivinar de qu\u00e9 mujeres se est\u00e1 hablando. La entrada a esta actividad ser\u00e1 libre, aunque se requiere inscripci\u00f3n previa.<br \/>\n<script async src=\"\/\/pagead2.googlesyndication.com\/pagead\/js\/adsbygoogle.js\"><\/script><br \/>\n<!-- Noticias La Guia de Pamplona --><br \/>\n<ins class=\"adsbygoogle\"\nstyle=\"display:block\"\ndata-ad-client=\"ca-pub-6943679897239327\"\ndata-ad-slot=\"7048180777\"\ndata-ad-format=\"auto\"><\/ins><br \/>\n<script>\n(adsbygoogle = window.adsbygoogle || []).push({});\n<\/script><\/p>\n<p><strong>La gata de Schr\u00f6dinger. Divulgaci\u00f3n cient\u00edfica<\/strong><\/p>\n<p>Al d\u00eda siguiente, jueves 10 de marzo, la propuesta es de divulgaci\u00f3n cient\u00edfica. Concretamente la sesi\u00f3n \u201cMujeres y divulgaci\u00f3n cient\u00edfica en tiempos de <em>fake news<\/em> y bulos\u201d, tendr\u00e1 lugar en Civivox Condestable a las 18 horas, con entrada libre. La ponente es Roc\u00edo Vidal, periodista, publicista y divulgadora cient\u00edfica. M\u00e1ster en Comunicaci\u00f3n Cient\u00edfica por la Universidad de Barcelona y fundadora del canal de YouTube al que debe su sobrenombre de \u201cLa gata de Schr\u00f6dinger\u201d, con m\u00e1s de medio mill\u00f3n de suscriptores.<\/p>\n<p>Desde esa plataforma se enfrenta a diario con un doble negacionismo: el de quienes niegan el m\u00e9todo cient\u00edfico y el de quienes niegan la actual desigualdad entre mujeres y hombres. Y lo hace con un marcado toque de cr\u00edtica social, presentando y presenta temas para fomentar el pensamiento cr\u00edtico y la curiosidad del p\u00fablico, como las pseudociencias, las creencias, la conciencia social y ambiental, etc.<\/p>\n<p>En su intervenci\u00f3n analizar\u00e1 c\u00f3mo durante la pandemia las mujeres se han significado en la primera l\u00ednea en aquellos espacios habitualmente invisibilizados: los cuidados se rebelaron como indispensables para la sostenibilidad de la vida, las reponedoras de los supermercados, las investigadoras, m\u00e9dicas, enfermeras\u2026 y tambi\u00e9n las divulgadoras cient\u00edficas que nos han acompa\u00f1ado superando adem\u00e1s m\u00faltiples expulsiones: la del \u00e1mbito cient\u00edfico, espacio en el que a\u00fan en d\u00eda la referencialidad es ampliamente masculina y el de las redes sociales y entornos digitales en general donde las mujeres, siendo minor\u00eda, son a menudo expuestas a m\u00faltiples ataques y procesos de se\u00f1alamiento.<\/p>\n<p>Tambi\u00e9n el jueves, a las 19 en la Casa de las Mujeres, con ocasi\u00f3n al 8M tendr\u00e1 lugar la presentaci\u00f3n de la asociaci\u00f3n Garnatxa de mujeres de San Mart\u00edn de Unx y se har\u00e1 proyectando el v\u00eddeo \u201cY a la vi\u00f1a tambi\u00e9n\u201d, sobre la participaci\u00f3n de las mujeres en el sector vitivin\u00edcola.<br \/>\n<script async src=\"\/\/pagead2.googlesyndication.com\/pagead\/js\/adsbygoogle.js\"><\/script><br \/>\n<!-- Noticias La Guia de Pamplona --><br \/>\n<ins class=\"adsbygoogle\"\nstyle=\"display:block\"\ndata-ad-client=\"ca-pub-6943679897239327\"\ndata-ad-slot=\"7048180777\"\ndata-ad-format=\"auto\"><\/ins><br \/>\n<script>\n(adsbygoogle = window.adsbygoogle || []).push({});\n<\/script><\/p>\n<p>&nbsp;<\/p>\n<h3>Programaci\u00f3n municipal por el 8M<\/h3>\n<p><span style=\"color: #ff0000;\"><strong>Mi\u00e9rcoles 9 de marzo<\/strong><\/span><\/p>\n<p><strong>TALLER DE MANUALIDADES<\/strong><\/p>\n<p>Crea a tu mentora para el 8M. A cargo de Garazi Valluerca, licenciada en Bellas Artes por la Universidad de Bilbao. Para p\u00fablico joven de 12 a 30 a\u00f1os.<\/p>\n<ul>\n<li>Casa Juventud. 17 horas. Entrada libre.<\/li>\n<li>El taller crear\u00e1 un broche-homenaje a mujeres que han tenido un gran papel en la historia, con una introducci\u00f3n sobre su papel en \u00e9pocas y con profesiones diferentes.<\/li>\n<\/ul>\n<p><strong>ENCUENTRO<\/strong><\/p>\n<p>Agenda 2030: Sostenibilidad y Empoderamiento de la Mujer<\/p>\n<ul>\n<li>Civivox Iturrama 19 horas. Entrada libre previa inscripci\u00f3n. Para p\u00fablico mayor de 18 a\u00f1os.<\/li>\n<li>Intervienen: Silvia Ros, licenciada en Biolog\u00eda y Bioqu\u00edmica y Beatriz Ochotorena, responsable de Fundaci\u00f3n Ultzama. Modera: Bel\u00e9n Galindo, periodista.<\/li>\n<li>Partiendo del Objetivo 5 de la Agenda 2030 de Naciones Unidas (Igualdad de g\u00e9nero) se crear\u00e1 un espacio de reflexi\u00f3n y encuentro.<\/li>\n<\/ul>\n<p><span style=\"color: #ff0000;\"><strong>Jueves 10 de marzo<\/strong><\/span><\/p>\n<p><strong>COLOQUIO CON LA GATA DE SCHR\u00d6DINGER<\/strong><\/p>\n<p>\u201cMujeres y divulgaci\u00f3n cient\u00edfica en tiempos de fake news y bulos\u201d.<\/p>\n<ul>\n<li>Civivox Condestable. 18 horas. Entrada libre.<\/li>\n<li>Ponente: Roc\u00edo Vidal, La gata de Schr\u00f6dinger, periodista y divulgadora cient\u00edfica.<\/li>\n<li>En tiempos de pandemia muchas han sido las mujeres que, desde redes sociales, canales de youtube, medios de comunicaci\u00f3n tradicionales, etc. han hecho frente a diferentes fake news, bulos. No pocas se han enfrentado a discursos de expulsi\u00f3n de estos medios de difusi\u00f3n.<\/li>\n<\/ul>\n<p><strong>PRESENTACI\u00d3N Y PROYECCI\u00d3N DE V\u00cdDEO<\/strong><\/p>\n<p>\u201cY a la vi\u00f1a tambi\u00e9n\u201d.<\/p>\n<ul>\n<li>Presentaci\u00f3n de Garnatxa, Asociaci\u00f3n de mujeres de San Mart\u00edn de Unx.<\/li>\n<li>Casa de las Mujeres. 19 horas. Entrada libre.<\/li>\n<\/ul>\n<p><span style=\"color: #ff0000;\"><strong>Martes 15 de marzo<\/strong><\/span><\/p>\n<p><strong>CINEF\u00d3RUM<\/strong><\/p>\n<p>\u201cSufragistas\u201d (Sarah Gavron. Reino Unido. 2015. 106\u2019).<\/p>\n<ul>\n<li>Civivox San Jorge. 18 horas. Entrada libre previa inscripci\u00f3n. Coloquio a cargo de Mar\u00eda Castej\u00f3n.<\/li>\n<li>La trama refleja c\u00f3mo se gest\u00f3 el movimiento sufragista ingl\u00e9s, a trav\u00e9s de sus principales protagonistas.<\/li>\n<\/ul>\n","protected":false},"excerpt":{"rendered":"<p>La programaci\u00f3n acoge tambi\u00e9n en los pr\u00f3ximos d\u00edas contenidos sobre mujeres ganaderas y vitivin\u00edcolas, un taller de manualidades y un cinef\u00f3rum<\/p>\n","protected":false},"author":1,"featured_media":39261,"comment_status":"open","ping_status":"closed","sticky":false,"template":"","format":"standard","meta":{"footnotes":""},"categories":[2],"tags":[],"class_list":["post-39278","post","type-post","status-publish","format-standard","has-post-thumbnail","hentry","category-ayuntamiento-pamplona"],"yoast_head":"<!-- This site is optimized with the Yoast SEO plugin v27.5 - https:\/\/yoast.com\/product\/yoast-seo-wordpress\/ -->\n<title>Las desigualdades de g\u00e9nero no son un bulo: Roc\u00edo Vidal, m\u00e1s conocida como \u2018La gata de Schr\u00f6dinger\u2019 acerca este jueves la divulgaci\u00f3n cient\u00edfica al 8 de Marzo<\/title>\n<meta name=\"description\" content=\"La programaci\u00f3n acoge tambi\u00e9n en los pr\u00f3ximos d\u00edas contenidos sobre mujeres ganaderas y vitivin\u00edcolas, un taller de manualidades y un cinef\u00f3rum\" \/>\n<meta name=\"robots\" content=\"index, follow, max-snippet:-1, max-image-preview:large, max-video-preview:-1\" \/>\n<link rel=\"canonical\" href=\"https:\/\/www.laguiadepamplona.com\/actualidad\/las-desigualdades-de-genero-no-son-un-bulo-rocio-vidal-mas-conocida-como-la-gata-de-schrodinger-acerca-este-jueves-la-divulgacion-cientifica-al-8-de-marzo\/\" \/>\n<meta property=\"og:locale\" content=\"es_ES\" \/>\n<meta property=\"og:type\" content=\"article\" \/>\n<meta property=\"og:title\" content=\"Las desigualdades de g\u00e9nero no son un bulo: Roc\u00edo Vidal, m\u00e1s conocida como \u2018La gata de Schr\u00f6dinger\u2019 acerca este jueves la divulgaci\u00f3n cient\u00edfica al 8 de Marzo\" \/>\n<meta property=\"og:description\" content=\"La programaci\u00f3n acoge tambi\u00e9n en los pr\u00f3ximos d\u00edas contenidos sobre mujeres ganaderas y vitivin\u00edcolas, un taller de manualidades y un cinef\u00f3rum\" \/>\n<meta property=\"og:url\" content=\"https:\/\/www.laguiadepamplona.com\/actualidad\/las-desigualdades-de-genero-no-son-un-bulo-rocio-vidal-mas-conocida-como-la-gata-de-schrodinger-acerca-este-jueves-la-divulgacion-cientifica-al-8-de-marzo\/\" \/>\n<meta property=\"og:site_name\" content=\"La Gu\u00eda de Pamplona\" \/>\n<meta property=\"article:publisher\" content=\"https:\/\/www.facebook.com\/laguiadepamplonacom-133175176762273\/?ref=hl\" \/>\n<meta property=\"article:published_time\" content=\"2022-03-08T12:48:29+00:00\" \/>\n<meta property=\"article:modified_time\" content=\"2023-04-11T09:48:26+00:00\" \/>\n<meta property=\"og:image\" content=\"https:\/\/www.laguiadepamplona.com\/actualidad\/wp-content\/uploads\/2022\/03\/mujeres-divulgacion-cientifica-fake-news-bulos.jpg\" \/>\n\t<meta property=\"og:image:width\" content=\"1080\" \/>\n\t<meta property=\"og:image:height\" content=\"1080\" \/>\n\t<meta property=\"og:image:type\" content=\"image\/jpeg\" \/>\n<meta name=\"author\" content=\"La Gu\u00eda de Pamplona\" \/>\n<meta name=\"twitter:card\" content=\"summary_large_image\" \/>\n<meta name=\"twitter:creator\" content=\"@LaGuiadPamplona\" \/>\n<meta name=\"twitter:site\" content=\"@LaGuiadPamplona\" \/>\n<meta name=\"twitter:label1\" content=\"Escrito por\" \/>\n\t<meta name=\"twitter:data1\" content=\"La Gu\u00eda de Pamplona\" \/>\n\t<meta name=\"twitter:label2\" content=\"Tiempo de lectura\" \/>\n\t<meta name=\"twitter:data2\" content=\"6 minutos\" \/>\n<script type=\"application\/ld+json\" class=\"yoast-schema-graph\">{\"@context\":\"https:\\\/\\\/schema.org\",\"@graph\":[{\"@type\":\"Article\",\"@id\":\"https:\\\/\\\/www.laguiadepamplona.com\\\/actualidad\\\/las-desigualdades-de-genero-no-son-un-bulo-rocio-vidal-mas-conocida-como-la-gata-de-schrodinger-acerca-este-jueves-la-divulgacion-cientifica-al-8-de-marzo\\\/#article\",\"isPartOf\":{\"@id\":\"https:\\\/\\\/www.laguiadepamplona.com\\\/actualidad\\\/las-desigualdades-de-genero-no-son-un-bulo-rocio-vidal-mas-conocida-como-la-gata-de-schrodinger-acerca-este-jueves-la-divulgacion-cientifica-al-8-de-marzo\\\/\"},\"author\":{\"name\":\"La Gu\u00eda de Pamplona\",\"@id\":\"https:\\\/\\\/www.laguiadepamplona.com\\\/actualidad\\\/#\\\/schema\\\/person\\\/efe887376f0213d4657c93adc50b1fdb\"},\"headline\":\"Las desigualdades de g\u00e9nero no son un bulo: Roc\u00edo Vidal, m\u00e1s conocida como \u2018La gata de Schr\u00f6dinger\u2019 acerca este jueves la divulgaci\u00f3n cient\u00edfica al 8 de Marzo\",\"datePublished\":\"2022-03-08T12:48:29+00:00\",\"dateModified\":\"2023-04-11T09:48:26+00:00\",\"mainEntityOfPage\":{\"@id\":\"https:\\\/\\\/www.laguiadepamplona.com\\\/actualidad\\\/las-desigualdades-de-genero-no-son-un-bulo-rocio-vidal-mas-conocida-como-la-gata-de-schrodinger-acerca-este-jueves-la-divulgacion-cientifica-al-8-de-marzo\\\/\"},\"wordCount\":1359,\"commentCount\":0,\"publisher\":{\"@id\":\"https:\\\/\\\/www.laguiadepamplona.com\\\/actualidad\\\/#organization\"},\"image\":{\"@id\":\"https:\\\/\\\/www.laguiadepamplona.com\\\/actualidad\\\/las-desigualdades-de-genero-no-son-un-bulo-rocio-vidal-mas-conocida-como-la-gata-de-schrodinger-acerca-este-jueves-la-divulgacion-cientifica-al-8-de-marzo\\\/#primaryimage\"},\"thumbnailUrl\":\"https:\\\/\\\/www.laguiadepamplona.com\\\/actualidad\\\/wp-content\\\/uploads\\\/2022\\\/03\\\/mujeres-divulgacion-cientifica-fake-news-bulos.jpg\",\"articleSection\":[\"Ayto Pamplona\"],\"inLanguage\":\"es\",\"potentialAction\":[{\"@type\":\"CommentAction\",\"name\":\"Comment\",\"target\":[\"https:\\\/\\\/www.laguiadepamplona.com\\\/actualidad\\\/las-desigualdades-de-genero-no-son-un-bulo-rocio-vidal-mas-conocida-como-la-gata-de-schrodinger-acerca-este-jueves-la-divulgacion-cientifica-al-8-de-marzo\\\/#respond\"]}]},{\"@type\":\"WebPage\",\"@id\":\"https:\\\/\\\/www.laguiadepamplona.com\\\/actualidad\\\/las-desigualdades-de-genero-no-son-un-bulo-rocio-vidal-mas-conocida-como-la-gata-de-schrodinger-acerca-este-jueves-la-divulgacion-cientifica-al-8-de-marzo\\\/\",\"url\":\"https:\\\/\\\/www.laguiadepamplona.com\\\/actualidad\\\/las-desigualdades-de-genero-no-son-un-bulo-rocio-vidal-mas-conocida-como-la-gata-de-schrodinger-acerca-este-jueves-la-divulgacion-cientifica-al-8-de-marzo\\\/\",\"name\":\"Las desigualdades de g\u00e9nero no son un bulo: Roc\u00edo Vidal, m\u00e1s conocida como \u2018La gata de Schr\u00f6dinger\u2019 acerca este jueves la divulgaci\u00f3n cient\u00edfica al 8 de Marzo\",\"isPartOf\":{\"@id\":\"https:\\\/\\\/www.laguiadepamplona.com\\\/actualidad\\\/#website\"},\"primaryImageOfPage\":{\"@id\":\"https:\\\/\\\/www.laguiadepamplona.com\\\/actualidad\\\/las-desigualdades-de-genero-no-son-un-bulo-rocio-vidal-mas-conocida-como-la-gata-de-schrodinger-acerca-este-jueves-la-divulgacion-cientifica-al-8-de-marzo\\\/#primaryimage\"},\"image\":{\"@id\":\"https:\\\/\\\/www.laguiadepamplona.com\\\/actualidad\\\/las-desigualdades-de-genero-no-son-un-bulo-rocio-vidal-mas-conocida-como-la-gata-de-schrodinger-acerca-este-jueves-la-divulgacion-cientifica-al-8-de-marzo\\\/#primaryimage\"},\"thumbnailUrl\":\"https:\\\/\\\/www.laguiadepamplona.com\\\/actualidad\\\/wp-content\\\/uploads\\\/2022\\\/03\\\/mujeres-divulgacion-cientifica-fake-news-bulos.jpg\",\"datePublished\":\"2022-03-08T12:48:29+00:00\",\"dateModified\":\"2023-04-11T09:48:26+00:00\",\"description\":\"La programaci\u00f3n acoge tambi\u00e9n en los pr\u00f3ximos d\u00edas contenidos sobre mujeres ganaderas y vitivin\u00edcolas, un taller de manualidades y un cinef\u00f3rum\",\"breadcrumb\":{\"@id\":\"https:\\\/\\\/www.laguiadepamplona.com\\\/actualidad\\\/las-desigualdades-de-genero-no-son-un-bulo-rocio-vidal-mas-conocida-como-la-gata-de-schrodinger-acerca-este-jueves-la-divulgacion-cientifica-al-8-de-marzo\\\/#breadcrumb\"},\"inLanguage\":\"es\",\"potentialAction\":[{\"@type\":\"ReadAction\",\"target\":[\"https:\\\/\\\/www.laguiadepamplona.com\\\/actualidad\\\/las-desigualdades-de-genero-no-son-un-bulo-rocio-vidal-mas-conocida-como-la-gata-de-schrodinger-acerca-este-jueves-la-divulgacion-cientifica-al-8-de-marzo\\\/\"]}]},{\"@type\":\"ImageObject\",\"inLanguage\":\"es\",\"@id\":\"https:\\\/\\\/www.laguiadepamplona.com\\\/actualidad\\\/las-desigualdades-de-genero-no-son-un-bulo-rocio-vidal-mas-conocida-como-la-gata-de-schrodinger-acerca-este-jueves-la-divulgacion-cientifica-al-8-de-marzo\\\/#primaryimage\",\"url\":\"https:\\\/\\\/www.laguiadepamplona.com\\\/actualidad\\\/wp-content\\\/uploads\\\/2022\\\/03\\\/mujeres-divulgacion-cientifica-fake-news-bulos.jpg\",\"contentUrl\":\"https:\\\/\\\/www.laguiadepamplona.com\\\/actualidad\\\/wp-content\\\/uploads\\\/2022\\\/03\\\/mujeres-divulgacion-cientifica-fake-news-bulos.jpg\",\"width\":1080,\"height\":1080},{\"@type\":\"BreadcrumbList\",\"@id\":\"https:\\\/\\\/www.laguiadepamplona.com\\\/actualidad\\\/las-desigualdades-de-genero-no-son-un-bulo-rocio-vidal-mas-conocida-como-la-gata-de-schrodinger-acerca-este-jueves-la-divulgacion-cientifica-al-8-de-marzo\\\/#breadcrumb\",\"itemListElement\":[{\"@type\":\"ListItem\",\"position\":1,\"name\":\"Portada\",\"item\":\"https:\\\/\\\/www.laguiadepamplona.com\\\/actualidad\\\/\"},{\"@type\":\"ListItem\",\"position\":2,\"name\":\"Las desigualdades de g\u00e9nero no son un bulo: Roc\u00edo Vidal, m\u00e1s conocida como \u2018La gata de Schr\u00f6dinger\u2019 acerca este jueves la divulgaci\u00f3n cient\u00edfica al 8 de Marzo\"}]},{\"@type\":\"WebSite\",\"@id\":\"https:\\\/\\\/www.laguiadepamplona.com\\\/actualidad\\\/#website\",\"url\":\"https:\\\/\\\/www.laguiadepamplona.com\\\/actualidad\\\/\",\"name\":\"La gu\u00eda de Pamplona\",\"description\":\"Noticias de Pamplona\",\"publisher\":{\"@id\":\"https:\\\/\\\/www.laguiadepamplona.com\\\/actualidad\\\/#organization\"},\"potentialAction\":[{\"@type\":\"SearchAction\",\"target\":{\"@type\":\"EntryPoint\",\"urlTemplate\":\"https:\\\/\\\/www.laguiadepamplona.com\\\/actualidad\\\/?s={search_term_string}\"},\"query-input\":{\"@type\":\"PropertyValueSpecification\",\"valueRequired\":true,\"valueName\":\"search_term_string\"}}],\"inLanguage\":\"es\"},{\"@type\":\"Organization\",\"@id\":\"https:\\\/\\\/www.laguiadepamplona.com\\\/actualidad\\\/#organization\",\"name\":\"La Gu\u00eda de Pamplona \\\/ Noticias\",\"url\":\"https:\\\/\\\/www.laguiadepamplona.com\\\/actualidad\\\/\",\"logo\":{\"@type\":\"ImageObject\",\"inLanguage\":\"es\",\"@id\":\"https:\\\/\\\/www.laguiadepamplona.com\\\/actualidad\\\/#\\\/schema\\\/logo\\\/image\\\/\",\"url\":\"https:\\\/\\\/www.laguiadepamplona.com\\\/actualidad\\\/wp-content\\\/uploads\\\/2018\\\/11\\\/logo-laguiadepamplona18-web1.png\",\"contentUrl\":\"https:\\\/\\\/www.laguiadepamplona.com\\\/actualidad\\\/wp-content\\\/uploads\\\/2018\\\/11\\\/logo-laguiadepamplona18-web1.png\",\"width\":600,\"height\":196,\"caption\":\"La Gu\u00eda de Pamplona \\\/ Noticias\"},\"image\":{\"@id\":\"https:\\\/\\\/www.laguiadepamplona.com\\\/actualidad\\\/#\\\/schema\\\/logo\\\/image\\\/\"},\"sameAs\":[\"https:\\\/\\\/www.facebook.com\\\/laguiadepamplonacom-133175176762273\\\/?ref=hl\",\"https:\\\/\\\/x.com\\\/LaGuiadPamplona\",\"https:\\\/\\\/www.instagram.com\\\/la_guia_de_pamplona\\\/\",\"https:\\\/\\\/www.youtube.com\\\/user\\\/laguiadepamplona\"]},{\"@type\":\"Person\",\"@id\":\"https:\\\/\\\/www.laguiadepamplona.com\\\/actualidad\\\/#\\\/schema\\\/person\\\/efe887376f0213d4657c93adc50b1fdb\",\"name\":\"La Gu\u00eda de Pamplona\",\"image\":{\"@type\":\"ImageObject\",\"inLanguage\":\"es\",\"@id\":\"https:\\\/\\\/secure.gravatar.com\\\/avatar\\\/b6992f131dc8d30ab0dff15446e9d346d9dbd95992de0fef795073f5ea83a81c?s=96&d=mm&r=g\",\"url\":\"https:\\\/\\\/secure.gravatar.com\\\/avatar\\\/b6992f131dc8d30ab0dff15446e9d346d9dbd95992de0fef795073f5ea83a81c?s=96&d=mm&r=g\",\"contentUrl\":\"https:\\\/\\\/secure.gravatar.com\\\/avatar\\\/b6992f131dc8d30ab0dff15446e9d346d9dbd95992de0fef795073f5ea83a81c?s=96&d=mm&r=g\",\"caption\":\"La Gu\u00eda de Pamplona\"}}]}<\/script>\n<!-- \/ Yoast SEO plugin. -->","yoast_head_json":{"title":"Las desigualdades de g\u00e9nero no son un bulo: Roc\u00edo Vidal, m\u00e1s conocida como \u2018La gata de Schr\u00f6dinger\u2019 acerca este jueves la divulgaci\u00f3n cient\u00edfica al 8 de Marzo","description":"La programaci\u00f3n acoge tambi\u00e9n en los pr\u00f3ximos d\u00edas contenidos sobre mujeres ganaderas y vitivin\u00edcolas, un taller de manualidades y un cinef\u00f3rum","robots":{"index":"index","follow":"follow","max-snippet":"max-snippet:-1","max-image-preview":"max-image-preview:large","max-video-preview":"max-video-preview:-1"},"canonical":"https:\/\/www.laguiadepamplona.com\/actualidad\/las-desigualdades-de-genero-no-son-un-bulo-rocio-vidal-mas-conocida-como-la-gata-de-schrodinger-acerca-este-jueves-la-divulgacion-cientifica-al-8-de-marzo\/","og_locale":"es_ES","og_type":"article","og_title":"Las desigualdades de g\u00e9nero no son un bulo: Roc\u00edo Vidal, m\u00e1s conocida como \u2018La gata de Schr\u00f6dinger\u2019 acerca este jueves la divulgaci\u00f3n cient\u00edfica al 8 de Marzo","og_description":"La programaci\u00f3n acoge tambi\u00e9n en los pr\u00f3ximos d\u00edas contenidos sobre mujeres ganaderas y vitivin\u00edcolas, un taller de manualidades y un cinef\u00f3rum","og_url":"https:\/\/www.laguiadepamplona.com\/actualidad\/las-desigualdades-de-genero-no-son-un-bulo-rocio-vidal-mas-conocida-como-la-gata-de-schrodinger-acerca-este-jueves-la-divulgacion-cientifica-al-8-de-marzo\/","og_site_name":"La Gu\u00eda de Pamplona","article_publisher":"https:\/\/www.facebook.com\/laguiadepamplonacom-133175176762273\/?ref=hl","article_published_time":"2022-03-08T12:48:29+00:00","article_modified_time":"2023-04-11T09:48:26+00:00","og_image":[{"width":1080,"height":1080,"url":"https:\/\/www.laguiadepamplona.com\/actualidad\/wp-content\/uploads\/2022\/03\/mujeres-divulgacion-cientifica-fake-news-bulos.jpg","type":"image\/jpeg"}],"author":"La Gu\u00eda de Pamplona","twitter_card":"summary_large_image","twitter_creator":"@LaGuiadPamplona","twitter_site":"@LaGuiadPamplona","twitter_misc":{"Escrito por":"La Gu\u00eda de Pamplona","Tiempo de lectura":"6 minutos"},"schema":{"@context":"https:\/\/schema.org","@graph":[{"@type":"Article","@id":"https:\/\/www.laguiadepamplona.com\/actualidad\/las-desigualdades-de-genero-no-son-un-bulo-rocio-vidal-mas-conocida-como-la-gata-de-schrodinger-acerca-este-jueves-la-divulgacion-cientifica-al-8-de-marzo\/#article","isPartOf":{"@id":"https:\/\/www.laguiadepamplona.com\/actualidad\/las-desigualdades-de-genero-no-son-un-bulo-rocio-vidal-mas-conocida-como-la-gata-de-schrodinger-acerca-este-jueves-la-divulgacion-cientifica-al-8-de-marzo\/"},"author":{"name":"La Gu\u00eda de Pamplona","@id":"https:\/\/www.laguiadepamplona.com\/actualidad\/#\/schema\/person\/efe887376f0213d4657c93adc50b1fdb"},"headline":"Las desigualdades de g\u00e9nero no son un bulo: Roc\u00edo Vidal, m\u00e1s conocida como \u2018La gata de Schr\u00f6dinger\u2019 acerca este jueves la divulgaci\u00f3n cient\u00edfica al 8 de Marzo","datePublished":"2022-03-08T12:48:29+00:00","dateModified":"2023-04-11T09:48:26+00:00","mainEntityOfPage":{"@id":"https:\/\/www.laguiadepamplona.com\/actualidad\/las-desigualdades-de-genero-no-son-un-bulo-rocio-vidal-mas-conocida-como-la-gata-de-schrodinger-acerca-este-jueves-la-divulgacion-cientifica-al-8-de-marzo\/"},"wordCount":1359,"commentCount":0,"publisher":{"@id":"https:\/\/www.laguiadepamplona.com\/actualidad\/#organization"},"image":{"@id":"https:\/\/www.laguiadepamplona.com\/actualidad\/las-desigualdades-de-genero-no-son-un-bulo-rocio-vidal-mas-conocida-como-la-gata-de-schrodinger-acerca-este-jueves-la-divulgacion-cientifica-al-8-de-marzo\/#primaryimage"},"thumbnailUrl":"https:\/\/www.laguiadepamplona.com\/actualidad\/wp-content\/uploads\/2022\/03\/mujeres-divulgacion-cientifica-fake-news-bulos.jpg","articleSection":["Ayto Pamplona"],"inLanguage":"es","potentialAction":[{"@type":"CommentAction","name":"Comment","target":["https:\/\/www.laguiadepamplona.com\/actualidad\/las-desigualdades-de-genero-no-son-un-bulo-rocio-vidal-mas-conocida-como-la-gata-de-schrodinger-acerca-este-jueves-la-divulgacion-cientifica-al-8-de-marzo\/#respond"]}]},{"@type":"WebPage","@id":"https:\/\/www.laguiadepamplona.com\/actualidad\/las-desigualdades-de-genero-no-son-un-bulo-rocio-vidal-mas-conocida-como-la-gata-de-schrodinger-acerca-este-jueves-la-divulgacion-cientifica-al-8-de-marzo\/","url":"https:\/\/www.laguiadepamplona.com\/actualidad\/las-desigualdades-de-genero-no-son-un-bulo-rocio-vidal-mas-conocida-como-la-gata-de-schrodinger-acerca-este-jueves-la-divulgacion-cientifica-al-8-de-marzo\/","name":"Las desigualdades de g\u00e9nero no son un bulo: Roc\u00edo Vidal, m\u00e1s conocida como \u2018La gata de Schr\u00f6dinger\u2019 acerca este jueves la divulgaci\u00f3n cient\u00edfica al 8 de Marzo","isPartOf":{"@id":"https:\/\/www.laguiadepamplona.com\/actualidad\/#website"},"primaryImageOfPage":{"@id":"https:\/\/www.laguiadepamplona.com\/actualidad\/las-desigualdades-de-genero-no-son-un-bulo-rocio-vidal-mas-conocida-como-la-gata-de-schrodinger-acerca-este-jueves-la-divulgacion-cientifica-al-8-de-marzo\/#primaryimage"},"image":{"@id":"https:\/\/www.laguiadepamplona.com\/actualidad\/las-desigualdades-de-genero-no-son-un-bulo-rocio-vidal-mas-conocida-como-la-gata-de-schrodinger-acerca-este-jueves-la-divulgacion-cientifica-al-8-de-marzo\/#primaryimage"},"thumbnailUrl":"https:\/\/www.laguiadepamplona.com\/actualidad\/wp-content\/uploads\/2022\/03\/mujeres-divulgacion-cientifica-fake-news-bulos.jpg","datePublished":"2022-03-08T12:48:29+00:00","dateModified":"2023-04-11T09:48:26+00:00","description":"La programaci\u00f3n acoge tambi\u00e9n en los pr\u00f3ximos d\u00edas contenidos sobre mujeres ganaderas y vitivin\u00edcolas, un taller de manualidades y un cinef\u00f3rum","breadcrumb":{"@id":"https:\/\/www.laguiadepamplona.com\/actualidad\/las-desigualdades-de-genero-no-son-un-bulo-rocio-vidal-mas-conocida-como-la-gata-de-schrodinger-acerca-este-jueves-la-divulgacion-cientifica-al-8-de-marzo\/#breadcrumb"},"inLanguage":"es","potentialAction":[{"@type":"ReadAction","target":["https:\/\/www.laguiadepamplona.com\/actualidad\/las-desigualdades-de-genero-no-son-un-bulo-rocio-vidal-mas-conocida-como-la-gata-de-schrodinger-acerca-este-jueves-la-divulgacion-cientifica-al-8-de-marzo\/"]}]},{"@type":"ImageObject","inLanguage":"es","@id":"https:\/\/www.laguiadepamplona.com\/actualidad\/las-desigualdades-de-genero-no-son-un-bulo-rocio-vidal-mas-conocida-como-la-gata-de-schrodinger-acerca-este-jueves-la-divulgacion-cientifica-al-8-de-marzo\/#primaryimage","url":"https:\/\/www.laguiadepamplona.com\/actualidad\/wp-content\/uploads\/2022\/03\/mujeres-divulgacion-cientifica-fake-news-bulos.jpg","contentUrl":"https:\/\/www.laguiadepamplona.com\/actualidad\/wp-content\/uploads\/2022\/03\/mujeres-divulgacion-cientifica-fake-news-bulos.jpg","width":1080,"height":1080},{"@type":"BreadcrumbList","@id":"https:\/\/www.laguiadepamplona.com\/actualidad\/las-desigualdades-de-genero-no-son-un-bulo-rocio-vidal-mas-conocida-como-la-gata-de-schrodinger-acerca-este-jueves-la-divulgacion-cientifica-al-8-de-marzo\/#breadcrumb","itemListElement":[{"@type":"ListItem","position":1,"name":"Portada","item":"https:\/\/www.laguiadepamplona.com\/actualidad\/"},{"@type":"ListItem","position":2,"name":"Las desigualdades de g\u00e9nero no son un bulo: Roc\u00edo Vidal, m\u00e1s conocida como \u2018La gata de Schr\u00f6dinger\u2019 acerca este jueves la divulgaci\u00f3n cient\u00edfica al 8 de Marzo"}]},{"@type":"WebSite","@id":"https:\/\/www.laguiadepamplona.com\/actualidad\/#website","url":"https:\/\/www.laguiadepamplona.com\/actualidad\/","name":"La gu\u00eda de Pamplona","description":"Noticias de Pamplona","publisher":{"@id":"https:\/\/www.laguiadepamplona.com\/actualidad\/#organization"},"potentialAction":[{"@type":"SearchAction","target":{"@type":"EntryPoint","urlTemplate":"https:\/\/www.laguiadepamplona.com\/actualidad\/?s={search_term_string}"},"query-input":{"@type":"PropertyValueSpecification","valueRequired":true,"valueName":"search_term_string"}}],"inLanguage":"es"},{"@type":"Organization","@id":"https:\/\/www.laguiadepamplona.com\/actualidad\/#organization","name":"La Gu\u00eda de Pamplona \/ Noticias","url":"https:\/\/www.laguiadepamplona.com\/actualidad\/","logo":{"@type":"ImageObject","inLanguage":"es","@id":"https:\/\/www.laguiadepamplona.com\/actualidad\/#\/schema\/logo\/image\/","url":"https:\/\/www.laguiadepamplona.com\/actualidad\/wp-content\/uploads\/2018\/11\/logo-laguiadepamplona18-web1.png","contentUrl":"https:\/\/www.laguiadepamplona.com\/actualidad\/wp-content\/uploads\/2018\/11\/logo-laguiadepamplona18-web1.png","width":600,"height":196,"caption":"La Gu\u00eda de Pamplona \/ Noticias"},"image":{"@id":"https:\/\/www.laguiadepamplona.com\/actualidad\/#\/schema\/logo\/image\/"},"sameAs":["https:\/\/www.facebook.com\/laguiadepamplonacom-133175176762273\/?ref=hl","https:\/\/x.com\/LaGuiadPamplona","https:\/\/www.instagram.com\/la_guia_de_pamplona\/","https:\/\/www.youtube.com\/user\/laguiadepamplona"]},{"@type":"Person","@id":"https:\/\/www.laguiadepamplona.com\/actualidad\/#\/schema\/person\/efe887376f0213d4657c93adc50b1fdb","name":"La Gu\u00eda de Pamplona","image":{"@type":"ImageObject","inLanguage":"es","@id":"https:\/\/secure.gravatar.com\/avatar\/b6992f131dc8d30ab0dff15446e9d346d9dbd95992de0fef795073f5ea83a81c?s=96&d=mm&r=g","url":"https:\/\/secure.gravatar.com\/avatar\/b6992f131dc8d30ab0dff15446e9d346d9dbd95992de0fef795073f5ea83a81c?s=96&d=mm&r=g","contentUrl":"https:\/\/secure.gravatar.com\/avatar\/b6992f131dc8d30ab0dff15446e9d346d9dbd95992de0fef795073f5ea83a81c?s=96&d=mm&r=g","caption":"La Gu\u00eda de Pamplona"}}]}},"post_mailing_queue_ids":[],"_links":{"self":[{"href":"https:\/\/www.laguiadepamplona.com\/actualidad\/wp-json\/wp\/v2\/posts\/39278","targetHints":{"allow":["GET"]}}],"collection":[{"href":"https:\/\/www.laguiadepamplona.com\/actualidad\/wp-json\/wp\/v2\/posts"}],"about":[{"href":"https:\/\/www.laguiadepamplona.com\/actualidad\/wp-json\/wp\/v2\/types\/post"}],"author":[{"embeddable":true,"href":"https:\/\/www.laguiadepamplona.com\/actualidad\/wp-json\/wp\/v2\/users\/1"}],"replies":[{"embeddable":true,"href":"https:\/\/www.laguiadepamplona.com\/actualidad\/wp-json\/wp\/v2\/comments?post=39278"}],"version-history":[{"count":0,"href":"https:\/\/www.laguiadepamplona.com\/actualidad\/wp-json\/wp\/v2\/posts\/39278\/revisions"}],"wp:featuredmedia":[{"embeddable":true,"href":"https:\/\/www.laguiadepamplona.com\/actualidad\/wp-json\/wp\/v2\/media\/39261"}],"wp:attachment":[{"href":"https:\/\/www.laguiadepamplona.com\/actualidad\/wp-json\/wp\/v2\/media?parent=39278"}],"wp:term":[{"taxonomy":"category","embeddable":true,"href":"https:\/\/www.laguiadepamplona.com\/actualidad\/wp-json\/wp\/v2\/categories?post=39278"},{"taxonomy":"post_tag","embeddable":true,"href":"https:\/\/www.laguiadepamplona.com\/actualidad\/wp-json\/wp\/v2\/tags?post=39278"}],"curies":[{"name":"wp","href":"https:\/\/api.w.org\/{rel}","templated":true}]}}