{"id":39276,"date":"2022-03-08T14:46:25","date_gmt":"2022-03-08T12:46:25","guid":{"rendered":"https:\/\/www.laguiadepamplona.com\/actualidad\/?p=39276"},"modified":"2023-04-11T11:48:26","modified_gmt":"2023-04-11T09:48:26","slug":"el-ayuntamiento-se-suma-el-miercoles-al-dia-mundial-del-rinon-e-iluminara-la-fachada-de-la-casa-consistorial-de-color-granate","status":"publish","type":"post","link":"https:\/\/www.laguiadepamplona.com\/actualidad\/el-ayuntamiento-se-suma-el-miercoles-al-dia-mundial-del-rinon-e-iluminara-la-fachada-de-la-casa-consistorial-de-color-granate\/","title":{"rendered":"El Ayuntamiento se suma el mi\u00e9rcoles al D\u00eda Mundial del Ri\u00f1\u00f3n e iluminar\u00e1 la fachada de la Casa Consistorial de color granate"},"content":{"rendered":"<p><!--more--><\/p>\n<p>El jueves 10 de marzo se celebra el D\u00eda Mundial del Ri\u00f1\u00f3n, pero ser\u00e1 ma\u00f1ana mi\u00e9rcoles cuando la fachada de la Casa Consistorial se ilumine de color granate por esa efem\u00e9ride. El Ayuntamiento de Pamplona se une as\u00ed a la petici\u00f3n realizada por la Sociedad Espa\u00f1ola de Nefrolog\u00eda y a la campa\u00f1a \u2018Salud renal para todos\u2019, con la que se quiere disminuir la brecha de conocimiento hacia las patolog\u00edas renales.<br \/>\n<script async src=\"\/\/pagead2.googlesyndication.com\/pagead\/js\/adsbygoogle.js\"><\/script><br \/>\n<!-- Noticias La Guia de Pamplona --><br \/>\n<ins class=\"adsbygoogle\"\nstyle=\"display:block\"\ndata-ad-client=\"ca-pub-6943679897239327\"\ndata-ad-slot=\"7048180777\"\ndata-ad-format=\"auto\"><\/ins><br \/>\n<script>\n(adsbygoogle = window.adsbygoogle || []).push({});\n<\/script><\/p>\n<p>Seg\u00fan el \u00faltimo informe de la Organizaci\u00f3n Mundial de la Salud (OMS), de los 55 millones de muertes que se produjeron en 2019 en el mundo, m\u00e1s de la mitad, el 55%, se debieron a 10 patolog\u00edas, entre las cuales se situ\u00f3 por primera vez la enfermedad renal. Las patolog\u00edas renales representan un grave problema de salud p\u00fablica, con tasas de prevalencia e incidencia que siguen creciendo cada a\u00f1o. Concretamente, tanto la prevalencia como la mortalidad asociada a la Enfermedad Renal Cr\u00f3nica ha crecido un 30% en la \u00faltima d\u00e9cada y el n\u00famero de personas en Tratamiento Renal Sustitutivo (TRS), es decir, di\u00e1lisis o trasplante, se ha situado en 1.367 personas por mill\u00f3n de poblaci\u00f3n (pmp). Este crecimiento se relaciona con aspectos como el envejecimiento y el aumento de la esperanza de vida, pero sobre todo con factores de riesgo como la diabetes y la enfermedad cardiovascular (responsable del 50% de los casos), la obesidad, la hipertensi\u00f3n arterial, el tabaquismo o el sedentarismo, que pueden combatirse.<\/p>\n<p>La Sociedad Espa\u00f1ola de Nefrolog\u00eda (SEN), en colaboraci\u00f3n con la Federaci\u00f3n Nacional de pacientes con Enfermedades del Ri\u00f1\u00f3n (ALCER), aprovecha la celebraci\u00f3n del D\u00eda Mundial del Ri\u00f1\u00f3n para concienciar a la ciudadan\u00eda del impacto de esta \u2018epidemia silenciosa\u2019 de la Enfermedad Renal Cr\u00f3nica y de la necesidad de prevenirla y detectarla en estad\u00edos iniciales, cuando es reversible.<\/p>\n","protected":false},"excerpt":{"rendered":"","protected":false},"author":1,"featured_media":36967,"comment_status":"open","ping_status":"closed","sticky":false,"template":"","format":"standard","meta":{"footnotes":""},"categories":[2],"tags":[],"class_list":["post-39276","post","type-post","status-publish","format-standard","has-post-thumbnail","hentry","category-ayuntamiento-pamplona"],"yoast_head":"<!-- This site is optimized with the Yoast SEO plugin v27.3 - https:\/\/yoast.com\/product\/yoast-seo-wordpress\/ -->\n<title>El Ayuntamiento se suma el mi\u00e9rcoles al D\u00eda Mundial del Ri\u00f1\u00f3n e iluminar\u00e1 la fachada de la Casa Consistorial de color granate<\/title>\n<meta name=\"description\" content=\"Seg\u00fan el \u00faltimo informe de la Organizaci\u00f3n Mundial de la Salud (OMS), de los 55 millones de muertes que se produjeron en 2019 en el mundo\" \/>\n<meta name=\"robots\" content=\"index, follow, max-snippet:-1, max-image-preview:large, max-video-preview:-1\" \/>\n<link rel=\"canonical\" href=\"https:\/\/www.laguiadepamplona.com\/actualidad\/el-ayuntamiento-se-suma-el-miercoles-al-dia-mundial-del-rinon-e-iluminara-la-fachada-de-la-casa-consistorial-de-color-granate\/\" \/>\n<meta property=\"og:locale\" content=\"es_ES\" \/>\n<meta property=\"og:type\" content=\"article\" \/>\n<meta property=\"og:title\" content=\"El Ayuntamiento se suma el mi\u00e9rcoles al D\u00eda Mundial del Ri\u00f1\u00f3n e iluminar\u00e1 la fachada de la Casa Consistorial de color granate\" \/>\n<meta property=\"og:description\" content=\"Seg\u00fan el \u00faltimo informe de la Organizaci\u00f3n Mundial de la Salud (OMS), de los 55 millones de muertes que se produjeron en 2019 en el mundo\" \/>\n<meta property=\"og:url\" content=\"https:\/\/www.laguiadepamplona.com\/actualidad\/el-ayuntamiento-se-suma-el-miercoles-al-dia-mundial-del-rinon-e-iluminara-la-fachada-de-la-casa-consistorial-de-color-granate\/\" \/>\n<meta property=\"og:site_name\" content=\"La Gu\u00eda de Pamplona\" \/>\n<meta property=\"article:publisher\" content=\"https:\/\/www.facebook.com\/laguiadepamplonacom-133175176762273\/?ref=hl\" \/>\n<meta property=\"article:published_time\" content=\"2022-03-08T12:46:25+00:00\" \/>\n<meta property=\"article:modified_time\" content=\"2023-04-11T09:48:26+00:00\" \/>\n<meta property=\"og:image\" content=\"https:\/\/www.laguiadepamplona.com\/actualidad\/wp-content\/uploads\/2021\/10\/ayuntamiento-rojo.jpg\" \/>\n\t<meta property=\"og:image:width\" content=\"1529\" \/>\n\t<meta property=\"og:image:height\" content=\"1019\" \/>\n\t<meta property=\"og:image:type\" content=\"image\/jpeg\" \/>\n<meta name=\"author\" content=\"La Gu\u00eda de Pamplona\" \/>\n<meta name=\"twitter:card\" content=\"summary_large_image\" \/>\n<meta name=\"twitter:creator\" content=\"@LaGuiadPamplona\" \/>\n<meta name=\"twitter:site\" content=\"@LaGuiadPamplona\" \/>\n<meta name=\"twitter:label1\" content=\"Escrito por\" \/>\n\t<meta name=\"twitter:data1\" content=\"La Gu\u00eda de Pamplona\" \/>\n\t<meta name=\"twitter:label2\" content=\"Tiempo de lectura\" \/>\n\t<meta name=\"twitter:data2\" content=\"2 minutos\" \/>\n<script type=\"application\/ld+json\" class=\"yoast-schema-graph\">{\"@context\":\"https:\\\/\\\/schema.org\",\"@graph\":[{\"@type\":\"Article\",\"@id\":\"https:\\\/\\\/www.laguiadepamplona.com\\\/actualidad\\\/el-ayuntamiento-se-suma-el-miercoles-al-dia-mundial-del-rinon-e-iluminara-la-fachada-de-la-casa-consistorial-de-color-granate\\\/#article\",\"isPartOf\":{\"@id\":\"https:\\\/\\\/www.laguiadepamplona.com\\\/actualidad\\\/el-ayuntamiento-se-suma-el-miercoles-al-dia-mundial-del-rinon-e-iluminara-la-fachada-de-la-casa-consistorial-de-color-granate\\\/\"},\"author\":{\"name\":\"La Gu\u00eda de Pamplona\",\"@id\":\"https:\\\/\\\/www.laguiadepamplona.com\\\/actualidad\\\/#\\\/schema\\\/person\\\/efe887376f0213d4657c93adc50b1fdb\"},\"headline\":\"El Ayuntamiento se suma el mi\u00e9rcoles al D\u00eda Mundial del Ri\u00f1\u00f3n e iluminar\u00e1 la fachada de la Casa Consistorial de color granate\",\"datePublished\":\"2022-03-08T12:46:25+00:00\",\"dateModified\":\"2023-04-11T09:48:26+00:00\",\"mainEntityOfPage\":{\"@id\":\"https:\\\/\\\/www.laguiadepamplona.com\\\/actualidad\\\/el-ayuntamiento-se-suma-el-miercoles-al-dia-mundial-del-rinon-e-iluminara-la-fachada-de-la-casa-consistorial-de-color-granate\\\/\"},\"wordCount\":345,\"commentCount\":0,\"publisher\":{\"@id\":\"https:\\\/\\\/www.laguiadepamplona.com\\\/actualidad\\\/#organization\"},\"image\":{\"@id\":\"https:\\\/\\\/www.laguiadepamplona.com\\\/actualidad\\\/el-ayuntamiento-se-suma-el-miercoles-al-dia-mundial-del-rinon-e-iluminara-la-fachada-de-la-casa-consistorial-de-color-granate\\\/#primaryimage\"},\"thumbnailUrl\":\"https:\\\/\\\/www.laguiadepamplona.com\\\/actualidad\\\/wp-content\\\/uploads\\\/2021\\\/10\\\/ayuntamiento-rojo.jpg\",\"articleSection\":[\"Ayto Pamplona\"],\"inLanguage\":\"es\",\"potentialAction\":[{\"@type\":\"CommentAction\",\"name\":\"Comment\",\"target\":[\"https:\\\/\\\/www.laguiadepamplona.com\\\/actualidad\\\/el-ayuntamiento-se-suma-el-miercoles-al-dia-mundial-del-rinon-e-iluminara-la-fachada-de-la-casa-consistorial-de-color-granate\\\/#respond\"]}]},{\"@type\":\"WebPage\",\"@id\":\"https:\\\/\\\/www.laguiadepamplona.com\\\/actualidad\\\/el-ayuntamiento-se-suma-el-miercoles-al-dia-mundial-del-rinon-e-iluminara-la-fachada-de-la-casa-consistorial-de-color-granate\\\/\",\"url\":\"https:\\\/\\\/www.laguiadepamplona.com\\\/actualidad\\\/el-ayuntamiento-se-suma-el-miercoles-al-dia-mundial-del-rinon-e-iluminara-la-fachada-de-la-casa-consistorial-de-color-granate\\\/\",\"name\":\"El Ayuntamiento se suma el mi\u00e9rcoles al D\u00eda Mundial del Ri\u00f1\u00f3n e iluminar\u00e1 la fachada de la Casa Consistorial de color granate\",\"isPartOf\":{\"@id\":\"https:\\\/\\\/www.laguiadepamplona.com\\\/actualidad\\\/#website\"},\"primaryImageOfPage\":{\"@id\":\"https:\\\/\\\/www.laguiadepamplona.com\\\/actualidad\\\/el-ayuntamiento-se-suma-el-miercoles-al-dia-mundial-del-rinon-e-iluminara-la-fachada-de-la-casa-consistorial-de-color-granate\\\/#primaryimage\"},\"image\":{\"@id\":\"https:\\\/\\\/www.laguiadepamplona.com\\\/actualidad\\\/el-ayuntamiento-se-suma-el-miercoles-al-dia-mundial-del-rinon-e-iluminara-la-fachada-de-la-casa-consistorial-de-color-granate\\\/#primaryimage\"},\"thumbnailUrl\":\"https:\\\/\\\/www.laguiadepamplona.com\\\/actualidad\\\/wp-content\\\/uploads\\\/2021\\\/10\\\/ayuntamiento-rojo.jpg\",\"datePublished\":\"2022-03-08T12:46:25+00:00\",\"dateModified\":\"2023-04-11T09:48:26+00:00\",\"description\":\"Seg\u00fan el \u00faltimo informe de la Organizaci\u00f3n Mundial de la Salud (OMS), de los 55 millones de muertes que se produjeron en 2019 en el mundo\",\"breadcrumb\":{\"@id\":\"https:\\\/\\\/www.laguiadepamplona.com\\\/actualidad\\\/el-ayuntamiento-se-suma-el-miercoles-al-dia-mundial-del-rinon-e-iluminara-la-fachada-de-la-casa-consistorial-de-color-granate\\\/#breadcrumb\"},\"inLanguage\":\"es\",\"potentialAction\":[{\"@type\":\"ReadAction\",\"target\":[\"https:\\\/\\\/www.laguiadepamplona.com\\\/actualidad\\\/el-ayuntamiento-se-suma-el-miercoles-al-dia-mundial-del-rinon-e-iluminara-la-fachada-de-la-casa-consistorial-de-color-granate\\\/\"]}]},{\"@type\":\"ImageObject\",\"inLanguage\":\"es\",\"@id\":\"https:\\\/\\\/www.laguiadepamplona.com\\\/actualidad\\\/el-ayuntamiento-se-suma-el-miercoles-al-dia-mundial-del-rinon-e-iluminara-la-fachada-de-la-casa-consistorial-de-color-granate\\\/#primaryimage\",\"url\":\"https:\\\/\\\/www.laguiadepamplona.com\\\/actualidad\\\/wp-content\\\/uploads\\\/2021\\\/10\\\/ayuntamiento-rojo.jpg\",\"contentUrl\":\"https:\\\/\\\/www.laguiadepamplona.com\\\/actualidad\\\/wp-content\\\/uploads\\\/2021\\\/10\\\/ayuntamiento-rojo.jpg\",\"width\":1529,\"height\":1019,\"caption\":\"ayuntamiento rojo\"},{\"@type\":\"BreadcrumbList\",\"@id\":\"https:\\\/\\\/www.laguiadepamplona.com\\\/actualidad\\\/el-ayuntamiento-se-suma-el-miercoles-al-dia-mundial-del-rinon-e-iluminara-la-fachada-de-la-casa-consistorial-de-color-granate\\\/#breadcrumb\",\"itemListElement\":[{\"@type\":\"ListItem\",\"position\":1,\"name\":\"Portada\",\"item\":\"https:\\\/\\\/www.laguiadepamplona.com\\\/actualidad\\\/\"},{\"@type\":\"ListItem\",\"position\":2,\"name\":\"El Ayuntamiento se suma el mi\u00e9rcoles al D\u00eda Mundial del Ri\u00f1\u00f3n e iluminar\u00e1 la fachada de la Casa Consistorial de color granate\"}]},{\"@type\":\"WebSite\",\"@id\":\"https:\\\/\\\/www.laguiadepamplona.com\\\/actualidad\\\/#website\",\"url\":\"https:\\\/\\\/www.laguiadepamplona.com\\\/actualidad\\\/\",\"name\":\"La gu\u00eda de Pamplona\",\"description\":\"Noticias de Pamplona\",\"publisher\":{\"@id\":\"https:\\\/\\\/www.laguiadepamplona.com\\\/actualidad\\\/#organization\"},\"potentialAction\":[{\"@type\":\"SearchAction\",\"target\":{\"@type\":\"EntryPoint\",\"urlTemplate\":\"https:\\\/\\\/www.laguiadepamplona.com\\\/actualidad\\\/?s={search_term_string}\"},\"query-input\":{\"@type\":\"PropertyValueSpecification\",\"valueRequired\":true,\"valueName\":\"search_term_string\"}}],\"inLanguage\":\"es\"},{\"@type\":\"Organization\",\"@id\":\"https:\\\/\\\/www.laguiadepamplona.com\\\/actualidad\\\/#organization\",\"name\":\"La Gu\u00eda de Pamplona \\\/ Noticias\",\"url\":\"https:\\\/\\\/www.laguiadepamplona.com\\\/actualidad\\\/\",\"logo\":{\"@type\":\"ImageObject\",\"inLanguage\":\"es\",\"@id\":\"https:\\\/\\\/www.laguiadepamplona.com\\\/actualidad\\\/#\\\/schema\\\/logo\\\/image\\\/\",\"url\":\"https:\\\/\\\/www.laguiadepamplona.com\\\/actualidad\\\/wp-content\\\/uploads\\\/2018\\\/11\\\/logo-laguiadepamplona18-web1.png\",\"contentUrl\":\"https:\\\/\\\/www.laguiadepamplona.com\\\/actualidad\\\/wp-content\\\/uploads\\\/2018\\\/11\\\/logo-laguiadepamplona18-web1.png\",\"width\":600,\"height\":196,\"caption\":\"La Gu\u00eda de Pamplona \\\/ Noticias\"},\"image\":{\"@id\":\"https:\\\/\\\/www.laguiadepamplona.com\\\/actualidad\\\/#\\\/schema\\\/logo\\\/image\\\/\"},\"sameAs\":[\"https:\\\/\\\/www.facebook.com\\\/laguiadepamplonacom-133175176762273\\\/?ref=hl\",\"https:\\\/\\\/x.com\\\/LaGuiadPamplona\",\"https:\\\/\\\/www.instagram.com\\\/la_guia_de_pamplona\\\/\",\"https:\\\/\\\/www.youtube.com\\\/user\\\/laguiadepamplona\"]},{\"@type\":\"Person\",\"@id\":\"https:\\\/\\\/www.laguiadepamplona.com\\\/actualidad\\\/#\\\/schema\\\/person\\\/efe887376f0213d4657c93adc50b1fdb\",\"name\":\"La Gu\u00eda de Pamplona\",\"image\":{\"@type\":\"ImageObject\",\"inLanguage\":\"es\",\"@id\":\"https:\\\/\\\/secure.gravatar.com\\\/avatar\\\/b6992f131dc8d30ab0dff15446e9d346d9dbd95992de0fef795073f5ea83a81c?s=96&d=mm&r=g\",\"url\":\"https:\\\/\\\/secure.gravatar.com\\\/avatar\\\/b6992f131dc8d30ab0dff15446e9d346d9dbd95992de0fef795073f5ea83a81c?s=96&d=mm&r=g\",\"contentUrl\":\"https:\\\/\\\/secure.gravatar.com\\\/avatar\\\/b6992f131dc8d30ab0dff15446e9d346d9dbd95992de0fef795073f5ea83a81c?s=96&d=mm&r=g\",\"caption\":\"La Gu\u00eda de Pamplona\"}}]}<\/script>\n<!-- \/ Yoast SEO plugin. -->","yoast_head_json":{"title":"El Ayuntamiento se suma el mi\u00e9rcoles al D\u00eda Mundial del Ri\u00f1\u00f3n e iluminar\u00e1 la fachada de la Casa Consistorial de color granate","description":"Seg\u00fan el \u00faltimo informe de la Organizaci\u00f3n Mundial de la Salud (OMS), de los 55 millones de muertes que se produjeron en 2019 en el mundo","robots":{"index":"index","follow":"follow","max-snippet":"max-snippet:-1","max-image-preview":"max-image-preview:large","max-video-preview":"max-video-preview:-1"},"canonical":"https:\/\/www.laguiadepamplona.com\/actualidad\/el-ayuntamiento-se-suma-el-miercoles-al-dia-mundial-del-rinon-e-iluminara-la-fachada-de-la-casa-consistorial-de-color-granate\/","og_locale":"es_ES","og_type":"article","og_title":"El Ayuntamiento se suma el mi\u00e9rcoles al D\u00eda Mundial del Ri\u00f1\u00f3n e iluminar\u00e1 la fachada de la Casa Consistorial de color granate","og_description":"Seg\u00fan el \u00faltimo informe de la Organizaci\u00f3n Mundial de la Salud (OMS), de los 55 millones de muertes que se produjeron en 2019 en el mundo","og_url":"https:\/\/www.laguiadepamplona.com\/actualidad\/el-ayuntamiento-se-suma-el-miercoles-al-dia-mundial-del-rinon-e-iluminara-la-fachada-de-la-casa-consistorial-de-color-granate\/","og_site_name":"La Gu\u00eda de Pamplona","article_publisher":"https:\/\/www.facebook.com\/laguiadepamplonacom-133175176762273\/?ref=hl","article_published_time":"2022-03-08T12:46:25+00:00","article_modified_time":"2023-04-11T09:48:26+00:00","og_image":[{"width":1529,"height":1019,"url":"https:\/\/www.laguiadepamplona.com\/actualidad\/wp-content\/uploads\/2021\/10\/ayuntamiento-rojo.jpg","type":"image\/jpeg"}],"author":"La Gu\u00eda de Pamplona","twitter_card":"summary_large_image","twitter_creator":"@LaGuiadPamplona","twitter_site":"@LaGuiadPamplona","twitter_misc":{"Escrito por":"La Gu\u00eda de Pamplona","Tiempo de lectura":"2 minutos"},"schema":{"@context":"https:\/\/schema.org","@graph":[{"@type":"Article","@id":"https:\/\/www.laguiadepamplona.com\/actualidad\/el-ayuntamiento-se-suma-el-miercoles-al-dia-mundial-del-rinon-e-iluminara-la-fachada-de-la-casa-consistorial-de-color-granate\/#article","isPartOf":{"@id":"https:\/\/www.laguiadepamplona.com\/actualidad\/el-ayuntamiento-se-suma-el-miercoles-al-dia-mundial-del-rinon-e-iluminara-la-fachada-de-la-casa-consistorial-de-color-granate\/"},"author":{"name":"La Gu\u00eda de Pamplona","@id":"https:\/\/www.laguiadepamplona.com\/actualidad\/#\/schema\/person\/efe887376f0213d4657c93adc50b1fdb"},"headline":"El Ayuntamiento se suma el mi\u00e9rcoles al D\u00eda Mundial del Ri\u00f1\u00f3n e iluminar\u00e1 la fachada de la Casa Consistorial de color granate","datePublished":"2022-03-08T12:46:25+00:00","dateModified":"2023-04-11T09:48:26+00:00","mainEntityOfPage":{"@id":"https:\/\/www.laguiadepamplona.com\/actualidad\/el-ayuntamiento-se-suma-el-miercoles-al-dia-mundial-del-rinon-e-iluminara-la-fachada-de-la-casa-consistorial-de-color-granate\/"},"wordCount":345,"commentCount":0,"publisher":{"@id":"https:\/\/www.laguiadepamplona.com\/actualidad\/#organization"},"image":{"@id":"https:\/\/www.laguiadepamplona.com\/actualidad\/el-ayuntamiento-se-suma-el-miercoles-al-dia-mundial-del-rinon-e-iluminara-la-fachada-de-la-casa-consistorial-de-color-granate\/#primaryimage"},"thumbnailUrl":"https:\/\/www.laguiadepamplona.com\/actualidad\/wp-content\/uploads\/2021\/10\/ayuntamiento-rojo.jpg","articleSection":["Ayto Pamplona"],"inLanguage":"es","potentialAction":[{"@type":"CommentAction","name":"Comment","target":["https:\/\/www.laguiadepamplona.com\/actualidad\/el-ayuntamiento-se-suma-el-miercoles-al-dia-mundial-del-rinon-e-iluminara-la-fachada-de-la-casa-consistorial-de-color-granate\/#respond"]}]},{"@type":"WebPage","@id":"https:\/\/www.laguiadepamplona.com\/actualidad\/el-ayuntamiento-se-suma-el-miercoles-al-dia-mundial-del-rinon-e-iluminara-la-fachada-de-la-casa-consistorial-de-color-granate\/","url":"https:\/\/www.laguiadepamplona.com\/actualidad\/el-ayuntamiento-se-suma-el-miercoles-al-dia-mundial-del-rinon-e-iluminara-la-fachada-de-la-casa-consistorial-de-color-granate\/","name":"El Ayuntamiento se suma el mi\u00e9rcoles al D\u00eda Mundial del Ri\u00f1\u00f3n e iluminar\u00e1 la fachada de la Casa Consistorial de color granate","isPartOf":{"@id":"https:\/\/www.laguiadepamplona.com\/actualidad\/#website"},"primaryImageOfPage":{"@id":"https:\/\/www.laguiadepamplona.com\/actualidad\/el-ayuntamiento-se-suma-el-miercoles-al-dia-mundial-del-rinon-e-iluminara-la-fachada-de-la-casa-consistorial-de-color-granate\/#primaryimage"},"image":{"@id":"https:\/\/www.laguiadepamplona.com\/actualidad\/el-ayuntamiento-se-suma-el-miercoles-al-dia-mundial-del-rinon-e-iluminara-la-fachada-de-la-casa-consistorial-de-color-granate\/#primaryimage"},"thumbnailUrl":"https:\/\/www.laguiadepamplona.com\/actualidad\/wp-content\/uploads\/2021\/10\/ayuntamiento-rojo.jpg","datePublished":"2022-03-08T12:46:25+00:00","dateModified":"2023-04-11T09:48:26+00:00","description":"Seg\u00fan el \u00faltimo informe de la Organizaci\u00f3n Mundial de la Salud (OMS), de los 55 millones de muertes que se produjeron en 2019 en el mundo","breadcrumb":{"@id":"https:\/\/www.laguiadepamplona.com\/actualidad\/el-ayuntamiento-se-suma-el-miercoles-al-dia-mundial-del-rinon-e-iluminara-la-fachada-de-la-casa-consistorial-de-color-granate\/#breadcrumb"},"inLanguage":"es","potentialAction":[{"@type":"ReadAction","target":["https:\/\/www.laguiadepamplona.com\/actualidad\/el-ayuntamiento-se-suma-el-miercoles-al-dia-mundial-del-rinon-e-iluminara-la-fachada-de-la-casa-consistorial-de-color-granate\/"]}]},{"@type":"ImageObject","inLanguage":"es","@id":"https:\/\/www.laguiadepamplona.com\/actualidad\/el-ayuntamiento-se-suma-el-miercoles-al-dia-mundial-del-rinon-e-iluminara-la-fachada-de-la-casa-consistorial-de-color-granate\/#primaryimage","url":"https:\/\/www.laguiadepamplona.com\/actualidad\/wp-content\/uploads\/2021\/10\/ayuntamiento-rojo.jpg","contentUrl":"https:\/\/www.laguiadepamplona.com\/actualidad\/wp-content\/uploads\/2021\/10\/ayuntamiento-rojo.jpg","width":1529,"height":1019,"caption":"ayuntamiento rojo"},{"@type":"BreadcrumbList","@id":"https:\/\/www.laguiadepamplona.com\/actualidad\/el-ayuntamiento-se-suma-el-miercoles-al-dia-mundial-del-rinon-e-iluminara-la-fachada-de-la-casa-consistorial-de-color-granate\/#breadcrumb","itemListElement":[{"@type":"ListItem","position":1,"name":"Portada","item":"https:\/\/www.laguiadepamplona.com\/actualidad\/"},{"@type":"ListItem","position":2,"name":"El Ayuntamiento se suma el mi\u00e9rcoles al D\u00eda Mundial del Ri\u00f1\u00f3n e iluminar\u00e1 la fachada de la Casa Consistorial de color granate"}]},{"@type":"WebSite","@id":"https:\/\/www.laguiadepamplona.com\/actualidad\/#website","url":"https:\/\/www.laguiadepamplona.com\/actualidad\/","name":"La gu\u00eda de Pamplona","description":"Noticias de Pamplona","publisher":{"@id":"https:\/\/www.laguiadepamplona.com\/actualidad\/#organization"},"potentialAction":[{"@type":"SearchAction","target":{"@type":"EntryPoint","urlTemplate":"https:\/\/www.laguiadepamplona.com\/actualidad\/?s={search_term_string}"},"query-input":{"@type":"PropertyValueSpecification","valueRequired":true,"valueName":"search_term_string"}}],"inLanguage":"es"},{"@type":"Organization","@id":"https:\/\/www.laguiadepamplona.com\/actualidad\/#organization","name":"La Gu\u00eda de Pamplona \/ Noticias","url":"https:\/\/www.laguiadepamplona.com\/actualidad\/","logo":{"@type":"ImageObject","inLanguage":"es","@id":"https:\/\/www.laguiadepamplona.com\/actualidad\/#\/schema\/logo\/image\/","url":"https:\/\/www.laguiadepamplona.com\/actualidad\/wp-content\/uploads\/2018\/11\/logo-laguiadepamplona18-web1.png","contentUrl":"https:\/\/www.laguiadepamplona.com\/actualidad\/wp-content\/uploads\/2018\/11\/logo-laguiadepamplona18-web1.png","width":600,"height":196,"caption":"La Gu\u00eda de Pamplona \/ Noticias"},"image":{"@id":"https:\/\/www.laguiadepamplona.com\/actualidad\/#\/schema\/logo\/image\/"},"sameAs":["https:\/\/www.facebook.com\/laguiadepamplonacom-133175176762273\/?ref=hl","https:\/\/x.com\/LaGuiadPamplona","https:\/\/www.instagram.com\/la_guia_de_pamplona\/","https:\/\/www.youtube.com\/user\/laguiadepamplona"]},{"@type":"Person","@id":"https:\/\/www.laguiadepamplona.com\/actualidad\/#\/schema\/person\/efe887376f0213d4657c93adc50b1fdb","name":"La Gu\u00eda de Pamplona","image":{"@type":"ImageObject","inLanguage":"es","@id":"https:\/\/secure.gravatar.com\/avatar\/b6992f131dc8d30ab0dff15446e9d346d9dbd95992de0fef795073f5ea83a81c?s=96&d=mm&r=g","url":"https:\/\/secure.gravatar.com\/avatar\/b6992f131dc8d30ab0dff15446e9d346d9dbd95992de0fef795073f5ea83a81c?s=96&d=mm&r=g","contentUrl":"https:\/\/secure.gravatar.com\/avatar\/b6992f131dc8d30ab0dff15446e9d346d9dbd95992de0fef795073f5ea83a81c?s=96&d=mm&r=g","caption":"La Gu\u00eda de Pamplona"}}]}},"post_mailing_queue_ids":[],"_links":{"self":[{"href":"https:\/\/www.laguiadepamplona.com\/actualidad\/wp-json\/wp\/v2\/posts\/39276","targetHints":{"allow":["GET"]}}],"collection":[{"href":"https:\/\/www.laguiadepamplona.com\/actualidad\/wp-json\/wp\/v2\/posts"}],"about":[{"href":"https:\/\/www.laguiadepamplona.com\/actualidad\/wp-json\/wp\/v2\/types\/post"}],"author":[{"embeddable":true,"href":"https:\/\/www.laguiadepamplona.com\/actualidad\/wp-json\/wp\/v2\/users\/1"}],"replies":[{"embeddable":true,"href":"https:\/\/www.laguiadepamplona.com\/actualidad\/wp-json\/wp\/v2\/comments?post=39276"}],"version-history":[{"count":0,"href":"https:\/\/www.laguiadepamplona.com\/actualidad\/wp-json\/wp\/v2\/posts\/39276\/revisions"}],"wp:featuredmedia":[{"embeddable":true,"href":"https:\/\/www.laguiadepamplona.com\/actualidad\/wp-json\/wp\/v2\/media\/36967"}],"wp:attachment":[{"href":"https:\/\/www.laguiadepamplona.com\/actualidad\/wp-json\/wp\/v2\/media?parent=39276"}],"wp:term":[{"taxonomy":"category","embeddable":true,"href":"https:\/\/www.laguiadepamplona.com\/actualidad\/wp-json\/wp\/v2\/categories?post=39276"},{"taxonomy":"post_tag","embeddable":true,"href":"https:\/\/www.laguiadepamplona.com\/actualidad\/wp-json\/wp\/v2\/tags?post=39276"}],"curies":[{"name":"wp","href":"https:\/\/api.w.org\/{rel}","templated":true}]}}