{"id":39272,"date":"2022-03-08T14:43:28","date_gmt":"2022-03-08T12:43:28","guid":{"rendered":"https:\/\/www.laguiadepamplona.com\/actualidad\/?p=39272"},"modified":"2023-04-11T11:48:26","modified_gmt":"2023-04-11T09:48:26","slug":"el-ayuntamiento-de-pamplona-homenajea-el-8m-a-siete-mujeres-cuyas-trayectorias-visibilizan-las-aportaciones-de-las-mujeres-en-todos-los-campos","status":"publish","type":"post","link":"https:\/\/www.laguiadepamplona.com\/actualidad\/el-ayuntamiento-de-pamplona-homenajea-el-8m-a-siete-mujeres-cuyas-trayectorias-visibilizan-las-aportaciones-de-las-mujeres-en-todos-los-campos\/","title":{"rendered":"El Ayuntamiento de Pamplona homenajea el 8M a siete mujeres cuyas trayectorias visibilizan las aportaciones de las mujeres en todos los campos"},"content":{"rendered":"<h5>En esta jornada, adem\u00e1s, se ha le\u00eddo un manifiesto con compromisos y esta noche se iluminar\u00e1 de morado la fachada de Casa Consistorial<\/h5>\n<p><!--more--><\/p>\n<p>Esta ma\u00f1ana en el Patio del Palacio del Condestable han recibido un reconocimiento siete mujeres que, por su trayectoria en muy diversos campos, han sido homenajeadas por el Ayuntamiento de Pamplona como agentes de cambio social. Este acto, que se repite por tercer a\u00f1o consecutivo, ha congregado a Maite Mendioroz Iriarte, del equipo m\u00e9dico del Servicio de Neurolog\u00eda del Hospital Universitario de Navarra (HUN); Isabel Sola Gurpegui, cient\u00edfica y Mar\u00eda Iraburu Elizalde, primera rectora de la Universidad de Navarra.<\/p>\n<p>Con ellas estaban Ainhoa Zabala Versteeg, directora general de Zabala Innovation, Elena Aisa Lusar, fundadora de la asociaci\u00f3n Besarkada frente al suicidio y Karolina Saras\u00faa Garc\u00eda, jugadora de f\u00fatbol de Osasuna femenino B, que ha experimentado en el campo qu\u00e9 es la discriminaci\u00f3n de g\u00e9nero. En representaci\u00f3n de Beatriz Zudaire Garc\u00eda, promesa del baloncesto nacional en silla de ruedas y de la nataci\u00f3n adaptada, ha estado su madre Maria del Puerto Garc\u00eda.<\/p>\n<p>En este acto presidido por el alcalde Enrique Maya y con la participaci\u00f3n de ediles de todos los grupos de la Corporaci\u00f3n, las premiadas han recibido una reproducci\u00f3n de la fachada de la Casa Consistorial y todas ellas se han dirigido de forma individual al p\u00fablico congregado en el patio. Este homenaje se realiza en la jornada de celebraci\u00f3n del D\u00eda Internacional de las Mujeres para reconocer trayectorias personales y profesionales, pero tambi\u00e9n para visibilizar las aportaciones de las mujeres en todos los campos. Estas siete mujeres se suman a otras 10 que fueron homenajeadas en 2020 y 2021 en un acto similar, por sus trayectorias empresariales, deportivas, en el campo de la investigaci\u00f3n y la pr\u00e1ctica m\u00e9dica, la judicatura o las ONG.<br \/>\n<script async src=\"\/\/pagead2.googlesyndication.com\/pagead\/js\/adsbygoogle.js\"><\/script><br \/>\n<!-- Noticias La Guia de Pamplona --><br \/>\n<ins class=\"adsbygoogle\"\nstyle=\"display:block\"\ndata-ad-client=\"ca-pub-6943679897239327\"\ndata-ad-slot=\"7048180777\"\ndata-ad-format=\"auto\"><\/ins><br \/>\n<script>\n(adsbygoogle = window.adsbygoogle || []).push({});\n<\/script><\/p>\n<p><strong>Una jornada reivindicativa y de visibilizaci\u00f3n<\/strong><\/p>\n<p>Previamente al acto, en la Plaza Consistorial ha tenido lugar una concentraci\u00f3n silenciosa que ha acabado con la lectura de un manifiesto por el 8M, D\u00eda Internacional de las Mujeres \u201cDe la conciliaci\u00f3n a los cuidados corresponsables; transformar para resolver\u201d. En el manifiesto que ser\u00e1 aprobado como Declaraci\u00f3n Institucional por la Comisi\u00f3n de Asuntos Ciudadanos, el Consistorio se ha comprometido a \u201cpromover pol\u00edticas p\u00fablicas en el \u00e1mbito local que fomenten un cambio en el enfoque sobre los cuidados para avanzar hacia la igualdad entre mujeres y hombres\u201d. Asimismo, a \u201cvisibilizar y dar valor a los trabajos de cuidados que hacen posible la sostenibilidad de la vida, incidiendo en la transformaci\u00f3n de los roles y estereotipos que refuerzan la divisi\u00f3n sexual del trabajo y reconocer las aportaciones y el trabajo del movimiento feminista en ese \u00e1mbito\u201d.<\/p>\n<p>As\u00ed, el Ayuntamiento de Pamplona anima a la ciudadan\u00eda a participar esta tarde, a las 20 horas, en la movilizaci\u00f3n organizada por los movimientos feministas cuyo punto de origen ser\u00e1 el Parque de Antoinutti. Adem\u00e1s, esta tarde-noche, la fachada de la Casa Consistorial se iluminar\u00e1 de morado para recordar hasta el final del d\u00eda de forma gen\u00e9rica el derecho a la igualdad y no discriminaci\u00f3n por motivos de g\u00e9nero y, en este 2022 que el cuidado es esencial para sostener la vida, pero sigue siendo en muchas ocasiones gratuito, invisible, precario y feminizado por lo que el reparto equitativo de responsabilidades el cuidado es un reto pendiente.<br \/>\n<script async src=\"\/\/pagead2.googlesyndication.com\/pagead\/js\/adsbygoogle.js\"><\/script><br \/>\n<!-- Noticias La Guia de Pamplona --><br \/>\n<ins class=\"adsbygoogle\"\nstyle=\"display:block\"\ndata-ad-client=\"ca-pub-6943679897239327\"\ndata-ad-slot=\"7048180777\"\ndata-ad-format=\"auto\"><\/ins><br \/>\n<script>\n(adsbygoogle = window.adsbygoogle || []).push({});\n<\/script><\/p>\n<p>&nbsp;<\/p>\n<h3><strong>Siete perfiles<\/strong><\/h3>\n<ul>\n<li><strong>Maite Mendioroz Iriarte<\/strong><\/li>\n<\/ul>\n<p>Forma parte del equipo m\u00e9dico del Servicio de Neurolog\u00eda del Hospital Universitario de Navarra (HUN). Compagina su actividad asistencial con el desarrollo de proyectos de investigaci\u00f3n trasnacional en Navarrabiomed, gracias al Programa de intensificaci\u00f3n de Fundaci\u00f3n Bancaria La Caixa, Fundaci\u00f3n Bancaria Caja Navarra y Navarrabiomed. Est\u00e1 en el ranking Top 100 Mujeres L\u00edderes en Espa\u00f1a. Es Premio TELVA a las Ciencias (2018), Miembro de Honor del Consejo Europeo de Doctores (CONSEDOC) (2018) o Premio nacional Alberto R\u00e1bano a la mejor tesis en neurociencias de la Fundaci\u00f3n Romanillos (2011).<\/p>\n<ul>\n<li><strong>Isabel Sola Gurpegui<\/strong><\/li>\n<\/ul>\n<p>Este a\u00f1o se encuentra en el ranking Top 100 Mujeres L\u00edderes en Espa\u00f1a. Ha sido una de las cient\u00edficas cuya labor fue especialmente reconocida en la edici\u00f3n de este a\u00f1o del ranking. Bi\u00f3loga experta en coronavirus y coinventora de tres patentes, es investigadora del Centro Nacional de Biotecnolog\u00eda y codirectora del grupo de coronavirus en esa instituci\u00f3n. Recibi\u00f3 en 2021la Cruz de Carlos III, el noble de Navarra.<\/p>\n<ul>\n<li><strong>Mar\u00eda Iraburu Elizalde<\/strong><\/li>\n<\/ul>\n<p>Desde este a\u00f1o rectora de la Universidad de Navarra. Es la novena persona y la primera mujer en ocupar este cargo en los casi setenta a\u00f1os de historia de la entidad. Pamplonesa de nacimiento es licenciada en Biolog\u00eda (UN). Desde sus comienzos ha compatibilizado su carrera investigadora con la docencia y el gobierno universitario. Ha sido investigadora principal ene siete proyectos de investigaci\u00f3n y ha dirigido ocho tesis doctorales.<\/p>\n<ul>\n<li><strong>Ainhoa Zabala Versteeg<\/strong><\/li>\n<\/ul>\n<p>Es directora general de Zabala Innovation. Ha sido seleccionada como la ganadora de la Direcci\u00f3n Territorial Ebro de los Premios Mujer Empresaria CaixaBank 2021, que reconocen el talento y la excelencia profesional de empresarias en Espa\u00f1a y fomentan las redes de contactos entre empresarias l\u00edderes en el mundo. Ella forma parte de diferentes redes nacionales e internacionales. Junto con su hermano, Ainhoa Zabala lidera esta empresa familiar navarra que lleva m\u00e1s de 35 a\u00f1os impulsando la innovaci\u00f3n.<\/p>\n<ul>\n<li><strong>Beatriz Zudaire Garc\u00eda<\/strong><\/li>\n<\/ul>\n<p>Una de las grandes promesas del baloncesto nacional en silla de ruedas y de la nataci\u00f3n adaptada, inici\u00f3 su carrera deportiva en el Fundaci\u00f3n Vital en la temporada 2014\/15. Sufre una enfermedad neuromuscular degenerativa y ha logrado un diploma en los Juegos Paral\u00edmpicos de Tokio con la selecci\u00f3n espa\u00f1ola a la que lleg\u00f3 cuando llevaba solo cuatro meses jugando. Ahora tambi\u00e9n estudia Psicolog\u00eda.<\/p>\n<ul>\n<li><strong>Elena Aisa Lusar<\/strong><\/li>\n<\/ul>\n<p>Creadora de la asociaci\u00f3n Besarkada, una entidad que trabaja para ofrecer un apoyo todas las personas afectadas por el suicidio de un ser querido. Hace ocho a\u00f1os su hijo se quit\u00f3 la vida y en el proceso de superaci\u00f3n de su caso personal pens\u00f3 en ayudar con este recurso asociativo a quienes se ven afectados por situaciones similares.<\/p>\n<ul>\n<li><strong>Karolina Saras\u00faa Garc\u00eda<\/strong><\/li>\n<\/ul>\n<p>Jugadora de f\u00fatbol, miembro de Osasuna B femenino, ha experimentado en primera persona qu\u00e9 es la discriminaci\u00f3n por sexo despu\u00e9s de haber tenido que soportar insultos machistas y amenazas durante la celebraci\u00f3n de un encuentro deportivo, un hecho que denunci\u00f3.<br \/>\n<script async src=\"\/\/pagead2.googlesyndication.com\/pagead\/js\/adsbygoogle.js\"><\/script><br \/>\n<!-- Noticias La Guia de Pamplona --><br \/>\n<ins class=\"adsbygoogle\"\nstyle=\"display:block\"\ndata-ad-client=\"ca-pub-6943679897239327\"\ndata-ad-slot=\"7048180777\"\ndata-ad-format=\"auto\"><\/ins><br \/>\n<script>\n(adsbygoogle = window.adsbygoogle || []).push({});\n<\/script><\/p>\n<p>&nbsp;<\/p>\n<h3><strong>Actos de la Jornada del 8 de marzo<\/strong><\/h3>\n<ul>\n<li><strong>Concentraci\u00f3n y lectura de la declaraci\u00f3n institucional<\/strong> con motivo del D\u00eda Internacional de las Mujeres. Plaza Consistorial. 11 horas.<\/li>\n<li><strong>Acto de reconocimiento<\/strong> a mujeres de Pamplona en diferentes disciplinas. Civivox Condestable. 11.30 horas<\/li>\n<li><strong>Caf\u00e9 8M<\/strong>. Casa de las Mujeres. 17 horas<\/li>\n<li><strong>Movilizaci\u00f3n organizada por los movimientos feministas<\/strong>. Parque de Antoinutti. 20 horas.<\/li>\n<li><strong>Iluminaci\u00f3n.<\/strong> La fachada de la Casa Consistorial se iluminar\u00e1 de morado en conmemoraci\u00f3n de la jornada<\/li>\n<\/ul>\n","protected":false},"excerpt":{"rendered":"<p>En esta jornada, adem\u00e1s, se ha le\u00eddo un manifiesto con compromisos y esta noche se iluminar\u00e1 de morado la fachada de Casa Consistorial<\/p>\n","protected":false},"author":1,"featured_media":39274,"comment_status":"open","ping_status":"closed","sticky":false,"template":"","format":"standard","meta":{"footnotes":""},"categories":[2],"tags":[],"class_list":["post-39272","post","type-post","status-publish","format-standard","has-post-thumbnail","hentry","category-ayuntamiento-pamplona"],"yoast_head":"<!-- This site is optimized with the Yoast SEO plugin v27.5 - https:\/\/yoast.com\/product\/yoast-seo-wordpress\/ -->\n<title>El Ayuntamiento de Pamplona homenajea el 8M a siete mujeres cuyas trayectorias visibilizan las aportaciones de las mujeres en todos los campos<\/title>\n<meta name=\"description\" content=\"En esta jornada, adem\u00e1s, se ha le\u00eddo un manifiesto con compromisos y esta noche se iluminar\u00e1 de morado la fachada de Casa Consistorial\" \/>\n<meta name=\"robots\" content=\"index, follow, max-snippet:-1, max-image-preview:large, max-video-preview:-1\" \/>\n<link rel=\"canonical\" href=\"https:\/\/www.laguiadepamplona.com\/actualidad\/el-ayuntamiento-de-pamplona-homenajea-el-8m-a-siete-mujeres-cuyas-trayectorias-visibilizan-las-aportaciones-de-las-mujeres-en-todos-los-campos\/\" \/>\n<meta property=\"og:locale\" content=\"es_ES\" \/>\n<meta property=\"og:type\" content=\"article\" \/>\n<meta property=\"og:title\" content=\"El Ayuntamiento de Pamplona homenajea el 8M a siete mujeres cuyas trayectorias visibilizan las aportaciones de las mujeres en todos los campos\" \/>\n<meta property=\"og:description\" content=\"En esta jornada, adem\u00e1s, se ha le\u00eddo un manifiesto con compromisos y esta noche se iluminar\u00e1 de morado la fachada de Casa Consistorial\" \/>\n<meta property=\"og:url\" content=\"https:\/\/www.laguiadepamplona.com\/actualidad\/el-ayuntamiento-de-pamplona-homenajea-el-8m-a-siete-mujeres-cuyas-trayectorias-visibilizan-las-aportaciones-de-las-mujeres-en-todos-los-campos\/\" \/>\n<meta property=\"og:site_name\" content=\"La Gu\u00eda de Pamplona\" \/>\n<meta property=\"article:publisher\" content=\"https:\/\/www.facebook.com\/laguiadepamplonacom-133175176762273\/?ref=hl\" \/>\n<meta property=\"article:published_time\" content=\"2022-03-08T12:43:28+00:00\" \/>\n<meta property=\"article:modified_time\" content=\"2023-04-11T09:48:26+00:00\" \/>\n<meta property=\"og:image\" content=\"https:\/\/www.laguiadepamplona.com\/actualidad\/wp-content\/uploads\/2022\/03\/homenaje-8m-mujeres-1.jpg\" \/>\n\t<meta property=\"og:image:width\" content=\"1920\" \/>\n\t<meta property=\"og:image:height\" content=\"1281\" \/>\n\t<meta property=\"og:image:type\" content=\"image\/jpeg\" \/>\n<meta name=\"author\" content=\"La Gu\u00eda de Pamplona\" \/>\n<meta name=\"twitter:card\" content=\"summary_large_image\" \/>\n<meta name=\"twitter:creator\" content=\"@LaGuiadPamplona\" \/>\n<meta name=\"twitter:site\" content=\"@LaGuiadPamplona\" \/>\n<meta name=\"twitter:label1\" content=\"Escrito por\" \/>\n\t<meta name=\"twitter:data1\" content=\"La Gu\u00eda de Pamplona\" \/>\n\t<meta name=\"twitter:label2\" content=\"Tiempo de lectura\" \/>\n\t<meta name=\"twitter:data2\" content=\"6 minutos\" \/>\n<script type=\"application\/ld+json\" class=\"yoast-schema-graph\">{\"@context\":\"https:\\\/\\\/schema.org\",\"@graph\":[{\"@type\":\"Article\",\"@id\":\"https:\\\/\\\/www.laguiadepamplona.com\\\/actualidad\\\/el-ayuntamiento-de-pamplona-homenajea-el-8m-a-siete-mujeres-cuyas-trayectorias-visibilizan-las-aportaciones-de-las-mujeres-en-todos-los-campos\\\/#article\",\"isPartOf\":{\"@id\":\"https:\\\/\\\/www.laguiadepamplona.com\\\/actualidad\\\/el-ayuntamiento-de-pamplona-homenajea-el-8m-a-siete-mujeres-cuyas-trayectorias-visibilizan-las-aportaciones-de-las-mujeres-en-todos-los-campos\\\/\"},\"author\":{\"name\":\"La Gu\u00eda de Pamplona\",\"@id\":\"https:\\\/\\\/www.laguiadepamplona.com\\\/actualidad\\\/#\\\/schema\\\/person\\\/efe887376f0213d4657c93adc50b1fdb\"},\"headline\":\"El Ayuntamiento de Pamplona homenajea el 8M a siete mujeres cuyas trayectorias visibilizan las aportaciones de las mujeres en todos los campos\",\"datePublished\":\"2022-03-08T12:43:28+00:00\",\"dateModified\":\"2023-04-11T09:48:26+00:00\",\"mainEntityOfPage\":{\"@id\":\"https:\\\/\\\/www.laguiadepamplona.com\\\/actualidad\\\/el-ayuntamiento-de-pamplona-homenajea-el-8m-a-siete-mujeres-cuyas-trayectorias-visibilizan-las-aportaciones-de-las-mujeres-en-todos-los-campos\\\/\"},\"wordCount\":1211,\"commentCount\":0,\"publisher\":{\"@id\":\"https:\\\/\\\/www.laguiadepamplona.com\\\/actualidad\\\/#organization\"},\"image\":{\"@id\":\"https:\\\/\\\/www.laguiadepamplona.com\\\/actualidad\\\/el-ayuntamiento-de-pamplona-homenajea-el-8m-a-siete-mujeres-cuyas-trayectorias-visibilizan-las-aportaciones-de-las-mujeres-en-todos-los-campos\\\/#primaryimage\"},\"thumbnailUrl\":\"https:\\\/\\\/www.laguiadepamplona.com\\\/actualidad\\\/wp-content\\\/uploads\\\/2022\\\/03\\\/homenaje-8m-mujeres-1.jpg\",\"articleSection\":[\"Ayto Pamplona\"],\"inLanguage\":\"es\",\"potentialAction\":[{\"@type\":\"CommentAction\",\"name\":\"Comment\",\"target\":[\"https:\\\/\\\/www.laguiadepamplona.com\\\/actualidad\\\/el-ayuntamiento-de-pamplona-homenajea-el-8m-a-siete-mujeres-cuyas-trayectorias-visibilizan-las-aportaciones-de-las-mujeres-en-todos-los-campos\\\/#respond\"]}]},{\"@type\":\"WebPage\",\"@id\":\"https:\\\/\\\/www.laguiadepamplona.com\\\/actualidad\\\/el-ayuntamiento-de-pamplona-homenajea-el-8m-a-siete-mujeres-cuyas-trayectorias-visibilizan-las-aportaciones-de-las-mujeres-en-todos-los-campos\\\/\",\"url\":\"https:\\\/\\\/www.laguiadepamplona.com\\\/actualidad\\\/el-ayuntamiento-de-pamplona-homenajea-el-8m-a-siete-mujeres-cuyas-trayectorias-visibilizan-las-aportaciones-de-las-mujeres-en-todos-los-campos\\\/\",\"name\":\"El Ayuntamiento de Pamplona homenajea el 8M a siete mujeres cuyas trayectorias visibilizan las aportaciones de las mujeres en todos los campos\",\"isPartOf\":{\"@id\":\"https:\\\/\\\/www.laguiadepamplona.com\\\/actualidad\\\/#website\"},\"primaryImageOfPage\":{\"@id\":\"https:\\\/\\\/www.laguiadepamplona.com\\\/actualidad\\\/el-ayuntamiento-de-pamplona-homenajea-el-8m-a-siete-mujeres-cuyas-trayectorias-visibilizan-las-aportaciones-de-las-mujeres-en-todos-los-campos\\\/#primaryimage\"},\"image\":{\"@id\":\"https:\\\/\\\/www.laguiadepamplona.com\\\/actualidad\\\/el-ayuntamiento-de-pamplona-homenajea-el-8m-a-siete-mujeres-cuyas-trayectorias-visibilizan-las-aportaciones-de-las-mujeres-en-todos-los-campos\\\/#primaryimage\"},\"thumbnailUrl\":\"https:\\\/\\\/www.laguiadepamplona.com\\\/actualidad\\\/wp-content\\\/uploads\\\/2022\\\/03\\\/homenaje-8m-mujeres-1.jpg\",\"datePublished\":\"2022-03-08T12:43:28+00:00\",\"dateModified\":\"2023-04-11T09:48:26+00:00\",\"description\":\"En esta jornada, adem\u00e1s, se ha le\u00eddo un manifiesto con compromisos y esta noche se iluminar\u00e1 de morado la fachada de Casa Consistorial\",\"breadcrumb\":{\"@id\":\"https:\\\/\\\/www.laguiadepamplona.com\\\/actualidad\\\/el-ayuntamiento-de-pamplona-homenajea-el-8m-a-siete-mujeres-cuyas-trayectorias-visibilizan-las-aportaciones-de-las-mujeres-en-todos-los-campos\\\/#breadcrumb\"},\"inLanguage\":\"es\",\"potentialAction\":[{\"@type\":\"ReadAction\",\"target\":[\"https:\\\/\\\/www.laguiadepamplona.com\\\/actualidad\\\/el-ayuntamiento-de-pamplona-homenajea-el-8m-a-siete-mujeres-cuyas-trayectorias-visibilizan-las-aportaciones-de-las-mujeres-en-todos-los-campos\\\/\"]}]},{\"@type\":\"ImageObject\",\"inLanguage\":\"es\",\"@id\":\"https:\\\/\\\/www.laguiadepamplona.com\\\/actualidad\\\/el-ayuntamiento-de-pamplona-homenajea-el-8m-a-siete-mujeres-cuyas-trayectorias-visibilizan-las-aportaciones-de-las-mujeres-en-todos-los-campos\\\/#primaryimage\",\"url\":\"https:\\\/\\\/www.laguiadepamplona.com\\\/actualidad\\\/wp-content\\\/uploads\\\/2022\\\/03\\\/homenaje-8m-mujeres-1.jpg\",\"contentUrl\":\"https:\\\/\\\/www.laguiadepamplona.com\\\/actualidad\\\/wp-content\\\/uploads\\\/2022\\\/03\\\/homenaje-8m-mujeres-1.jpg\",\"width\":1920,\"height\":1281},{\"@type\":\"BreadcrumbList\",\"@id\":\"https:\\\/\\\/www.laguiadepamplona.com\\\/actualidad\\\/el-ayuntamiento-de-pamplona-homenajea-el-8m-a-siete-mujeres-cuyas-trayectorias-visibilizan-las-aportaciones-de-las-mujeres-en-todos-los-campos\\\/#breadcrumb\",\"itemListElement\":[{\"@type\":\"ListItem\",\"position\":1,\"name\":\"Portada\",\"item\":\"https:\\\/\\\/www.laguiadepamplona.com\\\/actualidad\\\/\"},{\"@type\":\"ListItem\",\"position\":2,\"name\":\"El Ayuntamiento de Pamplona homenajea el 8M a siete mujeres cuyas trayectorias visibilizan las aportaciones de las mujeres en todos los campos\"}]},{\"@type\":\"WebSite\",\"@id\":\"https:\\\/\\\/www.laguiadepamplona.com\\\/actualidad\\\/#website\",\"url\":\"https:\\\/\\\/www.laguiadepamplona.com\\\/actualidad\\\/\",\"name\":\"La gu\u00eda de Pamplona\",\"description\":\"Noticias de Pamplona\",\"publisher\":{\"@id\":\"https:\\\/\\\/www.laguiadepamplona.com\\\/actualidad\\\/#organization\"},\"potentialAction\":[{\"@type\":\"SearchAction\",\"target\":{\"@type\":\"EntryPoint\",\"urlTemplate\":\"https:\\\/\\\/www.laguiadepamplona.com\\\/actualidad\\\/?s={search_term_string}\"},\"query-input\":{\"@type\":\"PropertyValueSpecification\",\"valueRequired\":true,\"valueName\":\"search_term_string\"}}],\"inLanguage\":\"es\"},{\"@type\":\"Organization\",\"@id\":\"https:\\\/\\\/www.laguiadepamplona.com\\\/actualidad\\\/#organization\",\"name\":\"La Gu\u00eda de Pamplona \\\/ Noticias\",\"url\":\"https:\\\/\\\/www.laguiadepamplona.com\\\/actualidad\\\/\",\"logo\":{\"@type\":\"ImageObject\",\"inLanguage\":\"es\",\"@id\":\"https:\\\/\\\/www.laguiadepamplona.com\\\/actualidad\\\/#\\\/schema\\\/logo\\\/image\\\/\",\"url\":\"https:\\\/\\\/www.laguiadepamplona.com\\\/actualidad\\\/wp-content\\\/uploads\\\/2018\\\/11\\\/logo-laguiadepamplona18-web1.png\",\"contentUrl\":\"https:\\\/\\\/www.laguiadepamplona.com\\\/actualidad\\\/wp-content\\\/uploads\\\/2018\\\/11\\\/logo-laguiadepamplona18-web1.png\",\"width\":600,\"height\":196,\"caption\":\"La Gu\u00eda de Pamplona \\\/ Noticias\"},\"image\":{\"@id\":\"https:\\\/\\\/www.laguiadepamplona.com\\\/actualidad\\\/#\\\/schema\\\/logo\\\/image\\\/\"},\"sameAs\":[\"https:\\\/\\\/www.facebook.com\\\/laguiadepamplonacom-133175176762273\\\/?ref=hl\",\"https:\\\/\\\/x.com\\\/LaGuiadPamplona\",\"https:\\\/\\\/www.instagram.com\\\/la_guia_de_pamplona\\\/\",\"https:\\\/\\\/www.youtube.com\\\/user\\\/laguiadepamplona\"]},{\"@type\":\"Person\",\"@id\":\"https:\\\/\\\/www.laguiadepamplona.com\\\/actualidad\\\/#\\\/schema\\\/person\\\/efe887376f0213d4657c93adc50b1fdb\",\"name\":\"La Gu\u00eda de Pamplona\",\"image\":{\"@type\":\"ImageObject\",\"inLanguage\":\"es\",\"@id\":\"https:\\\/\\\/secure.gravatar.com\\\/avatar\\\/b6992f131dc8d30ab0dff15446e9d346d9dbd95992de0fef795073f5ea83a81c?s=96&d=mm&r=g\",\"url\":\"https:\\\/\\\/secure.gravatar.com\\\/avatar\\\/b6992f131dc8d30ab0dff15446e9d346d9dbd95992de0fef795073f5ea83a81c?s=96&d=mm&r=g\",\"contentUrl\":\"https:\\\/\\\/secure.gravatar.com\\\/avatar\\\/b6992f131dc8d30ab0dff15446e9d346d9dbd95992de0fef795073f5ea83a81c?s=96&d=mm&r=g\",\"caption\":\"La Gu\u00eda de Pamplona\"}}]}<\/script>\n<!-- \/ Yoast SEO plugin. -->","yoast_head_json":{"title":"El Ayuntamiento de Pamplona homenajea el 8M a siete mujeres cuyas trayectorias visibilizan las aportaciones de las mujeres en todos los campos","description":"En esta jornada, adem\u00e1s, se ha le\u00eddo un manifiesto con compromisos y esta noche se iluminar\u00e1 de morado la fachada de Casa Consistorial","robots":{"index":"index","follow":"follow","max-snippet":"max-snippet:-1","max-image-preview":"max-image-preview:large","max-video-preview":"max-video-preview:-1"},"canonical":"https:\/\/www.laguiadepamplona.com\/actualidad\/el-ayuntamiento-de-pamplona-homenajea-el-8m-a-siete-mujeres-cuyas-trayectorias-visibilizan-las-aportaciones-de-las-mujeres-en-todos-los-campos\/","og_locale":"es_ES","og_type":"article","og_title":"El Ayuntamiento de Pamplona homenajea el 8M a siete mujeres cuyas trayectorias visibilizan las aportaciones de las mujeres en todos los campos","og_description":"En esta jornada, adem\u00e1s, se ha le\u00eddo un manifiesto con compromisos y esta noche se iluminar\u00e1 de morado la fachada de Casa Consistorial","og_url":"https:\/\/www.laguiadepamplona.com\/actualidad\/el-ayuntamiento-de-pamplona-homenajea-el-8m-a-siete-mujeres-cuyas-trayectorias-visibilizan-las-aportaciones-de-las-mujeres-en-todos-los-campos\/","og_site_name":"La Gu\u00eda de Pamplona","article_publisher":"https:\/\/www.facebook.com\/laguiadepamplonacom-133175176762273\/?ref=hl","article_published_time":"2022-03-08T12:43:28+00:00","article_modified_time":"2023-04-11T09:48:26+00:00","og_image":[{"width":1920,"height":1281,"url":"https:\/\/www.laguiadepamplona.com\/actualidad\/wp-content\/uploads\/2022\/03\/homenaje-8m-mujeres-1.jpg","type":"image\/jpeg"}],"author":"La Gu\u00eda de Pamplona","twitter_card":"summary_large_image","twitter_creator":"@LaGuiadPamplona","twitter_site":"@LaGuiadPamplona","twitter_misc":{"Escrito por":"La Gu\u00eda de Pamplona","Tiempo de lectura":"6 minutos"},"schema":{"@context":"https:\/\/schema.org","@graph":[{"@type":"Article","@id":"https:\/\/www.laguiadepamplona.com\/actualidad\/el-ayuntamiento-de-pamplona-homenajea-el-8m-a-siete-mujeres-cuyas-trayectorias-visibilizan-las-aportaciones-de-las-mujeres-en-todos-los-campos\/#article","isPartOf":{"@id":"https:\/\/www.laguiadepamplona.com\/actualidad\/el-ayuntamiento-de-pamplona-homenajea-el-8m-a-siete-mujeres-cuyas-trayectorias-visibilizan-las-aportaciones-de-las-mujeres-en-todos-los-campos\/"},"author":{"name":"La Gu\u00eda de Pamplona","@id":"https:\/\/www.laguiadepamplona.com\/actualidad\/#\/schema\/person\/efe887376f0213d4657c93adc50b1fdb"},"headline":"El Ayuntamiento de Pamplona homenajea el 8M a siete mujeres cuyas trayectorias visibilizan las aportaciones de las mujeres en todos los campos","datePublished":"2022-03-08T12:43:28+00:00","dateModified":"2023-04-11T09:48:26+00:00","mainEntityOfPage":{"@id":"https:\/\/www.laguiadepamplona.com\/actualidad\/el-ayuntamiento-de-pamplona-homenajea-el-8m-a-siete-mujeres-cuyas-trayectorias-visibilizan-las-aportaciones-de-las-mujeres-en-todos-los-campos\/"},"wordCount":1211,"commentCount":0,"publisher":{"@id":"https:\/\/www.laguiadepamplona.com\/actualidad\/#organization"},"image":{"@id":"https:\/\/www.laguiadepamplona.com\/actualidad\/el-ayuntamiento-de-pamplona-homenajea-el-8m-a-siete-mujeres-cuyas-trayectorias-visibilizan-las-aportaciones-de-las-mujeres-en-todos-los-campos\/#primaryimage"},"thumbnailUrl":"https:\/\/www.laguiadepamplona.com\/actualidad\/wp-content\/uploads\/2022\/03\/homenaje-8m-mujeres-1.jpg","articleSection":["Ayto Pamplona"],"inLanguage":"es","potentialAction":[{"@type":"CommentAction","name":"Comment","target":["https:\/\/www.laguiadepamplona.com\/actualidad\/el-ayuntamiento-de-pamplona-homenajea-el-8m-a-siete-mujeres-cuyas-trayectorias-visibilizan-las-aportaciones-de-las-mujeres-en-todos-los-campos\/#respond"]}]},{"@type":"WebPage","@id":"https:\/\/www.laguiadepamplona.com\/actualidad\/el-ayuntamiento-de-pamplona-homenajea-el-8m-a-siete-mujeres-cuyas-trayectorias-visibilizan-las-aportaciones-de-las-mujeres-en-todos-los-campos\/","url":"https:\/\/www.laguiadepamplona.com\/actualidad\/el-ayuntamiento-de-pamplona-homenajea-el-8m-a-siete-mujeres-cuyas-trayectorias-visibilizan-las-aportaciones-de-las-mujeres-en-todos-los-campos\/","name":"El Ayuntamiento de Pamplona homenajea el 8M a siete mujeres cuyas trayectorias visibilizan las aportaciones de las mujeres en todos los campos","isPartOf":{"@id":"https:\/\/www.laguiadepamplona.com\/actualidad\/#website"},"primaryImageOfPage":{"@id":"https:\/\/www.laguiadepamplona.com\/actualidad\/el-ayuntamiento-de-pamplona-homenajea-el-8m-a-siete-mujeres-cuyas-trayectorias-visibilizan-las-aportaciones-de-las-mujeres-en-todos-los-campos\/#primaryimage"},"image":{"@id":"https:\/\/www.laguiadepamplona.com\/actualidad\/el-ayuntamiento-de-pamplona-homenajea-el-8m-a-siete-mujeres-cuyas-trayectorias-visibilizan-las-aportaciones-de-las-mujeres-en-todos-los-campos\/#primaryimage"},"thumbnailUrl":"https:\/\/www.laguiadepamplona.com\/actualidad\/wp-content\/uploads\/2022\/03\/homenaje-8m-mujeres-1.jpg","datePublished":"2022-03-08T12:43:28+00:00","dateModified":"2023-04-11T09:48:26+00:00","description":"En esta jornada, adem\u00e1s, se ha le\u00eddo un manifiesto con compromisos y esta noche se iluminar\u00e1 de morado la fachada de Casa Consistorial","breadcrumb":{"@id":"https:\/\/www.laguiadepamplona.com\/actualidad\/el-ayuntamiento-de-pamplona-homenajea-el-8m-a-siete-mujeres-cuyas-trayectorias-visibilizan-las-aportaciones-de-las-mujeres-en-todos-los-campos\/#breadcrumb"},"inLanguage":"es","potentialAction":[{"@type":"ReadAction","target":["https:\/\/www.laguiadepamplona.com\/actualidad\/el-ayuntamiento-de-pamplona-homenajea-el-8m-a-siete-mujeres-cuyas-trayectorias-visibilizan-las-aportaciones-de-las-mujeres-en-todos-los-campos\/"]}]},{"@type":"ImageObject","inLanguage":"es","@id":"https:\/\/www.laguiadepamplona.com\/actualidad\/el-ayuntamiento-de-pamplona-homenajea-el-8m-a-siete-mujeres-cuyas-trayectorias-visibilizan-las-aportaciones-de-las-mujeres-en-todos-los-campos\/#primaryimage","url":"https:\/\/www.laguiadepamplona.com\/actualidad\/wp-content\/uploads\/2022\/03\/homenaje-8m-mujeres-1.jpg","contentUrl":"https:\/\/www.laguiadepamplona.com\/actualidad\/wp-content\/uploads\/2022\/03\/homenaje-8m-mujeres-1.jpg","width":1920,"height":1281},{"@type":"BreadcrumbList","@id":"https:\/\/www.laguiadepamplona.com\/actualidad\/el-ayuntamiento-de-pamplona-homenajea-el-8m-a-siete-mujeres-cuyas-trayectorias-visibilizan-las-aportaciones-de-las-mujeres-en-todos-los-campos\/#breadcrumb","itemListElement":[{"@type":"ListItem","position":1,"name":"Portada","item":"https:\/\/www.laguiadepamplona.com\/actualidad\/"},{"@type":"ListItem","position":2,"name":"El Ayuntamiento de Pamplona homenajea el 8M a siete mujeres cuyas trayectorias visibilizan las aportaciones de las mujeres en todos los campos"}]},{"@type":"WebSite","@id":"https:\/\/www.laguiadepamplona.com\/actualidad\/#website","url":"https:\/\/www.laguiadepamplona.com\/actualidad\/","name":"La gu\u00eda de Pamplona","description":"Noticias de Pamplona","publisher":{"@id":"https:\/\/www.laguiadepamplona.com\/actualidad\/#organization"},"potentialAction":[{"@type":"SearchAction","target":{"@type":"EntryPoint","urlTemplate":"https:\/\/www.laguiadepamplona.com\/actualidad\/?s={search_term_string}"},"query-input":{"@type":"PropertyValueSpecification","valueRequired":true,"valueName":"search_term_string"}}],"inLanguage":"es"},{"@type":"Organization","@id":"https:\/\/www.laguiadepamplona.com\/actualidad\/#organization","name":"La Gu\u00eda de Pamplona \/ Noticias","url":"https:\/\/www.laguiadepamplona.com\/actualidad\/","logo":{"@type":"ImageObject","inLanguage":"es","@id":"https:\/\/www.laguiadepamplona.com\/actualidad\/#\/schema\/logo\/image\/","url":"https:\/\/www.laguiadepamplona.com\/actualidad\/wp-content\/uploads\/2018\/11\/logo-laguiadepamplona18-web1.png","contentUrl":"https:\/\/www.laguiadepamplona.com\/actualidad\/wp-content\/uploads\/2018\/11\/logo-laguiadepamplona18-web1.png","width":600,"height":196,"caption":"La Gu\u00eda de Pamplona \/ Noticias"},"image":{"@id":"https:\/\/www.laguiadepamplona.com\/actualidad\/#\/schema\/logo\/image\/"},"sameAs":["https:\/\/www.facebook.com\/laguiadepamplonacom-133175176762273\/?ref=hl","https:\/\/x.com\/LaGuiadPamplona","https:\/\/www.instagram.com\/la_guia_de_pamplona\/","https:\/\/www.youtube.com\/user\/laguiadepamplona"]},{"@type":"Person","@id":"https:\/\/www.laguiadepamplona.com\/actualidad\/#\/schema\/person\/efe887376f0213d4657c93adc50b1fdb","name":"La Gu\u00eda de Pamplona","image":{"@type":"ImageObject","inLanguage":"es","@id":"https:\/\/secure.gravatar.com\/avatar\/b6992f131dc8d30ab0dff15446e9d346d9dbd95992de0fef795073f5ea83a81c?s=96&d=mm&r=g","url":"https:\/\/secure.gravatar.com\/avatar\/b6992f131dc8d30ab0dff15446e9d346d9dbd95992de0fef795073f5ea83a81c?s=96&d=mm&r=g","contentUrl":"https:\/\/secure.gravatar.com\/avatar\/b6992f131dc8d30ab0dff15446e9d346d9dbd95992de0fef795073f5ea83a81c?s=96&d=mm&r=g","caption":"La Gu\u00eda de Pamplona"}}]}},"post_mailing_queue_ids":[],"_links":{"self":[{"href":"https:\/\/www.laguiadepamplona.com\/actualidad\/wp-json\/wp\/v2\/posts\/39272","targetHints":{"allow":["GET"]}}],"collection":[{"href":"https:\/\/www.laguiadepamplona.com\/actualidad\/wp-json\/wp\/v2\/posts"}],"about":[{"href":"https:\/\/www.laguiadepamplona.com\/actualidad\/wp-json\/wp\/v2\/types\/post"}],"author":[{"embeddable":true,"href":"https:\/\/www.laguiadepamplona.com\/actualidad\/wp-json\/wp\/v2\/users\/1"}],"replies":[{"embeddable":true,"href":"https:\/\/www.laguiadepamplona.com\/actualidad\/wp-json\/wp\/v2\/comments?post=39272"}],"version-history":[{"count":0,"href":"https:\/\/www.laguiadepamplona.com\/actualidad\/wp-json\/wp\/v2\/posts\/39272\/revisions"}],"wp:featuredmedia":[{"embeddable":true,"href":"https:\/\/www.laguiadepamplona.com\/actualidad\/wp-json\/wp\/v2\/media\/39274"}],"wp:attachment":[{"href":"https:\/\/www.laguiadepamplona.com\/actualidad\/wp-json\/wp\/v2\/media?parent=39272"}],"wp:term":[{"taxonomy":"category","embeddable":true,"href":"https:\/\/www.laguiadepamplona.com\/actualidad\/wp-json\/wp\/v2\/categories?post=39272"},{"taxonomy":"post_tag","embeddable":true,"href":"https:\/\/www.laguiadepamplona.com\/actualidad\/wp-json\/wp\/v2\/tags?post=39272"}],"curies":[{"name":"wp","href":"https:\/\/api.w.org\/{rel}","templated":true}]}}