{"id":39222,"date":"2022-03-07T14:14:29","date_gmt":"2022-03-07T12:14:29","guid":{"rendered":"https:\/\/www.laguiadepamplona.com\/actualidad\/?p=39222"},"modified":"2023-04-11T11:48:27","modified_gmt":"2023-04-11T09:48:27","slug":"las-obras-de-reurbanizacion-de-la-calle-bosquecillo-costaran-11-millones-de-euros","status":"publish","type":"post","link":"https:\/\/www.laguiadepamplona.com\/actualidad\/las-obras-de-reurbanizacion-de-la-calle-bosquecillo-costaran-11-millones-de-euros\/","title":{"rendered":"Las obras de reurbanizaci\u00f3n de la calle Bosquecillo costar\u00e1n 1,1 millones de euros"},"content":{"rendered":"<h5>La calle contar\u00e1 con una plataforma \u00fanica, sin aceras, con un pavimento de piedra de diferente modulaci\u00f3n<\/h5>\n<p><!--more--><\/p>\n<p>La Junta de Gobierno Local del Ayuntamiento de Pamplona ha aprobado, en su sesi\u00f3n de hoy, la adjudicaci\u00f3n de las obras de reurbanizaci\u00f3n de la calle Bosquecillo, por un importe total de 1.102.382,60 euros a la empresa Lacunza Hermanos SL. Las obras, que inicialmente se hab\u00edan licitado por 1.377.973 euros, tendr\u00e1n una duraci\u00f3n de 220 d\u00edas. Los trabajos permitir\u00e1n eliminar las aceras de calle, convirti\u00e9ndola en una plataforma \u00fanica de 10 metros de ancho, que conecte visualmente la v\u00eda con el parque de la Taconera y la zona del Bosquecillo.<\/p>\n<p>Para su ejecuci\u00f3n se utilizar\u00e1 piedra calcarenita de diferente tama\u00f1o, se har\u00e1n nuevas condiciones de pluviales en el eje de la calle, en lugar de en los laterales, como hasta ahora, y se ubicar\u00e1n las once farolas existentes, tipo \u2018b\u00e1culo de San Ferm\u00edn\u2019, para mantener la unidad con los elementos ornamentales de los parques adyacentes. Adem\u00e1s, se crear\u00e1n tres nuevas zonas de estancia y se a\u00f1adir\u00e1 diverso mobiliario urbano, compuesto por bancos y sillas, una fuente y papeleras a lo largo de la calle.<br \/>\n<script async src=\"\/\/pagead2.googlesyndication.com\/pagead\/js\/adsbygoogle.js\"><\/script><br \/>\n<!-- Noticias La Guia de Pamplona --><br \/>\n<ins class=\"adsbygoogle\"\nstyle=\"display:block\"\ndata-ad-client=\"ca-pub-6943679897239327\"\ndata-ad-slot=\"7048180777\"\ndata-ad-format=\"auto\"><\/ins><br \/>\n<script>\n(adsbygoogle = window.adsbygoogle || []).push({});\n<\/script><\/p>\n<p>Las zonas de estancia se ubicar\u00e1n frente al Portal de San Nicol\u00e1s y en los extremos de la calle, uno junto al paso de peatones pr\u00f3ximo a la calle Navas de Tolosa y el otro en la zona cercana a la acera de la avenida de Guip\u00fazcoa (al lado de \u201cel Paraguas\u201d). Las obras incluir\u00e1n la modificaci\u00f3n del carril-bici existente.<\/p>\n<p>Igualmente, se eliminar\u00e1n las jardineras de obras longitudinales que albergan setos, para as\u00ed romper barreras transversales, abrir vistas y comunicaciones con los dos parques. Las labores de jardiner\u00eda incluyen la reposici\u00f3n de ejemplares de arbolado que est\u00e9n enfermos o sean de especies poco adecuadas. Adem\u00e1s, la alineaci\u00f3n de arbolado en su lado norte se integrar\u00e1 en nuevos parterres similares a los del Parque de la Taconera, para as\u00ed unificar el dise\u00f1o y acercar y relacionar la nueva zona pavimentada con el parque.<br \/>\n<script async src=\"\/\/pagead2.googlesyndication.com\/pagead\/js\/adsbygoogle.js\"><\/script><br \/>\n<!-- Noticias La Guia de Pamplona --><br \/>\n<ins class=\"adsbygoogle\"\nstyle=\"display:block\"\ndata-ad-client=\"ca-pub-6943679897239327\"\ndata-ad-slot=\"7048180777\"\ndata-ad-format=\"auto\"><\/ins><br \/>\n<script>\n(adsbygoogle = window.adsbygoogle || []).push({});\n<\/script><\/p>\n<p><strong>Catas arqueol\u00f3gicas<\/strong><\/p>\n<p>Con car\u00e1cter previo al inicio de las obras se han realizado cinco catas arqueol\u00f3gicas con la autorizaci\u00f3n y seguimiento de la Instituci\u00f3n Pr\u00edncipe de Viana. Como resultado de esas catas, en julio del a\u00f1o pasado aparecieron restos pertenecientes, al menos, a seis esqueletos humanos, previsiblemente procedentes de enterramientos del antiguo convento de San Francisco, derribado definitivamente en 1524 y trasladado a la actual plaza del mismo nombre. Son inhumaciones de adultos en fosas simples que se encuentran a unos 90 cm de profundidad, bajo estratigraf\u00eda de \u00e9poca moderna. Los restos aparecieron en el sondeo realizado en la zona central de la calle, junto al Portal de San Nicol\u00e1s. Los otros dos sondeos, realizado en ambos extremos de la calle, obtuvieron resultados preliminares negativos. No obstante, en el transcurso de las obras se realizar\u00e1 el correspondiente seguimiento arqueol\u00f3gico, de la mano del gabinete arqueol\u00f3gico TRAMA.<\/p>\n<p>La calle Bosquecillo, que une el Casco Antiguo a trav\u00e9s de la plaza de Recoletas con la calle Navas de Tolosa, tiene una longitud de 170 metros y una anchura de 15 de anchura, incluidas las aceras.\u00a0 Actualmente esta v\u00eda separa dos \u00e1mbitos y tipolog\u00edas de parques muy diferenciados: el Parque de la Taconera con sus jardines geom\u00e9tricos y ejes peatonales con localizaci\u00f3n de estatuas y elementos ornamentales de dise\u00f1o inicial del siglo XIX y la zona del Bosquecillo (trasera del actual hotel Tres Reyes) que constituye una amplia y sombr\u00eda zona con numeroso arbolado. El objetivo, ahora, es unificar ambas zonas, suavizando las diferencias a trav\u00e9s de la ordenaci\u00f3n de mobiliario urbano y elementos vegetales en la calle Bosquecillo. Esta reurbanizaci\u00f3n y peatonalizaci\u00f3n forman parte de la estrategia \u2018Go Green Pamplona\u2019 de lucha contra el cambio clim\u00e1tico en la ciudad.<\/p>\n","protected":false},"excerpt":{"rendered":"<p>La calle contar\u00e1 con una plataforma \u00fanica, sin aceras, con un pavimento de piedra de diferente modulaci\u00f3n<\/p>\n","protected":false},"author":1,"featured_media":39225,"comment_status":"open","ping_status":"closed","sticky":false,"template":"","format":"standard","meta":{"footnotes":""},"categories":[2],"tags":[],"class_list":["post-39222","post","type-post","status-publish","format-standard","has-post-thumbnail","hentry","category-ayuntamiento-pamplona"],"yoast_head":"<!-- This site is optimized with the Yoast SEO plugin v27.3 - https:\/\/yoast.com\/product\/yoast-seo-wordpress\/ -->\n<title>Las obras de reurbanizaci\u00f3n de la calle Bosquecillo costar\u00e1n 1,1 millones de euros<\/title>\n<meta name=\"description\" content=\"La calle contar\u00e1 con una plataforma \u00fanica, sin aceras, con un pavimento de piedra de diferente modulaci\u00f3n\" \/>\n<meta name=\"robots\" content=\"index, follow, max-snippet:-1, max-image-preview:large, max-video-preview:-1\" \/>\n<link rel=\"canonical\" href=\"https:\/\/www.laguiadepamplona.com\/actualidad\/las-obras-de-reurbanizacion-de-la-calle-bosquecillo-costaran-11-millones-de-euros\/\" \/>\n<meta property=\"og:locale\" content=\"es_ES\" \/>\n<meta property=\"og:type\" content=\"article\" \/>\n<meta property=\"og:title\" content=\"Las obras de reurbanizaci\u00f3n de la calle Bosquecillo costar\u00e1n 1,1 millones de euros\" \/>\n<meta property=\"og:description\" content=\"La calle contar\u00e1 con una plataforma \u00fanica, sin aceras, con un pavimento de piedra de diferente modulaci\u00f3n\" \/>\n<meta property=\"og:url\" content=\"https:\/\/www.laguiadepamplona.com\/actualidad\/las-obras-de-reurbanizacion-de-la-calle-bosquecillo-costaran-11-millones-de-euros\/\" \/>\n<meta property=\"og:site_name\" content=\"La Gu\u00eda de Pamplona\" \/>\n<meta property=\"article:publisher\" content=\"https:\/\/www.facebook.com\/laguiadepamplonacom-133175176762273\/?ref=hl\" \/>\n<meta property=\"article:published_time\" content=\"2022-03-07T12:14:29+00:00\" \/>\n<meta property=\"article:modified_time\" content=\"2023-04-11T09:48:27+00:00\" \/>\n<meta property=\"og:image\" content=\"https:\/\/www.laguiadepamplona.com\/actualidad\/wp-content\/uploads\/2022\/03\/obras-reurbanizacion-bosquecillo.jpg\" \/>\n\t<meta property=\"og:image:width\" content=\"1920\" \/>\n\t<meta property=\"og:image:height\" content=\"1920\" \/>\n\t<meta property=\"og:image:type\" content=\"image\/jpeg\" \/>\n<meta name=\"author\" content=\"La Gu\u00eda de Pamplona\" \/>\n<meta name=\"twitter:card\" content=\"summary_large_image\" \/>\n<meta name=\"twitter:creator\" content=\"@LaGuiadPamplona\" \/>\n<meta name=\"twitter:site\" content=\"@LaGuiadPamplona\" \/>\n<meta name=\"twitter:label1\" content=\"Escrito por\" \/>\n\t<meta name=\"twitter:data1\" content=\"La Gu\u00eda de Pamplona\" \/>\n\t<meta name=\"twitter:label2\" content=\"Tiempo de lectura\" \/>\n\t<meta name=\"twitter:data2\" content=\"3 minutos\" \/>\n<script type=\"application\/ld+json\" class=\"yoast-schema-graph\">{\"@context\":\"https:\\\/\\\/schema.org\",\"@graph\":[{\"@type\":\"Article\",\"@id\":\"https:\\\/\\\/www.laguiadepamplona.com\\\/actualidad\\\/las-obras-de-reurbanizacion-de-la-calle-bosquecillo-costaran-11-millones-de-euros\\\/#article\",\"isPartOf\":{\"@id\":\"https:\\\/\\\/www.laguiadepamplona.com\\\/actualidad\\\/las-obras-de-reurbanizacion-de-la-calle-bosquecillo-costaran-11-millones-de-euros\\\/\"},\"author\":{\"name\":\"La Gu\u00eda de Pamplona\",\"@id\":\"https:\\\/\\\/www.laguiadepamplona.com\\\/actualidad\\\/#\\\/schema\\\/person\\\/efe887376f0213d4657c93adc50b1fdb\"},\"headline\":\"Las obras de reurbanizaci\u00f3n de la calle Bosquecillo costar\u00e1n 1,1 millones de euros\",\"datePublished\":\"2022-03-07T12:14:29+00:00\",\"dateModified\":\"2023-04-11T09:48:27+00:00\",\"mainEntityOfPage\":{\"@id\":\"https:\\\/\\\/www.laguiadepamplona.com\\\/actualidad\\\/las-obras-de-reurbanizacion-de-la-calle-bosquecillo-costaran-11-millones-de-euros\\\/\"},\"wordCount\":682,\"commentCount\":0,\"publisher\":{\"@id\":\"https:\\\/\\\/www.laguiadepamplona.com\\\/actualidad\\\/#organization\"},\"image\":{\"@id\":\"https:\\\/\\\/www.laguiadepamplona.com\\\/actualidad\\\/las-obras-de-reurbanizacion-de-la-calle-bosquecillo-costaran-11-millones-de-euros\\\/#primaryimage\"},\"thumbnailUrl\":\"https:\\\/\\\/www.laguiadepamplona.com\\\/actualidad\\\/wp-content\\\/uploads\\\/2022\\\/03\\\/obras-reurbanizacion-bosquecillo.jpg\",\"articleSection\":[\"Ayto Pamplona\"],\"inLanguage\":\"es\",\"potentialAction\":[{\"@type\":\"CommentAction\",\"name\":\"Comment\",\"target\":[\"https:\\\/\\\/www.laguiadepamplona.com\\\/actualidad\\\/las-obras-de-reurbanizacion-de-la-calle-bosquecillo-costaran-11-millones-de-euros\\\/#respond\"]}]},{\"@type\":\"WebPage\",\"@id\":\"https:\\\/\\\/www.laguiadepamplona.com\\\/actualidad\\\/las-obras-de-reurbanizacion-de-la-calle-bosquecillo-costaran-11-millones-de-euros\\\/\",\"url\":\"https:\\\/\\\/www.laguiadepamplona.com\\\/actualidad\\\/las-obras-de-reurbanizacion-de-la-calle-bosquecillo-costaran-11-millones-de-euros\\\/\",\"name\":\"Las obras de reurbanizaci\u00f3n de la calle Bosquecillo costar\u00e1n 1,1 millones de euros\",\"isPartOf\":{\"@id\":\"https:\\\/\\\/www.laguiadepamplona.com\\\/actualidad\\\/#website\"},\"primaryImageOfPage\":{\"@id\":\"https:\\\/\\\/www.laguiadepamplona.com\\\/actualidad\\\/las-obras-de-reurbanizacion-de-la-calle-bosquecillo-costaran-11-millones-de-euros\\\/#primaryimage\"},\"image\":{\"@id\":\"https:\\\/\\\/www.laguiadepamplona.com\\\/actualidad\\\/las-obras-de-reurbanizacion-de-la-calle-bosquecillo-costaran-11-millones-de-euros\\\/#primaryimage\"},\"thumbnailUrl\":\"https:\\\/\\\/www.laguiadepamplona.com\\\/actualidad\\\/wp-content\\\/uploads\\\/2022\\\/03\\\/obras-reurbanizacion-bosquecillo.jpg\",\"datePublished\":\"2022-03-07T12:14:29+00:00\",\"dateModified\":\"2023-04-11T09:48:27+00:00\",\"description\":\"La calle contar\u00e1 con una plataforma \u00fanica, sin aceras, con un pavimento de piedra de diferente modulaci\u00f3n\",\"breadcrumb\":{\"@id\":\"https:\\\/\\\/www.laguiadepamplona.com\\\/actualidad\\\/las-obras-de-reurbanizacion-de-la-calle-bosquecillo-costaran-11-millones-de-euros\\\/#breadcrumb\"},\"inLanguage\":\"es\",\"potentialAction\":[{\"@type\":\"ReadAction\",\"target\":[\"https:\\\/\\\/www.laguiadepamplona.com\\\/actualidad\\\/las-obras-de-reurbanizacion-de-la-calle-bosquecillo-costaran-11-millones-de-euros\\\/\"]}]},{\"@type\":\"ImageObject\",\"inLanguage\":\"es\",\"@id\":\"https:\\\/\\\/www.laguiadepamplona.com\\\/actualidad\\\/las-obras-de-reurbanizacion-de-la-calle-bosquecillo-costaran-11-millones-de-euros\\\/#primaryimage\",\"url\":\"https:\\\/\\\/www.laguiadepamplona.com\\\/actualidad\\\/wp-content\\\/uploads\\\/2022\\\/03\\\/obras-reurbanizacion-bosquecillo.jpg\",\"contentUrl\":\"https:\\\/\\\/www.laguiadepamplona.com\\\/actualidad\\\/wp-content\\\/uploads\\\/2022\\\/03\\\/obras-reurbanizacion-bosquecillo.jpg\",\"width\":1920,\"height\":1920},{\"@type\":\"BreadcrumbList\",\"@id\":\"https:\\\/\\\/www.laguiadepamplona.com\\\/actualidad\\\/las-obras-de-reurbanizacion-de-la-calle-bosquecillo-costaran-11-millones-de-euros\\\/#breadcrumb\",\"itemListElement\":[{\"@type\":\"ListItem\",\"position\":1,\"name\":\"Portada\",\"item\":\"https:\\\/\\\/www.laguiadepamplona.com\\\/actualidad\\\/\"},{\"@type\":\"ListItem\",\"position\":2,\"name\":\"Las obras de reurbanizaci\u00f3n de la calle Bosquecillo costar\u00e1n 1,1 millones de euros\"}]},{\"@type\":\"WebSite\",\"@id\":\"https:\\\/\\\/www.laguiadepamplona.com\\\/actualidad\\\/#website\",\"url\":\"https:\\\/\\\/www.laguiadepamplona.com\\\/actualidad\\\/\",\"name\":\"La gu\u00eda de Pamplona\",\"description\":\"Noticias de Pamplona\",\"publisher\":{\"@id\":\"https:\\\/\\\/www.laguiadepamplona.com\\\/actualidad\\\/#organization\"},\"potentialAction\":[{\"@type\":\"SearchAction\",\"target\":{\"@type\":\"EntryPoint\",\"urlTemplate\":\"https:\\\/\\\/www.laguiadepamplona.com\\\/actualidad\\\/?s={search_term_string}\"},\"query-input\":{\"@type\":\"PropertyValueSpecification\",\"valueRequired\":true,\"valueName\":\"search_term_string\"}}],\"inLanguage\":\"es\"},{\"@type\":\"Organization\",\"@id\":\"https:\\\/\\\/www.laguiadepamplona.com\\\/actualidad\\\/#organization\",\"name\":\"La Gu\u00eda de Pamplona \\\/ Noticias\",\"url\":\"https:\\\/\\\/www.laguiadepamplona.com\\\/actualidad\\\/\",\"logo\":{\"@type\":\"ImageObject\",\"inLanguage\":\"es\",\"@id\":\"https:\\\/\\\/www.laguiadepamplona.com\\\/actualidad\\\/#\\\/schema\\\/logo\\\/image\\\/\",\"url\":\"https:\\\/\\\/www.laguiadepamplona.com\\\/actualidad\\\/wp-content\\\/uploads\\\/2018\\\/11\\\/logo-laguiadepamplona18-web1.png\",\"contentUrl\":\"https:\\\/\\\/www.laguiadepamplona.com\\\/actualidad\\\/wp-content\\\/uploads\\\/2018\\\/11\\\/logo-laguiadepamplona18-web1.png\",\"width\":600,\"height\":196,\"caption\":\"La Gu\u00eda de Pamplona \\\/ Noticias\"},\"image\":{\"@id\":\"https:\\\/\\\/www.laguiadepamplona.com\\\/actualidad\\\/#\\\/schema\\\/logo\\\/image\\\/\"},\"sameAs\":[\"https:\\\/\\\/www.facebook.com\\\/laguiadepamplonacom-133175176762273\\\/?ref=hl\",\"https:\\\/\\\/x.com\\\/LaGuiadPamplona\",\"https:\\\/\\\/www.instagram.com\\\/la_guia_de_pamplona\\\/\",\"https:\\\/\\\/www.youtube.com\\\/user\\\/laguiadepamplona\"]},{\"@type\":\"Person\",\"@id\":\"https:\\\/\\\/www.laguiadepamplona.com\\\/actualidad\\\/#\\\/schema\\\/person\\\/efe887376f0213d4657c93adc50b1fdb\",\"name\":\"La Gu\u00eda de Pamplona\",\"image\":{\"@type\":\"ImageObject\",\"inLanguage\":\"es\",\"@id\":\"https:\\\/\\\/secure.gravatar.com\\\/avatar\\\/b6992f131dc8d30ab0dff15446e9d346d9dbd95992de0fef795073f5ea83a81c?s=96&d=mm&r=g\",\"url\":\"https:\\\/\\\/secure.gravatar.com\\\/avatar\\\/b6992f131dc8d30ab0dff15446e9d346d9dbd95992de0fef795073f5ea83a81c?s=96&d=mm&r=g\",\"contentUrl\":\"https:\\\/\\\/secure.gravatar.com\\\/avatar\\\/b6992f131dc8d30ab0dff15446e9d346d9dbd95992de0fef795073f5ea83a81c?s=96&d=mm&r=g\",\"caption\":\"La Gu\u00eda de Pamplona\"}}]}<\/script>\n<!-- \/ Yoast SEO plugin. -->","yoast_head_json":{"title":"Las obras de reurbanizaci\u00f3n de la calle Bosquecillo costar\u00e1n 1,1 millones de euros","description":"La calle contar\u00e1 con una plataforma \u00fanica, sin aceras, con un pavimento de piedra de diferente modulaci\u00f3n","robots":{"index":"index","follow":"follow","max-snippet":"max-snippet:-1","max-image-preview":"max-image-preview:large","max-video-preview":"max-video-preview:-1"},"canonical":"https:\/\/www.laguiadepamplona.com\/actualidad\/las-obras-de-reurbanizacion-de-la-calle-bosquecillo-costaran-11-millones-de-euros\/","og_locale":"es_ES","og_type":"article","og_title":"Las obras de reurbanizaci\u00f3n de la calle Bosquecillo costar\u00e1n 1,1 millones de euros","og_description":"La calle contar\u00e1 con una plataforma \u00fanica, sin aceras, con un pavimento de piedra de diferente modulaci\u00f3n","og_url":"https:\/\/www.laguiadepamplona.com\/actualidad\/las-obras-de-reurbanizacion-de-la-calle-bosquecillo-costaran-11-millones-de-euros\/","og_site_name":"La Gu\u00eda de Pamplona","article_publisher":"https:\/\/www.facebook.com\/laguiadepamplonacom-133175176762273\/?ref=hl","article_published_time":"2022-03-07T12:14:29+00:00","article_modified_time":"2023-04-11T09:48:27+00:00","og_image":[{"width":1920,"height":1920,"url":"https:\/\/www.laguiadepamplona.com\/actualidad\/wp-content\/uploads\/2022\/03\/obras-reurbanizacion-bosquecillo.jpg","type":"image\/jpeg"}],"author":"La Gu\u00eda de Pamplona","twitter_card":"summary_large_image","twitter_creator":"@LaGuiadPamplona","twitter_site":"@LaGuiadPamplona","twitter_misc":{"Escrito por":"La Gu\u00eda de Pamplona","Tiempo de lectura":"3 minutos"},"schema":{"@context":"https:\/\/schema.org","@graph":[{"@type":"Article","@id":"https:\/\/www.laguiadepamplona.com\/actualidad\/las-obras-de-reurbanizacion-de-la-calle-bosquecillo-costaran-11-millones-de-euros\/#article","isPartOf":{"@id":"https:\/\/www.laguiadepamplona.com\/actualidad\/las-obras-de-reurbanizacion-de-la-calle-bosquecillo-costaran-11-millones-de-euros\/"},"author":{"name":"La Gu\u00eda de Pamplona","@id":"https:\/\/www.laguiadepamplona.com\/actualidad\/#\/schema\/person\/efe887376f0213d4657c93adc50b1fdb"},"headline":"Las obras de reurbanizaci\u00f3n de la calle Bosquecillo costar\u00e1n 1,1 millones de euros","datePublished":"2022-03-07T12:14:29+00:00","dateModified":"2023-04-11T09:48:27+00:00","mainEntityOfPage":{"@id":"https:\/\/www.laguiadepamplona.com\/actualidad\/las-obras-de-reurbanizacion-de-la-calle-bosquecillo-costaran-11-millones-de-euros\/"},"wordCount":682,"commentCount":0,"publisher":{"@id":"https:\/\/www.laguiadepamplona.com\/actualidad\/#organization"},"image":{"@id":"https:\/\/www.laguiadepamplona.com\/actualidad\/las-obras-de-reurbanizacion-de-la-calle-bosquecillo-costaran-11-millones-de-euros\/#primaryimage"},"thumbnailUrl":"https:\/\/www.laguiadepamplona.com\/actualidad\/wp-content\/uploads\/2022\/03\/obras-reurbanizacion-bosquecillo.jpg","articleSection":["Ayto Pamplona"],"inLanguage":"es","potentialAction":[{"@type":"CommentAction","name":"Comment","target":["https:\/\/www.laguiadepamplona.com\/actualidad\/las-obras-de-reurbanizacion-de-la-calle-bosquecillo-costaran-11-millones-de-euros\/#respond"]}]},{"@type":"WebPage","@id":"https:\/\/www.laguiadepamplona.com\/actualidad\/las-obras-de-reurbanizacion-de-la-calle-bosquecillo-costaran-11-millones-de-euros\/","url":"https:\/\/www.laguiadepamplona.com\/actualidad\/las-obras-de-reurbanizacion-de-la-calle-bosquecillo-costaran-11-millones-de-euros\/","name":"Las obras de reurbanizaci\u00f3n de la calle Bosquecillo costar\u00e1n 1,1 millones de euros","isPartOf":{"@id":"https:\/\/www.laguiadepamplona.com\/actualidad\/#website"},"primaryImageOfPage":{"@id":"https:\/\/www.laguiadepamplona.com\/actualidad\/las-obras-de-reurbanizacion-de-la-calle-bosquecillo-costaran-11-millones-de-euros\/#primaryimage"},"image":{"@id":"https:\/\/www.laguiadepamplona.com\/actualidad\/las-obras-de-reurbanizacion-de-la-calle-bosquecillo-costaran-11-millones-de-euros\/#primaryimage"},"thumbnailUrl":"https:\/\/www.laguiadepamplona.com\/actualidad\/wp-content\/uploads\/2022\/03\/obras-reurbanizacion-bosquecillo.jpg","datePublished":"2022-03-07T12:14:29+00:00","dateModified":"2023-04-11T09:48:27+00:00","description":"La calle contar\u00e1 con una plataforma \u00fanica, sin aceras, con un pavimento de piedra de diferente modulaci\u00f3n","breadcrumb":{"@id":"https:\/\/www.laguiadepamplona.com\/actualidad\/las-obras-de-reurbanizacion-de-la-calle-bosquecillo-costaran-11-millones-de-euros\/#breadcrumb"},"inLanguage":"es","potentialAction":[{"@type":"ReadAction","target":["https:\/\/www.laguiadepamplona.com\/actualidad\/las-obras-de-reurbanizacion-de-la-calle-bosquecillo-costaran-11-millones-de-euros\/"]}]},{"@type":"ImageObject","inLanguage":"es","@id":"https:\/\/www.laguiadepamplona.com\/actualidad\/las-obras-de-reurbanizacion-de-la-calle-bosquecillo-costaran-11-millones-de-euros\/#primaryimage","url":"https:\/\/www.laguiadepamplona.com\/actualidad\/wp-content\/uploads\/2022\/03\/obras-reurbanizacion-bosquecillo.jpg","contentUrl":"https:\/\/www.laguiadepamplona.com\/actualidad\/wp-content\/uploads\/2022\/03\/obras-reurbanizacion-bosquecillo.jpg","width":1920,"height":1920},{"@type":"BreadcrumbList","@id":"https:\/\/www.laguiadepamplona.com\/actualidad\/las-obras-de-reurbanizacion-de-la-calle-bosquecillo-costaran-11-millones-de-euros\/#breadcrumb","itemListElement":[{"@type":"ListItem","position":1,"name":"Portada","item":"https:\/\/www.laguiadepamplona.com\/actualidad\/"},{"@type":"ListItem","position":2,"name":"Las obras de reurbanizaci\u00f3n de la calle Bosquecillo costar\u00e1n 1,1 millones de euros"}]},{"@type":"WebSite","@id":"https:\/\/www.laguiadepamplona.com\/actualidad\/#website","url":"https:\/\/www.laguiadepamplona.com\/actualidad\/","name":"La gu\u00eda de Pamplona","description":"Noticias de Pamplona","publisher":{"@id":"https:\/\/www.laguiadepamplona.com\/actualidad\/#organization"},"potentialAction":[{"@type":"SearchAction","target":{"@type":"EntryPoint","urlTemplate":"https:\/\/www.laguiadepamplona.com\/actualidad\/?s={search_term_string}"},"query-input":{"@type":"PropertyValueSpecification","valueRequired":true,"valueName":"search_term_string"}}],"inLanguage":"es"},{"@type":"Organization","@id":"https:\/\/www.laguiadepamplona.com\/actualidad\/#organization","name":"La Gu\u00eda de Pamplona \/ Noticias","url":"https:\/\/www.laguiadepamplona.com\/actualidad\/","logo":{"@type":"ImageObject","inLanguage":"es","@id":"https:\/\/www.laguiadepamplona.com\/actualidad\/#\/schema\/logo\/image\/","url":"https:\/\/www.laguiadepamplona.com\/actualidad\/wp-content\/uploads\/2018\/11\/logo-laguiadepamplona18-web1.png","contentUrl":"https:\/\/www.laguiadepamplona.com\/actualidad\/wp-content\/uploads\/2018\/11\/logo-laguiadepamplona18-web1.png","width":600,"height":196,"caption":"La Gu\u00eda de Pamplona \/ Noticias"},"image":{"@id":"https:\/\/www.laguiadepamplona.com\/actualidad\/#\/schema\/logo\/image\/"},"sameAs":["https:\/\/www.facebook.com\/laguiadepamplonacom-133175176762273\/?ref=hl","https:\/\/x.com\/LaGuiadPamplona","https:\/\/www.instagram.com\/la_guia_de_pamplona\/","https:\/\/www.youtube.com\/user\/laguiadepamplona"]},{"@type":"Person","@id":"https:\/\/www.laguiadepamplona.com\/actualidad\/#\/schema\/person\/efe887376f0213d4657c93adc50b1fdb","name":"La Gu\u00eda de Pamplona","image":{"@type":"ImageObject","inLanguage":"es","@id":"https:\/\/secure.gravatar.com\/avatar\/b6992f131dc8d30ab0dff15446e9d346d9dbd95992de0fef795073f5ea83a81c?s=96&d=mm&r=g","url":"https:\/\/secure.gravatar.com\/avatar\/b6992f131dc8d30ab0dff15446e9d346d9dbd95992de0fef795073f5ea83a81c?s=96&d=mm&r=g","contentUrl":"https:\/\/secure.gravatar.com\/avatar\/b6992f131dc8d30ab0dff15446e9d346d9dbd95992de0fef795073f5ea83a81c?s=96&d=mm&r=g","caption":"La Gu\u00eda de Pamplona"}}]}},"post_mailing_queue_ids":[],"_links":{"self":[{"href":"https:\/\/www.laguiadepamplona.com\/actualidad\/wp-json\/wp\/v2\/posts\/39222","targetHints":{"allow":["GET"]}}],"collection":[{"href":"https:\/\/www.laguiadepamplona.com\/actualidad\/wp-json\/wp\/v2\/posts"}],"about":[{"href":"https:\/\/www.laguiadepamplona.com\/actualidad\/wp-json\/wp\/v2\/types\/post"}],"author":[{"embeddable":true,"href":"https:\/\/www.laguiadepamplona.com\/actualidad\/wp-json\/wp\/v2\/users\/1"}],"replies":[{"embeddable":true,"href":"https:\/\/www.laguiadepamplona.com\/actualidad\/wp-json\/wp\/v2\/comments?post=39222"}],"version-history":[{"count":0,"href":"https:\/\/www.laguiadepamplona.com\/actualidad\/wp-json\/wp\/v2\/posts\/39222\/revisions"}],"wp:featuredmedia":[{"embeddable":true,"href":"https:\/\/www.laguiadepamplona.com\/actualidad\/wp-json\/wp\/v2\/media\/39225"}],"wp:attachment":[{"href":"https:\/\/www.laguiadepamplona.com\/actualidad\/wp-json\/wp\/v2\/media?parent=39222"}],"wp:term":[{"taxonomy":"category","embeddable":true,"href":"https:\/\/www.laguiadepamplona.com\/actualidad\/wp-json\/wp\/v2\/categories?post=39222"},{"taxonomy":"post_tag","embeddable":true,"href":"https:\/\/www.laguiadepamplona.com\/actualidad\/wp-json\/wp\/v2\/tags?post=39222"}],"curies":[{"name":"wp","href":"https:\/\/api.w.org\/{rel}","templated":true}]}}