{"id":39219,"date":"2022-03-07T14:10:18","date_gmt":"2022-03-07T12:10:18","guid":{"rendered":"https:\/\/www.laguiadepamplona.com\/actualidad\/?p=39219"},"modified":"2023-04-11T11:48:27","modified_gmt":"2023-04-11T09:48:27","slug":"historia-de-la-hosteleria-navarra-contada-por-las-mujeres-la-muestra-homenaje-que-recoge-fotografias-y-testimonios-ha-quedado-hoy-abierta-en-condestable","status":"publish","type":"post","link":"https:\/\/www.laguiadepamplona.com\/actualidad\/historia-de-la-hosteleria-navarra-contada-por-las-mujeres-la-muestra-homenaje-que-recoge-fotografias-y-testimonios-ha-quedado-hoy-abierta-en-condestable\/","title":{"rendered":"\u2018Historia de la hosteler\u00eda navarra contada por las mujeres\u2019 la muestra-homenaje que recoge fotograf\u00edas y testimonios ha quedado hoy abierta en Condestable"},"content":{"rendered":"<h5>Es una propuesta de la Asociaci\u00f3n Navarra de Peque\u00f1a Empresa de Hosteler\u00eda y el Ayuntamiento de Pamplona en torno al 8M<\/h5>\n<p><!--more--><\/p>\n<p>20 im\u00e1genes de estudio y 40 fotos caseras configuran desde hoy una exposici\u00f3n sobre la \u2018Historia de la hosteler\u00eda navarra contada por las mujeres\u2019 que se puede ver en Condestable. Son instant\u00e1neas que reflejan la vida diaria de 25 mujeres hosteleras, de entre 22 y 75 a\u00f1os, todas ellas en activo, de negocios tan variados como una venta de monta\u00f1a o un bar de ocio nocturno. Es una propuesta de la Asociaci\u00f3n Navarra de Peque\u00f1a Empresa de Hosteler\u00eda (ANAPEH) recogida por el Ayuntamiento de Pamplona y que se podr\u00e1 contemplar hasta el 19 de abril.<\/p>\n<p>Esta ma\u00f1ana el alcalde de Pamplona, Enrique Maya; la presidenta de ANAPEH, Mar\u00eda \u00c1ngeles Rodr\u00edguez y la directora del Servicio de Marketing Tur\u00edstico del Gobierno de Navarra, Paz Fern\u00e1ndez, ha presentado una muestra que se enmarca en tono a la conmemoraci\u00f3n del 8 de marzo y que quiere ser un homenaje a todas las mujeres que han dedicado su vida a la actividad hostelera. En el acto han estado tambi\u00e9n presentes el presidente de la Cooperativa de Hosteler\u00eda, Santiago Enciso; el gerente de la Cooperativa de Hosteler\u00eda, Javier Ar\u00edstegui; la directora de Instituto Navarro de Igualdad, Eva Ist\u00fariz, M\u00aa Carmen Ochoa, de la Coordinadora de Organizaciones de Mujeres y Feministas por la Igualdad COMFIN y la presidenta AMEDNA Cristina Sotro.<br \/>\n<script async src=\"\/\/pagead2.googlesyndication.com\/pagead\/js\/adsbygoogle.js\"><\/script><br \/>\n<!-- Noticias La Guia de Pamplona --><br \/>\n<ins class=\"adsbygoogle\"\nstyle=\"display:block\"\ndata-ad-client=\"ca-pub-6943679897239327\"\ndata-ad-slot=\"7048180777\"\ndata-ad-format=\"auto\"><\/ins><br \/>\n<script>\n(adsbygoogle = window.adsbygoogle || []).push({});\n<\/script><\/p>\n<p>Las im\u00e1genes recalcan que las mujeres forman tambi\u00e9n parte de la historia de la hosteler\u00eda a todos los niveles, desde la gesti\u00f3n de los establecimientos hasta las labores de limpieza, desde la propiedad de los negocios hasta el manejo de los fogones, trabajos que muchas veces han quedado invisibilizados tras figuras masculinas. Pese a que eran y son gerentes, sumilleres, camareras, cocineras o propietarias, siguen enfrent\u00e1ndose a la frase \u201c\u00bfEst\u00e1 el jefe?\u201d. Por ello, para recoger sus reflexiones, las instant\u00e1neas van acompa\u00f1adas por sus testimonios, historias de superaci\u00f3n, de vidas dedicadas a la hosteler\u00eda en lo que quiere ser un homenaje a todas las mujeres que se dedican a este sector.<\/p>\n<p>Esta muestra se podr\u00e1 ver hasta el 19 de abril en el patio del Palacio del Condestable, de lunes a s\u00e1bado 8 de la ma\u00f1ana a 22 horas y los domingos de 9 a 14 y de 17 a 22 horas. Las fotograf\u00edas proceden de muy diversos puntos de Navarra, dese Arguedas a Belagua hasta Leitza o Larraga, por lo que la exposici\u00f3n a partir del mes de abril se convertir\u00e1 en itinerante.<br \/>\n<script async src=\"\/\/pagead2.googlesyndication.com\/pagead\/js\/adsbygoogle.js\"><\/script><br \/>\n<!-- Noticias La Guia de Pamplona --><br \/>\n<ins class=\"adsbygoogle\"\nstyle=\"display:block\"\ndata-ad-client=\"ca-pub-6943679897239327\"\ndata-ad-slot=\"7048180777\"\ndata-ad-format=\"auto\"><\/ins><br \/>\n<script>\n(adsbygoogle = window.adsbygoogle || []).push({});\n<\/script><\/p>\n<p>&nbsp;<\/p>\n<h3>LAS PROTAGONISTAS<\/h3>\n<ul>\n<li>Ana Mar\u00eda Gab\u00e1s Mart\u00ednez, 55 a\u00f1os; Nerea Urzainki Gab\u00e1s, 28 a\u00f1os y Idoia Urzainki Gab\u00e1s, 22 a\u00f1os.\u00a0 Venta Juan Pito. Isaba\/Izaba, puerto de Belagua.<\/li>\n<li>Arantxa Galarza Lecea, 49 a\u00f1os. Bodeg\u00f3n Sarr\u00eda. Pamplona.<\/li>\n<li>Beatriz Huarte Cruz, 50 a\u00f1os. Secretaria General de ANAPEH. Pamplona.<\/li>\n<li>Beatriz Zabaleta Cestau, 75 a\u00f1os. Restaurante Beatriz Enea. Leitza.<\/li>\n<li>Bel\u00e9n Mart\u00ednez Rup\u00e9rez, 62 a\u00f1os. Cervecer\u00eda Feel de Music. Anso\u00e1in\/Antsoain.<\/li>\n<li>Belen Urrutia Hualde de 51 a\u00f1os. Posada Elbete. Elbete.<\/li>\n<li>Consuelo Urmeneta Resa, 54 a\u00f1os. Hotel Rural Camino de Las Bardenas y alojamientos Dezerto Bardenas \/ Camino de Las Bardenas. Arguedas.<\/li>\n<li>Diana D\u00edez Perea, 35 a\u00f1os. Terraza del Baluarte, Catering Cock. Pamplona.<\/li>\n<li>Eva G\u00f3mez Ullate del Pozo, 57 a\u00f1os. Bar Nicolette. Pamplona.<\/li>\n<li>Iratxe Garro Nekotxea, 47 a\u00f1os y Gema Garro Nekotxea, 41 a\u00f1os. Ai\u00f1ari Lojan, Urzainqui\/Urzainki.<\/li>\n<li>Maite Fern\u00e1ndez Santacruz 60 a\u00f1os y Clara Fern\u00e1ndez Santacruz 68 a\u00f1os. Hoster\u00eda del Temple. Pamplona.<\/li>\n<li>Idoia Etxeberria Irigoien. 48 a\u00f1os. Albergue de Beintza Orbela. Beintza Labaien.<\/li>\n<li>M\u00aa \u00c1ngeles Ezquer Azn\u00e1rez. 57 a\u00f1os. Casa rural Katalin Garde. Isaba\/Izaba.<\/li>\n<li>Mar\u00eda \u00c1ngeles Rodr\u00edguez Reta, 61 a\u00f1os. Presidenta de ANAPEH. Hotel El Castillo. Larraga.<\/li>\n<li>Mar\u00eda Jes\u00fas Ayestar\u00e1n Oqui\u00f1ena. 52 a\u00f1os. Hotel Ayestar\u00e1n Lekumberri.<\/li>\n<li>Maritxu Erbiti Beloki, 55 a\u00f1os. Herriko Ostatua de Etxaleku.<\/li>\n<li>Mirentxu Goienetxe Irigoien, 50 a\u00f1os. Apartamentos Tur\u00edsticos Tresanea. Ituren.<\/li>\n<li>Rosa Gal\u00e1n Calero, 49 a\u00f1os. Chez Belagua. Pamplona.<\/li>\n<li>Stephanie Mutsaerts Hermans, 53 a\u00f1os. Northern Spain Travel.<\/li>\n<li>Lorea Luzuriaga Badiola, 48 a\u00f1os y Haizea Luzuriaga Badiola, 43. A\u00f1os. Donamariako Benta. Donamar\u00eda.<\/li>\n<\/ul>\n","protected":false},"excerpt":{"rendered":"<p>Es una propuesta de la Asociaci\u00f3n Navarra de Peque\u00f1a Empresa de Hosteler\u00eda y el Ayuntamiento de Pamplona en torno al 8M<\/p>\n","protected":false},"author":1,"featured_media":39220,"comment_status":"open","ping_status":"closed","sticky":false,"template":"","format":"standard","meta":{"footnotes":""},"categories":[2],"tags":[],"class_list":["post-39219","post","type-post","status-publish","format-standard","has-post-thumbnail","hentry","category-ayuntamiento-pamplona"],"yoast_head":"<!-- This site is optimized with the Yoast SEO plugin v27.3 - https:\/\/yoast.com\/product\/yoast-seo-wordpress\/ -->\n<title>\u2018Historia de la hosteler\u00eda navarra contada por las mujeres\u2019 la muestra-homenaje que recoge fotograf\u00edas y testimonios ha quedado hoy abierta en Condestable<\/title>\n<meta name=\"description\" content=\"Es una propuesta de la Asociaci\u00f3n Navarra de Peque\u00f1a Empresa de Hosteler\u00eda y el Ayuntamiento de Pamplona en torno al 8M\" \/>\n<meta name=\"robots\" content=\"index, follow, max-snippet:-1, max-image-preview:large, max-video-preview:-1\" \/>\n<link rel=\"canonical\" href=\"https:\/\/www.laguiadepamplona.com\/actualidad\/historia-de-la-hosteleria-navarra-contada-por-las-mujeres-la-muestra-homenaje-que-recoge-fotografias-y-testimonios-ha-quedado-hoy-abierta-en-condestable\/\" \/>\n<meta property=\"og:locale\" content=\"es_ES\" \/>\n<meta property=\"og:type\" content=\"article\" \/>\n<meta property=\"og:title\" content=\"\u2018Historia de la hosteler\u00eda navarra contada por las mujeres\u2019 la muestra-homenaje que recoge fotograf\u00edas y testimonios ha quedado hoy abierta en Condestable\" \/>\n<meta property=\"og:description\" content=\"Es una propuesta de la Asociaci\u00f3n Navarra de Peque\u00f1a Empresa de Hosteler\u00eda y el Ayuntamiento de Pamplona en torno al 8M\" \/>\n<meta property=\"og:url\" content=\"https:\/\/www.laguiadepamplona.com\/actualidad\/historia-de-la-hosteleria-navarra-contada-por-las-mujeres-la-muestra-homenaje-que-recoge-fotografias-y-testimonios-ha-quedado-hoy-abierta-en-condestable\/\" \/>\n<meta property=\"og:site_name\" content=\"La Gu\u00eda de Pamplona\" \/>\n<meta property=\"article:publisher\" content=\"https:\/\/www.facebook.com\/laguiadepamplonacom-133175176762273\/?ref=hl\" \/>\n<meta property=\"article:published_time\" content=\"2022-03-07T12:10:18+00:00\" \/>\n<meta property=\"article:modified_time\" content=\"2023-04-11T09:48:27+00:00\" \/>\n<meta property=\"og:image\" content=\"https:\/\/www.laguiadepamplona.com\/actualidad\/wp-content\/uploads\/2022\/03\/expomujereshistoriahostelerianaee5a1107_0.jpg\" \/>\n\t<meta property=\"og:image:width\" content=\"1920\" \/>\n\t<meta property=\"og:image:height\" content=\"1304\" \/>\n\t<meta property=\"og:image:type\" content=\"image\/jpeg\" \/>\n<meta name=\"author\" content=\"La Gu\u00eda de Pamplona\" \/>\n<meta name=\"twitter:card\" content=\"summary_large_image\" \/>\n<meta name=\"twitter:creator\" content=\"@LaGuiadPamplona\" \/>\n<meta name=\"twitter:site\" content=\"@LaGuiadPamplona\" \/>\n<meta name=\"twitter:label1\" content=\"Escrito por\" \/>\n\t<meta name=\"twitter:data1\" content=\"La Gu\u00eda de Pamplona\" \/>\n\t<meta name=\"twitter:label2\" content=\"Tiempo de lectura\" \/>\n\t<meta name=\"twitter:data2\" content=\"4 minutos\" \/>\n<script type=\"application\/ld+json\" class=\"yoast-schema-graph\">{\"@context\":\"https:\\\/\\\/schema.org\",\"@graph\":[{\"@type\":\"Article\",\"@id\":\"https:\\\/\\\/www.laguiadepamplona.com\\\/actualidad\\\/historia-de-la-hosteleria-navarra-contada-por-las-mujeres-la-muestra-homenaje-que-recoge-fotografias-y-testimonios-ha-quedado-hoy-abierta-en-condestable\\\/#article\",\"isPartOf\":{\"@id\":\"https:\\\/\\\/www.laguiadepamplona.com\\\/actualidad\\\/historia-de-la-hosteleria-navarra-contada-por-las-mujeres-la-muestra-homenaje-que-recoge-fotografias-y-testimonios-ha-quedado-hoy-abierta-en-condestable\\\/\"},\"author\":{\"name\":\"La Gu\u00eda de Pamplona\",\"@id\":\"https:\\\/\\\/www.laguiadepamplona.com\\\/actualidad\\\/#\\\/schema\\\/person\\\/efe887376f0213d4657c93adc50b1fdb\"},\"headline\":\"\u2018Historia de la hosteler\u00eda navarra contada por las mujeres\u2019 la muestra-homenaje que recoge fotograf\u00edas y testimonios ha quedado hoy abierta en Condestable\",\"datePublished\":\"2022-03-07T12:10:18+00:00\",\"dateModified\":\"2023-04-11T09:48:27+00:00\",\"mainEntityOfPage\":{\"@id\":\"https:\\\/\\\/www.laguiadepamplona.com\\\/actualidad\\\/historia-de-la-hosteleria-navarra-contada-por-las-mujeres-la-muestra-homenaje-que-recoge-fotografias-y-testimonios-ha-quedado-hoy-abierta-en-condestable\\\/\"},\"wordCount\":734,\"commentCount\":0,\"publisher\":{\"@id\":\"https:\\\/\\\/www.laguiadepamplona.com\\\/actualidad\\\/#organization\"},\"image\":{\"@id\":\"https:\\\/\\\/www.laguiadepamplona.com\\\/actualidad\\\/historia-de-la-hosteleria-navarra-contada-por-las-mujeres-la-muestra-homenaje-que-recoge-fotografias-y-testimonios-ha-quedado-hoy-abierta-en-condestable\\\/#primaryimage\"},\"thumbnailUrl\":\"https:\\\/\\\/www.laguiadepamplona.com\\\/actualidad\\\/wp-content\\\/uploads\\\/2022\\\/03\\\/expomujereshistoriahostelerianaee5a1107_0.jpg\",\"articleSection\":[\"Ayto Pamplona\"],\"inLanguage\":\"es\",\"potentialAction\":[{\"@type\":\"CommentAction\",\"name\":\"Comment\",\"target\":[\"https:\\\/\\\/www.laguiadepamplona.com\\\/actualidad\\\/historia-de-la-hosteleria-navarra-contada-por-las-mujeres-la-muestra-homenaje-que-recoge-fotografias-y-testimonios-ha-quedado-hoy-abierta-en-condestable\\\/#respond\"]}]},{\"@type\":\"WebPage\",\"@id\":\"https:\\\/\\\/www.laguiadepamplona.com\\\/actualidad\\\/historia-de-la-hosteleria-navarra-contada-por-las-mujeres-la-muestra-homenaje-que-recoge-fotografias-y-testimonios-ha-quedado-hoy-abierta-en-condestable\\\/\",\"url\":\"https:\\\/\\\/www.laguiadepamplona.com\\\/actualidad\\\/historia-de-la-hosteleria-navarra-contada-por-las-mujeres-la-muestra-homenaje-que-recoge-fotografias-y-testimonios-ha-quedado-hoy-abierta-en-condestable\\\/\",\"name\":\"\u2018Historia de la hosteler\u00eda navarra contada por las mujeres\u2019 la muestra-homenaje que recoge fotograf\u00edas y testimonios ha quedado hoy abierta en Condestable\",\"isPartOf\":{\"@id\":\"https:\\\/\\\/www.laguiadepamplona.com\\\/actualidad\\\/#website\"},\"primaryImageOfPage\":{\"@id\":\"https:\\\/\\\/www.laguiadepamplona.com\\\/actualidad\\\/historia-de-la-hosteleria-navarra-contada-por-las-mujeres-la-muestra-homenaje-que-recoge-fotografias-y-testimonios-ha-quedado-hoy-abierta-en-condestable\\\/#primaryimage\"},\"image\":{\"@id\":\"https:\\\/\\\/www.laguiadepamplona.com\\\/actualidad\\\/historia-de-la-hosteleria-navarra-contada-por-las-mujeres-la-muestra-homenaje-que-recoge-fotografias-y-testimonios-ha-quedado-hoy-abierta-en-condestable\\\/#primaryimage\"},\"thumbnailUrl\":\"https:\\\/\\\/www.laguiadepamplona.com\\\/actualidad\\\/wp-content\\\/uploads\\\/2022\\\/03\\\/expomujereshistoriahostelerianaee5a1107_0.jpg\",\"datePublished\":\"2022-03-07T12:10:18+00:00\",\"dateModified\":\"2023-04-11T09:48:27+00:00\",\"description\":\"Es una propuesta de la Asociaci\u00f3n Navarra de Peque\u00f1a Empresa de Hosteler\u00eda y el Ayuntamiento de Pamplona en torno al 8M\",\"breadcrumb\":{\"@id\":\"https:\\\/\\\/www.laguiadepamplona.com\\\/actualidad\\\/historia-de-la-hosteleria-navarra-contada-por-las-mujeres-la-muestra-homenaje-que-recoge-fotografias-y-testimonios-ha-quedado-hoy-abierta-en-condestable\\\/#breadcrumb\"},\"inLanguage\":\"es\",\"potentialAction\":[{\"@type\":\"ReadAction\",\"target\":[\"https:\\\/\\\/www.laguiadepamplona.com\\\/actualidad\\\/historia-de-la-hosteleria-navarra-contada-por-las-mujeres-la-muestra-homenaje-que-recoge-fotografias-y-testimonios-ha-quedado-hoy-abierta-en-condestable\\\/\"]}]},{\"@type\":\"ImageObject\",\"inLanguage\":\"es\",\"@id\":\"https:\\\/\\\/www.laguiadepamplona.com\\\/actualidad\\\/historia-de-la-hosteleria-navarra-contada-por-las-mujeres-la-muestra-homenaje-que-recoge-fotografias-y-testimonios-ha-quedado-hoy-abierta-en-condestable\\\/#primaryimage\",\"url\":\"https:\\\/\\\/www.laguiadepamplona.com\\\/actualidad\\\/wp-content\\\/uploads\\\/2022\\\/03\\\/expomujereshistoriahostelerianaee5a1107_0.jpg\",\"contentUrl\":\"https:\\\/\\\/www.laguiadepamplona.com\\\/actualidad\\\/wp-content\\\/uploads\\\/2022\\\/03\\\/expomujereshistoriahostelerianaee5a1107_0.jpg\",\"width\":1920,\"height\":1304},{\"@type\":\"BreadcrumbList\",\"@id\":\"https:\\\/\\\/www.laguiadepamplona.com\\\/actualidad\\\/historia-de-la-hosteleria-navarra-contada-por-las-mujeres-la-muestra-homenaje-que-recoge-fotografias-y-testimonios-ha-quedado-hoy-abierta-en-condestable\\\/#breadcrumb\",\"itemListElement\":[{\"@type\":\"ListItem\",\"position\":1,\"name\":\"Portada\",\"item\":\"https:\\\/\\\/www.laguiadepamplona.com\\\/actualidad\\\/\"},{\"@type\":\"ListItem\",\"position\":2,\"name\":\"\u2018Historia de la hosteler\u00eda navarra contada por las mujeres\u2019 la muestra-homenaje que recoge fotograf\u00edas y testimonios ha quedado hoy abierta en Condestable\"}]},{\"@type\":\"WebSite\",\"@id\":\"https:\\\/\\\/www.laguiadepamplona.com\\\/actualidad\\\/#website\",\"url\":\"https:\\\/\\\/www.laguiadepamplona.com\\\/actualidad\\\/\",\"name\":\"La gu\u00eda de Pamplona\",\"description\":\"Noticias de Pamplona\",\"publisher\":{\"@id\":\"https:\\\/\\\/www.laguiadepamplona.com\\\/actualidad\\\/#organization\"},\"potentialAction\":[{\"@type\":\"SearchAction\",\"target\":{\"@type\":\"EntryPoint\",\"urlTemplate\":\"https:\\\/\\\/www.laguiadepamplona.com\\\/actualidad\\\/?s={search_term_string}\"},\"query-input\":{\"@type\":\"PropertyValueSpecification\",\"valueRequired\":true,\"valueName\":\"search_term_string\"}}],\"inLanguage\":\"es\"},{\"@type\":\"Organization\",\"@id\":\"https:\\\/\\\/www.laguiadepamplona.com\\\/actualidad\\\/#organization\",\"name\":\"La Gu\u00eda de Pamplona \\\/ Noticias\",\"url\":\"https:\\\/\\\/www.laguiadepamplona.com\\\/actualidad\\\/\",\"logo\":{\"@type\":\"ImageObject\",\"inLanguage\":\"es\",\"@id\":\"https:\\\/\\\/www.laguiadepamplona.com\\\/actualidad\\\/#\\\/schema\\\/logo\\\/image\\\/\",\"url\":\"https:\\\/\\\/www.laguiadepamplona.com\\\/actualidad\\\/wp-content\\\/uploads\\\/2018\\\/11\\\/logo-laguiadepamplona18-web1.png\",\"contentUrl\":\"https:\\\/\\\/www.laguiadepamplona.com\\\/actualidad\\\/wp-content\\\/uploads\\\/2018\\\/11\\\/logo-laguiadepamplona18-web1.png\",\"width\":600,\"height\":196,\"caption\":\"La Gu\u00eda de Pamplona \\\/ Noticias\"},\"image\":{\"@id\":\"https:\\\/\\\/www.laguiadepamplona.com\\\/actualidad\\\/#\\\/schema\\\/logo\\\/image\\\/\"},\"sameAs\":[\"https:\\\/\\\/www.facebook.com\\\/laguiadepamplonacom-133175176762273\\\/?ref=hl\",\"https:\\\/\\\/x.com\\\/LaGuiadPamplona\",\"https:\\\/\\\/www.instagram.com\\\/la_guia_de_pamplona\\\/\",\"https:\\\/\\\/www.youtube.com\\\/user\\\/laguiadepamplona\"]},{\"@type\":\"Person\",\"@id\":\"https:\\\/\\\/www.laguiadepamplona.com\\\/actualidad\\\/#\\\/schema\\\/person\\\/efe887376f0213d4657c93adc50b1fdb\",\"name\":\"La Gu\u00eda de Pamplona\",\"image\":{\"@type\":\"ImageObject\",\"inLanguage\":\"es\",\"@id\":\"https:\\\/\\\/secure.gravatar.com\\\/avatar\\\/b6992f131dc8d30ab0dff15446e9d346d9dbd95992de0fef795073f5ea83a81c?s=96&d=mm&r=g\",\"url\":\"https:\\\/\\\/secure.gravatar.com\\\/avatar\\\/b6992f131dc8d30ab0dff15446e9d346d9dbd95992de0fef795073f5ea83a81c?s=96&d=mm&r=g\",\"contentUrl\":\"https:\\\/\\\/secure.gravatar.com\\\/avatar\\\/b6992f131dc8d30ab0dff15446e9d346d9dbd95992de0fef795073f5ea83a81c?s=96&d=mm&r=g\",\"caption\":\"La Gu\u00eda de Pamplona\"}}]}<\/script>\n<!-- \/ Yoast SEO plugin. -->","yoast_head_json":{"title":"\u2018Historia de la hosteler\u00eda navarra contada por las mujeres\u2019 la muestra-homenaje que recoge fotograf\u00edas y testimonios ha quedado hoy abierta en Condestable","description":"Es una propuesta de la Asociaci\u00f3n Navarra de Peque\u00f1a Empresa de Hosteler\u00eda y el Ayuntamiento de Pamplona en torno al 8M","robots":{"index":"index","follow":"follow","max-snippet":"max-snippet:-1","max-image-preview":"max-image-preview:large","max-video-preview":"max-video-preview:-1"},"canonical":"https:\/\/www.laguiadepamplona.com\/actualidad\/historia-de-la-hosteleria-navarra-contada-por-las-mujeres-la-muestra-homenaje-que-recoge-fotografias-y-testimonios-ha-quedado-hoy-abierta-en-condestable\/","og_locale":"es_ES","og_type":"article","og_title":"\u2018Historia de la hosteler\u00eda navarra contada por las mujeres\u2019 la muestra-homenaje que recoge fotograf\u00edas y testimonios ha quedado hoy abierta en Condestable","og_description":"Es una propuesta de la Asociaci\u00f3n Navarra de Peque\u00f1a Empresa de Hosteler\u00eda y el Ayuntamiento de Pamplona en torno al 8M","og_url":"https:\/\/www.laguiadepamplona.com\/actualidad\/historia-de-la-hosteleria-navarra-contada-por-las-mujeres-la-muestra-homenaje-que-recoge-fotografias-y-testimonios-ha-quedado-hoy-abierta-en-condestable\/","og_site_name":"La Gu\u00eda de Pamplona","article_publisher":"https:\/\/www.facebook.com\/laguiadepamplonacom-133175176762273\/?ref=hl","article_published_time":"2022-03-07T12:10:18+00:00","article_modified_time":"2023-04-11T09:48:27+00:00","og_image":[{"width":1920,"height":1304,"url":"https:\/\/www.laguiadepamplona.com\/actualidad\/wp-content\/uploads\/2022\/03\/expomujereshistoriahostelerianaee5a1107_0.jpg","type":"image\/jpeg"}],"author":"La Gu\u00eda de Pamplona","twitter_card":"summary_large_image","twitter_creator":"@LaGuiadPamplona","twitter_site":"@LaGuiadPamplona","twitter_misc":{"Escrito por":"La Gu\u00eda de Pamplona","Tiempo de lectura":"4 minutos"},"schema":{"@context":"https:\/\/schema.org","@graph":[{"@type":"Article","@id":"https:\/\/www.laguiadepamplona.com\/actualidad\/historia-de-la-hosteleria-navarra-contada-por-las-mujeres-la-muestra-homenaje-que-recoge-fotografias-y-testimonios-ha-quedado-hoy-abierta-en-condestable\/#article","isPartOf":{"@id":"https:\/\/www.laguiadepamplona.com\/actualidad\/historia-de-la-hosteleria-navarra-contada-por-las-mujeres-la-muestra-homenaje-que-recoge-fotografias-y-testimonios-ha-quedado-hoy-abierta-en-condestable\/"},"author":{"name":"La Gu\u00eda de Pamplona","@id":"https:\/\/www.laguiadepamplona.com\/actualidad\/#\/schema\/person\/efe887376f0213d4657c93adc50b1fdb"},"headline":"\u2018Historia de la hosteler\u00eda navarra contada por las mujeres\u2019 la muestra-homenaje que recoge fotograf\u00edas y testimonios ha quedado hoy abierta en Condestable","datePublished":"2022-03-07T12:10:18+00:00","dateModified":"2023-04-11T09:48:27+00:00","mainEntityOfPage":{"@id":"https:\/\/www.laguiadepamplona.com\/actualidad\/historia-de-la-hosteleria-navarra-contada-por-las-mujeres-la-muestra-homenaje-que-recoge-fotografias-y-testimonios-ha-quedado-hoy-abierta-en-condestable\/"},"wordCount":734,"commentCount":0,"publisher":{"@id":"https:\/\/www.laguiadepamplona.com\/actualidad\/#organization"},"image":{"@id":"https:\/\/www.laguiadepamplona.com\/actualidad\/historia-de-la-hosteleria-navarra-contada-por-las-mujeres-la-muestra-homenaje-que-recoge-fotografias-y-testimonios-ha-quedado-hoy-abierta-en-condestable\/#primaryimage"},"thumbnailUrl":"https:\/\/www.laguiadepamplona.com\/actualidad\/wp-content\/uploads\/2022\/03\/expomujereshistoriahostelerianaee5a1107_0.jpg","articleSection":["Ayto Pamplona"],"inLanguage":"es","potentialAction":[{"@type":"CommentAction","name":"Comment","target":["https:\/\/www.laguiadepamplona.com\/actualidad\/historia-de-la-hosteleria-navarra-contada-por-las-mujeres-la-muestra-homenaje-que-recoge-fotografias-y-testimonios-ha-quedado-hoy-abierta-en-condestable\/#respond"]}]},{"@type":"WebPage","@id":"https:\/\/www.laguiadepamplona.com\/actualidad\/historia-de-la-hosteleria-navarra-contada-por-las-mujeres-la-muestra-homenaje-que-recoge-fotografias-y-testimonios-ha-quedado-hoy-abierta-en-condestable\/","url":"https:\/\/www.laguiadepamplona.com\/actualidad\/historia-de-la-hosteleria-navarra-contada-por-las-mujeres-la-muestra-homenaje-que-recoge-fotografias-y-testimonios-ha-quedado-hoy-abierta-en-condestable\/","name":"\u2018Historia de la hosteler\u00eda navarra contada por las mujeres\u2019 la muestra-homenaje que recoge fotograf\u00edas y testimonios ha quedado hoy abierta en Condestable","isPartOf":{"@id":"https:\/\/www.laguiadepamplona.com\/actualidad\/#website"},"primaryImageOfPage":{"@id":"https:\/\/www.laguiadepamplona.com\/actualidad\/historia-de-la-hosteleria-navarra-contada-por-las-mujeres-la-muestra-homenaje-que-recoge-fotografias-y-testimonios-ha-quedado-hoy-abierta-en-condestable\/#primaryimage"},"image":{"@id":"https:\/\/www.laguiadepamplona.com\/actualidad\/historia-de-la-hosteleria-navarra-contada-por-las-mujeres-la-muestra-homenaje-que-recoge-fotografias-y-testimonios-ha-quedado-hoy-abierta-en-condestable\/#primaryimage"},"thumbnailUrl":"https:\/\/www.laguiadepamplona.com\/actualidad\/wp-content\/uploads\/2022\/03\/expomujereshistoriahostelerianaee5a1107_0.jpg","datePublished":"2022-03-07T12:10:18+00:00","dateModified":"2023-04-11T09:48:27+00:00","description":"Es una propuesta de la Asociaci\u00f3n Navarra de Peque\u00f1a Empresa de Hosteler\u00eda y el Ayuntamiento de Pamplona en torno al 8M","breadcrumb":{"@id":"https:\/\/www.laguiadepamplona.com\/actualidad\/historia-de-la-hosteleria-navarra-contada-por-las-mujeres-la-muestra-homenaje-que-recoge-fotografias-y-testimonios-ha-quedado-hoy-abierta-en-condestable\/#breadcrumb"},"inLanguage":"es","potentialAction":[{"@type":"ReadAction","target":["https:\/\/www.laguiadepamplona.com\/actualidad\/historia-de-la-hosteleria-navarra-contada-por-las-mujeres-la-muestra-homenaje-que-recoge-fotografias-y-testimonios-ha-quedado-hoy-abierta-en-condestable\/"]}]},{"@type":"ImageObject","inLanguage":"es","@id":"https:\/\/www.laguiadepamplona.com\/actualidad\/historia-de-la-hosteleria-navarra-contada-por-las-mujeres-la-muestra-homenaje-que-recoge-fotografias-y-testimonios-ha-quedado-hoy-abierta-en-condestable\/#primaryimage","url":"https:\/\/www.laguiadepamplona.com\/actualidad\/wp-content\/uploads\/2022\/03\/expomujereshistoriahostelerianaee5a1107_0.jpg","contentUrl":"https:\/\/www.laguiadepamplona.com\/actualidad\/wp-content\/uploads\/2022\/03\/expomujereshistoriahostelerianaee5a1107_0.jpg","width":1920,"height":1304},{"@type":"BreadcrumbList","@id":"https:\/\/www.laguiadepamplona.com\/actualidad\/historia-de-la-hosteleria-navarra-contada-por-las-mujeres-la-muestra-homenaje-que-recoge-fotografias-y-testimonios-ha-quedado-hoy-abierta-en-condestable\/#breadcrumb","itemListElement":[{"@type":"ListItem","position":1,"name":"Portada","item":"https:\/\/www.laguiadepamplona.com\/actualidad\/"},{"@type":"ListItem","position":2,"name":"\u2018Historia de la hosteler\u00eda navarra contada por las mujeres\u2019 la muestra-homenaje que recoge fotograf\u00edas y testimonios ha quedado hoy abierta en Condestable"}]},{"@type":"WebSite","@id":"https:\/\/www.laguiadepamplona.com\/actualidad\/#website","url":"https:\/\/www.laguiadepamplona.com\/actualidad\/","name":"La gu\u00eda de Pamplona","description":"Noticias de Pamplona","publisher":{"@id":"https:\/\/www.laguiadepamplona.com\/actualidad\/#organization"},"potentialAction":[{"@type":"SearchAction","target":{"@type":"EntryPoint","urlTemplate":"https:\/\/www.laguiadepamplona.com\/actualidad\/?s={search_term_string}"},"query-input":{"@type":"PropertyValueSpecification","valueRequired":true,"valueName":"search_term_string"}}],"inLanguage":"es"},{"@type":"Organization","@id":"https:\/\/www.laguiadepamplona.com\/actualidad\/#organization","name":"La Gu\u00eda de Pamplona \/ Noticias","url":"https:\/\/www.laguiadepamplona.com\/actualidad\/","logo":{"@type":"ImageObject","inLanguage":"es","@id":"https:\/\/www.laguiadepamplona.com\/actualidad\/#\/schema\/logo\/image\/","url":"https:\/\/www.laguiadepamplona.com\/actualidad\/wp-content\/uploads\/2018\/11\/logo-laguiadepamplona18-web1.png","contentUrl":"https:\/\/www.laguiadepamplona.com\/actualidad\/wp-content\/uploads\/2018\/11\/logo-laguiadepamplona18-web1.png","width":600,"height":196,"caption":"La Gu\u00eda de Pamplona \/ Noticias"},"image":{"@id":"https:\/\/www.laguiadepamplona.com\/actualidad\/#\/schema\/logo\/image\/"},"sameAs":["https:\/\/www.facebook.com\/laguiadepamplonacom-133175176762273\/?ref=hl","https:\/\/x.com\/LaGuiadPamplona","https:\/\/www.instagram.com\/la_guia_de_pamplona\/","https:\/\/www.youtube.com\/user\/laguiadepamplona"]},{"@type":"Person","@id":"https:\/\/www.laguiadepamplona.com\/actualidad\/#\/schema\/person\/efe887376f0213d4657c93adc50b1fdb","name":"La Gu\u00eda de Pamplona","image":{"@type":"ImageObject","inLanguage":"es","@id":"https:\/\/secure.gravatar.com\/avatar\/b6992f131dc8d30ab0dff15446e9d346d9dbd95992de0fef795073f5ea83a81c?s=96&d=mm&r=g","url":"https:\/\/secure.gravatar.com\/avatar\/b6992f131dc8d30ab0dff15446e9d346d9dbd95992de0fef795073f5ea83a81c?s=96&d=mm&r=g","contentUrl":"https:\/\/secure.gravatar.com\/avatar\/b6992f131dc8d30ab0dff15446e9d346d9dbd95992de0fef795073f5ea83a81c?s=96&d=mm&r=g","caption":"La Gu\u00eda de Pamplona"}}]}},"post_mailing_queue_ids":[],"_links":{"self":[{"href":"https:\/\/www.laguiadepamplona.com\/actualidad\/wp-json\/wp\/v2\/posts\/39219","targetHints":{"allow":["GET"]}}],"collection":[{"href":"https:\/\/www.laguiadepamplona.com\/actualidad\/wp-json\/wp\/v2\/posts"}],"about":[{"href":"https:\/\/www.laguiadepamplona.com\/actualidad\/wp-json\/wp\/v2\/types\/post"}],"author":[{"embeddable":true,"href":"https:\/\/www.laguiadepamplona.com\/actualidad\/wp-json\/wp\/v2\/users\/1"}],"replies":[{"embeddable":true,"href":"https:\/\/www.laguiadepamplona.com\/actualidad\/wp-json\/wp\/v2\/comments?post=39219"}],"version-history":[{"count":0,"href":"https:\/\/www.laguiadepamplona.com\/actualidad\/wp-json\/wp\/v2\/posts\/39219\/revisions"}],"wp:featuredmedia":[{"embeddable":true,"href":"https:\/\/www.laguiadepamplona.com\/actualidad\/wp-json\/wp\/v2\/media\/39220"}],"wp:attachment":[{"href":"https:\/\/www.laguiadepamplona.com\/actualidad\/wp-json\/wp\/v2\/media?parent=39219"}],"wp:term":[{"taxonomy":"category","embeddable":true,"href":"https:\/\/www.laguiadepamplona.com\/actualidad\/wp-json\/wp\/v2\/categories?post=39219"},{"taxonomy":"post_tag","embeddable":true,"href":"https:\/\/www.laguiadepamplona.com\/actualidad\/wp-json\/wp\/v2\/tags?post=39219"}],"curies":[{"name":"wp","href":"https:\/\/api.w.org\/{rel}","templated":true}]}}