{"id":39213,"date":"2022-03-04T14:14:56","date_gmt":"2022-03-04T12:14:56","guid":{"rendered":"https:\/\/www.laguiadepamplona.com\/actualidad\/?p=39213"},"modified":"2023-04-11T11:48:27","modified_gmt":"2023-04-11T09:48:27","slug":"102-jovenes-de-16-a-30-anos-comienzan-su-experiencia-formativa-remunerada-para-distintas-profesiones-a-traves-de-seis-escuelas-taller-del-ayuntamiento-de-pamplona","status":"publish","type":"post","link":"https:\/\/www.laguiadepamplona.com\/actualidad\/102-jovenes-de-16-a-30-anos-comienzan-su-experiencia-formativa-remunerada-para-distintas-profesiones-a-traves-de-seis-escuelas-taller-del-ayuntamiento-de-pamplona\/","title":{"rendered":"102 j\u00f3venes de 16 a 30 a\u00f1os comienzan su experiencia formativa remunerada para distintas profesiones a trav\u00e9s de seis Escuelas Taller del Ayuntamiento de Pamplona"},"content":{"rendered":"<h5>Esta ma\u00f1ana el alcalde de Pamplona, Enrique Maya, y la directora-gerente del SNE, Miriam Mart\u00f3n, han oficiado el acto de bienvenida<\/h5>\n<p><!--more--><\/p>\n<p>102 j\u00f3venes, de entre 16 y 30 a\u00f1os, han iniciado en los \u00faltimos d\u00edas su formaci\u00f3n en alguna de las seis escuelas taller municipales que se desarrollar\u00e1n hasta el mes de agosto del a\u00f1o que viene en los centros de formaci\u00f3n de Landaben (4) y Aranzadi (1) y las instalaciones municipales de paseo de Enamorados (1). Van a ser 18 meses de formaci\u00f3n te\u00f3rica y pr\u00e1ctica en \u00e1mbitos como el almacenamiento, la gesti\u00f3n de residuos y el manejo de piedra natural; la rehabilitaci\u00f3n energ\u00e9tica en madera; la construcci\u00f3n sostenible y la eficiencia energ\u00e9tica, tanto en alba\u00f1iler\u00eda, como en mantenimiento de edificios, soldeo en la industria metal\u00fargica y conservaci\u00f3n y explotaci\u00f3n de los recursos naturales.<\/p>\n<p>Esta ma\u00f1ana el alcalde de Pamplona, Enrique Maya, la directora-gerente del Servicio Navarro de Empleo \/ Nafar Lansare, Miriam Mart\u00f3n, miembros de la Corporaci\u00f3n municipal e I\u00f1aki Amigot en representaci\u00f3n de las Escuelas Taller del Consistorio, han realizado el acto de bienvenida al alumnado en presencia de las direcciones de las escuelas y de muchos de sus profesores. Estas iniciativas formativas est\u00e1n cofinanciadas por el Ayuntamiento de Pamplona y Gobierno de Navarra a trav\u00e9s del Servicio Navarro de Empleo.<\/p>\n<p>Las primeras escuelas taller del Ayuntamiento de Pamplona datan de 1986. A fecha de hoy, alrededor de 1.800 personas han recibido formaci\u00f3n para el empleo en Pamplona a trav\u00e9s de estos programas que se van adaptando a las necesidades profesionales que pide el mercado y la demanda se mantiene. Como ejemplo, este a\u00f1o se han presentado 280 personas al proceso de selecci\u00f3n. Cada una de las seis especialidades cuenta con 17 plazas y, de media, ha habido 46,6 demandas a cada formaci\u00f3n, casi tres peticiones por plaza disponible. Y es que, en cada edici\u00f3n, entre el 70 y el 85% del alumnado se incorpora al mercado laboral mediante compromisos de contrataci\u00f3n por parte de empresas.<br \/>\n<script async src=\"\/\/pagead2.googlesyndication.com\/pagead\/js\/adsbygoogle.js\"><\/script><br \/>\n<!-- Noticias La Guia de Pamplona --><br \/>\n<ins class=\"adsbygoogle\"\nstyle=\"display:block\"\ndata-ad-client=\"ca-pub-6943679897239327\"\ndata-ad-slot=\"7048180777\"\ndata-ad-format=\"auto\"><\/ins><br \/>\n<script>\n(adsbygoogle = window.adsbygoogle || []).push({});\n<\/script><\/p>\n<p><strong>Mujeres j\u00f3venes en escuelas taller: del 11 al 13,7%<\/strong><\/p>\n<p>M\u00e1s de 100 j\u00f3venes de entre 16 y 30 a\u00f1os comenzaron el 25 de febrero un nuevo itinerario vital que pasa por el aprendizaje de un oficio. Durante 18 meses convivir\u00e1n muchas horas entre ellos y con sus profesores en los centros de formaci\u00f3n municipales. En las escuelas la media de edad es de 21 a\u00f1os, destacando como los m\u00e1s j\u00f3venes quienes han decidido aprender Construcci\u00f3n sostenible en rehabilitaci\u00f3n de alba\u00f1iler\u00eda, un grupo que presenta una media de 19 a\u00f1os.<\/p>\n<p>En esta edici\u00f3n aumenta el n\u00famero de mujeres j\u00f3venes matriculadas. Son 14 por 88 hombres, lo que supone un 13,7% del total, frente a la anterior iniciativa de escuelas taller (octubre de 2019) en la que este porcentaje superaba por poco el 11%. Por escuelas la composici\u00f3n es m\u00e1s que paritaria en la de \u2018Conservaci\u00f3n y explotaci\u00f3n de los recursos naturales: bosque aut\u00f3ctono, sumidero de CO2 y jardines\u2019 en la que hay inscritas 9 mujeres y 8 hombres. El resto de mujeres est\u00e1n en \u2018Almacenamiento, gesti\u00f3n de residuos y piedra natural\u2019 (4) y \u2018Construcci\u00f3n sostenible en rehabilitaci\u00f3n de alba\u00f1iler\u00eda\u2019 (1). Sin embargo, no hay ninguna mujer en \u2018Rehabilitaci\u00f3n energ\u00e9tica en madera\u2019, ni en \u2018Eficiencia energ\u00e9tica en mantenimiento de edificios\u2019 ni en \u2018T\u00e9cnicas operativas de Soldeo en la industria metal\u00fargica\u2019.<\/p>\n<p>Desde el punto de vista de la formaci\u00f3n con la que este alumnado llega a las escuelas taller, la media presenta un nivel de estudios m\u00e1ximo de 2\u00ba de Ense\u00f1anza Secundaria Obligatoria (ESO), salvo los soldadores, cuyo certificado de profesionalidad de Nivel 2 requiere la exigencia previa de tener la ESO terminada.<br \/>\n<script async src=\"\/\/pagead2.googlesyndication.com\/pagead\/js\/adsbygoogle.js\"><\/script><br \/>\n<!-- Noticias La Guia de Pamplona --><br \/>\n<ins class=\"adsbygoogle\"\nstyle=\"display:block\"\ndata-ad-client=\"ca-pub-6943679897239327\"\ndata-ad-slot=\"7048180777\"\ndata-ad-format=\"auto\"><\/ins><br \/>\n<script>\n(adsbygoogle = window.adsbygoogle || []).push({});\n<\/script><\/p>\n<p><strong>Recursos formativos y de inserci\u00f3n cofinanciados<\/strong><\/p>\n<p>Las <a href=\"https:\/\/www.pamplona.es\/escuelas-taller\">escuelas taller<\/a> son un recurso formativo y de inserci\u00f3n laboral apoyado por el Gobierno de Navarra a trav\u00e9s del Servicio Navarro de Empleo y el Ministerio de Empleo y Seguridad Social. Tras una etapa de orientaci\u00f3n e inicio de la formaci\u00f3n remunerada con una beca, y una segunda etapa ya m\u00e1s pr\u00e1ctica o de obra social tutorizada bajo contrato laboral, su alumnado obtiene los correspondientes certificados de acreditaci\u00f3n profesional de Nivel 1 o Nivel 2 y otros complementarios seg\u00fan la especialidad (carn\u00e9 de carretillero, prevenci\u00f3n de riesgos laborales, igualdad de g\u00e9nero, competencias digitales etc.). Estos conocimientos y acreditaciones les habilitan para el desarrollo de los oficios elegidos.<\/p>\n<p>Asimismo, la ciudad recibe como contraprestaci\u00f3n la realizaci\u00f3n de obras e instalaciones de distinta envergadura lo que supone en muchos casos un ahorro de m\u00e1s de 70% del coste que le hubiera supuesto a la ciudad ejecutarlas mediante empresas externas. Entre los trabajos que ha realizado el alumnado a lo largo del tiempo en sus pr\u00e1cticas se puede hablar del mantenimiento de las zonas ajardinadas, la limpieza de murallas de la Ciudadela, la rehabilitaci\u00f3n de pisos para casos de emergencia, restauraciones de puentes hist\u00f3ricos sobre el Arga o la reforma de apartamentos tutelados.<br \/>\n<script async src=\"\/\/pagead2.googlesyndication.com\/pagead\/js\/adsbygoogle.js\"><\/script><br \/>\n<!-- Noticias La Guia de Pamplona --><br \/>\n<ins class=\"adsbygoogle\"\nstyle=\"display:block\"\ndata-ad-client=\"ca-pub-6943679897239327\"\ndata-ad-slot=\"7048180777\"\ndata-ad-format=\"auto\"><\/ins><br \/>\n<script>\n(adsbygoogle = window.adsbygoogle || []).push({});\n<\/script><\/p>\n<p>&nbsp;<\/p>\n<h3><strong>Cursos formativos de las Escuelas Taller de Pamplona<\/strong><\/h3>\n<ul>\n<li>Para j\u00f3venes de 16 a 30 a\u00f1os<\/li>\n<li>Plazas: 17<\/li>\n<li>Duraci\u00f3n: desde el 25 de febrero de 2022 hasta el 24 de agosto de 2023 (18 meses)<\/li>\n<\/ul>\n<p><u>CENTRO DE FORMACI\u00d3N DE LANDABEN<\/u><\/p>\n<p><strong>Almacenamiento, gesti\u00f3n de residuos y piedra natural<\/strong><\/p>\n<p>Pol\u00edgono Landaben calle A s\/n. Tfn. 948420786 \/649894237<\/p>\n<p>Horas de formaci\u00f3n: teor\u00eda 821 \/ pr\u00e1ctica 817<\/p>\n<p>Certificado de profesionalidad de nivel 1<\/p>\n<p><strong>Rehabilitaci\u00f3n energ\u00e9tica en madera <\/strong><\/p>\n<p>Pol\u00edgono Landaben calle A s\/n. Tfn. 948420786 \/649894237<\/p>\n<p>Horas de formaci\u00f3n: teor\u00eda 616 \/ pr\u00e1ctica 1.022<\/p>\n<p>Certificado de profesionalidad de nivel 1<\/p>\n<p><strong>Construcci\u00f3n sostenible en rehabilitaci\u00f3n de alba\u00f1iler\u00eda<\/strong><\/p>\n<p>Pol\u00edgono Landaben calle A s\/n. Tfn. 948420786 \/649894237<\/p>\n<p>Horas de formaci\u00f3n: teor\u00eda 836 \/pr\u00e1ctica 802<\/p>\n<p>Certificado de profesionalidad de nivel 1<\/p>\n<p><strong>Eficiencia energ\u00e9tica en mantenimiento de edificios <\/strong><\/p>\n<p>Pol\u00edgono Landaben calle A s\/n. Tfn. 948420786 \/649894237<\/p>\n<p>Horas de formaci\u00f3n: teor\u00eda 928 \/pr\u00e1ctica 850<\/p>\n<p>Certificado de profesionalidad de nivel 1<\/p>\n<p><u>PASEO DE ENAMORADOS<\/u><\/p>\n<p><strong>T\u00e9cnicas operativas de Soldeo en la industria metal\u00fargica <\/strong><\/p>\n<p>Paseo de los Enamorados, n\u00famero 37. Tfn. 948420790 \/948315434<\/p>\n<p>Horas de formaci\u00f3n: teor\u00eda 1.054, pr\u00e1ctica 450<\/p>\n<p>Certificado de profesionalidad de nivel 2<\/p>\n<p><u>CENTRO DE FORMACI\u00d3N ARANZADI<\/u><\/p>\n<p><strong>Conservaci\u00f3n y explotaci\u00f3n de los recursos naturales: bosque aut\u00f3ctono, sumidero de CO2 y jardines<\/strong><\/p>\n<p>Vuelta de Aranzadi s\/n. Tfn. 948420790<\/p>\n<p>Horas de formaci\u00f3n: teor\u00eda 764, pr\u00e1ctica 650<\/p>\n<p>Certificado de profesionalidad de nivel 1<\/p>\n","protected":false},"excerpt":{"rendered":"<p>Esta ma\u00f1ana el alcalde de Pamplona, Enrique Maya, y la directora-gerente del SNE, Miriam Mart\u00f3n, han oficiado el acto de bienvenida<\/p>\n","protected":false},"author":1,"featured_media":39214,"comment_status":"open","ping_status":"closed","sticky":false,"template":"","format":"standard","meta":{"footnotes":""},"categories":[2],"tags":[],"class_list":["post-39213","post","type-post","status-publish","format-standard","has-post-thumbnail","hentry","category-ayuntamiento-pamplona"],"yoast_head":"<!-- This site is optimized with the Yoast SEO plugin v27.3 - https:\/\/yoast.com\/product\/yoast-seo-wordpress\/ -->\n<title>102 j\u00f3venes de 16 a 30 a\u00f1os comienzan su experiencia formativa remunerada para distintas profesiones a trav\u00e9s de seis Escuelas Taller del Ayuntamiento de Pamplona<\/title>\n<meta name=\"description\" content=\"Esta ma\u00f1ana el alcalde de Pamplona, Enrique Maya, y la directora-gerente del SNE, Miriam Mart\u00f3n, han oficiado el acto de bienvenida\" \/>\n<meta name=\"robots\" content=\"index, follow, max-snippet:-1, max-image-preview:large, max-video-preview:-1\" \/>\n<link rel=\"canonical\" href=\"https:\/\/www.laguiadepamplona.com\/actualidad\/102-jovenes-de-16-a-30-anos-comienzan-su-experiencia-formativa-remunerada-para-distintas-profesiones-a-traves-de-seis-escuelas-taller-del-ayuntamiento-de-pamplona\/\" \/>\n<meta property=\"og:locale\" content=\"es_ES\" \/>\n<meta property=\"og:type\" content=\"article\" \/>\n<meta property=\"og:title\" content=\"102 j\u00f3venes de 16 a 30 a\u00f1os comienzan su experiencia formativa remunerada para distintas profesiones a trav\u00e9s de seis Escuelas Taller del Ayuntamiento de Pamplona\" \/>\n<meta property=\"og:description\" content=\"Esta ma\u00f1ana el alcalde de Pamplona, Enrique Maya, y la directora-gerente del SNE, Miriam Mart\u00f3n, han oficiado el acto de bienvenida\" \/>\n<meta property=\"og:url\" content=\"https:\/\/www.laguiadepamplona.com\/actualidad\/102-jovenes-de-16-a-30-anos-comienzan-su-experiencia-formativa-remunerada-para-distintas-profesiones-a-traves-de-seis-escuelas-taller-del-ayuntamiento-de-pamplona\/\" \/>\n<meta property=\"og:site_name\" content=\"La Gu\u00eda de Pamplona\" \/>\n<meta property=\"article:publisher\" content=\"https:\/\/www.facebook.com\/laguiadepamplonacom-133175176762273\/?ref=hl\" \/>\n<meta property=\"article:published_time\" content=\"2022-03-04T12:14:56+00:00\" \/>\n<meta property=\"article:modified_time\" content=\"2023-04-11T09:48:27+00:00\" \/>\n<meta property=\"og:image\" content=\"https:\/\/www.laguiadepamplona.com\/actualidad\/wp-content\/uploads\/2022\/03\/jovenes-experiencia-formativa-remunerada.jpg\" \/>\n\t<meta property=\"og:image:width\" content=\"1920\" \/>\n\t<meta property=\"og:image:height\" content=\"1281\" \/>\n\t<meta property=\"og:image:type\" content=\"image\/jpeg\" \/>\n<meta name=\"author\" content=\"La Gu\u00eda de Pamplona\" \/>\n<meta name=\"twitter:card\" content=\"summary_large_image\" \/>\n<meta name=\"twitter:creator\" content=\"@LaGuiadPamplona\" \/>\n<meta name=\"twitter:site\" content=\"@LaGuiadPamplona\" \/>\n<meta name=\"twitter:label1\" content=\"Escrito por\" \/>\n\t<meta name=\"twitter:data1\" content=\"La Gu\u00eda de Pamplona\" \/>\n\t<meta name=\"twitter:label2\" content=\"Tiempo de lectura\" \/>\n\t<meta name=\"twitter:data2\" content=\"5 minutos\" \/>\n<script type=\"application\/ld+json\" class=\"yoast-schema-graph\">{\"@context\":\"https:\\\/\\\/schema.org\",\"@graph\":[{\"@type\":\"Article\",\"@id\":\"https:\\\/\\\/www.laguiadepamplona.com\\\/actualidad\\\/102-jovenes-de-16-a-30-anos-comienzan-su-experiencia-formativa-remunerada-para-distintas-profesiones-a-traves-de-seis-escuelas-taller-del-ayuntamiento-de-pamplona\\\/#article\",\"isPartOf\":{\"@id\":\"https:\\\/\\\/www.laguiadepamplona.com\\\/actualidad\\\/102-jovenes-de-16-a-30-anos-comienzan-su-experiencia-formativa-remunerada-para-distintas-profesiones-a-traves-de-seis-escuelas-taller-del-ayuntamiento-de-pamplona\\\/\"},\"author\":{\"name\":\"La Gu\u00eda de Pamplona\",\"@id\":\"https:\\\/\\\/www.laguiadepamplona.com\\\/actualidad\\\/#\\\/schema\\\/person\\\/efe887376f0213d4657c93adc50b1fdb\"},\"headline\":\"102 j\u00f3venes de 16 a 30 a\u00f1os comienzan su experiencia formativa remunerada para distintas profesiones a trav\u00e9s de seis Escuelas Taller del Ayuntamiento de Pamplona\",\"datePublished\":\"2022-03-04T12:14:56+00:00\",\"dateModified\":\"2023-04-11T09:48:27+00:00\",\"mainEntityOfPage\":{\"@id\":\"https:\\\/\\\/www.laguiadepamplona.com\\\/actualidad\\\/102-jovenes-de-16-a-30-anos-comienzan-su-experiencia-formativa-remunerada-para-distintas-profesiones-a-traves-de-seis-escuelas-taller-del-ayuntamiento-de-pamplona\\\/\"},\"wordCount\":1107,\"commentCount\":0,\"publisher\":{\"@id\":\"https:\\\/\\\/www.laguiadepamplona.com\\\/actualidad\\\/#organization\"},\"image\":{\"@id\":\"https:\\\/\\\/www.laguiadepamplona.com\\\/actualidad\\\/102-jovenes-de-16-a-30-anos-comienzan-su-experiencia-formativa-remunerada-para-distintas-profesiones-a-traves-de-seis-escuelas-taller-del-ayuntamiento-de-pamplona\\\/#primaryimage\"},\"thumbnailUrl\":\"https:\\\/\\\/www.laguiadepamplona.com\\\/actualidad\\\/wp-content\\\/uploads\\\/2022\\\/03\\\/jovenes-experiencia-formativa-remunerada.jpg\",\"articleSection\":[\"Ayto Pamplona\"],\"inLanguage\":\"es\",\"potentialAction\":[{\"@type\":\"CommentAction\",\"name\":\"Comment\",\"target\":[\"https:\\\/\\\/www.laguiadepamplona.com\\\/actualidad\\\/102-jovenes-de-16-a-30-anos-comienzan-su-experiencia-formativa-remunerada-para-distintas-profesiones-a-traves-de-seis-escuelas-taller-del-ayuntamiento-de-pamplona\\\/#respond\"]}]},{\"@type\":\"WebPage\",\"@id\":\"https:\\\/\\\/www.laguiadepamplona.com\\\/actualidad\\\/102-jovenes-de-16-a-30-anos-comienzan-su-experiencia-formativa-remunerada-para-distintas-profesiones-a-traves-de-seis-escuelas-taller-del-ayuntamiento-de-pamplona\\\/\",\"url\":\"https:\\\/\\\/www.laguiadepamplona.com\\\/actualidad\\\/102-jovenes-de-16-a-30-anos-comienzan-su-experiencia-formativa-remunerada-para-distintas-profesiones-a-traves-de-seis-escuelas-taller-del-ayuntamiento-de-pamplona\\\/\",\"name\":\"102 j\u00f3venes de 16 a 30 a\u00f1os comienzan su experiencia formativa remunerada para distintas profesiones a trav\u00e9s de seis Escuelas Taller del Ayuntamiento de Pamplona\",\"isPartOf\":{\"@id\":\"https:\\\/\\\/www.laguiadepamplona.com\\\/actualidad\\\/#website\"},\"primaryImageOfPage\":{\"@id\":\"https:\\\/\\\/www.laguiadepamplona.com\\\/actualidad\\\/102-jovenes-de-16-a-30-anos-comienzan-su-experiencia-formativa-remunerada-para-distintas-profesiones-a-traves-de-seis-escuelas-taller-del-ayuntamiento-de-pamplona\\\/#primaryimage\"},\"image\":{\"@id\":\"https:\\\/\\\/www.laguiadepamplona.com\\\/actualidad\\\/102-jovenes-de-16-a-30-anos-comienzan-su-experiencia-formativa-remunerada-para-distintas-profesiones-a-traves-de-seis-escuelas-taller-del-ayuntamiento-de-pamplona\\\/#primaryimage\"},\"thumbnailUrl\":\"https:\\\/\\\/www.laguiadepamplona.com\\\/actualidad\\\/wp-content\\\/uploads\\\/2022\\\/03\\\/jovenes-experiencia-formativa-remunerada.jpg\",\"datePublished\":\"2022-03-04T12:14:56+00:00\",\"dateModified\":\"2023-04-11T09:48:27+00:00\",\"description\":\"Esta ma\u00f1ana el alcalde de Pamplona, Enrique Maya, y la directora-gerente del SNE, Miriam Mart\u00f3n, han oficiado el acto de bienvenida\",\"breadcrumb\":{\"@id\":\"https:\\\/\\\/www.laguiadepamplona.com\\\/actualidad\\\/102-jovenes-de-16-a-30-anos-comienzan-su-experiencia-formativa-remunerada-para-distintas-profesiones-a-traves-de-seis-escuelas-taller-del-ayuntamiento-de-pamplona\\\/#breadcrumb\"},\"inLanguage\":\"es\",\"potentialAction\":[{\"@type\":\"ReadAction\",\"target\":[\"https:\\\/\\\/www.laguiadepamplona.com\\\/actualidad\\\/102-jovenes-de-16-a-30-anos-comienzan-su-experiencia-formativa-remunerada-para-distintas-profesiones-a-traves-de-seis-escuelas-taller-del-ayuntamiento-de-pamplona\\\/\"]}]},{\"@type\":\"ImageObject\",\"inLanguage\":\"es\",\"@id\":\"https:\\\/\\\/www.laguiadepamplona.com\\\/actualidad\\\/102-jovenes-de-16-a-30-anos-comienzan-su-experiencia-formativa-remunerada-para-distintas-profesiones-a-traves-de-seis-escuelas-taller-del-ayuntamiento-de-pamplona\\\/#primaryimage\",\"url\":\"https:\\\/\\\/www.laguiadepamplona.com\\\/actualidad\\\/wp-content\\\/uploads\\\/2022\\\/03\\\/jovenes-experiencia-formativa-remunerada.jpg\",\"contentUrl\":\"https:\\\/\\\/www.laguiadepamplona.com\\\/actualidad\\\/wp-content\\\/uploads\\\/2022\\\/03\\\/jovenes-experiencia-formativa-remunerada.jpg\",\"width\":1920,\"height\":1281},{\"@type\":\"BreadcrumbList\",\"@id\":\"https:\\\/\\\/www.laguiadepamplona.com\\\/actualidad\\\/102-jovenes-de-16-a-30-anos-comienzan-su-experiencia-formativa-remunerada-para-distintas-profesiones-a-traves-de-seis-escuelas-taller-del-ayuntamiento-de-pamplona\\\/#breadcrumb\",\"itemListElement\":[{\"@type\":\"ListItem\",\"position\":1,\"name\":\"Portada\",\"item\":\"https:\\\/\\\/www.laguiadepamplona.com\\\/actualidad\\\/\"},{\"@type\":\"ListItem\",\"position\":2,\"name\":\"102 j\u00f3venes de 16 a 30 a\u00f1os comienzan su experiencia formativa remunerada para distintas profesiones a trav\u00e9s de seis Escuelas Taller del Ayuntamiento de Pamplona\"}]},{\"@type\":\"WebSite\",\"@id\":\"https:\\\/\\\/www.laguiadepamplona.com\\\/actualidad\\\/#website\",\"url\":\"https:\\\/\\\/www.laguiadepamplona.com\\\/actualidad\\\/\",\"name\":\"La gu\u00eda de Pamplona\",\"description\":\"Noticias de Pamplona\",\"publisher\":{\"@id\":\"https:\\\/\\\/www.laguiadepamplona.com\\\/actualidad\\\/#organization\"},\"potentialAction\":[{\"@type\":\"SearchAction\",\"target\":{\"@type\":\"EntryPoint\",\"urlTemplate\":\"https:\\\/\\\/www.laguiadepamplona.com\\\/actualidad\\\/?s={search_term_string}\"},\"query-input\":{\"@type\":\"PropertyValueSpecification\",\"valueRequired\":true,\"valueName\":\"search_term_string\"}}],\"inLanguage\":\"es\"},{\"@type\":\"Organization\",\"@id\":\"https:\\\/\\\/www.laguiadepamplona.com\\\/actualidad\\\/#organization\",\"name\":\"La Gu\u00eda de Pamplona \\\/ Noticias\",\"url\":\"https:\\\/\\\/www.laguiadepamplona.com\\\/actualidad\\\/\",\"logo\":{\"@type\":\"ImageObject\",\"inLanguage\":\"es\",\"@id\":\"https:\\\/\\\/www.laguiadepamplona.com\\\/actualidad\\\/#\\\/schema\\\/logo\\\/image\\\/\",\"url\":\"https:\\\/\\\/www.laguiadepamplona.com\\\/actualidad\\\/wp-content\\\/uploads\\\/2018\\\/11\\\/logo-laguiadepamplona18-web1.png\",\"contentUrl\":\"https:\\\/\\\/www.laguiadepamplona.com\\\/actualidad\\\/wp-content\\\/uploads\\\/2018\\\/11\\\/logo-laguiadepamplona18-web1.png\",\"width\":600,\"height\":196,\"caption\":\"La Gu\u00eda de Pamplona \\\/ Noticias\"},\"image\":{\"@id\":\"https:\\\/\\\/www.laguiadepamplona.com\\\/actualidad\\\/#\\\/schema\\\/logo\\\/image\\\/\"},\"sameAs\":[\"https:\\\/\\\/www.facebook.com\\\/laguiadepamplonacom-133175176762273\\\/?ref=hl\",\"https:\\\/\\\/x.com\\\/LaGuiadPamplona\",\"https:\\\/\\\/www.instagram.com\\\/la_guia_de_pamplona\\\/\",\"https:\\\/\\\/www.youtube.com\\\/user\\\/laguiadepamplona\"]},{\"@type\":\"Person\",\"@id\":\"https:\\\/\\\/www.laguiadepamplona.com\\\/actualidad\\\/#\\\/schema\\\/person\\\/efe887376f0213d4657c93adc50b1fdb\",\"name\":\"La Gu\u00eda de Pamplona\",\"image\":{\"@type\":\"ImageObject\",\"inLanguage\":\"es\",\"@id\":\"https:\\\/\\\/secure.gravatar.com\\\/avatar\\\/b6992f131dc8d30ab0dff15446e9d346d9dbd95992de0fef795073f5ea83a81c?s=96&d=mm&r=g\",\"url\":\"https:\\\/\\\/secure.gravatar.com\\\/avatar\\\/b6992f131dc8d30ab0dff15446e9d346d9dbd95992de0fef795073f5ea83a81c?s=96&d=mm&r=g\",\"contentUrl\":\"https:\\\/\\\/secure.gravatar.com\\\/avatar\\\/b6992f131dc8d30ab0dff15446e9d346d9dbd95992de0fef795073f5ea83a81c?s=96&d=mm&r=g\",\"caption\":\"La Gu\u00eda de Pamplona\"}}]}<\/script>\n<!-- \/ Yoast SEO plugin. -->","yoast_head_json":{"title":"102 j\u00f3venes de 16 a 30 a\u00f1os comienzan su experiencia formativa remunerada para distintas profesiones a trav\u00e9s de seis Escuelas Taller del Ayuntamiento de Pamplona","description":"Esta ma\u00f1ana el alcalde de Pamplona, Enrique Maya, y la directora-gerente del SNE, Miriam Mart\u00f3n, han oficiado el acto de bienvenida","robots":{"index":"index","follow":"follow","max-snippet":"max-snippet:-1","max-image-preview":"max-image-preview:large","max-video-preview":"max-video-preview:-1"},"canonical":"https:\/\/www.laguiadepamplona.com\/actualidad\/102-jovenes-de-16-a-30-anos-comienzan-su-experiencia-formativa-remunerada-para-distintas-profesiones-a-traves-de-seis-escuelas-taller-del-ayuntamiento-de-pamplona\/","og_locale":"es_ES","og_type":"article","og_title":"102 j\u00f3venes de 16 a 30 a\u00f1os comienzan su experiencia formativa remunerada para distintas profesiones a trav\u00e9s de seis Escuelas Taller del Ayuntamiento de Pamplona","og_description":"Esta ma\u00f1ana el alcalde de Pamplona, Enrique Maya, y la directora-gerente del SNE, Miriam Mart\u00f3n, han oficiado el acto de bienvenida","og_url":"https:\/\/www.laguiadepamplona.com\/actualidad\/102-jovenes-de-16-a-30-anos-comienzan-su-experiencia-formativa-remunerada-para-distintas-profesiones-a-traves-de-seis-escuelas-taller-del-ayuntamiento-de-pamplona\/","og_site_name":"La Gu\u00eda de Pamplona","article_publisher":"https:\/\/www.facebook.com\/laguiadepamplonacom-133175176762273\/?ref=hl","article_published_time":"2022-03-04T12:14:56+00:00","article_modified_time":"2023-04-11T09:48:27+00:00","og_image":[{"width":1920,"height":1281,"url":"https:\/\/www.laguiadepamplona.com\/actualidad\/wp-content\/uploads\/2022\/03\/jovenes-experiencia-formativa-remunerada.jpg","type":"image\/jpeg"}],"author":"La Gu\u00eda de Pamplona","twitter_card":"summary_large_image","twitter_creator":"@LaGuiadPamplona","twitter_site":"@LaGuiadPamplona","twitter_misc":{"Escrito por":"La Gu\u00eda de Pamplona","Tiempo de lectura":"5 minutos"},"schema":{"@context":"https:\/\/schema.org","@graph":[{"@type":"Article","@id":"https:\/\/www.laguiadepamplona.com\/actualidad\/102-jovenes-de-16-a-30-anos-comienzan-su-experiencia-formativa-remunerada-para-distintas-profesiones-a-traves-de-seis-escuelas-taller-del-ayuntamiento-de-pamplona\/#article","isPartOf":{"@id":"https:\/\/www.laguiadepamplona.com\/actualidad\/102-jovenes-de-16-a-30-anos-comienzan-su-experiencia-formativa-remunerada-para-distintas-profesiones-a-traves-de-seis-escuelas-taller-del-ayuntamiento-de-pamplona\/"},"author":{"name":"La Gu\u00eda de Pamplona","@id":"https:\/\/www.laguiadepamplona.com\/actualidad\/#\/schema\/person\/efe887376f0213d4657c93adc50b1fdb"},"headline":"102 j\u00f3venes de 16 a 30 a\u00f1os comienzan su experiencia formativa remunerada para distintas profesiones a trav\u00e9s de seis Escuelas Taller del Ayuntamiento de Pamplona","datePublished":"2022-03-04T12:14:56+00:00","dateModified":"2023-04-11T09:48:27+00:00","mainEntityOfPage":{"@id":"https:\/\/www.laguiadepamplona.com\/actualidad\/102-jovenes-de-16-a-30-anos-comienzan-su-experiencia-formativa-remunerada-para-distintas-profesiones-a-traves-de-seis-escuelas-taller-del-ayuntamiento-de-pamplona\/"},"wordCount":1107,"commentCount":0,"publisher":{"@id":"https:\/\/www.laguiadepamplona.com\/actualidad\/#organization"},"image":{"@id":"https:\/\/www.laguiadepamplona.com\/actualidad\/102-jovenes-de-16-a-30-anos-comienzan-su-experiencia-formativa-remunerada-para-distintas-profesiones-a-traves-de-seis-escuelas-taller-del-ayuntamiento-de-pamplona\/#primaryimage"},"thumbnailUrl":"https:\/\/www.laguiadepamplona.com\/actualidad\/wp-content\/uploads\/2022\/03\/jovenes-experiencia-formativa-remunerada.jpg","articleSection":["Ayto Pamplona"],"inLanguage":"es","potentialAction":[{"@type":"CommentAction","name":"Comment","target":["https:\/\/www.laguiadepamplona.com\/actualidad\/102-jovenes-de-16-a-30-anos-comienzan-su-experiencia-formativa-remunerada-para-distintas-profesiones-a-traves-de-seis-escuelas-taller-del-ayuntamiento-de-pamplona\/#respond"]}]},{"@type":"WebPage","@id":"https:\/\/www.laguiadepamplona.com\/actualidad\/102-jovenes-de-16-a-30-anos-comienzan-su-experiencia-formativa-remunerada-para-distintas-profesiones-a-traves-de-seis-escuelas-taller-del-ayuntamiento-de-pamplona\/","url":"https:\/\/www.laguiadepamplona.com\/actualidad\/102-jovenes-de-16-a-30-anos-comienzan-su-experiencia-formativa-remunerada-para-distintas-profesiones-a-traves-de-seis-escuelas-taller-del-ayuntamiento-de-pamplona\/","name":"102 j\u00f3venes de 16 a 30 a\u00f1os comienzan su experiencia formativa remunerada para distintas profesiones a trav\u00e9s de seis Escuelas Taller del Ayuntamiento de Pamplona","isPartOf":{"@id":"https:\/\/www.laguiadepamplona.com\/actualidad\/#website"},"primaryImageOfPage":{"@id":"https:\/\/www.laguiadepamplona.com\/actualidad\/102-jovenes-de-16-a-30-anos-comienzan-su-experiencia-formativa-remunerada-para-distintas-profesiones-a-traves-de-seis-escuelas-taller-del-ayuntamiento-de-pamplona\/#primaryimage"},"image":{"@id":"https:\/\/www.laguiadepamplona.com\/actualidad\/102-jovenes-de-16-a-30-anos-comienzan-su-experiencia-formativa-remunerada-para-distintas-profesiones-a-traves-de-seis-escuelas-taller-del-ayuntamiento-de-pamplona\/#primaryimage"},"thumbnailUrl":"https:\/\/www.laguiadepamplona.com\/actualidad\/wp-content\/uploads\/2022\/03\/jovenes-experiencia-formativa-remunerada.jpg","datePublished":"2022-03-04T12:14:56+00:00","dateModified":"2023-04-11T09:48:27+00:00","description":"Esta ma\u00f1ana el alcalde de Pamplona, Enrique Maya, y la directora-gerente del SNE, Miriam Mart\u00f3n, han oficiado el acto de bienvenida","breadcrumb":{"@id":"https:\/\/www.laguiadepamplona.com\/actualidad\/102-jovenes-de-16-a-30-anos-comienzan-su-experiencia-formativa-remunerada-para-distintas-profesiones-a-traves-de-seis-escuelas-taller-del-ayuntamiento-de-pamplona\/#breadcrumb"},"inLanguage":"es","potentialAction":[{"@type":"ReadAction","target":["https:\/\/www.laguiadepamplona.com\/actualidad\/102-jovenes-de-16-a-30-anos-comienzan-su-experiencia-formativa-remunerada-para-distintas-profesiones-a-traves-de-seis-escuelas-taller-del-ayuntamiento-de-pamplona\/"]}]},{"@type":"ImageObject","inLanguage":"es","@id":"https:\/\/www.laguiadepamplona.com\/actualidad\/102-jovenes-de-16-a-30-anos-comienzan-su-experiencia-formativa-remunerada-para-distintas-profesiones-a-traves-de-seis-escuelas-taller-del-ayuntamiento-de-pamplona\/#primaryimage","url":"https:\/\/www.laguiadepamplona.com\/actualidad\/wp-content\/uploads\/2022\/03\/jovenes-experiencia-formativa-remunerada.jpg","contentUrl":"https:\/\/www.laguiadepamplona.com\/actualidad\/wp-content\/uploads\/2022\/03\/jovenes-experiencia-formativa-remunerada.jpg","width":1920,"height":1281},{"@type":"BreadcrumbList","@id":"https:\/\/www.laguiadepamplona.com\/actualidad\/102-jovenes-de-16-a-30-anos-comienzan-su-experiencia-formativa-remunerada-para-distintas-profesiones-a-traves-de-seis-escuelas-taller-del-ayuntamiento-de-pamplona\/#breadcrumb","itemListElement":[{"@type":"ListItem","position":1,"name":"Portada","item":"https:\/\/www.laguiadepamplona.com\/actualidad\/"},{"@type":"ListItem","position":2,"name":"102 j\u00f3venes de 16 a 30 a\u00f1os comienzan su experiencia formativa remunerada para distintas profesiones a trav\u00e9s de seis Escuelas Taller del Ayuntamiento de Pamplona"}]},{"@type":"WebSite","@id":"https:\/\/www.laguiadepamplona.com\/actualidad\/#website","url":"https:\/\/www.laguiadepamplona.com\/actualidad\/","name":"La gu\u00eda de Pamplona","description":"Noticias de Pamplona","publisher":{"@id":"https:\/\/www.laguiadepamplona.com\/actualidad\/#organization"},"potentialAction":[{"@type":"SearchAction","target":{"@type":"EntryPoint","urlTemplate":"https:\/\/www.laguiadepamplona.com\/actualidad\/?s={search_term_string}"},"query-input":{"@type":"PropertyValueSpecification","valueRequired":true,"valueName":"search_term_string"}}],"inLanguage":"es"},{"@type":"Organization","@id":"https:\/\/www.laguiadepamplona.com\/actualidad\/#organization","name":"La Gu\u00eda de Pamplona \/ Noticias","url":"https:\/\/www.laguiadepamplona.com\/actualidad\/","logo":{"@type":"ImageObject","inLanguage":"es","@id":"https:\/\/www.laguiadepamplona.com\/actualidad\/#\/schema\/logo\/image\/","url":"https:\/\/www.laguiadepamplona.com\/actualidad\/wp-content\/uploads\/2018\/11\/logo-laguiadepamplona18-web1.png","contentUrl":"https:\/\/www.laguiadepamplona.com\/actualidad\/wp-content\/uploads\/2018\/11\/logo-laguiadepamplona18-web1.png","width":600,"height":196,"caption":"La Gu\u00eda de Pamplona \/ Noticias"},"image":{"@id":"https:\/\/www.laguiadepamplona.com\/actualidad\/#\/schema\/logo\/image\/"},"sameAs":["https:\/\/www.facebook.com\/laguiadepamplonacom-133175176762273\/?ref=hl","https:\/\/x.com\/LaGuiadPamplona","https:\/\/www.instagram.com\/la_guia_de_pamplona\/","https:\/\/www.youtube.com\/user\/laguiadepamplona"]},{"@type":"Person","@id":"https:\/\/www.laguiadepamplona.com\/actualidad\/#\/schema\/person\/efe887376f0213d4657c93adc50b1fdb","name":"La Gu\u00eda de Pamplona","image":{"@type":"ImageObject","inLanguage":"es","@id":"https:\/\/secure.gravatar.com\/avatar\/b6992f131dc8d30ab0dff15446e9d346d9dbd95992de0fef795073f5ea83a81c?s=96&d=mm&r=g","url":"https:\/\/secure.gravatar.com\/avatar\/b6992f131dc8d30ab0dff15446e9d346d9dbd95992de0fef795073f5ea83a81c?s=96&d=mm&r=g","contentUrl":"https:\/\/secure.gravatar.com\/avatar\/b6992f131dc8d30ab0dff15446e9d346d9dbd95992de0fef795073f5ea83a81c?s=96&d=mm&r=g","caption":"La Gu\u00eda de Pamplona"}}]}},"post_mailing_queue_ids":[],"_links":{"self":[{"href":"https:\/\/www.laguiadepamplona.com\/actualidad\/wp-json\/wp\/v2\/posts\/39213","targetHints":{"allow":["GET"]}}],"collection":[{"href":"https:\/\/www.laguiadepamplona.com\/actualidad\/wp-json\/wp\/v2\/posts"}],"about":[{"href":"https:\/\/www.laguiadepamplona.com\/actualidad\/wp-json\/wp\/v2\/types\/post"}],"author":[{"embeddable":true,"href":"https:\/\/www.laguiadepamplona.com\/actualidad\/wp-json\/wp\/v2\/users\/1"}],"replies":[{"embeddable":true,"href":"https:\/\/www.laguiadepamplona.com\/actualidad\/wp-json\/wp\/v2\/comments?post=39213"}],"version-history":[{"count":0,"href":"https:\/\/www.laguiadepamplona.com\/actualidad\/wp-json\/wp\/v2\/posts\/39213\/revisions"}],"wp:featuredmedia":[{"embeddable":true,"href":"https:\/\/www.laguiadepamplona.com\/actualidad\/wp-json\/wp\/v2\/media\/39214"}],"wp:attachment":[{"href":"https:\/\/www.laguiadepamplona.com\/actualidad\/wp-json\/wp\/v2\/media?parent=39213"}],"wp:term":[{"taxonomy":"category","embeddable":true,"href":"https:\/\/www.laguiadepamplona.com\/actualidad\/wp-json\/wp\/v2\/categories?post=39213"},{"taxonomy":"post_tag","embeddable":true,"href":"https:\/\/www.laguiadepamplona.com\/actualidad\/wp-json\/wp\/v2\/tags?post=39213"}],"curies":[{"name":"wp","href":"https:\/\/api.w.org\/{rel}","templated":true}]}}