{"id":39206,"date":"2022-03-04T14:10:07","date_gmt":"2022-03-04T12:10:07","guid":{"rendered":"https:\/\/www.laguiadepamplona.com\/actualidad\/?p=39206"},"modified":"2023-04-11T11:48:27","modified_gmt":"2023-04-11T09:48:27","slug":"el-proximo-viernes-11-de-marzo-un-taller-de-iniciacion-al-cubo-de-rubik-en-la-casa-de-la-juventud-calentara-motores-para-la-celebracion-de-la-sexta-edicion-del-iruna-open","status":"publish","type":"post","link":"https:\/\/www.laguiadepamplona.com\/actualidad\/el-proximo-viernes-11-de-marzo-un-taller-de-iniciacion-al-cubo-de-rubik-en-la-casa-de-la-juventud-calentara-motores-para-la-celebracion-de-la-sexta-edicion-del-iruna-open\/","title":{"rendered":"El pr\u00f3ximo viernes 11 de marzo un taller de iniciaci\u00f3n al cubo de Rubik en la Casa de la Juventud calentar\u00e1 motores para la celebraci\u00f3n de la sexta edici\u00f3n del Iru\u00f1a Open"},"content":{"rendered":"<h5>Este lunes se abren inscripciones para las 40 plazas disponibles en la sesi\u00f3n, que se cubrir\u00e1n en orden de solicitud<\/h5>\n<p><!--more--><\/p>\n<p><a href=\"https:\/\/www.laguiadepamplona.com\/actualidad\/wp-content\/uploads\/2022\/03\/irunaopen2022.jpg\"><img loading=\"lazy\" decoding=\"async\" class=\"alignleft size-medium wp-image-39208\" src=\"https:\/\/www.laguiadepamplona.com\/actualidad\/wp-content\/uploads\/2022\/03\/irunaopen2022-212x300.jpg\" alt=\"\" width=\"212\" height=\"300\" srcset=\"https:\/\/www.laguiadepamplona.com\/actualidad\/wp-content\/uploads\/2022\/03\/irunaopen2022-212x300.jpg 212w, https:\/\/www.laguiadepamplona.com\/actualidad\/wp-content\/uploads\/2022\/03\/irunaopen2022-482x682.jpg 482w, https:\/\/www.laguiadepamplona.com\/actualidad\/wp-content\/uploads\/2022\/03\/irunaopen2022-768x1086.jpg 768w, https:\/\/www.laguiadepamplona.com\/actualidad\/wp-content\/uploads\/2022\/03\/irunaopen2022-1086x1536.jpg 1086w, https:\/\/www.laguiadepamplona.com\/actualidad\/wp-content\/uploads\/2022\/03\/irunaopen2022-640x905.jpg 640w, https:\/\/www.laguiadepamplona.com\/actualidad\/wp-content\/uploads\/2022\/03\/irunaopen2022.jpg 1414w\" sizes=\"auto, (max-width: 212px) 100vw, 212px\" \/><\/a>La Casa de la Juventud abre este lunes, 7 de marzo, las inscripciones para un taller preparatorio del campeonato oficial de cubos de Rubik Iru\u00f1a Open que se celebrar\u00e1 en Pamplona los d\u00edas 12 y 13 de marzo. La sesi\u00f3n, de nivel iniciaci\u00f3n, tendr\u00e1 lugar el viernes 11 de marzo en ese mismo espacio y est\u00e1 destinada a j\u00f3venes de 12 a 30 a\u00f1os que quieran aprender de los mejores diversas t\u00e9cnicas y algoritmos para resolver este rompecabezas.<\/p>\n<p>Se encargar\u00e1n de impartirlo tres \u2018cuberos\u2019 bien conocidos que, adem\u00e1s de competir, son organizadores del Open de Pamplona: Alejandro Nicolay, de la Asociaci\u00f3n Espa\u00f1ola de Speedcubing, Julen Sim\u00f3n Iriarte y Julio Perugorria Lorente. Ellos se encargar\u00e1n de hacer una breve introducci\u00f3n al rompecabezas de Erno Rubik, de desentra\u00f1ar algunos de los algoritmos con los que funciona su resoluci\u00f3n, y tambi\u00e9n de hacer una exhibici\u00f3n de diferentes modalidades durante el desarrollo del taller de 19.30 a 20 horas.<br \/>\n<script async src=\"\/\/pagead2.googlesyndication.com\/pagead\/js\/adsbygoogle.js\"><\/script><br \/>\n<!-- Noticias La Guia de Pamplona --><br \/>\n<ins class=\"adsbygoogle\"\nstyle=\"display:block\"\ndata-ad-client=\"ca-pub-6943679897239327\"\ndata-ad-slot=\"7048180777\"\ndata-ad-format=\"auto\"><\/ins><br \/>\n<script>\n(adsbygoogle = window.adsbygoogle || []).push({});\n<\/script><\/p>\n<p>La inscripci\u00f3n a la sesi\u00f3n ser\u00e1 gratuita y podr\u00e1 hacerse presencialmente en la Casa de la Juventud (calle Sang\u00fcesa, 30). Hay un l\u00edmite de 40 plazas, que se cubrir\u00e1n en orden de inscripci\u00f3n. Las personas apuntadas recibir\u00e1n un cubo de Rubik est\u00e1ndar para poder seguir el taller y practicar posteriormente en su casa.<\/p>\n<p>Y el s\u00e1bado 12 de marzo y el domingo 13, con las inscripciones cerradas desde el mismo d\u00eda que se abri\u00f3 el plazo, tendr\u00e1 lugar la sexta edici\u00f3n del Iru\u00f1a Open que permitir\u00e1 a los contendientes disputar en cualquiera de las 8 categor\u00edas propuestas, de las 17 reconocidas oficialmente. Al tratarse de una competici\u00f3n oficial todos los encuentros se regir\u00e1n por las normas de la World Cube Association y habr\u00e1 un delegado de la organizaci\u00f3n para certificar el adecuado desarrollo de la competici\u00f3n.<br \/>\n<script async src=\"\/\/pagead2.googlesyndication.com\/pagead\/js\/adsbygoogle.js\"><\/script><br \/>\n<!-- Noticias La Guia de Pamplona --><br \/>\n<ins class=\"adsbygoogle\"\nstyle=\"display:block\"\ndata-ad-client=\"ca-pub-6943679897239327\"\ndata-ad-slot=\"7048180777\"\ndata-ad-format=\"auto\"><\/ins><br \/>\n<script>\n(adsbygoogle = window.adsbygoogle || []).push({});\n<\/script><\/p>\n<p>&nbsp;<\/p>\n<h3>Los monitores del taller<\/h3>\n<ul>\n<li><strong>Alejandro Nicolay<\/strong>: Organizador del evento y uno de los cuberos m\u00e1s representativos en Navarra. Destaca por su gran evoluci\u00f3n desde su comienzo, en la primera edici\u00f3n del Iru\u00f1a Open, hasta obtener el r\u00e9cord de Espa\u00f1a en Square-1.<\/li>\n<li><strong>Julen Sim\u00f3n<\/strong>: Organizador y colaborador en m\u00faltiples campeonatos entre los que destaca la organizaci\u00f3n del XV Campeonato de Espa\u00f1a. Poseedor de r\u00e9cords nacionales tanto en 2&#215;2 como en 3&#215;3 con los pies, es el vigente campe\u00f3n del \u00faltimo Iru\u00f1a Open oficial.<\/li>\n<li><strong>Julio Perugorria<\/strong>: El organizador de los primeros Iru\u00f1a Open y uno de los mejores cuberos en la categor\u00eda de Skewb a nivel mundial, con multitud de medallas de oro en esa categor\u00eda y algunos de los tiempos m\u00e1s r\u00e1pidos registrados en competici\u00f3n.<\/li>\n<\/ul>\n","protected":false},"excerpt":{"rendered":"<p>Este lunes se abren inscripciones para las 40 plazas disponibles en la sesi\u00f3n, que se cubrir\u00e1n en orden de solicitud<\/p>\n","protected":false},"author":1,"featured_media":39207,"comment_status":"open","ping_status":"closed","sticky":false,"template":"","format":"standard","meta":{"footnotes":""},"categories":[2],"tags":[],"class_list":["post-39206","post","type-post","status-publish","format-standard","has-post-thumbnail","hentry","category-ayuntamiento-pamplona"],"yoast_head":"<!-- This site is optimized with the Yoast SEO plugin v27.3 - https:\/\/yoast.com\/product\/yoast-seo-wordpress\/ -->\n<title>El pr\u00f3ximo viernes 11 de marzo un taller de iniciaci\u00f3n al cubo de Rubik en la Casa de la Juventud calentar\u00e1 motores para la celebraci\u00f3n de la sexta edici\u00f3n del Iru\u00f1a Open<\/title>\n<meta name=\"description\" content=\"Este lunes se abren inscripciones para las 40 plazas disponibles en la sesi\u00f3n, que se cubrir\u00e1n en orden de solicitud\" \/>\n<meta name=\"robots\" content=\"index, follow, max-snippet:-1, max-image-preview:large, max-video-preview:-1\" \/>\n<link rel=\"canonical\" href=\"https:\/\/www.laguiadepamplona.com\/actualidad\/el-proximo-viernes-11-de-marzo-un-taller-de-iniciacion-al-cubo-de-rubik-en-la-casa-de-la-juventud-calentara-motores-para-la-celebracion-de-la-sexta-edicion-del-iruna-open\/\" \/>\n<meta property=\"og:locale\" content=\"es_ES\" \/>\n<meta property=\"og:type\" content=\"article\" \/>\n<meta property=\"og:title\" content=\"El pr\u00f3ximo viernes 11 de marzo un taller de iniciaci\u00f3n al cubo de Rubik en la Casa de la Juventud calentar\u00e1 motores para la celebraci\u00f3n de la sexta edici\u00f3n del Iru\u00f1a Open\" \/>\n<meta property=\"og:description\" content=\"Este lunes se abren inscripciones para las 40 plazas disponibles en la sesi\u00f3n, que se cubrir\u00e1n en orden de solicitud\" \/>\n<meta property=\"og:url\" content=\"https:\/\/www.laguiadepamplona.com\/actualidad\/el-proximo-viernes-11-de-marzo-un-taller-de-iniciacion-al-cubo-de-rubik-en-la-casa-de-la-juventud-calentara-motores-para-la-celebracion-de-la-sexta-edicion-del-iruna-open\/\" \/>\n<meta property=\"og:site_name\" content=\"La Gu\u00eda de Pamplona\" \/>\n<meta property=\"article:publisher\" content=\"https:\/\/www.facebook.com\/laguiadepamplonacom-133175176762273\/?ref=hl\" \/>\n<meta property=\"article:published_time\" content=\"2022-03-04T12:10:07+00:00\" \/>\n<meta property=\"article:modified_time\" content=\"2023-04-11T09:48:27+00:00\" \/>\n<meta property=\"og:image\" content=\"https:\/\/www.laguiadepamplona.com\/actualidad\/wp-content\/uploads\/2022\/03\/irunaopen2022-copia.jpg\" \/>\n\t<meta property=\"og:image:width\" content=\"1414\" \/>\n\t<meta property=\"og:image:height\" content=\"968\" \/>\n\t<meta property=\"og:image:type\" content=\"image\/jpeg\" \/>\n<meta name=\"author\" content=\"La Gu\u00eda de Pamplona\" \/>\n<meta name=\"twitter:card\" content=\"summary_large_image\" \/>\n<meta name=\"twitter:creator\" content=\"@LaGuiadPamplona\" \/>\n<meta name=\"twitter:site\" content=\"@LaGuiadPamplona\" \/>\n<meta name=\"twitter:label1\" content=\"Escrito por\" \/>\n\t<meta name=\"twitter:data1\" content=\"La Gu\u00eda de Pamplona\" \/>\n\t<meta name=\"twitter:label2\" content=\"Tiempo de lectura\" \/>\n\t<meta name=\"twitter:data2\" content=\"3 minutos\" \/>\n<script type=\"application\/ld+json\" class=\"yoast-schema-graph\">{\"@context\":\"https:\\\/\\\/schema.org\",\"@graph\":[{\"@type\":\"Article\",\"@id\":\"https:\\\/\\\/www.laguiadepamplona.com\\\/actualidad\\\/el-proximo-viernes-11-de-marzo-un-taller-de-iniciacion-al-cubo-de-rubik-en-la-casa-de-la-juventud-calentara-motores-para-la-celebracion-de-la-sexta-edicion-del-iruna-open\\\/#article\",\"isPartOf\":{\"@id\":\"https:\\\/\\\/www.laguiadepamplona.com\\\/actualidad\\\/el-proximo-viernes-11-de-marzo-un-taller-de-iniciacion-al-cubo-de-rubik-en-la-casa-de-la-juventud-calentara-motores-para-la-celebracion-de-la-sexta-edicion-del-iruna-open\\\/\"},\"author\":{\"name\":\"La Gu\u00eda de Pamplona\",\"@id\":\"https:\\\/\\\/www.laguiadepamplona.com\\\/actualidad\\\/#\\\/schema\\\/person\\\/efe887376f0213d4657c93adc50b1fdb\"},\"headline\":\"El pr\u00f3ximo viernes 11 de marzo un taller de iniciaci\u00f3n al cubo de Rubik en la Casa de la Juventud calentar\u00e1 motores para la celebraci\u00f3n de la sexta edici\u00f3n del Iru\u00f1a Open\",\"datePublished\":\"2022-03-04T12:10:07+00:00\",\"dateModified\":\"2023-04-11T09:48:27+00:00\",\"mainEntityOfPage\":{\"@id\":\"https:\\\/\\\/www.laguiadepamplona.com\\\/actualidad\\\/el-proximo-viernes-11-de-marzo-un-taller-de-iniciacion-al-cubo-de-rubik-en-la-casa-de-la-juventud-calentara-motores-para-la-celebracion-de-la-sexta-edicion-del-iruna-open\\\/\"},\"wordCount\":513,\"commentCount\":0,\"publisher\":{\"@id\":\"https:\\\/\\\/www.laguiadepamplona.com\\\/actualidad\\\/#organization\"},\"image\":{\"@id\":\"https:\\\/\\\/www.laguiadepamplona.com\\\/actualidad\\\/el-proximo-viernes-11-de-marzo-un-taller-de-iniciacion-al-cubo-de-rubik-en-la-casa-de-la-juventud-calentara-motores-para-la-celebracion-de-la-sexta-edicion-del-iruna-open\\\/#primaryimage\"},\"thumbnailUrl\":\"https:\\\/\\\/www.laguiadepamplona.com\\\/actualidad\\\/wp-content\\\/uploads\\\/2022\\\/03\\\/irunaopen2022-copia.jpg\",\"articleSection\":[\"Ayto Pamplona\"],\"inLanguage\":\"es\",\"potentialAction\":[{\"@type\":\"CommentAction\",\"name\":\"Comment\",\"target\":[\"https:\\\/\\\/www.laguiadepamplona.com\\\/actualidad\\\/el-proximo-viernes-11-de-marzo-un-taller-de-iniciacion-al-cubo-de-rubik-en-la-casa-de-la-juventud-calentara-motores-para-la-celebracion-de-la-sexta-edicion-del-iruna-open\\\/#respond\"]}]},{\"@type\":\"WebPage\",\"@id\":\"https:\\\/\\\/www.laguiadepamplona.com\\\/actualidad\\\/el-proximo-viernes-11-de-marzo-un-taller-de-iniciacion-al-cubo-de-rubik-en-la-casa-de-la-juventud-calentara-motores-para-la-celebracion-de-la-sexta-edicion-del-iruna-open\\\/\",\"url\":\"https:\\\/\\\/www.laguiadepamplona.com\\\/actualidad\\\/el-proximo-viernes-11-de-marzo-un-taller-de-iniciacion-al-cubo-de-rubik-en-la-casa-de-la-juventud-calentara-motores-para-la-celebracion-de-la-sexta-edicion-del-iruna-open\\\/\",\"name\":\"El pr\u00f3ximo viernes 11 de marzo un taller de iniciaci\u00f3n al cubo de Rubik en la Casa de la Juventud calentar\u00e1 motores para la celebraci\u00f3n de la sexta edici\u00f3n del Iru\u00f1a Open\",\"isPartOf\":{\"@id\":\"https:\\\/\\\/www.laguiadepamplona.com\\\/actualidad\\\/#website\"},\"primaryImageOfPage\":{\"@id\":\"https:\\\/\\\/www.laguiadepamplona.com\\\/actualidad\\\/el-proximo-viernes-11-de-marzo-un-taller-de-iniciacion-al-cubo-de-rubik-en-la-casa-de-la-juventud-calentara-motores-para-la-celebracion-de-la-sexta-edicion-del-iruna-open\\\/#primaryimage\"},\"image\":{\"@id\":\"https:\\\/\\\/www.laguiadepamplona.com\\\/actualidad\\\/el-proximo-viernes-11-de-marzo-un-taller-de-iniciacion-al-cubo-de-rubik-en-la-casa-de-la-juventud-calentara-motores-para-la-celebracion-de-la-sexta-edicion-del-iruna-open\\\/#primaryimage\"},\"thumbnailUrl\":\"https:\\\/\\\/www.laguiadepamplona.com\\\/actualidad\\\/wp-content\\\/uploads\\\/2022\\\/03\\\/irunaopen2022-copia.jpg\",\"datePublished\":\"2022-03-04T12:10:07+00:00\",\"dateModified\":\"2023-04-11T09:48:27+00:00\",\"description\":\"Este lunes se abren inscripciones para las 40 plazas disponibles en la sesi\u00f3n, que se cubrir\u00e1n en orden de solicitud\",\"breadcrumb\":{\"@id\":\"https:\\\/\\\/www.laguiadepamplona.com\\\/actualidad\\\/el-proximo-viernes-11-de-marzo-un-taller-de-iniciacion-al-cubo-de-rubik-en-la-casa-de-la-juventud-calentara-motores-para-la-celebracion-de-la-sexta-edicion-del-iruna-open\\\/#breadcrumb\"},\"inLanguage\":\"es\",\"potentialAction\":[{\"@type\":\"ReadAction\",\"target\":[\"https:\\\/\\\/www.laguiadepamplona.com\\\/actualidad\\\/el-proximo-viernes-11-de-marzo-un-taller-de-iniciacion-al-cubo-de-rubik-en-la-casa-de-la-juventud-calentara-motores-para-la-celebracion-de-la-sexta-edicion-del-iruna-open\\\/\"]}]},{\"@type\":\"ImageObject\",\"inLanguage\":\"es\",\"@id\":\"https:\\\/\\\/www.laguiadepamplona.com\\\/actualidad\\\/el-proximo-viernes-11-de-marzo-un-taller-de-iniciacion-al-cubo-de-rubik-en-la-casa-de-la-juventud-calentara-motores-para-la-celebracion-de-la-sexta-edicion-del-iruna-open\\\/#primaryimage\",\"url\":\"https:\\\/\\\/www.laguiadepamplona.com\\\/actualidad\\\/wp-content\\\/uploads\\\/2022\\\/03\\\/irunaopen2022-copia.jpg\",\"contentUrl\":\"https:\\\/\\\/www.laguiadepamplona.com\\\/actualidad\\\/wp-content\\\/uploads\\\/2022\\\/03\\\/irunaopen2022-copia.jpg\",\"width\":1414,\"height\":968},{\"@type\":\"BreadcrumbList\",\"@id\":\"https:\\\/\\\/www.laguiadepamplona.com\\\/actualidad\\\/el-proximo-viernes-11-de-marzo-un-taller-de-iniciacion-al-cubo-de-rubik-en-la-casa-de-la-juventud-calentara-motores-para-la-celebracion-de-la-sexta-edicion-del-iruna-open\\\/#breadcrumb\",\"itemListElement\":[{\"@type\":\"ListItem\",\"position\":1,\"name\":\"Portada\",\"item\":\"https:\\\/\\\/www.laguiadepamplona.com\\\/actualidad\\\/\"},{\"@type\":\"ListItem\",\"position\":2,\"name\":\"El pr\u00f3ximo viernes 11 de marzo un taller de iniciaci\u00f3n al cubo de Rubik en la Casa de la Juventud calentar\u00e1 motores para la celebraci\u00f3n de la sexta edici\u00f3n del Iru\u00f1a Open\"}]},{\"@type\":\"WebSite\",\"@id\":\"https:\\\/\\\/www.laguiadepamplona.com\\\/actualidad\\\/#website\",\"url\":\"https:\\\/\\\/www.laguiadepamplona.com\\\/actualidad\\\/\",\"name\":\"La gu\u00eda de Pamplona\",\"description\":\"Noticias de Pamplona\",\"publisher\":{\"@id\":\"https:\\\/\\\/www.laguiadepamplona.com\\\/actualidad\\\/#organization\"},\"potentialAction\":[{\"@type\":\"SearchAction\",\"target\":{\"@type\":\"EntryPoint\",\"urlTemplate\":\"https:\\\/\\\/www.laguiadepamplona.com\\\/actualidad\\\/?s={search_term_string}\"},\"query-input\":{\"@type\":\"PropertyValueSpecification\",\"valueRequired\":true,\"valueName\":\"search_term_string\"}}],\"inLanguage\":\"es\"},{\"@type\":\"Organization\",\"@id\":\"https:\\\/\\\/www.laguiadepamplona.com\\\/actualidad\\\/#organization\",\"name\":\"La Gu\u00eda de Pamplona \\\/ Noticias\",\"url\":\"https:\\\/\\\/www.laguiadepamplona.com\\\/actualidad\\\/\",\"logo\":{\"@type\":\"ImageObject\",\"inLanguage\":\"es\",\"@id\":\"https:\\\/\\\/www.laguiadepamplona.com\\\/actualidad\\\/#\\\/schema\\\/logo\\\/image\\\/\",\"url\":\"https:\\\/\\\/www.laguiadepamplona.com\\\/actualidad\\\/wp-content\\\/uploads\\\/2018\\\/11\\\/logo-laguiadepamplona18-web1.png\",\"contentUrl\":\"https:\\\/\\\/www.laguiadepamplona.com\\\/actualidad\\\/wp-content\\\/uploads\\\/2018\\\/11\\\/logo-laguiadepamplona18-web1.png\",\"width\":600,\"height\":196,\"caption\":\"La Gu\u00eda de Pamplona \\\/ Noticias\"},\"image\":{\"@id\":\"https:\\\/\\\/www.laguiadepamplona.com\\\/actualidad\\\/#\\\/schema\\\/logo\\\/image\\\/\"},\"sameAs\":[\"https:\\\/\\\/www.facebook.com\\\/laguiadepamplonacom-133175176762273\\\/?ref=hl\",\"https:\\\/\\\/x.com\\\/LaGuiadPamplona\",\"https:\\\/\\\/www.instagram.com\\\/la_guia_de_pamplona\\\/\",\"https:\\\/\\\/www.youtube.com\\\/user\\\/laguiadepamplona\"]},{\"@type\":\"Person\",\"@id\":\"https:\\\/\\\/www.laguiadepamplona.com\\\/actualidad\\\/#\\\/schema\\\/person\\\/efe887376f0213d4657c93adc50b1fdb\",\"name\":\"La Gu\u00eda de Pamplona\",\"image\":{\"@type\":\"ImageObject\",\"inLanguage\":\"es\",\"@id\":\"https:\\\/\\\/secure.gravatar.com\\\/avatar\\\/b6992f131dc8d30ab0dff15446e9d346d9dbd95992de0fef795073f5ea83a81c?s=96&d=mm&r=g\",\"url\":\"https:\\\/\\\/secure.gravatar.com\\\/avatar\\\/b6992f131dc8d30ab0dff15446e9d346d9dbd95992de0fef795073f5ea83a81c?s=96&d=mm&r=g\",\"contentUrl\":\"https:\\\/\\\/secure.gravatar.com\\\/avatar\\\/b6992f131dc8d30ab0dff15446e9d346d9dbd95992de0fef795073f5ea83a81c?s=96&d=mm&r=g\",\"caption\":\"La Gu\u00eda de Pamplona\"}}]}<\/script>\n<!-- \/ Yoast SEO plugin. -->","yoast_head_json":{"title":"El pr\u00f3ximo viernes 11 de marzo un taller de iniciaci\u00f3n al cubo de Rubik en la Casa de la Juventud calentar\u00e1 motores para la celebraci\u00f3n de la sexta edici\u00f3n del Iru\u00f1a Open","description":"Este lunes se abren inscripciones para las 40 plazas disponibles en la sesi\u00f3n, que se cubrir\u00e1n en orden de solicitud","robots":{"index":"index","follow":"follow","max-snippet":"max-snippet:-1","max-image-preview":"max-image-preview:large","max-video-preview":"max-video-preview:-1"},"canonical":"https:\/\/www.laguiadepamplona.com\/actualidad\/el-proximo-viernes-11-de-marzo-un-taller-de-iniciacion-al-cubo-de-rubik-en-la-casa-de-la-juventud-calentara-motores-para-la-celebracion-de-la-sexta-edicion-del-iruna-open\/","og_locale":"es_ES","og_type":"article","og_title":"El pr\u00f3ximo viernes 11 de marzo un taller de iniciaci\u00f3n al cubo de Rubik en la Casa de la Juventud calentar\u00e1 motores para la celebraci\u00f3n de la sexta edici\u00f3n del Iru\u00f1a Open","og_description":"Este lunes se abren inscripciones para las 40 plazas disponibles en la sesi\u00f3n, que se cubrir\u00e1n en orden de solicitud","og_url":"https:\/\/www.laguiadepamplona.com\/actualidad\/el-proximo-viernes-11-de-marzo-un-taller-de-iniciacion-al-cubo-de-rubik-en-la-casa-de-la-juventud-calentara-motores-para-la-celebracion-de-la-sexta-edicion-del-iruna-open\/","og_site_name":"La Gu\u00eda de Pamplona","article_publisher":"https:\/\/www.facebook.com\/laguiadepamplonacom-133175176762273\/?ref=hl","article_published_time":"2022-03-04T12:10:07+00:00","article_modified_time":"2023-04-11T09:48:27+00:00","og_image":[{"width":1414,"height":968,"url":"https:\/\/www.laguiadepamplona.com\/actualidad\/wp-content\/uploads\/2022\/03\/irunaopen2022-copia.jpg","type":"image\/jpeg"}],"author":"La Gu\u00eda de Pamplona","twitter_card":"summary_large_image","twitter_creator":"@LaGuiadPamplona","twitter_site":"@LaGuiadPamplona","twitter_misc":{"Escrito por":"La Gu\u00eda de Pamplona","Tiempo de lectura":"3 minutos"},"schema":{"@context":"https:\/\/schema.org","@graph":[{"@type":"Article","@id":"https:\/\/www.laguiadepamplona.com\/actualidad\/el-proximo-viernes-11-de-marzo-un-taller-de-iniciacion-al-cubo-de-rubik-en-la-casa-de-la-juventud-calentara-motores-para-la-celebracion-de-la-sexta-edicion-del-iruna-open\/#article","isPartOf":{"@id":"https:\/\/www.laguiadepamplona.com\/actualidad\/el-proximo-viernes-11-de-marzo-un-taller-de-iniciacion-al-cubo-de-rubik-en-la-casa-de-la-juventud-calentara-motores-para-la-celebracion-de-la-sexta-edicion-del-iruna-open\/"},"author":{"name":"La Gu\u00eda de Pamplona","@id":"https:\/\/www.laguiadepamplona.com\/actualidad\/#\/schema\/person\/efe887376f0213d4657c93adc50b1fdb"},"headline":"El pr\u00f3ximo viernes 11 de marzo un taller de iniciaci\u00f3n al cubo de Rubik en la Casa de la Juventud calentar\u00e1 motores para la celebraci\u00f3n de la sexta edici\u00f3n del Iru\u00f1a Open","datePublished":"2022-03-04T12:10:07+00:00","dateModified":"2023-04-11T09:48:27+00:00","mainEntityOfPage":{"@id":"https:\/\/www.laguiadepamplona.com\/actualidad\/el-proximo-viernes-11-de-marzo-un-taller-de-iniciacion-al-cubo-de-rubik-en-la-casa-de-la-juventud-calentara-motores-para-la-celebracion-de-la-sexta-edicion-del-iruna-open\/"},"wordCount":513,"commentCount":0,"publisher":{"@id":"https:\/\/www.laguiadepamplona.com\/actualidad\/#organization"},"image":{"@id":"https:\/\/www.laguiadepamplona.com\/actualidad\/el-proximo-viernes-11-de-marzo-un-taller-de-iniciacion-al-cubo-de-rubik-en-la-casa-de-la-juventud-calentara-motores-para-la-celebracion-de-la-sexta-edicion-del-iruna-open\/#primaryimage"},"thumbnailUrl":"https:\/\/www.laguiadepamplona.com\/actualidad\/wp-content\/uploads\/2022\/03\/irunaopen2022-copia.jpg","articleSection":["Ayto Pamplona"],"inLanguage":"es","potentialAction":[{"@type":"CommentAction","name":"Comment","target":["https:\/\/www.laguiadepamplona.com\/actualidad\/el-proximo-viernes-11-de-marzo-un-taller-de-iniciacion-al-cubo-de-rubik-en-la-casa-de-la-juventud-calentara-motores-para-la-celebracion-de-la-sexta-edicion-del-iruna-open\/#respond"]}]},{"@type":"WebPage","@id":"https:\/\/www.laguiadepamplona.com\/actualidad\/el-proximo-viernes-11-de-marzo-un-taller-de-iniciacion-al-cubo-de-rubik-en-la-casa-de-la-juventud-calentara-motores-para-la-celebracion-de-la-sexta-edicion-del-iruna-open\/","url":"https:\/\/www.laguiadepamplona.com\/actualidad\/el-proximo-viernes-11-de-marzo-un-taller-de-iniciacion-al-cubo-de-rubik-en-la-casa-de-la-juventud-calentara-motores-para-la-celebracion-de-la-sexta-edicion-del-iruna-open\/","name":"El pr\u00f3ximo viernes 11 de marzo un taller de iniciaci\u00f3n al cubo de Rubik en la Casa de la Juventud calentar\u00e1 motores para la celebraci\u00f3n de la sexta edici\u00f3n del Iru\u00f1a Open","isPartOf":{"@id":"https:\/\/www.laguiadepamplona.com\/actualidad\/#website"},"primaryImageOfPage":{"@id":"https:\/\/www.laguiadepamplona.com\/actualidad\/el-proximo-viernes-11-de-marzo-un-taller-de-iniciacion-al-cubo-de-rubik-en-la-casa-de-la-juventud-calentara-motores-para-la-celebracion-de-la-sexta-edicion-del-iruna-open\/#primaryimage"},"image":{"@id":"https:\/\/www.laguiadepamplona.com\/actualidad\/el-proximo-viernes-11-de-marzo-un-taller-de-iniciacion-al-cubo-de-rubik-en-la-casa-de-la-juventud-calentara-motores-para-la-celebracion-de-la-sexta-edicion-del-iruna-open\/#primaryimage"},"thumbnailUrl":"https:\/\/www.laguiadepamplona.com\/actualidad\/wp-content\/uploads\/2022\/03\/irunaopen2022-copia.jpg","datePublished":"2022-03-04T12:10:07+00:00","dateModified":"2023-04-11T09:48:27+00:00","description":"Este lunes se abren inscripciones para las 40 plazas disponibles en la sesi\u00f3n, que se cubrir\u00e1n en orden de solicitud","breadcrumb":{"@id":"https:\/\/www.laguiadepamplona.com\/actualidad\/el-proximo-viernes-11-de-marzo-un-taller-de-iniciacion-al-cubo-de-rubik-en-la-casa-de-la-juventud-calentara-motores-para-la-celebracion-de-la-sexta-edicion-del-iruna-open\/#breadcrumb"},"inLanguage":"es","potentialAction":[{"@type":"ReadAction","target":["https:\/\/www.laguiadepamplona.com\/actualidad\/el-proximo-viernes-11-de-marzo-un-taller-de-iniciacion-al-cubo-de-rubik-en-la-casa-de-la-juventud-calentara-motores-para-la-celebracion-de-la-sexta-edicion-del-iruna-open\/"]}]},{"@type":"ImageObject","inLanguage":"es","@id":"https:\/\/www.laguiadepamplona.com\/actualidad\/el-proximo-viernes-11-de-marzo-un-taller-de-iniciacion-al-cubo-de-rubik-en-la-casa-de-la-juventud-calentara-motores-para-la-celebracion-de-la-sexta-edicion-del-iruna-open\/#primaryimage","url":"https:\/\/www.laguiadepamplona.com\/actualidad\/wp-content\/uploads\/2022\/03\/irunaopen2022-copia.jpg","contentUrl":"https:\/\/www.laguiadepamplona.com\/actualidad\/wp-content\/uploads\/2022\/03\/irunaopen2022-copia.jpg","width":1414,"height":968},{"@type":"BreadcrumbList","@id":"https:\/\/www.laguiadepamplona.com\/actualidad\/el-proximo-viernes-11-de-marzo-un-taller-de-iniciacion-al-cubo-de-rubik-en-la-casa-de-la-juventud-calentara-motores-para-la-celebracion-de-la-sexta-edicion-del-iruna-open\/#breadcrumb","itemListElement":[{"@type":"ListItem","position":1,"name":"Portada","item":"https:\/\/www.laguiadepamplona.com\/actualidad\/"},{"@type":"ListItem","position":2,"name":"El pr\u00f3ximo viernes 11 de marzo un taller de iniciaci\u00f3n al cubo de Rubik en la Casa de la Juventud calentar\u00e1 motores para la celebraci\u00f3n de la sexta edici\u00f3n del Iru\u00f1a Open"}]},{"@type":"WebSite","@id":"https:\/\/www.laguiadepamplona.com\/actualidad\/#website","url":"https:\/\/www.laguiadepamplona.com\/actualidad\/","name":"La gu\u00eda de Pamplona","description":"Noticias de Pamplona","publisher":{"@id":"https:\/\/www.laguiadepamplona.com\/actualidad\/#organization"},"potentialAction":[{"@type":"SearchAction","target":{"@type":"EntryPoint","urlTemplate":"https:\/\/www.laguiadepamplona.com\/actualidad\/?s={search_term_string}"},"query-input":{"@type":"PropertyValueSpecification","valueRequired":true,"valueName":"search_term_string"}}],"inLanguage":"es"},{"@type":"Organization","@id":"https:\/\/www.laguiadepamplona.com\/actualidad\/#organization","name":"La Gu\u00eda de Pamplona \/ Noticias","url":"https:\/\/www.laguiadepamplona.com\/actualidad\/","logo":{"@type":"ImageObject","inLanguage":"es","@id":"https:\/\/www.laguiadepamplona.com\/actualidad\/#\/schema\/logo\/image\/","url":"https:\/\/www.laguiadepamplona.com\/actualidad\/wp-content\/uploads\/2018\/11\/logo-laguiadepamplona18-web1.png","contentUrl":"https:\/\/www.laguiadepamplona.com\/actualidad\/wp-content\/uploads\/2018\/11\/logo-laguiadepamplona18-web1.png","width":600,"height":196,"caption":"La Gu\u00eda de Pamplona \/ Noticias"},"image":{"@id":"https:\/\/www.laguiadepamplona.com\/actualidad\/#\/schema\/logo\/image\/"},"sameAs":["https:\/\/www.facebook.com\/laguiadepamplonacom-133175176762273\/?ref=hl","https:\/\/x.com\/LaGuiadPamplona","https:\/\/www.instagram.com\/la_guia_de_pamplona\/","https:\/\/www.youtube.com\/user\/laguiadepamplona"]},{"@type":"Person","@id":"https:\/\/www.laguiadepamplona.com\/actualidad\/#\/schema\/person\/efe887376f0213d4657c93adc50b1fdb","name":"La Gu\u00eda de Pamplona","image":{"@type":"ImageObject","inLanguage":"es","@id":"https:\/\/secure.gravatar.com\/avatar\/b6992f131dc8d30ab0dff15446e9d346d9dbd95992de0fef795073f5ea83a81c?s=96&d=mm&r=g","url":"https:\/\/secure.gravatar.com\/avatar\/b6992f131dc8d30ab0dff15446e9d346d9dbd95992de0fef795073f5ea83a81c?s=96&d=mm&r=g","contentUrl":"https:\/\/secure.gravatar.com\/avatar\/b6992f131dc8d30ab0dff15446e9d346d9dbd95992de0fef795073f5ea83a81c?s=96&d=mm&r=g","caption":"La Gu\u00eda de Pamplona"}}]}},"post_mailing_queue_ids":[],"_links":{"self":[{"href":"https:\/\/www.laguiadepamplona.com\/actualidad\/wp-json\/wp\/v2\/posts\/39206","targetHints":{"allow":["GET"]}}],"collection":[{"href":"https:\/\/www.laguiadepamplona.com\/actualidad\/wp-json\/wp\/v2\/posts"}],"about":[{"href":"https:\/\/www.laguiadepamplona.com\/actualidad\/wp-json\/wp\/v2\/types\/post"}],"author":[{"embeddable":true,"href":"https:\/\/www.laguiadepamplona.com\/actualidad\/wp-json\/wp\/v2\/users\/1"}],"replies":[{"embeddable":true,"href":"https:\/\/www.laguiadepamplona.com\/actualidad\/wp-json\/wp\/v2\/comments?post=39206"}],"version-history":[{"count":0,"href":"https:\/\/www.laguiadepamplona.com\/actualidad\/wp-json\/wp\/v2\/posts\/39206\/revisions"}],"wp:featuredmedia":[{"embeddable":true,"href":"https:\/\/www.laguiadepamplona.com\/actualidad\/wp-json\/wp\/v2\/media\/39207"}],"wp:attachment":[{"href":"https:\/\/www.laguiadepamplona.com\/actualidad\/wp-json\/wp\/v2\/media?parent=39206"}],"wp:term":[{"taxonomy":"category","embeddable":true,"href":"https:\/\/www.laguiadepamplona.com\/actualidad\/wp-json\/wp\/v2\/categories?post=39206"},{"taxonomy":"post_tag","embeddable":true,"href":"https:\/\/www.laguiadepamplona.com\/actualidad\/wp-json\/wp\/v2\/tags?post=39206"}],"curies":[{"name":"wp","href":"https:\/\/api.w.org\/{rel}","templated":true}]}}