{"id":39204,"date":"2022-03-04T14:06:27","date_gmt":"2022-03-04T12:06:27","guid":{"rendered":"https:\/\/www.laguiadepamplona.com\/actualidad\/?p=39204"},"modified":"2023-04-11T11:48:27","modified_gmt":"2023-04-11T09:48:27","slug":"el-30-de-abril-finaliza-el-plazo-de-presentacion-de-obras-para-el-xvi-premio-internacional-de-poesia-ciudad-de-pamplona","status":"publish","type":"post","link":"https:\/\/www.laguiadepamplona.com\/actualidad\/el-30-de-abril-finaliza-el-plazo-de-presentacion-de-obras-para-el-xvi-premio-internacional-de-poesia-ciudad-de-pamplona\/","title":{"rendered":"El 30 de abril finaliza el plazo de presentaci\u00f3n de obras para el XVI Premio Internacional de Poes\u00eda Ciudad de Pamplona"},"content":{"rendered":"<h5>El certamen se convoca en dos modalidades, castellano y euskera, para obras in\u00e9ditas, con tema y forma libre y una extensi\u00f3n entre 400 y 800 versos<\/h5>\n<p><!--more--><\/p>\n<p>El Ayuntamiento y el Ateneo Navarro organizan este a\u00f1o el XVI Premio Internacional de Poes\u00eda Ciudad de Pamplona, que ya abierto el plazo de presentaci\u00f3n de obras hasta las 14 horas del s\u00e1bado 30 de abril. El certamen se convoca en dos modalidades ling\u00fc\u00edsticas, castellano y euskera, cada una de ellas dotada con un premio de 3.000 euros. El fallo del jurado se har\u00e1 p\u00fablico en el mes de junio.<\/p>\n<p>El certamen est\u00e1 abierto a la participaci\u00f3n de cualquier persona, sea cual sea su nacionalidad, siempre que las obras est\u00e9n escritas en castellano o en euskera. Los trabajos deben ser in\u00e9ditos en su totalidad, no haber obtenido ning\u00fan premio en otros concursos de poes\u00eda previamente fallados y no estar concursando en este momento en otro certamen po\u00e9tico. Las personas galardonadas en a\u00f1os precedentes no podr\u00e1n presentarse.<br \/>\n<script async src=\"\/\/pagead2.googlesyndication.com\/pagead\/js\/adsbygoogle.js\"><\/script><br \/>\n<!-- Noticias La Guia de Pamplona --><br \/>\n<ins class=\"adsbygoogle\"\nstyle=\"display:block\"\ndata-ad-client=\"ca-pub-6943679897239327\"\ndata-ad-slot=\"7048180777\"\ndata-ad-format=\"auto\"><\/ins><br \/>\n<script>\n(adsbygoogle = window.adsbygoogle || []).push({});\n<\/script><\/p>\n<p>El tema y la forma de los poemarios es libre, con una extensi\u00f3n que oscilar\u00e1 entre los 400 y los 800 versos. Los originales se tienen que presentar por cuadruplicado, en ejemplares separado, en tama\u00f1o DIN A-4, debidamente numeradas sus p\u00e1ginas y cosidas, grapadas o encuadernadas. Los poemas estar\u00e1n escritos a doble espacio y mecanografiados por una sola cara.<\/p>\n<p>El pasado a\u00f1o se presentaron 482 poemarios, de los que 464 estaban escritos en castellano y 18 en euskera. Un 34% de las obras tuvieron procedencia internacional. La media de edad de los autores y autoras en la \u00faltima edici\u00f3n fue de 45 a\u00f1os. To\u00f1o Benavides Gonz\u00e1lez en la modalidad de castellano con la obra \u2018Panor\u00e1mica\u2019 y Lierni Azkargorta Ruiz de Egino en la de euskera con \u2018Eripoema\u2019 fueron los premiados en 2021.<br \/>\n<script async src=\"\/\/pagead2.googlesyndication.com\/pagead\/js\/adsbygoogle.js\"><\/script><br \/>\n<!-- Noticias La Guia de Pamplona --><br \/>\n<ins class=\"adsbygoogle\"\nstyle=\"display:block\"\ndata-ad-client=\"ca-pub-6943679897239327\"\ndata-ad-slot=\"7048180777\"\ndata-ad-format=\"auto\"><\/ins><br \/>\n<script>\n(adsbygoogle = window.adsbygoogle || []).push({});\n<\/script><\/p>\n<p><strong>Sistema de plica y lema<\/strong><\/p>\n<p>Los originales deben presentar por el sistema de lema y plica. En la portada han de llevar t\u00edtulo y lema. En un sobre cerrado adjunto constar\u00e1 la autor\u00eda, su nacionalidad, domicilio y una copia del documento de identificaci\u00f3n o del pasaporte, tel\u00e9fono de contacto y\/o correo electr\u00f3nico. La obra ha de acompa\u00f1arse de una breve bibliograf\u00eda del autor o autora y de un documento certificando que dicha obra no se ha presentado a ning\u00fan otro certamen literario vigente. La obra enviada no podr\u00e1 retirarse en el transcurso del certamen.<\/p>\n<p>Las obras se pueden presentar de dos maneras. Por una parte, se pueden enviar por correo certificado al Ateneo Navarro (avda. de Bara\u00f1\u00e1in 10 \u2013 1\u00baA. 31008 Pamplona \u2013 Navarra), indicando en el sobre \u2018Para el XVI Premio Internacional de Poes\u00eda CIUDAD DE PAMPLONA\u2019. Por otra parte, se pueden remitir por correo electr\u00f3nico a la direcci\u00f3n <a href=\"mailto:ateneo@ateneonavarro.es\">ateneo@ateneonavarro.es<\/a> en dos archivos adjuntos, uno con los datos relativos a la autor\u00eda y otro con la obra.<\/p>\n<p>&nbsp;<br \/>\n[qodef_button size=\u00bblarge\u00bb type=\u00bb\u00bb text=\u00bbPremios poes\u00eda 2022.pdf\u00bb custom_class=\u00bb\u00bb icon_pack=\u00bbfont_elegant\u00bb fa_icon=\u00bbicon_download\u00bb link=\u00bbhttps:\/\/www.pamplona.es\/sites\/default\/files\/2022-03\/premiopoesiapamplona202203.pdf\u00bb target=\u00bb_blank\u00bb color=\u00bbffffff\u00bb hover_color=\u00bb\u00bb background_color=\u00bb\u00bb hover_background_color=\u00bb\u00bb border_color=\u00bb\u00bb hover_border_color=\u00bb\u00bb font_size=\u00bb\u00bb font_weight=\u00bb\u00bb margin=\u00bb\u00bb]\n","protected":false},"excerpt":{"rendered":"<p>El certamen se convoca en dos modalidades, castellano y euskera, para obras in\u00e9ditas, con tema y forma libre y una extensi\u00f3n entre 400 y 800 versos<\/p>\n","protected":false},"author":1,"featured_media":33789,"comment_status":"open","ping_status":"closed","sticky":false,"template":"","format":"standard","meta":{"footnotes":""},"categories":[2],"tags":[],"class_list":["post-39204","post","type-post","status-publish","format-standard","has-post-thumbnail","hentry","category-ayuntamiento-pamplona"],"yoast_head":"<!-- This site is optimized with the Yoast SEO plugin v27.5 - https:\/\/yoast.com\/product\/yoast-seo-wordpress\/ -->\n<title>El 30 de abril finaliza el plazo de presentaci\u00f3n de obras para el XVI Premio Internacional de Poes\u00eda Ciudad de Pamplona<\/title>\n<meta name=\"description\" content=\"El certamen se convoca en dos modalidades, castellano y euskera, para obras in\u00e9ditas, con tema y forma libre y una extensi\u00f3n entre 400 y 800 versos\" \/>\n<meta name=\"robots\" content=\"index, follow, max-snippet:-1, max-image-preview:large, max-video-preview:-1\" \/>\n<link rel=\"canonical\" href=\"https:\/\/www.laguiadepamplona.com\/actualidad\/el-30-de-abril-finaliza-el-plazo-de-presentacion-de-obras-para-el-xvi-premio-internacional-de-poesia-ciudad-de-pamplona\/\" \/>\n<meta property=\"og:locale\" content=\"es_ES\" \/>\n<meta property=\"og:type\" content=\"article\" \/>\n<meta property=\"og:title\" content=\"El 30 de abril finaliza el plazo de presentaci\u00f3n de obras para el XVI Premio Internacional de Poes\u00eda Ciudad de Pamplona\" \/>\n<meta property=\"og:description\" content=\"El certamen se convoca en dos modalidades, castellano y euskera, para obras in\u00e9ditas, con tema y forma libre y una extensi\u00f3n entre 400 y 800 versos\" \/>\n<meta property=\"og:url\" content=\"https:\/\/www.laguiadepamplona.com\/actualidad\/el-30-de-abril-finaliza-el-plazo-de-presentacion-de-obras-para-el-xvi-premio-internacional-de-poesia-ciudad-de-pamplona\/\" \/>\n<meta property=\"og:site_name\" content=\"La Gu\u00eda de Pamplona\" \/>\n<meta property=\"article:publisher\" content=\"https:\/\/www.facebook.com\/laguiadepamplonacom-133175176762273\/?ref=hl\" \/>\n<meta property=\"article:published_time\" content=\"2022-03-04T12:06:27+00:00\" \/>\n<meta property=\"article:modified_time\" content=\"2023-04-11T09:48:27+00:00\" \/>\n<meta property=\"og:image\" content=\"https:\/\/www.laguiadepamplona.com\/actualidad\/wp-content\/uploads\/2021\/03\/Poesia.jpg\" \/>\n\t<meta property=\"og:image:width\" content=\"1230\" \/>\n\t<meta property=\"og:image:height\" content=\"692\" \/>\n\t<meta property=\"og:image:type\" content=\"image\/jpeg\" \/>\n<meta name=\"author\" content=\"La Gu\u00eda de Pamplona\" \/>\n<meta name=\"twitter:card\" content=\"summary_large_image\" \/>\n<meta name=\"twitter:creator\" content=\"@LaGuiadPamplona\" \/>\n<meta name=\"twitter:site\" content=\"@LaGuiadPamplona\" \/>\n<meta name=\"twitter:label1\" content=\"Escrito por\" \/>\n\t<meta name=\"twitter:data1\" content=\"La Gu\u00eda de Pamplona\" \/>\n\t<meta name=\"twitter:label2\" content=\"Tiempo de lectura\" \/>\n\t<meta name=\"twitter:data2\" content=\"3 minutos\" \/>\n<script type=\"application\/ld+json\" class=\"yoast-schema-graph\">{\"@context\":\"https:\\\/\\\/schema.org\",\"@graph\":[{\"@type\":\"Article\",\"@id\":\"https:\\\/\\\/www.laguiadepamplona.com\\\/actualidad\\\/el-30-de-abril-finaliza-el-plazo-de-presentacion-de-obras-para-el-xvi-premio-internacional-de-poesia-ciudad-de-pamplona\\\/#article\",\"isPartOf\":{\"@id\":\"https:\\\/\\\/www.laguiadepamplona.com\\\/actualidad\\\/el-30-de-abril-finaliza-el-plazo-de-presentacion-de-obras-para-el-xvi-premio-internacional-de-poesia-ciudad-de-pamplona\\\/\"},\"author\":{\"name\":\"La Gu\u00eda de Pamplona\",\"@id\":\"https:\\\/\\\/www.laguiadepamplona.com\\\/actualidad\\\/#\\\/schema\\\/person\\\/efe887376f0213d4657c93adc50b1fdb\"},\"headline\":\"El 30 de abril finaliza el plazo de presentaci\u00f3n de obras para el XVI Premio Internacional de Poes\u00eda Ciudad de Pamplona\",\"datePublished\":\"2022-03-04T12:06:27+00:00\",\"dateModified\":\"2023-04-11T09:48:27+00:00\",\"mainEntityOfPage\":{\"@id\":\"https:\\\/\\\/www.laguiadepamplona.com\\\/actualidad\\\/el-30-de-abril-finaliza-el-plazo-de-presentacion-de-obras-para-el-xvi-premio-internacional-de-poesia-ciudad-de-pamplona\\\/\"},\"wordCount\":562,\"commentCount\":0,\"publisher\":{\"@id\":\"https:\\\/\\\/www.laguiadepamplona.com\\\/actualidad\\\/#organization\"},\"image\":{\"@id\":\"https:\\\/\\\/www.laguiadepamplona.com\\\/actualidad\\\/el-30-de-abril-finaliza-el-plazo-de-presentacion-de-obras-para-el-xvi-premio-internacional-de-poesia-ciudad-de-pamplona\\\/#primaryimage\"},\"thumbnailUrl\":\"https:\\\/\\\/www.laguiadepamplona.com\\\/actualidad\\\/wp-content\\\/uploads\\\/2021\\\/03\\\/Poesia.jpg\",\"articleSection\":[\"Ayto Pamplona\"],\"inLanguage\":\"es\",\"potentialAction\":[{\"@type\":\"CommentAction\",\"name\":\"Comment\",\"target\":[\"https:\\\/\\\/www.laguiadepamplona.com\\\/actualidad\\\/el-30-de-abril-finaliza-el-plazo-de-presentacion-de-obras-para-el-xvi-premio-internacional-de-poesia-ciudad-de-pamplona\\\/#respond\"]}]},{\"@type\":\"WebPage\",\"@id\":\"https:\\\/\\\/www.laguiadepamplona.com\\\/actualidad\\\/el-30-de-abril-finaliza-el-plazo-de-presentacion-de-obras-para-el-xvi-premio-internacional-de-poesia-ciudad-de-pamplona\\\/\",\"url\":\"https:\\\/\\\/www.laguiadepamplona.com\\\/actualidad\\\/el-30-de-abril-finaliza-el-plazo-de-presentacion-de-obras-para-el-xvi-premio-internacional-de-poesia-ciudad-de-pamplona\\\/\",\"name\":\"El 30 de abril finaliza el plazo de presentaci\u00f3n de obras para el XVI Premio Internacional de Poes\u00eda Ciudad de Pamplona\",\"isPartOf\":{\"@id\":\"https:\\\/\\\/www.laguiadepamplona.com\\\/actualidad\\\/#website\"},\"primaryImageOfPage\":{\"@id\":\"https:\\\/\\\/www.laguiadepamplona.com\\\/actualidad\\\/el-30-de-abril-finaliza-el-plazo-de-presentacion-de-obras-para-el-xvi-premio-internacional-de-poesia-ciudad-de-pamplona\\\/#primaryimage\"},\"image\":{\"@id\":\"https:\\\/\\\/www.laguiadepamplona.com\\\/actualidad\\\/el-30-de-abril-finaliza-el-plazo-de-presentacion-de-obras-para-el-xvi-premio-internacional-de-poesia-ciudad-de-pamplona\\\/#primaryimage\"},\"thumbnailUrl\":\"https:\\\/\\\/www.laguiadepamplona.com\\\/actualidad\\\/wp-content\\\/uploads\\\/2021\\\/03\\\/Poesia.jpg\",\"datePublished\":\"2022-03-04T12:06:27+00:00\",\"dateModified\":\"2023-04-11T09:48:27+00:00\",\"description\":\"El certamen se convoca en dos modalidades, castellano y euskera, para obras in\u00e9ditas, con tema y forma libre y una extensi\u00f3n entre 400 y 800 versos\",\"breadcrumb\":{\"@id\":\"https:\\\/\\\/www.laguiadepamplona.com\\\/actualidad\\\/el-30-de-abril-finaliza-el-plazo-de-presentacion-de-obras-para-el-xvi-premio-internacional-de-poesia-ciudad-de-pamplona\\\/#breadcrumb\"},\"inLanguage\":\"es\",\"potentialAction\":[{\"@type\":\"ReadAction\",\"target\":[\"https:\\\/\\\/www.laguiadepamplona.com\\\/actualidad\\\/el-30-de-abril-finaliza-el-plazo-de-presentacion-de-obras-para-el-xvi-premio-internacional-de-poesia-ciudad-de-pamplona\\\/\"]}]},{\"@type\":\"ImageObject\",\"inLanguage\":\"es\",\"@id\":\"https:\\\/\\\/www.laguiadepamplona.com\\\/actualidad\\\/el-30-de-abril-finaliza-el-plazo-de-presentacion-de-obras-para-el-xvi-premio-internacional-de-poesia-ciudad-de-pamplona\\\/#primaryimage\",\"url\":\"https:\\\/\\\/www.laguiadepamplona.com\\\/actualidad\\\/wp-content\\\/uploads\\\/2021\\\/03\\\/Poesia.jpg\",\"contentUrl\":\"https:\\\/\\\/www.laguiadepamplona.com\\\/actualidad\\\/wp-content\\\/uploads\\\/2021\\\/03\\\/Poesia.jpg\",\"width\":1230,\"height\":692},{\"@type\":\"BreadcrumbList\",\"@id\":\"https:\\\/\\\/www.laguiadepamplona.com\\\/actualidad\\\/el-30-de-abril-finaliza-el-plazo-de-presentacion-de-obras-para-el-xvi-premio-internacional-de-poesia-ciudad-de-pamplona\\\/#breadcrumb\",\"itemListElement\":[{\"@type\":\"ListItem\",\"position\":1,\"name\":\"Portada\",\"item\":\"https:\\\/\\\/www.laguiadepamplona.com\\\/actualidad\\\/\"},{\"@type\":\"ListItem\",\"position\":2,\"name\":\"El 30 de abril finaliza el plazo de presentaci\u00f3n de obras para el XVI Premio Internacional de Poes\u00eda Ciudad de Pamplona\"}]},{\"@type\":\"WebSite\",\"@id\":\"https:\\\/\\\/www.laguiadepamplona.com\\\/actualidad\\\/#website\",\"url\":\"https:\\\/\\\/www.laguiadepamplona.com\\\/actualidad\\\/\",\"name\":\"La gu\u00eda de Pamplona\",\"description\":\"Noticias de Pamplona\",\"publisher\":{\"@id\":\"https:\\\/\\\/www.laguiadepamplona.com\\\/actualidad\\\/#organization\"},\"potentialAction\":[{\"@type\":\"SearchAction\",\"target\":{\"@type\":\"EntryPoint\",\"urlTemplate\":\"https:\\\/\\\/www.laguiadepamplona.com\\\/actualidad\\\/?s={search_term_string}\"},\"query-input\":{\"@type\":\"PropertyValueSpecification\",\"valueRequired\":true,\"valueName\":\"search_term_string\"}}],\"inLanguage\":\"es\"},{\"@type\":\"Organization\",\"@id\":\"https:\\\/\\\/www.laguiadepamplona.com\\\/actualidad\\\/#organization\",\"name\":\"La Gu\u00eda de Pamplona \\\/ Noticias\",\"url\":\"https:\\\/\\\/www.laguiadepamplona.com\\\/actualidad\\\/\",\"logo\":{\"@type\":\"ImageObject\",\"inLanguage\":\"es\",\"@id\":\"https:\\\/\\\/www.laguiadepamplona.com\\\/actualidad\\\/#\\\/schema\\\/logo\\\/image\\\/\",\"url\":\"https:\\\/\\\/www.laguiadepamplona.com\\\/actualidad\\\/wp-content\\\/uploads\\\/2018\\\/11\\\/logo-laguiadepamplona18-web1.png\",\"contentUrl\":\"https:\\\/\\\/www.laguiadepamplona.com\\\/actualidad\\\/wp-content\\\/uploads\\\/2018\\\/11\\\/logo-laguiadepamplona18-web1.png\",\"width\":600,\"height\":196,\"caption\":\"La Gu\u00eda de Pamplona \\\/ Noticias\"},\"image\":{\"@id\":\"https:\\\/\\\/www.laguiadepamplona.com\\\/actualidad\\\/#\\\/schema\\\/logo\\\/image\\\/\"},\"sameAs\":[\"https:\\\/\\\/www.facebook.com\\\/laguiadepamplonacom-133175176762273\\\/?ref=hl\",\"https:\\\/\\\/x.com\\\/LaGuiadPamplona\",\"https:\\\/\\\/www.instagram.com\\\/la_guia_de_pamplona\\\/\",\"https:\\\/\\\/www.youtube.com\\\/user\\\/laguiadepamplona\"]},{\"@type\":\"Person\",\"@id\":\"https:\\\/\\\/www.laguiadepamplona.com\\\/actualidad\\\/#\\\/schema\\\/person\\\/efe887376f0213d4657c93adc50b1fdb\",\"name\":\"La Gu\u00eda de Pamplona\",\"image\":{\"@type\":\"ImageObject\",\"inLanguage\":\"es\",\"@id\":\"https:\\\/\\\/secure.gravatar.com\\\/avatar\\\/b6992f131dc8d30ab0dff15446e9d346d9dbd95992de0fef795073f5ea83a81c?s=96&d=mm&r=g\",\"url\":\"https:\\\/\\\/secure.gravatar.com\\\/avatar\\\/b6992f131dc8d30ab0dff15446e9d346d9dbd95992de0fef795073f5ea83a81c?s=96&d=mm&r=g\",\"contentUrl\":\"https:\\\/\\\/secure.gravatar.com\\\/avatar\\\/b6992f131dc8d30ab0dff15446e9d346d9dbd95992de0fef795073f5ea83a81c?s=96&d=mm&r=g\",\"caption\":\"La Gu\u00eda de Pamplona\"}}]}<\/script>\n<!-- \/ Yoast SEO plugin. -->","yoast_head_json":{"title":"El 30 de abril finaliza el plazo de presentaci\u00f3n de obras para el XVI Premio Internacional de Poes\u00eda Ciudad de Pamplona","description":"El certamen se convoca en dos modalidades, castellano y euskera, para obras in\u00e9ditas, con tema y forma libre y una extensi\u00f3n entre 400 y 800 versos","robots":{"index":"index","follow":"follow","max-snippet":"max-snippet:-1","max-image-preview":"max-image-preview:large","max-video-preview":"max-video-preview:-1"},"canonical":"https:\/\/www.laguiadepamplona.com\/actualidad\/el-30-de-abril-finaliza-el-plazo-de-presentacion-de-obras-para-el-xvi-premio-internacional-de-poesia-ciudad-de-pamplona\/","og_locale":"es_ES","og_type":"article","og_title":"El 30 de abril finaliza el plazo de presentaci\u00f3n de obras para el XVI Premio Internacional de Poes\u00eda Ciudad de Pamplona","og_description":"El certamen se convoca en dos modalidades, castellano y euskera, para obras in\u00e9ditas, con tema y forma libre y una extensi\u00f3n entre 400 y 800 versos","og_url":"https:\/\/www.laguiadepamplona.com\/actualidad\/el-30-de-abril-finaliza-el-plazo-de-presentacion-de-obras-para-el-xvi-premio-internacional-de-poesia-ciudad-de-pamplona\/","og_site_name":"La Gu\u00eda de Pamplona","article_publisher":"https:\/\/www.facebook.com\/laguiadepamplonacom-133175176762273\/?ref=hl","article_published_time":"2022-03-04T12:06:27+00:00","article_modified_time":"2023-04-11T09:48:27+00:00","og_image":[{"width":1230,"height":692,"url":"https:\/\/www.laguiadepamplona.com\/actualidad\/wp-content\/uploads\/2021\/03\/Poesia.jpg","type":"image\/jpeg"}],"author":"La Gu\u00eda de Pamplona","twitter_card":"summary_large_image","twitter_creator":"@LaGuiadPamplona","twitter_site":"@LaGuiadPamplona","twitter_misc":{"Escrito por":"La Gu\u00eda de Pamplona","Tiempo de lectura":"3 minutos"},"schema":{"@context":"https:\/\/schema.org","@graph":[{"@type":"Article","@id":"https:\/\/www.laguiadepamplona.com\/actualidad\/el-30-de-abril-finaliza-el-plazo-de-presentacion-de-obras-para-el-xvi-premio-internacional-de-poesia-ciudad-de-pamplona\/#article","isPartOf":{"@id":"https:\/\/www.laguiadepamplona.com\/actualidad\/el-30-de-abril-finaliza-el-plazo-de-presentacion-de-obras-para-el-xvi-premio-internacional-de-poesia-ciudad-de-pamplona\/"},"author":{"name":"La Gu\u00eda de Pamplona","@id":"https:\/\/www.laguiadepamplona.com\/actualidad\/#\/schema\/person\/efe887376f0213d4657c93adc50b1fdb"},"headline":"El 30 de abril finaliza el plazo de presentaci\u00f3n de obras para el XVI Premio Internacional de Poes\u00eda Ciudad de Pamplona","datePublished":"2022-03-04T12:06:27+00:00","dateModified":"2023-04-11T09:48:27+00:00","mainEntityOfPage":{"@id":"https:\/\/www.laguiadepamplona.com\/actualidad\/el-30-de-abril-finaliza-el-plazo-de-presentacion-de-obras-para-el-xvi-premio-internacional-de-poesia-ciudad-de-pamplona\/"},"wordCount":562,"commentCount":0,"publisher":{"@id":"https:\/\/www.laguiadepamplona.com\/actualidad\/#organization"},"image":{"@id":"https:\/\/www.laguiadepamplona.com\/actualidad\/el-30-de-abril-finaliza-el-plazo-de-presentacion-de-obras-para-el-xvi-premio-internacional-de-poesia-ciudad-de-pamplona\/#primaryimage"},"thumbnailUrl":"https:\/\/www.laguiadepamplona.com\/actualidad\/wp-content\/uploads\/2021\/03\/Poesia.jpg","articleSection":["Ayto Pamplona"],"inLanguage":"es","potentialAction":[{"@type":"CommentAction","name":"Comment","target":["https:\/\/www.laguiadepamplona.com\/actualidad\/el-30-de-abril-finaliza-el-plazo-de-presentacion-de-obras-para-el-xvi-premio-internacional-de-poesia-ciudad-de-pamplona\/#respond"]}]},{"@type":"WebPage","@id":"https:\/\/www.laguiadepamplona.com\/actualidad\/el-30-de-abril-finaliza-el-plazo-de-presentacion-de-obras-para-el-xvi-premio-internacional-de-poesia-ciudad-de-pamplona\/","url":"https:\/\/www.laguiadepamplona.com\/actualidad\/el-30-de-abril-finaliza-el-plazo-de-presentacion-de-obras-para-el-xvi-premio-internacional-de-poesia-ciudad-de-pamplona\/","name":"El 30 de abril finaliza el plazo de presentaci\u00f3n de obras para el XVI Premio Internacional de Poes\u00eda Ciudad de Pamplona","isPartOf":{"@id":"https:\/\/www.laguiadepamplona.com\/actualidad\/#website"},"primaryImageOfPage":{"@id":"https:\/\/www.laguiadepamplona.com\/actualidad\/el-30-de-abril-finaliza-el-plazo-de-presentacion-de-obras-para-el-xvi-premio-internacional-de-poesia-ciudad-de-pamplona\/#primaryimage"},"image":{"@id":"https:\/\/www.laguiadepamplona.com\/actualidad\/el-30-de-abril-finaliza-el-plazo-de-presentacion-de-obras-para-el-xvi-premio-internacional-de-poesia-ciudad-de-pamplona\/#primaryimage"},"thumbnailUrl":"https:\/\/www.laguiadepamplona.com\/actualidad\/wp-content\/uploads\/2021\/03\/Poesia.jpg","datePublished":"2022-03-04T12:06:27+00:00","dateModified":"2023-04-11T09:48:27+00:00","description":"El certamen se convoca en dos modalidades, castellano y euskera, para obras in\u00e9ditas, con tema y forma libre y una extensi\u00f3n entre 400 y 800 versos","breadcrumb":{"@id":"https:\/\/www.laguiadepamplona.com\/actualidad\/el-30-de-abril-finaliza-el-plazo-de-presentacion-de-obras-para-el-xvi-premio-internacional-de-poesia-ciudad-de-pamplona\/#breadcrumb"},"inLanguage":"es","potentialAction":[{"@type":"ReadAction","target":["https:\/\/www.laguiadepamplona.com\/actualidad\/el-30-de-abril-finaliza-el-plazo-de-presentacion-de-obras-para-el-xvi-premio-internacional-de-poesia-ciudad-de-pamplona\/"]}]},{"@type":"ImageObject","inLanguage":"es","@id":"https:\/\/www.laguiadepamplona.com\/actualidad\/el-30-de-abril-finaliza-el-plazo-de-presentacion-de-obras-para-el-xvi-premio-internacional-de-poesia-ciudad-de-pamplona\/#primaryimage","url":"https:\/\/www.laguiadepamplona.com\/actualidad\/wp-content\/uploads\/2021\/03\/Poesia.jpg","contentUrl":"https:\/\/www.laguiadepamplona.com\/actualidad\/wp-content\/uploads\/2021\/03\/Poesia.jpg","width":1230,"height":692},{"@type":"BreadcrumbList","@id":"https:\/\/www.laguiadepamplona.com\/actualidad\/el-30-de-abril-finaliza-el-plazo-de-presentacion-de-obras-para-el-xvi-premio-internacional-de-poesia-ciudad-de-pamplona\/#breadcrumb","itemListElement":[{"@type":"ListItem","position":1,"name":"Portada","item":"https:\/\/www.laguiadepamplona.com\/actualidad\/"},{"@type":"ListItem","position":2,"name":"El 30 de abril finaliza el plazo de presentaci\u00f3n de obras para el XVI Premio Internacional de Poes\u00eda Ciudad de Pamplona"}]},{"@type":"WebSite","@id":"https:\/\/www.laguiadepamplona.com\/actualidad\/#website","url":"https:\/\/www.laguiadepamplona.com\/actualidad\/","name":"La gu\u00eda de Pamplona","description":"Noticias de Pamplona","publisher":{"@id":"https:\/\/www.laguiadepamplona.com\/actualidad\/#organization"},"potentialAction":[{"@type":"SearchAction","target":{"@type":"EntryPoint","urlTemplate":"https:\/\/www.laguiadepamplona.com\/actualidad\/?s={search_term_string}"},"query-input":{"@type":"PropertyValueSpecification","valueRequired":true,"valueName":"search_term_string"}}],"inLanguage":"es"},{"@type":"Organization","@id":"https:\/\/www.laguiadepamplona.com\/actualidad\/#organization","name":"La Gu\u00eda de Pamplona \/ Noticias","url":"https:\/\/www.laguiadepamplona.com\/actualidad\/","logo":{"@type":"ImageObject","inLanguage":"es","@id":"https:\/\/www.laguiadepamplona.com\/actualidad\/#\/schema\/logo\/image\/","url":"https:\/\/www.laguiadepamplona.com\/actualidad\/wp-content\/uploads\/2018\/11\/logo-laguiadepamplona18-web1.png","contentUrl":"https:\/\/www.laguiadepamplona.com\/actualidad\/wp-content\/uploads\/2018\/11\/logo-laguiadepamplona18-web1.png","width":600,"height":196,"caption":"La Gu\u00eda de Pamplona \/ Noticias"},"image":{"@id":"https:\/\/www.laguiadepamplona.com\/actualidad\/#\/schema\/logo\/image\/"},"sameAs":["https:\/\/www.facebook.com\/laguiadepamplonacom-133175176762273\/?ref=hl","https:\/\/x.com\/LaGuiadPamplona","https:\/\/www.instagram.com\/la_guia_de_pamplona\/","https:\/\/www.youtube.com\/user\/laguiadepamplona"]},{"@type":"Person","@id":"https:\/\/www.laguiadepamplona.com\/actualidad\/#\/schema\/person\/efe887376f0213d4657c93adc50b1fdb","name":"La Gu\u00eda de Pamplona","image":{"@type":"ImageObject","inLanguage":"es","@id":"https:\/\/secure.gravatar.com\/avatar\/b6992f131dc8d30ab0dff15446e9d346d9dbd95992de0fef795073f5ea83a81c?s=96&d=mm&r=g","url":"https:\/\/secure.gravatar.com\/avatar\/b6992f131dc8d30ab0dff15446e9d346d9dbd95992de0fef795073f5ea83a81c?s=96&d=mm&r=g","contentUrl":"https:\/\/secure.gravatar.com\/avatar\/b6992f131dc8d30ab0dff15446e9d346d9dbd95992de0fef795073f5ea83a81c?s=96&d=mm&r=g","caption":"La Gu\u00eda de Pamplona"}}]}},"post_mailing_queue_ids":[],"_links":{"self":[{"href":"https:\/\/www.laguiadepamplona.com\/actualidad\/wp-json\/wp\/v2\/posts\/39204","targetHints":{"allow":["GET"]}}],"collection":[{"href":"https:\/\/www.laguiadepamplona.com\/actualidad\/wp-json\/wp\/v2\/posts"}],"about":[{"href":"https:\/\/www.laguiadepamplona.com\/actualidad\/wp-json\/wp\/v2\/types\/post"}],"author":[{"embeddable":true,"href":"https:\/\/www.laguiadepamplona.com\/actualidad\/wp-json\/wp\/v2\/users\/1"}],"replies":[{"embeddable":true,"href":"https:\/\/www.laguiadepamplona.com\/actualidad\/wp-json\/wp\/v2\/comments?post=39204"}],"version-history":[{"count":0,"href":"https:\/\/www.laguiadepamplona.com\/actualidad\/wp-json\/wp\/v2\/posts\/39204\/revisions"}],"wp:featuredmedia":[{"embeddable":true,"href":"https:\/\/www.laguiadepamplona.com\/actualidad\/wp-json\/wp\/v2\/media\/33789"}],"wp:attachment":[{"href":"https:\/\/www.laguiadepamplona.com\/actualidad\/wp-json\/wp\/v2\/media?parent=39204"}],"wp:term":[{"taxonomy":"category","embeddable":true,"href":"https:\/\/www.laguiadepamplona.com\/actualidad\/wp-json\/wp\/v2\/categories?post=39204"},{"taxonomy":"post_tag","embeddable":true,"href":"https:\/\/www.laguiadepamplona.com\/actualidad\/wp-json\/wp\/v2\/tags?post=39204"}],"curies":[{"name":"wp","href":"https:\/\/api.w.org\/{rel}","templated":true}]}}