{"id":39202,"date":"2022-03-04T14:04:32","date_gmt":"2022-03-04T12:04:32","guid":{"rendered":"https:\/\/www.laguiadepamplona.com\/actualidad\/?p=39202"},"modified":"2023-04-11T11:48:27","modified_gmt":"2023-04-11T09:48:27","slug":"dos-obras-de-teatro-y-la-proyeccion-de-una-pelicula-invitan-en-los-proximos-dias-a-la-ciudadania-a-la-reflexion-sobre-la-desigualdad-de-genero","status":"publish","type":"post","link":"https:\/\/www.laguiadepamplona.com\/actualidad\/dos-obras-de-teatro-y-la-proyeccion-de-una-pelicula-invitan-en-los-proximos-dias-a-la-ciudadania-a-la-reflexion-sobre-la-desigualdad-de-genero\/","title":{"rendered":"Dos obras de teatro y la proyecci\u00f3n de una pel\u00edcula invitan en los pr\u00f3ximos d\u00edas a la ciudadan\u00eda a la reflexi\u00f3n sobre la desigualdad de g\u00e9nero"},"content":{"rendered":"<h5>Contin\u00faan las actividades programadas por el Ayuntamiento de Pamplona en torno al D\u00eda Internacional de las Mujeres<\/h5>\n<p><!--more--><\/p>\n<p>Contin\u00faan este fin de semana las actividades programadas por el Ayuntamiento de Pamplona en torno al D\u00eda Internacional de las Mujeres que se celebra este pr\u00f3ximo 8 de marzo. Para los pr\u00f3ximos d\u00edas las propuestas son dos obras de teatro y un cinef\u00f3rum en Civivox Iturrama, adem\u00e1s de un aperitivo autogestionado y musical en la Casa de las Mujeres.<\/p>\n<p>El s\u00e1bado por la tarde, Civivox Iturrama acoger\u00e1 la obra de teatro con m\u00fasica en directo \u2018Ellas solas\u2019, un canto a la naturaleza y a la fuerza que la amistad a trav\u00e9s de los personajes de Virtudes y Remedios: dos mujeres mayores que tienen que enfrentarse a un mundo que se derrumba. Su experiencia, sabidur\u00eda y sentido del humor se transmitir\u00e1 tambi\u00e9n a la relaci\u00f3n que mantienen abuelas y nietas, como si un hilo invisible las conectara en una suerte de afecto y sensibilidad.<\/p>\n<p>La obra, producida por Atikus Teatro, con direcci\u00f3n esc\u00e9nica de \u00c1ngel Sag\u00fc\u00e9s y direcci\u00f3n actoral y dramaturgia de Ane Sag\u00fc\u00e9s, estar\u00e1 interpretada por Asun Abad, Izaskun Mujika, Patricia En\u00e9riz y \u00c1ngel Sag\u00fc\u00e9s. La direcci\u00f3n musical es de Mariano Abad y componen el cuarteto de cuerda que participa en la obra Areta Senosi\u00e1in, Irene Ans\u00f3, Amaia O\u00f1ate y Qingmei O\u00f1ate, con los cantantes Silvia Iribarren, Mar\u00eda Jos\u00e9 Urrizola, Juan Ignacio Ci\u00e1urriz, Jos\u00e9 Javier Ilund\u00e1in. Las personas interesadas en acudir podr\u00e1n hacerlo a las 19.30 horas. es necesario adquirir entradas en el mismo centro al precio de 3 euros por butaca.<br \/>\n<script async src=\"\/\/pagead2.googlesyndication.com\/pagead\/js\/adsbygoogle.js\"><\/script><br \/>\n<!-- Noticias La Guia de Pamplona --><br \/>\n<ins class=\"adsbygoogle\"\nstyle=\"display:block\"\ndata-ad-client=\"ca-pub-6943679897239327\"\ndata-ad-slot=\"7048180777\"\ndata-ad-format=\"auto\"><\/ins><br \/>\n<script>\n(adsbygoogle = window.adsbygoogle || []).push({});\n<\/script><\/p>\n<p><strong>Domingo: mediod\u00eda de aperitivo y tarde de teatro<\/strong><\/p>\n<p>El domingo 6 de marzo la Casa de las Mujeres propone celebrar el 8M mediante un aperitivo autogestionado y musical. Ser\u00e1 a las 13 horas.<\/p>\n<p>Quienes se animen a seguir por la tarde, el domingo tienen una cita en Civivox Iturrama, a las 19.30 horas, con \u2018El baile de las moscas\u2019, una producci\u00f3n de La Cuerda Teatro. El libreto empieza con una muerta y, d\u00f3nde hay muerte, hay moscas bailando. A partir de esta imagen se desarrolla una comedia negra que reflexiona sobre el momento actual en el que el concepto de comunidad se diluye a veces entre tanta nota en las agendas, y en el que no es f\u00e1cil buscar el hueco para el compromiso y el cuidado de los dem\u00e1s.<\/p>\n<p>Las entradas est\u00e1n disponibles en el mismo civivox al precio de 3 euros por butaca.<br \/>\n<script async src=\"\/\/pagead2.googlesyndication.com\/pagead\/js\/adsbygoogle.js\"><\/script><br \/>\n<!-- Noticias La Guia de Pamplona --><br \/>\n<ins class=\"adsbygoogle\"\nstyle=\"display:block\"\ndata-ad-client=\"ca-pub-6943679897239327\"\ndata-ad-slot=\"7048180777\"\ndata-ad-format=\"auto\"><\/ins><br \/>\n<script>\n(adsbygoogle = window.adsbygoogle || []).push({});\n<\/script><\/p>\n<p><strong>Hero\u00ednas de cine se suma el lunes 7 de marzo<\/strong><\/p>\n<p>Y el lunes, a las 18 horas, el ya consagrado ciclo \u2018Hero\u00ednas de cine\u2019 dedica una sesi\u00f3n especial al 8M con la proyecci\u00f3n de la pel\u00edcula \u2018Sufragistas\u2019 (GB, 2015, 106\u2019), de Sarah Gavron. La cinta es un cl\u00e1sico de cine feminista que ilustra sobre los or\u00edgenes de este movimiento en Gran Breta\u00f1a a trav\u00e9s de la historia de las pioneras en la lucha por el derecho al voto para las mujeres. El guion es de Abi Morgan y el reparto est\u00e1 encabezado por Carey Mulligan y cuenta con actrices tan conocidas como Meryl Streep o Helena Bonham Carter.<\/p>\n<p>El filme narra la historia de la primera ola de feministas inglesas que, capitaneadas por Emmeline Pankhurst, se enfrentaron al sistema pol\u00edtico y social con un importante coste, tambi\u00e9n en su vida personal. El debate sobre los m\u00e9todos para conseguir sus objetivos, la represi\u00f3n y la incomprensi\u00f3n a la que se enfrentaron, y las condiciones de vida de las mujeres en aquel momento de incipiente revoluci\u00f3n industrial, quedan reflejadas en una pel\u00edcula recomendada para personas a partir de 18 a\u00f1os.<\/p>\n<p>La persona encargada de moderar el debate tras la proyecci\u00f3n ser\u00e1 Mar\u00eda Castej\u00f3n Leorza, investigadora, ensayista, te\u00f3rica, programadora y docente. Licenciada en Humanidades por la Universidad de La Rioja y doctora en Historia Contempor\u00e1nea por Universidad de Salamanca, Castej\u00f3n es especialista en representaciones de g\u00e9nero en el \u00e1mbito audiovisual y en historia de las mujeres. Habr\u00e1 una segunda cita con esta pel\u00edcula en Civivox San Jorge el martes 15 de marzo a las 18 horas.<br \/>\n<script async src=\"\/\/pagead2.googlesyndication.com\/pagead\/js\/adsbygoogle.js\"><\/script><br \/>\n<!-- Noticias La Guia de Pamplona --><br \/>\n<ins class=\"adsbygoogle\"\nstyle=\"display:block\"\ndata-ad-client=\"ca-pub-6943679897239327\"\ndata-ad-slot=\"7048180777\"\ndata-ad-format=\"auto\"><\/ins><br \/>\n<script>\n(adsbygoogle = window.adsbygoogle || []).push({});\n<\/script><\/p>\n<p>&nbsp;<\/p>\n<h3><strong>Programaci\u00f3n en torno al 8M \u2018D\u00eda Internacional de las Mujeres\u2019<\/strong><\/h3>\n<p><strong>S\u00e1bado, 5 de marzo<\/strong><\/p>\n<p><strong>TEATRO<\/strong><\/p>\n<p>\u201cEllas solas\u201d. \u00c1tikus teatro.<\/p>\n<ul>\n<li>Civivox Iturrama. 19.30 horas. Con inscripci\u00f3n previa a 3 euros por butaca. Para p\u00fablico mayor de 18 a\u00f1os.<\/li>\n<li>Virtudes y Remedios son dos mujeres mayores que tienen que enfrentarse solas a un mundo que se derrumba. Demuestran una gran capacidad de subsistir- echando mano a la experiencia, sabidur\u00eda y sentido del humor. Es tambi\u00e9n una historia sobre la relaci\u00f3n entre abuelas y nietas.<\/li>\n<\/ul>\n<p><strong>Domingo 6 de marzo<\/strong><\/p>\n<p><strong>APERTITIVO AUTOGESTIONADO Y MUSICAL<\/strong><\/p>\n<ul>\n<li>Casa de las Mujeres. 13 horas. Libre participaci\u00f3n.<\/li>\n<\/ul>\n<p><strong>TEATRO<\/strong><\/p>\n<p>\u201cEl baile de las moscas\u201d. La Cuerda Teatro.<\/p>\n<ul>\n<li>Civivox Iturrama. 19.30 horas. Con inscripci\u00f3n previa a 3 euros por butaca.<\/li>\n<li>Comedia negra que reflexiona el actual concepto de comunidad que a veces est\u00e1 diluido sin hueco para el compromiso y el cuidado de los dem\u00e1s.<\/li>\n<\/ul>\n<p><strong>Lunes 7 de marzo<\/strong><\/p>\n<p><strong>CINEF\u00d3RUM<\/strong><\/p>\n<p>\u201cSufragistas\u201d (Sarah Gavron. Reino Unido. 2015. 106\u2019).<\/p>\n<ul>\n<li>Civivox Iturrama. 18 horas. Entrada libre previa inscripci\u00f3n. Coloquio a cargo de Mar\u00eda Castej\u00f3n.<\/li>\n<li>La trama refleja c\u00f3mo se gest\u00f3 el movimiento sufragista ingl\u00e9s, a trav\u00e9s de sus principales protagonistas.<\/li>\n<\/ul>\n","protected":false},"excerpt":{"rendered":"<p>Contin\u00faan las actividades programadas por el Ayuntamiento de Pamplona en torno al D\u00eda Internacional de las Mujeres<\/p>\n","protected":false},"author":1,"featured_media":39135,"comment_status":"open","ping_status":"closed","sticky":false,"template":"","format":"standard","meta":{"footnotes":""},"categories":[2],"tags":[],"class_list":["post-39202","post","type-post","status-publish","format-standard","has-post-thumbnail","hentry","category-ayuntamiento-pamplona"],"yoast_head":"<!-- This site is optimized with the Yoast SEO plugin v27.3 - https:\/\/yoast.com\/product\/yoast-seo-wordpress\/ -->\n<title>Dos obras de teatro y la proyecci\u00f3n de una pel\u00edcula invitan en los pr\u00f3ximos d\u00edas a la ciudadan\u00eda a la reflexi\u00f3n sobre la desigualdad de g\u00e9nero<\/title>\n<meta name=\"description\" content=\"Contin\u00faan las actividades programadas por el Ayuntamiento de Pamplona en torno al D\u00eda Internacional de las Mujeres\" \/>\n<meta name=\"robots\" content=\"index, follow, max-snippet:-1, max-image-preview:large, max-video-preview:-1\" \/>\n<link rel=\"canonical\" href=\"https:\/\/www.laguiadepamplona.com\/actualidad\/dos-obras-de-teatro-y-la-proyeccion-de-una-pelicula-invitan-en-los-proximos-dias-a-la-ciudadania-a-la-reflexion-sobre-la-desigualdad-de-genero\/\" \/>\n<meta property=\"og:locale\" content=\"es_ES\" \/>\n<meta property=\"og:type\" content=\"article\" \/>\n<meta property=\"og:title\" content=\"Dos obras de teatro y la proyecci\u00f3n de una pel\u00edcula invitan en los pr\u00f3ximos d\u00edas a la ciudadan\u00eda a la reflexi\u00f3n sobre la desigualdad de g\u00e9nero\" \/>\n<meta property=\"og:description\" content=\"Contin\u00faan las actividades programadas por el Ayuntamiento de Pamplona en torno al D\u00eda Internacional de las Mujeres\" \/>\n<meta property=\"og:url\" content=\"https:\/\/www.laguiadepamplona.com\/actualidad\/dos-obras-de-teatro-y-la-proyeccion-de-una-pelicula-invitan-en-los-proximos-dias-a-la-ciudadania-a-la-reflexion-sobre-la-desigualdad-de-genero\/\" \/>\n<meta property=\"og:site_name\" content=\"La Gu\u00eda de Pamplona\" \/>\n<meta property=\"article:publisher\" content=\"https:\/\/www.facebook.com\/laguiadepamplonacom-133175176762273\/?ref=hl\" \/>\n<meta property=\"article:published_time\" content=\"2022-03-04T12:04:32+00:00\" \/>\n<meta property=\"article:modified_time\" content=\"2023-04-11T09:48:27+00:00\" \/>\n<meta property=\"og:image\" content=\"https:\/\/www.laguiadepamplona.com\/actualidad\/wp-content\/uploads\/2022\/03\/Captura-8M_0.png\" \/>\n\t<meta property=\"og:image:width\" content=\"640\" \/>\n\t<meta property=\"og:image:height\" content=\"782\" \/>\n\t<meta property=\"og:image:type\" content=\"image\/png\" \/>\n<meta name=\"author\" content=\"La Gu\u00eda de Pamplona\" \/>\n<meta name=\"twitter:card\" content=\"summary_large_image\" \/>\n<meta name=\"twitter:creator\" content=\"@LaGuiadPamplona\" \/>\n<meta name=\"twitter:site\" content=\"@LaGuiadPamplona\" \/>\n<meta name=\"twitter:label1\" content=\"Escrito por\" \/>\n\t<meta name=\"twitter:data1\" content=\"La Gu\u00eda de Pamplona\" \/>\n\t<meta name=\"twitter:label2\" content=\"Tiempo de lectura\" \/>\n\t<meta name=\"twitter:data2\" content=\"4 minutos\" \/>\n<script type=\"application\/ld+json\" class=\"yoast-schema-graph\">{\"@context\":\"https:\\\/\\\/schema.org\",\"@graph\":[{\"@type\":\"Article\",\"@id\":\"https:\\\/\\\/www.laguiadepamplona.com\\\/actualidad\\\/dos-obras-de-teatro-y-la-proyeccion-de-una-pelicula-invitan-en-los-proximos-dias-a-la-ciudadania-a-la-reflexion-sobre-la-desigualdad-de-genero\\\/#article\",\"isPartOf\":{\"@id\":\"https:\\\/\\\/www.laguiadepamplona.com\\\/actualidad\\\/dos-obras-de-teatro-y-la-proyeccion-de-una-pelicula-invitan-en-los-proximos-dias-a-la-ciudadania-a-la-reflexion-sobre-la-desigualdad-de-genero\\\/\"},\"author\":{\"name\":\"La Gu\u00eda de Pamplona\",\"@id\":\"https:\\\/\\\/www.laguiadepamplona.com\\\/actualidad\\\/#\\\/schema\\\/person\\\/efe887376f0213d4657c93adc50b1fdb\"},\"headline\":\"Dos obras de teatro y la proyecci\u00f3n de una pel\u00edcula invitan en los pr\u00f3ximos d\u00edas a la ciudadan\u00eda a la reflexi\u00f3n sobre la desigualdad de g\u00e9nero\",\"datePublished\":\"2022-03-04T12:04:32+00:00\",\"dateModified\":\"2023-04-11T09:48:27+00:00\",\"mainEntityOfPage\":{\"@id\":\"https:\\\/\\\/www.laguiadepamplona.com\\\/actualidad\\\/dos-obras-de-teatro-y-la-proyeccion-de-una-pelicula-invitan-en-los-proximos-dias-a-la-ciudadania-a-la-reflexion-sobre-la-desigualdad-de-genero\\\/\"},\"wordCount\":941,\"commentCount\":0,\"publisher\":{\"@id\":\"https:\\\/\\\/www.laguiadepamplona.com\\\/actualidad\\\/#organization\"},\"image\":{\"@id\":\"https:\\\/\\\/www.laguiadepamplona.com\\\/actualidad\\\/dos-obras-de-teatro-y-la-proyeccion-de-una-pelicula-invitan-en-los-proximos-dias-a-la-ciudadania-a-la-reflexion-sobre-la-desigualdad-de-genero\\\/#primaryimage\"},\"thumbnailUrl\":\"https:\\\/\\\/www.laguiadepamplona.com\\\/actualidad\\\/wp-content\\\/uploads\\\/2022\\\/03\\\/Captura-8M_0.png\",\"articleSection\":[\"Ayto Pamplona\"],\"inLanguage\":\"es\",\"potentialAction\":[{\"@type\":\"CommentAction\",\"name\":\"Comment\",\"target\":[\"https:\\\/\\\/www.laguiadepamplona.com\\\/actualidad\\\/dos-obras-de-teatro-y-la-proyeccion-de-una-pelicula-invitan-en-los-proximos-dias-a-la-ciudadania-a-la-reflexion-sobre-la-desigualdad-de-genero\\\/#respond\"]}]},{\"@type\":\"WebPage\",\"@id\":\"https:\\\/\\\/www.laguiadepamplona.com\\\/actualidad\\\/dos-obras-de-teatro-y-la-proyeccion-de-una-pelicula-invitan-en-los-proximos-dias-a-la-ciudadania-a-la-reflexion-sobre-la-desigualdad-de-genero\\\/\",\"url\":\"https:\\\/\\\/www.laguiadepamplona.com\\\/actualidad\\\/dos-obras-de-teatro-y-la-proyeccion-de-una-pelicula-invitan-en-los-proximos-dias-a-la-ciudadania-a-la-reflexion-sobre-la-desigualdad-de-genero\\\/\",\"name\":\"Dos obras de teatro y la proyecci\u00f3n de una pel\u00edcula invitan en los pr\u00f3ximos d\u00edas a la ciudadan\u00eda a la reflexi\u00f3n sobre la desigualdad de g\u00e9nero\",\"isPartOf\":{\"@id\":\"https:\\\/\\\/www.laguiadepamplona.com\\\/actualidad\\\/#website\"},\"primaryImageOfPage\":{\"@id\":\"https:\\\/\\\/www.laguiadepamplona.com\\\/actualidad\\\/dos-obras-de-teatro-y-la-proyeccion-de-una-pelicula-invitan-en-los-proximos-dias-a-la-ciudadania-a-la-reflexion-sobre-la-desigualdad-de-genero\\\/#primaryimage\"},\"image\":{\"@id\":\"https:\\\/\\\/www.laguiadepamplona.com\\\/actualidad\\\/dos-obras-de-teatro-y-la-proyeccion-de-una-pelicula-invitan-en-los-proximos-dias-a-la-ciudadania-a-la-reflexion-sobre-la-desigualdad-de-genero\\\/#primaryimage\"},\"thumbnailUrl\":\"https:\\\/\\\/www.laguiadepamplona.com\\\/actualidad\\\/wp-content\\\/uploads\\\/2022\\\/03\\\/Captura-8M_0.png\",\"datePublished\":\"2022-03-04T12:04:32+00:00\",\"dateModified\":\"2023-04-11T09:48:27+00:00\",\"description\":\"Contin\u00faan las actividades programadas por el Ayuntamiento de Pamplona en torno al D\u00eda Internacional de las Mujeres\",\"breadcrumb\":{\"@id\":\"https:\\\/\\\/www.laguiadepamplona.com\\\/actualidad\\\/dos-obras-de-teatro-y-la-proyeccion-de-una-pelicula-invitan-en-los-proximos-dias-a-la-ciudadania-a-la-reflexion-sobre-la-desigualdad-de-genero\\\/#breadcrumb\"},\"inLanguage\":\"es\",\"potentialAction\":[{\"@type\":\"ReadAction\",\"target\":[\"https:\\\/\\\/www.laguiadepamplona.com\\\/actualidad\\\/dos-obras-de-teatro-y-la-proyeccion-de-una-pelicula-invitan-en-los-proximos-dias-a-la-ciudadania-a-la-reflexion-sobre-la-desigualdad-de-genero\\\/\"]}]},{\"@type\":\"ImageObject\",\"inLanguage\":\"es\",\"@id\":\"https:\\\/\\\/www.laguiadepamplona.com\\\/actualidad\\\/dos-obras-de-teatro-y-la-proyeccion-de-una-pelicula-invitan-en-los-proximos-dias-a-la-ciudadania-a-la-reflexion-sobre-la-desigualdad-de-genero\\\/#primaryimage\",\"url\":\"https:\\\/\\\/www.laguiadepamplona.com\\\/actualidad\\\/wp-content\\\/uploads\\\/2022\\\/03\\\/Captura-8M_0.png\",\"contentUrl\":\"https:\\\/\\\/www.laguiadepamplona.com\\\/actualidad\\\/wp-content\\\/uploads\\\/2022\\\/03\\\/Captura-8M_0.png\",\"width\":640,\"height\":782},{\"@type\":\"BreadcrumbList\",\"@id\":\"https:\\\/\\\/www.laguiadepamplona.com\\\/actualidad\\\/dos-obras-de-teatro-y-la-proyeccion-de-una-pelicula-invitan-en-los-proximos-dias-a-la-ciudadania-a-la-reflexion-sobre-la-desigualdad-de-genero\\\/#breadcrumb\",\"itemListElement\":[{\"@type\":\"ListItem\",\"position\":1,\"name\":\"Portada\",\"item\":\"https:\\\/\\\/www.laguiadepamplona.com\\\/actualidad\\\/\"},{\"@type\":\"ListItem\",\"position\":2,\"name\":\"Dos obras de teatro y la proyecci\u00f3n de una pel\u00edcula invitan en los pr\u00f3ximos d\u00edas a la ciudadan\u00eda a la reflexi\u00f3n sobre la desigualdad de g\u00e9nero\"}]},{\"@type\":\"WebSite\",\"@id\":\"https:\\\/\\\/www.laguiadepamplona.com\\\/actualidad\\\/#website\",\"url\":\"https:\\\/\\\/www.laguiadepamplona.com\\\/actualidad\\\/\",\"name\":\"La gu\u00eda de Pamplona\",\"description\":\"Noticias de Pamplona\",\"publisher\":{\"@id\":\"https:\\\/\\\/www.laguiadepamplona.com\\\/actualidad\\\/#organization\"},\"potentialAction\":[{\"@type\":\"SearchAction\",\"target\":{\"@type\":\"EntryPoint\",\"urlTemplate\":\"https:\\\/\\\/www.laguiadepamplona.com\\\/actualidad\\\/?s={search_term_string}\"},\"query-input\":{\"@type\":\"PropertyValueSpecification\",\"valueRequired\":true,\"valueName\":\"search_term_string\"}}],\"inLanguage\":\"es\"},{\"@type\":\"Organization\",\"@id\":\"https:\\\/\\\/www.laguiadepamplona.com\\\/actualidad\\\/#organization\",\"name\":\"La Gu\u00eda de Pamplona \\\/ Noticias\",\"url\":\"https:\\\/\\\/www.laguiadepamplona.com\\\/actualidad\\\/\",\"logo\":{\"@type\":\"ImageObject\",\"inLanguage\":\"es\",\"@id\":\"https:\\\/\\\/www.laguiadepamplona.com\\\/actualidad\\\/#\\\/schema\\\/logo\\\/image\\\/\",\"url\":\"https:\\\/\\\/www.laguiadepamplona.com\\\/actualidad\\\/wp-content\\\/uploads\\\/2018\\\/11\\\/logo-laguiadepamplona18-web1.png\",\"contentUrl\":\"https:\\\/\\\/www.laguiadepamplona.com\\\/actualidad\\\/wp-content\\\/uploads\\\/2018\\\/11\\\/logo-laguiadepamplona18-web1.png\",\"width\":600,\"height\":196,\"caption\":\"La Gu\u00eda de Pamplona \\\/ Noticias\"},\"image\":{\"@id\":\"https:\\\/\\\/www.laguiadepamplona.com\\\/actualidad\\\/#\\\/schema\\\/logo\\\/image\\\/\"},\"sameAs\":[\"https:\\\/\\\/www.facebook.com\\\/laguiadepamplonacom-133175176762273\\\/?ref=hl\",\"https:\\\/\\\/x.com\\\/LaGuiadPamplona\",\"https:\\\/\\\/www.instagram.com\\\/la_guia_de_pamplona\\\/\",\"https:\\\/\\\/www.youtube.com\\\/user\\\/laguiadepamplona\"]},{\"@type\":\"Person\",\"@id\":\"https:\\\/\\\/www.laguiadepamplona.com\\\/actualidad\\\/#\\\/schema\\\/person\\\/efe887376f0213d4657c93adc50b1fdb\",\"name\":\"La Gu\u00eda de Pamplona\",\"image\":{\"@type\":\"ImageObject\",\"inLanguage\":\"es\",\"@id\":\"https:\\\/\\\/secure.gravatar.com\\\/avatar\\\/b6992f131dc8d30ab0dff15446e9d346d9dbd95992de0fef795073f5ea83a81c?s=96&d=mm&r=g\",\"url\":\"https:\\\/\\\/secure.gravatar.com\\\/avatar\\\/b6992f131dc8d30ab0dff15446e9d346d9dbd95992de0fef795073f5ea83a81c?s=96&d=mm&r=g\",\"contentUrl\":\"https:\\\/\\\/secure.gravatar.com\\\/avatar\\\/b6992f131dc8d30ab0dff15446e9d346d9dbd95992de0fef795073f5ea83a81c?s=96&d=mm&r=g\",\"caption\":\"La Gu\u00eda de Pamplona\"}}]}<\/script>\n<!-- \/ Yoast SEO plugin. -->","yoast_head_json":{"title":"Dos obras de teatro y la proyecci\u00f3n de una pel\u00edcula invitan en los pr\u00f3ximos d\u00edas a la ciudadan\u00eda a la reflexi\u00f3n sobre la desigualdad de g\u00e9nero","description":"Contin\u00faan las actividades programadas por el Ayuntamiento de Pamplona en torno al D\u00eda Internacional de las Mujeres","robots":{"index":"index","follow":"follow","max-snippet":"max-snippet:-1","max-image-preview":"max-image-preview:large","max-video-preview":"max-video-preview:-1"},"canonical":"https:\/\/www.laguiadepamplona.com\/actualidad\/dos-obras-de-teatro-y-la-proyeccion-de-una-pelicula-invitan-en-los-proximos-dias-a-la-ciudadania-a-la-reflexion-sobre-la-desigualdad-de-genero\/","og_locale":"es_ES","og_type":"article","og_title":"Dos obras de teatro y la proyecci\u00f3n de una pel\u00edcula invitan en los pr\u00f3ximos d\u00edas a la ciudadan\u00eda a la reflexi\u00f3n sobre la desigualdad de g\u00e9nero","og_description":"Contin\u00faan las actividades programadas por el Ayuntamiento de Pamplona en torno al D\u00eda Internacional de las Mujeres","og_url":"https:\/\/www.laguiadepamplona.com\/actualidad\/dos-obras-de-teatro-y-la-proyeccion-de-una-pelicula-invitan-en-los-proximos-dias-a-la-ciudadania-a-la-reflexion-sobre-la-desigualdad-de-genero\/","og_site_name":"La Gu\u00eda de Pamplona","article_publisher":"https:\/\/www.facebook.com\/laguiadepamplonacom-133175176762273\/?ref=hl","article_published_time":"2022-03-04T12:04:32+00:00","article_modified_time":"2023-04-11T09:48:27+00:00","og_image":[{"width":640,"height":782,"url":"https:\/\/www.laguiadepamplona.com\/actualidad\/wp-content\/uploads\/2022\/03\/Captura-8M_0.png","type":"image\/png"}],"author":"La Gu\u00eda de Pamplona","twitter_card":"summary_large_image","twitter_creator":"@LaGuiadPamplona","twitter_site":"@LaGuiadPamplona","twitter_misc":{"Escrito por":"La Gu\u00eda de Pamplona","Tiempo de lectura":"4 minutos"},"schema":{"@context":"https:\/\/schema.org","@graph":[{"@type":"Article","@id":"https:\/\/www.laguiadepamplona.com\/actualidad\/dos-obras-de-teatro-y-la-proyeccion-de-una-pelicula-invitan-en-los-proximos-dias-a-la-ciudadania-a-la-reflexion-sobre-la-desigualdad-de-genero\/#article","isPartOf":{"@id":"https:\/\/www.laguiadepamplona.com\/actualidad\/dos-obras-de-teatro-y-la-proyeccion-de-una-pelicula-invitan-en-los-proximos-dias-a-la-ciudadania-a-la-reflexion-sobre-la-desigualdad-de-genero\/"},"author":{"name":"La Gu\u00eda de Pamplona","@id":"https:\/\/www.laguiadepamplona.com\/actualidad\/#\/schema\/person\/efe887376f0213d4657c93adc50b1fdb"},"headline":"Dos obras de teatro y la proyecci\u00f3n de una pel\u00edcula invitan en los pr\u00f3ximos d\u00edas a la ciudadan\u00eda a la reflexi\u00f3n sobre la desigualdad de g\u00e9nero","datePublished":"2022-03-04T12:04:32+00:00","dateModified":"2023-04-11T09:48:27+00:00","mainEntityOfPage":{"@id":"https:\/\/www.laguiadepamplona.com\/actualidad\/dos-obras-de-teatro-y-la-proyeccion-de-una-pelicula-invitan-en-los-proximos-dias-a-la-ciudadania-a-la-reflexion-sobre-la-desigualdad-de-genero\/"},"wordCount":941,"commentCount":0,"publisher":{"@id":"https:\/\/www.laguiadepamplona.com\/actualidad\/#organization"},"image":{"@id":"https:\/\/www.laguiadepamplona.com\/actualidad\/dos-obras-de-teatro-y-la-proyeccion-de-una-pelicula-invitan-en-los-proximos-dias-a-la-ciudadania-a-la-reflexion-sobre-la-desigualdad-de-genero\/#primaryimage"},"thumbnailUrl":"https:\/\/www.laguiadepamplona.com\/actualidad\/wp-content\/uploads\/2022\/03\/Captura-8M_0.png","articleSection":["Ayto Pamplona"],"inLanguage":"es","potentialAction":[{"@type":"CommentAction","name":"Comment","target":["https:\/\/www.laguiadepamplona.com\/actualidad\/dos-obras-de-teatro-y-la-proyeccion-de-una-pelicula-invitan-en-los-proximos-dias-a-la-ciudadania-a-la-reflexion-sobre-la-desigualdad-de-genero\/#respond"]}]},{"@type":"WebPage","@id":"https:\/\/www.laguiadepamplona.com\/actualidad\/dos-obras-de-teatro-y-la-proyeccion-de-una-pelicula-invitan-en-los-proximos-dias-a-la-ciudadania-a-la-reflexion-sobre-la-desigualdad-de-genero\/","url":"https:\/\/www.laguiadepamplona.com\/actualidad\/dos-obras-de-teatro-y-la-proyeccion-de-una-pelicula-invitan-en-los-proximos-dias-a-la-ciudadania-a-la-reflexion-sobre-la-desigualdad-de-genero\/","name":"Dos obras de teatro y la proyecci\u00f3n de una pel\u00edcula invitan en los pr\u00f3ximos d\u00edas a la ciudadan\u00eda a la reflexi\u00f3n sobre la desigualdad de g\u00e9nero","isPartOf":{"@id":"https:\/\/www.laguiadepamplona.com\/actualidad\/#website"},"primaryImageOfPage":{"@id":"https:\/\/www.laguiadepamplona.com\/actualidad\/dos-obras-de-teatro-y-la-proyeccion-de-una-pelicula-invitan-en-los-proximos-dias-a-la-ciudadania-a-la-reflexion-sobre-la-desigualdad-de-genero\/#primaryimage"},"image":{"@id":"https:\/\/www.laguiadepamplona.com\/actualidad\/dos-obras-de-teatro-y-la-proyeccion-de-una-pelicula-invitan-en-los-proximos-dias-a-la-ciudadania-a-la-reflexion-sobre-la-desigualdad-de-genero\/#primaryimage"},"thumbnailUrl":"https:\/\/www.laguiadepamplona.com\/actualidad\/wp-content\/uploads\/2022\/03\/Captura-8M_0.png","datePublished":"2022-03-04T12:04:32+00:00","dateModified":"2023-04-11T09:48:27+00:00","description":"Contin\u00faan las actividades programadas por el Ayuntamiento de Pamplona en torno al D\u00eda Internacional de las Mujeres","breadcrumb":{"@id":"https:\/\/www.laguiadepamplona.com\/actualidad\/dos-obras-de-teatro-y-la-proyeccion-de-una-pelicula-invitan-en-los-proximos-dias-a-la-ciudadania-a-la-reflexion-sobre-la-desigualdad-de-genero\/#breadcrumb"},"inLanguage":"es","potentialAction":[{"@type":"ReadAction","target":["https:\/\/www.laguiadepamplona.com\/actualidad\/dos-obras-de-teatro-y-la-proyeccion-de-una-pelicula-invitan-en-los-proximos-dias-a-la-ciudadania-a-la-reflexion-sobre-la-desigualdad-de-genero\/"]}]},{"@type":"ImageObject","inLanguage":"es","@id":"https:\/\/www.laguiadepamplona.com\/actualidad\/dos-obras-de-teatro-y-la-proyeccion-de-una-pelicula-invitan-en-los-proximos-dias-a-la-ciudadania-a-la-reflexion-sobre-la-desigualdad-de-genero\/#primaryimage","url":"https:\/\/www.laguiadepamplona.com\/actualidad\/wp-content\/uploads\/2022\/03\/Captura-8M_0.png","contentUrl":"https:\/\/www.laguiadepamplona.com\/actualidad\/wp-content\/uploads\/2022\/03\/Captura-8M_0.png","width":640,"height":782},{"@type":"BreadcrumbList","@id":"https:\/\/www.laguiadepamplona.com\/actualidad\/dos-obras-de-teatro-y-la-proyeccion-de-una-pelicula-invitan-en-los-proximos-dias-a-la-ciudadania-a-la-reflexion-sobre-la-desigualdad-de-genero\/#breadcrumb","itemListElement":[{"@type":"ListItem","position":1,"name":"Portada","item":"https:\/\/www.laguiadepamplona.com\/actualidad\/"},{"@type":"ListItem","position":2,"name":"Dos obras de teatro y la proyecci\u00f3n de una pel\u00edcula invitan en los pr\u00f3ximos d\u00edas a la ciudadan\u00eda a la reflexi\u00f3n sobre la desigualdad de g\u00e9nero"}]},{"@type":"WebSite","@id":"https:\/\/www.laguiadepamplona.com\/actualidad\/#website","url":"https:\/\/www.laguiadepamplona.com\/actualidad\/","name":"La gu\u00eda de Pamplona","description":"Noticias de Pamplona","publisher":{"@id":"https:\/\/www.laguiadepamplona.com\/actualidad\/#organization"},"potentialAction":[{"@type":"SearchAction","target":{"@type":"EntryPoint","urlTemplate":"https:\/\/www.laguiadepamplona.com\/actualidad\/?s={search_term_string}"},"query-input":{"@type":"PropertyValueSpecification","valueRequired":true,"valueName":"search_term_string"}}],"inLanguage":"es"},{"@type":"Organization","@id":"https:\/\/www.laguiadepamplona.com\/actualidad\/#organization","name":"La Gu\u00eda de Pamplona \/ Noticias","url":"https:\/\/www.laguiadepamplona.com\/actualidad\/","logo":{"@type":"ImageObject","inLanguage":"es","@id":"https:\/\/www.laguiadepamplona.com\/actualidad\/#\/schema\/logo\/image\/","url":"https:\/\/www.laguiadepamplona.com\/actualidad\/wp-content\/uploads\/2018\/11\/logo-laguiadepamplona18-web1.png","contentUrl":"https:\/\/www.laguiadepamplona.com\/actualidad\/wp-content\/uploads\/2018\/11\/logo-laguiadepamplona18-web1.png","width":600,"height":196,"caption":"La Gu\u00eda de Pamplona \/ Noticias"},"image":{"@id":"https:\/\/www.laguiadepamplona.com\/actualidad\/#\/schema\/logo\/image\/"},"sameAs":["https:\/\/www.facebook.com\/laguiadepamplonacom-133175176762273\/?ref=hl","https:\/\/x.com\/LaGuiadPamplona","https:\/\/www.instagram.com\/la_guia_de_pamplona\/","https:\/\/www.youtube.com\/user\/laguiadepamplona"]},{"@type":"Person","@id":"https:\/\/www.laguiadepamplona.com\/actualidad\/#\/schema\/person\/efe887376f0213d4657c93adc50b1fdb","name":"La Gu\u00eda de Pamplona","image":{"@type":"ImageObject","inLanguage":"es","@id":"https:\/\/secure.gravatar.com\/avatar\/b6992f131dc8d30ab0dff15446e9d346d9dbd95992de0fef795073f5ea83a81c?s=96&d=mm&r=g","url":"https:\/\/secure.gravatar.com\/avatar\/b6992f131dc8d30ab0dff15446e9d346d9dbd95992de0fef795073f5ea83a81c?s=96&d=mm&r=g","contentUrl":"https:\/\/secure.gravatar.com\/avatar\/b6992f131dc8d30ab0dff15446e9d346d9dbd95992de0fef795073f5ea83a81c?s=96&d=mm&r=g","caption":"La Gu\u00eda de Pamplona"}}]}},"post_mailing_queue_ids":[],"_links":{"self":[{"href":"https:\/\/www.laguiadepamplona.com\/actualidad\/wp-json\/wp\/v2\/posts\/39202","targetHints":{"allow":["GET"]}}],"collection":[{"href":"https:\/\/www.laguiadepamplona.com\/actualidad\/wp-json\/wp\/v2\/posts"}],"about":[{"href":"https:\/\/www.laguiadepamplona.com\/actualidad\/wp-json\/wp\/v2\/types\/post"}],"author":[{"embeddable":true,"href":"https:\/\/www.laguiadepamplona.com\/actualidad\/wp-json\/wp\/v2\/users\/1"}],"replies":[{"embeddable":true,"href":"https:\/\/www.laguiadepamplona.com\/actualidad\/wp-json\/wp\/v2\/comments?post=39202"}],"version-history":[{"count":0,"href":"https:\/\/www.laguiadepamplona.com\/actualidad\/wp-json\/wp\/v2\/posts\/39202\/revisions"}],"wp:featuredmedia":[{"embeddable":true,"href":"https:\/\/www.laguiadepamplona.com\/actualidad\/wp-json\/wp\/v2\/media\/39135"}],"wp:attachment":[{"href":"https:\/\/www.laguiadepamplona.com\/actualidad\/wp-json\/wp\/v2\/media?parent=39202"}],"wp:term":[{"taxonomy":"category","embeddable":true,"href":"https:\/\/www.laguiadepamplona.com\/actualidad\/wp-json\/wp\/v2\/categories?post=39202"},{"taxonomy":"post_tag","embeddable":true,"href":"https:\/\/www.laguiadepamplona.com\/actualidad\/wp-json\/wp\/v2\/tags?post=39202"}],"curies":[{"name":"wp","href":"https:\/\/api.w.org\/{rel}","templated":true}]}}