{"id":39194,"date":"2022-03-04T13:59:57","date_gmt":"2022-03-04T11:59:57","guid":{"rendered":"https:\/\/www.laguiadepamplona.com\/actualidad\/?p=39194"},"modified":"2023-04-11T11:48:27","modified_gmt":"2023-04-11T09:48:27","slug":"pamplona-multiplicara-por-ocho-la-potencia-acumulada-por-las-instalaciones-fotovoltaicas-municipales-de-autoconsumo-en-los-proximos-anos","status":"publish","type":"post","link":"https:\/\/www.laguiadepamplona.com\/actualidad\/pamplona-multiplicara-por-ocho-la-potencia-acumulada-por-las-instalaciones-fotovoltaicas-municipales-de-autoconsumo-en-los-proximos-anos\/","title":{"rendered":"Pamplona multiplicar\u00e1 por ocho la potencia acumulada por las instalaciones fotovoltaicas municipales de autoconsumo en los pr\u00f3ximos a\u00f1os"},"content":{"rendered":"<h5>Los proyectos presentados generar\u00e1n un ahorro en la compra de energ\u00eda superior a un mill\u00f3n de euros<\/h5>\n<p><!--more--><\/p>\n<p>Las instalaciones fotovoltaicas de autoconsumo proyectadas por el Ayuntamiento de Pamplona en seis edificios municipales, en el aparcamiento disuasorio junto al CP Cardenal Ilund\u00e1in, en el futuro polideportivo de Buztintxuri y en el proyecto Open Lab en Rochapea multiplicar\u00e1n por 8 la potencia instalada en instalaciones municipales de autoconsumo. En la actualidad, esa potencia alcanza los 541,40 kW, una cifra que se ampliar\u00e1 hasta los 4.300 kW una vez que se desarrollen estas actuaciones, algunas de ellas ya en marcha administrativamente.<\/p>\n<p>El concejal delegado de Proyectos Estrat\u00e9gicos, Movilidad y Sostenibilidad, Ferm\u00edn Alonso, y el responsable de la Agencia Energ\u00e9tica Municipal, Javier Zardoya, han presentado esta ma\u00f1ana la planificaci\u00f3n de trabajo previsto por el Ayuntamiento de Pamplona para el fomento de las energ\u00edas renovables en la ciudad y para optar a las ayudas que ofertan diferentes administraciones p\u00fablicas para su desarrollo. Son b\u00e1sicamente tres fases que abarcan la puesta en marcha de instalaciones fotovoltaicas de autoconsumo, el desarrollo de comunidades energ\u00e9ticas en torno a ellas y, por \u00faltimo, conseguir un desarrollo masivo de estas energ\u00edas renovables en la ciudad. Estas actuaciones se enmarcan en la Estrategia de Transici\u00f3n Energ\u00e9tica y Cambio Clim\u00e1tico 2030 de Pamplona y en el Estrategia Go Green Pamplona.<br \/>\n<script async src=\"\/\/pagead2.googlesyndication.com\/pagead\/js\/adsbygoogle.js\"><\/script><br \/>\n<!-- Noticias La Guia de Pamplona --><br \/>\n<ins class=\"adsbygoogle\"\nstyle=\"display:block\"\ndata-ad-client=\"ca-pub-6943679897239327\"\ndata-ad-slot=\"7048180777\"\ndata-ad-format=\"auto\"><\/ins><br \/>\n<script>\n(adsbygoogle = window.adsbygoogle || []).push({});\n<\/script><\/p>\n<p>En Pamplona existen 90 instalaciones fotovoltaicas de autoconsumo, con una potencia instalada de 2.495 kW; la mitad de ellas instaladas s\u00f3lo en 2021 duplicando en un a\u00f1o la potencia instalada el a\u00f1o anterior; lo que muestra la tendencia creciente de esta tecnolog\u00eda en la ciudad. El 11% de esas instalaciones son del Ayuntamiento de Pamplona. El Consistorio cuenta con varios proyectos planificados o ya en marcha para multiplicar esa potencia instalada. En la primera fase del trabajo, centrada en la puesta en marcha de fotovoltaicas de autoconsumo, se incluyen el desarrollo de proyectos como la instalaci\u00f3n prevista en el futuro polideportivo municipal de Buztintxuri de unos 400 kW. Contar\u00e1 con diversos sistemas de energ\u00eda renovable,\u00a0como placas solares, el reaprovechamiento de energ\u00eda con aerotermia o dispositivos de recuperaci\u00f3n del calor para hacer de \u00e9l una infraestructura sostenible.<\/p>\n<p>Asimismo, se prev\u00e9 cubrir parte del aparcamiento disuasorio junto al CP Cardenal Ilund\u00e1in mediante una p\u00e9rgola para ubicar en ella una instalaci\u00f3n fotovoltaica de autoconsumo, de forma similar a la colocada en la plaza Dr. Gortari en San Jorge, con una potencia instalada que puede llegar a los 1.000 kW. Los proyectos previstos incluyen tambi\u00e9n instalaciones fotovoltaicas en seis edificios municipales, colegio Jose M\u00aa Iribarren, CP San Jorge, polideportivo Arrosad\u00eda, CF Landaben, CP Patxi Larrainzar y la nueva EI Lezkairu; todos ellos redactados y a espera de resoluci\u00f3n para ser ejecutados, excepto la Escuela Infantil que ya est\u00e1 siendo ejecutada, con una potencia total de unos 900 kW. Dentro de esta planificaci\u00f3n de instalaciones se encuentra tambi\u00e9n el proyecto Open Lab en Rochapea, cuyo objetivo es ara la creaci\u00f3n de un Distrito Positivo de Energ\u00eda Verde, con instalaciones en el Edificio IWER y en comunidades del Grupo San Pedro, que preve instalar en torno a1.500 kW.<\/p>\n<p>Esta planificaci\u00f3n pretende avanzar en el cambio sustancial de la matriz energ\u00e9tica actual de la ciudad. El diagn\u00f3stico actual identifico que s\u00f3lo el 9,5% de la energ\u00eda que se consume en la ciudad proviene de fuentes energ\u00e9ticas renovables, pero solo el 2 % estar\u00eda generada de forma local.<\/p>\n<p>El impacto econ\u00f3mico de estos proyectos es un elemento importante para la ciudad, los costes de generaci\u00f3n de la energ\u00eda el\u00e9ctrica de estos proyectos se situar\u00e1n en 56 euros\/MWh de media, lo que puede suponer un ahorro en la compra de energ\u00eda para la ciudad de m\u00e1s de un mill\u00f3n de euros.<br \/>\n<script async src=\"\/\/pagead2.googlesyndication.com\/pagead\/js\/adsbygoogle.js\"><\/script><br \/>\n<!-- Noticias La Guia de Pamplona --><br \/>\n<ins class=\"adsbygoogle\"\nstyle=\"display:block\"\ndata-ad-client=\"ca-pub-6943679897239327\"\ndata-ad-slot=\"7048180777\"\ndata-ad-format=\"auto\"><\/ins><br \/>\n<script>\n(adsbygoogle = window.adsbygoogle || []).push({});\n<\/script><\/p>\n<p><strong>Comunidades energ\u00e9ticas<\/strong><\/p>\n<p>El desarrollo de comunidades energ\u00e9ticas es un segundo paso en la apuesta por un futuro m\u00e1s sostenible en la ciudad. No en vano, cada instalaci\u00f3n de autoconsumo que se implementa ya est\u00e1 dise\u00f1ada para formar parte de una comunidad energ\u00e9tica. El Ayuntamiento de Pamplona est\u00e1 impulsado la creaci\u00f3n de estas comunidades que a\u00fanan a agentes p\u00fablicos y privados en el desarrollo de proyectos energ\u00e9ticos comunes. La Comunidad Energ\u00e9tica de Mendillorri, basada en el proyecto de instalaci\u00f3n fotovoltaica en los colegios El Lago y Mendigoiti, o el proyecto Open Lab en Rochapea son dos ejemplos que ya est\u00e1n en marcha.<\/p>\n<p>Las comunidades energ\u00e9ticas se consideran una herramienta clave en la lucha contra el cambio clim\u00e1tico y la transici\u00f3n energ\u00e9tica. Al igual que lo que sucede en una comunidad de vecinos, el objetivo de ese trabajo com\u00fan es <strong>beneficiarse colectivamente de las mismas instalaciones <\/strong>de generaci\u00f3n u otras medidas situadas en el entorno de la comunidad. A trav\u00e9s de ellas se pueden llevar a cabo m\u00faltiples actividades vinculadas a la energ\u00eda como, por ejemplo, el autoconsumo o la generaci\u00f3n distribuida, incluso acciones de movilidad sostenible, que suponen un factor importante para el <strong>ahorro econ\u00f3mico de muchas familias<\/strong>.<br \/>\n<script async src=\"\/\/pagead2.googlesyndication.com\/pagead\/js\/adsbygoogle.js\"><\/script><br \/>\n<!-- Noticias La Guia de Pamplona --><br \/>\n<ins class=\"adsbygoogle\"\nstyle=\"display:block\"\ndata-ad-client=\"ca-pub-6943679897239327\"\ndata-ad-slot=\"7048180777\"\ndata-ad-format=\"auto\"><\/ins><br \/>\n<script>\n(adsbygoogle = window.adsbygoogle || []).push({});\n<\/script><\/p>\n<p><strong>Convocatorias de ayudas<\/strong><\/p>\n<p>El Instituto para la Diversificaci\u00f3n y Ahorro de la Energ\u00eda (IDAE) ha publicado una convocatoria de ayudas para la ejecuci\u00f3n de diversos programas de incentivos ligados al autoconsumo con fuentes de energ\u00edas renovables y a la implantaci\u00f3n de comunidades energ\u00e9ticas. Estas ayudas forman parte del Plan de Recuperaci\u00f3n, Transformaci\u00f3n y Resiliencia, financiado por la Uni\u00f3n de Europea a trav\u00e9s de los fondos Next Generation EU y en algunos casos son gestionadas de forma centralizada por ellos y en otros son las propias administraciones de la Comunidades Aut\u00f3nomas las responsables de ello. Este es el caso de las ligadas a instalaciones de autoconsumo, ayudas basadas en el RD477\/2021, que en Navarra gestiona el Departamento de Desarrollo Econ\u00f3mico y Empresarial; por medio de la direcci\u00f3n de General de Industria, Energ\u00eda y Proyectos Estrat\u00e9gicos S3.<\/p>\n<p>A estas ayudas el Ayuntamiento ya ha presentado proyectos por valor de m\u00e1s de un mill\u00f3n de \u20ac y potencia de m\u00e1s de 1.100 kW Estas solicitudes tanto para proyectos planificados como proyectos reci\u00e9n ejecutados. Se opta a una concesi\u00f3n de ayudas que superan los 800.000 \u20ac dentro del Programa 4 definido en el correspondiente Real Decreto.<br \/>\n<script async src=\"\/\/pagead2.googlesyndication.com\/pagead\/js\/adsbygoogle.js\"><\/script><br \/>\n<!-- Noticias La Guia de Pamplona --><br \/>\n<ins class=\"adsbygoogle\"\nstyle=\"display:block\"\ndata-ad-client=\"ca-pub-6943679897239327\"\ndata-ad-slot=\"7048180777\"\ndata-ad-format=\"auto\"><\/ins><br \/>\n<script>\n(adsbygoogle = window.adsbygoogle || []).push({});\n<\/script><\/p>\n<p><strong>Financiaci\u00f3n a trav\u00e9s de programas europeos<\/strong><\/p>\n<p>El desarrollo masivo de instalaciones de energ\u00edas renovables es un objetivo claro para la ciudad y su consecuci\u00f3n pretende empujarse con el desarrollo de proyectos piloto y demostrativos adem\u00e1s de evaluaciones t\u00e9cnicas y de viabilidad social y econ\u00f3mica que se est\u00e1n desarrollando gracias a las ayudas que llegan de diferentes programas europeos o nacionales de los que el Ayuntamiento es beneficiario.<\/p>\n<p>En la actualidad Pamplona forma parte del proyecto Open Lab, que fomenta barrios energ\u00e9ticamente positivos dentro de los contextos urbanos existentes que se integran perfectamente en el sistema energ\u00e9tico local. Pamplona acoger\u00e1 actuaciones para generar un Distrito Positivo de Energ\u00eda Verde, con epicentro en el complejo IWER en Rochapea y actuaciones de rehabilitaci\u00f3n energ\u00e9tica innovadora en viviendas del Grupo San Pedro. El proyecto est\u00e1 subvencionado por la Uni\u00f3n Europea dentro del programa Horizon 2020.<\/p>\n<p>Tambi\u00e9n desde el programa POTEnT (Public Organisations Transform Energy Transition), financiado por los fondos europeos del programa Interreg Europe, se pretende\u00a0lograr un progreso hacia una reducci\u00f3n de carbono un 10 % superior a lo esperado o previsto en cada regi\u00f3n socia para el a\u00f1o 2023. Esa reducci\u00f3n se busca mediante la mejora de la prestaci\u00f3n de servicios energ\u00e9ticos por parte de los propios ayuntamientos. Entre otros aspectos, dentro de este programa se trabaja en la concepci\u00f3n de comunidades energ\u00e9ticas, con estudios y an\u00e1lisis sobre sus aspectos legales y administrativos. En el caso local se est\u00e1 desarrollando a partir de lo aprendido en el proyecto un plan de acci\u00f3n con dos medidas: desarrollo de comunidades energ\u00e9ticas y red de oficinas de informaci\u00f3n energ\u00e9tica en la ciudad.<\/p>\n<p>Pamplona fue, adem\u00e1s, una de las ciudades beneficias de la segunda convocatoria de <strong>EU City Facility (<\/strong>EUCF), proyecto financiado por la UE, destinado a apoyar a los municipios para acelerar las inversiones en\u00a0<strong>energ\u00eda sostenible<\/strong>. La subvenci\u00f3n se destina al diagn\u00f3stico, an\u00e1lisis de modelo de negocio y viabilidad, as\u00ed como las posibilidades de financiaci\u00f3n de los proyectos con el t\u00edtulo: Comunidades Energ\u00e9ticas como herramienta para conseguir barrios de energ\u00eda positiva.<br \/>\n<script async src=\"\/\/pagead2.googlesyndication.com\/pagead\/js\/adsbygoogle.js\"><\/script><br \/>\n<!-- Noticias La Guia de Pamplona --><br \/>\n<ins class=\"adsbygoogle\"\nstyle=\"display:block\"\ndata-ad-client=\"ca-pub-6943679897239327\"\ndata-ad-slot=\"7048180777\"\ndata-ad-format=\"auto\"><\/ins><br \/>\n<script>\n(adsbygoogle = window.adsbygoogle || []).push({});\n<\/script><\/p>\n<p><strong>Estrategia de Transici\u00f3n Energ\u00e9tica y Cambio Clim\u00e1tico<\/strong><\/p>\n<p>Estas l\u00edneas de trabajo se enmarcan en la Estrategia Go Green y en la Estrategia de Transici\u00f3n Energ\u00e9tica y Cambio Clim\u00e1tico 2030 (ETEyCC 2030) de Pamplona. El Ayuntamiento considera la transici\u00f3n energ\u00e9tica y la adaptaci\u00f3n al cambio clim\u00e1tico como una oportunidad para construir una mejor ciudad. La Estrategia de Transici\u00f3n Energ\u00e9ticas y Cambio Clim\u00e1tico 2030 costa de 5 objetivos y 24 l\u00edneas de acci\u00f3n.<\/p>\n<p>Los objetivos estrat\u00e9gicos apuestan por rehabilitar y renaturalizar el entorno urbano; por descarbonizar el modelo energ\u00e9tico local; por implementar un modelo de movilidad saludable, eficiente y sostenible; por disponer de unos servicios municipales sostenible, preparados, activos y responsables; y por instaurar una cultura clim\u00e1tica en la sociedad de Pamplona.<\/p>\n","protected":false},"excerpt":{"rendered":"<p>Los proyectos presentados generar\u00e1n un ahorro en la compra de energ\u00eda superior a un mill\u00f3n de euros<\/p>\n","protected":false},"author":1,"featured_media":38138,"comment_status":"open","ping_status":"closed","sticky":false,"template":"","format":"standard","meta":{"footnotes":""},"categories":[2],"tags":[],"class_list":["post-39194","post","type-post","status-publish","format-standard","has-post-thumbnail","hentry","category-ayuntamiento-pamplona"],"yoast_head":"<!-- This site is optimized with the Yoast SEO plugin v27.3 - https:\/\/yoast.com\/product\/yoast-seo-wordpress\/ -->\n<title>Pamplona multiplicar\u00e1 por ocho la potencia acumulada por las instalaciones fotovoltaicas municipales de autoconsumo en los pr\u00f3ximos a\u00f1os<\/title>\n<meta name=\"description\" content=\"Los proyectos presentados generar\u00e1n un ahorro en la compra de energ\u00eda superior a un mill\u00f3n de euros\" \/>\n<meta name=\"robots\" content=\"index, follow, max-snippet:-1, max-image-preview:large, max-video-preview:-1\" \/>\n<link rel=\"canonical\" href=\"https:\/\/www.laguiadepamplona.com\/actualidad\/pamplona-multiplicara-por-ocho-la-potencia-acumulada-por-las-instalaciones-fotovoltaicas-municipales-de-autoconsumo-en-los-proximos-anos\/\" \/>\n<meta property=\"og:locale\" content=\"es_ES\" \/>\n<meta property=\"og:type\" content=\"article\" \/>\n<meta property=\"og:title\" content=\"Pamplona multiplicar\u00e1 por ocho la potencia acumulada por las instalaciones fotovoltaicas municipales de autoconsumo en los pr\u00f3ximos a\u00f1os\" \/>\n<meta property=\"og:description\" content=\"Los proyectos presentados generar\u00e1n un ahorro en la compra de energ\u00eda superior a un mill\u00f3n de euros\" \/>\n<meta property=\"og:url\" content=\"https:\/\/www.laguiadepamplona.com\/actualidad\/pamplona-multiplicara-por-ocho-la-potencia-acumulada-por-las-instalaciones-fotovoltaicas-municipales-de-autoconsumo-en-los-proximos-anos\/\" \/>\n<meta property=\"og:site_name\" content=\"La Gu\u00eda de Pamplona\" \/>\n<meta property=\"article:publisher\" content=\"https:\/\/www.facebook.com\/laguiadepamplonacom-133175176762273\/?ref=hl\" \/>\n<meta property=\"article:published_time\" content=\"2022-03-04T11:59:57+00:00\" \/>\n<meta property=\"article:modified_time\" content=\"2023-04-11T09:48:27+00:00\" \/>\n<meta property=\"og:image\" content=\"https:\/\/www.laguiadepamplona.com\/actualidad\/wp-content\/uploads\/2021\/12\/energia-fotovoltaica.jpg\" \/>\n\t<meta property=\"og:image:width\" content=\"870\" \/>\n\t<meta property=\"og:image:height\" content=\"593\" \/>\n\t<meta property=\"og:image:type\" content=\"image\/jpeg\" \/>\n<meta name=\"author\" content=\"La Gu\u00eda de Pamplona\" \/>\n<meta name=\"twitter:card\" content=\"summary_large_image\" \/>\n<meta name=\"twitter:creator\" content=\"@LaGuiadPamplona\" \/>\n<meta name=\"twitter:site\" content=\"@LaGuiadPamplona\" \/>\n<meta name=\"twitter:label1\" content=\"Escrito por\" \/>\n\t<meta name=\"twitter:data1\" content=\"La Gu\u00eda de Pamplona\" \/>\n\t<meta name=\"twitter:label2\" content=\"Tiempo de lectura\" \/>\n\t<meta name=\"twitter:data2\" content=\"7 minutos\" \/>\n<script type=\"application\/ld+json\" class=\"yoast-schema-graph\">{\"@context\":\"https:\\\/\\\/schema.org\",\"@graph\":[{\"@type\":\"Article\",\"@id\":\"https:\\\/\\\/www.laguiadepamplona.com\\\/actualidad\\\/pamplona-multiplicara-por-ocho-la-potencia-acumulada-por-las-instalaciones-fotovoltaicas-municipales-de-autoconsumo-en-los-proximos-anos\\\/#article\",\"isPartOf\":{\"@id\":\"https:\\\/\\\/www.laguiadepamplona.com\\\/actualidad\\\/pamplona-multiplicara-por-ocho-la-potencia-acumulada-por-las-instalaciones-fotovoltaicas-municipales-de-autoconsumo-en-los-proximos-anos\\\/\"},\"author\":{\"name\":\"La Gu\u00eda de Pamplona\",\"@id\":\"https:\\\/\\\/www.laguiadepamplona.com\\\/actualidad\\\/#\\\/schema\\\/person\\\/efe887376f0213d4657c93adc50b1fdb\"},\"headline\":\"Pamplona multiplicar\u00e1 por ocho la potencia acumulada por las instalaciones fotovoltaicas municipales de autoconsumo en los pr\u00f3ximos a\u00f1os\",\"datePublished\":\"2022-03-04T11:59:57+00:00\",\"dateModified\":\"2023-04-11T09:48:27+00:00\",\"mainEntityOfPage\":{\"@id\":\"https:\\\/\\\/www.laguiadepamplona.com\\\/actualidad\\\/pamplona-multiplicara-por-ocho-la-potencia-acumulada-por-las-instalaciones-fotovoltaicas-municipales-de-autoconsumo-en-los-proximos-anos\\\/\"},\"wordCount\":1600,\"commentCount\":0,\"publisher\":{\"@id\":\"https:\\\/\\\/www.laguiadepamplona.com\\\/actualidad\\\/#organization\"},\"image\":{\"@id\":\"https:\\\/\\\/www.laguiadepamplona.com\\\/actualidad\\\/pamplona-multiplicara-por-ocho-la-potencia-acumulada-por-las-instalaciones-fotovoltaicas-municipales-de-autoconsumo-en-los-proximos-anos\\\/#primaryimage\"},\"thumbnailUrl\":\"https:\\\/\\\/www.laguiadepamplona.com\\\/actualidad\\\/wp-content\\\/uploads\\\/2021\\\/12\\\/energia-fotovoltaica.jpg\",\"articleSection\":[\"Ayto Pamplona\"],\"inLanguage\":\"es\",\"potentialAction\":[{\"@type\":\"CommentAction\",\"name\":\"Comment\",\"target\":[\"https:\\\/\\\/www.laguiadepamplona.com\\\/actualidad\\\/pamplona-multiplicara-por-ocho-la-potencia-acumulada-por-las-instalaciones-fotovoltaicas-municipales-de-autoconsumo-en-los-proximos-anos\\\/#respond\"]}]},{\"@type\":\"WebPage\",\"@id\":\"https:\\\/\\\/www.laguiadepamplona.com\\\/actualidad\\\/pamplona-multiplicara-por-ocho-la-potencia-acumulada-por-las-instalaciones-fotovoltaicas-municipales-de-autoconsumo-en-los-proximos-anos\\\/\",\"url\":\"https:\\\/\\\/www.laguiadepamplona.com\\\/actualidad\\\/pamplona-multiplicara-por-ocho-la-potencia-acumulada-por-las-instalaciones-fotovoltaicas-municipales-de-autoconsumo-en-los-proximos-anos\\\/\",\"name\":\"Pamplona multiplicar\u00e1 por ocho la potencia acumulada por las instalaciones fotovoltaicas municipales de autoconsumo en los pr\u00f3ximos a\u00f1os\",\"isPartOf\":{\"@id\":\"https:\\\/\\\/www.laguiadepamplona.com\\\/actualidad\\\/#website\"},\"primaryImageOfPage\":{\"@id\":\"https:\\\/\\\/www.laguiadepamplona.com\\\/actualidad\\\/pamplona-multiplicara-por-ocho-la-potencia-acumulada-por-las-instalaciones-fotovoltaicas-municipales-de-autoconsumo-en-los-proximos-anos\\\/#primaryimage\"},\"image\":{\"@id\":\"https:\\\/\\\/www.laguiadepamplona.com\\\/actualidad\\\/pamplona-multiplicara-por-ocho-la-potencia-acumulada-por-las-instalaciones-fotovoltaicas-municipales-de-autoconsumo-en-los-proximos-anos\\\/#primaryimage\"},\"thumbnailUrl\":\"https:\\\/\\\/www.laguiadepamplona.com\\\/actualidad\\\/wp-content\\\/uploads\\\/2021\\\/12\\\/energia-fotovoltaica.jpg\",\"datePublished\":\"2022-03-04T11:59:57+00:00\",\"dateModified\":\"2023-04-11T09:48:27+00:00\",\"description\":\"Los proyectos presentados generar\u00e1n un ahorro en la compra de energ\u00eda superior a un mill\u00f3n de euros\",\"breadcrumb\":{\"@id\":\"https:\\\/\\\/www.laguiadepamplona.com\\\/actualidad\\\/pamplona-multiplicara-por-ocho-la-potencia-acumulada-por-las-instalaciones-fotovoltaicas-municipales-de-autoconsumo-en-los-proximos-anos\\\/#breadcrumb\"},\"inLanguage\":\"es\",\"potentialAction\":[{\"@type\":\"ReadAction\",\"target\":[\"https:\\\/\\\/www.laguiadepamplona.com\\\/actualidad\\\/pamplona-multiplicara-por-ocho-la-potencia-acumulada-por-las-instalaciones-fotovoltaicas-municipales-de-autoconsumo-en-los-proximos-anos\\\/\"]}]},{\"@type\":\"ImageObject\",\"inLanguage\":\"es\",\"@id\":\"https:\\\/\\\/www.laguiadepamplona.com\\\/actualidad\\\/pamplona-multiplicara-por-ocho-la-potencia-acumulada-por-las-instalaciones-fotovoltaicas-municipales-de-autoconsumo-en-los-proximos-anos\\\/#primaryimage\",\"url\":\"https:\\\/\\\/www.laguiadepamplona.com\\\/actualidad\\\/wp-content\\\/uploads\\\/2021\\\/12\\\/energia-fotovoltaica.jpg\",\"contentUrl\":\"https:\\\/\\\/www.laguiadepamplona.com\\\/actualidad\\\/wp-content\\\/uploads\\\/2021\\\/12\\\/energia-fotovoltaica.jpg\",\"width\":870,\"height\":593},{\"@type\":\"BreadcrumbList\",\"@id\":\"https:\\\/\\\/www.laguiadepamplona.com\\\/actualidad\\\/pamplona-multiplicara-por-ocho-la-potencia-acumulada-por-las-instalaciones-fotovoltaicas-municipales-de-autoconsumo-en-los-proximos-anos\\\/#breadcrumb\",\"itemListElement\":[{\"@type\":\"ListItem\",\"position\":1,\"name\":\"Portada\",\"item\":\"https:\\\/\\\/www.laguiadepamplona.com\\\/actualidad\\\/\"},{\"@type\":\"ListItem\",\"position\":2,\"name\":\"Pamplona multiplicar\u00e1 por ocho la potencia acumulada por las instalaciones fotovoltaicas municipales de autoconsumo en los pr\u00f3ximos a\u00f1os\"}]},{\"@type\":\"WebSite\",\"@id\":\"https:\\\/\\\/www.laguiadepamplona.com\\\/actualidad\\\/#website\",\"url\":\"https:\\\/\\\/www.laguiadepamplona.com\\\/actualidad\\\/\",\"name\":\"La gu\u00eda de Pamplona\",\"description\":\"Noticias de Pamplona\",\"publisher\":{\"@id\":\"https:\\\/\\\/www.laguiadepamplona.com\\\/actualidad\\\/#organization\"},\"potentialAction\":[{\"@type\":\"SearchAction\",\"target\":{\"@type\":\"EntryPoint\",\"urlTemplate\":\"https:\\\/\\\/www.laguiadepamplona.com\\\/actualidad\\\/?s={search_term_string}\"},\"query-input\":{\"@type\":\"PropertyValueSpecification\",\"valueRequired\":true,\"valueName\":\"search_term_string\"}}],\"inLanguage\":\"es\"},{\"@type\":\"Organization\",\"@id\":\"https:\\\/\\\/www.laguiadepamplona.com\\\/actualidad\\\/#organization\",\"name\":\"La Gu\u00eda de Pamplona \\\/ Noticias\",\"url\":\"https:\\\/\\\/www.laguiadepamplona.com\\\/actualidad\\\/\",\"logo\":{\"@type\":\"ImageObject\",\"inLanguage\":\"es\",\"@id\":\"https:\\\/\\\/www.laguiadepamplona.com\\\/actualidad\\\/#\\\/schema\\\/logo\\\/image\\\/\",\"url\":\"https:\\\/\\\/www.laguiadepamplona.com\\\/actualidad\\\/wp-content\\\/uploads\\\/2018\\\/11\\\/logo-laguiadepamplona18-web1.png\",\"contentUrl\":\"https:\\\/\\\/www.laguiadepamplona.com\\\/actualidad\\\/wp-content\\\/uploads\\\/2018\\\/11\\\/logo-laguiadepamplona18-web1.png\",\"width\":600,\"height\":196,\"caption\":\"La Gu\u00eda de Pamplona \\\/ Noticias\"},\"image\":{\"@id\":\"https:\\\/\\\/www.laguiadepamplona.com\\\/actualidad\\\/#\\\/schema\\\/logo\\\/image\\\/\"},\"sameAs\":[\"https:\\\/\\\/www.facebook.com\\\/laguiadepamplonacom-133175176762273\\\/?ref=hl\",\"https:\\\/\\\/x.com\\\/LaGuiadPamplona\",\"https:\\\/\\\/www.instagram.com\\\/la_guia_de_pamplona\\\/\",\"https:\\\/\\\/www.youtube.com\\\/user\\\/laguiadepamplona\"]},{\"@type\":\"Person\",\"@id\":\"https:\\\/\\\/www.laguiadepamplona.com\\\/actualidad\\\/#\\\/schema\\\/person\\\/efe887376f0213d4657c93adc50b1fdb\",\"name\":\"La Gu\u00eda de Pamplona\",\"image\":{\"@type\":\"ImageObject\",\"inLanguage\":\"es\",\"@id\":\"https:\\\/\\\/secure.gravatar.com\\\/avatar\\\/b6992f131dc8d30ab0dff15446e9d346d9dbd95992de0fef795073f5ea83a81c?s=96&d=mm&r=g\",\"url\":\"https:\\\/\\\/secure.gravatar.com\\\/avatar\\\/b6992f131dc8d30ab0dff15446e9d346d9dbd95992de0fef795073f5ea83a81c?s=96&d=mm&r=g\",\"contentUrl\":\"https:\\\/\\\/secure.gravatar.com\\\/avatar\\\/b6992f131dc8d30ab0dff15446e9d346d9dbd95992de0fef795073f5ea83a81c?s=96&d=mm&r=g\",\"caption\":\"La Gu\u00eda de Pamplona\"}}]}<\/script>\n<!-- \/ Yoast SEO plugin. -->","yoast_head_json":{"title":"Pamplona multiplicar\u00e1 por ocho la potencia acumulada por las instalaciones fotovoltaicas municipales de autoconsumo en los pr\u00f3ximos a\u00f1os","description":"Los proyectos presentados generar\u00e1n un ahorro en la compra de energ\u00eda superior a un mill\u00f3n de euros","robots":{"index":"index","follow":"follow","max-snippet":"max-snippet:-1","max-image-preview":"max-image-preview:large","max-video-preview":"max-video-preview:-1"},"canonical":"https:\/\/www.laguiadepamplona.com\/actualidad\/pamplona-multiplicara-por-ocho-la-potencia-acumulada-por-las-instalaciones-fotovoltaicas-municipales-de-autoconsumo-en-los-proximos-anos\/","og_locale":"es_ES","og_type":"article","og_title":"Pamplona multiplicar\u00e1 por ocho la potencia acumulada por las instalaciones fotovoltaicas municipales de autoconsumo en los pr\u00f3ximos a\u00f1os","og_description":"Los proyectos presentados generar\u00e1n un ahorro en la compra de energ\u00eda superior a un mill\u00f3n de euros","og_url":"https:\/\/www.laguiadepamplona.com\/actualidad\/pamplona-multiplicara-por-ocho-la-potencia-acumulada-por-las-instalaciones-fotovoltaicas-municipales-de-autoconsumo-en-los-proximos-anos\/","og_site_name":"La Gu\u00eda de Pamplona","article_publisher":"https:\/\/www.facebook.com\/laguiadepamplonacom-133175176762273\/?ref=hl","article_published_time":"2022-03-04T11:59:57+00:00","article_modified_time":"2023-04-11T09:48:27+00:00","og_image":[{"width":870,"height":593,"url":"https:\/\/www.laguiadepamplona.com\/actualidad\/wp-content\/uploads\/2021\/12\/energia-fotovoltaica.jpg","type":"image\/jpeg"}],"author":"La Gu\u00eda de Pamplona","twitter_card":"summary_large_image","twitter_creator":"@LaGuiadPamplona","twitter_site":"@LaGuiadPamplona","twitter_misc":{"Escrito por":"La Gu\u00eda de Pamplona","Tiempo de lectura":"7 minutos"},"schema":{"@context":"https:\/\/schema.org","@graph":[{"@type":"Article","@id":"https:\/\/www.laguiadepamplona.com\/actualidad\/pamplona-multiplicara-por-ocho-la-potencia-acumulada-por-las-instalaciones-fotovoltaicas-municipales-de-autoconsumo-en-los-proximos-anos\/#article","isPartOf":{"@id":"https:\/\/www.laguiadepamplona.com\/actualidad\/pamplona-multiplicara-por-ocho-la-potencia-acumulada-por-las-instalaciones-fotovoltaicas-municipales-de-autoconsumo-en-los-proximos-anos\/"},"author":{"name":"La Gu\u00eda de Pamplona","@id":"https:\/\/www.laguiadepamplona.com\/actualidad\/#\/schema\/person\/efe887376f0213d4657c93adc50b1fdb"},"headline":"Pamplona multiplicar\u00e1 por ocho la potencia acumulada por las instalaciones fotovoltaicas municipales de autoconsumo en los pr\u00f3ximos a\u00f1os","datePublished":"2022-03-04T11:59:57+00:00","dateModified":"2023-04-11T09:48:27+00:00","mainEntityOfPage":{"@id":"https:\/\/www.laguiadepamplona.com\/actualidad\/pamplona-multiplicara-por-ocho-la-potencia-acumulada-por-las-instalaciones-fotovoltaicas-municipales-de-autoconsumo-en-los-proximos-anos\/"},"wordCount":1600,"commentCount":0,"publisher":{"@id":"https:\/\/www.laguiadepamplona.com\/actualidad\/#organization"},"image":{"@id":"https:\/\/www.laguiadepamplona.com\/actualidad\/pamplona-multiplicara-por-ocho-la-potencia-acumulada-por-las-instalaciones-fotovoltaicas-municipales-de-autoconsumo-en-los-proximos-anos\/#primaryimage"},"thumbnailUrl":"https:\/\/www.laguiadepamplona.com\/actualidad\/wp-content\/uploads\/2021\/12\/energia-fotovoltaica.jpg","articleSection":["Ayto Pamplona"],"inLanguage":"es","potentialAction":[{"@type":"CommentAction","name":"Comment","target":["https:\/\/www.laguiadepamplona.com\/actualidad\/pamplona-multiplicara-por-ocho-la-potencia-acumulada-por-las-instalaciones-fotovoltaicas-municipales-de-autoconsumo-en-los-proximos-anos\/#respond"]}]},{"@type":"WebPage","@id":"https:\/\/www.laguiadepamplona.com\/actualidad\/pamplona-multiplicara-por-ocho-la-potencia-acumulada-por-las-instalaciones-fotovoltaicas-municipales-de-autoconsumo-en-los-proximos-anos\/","url":"https:\/\/www.laguiadepamplona.com\/actualidad\/pamplona-multiplicara-por-ocho-la-potencia-acumulada-por-las-instalaciones-fotovoltaicas-municipales-de-autoconsumo-en-los-proximos-anos\/","name":"Pamplona multiplicar\u00e1 por ocho la potencia acumulada por las instalaciones fotovoltaicas municipales de autoconsumo en los pr\u00f3ximos a\u00f1os","isPartOf":{"@id":"https:\/\/www.laguiadepamplona.com\/actualidad\/#website"},"primaryImageOfPage":{"@id":"https:\/\/www.laguiadepamplona.com\/actualidad\/pamplona-multiplicara-por-ocho-la-potencia-acumulada-por-las-instalaciones-fotovoltaicas-municipales-de-autoconsumo-en-los-proximos-anos\/#primaryimage"},"image":{"@id":"https:\/\/www.laguiadepamplona.com\/actualidad\/pamplona-multiplicara-por-ocho-la-potencia-acumulada-por-las-instalaciones-fotovoltaicas-municipales-de-autoconsumo-en-los-proximos-anos\/#primaryimage"},"thumbnailUrl":"https:\/\/www.laguiadepamplona.com\/actualidad\/wp-content\/uploads\/2021\/12\/energia-fotovoltaica.jpg","datePublished":"2022-03-04T11:59:57+00:00","dateModified":"2023-04-11T09:48:27+00:00","description":"Los proyectos presentados generar\u00e1n un ahorro en la compra de energ\u00eda superior a un mill\u00f3n de euros","breadcrumb":{"@id":"https:\/\/www.laguiadepamplona.com\/actualidad\/pamplona-multiplicara-por-ocho-la-potencia-acumulada-por-las-instalaciones-fotovoltaicas-municipales-de-autoconsumo-en-los-proximos-anos\/#breadcrumb"},"inLanguage":"es","potentialAction":[{"@type":"ReadAction","target":["https:\/\/www.laguiadepamplona.com\/actualidad\/pamplona-multiplicara-por-ocho-la-potencia-acumulada-por-las-instalaciones-fotovoltaicas-municipales-de-autoconsumo-en-los-proximos-anos\/"]}]},{"@type":"ImageObject","inLanguage":"es","@id":"https:\/\/www.laguiadepamplona.com\/actualidad\/pamplona-multiplicara-por-ocho-la-potencia-acumulada-por-las-instalaciones-fotovoltaicas-municipales-de-autoconsumo-en-los-proximos-anos\/#primaryimage","url":"https:\/\/www.laguiadepamplona.com\/actualidad\/wp-content\/uploads\/2021\/12\/energia-fotovoltaica.jpg","contentUrl":"https:\/\/www.laguiadepamplona.com\/actualidad\/wp-content\/uploads\/2021\/12\/energia-fotovoltaica.jpg","width":870,"height":593},{"@type":"BreadcrumbList","@id":"https:\/\/www.laguiadepamplona.com\/actualidad\/pamplona-multiplicara-por-ocho-la-potencia-acumulada-por-las-instalaciones-fotovoltaicas-municipales-de-autoconsumo-en-los-proximos-anos\/#breadcrumb","itemListElement":[{"@type":"ListItem","position":1,"name":"Portada","item":"https:\/\/www.laguiadepamplona.com\/actualidad\/"},{"@type":"ListItem","position":2,"name":"Pamplona multiplicar\u00e1 por ocho la potencia acumulada por las instalaciones fotovoltaicas municipales de autoconsumo en los pr\u00f3ximos a\u00f1os"}]},{"@type":"WebSite","@id":"https:\/\/www.laguiadepamplona.com\/actualidad\/#website","url":"https:\/\/www.laguiadepamplona.com\/actualidad\/","name":"La gu\u00eda de Pamplona","description":"Noticias de Pamplona","publisher":{"@id":"https:\/\/www.laguiadepamplona.com\/actualidad\/#organization"},"potentialAction":[{"@type":"SearchAction","target":{"@type":"EntryPoint","urlTemplate":"https:\/\/www.laguiadepamplona.com\/actualidad\/?s={search_term_string}"},"query-input":{"@type":"PropertyValueSpecification","valueRequired":true,"valueName":"search_term_string"}}],"inLanguage":"es"},{"@type":"Organization","@id":"https:\/\/www.laguiadepamplona.com\/actualidad\/#organization","name":"La Gu\u00eda de Pamplona \/ Noticias","url":"https:\/\/www.laguiadepamplona.com\/actualidad\/","logo":{"@type":"ImageObject","inLanguage":"es","@id":"https:\/\/www.laguiadepamplona.com\/actualidad\/#\/schema\/logo\/image\/","url":"https:\/\/www.laguiadepamplona.com\/actualidad\/wp-content\/uploads\/2018\/11\/logo-laguiadepamplona18-web1.png","contentUrl":"https:\/\/www.laguiadepamplona.com\/actualidad\/wp-content\/uploads\/2018\/11\/logo-laguiadepamplona18-web1.png","width":600,"height":196,"caption":"La Gu\u00eda de Pamplona \/ Noticias"},"image":{"@id":"https:\/\/www.laguiadepamplona.com\/actualidad\/#\/schema\/logo\/image\/"},"sameAs":["https:\/\/www.facebook.com\/laguiadepamplonacom-133175176762273\/?ref=hl","https:\/\/x.com\/LaGuiadPamplona","https:\/\/www.instagram.com\/la_guia_de_pamplona\/","https:\/\/www.youtube.com\/user\/laguiadepamplona"]},{"@type":"Person","@id":"https:\/\/www.laguiadepamplona.com\/actualidad\/#\/schema\/person\/efe887376f0213d4657c93adc50b1fdb","name":"La Gu\u00eda de Pamplona","image":{"@type":"ImageObject","inLanguage":"es","@id":"https:\/\/secure.gravatar.com\/avatar\/b6992f131dc8d30ab0dff15446e9d346d9dbd95992de0fef795073f5ea83a81c?s=96&d=mm&r=g","url":"https:\/\/secure.gravatar.com\/avatar\/b6992f131dc8d30ab0dff15446e9d346d9dbd95992de0fef795073f5ea83a81c?s=96&d=mm&r=g","contentUrl":"https:\/\/secure.gravatar.com\/avatar\/b6992f131dc8d30ab0dff15446e9d346d9dbd95992de0fef795073f5ea83a81c?s=96&d=mm&r=g","caption":"La Gu\u00eda de Pamplona"}}]}},"post_mailing_queue_ids":[],"_links":{"self":[{"href":"https:\/\/www.laguiadepamplona.com\/actualidad\/wp-json\/wp\/v2\/posts\/39194","targetHints":{"allow":["GET"]}}],"collection":[{"href":"https:\/\/www.laguiadepamplona.com\/actualidad\/wp-json\/wp\/v2\/posts"}],"about":[{"href":"https:\/\/www.laguiadepamplona.com\/actualidad\/wp-json\/wp\/v2\/types\/post"}],"author":[{"embeddable":true,"href":"https:\/\/www.laguiadepamplona.com\/actualidad\/wp-json\/wp\/v2\/users\/1"}],"replies":[{"embeddable":true,"href":"https:\/\/www.laguiadepamplona.com\/actualidad\/wp-json\/wp\/v2\/comments?post=39194"}],"version-history":[{"count":0,"href":"https:\/\/www.laguiadepamplona.com\/actualidad\/wp-json\/wp\/v2\/posts\/39194\/revisions"}],"wp:featuredmedia":[{"embeddable":true,"href":"https:\/\/www.laguiadepamplona.com\/actualidad\/wp-json\/wp\/v2\/media\/38138"}],"wp:attachment":[{"href":"https:\/\/www.laguiadepamplona.com\/actualidad\/wp-json\/wp\/v2\/media?parent=39194"}],"wp:term":[{"taxonomy":"category","embeddable":true,"href":"https:\/\/www.laguiadepamplona.com\/actualidad\/wp-json\/wp\/v2\/categories?post=39194"},{"taxonomy":"post_tag","embeddable":true,"href":"https:\/\/www.laguiadepamplona.com\/actualidad\/wp-json\/wp\/v2\/tags?post=39194"}],"curies":[{"name":"wp","href":"https:\/\/api.w.org\/{rel}","templated":true}]}}