{"id":39141,"date":"2022-03-03T18:10:31","date_gmt":"2022-03-03T16:10:31","guid":{"rendered":"https:\/\/www.laguiadepamplona.com\/actualidad\/?p=39141"},"modified":"2023-04-11T11:48:27","modified_gmt":"2023-04-11T09:48:27","slug":"policia-municipal-recomienda-a-quienes-realicen-las-javieradas-este-fin-de-semana-y-el-que-viene-que-salgan-de-la-ciudad-por-las-calles-sadar-y-tajonar","status":"publish","type":"post","link":"https:\/\/www.laguiadepamplona.com\/actualidad\/policia-municipal-recomienda-a-quienes-realicen-las-javieradas-este-fin-de-semana-y-el-que-viene-que-salgan-de-la-ciudad-por-las-calles-sadar-y-tajonar\/","title":{"rendered":"Polic\u00eda Municipal recomienda a quienes realicen las Javieradas este fin de semana y el que viene que salgan de la ciudad por las calles Sadar y Tajonar"},"content":{"rendered":"<h5>Se limitar\u00e1 la velocidad a 20 km\/h en el tramo de la calle Tajonar, entre El Sario y el t\u00e9rmino municipal de Mutilva<\/h5>\n<p><!--more--><\/p>\n<p>La Polic\u00eda Municipal de Pamplona recomienda la salida de la ciudad por las calles Sadar y Tajonar para todas aquellas personas que vayan a realizar las Javieradas en estos dos pr\u00f3ximos fines de semana. Se trata de esta forma de evitar v\u00edas con mayor intensidad de tr\u00e1fico como la salida por la PA \u2013 31 hacia No\u00e1in. El tr\u00e1nsito peatonal se orientar\u00e1 desde el final de la avenida de Zaragoza a la calle Sadar para continuar desde all\u00ed hasta El Sario y el pol\u00edgono de Mutilva.<br \/>\n<script async src=\"\/\/pagead2.googlesyndication.com\/pagead\/js\/adsbygoogle.js\"><\/script><br \/>\n<!-- Noticias La Guia de Pamplona --><br \/>\n<ins class=\"adsbygoogle\"\nstyle=\"display:block\"\ndata-ad-client=\"ca-pub-6943679897239327\"\ndata-ad-slot=\"7048180777\"\ndata-ad-format=\"auto\"><\/ins><br \/>\n<script>\n(adsbygoogle = window.adsbygoogle || []).push({});\n<\/script><\/p>\n<p>En ese tramo de la calle Tajonar, comprendido entre El Sario y Mutilva, se limitar\u00e1 a 20 kil\u00f3metros por hora la velocidad de circulaci\u00f3n de los veh\u00edculos. Desde ese punto, a trav\u00e9s del pol\u00edgono industrial de Tajonar, se llega a las huertas de ocio El Mirador, en el paraje de Loitegui, ya en No\u00e1in. Ser\u00e1 el momento, entonces, de enlazar con el camino tradicional por la NA-2420 (antigua N-240).<\/p>\n<p>La Polic\u00eda Municipal insiste en extremar la precauci\u00f3n por la cantidad de personas que habitualmente participan en las Javieradas. Este pr\u00f3ximo fin de semana la salida de los peregrinos se producir\u00e1 de forma m\u00e1s escalonada, abarcando pr\u00e1cticamente toda la ma\u00f1ana, e incluso la tarde y la noche. La semana que viene la peregrinaci\u00f3n se concentra el s\u00e1bado, con la salida desde Pamplona de madrugada o a primeras horas de la ma\u00f1ana. Para quienes realicen las Javieradas, se recomienda que se provean de linternas, reflectantes u otros elementos que les ubiquen y les hagan visibles para evitar riesgos y, en todo caso, sigan siempre las instrucciones de los agentes de polic\u00eda y de la se\u00f1al\u00e9tica instalada<em>.<\/em><\/p>\n","protected":false},"excerpt":{"rendered":"<p>Se limitar\u00e1 la velocidad a 20 km\/h en el tramo de la calle Tajonar, entre El Sario y el t\u00e9rmino municipal de Mutilva<\/p>\n","protected":false},"author":1,"featured_media":39142,"comment_status":"open","ping_status":"closed","sticky":false,"template":"","format":"standard","meta":{"footnotes":""},"categories":[2],"tags":[],"class_list":["post-39141","post","type-post","status-publish","format-standard","has-post-thumbnail","hentry","category-ayuntamiento-pamplona"],"yoast_head":"<!-- This site is optimized with the Yoast SEO plugin v27.3 - https:\/\/yoast.com\/product\/yoast-seo-wordpress\/ -->\n<title>Polic\u00eda Municipal recomienda a quienes realicen las Javieradas este fin de semana y el que viene que salgan de la ciudad por las calles Sadar y Tajonar<\/title>\n<meta name=\"description\" content=\"Se limitar\u00e1 la velocidad a 20 km\/h en el tramo de la calle Tajonar, entre El Sario y el t\u00e9rmino municipal de Mutilva\" \/>\n<meta name=\"robots\" content=\"index, follow, max-snippet:-1, max-image-preview:large, max-video-preview:-1\" \/>\n<link rel=\"canonical\" href=\"https:\/\/www.laguiadepamplona.com\/actualidad\/policia-municipal-recomienda-a-quienes-realicen-las-javieradas-este-fin-de-semana-y-el-que-viene-que-salgan-de-la-ciudad-por-las-calles-sadar-y-tajonar\/\" \/>\n<meta property=\"og:locale\" content=\"es_ES\" \/>\n<meta property=\"og:type\" content=\"article\" \/>\n<meta property=\"og:title\" content=\"Polic\u00eda Municipal recomienda a quienes realicen las Javieradas este fin de semana y el que viene que salgan de la ciudad por las calles Sadar y Tajonar\" \/>\n<meta property=\"og:description\" content=\"Se limitar\u00e1 la velocidad a 20 km\/h en el tramo de la calle Tajonar, entre El Sario y el t\u00e9rmino municipal de Mutilva\" \/>\n<meta property=\"og:url\" content=\"https:\/\/www.laguiadepamplona.com\/actualidad\/policia-municipal-recomienda-a-quienes-realicen-las-javieradas-este-fin-de-semana-y-el-que-viene-que-salgan-de-la-ciudad-por-las-calles-sadar-y-tajonar\/\" \/>\n<meta property=\"og:site_name\" content=\"La Gu\u00eda de Pamplona\" \/>\n<meta property=\"article:publisher\" content=\"https:\/\/www.facebook.com\/laguiadepamplonacom-133175176762273\/?ref=hl\" \/>\n<meta property=\"article:published_time\" content=\"2022-03-03T16:10:31+00:00\" \/>\n<meta property=\"article:modified_time\" content=\"2023-04-11T09:48:27+00:00\" \/>\n<meta property=\"og:image\" content=\"https:\/\/www.laguiadepamplona.com\/actualidad\/wp-content\/uploads\/2022\/03\/castillo-de-javier-web.jpg\" \/>\n\t<meta property=\"og:image:width\" content=\"1772\" \/>\n\t<meta property=\"og:image:height\" content=\"1181\" \/>\n\t<meta property=\"og:image:type\" content=\"image\/jpeg\" \/>\n<meta name=\"author\" content=\"La Gu\u00eda de Pamplona\" \/>\n<meta name=\"twitter:card\" content=\"summary_large_image\" \/>\n<meta name=\"twitter:creator\" content=\"@LaGuiadPamplona\" \/>\n<meta name=\"twitter:site\" content=\"@LaGuiadPamplona\" \/>\n<meta name=\"twitter:label1\" content=\"Escrito por\" \/>\n\t<meta name=\"twitter:data1\" content=\"La Gu\u00eda de Pamplona\" \/>\n\t<meta name=\"twitter:label2\" content=\"Tiempo de lectura\" \/>\n\t<meta name=\"twitter:data2\" content=\"2 minutos\" \/>\n<script type=\"application\/ld+json\" class=\"yoast-schema-graph\">{\"@context\":\"https:\\\/\\\/schema.org\",\"@graph\":[{\"@type\":\"Article\",\"@id\":\"https:\\\/\\\/www.laguiadepamplona.com\\\/actualidad\\\/policia-municipal-recomienda-a-quienes-realicen-las-javieradas-este-fin-de-semana-y-el-que-viene-que-salgan-de-la-ciudad-por-las-calles-sadar-y-tajonar\\\/#article\",\"isPartOf\":{\"@id\":\"https:\\\/\\\/www.laguiadepamplona.com\\\/actualidad\\\/policia-municipal-recomienda-a-quienes-realicen-las-javieradas-este-fin-de-semana-y-el-que-viene-que-salgan-de-la-ciudad-por-las-calles-sadar-y-tajonar\\\/\"},\"author\":{\"name\":\"La Gu\u00eda de Pamplona\",\"@id\":\"https:\\\/\\\/www.laguiadepamplona.com\\\/actualidad\\\/#\\\/schema\\\/person\\\/efe887376f0213d4657c93adc50b1fdb\"},\"headline\":\"Polic\u00eda Municipal recomienda a quienes realicen las Javieradas este fin de semana y el que viene que salgan de la ciudad por las calles Sadar y Tajonar\",\"datePublished\":\"2022-03-03T16:10:31+00:00\",\"dateModified\":\"2023-04-11T09:48:27+00:00\",\"mainEntityOfPage\":{\"@id\":\"https:\\\/\\\/www.laguiadepamplona.com\\\/actualidad\\\/policia-municipal-recomienda-a-quienes-realicen-las-javieradas-este-fin-de-semana-y-el-que-viene-que-salgan-de-la-ciudad-por-las-calles-sadar-y-tajonar\\\/\"},\"wordCount\":344,\"commentCount\":0,\"publisher\":{\"@id\":\"https:\\\/\\\/www.laguiadepamplona.com\\\/actualidad\\\/#organization\"},\"image\":{\"@id\":\"https:\\\/\\\/www.laguiadepamplona.com\\\/actualidad\\\/policia-municipal-recomienda-a-quienes-realicen-las-javieradas-este-fin-de-semana-y-el-que-viene-que-salgan-de-la-ciudad-por-las-calles-sadar-y-tajonar\\\/#primaryimage\"},\"thumbnailUrl\":\"https:\\\/\\\/www.laguiadepamplona.com\\\/actualidad\\\/wp-content\\\/uploads\\\/2022\\\/03\\\/castillo-de-javier-web.jpg\",\"articleSection\":[\"Ayto Pamplona\"],\"inLanguage\":\"es\",\"potentialAction\":[{\"@type\":\"CommentAction\",\"name\":\"Comment\",\"target\":[\"https:\\\/\\\/www.laguiadepamplona.com\\\/actualidad\\\/policia-municipal-recomienda-a-quienes-realicen-las-javieradas-este-fin-de-semana-y-el-que-viene-que-salgan-de-la-ciudad-por-las-calles-sadar-y-tajonar\\\/#respond\"]}]},{\"@type\":\"WebPage\",\"@id\":\"https:\\\/\\\/www.laguiadepamplona.com\\\/actualidad\\\/policia-municipal-recomienda-a-quienes-realicen-las-javieradas-este-fin-de-semana-y-el-que-viene-que-salgan-de-la-ciudad-por-las-calles-sadar-y-tajonar\\\/\",\"url\":\"https:\\\/\\\/www.laguiadepamplona.com\\\/actualidad\\\/policia-municipal-recomienda-a-quienes-realicen-las-javieradas-este-fin-de-semana-y-el-que-viene-que-salgan-de-la-ciudad-por-las-calles-sadar-y-tajonar\\\/\",\"name\":\"Polic\u00eda Municipal recomienda a quienes realicen las Javieradas este fin de semana y el que viene que salgan de la ciudad por las calles Sadar y Tajonar\",\"isPartOf\":{\"@id\":\"https:\\\/\\\/www.laguiadepamplona.com\\\/actualidad\\\/#website\"},\"primaryImageOfPage\":{\"@id\":\"https:\\\/\\\/www.laguiadepamplona.com\\\/actualidad\\\/policia-municipal-recomienda-a-quienes-realicen-las-javieradas-este-fin-de-semana-y-el-que-viene-que-salgan-de-la-ciudad-por-las-calles-sadar-y-tajonar\\\/#primaryimage\"},\"image\":{\"@id\":\"https:\\\/\\\/www.laguiadepamplona.com\\\/actualidad\\\/policia-municipal-recomienda-a-quienes-realicen-las-javieradas-este-fin-de-semana-y-el-que-viene-que-salgan-de-la-ciudad-por-las-calles-sadar-y-tajonar\\\/#primaryimage\"},\"thumbnailUrl\":\"https:\\\/\\\/www.laguiadepamplona.com\\\/actualidad\\\/wp-content\\\/uploads\\\/2022\\\/03\\\/castillo-de-javier-web.jpg\",\"datePublished\":\"2022-03-03T16:10:31+00:00\",\"dateModified\":\"2023-04-11T09:48:27+00:00\",\"description\":\"Se limitar\u00e1 la velocidad a 20 km\\\/h en el tramo de la calle Tajonar, entre El Sario y el t\u00e9rmino municipal de Mutilva\",\"breadcrumb\":{\"@id\":\"https:\\\/\\\/www.laguiadepamplona.com\\\/actualidad\\\/policia-municipal-recomienda-a-quienes-realicen-las-javieradas-este-fin-de-semana-y-el-que-viene-que-salgan-de-la-ciudad-por-las-calles-sadar-y-tajonar\\\/#breadcrumb\"},\"inLanguage\":\"es\",\"potentialAction\":[{\"@type\":\"ReadAction\",\"target\":[\"https:\\\/\\\/www.laguiadepamplona.com\\\/actualidad\\\/policia-municipal-recomienda-a-quienes-realicen-las-javieradas-este-fin-de-semana-y-el-que-viene-que-salgan-de-la-ciudad-por-las-calles-sadar-y-tajonar\\\/\"]}]},{\"@type\":\"ImageObject\",\"inLanguage\":\"es\",\"@id\":\"https:\\\/\\\/www.laguiadepamplona.com\\\/actualidad\\\/policia-municipal-recomienda-a-quienes-realicen-las-javieradas-este-fin-de-semana-y-el-que-viene-que-salgan-de-la-ciudad-por-las-calles-sadar-y-tajonar\\\/#primaryimage\",\"url\":\"https:\\\/\\\/www.laguiadepamplona.com\\\/actualidad\\\/wp-content\\\/uploads\\\/2022\\\/03\\\/castillo-de-javier-web.jpg\",\"contentUrl\":\"https:\\\/\\\/www.laguiadepamplona.com\\\/actualidad\\\/wp-content\\\/uploads\\\/2022\\\/03\\\/castillo-de-javier-web.jpg\",\"width\":1772,\"height\":1181},{\"@type\":\"BreadcrumbList\",\"@id\":\"https:\\\/\\\/www.laguiadepamplona.com\\\/actualidad\\\/policia-municipal-recomienda-a-quienes-realicen-las-javieradas-este-fin-de-semana-y-el-que-viene-que-salgan-de-la-ciudad-por-las-calles-sadar-y-tajonar\\\/#breadcrumb\",\"itemListElement\":[{\"@type\":\"ListItem\",\"position\":1,\"name\":\"Portada\",\"item\":\"https:\\\/\\\/www.laguiadepamplona.com\\\/actualidad\\\/\"},{\"@type\":\"ListItem\",\"position\":2,\"name\":\"Polic\u00eda Municipal recomienda a quienes realicen las Javieradas este fin de semana y el que viene que salgan de la ciudad por las calles Sadar y Tajonar\"}]},{\"@type\":\"WebSite\",\"@id\":\"https:\\\/\\\/www.laguiadepamplona.com\\\/actualidad\\\/#website\",\"url\":\"https:\\\/\\\/www.laguiadepamplona.com\\\/actualidad\\\/\",\"name\":\"La gu\u00eda de Pamplona\",\"description\":\"Noticias de Pamplona\",\"publisher\":{\"@id\":\"https:\\\/\\\/www.laguiadepamplona.com\\\/actualidad\\\/#organization\"},\"potentialAction\":[{\"@type\":\"SearchAction\",\"target\":{\"@type\":\"EntryPoint\",\"urlTemplate\":\"https:\\\/\\\/www.laguiadepamplona.com\\\/actualidad\\\/?s={search_term_string}\"},\"query-input\":{\"@type\":\"PropertyValueSpecification\",\"valueRequired\":true,\"valueName\":\"search_term_string\"}}],\"inLanguage\":\"es\"},{\"@type\":\"Organization\",\"@id\":\"https:\\\/\\\/www.laguiadepamplona.com\\\/actualidad\\\/#organization\",\"name\":\"La Gu\u00eda de Pamplona \\\/ Noticias\",\"url\":\"https:\\\/\\\/www.laguiadepamplona.com\\\/actualidad\\\/\",\"logo\":{\"@type\":\"ImageObject\",\"inLanguage\":\"es\",\"@id\":\"https:\\\/\\\/www.laguiadepamplona.com\\\/actualidad\\\/#\\\/schema\\\/logo\\\/image\\\/\",\"url\":\"https:\\\/\\\/www.laguiadepamplona.com\\\/actualidad\\\/wp-content\\\/uploads\\\/2018\\\/11\\\/logo-laguiadepamplona18-web1.png\",\"contentUrl\":\"https:\\\/\\\/www.laguiadepamplona.com\\\/actualidad\\\/wp-content\\\/uploads\\\/2018\\\/11\\\/logo-laguiadepamplona18-web1.png\",\"width\":600,\"height\":196,\"caption\":\"La Gu\u00eda de Pamplona \\\/ Noticias\"},\"image\":{\"@id\":\"https:\\\/\\\/www.laguiadepamplona.com\\\/actualidad\\\/#\\\/schema\\\/logo\\\/image\\\/\"},\"sameAs\":[\"https:\\\/\\\/www.facebook.com\\\/laguiadepamplonacom-133175176762273\\\/?ref=hl\",\"https:\\\/\\\/x.com\\\/LaGuiadPamplona\",\"https:\\\/\\\/www.instagram.com\\\/la_guia_de_pamplona\\\/\",\"https:\\\/\\\/www.youtube.com\\\/user\\\/laguiadepamplona\"]},{\"@type\":\"Person\",\"@id\":\"https:\\\/\\\/www.laguiadepamplona.com\\\/actualidad\\\/#\\\/schema\\\/person\\\/efe887376f0213d4657c93adc50b1fdb\",\"name\":\"La Gu\u00eda de Pamplona\",\"image\":{\"@type\":\"ImageObject\",\"inLanguage\":\"es\",\"@id\":\"https:\\\/\\\/secure.gravatar.com\\\/avatar\\\/b6992f131dc8d30ab0dff15446e9d346d9dbd95992de0fef795073f5ea83a81c?s=96&d=mm&r=g\",\"url\":\"https:\\\/\\\/secure.gravatar.com\\\/avatar\\\/b6992f131dc8d30ab0dff15446e9d346d9dbd95992de0fef795073f5ea83a81c?s=96&d=mm&r=g\",\"contentUrl\":\"https:\\\/\\\/secure.gravatar.com\\\/avatar\\\/b6992f131dc8d30ab0dff15446e9d346d9dbd95992de0fef795073f5ea83a81c?s=96&d=mm&r=g\",\"caption\":\"La Gu\u00eda de Pamplona\"}}]}<\/script>\n<!-- \/ Yoast SEO plugin. -->","yoast_head_json":{"title":"Polic\u00eda Municipal recomienda a quienes realicen las Javieradas este fin de semana y el que viene que salgan de la ciudad por las calles Sadar y Tajonar","description":"Se limitar\u00e1 la velocidad a 20 km\/h en el tramo de la calle Tajonar, entre El Sario y el t\u00e9rmino municipal de Mutilva","robots":{"index":"index","follow":"follow","max-snippet":"max-snippet:-1","max-image-preview":"max-image-preview:large","max-video-preview":"max-video-preview:-1"},"canonical":"https:\/\/www.laguiadepamplona.com\/actualidad\/policia-municipal-recomienda-a-quienes-realicen-las-javieradas-este-fin-de-semana-y-el-que-viene-que-salgan-de-la-ciudad-por-las-calles-sadar-y-tajonar\/","og_locale":"es_ES","og_type":"article","og_title":"Polic\u00eda Municipal recomienda a quienes realicen las Javieradas este fin de semana y el que viene que salgan de la ciudad por las calles Sadar y Tajonar","og_description":"Se limitar\u00e1 la velocidad a 20 km\/h en el tramo de la calle Tajonar, entre El Sario y el t\u00e9rmino municipal de Mutilva","og_url":"https:\/\/www.laguiadepamplona.com\/actualidad\/policia-municipal-recomienda-a-quienes-realicen-las-javieradas-este-fin-de-semana-y-el-que-viene-que-salgan-de-la-ciudad-por-las-calles-sadar-y-tajonar\/","og_site_name":"La Gu\u00eda de Pamplona","article_publisher":"https:\/\/www.facebook.com\/laguiadepamplonacom-133175176762273\/?ref=hl","article_published_time":"2022-03-03T16:10:31+00:00","article_modified_time":"2023-04-11T09:48:27+00:00","og_image":[{"width":1772,"height":1181,"url":"https:\/\/www.laguiadepamplona.com\/actualidad\/wp-content\/uploads\/2022\/03\/castillo-de-javier-web.jpg","type":"image\/jpeg"}],"author":"La Gu\u00eda de Pamplona","twitter_card":"summary_large_image","twitter_creator":"@LaGuiadPamplona","twitter_site":"@LaGuiadPamplona","twitter_misc":{"Escrito por":"La Gu\u00eda de Pamplona","Tiempo de lectura":"2 minutos"},"schema":{"@context":"https:\/\/schema.org","@graph":[{"@type":"Article","@id":"https:\/\/www.laguiadepamplona.com\/actualidad\/policia-municipal-recomienda-a-quienes-realicen-las-javieradas-este-fin-de-semana-y-el-que-viene-que-salgan-de-la-ciudad-por-las-calles-sadar-y-tajonar\/#article","isPartOf":{"@id":"https:\/\/www.laguiadepamplona.com\/actualidad\/policia-municipal-recomienda-a-quienes-realicen-las-javieradas-este-fin-de-semana-y-el-que-viene-que-salgan-de-la-ciudad-por-las-calles-sadar-y-tajonar\/"},"author":{"name":"La Gu\u00eda de Pamplona","@id":"https:\/\/www.laguiadepamplona.com\/actualidad\/#\/schema\/person\/efe887376f0213d4657c93adc50b1fdb"},"headline":"Polic\u00eda Municipal recomienda a quienes realicen las Javieradas este fin de semana y el que viene que salgan de la ciudad por las calles Sadar y Tajonar","datePublished":"2022-03-03T16:10:31+00:00","dateModified":"2023-04-11T09:48:27+00:00","mainEntityOfPage":{"@id":"https:\/\/www.laguiadepamplona.com\/actualidad\/policia-municipal-recomienda-a-quienes-realicen-las-javieradas-este-fin-de-semana-y-el-que-viene-que-salgan-de-la-ciudad-por-las-calles-sadar-y-tajonar\/"},"wordCount":344,"commentCount":0,"publisher":{"@id":"https:\/\/www.laguiadepamplona.com\/actualidad\/#organization"},"image":{"@id":"https:\/\/www.laguiadepamplona.com\/actualidad\/policia-municipal-recomienda-a-quienes-realicen-las-javieradas-este-fin-de-semana-y-el-que-viene-que-salgan-de-la-ciudad-por-las-calles-sadar-y-tajonar\/#primaryimage"},"thumbnailUrl":"https:\/\/www.laguiadepamplona.com\/actualidad\/wp-content\/uploads\/2022\/03\/castillo-de-javier-web.jpg","articleSection":["Ayto Pamplona"],"inLanguage":"es","potentialAction":[{"@type":"CommentAction","name":"Comment","target":["https:\/\/www.laguiadepamplona.com\/actualidad\/policia-municipal-recomienda-a-quienes-realicen-las-javieradas-este-fin-de-semana-y-el-que-viene-que-salgan-de-la-ciudad-por-las-calles-sadar-y-tajonar\/#respond"]}]},{"@type":"WebPage","@id":"https:\/\/www.laguiadepamplona.com\/actualidad\/policia-municipal-recomienda-a-quienes-realicen-las-javieradas-este-fin-de-semana-y-el-que-viene-que-salgan-de-la-ciudad-por-las-calles-sadar-y-tajonar\/","url":"https:\/\/www.laguiadepamplona.com\/actualidad\/policia-municipal-recomienda-a-quienes-realicen-las-javieradas-este-fin-de-semana-y-el-que-viene-que-salgan-de-la-ciudad-por-las-calles-sadar-y-tajonar\/","name":"Polic\u00eda Municipal recomienda a quienes realicen las Javieradas este fin de semana y el que viene que salgan de la ciudad por las calles Sadar y Tajonar","isPartOf":{"@id":"https:\/\/www.laguiadepamplona.com\/actualidad\/#website"},"primaryImageOfPage":{"@id":"https:\/\/www.laguiadepamplona.com\/actualidad\/policia-municipal-recomienda-a-quienes-realicen-las-javieradas-este-fin-de-semana-y-el-que-viene-que-salgan-de-la-ciudad-por-las-calles-sadar-y-tajonar\/#primaryimage"},"image":{"@id":"https:\/\/www.laguiadepamplona.com\/actualidad\/policia-municipal-recomienda-a-quienes-realicen-las-javieradas-este-fin-de-semana-y-el-que-viene-que-salgan-de-la-ciudad-por-las-calles-sadar-y-tajonar\/#primaryimage"},"thumbnailUrl":"https:\/\/www.laguiadepamplona.com\/actualidad\/wp-content\/uploads\/2022\/03\/castillo-de-javier-web.jpg","datePublished":"2022-03-03T16:10:31+00:00","dateModified":"2023-04-11T09:48:27+00:00","description":"Se limitar\u00e1 la velocidad a 20 km\/h en el tramo de la calle Tajonar, entre El Sario y el t\u00e9rmino municipal de Mutilva","breadcrumb":{"@id":"https:\/\/www.laguiadepamplona.com\/actualidad\/policia-municipal-recomienda-a-quienes-realicen-las-javieradas-este-fin-de-semana-y-el-que-viene-que-salgan-de-la-ciudad-por-las-calles-sadar-y-tajonar\/#breadcrumb"},"inLanguage":"es","potentialAction":[{"@type":"ReadAction","target":["https:\/\/www.laguiadepamplona.com\/actualidad\/policia-municipal-recomienda-a-quienes-realicen-las-javieradas-este-fin-de-semana-y-el-que-viene-que-salgan-de-la-ciudad-por-las-calles-sadar-y-tajonar\/"]}]},{"@type":"ImageObject","inLanguage":"es","@id":"https:\/\/www.laguiadepamplona.com\/actualidad\/policia-municipal-recomienda-a-quienes-realicen-las-javieradas-este-fin-de-semana-y-el-que-viene-que-salgan-de-la-ciudad-por-las-calles-sadar-y-tajonar\/#primaryimage","url":"https:\/\/www.laguiadepamplona.com\/actualidad\/wp-content\/uploads\/2022\/03\/castillo-de-javier-web.jpg","contentUrl":"https:\/\/www.laguiadepamplona.com\/actualidad\/wp-content\/uploads\/2022\/03\/castillo-de-javier-web.jpg","width":1772,"height":1181},{"@type":"BreadcrumbList","@id":"https:\/\/www.laguiadepamplona.com\/actualidad\/policia-municipal-recomienda-a-quienes-realicen-las-javieradas-este-fin-de-semana-y-el-que-viene-que-salgan-de-la-ciudad-por-las-calles-sadar-y-tajonar\/#breadcrumb","itemListElement":[{"@type":"ListItem","position":1,"name":"Portada","item":"https:\/\/www.laguiadepamplona.com\/actualidad\/"},{"@type":"ListItem","position":2,"name":"Polic\u00eda Municipal recomienda a quienes realicen las Javieradas este fin de semana y el que viene que salgan de la ciudad por las calles Sadar y Tajonar"}]},{"@type":"WebSite","@id":"https:\/\/www.laguiadepamplona.com\/actualidad\/#website","url":"https:\/\/www.laguiadepamplona.com\/actualidad\/","name":"La gu\u00eda de Pamplona","description":"Noticias de Pamplona","publisher":{"@id":"https:\/\/www.laguiadepamplona.com\/actualidad\/#organization"},"potentialAction":[{"@type":"SearchAction","target":{"@type":"EntryPoint","urlTemplate":"https:\/\/www.laguiadepamplona.com\/actualidad\/?s={search_term_string}"},"query-input":{"@type":"PropertyValueSpecification","valueRequired":true,"valueName":"search_term_string"}}],"inLanguage":"es"},{"@type":"Organization","@id":"https:\/\/www.laguiadepamplona.com\/actualidad\/#organization","name":"La Gu\u00eda de Pamplona \/ Noticias","url":"https:\/\/www.laguiadepamplona.com\/actualidad\/","logo":{"@type":"ImageObject","inLanguage":"es","@id":"https:\/\/www.laguiadepamplona.com\/actualidad\/#\/schema\/logo\/image\/","url":"https:\/\/www.laguiadepamplona.com\/actualidad\/wp-content\/uploads\/2018\/11\/logo-laguiadepamplona18-web1.png","contentUrl":"https:\/\/www.laguiadepamplona.com\/actualidad\/wp-content\/uploads\/2018\/11\/logo-laguiadepamplona18-web1.png","width":600,"height":196,"caption":"La Gu\u00eda de Pamplona \/ Noticias"},"image":{"@id":"https:\/\/www.laguiadepamplona.com\/actualidad\/#\/schema\/logo\/image\/"},"sameAs":["https:\/\/www.facebook.com\/laguiadepamplonacom-133175176762273\/?ref=hl","https:\/\/x.com\/LaGuiadPamplona","https:\/\/www.instagram.com\/la_guia_de_pamplona\/","https:\/\/www.youtube.com\/user\/laguiadepamplona"]},{"@type":"Person","@id":"https:\/\/www.laguiadepamplona.com\/actualidad\/#\/schema\/person\/efe887376f0213d4657c93adc50b1fdb","name":"La Gu\u00eda de Pamplona","image":{"@type":"ImageObject","inLanguage":"es","@id":"https:\/\/secure.gravatar.com\/avatar\/b6992f131dc8d30ab0dff15446e9d346d9dbd95992de0fef795073f5ea83a81c?s=96&d=mm&r=g","url":"https:\/\/secure.gravatar.com\/avatar\/b6992f131dc8d30ab0dff15446e9d346d9dbd95992de0fef795073f5ea83a81c?s=96&d=mm&r=g","contentUrl":"https:\/\/secure.gravatar.com\/avatar\/b6992f131dc8d30ab0dff15446e9d346d9dbd95992de0fef795073f5ea83a81c?s=96&d=mm&r=g","caption":"La Gu\u00eda de Pamplona"}}]}},"post_mailing_queue_ids":[],"_links":{"self":[{"href":"https:\/\/www.laguiadepamplona.com\/actualidad\/wp-json\/wp\/v2\/posts\/39141","targetHints":{"allow":["GET"]}}],"collection":[{"href":"https:\/\/www.laguiadepamplona.com\/actualidad\/wp-json\/wp\/v2\/posts"}],"about":[{"href":"https:\/\/www.laguiadepamplona.com\/actualidad\/wp-json\/wp\/v2\/types\/post"}],"author":[{"embeddable":true,"href":"https:\/\/www.laguiadepamplona.com\/actualidad\/wp-json\/wp\/v2\/users\/1"}],"replies":[{"embeddable":true,"href":"https:\/\/www.laguiadepamplona.com\/actualidad\/wp-json\/wp\/v2\/comments?post=39141"}],"version-history":[{"count":0,"href":"https:\/\/www.laguiadepamplona.com\/actualidad\/wp-json\/wp\/v2\/posts\/39141\/revisions"}],"wp:featuredmedia":[{"embeddable":true,"href":"https:\/\/www.laguiadepamplona.com\/actualidad\/wp-json\/wp\/v2\/media\/39142"}],"wp:attachment":[{"href":"https:\/\/www.laguiadepamplona.com\/actualidad\/wp-json\/wp\/v2\/media?parent=39141"}],"wp:term":[{"taxonomy":"category","embeddable":true,"href":"https:\/\/www.laguiadepamplona.com\/actualidad\/wp-json\/wp\/v2\/categories?post=39141"},{"taxonomy":"post_tag","embeddable":true,"href":"https:\/\/www.laguiadepamplona.com\/actualidad\/wp-json\/wp\/v2\/tags?post=39141"}],"curies":[{"name":"wp","href":"https:\/\/api.w.org\/{rel}","templated":true}]}}