{"id":39139,"date":"2022-03-03T18:08:37","date_gmt":"2022-03-03T16:08:37","guid":{"rendered":"https:\/\/www.laguiadepamplona.com\/actualidad\/?p=39139"},"modified":"2023-04-11T11:48:27","modified_gmt":"2023-04-11T09:48:27","slug":"vuelve-el-concurso-para-elegir-el-cartel-de-san-fermin-con-un-premio-de-6-000-euros","status":"publish","type":"post","link":"https:\/\/www.laguiadepamplona.com\/actualidad\/vuelve-el-concurso-para-elegir-el-cartel-de-san-fermin-con-un-premio-de-6-000-euros\/","title":{"rendered":"Vuelve el concurso para elegir el cartel de San Ferm\u00edn, con un premio de 6.000 euros"},"content":{"rendered":"<h5>La presentaci\u00f3n de candidaturas, que se deber\u00e1 hacer de forma online, estar\u00e1 abierta hasta el 1 de abril<\/h5>\n<p><!--more--><\/p>\n<p>Tras la suspensi\u00f3n de la convocatoria en 2020 y la imposibilidad de celebrar los Sanfermines el a\u00f1o pasado, el Ayuntamiento de Pamplona convoca el Concurso de Carteles de San Ferm\u00edn 2022, para elegir la imagen que representar\u00e1 las fiestas despu\u00e9s de dos a\u00f1os de ausencia. El cartel ganador tendr\u00e1 un premio de 6.000 euros, frente a los 3.600 del \u00faltimo concurso realizado. El plazo de presentaci\u00f3n se abrir\u00e1 en el momento en el que el Bolet\u00edn Oficial de Navarra publique la convocatoria y finalizar\u00e1 a las 14.00 horas del d\u00eda 1 de abril.<\/p>\n<p>Esta edici\u00f3n incorpora varias novedades. Por un lado, se mantiene la elecci\u00f3n mixta del cartel, ya que un jurado t\u00e9cnico se encargar\u00e1 de hacer una preselecci\u00f3n y, sobre las obras elegidas, se abrir\u00e1 la votaci\u00f3n popular. No obstante, si en a\u00f1os anteriores a esa votaci\u00f3n solo optaban ocho obras, en esta ocasi\u00f3n se ha ampliado el n\u00famero a diez finalistas. Por otro lado, el procedimiento para la presentaci\u00f3n de obras se har\u00e1 exclusivamente de forma telem\u00e1tica,\u00a0 a trav\u00e9s de la p\u00e1gina web \u00a0<a href=\"http:\/\/www.pamplonaescultura.es\/\" target=\"_blank\" rel=\"noopener\">www.pamplonaescultura.es<\/a>.<\/p>\n<p>Una vez abierto el plazo de presentaci\u00f3n, las personas interesadas deber\u00e1n presentar su propuesta de cartel y sus datos de participaci\u00f3n, cumplimentando un formulario online habilitado en la propia p\u00e1gina de inicio de la web bajo el t\u00edtulo \u2018Concurso Cartel de San Ferm\u00edn\u2019. \u00danicamente se podr\u00e1 presentar un cartel por persona f\u00edsica o grupo de personas, nunca por personas jur\u00eddicas. Adem\u00e1s, la autor\u00eda del cartel no podr\u00e1 hacerse p\u00fablica en ning\u00fan momento del proceso del concurso hasta su resoluci\u00f3n final.<br \/>\n<script async src=\"\/\/pagead2.googlesyndication.com\/pagead\/js\/adsbygoogle.js\"><\/script><br \/>\n<!-- Noticias La Guia de Pamplona --><br \/>\n<ins class=\"adsbygoogle\"\nstyle=\"display:block\"\ndata-ad-client=\"ca-pub-6943679897239327\"\ndata-ad-slot=\"7048180777\"\ndata-ad-format=\"auto\"><\/ins><br \/>\n<script>\n(adsbygoogle = window.adsbygoogle || []).push({});\n<\/script><\/p>\n<p><strong>Requisitos del cartel<\/strong><\/p>\n<p>El cartel deber\u00e1 ser original e in\u00e9dito y de t\u00e9cnica libre. Es importante recalcar que el archivo digital que se presente tendr\u00e1 la consideraci\u00f3n de obra final. La imagen deber\u00e1 mostrar el cartel en formato vertical de 70 cms de ancho x 100 cms de alto. Adem\u00e1s de la creaci\u00f3n art\u00edstica desarrollada, el cartel deber\u00e1 mostrar de forma obligatoria el escudo de la ciudad y los textos: San Ferm\u00edn, 2022, Pamplona\/Iru\u00f1a, Del 6 al 14 de julio\/Uztailaren 6tik 14ra.<\/p>\n<p>En cuanto al escudo, \u00e9ste puede incluirse con el dise\u00f1o que utiliza el Ayuntamiento de Pamplona en su logotipo oficial (en su versi\u00f3n en color o monocroma) pero sin la leyenda que le acompa\u00f1a. Este dise\u00f1o puede descargarse en la web <a href=\"http:\/\/www.pamplonaescultura.es\/escudos-de-pamplona\/\" target=\"_blank\" rel=\"noopener\">www.pamplonaescultura.es\/escudos-de-pamplona\/<\/a>. Tambi\u00e9n es posible que el autor del cartel lo represente con su propio dise\u00f1o, siempre que sea reconocible e identificable, y todos sus elementos est\u00e9n debidamente representados. En concreto, habr\u00e1 que incorporar el le\u00f3n pasante y, sobre \u00e9l, la corona real, rodeado de las cadenas de Navarra a modo de orla, y, sobre \u00e9sta, otra corona real. Este posible nuevo dise\u00f1o puede realizarse atendiendo a los colores oficiales del escudo, pero tambi\u00e9n en monocromo blanco, monocromo negro, o en las tonalidades que est\u00e9 en relaci\u00f3n con el cartel propuesto, siempre que no desvirt\u00fae ni contradiga el sentido del original.<br \/>\n<script async src=\"\/\/pagead2.googlesyndication.com\/pagead\/js\/adsbygoogle.js\"><\/script><br \/>\n<!-- Noticias La Guia de Pamplona --><br \/>\n<ins class=\"adsbygoogle\"\nstyle=\"display:block\"\ndata-ad-client=\"ca-pub-6943679897239327\"\ndata-ad-slot=\"7048180777\"\ndata-ad-format=\"auto\"><\/ins><br \/>\n<script>\n(adsbygoogle = window.adsbygoogle || []).push({});\n<\/script><\/p>\n<p><strong>Confirmaci\u00f3n de la inscripci\u00f3n<\/strong><\/p>\n<p>El formulario habilitado para la inscripci\u00f3n podr\u00e1 rellenarse en tres idiomas: castellano, euskera e ingl\u00e9s. En \u00e9l habr\u00e1 que incluir los datos personales (nombre, apellidos, lugar de nacimiento, domicilio\u2026), una trayectoria breve profesional del artista y los datos del cartel, como el lema y una breve descripci\u00f3n, incluyendo el desarrollo te\u00f3rico del concepto y los elementos del cartel.<\/p>\n<p>Adem\u00e1s, se adjuntar\u00e1 un \u00fanico archivo en formato JPG (el sistema no admitir\u00e1 archivos con otras extensiones) y medidas: 820 x 1171 pixeles, con una resoluci\u00f3n de 72 pixeles\/pulgada. El tama\u00f1o de la imagen ser\u00e1, como m\u00e1ximo, de 2 MB.<\/p>\n<p>No obstante, una vez cumplimentado el formulario, ser\u00e1 preciso confirmar la participaci\u00f3n en el concurso, respondiendo a un correo electr\u00f3nico enviado a tal fin. El correo contendr\u00e1 un resumen de los datos del formulario (nombre y apellidos, documento identificativo y lema del cartel). Si la persona candidata est\u00e1 conforme a los datos deber\u00e1 validarlos para dar por finalizada la inscripci\u00f3n. En un segundo correo se le facilitar\u00e1 el n\u00famero de plica vinculado al lema del cartel y al documento identificativo. Este correo constituir\u00e1 su justificante de participaci\u00f3n en el concurso.<\/p>\n<p>Aunque en esta fase de selecci\u00f3n se presente un archivo en baja resoluci\u00f3n, el autor, autora o coautores deben garantizar que el archivo original tiene la suficiente resoluci\u00f3n para poder ser impreso a tama\u00f1o natural en caso de que resulte ganador su cartel.<br \/>\n<script async src=\"\/\/pagead2.googlesyndication.com\/pagead\/js\/adsbygoogle.js\"><\/script><br \/>\n<!-- Noticias La Guia de Pamplona --><br \/>\n<ins class=\"adsbygoogle\"\nstyle=\"display:block\"\ndata-ad-client=\"ca-pub-6943679897239327\"\ndata-ad-slot=\"7048180777\"\ndata-ad-format=\"auto\"><\/ins><br \/>\n<script>\n(adsbygoogle = window.adsbygoogle || []).push({});\n<\/script><\/p>\n<p>&nbsp;<\/p>\n<h3>Instrucciones<\/h3>\n<ul>\n<li>Inicio del procedimiento de inscripci\u00f3n\n<ul>\n<li>Una vez que la convocatoria se publique en el Bolet\u00edn Oficial de Navarra, el acceso al formulario se realizar\u00e1 a trav\u00e9s de la web\u00a0<a href=\"http:\/\/www.pamplonaescultura.es\/\">pamplonaescultura.es<\/a>(pinchando el enlace con el t\u00edtulo \u00abConcurso Cartel de San Ferm\u00edn\u00bb). En ese mismo espacio se recoger\u00e1n las bases para su consulta.<\/li>\n<li>En el men\u00fa de idiomas de la cabecera, se podr\u00e1 elegir el idioma para cumplimentar la presentaci\u00f3n del cartel (castellano, euskera o ingl\u00e9s).<\/li>\n<li>En la siguiente casilla, se indicar\u00e1 si se presenta de forma individual o colectiva. Los campos a cumplimentar var\u00edan seg\u00fan esta elecci\u00f3n.<\/li>\n<\/ul>\n<\/li>\n<\/ul>\n<p>Datos de inscripci\u00f3n<\/p>\n<ul>\n<li><strong>Datos personales:<\/strong>\n<ul>\n<li>Individual: Nombre, Apellidos, DNI, NIE, CIF u otros, tel\u00e9fono y correo electr\u00f3nico que se repite en dos casillas (es necesario confirmar el correo electr\u00f3nico).<\/li>\n<li>Colectiva: Nombre asociaci\u00f3n, persona responsable, DNI, NIE, CIF u otros, tel\u00e9fono y correo electr\u00f3nico que se repite en dos casillas (Es necesario confirmar el correo electr\u00f3nico).<\/li>\n<\/ul>\n<\/li>\n<li><strong>Fecha y lugar de nacimiento:<\/strong>\n<ul>\n<li>Fecha, Pa\u00eds, Comunidad Aut\u00f3noma, Provincia y Localidad. (Espa\u00f1a)<\/li>\n<li>Fecha, Pa\u00eds (si es de otro pa\u00eds)<\/li>\n<\/ul>\n<\/li>\n<li><strong>Domicilio:<\/strong>\n<ul>\n<li>Pa\u00eds, Comunidad Aut\u00f3noma, Provincia, Localidad, Calle, Portal, Piso (opcional) y C\u00f3digo postal. (Espa\u00f1a)<\/li>\n<li>Pa\u00eds y Direcci\u00f3n (si es otro pa\u00eds)<\/li>\n<\/ul>\n<\/li>\n<li><strong>Datos del Cartel:<\/strong>\n<ul>\n<li>Lema del cartel<\/li>\n<li>Descripci\u00f3n del cartel: desarrollo te\u00f3rico del concepto y elementos del cartel, tales como: composici\u00f3n, colores, tipograf\u00eda o simbolog\u00eda (200 caracteres, m\u00e1ximo).<\/li>\n<li>Trayectoria: curr\u00edculum profesional (800 caracteres, m\u00e1ximo).<\/li>\n<li>Imagen del cartel: Se adjuntar\u00e1 un \u00fanico archivo formato JPG, con un peso m\u00e1ximo de 2 MB. El cartel deber\u00e1 tener como medidas 820 x 1171 pixeles en una resoluci\u00f3n de 72 pixeles\/pulgada. El cartel deber\u00e1 estar configurado en vertical y mostrarse en formato 70 cms de ancho x 100 cms de alto.<\/li>\n<li>TEXTO: Pamplona\/Iru\u00f1a; San Ferm\u00edn 2022; 6 al 14 de julio\/Uztailaren 6tik 14ra<\/li>\n<\/ul>\n<\/li>\n<li><strong>Declaraci\u00f3n responsable.<\/strong> Se deber\u00e1 clicar\u00a0la declaraci\u00f3n de ser el autor o la autora\u00a0del cartel presentado a este concurso, y que se trata de una obra original e in\u00e9dita.<\/li>\n<\/ul>\n<p>Confirmaci\u00f3n de la Participaci\u00f3n<\/p>\n<ul>\n<li>El creador enviar\u00e1 el formulario \u2018pinchando\u2019 el \u2018bot\u00f3n habilitado\u2019. Este tr\u00e1mite no finaliza la inscripci\u00f3n<\/li>\n<li>El interesado recibir\u00e1 un correo electr\u00f3nico en la direcci\u00f3n facilitada previamente y a la que se le enviar\u00e1 un resumen de los datos del formulario (nombre y apellidos, documento identificativo y lema del cartel).<\/li>\n<li>Ese correo le requerir\u00e1 el siguiente paso: VALIDAR y FINALIZAR LA INSCRIPCI\u00d3N<\/li>\n<li>Como resultado, obtendr\u00e1 un segundo y \u00faltimo correo, en el que se CONFIRMAR\u00c1 su participaci\u00f3n en el concurso con el LEMA del cartel (aportado previamente), su DOCUMENTO IDENTIFICATIVO y el N\u00daMERO DE PLICA que servir\u00e1 de referencia a lo largo del concurso. Este correo constituir\u00e1 su justificante de participaci\u00f3n en el concurso.<\/li>\n<\/ul>\n","protected":false},"excerpt":{"rendered":"<p>La presentaci\u00f3n de candidaturas, que se deber\u00e1 hacer de forma online, estar\u00e1 abierta hasta el 1 de abril<\/p>\n","protected":false},"author":1,"featured_media":17589,"comment_status":"open","ping_status":"closed","sticky":false,"template":"","format":"standard","meta":{"footnotes":""},"categories":[2],"tags":[],"class_list":["post-39139","post","type-post","status-publish","format-standard","has-post-thumbnail","hentry","category-ayuntamiento-pamplona"],"yoast_head":"<!-- This site is optimized with the Yoast SEO plugin v27.3 - https:\/\/yoast.com\/product\/yoast-seo-wordpress\/ -->\n<title>Vuelve el concurso para elegir el cartel de San Ferm\u00edn, con un premio de 6.000 euros<\/title>\n<meta name=\"description\" content=\"La presentaci\u00f3n de candidaturas, que se deber\u00e1 hacer de forma online, estar\u00e1 abierta hasta el 1 de abril\" \/>\n<meta name=\"robots\" content=\"index, follow, max-snippet:-1, max-image-preview:large, max-video-preview:-1\" \/>\n<link rel=\"canonical\" href=\"https:\/\/www.laguiadepamplona.com\/actualidad\/vuelve-el-concurso-para-elegir-el-cartel-de-san-fermin-con-un-premio-de-6-000-euros\/\" \/>\n<meta property=\"og:locale\" content=\"es_ES\" \/>\n<meta property=\"og:type\" content=\"article\" \/>\n<meta property=\"og:title\" content=\"Vuelve el concurso para elegir el cartel de San Ferm\u00edn, con un premio de 6.000 euros\" \/>\n<meta property=\"og:description\" content=\"La presentaci\u00f3n de candidaturas, que se deber\u00e1 hacer de forma online, estar\u00e1 abierta hasta el 1 de abril\" \/>\n<meta property=\"og:url\" content=\"https:\/\/www.laguiadepamplona.com\/actualidad\/vuelve-el-concurso-para-elegir-el-cartel-de-san-fermin-con-un-premio-de-6-000-euros\/\" \/>\n<meta property=\"og:site_name\" content=\"La Gu\u00eda de Pamplona\" \/>\n<meta property=\"article:publisher\" content=\"https:\/\/www.facebook.com\/laguiadepamplonacom-133175176762273\/?ref=hl\" \/>\n<meta property=\"article:published_time\" content=\"2022-03-03T16:08:37+00:00\" \/>\n<meta property=\"article:modified_time\" content=\"2023-04-11T09:48:27+00:00\" \/>\n<meta property=\"og:image\" content=\"https:\/\/www.laguiadepamplona.com\/actualidad\/wp-content\/uploads\/2018\/05\/san-fermin-2018.jpg\" \/>\n\t<meta property=\"og:image:width\" content=\"1000\" \/>\n\t<meta property=\"og:image:height\" content=\"457\" \/>\n\t<meta property=\"og:image:type\" content=\"image\/jpeg\" \/>\n<meta name=\"author\" content=\"La Gu\u00eda de Pamplona\" \/>\n<meta name=\"twitter:card\" content=\"summary_large_image\" \/>\n<meta name=\"twitter:creator\" content=\"@LaGuiadPamplona\" \/>\n<meta name=\"twitter:site\" content=\"@LaGuiadPamplona\" \/>\n<meta name=\"twitter:label1\" content=\"Escrito por\" \/>\n\t<meta name=\"twitter:data1\" content=\"La Gu\u00eda de Pamplona\" \/>\n\t<meta name=\"twitter:label2\" content=\"Tiempo de lectura\" \/>\n\t<meta name=\"twitter:data2\" content=\"6 minutos\" \/>\n<script type=\"application\/ld+json\" class=\"yoast-schema-graph\">{\"@context\":\"https:\\\/\\\/schema.org\",\"@graph\":[{\"@type\":\"Article\",\"@id\":\"https:\\\/\\\/www.laguiadepamplona.com\\\/actualidad\\\/vuelve-el-concurso-para-elegir-el-cartel-de-san-fermin-con-un-premio-de-6-000-euros\\\/#article\",\"isPartOf\":{\"@id\":\"https:\\\/\\\/www.laguiadepamplona.com\\\/actualidad\\\/vuelve-el-concurso-para-elegir-el-cartel-de-san-fermin-con-un-premio-de-6-000-euros\\\/\"},\"author\":{\"name\":\"La Gu\u00eda de Pamplona\",\"@id\":\"https:\\\/\\\/www.laguiadepamplona.com\\\/actualidad\\\/#\\\/schema\\\/person\\\/efe887376f0213d4657c93adc50b1fdb\"},\"headline\":\"Vuelve el concurso para elegir el cartel de San Ferm\u00edn, con un premio de 6.000 euros\",\"datePublished\":\"2022-03-03T16:08:37+00:00\",\"dateModified\":\"2023-04-11T09:48:27+00:00\",\"mainEntityOfPage\":{\"@id\":\"https:\\\/\\\/www.laguiadepamplona.com\\\/actualidad\\\/vuelve-el-concurso-para-elegir-el-cartel-de-san-fermin-con-un-premio-de-6-000-euros\\\/\"},\"wordCount\":1304,\"commentCount\":0,\"publisher\":{\"@id\":\"https:\\\/\\\/www.laguiadepamplona.com\\\/actualidad\\\/#organization\"},\"image\":{\"@id\":\"https:\\\/\\\/www.laguiadepamplona.com\\\/actualidad\\\/vuelve-el-concurso-para-elegir-el-cartel-de-san-fermin-con-un-premio-de-6-000-euros\\\/#primaryimage\"},\"thumbnailUrl\":\"https:\\\/\\\/www.laguiadepamplona.com\\\/actualidad\\\/wp-content\\\/uploads\\\/2018\\\/05\\\/san-fermin-2018.jpg\",\"articleSection\":[\"Ayto Pamplona\"],\"inLanguage\":\"es\",\"potentialAction\":[{\"@type\":\"CommentAction\",\"name\":\"Comment\",\"target\":[\"https:\\\/\\\/www.laguiadepamplona.com\\\/actualidad\\\/vuelve-el-concurso-para-elegir-el-cartel-de-san-fermin-con-un-premio-de-6-000-euros\\\/#respond\"]}]},{\"@type\":\"WebPage\",\"@id\":\"https:\\\/\\\/www.laguiadepamplona.com\\\/actualidad\\\/vuelve-el-concurso-para-elegir-el-cartel-de-san-fermin-con-un-premio-de-6-000-euros\\\/\",\"url\":\"https:\\\/\\\/www.laguiadepamplona.com\\\/actualidad\\\/vuelve-el-concurso-para-elegir-el-cartel-de-san-fermin-con-un-premio-de-6-000-euros\\\/\",\"name\":\"Vuelve el concurso para elegir el cartel de San Ferm\u00edn, con un premio de 6.000 euros\",\"isPartOf\":{\"@id\":\"https:\\\/\\\/www.laguiadepamplona.com\\\/actualidad\\\/#website\"},\"primaryImageOfPage\":{\"@id\":\"https:\\\/\\\/www.laguiadepamplona.com\\\/actualidad\\\/vuelve-el-concurso-para-elegir-el-cartel-de-san-fermin-con-un-premio-de-6-000-euros\\\/#primaryimage\"},\"image\":{\"@id\":\"https:\\\/\\\/www.laguiadepamplona.com\\\/actualidad\\\/vuelve-el-concurso-para-elegir-el-cartel-de-san-fermin-con-un-premio-de-6-000-euros\\\/#primaryimage\"},\"thumbnailUrl\":\"https:\\\/\\\/www.laguiadepamplona.com\\\/actualidad\\\/wp-content\\\/uploads\\\/2018\\\/05\\\/san-fermin-2018.jpg\",\"datePublished\":\"2022-03-03T16:08:37+00:00\",\"dateModified\":\"2023-04-11T09:48:27+00:00\",\"description\":\"La presentaci\u00f3n de candidaturas, que se deber\u00e1 hacer de forma online, estar\u00e1 abierta hasta el 1 de abril\",\"breadcrumb\":{\"@id\":\"https:\\\/\\\/www.laguiadepamplona.com\\\/actualidad\\\/vuelve-el-concurso-para-elegir-el-cartel-de-san-fermin-con-un-premio-de-6-000-euros\\\/#breadcrumb\"},\"inLanguage\":\"es\",\"potentialAction\":[{\"@type\":\"ReadAction\",\"target\":[\"https:\\\/\\\/www.laguiadepamplona.com\\\/actualidad\\\/vuelve-el-concurso-para-elegir-el-cartel-de-san-fermin-con-un-premio-de-6-000-euros\\\/\"]}]},{\"@type\":\"ImageObject\",\"inLanguage\":\"es\",\"@id\":\"https:\\\/\\\/www.laguiadepamplona.com\\\/actualidad\\\/vuelve-el-concurso-para-elegir-el-cartel-de-san-fermin-con-un-premio-de-6-000-euros\\\/#primaryimage\",\"url\":\"https:\\\/\\\/www.laguiadepamplona.com\\\/actualidad\\\/wp-content\\\/uploads\\\/2018\\\/05\\\/san-fermin-2018.jpg\",\"contentUrl\":\"https:\\\/\\\/www.laguiadepamplona.com\\\/actualidad\\\/wp-content\\\/uploads\\\/2018\\\/05\\\/san-fermin-2018.jpg\",\"width\":1000,\"height\":457},{\"@type\":\"BreadcrumbList\",\"@id\":\"https:\\\/\\\/www.laguiadepamplona.com\\\/actualidad\\\/vuelve-el-concurso-para-elegir-el-cartel-de-san-fermin-con-un-premio-de-6-000-euros\\\/#breadcrumb\",\"itemListElement\":[{\"@type\":\"ListItem\",\"position\":1,\"name\":\"Portada\",\"item\":\"https:\\\/\\\/www.laguiadepamplona.com\\\/actualidad\\\/\"},{\"@type\":\"ListItem\",\"position\":2,\"name\":\"Vuelve el concurso para elegir el cartel de San Ferm\u00edn, con un premio de 6.000 euros\"}]},{\"@type\":\"WebSite\",\"@id\":\"https:\\\/\\\/www.laguiadepamplona.com\\\/actualidad\\\/#website\",\"url\":\"https:\\\/\\\/www.laguiadepamplona.com\\\/actualidad\\\/\",\"name\":\"La gu\u00eda de Pamplona\",\"description\":\"Noticias de Pamplona\",\"publisher\":{\"@id\":\"https:\\\/\\\/www.laguiadepamplona.com\\\/actualidad\\\/#organization\"},\"potentialAction\":[{\"@type\":\"SearchAction\",\"target\":{\"@type\":\"EntryPoint\",\"urlTemplate\":\"https:\\\/\\\/www.laguiadepamplona.com\\\/actualidad\\\/?s={search_term_string}\"},\"query-input\":{\"@type\":\"PropertyValueSpecification\",\"valueRequired\":true,\"valueName\":\"search_term_string\"}}],\"inLanguage\":\"es\"},{\"@type\":\"Organization\",\"@id\":\"https:\\\/\\\/www.laguiadepamplona.com\\\/actualidad\\\/#organization\",\"name\":\"La Gu\u00eda de Pamplona \\\/ Noticias\",\"url\":\"https:\\\/\\\/www.laguiadepamplona.com\\\/actualidad\\\/\",\"logo\":{\"@type\":\"ImageObject\",\"inLanguage\":\"es\",\"@id\":\"https:\\\/\\\/www.laguiadepamplona.com\\\/actualidad\\\/#\\\/schema\\\/logo\\\/image\\\/\",\"url\":\"https:\\\/\\\/www.laguiadepamplona.com\\\/actualidad\\\/wp-content\\\/uploads\\\/2018\\\/11\\\/logo-laguiadepamplona18-web1.png\",\"contentUrl\":\"https:\\\/\\\/www.laguiadepamplona.com\\\/actualidad\\\/wp-content\\\/uploads\\\/2018\\\/11\\\/logo-laguiadepamplona18-web1.png\",\"width\":600,\"height\":196,\"caption\":\"La Gu\u00eda de Pamplona \\\/ Noticias\"},\"image\":{\"@id\":\"https:\\\/\\\/www.laguiadepamplona.com\\\/actualidad\\\/#\\\/schema\\\/logo\\\/image\\\/\"},\"sameAs\":[\"https:\\\/\\\/www.facebook.com\\\/laguiadepamplonacom-133175176762273\\\/?ref=hl\",\"https:\\\/\\\/x.com\\\/LaGuiadPamplona\",\"https:\\\/\\\/www.instagram.com\\\/la_guia_de_pamplona\\\/\",\"https:\\\/\\\/www.youtube.com\\\/user\\\/laguiadepamplona\"]},{\"@type\":\"Person\",\"@id\":\"https:\\\/\\\/www.laguiadepamplona.com\\\/actualidad\\\/#\\\/schema\\\/person\\\/efe887376f0213d4657c93adc50b1fdb\",\"name\":\"La Gu\u00eda de Pamplona\",\"image\":{\"@type\":\"ImageObject\",\"inLanguage\":\"es\",\"@id\":\"https:\\\/\\\/secure.gravatar.com\\\/avatar\\\/b6992f131dc8d30ab0dff15446e9d346d9dbd95992de0fef795073f5ea83a81c?s=96&d=mm&r=g\",\"url\":\"https:\\\/\\\/secure.gravatar.com\\\/avatar\\\/b6992f131dc8d30ab0dff15446e9d346d9dbd95992de0fef795073f5ea83a81c?s=96&d=mm&r=g\",\"contentUrl\":\"https:\\\/\\\/secure.gravatar.com\\\/avatar\\\/b6992f131dc8d30ab0dff15446e9d346d9dbd95992de0fef795073f5ea83a81c?s=96&d=mm&r=g\",\"caption\":\"La Gu\u00eda de Pamplona\"}}]}<\/script>\n<!-- \/ Yoast SEO plugin. -->","yoast_head_json":{"title":"Vuelve el concurso para elegir el cartel de San Ferm\u00edn, con un premio de 6.000 euros","description":"La presentaci\u00f3n de candidaturas, que se deber\u00e1 hacer de forma online, estar\u00e1 abierta hasta el 1 de abril","robots":{"index":"index","follow":"follow","max-snippet":"max-snippet:-1","max-image-preview":"max-image-preview:large","max-video-preview":"max-video-preview:-1"},"canonical":"https:\/\/www.laguiadepamplona.com\/actualidad\/vuelve-el-concurso-para-elegir-el-cartel-de-san-fermin-con-un-premio-de-6-000-euros\/","og_locale":"es_ES","og_type":"article","og_title":"Vuelve el concurso para elegir el cartel de San Ferm\u00edn, con un premio de 6.000 euros","og_description":"La presentaci\u00f3n de candidaturas, que se deber\u00e1 hacer de forma online, estar\u00e1 abierta hasta el 1 de abril","og_url":"https:\/\/www.laguiadepamplona.com\/actualidad\/vuelve-el-concurso-para-elegir-el-cartel-de-san-fermin-con-un-premio-de-6-000-euros\/","og_site_name":"La Gu\u00eda de Pamplona","article_publisher":"https:\/\/www.facebook.com\/laguiadepamplonacom-133175176762273\/?ref=hl","article_published_time":"2022-03-03T16:08:37+00:00","article_modified_time":"2023-04-11T09:48:27+00:00","og_image":[{"width":1000,"height":457,"url":"https:\/\/www.laguiadepamplona.com\/actualidad\/wp-content\/uploads\/2018\/05\/san-fermin-2018.jpg","type":"image\/jpeg"}],"author":"La Gu\u00eda de Pamplona","twitter_card":"summary_large_image","twitter_creator":"@LaGuiadPamplona","twitter_site":"@LaGuiadPamplona","twitter_misc":{"Escrito por":"La Gu\u00eda de Pamplona","Tiempo de lectura":"6 minutos"},"schema":{"@context":"https:\/\/schema.org","@graph":[{"@type":"Article","@id":"https:\/\/www.laguiadepamplona.com\/actualidad\/vuelve-el-concurso-para-elegir-el-cartel-de-san-fermin-con-un-premio-de-6-000-euros\/#article","isPartOf":{"@id":"https:\/\/www.laguiadepamplona.com\/actualidad\/vuelve-el-concurso-para-elegir-el-cartel-de-san-fermin-con-un-premio-de-6-000-euros\/"},"author":{"name":"La Gu\u00eda de Pamplona","@id":"https:\/\/www.laguiadepamplona.com\/actualidad\/#\/schema\/person\/efe887376f0213d4657c93adc50b1fdb"},"headline":"Vuelve el concurso para elegir el cartel de San Ferm\u00edn, con un premio de 6.000 euros","datePublished":"2022-03-03T16:08:37+00:00","dateModified":"2023-04-11T09:48:27+00:00","mainEntityOfPage":{"@id":"https:\/\/www.laguiadepamplona.com\/actualidad\/vuelve-el-concurso-para-elegir-el-cartel-de-san-fermin-con-un-premio-de-6-000-euros\/"},"wordCount":1304,"commentCount":0,"publisher":{"@id":"https:\/\/www.laguiadepamplona.com\/actualidad\/#organization"},"image":{"@id":"https:\/\/www.laguiadepamplona.com\/actualidad\/vuelve-el-concurso-para-elegir-el-cartel-de-san-fermin-con-un-premio-de-6-000-euros\/#primaryimage"},"thumbnailUrl":"https:\/\/www.laguiadepamplona.com\/actualidad\/wp-content\/uploads\/2018\/05\/san-fermin-2018.jpg","articleSection":["Ayto Pamplona"],"inLanguage":"es","potentialAction":[{"@type":"CommentAction","name":"Comment","target":["https:\/\/www.laguiadepamplona.com\/actualidad\/vuelve-el-concurso-para-elegir-el-cartel-de-san-fermin-con-un-premio-de-6-000-euros\/#respond"]}]},{"@type":"WebPage","@id":"https:\/\/www.laguiadepamplona.com\/actualidad\/vuelve-el-concurso-para-elegir-el-cartel-de-san-fermin-con-un-premio-de-6-000-euros\/","url":"https:\/\/www.laguiadepamplona.com\/actualidad\/vuelve-el-concurso-para-elegir-el-cartel-de-san-fermin-con-un-premio-de-6-000-euros\/","name":"Vuelve el concurso para elegir el cartel de San Ferm\u00edn, con un premio de 6.000 euros","isPartOf":{"@id":"https:\/\/www.laguiadepamplona.com\/actualidad\/#website"},"primaryImageOfPage":{"@id":"https:\/\/www.laguiadepamplona.com\/actualidad\/vuelve-el-concurso-para-elegir-el-cartel-de-san-fermin-con-un-premio-de-6-000-euros\/#primaryimage"},"image":{"@id":"https:\/\/www.laguiadepamplona.com\/actualidad\/vuelve-el-concurso-para-elegir-el-cartel-de-san-fermin-con-un-premio-de-6-000-euros\/#primaryimage"},"thumbnailUrl":"https:\/\/www.laguiadepamplona.com\/actualidad\/wp-content\/uploads\/2018\/05\/san-fermin-2018.jpg","datePublished":"2022-03-03T16:08:37+00:00","dateModified":"2023-04-11T09:48:27+00:00","description":"La presentaci\u00f3n de candidaturas, que se deber\u00e1 hacer de forma online, estar\u00e1 abierta hasta el 1 de abril","breadcrumb":{"@id":"https:\/\/www.laguiadepamplona.com\/actualidad\/vuelve-el-concurso-para-elegir-el-cartel-de-san-fermin-con-un-premio-de-6-000-euros\/#breadcrumb"},"inLanguage":"es","potentialAction":[{"@type":"ReadAction","target":["https:\/\/www.laguiadepamplona.com\/actualidad\/vuelve-el-concurso-para-elegir-el-cartel-de-san-fermin-con-un-premio-de-6-000-euros\/"]}]},{"@type":"ImageObject","inLanguage":"es","@id":"https:\/\/www.laguiadepamplona.com\/actualidad\/vuelve-el-concurso-para-elegir-el-cartel-de-san-fermin-con-un-premio-de-6-000-euros\/#primaryimage","url":"https:\/\/www.laguiadepamplona.com\/actualidad\/wp-content\/uploads\/2018\/05\/san-fermin-2018.jpg","contentUrl":"https:\/\/www.laguiadepamplona.com\/actualidad\/wp-content\/uploads\/2018\/05\/san-fermin-2018.jpg","width":1000,"height":457},{"@type":"BreadcrumbList","@id":"https:\/\/www.laguiadepamplona.com\/actualidad\/vuelve-el-concurso-para-elegir-el-cartel-de-san-fermin-con-un-premio-de-6-000-euros\/#breadcrumb","itemListElement":[{"@type":"ListItem","position":1,"name":"Portada","item":"https:\/\/www.laguiadepamplona.com\/actualidad\/"},{"@type":"ListItem","position":2,"name":"Vuelve el concurso para elegir el cartel de San Ferm\u00edn, con un premio de 6.000 euros"}]},{"@type":"WebSite","@id":"https:\/\/www.laguiadepamplona.com\/actualidad\/#website","url":"https:\/\/www.laguiadepamplona.com\/actualidad\/","name":"La gu\u00eda de Pamplona","description":"Noticias de Pamplona","publisher":{"@id":"https:\/\/www.laguiadepamplona.com\/actualidad\/#organization"},"potentialAction":[{"@type":"SearchAction","target":{"@type":"EntryPoint","urlTemplate":"https:\/\/www.laguiadepamplona.com\/actualidad\/?s={search_term_string}"},"query-input":{"@type":"PropertyValueSpecification","valueRequired":true,"valueName":"search_term_string"}}],"inLanguage":"es"},{"@type":"Organization","@id":"https:\/\/www.laguiadepamplona.com\/actualidad\/#organization","name":"La Gu\u00eda de Pamplona \/ Noticias","url":"https:\/\/www.laguiadepamplona.com\/actualidad\/","logo":{"@type":"ImageObject","inLanguage":"es","@id":"https:\/\/www.laguiadepamplona.com\/actualidad\/#\/schema\/logo\/image\/","url":"https:\/\/www.laguiadepamplona.com\/actualidad\/wp-content\/uploads\/2018\/11\/logo-laguiadepamplona18-web1.png","contentUrl":"https:\/\/www.laguiadepamplona.com\/actualidad\/wp-content\/uploads\/2018\/11\/logo-laguiadepamplona18-web1.png","width":600,"height":196,"caption":"La Gu\u00eda de Pamplona \/ Noticias"},"image":{"@id":"https:\/\/www.laguiadepamplona.com\/actualidad\/#\/schema\/logo\/image\/"},"sameAs":["https:\/\/www.facebook.com\/laguiadepamplonacom-133175176762273\/?ref=hl","https:\/\/x.com\/LaGuiadPamplona","https:\/\/www.instagram.com\/la_guia_de_pamplona\/","https:\/\/www.youtube.com\/user\/laguiadepamplona"]},{"@type":"Person","@id":"https:\/\/www.laguiadepamplona.com\/actualidad\/#\/schema\/person\/efe887376f0213d4657c93adc50b1fdb","name":"La Gu\u00eda de Pamplona","image":{"@type":"ImageObject","inLanguage":"es","@id":"https:\/\/secure.gravatar.com\/avatar\/b6992f131dc8d30ab0dff15446e9d346d9dbd95992de0fef795073f5ea83a81c?s=96&d=mm&r=g","url":"https:\/\/secure.gravatar.com\/avatar\/b6992f131dc8d30ab0dff15446e9d346d9dbd95992de0fef795073f5ea83a81c?s=96&d=mm&r=g","contentUrl":"https:\/\/secure.gravatar.com\/avatar\/b6992f131dc8d30ab0dff15446e9d346d9dbd95992de0fef795073f5ea83a81c?s=96&d=mm&r=g","caption":"La Gu\u00eda de Pamplona"}}]}},"post_mailing_queue_ids":[],"_links":{"self":[{"href":"https:\/\/www.laguiadepamplona.com\/actualidad\/wp-json\/wp\/v2\/posts\/39139","targetHints":{"allow":["GET"]}}],"collection":[{"href":"https:\/\/www.laguiadepamplona.com\/actualidad\/wp-json\/wp\/v2\/posts"}],"about":[{"href":"https:\/\/www.laguiadepamplona.com\/actualidad\/wp-json\/wp\/v2\/types\/post"}],"author":[{"embeddable":true,"href":"https:\/\/www.laguiadepamplona.com\/actualidad\/wp-json\/wp\/v2\/users\/1"}],"replies":[{"embeddable":true,"href":"https:\/\/www.laguiadepamplona.com\/actualidad\/wp-json\/wp\/v2\/comments?post=39139"}],"version-history":[{"count":0,"href":"https:\/\/www.laguiadepamplona.com\/actualidad\/wp-json\/wp\/v2\/posts\/39139\/revisions"}],"wp:featuredmedia":[{"embeddable":true,"href":"https:\/\/www.laguiadepamplona.com\/actualidad\/wp-json\/wp\/v2\/media\/17589"}],"wp:attachment":[{"href":"https:\/\/www.laguiadepamplona.com\/actualidad\/wp-json\/wp\/v2\/media?parent=39139"}],"wp:term":[{"taxonomy":"category","embeddable":true,"href":"https:\/\/www.laguiadepamplona.com\/actualidad\/wp-json\/wp\/v2\/categories?post=39139"},{"taxonomy":"post_tag","embeddable":true,"href":"https:\/\/www.laguiadepamplona.com\/actualidad\/wp-json\/wp\/v2\/tags?post=39139"}],"curies":[{"name":"wp","href":"https:\/\/api.w.org\/{rel}","templated":true}]}}