{"id":39137,"date":"2022-03-02T17:28:40","date_gmt":"2022-03-02T15:28:40","guid":{"rendered":"https:\/\/www.laguiadepamplona.com\/actualidad\/?p=39137"},"modified":"2023-04-11T11:48:28","modified_gmt":"2023-04-11T09:48:28","slug":"el-ayuntamiento-estudia-emprender-acciones-penales-por-delito-de-injurias-por-las-acusaciones-vertidas-por-eh-bildu-sobre-la-contratacion-de-servicios-juridicos","status":"publish","type":"post","link":"https:\/\/www.laguiadepamplona.com\/actualidad\/el-ayuntamiento-estudia-emprender-acciones-penales-por-delito-de-injurias-por-las-acusaciones-vertidas-por-eh-bildu-sobre-la-contratacion-de-servicios-juridicos\/","title":{"rendered":"El Ayuntamiento estudia emprender acciones penales por delito de injurias por las acusaciones vertidas por EH Bildu sobre la contrataci\u00f3n de servicios jur\u00eddicos"},"content":{"rendered":"<p><!--more--><\/p>\n<p>El Ayuntamiento de Pamplona estudia emprender acciones penales por un posible delito de injurias por las acusaciones vertidas por el grupo municipal EH Bildu sobre la contrataci\u00f3n de servicios jur\u00eddicos para la defensa del inter\u00e9s p\u00fablico. En rueda de prensa celebrada esta ma\u00f1ana, EH Bildu habr\u00eda sostenido que se contrat\u00f3 a un familiar de un concejal delegado en tres procedimientos judiciales, un hecho que no se ha producido. En realidad, el Ayuntamiento encarg\u00f3 la defensa de los intereses municipales a un abogado concreto que no guarda ning\u00fan v\u00ednculo familiar con ning\u00fan concejal.<br \/>\n<script async src=\"\/\/pagead2.googlesyndication.com\/pagead\/js\/adsbygoogle.js\"><\/script><br \/>\n<!-- Noticias La Guia de Pamplona --><br \/>\n<ins class=\"adsbygoogle\"\nstyle=\"display:block\"\ndata-ad-client=\"ca-pub-6943679897239327\"\ndata-ad-slot=\"7048180777\"\ndata-ad-format=\"auto\"><\/ins><br \/>\n<script>\n(adsbygoogle = window.adsbygoogle || []).push({});\n<\/script><\/p>\n<p>Los servicios jur\u00eddicos municipales subcontratan ocasionalmente la labor de abogados concretos para llevar procedimientos ante los tribunales, bien por la especificidad de las materias o bien por la carga de trabajo. Este hecho se materializa mediante acuerdos municipales, en los que se designa la defensa del inter\u00e9s p\u00fablico de forma nominal a letrados en raz\u00f3n de su especialidad. En los tres casos que ha criticado EH Bildu, se da la circunstancia de que son tres procedimientos promovidos por EH Bildu contra decisiones municipales, uno de los cuales ya ha finalizado y lo ha hecho con sentencia desestimatoria de las pretensiones de EH Bildu, a quien condena a costas.<\/p>\n<p>Los otros dos casos a los que se han aludido y que est\u00e1n pendientes de sentencia firme son dos procedimientos de selecci\u00f3n de personal impulsados en la anterior legislatura y que ahora el Ayuntamiento ha resuelto ir a los tribunales para la defensa del inter\u00e9s p\u00fablico. Un caso es la convocatoria de secretario del Pleno, en la que no hab\u00eda temario ni examen te\u00f3rico, y el otro la convocatoria de plazas de t\u00e9cnicos de igualdad y juventud, en las que se habr\u00eda incumplido la normativa seg\u00fan recoge en su informe anual la C\u00e1mara de Comptos.<br \/>\n<script async src=\"\/\/pagead2.googlesyndication.com\/pagead\/js\/adsbygoogle.js\"><\/script><br \/>\n<!-- Noticias La Guia de Pamplona --><br \/>\n<ins class=\"adsbygoogle\"\nstyle=\"display:block\"\ndata-ad-client=\"ca-pub-6943679897239327\"\ndata-ad-slot=\"7048180777\"\ndata-ad-format=\"auto\"><\/ins><br \/>\n<script>\n(adsbygoogle = window.adsbygoogle || []).push({});\n<\/script><\/p>\n<p>Para la defensa municipal, el Ayuntamiento contrat\u00f3 en los a\u00f1os 2020 y 2021 a Alberto And\u00e9rez Gonz\u00e1lez, abogado especialista en materia de personal de la Administraci\u00f3n, como acredita su trayectoria, en la que figuran los cargos de director de Personal en el SNS y director de Funci\u00f3n P\u00fablica del Gobierno de Navarra.<\/p>\n","protected":false},"excerpt":{"rendered":"","protected":false},"author":1,"featured_media":36074,"comment_status":"open","ping_status":"closed","sticky":false,"template":"","format":"standard","meta":{"footnotes":""},"categories":[2],"tags":[],"class_list":["post-39137","post","type-post","status-publish","format-standard","has-post-thumbnail","hentry","category-ayuntamiento-pamplona"],"yoast_head":"<!-- This site is optimized with the Yoast SEO plugin v27.5 - https:\/\/yoast.com\/product\/yoast-seo-wordpress\/ -->\n<title>El Ayuntamiento estudia emprender acciones penales por delito de injurias por las acusaciones vertidas por EH Bildu sobre la contrataci\u00f3n de servicios jur\u00eddicos<\/title>\n<meta name=\"description\" content=\"Los servicios jur\u00eddicos municipales subcontratan ocasionalmente la labor de abogados concretos para llevar procedimientos ante los tribunales\" \/>\n<meta name=\"robots\" content=\"index, follow, max-snippet:-1, max-image-preview:large, max-video-preview:-1\" \/>\n<link rel=\"canonical\" href=\"https:\/\/www.laguiadepamplona.com\/actualidad\/el-ayuntamiento-estudia-emprender-acciones-penales-por-delito-de-injurias-por-las-acusaciones-vertidas-por-eh-bildu-sobre-la-contratacion-de-servicios-juridicos\/\" \/>\n<meta property=\"og:locale\" content=\"es_ES\" \/>\n<meta property=\"og:type\" content=\"article\" \/>\n<meta property=\"og:title\" content=\"El Ayuntamiento estudia emprender acciones penales por delito de injurias por las acusaciones vertidas por EH Bildu sobre la contrataci\u00f3n de servicios jur\u00eddicos\" \/>\n<meta property=\"og:description\" content=\"Los servicios jur\u00eddicos municipales subcontratan ocasionalmente la labor de abogados concretos para llevar procedimientos ante los tribunales\" \/>\n<meta property=\"og:url\" content=\"https:\/\/www.laguiadepamplona.com\/actualidad\/el-ayuntamiento-estudia-emprender-acciones-penales-por-delito-de-injurias-por-las-acusaciones-vertidas-por-eh-bildu-sobre-la-contratacion-de-servicios-juridicos\/\" \/>\n<meta property=\"og:site_name\" content=\"La Gu\u00eda de Pamplona\" \/>\n<meta property=\"article:publisher\" content=\"https:\/\/www.facebook.com\/laguiadepamplonacom-133175176762273\/?ref=hl\" \/>\n<meta property=\"article:published_time\" content=\"2022-03-02T15:28:40+00:00\" \/>\n<meta property=\"article:modified_time\" content=\"2023-04-11T09:48:28+00:00\" \/>\n<meta property=\"og:image\" content=\"https:\/\/www.laguiadepamplona.com\/actualidad\/wp-content\/uploads\/2021\/08\/ayuntamiento-pamplona2.jpg\" \/>\n\t<meta property=\"og:image:width\" content=\"1920\" \/>\n\t<meta property=\"og:image:height\" content=\"1080\" \/>\n\t<meta property=\"og:image:type\" content=\"image\/jpeg\" \/>\n<meta name=\"author\" content=\"La Gu\u00eda de Pamplona\" \/>\n<meta name=\"twitter:card\" content=\"summary_large_image\" \/>\n<meta name=\"twitter:creator\" content=\"@LaGuiadPamplona\" \/>\n<meta name=\"twitter:site\" content=\"@LaGuiadPamplona\" \/>\n<meta name=\"twitter:label1\" content=\"Escrito por\" \/>\n\t<meta name=\"twitter:data1\" content=\"La Gu\u00eda de Pamplona\" \/>\n\t<meta name=\"twitter:label2\" content=\"Tiempo de lectura\" \/>\n\t<meta name=\"twitter:data2\" content=\"2 minutos\" \/>\n<script type=\"application\/ld+json\" class=\"yoast-schema-graph\">{\"@context\":\"https:\\\/\\\/schema.org\",\"@graph\":[{\"@type\":\"Article\",\"@id\":\"https:\\\/\\\/www.laguiadepamplona.com\\\/actualidad\\\/el-ayuntamiento-estudia-emprender-acciones-penales-por-delito-de-injurias-por-las-acusaciones-vertidas-por-eh-bildu-sobre-la-contratacion-de-servicios-juridicos\\\/#article\",\"isPartOf\":{\"@id\":\"https:\\\/\\\/www.laguiadepamplona.com\\\/actualidad\\\/el-ayuntamiento-estudia-emprender-acciones-penales-por-delito-de-injurias-por-las-acusaciones-vertidas-por-eh-bildu-sobre-la-contratacion-de-servicios-juridicos\\\/\"},\"author\":{\"name\":\"La Gu\u00eda de Pamplona\",\"@id\":\"https:\\\/\\\/www.laguiadepamplona.com\\\/actualidad\\\/#\\\/schema\\\/person\\\/efe887376f0213d4657c93adc50b1fdb\"},\"headline\":\"El Ayuntamiento estudia emprender acciones penales por delito de injurias por las acusaciones vertidas por EH Bildu sobre la contrataci\u00f3n de servicios jur\u00eddicos\",\"datePublished\":\"2022-03-02T15:28:40+00:00\",\"dateModified\":\"2023-04-11T09:48:28+00:00\",\"mainEntityOfPage\":{\"@id\":\"https:\\\/\\\/www.laguiadepamplona.com\\\/actualidad\\\/el-ayuntamiento-estudia-emprender-acciones-penales-por-delito-de-injurias-por-las-acusaciones-vertidas-por-eh-bildu-sobre-la-contratacion-de-servicios-juridicos\\\/\"},\"wordCount\":399,\"commentCount\":0,\"publisher\":{\"@id\":\"https:\\\/\\\/www.laguiadepamplona.com\\\/actualidad\\\/#organization\"},\"image\":{\"@id\":\"https:\\\/\\\/www.laguiadepamplona.com\\\/actualidad\\\/el-ayuntamiento-estudia-emprender-acciones-penales-por-delito-de-injurias-por-las-acusaciones-vertidas-por-eh-bildu-sobre-la-contratacion-de-servicios-juridicos\\\/#primaryimage\"},\"thumbnailUrl\":\"https:\\\/\\\/www.laguiadepamplona.com\\\/actualidad\\\/wp-content\\\/uploads\\\/2021\\\/08\\\/ayuntamiento-pamplona2.jpg\",\"articleSection\":[\"Ayto Pamplona\"],\"inLanguage\":\"es\",\"potentialAction\":[{\"@type\":\"CommentAction\",\"name\":\"Comment\",\"target\":[\"https:\\\/\\\/www.laguiadepamplona.com\\\/actualidad\\\/el-ayuntamiento-estudia-emprender-acciones-penales-por-delito-de-injurias-por-las-acusaciones-vertidas-por-eh-bildu-sobre-la-contratacion-de-servicios-juridicos\\\/#respond\"]}]},{\"@type\":\"WebPage\",\"@id\":\"https:\\\/\\\/www.laguiadepamplona.com\\\/actualidad\\\/el-ayuntamiento-estudia-emprender-acciones-penales-por-delito-de-injurias-por-las-acusaciones-vertidas-por-eh-bildu-sobre-la-contratacion-de-servicios-juridicos\\\/\",\"url\":\"https:\\\/\\\/www.laguiadepamplona.com\\\/actualidad\\\/el-ayuntamiento-estudia-emprender-acciones-penales-por-delito-de-injurias-por-las-acusaciones-vertidas-por-eh-bildu-sobre-la-contratacion-de-servicios-juridicos\\\/\",\"name\":\"El Ayuntamiento estudia emprender acciones penales por delito de injurias por las acusaciones vertidas por EH Bildu sobre la contrataci\u00f3n de servicios jur\u00eddicos\",\"isPartOf\":{\"@id\":\"https:\\\/\\\/www.laguiadepamplona.com\\\/actualidad\\\/#website\"},\"primaryImageOfPage\":{\"@id\":\"https:\\\/\\\/www.laguiadepamplona.com\\\/actualidad\\\/el-ayuntamiento-estudia-emprender-acciones-penales-por-delito-de-injurias-por-las-acusaciones-vertidas-por-eh-bildu-sobre-la-contratacion-de-servicios-juridicos\\\/#primaryimage\"},\"image\":{\"@id\":\"https:\\\/\\\/www.laguiadepamplona.com\\\/actualidad\\\/el-ayuntamiento-estudia-emprender-acciones-penales-por-delito-de-injurias-por-las-acusaciones-vertidas-por-eh-bildu-sobre-la-contratacion-de-servicios-juridicos\\\/#primaryimage\"},\"thumbnailUrl\":\"https:\\\/\\\/www.laguiadepamplona.com\\\/actualidad\\\/wp-content\\\/uploads\\\/2021\\\/08\\\/ayuntamiento-pamplona2.jpg\",\"datePublished\":\"2022-03-02T15:28:40+00:00\",\"dateModified\":\"2023-04-11T09:48:28+00:00\",\"description\":\"Los servicios jur\u00eddicos municipales subcontratan ocasionalmente la labor de abogados concretos para llevar procedimientos ante los tribunales\",\"breadcrumb\":{\"@id\":\"https:\\\/\\\/www.laguiadepamplona.com\\\/actualidad\\\/el-ayuntamiento-estudia-emprender-acciones-penales-por-delito-de-injurias-por-las-acusaciones-vertidas-por-eh-bildu-sobre-la-contratacion-de-servicios-juridicos\\\/#breadcrumb\"},\"inLanguage\":\"es\",\"potentialAction\":[{\"@type\":\"ReadAction\",\"target\":[\"https:\\\/\\\/www.laguiadepamplona.com\\\/actualidad\\\/el-ayuntamiento-estudia-emprender-acciones-penales-por-delito-de-injurias-por-las-acusaciones-vertidas-por-eh-bildu-sobre-la-contratacion-de-servicios-juridicos\\\/\"]}]},{\"@type\":\"ImageObject\",\"inLanguage\":\"es\",\"@id\":\"https:\\\/\\\/www.laguiadepamplona.com\\\/actualidad\\\/el-ayuntamiento-estudia-emprender-acciones-penales-por-delito-de-injurias-por-las-acusaciones-vertidas-por-eh-bildu-sobre-la-contratacion-de-servicios-juridicos\\\/#primaryimage\",\"url\":\"https:\\\/\\\/www.laguiadepamplona.com\\\/actualidad\\\/wp-content\\\/uploads\\\/2021\\\/08\\\/ayuntamiento-pamplona2.jpg\",\"contentUrl\":\"https:\\\/\\\/www.laguiadepamplona.com\\\/actualidad\\\/wp-content\\\/uploads\\\/2021\\\/08\\\/ayuntamiento-pamplona2.jpg\",\"width\":1920,\"height\":1080,\"caption\":\"ayuntamiento pamplona\"},{\"@type\":\"BreadcrumbList\",\"@id\":\"https:\\\/\\\/www.laguiadepamplona.com\\\/actualidad\\\/el-ayuntamiento-estudia-emprender-acciones-penales-por-delito-de-injurias-por-las-acusaciones-vertidas-por-eh-bildu-sobre-la-contratacion-de-servicios-juridicos\\\/#breadcrumb\",\"itemListElement\":[{\"@type\":\"ListItem\",\"position\":1,\"name\":\"Portada\",\"item\":\"https:\\\/\\\/www.laguiadepamplona.com\\\/actualidad\\\/\"},{\"@type\":\"ListItem\",\"position\":2,\"name\":\"El Ayuntamiento estudia emprender acciones penales por delito de injurias por las acusaciones vertidas por EH Bildu sobre la contrataci\u00f3n de servicios jur\u00eddicos\"}]},{\"@type\":\"WebSite\",\"@id\":\"https:\\\/\\\/www.laguiadepamplona.com\\\/actualidad\\\/#website\",\"url\":\"https:\\\/\\\/www.laguiadepamplona.com\\\/actualidad\\\/\",\"name\":\"La gu\u00eda de Pamplona\",\"description\":\"Noticias de Pamplona\",\"publisher\":{\"@id\":\"https:\\\/\\\/www.laguiadepamplona.com\\\/actualidad\\\/#organization\"},\"potentialAction\":[{\"@type\":\"SearchAction\",\"target\":{\"@type\":\"EntryPoint\",\"urlTemplate\":\"https:\\\/\\\/www.laguiadepamplona.com\\\/actualidad\\\/?s={search_term_string}\"},\"query-input\":{\"@type\":\"PropertyValueSpecification\",\"valueRequired\":true,\"valueName\":\"search_term_string\"}}],\"inLanguage\":\"es\"},{\"@type\":\"Organization\",\"@id\":\"https:\\\/\\\/www.laguiadepamplona.com\\\/actualidad\\\/#organization\",\"name\":\"La Gu\u00eda de Pamplona \\\/ Noticias\",\"url\":\"https:\\\/\\\/www.laguiadepamplona.com\\\/actualidad\\\/\",\"logo\":{\"@type\":\"ImageObject\",\"inLanguage\":\"es\",\"@id\":\"https:\\\/\\\/www.laguiadepamplona.com\\\/actualidad\\\/#\\\/schema\\\/logo\\\/image\\\/\",\"url\":\"https:\\\/\\\/www.laguiadepamplona.com\\\/actualidad\\\/wp-content\\\/uploads\\\/2018\\\/11\\\/logo-laguiadepamplona18-web1.png\",\"contentUrl\":\"https:\\\/\\\/www.laguiadepamplona.com\\\/actualidad\\\/wp-content\\\/uploads\\\/2018\\\/11\\\/logo-laguiadepamplona18-web1.png\",\"width\":600,\"height\":196,\"caption\":\"La Gu\u00eda de Pamplona \\\/ Noticias\"},\"image\":{\"@id\":\"https:\\\/\\\/www.laguiadepamplona.com\\\/actualidad\\\/#\\\/schema\\\/logo\\\/image\\\/\"},\"sameAs\":[\"https:\\\/\\\/www.facebook.com\\\/laguiadepamplonacom-133175176762273\\\/?ref=hl\",\"https:\\\/\\\/x.com\\\/LaGuiadPamplona\",\"https:\\\/\\\/www.instagram.com\\\/la_guia_de_pamplona\\\/\",\"https:\\\/\\\/www.youtube.com\\\/user\\\/laguiadepamplona\"]},{\"@type\":\"Person\",\"@id\":\"https:\\\/\\\/www.laguiadepamplona.com\\\/actualidad\\\/#\\\/schema\\\/person\\\/efe887376f0213d4657c93adc50b1fdb\",\"name\":\"La Gu\u00eda de Pamplona\",\"image\":{\"@type\":\"ImageObject\",\"inLanguage\":\"es\",\"@id\":\"https:\\\/\\\/secure.gravatar.com\\\/avatar\\\/b6992f131dc8d30ab0dff15446e9d346d9dbd95992de0fef795073f5ea83a81c?s=96&d=mm&r=g\",\"url\":\"https:\\\/\\\/secure.gravatar.com\\\/avatar\\\/b6992f131dc8d30ab0dff15446e9d346d9dbd95992de0fef795073f5ea83a81c?s=96&d=mm&r=g\",\"contentUrl\":\"https:\\\/\\\/secure.gravatar.com\\\/avatar\\\/b6992f131dc8d30ab0dff15446e9d346d9dbd95992de0fef795073f5ea83a81c?s=96&d=mm&r=g\",\"caption\":\"La Gu\u00eda de Pamplona\"}}]}<\/script>\n<!-- \/ Yoast SEO plugin. -->","yoast_head_json":{"title":"El Ayuntamiento estudia emprender acciones penales por delito de injurias por las acusaciones vertidas por EH Bildu sobre la contrataci\u00f3n de servicios jur\u00eddicos","description":"Los servicios jur\u00eddicos municipales subcontratan ocasionalmente la labor de abogados concretos para llevar procedimientos ante los tribunales","robots":{"index":"index","follow":"follow","max-snippet":"max-snippet:-1","max-image-preview":"max-image-preview:large","max-video-preview":"max-video-preview:-1"},"canonical":"https:\/\/www.laguiadepamplona.com\/actualidad\/el-ayuntamiento-estudia-emprender-acciones-penales-por-delito-de-injurias-por-las-acusaciones-vertidas-por-eh-bildu-sobre-la-contratacion-de-servicios-juridicos\/","og_locale":"es_ES","og_type":"article","og_title":"El Ayuntamiento estudia emprender acciones penales por delito de injurias por las acusaciones vertidas por EH Bildu sobre la contrataci\u00f3n de servicios jur\u00eddicos","og_description":"Los servicios jur\u00eddicos municipales subcontratan ocasionalmente la labor de abogados concretos para llevar procedimientos ante los tribunales","og_url":"https:\/\/www.laguiadepamplona.com\/actualidad\/el-ayuntamiento-estudia-emprender-acciones-penales-por-delito-de-injurias-por-las-acusaciones-vertidas-por-eh-bildu-sobre-la-contratacion-de-servicios-juridicos\/","og_site_name":"La Gu\u00eda de Pamplona","article_publisher":"https:\/\/www.facebook.com\/laguiadepamplonacom-133175176762273\/?ref=hl","article_published_time":"2022-03-02T15:28:40+00:00","article_modified_time":"2023-04-11T09:48:28+00:00","og_image":[{"width":1920,"height":1080,"url":"https:\/\/www.laguiadepamplona.com\/actualidad\/wp-content\/uploads\/2021\/08\/ayuntamiento-pamplona2.jpg","type":"image\/jpeg"}],"author":"La Gu\u00eda de Pamplona","twitter_card":"summary_large_image","twitter_creator":"@LaGuiadPamplona","twitter_site":"@LaGuiadPamplona","twitter_misc":{"Escrito por":"La Gu\u00eda de Pamplona","Tiempo de lectura":"2 minutos"},"schema":{"@context":"https:\/\/schema.org","@graph":[{"@type":"Article","@id":"https:\/\/www.laguiadepamplona.com\/actualidad\/el-ayuntamiento-estudia-emprender-acciones-penales-por-delito-de-injurias-por-las-acusaciones-vertidas-por-eh-bildu-sobre-la-contratacion-de-servicios-juridicos\/#article","isPartOf":{"@id":"https:\/\/www.laguiadepamplona.com\/actualidad\/el-ayuntamiento-estudia-emprender-acciones-penales-por-delito-de-injurias-por-las-acusaciones-vertidas-por-eh-bildu-sobre-la-contratacion-de-servicios-juridicos\/"},"author":{"name":"La Gu\u00eda de Pamplona","@id":"https:\/\/www.laguiadepamplona.com\/actualidad\/#\/schema\/person\/efe887376f0213d4657c93adc50b1fdb"},"headline":"El Ayuntamiento estudia emprender acciones penales por delito de injurias por las acusaciones vertidas por EH Bildu sobre la contrataci\u00f3n de servicios jur\u00eddicos","datePublished":"2022-03-02T15:28:40+00:00","dateModified":"2023-04-11T09:48:28+00:00","mainEntityOfPage":{"@id":"https:\/\/www.laguiadepamplona.com\/actualidad\/el-ayuntamiento-estudia-emprender-acciones-penales-por-delito-de-injurias-por-las-acusaciones-vertidas-por-eh-bildu-sobre-la-contratacion-de-servicios-juridicos\/"},"wordCount":399,"commentCount":0,"publisher":{"@id":"https:\/\/www.laguiadepamplona.com\/actualidad\/#organization"},"image":{"@id":"https:\/\/www.laguiadepamplona.com\/actualidad\/el-ayuntamiento-estudia-emprender-acciones-penales-por-delito-de-injurias-por-las-acusaciones-vertidas-por-eh-bildu-sobre-la-contratacion-de-servicios-juridicos\/#primaryimage"},"thumbnailUrl":"https:\/\/www.laguiadepamplona.com\/actualidad\/wp-content\/uploads\/2021\/08\/ayuntamiento-pamplona2.jpg","articleSection":["Ayto Pamplona"],"inLanguage":"es","potentialAction":[{"@type":"CommentAction","name":"Comment","target":["https:\/\/www.laguiadepamplona.com\/actualidad\/el-ayuntamiento-estudia-emprender-acciones-penales-por-delito-de-injurias-por-las-acusaciones-vertidas-por-eh-bildu-sobre-la-contratacion-de-servicios-juridicos\/#respond"]}]},{"@type":"WebPage","@id":"https:\/\/www.laguiadepamplona.com\/actualidad\/el-ayuntamiento-estudia-emprender-acciones-penales-por-delito-de-injurias-por-las-acusaciones-vertidas-por-eh-bildu-sobre-la-contratacion-de-servicios-juridicos\/","url":"https:\/\/www.laguiadepamplona.com\/actualidad\/el-ayuntamiento-estudia-emprender-acciones-penales-por-delito-de-injurias-por-las-acusaciones-vertidas-por-eh-bildu-sobre-la-contratacion-de-servicios-juridicos\/","name":"El Ayuntamiento estudia emprender acciones penales por delito de injurias por las acusaciones vertidas por EH Bildu sobre la contrataci\u00f3n de servicios jur\u00eddicos","isPartOf":{"@id":"https:\/\/www.laguiadepamplona.com\/actualidad\/#website"},"primaryImageOfPage":{"@id":"https:\/\/www.laguiadepamplona.com\/actualidad\/el-ayuntamiento-estudia-emprender-acciones-penales-por-delito-de-injurias-por-las-acusaciones-vertidas-por-eh-bildu-sobre-la-contratacion-de-servicios-juridicos\/#primaryimage"},"image":{"@id":"https:\/\/www.laguiadepamplona.com\/actualidad\/el-ayuntamiento-estudia-emprender-acciones-penales-por-delito-de-injurias-por-las-acusaciones-vertidas-por-eh-bildu-sobre-la-contratacion-de-servicios-juridicos\/#primaryimage"},"thumbnailUrl":"https:\/\/www.laguiadepamplona.com\/actualidad\/wp-content\/uploads\/2021\/08\/ayuntamiento-pamplona2.jpg","datePublished":"2022-03-02T15:28:40+00:00","dateModified":"2023-04-11T09:48:28+00:00","description":"Los servicios jur\u00eddicos municipales subcontratan ocasionalmente la labor de abogados concretos para llevar procedimientos ante los tribunales","breadcrumb":{"@id":"https:\/\/www.laguiadepamplona.com\/actualidad\/el-ayuntamiento-estudia-emprender-acciones-penales-por-delito-de-injurias-por-las-acusaciones-vertidas-por-eh-bildu-sobre-la-contratacion-de-servicios-juridicos\/#breadcrumb"},"inLanguage":"es","potentialAction":[{"@type":"ReadAction","target":["https:\/\/www.laguiadepamplona.com\/actualidad\/el-ayuntamiento-estudia-emprender-acciones-penales-por-delito-de-injurias-por-las-acusaciones-vertidas-por-eh-bildu-sobre-la-contratacion-de-servicios-juridicos\/"]}]},{"@type":"ImageObject","inLanguage":"es","@id":"https:\/\/www.laguiadepamplona.com\/actualidad\/el-ayuntamiento-estudia-emprender-acciones-penales-por-delito-de-injurias-por-las-acusaciones-vertidas-por-eh-bildu-sobre-la-contratacion-de-servicios-juridicos\/#primaryimage","url":"https:\/\/www.laguiadepamplona.com\/actualidad\/wp-content\/uploads\/2021\/08\/ayuntamiento-pamplona2.jpg","contentUrl":"https:\/\/www.laguiadepamplona.com\/actualidad\/wp-content\/uploads\/2021\/08\/ayuntamiento-pamplona2.jpg","width":1920,"height":1080,"caption":"ayuntamiento pamplona"},{"@type":"BreadcrumbList","@id":"https:\/\/www.laguiadepamplona.com\/actualidad\/el-ayuntamiento-estudia-emprender-acciones-penales-por-delito-de-injurias-por-las-acusaciones-vertidas-por-eh-bildu-sobre-la-contratacion-de-servicios-juridicos\/#breadcrumb","itemListElement":[{"@type":"ListItem","position":1,"name":"Portada","item":"https:\/\/www.laguiadepamplona.com\/actualidad\/"},{"@type":"ListItem","position":2,"name":"El Ayuntamiento estudia emprender acciones penales por delito de injurias por las acusaciones vertidas por EH Bildu sobre la contrataci\u00f3n de servicios jur\u00eddicos"}]},{"@type":"WebSite","@id":"https:\/\/www.laguiadepamplona.com\/actualidad\/#website","url":"https:\/\/www.laguiadepamplona.com\/actualidad\/","name":"La gu\u00eda de Pamplona","description":"Noticias de Pamplona","publisher":{"@id":"https:\/\/www.laguiadepamplona.com\/actualidad\/#organization"},"potentialAction":[{"@type":"SearchAction","target":{"@type":"EntryPoint","urlTemplate":"https:\/\/www.laguiadepamplona.com\/actualidad\/?s={search_term_string}"},"query-input":{"@type":"PropertyValueSpecification","valueRequired":true,"valueName":"search_term_string"}}],"inLanguage":"es"},{"@type":"Organization","@id":"https:\/\/www.laguiadepamplona.com\/actualidad\/#organization","name":"La Gu\u00eda de Pamplona \/ Noticias","url":"https:\/\/www.laguiadepamplona.com\/actualidad\/","logo":{"@type":"ImageObject","inLanguage":"es","@id":"https:\/\/www.laguiadepamplona.com\/actualidad\/#\/schema\/logo\/image\/","url":"https:\/\/www.laguiadepamplona.com\/actualidad\/wp-content\/uploads\/2018\/11\/logo-laguiadepamplona18-web1.png","contentUrl":"https:\/\/www.laguiadepamplona.com\/actualidad\/wp-content\/uploads\/2018\/11\/logo-laguiadepamplona18-web1.png","width":600,"height":196,"caption":"La Gu\u00eda de Pamplona \/ Noticias"},"image":{"@id":"https:\/\/www.laguiadepamplona.com\/actualidad\/#\/schema\/logo\/image\/"},"sameAs":["https:\/\/www.facebook.com\/laguiadepamplonacom-133175176762273\/?ref=hl","https:\/\/x.com\/LaGuiadPamplona","https:\/\/www.instagram.com\/la_guia_de_pamplona\/","https:\/\/www.youtube.com\/user\/laguiadepamplona"]},{"@type":"Person","@id":"https:\/\/www.laguiadepamplona.com\/actualidad\/#\/schema\/person\/efe887376f0213d4657c93adc50b1fdb","name":"La Gu\u00eda de Pamplona","image":{"@type":"ImageObject","inLanguage":"es","@id":"https:\/\/secure.gravatar.com\/avatar\/b6992f131dc8d30ab0dff15446e9d346d9dbd95992de0fef795073f5ea83a81c?s=96&d=mm&r=g","url":"https:\/\/secure.gravatar.com\/avatar\/b6992f131dc8d30ab0dff15446e9d346d9dbd95992de0fef795073f5ea83a81c?s=96&d=mm&r=g","contentUrl":"https:\/\/secure.gravatar.com\/avatar\/b6992f131dc8d30ab0dff15446e9d346d9dbd95992de0fef795073f5ea83a81c?s=96&d=mm&r=g","caption":"La Gu\u00eda de Pamplona"}}]}},"post_mailing_queue_ids":[],"_links":{"self":[{"href":"https:\/\/www.laguiadepamplona.com\/actualidad\/wp-json\/wp\/v2\/posts\/39137","targetHints":{"allow":["GET"]}}],"collection":[{"href":"https:\/\/www.laguiadepamplona.com\/actualidad\/wp-json\/wp\/v2\/posts"}],"about":[{"href":"https:\/\/www.laguiadepamplona.com\/actualidad\/wp-json\/wp\/v2\/types\/post"}],"author":[{"embeddable":true,"href":"https:\/\/www.laguiadepamplona.com\/actualidad\/wp-json\/wp\/v2\/users\/1"}],"replies":[{"embeddable":true,"href":"https:\/\/www.laguiadepamplona.com\/actualidad\/wp-json\/wp\/v2\/comments?post=39137"}],"version-history":[{"count":0,"href":"https:\/\/www.laguiadepamplona.com\/actualidad\/wp-json\/wp\/v2\/posts\/39137\/revisions"}],"wp:featuredmedia":[{"embeddable":true,"href":"https:\/\/www.laguiadepamplona.com\/actualidad\/wp-json\/wp\/v2\/media\/36074"}],"wp:attachment":[{"href":"https:\/\/www.laguiadepamplona.com\/actualidad\/wp-json\/wp\/v2\/media?parent=39137"}],"wp:term":[{"taxonomy":"category","embeddable":true,"href":"https:\/\/www.laguiadepamplona.com\/actualidad\/wp-json\/wp\/v2\/categories?post=39137"},{"taxonomy":"post_tag","embeddable":true,"href":"https:\/\/www.laguiadepamplona.com\/actualidad\/wp-json\/wp\/v2\/tags?post=39137"}],"curies":[{"name":"wp","href":"https:\/\/api.w.org\/{rel}","templated":true}]}}