{"id":39134,"date":"2022-03-02T17:26:23","date_gmt":"2022-03-02T15:26:23","guid":{"rendered":"https:\/\/www.laguiadepamplona.com\/actualidad\/?p=39134"},"modified":"2023-04-11T11:48:28","modified_gmt":"2023-04-11T09:48:28","slug":"el-ayuntamiento-de-pamplona-celebrara-el-dia-internacional-de-las-mujeres-con-una-programacion-abierta-la-ciudadania-que-se-desarrollara-del-3-al-23-de-marzo","status":"publish","type":"post","link":"https:\/\/www.laguiadepamplona.com\/actualidad\/el-ayuntamiento-de-pamplona-celebrara-el-dia-internacional-de-las-mujeres-con-una-programacion-abierta-la-ciudadania-que-se-desarrollara-del-3-al-23-de-marzo\/","title":{"rendered":"El Ayuntamiento de Pamplona celebrar\u00e1 el D\u00eda Internacional de las Mujeres con una programaci\u00f3n abierta la ciudadan\u00eda que se desarrollar\u00e1 del 3 al 23 de marzo"},"content":{"rendered":"<h5>El Consistorio homenajear\u00e1 el mismo 8M a mujeres con diferentes trayectorias que son referentes sociales en sus campos de experiencia<\/h5>\n<p><!--more--><\/p>\n<p>El Ayuntamiento de Pamplona celebrar\u00e1 el 8 de marzo, como cada a\u00f1o, con una serie de actos oficiales y una programaci\u00f3n propia, abierta la ciudadan\u00eda, por el D\u00eda Internacional de las Mujeres. Esta jornada se centra a nivel mundial en la lucha por la igualdad, la participaci\u00f3n y el empoderamiento de las mujeres en todos los \u00e1mbitos de la sociedad.<\/p>\n<p>El Consistorio se sumar\u00e1 al manifiesto general de conmemoraci\u00f3n y reivindicaci\u00f3n mediante la lectura de una declaraci\u00f3n institucional a las 11 horas en la Plaza Consistorial. Pero, adem\u00e1s, el mismo 8M homenajear\u00e1 la ciudad en Condestable a mujeres con diferentes trayectorias que son referentes sociales en sus campos de experiencia. Asimismo, el Consistorio invitar\u00e1 a la ciudadan\u00eda participar en la movilizaci\u00f3n organizada por los movimientos feministas el pr\u00f3ximo 8 de marzo en el parque de Antoinutti, a las 18 horas.<\/p>\n<p>Dentro de las actividades culturales previstas que se desarrollar\u00e1n entre el 3 y el 23 de marzo, se han programado 14 propuestas de teatro, fotograf\u00eda, cine, arte interdisciplinar, divulgaci\u00f3n cient\u00edfica, sostenibilidad o talleres juveniles que tendr\u00e1n como escenarios distintos centros de la red Civivox, la Casa de la Juventud, la Casa de las Mujeres y la Escuela Navarra de Teatro. En su mayor\u00eda son gratuitas, aunque requieren inscripci\u00f3n previa.<br \/>\n<script async src=\"\/\/pagead2.googlesyndication.com\/pagead\/js\/adsbygoogle.js\"><\/script><br \/>\n<!-- Noticias La Guia de Pamplona --><br \/>\n<ins class=\"adsbygoogle\"\nstyle=\"display:block\"\ndata-ad-client=\"ca-pub-6943679897239327\"\ndata-ad-slot=\"7048180777\"\ndata-ad-format=\"auto\"><\/ins><br \/>\n<script>\n(adsbygoogle = window.adsbygoogle || []).push({});\n<\/script><\/p>\n<p><strong>Fotograf\u00edas que visibilizan<\/strong><\/p>\n<p>Ma\u00f1ana mismo en Civivox Iturrama quedar\u00e1 abierta la muestra fotogr\u00e1fica \u2018Mujeres y Cuidados\u2019, una selecci\u00f3n de 40 instant\u00e1neas que se pudo ver el pasado a\u00f1o en Condestable y que se ha ampliado a una segunda parte sobre \u2018Los negativos de los cuidados\u2019, esa parte velada de la intrahistoria social. Es otra memoria fotogr\u00e1fica de Pamplona que busca la visibilizaci\u00f3n hist\u00f3rica de ese trabajo no remunerado y escasamente valorado que sostiene la vida, que crea un patrimonio tambi\u00e9n invisible, y que libera a quienes no realizan esas tareas habitualmente para que puedan participar en el mercado laboral.<\/p>\n<p>Las fotograf\u00edas incitan a la reflexi\u00f3n sobre la desigualdad y est\u00e1n seleccionadas de entre los fondos y colecciones del Archivo Municipal de Pamplona, el Museo de Navarra y la fototeca de la Biblioteca Nacional de Espa\u00f1a, adem\u00e1s de otros archivos privados como el de J. Galle o el de las Hermanas de la Caridad de Pamplona. La parte nueva de la exposici\u00f3n a\u00f1ade datos y reflexiones sobre los cuidados en la actualidad y sobre las desigualdades entre mujeres y hombres. Se podr\u00e1 visitar del 3 al 14 de marzo en el horario de apertura del centro.<br \/>\n<script async src=\"\/\/pagead2.googlesyndication.com\/pagead\/js\/adsbygoogle.js\"><\/script><br \/>\n<!-- Noticias La Guia de Pamplona --><br \/>\n<ins class=\"adsbygoogle\"\nstyle=\"display:block\"\ndata-ad-client=\"ca-pub-6943679897239327\"\ndata-ad-slot=\"7048180777\"\ndata-ad-format=\"auto\"><\/ins><br \/>\n<script>\n(adsbygoogle = window.adsbygoogle || []).push({});\n<\/script><\/p>\n<p><strong>Viernes de ciencia y arte y: dos escapes y una performance<\/strong><\/p>\n<p>Ya est\u00e1n abiertas las inscripciones para las dos sesiones se escape room que bajo el t\u00edtulo \u2018La mujer y la ciencia\u2019 tendr\u00e1n lugar este viernes en la Casa de la Juventud. Por grupos, las personas participantes se enfrentar\u00e1n, mediante micro-retos y experimentos sobre l\u00edquidos magn\u00e9ticos, esferificaci\u00f3n o reacciones f\u00edsico-qu\u00edmicas, a la posibilidad de conocer algunos de los descubrimientos realizados por cient\u00edficas que est\u00e1n muy presentes en la vida diaria. Cada experimento ir\u00e1 acompa\u00f1ado por di\u00e1logos que ilustrar\u00e1n el recorrido de las mujeres en la ciencia y la desigualdad que la que tradicionalmente se mueven en este campo.<\/p>\n<p>La actividad est\u00e1 dirigida a j\u00f3venes de 12 a 30 a\u00f1os y la participaci\u00f3n es gratuita, aunque previa inscripci\u00f3n. Las sesiones, de una hora de duraci\u00f3n y con 25 plazas por tanda, tendr\u00e1n lugar en una primera tanda a las 17.30 horas, con un segundo pase a las 18.45 horas. El guion y la producci\u00f3n del escape es de la Asociaci\u00f3n Kanda Team Company<\/p>\n<p>A las 19.30 horas, la conmemoraci\u00f3n de trasladar\u00e1 a Civivox Condestable donde, siempre previa inscripci\u00f3n, tendr\u00e1 lugar el proyecto art\u00edstico interdisciplinar \u201cCaleidosc\u00f3picas: mujer \u2013 talento \u2013 fusi\u00f3n\u201d. En ella cuatro creadoras, Maite Sota (escritora), Loreto Jordana (teatro y expresi\u00f3n oral), Nekane Ibero (cantautora) y Amaia Sota (pintora), convivir\u00e1n en un \u00fanico espacio esc\u00e9nico en una sesi\u00f3n que buscar\u00e1 la participaci\u00f3n del p\u00fablico.<\/p>\n<p>El objetivo es mostrar y comunicar a trav\u00e9s de la expresi\u00f3n art\u00edstica armonizada una mirada femenina de lo \u00edntimo. Los hilos conductores que enlazar\u00e1n sus reflexiones son los est\u00edmulos que proceden de la percepci\u00f3n de la belleza de lo cotidiano y ef\u00edmero, pero tambi\u00e9n de la memoria de un segundo, del tab\u00fa y de la verg\u00fcenza, de lo desconocido, de lo esencial y de lo verdadero.<br \/>\n<script async src=\"\/\/pagead2.googlesyndication.com\/pagead\/js\/adsbygoogle.js\"><\/script><br \/>\n<!-- Noticias La Guia de Pamplona --><br \/>\n<ins class=\"adsbygoogle\"\nstyle=\"display:block\"\ndata-ad-client=\"ca-pub-6943679897239327\"\ndata-ad-slot=\"7048180777\"\ndata-ad-format=\"auto\"><\/ins><br \/>\n<script>\n(adsbygoogle = window.adsbygoogle || []).push({});\n<\/script><\/p>\n<p>&nbsp;<\/p>\n<h3>Actos de la Jornada del 8 de marzo<\/h3>\n<ul>\n<li><strong>Concentraci\u00f3n y lectura de la declaraci\u00f3n institucional con motivo del D\u00eda Internacional de las Mujeres<\/strong>. Plaza Consistorial. 11 horas.<\/li>\n<li><strong>Acto de reconocimiento a mujeres de Pamplona<\/strong> en diferentes disciplinas. Civivox Condestable. 11.30 horas<\/li>\n<li><strong>Caf\u00e9 8M<\/strong>. Casa de las Mujeres. 17 horas<\/li>\n<li><strong>Movilizaci\u00f3n<\/strong> organizada por los movimientos feministas. Parque de Antoinutti. 18 horas.<\/li>\n<\/ul>\n<p>Programaci\u00f3n en torno al 8M \u2018D\u00eda Internacional de las Mujeres\u2019<\/p>\n<p><span style=\"color: #ff0000;\"><strong>Del 3 al 14 de marzo<\/strong><\/span><\/p>\n<p><strong>EXPOSICI\u00d3N<\/strong><\/p>\n<p>\u201cMujeres y cuidados\u201d<\/p>\n<ul>\n<li>Civivox Iturrama. Horario: de 9 a 14 horas y de 17 a 22 horas.<\/li>\n<li>Muestra de im\u00e1genes hist\u00f3ricas que visibilizan el \u00e1mbito de los cuidados y su contribuci\u00f3n en sostener el mundo, adem\u00e1s de reflexionar sobre el papel de las mujeres y los cuidados en la historia y en la actualidad, y su incidencia en las desigualdades entre mujeres y hombres.<\/li>\n<\/ul>\n<p><span style=\"color: #ff0000;\"><strong>Viernes 4 de marzo<\/strong><\/span><\/p>\n<p><strong>ESCAPE ROOM<\/strong><\/p>\n<ul>\n<li>\u201cLa mujer y la ciencia\u201d. A cargo de la Asociaci\u00f3n Kanda Team Company.<\/li>\n<li>Casa de la Juventud Primera tanda: de 17.30 a 18.30 horas; Segunda tanda 18.45 a 19.45 horas. Entrada libre, previa inscripci\u00f3n.<\/li>\n<li>Actividad dirigida a j\u00f3venes de 12 a 30 a\u00f1os.<\/li>\n<li>Escape room en el que, a trav\u00e9s de retos y experimentos, se podr\u00e1 conocer algunos de los descubrimientos realizados por cient\u00edficas que han impactado en el d\u00eda a d\u00eda. Los experimentos estar\u00e1n acompa\u00f1ados de di\u00e1logos sobre el recorrido de las mujeres en el mundo de la ciencia.<\/li>\n<\/ul>\n<p><strong>PROYECTO ART\u00cdSTICO INTERDISCIPLINAR<\/strong><\/p>\n<p>\u201cCaleidosc\u00f3picas: mujer \u2013 talento \u2013 fusi\u00f3n\u201d<\/p>\n<ul>\n<li>Civivox Condestable. 19.30 horas<em>. <\/em> Con inscripci\u00f3n previa.<\/li>\n<li>Maite Sota (escritora), Loreto Jordana (teatro y expresi\u00f3n oral), Nekane Ibero (cantautora) y Amaia Sota (pintora). Cuatro creadoras en un \u00fanico espacio esc\u00e9nico en una sesi\u00f3n participativa.<\/li>\n<\/ul>\n<p><script async src=\"\/\/pagead2.googlesyndication.com\/pagead\/js\/adsbygoogle.js\"><\/script><br \/>\n<!-- Noticias La Guia de Pamplona --><br \/>\n<ins class=\"adsbygoogle\"\nstyle=\"display:block\"\ndata-ad-client=\"ca-pub-6943679897239327\"\ndata-ad-slot=\"7048180777\"\ndata-ad-format=\"auto\"><\/ins><br \/>\n<script>\n(adsbygoogle = window.adsbygoogle || []).push({});\n<\/script><\/p>\n<p><span style=\"color: #ff0000;\"><strong>S\u00e1bado, 5 de marzo<\/strong><\/span><\/p>\n<p><strong>TALLER DE MANUALIDADES<\/strong><\/p>\n<p>Crea a tu mentora para el 8M. A cargo de Garazi Valluerca, licenciada en Bellas Artes por la Universidad de Bilbao. Para p\u00fablico joven de 12 a 30 a\u00f1os.<\/p>\n<ul>\n<li>Casa Juventud. 11.30 horas. Entrada libre.<\/li>\n<li>El taller crear\u00e1 un broche-homenaje a mujeres que han tenido un gran papel en la historia, con una introducci\u00f3n sobre su papel en \u00e9pocas y con profesiones diferentes.<\/li>\n<\/ul>\n<p><strong>TEATRO<\/strong><\/p>\n<p>\u201cEllas solas\u201d. \u00c1tikus teatro.<\/p>\n<ul>\n<li>Civivox Iturrama. 19.30 horas. Con inscripci\u00f3n previa a 3 euros por butaca. Para p\u00fablico mayor de 18 a\u00f1os.<\/li>\n<li>Virtudes y Remedios son dos mujeres mayores que tienen que enfrentarse solas a un mundo que se derrumba. Demuestran una gran capacidad de subsistir- echando mano a la experiencia, sabidur\u00eda y sentido del humor. Es tambi\u00e9n una historia sobre la relaci\u00f3n entre abuelas y nietas.<\/li>\n<\/ul>\n<p><span style=\"color: #ff0000;\"><strong>Domingo 6 de marzo<\/strong><\/span><\/p>\n<p><strong>APERTITIVO AUTOGESTIONADO Y MUSICAL<\/strong><\/p>\n<ul>\n<li>Casa de las Mujeres. 13 horas. Libre participaci\u00f3n.<\/li>\n<\/ul>\n<p><strong>TEATRO<\/strong><\/p>\n<p>\u201cEl baile de las moscas\u201d. La Cuerda Teatro.<\/p>\n<ul>\n<li>Civivox Iturrama. 19.30 horas. Con inscripci\u00f3n previa a 3 euros por butaca.<\/li>\n<li>Comedia negra que reflexiona el actual concepto de comunidad que a veces est\u00e1 diluido sin hueco para el compromiso y el cuidado de los dem\u00e1s.<\/li>\n<\/ul>\n<p><span style=\"color: #ff0000;\"><strong>Lunes 7 de marzo<\/strong><\/span><\/p>\n<p><strong>CINEF\u00d3RUM<\/strong><\/p>\n<p>\u201cSufragistas\u201d (Sarah Gavron. Reino Unido. 2015. 106\u2019).<\/p>\n<ul>\n<li>Civivox Iturrama. 18 horas. Entrada libre previa inscripci\u00f3n. Coloquio a cargo de Mar\u00eda Castej\u00f3n.<\/li>\n<li>La trama refleja c\u00f3mo se gest\u00f3 el movimiento sufragista ingl\u00e9s, a trav\u00e9s de sus principales protagonistas.<\/li>\n<\/ul>\n<p><script async src=\"\/\/pagead2.googlesyndication.com\/pagead\/js\/adsbygoogle.js\"><\/script><br \/>\n<!-- Noticias La Guia de Pamplona --><br \/>\n<ins class=\"adsbygoogle\"\nstyle=\"display:block\"\ndata-ad-client=\"ca-pub-6943679897239327\"\ndata-ad-slot=\"7048180777\"\ndata-ad-format=\"auto\"><\/ins><br \/>\n<script>\n(adsbygoogle = window.adsbygoogle || []).push({});\n<\/script><\/p>\n<p><span style=\"color: #ff0000;\"><strong>Mi\u00e9rcoles 9 de marzo<\/strong><\/span><\/p>\n<p><strong>TALLER DE MANUALIDADES<\/strong><\/p>\n<p>Crea a tu mentora para el 8M. A cargo de Garazi Valluerca, licenciada en Bellas Artes por la Universidad de Bilbao. Para p\u00fablico joven de 12 a 30 a\u00f1os.<\/p>\n<ul>\n<li>Casa Juventud. 17 horas. Entrada libre.<\/li>\n<li>El taller crear\u00e1 un broche-homenaje a mujeres que han tenido un gran papel en la historia, con una introducci\u00f3n sobre su papel en \u00e9pocas y con profesiones diferentes.<\/li>\n<\/ul>\n<p><strong>ENCUENTRO<\/strong><\/p>\n<p>Agenda 2030: Sostenibilidad y Empoderamiento de la Mujer<\/p>\n<ul>\n<li>Civivox Iturrama 19 horas. Entrada libre previa inscripci\u00f3n. Para p\u00fablico mayor de 18 a\u00f1os.<\/li>\n<li>Intervienen: Paloma Orte, experta en Agenda 2030 y Beatriz Ochotorena, responsable de Fundaci\u00f3n Ultzama.<\/li>\n<li>Partiendo del Objetivo 5 de la Agenda 2030 de Naciones Unidas (Igualdad de g\u00e9nero) se crear\u00e1 un espacio de reflexi\u00f3n y encuentro.<\/li>\n<\/ul>\n<p><span style=\"color: #ff0000;\"><strong>Jueves 10 de marzo<\/strong><\/span><\/p>\n<p><strong>COLOQUIO CON LA GATA DE SCHR\u00d6DINGER <\/strong><\/p>\n<p>\u201cMujeres y divulgaci\u00f3n cient\u00edfica en tiempos de fake news y bulos\u201d.<\/p>\n<ul>\n<li>Civivox Condestable. 18 horas. Entrada libre.<\/li>\n<li>Ponente: Roc\u00edo Vidal, La gata de Schr\u00f6dinger, periodista y divulgadora cient\u00edfica.<\/li>\n<li>En tiempos de pandemia muchas han sido las mujeres que, desde redes sociales, canales de youtube, medios de comunicaci\u00f3n tradicionales, etc. han hecho frente a diferentes facke news, bulos. No pocas se han enfrentado a discursos de expulsi\u00f3n.<\/li>\n<\/ul>\n<p><strong>PRESENTACI\u00d3N Y PROYECCI\u00d3N DE V\u00efDEO<\/strong><\/p>\n<p>\u201cY a la vi\u00f1a tambi\u00e9n\u201d.<\/p>\n<ul>\n<li>Presentaci\u00f3n de Garnatxa, Asociaci\u00f3n de mujeres de San Mart\u00edn de Unx.<\/li>\n<li>Casa de las Mujeres. 19 horas. Entrada libre.<\/li>\n<\/ul>\n<p><script async src=\"\/\/pagead2.googlesyndication.com\/pagead\/js\/adsbygoogle.js\"><\/script><br \/>\n<!-- Noticias La Guia de Pamplona --><br \/>\n<ins class=\"adsbygoogle\"\nstyle=\"display:block\"\ndata-ad-client=\"ca-pub-6943679897239327\"\ndata-ad-slot=\"7048180777\"\ndata-ad-format=\"auto\"><\/ins><br \/>\n<script>\n(adsbygoogle = window.adsbygoogle || []).push({});\n<\/script><\/p>\n<p><span style=\"color: #ff0000;\"><strong>Martes 15 de marzo<\/strong><\/span><\/p>\n<p><strong>CINEF\u00d3RUM<\/strong><\/p>\n<p>\u201cSufragistas\u201d (Sarah Gavron. Reino Unido. 2015. 106\u2019).<\/p>\n<ul>\n<li>Civivox San Jorge. 18 horas. Entrada libre previa inscripci\u00f3n. Coloquio a cargo de Mar\u00eda Castej\u00f3n.<\/li>\n<li>La trama refleja c\u00f3mo se gest\u00f3 el movimiento sufragista ingl\u00e9s, a trav\u00e9s de sus principales protagonistas.<\/li>\n<\/ul>\n<p><span style=\"color: #ff0000;\"><strong>Mi\u00e9rcoles 23 de marzo<\/strong><\/span><\/p>\n<p><strong>TEATRO<\/strong><\/p>\n<p><strong>\u201cHACKERRAK\u201d <\/strong>(en euskera). Nomofobikoak.<\/p>\n<ul>\n<li>Escuela Navarra de Teatro. 19 horas. Entrada: 5 euros por butaca. Se pueden obtener en la taquilla o en la <a href=\"http:\/\/www.laescueladeteatro.com\/\" target=\"_blank\" rel=\"noopener\">web<\/a>.<\/li>\n<li>Debido a la falta de trabajo, tres actores aceptan participar en unas pruebas de inteligencia emocional para analizar la rob\u00f3tica. Conforme realizan pruebas, dejar\u00e1n de lado su deber y expresar\u00e1n en voz alta sus sentimientos; hablar\u00e1n sobre la necesidad de crear un comando hacker, o de cortar el cable muy grueso de Internet.<\/li>\n<\/ul>\n","protected":false},"excerpt":{"rendered":"<p>El Consistorio homenajear\u00e1 el mismo 8M a mujeres con diferentes trayectorias que son referentes sociales en sus campos de experiencia<\/p>\n","protected":false},"author":1,"featured_media":39135,"comment_status":"open","ping_status":"closed","sticky":false,"template":"","format":"standard","meta":{"footnotes":""},"categories":[2],"tags":[],"class_list":["post-39134","post","type-post","status-publish","format-standard","has-post-thumbnail","hentry","category-ayuntamiento-pamplona"],"yoast_head":"<!-- This site is optimized with the Yoast SEO plugin v27.3 - https:\/\/yoast.com\/product\/yoast-seo-wordpress\/ -->\n<title>El Ayuntamiento de Pamplona celebrar\u00e1 el D\u00eda Internacional de las Mujeres con una programaci\u00f3n abierta la ciudadan\u00eda que se desarrollar\u00e1 del 3 al 23 de marzo<\/title>\n<meta name=\"description\" content=\"El Consistorio homenajear\u00e1 el mismo 8M a mujeres con diferentes trayectorias que son referentes sociales en sus campos de experiencia\" \/>\n<meta name=\"robots\" content=\"index, follow, max-snippet:-1, max-image-preview:large, max-video-preview:-1\" \/>\n<link rel=\"canonical\" href=\"https:\/\/www.laguiadepamplona.com\/actualidad\/el-ayuntamiento-de-pamplona-celebrara-el-dia-internacional-de-las-mujeres-con-una-programacion-abierta-la-ciudadania-que-se-desarrollara-del-3-al-23-de-marzo\/\" \/>\n<meta property=\"og:locale\" content=\"es_ES\" \/>\n<meta property=\"og:type\" content=\"article\" \/>\n<meta property=\"og:title\" content=\"El Ayuntamiento de Pamplona celebrar\u00e1 el D\u00eda Internacional de las Mujeres con una programaci\u00f3n abierta la ciudadan\u00eda que se desarrollar\u00e1 del 3 al 23 de marzo\" \/>\n<meta property=\"og:description\" content=\"El Consistorio homenajear\u00e1 el mismo 8M a mujeres con diferentes trayectorias que son referentes sociales en sus campos de experiencia\" \/>\n<meta property=\"og:url\" content=\"https:\/\/www.laguiadepamplona.com\/actualidad\/el-ayuntamiento-de-pamplona-celebrara-el-dia-internacional-de-las-mujeres-con-una-programacion-abierta-la-ciudadania-que-se-desarrollara-del-3-al-23-de-marzo\/\" \/>\n<meta property=\"og:site_name\" content=\"La Gu\u00eda de Pamplona\" \/>\n<meta property=\"article:publisher\" content=\"https:\/\/www.facebook.com\/laguiadepamplonacom-133175176762273\/?ref=hl\" \/>\n<meta property=\"article:published_time\" content=\"2022-03-02T15:26:23+00:00\" \/>\n<meta property=\"article:modified_time\" content=\"2023-04-11T09:48:28+00:00\" \/>\n<meta property=\"og:image\" content=\"https:\/\/www.laguiadepamplona.com\/actualidad\/wp-content\/uploads\/2022\/03\/Captura-8M_0.png\" \/>\n\t<meta property=\"og:image:width\" content=\"640\" \/>\n\t<meta property=\"og:image:height\" content=\"782\" \/>\n\t<meta property=\"og:image:type\" content=\"image\/png\" \/>\n<meta name=\"author\" content=\"La Gu\u00eda de Pamplona\" \/>\n<meta name=\"twitter:card\" content=\"summary_large_image\" \/>\n<meta name=\"twitter:creator\" content=\"@LaGuiadPamplona\" \/>\n<meta name=\"twitter:site\" content=\"@LaGuiadPamplona\" \/>\n<meta name=\"twitter:label1\" content=\"Escrito por\" \/>\n\t<meta name=\"twitter:data1\" content=\"La Gu\u00eda de Pamplona\" \/>\n\t<meta name=\"twitter:label2\" content=\"Tiempo de lectura\" \/>\n\t<meta name=\"twitter:data2\" content=\"8 minutos\" \/>\n<script type=\"application\/ld+json\" class=\"yoast-schema-graph\">{\"@context\":\"https:\\\/\\\/schema.org\",\"@graph\":[{\"@type\":\"Article\",\"@id\":\"https:\\\/\\\/www.laguiadepamplona.com\\\/actualidad\\\/el-ayuntamiento-de-pamplona-celebrara-el-dia-internacional-de-las-mujeres-con-una-programacion-abierta-la-ciudadania-que-se-desarrollara-del-3-al-23-de-marzo\\\/#article\",\"isPartOf\":{\"@id\":\"https:\\\/\\\/www.laguiadepamplona.com\\\/actualidad\\\/el-ayuntamiento-de-pamplona-celebrara-el-dia-internacional-de-las-mujeres-con-una-programacion-abierta-la-ciudadania-que-se-desarrollara-del-3-al-23-de-marzo\\\/\"},\"author\":{\"name\":\"La Gu\u00eda de Pamplona\",\"@id\":\"https:\\\/\\\/www.laguiadepamplona.com\\\/actualidad\\\/#\\\/schema\\\/person\\\/efe887376f0213d4657c93adc50b1fdb\"},\"headline\":\"El Ayuntamiento de Pamplona celebrar\u00e1 el D\u00eda Internacional de las Mujeres con una programaci\u00f3n abierta la ciudadan\u00eda que se desarrollar\u00e1 del 3 al 23 de marzo\",\"datePublished\":\"2022-03-02T15:26:23+00:00\",\"dateModified\":\"2023-04-11T09:48:28+00:00\",\"mainEntityOfPage\":{\"@id\":\"https:\\\/\\\/www.laguiadepamplona.com\\\/actualidad\\\/el-ayuntamiento-de-pamplona-celebrara-el-dia-internacional-de-las-mujeres-con-una-programacion-abierta-la-ciudadania-que-se-desarrollara-del-3-al-23-de-marzo\\\/\"},\"wordCount\":1725,\"commentCount\":0,\"publisher\":{\"@id\":\"https:\\\/\\\/www.laguiadepamplona.com\\\/actualidad\\\/#organization\"},\"image\":{\"@id\":\"https:\\\/\\\/www.laguiadepamplona.com\\\/actualidad\\\/el-ayuntamiento-de-pamplona-celebrara-el-dia-internacional-de-las-mujeres-con-una-programacion-abierta-la-ciudadania-que-se-desarrollara-del-3-al-23-de-marzo\\\/#primaryimage\"},\"thumbnailUrl\":\"https:\\\/\\\/www.laguiadepamplona.com\\\/actualidad\\\/wp-content\\\/uploads\\\/2022\\\/03\\\/Captura-8M_0.png\",\"articleSection\":[\"Ayto Pamplona\"],\"inLanguage\":\"es\",\"potentialAction\":[{\"@type\":\"CommentAction\",\"name\":\"Comment\",\"target\":[\"https:\\\/\\\/www.laguiadepamplona.com\\\/actualidad\\\/el-ayuntamiento-de-pamplona-celebrara-el-dia-internacional-de-las-mujeres-con-una-programacion-abierta-la-ciudadania-que-se-desarrollara-del-3-al-23-de-marzo\\\/#respond\"]}]},{\"@type\":\"WebPage\",\"@id\":\"https:\\\/\\\/www.laguiadepamplona.com\\\/actualidad\\\/el-ayuntamiento-de-pamplona-celebrara-el-dia-internacional-de-las-mujeres-con-una-programacion-abierta-la-ciudadania-que-se-desarrollara-del-3-al-23-de-marzo\\\/\",\"url\":\"https:\\\/\\\/www.laguiadepamplona.com\\\/actualidad\\\/el-ayuntamiento-de-pamplona-celebrara-el-dia-internacional-de-las-mujeres-con-una-programacion-abierta-la-ciudadania-que-se-desarrollara-del-3-al-23-de-marzo\\\/\",\"name\":\"El Ayuntamiento de Pamplona celebrar\u00e1 el D\u00eda Internacional de las Mujeres con una programaci\u00f3n abierta la ciudadan\u00eda que se desarrollar\u00e1 del 3 al 23 de marzo\",\"isPartOf\":{\"@id\":\"https:\\\/\\\/www.laguiadepamplona.com\\\/actualidad\\\/#website\"},\"primaryImageOfPage\":{\"@id\":\"https:\\\/\\\/www.laguiadepamplona.com\\\/actualidad\\\/el-ayuntamiento-de-pamplona-celebrara-el-dia-internacional-de-las-mujeres-con-una-programacion-abierta-la-ciudadania-que-se-desarrollara-del-3-al-23-de-marzo\\\/#primaryimage\"},\"image\":{\"@id\":\"https:\\\/\\\/www.laguiadepamplona.com\\\/actualidad\\\/el-ayuntamiento-de-pamplona-celebrara-el-dia-internacional-de-las-mujeres-con-una-programacion-abierta-la-ciudadania-que-se-desarrollara-del-3-al-23-de-marzo\\\/#primaryimage\"},\"thumbnailUrl\":\"https:\\\/\\\/www.laguiadepamplona.com\\\/actualidad\\\/wp-content\\\/uploads\\\/2022\\\/03\\\/Captura-8M_0.png\",\"datePublished\":\"2022-03-02T15:26:23+00:00\",\"dateModified\":\"2023-04-11T09:48:28+00:00\",\"description\":\"El Consistorio homenajear\u00e1 el mismo 8M a mujeres con diferentes trayectorias que son referentes sociales en sus campos de experiencia\",\"breadcrumb\":{\"@id\":\"https:\\\/\\\/www.laguiadepamplona.com\\\/actualidad\\\/el-ayuntamiento-de-pamplona-celebrara-el-dia-internacional-de-las-mujeres-con-una-programacion-abierta-la-ciudadania-que-se-desarrollara-del-3-al-23-de-marzo\\\/#breadcrumb\"},\"inLanguage\":\"es\",\"potentialAction\":[{\"@type\":\"ReadAction\",\"target\":[\"https:\\\/\\\/www.laguiadepamplona.com\\\/actualidad\\\/el-ayuntamiento-de-pamplona-celebrara-el-dia-internacional-de-las-mujeres-con-una-programacion-abierta-la-ciudadania-que-se-desarrollara-del-3-al-23-de-marzo\\\/\"]}]},{\"@type\":\"ImageObject\",\"inLanguage\":\"es\",\"@id\":\"https:\\\/\\\/www.laguiadepamplona.com\\\/actualidad\\\/el-ayuntamiento-de-pamplona-celebrara-el-dia-internacional-de-las-mujeres-con-una-programacion-abierta-la-ciudadania-que-se-desarrollara-del-3-al-23-de-marzo\\\/#primaryimage\",\"url\":\"https:\\\/\\\/www.laguiadepamplona.com\\\/actualidad\\\/wp-content\\\/uploads\\\/2022\\\/03\\\/Captura-8M_0.png\",\"contentUrl\":\"https:\\\/\\\/www.laguiadepamplona.com\\\/actualidad\\\/wp-content\\\/uploads\\\/2022\\\/03\\\/Captura-8M_0.png\",\"width\":640,\"height\":782},{\"@type\":\"BreadcrumbList\",\"@id\":\"https:\\\/\\\/www.laguiadepamplona.com\\\/actualidad\\\/el-ayuntamiento-de-pamplona-celebrara-el-dia-internacional-de-las-mujeres-con-una-programacion-abierta-la-ciudadania-que-se-desarrollara-del-3-al-23-de-marzo\\\/#breadcrumb\",\"itemListElement\":[{\"@type\":\"ListItem\",\"position\":1,\"name\":\"Portada\",\"item\":\"https:\\\/\\\/www.laguiadepamplona.com\\\/actualidad\\\/\"},{\"@type\":\"ListItem\",\"position\":2,\"name\":\"El Ayuntamiento de Pamplona celebrar\u00e1 el D\u00eda Internacional de las Mujeres con una programaci\u00f3n abierta la ciudadan\u00eda que se desarrollar\u00e1 del 3 al 23 de marzo\"}]},{\"@type\":\"WebSite\",\"@id\":\"https:\\\/\\\/www.laguiadepamplona.com\\\/actualidad\\\/#website\",\"url\":\"https:\\\/\\\/www.laguiadepamplona.com\\\/actualidad\\\/\",\"name\":\"La gu\u00eda de Pamplona\",\"description\":\"Noticias de Pamplona\",\"publisher\":{\"@id\":\"https:\\\/\\\/www.laguiadepamplona.com\\\/actualidad\\\/#organization\"},\"potentialAction\":[{\"@type\":\"SearchAction\",\"target\":{\"@type\":\"EntryPoint\",\"urlTemplate\":\"https:\\\/\\\/www.laguiadepamplona.com\\\/actualidad\\\/?s={search_term_string}\"},\"query-input\":{\"@type\":\"PropertyValueSpecification\",\"valueRequired\":true,\"valueName\":\"search_term_string\"}}],\"inLanguage\":\"es\"},{\"@type\":\"Organization\",\"@id\":\"https:\\\/\\\/www.laguiadepamplona.com\\\/actualidad\\\/#organization\",\"name\":\"La Gu\u00eda de Pamplona \\\/ Noticias\",\"url\":\"https:\\\/\\\/www.laguiadepamplona.com\\\/actualidad\\\/\",\"logo\":{\"@type\":\"ImageObject\",\"inLanguage\":\"es\",\"@id\":\"https:\\\/\\\/www.laguiadepamplona.com\\\/actualidad\\\/#\\\/schema\\\/logo\\\/image\\\/\",\"url\":\"https:\\\/\\\/www.laguiadepamplona.com\\\/actualidad\\\/wp-content\\\/uploads\\\/2018\\\/11\\\/logo-laguiadepamplona18-web1.png\",\"contentUrl\":\"https:\\\/\\\/www.laguiadepamplona.com\\\/actualidad\\\/wp-content\\\/uploads\\\/2018\\\/11\\\/logo-laguiadepamplona18-web1.png\",\"width\":600,\"height\":196,\"caption\":\"La Gu\u00eda de Pamplona \\\/ Noticias\"},\"image\":{\"@id\":\"https:\\\/\\\/www.laguiadepamplona.com\\\/actualidad\\\/#\\\/schema\\\/logo\\\/image\\\/\"},\"sameAs\":[\"https:\\\/\\\/www.facebook.com\\\/laguiadepamplonacom-133175176762273\\\/?ref=hl\",\"https:\\\/\\\/x.com\\\/LaGuiadPamplona\",\"https:\\\/\\\/www.instagram.com\\\/la_guia_de_pamplona\\\/\",\"https:\\\/\\\/www.youtube.com\\\/user\\\/laguiadepamplona\"]},{\"@type\":\"Person\",\"@id\":\"https:\\\/\\\/www.laguiadepamplona.com\\\/actualidad\\\/#\\\/schema\\\/person\\\/efe887376f0213d4657c93adc50b1fdb\",\"name\":\"La Gu\u00eda de Pamplona\",\"image\":{\"@type\":\"ImageObject\",\"inLanguage\":\"es\",\"@id\":\"https:\\\/\\\/secure.gravatar.com\\\/avatar\\\/b6992f131dc8d30ab0dff15446e9d346d9dbd95992de0fef795073f5ea83a81c?s=96&d=mm&r=g\",\"url\":\"https:\\\/\\\/secure.gravatar.com\\\/avatar\\\/b6992f131dc8d30ab0dff15446e9d346d9dbd95992de0fef795073f5ea83a81c?s=96&d=mm&r=g\",\"contentUrl\":\"https:\\\/\\\/secure.gravatar.com\\\/avatar\\\/b6992f131dc8d30ab0dff15446e9d346d9dbd95992de0fef795073f5ea83a81c?s=96&d=mm&r=g\",\"caption\":\"La Gu\u00eda de Pamplona\"}}]}<\/script>\n<!-- \/ Yoast SEO plugin. -->","yoast_head_json":{"title":"El Ayuntamiento de Pamplona celebrar\u00e1 el D\u00eda Internacional de las Mujeres con una programaci\u00f3n abierta la ciudadan\u00eda que se desarrollar\u00e1 del 3 al 23 de marzo","description":"El Consistorio homenajear\u00e1 el mismo 8M a mujeres con diferentes trayectorias que son referentes sociales en sus campos de experiencia","robots":{"index":"index","follow":"follow","max-snippet":"max-snippet:-1","max-image-preview":"max-image-preview:large","max-video-preview":"max-video-preview:-1"},"canonical":"https:\/\/www.laguiadepamplona.com\/actualidad\/el-ayuntamiento-de-pamplona-celebrara-el-dia-internacional-de-las-mujeres-con-una-programacion-abierta-la-ciudadania-que-se-desarrollara-del-3-al-23-de-marzo\/","og_locale":"es_ES","og_type":"article","og_title":"El Ayuntamiento de Pamplona celebrar\u00e1 el D\u00eda Internacional de las Mujeres con una programaci\u00f3n abierta la ciudadan\u00eda que se desarrollar\u00e1 del 3 al 23 de marzo","og_description":"El Consistorio homenajear\u00e1 el mismo 8M a mujeres con diferentes trayectorias que son referentes sociales en sus campos de experiencia","og_url":"https:\/\/www.laguiadepamplona.com\/actualidad\/el-ayuntamiento-de-pamplona-celebrara-el-dia-internacional-de-las-mujeres-con-una-programacion-abierta-la-ciudadania-que-se-desarrollara-del-3-al-23-de-marzo\/","og_site_name":"La Gu\u00eda de Pamplona","article_publisher":"https:\/\/www.facebook.com\/laguiadepamplonacom-133175176762273\/?ref=hl","article_published_time":"2022-03-02T15:26:23+00:00","article_modified_time":"2023-04-11T09:48:28+00:00","og_image":[{"width":640,"height":782,"url":"https:\/\/www.laguiadepamplona.com\/actualidad\/wp-content\/uploads\/2022\/03\/Captura-8M_0.png","type":"image\/png"}],"author":"La Gu\u00eda de Pamplona","twitter_card":"summary_large_image","twitter_creator":"@LaGuiadPamplona","twitter_site":"@LaGuiadPamplona","twitter_misc":{"Escrito por":"La Gu\u00eda de Pamplona","Tiempo de lectura":"8 minutos"},"schema":{"@context":"https:\/\/schema.org","@graph":[{"@type":"Article","@id":"https:\/\/www.laguiadepamplona.com\/actualidad\/el-ayuntamiento-de-pamplona-celebrara-el-dia-internacional-de-las-mujeres-con-una-programacion-abierta-la-ciudadania-que-se-desarrollara-del-3-al-23-de-marzo\/#article","isPartOf":{"@id":"https:\/\/www.laguiadepamplona.com\/actualidad\/el-ayuntamiento-de-pamplona-celebrara-el-dia-internacional-de-las-mujeres-con-una-programacion-abierta-la-ciudadania-que-se-desarrollara-del-3-al-23-de-marzo\/"},"author":{"name":"La Gu\u00eda de Pamplona","@id":"https:\/\/www.laguiadepamplona.com\/actualidad\/#\/schema\/person\/efe887376f0213d4657c93adc50b1fdb"},"headline":"El Ayuntamiento de Pamplona celebrar\u00e1 el D\u00eda Internacional de las Mujeres con una programaci\u00f3n abierta la ciudadan\u00eda que se desarrollar\u00e1 del 3 al 23 de marzo","datePublished":"2022-03-02T15:26:23+00:00","dateModified":"2023-04-11T09:48:28+00:00","mainEntityOfPage":{"@id":"https:\/\/www.laguiadepamplona.com\/actualidad\/el-ayuntamiento-de-pamplona-celebrara-el-dia-internacional-de-las-mujeres-con-una-programacion-abierta-la-ciudadania-que-se-desarrollara-del-3-al-23-de-marzo\/"},"wordCount":1725,"commentCount":0,"publisher":{"@id":"https:\/\/www.laguiadepamplona.com\/actualidad\/#organization"},"image":{"@id":"https:\/\/www.laguiadepamplona.com\/actualidad\/el-ayuntamiento-de-pamplona-celebrara-el-dia-internacional-de-las-mujeres-con-una-programacion-abierta-la-ciudadania-que-se-desarrollara-del-3-al-23-de-marzo\/#primaryimage"},"thumbnailUrl":"https:\/\/www.laguiadepamplona.com\/actualidad\/wp-content\/uploads\/2022\/03\/Captura-8M_0.png","articleSection":["Ayto Pamplona"],"inLanguage":"es","potentialAction":[{"@type":"CommentAction","name":"Comment","target":["https:\/\/www.laguiadepamplona.com\/actualidad\/el-ayuntamiento-de-pamplona-celebrara-el-dia-internacional-de-las-mujeres-con-una-programacion-abierta-la-ciudadania-que-se-desarrollara-del-3-al-23-de-marzo\/#respond"]}]},{"@type":"WebPage","@id":"https:\/\/www.laguiadepamplona.com\/actualidad\/el-ayuntamiento-de-pamplona-celebrara-el-dia-internacional-de-las-mujeres-con-una-programacion-abierta-la-ciudadania-que-se-desarrollara-del-3-al-23-de-marzo\/","url":"https:\/\/www.laguiadepamplona.com\/actualidad\/el-ayuntamiento-de-pamplona-celebrara-el-dia-internacional-de-las-mujeres-con-una-programacion-abierta-la-ciudadania-que-se-desarrollara-del-3-al-23-de-marzo\/","name":"El Ayuntamiento de Pamplona celebrar\u00e1 el D\u00eda Internacional de las Mujeres con una programaci\u00f3n abierta la ciudadan\u00eda que se desarrollar\u00e1 del 3 al 23 de marzo","isPartOf":{"@id":"https:\/\/www.laguiadepamplona.com\/actualidad\/#website"},"primaryImageOfPage":{"@id":"https:\/\/www.laguiadepamplona.com\/actualidad\/el-ayuntamiento-de-pamplona-celebrara-el-dia-internacional-de-las-mujeres-con-una-programacion-abierta-la-ciudadania-que-se-desarrollara-del-3-al-23-de-marzo\/#primaryimage"},"image":{"@id":"https:\/\/www.laguiadepamplona.com\/actualidad\/el-ayuntamiento-de-pamplona-celebrara-el-dia-internacional-de-las-mujeres-con-una-programacion-abierta-la-ciudadania-que-se-desarrollara-del-3-al-23-de-marzo\/#primaryimage"},"thumbnailUrl":"https:\/\/www.laguiadepamplona.com\/actualidad\/wp-content\/uploads\/2022\/03\/Captura-8M_0.png","datePublished":"2022-03-02T15:26:23+00:00","dateModified":"2023-04-11T09:48:28+00:00","description":"El Consistorio homenajear\u00e1 el mismo 8M a mujeres con diferentes trayectorias que son referentes sociales en sus campos de experiencia","breadcrumb":{"@id":"https:\/\/www.laguiadepamplona.com\/actualidad\/el-ayuntamiento-de-pamplona-celebrara-el-dia-internacional-de-las-mujeres-con-una-programacion-abierta-la-ciudadania-que-se-desarrollara-del-3-al-23-de-marzo\/#breadcrumb"},"inLanguage":"es","potentialAction":[{"@type":"ReadAction","target":["https:\/\/www.laguiadepamplona.com\/actualidad\/el-ayuntamiento-de-pamplona-celebrara-el-dia-internacional-de-las-mujeres-con-una-programacion-abierta-la-ciudadania-que-se-desarrollara-del-3-al-23-de-marzo\/"]}]},{"@type":"ImageObject","inLanguage":"es","@id":"https:\/\/www.laguiadepamplona.com\/actualidad\/el-ayuntamiento-de-pamplona-celebrara-el-dia-internacional-de-las-mujeres-con-una-programacion-abierta-la-ciudadania-que-se-desarrollara-del-3-al-23-de-marzo\/#primaryimage","url":"https:\/\/www.laguiadepamplona.com\/actualidad\/wp-content\/uploads\/2022\/03\/Captura-8M_0.png","contentUrl":"https:\/\/www.laguiadepamplona.com\/actualidad\/wp-content\/uploads\/2022\/03\/Captura-8M_0.png","width":640,"height":782},{"@type":"BreadcrumbList","@id":"https:\/\/www.laguiadepamplona.com\/actualidad\/el-ayuntamiento-de-pamplona-celebrara-el-dia-internacional-de-las-mujeres-con-una-programacion-abierta-la-ciudadania-que-se-desarrollara-del-3-al-23-de-marzo\/#breadcrumb","itemListElement":[{"@type":"ListItem","position":1,"name":"Portada","item":"https:\/\/www.laguiadepamplona.com\/actualidad\/"},{"@type":"ListItem","position":2,"name":"El Ayuntamiento de Pamplona celebrar\u00e1 el D\u00eda Internacional de las Mujeres con una programaci\u00f3n abierta la ciudadan\u00eda que se desarrollar\u00e1 del 3 al 23 de marzo"}]},{"@type":"WebSite","@id":"https:\/\/www.laguiadepamplona.com\/actualidad\/#website","url":"https:\/\/www.laguiadepamplona.com\/actualidad\/","name":"La gu\u00eda de Pamplona","description":"Noticias de Pamplona","publisher":{"@id":"https:\/\/www.laguiadepamplona.com\/actualidad\/#organization"},"potentialAction":[{"@type":"SearchAction","target":{"@type":"EntryPoint","urlTemplate":"https:\/\/www.laguiadepamplona.com\/actualidad\/?s={search_term_string}"},"query-input":{"@type":"PropertyValueSpecification","valueRequired":true,"valueName":"search_term_string"}}],"inLanguage":"es"},{"@type":"Organization","@id":"https:\/\/www.laguiadepamplona.com\/actualidad\/#organization","name":"La Gu\u00eda de Pamplona \/ Noticias","url":"https:\/\/www.laguiadepamplona.com\/actualidad\/","logo":{"@type":"ImageObject","inLanguage":"es","@id":"https:\/\/www.laguiadepamplona.com\/actualidad\/#\/schema\/logo\/image\/","url":"https:\/\/www.laguiadepamplona.com\/actualidad\/wp-content\/uploads\/2018\/11\/logo-laguiadepamplona18-web1.png","contentUrl":"https:\/\/www.laguiadepamplona.com\/actualidad\/wp-content\/uploads\/2018\/11\/logo-laguiadepamplona18-web1.png","width":600,"height":196,"caption":"La Gu\u00eda de Pamplona \/ Noticias"},"image":{"@id":"https:\/\/www.laguiadepamplona.com\/actualidad\/#\/schema\/logo\/image\/"},"sameAs":["https:\/\/www.facebook.com\/laguiadepamplonacom-133175176762273\/?ref=hl","https:\/\/x.com\/LaGuiadPamplona","https:\/\/www.instagram.com\/la_guia_de_pamplona\/","https:\/\/www.youtube.com\/user\/laguiadepamplona"]},{"@type":"Person","@id":"https:\/\/www.laguiadepamplona.com\/actualidad\/#\/schema\/person\/efe887376f0213d4657c93adc50b1fdb","name":"La Gu\u00eda de Pamplona","image":{"@type":"ImageObject","inLanguage":"es","@id":"https:\/\/secure.gravatar.com\/avatar\/b6992f131dc8d30ab0dff15446e9d346d9dbd95992de0fef795073f5ea83a81c?s=96&d=mm&r=g","url":"https:\/\/secure.gravatar.com\/avatar\/b6992f131dc8d30ab0dff15446e9d346d9dbd95992de0fef795073f5ea83a81c?s=96&d=mm&r=g","contentUrl":"https:\/\/secure.gravatar.com\/avatar\/b6992f131dc8d30ab0dff15446e9d346d9dbd95992de0fef795073f5ea83a81c?s=96&d=mm&r=g","caption":"La Gu\u00eda de Pamplona"}}]}},"post_mailing_queue_ids":[],"_links":{"self":[{"href":"https:\/\/www.laguiadepamplona.com\/actualidad\/wp-json\/wp\/v2\/posts\/39134","targetHints":{"allow":["GET"]}}],"collection":[{"href":"https:\/\/www.laguiadepamplona.com\/actualidad\/wp-json\/wp\/v2\/posts"}],"about":[{"href":"https:\/\/www.laguiadepamplona.com\/actualidad\/wp-json\/wp\/v2\/types\/post"}],"author":[{"embeddable":true,"href":"https:\/\/www.laguiadepamplona.com\/actualidad\/wp-json\/wp\/v2\/users\/1"}],"replies":[{"embeddable":true,"href":"https:\/\/www.laguiadepamplona.com\/actualidad\/wp-json\/wp\/v2\/comments?post=39134"}],"version-history":[{"count":0,"href":"https:\/\/www.laguiadepamplona.com\/actualidad\/wp-json\/wp\/v2\/posts\/39134\/revisions"}],"wp:featuredmedia":[{"embeddable":true,"href":"https:\/\/www.laguiadepamplona.com\/actualidad\/wp-json\/wp\/v2\/media\/39135"}],"wp:attachment":[{"href":"https:\/\/www.laguiadepamplona.com\/actualidad\/wp-json\/wp\/v2\/media?parent=39134"}],"wp:term":[{"taxonomy":"category","embeddable":true,"href":"https:\/\/www.laguiadepamplona.com\/actualidad\/wp-json\/wp\/v2\/categories?post=39134"},{"taxonomy":"post_tag","embeddable":true,"href":"https:\/\/www.laguiadepamplona.com\/actualidad\/wp-json\/wp\/v2\/tags?post=39134"}],"curies":[{"name":"wp","href":"https:\/\/api.w.org\/{rel}","templated":true}]}}