{"id":39124,"date":"2022-03-02T13:52:08","date_gmt":"2022-03-02T11:52:08","guid":{"rendered":"https:\/\/www.laguiadepamplona.com\/actualidad\/?p=39124"},"modified":"2023-04-11T11:48:28","modified_gmt":"2023-04-11T09:48:28","slug":"abierto-el-plazo-de-prematricula-para-los-talleres-trimestrales-que-la-escuela-municipal-de-arte-catalina-de-oscariz-ofrece-desde-entre-abril-y-junio","status":"publish","type":"post","link":"https:\/\/www.laguiadepamplona.com\/actualidad\/abierto-el-plazo-de-prematricula-para-los-talleres-trimestrales-que-la-escuela-municipal-de-arte-catalina-de-oscariz-ofrece-desde-entre-abril-y-junio\/","title":{"rendered":"Abierto el plazo de prematr\u00edcula para los talleres trimestrales que la Escuela Municipal de Arte \u2013 Catalina de Osc\u00e1riz ofrece desde entre abril y junio"},"content":{"rendered":"<h5>Se trata de un taller de pintura y otro de dibujo que ofrecer\u00e1n cuatro horas semanales de formaci\u00f3n presencial<\/h5>\n<p><!--more--><\/p>\n<p>La Escuela Municipal de Arte \u2013 Catalina de Osc\u00e1riz ha abierto el plazo de preinscripci\u00f3n para los talleres trimestrales que ofrecer\u00e1 en el segundo trimestre del a\u00f1o, entre los meses de abril y junio. En concreto, se impartir\u00e1 formaci\u00f3n en dibujo en torno a la figura humana, y de pintura acerca del paisaje del mar y el paisaje de campo. Ambos talleres se ofrecen con cuatro horas de formaci\u00f3n semanales, divididas en dos d\u00edas, y cuentan con dos horarios diferentes para adaptarse a las necesidades del alumnado. Para apuntarse, hay que llamar al tel\u00e9fono de informaci\u00f3n ciudadana 010 (o 948.420.100 si se llama desde dispositivo m\u00f3vil o desde fuera de Pamplona) antes del d\u00eda 18 de este mes.<br \/>\n<script async src=\"\/\/pagead2.googlesyndication.com\/pagead\/js\/adsbygoogle.js\"><\/script><br \/>\n<!-- Noticias La Guia de Pamplona --><br \/>\n<ins class=\"adsbygoogle\"\nstyle=\"display:block\"\ndata-ad-client=\"ca-pub-6943679897239327\"\ndata-ad-slot=\"7048180777\"\ndata-ad-format=\"auto\"><\/ins><br \/>\n<script>\n(adsbygoogle = window.adsbygoogle || []).push({});\n<\/script><\/p>\n<p>El taller de Dibujo \u2018La figura humana\u2019 se impartir\u00e1 entre el 5 de abril y el 23 de junio los martes y jueves en horarios de 17.00 a 19.00 horas o de 19.00 a 21.00 horas. Por su parte, el taller de Pintura que el pr\u00f3ximo trimestre va a ofrecer la escuela, dedicado al \u2018Paisaje de mar y paisaje de campo\u2019, se ofrecer\u00e1 los lunes y mi\u00e9rcoles entre el 4 de abril y el 22 de junio de 17.00 a 19.00 horas y de 19.00 a 21.00 horas.<\/p>\n<p>Finalizado el plazo de preinscripci\u00f3n, el d\u00eda 21 de este mes, se proceder\u00e1 a la revisi\u00f3n de los listados, y posteriormente, si hay m\u00e1s personas inscritas que plazas ofertadas, se realizar\u00e1 un sorteo para adjudicarlas. Los que definitivamente tengan plaza asignada, recibir\u00e1n en su m\u00f3vil un mensaje que se lo confirmar\u00e1 y tendr\u00e1n del 22 al 31 de marzo para formalizar la matr\u00edcula y realizar el pago.<br \/>\n<script async src=\"\/\/pagead2.googlesyndication.com\/pagead\/js\/adsbygoogle.js\"><\/script><br \/>\n<!-- Noticias La Guia de Pamplona --><br \/>\n<ins class=\"adsbygoogle\"\nstyle=\"display:block\"\ndata-ad-client=\"ca-pub-6943679897239327\"\ndata-ad-slot=\"7048180777\"\ndata-ad-format=\"auto\"><\/ins><br \/>\n<script>\n(adsbygoogle = window.adsbygoogle || []).push({});\n<\/script><\/p>\n<p>La Escuela Municipal de Artes y Oficios es un centro de ense\u00f1anzas no regladas que data del siglo XIX que permite la iniciaci\u00f3n, a partir de los diecis\u00e9is a\u00f1os, en la pr\u00e1ctica del dibujo y de la pintura. En la actualidad, en memoria de la pintora pamplonesa del Renacimiento y de muchas mujeres artistas, la Escuela se llama Catalina de Osc\u00e1riz. Esta artista form\u00f3 parte del reducido grupo de pintoras renacentistas de las que ha quedado constancia. Las mujeres no aparec\u00edan en los contratos de la \u00e9poca, pero muchas de ellas realizaban tareas relevantes en los talleres de sus padres, maridos o hermanos, como es el caso de la propia Catalina.<\/p>\n","protected":false},"excerpt":{"rendered":"<p>Se trata de un taller de pintura y otro de dibujo que ofrecer\u00e1n cuatro horas semanales de formaci\u00f3n presencial<\/p>\n","protected":false},"author":1,"featured_media":39125,"comment_status":"open","ping_status":"closed","sticky":false,"template":"","format":"standard","meta":{"footnotes":""},"categories":[2],"tags":[],"class_list":["post-39124","post","type-post","status-publish","format-standard","has-post-thumbnail","hentry","category-ayuntamiento-pamplona"],"yoast_head":"<!-- This site is optimized with the Yoast SEO plugin v27.5 - https:\/\/yoast.com\/product\/yoast-seo-wordpress\/ -->\n<title>Abierto el plazo de prematr\u00edcula para los talleres trimestrales que la Escuela Municipal de Arte \u2013 Catalina de Osc\u00e1riz ofrece desde entre abril y junio<\/title>\n<meta name=\"description\" content=\"Se trata de un taller de pintura y otro de dibujo que ofrecer\u00e1n cuatro horas semanales de formaci\u00f3n presencial\" \/>\n<meta name=\"robots\" content=\"index, follow, max-snippet:-1, max-image-preview:large, max-video-preview:-1\" \/>\n<link rel=\"canonical\" href=\"https:\/\/www.laguiadepamplona.com\/actualidad\/abierto-el-plazo-de-prematricula-para-los-talleres-trimestrales-que-la-escuela-municipal-de-arte-catalina-de-oscariz-ofrece-desde-entre-abril-y-junio\/\" \/>\n<meta property=\"og:locale\" content=\"es_ES\" \/>\n<meta property=\"og:type\" content=\"article\" \/>\n<meta property=\"og:title\" content=\"Abierto el plazo de prematr\u00edcula para los talleres trimestrales que la Escuela Municipal de Arte \u2013 Catalina de Osc\u00e1riz ofrece desde entre abril y junio\" \/>\n<meta property=\"og:description\" content=\"Se trata de un taller de pintura y otro de dibujo que ofrecer\u00e1n cuatro horas semanales de formaci\u00f3n presencial\" \/>\n<meta property=\"og:url\" content=\"https:\/\/www.laguiadepamplona.com\/actualidad\/abierto-el-plazo-de-prematricula-para-los-talleres-trimestrales-que-la-escuela-municipal-de-arte-catalina-de-oscariz-ofrece-desde-entre-abril-y-junio\/\" \/>\n<meta property=\"og:site_name\" content=\"La Gu\u00eda de Pamplona\" \/>\n<meta property=\"article:publisher\" content=\"https:\/\/www.facebook.com\/laguiadepamplonacom-133175176762273\/?ref=hl\" \/>\n<meta property=\"article:published_time\" content=\"2022-03-02T11:52:08+00:00\" \/>\n<meta property=\"article:modified_time\" content=\"2023-04-11T09:48:28+00:00\" \/>\n<meta property=\"og:image\" content=\"https:\/\/www.laguiadepamplona.com\/actualidad\/wp-content\/uploads\/2022\/03\/escuela-de-arte-web_0.jpg\" \/>\n\t<meta property=\"og:image:width\" content=\"1439\" \/>\n\t<meta property=\"og:image:height\" content=\"852\" \/>\n\t<meta property=\"og:image:type\" content=\"image\/jpeg\" \/>\n<meta name=\"author\" content=\"La Gu\u00eda de Pamplona\" \/>\n<meta name=\"twitter:card\" content=\"summary_large_image\" \/>\n<meta name=\"twitter:creator\" content=\"@LaGuiadPamplona\" \/>\n<meta name=\"twitter:site\" content=\"@LaGuiadPamplona\" \/>\n<meta name=\"twitter:label1\" content=\"Escrito por\" \/>\n\t<meta name=\"twitter:data1\" content=\"La Gu\u00eda de Pamplona\" \/>\n\t<meta name=\"twitter:label2\" content=\"Tiempo de lectura\" \/>\n\t<meta name=\"twitter:data2\" content=\"2 minutos\" \/>\n<script type=\"application\/ld+json\" class=\"yoast-schema-graph\">{\"@context\":\"https:\\\/\\\/schema.org\",\"@graph\":[{\"@type\":\"Article\",\"@id\":\"https:\\\/\\\/www.laguiadepamplona.com\\\/actualidad\\\/abierto-el-plazo-de-prematricula-para-los-talleres-trimestrales-que-la-escuela-municipal-de-arte-catalina-de-oscariz-ofrece-desde-entre-abril-y-junio\\\/#article\",\"isPartOf\":{\"@id\":\"https:\\\/\\\/www.laguiadepamplona.com\\\/actualidad\\\/abierto-el-plazo-de-prematricula-para-los-talleres-trimestrales-que-la-escuela-municipal-de-arte-catalina-de-oscariz-ofrece-desde-entre-abril-y-junio\\\/\"},\"author\":{\"name\":\"La Gu\u00eda de Pamplona\",\"@id\":\"https:\\\/\\\/www.laguiadepamplona.com\\\/actualidad\\\/#\\\/schema\\\/person\\\/efe887376f0213d4657c93adc50b1fdb\"},\"headline\":\"Abierto el plazo de prematr\u00edcula para los talleres trimestrales que la Escuela Municipal de Arte \u2013 Catalina de Osc\u00e1riz ofrece desde entre abril y junio\",\"datePublished\":\"2022-03-02T11:52:08+00:00\",\"dateModified\":\"2023-04-11T09:48:28+00:00\",\"mainEntityOfPage\":{\"@id\":\"https:\\\/\\\/www.laguiadepamplona.com\\\/actualidad\\\/abierto-el-plazo-de-prematricula-para-los-talleres-trimestrales-que-la-escuela-municipal-de-arte-catalina-de-oscariz-ofrece-desde-entre-abril-y-junio\\\/\"},\"wordCount\":439,\"commentCount\":0,\"publisher\":{\"@id\":\"https:\\\/\\\/www.laguiadepamplona.com\\\/actualidad\\\/#organization\"},\"image\":{\"@id\":\"https:\\\/\\\/www.laguiadepamplona.com\\\/actualidad\\\/abierto-el-plazo-de-prematricula-para-los-talleres-trimestrales-que-la-escuela-municipal-de-arte-catalina-de-oscariz-ofrece-desde-entre-abril-y-junio\\\/#primaryimage\"},\"thumbnailUrl\":\"https:\\\/\\\/www.laguiadepamplona.com\\\/actualidad\\\/wp-content\\\/uploads\\\/2022\\\/03\\\/escuela-de-arte-web_0.jpg\",\"articleSection\":[\"Ayto Pamplona\"],\"inLanguage\":\"es\",\"potentialAction\":[{\"@type\":\"CommentAction\",\"name\":\"Comment\",\"target\":[\"https:\\\/\\\/www.laguiadepamplona.com\\\/actualidad\\\/abierto-el-plazo-de-prematricula-para-los-talleres-trimestrales-que-la-escuela-municipal-de-arte-catalina-de-oscariz-ofrece-desde-entre-abril-y-junio\\\/#respond\"]}]},{\"@type\":\"WebPage\",\"@id\":\"https:\\\/\\\/www.laguiadepamplona.com\\\/actualidad\\\/abierto-el-plazo-de-prematricula-para-los-talleres-trimestrales-que-la-escuela-municipal-de-arte-catalina-de-oscariz-ofrece-desde-entre-abril-y-junio\\\/\",\"url\":\"https:\\\/\\\/www.laguiadepamplona.com\\\/actualidad\\\/abierto-el-plazo-de-prematricula-para-los-talleres-trimestrales-que-la-escuela-municipal-de-arte-catalina-de-oscariz-ofrece-desde-entre-abril-y-junio\\\/\",\"name\":\"Abierto el plazo de prematr\u00edcula para los talleres trimestrales que la Escuela Municipal de Arte \u2013 Catalina de Osc\u00e1riz ofrece desde entre abril y junio\",\"isPartOf\":{\"@id\":\"https:\\\/\\\/www.laguiadepamplona.com\\\/actualidad\\\/#website\"},\"primaryImageOfPage\":{\"@id\":\"https:\\\/\\\/www.laguiadepamplona.com\\\/actualidad\\\/abierto-el-plazo-de-prematricula-para-los-talleres-trimestrales-que-la-escuela-municipal-de-arte-catalina-de-oscariz-ofrece-desde-entre-abril-y-junio\\\/#primaryimage\"},\"image\":{\"@id\":\"https:\\\/\\\/www.laguiadepamplona.com\\\/actualidad\\\/abierto-el-plazo-de-prematricula-para-los-talleres-trimestrales-que-la-escuela-municipal-de-arte-catalina-de-oscariz-ofrece-desde-entre-abril-y-junio\\\/#primaryimage\"},\"thumbnailUrl\":\"https:\\\/\\\/www.laguiadepamplona.com\\\/actualidad\\\/wp-content\\\/uploads\\\/2022\\\/03\\\/escuela-de-arte-web_0.jpg\",\"datePublished\":\"2022-03-02T11:52:08+00:00\",\"dateModified\":\"2023-04-11T09:48:28+00:00\",\"description\":\"Se trata de un taller de pintura y otro de dibujo que ofrecer\u00e1n cuatro horas semanales de formaci\u00f3n presencial\",\"breadcrumb\":{\"@id\":\"https:\\\/\\\/www.laguiadepamplona.com\\\/actualidad\\\/abierto-el-plazo-de-prematricula-para-los-talleres-trimestrales-que-la-escuela-municipal-de-arte-catalina-de-oscariz-ofrece-desde-entre-abril-y-junio\\\/#breadcrumb\"},\"inLanguage\":\"es\",\"potentialAction\":[{\"@type\":\"ReadAction\",\"target\":[\"https:\\\/\\\/www.laguiadepamplona.com\\\/actualidad\\\/abierto-el-plazo-de-prematricula-para-los-talleres-trimestrales-que-la-escuela-municipal-de-arte-catalina-de-oscariz-ofrece-desde-entre-abril-y-junio\\\/\"]}]},{\"@type\":\"ImageObject\",\"inLanguage\":\"es\",\"@id\":\"https:\\\/\\\/www.laguiadepamplona.com\\\/actualidad\\\/abierto-el-plazo-de-prematricula-para-los-talleres-trimestrales-que-la-escuela-municipal-de-arte-catalina-de-oscariz-ofrece-desde-entre-abril-y-junio\\\/#primaryimage\",\"url\":\"https:\\\/\\\/www.laguiadepamplona.com\\\/actualidad\\\/wp-content\\\/uploads\\\/2022\\\/03\\\/escuela-de-arte-web_0.jpg\",\"contentUrl\":\"https:\\\/\\\/www.laguiadepamplona.com\\\/actualidad\\\/wp-content\\\/uploads\\\/2022\\\/03\\\/escuela-de-arte-web_0.jpg\",\"width\":1439,\"height\":852},{\"@type\":\"BreadcrumbList\",\"@id\":\"https:\\\/\\\/www.laguiadepamplona.com\\\/actualidad\\\/abierto-el-plazo-de-prematricula-para-los-talleres-trimestrales-que-la-escuela-municipal-de-arte-catalina-de-oscariz-ofrece-desde-entre-abril-y-junio\\\/#breadcrumb\",\"itemListElement\":[{\"@type\":\"ListItem\",\"position\":1,\"name\":\"Portada\",\"item\":\"https:\\\/\\\/www.laguiadepamplona.com\\\/actualidad\\\/\"},{\"@type\":\"ListItem\",\"position\":2,\"name\":\"Abierto el plazo de prematr\u00edcula para los talleres trimestrales que la Escuela Municipal de Arte \u2013 Catalina de Osc\u00e1riz ofrece desde entre abril y junio\"}]},{\"@type\":\"WebSite\",\"@id\":\"https:\\\/\\\/www.laguiadepamplona.com\\\/actualidad\\\/#website\",\"url\":\"https:\\\/\\\/www.laguiadepamplona.com\\\/actualidad\\\/\",\"name\":\"La gu\u00eda de Pamplona\",\"description\":\"Noticias de Pamplona\",\"publisher\":{\"@id\":\"https:\\\/\\\/www.laguiadepamplona.com\\\/actualidad\\\/#organization\"},\"potentialAction\":[{\"@type\":\"SearchAction\",\"target\":{\"@type\":\"EntryPoint\",\"urlTemplate\":\"https:\\\/\\\/www.laguiadepamplona.com\\\/actualidad\\\/?s={search_term_string}\"},\"query-input\":{\"@type\":\"PropertyValueSpecification\",\"valueRequired\":true,\"valueName\":\"search_term_string\"}}],\"inLanguage\":\"es\"},{\"@type\":\"Organization\",\"@id\":\"https:\\\/\\\/www.laguiadepamplona.com\\\/actualidad\\\/#organization\",\"name\":\"La Gu\u00eda de Pamplona \\\/ Noticias\",\"url\":\"https:\\\/\\\/www.laguiadepamplona.com\\\/actualidad\\\/\",\"logo\":{\"@type\":\"ImageObject\",\"inLanguage\":\"es\",\"@id\":\"https:\\\/\\\/www.laguiadepamplona.com\\\/actualidad\\\/#\\\/schema\\\/logo\\\/image\\\/\",\"url\":\"https:\\\/\\\/www.laguiadepamplona.com\\\/actualidad\\\/wp-content\\\/uploads\\\/2018\\\/11\\\/logo-laguiadepamplona18-web1.png\",\"contentUrl\":\"https:\\\/\\\/www.laguiadepamplona.com\\\/actualidad\\\/wp-content\\\/uploads\\\/2018\\\/11\\\/logo-laguiadepamplona18-web1.png\",\"width\":600,\"height\":196,\"caption\":\"La Gu\u00eda de Pamplona \\\/ Noticias\"},\"image\":{\"@id\":\"https:\\\/\\\/www.laguiadepamplona.com\\\/actualidad\\\/#\\\/schema\\\/logo\\\/image\\\/\"},\"sameAs\":[\"https:\\\/\\\/www.facebook.com\\\/laguiadepamplonacom-133175176762273\\\/?ref=hl\",\"https:\\\/\\\/x.com\\\/LaGuiadPamplona\",\"https:\\\/\\\/www.instagram.com\\\/la_guia_de_pamplona\\\/\",\"https:\\\/\\\/www.youtube.com\\\/user\\\/laguiadepamplona\"]},{\"@type\":\"Person\",\"@id\":\"https:\\\/\\\/www.laguiadepamplona.com\\\/actualidad\\\/#\\\/schema\\\/person\\\/efe887376f0213d4657c93adc50b1fdb\",\"name\":\"La Gu\u00eda de Pamplona\",\"image\":{\"@type\":\"ImageObject\",\"inLanguage\":\"es\",\"@id\":\"https:\\\/\\\/secure.gravatar.com\\\/avatar\\\/b6992f131dc8d30ab0dff15446e9d346d9dbd95992de0fef795073f5ea83a81c?s=96&d=mm&r=g\",\"url\":\"https:\\\/\\\/secure.gravatar.com\\\/avatar\\\/b6992f131dc8d30ab0dff15446e9d346d9dbd95992de0fef795073f5ea83a81c?s=96&d=mm&r=g\",\"contentUrl\":\"https:\\\/\\\/secure.gravatar.com\\\/avatar\\\/b6992f131dc8d30ab0dff15446e9d346d9dbd95992de0fef795073f5ea83a81c?s=96&d=mm&r=g\",\"caption\":\"La Gu\u00eda de Pamplona\"}}]}<\/script>\n<!-- \/ Yoast SEO plugin. -->","yoast_head_json":{"title":"Abierto el plazo de prematr\u00edcula para los talleres trimestrales que la Escuela Municipal de Arte \u2013 Catalina de Osc\u00e1riz ofrece desde entre abril y junio","description":"Se trata de un taller de pintura y otro de dibujo que ofrecer\u00e1n cuatro horas semanales de formaci\u00f3n presencial","robots":{"index":"index","follow":"follow","max-snippet":"max-snippet:-1","max-image-preview":"max-image-preview:large","max-video-preview":"max-video-preview:-1"},"canonical":"https:\/\/www.laguiadepamplona.com\/actualidad\/abierto-el-plazo-de-prematricula-para-los-talleres-trimestrales-que-la-escuela-municipal-de-arte-catalina-de-oscariz-ofrece-desde-entre-abril-y-junio\/","og_locale":"es_ES","og_type":"article","og_title":"Abierto el plazo de prematr\u00edcula para los talleres trimestrales que la Escuela Municipal de Arte \u2013 Catalina de Osc\u00e1riz ofrece desde entre abril y junio","og_description":"Se trata de un taller de pintura y otro de dibujo que ofrecer\u00e1n cuatro horas semanales de formaci\u00f3n presencial","og_url":"https:\/\/www.laguiadepamplona.com\/actualidad\/abierto-el-plazo-de-prematricula-para-los-talleres-trimestrales-que-la-escuela-municipal-de-arte-catalina-de-oscariz-ofrece-desde-entre-abril-y-junio\/","og_site_name":"La Gu\u00eda de Pamplona","article_publisher":"https:\/\/www.facebook.com\/laguiadepamplonacom-133175176762273\/?ref=hl","article_published_time":"2022-03-02T11:52:08+00:00","article_modified_time":"2023-04-11T09:48:28+00:00","og_image":[{"width":1439,"height":852,"url":"https:\/\/www.laguiadepamplona.com\/actualidad\/wp-content\/uploads\/2022\/03\/escuela-de-arte-web_0.jpg","type":"image\/jpeg"}],"author":"La Gu\u00eda de Pamplona","twitter_card":"summary_large_image","twitter_creator":"@LaGuiadPamplona","twitter_site":"@LaGuiadPamplona","twitter_misc":{"Escrito por":"La Gu\u00eda de Pamplona","Tiempo de lectura":"2 minutos"},"schema":{"@context":"https:\/\/schema.org","@graph":[{"@type":"Article","@id":"https:\/\/www.laguiadepamplona.com\/actualidad\/abierto-el-plazo-de-prematricula-para-los-talleres-trimestrales-que-la-escuela-municipal-de-arte-catalina-de-oscariz-ofrece-desde-entre-abril-y-junio\/#article","isPartOf":{"@id":"https:\/\/www.laguiadepamplona.com\/actualidad\/abierto-el-plazo-de-prematricula-para-los-talleres-trimestrales-que-la-escuela-municipal-de-arte-catalina-de-oscariz-ofrece-desde-entre-abril-y-junio\/"},"author":{"name":"La Gu\u00eda de Pamplona","@id":"https:\/\/www.laguiadepamplona.com\/actualidad\/#\/schema\/person\/efe887376f0213d4657c93adc50b1fdb"},"headline":"Abierto el plazo de prematr\u00edcula para los talleres trimestrales que la Escuela Municipal de Arte \u2013 Catalina de Osc\u00e1riz ofrece desde entre abril y junio","datePublished":"2022-03-02T11:52:08+00:00","dateModified":"2023-04-11T09:48:28+00:00","mainEntityOfPage":{"@id":"https:\/\/www.laguiadepamplona.com\/actualidad\/abierto-el-plazo-de-prematricula-para-los-talleres-trimestrales-que-la-escuela-municipal-de-arte-catalina-de-oscariz-ofrece-desde-entre-abril-y-junio\/"},"wordCount":439,"commentCount":0,"publisher":{"@id":"https:\/\/www.laguiadepamplona.com\/actualidad\/#organization"},"image":{"@id":"https:\/\/www.laguiadepamplona.com\/actualidad\/abierto-el-plazo-de-prematricula-para-los-talleres-trimestrales-que-la-escuela-municipal-de-arte-catalina-de-oscariz-ofrece-desde-entre-abril-y-junio\/#primaryimage"},"thumbnailUrl":"https:\/\/www.laguiadepamplona.com\/actualidad\/wp-content\/uploads\/2022\/03\/escuela-de-arte-web_0.jpg","articleSection":["Ayto Pamplona"],"inLanguage":"es","potentialAction":[{"@type":"CommentAction","name":"Comment","target":["https:\/\/www.laguiadepamplona.com\/actualidad\/abierto-el-plazo-de-prematricula-para-los-talleres-trimestrales-que-la-escuela-municipal-de-arte-catalina-de-oscariz-ofrece-desde-entre-abril-y-junio\/#respond"]}]},{"@type":"WebPage","@id":"https:\/\/www.laguiadepamplona.com\/actualidad\/abierto-el-plazo-de-prematricula-para-los-talleres-trimestrales-que-la-escuela-municipal-de-arte-catalina-de-oscariz-ofrece-desde-entre-abril-y-junio\/","url":"https:\/\/www.laguiadepamplona.com\/actualidad\/abierto-el-plazo-de-prematricula-para-los-talleres-trimestrales-que-la-escuela-municipal-de-arte-catalina-de-oscariz-ofrece-desde-entre-abril-y-junio\/","name":"Abierto el plazo de prematr\u00edcula para los talleres trimestrales que la Escuela Municipal de Arte \u2013 Catalina de Osc\u00e1riz ofrece desde entre abril y junio","isPartOf":{"@id":"https:\/\/www.laguiadepamplona.com\/actualidad\/#website"},"primaryImageOfPage":{"@id":"https:\/\/www.laguiadepamplona.com\/actualidad\/abierto-el-plazo-de-prematricula-para-los-talleres-trimestrales-que-la-escuela-municipal-de-arte-catalina-de-oscariz-ofrece-desde-entre-abril-y-junio\/#primaryimage"},"image":{"@id":"https:\/\/www.laguiadepamplona.com\/actualidad\/abierto-el-plazo-de-prematricula-para-los-talleres-trimestrales-que-la-escuela-municipal-de-arte-catalina-de-oscariz-ofrece-desde-entre-abril-y-junio\/#primaryimage"},"thumbnailUrl":"https:\/\/www.laguiadepamplona.com\/actualidad\/wp-content\/uploads\/2022\/03\/escuela-de-arte-web_0.jpg","datePublished":"2022-03-02T11:52:08+00:00","dateModified":"2023-04-11T09:48:28+00:00","description":"Se trata de un taller de pintura y otro de dibujo que ofrecer\u00e1n cuatro horas semanales de formaci\u00f3n presencial","breadcrumb":{"@id":"https:\/\/www.laguiadepamplona.com\/actualidad\/abierto-el-plazo-de-prematricula-para-los-talleres-trimestrales-que-la-escuela-municipal-de-arte-catalina-de-oscariz-ofrece-desde-entre-abril-y-junio\/#breadcrumb"},"inLanguage":"es","potentialAction":[{"@type":"ReadAction","target":["https:\/\/www.laguiadepamplona.com\/actualidad\/abierto-el-plazo-de-prematricula-para-los-talleres-trimestrales-que-la-escuela-municipal-de-arte-catalina-de-oscariz-ofrece-desde-entre-abril-y-junio\/"]}]},{"@type":"ImageObject","inLanguage":"es","@id":"https:\/\/www.laguiadepamplona.com\/actualidad\/abierto-el-plazo-de-prematricula-para-los-talleres-trimestrales-que-la-escuela-municipal-de-arte-catalina-de-oscariz-ofrece-desde-entre-abril-y-junio\/#primaryimage","url":"https:\/\/www.laguiadepamplona.com\/actualidad\/wp-content\/uploads\/2022\/03\/escuela-de-arte-web_0.jpg","contentUrl":"https:\/\/www.laguiadepamplona.com\/actualidad\/wp-content\/uploads\/2022\/03\/escuela-de-arte-web_0.jpg","width":1439,"height":852},{"@type":"BreadcrumbList","@id":"https:\/\/www.laguiadepamplona.com\/actualidad\/abierto-el-plazo-de-prematricula-para-los-talleres-trimestrales-que-la-escuela-municipal-de-arte-catalina-de-oscariz-ofrece-desde-entre-abril-y-junio\/#breadcrumb","itemListElement":[{"@type":"ListItem","position":1,"name":"Portada","item":"https:\/\/www.laguiadepamplona.com\/actualidad\/"},{"@type":"ListItem","position":2,"name":"Abierto el plazo de prematr\u00edcula para los talleres trimestrales que la Escuela Municipal de Arte \u2013 Catalina de Osc\u00e1riz ofrece desde entre abril y junio"}]},{"@type":"WebSite","@id":"https:\/\/www.laguiadepamplona.com\/actualidad\/#website","url":"https:\/\/www.laguiadepamplona.com\/actualidad\/","name":"La gu\u00eda de Pamplona","description":"Noticias de Pamplona","publisher":{"@id":"https:\/\/www.laguiadepamplona.com\/actualidad\/#organization"},"potentialAction":[{"@type":"SearchAction","target":{"@type":"EntryPoint","urlTemplate":"https:\/\/www.laguiadepamplona.com\/actualidad\/?s={search_term_string}"},"query-input":{"@type":"PropertyValueSpecification","valueRequired":true,"valueName":"search_term_string"}}],"inLanguage":"es"},{"@type":"Organization","@id":"https:\/\/www.laguiadepamplona.com\/actualidad\/#organization","name":"La Gu\u00eda de Pamplona \/ Noticias","url":"https:\/\/www.laguiadepamplona.com\/actualidad\/","logo":{"@type":"ImageObject","inLanguage":"es","@id":"https:\/\/www.laguiadepamplona.com\/actualidad\/#\/schema\/logo\/image\/","url":"https:\/\/www.laguiadepamplona.com\/actualidad\/wp-content\/uploads\/2018\/11\/logo-laguiadepamplona18-web1.png","contentUrl":"https:\/\/www.laguiadepamplona.com\/actualidad\/wp-content\/uploads\/2018\/11\/logo-laguiadepamplona18-web1.png","width":600,"height":196,"caption":"La Gu\u00eda de Pamplona \/ Noticias"},"image":{"@id":"https:\/\/www.laguiadepamplona.com\/actualidad\/#\/schema\/logo\/image\/"},"sameAs":["https:\/\/www.facebook.com\/laguiadepamplonacom-133175176762273\/?ref=hl","https:\/\/x.com\/LaGuiadPamplona","https:\/\/www.instagram.com\/la_guia_de_pamplona\/","https:\/\/www.youtube.com\/user\/laguiadepamplona"]},{"@type":"Person","@id":"https:\/\/www.laguiadepamplona.com\/actualidad\/#\/schema\/person\/efe887376f0213d4657c93adc50b1fdb","name":"La Gu\u00eda de Pamplona","image":{"@type":"ImageObject","inLanguage":"es","@id":"https:\/\/secure.gravatar.com\/avatar\/b6992f131dc8d30ab0dff15446e9d346d9dbd95992de0fef795073f5ea83a81c?s=96&d=mm&r=g","url":"https:\/\/secure.gravatar.com\/avatar\/b6992f131dc8d30ab0dff15446e9d346d9dbd95992de0fef795073f5ea83a81c?s=96&d=mm&r=g","contentUrl":"https:\/\/secure.gravatar.com\/avatar\/b6992f131dc8d30ab0dff15446e9d346d9dbd95992de0fef795073f5ea83a81c?s=96&d=mm&r=g","caption":"La Gu\u00eda de Pamplona"}}]}},"post_mailing_queue_ids":[],"_links":{"self":[{"href":"https:\/\/www.laguiadepamplona.com\/actualidad\/wp-json\/wp\/v2\/posts\/39124","targetHints":{"allow":["GET"]}}],"collection":[{"href":"https:\/\/www.laguiadepamplona.com\/actualidad\/wp-json\/wp\/v2\/posts"}],"about":[{"href":"https:\/\/www.laguiadepamplona.com\/actualidad\/wp-json\/wp\/v2\/types\/post"}],"author":[{"embeddable":true,"href":"https:\/\/www.laguiadepamplona.com\/actualidad\/wp-json\/wp\/v2\/users\/1"}],"replies":[{"embeddable":true,"href":"https:\/\/www.laguiadepamplona.com\/actualidad\/wp-json\/wp\/v2\/comments?post=39124"}],"version-history":[{"count":0,"href":"https:\/\/www.laguiadepamplona.com\/actualidad\/wp-json\/wp\/v2\/posts\/39124\/revisions"}],"wp:featuredmedia":[{"embeddable":true,"href":"https:\/\/www.laguiadepamplona.com\/actualidad\/wp-json\/wp\/v2\/media\/39125"}],"wp:attachment":[{"href":"https:\/\/www.laguiadepamplona.com\/actualidad\/wp-json\/wp\/v2\/media?parent=39124"}],"wp:term":[{"taxonomy":"category","embeddable":true,"href":"https:\/\/www.laguiadepamplona.com\/actualidad\/wp-json\/wp\/v2\/categories?post=39124"},{"taxonomy":"post_tag","embeddable":true,"href":"https:\/\/www.laguiadepamplona.com\/actualidad\/wp-json\/wp\/v2\/tags?post=39124"}],"curies":[{"name":"wp","href":"https:\/\/api.w.org\/{rel}","templated":true}]}}