{"id":39111,"date":"2022-03-01T13:52:58","date_gmt":"2022-03-01T11:52:58","guid":{"rendered":"https:\/\/www.laguiadepamplona.com\/actualidad\/?p=39111"},"modified":"2023-04-11T11:48:28","modified_gmt":"2023-04-11T09:48:28","slug":"el-jueves-se-cierra-al-trafico-rodado-el-cruce-de-las-calles-manuel-de-falla-y-rio-urrobi-que-tras-las-obras-de-reurbanizacion-a-ejecutar-quedara-como-espacio-peatonal","status":"publish","type":"post","link":"https:\/\/www.laguiadepamplona.com\/actualidad\/el-jueves-se-cierra-al-trafico-rodado-el-cruce-de-las-calles-manuel-de-falla-y-rio-urrobi-que-tras-las-obras-de-reurbanizacion-a-ejecutar-quedara-como-espacio-peatonal\/","title":{"rendered":"El jueves se cierra al tr\u00e1fico rodado el cruce de las calles Manuel de Falla y R\u00edo Urrobi que, tras las obras de reurbanizaci\u00f3n a ejecutar, quedar\u00e1 como espacio peatonal"},"content":{"rendered":"<h5>Estos d\u00edas se est\u00e1 llevando a cabo una labor informativa con el vecindario y los comerciantes para dar a conocer las afecciones previstas<\/h5>\n<p><!--more--><\/p>\n<p>El cruce de las calles Manuel de Falla y R\u00edo Urrobi en el barrio de la Milagrosa quedar\u00e1 cerrado al tr\u00e1fico a partir de este pr\u00f3ximo jueves. Las obras de reurbanizaci\u00f3n y renovaci\u00f3n de redes que se est\u00e1n realizando en la zona inician su segunda fase, que se centra precisamente en la confluencia de esas dos calles. La nueva urbanizaci\u00f3n del cruce eliminar\u00e1 la circulaci\u00f3n de veh\u00edculos en ese punto de manera definitiva para convertir la plazoleta existente en un espacio peatonal.<br \/>\n<script async src=\"\/\/pagead2.googlesyndication.com\/pagead\/js\/adsbygoogle.js\"><\/script><br \/>\n<!-- Noticias La Guia de Pamplona --><br \/>\n<ins class=\"adsbygoogle\"\nstyle=\"display:block\"\ndata-ad-client=\"ca-pub-6943679897239327\"\ndata-ad-slot=\"7048180777\"\ndata-ad-format=\"auto\"><\/ins><br \/>\n<script>\n(adsbygoogle = window.adsbygoogle || []).push({});\n<\/script><\/p>\n<p>En estos d\u00edas se est\u00e1 llevando a cabo una labor informativa tanto a vecinos y vecinas como a establecimientos comerciales y hosteleros de la zona. Se est\u00e1n colocando d\u00edpticos en portales y negocios con los cambios provisionales para los pr\u00f3ximos meses, que afectan a los tr\u00e1nsitos tanto peatonales como de veh\u00edculos. Peatonalmente se podr\u00e1n circunvalar las obras que en la actualidad afectan a esa confluencia de Manuel de Falla y R\u00edo Urrobi y tambi\u00e9n a la calle R\u00edo Irati, desde R\u00edo Urrobi hasta R\u00edo Queiles. El cierre de esas zonas generar\u00e1 durante los pr\u00f3ximos meses alteraciones en los circuitos internos para los veh\u00edculos, que estar\u00e1n debidamente se\u00f1alizados.<\/p>\n<p>Las obras de reurbanizaci\u00f3n y renovaci\u00f3n de redes en Manuel de Falla, R\u00edo Urrobi y R\u00edo Irati comenzar\u00e1n el pasado mes de noviembre. En la actualidad se acometen los trabajos de la segunda de las tres fases previstas, que se centra en las calles Manuel de Falla y R\u00edo Urrobi. El proyecto revitalizar\u00e1 la zona, aumentar\u00e1 el espacio peatonal con cuatro nuevas plazas y fomentar\u00e1 nuevos modos de movilidad, estableciendo recorridos restringidos para veh\u00edculos de residentes y servicios.<br \/>\n<script async src=\"\/\/pagead2.googlesyndication.com\/pagead\/js\/adsbygoogle.js\"><\/script><br \/>\n<!-- Noticias La Guia de Pamplona --><br \/>\n<ins class=\"adsbygoogle\"\nstyle=\"display:block\"\ndata-ad-client=\"ca-pub-6943679897239327\"\ndata-ad-slot=\"7048180777\"\ndata-ad-format=\"auto\"><\/ins><br \/>\n<script>\n(adsbygoogle = window.adsbygoogle || []).push({});\n<\/script><\/p>\n<p>El presupuesto de estas obras asciende a 3,7 millones de euros, pues incluye, adem\u00e1s de la reurbanizaci\u00f3n, el proyecto de renovaci\u00f3n de redes de abastecimiento financiado por la Mancomunidad de la Comarca de Pamplona. La empresa Construcciones Mariezcurrena fue la adjudicataria del contrato de ejecuci\u00f3n de estas obras.<\/p>\n","protected":false},"excerpt":{"rendered":"<p>Estos d\u00edas se est\u00e1 llevando a cabo una labor informativa con el vecindario y los comerciantes para dar a conocer las afecciones previstas<\/p>\n","protected":false},"author":1,"featured_media":39112,"comment_status":"open","ping_status":"closed","sticky":false,"template":"","format":"standard","meta":{"footnotes":""},"categories":[2],"tags":[],"class_list":["post-39111","post","type-post","status-publish","format-standard","has-post-thumbnail","hentry","category-ayuntamiento-pamplona"],"yoast_head":"<!-- This site is optimized with the Yoast SEO plugin v27.3 - https:\/\/yoast.com\/product\/yoast-seo-wordpress\/ -->\n<title>El jueves se cierra al tr\u00e1fico rodado el cruce de las calles Manuel de Falla y R\u00edo Urrobi que, tras las obras de reurbanizaci\u00f3n a ejecutar, quedar\u00e1 como espacio peatonal<\/title>\n<meta name=\"description\" content=\"Estos d\u00edas se est\u00e1 llevando a cabo una labor informativa con el vecindario y los comerciantes para dar a conocer las afecciones previstas\" \/>\n<meta name=\"robots\" content=\"index, follow, max-snippet:-1, max-image-preview:large, max-video-preview:-1\" \/>\n<link rel=\"canonical\" href=\"https:\/\/www.laguiadepamplona.com\/actualidad\/el-jueves-se-cierra-al-trafico-rodado-el-cruce-de-las-calles-manuel-de-falla-y-rio-urrobi-que-tras-las-obras-de-reurbanizacion-a-ejecutar-quedara-como-espacio-peatonal\/\" \/>\n<meta property=\"og:locale\" content=\"es_ES\" \/>\n<meta property=\"og:type\" content=\"article\" \/>\n<meta property=\"og:title\" content=\"El jueves se cierra al tr\u00e1fico rodado el cruce de las calles Manuel de Falla y R\u00edo Urrobi que, tras las obras de reurbanizaci\u00f3n a ejecutar, quedar\u00e1 como espacio peatonal\" \/>\n<meta property=\"og:description\" content=\"Estos d\u00edas se est\u00e1 llevando a cabo una labor informativa con el vecindario y los comerciantes para dar a conocer las afecciones previstas\" \/>\n<meta property=\"og:url\" content=\"https:\/\/www.laguiadepamplona.com\/actualidad\/el-jueves-se-cierra-al-trafico-rodado-el-cruce-de-las-calles-manuel-de-falla-y-rio-urrobi-que-tras-las-obras-de-reurbanizacion-a-ejecutar-quedara-como-espacio-peatonal\/\" \/>\n<meta property=\"og:site_name\" content=\"La Gu\u00eda de Pamplona\" \/>\n<meta property=\"article:publisher\" content=\"https:\/\/www.facebook.com\/laguiadepamplonacom-133175176762273\/?ref=hl\" \/>\n<meta property=\"article:published_time\" content=\"2022-03-01T11:52:58+00:00\" \/>\n<meta property=\"article:modified_time\" content=\"2023-04-11T09:48:28+00:00\" \/>\n<meta property=\"og:image\" content=\"https:\/\/www.laguiadepamplona.com\/actualidad\/wp-content\/uploads\/2022\/03\/manuel-falla.jpg\" \/>\n\t<meta property=\"og:image:width\" content=\"490\" \/>\n\t<meta property=\"og:image:height\" content=\"652\" \/>\n\t<meta property=\"og:image:type\" content=\"image\/jpeg\" \/>\n<meta name=\"author\" content=\"La Gu\u00eda de Pamplona\" \/>\n<meta name=\"twitter:card\" content=\"summary_large_image\" \/>\n<meta name=\"twitter:creator\" content=\"@LaGuiadPamplona\" \/>\n<meta name=\"twitter:site\" content=\"@LaGuiadPamplona\" \/>\n<meta name=\"twitter:label1\" content=\"Escrito por\" \/>\n\t<meta name=\"twitter:data1\" content=\"La Gu\u00eda de Pamplona\" \/>\n\t<meta name=\"twitter:label2\" content=\"Tiempo de lectura\" \/>\n\t<meta name=\"twitter:data2\" content=\"2 minutos\" \/>\n<script type=\"application\/ld+json\" class=\"yoast-schema-graph\">{\"@context\":\"https:\\\/\\\/schema.org\",\"@graph\":[{\"@type\":\"Article\",\"@id\":\"https:\\\/\\\/www.laguiadepamplona.com\\\/actualidad\\\/el-jueves-se-cierra-al-trafico-rodado-el-cruce-de-las-calles-manuel-de-falla-y-rio-urrobi-que-tras-las-obras-de-reurbanizacion-a-ejecutar-quedara-como-espacio-peatonal\\\/#article\",\"isPartOf\":{\"@id\":\"https:\\\/\\\/www.laguiadepamplona.com\\\/actualidad\\\/el-jueves-se-cierra-al-trafico-rodado-el-cruce-de-las-calles-manuel-de-falla-y-rio-urrobi-que-tras-las-obras-de-reurbanizacion-a-ejecutar-quedara-como-espacio-peatonal\\\/\"},\"author\":{\"name\":\"La Gu\u00eda de Pamplona\",\"@id\":\"https:\\\/\\\/www.laguiadepamplona.com\\\/actualidad\\\/#\\\/schema\\\/person\\\/efe887376f0213d4657c93adc50b1fdb\"},\"headline\":\"El jueves se cierra al tr\u00e1fico rodado el cruce de las calles Manuel de Falla y R\u00edo Urrobi que, tras las obras de reurbanizaci\u00f3n a ejecutar, quedar\u00e1 como espacio peatonal\",\"datePublished\":\"2022-03-01T11:52:58+00:00\",\"dateModified\":\"2023-04-11T09:48:28+00:00\",\"mainEntityOfPage\":{\"@id\":\"https:\\\/\\\/www.laguiadepamplona.com\\\/actualidad\\\/el-jueves-se-cierra-al-trafico-rodado-el-cruce-de-las-calles-manuel-de-falla-y-rio-urrobi-que-tras-las-obras-de-reurbanizacion-a-ejecutar-quedara-como-espacio-peatonal\\\/\"},\"wordCount\":407,\"commentCount\":0,\"publisher\":{\"@id\":\"https:\\\/\\\/www.laguiadepamplona.com\\\/actualidad\\\/#organization\"},\"image\":{\"@id\":\"https:\\\/\\\/www.laguiadepamplona.com\\\/actualidad\\\/el-jueves-se-cierra-al-trafico-rodado-el-cruce-de-las-calles-manuel-de-falla-y-rio-urrobi-que-tras-las-obras-de-reurbanizacion-a-ejecutar-quedara-como-espacio-peatonal\\\/#primaryimage\"},\"thumbnailUrl\":\"https:\\\/\\\/www.laguiadepamplona.com\\\/actualidad\\\/wp-content\\\/uploads\\\/2022\\\/03\\\/manuel-falla.jpg\",\"articleSection\":[\"Ayto Pamplona\"],\"inLanguage\":\"es\",\"potentialAction\":[{\"@type\":\"CommentAction\",\"name\":\"Comment\",\"target\":[\"https:\\\/\\\/www.laguiadepamplona.com\\\/actualidad\\\/el-jueves-se-cierra-al-trafico-rodado-el-cruce-de-las-calles-manuel-de-falla-y-rio-urrobi-que-tras-las-obras-de-reurbanizacion-a-ejecutar-quedara-como-espacio-peatonal\\\/#respond\"]}]},{\"@type\":\"WebPage\",\"@id\":\"https:\\\/\\\/www.laguiadepamplona.com\\\/actualidad\\\/el-jueves-se-cierra-al-trafico-rodado-el-cruce-de-las-calles-manuel-de-falla-y-rio-urrobi-que-tras-las-obras-de-reurbanizacion-a-ejecutar-quedara-como-espacio-peatonal\\\/\",\"url\":\"https:\\\/\\\/www.laguiadepamplona.com\\\/actualidad\\\/el-jueves-se-cierra-al-trafico-rodado-el-cruce-de-las-calles-manuel-de-falla-y-rio-urrobi-que-tras-las-obras-de-reurbanizacion-a-ejecutar-quedara-como-espacio-peatonal\\\/\",\"name\":\"El jueves se cierra al tr\u00e1fico rodado el cruce de las calles Manuel de Falla y R\u00edo Urrobi que, tras las obras de reurbanizaci\u00f3n a ejecutar, quedar\u00e1 como espacio peatonal\",\"isPartOf\":{\"@id\":\"https:\\\/\\\/www.laguiadepamplona.com\\\/actualidad\\\/#website\"},\"primaryImageOfPage\":{\"@id\":\"https:\\\/\\\/www.laguiadepamplona.com\\\/actualidad\\\/el-jueves-se-cierra-al-trafico-rodado-el-cruce-de-las-calles-manuel-de-falla-y-rio-urrobi-que-tras-las-obras-de-reurbanizacion-a-ejecutar-quedara-como-espacio-peatonal\\\/#primaryimage\"},\"image\":{\"@id\":\"https:\\\/\\\/www.laguiadepamplona.com\\\/actualidad\\\/el-jueves-se-cierra-al-trafico-rodado-el-cruce-de-las-calles-manuel-de-falla-y-rio-urrobi-que-tras-las-obras-de-reurbanizacion-a-ejecutar-quedara-como-espacio-peatonal\\\/#primaryimage\"},\"thumbnailUrl\":\"https:\\\/\\\/www.laguiadepamplona.com\\\/actualidad\\\/wp-content\\\/uploads\\\/2022\\\/03\\\/manuel-falla.jpg\",\"datePublished\":\"2022-03-01T11:52:58+00:00\",\"dateModified\":\"2023-04-11T09:48:28+00:00\",\"description\":\"Estos d\u00edas se est\u00e1 llevando a cabo una labor informativa con el vecindario y los comerciantes para dar a conocer las afecciones previstas\",\"breadcrumb\":{\"@id\":\"https:\\\/\\\/www.laguiadepamplona.com\\\/actualidad\\\/el-jueves-se-cierra-al-trafico-rodado-el-cruce-de-las-calles-manuel-de-falla-y-rio-urrobi-que-tras-las-obras-de-reurbanizacion-a-ejecutar-quedara-como-espacio-peatonal\\\/#breadcrumb\"},\"inLanguage\":\"es\",\"potentialAction\":[{\"@type\":\"ReadAction\",\"target\":[\"https:\\\/\\\/www.laguiadepamplona.com\\\/actualidad\\\/el-jueves-se-cierra-al-trafico-rodado-el-cruce-de-las-calles-manuel-de-falla-y-rio-urrobi-que-tras-las-obras-de-reurbanizacion-a-ejecutar-quedara-como-espacio-peatonal\\\/\"]}]},{\"@type\":\"ImageObject\",\"inLanguage\":\"es\",\"@id\":\"https:\\\/\\\/www.laguiadepamplona.com\\\/actualidad\\\/el-jueves-se-cierra-al-trafico-rodado-el-cruce-de-las-calles-manuel-de-falla-y-rio-urrobi-que-tras-las-obras-de-reurbanizacion-a-ejecutar-quedara-como-espacio-peatonal\\\/#primaryimage\",\"url\":\"https:\\\/\\\/www.laguiadepamplona.com\\\/actualidad\\\/wp-content\\\/uploads\\\/2022\\\/03\\\/manuel-falla.jpg\",\"contentUrl\":\"https:\\\/\\\/www.laguiadepamplona.com\\\/actualidad\\\/wp-content\\\/uploads\\\/2022\\\/03\\\/manuel-falla.jpg\",\"width\":490,\"height\":652},{\"@type\":\"BreadcrumbList\",\"@id\":\"https:\\\/\\\/www.laguiadepamplona.com\\\/actualidad\\\/el-jueves-se-cierra-al-trafico-rodado-el-cruce-de-las-calles-manuel-de-falla-y-rio-urrobi-que-tras-las-obras-de-reurbanizacion-a-ejecutar-quedara-como-espacio-peatonal\\\/#breadcrumb\",\"itemListElement\":[{\"@type\":\"ListItem\",\"position\":1,\"name\":\"Portada\",\"item\":\"https:\\\/\\\/www.laguiadepamplona.com\\\/actualidad\\\/\"},{\"@type\":\"ListItem\",\"position\":2,\"name\":\"El jueves se cierra al tr\u00e1fico rodado el cruce de las calles Manuel de Falla y R\u00edo Urrobi que, tras las obras de reurbanizaci\u00f3n a ejecutar, quedar\u00e1 como espacio peatonal\"}]},{\"@type\":\"WebSite\",\"@id\":\"https:\\\/\\\/www.laguiadepamplona.com\\\/actualidad\\\/#website\",\"url\":\"https:\\\/\\\/www.laguiadepamplona.com\\\/actualidad\\\/\",\"name\":\"La gu\u00eda de Pamplona\",\"description\":\"Noticias de Pamplona\",\"publisher\":{\"@id\":\"https:\\\/\\\/www.laguiadepamplona.com\\\/actualidad\\\/#organization\"},\"potentialAction\":[{\"@type\":\"SearchAction\",\"target\":{\"@type\":\"EntryPoint\",\"urlTemplate\":\"https:\\\/\\\/www.laguiadepamplona.com\\\/actualidad\\\/?s={search_term_string}\"},\"query-input\":{\"@type\":\"PropertyValueSpecification\",\"valueRequired\":true,\"valueName\":\"search_term_string\"}}],\"inLanguage\":\"es\"},{\"@type\":\"Organization\",\"@id\":\"https:\\\/\\\/www.laguiadepamplona.com\\\/actualidad\\\/#organization\",\"name\":\"La Gu\u00eda de Pamplona \\\/ Noticias\",\"url\":\"https:\\\/\\\/www.laguiadepamplona.com\\\/actualidad\\\/\",\"logo\":{\"@type\":\"ImageObject\",\"inLanguage\":\"es\",\"@id\":\"https:\\\/\\\/www.laguiadepamplona.com\\\/actualidad\\\/#\\\/schema\\\/logo\\\/image\\\/\",\"url\":\"https:\\\/\\\/www.laguiadepamplona.com\\\/actualidad\\\/wp-content\\\/uploads\\\/2018\\\/11\\\/logo-laguiadepamplona18-web1.png\",\"contentUrl\":\"https:\\\/\\\/www.laguiadepamplona.com\\\/actualidad\\\/wp-content\\\/uploads\\\/2018\\\/11\\\/logo-laguiadepamplona18-web1.png\",\"width\":600,\"height\":196,\"caption\":\"La Gu\u00eda de Pamplona \\\/ Noticias\"},\"image\":{\"@id\":\"https:\\\/\\\/www.laguiadepamplona.com\\\/actualidad\\\/#\\\/schema\\\/logo\\\/image\\\/\"},\"sameAs\":[\"https:\\\/\\\/www.facebook.com\\\/laguiadepamplonacom-133175176762273\\\/?ref=hl\",\"https:\\\/\\\/x.com\\\/LaGuiadPamplona\",\"https:\\\/\\\/www.instagram.com\\\/la_guia_de_pamplona\\\/\",\"https:\\\/\\\/www.youtube.com\\\/user\\\/laguiadepamplona\"]},{\"@type\":\"Person\",\"@id\":\"https:\\\/\\\/www.laguiadepamplona.com\\\/actualidad\\\/#\\\/schema\\\/person\\\/efe887376f0213d4657c93adc50b1fdb\",\"name\":\"La Gu\u00eda de Pamplona\",\"image\":{\"@type\":\"ImageObject\",\"inLanguage\":\"es\",\"@id\":\"https:\\\/\\\/secure.gravatar.com\\\/avatar\\\/b6992f131dc8d30ab0dff15446e9d346d9dbd95992de0fef795073f5ea83a81c?s=96&d=mm&r=g\",\"url\":\"https:\\\/\\\/secure.gravatar.com\\\/avatar\\\/b6992f131dc8d30ab0dff15446e9d346d9dbd95992de0fef795073f5ea83a81c?s=96&d=mm&r=g\",\"contentUrl\":\"https:\\\/\\\/secure.gravatar.com\\\/avatar\\\/b6992f131dc8d30ab0dff15446e9d346d9dbd95992de0fef795073f5ea83a81c?s=96&d=mm&r=g\",\"caption\":\"La Gu\u00eda de Pamplona\"}}]}<\/script>\n<!-- \/ Yoast SEO plugin. -->","yoast_head_json":{"title":"El jueves se cierra al tr\u00e1fico rodado el cruce de las calles Manuel de Falla y R\u00edo Urrobi que, tras las obras de reurbanizaci\u00f3n a ejecutar, quedar\u00e1 como espacio peatonal","description":"Estos d\u00edas se est\u00e1 llevando a cabo una labor informativa con el vecindario y los comerciantes para dar a conocer las afecciones previstas","robots":{"index":"index","follow":"follow","max-snippet":"max-snippet:-1","max-image-preview":"max-image-preview:large","max-video-preview":"max-video-preview:-1"},"canonical":"https:\/\/www.laguiadepamplona.com\/actualidad\/el-jueves-se-cierra-al-trafico-rodado-el-cruce-de-las-calles-manuel-de-falla-y-rio-urrobi-que-tras-las-obras-de-reurbanizacion-a-ejecutar-quedara-como-espacio-peatonal\/","og_locale":"es_ES","og_type":"article","og_title":"El jueves se cierra al tr\u00e1fico rodado el cruce de las calles Manuel de Falla y R\u00edo Urrobi que, tras las obras de reurbanizaci\u00f3n a ejecutar, quedar\u00e1 como espacio peatonal","og_description":"Estos d\u00edas se est\u00e1 llevando a cabo una labor informativa con el vecindario y los comerciantes para dar a conocer las afecciones previstas","og_url":"https:\/\/www.laguiadepamplona.com\/actualidad\/el-jueves-se-cierra-al-trafico-rodado-el-cruce-de-las-calles-manuel-de-falla-y-rio-urrobi-que-tras-las-obras-de-reurbanizacion-a-ejecutar-quedara-como-espacio-peatonal\/","og_site_name":"La Gu\u00eda de Pamplona","article_publisher":"https:\/\/www.facebook.com\/laguiadepamplonacom-133175176762273\/?ref=hl","article_published_time":"2022-03-01T11:52:58+00:00","article_modified_time":"2023-04-11T09:48:28+00:00","og_image":[{"width":490,"height":652,"url":"https:\/\/www.laguiadepamplona.com\/actualidad\/wp-content\/uploads\/2022\/03\/manuel-falla.jpg","type":"image\/jpeg"}],"author":"La Gu\u00eda de Pamplona","twitter_card":"summary_large_image","twitter_creator":"@LaGuiadPamplona","twitter_site":"@LaGuiadPamplona","twitter_misc":{"Escrito por":"La Gu\u00eda de Pamplona","Tiempo de lectura":"2 minutos"},"schema":{"@context":"https:\/\/schema.org","@graph":[{"@type":"Article","@id":"https:\/\/www.laguiadepamplona.com\/actualidad\/el-jueves-se-cierra-al-trafico-rodado-el-cruce-de-las-calles-manuel-de-falla-y-rio-urrobi-que-tras-las-obras-de-reurbanizacion-a-ejecutar-quedara-como-espacio-peatonal\/#article","isPartOf":{"@id":"https:\/\/www.laguiadepamplona.com\/actualidad\/el-jueves-se-cierra-al-trafico-rodado-el-cruce-de-las-calles-manuel-de-falla-y-rio-urrobi-que-tras-las-obras-de-reurbanizacion-a-ejecutar-quedara-como-espacio-peatonal\/"},"author":{"name":"La Gu\u00eda de Pamplona","@id":"https:\/\/www.laguiadepamplona.com\/actualidad\/#\/schema\/person\/efe887376f0213d4657c93adc50b1fdb"},"headline":"El jueves se cierra al tr\u00e1fico rodado el cruce de las calles Manuel de Falla y R\u00edo Urrobi que, tras las obras de reurbanizaci\u00f3n a ejecutar, quedar\u00e1 como espacio peatonal","datePublished":"2022-03-01T11:52:58+00:00","dateModified":"2023-04-11T09:48:28+00:00","mainEntityOfPage":{"@id":"https:\/\/www.laguiadepamplona.com\/actualidad\/el-jueves-se-cierra-al-trafico-rodado-el-cruce-de-las-calles-manuel-de-falla-y-rio-urrobi-que-tras-las-obras-de-reurbanizacion-a-ejecutar-quedara-como-espacio-peatonal\/"},"wordCount":407,"commentCount":0,"publisher":{"@id":"https:\/\/www.laguiadepamplona.com\/actualidad\/#organization"},"image":{"@id":"https:\/\/www.laguiadepamplona.com\/actualidad\/el-jueves-se-cierra-al-trafico-rodado-el-cruce-de-las-calles-manuel-de-falla-y-rio-urrobi-que-tras-las-obras-de-reurbanizacion-a-ejecutar-quedara-como-espacio-peatonal\/#primaryimage"},"thumbnailUrl":"https:\/\/www.laguiadepamplona.com\/actualidad\/wp-content\/uploads\/2022\/03\/manuel-falla.jpg","articleSection":["Ayto Pamplona"],"inLanguage":"es","potentialAction":[{"@type":"CommentAction","name":"Comment","target":["https:\/\/www.laguiadepamplona.com\/actualidad\/el-jueves-se-cierra-al-trafico-rodado-el-cruce-de-las-calles-manuel-de-falla-y-rio-urrobi-que-tras-las-obras-de-reurbanizacion-a-ejecutar-quedara-como-espacio-peatonal\/#respond"]}]},{"@type":"WebPage","@id":"https:\/\/www.laguiadepamplona.com\/actualidad\/el-jueves-se-cierra-al-trafico-rodado-el-cruce-de-las-calles-manuel-de-falla-y-rio-urrobi-que-tras-las-obras-de-reurbanizacion-a-ejecutar-quedara-como-espacio-peatonal\/","url":"https:\/\/www.laguiadepamplona.com\/actualidad\/el-jueves-se-cierra-al-trafico-rodado-el-cruce-de-las-calles-manuel-de-falla-y-rio-urrobi-que-tras-las-obras-de-reurbanizacion-a-ejecutar-quedara-como-espacio-peatonal\/","name":"El jueves se cierra al tr\u00e1fico rodado el cruce de las calles Manuel de Falla y R\u00edo Urrobi que, tras las obras de reurbanizaci\u00f3n a ejecutar, quedar\u00e1 como espacio peatonal","isPartOf":{"@id":"https:\/\/www.laguiadepamplona.com\/actualidad\/#website"},"primaryImageOfPage":{"@id":"https:\/\/www.laguiadepamplona.com\/actualidad\/el-jueves-se-cierra-al-trafico-rodado-el-cruce-de-las-calles-manuel-de-falla-y-rio-urrobi-que-tras-las-obras-de-reurbanizacion-a-ejecutar-quedara-como-espacio-peatonal\/#primaryimage"},"image":{"@id":"https:\/\/www.laguiadepamplona.com\/actualidad\/el-jueves-se-cierra-al-trafico-rodado-el-cruce-de-las-calles-manuel-de-falla-y-rio-urrobi-que-tras-las-obras-de-reurbanizacion-a-ejecutar-quedara-como-espacio-peatonal\/#primaryimage"},"thumbnailUrl":"https:\/\/www.laguiadepamplona.com\/actualidad\/wp-content\/uploads\/2022\/03\/manuel-falla.jpg","datePublished":"2022-03-01T11:52:58+00:00","dateModified":"2023-04-11T09:48:28+00:00","description":"Estos d\u00edas se est\u00e1 llevando a cabo una labor informativa con el vecindario y los comerciantes para dar a conocer las afecciones previstas","breadcrumb":{"@id":"https:\/\/www.laguiadepamplona.com\/actualidad\/el-jueves-se-cierra-al-trafico-rodado-el-cruce-de-las-calles-manuel-de-falla-y-rio-urrobi-que-tras-las-obras-de-reurbanizacion-a-ejecutar-quedara-como-espacio-peatonal\/#breadcrumb"},"inLanguage":"es","potentialAction":[{"@type":"ReadAction","target":["https:\/\/www.laguiadepamplona.com\/actualidad\/el-jueves-se-cierra-al-trafico-rodado-el-cruce-de-las-calles-manuel-de-falla-y-rio-urrobi-que-tras-las-obras-de-reurbanizacion-a-ejecutar-quedara-como-espacio-peatonal\/"]}]},{"@type":"ImageObject","inLanguage":"es","@id":"https:\/\/www.laguiadepamplona.com\/actualidad\/el-jueves-se-cierra-al-trafico-rodado-el-cruce-de-las-calles-manuel-de-falla-y-rio-urrobi-que-tras-las-obras-de-reurbanizacion-a-ejecutar-quedara-como-espacio-peatonal\/#primaryimage","url":"https:\/\/www.laguiadepamplona.com\/actualidad\/wp-content\/uploads\/2022\/03\/manuel-falla.jpg","contentUrl":"https:\/\/www.laguiadepamplona.com\/actualidad\/wp-content\/uploads\/2022\/03\/manuel-falla.jpg","width":490,"height":652},{"@type":"BreadcrumbList","@id":"https:\/\/www.laguiadepamplona.com\/actualidad\/el-jueves-se-cierra-al-trafico-rodado-el-cruce-de-las-calles-manuel-de-falla-y-rio-urrobi-que-tras-las-obras-de-reurbanizacion-a-ejecutar-quedara-como-espacio-peatonal\/#breadcrumb","itemListElement":[{"@type":"ListItem","position":1,"name":"Portada","item":"https:\/\/www.laguiadepamplona.com\/actualidad\/"},{"@type":"ListItem","position":2,"name":"El jueves se cierra al tr\u00e1fico rodado el cruce de las calles Manuel de Falla y R\u00edo Urrobi que, tras las obras de reurbanizaci\u00f3n a ejecutar, quedar\u00e1 como espacio peatonal"}]},{"@type":"WebSite","@id":"https:\/\/www.laguiadepamplona.com\/actualidad\/#website","url":"https:\/\/www.laguiadepamplona.com\/actualidad\/","name":"La gu\u00eda de Pamplona","description":"Noticias de Pamplona","publisher":{"@id":"https:\/\/www.laguiadepamplona.com\/actualidad\/#organization"},"potentialAction":[{"@type":"SearchAction","target":{"@type":"EntryPoint","urlTemplate":"https:\/\/www.laguiadepamplona.com\/actualidad\/?s={search_term_string}"},"query-input":{"@type":"PropertyValueSpecification","valueRequired":true,"valueName":"search_term_string"}}],"inLanguage":"es"},{"@type":"Organization","@id":"https:\/\/www.laguiadepamplona.com\/actualidad\/#organization","name":"La Gu\u00eda de Pamplona \/ Noticias","url":"https:\/\/www.laguiadepamplona.com\/actualidad\/","logo":{"@type":"ImageObject","inLanguage":"es","@id":"https:\/\/www.laguiadepamplona.com\/actualidad\/#\/schema\/logo\/image\/","url":"https:\/\/www.laguiadepamplona.com\/actualidad\/wp-content\/uploads\/2018\/11\/logo-laguiadepamplona18-web1.png","contentUrl":"https:\/\/www.laguiadepamplona.com\/actualidad\/wp-content\/uploads\/2018\/11\/logo-laguiadepamplona18-web1.png","width":600,"height":196,"caption":"La Gu\u00eda de Pamplona \/ Noticias"},"image":{"@id":"https:\/\/www.laguiadepamplona.com\/actualidad\/#\/schema\/logo\/image\/"},"sameAs":["https:\/\/www.facebook.com\/laguiadepamplonacom-133175176762273\/?ref=hl","https:\/\/x.com\/LaGuiadPamplona","https:\/\/www.instagram.com\/la_guia_de_pamplona\/","https:\/\/www.youtube.com\/user\/laguiadepamplona"]},{"@type":"Person","@id":"https:\/\/www.laguiadepamplona.com\/actualidad\/#\/schema\/person\/efe887376f0213d4657c93adc50b1fdb","name":"La Gu\u00eda de Pamplona","image":{"@type":"ImageObject","inLanguage":"es","@id":"https:\/\/secure.gravatar.com\/avatar\/b6992f131dc8d30ab0dff15446e9d346d9dbd95992de0fef795073f5ea83a81c?s=96&d=mm&r=g","url":"https:\/\/secure.gravatar.com\/avatar\/b6992f131dc8d30ab0dff15446e9d346d9dbd95992de0fef795073f5ea83a81c?s=96&d=mm&r=g","contentUrl":"https:\/\/secure.gravatar.com\/avatar\/b6992f131dc8d30ab0dff15446e9d346d9dbd95992de0fef795073f5ea83a81c?s=96&d=mm&r=g","caption":"La Gu\u00eda de Pamplona"}}]}},"post_mailing_queue_ids":[],"_links":{"self":[{"href":"https:\/\/www.laguiadepamplona.com\/actualidad\/wp-json\/wp\/v2\/posts\/39111","targetHints":{"allow":["GET"]}}],"collection":[{"href":"https:\/\/www.laguiadepamplona.com\/actualidad\/wp-json\/wp\/v2\/posts"}],"about":[{"href":"https:\/\/www.laguiadepamplona.com\/actualidad\/wp-json\/wp\/v2\/types\/post"}],"author":[{"embeddable":true,"href":"https:\/\/www.laguiadepamplona.com\/actualidad\/wp-json\/wp\/v2\/users\/1"}],"replies":[{"embeddable":true,"href":"https:\/\/www.laguiadepamplona.com\/actualidad\/wp-json\/wp\/v2\/comments?post=39111"}],"version-history":[{"count":0,"href":"https:\/\/www.laguiadepamplona.com\/actualidad\/wp-json\/wp\/v2\/posts\/39111\/revisions"}],"wp:featuredmedia":[{"embeddable":true,"href":"https:\/\/www.laguiadepamplona.com\/actualidad\/wp-json\/wp\/v2\/media\/39112"}],"wp:attachment":[{"href":"https:\/\/www.laguiadepamplona.com\/actualidad\/wp-json\/wp\/v2\/media?parent=39111"}],"wp:term":[{"taxonomy":"category","embeddable":true,"href":"https:\/\/www.laguiadepamplona.com\/actualidad\/wp-json\/wp\/v2\/categories?post=39111"},{"taxonomy":"post_tag","embeddable":true,"href":"https:\/\/www.laguiadepamplona.com\/actualidad\/wp-json\/wp\/v2\/tags?post=39111"}],"curies":[{"name":"wp","href":"https:\/\/api.w.org\/{rel}","templated":true}]}}