{"id":39105,"date":"2022-03-01T13:49:48","date_gmt":"2022-03-01T11:49:48","guid":{"rendered":"https:\/\/www.laguiadepamplona.com\/actualidad\/?p=39105"},"modified":"2023-04-11T11:48:28","modified_gmt":"2023-04-11T09:48:28","slug":"este-mes-de-marzo-comenzaran-las-obras-del-ascensor-de-trinitarios","status":"publish","type":"post","link":"https:\/\/www.laguiadepamplona.com\/actualidad\/este-mes-de-marzo-comenzaran-las-obras-del-ascensor-de-trinitarios\/","title":{"rendered":"Este mes de marzo comenzar\u00e1n las obras del ascensor de Trinitarios"},"content":{"rendered":"<h5>Gerencia de Urbanismo analizar\u00e1 ma\u00f1ana mi\u00e9rcoles la adjudicaci\u00f3n de la direcci\u00f3n facultativa de las obras de urbanizaci\u00f3n del parque de Trinitarios<\/h5>\n<p><!--more--><\/p>\n<p>Las obras para la instalaci\u00f3n del und\u00e9cimo ascensor urbano de la ciudad se iniciar\u00e1n este mes de marzo. El Ayuntamiento de Pamplona invertir\u00e1 2,1 millones de euros en los trabajos de urbanizaci\u00f3n de la primera fase de la zona D del parque de Trinitarios, que incluye el elevador que unir\u00e1 el paseo del Plazaola, la calle Dr. L\u00f3pez Sanz y la cuesta de la Reina, as\u00ed como sus conexiones con el entorno. Adem\u00e1s, Pamplona ha obtenido 2.329.090,25 euros de los fondos europeos Next Generation EU para esta primera fase de las obras y para las posteriores, que se desarrollar\u00e1n para finalizar la reurbanizaci\u00f3n de los espacios colindantes.<br \/>\n<script async src=\"\/\/pagead2.googlesyndication.com\/pagead\/js\/adsbygoogle.js\"><\/script><br \/>\n<!-- Noticias La Guia de Pamplona --><br \/>\n<ins class=\"adsbygoogle\"\nstyle=\"display:block\"\ndata-ad-client=\"ca-pub-6943679897239327\"\ndata-ad-slot=\"7048180777\"\ndata-ad-format=\"auto\"><\/ins><br \/>\n<script>\n(adsbygoogle = window.adsbygoogle || []).push({});\n<\/script><\/p>\n<p>Ma\u00f1ana mi\u00e9rcoles la Gerencia de Urbanismo lleva en su orden del d\u00eda la adjudicaci\u00f3n del contrato de la direcci\u00f3n facultativa de las obras de urbanizaci\u00f3n de la fase D.1.A del parque de Trinitarios. La propuesta de adjudicaci\u00f3n le corresponde a Ra\u00fal Escriv\u00e1 Peyr\u00f3 e Iriarte Mari\u00f1alarena Arquitectos Urbanistas SLP por un importe de 117.975 euros, un 25% por debajo del precio de licitaci\u00f3n, que fue de 157.300 euros.<\/p>\n<p>Esta fase 1A cuenta con una superficie de actuaci\u00f3n de casi 10.000 metros cuadrados que abarca la zona inferior del \u00e1mbito, es decir, el entorno del paseo peatonal del Plazaola. El ascensor previsto, similar al existente en la Media Luna, contar\u00e1 con una pasarela de unos 36 metros de longitud para salvar el desnivel de 20 metros hasta la esquina de la calle Dr. L\u00f3pez Sanz. Se adecuar\u00e1 asimismo el entorno de esa parada inferior con mobiliario urbano y zonas de estancia y el acceso peatonal desde la calle Biurdana y desde el vial que lleva al actual aparcamiento disuasorio.<br \/>\n<script async src=\"\/\/pagead2.googlesyndication.com\/pagead\/js\/adsbygoogle.js\"><\/script><br \/>\n<!-- Noticias La Guia de Pamplona --><br \/>\n<ins class=\"adsbygoogle\"\nstyle=\"display:block\"\ndata-ad-client=\"ca-pub-6943679897239327\"\ndata-ad-slot=\"7048180777\"\ndata-ad-format=\"auto\"><\/ins><br \/>\n<script>\n(adsbygoogle = window.adsbygoogle || []).push({});\n<\/script><\/p>\n<p>Se aprovechar\u00e1 en esta fase para eliminar las barreras arquitect\u00f3nicas entre los dos niveles de actuaci\u00f3n, la instalaci\u00f3n del ascensor y el recorrido peatonal inferior entre la rotonda de la calle Biurdana y la plaza de desembarco del ascensor en el recorrido del Plazaola. Para posteriores fases quedar\u00e1 la adecuaci\u00f3n de la parte superior del ascensor, donde se reordenar\u00e1n recorridos en la calle Dr. L\u00f3pez Sanz, las Casas de Larraina y el final del parque de la Taconera, as\u00ed como el destino final del aparcamiento disuasorio de la antigua gr\u00faa. Estas fases se abordar\u00e1n entre 2022 y 2023 financiadas por los fondos europeos Next Generation EU que ha recibido el Ayuntamiento de Pamplona para el desarrollo de este proyecto.<\/p>\n","protected":false},"excerpt":{"rendered":"<p>Gerencia de Urbanismo analizar\u00e1 ma\u00f1ana mi\u00e9rcoles la adjudicaci\u00f3n de la direcci\u00f3n facultativa de las obras de urbanizaci\u00f3n del parque de Trinitarios<\/p>\n","protected":false},"author":1,"featured_media":39106,"comment_status":"open","ping_status":"closed","sticky":false,"template":"","format":"standard","meta":{"footnotes":""},"categories":[2],"tags":[],"class_list":["post-39105","post","type-post","status-publish","format-standard","has-post-thumbnail","hentry","category-ayuntamiento-pamplona"],"yoast_head":"<!-- This site is optimized with the Yoast SEO plugin v27.3 - https:\/\/yoast.com\/product\/yoast-seo-wordpress\/ -->\n<title>Este mes de marzo comenzar\u00e1n las obras del ascensor de Trinitarios<\/title>\n<meta name=\"description\" content=\"Gerencia de Urbanismo analizar\u00e1 ma\u00f1ana mi\u00e9rcoles la adjudicaci\u00f3n de la direcci\u00f3n facultativa de las obras de urbanizaci\u00f3n del parque de Trinitarios\" \/>\n<meta name=\"robots\" content=\"index, follow, max-snippet:-1, max-image-preview:large, max-video-preview:-1\" \/>\n<link rel=\"canonical\" href=\"https:\/\/www.laguiadepamplona.com\/actualidad\/este-mes-de-marzo-comenzaran-las-obras-del-ascensor-de-trinitarios\/\" \/>\n<meta property=\"og:locale\" content=\"es_ES\" \/>\n<meta property=\"og:type\" content=\"article\" \/>\n<meta property=\"og:title\" content=\"Este mes de marzo comenzar\u00e1n las obras del ascensor de Trinitarios\" \/>\n<meta property=\"og:description\" content=\"Gerencia de Urbanismo analizar\u00e1 ma\u00f1ana mi\u00e9rcoles la adjudicaci\u00f3n de la direcci\u00f3n facultativa de las obras de urbanizaci\u00f3n del parque de Trinitarios\" \/>\n<meta property=\"og:url\" content=\"https:\/\/www.laguiadepamplona.com\/actualidad\/este-mes-de-marzo-comenzaran-las-obras-del-ascensor-de-trinitarios\/\" \/>\n<meta property=\"og:site_name\" content=\"La Gu\u00eda de Pamplona\" \/>\n<meta property=\"article:publisher\" content=\"https:\/\/www.facebook.com\/laguiadepamplonacom-133175176762273\/?ref=hl\" \/>\n<meta property=\"article:published_time\" content=\"2022-03-01T11:49:48+00:00\" \/>\n<meta property=\"article:modified_time\" content=\"2023-04-11T09:48:28+00:00\" \/>\n<meta property=\"og:image\" content=\"https:\/\/www.laguiadepamplona.com\/actualidad\/wp-content\/uploads\/2022\/03\/Captura-ascensor-trinitario.jpg\" \/>\n\t<meta property=\"og:image:width\" content=\"588\" \/>\n\t<meta property=\"og:image:height\" content=\"483\" \/>\n\t<meta property=\"og:image:type\" content=\"image\/jpeg\" \/>\n<meta name=\"author\" content=\"La Gu\u00eda de Pamplona\" \/>\n<meta name=\"twitter:card\" content=\"summary_large_image\" \/>\n<meta name=\"twitter:creator\" content=\"@LaGuiadPamplona\" \/>\n<meta name=\"twitter:site\" content=\"@LaGuiadPamplona\" \/>\n<meta name=\"twitter:label1\" content=\"Escrito por\" \/>\n\t<meta name=\"twitter:data1\" content=\"La Gu\u00eda de Pamplona\" \/>\n\t<meta name=\"twitter:label2\" content=\"Tiempo de lectura\" \/>\n\t<meta name=\"twitter:data2\" content=\"2 minutos\" \/>\n<script type=\"application\/ld+json\" class=\"yoast-schema-graph\">{\"@context\":\"https:\\\/\\\/schema.org\",\"@graph\":[{\"@type\":\"Article\",\"@id\":\"https:\\\/\\\/www.laguiadepamplona.com\\\/actualidad\\\/este-mes-de-marzo-comenzaran-las-obras-del-ascensor-de-trinitarios\\\/#article\",\"isPartOf\":{\"@id\":\"https:\\\/\\\/www.laguiadepamplona.com\\\/actualidad\\\/este-mes-de-marzo-comenzaran-las-obras-del-ascensor-de-trinitarios\\\/\"},\"author\":{\"name\":\"La Gu\u00eda de Pamplona\",\"@id\":\"https:\\\/\\\/www.laguiadepamplona.com\\\/actualidad\\\/#\\\/schema\\\/person\\\/efe887376f0213d4657c93adc50b1fdb\"},\"headline\":\"Este mes de marzo comenzar\u00e1n las obras del ascensor de Trinitarios\",\"datePublished\":\"2022-03-01T11:49:48+00:00\",\"dateModified\":\"2023-04-11T09:48:28+00:00\",\"mainEntityOfPage\":{\"@id\":\"https:\\\/\\\/www.laguiadepamplona.com\\\/actualidad\\\/este-mes-de-marzo-comenzaran-las-obras-del-ascensor-de-trinitarios\\\/\"},\"wordCount\":451,\"commentCount\":0,\"publisher\":{\"@id\":\"https:\\\/\\\/www.laguiadepamplona.com\\\/actualidad\\\/#organization\"},\"image\":{\"@id\":\"https:\\\/\\\/www.laguiadepamplona.com\\\/actualidad\\\/este-mes-de-marzo-comenzaran-las-obras-del-ascensor-de-trinitarios\\\/#primaryimage\"},\"thumbnailUrl\":\"https:\\\/\\\/www.laguiadepamplona.com\\\/actualidad\\\/wp-content\\\/uploads\\\/2022\\\/03\\\/Captura-ascensor-trinitario.jpg\",\"articleSection\":[\"Ayto Pamplona\"],\"inLanguage\":\"es\",\"potentialAction\":[{\"@type\":\"CommentAction\",\"name\":\"Comment\",\"target\":[\"https:\\\/\\\/www.laguiadepamplona.com\\\/actualidad\\\/este-mes-de-marzo-comenzaran-las-obras-del-ascensor-de-trinitarios\\\/#respond\"]}]},{\"@type\":\"WebPage\",\"@id\":\"https:\\\/\\\/www.laguiadepamplona.com\\\/actualidad\\\/este-mes-de-marzo-comenzaran-las-obras-del-ascensor-de-trinitarios\\\/\",\"url\":\"https:\\\/\\\/www.laguiadepamplona.com\\\/actualidad\\\/este-mes-de-marzo-comenzaran-las-obras-del-ascensor-de-trinitarios\\\/\",\"name\":\"Este mes de marzo comenzar\u00e1n las obras del ascensor de Trinitarios\",\"isPartOf\":{\"@id\":\"https:\\\/\\\/www.laguiadepamplona.com\\\/actualidad\\\/#website\"},\"primaryImageOfPage\":{\"@id\":\"https:\\\/\\\/www.laguiadepamplona.com\\\/actualidad\\\/este-mes-de-marzo-comenzaran-las-obras-del-ascensor-de-trinitarios\\\/#primaryimage\"},\"image\":{\"@id\":\"https:\\\/\\\/www.laguiadepamplona.com\\\/actualidad\\\/este-mes-de-marzo-comenzaran-las-obras-del-ascensor-de-trinitarios\\\/#primaryimage\"},\"thumbnailUrl\":\"https:\\\/\\\/www.laguiadepamplona.com\\\/actualidad\\\/wp-content\\\/uploads\\\/2022\\\/03\\\/Captura-ascensor-trinitario.jpg\",\"datePublished\":\"2022-03-01T11:49:48+00:00\",\"dateModified\":\"2023-04-11T09:48:28+00:00\",\"description\":\"Gerencia de Urbanismo analizar\u00e1 ma\u00f1ana mi\u00e9rcoles la adjudicaci\u00f3n de la direcci\u00f3n facultativa de las obras de urbanizaci\u00f3n del parque de Trinitarios\",\"breadcrumb\":{\"@id\":\"https:\\\/\\\/www.laguiadepamplona.com\\\/actualidad\\\/este-mes-de-marzo-comenzaran-las-obras-del-ascensor-de-trinitarios\\\/#breadcrumb\"},\"inLanguage\":\"es\",\"potentialAction\":[{\"@type\":\"ReadAction\",\"target\":[\"https:\\\/\\\/www.laguiadepamplona.com\\\/actualidad\\\/este-mes-de-marzo-comenzaran-las-obras-del-ascensor-de-trinitarios\\\/\"]}]},{\"@type\":\"ImageObject\",\"inLanguage\":\"es\",\"@id\":\"https:\\\/\\\/www.laguiadepamplona.com\\\/actualidad\\\/este-mes-de-marzo-comenzaran-las-obras-del-ascensor-de-trinitarios\\\/#primaryimage\",\"url\":\"https:\\\/\\\/www.laguiadepamplona.com\\\/actualidad\\\/wp-content\\\/uploads\\\/2022\\\/03\\\/Captura-ascensor-trinitario.jpg\",\"contentUrl\":\"https:\\\/\\\/www.laguiadepamplona.com\\\/actualidad\\\/wp-content\\\/uploads\\\/2022\\\/03\\\/Captura-ascensor-trinitario.jpg\",\"width\":588,\"height\":483},{\"@type\":\"BreadcrumbList\",\"@id\":\"https:\\\/\\\/www.laguiadepamplona.com\\\/actualidad\\\/este-mes-de-marzo-comenzaran-las-obras-del-ascensor-de-trinitarios\\\/#breadcrumb\",\"itemListElement\":[{\"@type\":\"ListItem\",\"position\":1,\"name\":\"Portada\",\"item\":\"https:\\\/\\\/www.laguiadepamplona.com\\\/actualidad\\\/\"},{\"@type\":\"ListItem\",\"position\":2,\"name\":\"Este mes de marzo comenzar\u00e1n las obras del ascensor de Trinitarios\"}]},{\"@type\":\"WebSite\",\"@id\":\"https:\\\/\\\/www.laguiadepamplona.com\\\/actualidad\\\/#website\",\"url\":\"https:\\\/\\\/www.laguiadepamplona.com\\\/actualidad\\\/\",\"name\":\"La gu\u00eda de Pamplona\",\"description\":\"Noticias de Pamplona\",\"publisher\":{\"@id\":\"https:\\\/\\\/www.laguiadepamplona.com\\\/actualidad\\\/#organization\"},\"potentialAction\":[{\"@type\":\"SearchAction\",\"target\":{\"@type\":\"EntryPoint\",\"urlTemplate\":\"https:\\\/\\\/www.laguiadepamplona.com\\\/actualidad\\\/?s={search_term_string}\"},\"query-input\":{\"@type\":\"PropertyValueSpecification\",\"valueRequired\":true,\"valueName\":\"search_term_string\"}}],\"inLanguage\":\"es\"},{\"@type\":\"Organization\",\"@id\":\"https:\\\/\\\/www.laguiadepamplona.com\\\/actualidad\\\/#organization\",\"name\":\"La Gu\u00eda de Pamplona \\\/ Noticias\",\"url\":\"https:\\\/\\\/www.laguiadepamplona.com\\\/actualidad\\\/\",\"logo\":{\"@type\":\"ImageObject\",\"inLanguage\":\"es\",\"@id\":\"https:\\\/\\\/www.laguiadepamplona.com\\\/actualidad\\\/#\\\/schema\\\/logo\\\/image\\\/\",\"url\":\"https:\\\/\\\/www.laguiadepamplona.com\\\/actualidad\\\/wp-content\\\/uploads\\\/2018\\\/11\\\/logo-laguiadepamplona18-web1.png\",\"contentUrl\":\"https:\\\/\\\/www.laguiadepamplona.com\\\/actualidad\\\/wp-content\\\/uploads\\\/2018\\\/11\\\/logo-laguiadepamplona18-web1.png\",\"width\":600,\"height\":196,\"caption\":\"La Gu\u00eda de Pamplona \\\/ Noticias\"},\"image\":{\"@id\":\"https:\\\/\\\/www.laguiadepamplona.com\\\/actualidad\\\/#\\\/schema\\\/logo\\\/image\\\/\"},\"sameAs\":[\"https:\\\/\\\/www.facebook.com\\\/laguiadepamplonacom-133175176762273\\\/?ref=hl\",\"https:\\\/\\\/x.com\\\/LaGuiadPamplona\",\"https:\\\/\\\/www.instagram.com\\\/la_guia_de_pamplona\\\/\",\"https:\\\/\\\/www.youtube.com\\\/user\\\/laguiadepamplona\"]},{\"@type\":\"Person\",\"@id\":\"https:\\\/\\\/www.laguiadepamplona.com\\\/actualidad\\\/#\\\/schema\\\/person\\\/efe887376f0213d4657c93adc50b1fdb\",\"name\":\"La Gu\u00eda de Pamplona\",\"image\":{\"@type\":\"ImageObject\",\"inLanguage\":\"es\",\"@id\":\"https:\\\/\\\/secure.gravatar.com\\\/avatar\\\/b6992f131dc8d30ab0dff15446e9d346d9dbd95992de0fef795073f5ea83a81c?s=96&d=mm&r=g\",\"url\":\"https:\\\/\\\/secure.gravatar.com\\\/avatar\\\/b6992f131dc8d30ab0dff15446e9d346d9dbd95992de0fef795073f5ea83a81c?s=96&d=mm&r=g\",\"contentUrl\":\"https:\\\/\\\/secure.gravatar.com\\\/avatar\\\/b6992f131dc8d30ab0dff15446e9d346d9dbd95992de0fef795073f5ea83a81c?s=96&d=mm&r=g\",\"caption\":\"La Gu\u00eda de Pamplona\"}}]}<\/script>\n<!-- \/ Yoast SEO plugin. -->","yoast_head_json":{"title":"Este mes de marzo comenzar\u00e1n las obras del ascensor de Trinitarios","description":"Gerencia de Urbanismo analizar\u00e1 ma\u00f1ana mi\u00e9rcoles la adjudicaci\u00f3n de la direcci\u00f3n facultativa de las obras de urbanizaci\u00f3n del parque de Trinitarios","robots":{"index":"index","follow":"follow","max-snippet":"max-snippet:-1","max-image-preview":"max-image-preview:large","max-video-preview":"max-video-preview:-1"},"canonical":"https:\/\/www.laguiadepamplona.com\/actualidad\/este-mes-de-marzo-comenzaran-las-obras-del-ascensor-de-trinitarios\/","og_locale":"es_ES","og_type":"article","og_title":"Este mes de marzo comenzar\u00e1n las obras del ascensor de Trinitarios","og_description":"Gerencia de Urbanismo analizar\u00e1 ma\u00f1ana mi\u00e9rcoles la adjudicaci\u00f3n de la direcci\u00f3n facultativa de las obras de urbanizaci\u00f3n del parque de Trinitarios","og_url":"https:\/\/www.laguiadepamplona.com\/actualidad\/este-mes-de-marzo-comenzaran-las-obras-del-ascensor-de-trinitarios\/","og_site_name":"La Gu\u00eda de Pamplona","article_publisher":"https:\/\/www.facebook.com\/laguiadepamplonacom-133175176762273\/?ref=hl","article_published_time":"2022-03-01T11:49:48+00:00","article_modified_time":"2023-04-11T09:48:28+00:00","og_image":[{"width":588,"height":483,"url":"https:\/\/www.laguiadepamplona.com\/actualidad\/wp-content\/uploads\/2022\/03\/Captura-ascensor-trinitario.jpg","type":"image\/jpeg"}],"author":"La Gu\u00eda de Pamplona","twitter_card":"summary_large_image","twitter_creator":"@LaGuiadPamplona","twitter_site":"@LaGuiadPamplona","twitter_misc":{"Escrito por":"La Gu\u00eda de Pamplona","Tiempo de lectura":"2 minutos"},"schema":{"@context":"https:\/\/schema.org","@graph":[{"@type":"Article","@id":"https:\/\/www.laguiadepamplona.com\/actualidad\/este-mes-de-marzo-comenzaran-las-obras-del-ascensor-de-trinitarios\/#article","isPartOf":{"@id":"https:\/\/www.laguiadepamplona.com\/actualidad\/este-mes-de-marzo-comenzaran-las-obras-del-ascensor-de-trinitarios\/"},"author":{"name":"La Gu\u00eda de Pamplona","@id":"https:\/\/www.laguiadepamplona.com\/actualidad\/#\/schema\/person\/efe887376f0213d4657c93adc50b1fdb"},"headline":"Este mes de marzo comenzar\u00e1n las obras del ascensor de Trinitarios","datePublished":"2022-03-01T11:49:48+00:00","dateModified":"2023-04-11T09:48:28+00:00","mainEntityOfPage":{"@id":"https:\/\/www.laguiadepamplona.com\/actualidad\/este-mes-de-marzo-comenzaran-las-obras-del-ascensor-de-trinitarios\/"},"wordCount":451,"commentCount":0,"publisher":{"@id":"https:\/\/www.laguiadepamplona.com\/actualidad\/#organization"},"image":{"@id":"https:\/\/www.laguiadepamplona.com\/actualidad\/este-mes-de-marzo-comenzaran-las-obras-del-ascensor-de-trinitarios\/#primaryimage"},"thumbnailUrl":"https:\/\/www.laguiadepamplona.com\/actualidad\/wp-content\/uploads\/2022\/03\/Captura-ascensor-trinitario.jpg","articleSection":["Ayto Pamplona"],"inLanguage":"es","potentialAction":[{"@type":"CommentAction","name":"Comment","target":["https:\/\/www.laguiadepamplona.com\/actualidad\/este-mes-de-marzo-comenzaran-las-obras-del-ascensor-de-trinitarios\/#respond"]}]},{"@type":"WebPage","@id":"https:\/\/www.laguiadepamplona.com\/actualidad\/este-mes-de-marzo-comenzaran-las-obras-del-ascensor-de-trinitarios\/","url":"https:\/\/www.laguiadepamplona.com\/actualidad\/este-mes-de-marzo-comenzaran-las-obras-del-ascensor-de-trinitarios\/","name":"Este mes de marzo comenzar\u00e1n las obras del ascensor de Trinitarios","isPartOf":{"@id":"https:\/\/www.laguiadepamplona.com\/actualidad\/#website"},"primaryImageOfPage":{"@id":"https:\/\/www.laguiadepamplona.com\/actualidad\/este-mes-de-marzo-comenzaran-las-obras-del-ascensor-de-trinitarios\/#primaryimage"},"image":{"@id":"https:\/\/www.laguiadepamplona.com\/actualidad\/este-mes-de-marzo-comenzaran-las-obras-del-ascensor-de-trinitarios\/#primaryimage"},"thumbnailUrl":"https:\/\/www.laguiadepamplona.com\/actualidad\/wp-content\/uploads\/2022\/03\/Captura-ascensor-trinitario.jpg","datePublished":"2022-03-01T11:49:48+00:00","dateModified":"2023-04-11T09:48:28+00:00","description":"Gerencia de Urbanismo analizar\u00e1 ma\u00f1ana mi\u00e9rcoles la adjudicaci\u00f3n de la direcci\u00f3n facultativa de las obras de urbanizaci\u00f3n del parque de Trinitarios","breadcrumb":{"@id":"https:\/\/www.laguiadepamplona.com\/actualidad\/este-mes-de-marzo-comenzaran-las-obras-del-ascensor-de-trinitarios\/#breadcrumb"},"inLanguage":"es","potentialAction":[{"@type":"ReadAction","target":["https:\/\/www.laguiadepamplona.com\/actualidad\/este-mes-de-marzo-comenzaran-las-obras-del-ascensor-de-trinitarios\/"]}]},{"@type":"ImageObject","inLanguage":"es","@id":"https:\/\/www.laguiadepamplona.com\/actualidad\/este-mes-de-marzo-comenzaran-las-obras-del-ascensor-de-trinitarios\/#primaryimage","url":"https:\/\/www.laguiadepamplona.com\/actualidad\/wp-content\/uploads\/2022\/03\/Captura-ascensor-trinitario.jpg","contentUrl":"https:\/\/www.laguiadepamplona.com\/actualidad\/wp-content\/uploads\/2022\/03\/Captura-ascensor-trinitario.jpg","width":588,"height":483},{"@type":"BreadcrumbList","@id":"https:\/\/www.laguiadepamplona.com\/actualidad\/este-mes-de-marzo-comenzaran-las-obras-del-ascensor-de-trinitarios\/#breadcrumb","itemListElement":[{"@type":"ListItem","position":1,"name":"Portada","item":"https:\/\/www.laguiadepamplona.com\/actualidad\/"},{"@type":"ListItem","position":2,"name":"Este mes de marzo comenzar\u00e1n las obras del ascensor de Trinitarios"}]},{"@type":"WebSite","@id":"https:\/\/www.laguiadepamplona.com\/actualidad\/#website","url":"https:\/\/www.laguiadepamplona.com\/actualidad\/","name":"La gu\u00eda de Pamplona","description":"Noticias de Pamplona","publisher":{"@id":"https:\/\/www.laguiadepamplona.com\/actualidad\/#organization"},"potentialAction":[{"@type":"SearchAction","target":{"@type":"EntryPoint","urlTemplate":"https:\/\/www.laguiadepamplona.com\/actualidad\/?s={search_term_string}"},"query-input":{"@type":"PropertyValueSpecification","valueRequired":true,"valueName":"search_term_string"}}],"inLanguage":"es"},{"@type":"Organization","@id":"https:\/\/www.laguiadepamplona.com\/actualidad\/#organization","name":"La Gu\u00eda de Pamplona \/ Noticias","url":"https:\/\/www.laguiadepamplona.com\/actualidad\/","logo":{"@type":"ImageObject","inLanguage":"es","@id":"https:\/\/www.laguiadepamplona.com\/actualidad\/#\/schema\/logo\/image\/","url":"https:\/\/www.laguiadepamplona.com\/actualidad\/wp-content\/uploads\/2018\/11\/logo-laguiadepamplona18-web1.png","contentUrl":"https:\/\/www.laguiadepamplona.com\/actualidad\/wp-content\/uploads\/2018\/11\/logo-laguiadepamplona18-web1.png","width":600,"height":196,"caption":"La Gu\u00eda de Pamplona \/ Noticias"},"image":{"@id":"https:\/\/www.laguiadepamplona.com\/actualidad\/#\/schema\/logo\/image\/"},"sameAs":["https:\/\/www.facebook.com\/laguiadepamplonacom-133175176762273\/?ref=hl","https:\/\/x.com\/LaGuiadPamplona","https:\/\/www.instagram.com\/la_guia_de_pamplona\/","https:\/\/www.youtube.com\/user\/laguiadepamplona"]},{"@type":"Person","@id":"https:\/\/www.laguiadepamplona.com\/actualidad\/#\/schema\/person\/efe887376f0213d4657c93adc50b1fdb","name":"La Gu\u00eda de Pamplona","image":{"@type":"ImageObject","inLanguage":"es","@id":"https:\/\/secure.gravatar.com\/avatar\/b6992f131dc8d30ab0dff15446e9d346d9dbd95992de0fef795073f5ea83a81c?s=96&d=mm&r=g","url":"https:\/\/secure.gravatar.com\/avatar\/b6992f131dc8d30ab0dff15446e9d346d9dbd95992de0fef795073f5ea83a81c?s=96&d=mm&r=g","contentUrl":"https:\/\/secure.gravatar.com\/avatar\/b6992f131dc8d30ab0dff15446e9d346d9dbd95992de0fef795073f5ea83a81c?s=96&d=mm&r=g","caption":"La Gu\u00eda de Pamplona"}}]}},"post_mailing_queue_ids":[],"_links":{"self":[{"href":"https:\/\/www.laguiadepamplona.com\/actualidad\/wp-json\/wp\/v2\/posts\/39105","targetHints":{"allow":["GET"]}}],"collection":[{"href":"https:\/\/www.laguiadepamplona.com\/actualidad\/wp-json\/wp\/v2\/posts"}],"about":[{"href":"https:\/\/www.laguiadepamplona.com\/actualidad\/wp-json\/wp\/v2\/types\/post"}],"author":[{"embeddable":true,"href":"https:\/\/www.laguiadepamplona.com\/actualidad\/wp-json\/wp\/v2\/users\/1"}],"replies":[{"embeddable":true,"href":"https:\/\/www.laguiadepamplona.com\/actualidad\/wp-json\/wp\/v2\/comments?post=39105"}],"version-history":[{"count":0,"href":"https:\/\/www.laguiadepamplona.com\/actualidad\/wp-json\/wp\/v2\/posts\/39105\/revisions"}],"wp:featuredmedia":[{"embeddable":true,"href":"https:\/\/www.laguiadepamplona.com\/actualidad\/wp-json\/wp\/v2\/media\/39106"}],"wp:attachment":[{"href":"https:\/\/www.laguiadepamplona.com\/actualidad\/wp-json\/wp\/v2\/media?parent=39105"}],"wp:term":[{"taxonomy":"category","embeddable":true,"href":"https:\/\/www.laguiadepamplona.com\/actualidad\/wp-json\/wp\/v2\/categories?post=39105"},{"taxonomy":"post_tag","embeddable":true,"href":"https:\/\/www.laguiadepamplona.com\/actualidad\/wp-json\/wp\/v2\/tags?post=39105"}],"curies":[{"name":"wp","href":"https:\/\/api.w.org\/{rel}","templated":true}]}}